{"id":29885,"date":"2020-02-27T08:40:29","date_gmt":"2020-02-27T07:40:29","guid":{"rendered":"http:\/\/somos.vicencianos.org\/blog\/29885\/vida-de-san-vicente-de-paul-libro-primero-capitulo-20\/"},"modified":"2020-01-26T20:35:37","modified_gmt":"2020-01-26T19:35:37","slug":"vida-de-san-vicente-de-paul-libro-primero-capitulo-20","status":"publish","type":"post","link":"http:\/\/vincentians.com\/es\/vida-de-san-vicente-de-paul-libro-primero-capitulo-20\/","title":{"rendered":"Vida de san Vicente de Pa\u00fal: Libro Primero, Cap\u00edtulo 20"},"content":{"rendered":"<p>Se puede afirmar en verdad que esta Congregaci\u00f3n fue en sus comienzos como el granito de mostaza del Evangelio: siendo, como es, la menor de las semillas se convierte al cabo en \u00e1rbol, en cuyas ramas los p\u00e1jaros pueden posarse. No hab\u00eda nada tan peque\u00f1o como esta Congregaci\u00f3n, no s\u00f3lo en su exterior, cuando empez\u00f3, sino hasta en los sentimientos internos del Sr. Vicente y de los primeros Sacerdotes que se asociaron con \u00e9l. Se consideraban los m\u00e1s peque\u00f1os de los trabajadores en el ministerio de la Iglesia, y estaban destinados \u00fanicamente a servir en las obras m\u00e1s bajas, m\u00e1s abandonadas y m\u00e1s despreciadas por el com\u00fan sentir del mundo: tales eran instruir y catequizar a los pobres, particularmente en las aldeas y otros lugares m\u00e1s abandonados; atender, socorrer y ayudar a los pobres enfermos; preparar a unos y a otros para hacer buenas confesiones generales, y a prestarse como los servidores de los aldeanos, de los galeotes y de las personas m\u00e1s m\u00edseras; para servir a todos gratuitamente y sin recibir nada a cambio, sinti\u00e9ndose muy honrados por servir a Jesucristo en sus personas, y considerando gran ventaja que los p\u00e1rrocos quisieran permitir y tolerar que practicaran las obras caritativas en sus parroquias seg\u00fan su propio Instituto. A pesar de todo, Dios quiso derramar grandes bendiciones sobre aquellos humildes comienzos y hacer nacer en tan reducido espacio de tiempo una Compa\u00f1\u00eda numerosa, que felizmente se ha extendido por diversos sitios, como explicaremos m\u00e1s adelante, y que ha contribuido santamente, y contribuye tambi\u00e9n en nuestros d\u00edas con una especial bendici\u00f3n al avance del Reino de Jesucristo<\/p>\n<p>Sucedi\u00f3, como ya lo hemos dicho, el a\u00f1o de 1625, despu\u00e9s de la muerte de la Se\u00f1ora Generala de las Galeras: el Sr. Vicente se retir\u00f3 al Colegio de Bons-Enfants, cuya principal\u00eda hab\u00eda puesto en sus manos el Sr. Arzobispo de Par\u00eds, a instancias de la susodicha Se\u00f1ora y del Sr. General, para que sirviera a los fines de su fundaci\u00f3n. El Sr. Portail, de quien ya hemos hablado antes, hab\u00eda convivido doce o quince a\u00f1os con el Sr. Vicente, y no lo quiso abandonar en tan hermosa ocasi\u00f3n para servir a Dios: resolvi\u00f3 nuevamente no separarse nunca de \u00e9l, y se retir\u00f3 con el Sr. Vicente al Colegio indicado con el prop\u00f3sito de consagrarse en su Compa\u00f1\u00eda a dar misiones. Y para trabajar con m\u00e1s fruto invitaron a otro buen sacerdote a que se les juntara, y le daban cincuenta escudos por a\u00f1o para su sostenimiento. Iban los tres de aldea en aldea a catequizar, exhortar, confesar y a realizar otras funciones y pr\u00e1cticas de la misi\u00f3n, con sencillez, humildad y caridad, a sus propias expensas, sin andar pidiendo, ni queriendo recibir nada de nadie. Trabajaban primero en los sitios donde la misi\u00f3n hab\u00eda sido fundada, y despu\u00e9s iban a darla en otras parroquias, particularmente de la di\u00f3cesis de Par\u00eds. Y como no dispon\u00edan de medios para sostener criados que residieran en el Colegio para guardarlo en su ausencia, cuando iban a misionar, dejaban las llaves a uno de los vecinos<\/p>\n<p>\u00bfQui\u00e9n hubiera podido pensar entonces, que, de tan peque\u00f1os principios, fueran a obtener semejante progreso como vemos hoy en d\u00eda, y que dos pobres sacerdotes, yendo as\u00ed a trabajar en las aldeas y en otros lugares desconocidos y abandonados, habr\u00edan de poner, sin haber pensado en ello, los fundamentos de un edificio espiritual tan grande como el que Dios ha querido levantar en su Iglesia? Esa era una de las cosas que le sorprendieron al Sr. Vicente. Un d\u00eda, hablando sobre ese tema a la Comunidad de San L\u00e1zaro,<\/p>\n<p><em> \u00abIbamos dijo buena y sencillamente enviados por los Sres. Obispos a evangelizar a los pobres, como lo hac\u00eda Nuestro Se\u00f1or. Eso es lo que hac\u00edamos. Y Dios por su parte llevaba a cabo lo que ten\u00eda previsto desde toda la eternidad. Dio su bendici\u00f3n a nuestros trabajos. Al ver aquello otros buenos eclesi\u00e1sticos se nos juntaron y solicitaron estar con nosotros; no todos a la vez, sino en diversos momentos. \u00a1Oh Salvador! \u00bfQui\u00e9n hubiera nunca pensado que aquello llegar\u00eda al estado actual? Si alguno me hubiera dicho eso entonces, hubiera cre\u00eddo que se estaba riendo de m\u00ed. Pero fue por ah\u00ed por donde Dios quiso dar comienzo a la Compa\u00f1\u00eda. Pues bien, \u00bfllamar\u00e9is humana una cosa que ning\u00fan hombre hab\u00eda jam\u00e1s pensado? Porque ni yo, ni el pobre Sr. Portail pensamos en eso, \u00a1est\u00e1bamos muy lejos de eso!\u00bb<\/em><\/p>\n<p>El Sr. Arzobispo de Par\u00eds, Don Juan Francisco de Gondi dio despu\u00e9s una aprobaci\u00f3n aut\u00e9ntica al primer proyecto de instituci\u00f3n de la Congregaci\u00f3n de la Misi\u00f3n con Letras del 14 de abril de 1626 con id\u00e9ntica forma de expresi\u00f3n que la que aparec\u00eda en el contrato de Fundaci\u00f3n: dos buenos sacerdotes de Picard\u00eda, llamados Sres.Francisco du Coudray y Juan de la Salle, vinieron a ofrecerse al Sr. Vicente para vivir y trabajar bajo su direcci\u00f3n junto con el Sr. Portail. El los recibi\u00f3 y asoci\u00f3 a los tres con \u00e9l, ejecutando as\u00ed la fundaci\u00f3n. Dos notarios del Ch\u00e2telet levantaron acta el 4 de septiembre del mismo a\u00f1o, 1626. Y el difunto rey Luis XIII, de gloriosa memoria, por Letras patentes del mes de mayo de 1617 expedidas en favor del susodicho Sr. General de las Galeras, confirmando y aceptando el contrato de Fundaci\u00f3n, permiti\u00f3 la Asociaci\u00f3n y Congregaci\u00f3n de los Sacerdotes de la Misi\u00f3n para vivir en comunidad, y establecerse en los lugares del reino de Francia que les pareciera bien, y para aceptar todos los legados, limosnas y donaciones que les fueran hechos<\/p>\n<p>As\u00ed es como Dios dio principio a la Congregaci\u00f3n de la Misi\u00f3n por una tutela especial\u00edsima de su misericordiosa Providencia. Extendi\u00f3 los desvelos de esa misma Providencia para hacerla crecer y multiplicarse. Y a ese fin, inspir\u00f3 a otros virtuosos eclesi\u00e1sticos a unirse al Sr. Vicente para trabajar con \u00e9l en la cosecha de las almas. Adem\u00e1s de los tres arriba mencionados, hubo otros cuatro sacerdotes que entraron de los primeros en la Congregaci\u00f3n, a saber, Juan B\u00e9cu, de la aldea de Brache, di\u00f3cesis de Amiens; Antonio Lucas, de la ciudad de Par\u00eds; Juan Brunet, de la ciudad de Rion, en Auvernia, di\u00f3cesis de Clermont; y Juan Dehorgny, de la aldea de Estr\u00e9e, di\u00f3cesis de Noyon. Estos siete, as\u00ed asociados y unidos con el Sr. Vicente para vivir y morir en la Congregaci\u00f3n de la Misi\u00f3n, prometieron a Dios dedicarse de por vida a procurar la salvaci\u00f3n y la santificaci\u00f3n del pobre pueblo del campo en la misma Congregaci\u00f3n<\/p>\n<p>Y lo han cumplido fielmente, y se puede decir que fueron como los siete sacerdotes, que guiados por Josu\u00e9, tocaron las trompetas para derribar las murallas de Jeric\u00f3, y que, con el ejemplo de su celo y de sus virtudes, atrajeron a muchos otros a esta santa milicia.<\/p>\n<p>Por Bula del Papa Urbano VIII del mes de enero de 1632 la Compa\u00f1\u00eda fue erigida en Congregaci\u00f3n y aprobada por la Santa Sede con el t\u00edtulo de Sacerdotes de la Congregaci\u00f3n de la Misi\u00f3n, y bajo la direcci\u00f3n del Sr. Vicente, a quien su Santidad dio el poder de hacer y redactar los Reglamentos para el buen orden de la Congregaci\u00f3n. M\u00e1s adelante, el Rey hizo despachar otras Letras Patentes en el mes de mayo de 1642, registradas en el Parlamento de Par\u00eds en septiembre del mismo a\u00f1o<\/p>\n<p>Por la Bula de Urbano VIII la Santa Sede dio a los que son de esa Congregaci\u00f3n el nombre de Sacerdotes de la Congregaci\u00f3n de la Misi\u00f3n. Por ese nombre se distinguen de otras Comunidades, y tambi\u00e9n de los eclesi\u00e1sticos particulares que se dedican a su vez a dar misiones. Esto es lo que hemos juzgado necesario se\u00f1alar en este libro, para obviar los inconvenientes que podr\u00eda causar la carencia de esta distinci\u00f3n<\/p>\n","protected":false},"excerpt":{"rendered":"<p>Se puede afirmar en verdad que esta Congregaci\u00f3n fue en sus comienzos como el granito de mostaza del Evangelio: siendo, como es, la menor de las semillas se convierte al cabo en \u00e1rbol, en cuyas &#8230; <a href=\"http:\/\/vincentians.com\/es\/vida-de-san-vicente-de-paul-libro-primero-capitulo-20\/\" class=\"more-link\">Read More<\/a><\/p>\n","protected":false},"author":4,"featured_media":149583,"comment_status":"open","ping_status":"open","sticky":false,"template":"","format":"standard","meta":{"jetpack_post_was_ever_published":false,"_jetpack_newsletter_access":"","_jetpack_dont_email_post_to_subs":false,"_jetpack_newsletter_tier_id":0,"_jetpack_memberships_contains_paywalled_content":false,"_jetpack_memberships_contains_paid_content":false,"footnotes":"","jetpack_publicize_message":"","jetpack_publicize_feature_enabled":true,"jetpack_social_post_already_shared":true,"jetpack_social_options":{"image_generator_settings":{"template":"highway","default_image_id":0,"font":"","enabled":false},"version":2}},"categories":[266,5],"tags":[218,126,124,119,127,143,129],"class_list":["post-29885","post","type-post","status-publish","format-standard","has-post-thumbnail","hentry","category-escritos-de-luis-abelly","category-vicente-de-paul","tag-abelly","tag-dehorgny","tag-du-coudray","tag-gondi","tag-portail","tag-san-lazaro","tag-urbano-viii"],"yoast_head":"<!-- This site is optimized with the Yoast SEO plugin v26.3 - https:\/\/yoast.com\/wordpress\/plugins\/seo\/ -->\n<title>Vida de san Vicente de Pa\u00fal: Libro Primero, Cap\u00edtulo 20 - Somos Vicencianos<\/title>\n<meta name=\"robots\" content=\"index, follow, max-snippet:-1, max-image-preview:large, max-video-preview:-1\" \/>\n<link rel=\"canonical\" href=\"https:\/\/vincentians.com\/es\/vida-de-san-vicente-de-paul-libro-primero-capitulo-20\/\" \/>\n<meta property=\"og:locale\" content=\"es_ES\" \/>\n<meta property=\"og:type\" content=\"article\" \/>\n<meta property=\"og:title\" content=\"Vida de san Vicente de Pa\u00fal: Libro Primero, Cap\u00edtulo 20 - Somos Vicencianos\" \/>\n<meta property=\"og:description\" content=\"Se puede afirmar en verdad que esta Congregaci\u00f3n fue en sus comienzos como el granito de mostaza del Evangelio: siendo, como es, la menor de las semillas se convierte al cabo en \u00e1rbol, en cuyas ... Read More\" \/>\n<meta property=\"og:url\" content=\"https:\/\/vincentians.com\/es\/vida-de-san-vicente-de-paul-libro-primero-capitulo-20\/\" \/>\n<meta property=\"og:site_name\" content=\"Somos Vicencianos\" \/>\n<meta property=\"article:publisher\" content=\"https:\/\/www.facebook.com\/WeAreVincentians\/\" \/>\n<meta property=\"article:author\" content=\"https:\/\/www.facebook.com\/JavierChento\" \/>\n<meta property=\"article:published_time\" content=\"2020-02-27T07:40:29+00:00\" \/>\n<meta property=\"og:image\" content=\"https:\/\/i0.wp.com\/vincentians.com\/es\/wp-content\/uploads\/sites\/11\/2016\/07\/abelly-feat.jpg?fit=1200%2C630&ssl=1\" \/>\n\t<meta property=\"og:image:width\" content=\"1200\" \/>\n\t<meta property=\"og:image:height\" content=\"630\" \/>\n\t<meta property=\"og:image:type\" content=\"image\/jpeg\" \/>\n<meta name=\"author\" content=\"Francisco Javier Fern\u00e1ndez Chento\" \/>\n<meta name=\"twitter:card\" content=\"summary_large_image\" \/>\n<meta name=\"twitter:creator\" content=\"@https:\/\/twitter.com\/javierchento\" \/>\n<meta name=\"twitter:site\" content=\"@WeVincentians\" \/>\n<meta name=\"twitter:label1\" content=\"Escrito por\" \/>\n\t<meta name=\"twitter:data1\" content=\"Francisco Javier Fern\u00e1ndez Chento\" \/>\n\t<meta name=\"twitter:label2\" content=\"Tiempo de lectura\" \/>\n\t<meta name=\"twitter:data2\" content=\"7 minutos\" \/>\n<script type=\"application\/ld+json\" class=\"yoast-schema-graph\">{\"@context\":\"https:\/\/schema.org\",\"@graph\":[{\"@type\":\"Article\",\"@id\":\"https:\/\/vincentians.com\/es\/vida-de-san-vicente-de-paul-libro-primero-capitulo-20\/#article\",\"isPartOf\":{\"@id\":\"https:\/\/vincentians.com\/es\/vida-de-san-vicente-de-paul-libro-primero-capitulo-20\/\"},\"author\":{\"name\":\"Francisco Javier Fern\u00e1ndez Chento\",\"@id\":\"http:\/\/vincentians.com\/es\/#\/schema\/person\/9623ef4d9aa3b2dfb8c061f1499288f2\"},\"headline\":\"Vida de san Vicente de Pa\u00fal: Libro Primero, Cap\u00edtulo 20\",\"datePublished\":\"2020-02-27T07:40:29+00:00\",\"mainEntityOfPage\":{\"@id\":\"https:\/\/vincentians.com\/es\/vida-de-san-vicente-de-paul-libro-primero-capitulo-20\/\"},\"wordCount\":1414,\"commentCount\":0,\"publisher\":{\"@id\":\"http:\/\/vincentians.com\/es\/#organization\"},\"image\":{\"@id\":\"https:\/\/vincentians.com\/es\/vida-de-san-vicente-de-paul-libro-primero-capitulo-20\/#primaryimage\"},\"thumbnailUrl\":\"https:\/\/i0.wp.com\/vincentians.com\/es\/wp-content\/uploads\/sites\/11\/2016\/07\/abelly-feat.jpg?fit=1200%2C630\",\"keywords\":[\"Abelly\",\"Dehorgny\",\"Du Coudray\",\"Gondi\",\"Portail\",\"San L\u00e1zaro\",\"Urbano VIII\"],\"articleSection\":[\"Escritos de Luis Abelly\",\"Vicente de Pa\u00fal\"],\"inLanguage\":\"es\",\"potentialAction\":[{\"@type\":\"CommentAction\",\"name\":\"Comment\",\"target\":[\"https:\/\/vincentians.com\/es\/vida-de-san-vicente-de-paul-libro-primero-capitulo-20\/#respond\"]}]},{\"@type\":\"WebPage\",\"@id\":\"https:\/\/vincentians.com\/es\/vida-de-san-vicente-de-paul-libro-primero-capitulo-20\/\",\"url\":\"https:\/\/vincentians.com\/es\/vida-de-san-vicente-de-paul-libro-primero-capitulo-20\/\",\"name\":\"Vida de san Vicente de Pa\u00fal: Libro Primero, Cap\u00edtulo 20 - Somos Vicencianos\",\"isPartOf\":{\"@id\":\"http:\/\/vincentians.com\/es\/#website\"},\"primaryImageOfPage\":{\"@id\":\"https:\/\/vincentians.com\/es\/vida-de-san-vicente-de-paul-libro-primero-capitulo-20\/#primaryimage\"},\"image\":{\"@id\":\"https:\/\/vincentians.com\/es\/vida-de-san-vicente-de-paul-libro-primero-capitulo-20\/#primaryimage\"},\"thumbnailUrl\":\"https:\/\/i0.wp.com\/vincentians.com\/es\/wp-content\/uploads\/sites\/11\/2016\/07\/abelly-feat.jpg?fit=1200%2C630\",\"datePublished\":\"2020-02-27T07:40:29+00:00\",\"breadcrumb\":{\"@id\":\"https:\/\/vincentians.com\/es\/vida-de-san-vicente-de-paul-libro-primero-capitulo-20\/#breadcrumb\"},\"inLanguage\":\"es\",\"potentialAction\":[{\"@type\":\"ReadAction\",\"target\":[\"https:\/\/vincentians.com\/es\/vida-de-san-vicente-de-paul-libro-primero-capitulo-20\/\"]}]},{\"@type\":\"ImageObject\",\"inLanguage\":\"es\",\"@id\":\"https:\/\/vincentians.com\/es\/vida-de-san-vicente-de-paul-libro-primero-capitulo-20\/#primaryimage\",\"url\":\"https:\/\/i0.wp.com\/vincentians.com\/es\/wp-content\/uploads\/sites\/11\/2016\/07\/abelly-feat.jpg?fit=1200%2C630\",\"contentUrl\":\"https:\/\/i0.wp.com\/vincentians.com\/es\/wp-content\/uploads\/sites\/11\/2016\/07\/abelly-feat.jpg?fit=1200%2C630\",\"width\":1200,\"height\":630},{\"@type\":\"BreadcrumbList\",\"@id\":\"https:\/\/vincentians.com\/es\/vida-de-san-vicente-de-paul-libro-primero-capitulo-20\/#breadcrumb\",\"itemListElement\":[{\"@type\":\"ListItem\",\"position\":1,\"name\":\"Portada\",\"item\":\"http:\/\/vincentians.com\/es\/\"},{\"@type\":\"ListItem\",\"position\":2,\"name\":\"Vida de san Vicente de Pa\u00fal: Libro Primero, Cap\u00edtulo 20\"}]},{\"@type\":\"WebSite\",\"@id\":\"http:\/\/vincentians.com\/es\/#website\",\"url\":\"http:\/\/vincentians.com\/es\/\",\"name\":\"Somos Vicencianos\",\"description\":\"Know more to serve more\",\"publisher\":{\"@id\":\"http:\/\/vincentians.com\/es\/#organization\"},\"potentialAction\":[{\"@type\":\"SearchAction\",\"target\":{\"@type\":\"EntryPoint\",\"urlTemplate\":\"http:\/\/vincentians.com\/es\/?s={search_term_string}\"},\"query-input\":{\"@type\":\"PropertyValueSpecification\",\"valueRequired\":true,\"valueName\":\"search_term_string\"}}],\"inLanguage\":\"es\"},{\"@type\":\"Organization\",\"@id\":\"http:\/\/vincentians.com\/es\/#organization\",\"name\":\"The Vincentian Network\",\"url\":\"http:\/\/vincentians.com\/es\/\",\"logo\":{\"@type\":\"ImageObject\",\"inLanguage\":\"es\",\"@id\":\"http:\/\/vincentians.com\/es\/#\/schema\/logo\/image\/\",\"url\":\"https:\/\/i1.wp.com\/vincentians.com\/es\/wp-content\/uploads\/sites\/11\/2016\/06\/Vincentian-Network-logo-big.png?fit=778%2C778\",\"contentUrl\":\"https:\/\/i1.wp.com\/vincentians.com\/es\/wp-content\/uploads\/sites\/11\/2016\/06\/Vincentian-Network-logo-big.png?fit=778%2C778\",\"width\":778,\"height\":778,\"caption\":\"The Vincentian Network\"},\"image\":{\"@id\":\"http:\/\/vincentians.com\/es\/#\/schema\/logo\/image\/\"},\"sameAs\":[\"https:\/\/www.facebook.com\/WeAreVincentians\/\",\"https:\/\/x.com\/WeVincentians\"]},{\"@type\":\"Person\",\"@id\":\"http:\/\/vincentians.com\/es\/#\/schema\/person\/9623ef4d9aa3b2dfb8c061f1499288f2\",\"name\":\"Francisco Javier Fern\u00e1ndez Chento\",\"image\":{\"@type\":\"ImageObject\",\"inLanguage\":\"es\",\"@id\":\"http:\/\/vincentians.com\/es\/#\/schema\/person\/image\/\",\"url\":\"https:\/\/secure.gravatar.com\/avatar\/497d5cde87b4c3d097d0315953521681ba2cd523ee66e5077c3711f7021e65de?s=96&d=mm&r=g\",\"contentUrl\":\"https:\/\/secure.gravatar.com\/avatar\/497d5cde87b4c3d097d0315953521681ba2cd523ee66e5077c3711f7021e65de?s=96&d=mm&r=g\",\"caption\":\"Francisco Javier Fern\u00e1ndez Chento\"},\"description\":\"Director General y cofundador de La Red de Formaci\u00f3n Vicenciana. Javier es laico vicenciano, afiliado a la Congregaci\u00f3n de la Misi\u00f3n y miembro del Equipo de Misiones Populares de la provincia can\u00f3nica de Zaragoza (Espa\u00f1a) de la Congregaci\u00f3n de la Misi\u00f3n. Graduado en la Universidad Oberta de Catalunya con cuatro grados (Asistente de direcci\u00f3n, Gesti\u00f3n Administrativa, Recursos Humanos y Contabilidad Avanzada). Bil\u00edng\u00fce Espa\u00f1ol\/Ingl\u00e9s. gestiona y mantiene varias p\u00e1ginas web cristianas y vicencianas, incluida including La Red de Formaci\u00f3n Vicenciana, de la que es cofundador. Actualmente es responsable del \u00e1rea de Espa\u00f1ol de .famvin, la Red de Noticias de la Familia Vicenciana. Tambi\u00e9n es m\u00fasico cat\u00f3lico y ha editado varios discos. Es Director General y cofundador de Trovador, una reconocida compa\u00f1\u00eda discogr\u00e1fica critiana de Espa\u00f1a. Trabaja en las Tecnolog\u00edas de la Informaci\u00f3n, ofreciendo servicios de alojamiento, dise\u00f1o y mantenimiento Web, as\u00ed como asesoramiento, formaci\u00f3n y soluciones inform\u00e1ticas, gesti\u00f3n documental y digitalizaci\u00f3n de textos, edici\u00f3n y maquetaci\u00f3n de libros, revistas, flyers, etc.\",\"sameAs\":[\"http:\/\/chento.org\",\"https:\/\/www.facebook.com\/JavierChento\",\"https:\/\/x.com\/https:\/\/twitter.com\/javierchento\"],\"url\":\"http:\/\/vincentians.com\/es\/author\/chento\/\"}]}<\/script>\n<!-- \/ Yoast SEO plugin. -->","yoast_head_json":{"title":"Vida de san Vicente de Pa\u00fal: Libro Primero, Cap\u00edtulo 20 - Somos Vicencianos","robots":{"index":"index","follow":"follow","max-snippet":"max-snippet:-1","max-image-preview":"max-image-preview:large","max-video-preview":"max-video-preview:-1"},"canonical":"https:\/\/vincentians.com\/es\/vida-de-san-vicente-de-paul-libro-primero-capitulo-20\/","og_locale":"es_ES","og_type":"article","og_title":"Vida de san Vicente de Pa\u00fal: Libro Primero, Cap\u00edtulo 20 - Somos Vicencianos","og_description":"Se puede afirmar en verdad que esta Congregaci\u00f3n fue en sus comienzos como el granito de mostaza del Evangelio: siendo, como es, la menor de las semillas se convierte al cabo en \u00e1rbol, en cuyas ... Read More","og_url":"https:\/\/vincentians.com\/es\/vida-de-san-vicente-de-paul-libro-primero-capitulo-20\/","og_site_name":"Somos Vicencianos","article_publisher":"https:\/\/www.facebook.com\/WeAreVincentians\/","article_author":"https:\/\/www.facebook.com\/JavierChento","article_published_time":"2020-02-27T07:40:29+00:00","og_image":[{"width":1200,"height":630,"url":"https:\/\/i0.wp.com\/vincentians.com\/es\/wp-content\/uploads\/sites\/11\/2016\/07\/abelly-feat.jpg?fit=1200%2C630&ssl=1","type":"image\/jpeg"}],"author":"Francisco Javier Fern\u00e1ndez Chento","twitter_card":"summary_large_image","twitter_creator":"@https:\/\/twitter.com\/javierchento","twitter_site":"@WeVincentians","twitter_misc":{"Escrito por":"Francisco Javier Fern\u00e1ndez Chento","Tiempo de lectura":"7 minutos"},"schema":{"@context":"https:\/\/schema.org","@graph":[{"@type":"Article","@id":"https:\/\/vincentians.com\/es\/vida-de-san-vicente-de-paul-libro-primero-capitulo-20\/#article","isPartOf":{"@id":"https:\/\/vincentians.com\/es\/vida-de-san-vicente-de-paul-libro-primero-capitulo-20\/"},"author":{"name":"Francisco Javier Fern\u00e1ndez Chento","@id":"http:\/\/vincentians.com\/es\/#\/schema\/person\/9623ef4d9aa3b2dfb8c061f1499288f2"},"headline":"Vida de san Vicente de Pa\u00fal: Libro Primero, Cap\u00edtulo 20","datePublished":"2020-02-27T07:40:29+00:00","mainEntityOfPage":{"@id":"https:\/\/vincentians.com\/es\/vida-de-san-vicente-de-paul-libro-primero-capitulo-20\/"},"wordCount":1414,"commentCount":0,"publisher":{"@id":"http:\/\/vincentians.com\/es\/#organization"},"image":{"@id":"https:\/\/vincentians.com\/es\/vida-de-san-vicente-de-paul-libro-primero-capitulo-20\/#primaryimage"},"thumbnailUrl":"https:\/\/i0.wp.com\/vincentians.com\/es\/wp-content\/uploads\/sites\/11\/2016\/07\/abelly-feat.jpg?fit=1200%2C630","keywords":["Abelly","Dehorgny","Du Coudray","Gondi","Portail","San L\u00e1zaro","Urbano VIII"],"articleSection":["Escritos de Luis Abelly","Vicente de Pa\u00fal"],"inLanguage":"es","potentialAction":[{"@type":"CommentAction","name":"Comment","target":["https:\/\/vincentians.com\/es\/vida-de-san-vicente-de-paul-libro-primero-capitulo-20\/#respond"]}]},{"@type":"WebPage","@id":"https:\/\/vincentians.com\/es\/vida-de-san-vicente-de-paul-libro-primero-capitulo-20\/","url":"https:\/\/vincentians.com\/es\/vida-de-san-vicente-de-paul-libro-primero-capitulo-20\/","name":"Vida de san Vicente de Pa\u00fal: Libro Primero, Cap\u00edtulo 20 - Somos Vicencianos","isPartOf":{"@id":"http:\/\/vincentians.com\/es\/#website"},"primaryImageOfPage":{"@id":"https:\/\/vincentians.com\/es\/vida-de-san-vicente-de-paul-libro-primero-capitulo-20\/#primaryimage"},"image":{"@id":"https:\/\/vincentians.com\/es\/vida-de-san-vicente-de-paul-libro-primero-capitulo-20\/#primaryimage"},"thumbnailUrl":"https:\/\/i0.wp.com\/vincentians.com\/es\/wp-content\/uploads\/sites\/11\/2016\/07\/abelly-feat.jpg?fit=1200%2C630","datePublished":"2020-02-27T07:40:29+00:00","breadcrumb":{"@id":"https:\/\/vincentians.com\/es\/vida-de-san-vicente-de-paul-libro-primero-capitulo-20\/#breadcrumb"},"inLanguage":"es","potentialAction":[{"@type":"ReadAction","target":["https:\/\/vincentians.com\/es\/vida-de-san-vicente-de-paul-libro-primero-capitulo-20\/"]}]},{"@type":"ImageObject","inLanguage":"es","@id":"https:\/\/vincentians.com\/es\/vida-de-san-vicente-de-paul-libro-primero-capitulo-20\/#primaryimage","url":"https:\/\/i0.wp.com\/vincentians.com\/es\/wp-content\/uploads\/sites\/11\/2016\/07\/abelly-feat.jpg?fit=1200%2C630","contentUrl":"https:\/\/i0.wp.com\/vincentians.com\/es\/wp-content\/uploads\/sites\/11\/2016\/07\/abelly-feat.jpg?fit=1200%2C630","width":1200,"height":630},{"@type":"BreadcrumbList","@id":"https:\/\/vincentians.com\/es\/vida-de-san-vicente-de-paul-libro-primero-capitulo-20\/#breadcrumb","itemListElement":[{"@type":"ListItem","position":1,"name":"Portada","item":"http:\/\/vincentians.com\/es\/"},{"@type":"ListItem","position":2,"name":"Vida de san Vicente de Pa\u00fal: Libro Primero, Cap\u00edtulo 20"}]},{"@type":"WebSite","@id":"http:\/\/vincentians.com\/es\/#website","url":"http:\/\/vincentians.com\/es\/","name":"Somos Vicencianos","description":"Know more to serve more","publisher":{"@id":"http:\/\/vincentians.com\/es\/#organization"},"potentialAction":[{"@type":"SearchAction","target":{"@type":"EntryPoint","urlTemplate":"http:\/\/vincentians.com\/es\/?s={search_term_string}"},"query-input":{"@type":"PropertyValueSpecification","valueRequired":true,"valueName":"search_term_string"}}],"inLanguage":"es"},{"@type":"Organization","@id":"http:\/\/vincentians.com\/es\/#organization","name":"The Vincentian Network","url":"http:\/\/vincentians.com\/es\/","logo":{"@type":"ImageObject","inLanguage":"es","@id":"http:\/\/vincentians.com\/es\/#\/schema\/logo\/image\/","url":"https:\/\/i1.wp.com\/vincentians.com\/es\/wp-content\/uploads\/sites\/11\/2016\/06\/Vincentian-Network-logo-big.png?fit=778%2C778","contentUrl":"https:\/\/i1.wp.com\/vincentians.com\/es\/wp-content\/uploads\/sites\/11\/2016\/06\/Vincentian-Network-logo-big.png?fit=778%2C778","width":778,"height":778,"caption":"The Vincentian Network"},"image":{"@id":"http:\/\/vincentians.com\/es\/#\/schema\/logo\/image\/"},"sameAs":["https:\/\/www.facebook.com\/WeAreVincentians\/","https:\/\/x.com\/WeVincentians"]},{"@type":"Person","@id":"http:\/\/vincentians.com\/es\/#\/schema\/person\/9623ef4d9aa3b2dfb8c061f1499288f2","name":"Francisco Javier Fern\u00e1ndez Chento","image":{"@type":"ImageObject","inLanguage":"es","@id":"http:\/\/vincentians.com\/es\/#\/schema\/person\/image\/","url":"https:\/\/secure.gravatar.com\/avatar\/497d5cde87b4c3d097d0315953521681ba2cd523ee66e5077c3711f7021e65de?s=96&d=mm&r=g","contentUrl":"https:\/\/secure.gravatar.com\/avatar\/497d5cde87b4c3d097d0315953521681ba2cd523ee66e5077c3711f7021e65de?s=96&d=mm&r=g","caption":"Francisco Javier Fern\u00e1ndez Chento"},"description":"Director General y cofundador de La Red de Formaci\u00f3n Vicenciana. Javier es laico vicenciano, afiliado a la Congregaci\u00f3n de la Misi\u00f3n y miembro del Equipo de Misiones Populares de la provincia can\u00f3nica de Zaragoza (Espa\u00f1a) de la Congregaci\u00f3n de la Misi\u00f3n. Graduado en la Universidad Oberta de Catalunya con cuatro grados (Asistente de direcci\u00f3n, Gesti\u00f3n Administrativa, Recursos Humanos y Contabilidad Avanzada). Bil\u00edng\u00fce Espa\u00f1ol\/Ingl\u00e9s. gestiona y mantiene varias p\u00e1ginas web cristianas y vicencianas, incluida including La Red de Formaci\u00f3n Vicenciana, de la que es cofundador. Actualmente es responsable del \u00e1rea de Espa\u00f1ol de .famvin, la Red de Noticias de la Familia Vicenciana. Tambi\u00e9n es m\u00fasico cat\u00f3lico y ha editado varios discos. Es Director General y cofundador de Trovador, una reconocida compa\u00f1\u00eda discogr\u00e1fica critiana de Espa\u00f1a. Trabaja en las Tecnolog\u00edas de la Informaci\u00f3n, ofreciendo servicios de alojamiento, dise\u00f1o y mantenimiento Web, as\u00ed como asesoramiento, formaci\u00f3n y soluciones inform\u00e1ticas, gesti\u00f3n documental y digitalizaci\u00f3n de textos, edici\u00f3n y maquetaci\u00f3n de libros, revistas, flyers, etc.","sameAs":["http:\/\/chento.org","https:\/\/www.facebook.com\/JavierChento","https:\/\/x.com\/https:\/\/twitter.com\/javierchento"],"url":"http:\/\/vincentians.com\/es\/author\/chento\/"}]}},"jetpack_publicize_connections":[],"jetpack_featured_media_url":"https:\/\/i0.wp.com\/vincentians.com\/es\/wp-content\/uploads\/sites\/11\/2016\/07\/abelly-feat.jpg?fit=1200%2C630","jetpack_sharing_enabled":true,"jetpack_shortlink":"https:\/\/wp.me\/p7ETMF-7M1","jetpack-related-posts":[{"id":101815,"url":"http:\/\/vincentians.com\/es\/vida-del-senor-vicente-de-paul-nota-bibliografica-2\/","url_meta":{"origin":29885,"position":0},"title":"Vida del Se\u00f1or Vicente de Pa\u00fal: Nota bibliogr\u00e1fica","author":"Francisco Javier Fern\u00e1ndez Chento","date":"21\/05\/2015","format":false,"excerpt":"Nota bibliogr\u00e1fica Esta biograf\u00eda de san Vicente de Pa\u00fal se dedica a la memoria de Pierre Coste, C.M. (1873-1935), sin cuyo trabajo previo no hubiera podido ser escrita. Coste recogi\u00f3 pacientemente y public\u00f3 en trece vol\u00famenes pr\u00e1cticamente todos los es\u00adcritos procedentes de Vicente de Pa\u00fal o que se refieren a\u2026","rel":"","context":"En \u00abVicente de Pa\u00fal\u00bb","block_context":{"text":"Vicente de Pa\u00fal","link":"http:\/\/vincentians.com\/es\/category\/la-familia-vicenciana\/fundadores\/vicente-de-paul\/"},"img":{"alt_text":"sanvibiblia","src":"https:\/\/i0.wp.com\/vicencianos.org\/wp-content\/2012\/08\/sanvibiblia-300x300.png?resize=350%2C200","width":350,"height":200},"classes":[]},{"id":118520,"url":"http:\/\/vincentians.com\/es\/bibliografia-basica-sobre-san-vicente-de-paul\/","url_meta":{"origin":29885,"position":1},"title":"Bibliograf\u00eda b\u00e1sica sobre san Vicente de Pa\u00fal","author":"Francisco Javier Fern\u00e1ndez Chento","date":"14\/03\/2015","format":false,"excerpt":"ABELLY Louis: Vida del Venerable Siervo de Dios Vicente de Pa\u00fal, Fundador y primer Superior General de la Congregaci\u00f3n de la Misi\u00f3n. Salamanca: CEME. 1994. 814p 25cm. Abelly public\u00f3 esta obra s\u00f3lo cuatro a\u00f1os despu\u00e9s de la muerte de San Vicente, a quien conoci\u00f3 durante m\u00e1s de veinte a\u00f1os. Ha\u2026","rel":"","context":"En \u00abVicente de Pa\u00fal\u00bb","block_context":{"text":"Vicente de Pa\u00fal","link":"http:\/\/vincentians.com\/es\/category\/la-familia-vicenciana\/fundadores\/vicente-de-paul\/"},"img":{"alt_text":"vicentepaul","src":"https:\/\/i0.wp.com\/vicencianos.org\/wp-content\/2012\/12\/vicentepaul-235x300.jpg?resize=350%2C200","width":350,"height":200},"classes":[]},{"id":101805,"url":"http:\/\/vincentians.com\/es\/vida-del-senor-vicente-de-paul-interludio\/","url_meta":{"origin":29885,"position":2},"title":"Vida del Se\u00f1or Vicente de Pa\u00fal: Interludio","author":"Francisco Javier Fern\u00e1ndez Chento","date":"11\/05\/2015","format":false,"excerpt":"Interludio Mientras hace su d\u00eda de retiro el se\u00f1or Vicente vamos tambi\u00e9n nosotros a hacer un alto de descanso en la narraci\u00f3n de su vida. La na\u00adrraci\u00f3n contin\u00faa en 1634. El lector apresurado puede -saltarse limpiamente este in\u00adterludio y continuar a partir de ese punto. No sufrir\u00e1 mucho con ello\u2026","rel":"","context":"En \u00abVicente de Pa\u00fal\u00bb","block_context":{"text":"Vicente de Pa\u00fal","link":"http:\/\/vincentians.com\/es\/category\/la-familia-vicenciana\/fundadores\/vicente-de-paul\/"},"img":{"alt_text":"sanvibiblia","src":"https:\/\/i0.wp.com\/vicencianos.org\/wp-content\/2012\/08\/sanvibiblia-300x300.png?resize=350%2C200","width":350,"height":200},"classes":[]},{"id":131832,"url":"http:\/\/vincentians.com\/es\/rene-almeras-c-m-1612-1672-superior-general\/","url_meta":{"origin":29885,"position":3},"title":"Ren\u00e9 Alm\u00e9ras, C.M. (1612-1672) (Superior General)","author":"Mitxel Olabu\u00e9naga","date":"02\/12\/2014","format":false,"excerpt":"Si Vicente de Pa\u00fal quer\u00eda a sus misioneros humildes y sencillos, no se refer\u00eda con ello al origen familiar, sino a la vitudes que uno deb\u00eda adquirir. Esto se puede comprobar en uno de los dos en qi\u00e9n puso su confianza para el gobierno de la CM, Renato Almer\u00e1s. Aunque\u2026","rel":"","context":"En \u00abBiograf\u00edas de Misioneros Pa\u00fales\u00bb","block_context":{"text":"Biograf\u00edas de Misioneros Pa\u00fales","link":"http:\/\/vincentians.com\/es\/category\/la-familia-vicenciana\/biografias-vicencianas\/biografias-de-misioneros-paules\/"},"img":{"alt_text":"","src":"https:\/\/i0.wp.com\/vincentians.com\/es\/wp-content\/uploads\/sites\/11\/2016\/07\/bio-cm.jpg?fit=1200%2C630&resize=350%2C200","width":350,"height":200,"srcset":"https:\/\/i0.wp.com\/vincentians.com\/es\/wp-content\/uploads\/sites\/11\/2016\/07\/bio-cm.jpg?fit=1200%2C630&resize=350%2C200 1x, https:\/\/i0.wp.com\/vincentians.com\/es\/wp-content\/uploads\/sites\/11\/2016\/07\/bio-cm.jpg?fit=1200%2C630&resize=525%2C300 1.5x, https:\/\/i0.wp.com\/vincentians.com\/es\/wp-content\/uploads\/sites\/11\/2016\/07\/bio-cm.jpg?fit=1200%2C630&resize=700%2C400 2x, https:\/\/i0.wp.com\/vincentians.com\/es\/wp-content\/uploads\/sites\/11\/2016\/07\/bio-cm.jpg?fit=1200%2C630&resize=1050%2C600 3x"},"classes":[]},{"id":121299,"url":"http:\/\/vincentians.com\/es\/san-vicente-de-paul-nacio-en-francia-ii-estudios\/","url_meta":{"origin":29885,"position":4},"title":"San Vicente de Pa\u00fal naci\u00f3 en Francia. II. Estudios","author":"Francisco Javier Fern\u00e1ndez Chento","date":"27\/04\/2015","format":false,"excerpt":"II. Estudios En lo concerniente a los estudios teol\u00f3gicos de Vicente de Pa\u00fal, los detalles no ser\u00e1n abundantes, dado el cuidado del Santo por hacerse pasar por un estudiante de cuarto a\u00f1o. Sin embargo. despu\u00e9s de su muerte, se encuentran tres documentos, cuya existencia no se sospechaba, y que arrojan\u2026","rel":"","context":"En \u00abVicente de Pa\u00fal\u00bb","block_context":{"text":"Vicente de Pa\u00fal","link":"http:\/\/vincentians.com\/es\/category\/la-familia-vicenciana\/fundadores\/vicente-de-paul\/"},"img":{"alt_text":"","src":"","width":0,"height":0},"classes":[]},{"id":119820,"url":"http:\/\/vincentians.com\/es\/mision-e-identidad-de-la-congregacion-de-la-mision\/","url_meta":{"origin":29885,"position":5},"title":"Misi\u00f3n e identidad de la Congregaci\u00f3n de la Misi\u00f3n","author":"Francisco Javier Fern\u00e1ndez Chento","date":"29\/05\/2015","format":false,"excerpt":"I. Introducci\u00f3n: el movimiento misionero en el siglo XVII \"La expansi\u00f3n del cristianismo alcanz\u00f3 en el siglo XVII franc\u00e9s un vigor extraordinario que puede medirse especial\u00admente a trav\u00e9s de los informes de las misiones del interior o parroquiales. Estos informes permiten localizar a los \"margi\u00adnados\" del cristianismo, dirigir una mirada\u2026","rel":"","context":"En \u00abCongregaci\u00f3n de la Misi\u00f3n\u00bb","block_context":{"text":"Congregaci\u00f3n de la Misi\u00f3n","link":"http:\/\/vincentians.com\/es\/category\/la-familia-vicenciana\/ramas\/congregacion-de-la-mision\/"},"img":{"alt_text":"logocm","src":"https:\/\/i0.wp.com\/vicencianos.org\/wp-content\/2011\/12\/logocm-245x300.png?resize=350%2C200","width":350,"height":200},"classes":[]}],"_links":{"self":[{"href":"http:\/\/vincentians.com\/es\/wp-json\/wp\/v2\/posts\/29885","targetHints":{"allow":["GET"]}}],"collection":[{"href":"http:\/\/vincentians.com\/es\/wp-json\/wp\/v2\/posts"}],"about":[{"href":"http:\/\/vincentians.com\/es\/wp-json\/wp\/v2\/types\/post"}],"author":[{"embeddable":true,"href":"http:\/\/vincentians.com\/es\/wp-json\/wp\/v2\/users\/4"}],"replies":[{"embeddable":true,"href":"http:\/\/vincentians.com\/es\/wp-json\/wp\/v2\/comments?post=29885"}],"version-history":[{"count":1,"href":"http:\/\/vincentians.com\/es\/wp-json\/wp\/v2\/posts\/29885\/revisions"}],"predecessor-version":[{"id":402776,"href":"http:\/\/vincentians.com\/es\/wp-json\/wp\/v2\/posts\/29885\/revisions\/402776"}],"wp:featuredmedia":[{"embeddable":true,"href":"http:\/\/vincentians.com\/es\/wp-json\/wp\/v2\/media\/149583"}],"wp:attachment":[{"href":"http:\/\/vincentians.com\/es\/wp-json\/wp\/v2\/media?parent=29885"}],"wp:term":[{"taxonomy":"category","embeddable":true,"href":"http:\/\/vincentians.com\/es\/wp-json\/wp\/v2\/categories?post=29885"},{"taxonomy":"post_tag","embeddable":true,"href":"http:\/\/vincentians.com\/es\/wp-json\/wp\/v2\/tags?post=29885"}],"curies":[{"name":"wp","href":"https:\/\/api.w.org\/{rel}","templated":true}]}}