{"id":29883,"date":"2020-02-25T08:40:29","date_gmt":"2020-02-25T07:40:29","guid":{"rendered":"http:\/\/somos.vicencianos.org\/blog\/29883\/vida-de-san-vicente-de-paul-libro-primero-capitulo-18\/"},"modified":"2020-01-26T20:34:16","modified_gmt":"2020-01-26T19:34:16","slug":"vida-de-san-vicente-de-paul-libro-primero-capitulo-18","status":"publish","type":"post","link":"http:\/\/vincentians.com\/es\/vida-de-san-vicente-de-paul-libro-primero-capitulo-18\/","title":{"rendered":"Vida de san Vicente de Pa\u00fal: Libro Primero, Cap\u00edtulo 18"},"content":{"rendered":"<p>Como la fundaci\u00f3n de los Sacerdotes de la Misi\u00f3n era la obra que esta virtuosa Se\u00f1ora hab\u00eda querido m\u00e1s, vislumbrando los frutos que pod\u00eda producir en la Iglesia, en la salvaci\u00f3n y la santificaci\u00f3n de grand\u00edsimo n\u00famero de almas, despu\u00e9s de que Dios le hubiera hecho la gracia de ponerle la \u00faltima mano, vi\u00e9ndola perfecta y cabal, parec\u00eda que no pod\u00eda desear nada m\u00e1s en esta vida, y como otra santa M\u00f3nica, bien pudo decir en su coraz\u00f3n que no ten\u00eda ya nada m\u00e1s que hacer en la tierra: Dios hab\u00eda colmado sus m\u00e1s ardientes aspiraciones; y supon\u00eda que no le quedaba m\u00e1s que aspirar al cielo, para recibirla corona preparada a los servicios que hab\u00eda tratado de prestar a su Divina Majestad<\/p>\n<p>Y as\u00ed fue efectivamente: no hab\u00edan pasado todav\u00eda dos meses desde que se firm\u00f3 el contrato de fundaci\u00f3n, cuando se sinti\u00f3 atacada por una enfermedad, que, en pocos d\u00edas, habiendo agotado hasta el extremo su cuerpo ya muy debilitado por enfermedades anteriores y por todas las penas y fatigas que su celo y su caridad le hab\u00edan hecho emprender, lo separ\u00f3 de su alma para llevarla al descanso eterno. Acaeci\u00f3 la muerte la v\u00edspera de la fiesta de san Juan Bautista del a\u00f1o 1625, muerte que debi\u00f3 de ser precios\u00edsima ante Dios, precedida como estaba de una vida sant\u00edsima, que ser\u00eda capaz de proporcionar materia para llenar todo un volumen y para una muy grande edificaci\u00f3n de toda la posteridad. Pero s\u00f3lo el Sr. Vicente podr\u00eda suministrarnos los mejores recuerdos, porque conoc\u00eda mejor que nadie las excelentes cualidades y excepcionales virtudes de la difunta. Pero como en su humildad procuraba siempre ocultar bajo el velo del silencio todos los bienes en los que tomaba parte, evit\u00f3 declarar lo que sab\u00eda para no darnos a conocer sus propias cosas<\/p>\n<p>Esta santa y virtuosa Se\u00f1ora no hab\u00eda hecho casi nada digno de consideraci\u00f3n para el servicio y la gloria de Dios sin que el Sr. Vicente hubiera cooperado en gran manera con ella y, por consiguiente, hubiera merecido tener mucha parte en las alabanzas que se le habr\u00edan prestado a ella, y eso es lo que \u00e9l m\u00e1s tem\u00eda y lo que evitaba en cuanto pod\u00eda<\/p>\n<p>Despu\u00e9s de rendidos los \u00faltimos deberes a la Se\u00f1ora Generala y de que su cuerpo fuera llevado al monasterio de las Carmelitas de la calle Chapon, siguiendo las instrucciones que hab\u00eda dejado la difunta, el Sr. Vicente, lo antes que pudo, parti\u00f3 para Provenza a llevar la triste nueva al Sr. esposo. Sab\u00eda muy bien que le iba a causar un dolor muy grande y que tal separaci\u00f3n s\u00f3lo podr\u00eda serle muy de sentir. Al principio, por prudencia, disimulando el objeto de su llegada, le habl\u00f3 s\u00f3lo de las grandes obligaciones debidas a Dios por las particular\u00edsimas gracias que hab\u00eda recibido, tanto en su persona, como en toda su familia, y del agradecimiento que le deb\u00eda, uno de cuyos actos principales era mantenerse siempre en perfecta dependencia y conformidad con su sant\u00edsima voluntad en todas las cosas, sin reservas. Y despu\u00e9s de prepararlo as\u00ed, poco a poco, por fin le declar\u00f3 lo que hab\u00eda sucedido. Y despu\u00e9s de haber dado lugar a los primeros movimientos de la naturaleza, us\u00f3 de todo lo que su l\u00facida mente y la unci\u00f3n del Esp\u00edritu Santo, de la que estaba abundantemente lleno, le pudieron sugerir, para suavizar el dolor causado por una noticia tan de lamentar y para ayudarle a sobrellevar su pena, tan de sentir y tan amarga, con paz y tranquilidad de esp\u00edritu. Porque podemos decirlo con verdad, que entre las gracias particulares que el Sr. Vicente hab\u00eda recibido de Dios, una de las principales era la de consolar a los afligidos y atemperar las mayores penas y angustias internas<\/p>\n<p>Nuestro Se\u00f1or Jesucristo le hab\u00eda dado para tal fin una comunicaci\u00f3n especial de su Esp\u00edritu, por la virtud y la unci\u00f3n de quien pod\u00eda decir a imitaci\u00f3n suya que el Esp\u00edritu del Se\u00f1or estaba sobre \u00e9l para evangelizar a los pobres, y para consolara los tristes y curar las heridas de sus corazones\u00bb. Y la Se\u00f1ora lo hab\u00eda experimentado con frecuencia en sus angustias y penas interiores, con las que Dios se complac\u00eda en ejercitarla. En ese estado de sufrimiento no pod\u00eda hallar consuelo m\u00e1s s\u00f3lido que el que recib\u00eda del Sr. Vicente. Hab\u00eda reconocido en \u00e9l una caridad perfecta para procurarle el verdadero bien de su alma y para atraer toda clase de gracias sobre la familia. Por eso, siempre hab\u00eda deseado que no se le marchara nunca, pensando que el Sr. Vicente ser\u00eda el arca en la casa de Obededom, que atraer\u00eda abundantemente las bendiciones divinas. Por esa raz\u00f3n, la Se\u00f1ora, con ocasi\u00f3n de hacerle un legado por testamento, en testimonio de su agradecimiento,<\/p>\n<p><em>\u00able suplicaba por el amor de Nuestro Se\u00f1or Jesucristo y de su Santa Madre, que no quisiera nunca dejar la casa del Sr. Generalde las Galeras; ni despu\u00e9s de la muerte de \u00e9ste, a sus hijos. Y no contenta con eso le suplica en su testamento al Sr. General que quiera retener en casa al Sr. Vicente y manda a sus hijos, despu\u00e9s, rog\u00e1ndoles que recuerden y que sigan sus santas instrucciones, conociendo bien, si as\u00ed lo hacen, la utilidad que recibir\u00e1n sus almas y la bendici\u00f3n que les llegar\u00e1 a ellos y a toda su familia\u00bb<\/em><\/p>\n<p>Pero el Sr. Vicente no estaba en su elemento en aquella gran casa por m\u00e1s que anduviera muy bien reglada y ordenada. Quedaba expuesto demasiadas veces al ambiente mundano. Y mirando m\u00e1s por lo que Dios le ped\u00eda que por los ruegos dela virtuosa Se\u00f1ora, y prefiriendo el amor soberano debido al Creador, a todas las consideraciones humanas que parec\u00edan obligarlo a dar satisfacci\u00f3n y reconocimiento a la criatura, rog\u00f3 insistentemente al Sr. General que aceptase su marcha al colegio de Bons-Enfants. Obtuvo la autorizaci\u00f3n y con su permiso se despidi\u00f3 de la casa y se fue a vivir en el nuevo domicilio<\/p>\n<p>Fue el a\u00f1o 1625 cuando el fiel Siervo de Dios, despu\u00e9s de haber bogado durante varios a\u00f1os por la mar procelosa del mundo, arrib\u00f3, por fin, gracias a una particular\u00edsima orientaci\u00f3n dada por la Divina Providencia, a este refugio, como a un puerto seguro, para dar comienzo a una vida totalmente apost\u00f3lica. Y renunciando en absoluto a los honores, a las dignidades, y a los dem\u00e1s bienes del mundo, hizo en \u00e9l profesi\u00f3n particular de trabajar en su propia perfecci\u00f3n y en la salvaci\u00f3n de los pueblos, en la pr\u00e1ctica de las virtudes ense\u00f1adas por Jesucristo y mostradas con su ejemplo<\/p>\n<p>Fue en ese sitio donde puso los primeros cimientos de la Misi\u00f3n, dedicada enteramente, como la de los primeros disc\u00edpulos de Jesucristo, a seguir al gran y primer misionero venido del cielo, y a trabajar en la misma labor que El en su vida mortal<\/p>\n<p>Para entender mejor los planes de Dios referentes a la nueva instituci\u00f3n de la Congregaci\u00f3n de la Misi\u00f3n es necesario conocer bien qui\u00e9n ha sido aqu\u00e9l de quien su Providencia infinitamente sabia en todos sus actos se ha querido servir para que fuera su primer fundador, y c\u00f3mo le ha concedido todas las cualidades de cuerpo y de alma convenientes para llevar a cabo felizmente una empresa tan importante para su gloria y para el bien de la Iglesia. Seguramente no ser\u00e1 f\u00e1cil hacernos con lo que este gran Siervo de Dios se ha esforzado en ocultar, en cuanto le ha sido posible, bajo el velo de una profund\u00edsima humildad. Solamente podremos hablar de lo que la caridad o la obediencia le han obligado a manifestar al exterior, pero, claro, la parte principal, totalmente interior y espiritual, nos es desconocida. Y para empezar, presentaremos en el cap\u00edtulo siguiente solamente un esbozo, que por muy tosco e imperfecto que sea, no dejar\u00e1 de dar alguna luz al lector para que se haga una idea m\u00e1s clara de todo lo que vamos a relatar acerca de \u00e9l en la continuaci\u00f3n de esta obra.<\/p>\n","protected":false},"excerpt":{"rendered":"<p>Como la fundaci\u00f3n de los Sacerdotes de la Misi\u00f3n era la obra que esta virtuosa Se\u00f1ora hab\u00eda querido m\u00e1s, vislumbrando los frutos que pod\u00eda producir en la Iglesia, en la salvaci\u00f3n y la santificaci\u00f3n de &#8230; <a href=\"http:\/\/vincentians.com\/es\/vida-de-san-vicente-de-paul-libro-primero-capitulo-18\/\" class=\"more-link\">Read More<\/a><\/p>\n","protected":false},"author":4,"featured_media":149583,"comment_status":"open","ping_status":"open","sticky":false,"template":"","format":"standard","meta":{"jetpack_post_was_ever_published":false,"_jetpack_newsletter_access":"","_jetpack_dont_email_post_to_subs":false,"_jetpack_newsletter_tier_id":0,"_jetpack_memberships_contains_paywalled_content":false,"_jetpack_memberships_contains_paid_content":false,"footnotes":"","jetpack_publicize_message":"","jetpack_publicize_feature_enabled":true,"jetpack_social_post_already_shared":true,"jetpack_social_options":{"image_generator_settings":{"template":"highway","default_image_id":0,"font":"","enabled":false},"version":2}},"categories":[266,5],"tags":[218],"class_list":["post-29883","post","type-post","status-publish","format-standard","has-post-thumbnail","hentry","category-escritos-de-luis-abelly","category-vicente-de-paul","tag-abelly"],"yoast_head":"<!-- This site is optimized with the Yoast SEO plugin v26.3 - https:\/\/yoast.com\/wordpress\/plugins\/seo\/ -->\n<title>Vida de san Vicente de Pa\u00fal: Libro Primero, Cap\u00edtulo 18 - Somos Vicencianos<\/title>\n<meta name=\"robots\" content=\"index, follow, max-snippet:-1, max-image-preview:large, max-video-preview:-1\" \/>\n<link rel=\"canonical\" href=\"http:\/\/vincentians.com\/es\/vida-de-san-vicente-de-paul-libro-primero-capitulo-18\/\" \/>\n<meta property=\"og:locale\" content=\"es_ES\" \/>\n<meta property=\"og:type\" content=\"article\" \/>\n<meta property=\"og:title\" content=\"Vida de san Vicente de Pa\u00fal: Libro Primero, Cap\u00edtulo 18 - Somos Vicencianos\" \/>\n<meta property=\"og:description\" content=\"Como la fundaci\u00f3n de los Sacerdotes de la Misi\u00f3n era la obra que esta virtuosa Se\u00f1ora hab\u00eda querido m\u00e1s, vislumbrando los frutos que pod\u00eda producir en la Iglesia, en la salvaci\u00f3n y la santificaci\u00f3n de ... Read More\" \/>\n<meta property=\"og:url\" content=\"http:\/\/vincentians.com\/es\/vida-de-san-vicente-de-paul-libro-primero-capitulo-18\/\" \/>\n<meta property=\"og:site_name\" content=\"Somos Vicencianos\" \/>\n<meta property=\"article:publisher\" content=\"https:\/\/www.facebook.com\/WeAreVincentians\/\" \/>\n<meta property=\"article:author\" content=\"https:\/\/www.facebook.com\/JavierChento\" \/>\n<meta property=\"article:published_time\" content=\"2020-02-25T07:40:29+00:00\" \/>\n<meta property=\"og:image\" content=\"https:\/\/i0.wp.com\/vincentians.com\/es\/wp-content\/uploads\/sites\/11\/2016\/07\/abelly-feat.jpg?fit=1200%2C630\" \/>\n\t<meta property=\"og:image:width\" content=\"1200\" \/>\n\t<meta property=\"og:image:height\" content=\"630\" \/>\n\t<meta property=\"og:image:type\" content=\"image\/jpeg\" \/>\n<meta name=\"author\" content=\"Francisco Javier Fern\u00e1ndez Chento\" \/>\n<meta name=\"twitter:card\" content=\"summary_large_image\" \/>\n<meta name=\"twitter:creator\" content=\"@https:\/\/twitter.com\/javierchento\" \/>\n<meta name=\"twitter:site\" content=\"@WeVincentians\" \/>\n<meta name=\"twitter:label1\" content=\"Escrito por\" \/>\n\t<meta name=\"twitter:data1\" content=\"Francisco Javier Fern\u00e1ndez Chento\" \/>\n\t<meta name=\"twitter:label2\" content=\"Tiempo de lectura\" \/>\n\t<meta name=\"twitter:data2\" content=\"7 minutos\" \/>\n<script type=\"application\/ld+json\" class=\"yoast-schema-graph\">{\"@context\":\"https:\/\/schema.org\",\"@graph\":[{\"@type\":\"Article\",\"@id\":\"http:\/\/vincentians.com\/es\/vida-de-san-vicente-de-paul-libro-primero-capitulo-18\/#article\",\"isPartOf\":{\"@id\":\"http:\/\/vincentians.com\/es\/vida-de-san-vicente-de-paul-libro-primero-capitulo-18\/\"},\"author\":{\"name\":\"Francisco Javier Fern\u00e1ndez Chento\",\"@id\":\"http:\/\/vincentians.com\/es\/#\/schema\/person\/9623ef4d9aa3b2dfb8c061f1499288f2\"},\"headline\":\"Vida de san Vicente de Pa\u00fal: Libro Primero, Cap\u00edtulo 18\",\"datePublished\":\"2020-02-25T07:40:29+00:00\",\"mainEntityOfPage\":{\"@id\":\"http:\/\/vincentians.com\/es\/vida-de-san-vicente-de-paul-libro-primero-capitulo-18\/\"},\"wordCount\":1464,\"commentCount\":0,\"publisher\":{\"@id\":\"http:\/\/vincentians.com\/es\/#organization\"},\"image\":{\"@id\":\"http:\/\/vincentians.com\/es\/vida-de-san-vicente-de-paul-libro-primero-capitulo-18\/#primaryimage\"},\"thumbnailUrl\":\"https:\/\/i0.wp.com\/vincentians.com\/es\/wp-content\/uploads\/sites\/11\/2016\/07\/abelly-feat.jpg?fit=1200%2C630\",\"keywords\":[\"Abelly\"],\"articleSection\":[\"Escritos de Luis Abelly\",\"Vicente de Pa\u00fal\"],\"inLanguage\":\"es\",\"potentialAction\":[{\"@type\":\"CommentAction\",\"name\":\"Comment\",\"target\":[\"http:\/\/vincentians.com\/es\/vida-de-san-vicente-de-paul-libro-primero-capitulo-18\/#respond\"]}]},{\"@type\":\"WebPage\",\"@id\":\"http:\/\/vincentians.com\/es\/vida-de-san-vicente-de-paul-libro-primero-capitulo-18\/\",\"url\":\"http:\/\/vincentians.com\/es\/vida-de-san-vicente-de-paul-libro-primero-capitulo-18\/\",\"name\":\"Vida de san Vicente de Pa\u00fal: Libro Primero, Cap\u00edtulo 18 - Somos Vicencianos\",\"isPartOf\":{\"@id\":\"http:\/\/vincentians.com\/es\/#website\"},\"primaryImageOfPage\":{\"@id\":\"http:\/\/vincentians.com\/es\/vida-de-san-vicente-de-paul-libro-primero-capitulo-18\/#primaryimage\"},\"image\":{\"@id\":\"http:\/\/vincentians.com\/es\/vida-de-san-vicente-de-paul-libro-primero-capitulo-18\/#primaryimage\"},\"thumbnailUrl\":\"https:\/\/i0.wp.com\/vincentians.com\/es\/wp-content\/uploads\/sites\/11\/2016\/07\/abelly-feat.jpg?fit=1200%2C630\",\"datePublished\":\"2020-02-25T07:40:29+00:00\",\"breadcrumb\":{\"@id\":\"http:\/\/vincentians.com\/es\/vida-de-san-vicente-de-paul-libro-primero-capitulo-18\/#breadcrumb\"},\"inLanguage\":\"es\",\"potentialAction\":[{\"@type\":\"ReadAction\",\"target\":[\"http:\/\/vincentians.com\/es\/vida-de-san-vicente-de-paul-libro-primero-capitulo-18\/\"]}]},{\"@type\":\"ImageObject\",\"inLanguage\":\"es\",\"@id\":\"http:\/\/vincentians.com\/es\/vida-de-san-vicente-de-paul-libro-primero-capitulo-18\/#primaryimage\",\"url\":\"https:\/\/i0.wp.com\/vincentians.com\/es\/wp-content\/uploads\/sites\/11\/2016\/07\/abelly-feat.jpg?fit=1200%2C630\",\"contentUrl\":\"https:\/\/i0.wp.com\/vincentians.com\/es\/wp-content\/uploads\/sites\/11\/2016\/07\/abelly-feat.jpg?fit=1200%2C630\",\"width\":1200,\"height\":630},{\"@type\":\"BreadcrumbList\",\"@id\":\"http:\/\/vincentians.com\/es\/vida-de-san-vicente-de-paul-libro-primero-capitulo-18\/#breadcrumb\",\"itemListElement\":[{\"@type\":\"ListItem\",\"position\":1,\"name\":\"Portada\",\"item\":\"http:\/\/vincentians.com\/es\/\"},{\"@type\":\"ListItem\",\"position\":2,\"name\":\"Vida de san Vicente de Pa\u00fal: Libro Primero, Cap\u00edtulo 18\"}]},{\"@type\":\"WebSite\",\"@id\":\"http:\/\/vincentians.com\/es\/#website\",\"url\":\"http:\/\/vincentians.com\/es\/\",\"name\":\"Somos Vicencianos\",\"description\":\"Know more to serve more\",\"publisher\":{\"@id\":\"http:\/\/vincentians.com\/es\/#organization\"},\"potentialAction\":[{\"@type\":\"SearchAction\",\"target\":{\"@type\":\"EntryPoint\",\"urlTemplate\":\"http:\/\/vincentians.com\/es\/?s={search_term_string}\"},\"query-input\":{\"@type\":\"PropertyValueSpecification\",\"valueRequired\":true,\"valueName\":\"search_term_string\"}}],\"inLanguage\":\"es\"},{\"@type\":\"Organization\",\"@id\":\"http:\/\/vincentians.com\/es\/#organization\",\"name\":\"The Vincentian Network\",\"url\":\"http:\/\/vincentians.com\/es\/\",\"logo\":{\"@type\":\"ImageObject\",\"inLanguage\":\"es\",\"@id\":\"http:\/\/vincentians.com\/es\/#\/schema\/logo\/image\/\",\"url\":\"https:\/\/i1.wp.com\/vincentians.com\/es\/wp-content\/uploads\/sites\/11\/2016\/06\/Vincentian-Network-logo-big.png?fit=778%2C778\",\"contentUrl\":\"https:\/\/i1.wp.com\/vincentians.com\/es\/wp-content\/uploads\/sites\/11\/2016\/06\/Vincentian-Network-logo-big.png?fit=778%2C778\",\"width\":778,\"height\":778,\"caption\":\"The Vincentian Network\"},\"image\":{\"@id\":\"http:\/\/vincentians.com\/es\/#\/schema\/logo\/image\/\"},\"sameAs\":[\"https:\/\/www.facebook.com\/WeAreVincentians\/\",\"https:\/\/x.com\/WeVincentians\"]},{\"@type\":\"Person\",\"@id\":\"http:\/\/vincentians.com\/es\/#\/schema\/person\/9623ef4d9aa3b2dfb8c061f1499288f2\",\"name\":\"Francisco Javier Fern\u00e1ndez Chento\",\"image\":{\"@type\":\"ImageObject\",\"inLanguage\":\"es\",\"@id\":\"http:\/\/vincentians.com\/es\/#\/schema\/person\/image\/\",\"url\":\"https:\/\/secure.gravatar.com\/avatar\/497d5cde87b4c3d097d0315953521681ba2cd523ee66e5077c3711f7021e65de?s=96&d=mm&r=g\",\"contentUrl\":\"https:\/\/secure.gravatar.com\/avatar\/497d5cde87b4c3d097d0315953521681ba2cd523ee66e5077c3711f7021e65de?s=96&d=mm&r=g\",\"caption\":\"Francisco Javier Fern\u00e1ndez Chento\"},\"description\":\"Director General y cofundador de La Red de Formaci\u00f3n Vicenciana. Javier es laico vicenciano, afiliado a la Congregaci\u00f3n de la Misi\u00f3n y miembro del Equipo de Misiones Populares de la provincia can\u00f3nica de Zaragoza (Espa\u00f1a) de la Congregaci\u00f3n de la Misi\u00f3n. Graduado en la Universidad Oberta de Catalunya con cuatro grados (Asistente de direcci\u00f3n, Gesti\u00f3n Administrativa, Recursos Humanos y Contabilidad Avanzada). Bil\u00edng\u00fce Espa\u00f1ol\/Ingl\u00e9s. gestiona y mantiene varias p\u00e1ginas web cristianas y vicencianas, incluida including La Red de Formaci\u00f3n Vicenciana, de la que es cofundador. Actualmente es responsable del \u00e1rea de Espa\u00f1ol de .famvin, la Red de Noticias de la Familia Vicenciana. Tambi\u00e9n es m\u00fasico cat\u00f3lico y ha editado varios discos. Es Director General y cofundador de Trovador, una reconocida compa\u00f1\u00eda discogr\u00e1fica critiana de Espa\u00f1a. Trabaja en las Tecnolog\u00edas de la Informaci\u00f3n, ofreciendo servicios de alojamiento, dise\u00f1o y mantenimiento Web, as\u00ed como asesoramiento, formaci\u00f3n y soluciones inform\u00e1ticas, gesti\u00f3n documental y digitalizaci\u00f3n de textos, edici\u00f3n y maquetaci\u00f3n de libros, revistas, flyers, etc.\",\"sameAs\":[\"http:\/\/chento.org\",\"https:\/\/www.facebook.com\/JavierChento\",\"https:\/\/x.com\/https:\/\/twitter.com\/javierchento\"],\"url\":\"http:\/\/vincentians.com\/es\/author\/chento\/\"}]}<\/script>\n<!-- \/ Yoast SEO plugin. -->","yoast_head_json":{"title":"Vida de san Vicente de Pa\u00fal: Libro Primero, Cap\u00edtulo 18 - Somos Vicencianos","robots":{"index":"index","follow":"follow","max-snippet":"max-snippet:-1","max-image-preview":"max-image-preview:large","max-video-preview":"max-video-preview:-1"},"canonical":"http:\/\/vincentians.com\/es\/vida-de-san-vicente-de-paul-libro-primero-capitulo-18\/","og_locale":"es_ES","og_type":"article","og_title":"Vida de san Vicente de Pa\u00fal: Libro Primero, Cap\u00edtulo 18 - Somos Vicencianos","og_description":"Como la fundaci\u00f3n de los Sacerdotes de la Misi\u00f3n era la obra que esta virtuosa Se\u00f1ora hab\u00eda querido m\u00e1s, vislumbrando los frutos que pod\u00eda producir en la Iglesia, en la salvaci\u00f3n y la santificaci\u00f3n de ... Read More","og_url":"http:\/\/vincentians.com\/es\/vida-de-san-vicente-de-paul-libro-primero-capitulo-18\/","og_site_name":"Somos Vicencianos","article_publisher":"https:\/\/www.facebook.com\/WeAreVincentians\/","article_author":"https:\/\/www.facebook.com\/JavierChento","article_published_time":"2020-02-25T07:40:29+00:00","og_image":[{"width":1200,"height":630,"url":"https:\/\/i0.wp.com\/vincentians.com\/es\/wp-content\/uploads\/sites\/11\/2016\/07\/abelly-feat.jpg?fit=1200%2C630","type":"image\/jpeg"}],"author":"Francisco Javier Fern\u00e1ndez Chento","twitter_card":"summary_large_image","twitter_creator":"@https:\/\/twitter.com\/javierchento","twitter_site":"@WeVincentians","twitter_misc":{"Escrito por":"Francisco Javier Fern\u00e1ndez Chento","Tiempo de lectura":"7 minutos"},"schema":{"@context":"https:\/\/schema.org","@graph":[{"@type":"Article","@id":"http:\/\/vincentians.com\/es\/vida-de-san-vicente-de-paul-libro-primero-capitulo-18\/#article","isPartOf":{"@id":"http:\/\/vincentians.com\/es\/vida-de-san-vicente-de-paul-libro-primero-capitulo-18\/"},"author":{"name":"Francisco Javier Fern\u00e1ndez Chento","@id":"http:\/\/vincentians.com\/es\/#\/schema\/person\/9623ef4d9aa3b2dfb8c061f1499288f2"},"headline":"Vida de san Vicente de Pa\u00fal: Libro Primero, Cap\u00edtulo 18","datePublished":"2020-02-25T07:40:29+00:00","mainEntityOfPage":{"@id":"http:\/\/vincentians.com\/es\/vida-de-san-vicente-de-paul-libro-primero-capitulo-18\/"},"wordCount":1464,"commentCount":0,"publisher":{"@id":"http:\/\/vincentians.com\/es\/#organization"},"image":{"@id":"http:\/\/vincentians.com\/es\/vida-de-san-vicente-de-paul-libro-primero-capitulo-18\/#primaryimage"},"thumbnailUrl":"https:\/\/i0.wp.com\/vincentians.com\/es\/wp-content\/uploads\/sites\/11\/2016\/07\/abelly-feat.jpg?fit=1200%2C630","keywords":["Abelly"],"articleSection":["Escritos de Luis Abelly","Vicente de Pa\u00fal"],"inLanguage":"es","potentialAction":[{"@type":"CommentAction","name":"Comment","target":["http:\/\/vincentians.com\/es\/vida-de-san-vicente-de-paul-libro-primero-capitulo-18\/#respond"]}]},{"@type":"WebPage","@id":"http:\/\/vincentians.com\/es\/vida-de-san-vicente-de-paul-libro-primero-capitulo-18\/","url":"http:\/\/vincentians.com\/es\/vida-de-san-vicente-de-paul-libro-primero-capitulo-18\/","name":"Vida de san Vicente de Pa\u00fal: Libro Primero, Cap\u00edtulo 18 - Somos Vicencianos","isPartOf":{"@id":"http:\/\/vincentians.com\/es\/#website"},"primaryImageOfPage":{"@id":"http:\/\/vincentians.com\/es\/vida-de-san-vicente-de-paul-libro-primero-capitulo-18\/#primaryimage"},"image":{"@id":"http:\/\/vincentians.com\/es\/vida-de-san-vicente-de-paul-libro-primero-capitulo-18\/#primaryimage"},"thumbnailUrl":"https:\/\/i0.wp.com\/vincentians.com\/es\/wp-content\/uploads\/sites\/11\/2016\/07\/abelly-feat.jpg?fit=1200%2C630","datePublished":"2020-02-25T07:40:29+00:00","breadcrumb":{"@id":"http:\/\/vincentians.com\/es\/vida-de-san-vicente-de-paul-libro-primero-capitulo-18\/#breadcrumb"},"inLanguage":"es","potentialAction":[{"@type":"ReadAction","target":["http:\/\/vincentians.com\/es\/vida-de-san-vicente-de-paul-libro-primero-capitulo-18\/"]}]},{"@type":"ImageObject","inLanguage":"es","@id":"http:\/\/vincentians.com\/es\/vida-de-san-vicente-de-paul-libro-primero-capitulo-18\/#primaryimage","url":"https:\/\/i0.wp.com\/vincentians.com\/es\/wp-content\/uploads\/sites\/11\/2016\/07\/abelly-feat.jpg?fit=1200%2C630","contentUrl":"https:\/\/i0.wp.com\/vincentians.com\/es\/wp-content\/uploads\/sites\/11\/2016\/07\/abelly-feat.jpg?fit=1200%2C630","width":1200,"height":630},{"@type":"BreadcrumbList","@id":"http:\/\/vincentians.com\/es\/vida-de-san-vicente-de-paul-libro-primero-capitulo-18\/#breadcrumb","itemListElement":[{"@type":"ListItem","position":1,"name":"Portada","item":"http:\/\/vincentians.com\/es\/"},{"@type":"ListItem","position":2,"name":"Vida de san Vicente de Pa\u00fal: Libro Primero, Cap\u00edtulo 18"}]},{"@type":"WebSite","@id":"http:\/\/vincentians.com\/es\/#website","url":"http:\/\/vincentians.com\/es\/","name":"Somos Vicencianos","description":"Know more to serve more","publisher":{"@id":"http:\/\/vincentians.com\/es\/#organization"},"potentialAction":[{"@type":"SearchAction","target":{"@type":"EntryPoint","urlTemplate":"http:\/\/vincentians.com\/es\/?s={search_term_string}"},"query-input":{"@type":"PropertyValueSpecification","valueRequired":true,"valueName":"search_term_string"}}],"inLanguage":"es"},{"@type":"Organization","@id":"http:\/\/vincentians.com\/es\/#organization","name":"The Vincentian Network","url":"http:\/\/vincentians.com\/es\/","logo":{"@type":"ImageObject","inLanguage":"es","@id":"http:\/\/vincentians.com\/es\/#\/schema\/logo\/image\/","url":"https:\/\/i1.wp.com\/vincentians.com\/es\/wp-content\/uploads\/sites\/11\/2016\/06\/Vincentian-Network-logo-big.png?fit=778%2C778","contentUrl":"https:\/\/i1.wp.com\/vincentians.com\/es\/wp-content\/uploads\/sites\/11\/2016\/06\/Vincentian-Network-logo-big.png?fit=778%2C778","width":778,"height":778,"caption":"The Vincentian Network"},"image":{"@id":"http:\/\/vincentians.com\/es\/#\/schema\/logo\/image\/"},"sameAs":["https:\/\/www.facebook.com\/WeAreVincentians\/","https:\/\/x.com\/WeVincentians"]},{"@type":"Person","@id":"http:\/\/vincentians.com\/es\/#\/schema\/person\/9623ef4d9aa3b2dfb8c061f1499288f2","name":"Francisco Javier Fern\u00e1ndez Chento","image":{"@type":"ImageObject","inLanguage":"es","@id":"http:\/\/vincentians.com\/es\/#\/schema\/person\/image\/","url":"https:\/\/secure.gravatar.com\/avatar\/497d5cde87b4c3d097d0315953521681ba2cd523ee66e5077c3711f7021e65de?s=96&d=mm&r=g","contentUrl":"https:\/\/secure.gravatar.com\/avatar\/497d5cde87b4c3d097d0315953521681ba2cd523ee66e5077c3711f7021e65de?s=96&d=mm&r=g","caption":"Francisco Javier Fern\u00e1ndez Chento"},"description":"Director General y cofundador de La Red de Formaci\u00f3n Vicenciana. Javier es laico vicenciano, afiliado a la Congregaci\u00f3n de la Misi\u00f3n y miembro del Equipo de Misiones Populares de la provincia can\u00f3nica de Zaragoza (Espa\u00f1a) de la Congregaci\u00f3n de la Misi\u00f3n. Graduado en la Universidad Oberta de Catalunya con cuatro grados (Asistente de direcci\u00f3n, Gesti\u00f3n Administrativa, Recursos Humanos y Contabilidad Avanzada). Bil\u00edng\u00fce Espa\u00f1ol\/Ingl\u00e9s. gestiona y mantiene varias p\u00e1ginas web cristianas y vicencianas, incluida including La Red de Formaci\u00f3n Vicenciana, de la que es cofundador. Actualmente es responsable del \u00e1rea de Espa\u00f1ol de .famvin, la Red de Noticias de la Familia Vicenciana. Tambi\u00e9n es m\u00fasico cat\u00f3lico y ha editado varios discos. Es Director General y cofundador de Trovador, una reconocida compa\u00f1\u00eda discogr\u00e1fica critiana de Espa\u00f1a. Trabaja en las Tecnolog\u00edas de la Informaci\u00f3n, ofreciendo servicios de alojamiento, dise\u00f1o y mantenimiento Web, as\u00ed como asesoramiento, formaci\u00f3n y soluciones inform\u00e1ticas, gesti\u00f3n documental y digitalizaci\u00f3n de textos, edici\u00f3n y maquetaci\u00f3n de libros, revistas, flyers, etc.","sameAs":["http:\/\/chento.org","https:\/\/www.facebook.com\/JavierChento","https:\/\/x.com\/https:\/\/twitter.com\/javierchento"],"url":"http:\/\/vincentians.com\/es\/author\/chento\/"}]}},"jetpack_publicize_connections":[],"jetpack_featured_media_url":"https:\/\/i0.wp.com\/vincentians.com\/es\/wp-content\/uploads\/sites\/11\/2016\/07\/abelly-feat.jpg?fit=1200%2C630","jetpack_sharing_enabled":true,"jetpack_shortlink":"https:\/\/wp.me\/p7ETMF-7LZ","jetpack-related-posts":[{"id":121668,"url":"http:\/\/vincentians.com\/es\/san-vicente-de-paul-y-los-gondi-capitulo-11\/","url_meta":{"origin":29883,"position":0},"title":"San Vicente de Pa\u00fal y los Gondi: Cap\u00edtulo 11","author":"Francisco Javier Fern\u00e1ndez Chento","date":"21\/07\/2024","format":false,"excerpt":"Cap\u00edtulo XI El P. de Gondi en el Oratorio. - Carta in\u00e9dita del cardenal Spada. - Fundaciones hechas en el Oratorio por el P. de Gondi y la Sra. de Maignelais. - El P. de Gondi y los Carmelitas. - El P. de Gondi, Vicente de Pa\u00fal y los Jansenistas.\u2026","rel":"","context":"En \u00abVicente de Pa\u00fal\u00bb","block_context":{"text":"Vicente de Pa\u00fal","link":"http:\/\/vincentians.com\/es\/category\/la-familia-vicenciana\/fundadores\/vicente-de-paul\/"},"img":{"alt_text":"","src":"https:\/\/i0.wp.com\/vincentians.com\/es\/wp-content\/uploads\/sites\/11\/2023\/08\/aaaf.jpg?fit=1200%2C827&resize=350%2C200","width":350,"height":200,"srcset":"https:\/\/i0.wp.com\/vincentians.com\/es\/wp-content\/uploads\/sites\/11\/2023\/08\/aaaf.jpg?fit=1200%2C827&resize=350%2C200 1x, https:\/\/i0.wp.com\/vincentians.com\/es\/wp-content\/uploads\/sites\/11\/2023\/08\/aaaf.jpg?fit=1200%2C827&resize=525%2C300 1.5x, https:\/\/i0.wp.com\/vincentians.com\/es\/wp-content\/uploads\/sites\/11\/2023\/08\/aaaf.jpg?fit=1200%2C827&resize=700%2C400 2x, https:\/\/i0.wp.com\/vincentians.com\/es\/wp-content\/uploads\/sites\/11\/2023\/08\/aaaf.jpg?fit=1200%2C827&resize=1050%2C600 3x"},"classes":[]},{"id":121638,"url":"http:\/\/vincentians.com\/es\/san-vicente-de-paul-y-los-gondi-capitulo-05\/","url_meta":{"origin":29883,"position":1},"title":"San Vicente de Pa\u00fal y los Gondi: Cap\u00edtulo 05","author":"Francisco Javier Fern\u00e1ndez Chento","date":"07\/07\/2024","format":false,"excerpt":"Cap\u00edtulo V Vicente de Pa\u00fal y la Sra. de Gondi en el castillo de Folleville. - Nacimiento de la obra de las Misiones. - Salida de Vicente de la casa de Gondi. - Vicente, p\u00e1rroco de Chatillon-lez-Dombes. A comienzos del a\u00f1o de 1617, la familia de Gondi se hallaba reunida\u2026","rel":"","context":"En \u00abVicente de Pa\u00fal\u00bb","block_context":{"text":"Vicente de Pa\u00fal","link":"http:\/\/vincentians.com\/es\/category\/la-familia-vicenciana\/fundadores\/vicente-de-paul\/"},"img":{"alt_text":"","src":"https:\/\/i0.wp.com\/vincentians.com\/es\/wp-content\/uploads\/sites\/11\/2023\/08\/aaaf.jpg?fit=1200%2C827&resize=350%2C200","width":350,"height":200,"srcset":"https:\/\/i0.wp.com\/vincentians.com\/es\/wp-content\/uploads\/sites\/11\/2023\/08\/aaaf.jpg?fit=1200%2C827&resize=350%2C200 1x, https:\/\/i0.wp.com\/vincentians.com\/es\/wp-content\/uploads\/sites\/11\/2023\/08\/aaaf.jpg?fit=1200%2C827&resize=525%2C300 1.5x, https:\/\/i0.wp.com\/vincentians.com\/es\/wp-content\/uploads\/sites\/11\/2023\/08\/aaaf.jpg?fit=1200%2C827&resize=700%2C400 2x, https:\/\/i0.wp.com\/vincentians.com\/es\/wp-content\/uploads\/sites\/11\/2023\/08\/aaaf.jpg?fit=1200%2C827&resize=1050%2C600 3x"},"classes":[]},{"id":101805,"url":"http:\/\/vincentians.com\/es\/vida-del-senor-vicente-de-paul-interludio\/","url_meta":{"origin":29883,"position":2},"title":"Vida del Se\u00f1or Vicente de Pa\u00fal: Interludio","author":"Francisco Javier Fern\u00e1ndez Chento","date":"11\/05\/2015","format":false,"excerpt":"Interludio Mientras hace su d\u00eda de retiro el se\u00f1or Vicente vamos tambi\u00e9n nosotros a hacer un alto de descanso en la narraci\u00f3n de su vida. La na\u00adrraci\u00f3n contin\u00faa en 1634. El lector apresurado puede -saltarse limpiamente este in\u00adterludio y continuar a partir de ese punto. No sufrir\u00e1 mucho con ello\u2026","rel":"","context":"En \u00abVicente de Pa\u00fal\u00bb","block_context":{"text":"Vicente de Pa\u00fal","link":"http:\/\/vincentians.com\/es\/category\/la-familia-vicenciana\/fundadores\/vicente-de-paul\/"},"img":{"alt_text":"sanvibiblia","src":"https:\/\/i0.wp.com\/vicencianos.org\/wp-content\/2012\/08\/sanvibiblia-300x300.png?resize=350%2C200","width":350,"height":200},"classes":[]},{"id":42742,"url":"http:\/\/vincentians.com\/es\/bienhechores-en-tiempos-de-san-vicente\/","url_meta":{"origin":29883,"position":3},"title":"Bienhechores en tiempos de San Vicente","author":"Francisco Javier Fern\u00e1ndez Chento","date":"20\/12\/2014","format":false,"excerpt":"En los compendios de nuestras antiguas Noticias, en los recuerdos de los piadosos Misioneros, se halla a la vez el de los bienhechores de la\u00a0 Congregaci\u00f3n. Nada era tan conforme en los sentimientos de san Vicente de Pa\u00fal quien dec\u00eda: \"Tengo dos cosas en m\u00ed el agradecimiento y que no\u2026","rel":"","context":"En \u00abEn tiempos de Vicente de Pa\u00fal\u00bb","block_context":{"text":"En tiempos de Vicente de Pa\u00fal","link":"http:\/\/vincentians.com\/es\/category\/historia-de-la-familia-vicenciana\/en-tiempos-de-vicente-de-paul\/"},"img":{"alt_text":"","src":"https:\/\/i0.wp.com\/vicencianos.org\/wp-content\/2011\/06\/ESCUDOCM3-237x300.jpg?resize=350%2C200","width":350,"height":200},"classes":[]},{"id":119735,"url":"http:\/\/vincentians.com\/es\/san-vicente-y-espana\/","url_meta":{"origin":29883,"position":4},"title":"San Vicente de Pa\u00fal y Espa\u00f1a","author":"Francisco Javier Fern\u00e1ndez Chento","date":"06\/06\/2015","format":false,"excerpt":"Escritos de San Vicente San Vicente ten\u00eda ideas claras sobre Espa\u00f1a, a juzgar por sus escritos: Habla de sus Universidades y colegios, y de la buena salud de la fe cat\u00f3lica en aquel Reino ; en sucesivas ocasiones nos deja ver sus atinados juicios sobre la pol\u00edtica franco-espa\u00f1ola, hace transacciones\u2026","rel":"","context":"En \u00abEn tiempos de Vicente de Pa\u00fal\u00bb","block_context":{"text":"En tiempos de Vicente de Pa\u00fal","link":"http:\/\/vincentians.com\/es\/category\/historia-de-la-familia-vicenciana\/en-tiempos-de-vicente-de-paul\/"},"img":{"alt_text":"sello_4694","src":"https:\/\/i0.wp.com\/vicencianos.org\/wp-content\/2013\/04\/sello_4694-258x300.jpg?resize=350%2C200","width":350,"height":200},"classes":[]},{"id":119552,"url":"http:\/\/vincentians.com\/es\/san-vicente-de-paul-y-su-entronque-hispanico-v\/","url_meta":{"origin":29883,"position":5},"title":"San Vicente de Pa\u00fal y su entronque hisp\u00e1nico (V)","author":"Francisco Javier Fern\u00e1ndez Chento","date":"09\/05\/2013","format":false,"excerpt":"Art\u00edculo segundo: Pruebas 1.- La tradici\u00f3n universitaria La tradici\u00f3n de la Universidad cesaraugustana consta en documentos escritos anteriores a su beatificaci\u00f3n. Cuando el Arzobispo de Zaragoza fund\u00f3 el Seminario de Belchite 1724, la Universidad se alz\u00f3 en queja ante el trono de Felipe V, alegando a su favor el hecho\u2026","rel":"","context":"En \u00abVicente de Pa\u00fal\u00bb","block_context":{"text":"Vicente de Pa\u00fal","link":"http:\/\/vincentians.com\/es\/category\/la-familia-vicenciana\/fundadores\/vicente-de-paul\/"},"img":{"alt_text":"SANV","src":"https:\/\/i0.wp.com\/vicencianos.org\/wp-content\/2013\/04\/SANV.jpg?resize=350%2C200","width":350,"height":200},"classes":[]}],"_links":{"self":[{"href":"http:\/\/vincentians.com\/es\/wp-json\/wp\/v2\/posts\/29883","targetHints":{"allow":["GET"]}}],"collection":[{"href":"http:\/\/vincentians.com\/es\/wp-json\/wp\/v2\/posts"}],"about":[{"href":"http:\/\/vincentians.com\/es\/wp-json\/wp\/v2\/types\/post"}],"author":[{"embeddable":true,"href":"http:\/\/vincentians.com\/es\/wp-json\/wp\/v2\/users\/4"}],"replies":[{"embeddable":true,"href":"http:\/\/vincentians.com\/es\/wp-json\/wp\/v2\/comments?post=29883"}],"version-history":[{"count":1,"href":"http:\/\/vincentians.com\/es\/wp-json\/wp\/v2\/posts\/29883\/revisions"}],"predecessor-version":[{"id":402774,"href":"http:\/\/vincentians.com\/es\/wp-json\/wp\/v2\/posts\/29883\/revisions\/402774"}],"wp:featuredmedia":[{"embeddable":true,"href":"http:\/\/vincentians.com\/es\/wp-json\/wp\/v2\/media\/149583"}],"wp:attachment":[{"href":"http:\/\/vincentians.com\/es\/wp-json\/wp\/v2\/media?parent=29883"}],"wp:term":[{"taxonomy":"category","embeddable":true,"href":"http:\/\/vincentians.com\/es\/wp-json\/wp\/v2\/categories?post=29883"},{"taxonomy":"post_tag","embeddable":true,"href":"http:\/\/vincentians.com\/es\/wp-json\/wp\/v2\/tags?post=29883"}],"curies":[{"name":"wp","href":"https:\/\/api.w.org\/{rel}","templated":true}]}}