{"id":29882,"date":"2020-02-24T08:40:29","date_gmt":"2020-02-24T07:40:29","guid":{"rendered":"http:\/\/somos.vicencianos.org\/blog\/29882\/vida-de-san-vicente-de-paul-libro-primero-capitulo-17\/"},"modified":"2020-01-26T20:33:30","modified_gmt":"2020-01-26T19:33:30","slug":"vida-de-san-vicente-de-paul-libro-primero-capitulo-17","status":"publish","type":"post","link":"http:\/\/vincentians.com\/es\/vida-de-san-vicente-de-paul-libro-primero-capitulo-17\/","title":{"rendered":"Vida de san Vicente de Pa\u00fal: Libro Primero, Cap\u00edtulo 17"},"content":{"rendered":"<p>La Se\u00f1ora Generala de las Galeras, tal como ya lo hemos dicho, en cuanto reconoci\u00f3 la necesidad y los frutos de las misiones, hab\u00eda concebido, al cabo de varios a\u00f1os, el piadoso prop\u00f3sito de hacer una fundaci\u00f3n para el mantenimiento y la subsistencia de algunos buenos sacerdotes o religiosos que fueran de vez en cuando a ejercer aquella obra de caridad en sus tierras. Y el deseo de ver cumplido aquel plan iba creciendo cada d\u00eda en su coraz\u00f3n, de forma que, renovando todos los a\u00f1os su testamento, en virtud del cual destinaba diecis\u00e9is mil libras para aquella buena obra, encomend\u00f3 tambi\u00e9n al Sr. Vicente su ejecuci\u00f3n, quien por su parte buscaba por todos los lados los medios y la ocasi\u00f3n propicios para poder realizar el plan de la virtuosa Se\u00f1ora. Habl\u00f3 varias veces con Superiores de diversas comunidades y emple\u00f3 toda su habilidad para persuadirles que aceptaran aquella fundaci\u00f3n. Pero no pudo conseguir su prop\u00f3sito, al no encontrar ning\u00fan superior que quisiera comprometer a su comunidad. Todos ten\u00edan sus razones particulares y pensaban que no deb\u00edan aceptar. Mas la raz\u00f3n principal era que Dios reservaba esa obra al Sr. Vicente<\/p>\n<p>Y como la Providencia dispone suavemente de todas las cosas para llegar a su propio fin, us\u00f3 de las causas segundas m\u00e1s adecuadas para lograr sus fines y para comprometer al fiel siervo en aquella obra. Veamos de qu\u00e9 modo<\/p>\n<p>La Se\u00f1ora Generala, cuando conoci\u00f3 la negativa de las Comunidades Religiosas, y, m\u00e1s, cuando vio que varios doctores y otros virtuosos sacerdotes se reun\u00edan habitualmente con el Sr. Vicente para trabajar en las misiones, pens\u00f3 que si hubiera una casa en Par\u00eds destinada a quienes quisieran continuar las misiones, algunos de ellos podr\u00edan retirarse a ella y vivir juntos en una especie de comunidad. En ella podr\u00edan ser recibidos m\u00e1s adelante otros sacerdotes, y as\u00ed aquella buena obra podr\u00eda perpetuarse, y su fundaci\u00f3n conseguir el efecto que pretend\u00eda. Habl\u00f3 con su Se\u00f1or marido, quien no s\u00f3lo aprob\u00f3 el pensamiento de su mujer, sino que quiso constituirse tambi\u00e9n \u00e9l en fundador conjuntamente con ella, y ambos comunicaron su proyecto al Sr. Juan Francisco de Gondi, hermano suyo, sucesor del Sr. Cardenal de Retz en el gobierno de la iglesia de Par\u00eds y su primer arzobispo, el cual dio por bueno su celo. Y considerando que su di\u00f3cesis podr\u00eda recibir de las misiones muchas ventajas, quiso contribuir a ellas destinando el Colegio de Bons-Enfants, que depend\u00eda de \u00e9l, para vivienda de aquellos sacerdotes. Despu\u00e9s de haber considerado juntos lo que ser\u00eda m\u00e1s conveniente para conseguir un bien tan grande, decidieron hablar los tres juntos con el Sr. Vicente para rebatir todas las excusas que su humildad podr\u00eda presentar y obligarle con mayor eficacia a ponerse de acuerdo con ellos.<\/p>\n<p>Lo cual sucedi\u00f3 de acuerdo con dicho plan, ya que el gran respeto que les ten\u00eda el Sr. Vicente a los tres, lo hizo ceder en todo lo que deseaban de \u00e9l. Acept\u00f3 la propuesta que le hicieron, primero de recibir la Principal\u00eda del Colegio con la direcci\u00f3n de los sacerdotes que se retiraban con \u00e9l all\u00ed, y de las misiones a las que se dedicar\u00edan; segundo, de aceptar la Fundaci\u00f3n en nombre de dichos sacerdotes, y, en tercer lugar, de elegir \u00e9l mismo a los que hallase aptos y dispuestos para aquel piadoso proyecto.<\/p>\n<p>Resuelta que fue la cosa, se llev\u00f3 a la pr\u00e1ctica inmediatamente y d\u00edas m\u00e1s tarde, es decir, el primer d\u00eda de marzo de 1624, el Sr. Arzobispo le hizo expedir la documentaci\u00f3n de la Principal\u00eda del Colegio de Bons-Enfants.<\/p>\n<p>Y el 17 de abril del a\u00f1o siguiente, el Sr. General de las Galeras, y la Se\u00f1ora, su esposa, firmaron el Contrato de Fundaci\u00f3n, que por orden suya y siguiendo sus intenciones fue redactado en unos t\u00e9rminos dignos de su piedad:<\/p>\n<p><em>\u00abDeclararon, en primer lugar, que, habi\u00e9ndoles dado Dios desde hace algunos a\u00f1os el deseo de procurar su honor tanto en sus tierras como en otros lugares, ya que su Divina Majestad ha querido proveer por su misericordia infinita a las necesidades espirituales de los habitantes de las ciudades por medio de gran n\u00famero de buenos doctores y de virtuosos religiosos que les predican y catequizan y que los conservan en el esp\u00edritu de devoci\u00f3n, hab\u00edan pensado que \u00fanicamente quedaba el pobre pueblo del campo poco menos que abandonado\u00bb<\/em><\/p>\n<p><em>\u00abPor eso les ha parecido que se podr\u00eda remediar esta situaci\u00f3n con la piadosa asociaci\u00f3n de algunos eclesi\u00e1sticos de reconocida doctrina, piedad y capacidad, que desearan renunciar tanto a las comodidades de dichas ciudades, como a todos los beneficios, cargos y dignidades de la Iglesia, para que, con el benepl\u00e1cito de los prelados, se dedicaran por entero y exclusivamente a la salvaci\u00f3n del pobre pueblo, yendo de aldea en aldea a expensa de la bolsa com\u00fan, predicando, instruyendo, exhortando y catequizando a esa pobre gente y movi\u00e9ndola a hacer una confesi\u00f3n general de toda su vida pasada, sin recibir por eso retribuci\u00f3n de ninguna clase, con el fin de distribuir gratuitamente los dones que hayan recibido de la mano de Dios\u00bb<\/em><\/p>\n<p><em>\u00abPara conseguirlo, dichos Se\u00f1or y Se\u00f1ora, en reconocimiento de los bienes y gracias que han recibido y reciben diariamente de su Divina Majestad, para contribuir al ardiente deseo que ella tiene de la salvaci\u00f3n de las pobres almas, para honrar el misterio de la Encarnaci\u00f3n, de la vida y de la muerte de Jesucristo Nuestro Se\u00f1or, por amor a su Sant\u00edsima Madre, y tambi\u00e9n para poder alcanzar la gracia de vivir tan bien el resto de sus d\u00edas de forma que puedan con su familia llegar a la gloria eterna, y para este fin, dichos Se\u00f1or y Se\u00f1ora han dado y entregado de limosna la cantidad de cuarenta mil libras contantes en manos del Sr. Vicente de Pa\u00fal, sacerdote de la di\u00f3cesis de Dax con las cl\u00e1usulas y cargas siguientes. A saber, que dichos Se\u00f1or y Se\u00f1ora han puesto y ponen en poder del Se\u00f1or Pa\u00fal la facultad de elegir y escoger en un a\u00f1o tal n\u00famero de personas eclesi\u00e1sticas, como la renta de la presente fundaci\u00f3n pueda sostener, cuya doctrina, piedad, buenas costumbres e integridad de vida le sean conocidas, para trabajar en dicha obra bajo su direcci\u00f3n, mientras viva. Es lo que dichos Se\u00f1or y Se\u00f1ora piensan y desean expresamente, tanto por la confianza que tienen en sus dotes de gobierno, como por la experiencia que ya ha adquirido en dichas misiones, a las que Dios les ha concedido una gran bendici\u00f3n. A pesar de esa direcci\u00f3n, dichos Se\u00f1or y Se\u00f1ora desean que el Se\u00f1or de Pa\u00fal siga residiendo en su casa de ellos como hasta ahora, para que les siga ofreciendo a ellos y a su familia la asistencia espiritual que desde hace largos a\u00f1os les viene prestando\u00bb<\/em><\/p>\n<p><em>\u00abQue dichos eclesi\u00e1sticos y otros que en la actualidad y en el porvenir quieran consagrarse a esta santa obra se dedicar\u00e1n enteramente al cuidado delpobre pueblo del campo, y a este fin, quedar\u00e1n obligados a no predicar ni administrar ning\u00fan sacramento en las ciudades en las que haya arzobispado, obispado o tribunal de primera instancia, sino en caso de notable necesidad. Que dichos eclesi\u00e1sticos vivir\u00e1n en comunidad bajo la obediencia del Sr. de Pa\u00fal y de los Superiores sucesores suyos despu\u00e9s de su muerte con el nombre de Compa\u00f1\u00eda o Congregaci\u00f3n de los Sacerdotes de la Misi\u00f3n. Que los que sean admitidos en dicha obra, quedar\u00e1n obligados a tener intenci\u00f3n de servir en ella a Dios de la forma indicada, y a observar el Reglamento que ser\u00e1 redactado a ese efecto. Que estar\u00e1n obligados a ir cada cinco a\u00f1os por todas las tierras de dichos Se\u00f1or y Se\u00f1ora para predicar en ellas, confesar, catequizar y hacer todas las buenas obras arriba indicadas; y a asistir espiritualmente a los pobres forzados, para que se aprovechen de sus sufrimientos y para que el Sr. General satisfaga as\u00ed a sus obligaciones; caridad que \u00e9l entiende que debe ser continuada a perpetuidad con los forzados por dichos eclesi\u00e1sticos por buenas y justas razones. Y finalmente, que dichos Se\u00f1or y Se\u00f1ora se considerar\u00e1n ambos a dos fundadores de la obra, y como tales, ellos y sus herederos y sucesores descendientes de su familia gozar\u00e1n a perpetuidad de los derechos y las prerrogativas concedidas y otorgadas a los Patronos por los Santos C\u00e1nones, exceptuando el derecho de nombrar para los cargos, cosa a la que han renunciado\u00bb<\/em><\/p>\n<p>Hay algunas cl\u00e1usulas m\u00e1s en el contrato, que se refieren al buen orden que debe ser observado por dichos Sacerdotes, tanto en el espacio que media entre dos misiones, como en su propia perfecci\u00f3n, pero ser\u00edan demasiado largas para ser transcritas. Lo arriba extractado bastar\u00e1 para dar a conocer no s\u00f3lo cu\u00e1l fue la primera fundaci\u00f3n de los Sacerdotes de la Congregaci\u00f3n de la Misi\u00f3n, sino tambi\u00e9n cu\u00e1n pura y agradable a Dios fue la intenci\u00f3n de sus primeros fundadores, pues s\u00f3lo buscaron la mayor gloria de Dios y la salvaci\u00f3n de las almas que parec\u00edan m\u00e1s abandonadas, tales como las de los pobres campesinos. Y lo que es particularmente digno de cr\u00e9dito, y que nos hace ver el gran desinter\u00e9s en este asunto es que no quisieron imponer ninguna obligaci\u00f3n de misas, ni de oraciones por ellos, ni otras cargas o buenas obras que les fueran especialmente aplicables ya durante la vida o despu\u00e9s de la muerte; para que los Sacerdotes de esta Congregaci\u00f3n, desprendidos de esa clase de obligaciones, pudieran con m\u00e1s libertad dedicarse a las fundaciones de su ministerio, y trabajaran con m\u00e1s asiduidad en las misiones. Estos caritativos fundadores se vieron as\u00ed voluntariamente privados de todos los consuelos espirituales que hubieran podido pretender, para que los pobres fueran mejor servidos y socorridos y por ese medio Dios fuera m\u00e1s glorificado<\/p>\n<p>Poco tiempo despu\u00e9s de firmado el contrato, el Sr. General de las Galeras se march\u00f3 a Provenza, y la Se\u00f1ora qued\u00f3 en Par\u00eds, ambos muy contentos por el sacrificio que acababan de ofrecer a Dios, y satisfech\u00edsimos de haber asegurado su fundaci\u00f3n, al haberla puesto en manos del Sr. Vicente, persona en quien depositaban toda su confianza: daban por cierto que se comportar\u00eda como el siervo vigilante del Evangelio, que trat\u00f3 de sacar provecho de los talentos recibidos de su amo. No quedaron frustradas sus esperanzas: esta primera fundaci\u00f3n tuvo tal \u00e9xito en manos y bajo la direcci\u00f3n sabia y fiel del Sr. Vicente, que ha llegado a producir gran n\u00famero de otras, con la bendici\u00f3n que Dios ha querido darle, como lo veremos m\u00e1s adelante en este libro.<\/p>\n","protected":false},"excerpt":{"rendered":"<p>La Se\u00f1ora Generala de las Galeras, tal como ya lo hemos dicho, en cuanto reconoci\u00f3 la necesidad y los frutos de las misiones, hab\u00eda concebido, al cabo de varios a\u00f1os, el piadoso prop\u00f3sito de hacer &#8230; <a href=\"http:\/\/vincentians.com\/es\/vida-de-san-vicente-de-paul-libro-primero-capitulo-17\/\" class=\"more-link\">Read More<\/a><\/p>\n","protected":false},"author":4,"featured_media":149583,"comment_status":"open","ping_status":"open","sticky":false,"template":"","format":"standard","meta":{"jetpack_post_was_ever_published":false,"_jetpack_newsletter_access":"","_jetpack_dont_email_post_to_subs":false,"_jetpack_newsletter_tier_id":0,"_jetpack_memberships_contains_paywalled_content":false,"_jetpack_memberships_contains_paid_content":false,"footnotes":"","jetpack_publicize_message":"","jetpack_publicize_feature_enabled":true,"jetpack_social_post_already_shared":true,"jetpack_social_options":{"image_generator_settings":{"template":"highway","default_image_id":0,"font":"","enabled":false},"version":2}},"categories":[266,5],"tags":[218,119],"class_list":["post-29882","post","type-post","status-publish","format-standard","has-post-thumbnail","hentry","category-escritos-de-luis-abelly","category-vicente-de-paul","tag-abelly","tag-gondi"],"yoast_head":"<!-- This site is optimized with the Yoast SEO plugin v26.3 - https:\/\/yoast.com\/wordpress\/plugins\/seo\/ -->\n<title>Vida de san Vicente de Pa\u00fal: Libro Primero, Cap\u00edtulo 17 - Somos Vicencianos<\/title>\n<meta name=\"robots\" content=\"index, follow, max-snippet:-1, max-image-preview:large, max-video-preview:-1\" \/>\n<link rel=\"canonical\" href=\"http:\/\/vincentians.com\/es\/vida-de-san-vicente-de-paul-libro-primero-capitulo-17\/\" \/>\n<meta property=\"og:locale\" content=\"es_ES\" \/>\n<meta property=\"og:type\" content=\"article\" \/>\n<meta property=\"og:title\" content=\"Vida de san Vicente de Pa\u00fal: Libro Primero, Cap\u00edtulo 17 - Somos Vicencianos\" \/>\n<meta property=\"og:description\" content=\"La Se\u00f1ora Generala de las Galeras, tal como ya lo hemos dicho, en cuanto reconoci\u00f3 la necesidad y los frutos de las misiones, hab\u00eda concebido, al cabo de varios a\u00f1os, el piadoso prop\u00f3sito de hacer ... Read More\" \/>\n<meta property=\"og:url\" content=\"http:\/\/vincentians.com\/es\/vida-de-san-vicente-de-paul-libro-primero-capitulo-17\/\" \/>\n<meta property=\"og:site_name\" content=\"Somos Vicencianos\" \/>\n<meta property=\"article:publisher\" content=\"https:\/\/www.facebook.com\/WeAreVincentians\/\" \/>\n<meta property=\"article:author\" content=\"https:\/\/www.facebook.com\/JavierChento\" \/>\n<meta property=\"article:published_time\" content=\"2020-02-24T07:40:29+00:00\" \/>\n<meta property=\"og:image\" content=\"https:\/\/i0.wp.com\/vincentians.com\/es\/wp-content\/uploads\/sites\/11\/2016\/07\/abelly-feat.jpg?fit=1200%2C630\" \/>\n\t<meta property=\"og:image:width\" content=\"1200\" \/>\n\t<meta property=\"og:image:height\" content=\"630\" \/>\n\t<meta property=\"og:image:type\" content=\"image\/jpeg\" \/>\n<meta name=\"author\" content=\"Francisco Javier Fern\u00e1ndez Chento\" \/>\n<meta name=\"twitter:card\" content=\"summary_large_image\" \/>\n<meta name=\"twitter:creator\" content=\"@https:\/\/twitter.com\/javierchento\" \/>\n<meta name=\"twitter:site\" content=\"@WeVincentians\" \/>\n<meta name=\"twitter:label1\" content=\"Escrito por\" \/>\n\t<meta name=\"twitter:data1\" content=\"Francisco Javier Fern\u00e1ndez Chento\" \/>\n\t<meta name=\"twitter:label2\" content=\"Tiempo de lectura\" \/>\n\t<meta name=\"twitter:data2\" content=\"10 minutos\" \/>\n<script type=\"application\/ld+json\" class=\"yoast-schema-graph\">{\"@context\":\"https:\/\/schema.org\",\"@graph\":[{\"@type\":\"Article\",\"@id\":\"http:\/\/vincentians.com\/es\/vida-de-san-vicente-de-paul-libro-primero-capitulo-17\/#article\",\"isPartOf\":{\"@id\":\"http:\/\/vincentians.com\/es\/vida-de-san-vicente-de-paul-libro-primero-capitulo-17\/\"},\"author\":{\"name\":\"Francisco Javier Fern\u00e1ndez Chento\",\"@id\":\"http:\/\/vincentians.com\/es\/#\/schema\/person\/9623ef4d9aa3b2dfb8c061f1499288f2\"},\"headline\":\"Vida de san Vicente de Pa\u00fal: Libro Primero, Cap\u00edtulo 17\",\"datePublished\":\"2020-02-24T07:40:29+00:00\",\"mainEntityOfPage\":{\"@id\":\"http:\/\/vincentians.com\/es\/vida-de-san-vicente-de-paul-libro-primero-capitulo-17\/\"},\"wordCount\":1917,\"commentCount\":0,\"publisher\":{\"@id\":\"http:\/\/vincentians.com\/es\/#organization\"},\"image\":{\"@id\":\"http:\/\/vincentians.com\/es\/vida-de-san-vicente-de-paul-libro-primero-capitulo-17\/#primaryimage\"},\"thumbnailUrl\":\"https:\/\/i0.wp.com\/vincentians.com\/es\/wp-content\/uploads\/sites\/11\/2016\/07\/abelly-feat.jpg?fit=1200%2C630\",\"keywords\":[\"Abelly\",\"Gondi\"],\"articleSection\":[\"Escritos de Luis Abelly\",\"Vicente de Pa\u00fal\"],\"inLanguage\":\"es\",\"potentialAction\":[{\"@type\":\"CommentAction\",\"name\":\"Comment\",\"target\":[\"http:\/\/vincentians.com\/es\/vida-de-san-vicente-de-paul-libro-primero-capitulo-17\/#respond\"]}]},{\"@type\":\"WebPage\",\"@id\":\"http:\/\/vincentians.com\/es\/vida-de-san-vicente-de-paul-libro-primero-capitulo-17\/\",\"url\":\"http:\/\/vincentians.com\/es\/vida-de-san-vicente-de-paul-libro-primero-capitulo-17\/\",\"name\":\"Vida de san Vicente de Pa\u00fal: Libro Primero, Cap\u00edtulo 17 - Somos Vicencianos\",\"isPartOf\":{\"@id\":\"http:\/\/vincentians.com\/es\/#website\"},\"primaryImageOfPage\":{\"@id\":\"http:\/\/vincentians.com\/es\/vida-de-san-vicente-de-paul-libro-primero-capitulo-17\/#primaryimage\"},\"image\":{\"@id\":\"http:\/\/vincentians.com\/es\/vida-de-san-vicente-de-paul-libro-primero-capitulo-17\/#primaryimage\"},\"thumbnailUrl\":\"https:\/\/i0.wp.com\/vincentians.com\/es\/wp-content\/uploads\/sites\/11\/2016\/07\/abelly-feat.jpg?fit=1200%2C630\",\"datePublished\":\"2020-02-24T07:40:29+00:00\",\"breadcrumb\":{\"@id\":\"http:\/\/vincentians.com\/es\/vida-de-san-vicente-de-paul-libro-primero-capitulo-17\/#breadcrumb\"},\"inLanguage\":\"es\",\"potentialAction\":[{\"@type\":\"ReadAction\",\"target\":[\"http:\/\/vincentians.com\/es\/vida-de-san-vicente-de-paul-libro-primero-capitulo-17\/\"]}]},{\"@type\":\"ImageObject\",\"inLanguage\":\"es\",\"@id\":\"http:\/\/vincentians.com\/es\/vida-de-san-vicente-de-paul-libro-primero-capitulo-17\/#primaryimage\",\"url\":\"https:\/\/i0.wp.com\/vincentians.com\/es\/wp-content\/uploads\/sites\/11\/2016\/07\/abelly-feat.jpg?fit=1200%2C630\",\"contentUrl\":\"https:\/\/i0.wp.com\/vincentians.com\/es\/wp-content\/uploads\/sites\/11\/2016\/07\/abelly-feat.jpg?fit=1200%2C630\",\"width\":1200,\"height\":630},{\"@type\":\"BreadcrumbList\",\"@id\":\"http:\/\/vincentians.com\/es\/vida-de-san-vicente-de-paul-libro-primero-capitulo-17\/#breadcrumb\",\"itemListElement\":[{\"@type\":\"ListItem\",\"position\":1,\"name\":\"Portada\",\"item\":\"http:\/\/vincentians.com\/es\/\"},{\"@type\":\"ListItem\",\"position\":2,\"name\":\"Vida de san Vicente de Pa\u00fal: Libro Primero, Cap\u00edtulo 17\"}]},{\"@type\":\"WebSite\",\"@id\":\"http:\/\/vincentians.com\/es\/#website\",\"url\":\"http:\/\/vincentians.com\/es\/\",\"name\":\"Somos Vicencianos\",\"description\":\"Know more to serve more\",\"publisher\":{\"@id\":\"http:\/\/vincentians.com\/es\/#organization\"},\"potentialAction\":[{\"@type\":\"SearchAction\",\"target\":{\"@type\":\"EntryPoint\",\"urlTemplate\":\"http:\/\/vincentians.com\/es\/?s={search_term_string}\"},\"query-input\":{\"@type\":\"PropertyValueSpecification\",\"valueRequired\":true,\"valueName\":\"search_term_string\"}}],\"inLanguage\":\"es\"},{\"@type\":\"Organization\",\"@id\":\"http:\/\/vincentians.com\/es\/#organization\",\"name\":\"The Vincentian Network\",\"url\":\"http:\/\/vincentians.com\/es\/\",\"logo\":{\"@type\":\"ImageObject\",\"inLanguage\":\"es\",\"@id\":\"http:\/\/vincentians.com\/es\/#\/schema\/logo\/image\/\",\"url\":\"https:\/\/i1.wp.com\/vincentians.com\/es\/wp-content\/uploads\/sites\/11\/2016\/06\/Vincentian-Network-logo-big.png?fit=778%2C778\",\"contentUrl\":\"https:\/\/i1.wp.com\/vincentians.com\/es\/wp-content\/uploads\/sites\/11\/2016\/06\/Vincentian-Network-logo-big.png?fit=778%2C778\",\"width\":778,\"height\":778,\"caption\":\"The Vincentian Network\"},\"image\":{\"@id\":\"http:\/\/vincentians.com\/es\/#\/schema\/logo\/image\/\"},\"sameAs\":[\"https:\/\/www.facebook.com\/WeAreVincentians\/\",\"https:\/\/x.com\/WeVincentians\"]},{\"@type\":\"Person\",\"@id\":\"http:\/\/vincentians.com\/es\/#\/schema\/person\/9623ef4d9aa3b2dfb8c061f1499288f2\",\"name\":\"Francisco Javier Fern\u00e1ndez Chento\",\"image\":{\"@type\":\"ImageObject\",\"inLanguage\":\"es\",\"@id\":\"http:\/\/vincentians.com\/es\/#\/schema\/person\/image\/\",\"url\":\"https:\/\/secure.gravatar.com\/avatar\/497d5cde87b4c3d097d0315953521681ba2cd523ee66e5077c3711f7021e65de?s=96&d=mm&r=g\",\"contentUrl\":\"https:\/\/secure.gravatar.com\/avatar\/497d5cde87b4c3d097d0315953521681ba2cd523ee66e5077c3711f7021e65de?s=96&d=mm&r=g\",\"caption\":\"Francisco Javier Fern\u00e1ndez Chento\"},\"description\":\"Director General y cofundador de La Red de Formaci\u00f3n Vicenciana. Javier es laico vicenciano, afiliado a la Congregaci\u00f3n de la Misi\u00f3n y miembro del Equipo de Misiones Populares de la provincia can\u00f3nica de Zaragoza (Espa\u00f1a) de la Congregaci\u00f3n de la Misi\u00f3n. Graduado en la Universidad Oberta de Catalunya con cuatro grados (Asistente de direcci\u00f3n, Gesti\u00f3n Administrativa, Recursos Humanos y Contabilidad Avanzada). Bil\u00edng\u00fce Espa\u00f1ol\/Ingl\u00e9s. gestiona y mantiene varias p\u00e1ginas web cristianas y vicencianas, incluida including La Red de Formaci\u00f3n Vicenciana, de la que es cofundador. Actualmente es responsable del \u00e1rea de Espa\u00f1ol de .famvin, la Red de Noticias de la Familia Vicenciana. Tambi\u00e9n es m\u00fasico cat\u00f3lico y ha editado varios discos. Es Director General y cofundador de Trovador, una reconocida compa\u00f1\u00eda discogr\u00e1fica critiana de Espa\u00f1a. Trabaja en las Tecnolog\u00edas de la Informaci\u00f3n, ofreciendo servicios de alojamiento, dise\u00f1o y mantenimiento Web, as\u00ed como asesoramiento, formaci\u00f3n y soluciones inform\u00e1ticas, gesti\u00f3n documental y digitalizaci\u00f3n de textos, edici\u00f3n y maquetaci\u00f3n de libros, revistas, flyers, etc.\",\"sameAs\":[\"http:\/\/chento.org\",\"https:\/\/www.facebook.com\/JavierChento\",\"https:\/\/x.com\/https:\/\/twitter.com\/javierchento\"],\"url\":\"http:\/\/vincentians.com\/es\/author\/chento\/\"}]}<\/script>\n<!-- \/ Yoast SEO plugin. -->","yoast_head_json":{"title":"Vida de san Vicente de Pa\u00fal: Libro Primero, Cap\u00edtulo 17 - Somos Vicencianos","robots":{"index":"index","follow":"follow","max-snippet":"max-snippet:-1","max-image-preview":"max-image-preview:large","max-video-preview":"max-video-preview:-1"},"canonical":"http:\/\/vincentians.com\/es\/vida-de-san-vicente-de-paul-libro-primero-capitulo-17\/","og_locale":"es_ES","og_type":"article","og_title":"Vida de san Vicente de Pa\u00fal: Libro Primero, Cap\u00edtulo 17 - Somos Vicencianos","og_description":"La Se\u00f1ora Generala de las Galeras, tal como ya lo hemos dicho, en cuanto reconoci\u00f3 la necesidad y los frutos de las misiones, hab\u00eda concebido, al cabo de varios a\u00f1os, el piadoso prop\u00f3sito de hacer ... Read More","og_url":"http:\/\/vincentians.com\/es\/vida-de-san-vicente-de-paul-libro-primero-capitulo-17\/","og_site_name":"Somos Vicencianos","article_publisher":"https:\/\/www.facebook.com\/WeAreVincentians\/","article_author":"https:\/\/www.facebook.com\/JavierChento","article_published_time":"2020-02-24T07:40:29+00:00","og_image":[{"width":1200,"height":630,"url":"https:\/\/i0.wp.com\/vincentians.com\/es\/wp-content\/uploads\/sites\/11\/2016\/07\/abelly-feat.jpg?fit=1200%2C630","type":"image\/jpeg"}],"author":"Francisco Javier Fern\u00e1ndez Chento","twitter_card":"summary_large_image","twitter_creator":"@https:\/\/twitter.com\/javierchento","twitter_site":"@WeVincentians","twitter_misc":{"Escrito por":"Francisco Javier Fern\u00e1ndez Chento","Tiempo de lectura":"10 minutos"},"schema":{"@context":"https:\/\/schema.org","@graph":[{"@type":"Article","@id":"http:\/\/vincentians.com\/es\/vida-de-san-vicente-de-paul-libro-primero-capitulo-17\/#article","isPartOf":{"@id":"http:\/\/vincentians.com\/es\/vida-de-san-vicente-de-paul-libro-primero-capitulo-17\/"},"author":{"name":"Francisco Javier Fern\u00e1ndez Chento","@id":"http:\/\/vincentians.com\/es\/#\/schema\/person\/9623ef4d9aa3b2dfb8c061f1499288f2"},"headline":"Vida de san Vicente de Pa\u00fal: Libro Primero, Cap\u00edtulo 17","datePublished":"2020-02-24T07:40:29+00:00","mainEntityOfPage":{"@id":"http:\/\/vincentians.com\/es\/vida-de-san-vicente-de-paul-libro-primero-capitulo-17\/"},"wordCount":1917,"commentCount":0,"publisher":{"@id":"http:\/\/vincentians.com\/es\/#organization"},"image":{"@id":"http:\/\/vincentians.com\/es\/vida-de-san-vicente-de-paul-libro-primero-capitulo-17\/#primaryimage"},"thumbnailUrl":"https:\/\/i0.wp.com\/vincentians.com\/es\/wp-content\/uploads\/sites\/11\/2016\/07\/abelly-feat.jpg?fit=1200%2C630","keywords":["Abelly","Gondi"],"articleSection":["Escritos de Luis Abelly","Vicente de Pa\u00fal"],"inLanguage":"es","potentialAction":[{"@type":"CommentAction","name":"Comment","target":["http:\/\/vincentians.com\/es\/vida-de-san-vicente-de-paul-libro-primero-capitulo-17\/#respond"]}]},{"@type":"WebPage","@id":"http:\/\/vincentians.com\/es\/vida-de-san-vicente-de-paul-libro-primero-capitulo-17\/","url":"http:\/\/vincentians.com\/es\/vida-de-san-vicente-de-paul-libro-primero-capitulo-17\/","name":"Vida de san Vicente de Pa\u00fal: Libro Primero, Cap\u00edtulo 17 - Somos Vicencianos","isPartOf":{"@id":"http:\/\/vincentians.com\/es\/#website"},"primaryImageOfPage":{"@id":"http:\/\/vincentians.com\/es\/vida-de-san-vicente-de-paul-libro-primero-capitulo-17\/#primaryimage"},"image":{"@id":"http:\/\/vincentians.com\/es\/vida-de-san-vicente-de-paul-libro-primero-capitulo-17\/#primaryimage"},"thumbnailUrl":"https:\/\/i0.wp.com\/vincentians.com\/es\/wp-content\/uploads\/sites\/11\/2016\/07\/abelly-feat.jpg?fit=1200%2C630","datePublished":"2020-02-24T07:40:29+00:00","breadcrumb":{"@id":"http:\/\/vincentians.com\/es\/vida-de-san-vicente-de-paul-libro-primero-capitulo-17\/#breadcrumb"},"inLanguage":"es","potentialAction":[{"@type":"ReadAction","target":["http:\/\/vincentians.com\/es\/vida-de-san-vicente-de-paul-libro-primero-capitulo-17\/"]}]},{"@type":"ImageObject","inLanguage":"es","@id":"http:\/\/vincentians.com\/es\/vida-de-san-vicente-de-paul-libro-primero-capitulo-17\/#primaryimage","url":"https:\/\/i0.wp.com\/vincentians.com\/es\/wp-content\/uploads\/sites\/11\/2016\/07\/abelly-feat.jpg?fit=1200%2C630","contentUrl":"https:\/\/i0.wp.com\/vincentians.com\/es\/wp-content\/uploads\/sites\/11\/2016\/07\/abelly-feat.jpg?fit=1200%2C630","width":1200,"height":630},{"@type":"BreadcrumbList","@id":"http:\/\/vincentians.com\/es\/vida-de-san-vicente-de-paul-libro-primero-capitulo-17\/#breadcrumb","itemListElement":[{"@type":"ListItem","position":1,"name":"Portada","item":"http:\/\/vincentians.com\/es\/"},{"@type":"ListItem","position":2,"name":"Vida de san Vicente de Pa\u00fal: Libro Primero, Cap\u00edtulo 17"}]},{"@type":"WebSite","@id":"http:\/\/vincentians.com\/es\/#website","url":"http:\/\/vincentians.com\/es\/","name":"Somos Vicencianos","description":"Know more to serve more","publisher":{"@id":"http:\/\/vincentians.com\/es\/#organization"},"potentialAction":[{"@type":"SearchAction","target":{"@type":"EntryPoint","urlTemplate":"http:\/\/vincentians.com\/es\/?s={search_term_string}"},"query-input":{"@type":"PropertyValueSpecification","valueRequired":true,"valueName":"search_term_string"}}],"inLanguage":"es"},{"@type":"Organization","@id":"http:\/\/vincentians.com\/es\/#organization","name":"The Vincentian Network","url":"http:\/\/vincentians.com\/es\/","logo":{"@type":"ImageObject","inLanguage":"es","@id":"http:\/\/vincentians.com\/es\/#\/schema\/logo\/image\/","url":"https:\/\/i1.wp.com\/vincentians.com\/es\/wp-content\/uploads\/sites\/11\/2016\/06\/Vincentian-Network-logo-big.png?fit=778%2C778","contentUrl":"https:\/\/i1.wp.com\/vincentians.com\/es\/wp-content\/uploads\/sites\/11\/2016\/06\/Vincentian-Network-logo-big.png?fit=778%2C778","width":778,"height":778,"caption":"The Vincentian Network"},"image":{"@id":"http:\/\/vincentians.com\/es\/#\/schema\/logo\/image\/"},"sameAs":["https:\/\/www.facebook.com\/WeAreVincentians\/","https:\/\/x.com\/WeVincentians"]},{"@type":"Person","@id":"http:\/\/vincentians.com\/es\/#\/schema\/person\/9623ef4d9aa3b2dfb8c061f1499288f2","name":"Francisco Javier Fern\u00e1ndez Chento","image":{"@type":"ImageObject","inLanguage":"es","@id":"http:\/\/vincentians.com\/es\/#\/schema\/person\/image\/","url":"https:\/\/secure.gravatar.com\/avatar\/497d5cde87b4c3d097d0315953521681ba2cd523ee66e5077c3711f7021e65de?s=96&d=mm&r=g","contentUrl":"https:\/\/secure.gravatar.com\/avatar\/497d5cde87b4c3d097d0315953521681ba2cd523ee66e5077c3711f7021e65de?s=96&d=mm&r=g","caption":"Francisco Javier Fern\u00e1ndez Chento"},"description":"Director General y cofundador de La Red de Formaci\u00f3n Vicenciana. Javier es laico vicenciano, afiliado a la Congregaci\u00f3n de la Misi\u00f3n y miembro del Equipo de Misiones Populares de la provincia can\u00f3nica de Zaragoza (Espa\u00f1a) de la Congregaci\u00f3n de la Misi\u00f3n. Graduado en la Universidad Oberta de Catalunya con cuatro grados (Asistente de direcci\u00f3n, Gesti\u00f3n Administrativa, Recursos Humanos y Contabilidad Avanzada). Bil\u00edng\u00fce Espa\u00f1ol\/Ingl\u00e9s. gestiona y mantiene varias p\u00e1ginas web cristianas y vicencianas, incluida including La Red de Formaci\u00f3n Vicenciana, de la que es cofundador. Actualmente es responsable del \u00e1rea de Espa\u00f1ol de .famvin, la Red de Noticias de la Familia Vicenciana. Tambi\u00e9n es m\u00fasico cat\u00f3lico y ha editado varios discos. Es Director General y cofundador de Trovador, una reconocida compa\u00f1\u00eda discogr\u00e1fica critiana de Espa\u00f1a. Trabaja en las Tecnolog\u00edas de la Informaci\u00f3n, ofreciendo servicios de alojamiento, dise\u00f1o y mantenimiento Web, as\u00ed como asesoramiento, formaci\u00f3n y soluciones inform\u00e1ticas, gesti\u00f3n documental y digitalizaci\u00f3n de textos, edici\u00f3n y maquetaci\u00f3n de libros, revistas, flyers, etc.","sameAs":["http:\/\/chento.org","https:\/\/www.facebook.com\/JavierChento","https:\/\/x.com\/https:\/\/twitter.com\/javierchento"],"url":"http:\/\/vincentians.com\/es\/author\/chento\/"}]}},"jetpack_publicize_connections":[],"jetpack_featured_media_url":"https:\/\/i0.wp.com\/vincentians.com\/es\/wp-content\/uploads\/sites\/11\/2016\/07\/abelly-feat.jpg?fit=1200%2C630","jetpack_sharing_enabled":true,"jetpack_shortlink":"https:\/\/wp.me\/p7ETMF-7LY","jetpack-related-posts":[{"id":101815,"url":"http:\/\/vincentians.com\/es\/vida-del-senor-vicente-de-paul-nota-bibliografica-2\/","url_meta":{"origin":29882,"position":0},"title":"Vida del Se\u00f1or Vicente de Pa\u00fal: Nota bibliogr\u00e1fica","author":"Francisco Javier Fern\u00e1ndez Chento","date":"21\/05\/2015","format":false,"excerpt":"Nota bibliogr\u00e1fica Esta biograf\u00eda de san Vicente de Pa\u00fal se dedica a la memoria de Pierre Coste, C.M. (1873-1935), sin cuyo trabajo previo no hubiera podido ser escrita. Coste recogi\u00f3 pacientemente y public\u00f3 en trece vol\u00famenes pr\u00e1cticamente todos los es\u00adcritos procedentes de Vicente de Pa\u00fal o que se refieren a\u2026","rel":"","context":"En \u00abVicente de Pa\u00fal\u00bb","block_context":{"text":"Vicente de Pa\u00fal","link":"http:\/\/vincentians.com\/es\/category\/la-familia-vicenciana\/fundadores\/vicente-de-paul\/"},"img":{"alt_text":"sanvibiblia","src":"https:\/\/i0.wp.com\/vicencianos.org\/wp-content\/2012\/08\/sanvibiblia-300x300.png?resize=350%2C200","width":350,"height":200},"classes":[]},{"id":118520,"url":"http:\/\/vincentians.com\/es\/bibliografia-basica-sobre-san-vicente-de-paul\/","url_meta":{"origin":29882,"position":1},"title":"Bibliograf\u00eda b\u00e1sica sobre san Vicente de Pa\u00fal","author":"Francisco Javier Fern\u00e1ndez Chento","date":"14\/03\/2015","format":false,"excerpt":"ABELLY Louis: Vida del Venerable Siervo de Dios Vicente de Pa\u00fal, Fundador y primer Superior General de la Congregaci\u00f3n de la Misi\u00f3n. Salamanca: CEME. 1994. 814p 25cm. Abelly public\u00f3 esta obra s\u00f3lo cuatro a\u00f1os despu\u00e9s de la muerte de San Vicente, a quien conoci\u00f3 durante m\u00e1s de veinte a\u00f1os. Ha\u2026","rel":"","context":"En \u00abVicente de Pa\u00fal\u00bb","block_context":{"text":"Vicente de Pa\u00fal","link":"http:\/\/vincentians.com\/es\/category\/la-familia-vicenciana\/fundadores\/vicente-de-paul\/"},"img":{"alt_text":"vicentepaul","src":"https:\/\/i0.wp.com\/vicencianos.org\/wp-content\/2012\/12\/vicentepaul-235x300.jpg?resize=350%2C200","width":350,"height":200},"classes":[]},{"id":101805,"url":"http:\/\/vincentians.com\/es\/vida-del-senor-vicente-de-paul-interludio\/","url_meta":{"origin":29882,"position":2},"title":"Vida del Se\u00f1or Vicente de Pa\u00fal: Interludio","author":"Francisco Javier Fern\u00e1ndez Chento","date":"11\/05\/2015","format":false,"excerpt":"Interludio Mientras hace su d\u00eda de retiro el se\u00f1or Vicente vamos tambi\u00e9n nosotros a hacer un alto de descanso en la narraci\u00f3n de su vida. La na\u00adrraci\u00f3n contin\u00faa en 1634. El lector apresurado puede -saltarse limpiamente este in\u00adterludio y continuar a partir de ese punto. No sufrir\u00e1 mucho con ello\u2026","rel":"","context":"En \u00abVicente de Pa\u00fal\u00bb","block_context":{"text":"Vicente de Pa\u00fal","link":"http:\/\/vincentians.com\/es\/category\/la-familia-vicenciana\/fundadores\/vicente-de-paul\/"},"img":{"alt_text":"sanvibiblia","src":"https:\/\/i0.wp.com\/vicencianos.org\/wp-content\/2012\/08\/sanvibiblia-300x300.png?resize=350%2C200","width":350,"height":200},"classes":[]},{"id":121638,"url":"http:\/\/vincentians.com\/es\/san-vicente-de-paul-y-los-gondi-capitulo-05\/","url_meta":{"origin":29882,"position":3},"title":"San Vicente de Pa\u00fal y los Gondi: Cap\u00edtulo 05","author":"Francisco Javier Fern\u00e1ndez Chento","date":"07\/07\/2024","format":false,"excerpt":"Cap\u00edtulo V Vicente de Pa\u00fal y la Sra. de Gondi en el castillo de Folleville. - Nacimiento de la obra de las Misiones. - Salida de Vicente de la casa de Gondi. - Vicente, p\u00e1rroco de Chatillon-lez-Dombes. A comienzos del a\u00f1o de 1617, la familia de Gondi se hallaba reunida\u2026","rel":"","context":"En \u00abVicente de Pa\u00fal\u00bb","block_context":{"text":"Vicente de Pa\u00fal","link":"http:\/\/vincentians.com\/es\/category\/la-familia-vicenciana\/fundadores\/vicente-de-paul\/"},"img":{"alt_text":"","src":"https:\/\/i0.wp.com\/vincentians.com\/es\/wp-content\/uploads\/sites\/11\/2023\/08\/aaaf.jpg?fit=1200%2C827&resize=350%2C200","width":350,"height":200,"srcset":"https:\/\/i0.wp.com\/vincentians.com\/es\/wp-content\/uploads\/sites\/11\/2023\/08\/aaaf.jpg?fit=1200%2C827&resize=350%2C200 1x, https:\/\/i0.wp.com\/vincentians.com\/es\/wp-content\/uploads\/sites\/11\/2023\/08\/aaaf.jpg?fit=1200%2C827&resize=525%2C300 1.5x, https:\/\/i0.wp.com\/vincentians.com\/es\/wp-content\/uploads\/sites\/11\/2023\/08\/aaaf.jpg?fit=1200%2C827&resize=700%2C400 2x, https:\/\/i0.wp.com\/vincentians.com\/es\/wp-content\/uploads\/sites\/11\/2023\/08\/aaaf.jpg?fit=1200%2C827&resize=1050%2C600 3x"},"classes":[]},{"id":119549,"url":"http:\/\/vincentians.com\/es\/san-vicente-de-paul-y-su-entronque-hispanico-iv\/","url_meta":{"origin":29882,"position":4},"title":"San Vicente de Pa\u00fal y su entronque hisp\u00e1nico (IV)","author":"Francisco Javier Fern\u00e1ndez Chento","date":"08\/05\/2013","format":false,"excerpt":"Cap\u00edtulo segundo: Entronque cultural. \u00bfEstudi\u00f3 san Vicente en Zaragoza? Art\u00edculo primero: Estado de la cuesti\u00f3n Cuatro a\u00f1os despu\u00e9s de la muerte de San Vicente de Pa\u00fal, su \u00edntimo amigo y colaborador en muchas empresas se\u00f1or Luis Abelly, Obispo de Rodez, en el cap\u00edtulo II, p\u00e1gina 12, estampaba estas l\u00edneas: \"Despu\u00e9s\u2026","rel":"","context":"En \u00abVicente de Pa\u00fal\u00bb","block_context":{"text":"Vicente de Pa\u00fal","link":"http:\/\/vincentians.com\/es\/category\/la-familia-vicenciana\/fundadores\/vicente-de-paul\/"},"img":{"alt_text":"SANV","src":"https:\/\/i0.wp.com\/vicencianos.org\/wp-content\/2013\/04\/SANV.jpg?resize=350%2C200","width":350,"height":200},"classes":[]},{"id":121299,"url":"http:\/\/vincentians.com\/es\/san-vicente-de-paul-nacio-en-francia-ii-estudios\/","url_meta":{"origin":29882,"position":5},"title":"San Vicente de Pa\u00fal naci\u00f3 en Francia. II. Estudios","author":"Francisco Javier Fern\u00e1ndez Chento","date":"27\/04\/2015","format":false,"excerpt":"II. Estudios En lo concerniente a los estudios teol\u00f3gicos de Vicente de Pa\u00fal, los detalles no ser\u00e1n abundantes, dado el cuidado del Santo por hacerse pasar por un estudiante de cuarto a\u00f1o. Sin embargo. despu\u00e9s de su muerte, se encuentran tres documentos, cuya existencia no se sospechaba, y que arrojan\u2026","rel":"","context":"En \u00abVicente de Pa\u00fal\u00bb","block_context":{"text":"Vicente de Pa\u00fal","link":"http:\/\/vincentians.com\/es\/category\/la-familia-vicenciana\/fundadores\/vicente-de-paul\/"},"img":{"alt_text":"","src":"","width":0,"height":0},"classes":[]}],"_links":{"self":[{"href":"http:\/\/vincentians.com\/es\/wp-json\/wp\/v2\/posts\/29882","targetHints":{"allow":["GET"]}}],"collection":[{"href":"http:\/\/vincentians.com\/es\/wp-json\/wp\/v2\/posts"}],"about":[{"href":"http:\/\/vincentians.com\/es\/wp-json\/wp\/v2\/types\/post"}],"author":[{"embeddable":true,"href":"http:\/\/vincentians.com\/es\/wp-json\/wp\/v2\/users\/4"}],"replies":[{"embeddable":true,"href":"http:\/\/vincentians.com\/es\/wp-json\/wp\/v2\/comments?post=29882"}],"version-history":[{"count":1,"href":"http:\/\/vincentians.com\/es\/wp-json\/wp\/v2\/posts\/29882\/revisions"}],"predecessor-version":[{"id":402773,"href":"http:\/\/vincentians.com\/es\/wp-json\/wp\/v2\/posts\/29882\/revisions\/402773"}],"wp:featuredmedia":[{"embeddable":true,"href":"http:\/\/vincentians.com\/es\/wp-json\/wp\/v2\/media\/149583"}],"wp:attachment":[{"href":"http:\/\/vincentians.com\/es\/wp-json\/wp\/v2\/media?parent=29882"}],"wp:term":[{"taxonomy":"category","embeddable":true,"href":"http:\/\/vincentians.com\/es\/wp-json\/wp\/v2\/categories?post=29882"},{"taxonomy":"post_tag","embeddable":true,"href":"http:\/\/vincentians.com\/es\/wp-json\/wp\/v2\/tags?post=29882"}],"curies":[{"name":"wp","href":"https:\/\/api.w.org\/{rel}","templated":true}]}}