{"id":29877,"date":"2020-02-19T08:40:29","date_gmt":"2020-02-19T07:40:29","guid":{"rendered":"http:\/\/somos.vicencianos.org\/blog\/29877\/vida-de-san-vicente-de-paul-libro-primero-capitulo-12\/"},"modified":"2020-01-26T20:29:26","modified_gmt":"2020-01-26T19:29:26","slug":"vida-de-san-vicente-de-paul-libro-primero-capitulo-12","status":"publish","type":"post","link":"http:\/\/vincentians.com\/es\/vida-de-san-vicente-de-paul-libro-primero-capitulo-12\/","title":{"rendered":"Vida de san Vicente de Pa\u00fal: Libro Primero, Cap\u00edtulo 12"},"content":{"rendered":"<p>La fama del Sr. Vicente, mientras estuvo en Bresse, se fue extendiendo por diversos lugares, y el Sr. Conde de Rougemont, que viv\u00eda en aquella provincia, habiendo o\u00eddo hablar de \u00e9l, fue varias veces a verle a Ch\u00e2tillon. Habl\u00f3 a menudo con el Sr. Vicente de los asuntos de su conciencia y de su salvaci\u00f3n, y qued\u00f3 tan contento de sus entrevistas, que resolvi\u00f3 ponerse totalmente bajo su direcci\u00f3n. Era un se\u00f1or de Saboya, que se hab\u00eda retirado a Francia cuando el Rey Enrique el Grande uni\u00f3 Bresse a su reino. Se trataba de un hombre que hab\u00eda frecuentado durante toda su vida la corte, y viv\u00eda todas las ideas y todo el estilo de vida cortesanos. Por aquel tiempo desgraciadamente los duelos eran uno de los medios m\u00e1s corrientes entre los gentiles-hombres para demostrar el valor, y el Sr. Conde obtuvo mucha fama por haber sido uno de los m\u00e1s grandes duelistas de su tiempo. Pero, maravillosa eficacia de la gracia, Dios se hab\u00eda servido de la palabra del Sr. Vicente para darle a conocer el m\u00edsero y condenable estado en que viv\u00eda. Qued\u00f3 tan impresionado por aquellas palabras, que no s\u00f3lo renunci\u00f3 para siempre a aquella pr\u00e1ctica furiosa y a todos los desarreglos de su vida; adem\u00e1s, para reparar el mal pasado, se puso a practicar los actos m\u00e1s heroicos de una vida perfectamente cristiana<\/p>\n<p>Y en primer lugar, vendi\u00f3 su tierra de Rougemont en m\u00e1s de treinta mil escudos y emple\u00f3 gran parte de esa cantidad en fundaciones de monasterios, y distribuy\u00f3 lo que quedaba entre los pobres. Despu\u00e9s, se entreg\u00f3 a la meditaci\u00f3n de los misterios de la Pasi\u00f3n de Jesucristo, y su piedad le llev\u00f3 hasta querer saber cu\u00e1ntos azotes hab\u00eda recibido el Hijo de Dios en la flagelaci\u00f3n, por lo que dio otros tantos escudos a la casa del Oratorio de Lyon. En poco tiempo se vio tal cambio en \u00e9l, y progres\u00f3 tanto en la virtud bajo la direcci\u00f3n del sabio director, que lleg\u00f3 a ser verdaderamente ejemplar. La oraci\u00f3n era su ocupaci\u00f3n ordinaria y se le ve\u00eda todos los d\u00edas pasar tres o cuatro horas en meditaci\u00f3n de rodillas sin apoyarse en nada y siempre con la cabeza descubierta. El castillo de Chandes, donde \u00e9l viv\u00eda, vino a ser la residencia de todos los religiosos y el hospital de todos los pobres, sanos y enfermos, porque all\u00ed eran asistidos con incre\u00edble caridad tanto en las necesidades corporales como en las espirituales, manteniendo unos eclesi\u00e1sticos para darles a los enfermos toda clase de consuelos y ayudas<\/p>\n<p>No hab\u00eda pobre en sus tierras al que no fuera a visitar y a servirlo en persona, o que no lo hiciera visitar y servir por sus criados, cuando ten\u00eda que ausentarse, cosa que ocurr\u00eda raras veces<\/p>\n<p>Ha sido el R. P. Des Moulins, del Oratorio, quien ha dado un testimonio fiel de todo:<\/p>\n<p><em>\u00abY no digo nada \u00adafirma\u00ad que no lo haya visto con mis propios ojos. Este buen Se\u00f1or se hab\u00eda cansado de poseer bienes, aunque parec\u00eda que era el arrendatario, y quer\u00eda serlo para provecho de los pobres. Un d\u00eda me dijo derramando l\u00e1grimas: \u00a1Ay, Padre! \u00bfC\u00f3mo no se me dejar\u00e1 hacer? Y \u00bfpor qu\u00e9 har\u00e1 falta que yo sea siempre tratado como el Se\u00f1or, y que posee tantos bienes? El Sr. Vicente que le dirig\u00eda por entonces lo manten\u00eda \u00adafirmaba\u00ad en aquella situaci\u00f3n. Si me soltara la mano, le aseguro, Padre, que antes de un mes el Conde de Rougmenot no ser\u00eda due\u00f1o ni de una pulgada de tierra. Se extra\u00f1aba c\u00f3mo un cristiano pod\u00eda guardarse algo para s\u00ed, al ver al Hijo de Dios tan pobre en la tierra\u00bb<\/em><\/p>\n<p>\u00a1Qu\u00e9 lecci\u00f3n m\u00e1s notable para los Grandes del mundo para hacerles conocer c\u00f3mo deben usar de sus riquezas y con qu\u00e9 desasimiento de coraz\u00f3n deben poseerlas, acord\u00e1ndose de la palabra del santo Ap\u00f3stol, que advert\u00eda a los que ten\u00edan bienes temporales que usaran de ellos como si no los tuvieran, porque la apariencia de este mundo pasa\u00bb. Tambi\u00e9n es motivo de consuelo para los pobres ver su estado tan querido y buscado por un se\u00f1or tan grande, para as\u00ed parecerse mejor a Jesucristo. Tambi\u00e9n para los misioneros es \u00e9ste un motivo para agradecer a Dios por haber comunicado gracias tan admirables a dicho se\u00f1or por medio de las oraciones y por la buena direcci\u00f3n de su sabio Fundador, quien s\u00f3lo habl\u00f3 de este asunto una vez con ocasi\u00f3n de exhortarlos al desprendimiento de las criaturas; les propuso el ejemplo del Conde de Rougemont sin aludir para nada a lo que \u00e9l hab\u00eda contribuido por medio de sus consejos y de su direcci\u00f3n. He aqu\u00ed sus propias palabras, que encontramos en la relaci\u00f3n que se hizo entonces de su discurso:<\/p>\n<p><em>\u00abConoc\u00ed a un gentilhombre de Bresse llamado Sr. de Rougemont, que hab\u00eda sido pendenciero y gran duelista. Era alto, arrogante; se hab\u00eda encontrado muchas veces en esa situaci\u00f3n rogado por otros nobles que se querellaban entre s\u00ed, o \u00e9l mismo retaba a duelo a cualquiera que le hiciera un agravio. El mismo me lo dijo, y es incre\u00edble con cu\u00e1ntos pele\u00f3 y a cu\u00e1ntos hiri\u00f3 odio muerte. Finalmente, Dios lo movi\u00f3 tan eficazmente que entr\u00f3 dentro de s\u00ed mismo y al ver la triste situaci\u00f3n en que se encontraba, se decidi\u00f3 a cambiar de vida, y lo hizo. Despu\u00e9s de aquel cambio, tras ir progresando poco apoco, lleg\u00f3 tan adelante en la vida del esp\u00edritu, que pidi\u00f3 al sr. Obispo de Lyon permiso para tener el Sant\u00edsimo en su capilla, y as\u00ed poder honrar all\u00ed a Nuestro Se\u00f1or, y sostener mejor su piedad, que era singular y conocida por todos. Esto me dio el deseo de ir a verlo un d\u00eda en su casa, donde me cont\u00f3 sus pr\u00e1cticas de devoci\u00f3n y, entre otras cosas, la del despego de las criaturas. Estoy seguro \u00adme dec\u00eda\u00ad de que si no estoy atado a nada, me dirigir\u00e9 a Dios, que es mi \u00fanico anhelo; para ello miro si me detiene la amistad con tal se\u00f1or, con tal pariente, con tal vecino, si me impide avanzar el amor a m\u00ed mismo, si me atan las riquezas o la vanidad, si me retrasan mis pasiones o mis placeres; y cuando me doy cuenta de que hay algo que me aparta de mi soberano bien, rezo, corto, sajo, me libro de aquella atadura. Estos son mis ejercicios.\u00bb<\/em><\/p>\n<p><em>\u00abY me dijo concretamente esto; lo he recordado a menudo: un d\u00eda, yendo de viaje, estaba pensando en Dios, como sol\u00eda hacerlo, y se examinaba sobre si le hab\u00eda quedado desde su conversi\u00f3n o le hab\u00eda sobrevenido alguna cosa que lo mantuviera apegado; estuvo recorriendo sus negocios, sus bienes, sus amistades, su reputaci\u00f3n, sus grandezas, los peque\u00f1os entretenimientos del coraz\u00f3n. Piensa, cavila y, finalmente, se fija en su espada. \u00bfPorqu\u00e9 la llevas? \u00adpens\u00f3\u00ad. \u00a1Dejar esta querida espada que tan bien me ha servido en tantas ocasiones y que, despu\u00e9s de Dios, me ha sacado de mil peligros! Si alguien me atacara, me ver\u00eda perdido sin ella. Pero tambi\u00e9n es verdad que podr\u00eda surgir alg\u00fan agravio, y t\u00fa no tendr\u00edas el valor, llevando la espada, de no servirte de ella, y ofender\u00edas a Dios en seguida. \u00bfQu\u00e9 har\u00e9, Dios m\u00edo? \u00adse dijo\u00ad; \u00bfEs posible que me trabe el coraz\u00f3n este instrumento de mi verg\u00fcenza y de mi pecado? No encuentro ninguna otra cosa que me tenga atado m\u00e1s que esta espada; ser\u00eda un cobarde si no me desprendiera de ella. Y en aquel momento vio una piedra grande; se baj\u00f3 del caballo, cogi\u00f3 la espada y la rompe y la hace trizas sobre aquella piedra, y mont\u00e1ndose a caballo, se march\u00f3. Me dijo que aquel acto de desprendimiento, al romper aquella cadena de hierro que lo ten\u00eda preso, le dio una libertad tan grande que, a pesar de ser contra la inclinaci\u00f3n de su coraz\u00f3n, que amaba a esa espada, ya nunca tuvo ning\u00fan afecto a las cosas perecederas; y que s\u00f3lo buscaba a Dios\u00bb<\/em><\/p>\n<p>Por estas cosas podemos ver lo que puede un acto heroico de virtud, y una victoria conseguida a la fuerza sobre s\u00ed mismo, para hacer en poco tiempo un gran progreso en la santidad, y cu\u00e1nto importa renunciar al apego que se tiene a las menores cosas de la tierra para unirse perfectamente a Dios<\/p>\n","protected":false},"excerpt":{"rendered":"<p>La fama del Sr. Vicente, mientras estuvo en Bresse, se fue extendiendo por diversos lugares, y el Sr. Conde de Rougemont, que viv\u00eda en aquella provincia, habiendo o\u00eddo hablar de \u00e9l, fue varias veces a &#8230; <a href=\"http:\/\/vincentians.com\/es\/vida-de-san-vicente-de-paul-libro-primero-capitulo-12\/\" class=\"more-link\">Read More<\/a><\/p>\n","protected":false},"author":4,"featured_media":149583,"comment_status":"open","ping_status":"open","sticky":false,"template":"","format":"standard","meta":{"jetpack_post_was_ever_published":false,"_jetpack_newsletter_access":"","_jetpack_dont_email_post_to_subs":false,"_jetpack_newsletter_tier_id":0,"_jetpack_memberships_contains_paywalled_content":false,"_jetpack_memberships_contains_paid_content":false,"footnotes":"","jetpack_publicize_message":"","jetpack_publicize_feature_enabled":true,"jetpack_social_post_already_shared":true,"jetpack_social_options":{"image_generator_settings":{"template":"highway","default_image_id":0,"font":"","enabled":false},"version":2}},"categories":[266,5],"tags":[218],"class_list":["post-29877","post","type-post","status-publish","format-standard","has-post-thumbnail","hentry","category-escritos-de-luis-abelly","category-vicente-de-paul","tag-abelly"],"yoast_head":"<!-- This site is optimized with the Yoast SEO plugin v26.3 - https:\/\/yoast.com\/wordpress\/plugins\/seo\/ -->\n<title>Vida de san Vicente de Pa\u00fal: Libro Primero, Cap\u00edtulo 12 - Somos Vicencianos<\/title>\n<meta name=\"robots\" content=\"index, follow, max-snippet:-1, max-image-preview:large, max-video-preview:-1\" \/>\n<link rel=\"canonical\" href=\"http:\/\/vincentians.com\/es\/vida-de-san-vicente-de-paul-libro-primero-capitulo-12\/\" \/>\n<meta property=\"og:locale\" content=\"es_ES\" \/>\n<meta property=\"og:type\" content=\"article\" \/>\n<meta property=\"og:title\" content=\"Vida de san Vicente de Pa\u00fal: Libro Primero, Cap\u00edtulo 12 - Somos Vicencianos\" \/>\n<meta property=\"og:description\" content=\"La fama del Sr. Vicente, mientras estuvo en Bresse, se fue extendiendo por diversos lugares, y el Sr. Conde de Rougemont, que viv\u00eda en aquella provincia, habiendo o\u00eddo hablar de \u00e9l, fue varias veces a ... Read More\" \/>\n<meta property=\"og:url\" content=\"http:\/\/vincentians.com\/es\/vida-de-san-vicente-de-paul-libro-primero-capitulo-12\/\" \/>\n<meta property=\"og:site_name\" content=\"Somos Vicencianos\" \/>\n<meta property=\"article:publisher\" content=\"https:\/\/www.facebook.com\/WeAreVincentians\/\" \/>\n<meta property=\"article:author\" content=\"https:\/\/www.facebook.com\/JavierChento\" \/>\n<meta property=\"article:published_time\" content=\"2020-02-19T07:40:29+00:00\" \/>\n<meta property=\"og:image\" content=\"https:\/\/i0.wp.com\/vincentians.com\/es\/wp-content\/uploads\/sites\/11\/2016\/07\/abelly-feat.jpg?fit=1200%2C630\" \/>\n\t<meta property=\"og:image:width\" content=\"1200\" \/>\n\t<meta property=\"og:image:height\" content=\"630\" \/>\n\t<meta property=\"og:image:type\" content=\"image\/jpeg\" \/>\n<meta name=\"author\" content=\"Francisco Javier Fern\u00e1ndez Chento\" \/>\n<meta name=\"twitter:card\" content=\"summary_large_image\" \/>\n<meta name=\"twitter:creator\" content=\"@https:\/\/twitter.com\/javierchento\" \/>\n<meta name=\"twitter:site\" content=\"@WeVincentians\" \/>\n<meta name=\"twitter:label1\" content=\"Escrito por\" \/>\n\t<meta name=\"twitter:data1\" content=\"Francisco Javier Fern\u00e1ndez Chento\" \/>\n\t<meta name=\"twitter:label2\" content=\"Tiempo de lectura\" \/>\n\t<meta name=\"twitter:data2\" content=\"7 minutos\" \/>\n<script type=\"application\/ld+json\" class=\"yoast-schema-graph\">{\"@context\":\"https:\/\/schema.org\",\"@graph\":[{\"@type\":\"Article\",\"@id\":\"http:\/\/vincentians.com\/es\/vida-de-san-vicente-de-paul-libro-primero-capitulo-12\/#article\",\"isPartOf\":{\"@id\":\"http:\/\/vincentians.com\/es\/vida-de-san-vicente-de-paul-libro-primero-capitulo-12\/\"},\"author\":{\"name\":\"Francisco Javier Fern\u00e1ndez Chento\",\"@id\":\"https:\/\/vincentians.com\/es\/#\/schema\/person\/9623ef4d9aa3b2dfb8c061f1499288f2\"},\"headline\":\"Vida de san Vicente de Pa\u00fal: Libro Primero, Cap\u00edtulo 12\",\"datePublished\":\"2020-02-19T07:40:29+00:00\",\"mainEntityOfPage\":{\"@id\":\"http:\/\/vincentians.com\/es\/vida-de-san-vicente-de-paul-libro-primero-capitulo-12\/\"},\"wordCount\":1502,\"commentCount\":0,\"publisher\":{\"@id\":\"https:\/\/vincentians.com\/es\/#organization\"},\"image\":{\"@id\":\"http:\/\/vincentians.com\/es\/vida-de-san-vicente-de-paul-libro-primero-capitulo-12\/#primaryimage\"},\"thumbnailUrl\":\"https:\/\/i0.wp.com\/vincentians.com\/es\/wp-content\/uploads\/sites\/11\/2016\/07\/abelly-feat.jpg?fit=1200%2C630\",\"keywords\":[\"Abelly\"],\"articleSection\":[\"Escritos de Luis Abelly\",\"Vicente de Pa\u00fal\"],\"inLanguage\":\"es\",\"potentialAction\":[{\"@type\":\"CommentAction\",\"name\":\"Comment\",\"target\":[\"http:\/\/vincentians.com\/es\/vida-de-san-vicente-de-paul-libro-primero-capitulo-12\/#respond\"]}]},{\"@type\":\"WebPage\",\"@id\":\"http:\/\/vincentians.com\/es\/vida-de-san-vicente-de-paul-libro-primero-capitulo-12\/\",\"url\":\"http:\/\/vincentians.com\/es\/vida-de-san-vicente-de-paul-libro-primero-capitulo-12\/\",\"name\":\"Vida de san Vicente de Pa\u00fal: Libro Primero, Cap\u00edtulo 12 - Somos Vicencianos\",\"isPartOf\":{\"@id\":\"https:\/\/vincentians.com\/es\/#website\"},\"primaryImageOfPage\":{\"@id\":\"http:\/\/vincentians.com\/es\/vida-de-san-vicente-de-paul-libro-primero-capitulo-12\/#primaryimage\"},\"image\":{\"@id\":\"http:\/\/vincentians.com\/es\/vida-de-san-vicente-de-paul-libro-primero-capitulo-12\/#primaryimage\"},\"thumbnailUrl\":\"https:\/\/i0.wp.com\/vincentians.com\/es\/wp-content\/uploads\/sites\/11\/2016\/07\/abelly-feat.jpg?fit=1200%2C630\",\"datePublished\":\"2020-02-19T07:40:29+00:00\",\"breadcrumb\":{\"@id\":\"http:\/\/vincentians.com\/es\/vida-de-san-vicente-de-paul-libro-primero-capitulo-12\/#breadcrumb\"},\"inLanguage\":\"es\",\"potentialAction\":[{\"@type\":\"ReadAction\",\"target\":[\"http:\/\/vincentians.com\/es\/vida-de-san-vicente-de-paul-libro-primero-capitulo-12\/\"]}]},{\"@type\":\"ImageObject\",\"inLanguage\":\"es\",\"@id\":\"http:\/\/vincentians.com\/es\/vida-de-san-vicente-de-paul-libro-primero-capitulo-12\/#primaryimage\",\"url\":\"https:\/\/i0.wp.com\/vincentians.com\/es\/wp-content\/uploads\/sites\/11\/2016\/07\/abelly-feat.jpg?fit=1200%2C630\",\"contentUrl\":\"https:\/\/i0.wp.com\/vincentians.com\/es\/wp-content\/uploads\/sites\/11\/2016\/07\/abelly-feat.jpg?fit=1200%2C630\",\"width\":1200,\"height\":630},{\"@type\":\"BreadcrumbList\",\"@id\":\"http:\/\/vincentians.com\/es\/vida-de-san-vicente-de-paul-libro-primero-capitulo-12\/#breadcrumb\",\"itemListElement\":[{\"@type\":\"ListItem\",\"position\":1,\"name\":\"Portada\",\"item\":\"https:\/\/vincentians.com\/es\/\"},{\"@type\":\"ListItem\",\"position\":2,\"name\":\"Vida de san Vicente de Pa\u00fal: Libro Primero, Cap\u00edtulo 12\"}]},{\"@type\":\"WebSite\",\"@id\":\"https:\/\/vincentians.com\/es\/#website\",\"url\":\"https:\/\/vincentians.com\/es\/\",\"name\":\"Somos Vicencianos\",\"description\":\"Know more to serve more\",\"publisher\":{\"@id\":\"https:\/\/vincentians.com\/es\/#organization\"},\"potentialAction\":[{\"@type\":\"SearchAction\",\"target\":{\"@type\":\"EntryPoint\",\"urlTemplate\":\"https:\/\/vincentians.com\/es\/?s={search_term_string}\"},\"query-input\":{\"@type\":\"PropertyValueSpecification\",\"valueRequired\":true,\"valueName\":\"search_term_string\"}}],\"inLanguage\":\"es\"},{\"@type\":\"Organization\",\"@id\":\"https:\/\/vincentians.com\/es\/#organization\",\"name\":\"The Vincentian Network\",\"url\":\"https:\/\/vincentians.com\/es\/\",\"logo\":{\"@type\":\"ImageObject\",\"inLanguage\":\"es\",\"@id\":\"https:\/\/vincentians.com\/es\/#\/schema\/logo\/image\/\",\"url\":\"https:\/\/i1.wp.com\/vincentians.com\/es\/wp-content\/uploads\/sites\/11\/2016\/06\/Vincentian-Network-logo-big.png?fit=778%2C778\",\"contentUrl\":\"https:\/\/i1.wp.com\/vincentians.com\/es\/wp-content\/uploads\/sites\/11\/2016\/06\/Vincentian-Network-logo-big.png?fit=778%2C778\",\"width\":778,\"height\":778,\"caption\":\"The Vincentian Network\"},\"image\":{\"@id\":\"https:\/\/vincentians.com\/es\/#\/schema\/logo\/image\/\"},\"sameAs\":[\"https:\/\/www.facebook.com\/WeAreVincentians\/\",\"https:\/\/x.com\/WeVincentians\"]},{\"@type\":\"Person\",\"@id\":\"https:\/\/vincentians.com\/es\/#\/schema\/person\/9623ef4d9aa3b2dfb8c061f1499288f2\",\"name\":\"Francisco Javier Fern\u00e1ndez Chento\",\"image\":{\"@type\":\"ImageObject\",\"inLanguage\":\"es\",\"@id\":\"https:\/\/vincentians.com\/es\/#\/schema\/person\/image\/\",\"url\":\"https:\/\/secure.gravatar.com\/avatar\/497d5cde87b4c3d097d0315953521681ba2cd523ee66e5077c3711f7021e65de?s=96&d=mm&r=g\",\"contentUrl\":\"https:\/\/secure.gravatar.com\/avatar\/497d5cde87b4c3d097d0315953521681ba2cd523ee66e5077c3711f7021e65de?s=96&d=mm&r=g\",\"caption\":\"Francisco Javier Fern\u00e1ndez Chento\"},\"description\":\"Director General y cofundador de La Red de Formaci\u00f3n Vicenciana. Javier es laico vicenciano, afiliado a la Congregaci\u00f3n de la Misi\u00f3n y miembro del Equipo de Misiones Populares de la provincia can\u00f3nica de Zaragoza (Espa\u00f1a) de la Congregaci\u00f3n de la Misi\u00f3n. Graduado en la Universidad Oberta de Catalunya con cuatro grados (Asistente de direcci\u00f3n, Gesti\u00f3n Administrativa, Recursos Humanos y Contabilidad Avanzada). Bil\u00edng\u00fce Espa\u00f1ol\/Ingl\u00e9s. gestiona y mantiene varias p\u00e1ginas web cristianas y vicencianas, incluida including La Red de Formaci\u00f3n Vicenciana, de la que es cofundador. Actualmente es responsable del \u00e1rea de Espa\u00f1ol de .famvin, la Red de Noticias de la Familia Vicenciana. Tambi\u00e9n es m\u00fasico cat\u00f3lico y ha editado varios discos. Es Director General y cofundador de Trovador, una reconocida compa\u00f1\u00eda discogr\u00e1fica critiana de Espa\u00f1a. Trabaja en las Tecnolog\u00edas de la Informaci\u00f3n, ofreciendo servicios de alojamiento, dise\u00f1o y mantenimiento Web, as\u00ed como asesoramiento, formaci\u00f3n y soluciones inform\u00e1ticas, gesti\u00f3n documental y digitalizaci\u00f3n de textos, edici\u00f3n y maquetaci\u00f3n de libros, revistas, flyers, etc.\",\"sameAs\":[\"http:\/\/chento.org\",\"https:\/\/www.facebook.com\/JavierChento\",\"https:\/\/x.com\/https:\/\/twitter.com\/javierchento\"],\"url\":\"http:\/\/vincentians.com\/es\/author\/chento\/\"}]}<\/script>\n<!-- \/ Yoast SEO plugin. -->","yoast_head_json":{"title":"Vida de san Vicente de Pa\u00fal: Libro Primero, Cap\u00edtulo 12 - Somos Vicencianos","robots":{"index":"index","follow":"follow","max-snippet":"max-snippet:-1","max-image-preview":"max-image-preview:large","max-video-preview":"max-video-preview:-1"},"canonical":"http:\/\/vincentians.com\/es\/vida-de-san-vicente-de-paul-libro-primero-capitulo-12\/","og_locale":"es_ES","og_type":"article","og_title":"Vida de san Vicente de Pa\u00fal: Libro Primero, Cap\u00edtulo 12 - Somos Vicencianos","og_description":"La fama del Sr. Vicente, mientras estuvo en Bresse, se fue extendiendo por diversos lugares, y el Sr. Conde de Rougemont, que viv\u00eda en aquella provincia, habiendo o\u00eddo hablar de \u00e9l, fue varias veces a ... Read More","og_url":"http:\/\/vincentians.com\/es\/vida-de-san-vicente-de-paul-libro-primero-capitulo-12\/","og_site_name":"Somos Vicencianos","article_publisher":"https:\/\/www.facebook.com\/WeAreVincentians\/","article_author":"https:\/\/www.facebook.com\/JavierChento","article_published_time":"2020-02-19T07:40:29+00:00","og_image":[{"width":1200,"height":630,"url":"https:\/\/i0.wp.com\/vincentians.com\/es\/wp-content\/uploads\/sites\/11\/2016\/07\/abelly-feat.jpg?fit=1200%2C630","type":"image\/jpeg"}],"author":"Francisco Javier Fern\u00e1ndez Chento","twitter_card":"summary_large_image","twitter_creator":"@https:\/\/twitter.com\/javierchento","twitter_site":"@WeVincentians","twitter_misc":{"Escrito por":"Francisco Javier Fern\u00e1ndez Chento","Tiempo de lectura":"7 minutos"},"schema":{"@context":"https:\/\/schema.org","@graph":[{"@type":"Article","@id":"http:\/\/vincentians.com\/es\/vida-de-san-vicente-de-paul-libro-primero-capitulo-12\/#article","isPartOf":{"@id":"http:\/\/vincentians.com\/es\/vida-de-san-vicente-de-paul-libro-primero-capitulo-12\/"},"author":{"name":"Francisco Javier Fern\u00e1ndez Chento","@id":"https:\/\/vincentians.com\/es\/#\/schema\/person\/9623ef4d9aa3b2dfb8c061f1499288f2"},"headline":"Vida de san Vicente de Pa\u00fal: Libro Primero, Cap\u00edtulo 12","datePublished":"2020-02-19T07:40:29+00:00","mainEntityOfPage":{"@id":"http:\/\/vincentians.com\/es\/vida-de-san-vicente-de-paul-libro-primero-capitulo-12\/"},"wordCount":1502,"commentCount":0,"publisher":{"@id":"https:\/\/vincentians.com\/es\/#organization"},"image":{"@id":"http:\/\/vincentians.com\/es\/vida-de-san-vicente-de-paul-libro-primero-capitulo-12\/#primaryimage"},"thumbnailUrl":"https:\/\/i0.wp.com\/vincentians.com\/es\/wp-content\/uploads\/sites\/11\/2016\/07\/abelly-feat.jpg?fit=1200%2C630","keywords":["Abelly"],"articleSection":["Escritos de Luis Abelly","Vicente de Pa\u00fal"],"inLanguage":"es","potentialAction":[{"@type":"CommentAction","name":"Comment","target":["http:\/\/vincentians.com\/es\/vida-de-san-vicente-de-paul-libro-primero-capitulo-12\/#respond"]}]},{"@type":"WebPage","@id":"http:\/\/vincentians.com\/es\/vida-de-san-vicente-de-paul-libro-primero-capitulo-12\/","url":"http:\/\/vincentians.com\/es\/vida-de-san-vicente-de-paul-libro-primero-capitulo-12\/","name":"Vida de san Vicente de Pa\u00fal: Libro Primero, Cap\u00edtulo 12 - Somos Vicencianos","isPartOf":{"@id":"https:\/\/vincentians.com\/es\/#website"},"primaryImageOfPage":{"@id":"http:\/\/vincentians.com\/es\/vida-de-san-vicente-de-paul-libro-primero-capitulo-12\/#primaryimage"},"image":{"@id":"http:\/\/vincentians.com\/es\/vida-de-san-vicente-de-paul-libro-primero-capitulo-12\/#primaryimage"},"thumbnailUrl":"https:\/\/i0.wp.com\/vincentians.com\/es\/wp-content\/uploads\/sites\/11\/2016\/07\/abelly-feat.jpg?fit=1200%2C630","datePublished":"2020-02-19T07:40:29+00:00","breadcrumb":{"@id":"http:\/\/vincentians.com\/es\/vida-de-san-vicente-de-paul-libro-primero-capitulo-12\/#breadcrumb"},"inLanguage":"es","potentialAction":[{"@type":"ReadAction","target":["http:\/\/vincentians.com\/es\/vida-de-san-vicente-de-paul-libro-primero-capitulo-12\/"]}]},{"@type":"ImageObject","inLanguage":"es","@id":"http:\/\/vincentians.com\/es\/vida-de-san-vicente-de-paul-libro-primero-capitulo-12\/#primaryimage","url":"https:\/\/i0.wp.com\/vincentians.com\/es\/wp-content\/uploads\/sites\/11\/2016\/07\/abelly-feat.jpg?fit=1200%2C630","contentUrl":"https:\/\/i0.wp.com\/vincentians.com\/es\/wp-content\/uploads\/sites\/11\/2016\/07\/abelly-feat.jpg?fit=1200%2C630","width":1200,"height":630},{"@type":"BreadcrumbList","@id":"http:\/\/vincentians.com\/es\/vida-de-san-vicente-de-paul-libro-primero-capitulo-12\/#breadcrumb","itemListElement":[{"@type":"ListItem","position":1,"name":"Portada","item":"https:\/\/vincentians.com\/es\/"},{"@type":"ListItem","position":2,"name":"Vida de san Vicente de Pa\u00fal: Libro Primero, Cap\u00edtulo 12"}]},{"@type":"WebSite","@id":"https:\/\/vincentians.com\/es\/#website","url":"https:\/\/vincentians.com\/es\/","name":"Somos Vicencianos","description":"Know more to serve more","publisher":{"@id":"https:\/\/vincentians.com\/es\/#organization"},"potentialAction":[{"@type":"SearchAction","target":{"@type":"EntryPoint","urlTemplate":"https:\/\/vincentians.com\/es\/?s={search_term_string}"},"query-input":{"@type":"PropertyValueSpecification","valueRequired":true,"valueName":"search_term_string"}}],"inLanguage":"es"},{"@type":"Organization","@id":"https:\/\/vincentians.com\/es\/#organization","name":"The Vincentian Network","url":"https:\/\/vincentians.com\/es\/","logo":{"@type":"ImageObject","inLanguage":"es","@id":"https:\/\/vincentians.com\/es\/#\/schema\/logo\/image\/","url":"https:\/\/i1.wp.com\/vincentians.com\/es\/wp-content\/uploads\/sites\/11\/2016\/06\/Vincentian-Network-logo-big.png?fit=778%2C778","contentUrl":"https:\/\/i1.wp.com\/vincentians.com\/es\/wp-content\/uploads\/sites\/11\/2016\/06\/Vincentian-Network-logo-big.png?fit=778%2C778","width":778,"height":778,"caption":"The Vincentian Network"},"image":{"@id":"https:\/\/vincentians.com\/es\/#\/schema\/logo\/image\/"},"sameAs":["https:\/\/www.facebook.com\/WeAreVincentians\/","https:\/\/x.com\/WeVincentians"]},{"@type":"Person","@id":"https:\/\/vincentians.com\/es\/#\/schema\/person\/9623ef4d9aa3b2dfb8c061f1499288f2","name":"Francisco Javier Fern\u00e1ndez Chento","image":{"@type":"ImageObject","inLanguage":"es","@id":"https:\/\/vincentians.com\/es\/#\/schema\/person\/image\/","url":"https:\/\/secure.gravatar.com\/avatar\/497d5cde87b4c3d097d0315953521681ba2cd523ee66e5077c3711f7021e65de?s=96&d=mm&r=g","contentUrl":"https:\/\/secure.gravatar.com\/avatar\/497d5cde87b4c3d097d0315953521681ba2cd523ee66e5077c3711f7021e65de?s=96&d=mm&r=g","caption":"Francisco Javier Fern\u00e1ndez Chento"},"description":"Director General y cofundador de La Red de Formaci\u00f3n Vicenciana. Javier es laico vicenciano, afiliado a la Congregaci\u00f3n de la Misi\u00f3n y miembro del Equipo de Misiones Populares de la provincia can\u00f3nica de Zaragoza (Espa\u00f1a) de la Congregaci\u00f3n de la Misi\u00f3n. Graduado en la Universidad Oberta de Catalunya con cuatro grados (Asistente de direcci\u00f3n, Gesti\u00f3n Administrativa, Recursos Humanos y Contabilidad Avanzada). Bil\u00edng\u00fce Espa\u00f1ol\/Ingl\u00e9s. gestiona y mantiene varias p\u00e1ginas web cristianas y vicencianas, incluida including La Red de Formaci\u00f3n Vicenciana, de la que es cofundador. Actualmente es responsable del \u00e1rea de Espa\u00f1ol de .famvin, la Red de Noticias de la Familia Vicenciana. Tambi\u00e9n es m\u00fasico cat\u00f3lico y ha editado varios discos. Es Director General y cofundador de Trovador, una reconocida compa\u00f1\u00eda discogr\u00e1fica critiana de Espa\u00f1a. Trabaja en las Tecnolog\u00edas de la Informaci\u00f3n, ofreciendo servicios de alojamiento, dise\u00f1o y mantenimiento Web, as\u00ed como asesoramiento, formaci\u00f3n y soluciones inform\u00e1ticas, gesti\u00f3n documental y digitalizaci\u00f3n de textos, edici\u00f3n y maquetaci\u00f3n de libros, revistas, flyers, etc.","sameAs":["http:\/\/chento.org","https:\/\/www.facebook.com\/JavierChento","https:\/\/x.com\/https:\/\/twitter.com\/javierchento"],"url":"http:\/\/vincentians.com\/es\/author\/chento\/"}]}},"jetpack_publicize_connections":[],"jetpack_featured_media_url":"https:\/\/i0.wp.com\/vincentians.com\/es\/wp-content\/uploads\/sites\/11\/2016\/07\/abelly-feat.jpg?fit=1200%2C630","jetpack_sharing_enabled":true,"jetpack_shortlink":"https:\/\/wp.me\/p7ETMF-7LT","jetpack-related-posts":[{"id":121638,"url":"http:\/\/vincentians.com\/es\/san-vicente-de-paul-y-los-gondi-capitulo-05\/","url_meta":{"origin":29877,"position":0},"title":"San Vicente de Pa\u00fal y los Gondi: Cap\u00edtulo 05","author":"Francisco Javier Fern\u00e1ndez Chento","date":"07\/07\/2024","format":false,"excerpt":"Cap\u00edtulo V Vicente de Pa\u00fal y la Sra. de Gondi en el castillo de Folleville. - Nacimiento de la obra de las Misiones. - Salida de Vicente de la casa de Gondi. - Vicente, p\u00e1rroco de Chatillon-lez-Dombes. A comienzos del a\u00f1o de 1617, la familia de Gondi se hallaba reunida\u2026","rel":"","context":"En \u00abVicente de Pa\u00fal\u00bb","block_context":{"text":"Vicente de Pa\u00fal","link":"http:\/\/vincentians.com\/es\/category\/la-familia-vicenciana\/fundadores\/vicente-de-paul\/"},"img":{"alt_text":"","src":"https:\/\/i0.wp.com\/vincentians.com\/es\/wp-content\/uploads\/sites\/11\/2023\/08\/aaaf.jpg?fit=1200%2C827&resize=350%2C200","width":350,"height":200,"srcset":"https:\/\/i0.wp.com\/vincentians.com\/es\/wp-content\/uploads\/sites\/11\/2023\/08\/aaaf.jpg?fit=1200%2C827&resize=350%2C200 1x, https:\/\/i0.wp.com\/vincentians.com\/es\/wp-content\/uploads\/sites\/11\/2023\/08\/aaaf.jpg?fit=1200%2C827&resize=525%2C300 1.5x, https:\/\/i0.wp.com\/vincentians.com\/es\/wp-content\/uploads\/sites\/11\/2023\/08\/aaaf.jpg?fit=1200%2C827&resize=700%2C400 2x, https:\/\/i0.wp.com\/vincentians.com\/es\/wp-content\/uploads\/sites\/11\/2023\/08\/aaaf.jpg?fit=1200%2C827&resize=1050%2C600 3x"},"classes":[]},{"id":121668,"url":"http:\/\/vincentians.com\/es\/san-vicente-de-paul-y-los-gondi-capitulo-11\/","url_meta":{"origin":29877,"position":1},"title":"San Vicente de Pa\u00fal y los Gondi: Cap\u00edtulo 11","author":"Francisco Javier Fern\u00e1ndez Chento","date":"21\/07\/2024","format":false,"excerpt":"Cap\u00edtulo XI El P. de Gondi en el Oratorio. - Carta in\u00e9dita del cardenal Spada. - Fundaciones hechas en el Oratorio por el P. de Gondi y la Sra. de Maignelais. - El P. de Gondi y los Carmelitas. - El P. de Gondi, Vicente de Pa\u00fal y los Jansenistas.\u2026","rel":"","context":"En \u00abVicente de Pa\u00fal\u00bb","block_context":{"text":"Vicente de Pa\u00fal","link":"http:\/\/vincentians.com\/es\/category\/la-familia-vicenciana\/fundadores\/vicente-de-paul\/"},"img":{"alt_text":"","src":"https:\/\/i0.wp.com\/vincentians.com\/es\/wp-content\/uploads\/sites\/11\/2023\/08\/aaaf.jpg?fit=1200%2C827&resize=350%2C200","width":350,"height":200,"srcset":"https:\/\/i0.wp.com\/vincentians.com\/es\/wp-content\/uploads\/sites\/11\/2023\/08\/aaaf.jpg?fit=1200%2C827&resize=350%2C200 1x, https:\/\/i0.wp.com\/vincentians.com\/es\/wp-content\/uploads\/sites\/11\/2023\/08\/aaaf.jpg?fit=1200%2C827&resize=525%2C300 1.5x, https:\/\/i0.wp.com\/vincentians.com\/es\/wp-content\/uploads\/sites\/11\/2023\/08\/aaaf.jpg?fit=1200%2C827&resize=700%2C400 2x, https:\/\/i0.wp.com\/vincentians.com\/es\/wp-content\/uploads\/sites\/11\/2023\/08\/aaaf.jpg?fit=1200%2C827&resize=1050%2C600 3x"},"classes":[]},{"id":121635,"url":"http:\/\/vincentians.com\/es\/san-vicente-de-paul-y-los-gondi-00-prefacio\/","url_meta":{"origin":29877,"position":2},"title":"San Vicente de Pa\u00fal y los Gondi: 00 Prefacio","author":"Francisco Javier Fern\u00e1ndez Chento","date":"31\/12\/2013","format":false,"excerpt":"Prefacio Los historiadores antiguos y modernos de san Vicente de Pa\u00fal. - Publicaci\u00f3n de su correspondencia - Documentos in\u00e9ditos del Oratorio y de los archivos del Ministerio de Asuntos exteriores. Dos siglos despu\u00e9s, ser\u00eda dif\u00edcil citar a un hombre ilustre, por grande que fuera su fama, cuya vida haya sido\u2026","rel":"","context":"En \u00abVicente de Pa\u00fal\u00bb","block_context":{"text":"Vicente de Pa\u00fal","link":"http:\/\/vincentians.com\/es\/category\/la-familia-vicenciana\/fundadores\/vicente-de-paul\/"},"img":{"alt_text":"Felipe-Manuel de Gondi","src":"https:\/\/i0.wp.com\/vicencianos.org\/wp-content\/2013\/12\/Felipe-Manuel_de_Gondi-185x300.jpg?resize=350%2C200","width":350,"height":200},"classes":[]},{"id":119735,"url":"http:\/\/vincentians.com\/es\/san-vicente-y-espana\/","url_meta":{"origin":29877,"position":3},"title":"San Vicente de Pa\u00fal y Espa\u00f1a","author":"Francisco Javier Fern\u00e1ndez Chento","date":"06\/06\/2015","format":false,"excerpt":"Escritos de San Vicente San Vicente ten\u00eda ideas claras sobre Espa\u00f1a, a juzgar por sus escritos: Habla de sus Universidades y colegios, y de la buena salud de la fe cat\u00f3lica en aquel Reino ; en sucesivas ocasiones nos deja ver sus atinados juicios sobre la pol\u00edtica franco-espa\u00f1ola, hace transacciones\u2026","rel":"","context":"En \u00abEn tiempos de Vicente de Pa\u00fal\u00bb","block_context":{"text":"En tiempos de Vicente de Pa\u00fal","link":"http:\/\/vincentians.com\/es\/category\/historia-de-la-familia-vicenciana\/en-tiempos-de-vicente-de-paul\/"},"img":{"alt_text":"sello_4694","src":"https:\/\/i0.wp.com\/vicencianos.org\/wp-content\/2013\/04\/sello_4694-258x300.jpg?resize=350%2C200","width":350,"height":200},"classes":[]},{"id":121660,"url":"http:\/\/vincentians.com\/es\/san-vicente-de-paul-y-los-gondi-capitulo-07\/","url_meta":{"origin":29877,"position":4},"title":"San Vicente de Pa\u00fal y los Gondi: Cap\u00edtulo 07","author":"Francisco Javier Fern\u00e1ndez Chento","date":"11\/07\/2024","format":false,"excerpt":"Cap\u00edtulo VII Viaje de Vicente de Pa\u00fal a Marsella. \u2013 La leyenda del forzado. - Haza\u00f1as del general de las galeras ante La Rochelle. - Muerte de su segundo hijo y de su hermano, Henry de Gondi, obispo de Par\u00eds. Parecer\u00eda natural creer que Vicente de Pa\u00fal, una vez investido\u2026","rel":"","context":"En \u00abVicente de Pa\u00fal\u00bb","block_context":{"text":"Vicente de Pa\u00fal","link":"http:\/\/vincentians.com\/es\/category\/la-familia-vicenciana\/fundadores\/vicente-de-paul\/"},"img":{"alt_text":"","src":"https:\/\/i0.wp.com\/vincentians.com\/es\/wp-content\/uploads\/sites\/11\/2023\/08\/aaaf.jpg?fit=1200%2C827&resize=350%2C200","width":350,"height":200,"srcset":"https:\/\/i0.wp.com\/vincentians.com\/es\/wp-content\/uploads\/sites\/11\/2023\/08\/aaaf.jpg?fit=1200%2C827&resize=350%2C200 1x, https:\/\/i0.wp.com\/vincentians.com\/es\/wp-content\/uploads\/sites\/11\/2023\/08\/aaaf.jpg?fit=1200%2C827&resize=525%2C300 1.5x, https:\/\/i0.wp.com\/vincentians.com\/es\/wp-content\/uploads\/sites\/11\/2023\/08\/aaaf.jpg?fit=1200%2C827&resize=700%2C400 2x, https:\/\/i0.wp.com\/vincentians.com\/es\/wp-content\/uploads\/sites\/11\/2023\/08\/aaaf.jpg?fit=1200%2C827&resize=1050%2C600 3x"},"classes":[]},{"id":121425,"url":"http:\/\/vincentians.com\/es\/san-vicente-de-paul-nacio-en-francia-iv-primera-dificultad\/","url_meta":{"origin":29877,"position":5},"title":"San Vicente de Pa\u00fal naci\u00f3 en Francia. IV. Primera dificultad","author":"Francisco Javier Fern\u00e1ndez Chento","date":"29\/04\/2015","format":false,"excerpt":"Segunda Parte: Contestaci\u00f3n a las objeciones del traductor Nos proponemos seguir paso a paso al ilustrado traduc\u00adtor en su primer ap\u00e9ndice, y contestar a todos las objecio\u00adnes que revistan alguna importancia. Primera dificultad 1\u00ba Dice el Sr. Feli\u00fa y Perez: \"Entre los pueblos del mundo, pocos hay que puedan competir\u2026","rel":"","context":"En \u00abVicente de Pa\u00fal\u00bb","block_context":{"text":"Vicente de Pa\u00fal","link":"http:\/\/vincentians.com\/es\/category\/la-familia-vicenciana\/fundadores\/vicente-de-paul\/"},"img":{"alt_text":"","src":"","width":0,"height":0},"classes":[]}],"_links":{"self":[{"href":"http:\/\/vincentians.com\/es\/wp-json\/wp\/v2\/posts\/29877","targetHints":{"allow":["GET"]}}],"collection":[{"href":"http:\/\/vincentians.com\/es\/wp-json\/wp\/v2\/posts"}],"about":[{"href":"http:\/\/vincentians.com\/es\/wp-json\/wp\/v2\/types\/post"}],"author":[{"embeddable":true,"href":"http:\/\/vincentians.com\/es\/wp-json\/wp\/v2\/users\/4"}],"replies":[{"embeddable":true,"href":"http:\/\/vincentians.com\/es\/wp-json\/wp\/v2\/comments?post=29877"}],"version-history":[{"count":1,"href":"http:\/\/vincentians.com\/es\/wp-json\/wp\/v2\/posts\/29877\/revisions"}],"predecessor-version":[{"id":402768,"href":"http:\/\/vincentians.com\/es\/wp-json\/wp\/v2\/posts\/29877\/revisions\/402768"}],"wp:featuredmedia":[{"embeddable":true,"href":"http:\/\/vincentians.com\/es\/wp-json\/wp\/v2\/media\/149583"}],"wp:attachment":[{"href":"http:\/\/vincentians.com\/es\/wp-json\/wp\/v2\/media?parent=29877"}],"wp:term":[{"taxonomy":"category","embeddable":true,"href":"http:\/\/vincentians.com\/es\/wp-json\/wp\/v2\/categories?post=29877"},{"taxonomy":"post_tag","embeddable":true,"href":"http:\/\/vincentians.com\/es\/wp-json\/wp\/v2\/tags?post=29877"}],"curies":[{"name":"wp","href":"https:\/\/api.w.org\/{rel}","templated":true}]}}