{"id":29546,"date":"2011-03-05T06:06:28","date_gmt":"2011-03-05T05:06:28","guid":{"rendered":"http:\/\/somos.vicencianos.org\/blog\/29546\/oracion-al-paso-de-las-horas-bibliografia\/"},"modified":"2016-07-26T18:55:26","modified_gmt":"2016-07-26T16:55:26","slug":"oracion-al-paso-de-las-horas-bibliografia","status":"publish","type":"post","link":"http:\/\/vincentians.com\/es\/oracion-al-paso-de-las-horas-bibliografia\/","title":{"rendered":"Oraci\u00f3n al paso de las Horas. Bibliograf\u00eda"},"content":{"rendered":"<p><a href=\"https:\/\/i0.wp.com\/vicencianos.org\/wp-content\/2011\/02\/liturgia_horas.jpg\"><img data-recalc-dims=\"1\" loading=\"lazy\" decoding=\"async\" class=\"alignright size-medium wp-image-29518\" src=\"https:\/\/i0.wp.com\/vicencianos.org\/wp-content\/2011\/02\/liturgia_horas-300x224.jpg?resize=300%2C224\" alt=\"\" width=\"300\" height=\"224\" \/><\/a><\/p>\n<h2><strong>1. Obras generales<\/strong><\/h2>\n<p>-J. L\u00d3PEZ MART\u00cdN, <em>La oraci\u00f3n de las Horas<\/em>, Secretariado Trinitario,\u00a0Salamanca 1984. Teolog\u00eda, historia, espiritualidad y pastoral.<\/p>\n<p>-A. G. MARTIMORT, <em>La oraci\u00f3n de las Horas<\/em>, en <em>La Iglesia en oraci\u00f3n<\/em>, Herder, Barcelona 1987, 1047-1173. Una completa s\u00edntesis.<\/p>\n<p>-AA.VV., <em>Liturgia de las Horas<\/em>, en D. BOROBIO (dir.), <em>La celebraci\u00f3n de la Iglesia<\/em>, S\u00edgueme, Salamanca 1990, 283-524. Estudios de historia, teolog\u00eda y espiritualidad.<\/p>\n<h2><strong>2. Aspectos particulares<\/strong><\/h2>\n<p>&#8211;<em>Principios y normas de la Liturgia de las Horas<\/em>, Dossiers del Centro de Pastoral Lit\u00fargica n. 42, Barcelona 1989. Texto y comentario de la <em>Ordenaci\u00f3n general de la Liturgia de las Horas<\/em>, documento b\u00e1sico que se encuentra al principio del I volumen.<\/p>\n<p>-P. FARN\u00c9S, <em>Moniciones y oraciones s\u00e1lmicas<\/em>, Regina, Barcelona 1978. Muy \u00fatil para la celebraci\u00f3n, seg\u00fan el salterio de las cuatro semanas.<\/p>\n<p>-F. IBARMIA, <em>Liturgia, oraci\u00f3n, canci\u00f3n. Para orar y celebrar la liturgia de las Horas<\/em>, Ed. El Carmen, Vitoria 1989. Como indica el subt\u00edtulo, contiene ant\u00edfonas musicalizadas y sigue el salterio de las cuatro semanas.<\/p>\n<p>-AA.VV.,<em> La alabanza de las Horas. Espiritualidad y pastoral<\/em>, Dossiers del Centro de Pastoral Lit\u00fargica n. 42, Barcelona 1991.<\/p>\n<h2><strong>3. Los salmos<\/strong><\/h2>\n<p>-J. VERNET, <em>22 salmos para vivir<\/em>, Dossiers del Centro Pastoral Lit\u00fargica n. 22, Barcelona 1984. Comentario espiritual.<\/p>\n<p>-AA.VV.,<em> Orar los salmos en cristiano<\/em>, Dossiers del Centro de Pastoral Lit\u00fargica n. 43, Barcelona 1990. Explica el sentido de los salmos en las diferentes horas del Oficio Divino.<\/p>\n<p>-Los comentarios de los exegetas sobre los salmos suelen ser muy buenos desde su punto de vista, pero no siempre tienen en cuenta el sentido espiritual y el uso que la liturgia hace de ellos.<\/p>\n","protected":false},"excerpt":{"rendered":"<p>1. Obras generales -J. L\u00d3PEZ MART\u00cdN, La oraci\u00f3n de las Horas, Secretariado Trinitario,\u00a0Salamanca 1984. Teolog\u00eda, historia, espiritualidad y pastoral. -A. G. MARTIMORT, La oraci\u00f3n de las Horas, en La Iglesia en oraci\u00f3n, Herder, Barcelona 1987, &#8230; <a href=\"http:\/\/vincentians.com\/es\/oracion-al-paso-de-las-horas-bibliografia\/\" class=\"more-link\">Read More<\/a><\/p>\n","protected":false},"author":4,"featured_media":29517,"comment_status":"open","ping_status":"open","sticky":false,"template":"","format":"standard","meta":{"jetpack_post_was_ever_published":false,"_jetpack_newsletter_access":"","_jetpack_dont_email_post_to_subs":false,"_jetpack_newsletter_tier_id":0,"_jetpack_memberships_contains_paywalled_content":false,"_jetpack_memberships_contains_paid_content":false,"footnotes":"","jetpack_publicize_message":"","jetpack_publicize_feature_enabled":true,"jetpack_social_post_already_shared":true,"jetpack_social_options":{"image_generator_settings":{"template":"highway","default_image_id":0,"font":"","enabled":false},"version":2}},"categories":[29],"tags":[],"class_list":["post-29546","post","type-post","status-publish","format-standard","has-post-thumbnail","hentry","category-formacion-cristiana"],"yoast_head":"<!-- This site is optimized with the Yoast SEO plugin v26.3 - https:\/\/yoast.com\/wordpress\/plugins\/seo\/ -->\n<title>Oraci\u00f3n al paso de las Horas. Bibliograf\u00eda - Somos Vicencianos<\/title>\n<meta name=\"robots\" content=\"index, follow, max-snippet:-1, max-image-preview:large, max-video-preview:-1\" \/>\n<link rel=\"canonical\" href=\"https:\/\/vincentians.com\/es\/oracion-al-paso-de-las-horas-bibliografia\/\" \/>\n<meta property=\"og:locale\" content=\"es_ES\" \/>\n<meta property=\"og:type\" content=\"article\" \/>\n<meta property=\"og:title\" content=\"Oraci\u00f3n al paso de las Horas. Bibliograf\u00eda - Somos Vicencianos\" \/>\n<meta property=\"og:description\" content=\"1. Obras generales -J. L\u00d3PEZ MART\u00cdN, La oraci\u00f3n de las Horas, Secretariado Trinitario,\u00a0Salamanca 1984. Teolog\u00eda, historia, espiritualidad y pastoral. -A. G. MARTIMORT, La oraci\u00f3n de las Horas, en La Iglesia en oraci\u00f3n, Herder, Barcelona 1987, ... Read More\" \/>\n<meta property=\"og:url\" content=\"https:\/\/vincentians.com\/es\/oracion-al-paso-de-las-horas-bibliografia\/\" \/>\n<meta property=\"og:site_name\" content=\"Somos Vicencianos\" \/>\n<meta property=\"article:publisher\" content=\"https:\/\/www.facebook.com\/WeAreVincentians\/\" \/>\n<meta property=\"article:author\" content=\"https:\/\/www.facebook.com\/JavierChento\" \/>\n<meta property=\"article:published_time\" content=\"2011-03-05T05:06:28+00:00\" \/>\n<meta property=\"article:modified_time\" content=\"2016-07-26T16:55:26+00:00\" \/>\n<meta name=\"author\" content=\"Francisco Javier Fern\u00e1ndez Chento\" \/>\n<meta name=\"twitter:card\" content=\"summary_large_image\" \/>\n<meta name=\"twitter:creator\" content=\"@https:\/\/twitter.com\/javierchento\" \/>\n<meta name=\"twitter:site\" content=\"@WeVincentians\" \/>\n<meta name=\"twitter:label1\" content=\"Escrito por\" \/>\n\t<meta name=\"twitter:data1\" content=\"Francisco Javier Fern\u00e1ndez Chento\" \/>\n\t<meta name=\"twitter:label2\" content=\"Tiempo de lectura\" \/>\n\t<meta name=\"twitter:data2\" content=\"1 minuto\" \/>\n<script type=\"application\/ld+json\" class=\"yoast-schema-graph\">{\"@context\":\"https:\/\/schema.org\",\"@graph\":[{\"@type\":\"Article\",\"@id\":\"https:\/\/vincentians.com\/es\/oracion-al-paso-de-las-horas-bibliografia\/#article\",\"isPartOf\":{\"@id\":\"https:\/\/vincentians.com\/es\/oracion-al-paso-de-las-horas-bibliografia\/\"},\"author\":{\"name\":\"Francisco Javier Fern\u00e1ndez Chento\",\"@id\":\"http:\/\/vincentians.com\/es\/#\/schema\/person\/9623ef4d9aa3b2dfb8c061f1499288f2\"},\"headline\":\"Oraci\u00f3n al paso de las Horas. Bibliograf\u00eda\",\"datePublished\":\"2011-03-05T05:06:28+00:00\",\"dateModified\":\"2016-07-26T16:55:26+00:00\",\"mainEntityOfPage\":{\"@id\":\"https:\/\/vincentians.com\/es\/oracion-al-paso-de-las-horas-bibliografia\/\"},\"wordCount\":286,\"commentCount\":0,\"publisher\":{\"@id\":\"http:\/\/vincentians.com\/es\/#organization\"},\"image\":{\"@id\":\"https:\/\/vincentians.com\/es\/oracion-al-paso-de-las-horas-bibliografia\/#primaryimage\"},\"thumbnailUrl\":\"\",\"articleSection\":[\"Formaci\u00f3n Cristiana\"],\"inLanguage\":\"es\",\"potentialAction\":[{\"@type\":\"CommentAction\",\"name\":\"Comment\",\"target\":[\"https:\/\/vincentians.com\/es\/oracion-al-paso-de-las-horas-bibliografia\/#respond\"]}]},{\"@type\":\"WebPage\",\"@id\":\"https:\/\/vincentians.com\/es\/oracion-al-paso-de-las-horas-bibliografia\/\",\"url\":\"https:\/\/vincentians.com\/es\/oracion-al-paso-de-las-horas-bibliografia\/\",\"name\":\"Oraci\u00f3n al paso de las Horas. Bibliograf\u00eda - Somos Vicencianos\",\"isPartOf\":{\"@id\":\"http:\/\/vincentians.com\/es\/#website\"},\"primaryImageOfPage\":{\"@id\":\"https:\/\/vincentians.com\/es\/oracion-al-paso-de-las-horas-bibliografia\/#primaryimage\"},\"image\":{\"@id\":\"https:\/\/vincentians.com\/es\/oracion-al-paso-de-las-horas-bibliografia\/#primaryimage\"},\"thumbnailUrl\":\"\",\"datePublished\":\"2011-03-05T05:06:28+00:00\",\"dateModified\":\"2016-07-26T16:55:26+00:00\",\"breadcrumb\":{\"@id\":\"https:\/\/vincentians.com\/es\/oracion-al-paso-de-las-horas-bibliografia\/#breadcrumb\"},\"inLanguage\":\"es\",\"potentialAction\":[{\"@type\":\"ReadAction\",\"target\":[\"https:\/\/vincentians.com\/es\/oracion-al-paso-de-las-horas-bibliografia\/\"]}]},{\"@type\":\"ImageObject\",\"inLanguage\":\"es\",\"@id\":\"https:\/\/vincentians.com\/es\/oracion-al-paso-de-las-horas-bibliografia\/#primaryimage\",\"url\":\"\",\"contentUrl\":\"\"},{\"@type\":\"BreadcrumbList\",\"@id\":\"https:\/\/vincentians.com\/es\/oracion-al-paso-de-las-horas-bibliografia\/#breadcrumb\",\"itemListElement\":[{\"@type\":\"ListItem\",\"position\":1,\"name\":\"Portada\",\"item\":\"http:\/\/vincentians.com\/es\/\"},{\"@type\":\"ListItem\",\"position\":2,\"name\":\"Oraci\u00f3n al paso de las Horas. Bibliograf\u00eda\"}]},{\"@type\":\"WebSite\",\"@id\":\"http:\/\/vincentians.com\/es\/#website\",\"url\":\"http:\/\/vincentians.com\/es\/\",\"name\":\"Somos Vicencianos\",\"description\":\"Know more to serve more\",\"publisher\":{\"@id\":\"http:\/\/vincentians.com\/es\/#organization\"},\"potentialAction\":[{\"@type\":\"SearchAction\",\"target\":{\"@type\":\"EntryPoint\",\"urlTemplate\":\"http:\/\/vincentians.com\/es\/?s={search_term_string}\"},\"query-input\":{\"@type\":\"PropertyValueSpecification\",\"valueRequired\":true,\"valueName\":\"search_term_string\"}}],\"inLanguage\":\"es\"},{\"@type\":\"Organization\",\"@id\":\"http:\/\/vincentians.com\/es\/#organization\",\"name\":\"The Vincentian Network\",\"url\":\"http:\/\/vincentians.com\/es\/\",\"logo\":{\"@type\":\"ImageObject\",\"inLanguage\":\"es\",\"@id\":\"http:\/\/vincentians.com\/es\/#\/schema\/logo\/image\/\",\"url\":\"https:\/\/i1.wp.com\/vincentians.com\/es\/wp-content\/uploads\/sites\/11\/2016\/06\/Vincentian-Network-logo-big.png?fit=778%2C778\",\"contentUrl\":\"https:\/\/i1.wp.com\/vincentians.com\/es\/wp-content\/uploads\/sites\/11\/2016\/06\/Vincentian-Network-logo-big.png?fit=778%2C778\",\"width\":778,\"height\":778,\"caption\":\"The Vincentian Network\"},\"image\":{\"@id\":\"http:\/\/vincentians.com\/es\/#\/schema\/logo\/image\/\"},\"sameAs\":[\"https:\/\/www.facebook.com\/WeAreVincentians\/\",\"https:\/\/x.com\/WeVincentians\"]},{\"@type\":\"Person\",\"@id\":\"http:\/\/vincentians.com\/es\/#\/schema\/person\/9623ef4d9aa3b2dfb8c061f1499288f2\",\"name\":\"Francisco Javier Fern\u00e1ndez Chento\",\"image\":{\"@type\":\"ImageObject\",\"inLanguage\":\"es\",\"@id\":\"http:\/\/vincentians.com\/es\/#\/schema\/person\/image\/\",\"url\":\"https:\/\/secure.gravatar.com\/avatar\/497d5cde87b4c3d097d0315953521681ba2cd523ee66e5077c3711f7021e65de?s=96&d=mm&r=g\",\"contentUrl\":\"https:\/\/secure.gravatar.com\/avatar\/497d5cde87b4c3d097d0315953521681ba2cd523ee66e5077c3711f7021e65de?s=96&d=mm&r=g\",\"caption\":\"Francisco Javier Fern\u00e1ndez Chento\"},\"description\":\"Director General y cofundador de La Red de Formaci\u00f3n Vicenciana. Javier es laico vicenciano, afiliado a la Congregaci\u00f3n de la Misi\u00f3n y miembro del Equipo de Misiones Populares de la provincia can\u00f3nica de Zaragoza (Espa\u00f1a) de la Congregaci\u00f3n de la Misi\u00f3n. Graduado en la Universidad Oberta de Catalunya con cuatro grados (Asistente de direcci\u00f3n, Gesti\u00f3n Administrativa, Recursos Humanos y Contabilidad Avanzada). Bil\u00edng\u00fce Espa\u00f1ol\/Ingl\u00e9s. gestiona y mantiene varias p\u00e1ginas web cristianas y vicencianas, incluida including La Red de Formaci\u00f3n Vicenciana, de la que es cofundador. Actualmente es responsable del \u00e1rea de Espa\u00f1ol de .famvin, la Red de Noticias de la Familia Vicenciana. Tambi\u00e9n es m\u00fasico cat\u00f3lico y ha editado varios discos. Es Director General y cofundador de Trovador, una reconocida compa\u00f1\u00eda discogr\u00e1fica critiana de Espa\u00f1a. Trabaja en las Tecnolog\u00edas de la Informaci\u00f3n, ofreciendo servicios de alojamiento, dise\u00f1o y mantenimiento Web, as\u00ed como asesoramiento, formaci\u00f3n y soluciones inform\u00e1ticas, gesti\u00f3n documental y digitalizaci\u00f3n de textos, edici\u00f3n y maquetaci\u00f3n de libros, revistas, flyers, etc.\",\"sameAs\":[\"http:\/\/chento.org\",\"https:\/\/www.facebook.com\/JavierChento\",\"https:\/\/x.com\/https:\/\/twitter.com\/javierchento\"],\"url\":\"http:\/\/vincentians.com\/es\/author\/chento\/\"}]}<\/script>\n<!-- \/ Yoast SEO plugin. -->","yoast_head_json":{"title":"Oraci\u00f3n al paso de las Horas. Bibliograf\u00eda - Somos Vicencianos","robots":{"index":"index","follow":"follow","max-snippet":"max-snippet:-1","max-image-preview":"max-image-preview:large","max-video-preview":"max-video-preview:-1"},"canonical":"https:\/\/vincentians.com\/es\/oracion-al-paso-de-las-horas-bibliografia\/","og_locale":"es_ES","og_type":"article","og_title":"Oraci\u00f3n al paso de las Horas. Bibliograf\u00eda - Somos Vicencianos","og_description":"1. Obras generales -J. L\u00d3PEZ MART\u00cdN, La oraci\u00f3n de las Horas, Secretariado Trinitario,\u00a0Salamanca 1984. Teolog\u00eda, historia, espiritualidad y pastoral. -A. G. MARTIMORT, La oraci\u00f3n de las Horas, en La Iglesia en oraci\u00f3n, Herder, Barcelona 1987, ... Read More","og_url":"https:\/\/vincentians.com\/es\/oracion-al-paso-de-las-horas-bibliografia\/","og_site_name":"Somos Vicencianos","article_publisher":"https:\/\/www.facebook.com\/WeAreVincentians\/","article_author":"https:\/\/www.facebook.com\/JavierChento","article_published_time":"2011-03-05T05:06:28+00:00","article_modified_time":"2016-07-26T16:55:26+00:00","author":"Francisco Javier Fern\u00e1ndez Chento","twitter_card":"summary_large_image","twitter_creator":"@https:\/\/twitter.com\/javierchento","twitter_site":"@WeVincentians","twitter_misc":{"Escrito por":"Francisco Javier Fern\u00e1ndez Chento","Tiempo de lectura":"1 minuto"},"schema":{"@context":"https:\/\/schema.org","@graph":[{"@type":"Article","@id":"https:\/\/vincentians.com\/es\/oracion-al-paso-de-las-horas-bibliografia\/#article","isPartOf":{"@id":"https:\/\/vincentians.com\/es\/oracion-al-paso-de-las-horas-bibliografia\/"},"author":{"name":"Francisco Javier Fern\u00e1ndez Chento","@id":"http:\/\/vincentians.com\/es\/#\/schema\/person\/9623ef4d9aa3b2dfb8c061f1499288f2"},"headline":"Oraci\u00f3n al paso de las Horas. Bibliograf\u00eda","datePublished":"2011-03-05T05:06:28+00:00","dateModified":"2016-07-26T16:55:26+00:00","mainEntityOfPage":{"@id":"https:\/\/vincentians.com\/es\/oracion-al-paso-de-las-horas-bibliografia\/"},"wordCount":286,"commentCount":0,"publisher":{"@id":"http:\/\/vincentians.com\/es\/#organization"},"image":{"@id":"https:\/\/vincentians.com\/es\/oracion-al-paso-de-las-horas-bibliografia\/#primaryimage"},"thumbnailUrl":"","articleSection":["Formaci\u00f3n Cristiana"],"inLanguage":"es","potentialAction":[{"@type":"CommentAction","name":"Comment","target":["https:\/\/vincentians.com\/es\/oracion-al-paso-de-las-horas-bibliografia\/#respond"]}]},{"@type":"WebPage","@id":"https:\/\/vincentians.com\/es\/oracion-al-paso-de-las-horas-bibliografia\/","url":"https:\/\/vincentians.com\/es\/oracion-al-paso-de-las-horas-bibliografia\/","name":"Oraci\u00f3n al paso de las Horas. Bibliograf\u00eda - Somos Vicencianos","isPartOf":{"@id":"http:\/\/vincentians.com\/es\/#website"},"primaryImageOfPage":{"@id":"https:\/\/vincentians.com\/es\/oracion-al-paso-de-las-horas-bibliografia\/#primaryimage"},"image":{"@id":"https:\/\/vincentians.com\/es\/oracion-al-paso-de-las-horas-bibliografia\/#primaryimage"},"thumbnailUrl":"","datePublished":"2011-03-05T05:06:28+00:00","dateModified":"2016-07-26T16:55:26+00:00","breadcrumb":{"@id":"https:\/\/vincentians.com\/es\/oracion-al-paso-de-las-horas-bibliografia\/#breadcrumb"},"inLanguage":"es","potentialAction":[{"@type":"ReadAction","target":["https:\/\/vincentians.com\/es\/oracion-al-paso-de-las-horas-bibliografia\/"]}]},{"@type":"ImageObject","inLanguage":"es","@id":"https:\/\/vincentians.com\/es\/oracion-al-paso-de-las-horas-bibliografia\/#primaryimage","url":"","contentUrl":""},{"@type":"BreadcrumbList","@id":"https:\/\/vincentians.com\/es\/oracion-al-paso-de-las-horas-bibliografia\/#breadcrumb","itemListElement":[{"@type":"ListItem","position":1,"name":"Portada","item":"http:\/\/vincentians.com\/es\/"},{"@type":"ListItem","position":2,"name":"Oraci\u00f3n al paso de las Horas. Bibliograf\u00eda"}]},{"@type":"WebSite","@id":"http:\/\/vincentians.com\/es\/#website","url":"http:\/\/vincentians.com\/es\/","name":"Somos Vicencianos","description":"Know more to serve more","publisher":{"@id":"http:\/\/vincentians.com\/es\/#organization"},"potentialAction":[{"@type":"SearchAction","target":{"@type":"EntryPoint","urlTemplate":"http:\/\/vincentians.com\/es\/?s={search_term_string}"},"query-input":{"@type":"PropertyValueSpecification","valueRequired":true,"valueName":"search_term_string"}}],"inLanguage":"es"},{"@type":"Organization","@id":"http:\/\/vincentians.com\/es\/#organization","name":"The Vincentian Network","url":"http:\/\/vincentians.com\/es\/","logo":{"@type":"ImageObject","inLanguage":"es","@id":"http:\/\/vincentians.com\/es\/#\/schema\/logo\/image\/","url":"https:\/\/i1.wp.com\/vincentians.com\/es\/wp-content\/uploads\/sites\/11\/2016\/06\/Vincentian-Network-logo-big.png?fit=778%2C778","contentUrl":"https:\/\/i1.wp.com\/vincentians.com\/es\/wp-content\/uploads\/sites\/11\/2016\/06\/Vincentian-Network-logo-big.png?fit=778%2C778","width":778,"height":778,"caption":"The Vincentian Network"},"image":{"@id":"http:\/\/vincentians.com\/es\/#\/schema\/logo\/image\/"},"sameAs":["https:\/\/www.facebook.com\/WeAreVincentians\/","https:\/\/x.com\/WeVincentians"]},{"@type":"Person","@id":"http:\/\/vincentians.com\/es\/#\/schema\/person\/9623ef4d9aa3b2dfb8c061f1499288f2","name":"Francisco Javier Fern\u00e1ndez Chento","image":{"@type":"ImageObject","inLanguage":"es","@id":"http:\/\/vincentians.com\/es\/#\/schema\/person\/image\/","url":"https:\/\/secure.gravatar.com\/avatar\/497d5cde87b4c3d097d0315953521681ba2cd523ee66e5077c3711f7021e65de?s=96&d=mm&r=g","contentUrl":"https:\/\/secure.gravatar.com\/avatar\/497d5cde87b4c3d097d0315953521681ba2cd523ee66e5077c3711f7021e65de?s=96&d=mm&r=g","caption":"Francisco Javier Fern\u00e1ndez Chento"},"description":"Director General y cofundador de La Red de Formaci\u00f3n Vicenciana. Javier es laico vicenciano, afiliado a la Congregaci\u00f3n de la Misi\u00f3n y miembro del Equipo de Misiones Populares de la provincia can\u00f3nica de Zaragoza (Espa\u00f1a) de la Congregaci\u00f3n de la Misi\u00f3n. Graduado en la Universidad Oberta de Catalunya con cuatro grados (Asistente de direcci\u00f3n, Gesti\u00f3n Administrativa, Recursos Humanos y Contabilidad Avanzada). Bil\u00edng\u00fce Espa\u00f1ol\/Ingl\u00e9s. gestiona y mantiene varias p\u00e1ginas web cristianas y vicencianas, incluida including La Red de Formaci\u00f3n Vicenciana, de la que es cofundador. Actualmente es responsable del \u00e1rea de Espa\u00f1ol de .famvin, la Red de Noticias de la Familia Vicenciana. Tambi\u00e9n es m\u00fasico cat\u00f3lico y ha editado varios discos. Es Director General y cofundador de Trovador, una reconocida compa\u00f1\u00eda discogr\u00e1fica critiana de Espa\u00f1a. Trabaja en las Tecnolog\u00edas de la Informaci\u00f3n, ofreciendo servicios de alojamiento, dise\u00f1o y mantenimiento Web, as\u00ed como asesoramiento, formaci\u00f3n y soluciones inform\u00e1ticas, gesti\u00f3n documental y digitalizaci\u00f3n de textos, edici\u00f3n y maquetaci\u00f3n de libros, revistas, flyers, etc.","sameAs":["http:\/\/chento.org","https:\/\/www.facebook.com\/JavierChento","https:\/\/x.com\/https:\/\/twitter.com\/javierchento"],"url":"http:\/\/vincentians.com\/es\/author\/chento\/"}]}},"jetpack_publicize_connections":[],"jetpack_featured_media_url":"","jetpack_sharing_enabled":true,"jetpack_shortlink":"https:\/\/wp.me\/p7ETMF-7Gy","jetpack-related-posts":[{"id":115967,"url":"http:\/\/vincentians.com\/es\/salamanca-teologado-san-vicente-de-paul-curso-1969-70\/","url_meta":{"origin":29546,"position":0},"title":"Salamanca: Teologado San Vicente de Pa\u00fal (Curso 1969-70)","author":"Mitxel Olabu\u00e9naga","date":"16\/12\/2012","format":false,"excerpt":"El d\u00eda 29 de septiembre, despu\u00e9s de haber practicado en comunidad los ejercicios espirituales y emitido los votos perpetuos y la promesa de incorpo\u00adraci\u00f3n a la Congregaci\u00f3n de la Misi\u00f3n en la fiesta de San Vicente, se abr\u00eda el curso acad\u00e9mico 1969-70 en este Teologado. Integran este Teologado los Estudiantes\u2026","rel":"","context":"En \u00abHistoria de la Congregaci\u00f3n de la Misi\u00f3n en Espa\u00f1a\u00bb","block_context":{"text":"Historia de la Congregaci\u00f3n de la Misi\u00f3n en Espa\u00f1a","link":"http:\/\/vincentians.com\/es\/category\/historia-de-la-familia-vicenciana\/historia-de-la-congregacion-de-la-mision-en-espana\/"},"img":{"alt_text":"Casa_Salamanca","src":"https:\/\/i0.wp.com\/vicencianos.org\/wp-content\/2012\/05\/Casa_Salamanca.jpg?resize=350%2C200","width":350,"height":200},"classes":[]},{"id":117160,"url":"http:\/\/vincentians.com\/es\/sacrosanctum-concilium\/","url_meta":{"origin":29546,"position":1},"title":"Sacrosanctum Concilium","author":"Francisco Javier Fern\u00e1ndez Chento","date":"01\/11\/2018","format":false,"excerpt":"Comentario a \"Sacrosanctum Concilium\" Autor: Jos\u00e9 Miguel Arr\u00e1iz La constituci\u00f3n Sacrosanctum Concilium fue el primer documento aprobado por el Concilio, el 4 de diciembre de 1963, por una abrumadora mayor\u00eda de 2158 votos a favor y 4 en contra. Daba a la liturgia un tratamiento tan generoso en comparaci\u00f3n con\u2026","rel":"","context":"En \u00abConcilio Vaticano II\u00bb","block_context":{"text":"Concilio Vaticano II","link":"http:\/\/vincentians.com\/es\/category\/formacion-cristiana\/concilios-ecumenicos\/concilio-vaticano-ii\/"},"img":{"alt_text":"","src":"https:\/\/i0.wp.com\/vincentians.com\/es\/wp-content\/uploads\/sites\/11\/2013\/10\/El-Cristo-de-las-virtudes-vicencianas.jpg?fit=1200%2C399&resize=350%2C200","width":350,"height":200,"srcset":"https:\/\/i0.wp.com\/vincentians.com\/es\/wp-content\/uploads\/sites\/11\/2013\/10\/El-Cristo-de-las-virtudes-vicencianas.jpg?fit=1200%2C399&resize=350%2C200 1x, https:\/\/i0.wp.com\/vincentians.com\/es\/wp-content\/uploads\/sites\/11\/2013\/10\/El-Cristo-de-las-virtudes-vicencianas.jpg?fit=1200%2C399&resize=525%2C300 1.5x, https:\/\/i0.wp.com\/vincentians.com\/es\/wp-content\/uploads\/sites\/11\/2013\/10\/El-Cristo-de-las-virtudes-vicencianas.jpg?fit=1200%2C399&resize=700%2C400 2x, https:\/\/i0.wp.com\/vincentians.com\/es\/wp-content\/uploads\/sites\/11\/2013\/10\/El-Cristo-de-las-virtudes-vicencianas.jpg?fit=1200%2C399&resize=1050%2C600 3x"},"classes":[]},{"id":118018,"url":"http:\/\/vincentians.com\/es\/las-misiones-parroquiales-se-renuevan-1964\/","url_meta":{"origin":29546,"position":2},"title":"Las misiones parroquiales se renuevan (1964)","author":"Francisco Javier Fern\u00e1ndez Chento","date":"01\/09\/2021","format":false,"excerpt":"Este instrumento oficial, eficaz y obligatorio de la Pastoral de la Iglesia, que son las misiones al pueblo por medio de las Pa\u00adrroquias, aisladas o en conjunto, sigue su marcha ascendente, a3 menos en Espa\u00f1a y Am\u00e9rica, que es lo que m\u00e1s conozco. Al mis\u00admo tiempo que se trabaja con\u2026","rel":"","context":"En \u00abFormaci\u00f3n Vicenciana\u00bb","block_context":{"text":"Formaci\u00f3n Vicenciana","link":"http:\/\/vincentians.com\/es\/category\/formacion-vicenciana\/"},"img":{"alt_text":"","src":"https:\/\/i0.wp.com\/vincentians.com\/es\/wp-content\/uploads\/sites\/11\/2016\/09\/sencillos-como-palomas.jpg?fit=1200%2C630&resize=350%2C200","width":350,"height":200,"srcset":"https:\/\/i0.wp.com\/vincentians.com\/es\/wp-content\/uploads\/sites\/11\/2016\/09\/sencillos-como-palomas.jpg?fit=1200%2C630&resize=350%2C200 1x, https:\/\/i0.wp.com\/vincentians.com\/es\/wp-content\/uploads\/sites\/11\/2016\/09\/sencillos-como-palomas.jpg?fit=1200%2C630&resize=525%2C300 1.5x, https:\/\/i0.wp.com\/vincentians.com\/es\/wp-content\/uploads\/sites\/11\/2016\/09\/sencillos-como-palomas.jpg?fit=1200%2C630&resize=700%2C400 2x, https:\/\/i0.wp.com\/vincentians.com\/es\/wp-content\/uploads\/sites\/11\/2016\/09\/sencillos-como-palomas.jpg?fit=1200%2C630&resize=1050%2C600 3x"},"classes":[]},{"id":29563,"url":"http:\/\/vincentians.com\/es\/oracion-al-paso-de-las-horas-apendice-iii-pastoral-de-la-liturgia-de-las-horas\/","url_meta":{"origin":29546,"position":3},"title":"Oraci\u00f3n al paso de las Horas. Ap\u00e9ndice III. Pastoral de la Liturgia de las Horas","author":"Francisco Javier Fern\u00e1ndez Chento","date":"04\/03\/2011","format":false,"excerpt":"\"Cuando los fieles son convocados y se re\u00fanen para la Liturgia de las Horas, uniendo sus corazones y sus voces, visibilizan a la Iglesia que celebra el misterio de Cristo\" (OGLH 22). No son muchos los estudios sobre la pastoral de la Liturgia de las Horas, y entre ellos conviene\u2026","rel":"","context":"En \u00abFormaci\u00f3n Cristiana\u00bb","block_context":{"text":"Formaci\u00f3n Cristiana","link":"http:\/\/vincentians.com\/es\/category\/formacion-cristiana\/"},"img":{"alt_text":"","src":"https:\/\/i0.wp.com\/vicencianos.org\/wp-content\/2011\/02\/liturgia_horas-300x224.jpg?resize=350%2C200","width":350,"height":200},"classes":[]},{"id":29516,"url":"http:\/\/vincentians.com\/es\/oracion-al-paso-de-las-horas-presentacion-2\/","url_meta":{"origin":29546,"position":4},"title":"Oraci\u00f3n al paso de las Horas. Presentaci\u00f3n","author":"Francisco Javier Fern\u00e1ndez Chento","date":"21\/02\/2011","format":false,"excerpt":"Uno de los signos m\u00e1s positivos que se han dado en la Iglesia despu\u00e9s del Concilio Vaticano II es sin duda la recuperaci\u00f3n, lenta pero firme, de la Liturgia de las Horas, la oraci\u00f3n eclesial por excelencia. El Oficio Divino ha sido profundamente renovado, y se han producido diferentes ediciones\u2026","rel":"","context":"En \u00abFormaci\u00f3n Cristiana\u00bb","block_context":{"text":"Formaci\u00f3n Cristiana","link":"http:\/\/vincentians.com\/es\/category\/formacion-cristiana\/"},"img":{"alt_text":"","src":"https:\/\/i0.wp.com\/vicencianos.org\/wp-content\/2011\/02\/liturgia_horas-300x224.jpg?resize=350%2C200","width":350,"height":200},"classes":[]},{"id":117157,"url":"http:\/\/vincentians.com\/es\/optatam-totius\/","url_meta":{"origin":29546,"position":5},"title":"Optatam Totius","author":"Francisco Javier Fern\u00e1ndez Chento","date":"30\/10\/2018","format":false,"excerpt":"Comentario a \"Optatam Totius\" Autor: Jos\u00e9 Miguel Arr\u00e1iz El documento Optatam Totius es el decreto del Concilio Vaticano II referente a la formaci\u00f3n sacerdotal. Fue promulgado el 28 de octubre de 1965 de manera pr\u00e1cticamente un\u00e1nime: 2318 placet, 3 y solo tres non placet. Composici\u00f3n Est\u00e1 compuesto por un proemio,\u2026","rel":"","context":"En \u00abConcilio Vaticano II\u00bb","block_context":{"text":"Concilio Vaticano II","link":"http:\/\/vincentians.com\/es\/category\/formacion-cristiana\/concilios-ecumenicos\/concilio-vaticano-ii\/"},"img":{"alt_text":"","src":"https:\/\/i0.wp.com\/vincentians.com\/es\/wp-content\/uploads\/sites\/11\/2016\/09\/revolucion-francesa.jpg?fit=1200%2C630&resize=350%2C200","width":350,"height":200,"srcset":"https:\/\/i0.wp.com\/vincentians.com\/es\/wp-content\/uploads\/sites\/11\/2016\/09\/revolucion-francesa.jpg?fit=1200%2C630&resize=350%2C200 1x, https:\/\/i0.wp.com\/vincentians.com\/es\/wp-content\/uploads\/sites\/11\/2016\/09\/revolucion-francesa.jpg?fit=1200%2C630&resize=525%2C300 1.5x, https:\/\/i0.wp.com\/vincentians.com\/es\/wp-content\/uploads\/sites\/11\/2016\/09\/revolucion-francesa.jpg?fit=1200%2C630&resize=700%2C400 2x, https:\/\/i0.wp.com\/vincentians.com\/es\/wp-content\/uploads\/sites\/11\/2016\/09\/revolucion-francesa.jpg?fit=1200%2C630&resize=1050%2C600 3x"},"classes":[]}],"_links":{"self":[{"href":"http:\/\/vincentians.com\/es\/wp-json\/wp\/v2\/posts\/29546","targetHints":{"allow":["GET"]}}],"collection":[{"href":"http:\/\/vincentians.com\/es\/wp-json\/wp\/v2\/posts"}],"about":[{"href":"http:\/\/vincentians.com\/es\/wp-json\/wp\/v2\/types\/post"}],"author":[{"embeddable":true,"href":"http:\/\/vincentians.com\/es\/wp-json\/wp\/v2\/users\/4"}],"replies":[{"embeddable":true,"href":"http:\/\/vincentians.com\/es\/wp-json\/wp\/v2\/comments?post=29546"}],"version-history":[{"count":0,"href":"http:\/\/vincentians.com\/es\/wp-json\/wp\/v2\/posts\/29546\/revisions"}],"wp:featuredmedia":[{"embeddable":true,"href":"http:\/\/vincentians.com\/es\/wp-json\/"}],"wp:attachment":[{"href":"http:\/\/vincentians.com\/es\/wp-json\/wp\/v2\/media?parent=29546"}],"wp:term":[{"taxonomy":"category","embeddable":true,"href":"http:\/\/vincentians.com\/es\/wp-json\/wp\/v2\/categories?post=29546"},{"taxonomy":"post_tag","embeddable":true,"href":"http:\/\/vincentians.com\/es\/wp-json\/wp\/v2\/tags?post=29546"}],"curies":[{"name":"wp","href":"https:\/\/api.w.org\/{rel}","templated":true}]}}