{"id":29416,"date":"2025-03-01T08:51:43","date_gmt":"2025-03-01T07:51:43","guid":{"rendered":"http:\/\/somos.vicencianos.org\/?p=29416"},"modified":"2024-08-22T18:57:31","modified_gmt":"2024-08-22T16:57:31","slug":"etienne-blatiron-c-m-1614-1657-primera-parte","status":"publish","type":"post","link":"http:\/\/vincentians.com\/es\/etienne-blatiron-c-m-1614-1657-primera-parte\/","title":{"rendered":"Etienne Blatiron, C.M. (1614-1657). Primera parte"},"content":{"rendered":"<p>El Sr. \u00c9tienne Blatiron naci\u00f3 y\u00a0 fue bautizado en Saint-Julien de Capel, en la di\u00f3cesis de Clermont, el 6 de enero de 1614. Fue ese mismo d\u00eda de la Epifan\u00eda cuando, m\u00e1s tarde en 1638, escogi\u00f3, para hacer su entrada en la peque\u00f1a Compa\u00f1\u00eda donde le hab\u00eda precedido por unos cuantos meses el Sr. Ren\u00e9 Alm\u00e9ras, su compa\u00f1ero de seminario. Fue ordenado sacerdote en 1639. Asignado inmediatamente a la obra de las misiones con el Sr. Brunet, fue reclamado poco despu\u00e9s al mismo tiempo que \u00e9ste por Mons. Pavillon quien, habi\u00e9ndolos visto a la obra, quiso tenerlos en su di\u00f3cesis de Aletz. En el pensamiento de nuestro santo fundador, los dos misioneros al salir de Aletz, eran destinados a ir enseguida a fortalecer la misi\u00f3n de Roma. Existiendo dificultades materiales al aumento de personal, el Sr. Blatiron fue primero invitado a dirigirse a Saintes, luego a Richelieu donde en 1643 recibi\u00f3 la orden de dirigirse a Lyon y all\u00ed esperar al Sr. d\u2019Horgny que iba a hacer su primera visita a Roma. El Sr. Bourdet, entonces residente en Marsella deb\u00eda unirse a ellos. No obstante, de notas conservadas en Roma resulta que la llegada del Sr. Blatiron no tuvo lugar hasta 1644, y una carta de san Vicente al Sr. d\u2019Horgny, del 2 de noviembre de 1644 (t. p. 485) nos dice que el Sr. Blatiron estaba designado como consultor del superior de Roma, y fue de all\u00ed de donde tuvo que salir para G\u00e9nova al a\u00f1o siguiente, 1645, en calidad del primer superior de la misi\u00f3n fundada por el cardenal Durazzo.<\/p>\n<p>Tra\u00eda consigo, de Roma, al Sr. Martin. Otros dos compa\u00f1eros y un hermano coadjutor le fueron enviados de Francia. Eran pues cinco en la toma de posesi\u00f3n. Se les asign\u00f3 una casa provisional, en espera de la residencia definitiva que el cardenal se comprometi\u00f3 a construirles, en una de sus propiedades, junto al mar. La primera apenas estaba adaptada a las obras de la Compa\u00f1\u00eda; y sin embargo el nuevo superior, con el celo que lo animaba, quiso organizar sin retraso todas sus obras, pero principalmente las misiones, a las que \u00e9l y sus cohermanos se entregaron con el mayor ardor. Debieron trabajar con cierto exceso, ya que san Vicente, al enterarse, escrib\u00eda al Sr. Blatiron el 23 de marzo de 1646: \u00abOh Se\u00f1or, que el buen Dios est\u00e1 presente en vuestra peque\u00f1a Compa\u00f1\u00eda y en vuestros empleos, de otro modo \u00bfc\u00f3mo podr\u00edais aguantar unos trabajos as\u00ed?\u00a0 Yo no puedo agradecer a Dios lo suficiente por la fuerza que os da y al Sr. Martin entre trabajos tan grandes, y no puedo librarme del temor que siento que sea demasiado fuerte para los dos. En nombre de Dios, Se\u00f1or, tratad de organizaros de tal manera que se moderen vuestros trabajos, de la manera que os he escrito. No os parece que habr\u00e1 que aliviaros con alg\u00fan otro que os enviaremos. Me pod\u00e9is creer, Se\u00f1or que mi coraz\u00f3n se agita al deciros esto, a causa de la perfecta confianza\u00a0 que tengo en vos, y por muchos motivos. Y bueno, de continuo me invaden temores de que os hall\u00e9is mal. En nombre de Dios, Se\u00f1or, cuidaos lo m\u00e1s que pod\u00e1is. Un abrazo y al Sr. Martin, prosternado a vuestros pies y a los de esos se\u00f1ores\u00a0 que trabajan con vos, a quienes saludo, y a las oraciones de ellos me encomiendo, etc.\u2026\u00bb<\/p>\n<p>Pero les resultaba bien dif\u00edcil a los misioneros cuidarse cuando, a pesar de su d\u00e9bil salud, el cardenal era el primero en darles el ejemplo de un celo sin medida. Celoso de comunicar a todo su reba\u00f1o del tesoro que pose\u00eda, part\u00eda con estos bravos obreros para las misiones del campo, se instalaba con ellos, compart\u00eda sus trabajos y se acomodaba tan bien al reglamento que un d\u00eda en que com\u00edan juntos, habi\u00e9ndole querido hacer un regalo un se\u00f1or del vecindario, su Eminencia lo rechaz\u00f3 en nombre del principio en uso en la Compa\u00f1\u00eda de no aceptar nada de parte de los laicos en el ejercicio de nuestras misiones\u2026 Mientras alababa el motivo que ten\u00eda el eminente fundador para gastarse, de acuerdo con los misioneros, para el mayor bien de sus diocesanos, la prudencia de san Vicente le hac\u00eda temer el peligro de este trabajo sin descanso, y no cesaba de insistir en este asunto en los consejos que daba al Sr. Blatiron. Le escrib\u00eda el 26 de octubre de 1646:<\/p>\n<p>\u00abNo he tenido cartas vuestras, esta semana, no puedo interrumpir las m\u00edas con vos, y disfruto tanto con la lectura de las vuestras y con enterarme de lo que pasa con vuestros empleos, que os ruego, Se\u00f1or, que me escob\u00e1is por todos los ordinarios (correos). Esta alegr\u00eda no es para m\u00ed solo, la comparto con toda la Compa\u00f1\u00eda, cuando hay algo de particular, y aprovecho para encomendaros a las oraciones de todos. Veo la raz\u00f3n de Mons. cardenal arzobispo para no concederos descanso en vuestros trabajos, al considerarla en su celo o en la disposici\u00f3n y calor presente de los pueblos; pero se ha de mirar m\u00e1s lejos, y conservar a los obreros para hacer durar el trabajo. Haced pues\u00a0 tambi\u00e9n, por favor, algunos esfuerzos para tener esa moderaci\u00f3n.\u00a0 Que si mi Se\u00f1or persevera, al menos conteneos para trabajar m\u00e1s despacio en los p\u00falpitos y en las funciones. Habladles m\u00e1s familiarmente y m\u00e1s bajo, dej\u00e1ndoles que se os acerquen; ya que al fin la virtud no se encuentra en los extremos, sino en la discreci\u00f3n, la que os recomiendo, todo lo que puedo, a vos y al Sr. Martin\u00bb.<\/p>\n<p>La insistencia del venerado Padre y tambi\u00e9n la llegada, en septiembre de ese a\u00f1o, del refuerzo que trajo a los misioneros de G\u00e9nova la suma del Sr. Richard a su familia, permiti\u00f3 al Sr. Blatiron disminuir un poco la cantidad del trabajo. Dichoso al saberlo, San Vicente le escrib\u00eda el 26 de noviembre: \u00abHe recibido vuestras dos cartas a la vez; una y otra han contribuido mucho a mi consuelo al ver la continuidad de vuestra salud y de vuestra buena direcci\u00f3n, de lo que doy gracias a Dios y le pido\u00a0 que os conserve y os bendiga ah\u00ed. Para m\u00e1s consuelo de mi esp\u00edritu veo que Mons. el cardenal os da la libertad de descansar que ser\u00eda necesario despu\u00e9s de cada misi\u00f3n. Aprovechadlo pues, os pido, y manteneos como una persona muy querida a la Compa\u00f1\u00eda, y en particular a mi coraz\u00f3n, que guarda ternuras de afecto por vos que no son nada ordinarias\u00bb.<\/p>\n<p>Ya el\u00a0 Sr. Martin se ocupaba activamente, bajo la direcci\u00f3n del Sr. Blatiron, de un seminario interno, que respond\u00eda a sus cuidados. El 28 de diciembre, san Vicente habla de ello a este \u00faltimo en estos t\u00e9rminos: \u00abCiertamente he recibido una gran satisfacci\u00f3n al conocer el buen orden del seminario y el bien que se hace. Es una gracia especial de Dios, por la que pido a su divina bondad que se glorifique a ella misma, y que acepte el agradecimiento que le rindo por la buena direcci\u00f3n del buen Sr. Martin, quien necesita el apoyo y la fuerza del Esp\u00edritu Santo en los empleos que tiene\u00bb.<\/p>\n<p>Poco despu\u00e9s, es decir el 4 de enero de 1647, San Vicente enviaba a G\u00e9nova el reglamento\u00a0 del seminario de los Bons-Enfants, seg\u00fan el cual hab\u00eda que conducirse. El descanso del Sr. Blatiron y de los suyos no fie de larga duraci\u00f3n, Cortados seg\u00fan el modelo del santo fundador, quien\u00a0 al regresar a Par\u00eds al terminar sus trabajos, tem\u00eda ver las puertas de la ciudad caer sobre \u00e9l, y se reprochaba amargamente dejar hundidas en la iniquidad a multitudes de almas, ellos tambi\u00e9n, impacientes por retomar el camino de los pueblos, se pusieron a la obra con tal continuidad, el superior sobre todo, que nuestro bienaventurado Padre le dirigi\u00f3 una vez m\u00e1s paternales reproches, el 24 de mayo de 1647:\u00bbNo s\u00e9 si os deba urgir que os tom\u00e9is alg\u00fan descanso, pues ya sab\u00e9is que el mayor contento que me pod\u00e1is dar en este mundo consiste en vuestra conservaci\u00f3n. Tened mucho cuidado entonces por el amor de Nuestro Se\u00f1or y dejadme que os invite a la moderaci\u00f3n en el trabajo, mientras que otros os empujan a los excesos. Hablad claramente de nuestra parte, decid que es demasiado\u00bb.<\/p>\n<p>Sin embargo en medio de sus trabajos apost\u00f3licos, el Sr. Blatiron encontraba a veces dificultades que le gustaba exponer a san Vicente, reclamando con sus consejos el auxilio de sus oraciones. As\u00ed pues, en una carta del 22 de junio del mismo a\u00f1o 1647, nuestro bienaventurado Padre le promete una misa en Notre Dame de Par\u00eds para la reconciliaci\u00f3n casi desesperada de la que le hab\u00eda hablado, comprometi\u00e9ndole al mismo tiempo a encomendarse, para el \u00e9xito, al buen querer divino.<\/p>\n<p>Junto con las oraciones el buen Padre no le escatimaba los consejos y los avisos. El 27 de septiembre del mismo a\u00f1o, escribiendo tambi\u00e9n al Sr. Blatiron, le encomienda sobre todo la pr\u00e1ctica de la humildad y de la caridad paternal como dos grandes medios de atraer sobre su casa las bendiciones del cielo. Luego ven\u00edan los \u00e1nimos. Sabiendo que la uni\u00f3n reinaba en la familia de G\u00e9nova, le escribe el 13 de diciembre para felicitarle y fortalecerle en el deseo de mantenerla a toda costa.<\/p>\n<p>Estos consejos no quedaban sin resultado y pronto las virtudes del superior de G\u00e9nova y de sus cohermanos difundieron tan buen olor que la peque\u00f1a Compa\u00f1\u00eda lleg\u00f3 a conquistar pronto en aquel pa\u00eds la estima y la confianza del clero y del pueblo. San Vicente enterado no cab\u00eda en s\u00ed de gozo, y en una carta del 14 de febrero de 1648, se lo declara al Sr. Blatiron con toda su satisfacci\u00f3n. Alaba en particular su paciencia en las dificultades, su caridad y su celo por la salvaci\u00f3n de las almas. Hasta llega a decirle que propone a veces su ejempla para la imitaci\u00f3n\u00a0 de la casa de San L\u00e1zaro. \u00abPor donde veis, Se\u00f1or, escribe \u00e9l, que la miel de vuestra colmena fluye hasta esta casa y sirve de alimento a sus hijos\u00bb.<\/p>\n<p>La piadosa influencia ejercida por nuestros queridos cohermanos de G\u00e9nova sobre los eclesi\u00e1sticos, que se hab\u00edan puesto espont\u00e1neamente bajo su direcci\u00f3n, establec\u00eda tal diferencia entre \u00e9stos y los alumnos del seminario diocesano que el celoso cardenal quiso al menos procurar a estos \u00faltimos las ventajas de un retiro predicado por los hijos de san Vicente. Nuestro bienaventurado Padre le felicita por ello en una breve carta de septiembre de 1648. Antes le hab\u00eda alabado por negarse a predicar un retiro a un cierto n\u00famero de j\u00f3venes devotas que viv\u00edan en comunidad.<\/p>\n<p>En el mes de julio de 1649, el Sr. Blatiron acab\u00f3 por sucumbir a un exceso de fatiga producido por sus continuos trabajos, y su vida pareci\u00f3 por un instante en peligro. Fue lo que ocasion\u00f3 la carta de san Vicente (9 de julio) \u00abNo hay remedio; ya est\u00e1is enfermo, y enfermo fuera de G\u00e9nova, alejado de toda asistencia, en un lugar en que las enfermedades son graves y peligrosas por la intemperie del aire, como vos mismo me hab\u00e9is escrito. Bendito sea Dios me ocult\u00e1is sin embargo vuestro mal, y si el Sr. Martin no me lo hubiera hecho saber s\u00f3lo que quedar\u00eda el miedo por el peligro que corr\u00edais, pero Dios no me ha querido ver sin sufrimientos; mientras os tiene afligido, y la santa uni\u00f3n de nuestros corazones no lo permit\u00eda. Lo que yo he hecho despu\u00e9s de esta noticia ha sido presentar a Dios vuestros dolores y los m\u00edos, pedirle para vos y para m\u00ed la conformidad con sus designios. Y por \u00faltimo vuestra salud, si es para su mayor gloria, o bien un perfecto uso de su visita. Os he encomendado tambi\u00e9n a las oraciones de la Compa\u00f1\u00eda, lo m\u00e1s tiernamente que he podido, y creo que cada uno ha cumplido con su deber ante Nuestro Se\u00f1or que sabe lo que todos os estiman y c\u00f3mo nos consolar\u00e1 si es de su agrado conservaros\u00bb.<\/p>\n<p>Esta enfermedad del Sr. Blatiron no tuvo consecuencias funestas, y los cuidados afectuosos de los que fue objeto le permitieron volverse pronto a sus queridas ocupaciones.<\/p>\n<p>Sin embargo los servicios prestados al pa\u00eds, seg\u00fan parece, no hab\u00edan hecho olvidar lo suficiente el t\u00edtulo de sacerdotes extranjeros que creaba a los misioneros dificultades bastante serias en el mundo oficial. Se dejaron ver con ocasi\u00f3n de la entrada en posesi\u00f3n del nuevo inmueble debido a las liberalidades del cardenal Durazzo. Este edificio estaba terminado en el a\u00f1o 1647. Pero gracias a oposiciones cuya fuente no se desea conocer, fue preciso esperar dos a\u00f1os entero la aprobaci\u00f3n del Senado, que otros se esforzaban por alargarla indefinidamente. Viendo lo cual, un cierto n\u00famero de personajes distinguidos de G\u00e9nova firmaron una petici\u00f3n que queremos reproducir como una prueba de las simpat\u00edas que rodearon la cuna de la Congregaci\u00f3n.<\/p>\n<p>\u00abNosotros\u2026, deseosos del bien universal de nuestra seren\u00edsima Rep\u00fablica y m\u00e1s particularmente de la salvaci\u00f3n de las almas de todos, y sobre todo de las de los pobres habitantes de los campos y de las monta\u00f1as, que se encuentran privadas de los numerosos socorros que tienen las de las ciudades; habiendo visto el gran fruto operado por medio de los sacerdotes de esta Congregaci\u00f3n que se llama de la Misi\u00f3n, y habiendo considerado el mayor bien que todav\u00eda se puede esperar en el porvenir, mediante la dicha Congregaci\u00f3n, no s\u00f3lo para bien de las almas, sino tambi\u00e9n para el bien universal de todo el Estado, ya que por este medio los pueblos ser\u00e1n m\u00e1s obediente y sumisos a los superiores y m\u00e1s tranquilos entre s\u00ed, sobre todo si se instruye y educa a personas de la regi\u00f3n de los\u00a0 ya muchos se presentan y no esperan m\u00e1s que el establecimiento de la Congregaci\u00f3n en esta ciudad bajo el benepl\u00e1cito y la aprobaci\u00f3n del seren\u00edsimo senado. Nos hemos decidido a unir nuestros votos y s\u00faplicas a los de dicho se\u00f1or \u00c9tienne Blatiron y de sus compa\u00f1eros para suplicar a Vuestra Serenidad que quiera ver con agrado y permita que los susodichos misioneros tomen lugar y morada en la ciudad y dentro de los muros a fin de que puedan ejercer todas sus funciones y practicar sus ejercicios para el bien de los sacerdotes y cl\u00e9rigos y tambi\u00e9n de los pobres de los campos, seg\u00fan su Instituto\u00bb.<\/p>\n<p>Esta petici\u00f3n llevaba muchas firmas al frente de las cuales figuran las de los Srs. Baliano, Reggio, Jean-Chrysost\u00f4me Menza, Jean-J\u00e9r\u00f4me Sanseverino, Barth\u00e9lemy Chiappe, Laurent Battaro, Fran\u00e7ois Raggio, Philippe Scassaro, Augustin Montabbios.<\/p>\n<p>Ella produjo su efecto y, ante estos nombres tan recomendables, el senado de la Rep\u00fablica no tuvo ya el valor de negarse. Todos los reparos se vinieron abajo. La augusta asamblea dio su autorizaci\u00f3n, y los misioneros pudieron al fin instalarse en su nueva casa (1649). Eran ocho como nos lo cuenta una petici\u00f3n firmada por ellos, en 1650, para obtener del senado el descargo de las gabelas, en lo concerniente al consumo de todos los d\u00edas. Eran los Srs. \u00c9tienne Blatiron, Jean Martin, Gabriel Damien, Fran\u00e7ois Richard, Patrice Valesio, Jean Enn\u00e9ry, Michel G\u00e9rard, \u00c9tienne Baccigalupo.<\/p>\n<p>En el curso de estos dos a\u00f1os 1649 y 1650, las correspondencias de la familia se\u00f1alan tres cartas de san Vicente al Sr. Blatiron, una de felicitaci\u00f3n por su entrada en la nueva residencia; otra desaprobando el permiso dado a un misionero para hacer su retiro en una casa de religiosos, deseaba que los misioneros hicieran su retiro juntos; una tercera por \u00faltimo, para corregir a un sacerdote de su casa que, sin dec\u00edrselo a nadie, se hab\u00eda graduado de doctor en G\u00e9nova.<\/p>\n<p>Se encuentra en la primera edici\u00f3n de la Vida de san Vicente algunos detalles muy interesantes sobre la misi\u00f3n dada por los cohermanos de la casa de G\u00e9nova.<\/p>\n<p>En otra misi\u00f3n tenida en enero de 1650, si bien los habitantes del lugar eran extremadamente pobres, aconsejados de establecer en su parroquia la cofrad\u00eda de la Caridad para los pobres enfermos, aquellas buenas gentes hicieron tal esfuerzo para contribuir a una obra que estimaban\u00a0 tan buena y tan santa que en la primera ronda se recogieron quinientas libras de plata y, adem\u00e1s, setecientas libras en fondos u obligaciones.<\/p>\n<p>Se fund\u00f3 tambi\u00e9n otra cofrad\u00eda o compa\u00f1\u00eda, para los hombres, que se llam\u00f3 de la Doctrina cristiana, cuya misi\u00f3n fue ense\u00f1ar el Pater y el Ave, y los principios de la fe a los que no se los sab\u00edan, recorrer la parroquia buscando a los ni\u00f1os para hacerles asistir al catecismo.<\/p>\n<p>Uno de los antiguos sacerdotes de la Congregaci\u00f3n, haciendo el viaje de Par\u00eds a Italia y encontr\u00e1ndose en una Misi\u00f3n que hac\u00edan los de G\u00e9nova en Castiglione, en el mes de diciembre en 1650, escribi\u00f3 sobre ello al Sr. Vicente en estos t\u00e9rminos:<\/p>\n<p>\u00abHe visto todos los ejercicios de la Misi\u00f3n que se celebra en esta parroquia, y simult\u00e1neamente en otras ocho nueve vecinas. Los pueblos asisten\u00a0 asiduamente a los sermones y a los catecismos, y ocupan continuamente a los confesores. Tengo que decir que no ceden en nada a los de otras regiones, sino que m\u00e1s bien las sobrepasan en algo. Dos concubinarios p\u00fablicos, llevados de un movimiento de penitencia, han hecho p\u00fablica una enmienda honrosa en la iglesia, en medio del serm\u00f3n, en presencia de una inmensa asamblea de gente. Varios usureros se han obligado por escrito ante notario a restituir todo lo que han exigido injustamente a los pobres a quienes hab\u00edan prestado su dinero. La cofrad\u00eda de la Caridad se ha fundado en esta parroquia y en todas las mencionadas. El superior de la misi\u00f3n da todos los lunes una conferencia a diez o doce p\u00e1rrocos de los alrededores; he asistido a una de estas conferencias, todo sucedi\u00f3 muy bien, se puede esperar mucho provecho para ellos y para sus pueblos\u00bb.<\/p>\n<p>En el curso del a\u00f1o de 1650, el Sr. Blatiron fue enviado a Roma para hacer la visita de la casa. Comenz\u00f3 el 4 de mayo y se termin\u00f3 el 28 del mismo mes. Era la cuarta desde la fundaci\u00f3n de la casa.<\/p>\n<p>Llegamos al a\u00f1o de 1651. El 6 de enero, como lo hemos dicho al principio de esta noticia, era memorable para el superior de G\u00e9nova. Nacido y bautizado ese d\u00eda, fue tambi\u00e9n en esta solemnidad cuando ocup\u00f3 lugar en la familia de san Vicente. El santo fundador quiso probarle que lo guardaba en el coraz\u00f3n al escribirle, en la fecha del 6 de enero de 1651: \u00abSiento un doble y triple consuelo sabiendo que os escribo el mismo d\u00eda en que nacisteis al mundo, a la gracia y a la peque\u00f1a Compa\u00f1\u00eda. Se\u00f1or Dios, qu\u00e9 memorable nos debe ser este santo d\u00eda, a vos y a nosotros! No lo digo s\u00f3lo por el misterio que celebramos, el Rey de los reyes siendo reconocido como tal en su infancia y en su pobreza; aino por los t\u00edtulos gloriosos que hab\u00e9is recibido, aprop\u00f3sito de \u00e9l y de su servidor dom\u00e9stico, de lo que he dado gracias a Dios y se las dar\u00e9 toda mi vida, tanto por vuestra felicidad particular como por el inter\u00e9s de nuestra peque\u00f1a Congregaci\u00f3n que, al recibiros, ha recibido de vos un regalo inestimable, en honor de los que su Hijo ha recibido de los Magos. Que pod\u00e1is publicar las grandezas de este peque\u00f1o Ni\u00f1o a quien ellos adoran, y atraer a su conocimiento y a su amor a las almas que est\u00e1n alejadas de \u00e9l, a fin de que la vuestra sea un d\u00eda del n\u00famero de las que juzguen a las doce tribus de Israel para reinar con ellas en la gloria del soberano\u00bb.<\/p>\n<p>En el transcurso de 1651 tuvo lugar en Par\u00eds una importante asamblea en la que tom\u00f3 parte el Sr. Blatir\u00f3n. Se abri\u00f3 el 1\u00ba de julio y se concluy\u00f3 el 11 de agosto. El primer volumen de las Circulares de los Superiores generales contiene un resumen de esta asamblea.<\/p>\n<p>Un precioso documento, descubierto hace poco en Tur\u00edn en los archivos de nuestra casa, nos ha dado a conocer el informe exacto de estas reuniones y\u00a0 el detalle de las discusiones con las aprobaciones de cada uno de los miembros de la asamblea. El Sr Blatiron se encuentra citado por el secretario, que da a entender la alta estima que inspiraba a los miembros de la reuni\u00f3n.<\/p>\n","protected":false},"excerpt":{"rendered":"<p>El Sr. \u00c9tienne Blatiron naci\u00f3 y\u00a0 fue bautizado en Saint-Julien de Capel, en la di\u00f3cesis de Clermont, el 6 de enero de 1614. Fue ese mismo d\u00eda de la Epifan\u00eda cuando, m\u00e1s tarde en 1638, &#8230; <a href=\"http:\/\/vincentians.com\/es\/etienne-blatiron-c-m-1614-1657-primera-parte\/\" class=\"more-link\">Read More<\/a><\/p>\n","protected":false},"author":4,"featured_media":405111,"comment_status":"open","ping_status":"open","sticky":false,"template":"","format":"standard","meta":{"jetpack_post_was_ever_published":false,"_jetpack_newsletter_access":"","_jetpack_dont_email_post_to_subs":false,"_jetpack_newsletter_tier_id":0,"_jetpack_memberships_contains_paywalled_content":false,"_jetpack_memberships_contains_paid_content":false,"footnotes":"","jetpack_publicize_message":"","jetpack_publicize_feature_enabled":true,"jetpack_social_post_already_shared":true,"jetpack_social_options":{"image_generator_settings":{"template":"highway","default_image_id":0,"font":"","enabled":false},"version":2}},"categories":[17],"tags":[230,156,161,172,143],"class_list":["post-29416","post","type-post","status-publish","format-standard","has-post-thumbnail","hentry","category-en-tiempos-de-vicente-de-paul","tag-almeras","tag-blatiron","tag-etienne","tag-pobreza","tag-san-lazaro"],"yoast_head":"<!-- This site is optimized with the Yoast SEO plugin v26.3 - https:\/\/yoast.com\/wordpress\/plugins\/seo\/ -->\n<title>Etienne Blatiron, C.M. (1614-1657). Primera parte - Somos Vicencianos<\/title>\n<meta name=\"robots\" content=\"index, follow, max-snippet:-1, max-image-preview:large, max-video-preview:-1\" \/>\n<link rel=\"canonical\" href=\"http:\/\/vincentians.com\/es\/etienne-blatiron-c-m-1614-1657-primera-parte\/\" \/>\n<meta property=\"og:locale\" content=\"es_ES\" \/>\n<meta property=\"og:type\" content=\"article\" \/>\n<meta property=\"og:title\" content=\"Etienne Blatiron, C.M. (1614-1657). Primera parte - Somos Vicencianos\" \/>\n<meta property=\"og:description\" content=\"El Sr. \u00c9tienne Blatiron naci\u00f3 y\u00a0 fue bautizado en Saint-Julien de Capel, en la di\u00f3cesis de Clermont, el 6 de enero de 1614. Fue ese mismo d\u00eda de la Epifan\u00eda cuando, m\u00e1s tarde en 1638, ... Read More\" \/>\n<meta property=\"og:url\" content=\"http:\/\/vincentians.com\/es\/etienne-blatiron-c-m-1614-1657-primera-parte\/\" \/>\n<meta property=\"og:site_name\" content=\"Somos Vicencianos\" \/>\n<meta property=\"article:publisher\" content=\"https:\/\/www.facebook.com\/WeAreVincentians\/\" \/>\n<meta property=\"article:author\" content=\"https:\/\/www.facebook.com\/JavierChento\" \/>\n<meta property=\"article:published_time\" content=\"2025-03-01T07:51:43+00:00\" \/>\n<meta property=\"og:image\" content=\"https:\/\/i0.wp.com\/vincentians.com\/es\/wp-content\/uploads\/sites\/11\/2023\/08\/aa.jpeg?fit=1152%2C648\" \/>\n\t<meta property=\"og:image:width\" content=\"1152\" \/>\n\t<meta property=\"og:image:height\" content=\"648\" \/>\n\t<meta property=\"og:image:type\" content=\"image\/jpeg\" \/>\n<meta name=\"author\" content=\"Francisco Javier Fern\u00e1ndez Chento\" \/>\n<meta name=\"twitter:card\" content=\"summary_large_image\" \/>\n<meta name=\"twitter:creator\" content=\"@https:\/\/twitter.com\/javierchento\" \/>\n<meta name=\"twitter:site\" content=\"@WeVincentians\" \/>\n<meta name=\"twitter:label1\" content=\"Escrito por\" \/>\n\t<meta name=\"twitter:data1\" content=\"Francisco Javier Fern\u00e1ndez Chento\" \/>\n\t<meta name=\"twitter:label2\" content=\"Tiempo de lectura\" \/>\n\t<meta name=\"twitter:data2\" content=\"16 minutos\" \/>\n<script type=\"application\/ld+json\" class=\"yoast-schema-graph\">{\"@context\":\"https:\/\/schema.org\",\"@graph\":[{\"@type\":\"Article\",\"@id\":\"http:\/\/vincentians.com\/es\/etienne-blatiron-c-m-1614-1657-primera-parte\/#article\",\"isPartOf\":{\"@id\":\"http:\/\/vincentians.com\/es\/etienne-blatiron-c-m-1614-1657-primera-parte\/\"},\"author\":{\"name\":\"Francisco Javier Fern\u00e1ndez Chento\",\"@id\":\"http:\/\/vincentians.com\/es\/#\/schema\/person\/9623ef4d9aa3b2dfb8c061f1499288f2\"},\"headline\":\"Etienne Blatiron, C.M. (1614-1657). Primera parte\",\"datePublished\":\"2025-03-01T07:51:43+00:00\",\"mainEntityOfPage\":{\"@id\":\"http:\/\/vincentians.com\/es\/etienne-blatiron-c-m-1614-1657-primera-parte\/\"},\"wordCount\":3601,\"commentCount\":1,\"publisher\":{\"@id\":\"http:\/\/vincentians.com\/es\/#organization\"},\"image\":{\"@id\":\"http:\/\/vincentians.com\/es\/etienne-blatiron-c-m-1614-1657-primera-parte\/#primaryimage\"},\"thumbnailUrl\":\"https:\/\/i0.wp.com\/vincentians.com\/es\/wp-content\/uploads\/sites\/11\/2023\/08\/aa.jpeg?fit=1152%2C648\",\"keywords\":[\"Almer\u00e1s\",\"Blatiron\",\"Etienne\",\"Pobreza\",\"San L\u00e1zaro\"],\"articleSection\":[\"En tiempos de Vicente de Pa\u00fal\"],\"inLanguage\":\"es\",\"potentialAction\":[{\"@type\":\"CommentAction\",\"name\":\"Comment\",\"target\":[\"http:\/\/vincentians.com\/es\/etienne-blatiron-c-m-1614-1657-primera-parte\/#respond\"]}]},{\"@type\":\"WebPage\",\"@id\":\"http:\/\/vincentians.com\/es\/etienne-blatiron-c-m-1614-1657-primera-parte\/\",\"url\":\"http:\/\/vincentians.com\/es\/etienne-blatiron-c-m-1614-1657-primera-parte\/\",\"name\":\"Etienne Blatiron, C.M. (1614-1657). Primera parte - Somos Vicencianos\",\"isPartOf\":{\"@id\":\"http:\/\/vincentians.com\/es\/#website\"},\"primaryImageOfPage\":{\"@id\":\"http:\/\/vincentians.com\/es\/etienne-blatiron-c-m-1614-1657-primera-parte\/#primaryimage\"},\"image\":{\"@id\":\"http:\/\/vincentians.com\/es\/etienne-blatiron-c-m-1614-1657-primera-parte\/#primaryimage\"},\"thumbnailUrl\":\"https:\/\/i0.wp.com\/vincentians.com\/es\/wp-content\/uploads\/sites\/11\/2023\/08\/aa.jpeg?fit=1152%2C648\",\"datePublished\":\"2025-03-01T07:51:43+00:00\",\"breadcrumb\":{\"@id\":\"http:\/\/vincentians.com\/es\/etienne-blatiron-c-m-1614-1657-primera-parte\/#breadcrumb\"},\"inLanguage\":\"es\",\"potentialAction\":[{\"@type\":\"ReadAction\",\"target\":[\"http:\/\/vincentians.com\/es\/etienne-blatiron-c-m-1614-1657-primera-parte\/\"]}]},{\"@type\":\"ImageObject\",\"inLanguage\":\"es\",\"@id\":\"http:\/\/vincentians.com\/es\/etienne-blatiron-c-m-1614-1657-primera-parte\/#primaryimage\",\"url\":\"https:\/\/i0.wp.com\/vincentians.com\/es\/wp-content\/uploads\/sites\/11\/2023\/08\/aa.jpeg?fit=1152%2C648\",\"contentUrl\":\"https:\/\/i0.wp.com\/vincentians.com\/es\/wp-content\/uploads\/sites\/11\/2023\/08\/aa.jpeg?fit=1152%2C648\",\"width\":1152,\"height\":648},{\"@type\":\"BreadcrumbList\",\"@id\":\"http:\/\/vincentians.com\/es\/etienne-blatiron-c-m-1614-1657-primera-parte\/#breadcrumb\",\"itemListElement\":[{\"@type\":\"ListItem\",\"position\":1,\"name\":\"Portada\",\"item\":\"http:\/\/vincentians.com\/es\/\"},{\"@type\":\"ListItem\",\"position\":2,\"name\":\"Etienne Blatiron, C.M. (1614-1657). Primera parte\"}]},{\"@type\":\"WebSite\",\"@id\":\"http:\/\/vincentians.com\/es\/#website\",\"url\":\"http:\/\/vincentians.com\/es\/\",\"name\":\"Somos Vicencianos\",\"description\":\"Know more to serve more\",\"publisher\":{\"@id\":\"http:\/\/vincentians.com\/es\/#organization\"},\"potentialAction\":[{\"@type\":\"SearchAction\",\"target\":{\"@type\":\"EntryPoint\",\"urlTemplate\":\"http:\/\/vincentians.com\/es\/?s={search_term_string}\"},\"query-input\":{\"@type\":\"PropertyValueSpecification\",\"valueRequired\":true,\"valueName\":\"search_term_string\"}}],\"inLanguage\":\"es\"},{\"@type\":\"Organization\",\"@id\":\"http:\/\/vincentians.com\/es\/#organization\",\"name\":\"The Vincentian Network\",\"url\":\"http:\/\/vincentians.com\/es\/\",\"logo\":{\"@type\":\"ImageObject\",\"inLanguage\":\"es\",\"@id\":\"http:\/\/vincentians.com\/es\/#\/schema\/logo\/image\/\",\"url\":\"https:\/\/i1.wp.com\/vincentians.com\/es\/wp-content\/uploads\/sites\/11\/2016\/06\/Vincentian-Network-logo-big.png?fit=778%2C778\",\"contentUrl\":\"https:\/\/i1.wp.com\/vincentians.com\/es\/wp-content\/uploads\/sites\/11\/2016\/06\/Vincentian-Network-logo-big.png?fit=778%2C778\",\"width\":778,\"height\":778,\"caption\":\"The Vincentian Network\"},\"image\":{\"@id\":\"http:\/\/vincentians.com\/es\/#\/schema\/logo\/image\/\"},\"sameAs\":[\"https:\/\/www.facebook.com\/WeAreVincentians\/\",\"https:\/\/x.com\/WeVincentians\"]},{\"@type\":\"Person\",\"@id\":\"http:\/\/vincentians.com\/es\/#\/schema\/person\/9623ef4d9aa3b2dfb8c061f1499288f2\",\"name\":\"Francisco Javier Fern\u00e1ndez Chento\",\"image\":{\"@type\":\"ImageObject\",\"inLanguage\":\"es\",\"@id\":\"http:\/\/vincentians.com\/es\/#\/schema\/person\/image\/\",\"url\":\"https:\/\/secure.gravatar.com\/avatar\/497d5cde87b4c3d097d0315953521681ba2cd523ee66e5077c3711f7021e65de?s=96&d=mm&r=g\",\"contentUrl\":\"https:\/\/secure.gravatar.com\/avatar\/497d5cde87b4c3d097d0315953521681ba2cd523ee66e5077c3711f7021e65de?s=96&d=mm&r=g\",\"caption\":\"Francisco Javier Fern\u00e1ndez Chento\"},\"description\":\"Director General y cofundador de La Red de Formaci\u00f3n Vicenciana. Javier es laico vicenciano, afiliado a la Congregaci\u00f3n de la Misi\u00f3n y miembro del Equipo de Misiones Populares de la provincia can\u00f3nica de Zaragoza (Espa\u00f1a) de la Congregaci\u00f3n de la Misi\u00f3n. Graduado en la Universidad Oberta de Catalunya con cuatro grados (Asistente de direcci\u00f3n, Gesti\u00f3n Administrativa, Recursos Humanos y Contabilidad Avanzada). Bil\u00edng\u00fce Espa\u00f1ol\/Ingl\u00e9s. gestiona y mantiene varias p\u00e1ginas web cristianas y vicencianas, incluida including La Red de Formaci\u00f3n Vicenciana, de la que es cofundador. Actualmente es responsable del \u00e1rea de Espa\u00f1ol de .famvin, la Red de Noticias de la Familia Vicenciana. Tambi\u00e9n es m\u00fasico cat\u00f3lico y ha editado varios discos. Es Director General y cofundador de Trovador, una reconocida compa\u00f1\u00eda discogr\u00e1fica critiana de Espa\u00f1a. Trabaja en las Tecnolog\u00edas de la Informaci\u00f3n, ofreciendo servicios de alojamiento, dise\u00f1o y mantenimiento Web, as\u00ed como asesoramiento, formaci\u00f3n y soluciones inform\u00e1ticas, gesti\u00f3n documental y digitalizaci\u00f3n de textos, edici\u00f3n y maquetaci\u00f3n de libros, revistas, flyers, etc.\",\"sameAs\":[\"http:\/\/chento.org\",\"https:\/\/www.facebook.com\/JavierChento\",\"https:\/\/x.com\/https:\/\/twitter.com\/javierchento\"],\"url\":\"http:\/\/vincentians.com\/es\/author\/chento\/\"}]}<\/script>\n<!-- \/ Yoast SEO plugin. -->","yoast_head_json":{"title":"Etienne Blatiron, C.M. (1614-1657). Primera parte - Somos Vicencianos","robots":{"index":"index","follow":"follow","max-snippet":"max-snippet:-1","max-image-preview":"max-image-preview:large","max-video-preview":"max-video-preview:-1"},"canonical":"http:\/\/vincentians.com\/es\/etienne-blatiron-c-m-1614-1657-primera-parte\/","og_locale":"es_ES","og_type":"article","og_title":"Etienne Blatiron, C.M. (1614-1657). Primera parte - Somos Vicencianos","og_description":"El Sr. \u00c9tienne Blatiron naci\u00f3 y\u00a0 fue bautizado en Saint-Julien de Capel, en la di\u00f3cesis de Clermont, el 6 de enero de 1614. Fue ese mismo d\u00eda de la Epifan\u00eda cuando, m\u00e1s tarde en 1638, ... Read More","og_url":"http:\/\/vincentians.com\/es\/etienne-blatiron-c-m-1614-1657-primera-parte\/","og_site_name":"Somos Vicencianos","article_publisher":"https:\/\/www.facebook.com\/WeAreVincentians\/","article_author":"https:\/\/www.facebook.com\/JavierChento","article_published_time":"2025-03-01T07:51:43+00:00","og_image":[{"width":1152,"height":648,"url":"https:\/\/i0.wp.com\/vincentians.com\/es\/wp-content\/uploads\/sites\/11\/2023\/08\/aa.jpeg?fit=1152%2C648","type":"image\/jpeg"}],"author":"Francisco Javier Fern\u00e1ndez Chento","twitter_card":"summary_large_image","twitter_creator":"@https:\/\/twitter.com\/javierchento","twitter_site":"@WeVincentians","twitter_misc":{"Escrito por":"Francisco Javier Fern\u00e1ndez Chento","Tiempo de lectura":"16 minutos"},"schema":{"@context":"https:\/\/schema.org","@graph":[{"@type":"Article","@id":"http:\/\/vincentians.com\/es\/etienne-blatiron-c-m-1614-1657-primera-parte\/#article","isPartOf":{"@id":"http:\/\/vincentians.com\/es\/etienne-blatiron-c-m-1614-1657-primera-parte\/"},"author":{"name":"Francisco Javier Fern\u00e1ndez Chento","@id":"http:\/\/vincentians.com\/es\/#\/schema\/person\/9623ef4d9aa3b2dfb8c061f1499288f2"},"headline":"Etienne Blatiron, C.M. (1614-1657). Primera parte","datePublished":"2025-03-01T07:51:43+00:00","mainEntityOfPage":{"@id":"http:\/\/vincentians.com\/es\/etienne-blatiron-c-m-1614-1657-primera-parte\/"},"wordCount":3601,"commentCount":1,"publisher":{"@id":"http:\/\/vincentians.com\/es\/#organization"},"image":{"@id":"http:\/\/vincentians.com\/es\/etienne-blatiron-c-m-1614-1657-primera-parte\/#primaryimage"},"thumbnailUrl":"https:\/\/i0.wp.com\/vincentians.com\/es\/wp-content\/uploads\/sites\/11\/2023\/08\/aa.jpeg?fit=1152%2C648","keywords":["Almer\u00e1s","Blatiron","Etienne","Pobreza","San L\u00e1zaro"],"articleSection":["En tiempos de Vicente de Pa\u00fal"],"inLanguage":"es","potentialAction":[{"@type":"CommentAction","name":"Comment","target":["http:\/\/vincentians.com\/es\/etienne-blatiron-c-m-1614-1657-primera-parte\/#respond"]}]},{"@type":"WebPage","@id":"http:\/\/vincentians.com\/es\/etienne-blatiron-c-m-1614-1657-primera-parte\/","url":"http:\/\/vincentians.com\/es\/etienne-blatiron-c-m-1614-1657-primera-parte\/","name":"Etienne Blatiron, C.M. (1614-1657). Primera parte - Somos Vicencianos","isPartOf":{"@id":"http:\/\/vincentians.com\/es\/#website"},"primaryImageOfPage":{"@id":"http:\/\/vincentians.com\/es\/etienne-blatiron-c-m-1614-1657-primera-parte\/#primaryimage"},"image":{"@id":"http:\/\/vincentians.com\/es\/etienne-blatiron-c-m-1614-1657-primera-parte\/#primaryimage"},"thumbnailUrl":"https:\/\/i0.wp.com\/vincentians.com\/es\/wp-content\/uploads\/sites\/11\/2023\/08\/aa.jpeg?fit=1152%2C648","datePublished":"2025-03-01T07:51:43+00:00","breadcrumb":{"@id":"http:\/\/vincentians.com\/es\/etienne-blatiron-c-m-1614-1657-primera-parte\/#breadcrumb"},"inLanguage":"es","potentialAction":[{"@type":"ReadAction","target":["http:\/\/vincentians.com\/es\/etienne-blatiron-c-m-1614-1657-primera-parte\/"]}]},{"@type":"ImageObject","inLanguage":"es","@id":"http:\/\/vincentians.com\/es\/etienne-blatiron-c-m-1614-1657-primera-parte\/#primaryimage","url":"https:\/\/i0.wp.com\/vincentians.com\/es\/wp-content\/uploads\/sites\/11\/2023\/08\/aa.jpeg?fit=1152%2C648","contentUrl":"https:\/\/i0.wp.com\/vincentians.com\/es\/wp-content\/uploads\/sites\/11\/2023\/08\/aa.jpeg?fit=1152%2C648","width":1152,"height":648},{"@type":"BreadcrumbList","@id":"http:\/\/vincentians.com\/es\/etienne-blatiron-c-m-1614-1657-primera-parte\/#breadcrumb","itemListElement":[{"@type":"ListItem","position":1,"name":"Portada","item":"http:\/\/vincentians.com\/es\/"},{"@type":"ListItem","position":2,"name":"Etienne Blatiron, C.M. (1614-1657). Primera parte"}]},{"@type":"WebSite","@id":"http:\/\/vincentians.com\/es\/#website","url":"http:\/\/vincentians.com\/es\/","name":"Somos Vicencianos","description":"Know more to serve more","publisher":{"@id":"http:\/\/vincentians.com\/es\/#organization"},"potentialAction":[{"@type":"SearchAction","target":{"@type":"EntryPoint","urlTemplate":"http:\/\/vincentians.com\/es\/?s={search_term_string}"},"query-input":{"@type":"PropertyValueSpecification","valueRequired":true,"valueName":"search_term_string"}}],"inLanguage":"es"},{"@type":"Organization","@id":"http:\/\/vincentians.com\/es\/#organization","name":"The Vincentian Network","url":"http:\/\/vincentians.com\/es\/","logo":{"@type":"ImageObject","inLanguage":"es","@id":"http:\/\/vincentians.com\/es\/#\/schema\/logo\/image\/","url":"https:\/\/i1.wp.com\/vincentians.com\/es\/wp-content\/uploads\/sites\/11\/2016\/06\/Vincentian-Network-logo-big.png?fit=778%2C778","contentUrl":"https:\/\/i1.wp.com\/vincentians.com\/es\/wp-content\/uploads\/sites\/11\/2016\/06\/Vincentian-Network-logo-big.png?fit=778%2C778","width":778,"height":778,"caption":"The Vincentian Network"},"image":{"@id":"http:\/\/vincentians.com\/es\/#\/schema\/logo\/image\/"},"sameAs":["https:\/\/www.facebook.com\/WeAreVincentians\/","https:\/\/x.com\/WeVincentians"]},{"@type":"Person","@id":"http:\/\/vincentians.com\/es\/#\/schema\/person\/9623ef4d9aa3b2dfb8c061f1499288f2","name":"Francisco Javier Fern\u00e1ndez Chento","image":{"@type":"ImageObject","inLanguage":"es","@id":"http:\/\/vincentians.com\/es\/#\/schema\/person\/image\/","url":"https:\/\/secure.gravatar.com\/avatar\/497d5cde87b4c3d097d0315953521681ba2cd523ee66e5077c3711f7021e65de?s=96&d=mm&r=g","contentUrl":"https:\/\/secure.gravatar.com\/avatar\/497d5cde87b4c3d097d0315953521681ba2cd523ee66e5077c3711f7021e65de?s=96&d=mm&r=g","caption":"Francisco Javier Fern\u00e1ndez Chento"},"description":"Director General y cofundador de La Red de Formaci\u00f3n Vicenciana. Javier es laico vicenciano, afiliado a la Congregaci\u00f3n de la Misi\u00f3n y miembro del Equipo de Misiones Populares de la provincia can\u00f3nica de Zaragoza (Espa\u00f1a) de la Congregaci\u00f3n de la Misi\u00f3n. Graduado en la Universidad Oberta de Catalunya con cuatro grados (Asistente de direcci\u00f3n, Gesti\u00f3n Administrativa, Recursos Humanos y Contabilidad Avanzada). Bil\u00edng\u00fce Espa\u00f1ol\/Ingl\u00e9s. gestiona y mantiene varias p\u00e1ginas web cristianas y vicencianas, incluida including La Red de Formaci\u00f3n Vicenciana, de la que es cofundador. Actualmente es responsable del \u00e1rea de Espa\u00f1ol de .famvin, la Red de Noticias de la Familia Vicenciana. Tambi\u00e9n es m\u00fasico cat\u00f3lico y ha editado varios discos. Es Director General y cofundador de Trovador, una reconocida compa\u00f1\u00eda discogr\u00e1fica critiana de Espa\u00f1a. Trabaja en las Tecnolog\u00edas de la Informaci\u00f3n, ofreciendo servicios de alojamiento, dise\u00f1o y mantenimiento Web, as\u00ed como asesoramiento, formaci\u00f3n y soluciones inform\u00e1ticas, gesti\u00f3n documental y digitalizaci\u00f3n de textos, edici\u00f3n y maquetaci\u00f3n de libros, revistas, flyers, etc.","sameAs":["http:\/\/chento.org","https:\/\/www.facebook.com\/JavierChento","https:\/\/x.com\/https:\/\/twitter.com\/javierchento"],"url":"http:\/\/vincentians.com\/es\/author\/chento\/"}]}},"jetpack_publicize_connections":[],"jetpack_featured_media_url":"https:\/\/i0.wp.com\/vincentians.com\/es\/wp-content\/uploads\/sites\/11\/2023\/08\/aa.jpeg?fit=1152%2C648","jetpack_sharing_enabled":true,"jetpack_shortlink":"https:\/\/wp.me\/p7ETMF-7Es","jetpack-related-posts":[{"id":29424,"url":"http:\/\/vincentians.com\/es\/etienne-blatiron-c-m-1614-1657-segunda-parte\/","url_meta":{"origin":29416,"position":0},"title":"Etienne Blatiron, C.M. (1614-1657). Segunda parte","author":"Francisco Javier Fern\u00e1ndez Chento","date":"03\/03\/2025","format":false,"excerpt":"La misi\u00f3n de G\u00e9nova, fundada hac\u00eda siete a\u00f1os, hab\u00eda respondido plenamente a las esperanzas de su generoso bienhechor. Buen n\u00famero de parroquias de la di\u00f3cesis hab\u00edan sido evangelizadas con el mayor \u00e9xito. Los eclesi\u00e1sticos ven\u00edan a hacer el retiro con los misioneros, cuya regularidad dentro de la casa no les\u2026","rel":"","context":"En \u00abEn tiempos de Vicente de Pa\u00fal\u00bb","block_context":{"text":"En tiempos de Vicente de Pa\u00fal","link":"http:\/\/vincentians.com\/es\/category\/historia-de-la-familia-vicenciana\/en-tiempos-de-vicente-de-paul\/"},"img":{"alt_text":"","src":"https:\/\/i0.wp.com\/vincentians.com\/es\/wp-content\/uploads\/sites\/11\/2023\/08\/aa.jpeg?fit=1152%2C648&resize=350%2C200","width":350,"height":200,"srcset":"https:\/\/i0.wp.com\/vincentians.com\/es\/wp-content\/uploads\/sites\/11\/2023\/08\/aa.jpeg?fit=1152%2C648&resize=350%2C200 1x, https:\/\/i0.wp.com\/vincentians.com\/es\/wp-content\/uploads\/sites\/11\/2023\/08\/aa.jpeg?fit=1152%2C648&resize=525%2C300 1.5x, https:\/\/i0.wp.com\/vincentians.com\/es\/wp-content\/uploads\/sites\/11\/2023\/08\/aa.jpeg?fit=1152%2C648&resize=700%2C400 2x, https:\/\/i0.wp.com\/vincentians.com\/es\/wp-content\/uploads\/sites\/11\/2023\/08\/aa.jpeg?fit=1152%2C648&resize=1050%2C600 3x"},"classes":[]},{"id":29431,"url":"http:\/\/vincentians.com\/es\/etienne-blatiron-c-m-1614-1657-cuarta-y-ultima-parte\/","url_meta":{"origin":29416,"position":1},"title":"Etienne Blatiron, C.M. (1614-1657). Cuarta y \u00faltima parte","author":"Francisco Javier Fern\u00e1ndez Chento","date":"07\/03\/2025","format":false,"excerpt":"Al trazar estas l\u00edneas, san Vicente no sospechaba que entraba en los planes del Se\u00f1or que el Sr. Blatiron coronar\u00eda la inmolaci\u00f3n continua que hac\u00eda de su vida por la santificaci\u00f3n de las almas por el martirio de la Caridad. Pocos meses despu\u00e9s en efecto, los primeros ataques de la\u2026","rel":"","context":"En \u00abEn tiempos de Vicente de Pa\u00fal\u00bb","block_context":{"text":"En tiempos de Vicente de Pa\u00fal","link":"http:\/\/vincentians.com\/es\/category\/historia-de-la-familia-vicenciana\/en-tiempos-de-vicente-de-paul\/"},"img":{"alt_text":"","src":"https:\/\/i0.wp.com\/vincentians.com\/es\/wp-content\/uploads\/sites\/11\/2023\/08\/aa.jpeg?fit=1152%2C648&resize=350%2C200","width":350,"height":200,"srcset":"https:\/\/i0.wp.com\/vincentians.com\/es\/wp-content\/uploads\/sites\/11\/2023\/08\/aa.jpeg?fit=1152%2C648&resize=350%2C200 1x, https:\/\/i0.wp.com\/vincentians.com\/es\/wp-content\/uploads\/sites\/11\/2023\/08\/aa.jpeg?fit=1152%2C648&resize=525%2C300 1.5x, https:\/\/i0.wp.com\/vincentians.com\/es\/wp-content\/uploads\/sites\/11\/2023\/08\/aa.jpeg?fit=1152%2C648&resize=700%2C400 2x, https:\/\/i0.wp.com\/vincentians.com\/es\/wp-content\/uploads\/sites\/11\/2023\/08\/aa.jpeg?fit=1152%2C648&resize=1050%2C600 3x"},"classes":[]},{"id":35617,"url":"http:\/\/vincentians.com\/es\/los-misioneros-de-genes-victimas-de-la-peste-de-1657\/","url_meta":{"origin":29416,"position":2},"title":"Los Misioneros de G\u00eanes (v\u00edctimas de la peste de 1657)","author":"Mitxel Olabu\u00e9naga","date":"23\/06\/2014","format":false,"excerpt":"Blatiron (\u00c9tienne), n\u00e9 le 6 janvier 1614, \u00e0 Saint-Julien de Capel, dioc\u00e8se de Clermont, re\u00e7u \u00e0 Paris le 6 janvier 1638. Duport (Nicolas), n\u00e9 le 22 mars 1619, \u00e0 Soissons ; re\u00e7u \u00e0 Paris le 5 mai 1648. Boccone (Dominique), n\u00e9 le 12 novembre 1613, \u00e0 Tirano, dioc\u00e8se d\u2019Albenga ;\u2026","rel":"","context":"En \u00abBiograf\u00edas de Misioneros Pa\u00fales\u00bb","block_context":{"text":"Biograf\u00edas de Misioneros Pa\u00fales","link":"http:\/\/vincentians.com\/es\/category\/la-familia-vicenciana\/biografias-vicencianas\/biografias-de-misioneros-paules\/"},"img":{"alt_text":"","src":"https:\/\/i0.wp.com\/vincentians.com\/es\/wp-content\/uploads\/sites\/11\/2016\/07\/bio-cm.jpg?fit=1200%2C630&resize=350%2C200","width":350,"height":200,"srcset":"https:\/\/i0.wp.com\/vincentians.com\/es\/wp-content\/uploads\/sites\/11\/2016\/07\/bio-cm.jpg?fit=1200%2C630&resize=350%2C200 1x, https:\/\/i0.wp.com\/vincentians.com\/es\/wp-content\/uploads\/sites\/11\/2016\/07\/bio-cm.jpg?fit=1200%2C630&resize=525%2C300 1.5x, https:\/\/i0.wp.com\/vincentians.com\/es\/wp-content\/uploads\/sites\/11\/2016\/07\/bio-cm.jpg?fit=1200%2C630&resize=700%2C400 2x, https:\/\/i0.wp.com\/vincentians.com\/es\/wp-content\/uploads\/sites\/11\/2016\/07\/bio-cm.jpg?fit=1200%2C630&resize=1050%2C600 3x"},"classes":[]},{"id":29428,"url":"http:\/\/vincentians.com\/es\/etienne-blatiron-c-m-1614-1657-tercera-parte\/","url_meta":{"origin":29416,"position":3},"title":"Etienne Blatiron, C.M. (1614-1657). Tercera parte","author":"Francisco Javier Fern\u00e1ndez Chento","date":"05\/03\/2025","format":false,"excerpt":"Pero una cuesti\u00f3n mucho m\u00e1s grave preocupaba entonces a san Vicente. Desde hac\u00eda tiempo estaba pendiente en la curia de Roma la cuesti\u00f3n de los votos. En 1638, El Sr. Le Breton hab\u00eda sido enviado especialmente a este fin a la Ciudad eterna. Hab\u00eda muerto en 1641 despu\u00e9s de contribuir\u2026","rel":"","context":"En \u00abEn tiempos de Vicente de Pa\u00fal\u00bb","block_context":{"text":"En tiempos de Vicente de Pa\u00fal","link":"http:\/\/vincentians.com\/es\/category\/historia-de-la-familia-vicenciana\/en-tiempos-de-vicente-de-paul\/"},"img":{"alt_text":"","src":"https:\/\/i0.wp.com\/vincentians.com\/es\/wp-content\/uploads\/sites\/11\/2023\/08\/aa.jpeg?fit=1152%2C648&resize=350%2C200","width":350,"height":200,"srcset":"https:\/\/i0.wp.com\/vincentians.com\/es\/wp-content\/uploads\/sites\/11\/2023\/08\/aa.jpeg?fit=1152%2C648&resize=350%2C200 1x, https:\/\/i0.wp.com\/vincentians.com\/es\/wp-content\/uploads\/sites\/11\/2023\/08\/aa.jpeg?fit=1152%2C648&resize=525%2C300 1.5x, https:\/\/i0.wp.com\/vincentians.com\/es\/wp-content\/uploads\/sites\/11\/2023\/08\/aa.jpeg?fit=1152%2C648&resize=700%2C400 2x, https:\/\/i0.wp.com\/vincentians.com\/es\/wp-content\/uploads\/sites\/11\/2023\/08\/aa.jpeg?fit=1152%2C648&resize=1050%2C600 3x"},"classes":[]},{"id":118419,"url":"http:\/\/vincentians.com\/es\/vicente-de-paul-carta-1086-a-juan-martin-sacerdote-de-la-mision-en-genova\/","url_meta":{"origin":29416,"position":4},"title":"Vicente de Pa\u00fal, Carta 1086: A Juan Martin, Sacerdote De La Misi\u00f3n En G\u00e9nova","author":"Francisco Javier Fern\u00e1ndez Chento","date":"09\/03\/2013","format":false,"excerpt":"Par\u00eds 12 junio 1648. Padre: La gracia de Nuestro Se\u00f1or sea siempre con nosotros. Le agradezco la molestia que se toma en escribirme, en ausencia del padre Blatiron. Estoy a punto de encontrar la manera de que le lleguen cartas nuestras, sin que le cueste a usted nada. No es\u2026","rel":"","context":"En \u00abEscritos de Vicente de Pa\u00fal\u00bb","block_context":{"text":"Escritos de Vicente de Pa\u00fal","link":"http:\/\/vincentians.com\/es\/category\/escritos\/escritos-de-vicente-de-paul\/"},"img":{"alt_text":"","src":"https:\/\/i0.wp.com\/vincentians.com\/es\/wp-content\/uploads\/sites\/11\/2016\/07\/escritos-vicente-de-paul.jpg?fit=1200%2C630&resize=350%2C200","width":350,"height":200,"srcset":"https:\/\/i0.wp.com\/vincentians.com\/es\/wp-content\/uploads\/sites\/11\/2016\/07\/escritos-vicente-de-paul.jpg?fit=1200%2C630&resize=350%2C200 1x, https:\/\/i0.wp.com\/vincentians.com\/es\/wp-content\/uploads\/sites\/11\/2016\/07\/escritos-vicente-de-paul.jpg?fit=1200%2C630&resize=525%2C300 1.5x, https:\/\/i0.wp.com\/vincentians.com\/es\/wp-content\/uploads\/sites\/11\/2016\/07\/escritos-vicente-de-paul.jpg?fit=1200%2C630&resize=700%2C400 2x, https:\/\/i0.wp.com\/vincentians.com\/es\/wp-content\/uploads\/sites\/11\/2016\/07\/escritos-vicente-de-paul.jpg?fit=1200%2C630&resize=1050%2C600 3x"},"classes":[]},{"id":39287,"url":"http:\/\/vincentians.com\/es\/historia-general-de-la-c-m-hasta-el-ano-1720-20-muerte-del-sr-almeras-el-sr-jolly-su-sucesor\/","url_meta":{"origin":29416,"position":5},"title":"Historia general de la C.M., hasta el a\u00f1o 1720 (20. Muerte del sr. Almer\u00e1s. El sr. Jolly su sucesor)","author":"Mitxel Olabu\u00e9naga","date":"24\/10\/2014","format":false,"excerpt":"\u00a0XX. Muerte del sr. Almer\u00e1s. El sr. Jolly su sucesor Dios retir\u00f3 del mundo al sr. Almer\u00e1s despu\u00e9s de probar su paciencia con un largo agotamiento, acompa\u00f1ado de hidropes\u00eda. Su fallecimiento lleg\u00f3 el dos de setiembre, fiesta de San L\u00e1zaro, 1672. Fue enterrado al lado derecho del sr. Vicente en\u2026","rel":"","context":"En \u00abHistoria de la Congregaci\u00f3n de la Misi\u00f3n\u00bb","block_context":{"text":"Historia de la Congregaci\u00f3n de la Misi\u00f3n","link":"http:\/\/vincentians.com\/es\/category\/historia-de-la-familia-vicenciana\/historia-de-la-congregacion-de-la-mision\/"},"img":{"alt_text":"San Vicente de Pa\u00fal","src":"https:\/\/i0.wp.com\/vicencianos.org\/wp-content\/2011\/05\/vincent_de_paul-205x300.jpg?resize=350%2C200","width":350,"height":200},"classes":[]}],"_links":{"self":[{"href":"http:\/\/vincentians.com\/es\/wp-json\/wp\/v2\/posts\/29416","targetHints":{"allow":["GET"]}}],"collection":[{"href":"http:\/\/vincentians.com\/es\/wp-json\/wp\/v2\/posts"}],"about":[{"href":"http:\/\/vincentians.com\/es\/wp-json\/wp\/v2\/types\/post"}],"author":[{"embeddable":true,"href":"http:\/\/vincentians.com\/es\/wp-json\/wp\/v2\/users\/4"}],"replies":[{"embeddable":true,"href":"http:\/\/vincentians.com\/es\/wp-json\/wp\/v2\/comments?post=29416"}],"version-history":[{"count":1,"href":"http:\/\/vincentians.com\/es\/wp-json\/wp\/v2\/posts\/29416\/revisions"}],"predecessor-version":[{"id":405911,"href":"http:\/\/vincentians.com\/es\/wp-json\/wp\/v2\/posts\/29416\/revisions\/405911"}],"wp:featuredmedia":[{"embeddable":true,"href":"http:\/\/vincentians.com\/es\/wp-json\/wp\/v2\/media\/405111"}],"wp:attachment":[{"href":"http:\/\/vincentians.com\/es\/wp-json\/wp\/v2\/media?parent=29416"}],"wp:term":[{"taxonomy":"category","embeddable":true,"href":"http:\/\/vincentians.com\/es\/wp-json\/wp\/v2\/categories?post=29416"},{"taxonomy":"post_tag","embeddable":true,"href":"http:\/\/vincentians.com\/es\/wp-json\/wp\/v2\/tags?post=29416"}],"curies":[{"name":"wp","href":"https:\/\/api.w.org\/{rel}","templated":true}]}}