{"id":2937,"date":"2013-03-03T09:25:03","date_gmt":"2013-03-03T08:25:03","guid":{"rendered":"http:\/\/somos.vicencianos.org\/comentarios\/2013\/02\/23\/2o-domingo-de-cuaresma-reflexion-de-julio-cesar-villalobos-c-m-2\/"},"modified":"2016-07-24T10:25:48","modified_gmt":"2016-07-24T08:25:48","slug":"3o-domingo-de-cuaresma-reflexion-de-julio-cesar-villalobos-c-m","status":"publish","type":"post","link":"http:\/\/vincentians.com\/es\/3o-domingo-de-cuaresma-reflexion-de-julio-cesar-villalobos-c-m\/","title":{"rendered":"3\u00ba domingo de Cuaresma (reflexi\u00f3n de Julio C\u00e9sar Villalobos, C.M.)"},"content":{"rendered":"<h2 align=\"center\">No podemos huir de Dios<\/h2>\n<p>\u00bfSabes Jes\u00fas? Cu\u00e1ntas veces nos haces la invitaci\u00f3n de cambiar nuestras vidas y no te hacemos caso, perd\u00f3nanos Se\u00f1or; cu\u00e1ntas veces nos pides que dejemos de lado las actividades de las tinieblas para llenarnos de las armas de la luz para conducirnos como en pleno d\u00eda con dignidad, y una vez m\u00e1s buscamos excusas para no hacerlo, perd\u00f3nanos Se\u00f1or; pensamos, Se\u00f1or, que no necesitamos de cambio alguno, pensamos que por ser de Iglesia no necesitamos cambiar, perd\u00f3nanos Se\u00f1or. Por favor queremos darte el permiso para que, con tu gracia nos transforme en hombres y mujeres nuevos-as y renovados-as. Lo necesitamos Se\u00f1or.<\/p>\n<p>Nos recordamos que en el mi\u00e9rcoles de la ceniza, al imponernos la ceniza se nos dec\u00eda: \u201cConvi\u00e9rtete y cree en el evangelio\u201d. Qu\u00e9 gran tarea para ti, para m\u00ed y para todos el de convertirnos de verdad. La conversi\u00f3n es la caracter\u00edstica de este tiempo de cuaresma. El domingo pasado, hemos experimentado c\u00f3mo Dios nos invitaba a estar con \u00c9l, a experimentar su gloria, su vida misma, \u00e9l mismo quiere que nuestra vida tenga siempre un nuevo sentido (en la transfiguraci\u00f3n: dec\u00edamos que Dios nos invitaba a transparentar su amor, a dejarnos tocar por \u00c9l, por su gracia).<\/p>\n<p>La experiencia que tiene Mois\u00e9s en el monte Horeb es especial. Hay un llamado que Dios le hace. Mois\u00e9s descubre a Dios en un acontecimiento (la zarza ardiendo) y Dios le sale al encuentro por medio de la palabra. La conversi\u00f3n siempre parte de una iniciativa divina, como nos dir\u00e1 el nuevo catecismo: \u201cAl revelarse a s\u00ed mismo, Dios quiere hacer que los hombres capaces de responderle, de conocerle y de amarle m\u00e1s all\u00e1 de lo que ellos ser\u00edan capaces por sus propias fuerzas\u201d (Nvo.Catec.52). Dios sale a nuestro encuentro, \u00bfcu\u00e1l es nuestra respuesta ante el paso amoroso de Dios por nuestra vida?.<\/p>\n<p>Con los pies descalzos y la cara tapada, espera en silencio. Se deja encontrar con Dios. La conversi\u00f3n es: descalzar nuestra vida de pecado (de ego\u00edsmo, de indiferencia, de esc\u00e1ndalo, de falta de fraternidad, etc) y acercarnos a Dios sin temor, confiados en que \u00c9l siempre va a estar con nosotros. Mois\u00e9s escucha el mandato de Dios: de liberar a su pueblo de la esclavitud y de guiarlo a la tierra prometida. La conversi\u00f3n tiene un matiz misionero: volviendo nuestra vida a Dios, presentar a este Dios misericordioso y compasivo (como nos dice el salmo 102 de hoy) a todo hombre y mujer que vive al margen de \u00e9l y que est\u00e1 sediento de su amor. Dios le conf\u00eda esa noble tarea a su pueblo, porque es sensible al clamor de los que sufren, de los que padecen opresi\u00f3n y desea llevarlos a una tierra en la que puedan forjar una sociedad justa y fraterna.<\/p>\n<p>La par\u00e1bola de la higuera, referida a Israel, ilustra las oportunidades que Dios concede para la conversi\u00f3n. Conversi\u00f3n, para Jes\u00fas seg\u00fan nos cuenta Lucas es DAR FRUTO, y lo dir\u00e1 tambi\u00e9n en San Juan 15,5: \u201cEl que permanece unido a m\u00ed, como yo estoy unido a \u00e9l, produce mucho fruto\u2026\u201d<\/p>\n<p>\u00bfCu\u00e1ntas veces Dios nos ha invitado a dar fruto y no lo hemos dado?, \u00bfcu\u00e1ntas veces Dios ha pasado por aqu\u00ed y lo sigue haciendo ahora y sin embargo no somos capaces de dar el fruto que \u00e9l nos pide?, como comunidad de Fe \u00bfhemos dado fruto abundante?&#8230;<\/p>\n<p>Esta es una par\u00e1bola que a todos nos interpela: a ti, a m\u00ed, a todos, incluso a los no cat\u00f3licos, a los no creyentes\u2026<\/p>\n<p>San Pablo, al dirigir su carta a los Corintios, nos interpela tambi\u00e9n para vivir bien la Cuaresma como el tiempo para convertirnos y creer en el Evangelio, en Jes\u00fas que cambia y transforma nuestra vida. Les cuenta a su comunidad que no todos los que pasaron el mar rojo agradaron a Dios, fueron infieles a la Alianza, se dejaron llevar por las tentaciones de los pueblos vecinos, se buscaron otros dioses\u2026 No basta con pertenecer al pueblo de Dios, con venir \u201csiempre a misa y golpearnos el pecho\u201d, no basta con pertenecer a tal o cual grupo o comunidad, no basta con ser bautizados, sino que esa FE EN JESUS se debe notar (Stgo.2,14ss) en obras y\/o acciones de amor.<\/p>\n<p>\u00bfQu\u00e9 clase de \u00e1rbol soy?, \u00bfde los que dan espinas?, \u00bfde los que dan fruto seco y lleno de miserias?&#8230; \u00bfDe qu\u00e9 me quiero convertir hoy?: \u00bfde mi sequedad espiritual?, \u00bfde mis esc\u00e1ndalos?, \u00bfde las injusticias que cometo a diario en mi casa en mi barrio, en mi empresa?, \u00bfdel trato inhumano que tengo con los que me rodean?, \u00bfde los chismes y calumnias que son como mi pan de cada d\u00eda?, \u00bfde las infidelidades que tengo de palabra y de obra?, \u00bfde qu\u00e9 me quiero convertir?, \u00bfdel aparentar que soy \u201cbuenito\u201d del hacer creer a los dem\u00e1s que soy todo bondad y que por dentro soy otra cosa?&#8230;<\/p>\n<p>Conversi\u00f3n, como sabemos es cambio de vida, de manera de ser, de pensar, de actuar. Pero, \u00bfcu\u00e1l es el peligro de esta exigencia?: que todo el tiempo se nos exhorte por parte de Dios y de la Iglesia o de alg\u00fan hombre y mujer de buena voluntad a un cambio y al final nada (la indiferencia es el 1er peligro que hay que evitar); el 2do peligro es decir \u201cyo soy as\u00ed y a m\u00ed nadie me va a cambiar\u201d o \u201cas\u00ed nac\u00ed y as\u00ed morir\u00e9\u201d<\/p>\n<p>Cuaresma en un tiempo para volver nuestra vida a Dios, y como dice Pablo \u201cno ambicionar lo malo\u201d como aquellos que s\u00ed lo hacen.<\/p>\n<p>Cuaresma es un tiempo para estar con Jes\u00fas, dejar que su GRACIA REEDENTORA nos cambie cada d\u00eda, dejarnos sorprender por las manifestaciones de Dios \u2013 por su vida misma, imitarle en el hablar y en el actuar, es confiar siempre en \u00c9l.<\/p>\n","protected":false},"excerpt":{"rendered":"<p>No podemos huir de Dios \u00bfSabes Jes\u00fas? Cu\u00e1ntas veces nos haces la invitaci\u00f3n de cambiar nuestras vidas y no te hacemos caso, perd\u00f3nanos Se\u00f1or; cu\u00e1ntas veces nos pides que dejemos de lado las actividades de &#8230; <a href=\"http:\/\/vincentians.com\/es\/3o-domingo-de-cuaresma-reflexion-de-julio-cesar-villalobos-c-m\/\" class=\"more-link\">Read More<\/a><\/p>\n","protected":false},"author":4,"featured_media":5,"comment_status":"open","ping_status":"open","sticky":false,"template":"","format":"standard","meta":{"jetpack_post_was_ever_published":false,"_jetpack_newsletter_access":"","_jetpack_dont_email_post_to_subs":false,"_jetpack_newsletter_tier_id":0,"_jetpack_memberships_contains_paywalled_content":false,"_jetpack_memberships_contains_paid_content":false,"footnotes":"","jetpack_publicize_message":"","jetpack_publicize_feature_enabled":true,"jetpack_social_post_already_shared":true,"jetpack_social_options":{"image_generator_settings":{"template":"highway","default_image_id":0,"font":"","enabled":false},"version":2}},"categories":[94],"tags":[],"class_list":["post-2937","post","type-post","status-publish","format-standard","has-post-thumbnail","hentry","category-homilias-y-reflexiones-ano-c"],"yoast_head":"<!-- This site is optimized with the Yoast SEO plugin v26.3 - https:\/\/yoast.com\/wordpress\/plugins\/seo\/ -->\n<title>3\u00ba domingo de Cuaresma (reflexi\u00f3n de Julio C\u00e9sar Villalobos, C.M.) - Somos Vicencianos<\/title>\n<meta name=\"robots\" content=\"index, follow, max-snippet:-1, max-image-preview:large, max-video-preview:-1\" \/>\n<link rel=\"canonical\" href=\"http:\/\/vincentians.com\/es\/3o-domingo-de-cuaresma-reflexion-de-julio-cesar-villalobos-c-m\/\" \/>\n<meta property=\"og:locale\" content=\"es_ES\" \/>\n<meta property=\"og:type\" content=\"article\" \/>\n<meta property=\"og:title\" content=\"3\u00ba domingo de Cuaresma (reflexi\u00f3n de Julio C\u00e9sar Villalobos, C.M.) - Somos Vicencianos\" \/>\n<meta property=\"og:description\" content=\"No podemos huir de Dios \u00bfSabes Jes\u00fas? Cu\u00e1ntas veces nos haces la invitaci\u00f3n de cambiar nuestras vidas y no te hacemos caso, perd\u00f3nanos Se\u00f1or; cu\u00e1ntas veces nos pides que dejemos de lado las actividades de ... Read More\" \/>\n<meta property=\"og:url\" content=\"http:\/\/vincentians.com\/es\/3o-domingo-de-cuaresma-reflexion-de-julio-cesar-villalobos-c-m\/\" \/>\n<meta property=\"og:site_name\" content=\"Somos Vicencianos\" \/>\n<meta property=\"article:publisher\" content=\"https:\/\/www.facebook.com\/WeAreVincentians\/\" \/>\n<meta property=\"article:author\" content=\"https:\/\/www.facebook.com\/JavierChento\" \/>\n<meta property=\"article:published_time\" content=\"2013-03-03T08:25:03+00:00\" \/>\n<meta property=\"article:modified_time\" content=\"2016-07-24T08:25:48+00:00\" \/>\n<meta property=\"og:image\" content=\"https:\/\/i0.wp.com\/vincentians.com\/es\/wp-content\/uploads\/sites\/11\/2016\/06\/president-signature.png?fit=236%2C64\" \/>\n\t<meta property=\"og:image:width\" content=\"236\" \/>\n\t<meta property=\"og:image:height\" content=\"64\" \/>\n\t<meta property=\"og:image:type\" content=\"image\/png\" \/>\n<meta name=\"author\" content=\"Francisco Javier Fern\u00e1ndez Chento\" \/>\n<meta name=\"twitter:card\" content=\"summary_large_image\" \/>\n<meta name=\"twitter:creator\" content=\"@https:\/\/twitter.com\/javierchento\" \/>\n<meta name=\"twitter:site\" content=\"@WeVincentians\" \/>\n<meta name=\"twitter:label1\" content=\"Escrito por\" \/>\n\t<meta name=\"twitter:data1\" content=\"Francisco Javier Fern\u00e1ndez Chento\" \/>\n\t<meta name=\"twitter:label2\" content=\"Tiempo de lectura\" \/>\n\t<meta name=\"twitter:data2\" content=\"5 minutos\" \/>\n<script type=\"application\/ld+json\" class=\"yoast-schema-graph\">{\"@context\":\"https:\/\/schema.org\",\"@graph\":[{\"@type\":\"Article\",\"@id\":\"http:\/\/vincentians.com\/es\/3o-domingo-de-cuaresma-reflexion-de-julio-cesar-villalobos-c-m\/#article\",\"isPartOf\":{\"@id\":\"http:\/\/vincentians.com\/es\/3o-domingo-de-cuaresma-reflexion-de-julio-cesar-villalobos-c-m\/\"},\"author\":{\"name\":\"Francisco Javier Fern\u00e1ndez Chento\",\"@id\":\"http:\/\/vincentians.com\/es\/#\/schema\/person\/9623ef4d9aa3b2dfb8c061f1499288f2\"},\"headline\":\"3\u00ba domingo de Cuaresma (reflexi\u00f3n de Julio C\u00e9sar Villalobos, C.M.)\",\"datePublished\":\"2013-03-03T08:25:03+00:00\",\"dateModified\":\"2016-07-24T08:25:48+00:00\",\"mainEntityOfPage\":{\"@id\":\"http:\/\/vincentians.com\/es\/3o-domingo-de-cuaresma-reflexion-de-julio-cesar-villalobos-c-m\/\"},\"wordCount\":1032,\"commentCount\":0,\"publisher\":{\"@id\":\"http:\/\/vincentians.com\/es\/#organization\"},\"image\":{\"@id\":\"http:\/\/vincentians.com\/es\/3o-domingo-de-cuaresma-reflexion-de-julio-cesar-villalobos-c-m\/#primaryimage\"},\"thumbnailUrl\":\"https:\/\/i0.wp.com\/vincentians.com\/es\/wp-content\/uploads\/sites\/11\/2016\/06\/president-signature.png?fit=236%2C64\",\"articleSection\":[\"Homil\u00edas y reflexiones, A\u00f1o C\"],\"inLanguage\":\"es\",\"potentialAction\":[{\"@type\":\"CommentAction\",\"name\":\"Comment\",\"target\":[\"http:\/\/vincentians.com\/es\/3o-domingo-de-cuaresma-reflexion-de-julio-cesar-villalobos-c-m\/#respond\"]}]},{\"@type\":\"WebPage\",\"@id\":\"http:\/\/vincentians.com\/es\/3o-domingo-de-cuaresma-reflexion-de-julio-cesar-villalobos-c-m\/\",\"url\":\"http:\/\/vincentians.com\/es\/3o-domingo-de-cuaresma-reflexion-de-julio-cesar-villalobos-c-m\/\",\"name\":\"3\u00ba domingo de Cuaresma (reflexi\u00f3n de Julio C\u00e9sar Villalobos, C.M.) - Somos Vicencianos\",\"isPartOf\":{\"@id\":\"http:\/\/vincentians.com\/es\/#website\"},\"primaryImageOfPage\":{\"@id\":\"http:\/\/vincentians.com\/es\/3o-domingo-de-cuaresma-reflexion-de-julio-cesar-villalobos-c-m\/#primaryimage\"},\"image\":{\"@id\":\"http:\/\/vincentians.com\/es\/3o-domingo-de-cuaresma-reflexion-de-julio-cesar-villalobos-c-m\/#primaryimage\"},\"thumbnailUrl\":\"https:\/\/i0.wp.com\/vincentians.com\/es\/wp-content\/uploads\/sites\/11\/2016\/06\/president-signature.png?fit=236%2C64\",\"datePublished\":\"2013-03-03T08:25:03+00:00\",\"dateModified\":\"2016-07-24T08:25:48+00:00\",\"breadcrumb\":{\"@id\":\"http:\/\/vincentians.com\/es\/3o-domingo-de-cuaresma-reflexion-de-julio-cesar-villalobos-c-m\/#breadcrumb\"},\"inLanguage\":\"es\",\"potentialAction\":[{\"@type\":\"ReadAction\",\"target\":[\"http:\/\/vincentians.com\/es\/3o-domingo-de-cuaresma-reflexion-de-julio-cesar-villalobos-c-m\/\"]}]},{\"@type\":\"ImageObject\",\"inLanguage\":\"es\",\"@id\":\"http:\/\/vincentians.com\/es\/3o-domingo-de-cuaresma-reflexion-de-julio-cesar-villalobos-c-m\/#primaryimage\",\"url\":\"https:\/\/i0.wp.com\/vincentians.com\/es\/wp-content\/uploads\/sites\/11\/2016\/06\/president-signature.png?fit=236%2C64\",\"contentUrl\":\"https:\/\/i0.wp.com\/vincentians.com\/es\/wp-content\/uploads\/sites\/11\/2016\/06\/president-signature.png?fit=236%2C64\",\"width\":236,\"height\":64},{\"@type\":\"BreadcrumbList\",\"@id\":\"http:\/\/vincentians.com\/es\/3o-domingo-de-cuaresma-reflexion-de-julio-cesar-villalobos-c-m\/#breadcrumb\",\"itemListElement\":[{\"@type\":\"ListItem\",\"position\":1,\"name\":\"Portada\",\"item\":\"http:\/\/vincentians.com\/es\/\"},{\"@type\":\"ListItem\",\"position\":2,\"name\":\"3\u00ba domingo de Cuaresma (reflexi\u00f3n de Julio C\u00e9sar Villalobos, C.M.)\"}]},{\"@type\":\"WebSite\",\"@id\":\"http:\/\/vincentians.com\/es\/#website\",\"url\":\"http:\/\/vincentians.com\/es\/\",\"name\":\"Somos Vicencianos\",\"description\":\"Know more to serve more\",\"publisher\":{\"@id\":\"http:\/\/vincentians.com\/es\/#organization\"},\"potentialAction\":[{\"@type\":\"SearchAction\",\"target\":{\"@type\":\"EntryPoint\",\"urlTemplate\":\"http:\/\/vincentians.com\/es\/?s={search_term_string}\"},\"query-input\":{\"@type\":\"PropertyValueSpecification\",\"valueRequired\":true,\"valueName\":\"search_term_string\"}}],\"inLanguage\":\"es\"},{\"@type\":\"Organization\",\"@id\":\"http:\/\/vincentians.com\/es\/#organization\",\"name\":\"The Vincentian Network\",\"url\":\"http:\/\/vincentians.com\/es\/\",\"logo\":{\"@type\":\"ImageObject\",\"inLanguage\":\"es\",\"@id\":\"http:\/\/vincentians.com\/es\/#\/schema\/logo\/image\/\",\"url\":\"https:\/\/i1.wp.com\/vincentians.com\/es\/wp-content\/uploads\/sites\/11\/2016\/06\/Vincentian-Network-logo-big.png?fit=778%2C778\",\"contentUrl\":\"https:\/\/i1.wp.com\/vincentians.com\/es\/wp-content\/uploads\/sites\/11\/2016\/06\/Vincentian-Network-logo-big.png?fit=778%2C778\",\"width\":778,\"height\":778,\"caption\":\"The Vincentian Network\"},\"image\":{\"@id\":\"http:\/\/vincentians.com\/es\/#\/schema\/logo\/image\/\"},\"sameAs\":[\"https:\/\/www.facebook.com\/WeAreVincentians\/\",\"https:\/\/x.com\/WeVincentians\"]},{\"@type\":\"Person\",\"@id\":\"http:\/\/vincentians.com\/es\/#\/schema\/person\/9623ef4d9aa3b2dfb8c061f1499288f2\",\"name\":\"Francisco Javier Fern\u00e1ndez Chento\",\"image\":{\"@type\":\"ImageObject\",\"inLanguage\":\"es\",\"@id\":\"http:\/\/vincentians.com\/es\/#\/schema\/person\/image\/\",\"url\":\"https:\/\/secure.gravatar.com\/avatar\/497d5cde87b4c3d097d0315953521681ba2cd523ee66e5077c3711f7021e65de?s=96&d=mm&r=g\",\"contentUrl\":\"https:\/\/secure.gravatar.com\/avatar\/497d5cde87b4c3d097d0315953521681ba2cd523ee66e5077c3711f7021e65de?s=96&d=mm&r=g\",\"caption\":\"Francisco Javier Fern\u00e1ndez Chento\"},\"description\":\"Director General y cofundador de La Red de Formaci\u00f3n Vicenciana. Javier es laico vicenciano, afiliado a la Congregaci\u00f3n de la Misi\u00f3n y miembro del Equipo de Misiones Populares de la provincia can\u00f3nica de Zaragoza (Espa\u00f1a) de la Congregaci\u00f3n de la Misi\u00f3n. Graduado en la Universidad Oberta de Catalunya con cuatro grados (Asistente de direcci\u00f3n, Gesti\u00f3n Administrativa, Recursos Humanos y Contabilidad Avanzada). Bil\u00edng\u00fce Espa\u00f1ol\/Ingl\u00e9s. gestiona y mantiene varias p\u00e1ginas web cristianas y vicencianas, incluida including La Red de Formaci\u00f3n Vicenciana, de la que es cofundador. Actualmente es responsable del \u00e1rea de Espa\u00f1ol de .famvin, la Red de Noticias de la Familia Vicenciana. Tambi\u00e9n es m\u00fasico cat\u00f3lico y ha editado varios discos. Es Director General y cofundador de Trovador, una reconocida compa\u00f1\u00eda discogr\u00e1fica critiana de Espa\u00f1a. Trabaja en las Tecnolog\u00edas de la Informaci\u00f3n, ofreciendo servicios de alojamiento, dise\u00f1o y mantenimiento Web, as\u00ed como asesoramiento, formaci\u00f3n y soluciones inform\u00e1ticas, gesti\u00f3n documental y digitalizaci\u00f3n de textos, edici\u00f3n y maquetaci\u00f3n de libros, revistas, flyers, etc.\",\"sameAs\":[\"http:\/\/chento.org\",\"https:\/\/www.facebook.com\/JavierChento\",\"https:\/\/x.com\/https:\/\/twitter.com\/javierchento\"],\"url\":\"http:\/\/vincentians.com\/es\/author\/chento\/\"}]}<\/script>\n<!-- \/ Yoast SEO plugin. -->","yoast_head_json":{"title":"3\u00ba domingo de Cuaresma (reflexi\u00f3n de Julio C\u00e9sar Villalobos, C.M.) - Somos Vicencianos","robots":{"index":"index","follow":"follow","max-snippet":"max-snippet:-1","max-image-preview":"max-image-preview:large","max-video-preview":"max-video-preview:-1"},"canonical":"http:\/\/vincentians.com\/es\/3o-domingo-de-cuaresma-reflexion-de-julio-cesar-villalobos-c-m\/","og_locale":"es_ES","og_type":"article","og_title":"3\u00ba domingo de Cuaresma (reflexi\u00f3n de Julio C\u00e9sar Villalobos, C.M.) - Somos Vicencianos","og_description":"No podemos huir de Dios \u00bfSabes Jes\u00fas? Cu\u00e1ntas veces nos haces la invitaci\u00f3n de cambiar nuestras vidas y no te hacemos caso, perd\u00f3nanos Se\u00f1or; cu\u00e1ntas veces nos pides que dejemos de lado las actividades de ... Read More","og_url":"http:\/\/vincentians.com\/es\/3o-domingo-de-cuaresma-reflexion-de-julio-cesar-villalobos-c-m\/","og_site_name":"Somos Vicencianos","article_publisher":"https:\/\/www.facebook.com\/WeAreVincentians\/","article_author":"https:\/\/www.facebook.com\/JavierChento","article_published_time":"2013-03-03T08:25:03+00:00","article_modified_time":"2016-07-24T08:25:48+00:00","og_image":[{"width":236,"height":64,"url":"https:\/\/i0.wp.com\/vincentians.com\/es\/wp-content\/uploads\/sites\/11\/2016\/06\/president-signature.png?fit=236%2C64","type":"image\/png"}],"author":"Francisco Javier Fern\u00e1ndez Chento","twitter_card":"summary_large_image","twitter_creator":"@https:\/\/twitter.com\/javierchento","twitter_site":"@WeVincentians","twitter_misc":{"Escrito por":"Francisco Javier Fern\u00e1ndez Chento","Tiempo de lectura":"5 minutos"},"schema":{"@context":"https:\/\/schema.org","@graph":[{"@type":"Article","@id":"http:\/\/vincentians.com\/es\/3o-domingo-de-cuaresma-reflexion-de-julio-cesar-villalobos-c-m\/#article","isPartOf":{"@id":"http:\/\/vincentians.com\/es\/3o-domingo-de-cuaresma-reflexion-de-julio-cesar-villalobos-c-m\/"},"author":{"name":"Francisco Javier Fern\u00e1ndez Chento","@id":"http:\/\/vincentians.com\/es\/#\/schema\/person\/9623ef4d9aa3b2dfb8c061f1499288f2"},"headline":"3\u00ba domingo de Cuaresma (reflexi\u00f3n de Julio C\u00e9sar Villalobos, C.M.)","datePublished":"2013-03-03T08:25:03+00:00","dateModified":"2016-07-24T08:25:48+00:00","mainEntityOfPage":{"@id":"http:\/\/vincentians.com\/es\/3o-domingo-de-cuaresma-reflexion-de-julio-cesar-villalobos-c-m\/"},"wordCount":1032,"commentCount":0,"publisher":{"@id":"http:\/\/vincentians.com\/es\/#organization"},"image":{"@id":"http:\/\/vincentians.com\/es\/3o-domingo-de-cuaresma-reflexion-de-julio-cesar-villalobos-c-m\/#primaryimage"},"thumbnailUrl":"https:\/\/i0.wp.com\/vincentians.com\/es\/wp-content\/uploads\/sites\/11\/2016\/06\/president-signature.png?fit=236%2C64","articleSection":["Homil\u00edas y reflexiones, A\u00f1o C"],"inLanguage":"es","potentialAction":[{"@type":"CommentAction","name":"Comment","target":["http:\/\/vincentians.com\/es\/3o-domingo-de-cuaresma-reflexion-de-julio-cesar-villalobos-c-m\/#respond"]}]},{"@type":"WebPage","@id":"http:\/\/vincentians.com\/es\/3o-domingo-de-cuaresma-reflexion-de-julio-cesar-villalobos-c-m\/","url":"http:\/\/vincentians.com\/es\/3o-domingo-de-cuaresma-reflexion-de-julio-cesar-villalobos-c-m\/","name":"3\u00ba domingo de Cuaresma (reflexi\u00f3n de Julio C\u00e9sar Villalobos, C.M.) - Somos Vicencianos","isPartOf":{"@id":"http:\/\/vincentians.com\/es\/#website"},"primaryImageOfPage":{"@id":"http:\/\/vincentians.com\/es\/3o-domingo-de-cuaresma-reflexion-de-julio-cesar-villalobos-c-m\/#primaryimage"},"image":{"@id":"http:\/\/vincentians.com\/es\/3o-domingo-de-cuaresma-reflexion-de-julio-cesar-villalobos-c-m\/#primaryimage"},"thumbnailUrl":"https:\/\/i0.wp.com\/vincentians.com\/es\/wp-content\/uploads\/sites\/11\/2016\/06\/president-signature.png?fit=236%2C64","datePublished":"2013-03-03T08:25:03+00:00","dateModified":"2016-07-24T08:25:48+00:00","breadcrumb":{"@id":"http:\/\/vincentians.com\/es\/3o-domingo-de-cuaresma-reflexion-de-julio-cesar-villalobos-c-m\/#breadcrumb"},"inLanguage":"es","potentialAction":[{"@type":"ReadAction","target":["http:\/\/vincentians.com\/es\/3o-domingo-de-cuaresma-reflexion-de-julio-cesar-villalobos-c-m\/"]}]},{"@type":"ImageObject","inLanguage":"es","@id":"http:\/\/vincentians.com\/es\/3o-domingo-de-cuaresma-reflexion-de-julio-cesar-villalobos-c-m\/#primaryimage","url":"https:\/\/i0.wp.com\/vincentians.com\/es\/wp-content\/uploads\/sites\/11\/2016\/06\/president-signature.png?fit=236%2C64","contentUrl":"https:\/\/i0.wp.com\/vincentians.com\/es\/wp-content\/uploads\/sites\/11\/2016\/06\/president-signature.png?fit=236%2C64","width":236,"height":64},{"@type":"BreadcrumbList","@id":"http:\/\/vincentians.com\/es\/3o-domingo-de-cuaresma-reflexion-de-julio-cesar-villalobos-c-m\/#breadcrumb","itemListElement":[{"@type":"ListItem","position":1,"name":"Portada","item":"http:\/\/vincentians.com\/es\/"},{"@type":"ListItem","position":2,"name":"3\u00ba domingo de Cuaresma (reflexi\u00f3n de Julio C\u00e9sar Villalobos, C.M.)"}]},{"@type":"WebSite","@id":"http:\/\/vincentians.com\/es\/#website","url":"http:\/\/vincentians.com\/es\/","name":"Somos Vicencianos","description":"Know more to serve more","publisher":{"@id":"http:\/\/vincentians.com\/es\/#organization"},"potentialAction":[{"@type":"SearchAction","target":{"@type":"EntryPoint","urlTemplate":"http:\/\/vincentians.com\/es\/?s={search_term_string}"},"query-input":{"@type":"PropertyValueSpecification","valueRequired":true,"valueName":"search_term_string"}}],"inLanguage":"es"},{"@type":"Organization","@id":"http:\/\/vincentians.com\/es\/#organization","name":"The Vincentian Network","url":"http:\/\/vincentians.com\/es\/","logo":{"@type":"ImageObject","inLanguage":"es","@id":"http:\/\/vincentians.com\/es\/#\/schema\/logo\/image\/","url":"https:\/\/i1.wp.com\/vincentians.com\/es\/wp-content\/uploads\/sites\/11\/2016\/06\/Vincentian-Network-logo-big.png?fit=778%2C778","contentUrl":"https:\/\/i1.wp.com\/vincentians.com\/es\/wp-content\/uploads\/sites\/11\/2016\/06\/Vincentian-Network-logo-big.png?fit=778%2C778","width":778,"height":778,"caption":"The Vincentian Network"},"image":{"@id":"http:\/\/vincentians.com\/es\/#\/schema\/logo\/image\/"},"sameAs":["https:\/\/www.facebook.com\/WeAreVincentians\/","https:\/\/x.com\/WeVincentians"]},{"@type":"Person","@id":"http:\/\/vincentians.com\/es\/#\/schema\/person\/9623ef4d9aa3b2dfb8c061f1499288f2","name":"Francisco Javier Fern\u00e1ndez Chento","image":{"@type":"ImageObject","inLanguage":"es","@id":"http:\/\/vincentians.com\/es\/#\/schema\/person\/image\/","url":"https:\/\/secure.gravatar.com\/avatar\/497d5cde87b4c3d097d0315953521681ba2cd523ee66e5077c3711f7021e65de?s=96&d=mm&r=g","contentUrl":"https:\/\/secure.gravatar.com\/avatar\/497d5cde87b4c3d097d0315953521681ba2cd523ee66e5077c3711f7021e65de?s=96&d=mm&r=g","caption":"Francisco Javier Fern\u00e1ndez Chento"},"description":"Director General y cofundador de La Red de Formaci\u00f3n Vicenciana. Javier es laico vicenciano, afiliado a la Congregaci\u00f3n de la Misi\u00f3n y miembro del Equipo de Misiones Populares de la provincia can\u00f3nica de Zaragoza (Espa\u00f1a) de la Congregaci\u00f3n de la Misi\u00f3n. Graduado en la Universidad Oberta de Catalunya con cuatro grados (Asistente de direcci\u00f3n, Gesti\u00f3n Administrativa, Recursos Humanos y Contabilidad Avanzada). Bil\u00edng\u00fce Espa\u00f1ol\/Ingl\u00e9s. gestiona y mantiene varias p\u00e1ginas web cristianas y vicencianas, incluida including La Red de Formaci\u00f3n Vicenciana, de la que es cofundador. Actualmente es responsable del \u00e1rea de Espa\u00f1ol de .famvin, la Red de Noticias de la Familia Vicenciana. Tambi\u00e9n es m\u00fasico cat\u00f3lico y ha editado varios discos. Es Director General y cofundador de Trovador, una reconocida compa\u00f1\u00eda discogr\u00e1fica critiana de Espa\u00f1a. Trabaja en las Tecnolog\u00edas de la Informaci\u00f3n, ofreciendo servicios de alojamiento, dise\u00f1o y mantenimiento Web, as\u00ed como asesoramiento, formaci\u00f3n y soluciones inform\u00e1ticas, gesti\u00f3n documental y digitalizaci\u00f3n de textos, edici\u00f3n y maquetaci\u00f3n de libros, revistas, flyers, etc.","sameAs":["http:\/\/chento.org","https:\/\/www.facebook.com\/JavierChento","https:\/\/x.com\/https:\/\/twitter.com\/javierchento"],"url":"http:\/\/vincentians.com\/es\/author\/chento\/"}]}},"jetpack_publicize_connections":[],"jetpack_featured_media_url":"https:\/\/i0.wp.com\/vincentians.com\/es\/wp-content\/uploads\/sites\/11\/2016\/06\/president-signature.png?fit=236%2C64","jetpack_sharing_enabled":true,"jetpack_shortlink":"https:\/\/wp.me\/p7ETMF-Ln","jetpack-related-posts":[{"id":386876,"url":"http:\/\/vincentians.com\/es\/3o-domingo-de-t-o-reflexion-de-julio-villalobos\/","url_meta":{"origin":2937,"position":0},"title":"3\u00ba Domingo de T.O. (reflexi\u00f3n de Julio Villalobos)","author":"Francisco Javier Fern\u00e1ndez Chento","date":"24\/01\/2016","format":false,"excerpt":"\u00bfSabes Jes\u00fas? T\u00fa te nos das como la Palabra hecha carne para habitar entre nosotros, pero no queremos reconocer que eres tan cercano, que puedes llenar nuestra vida de sentido, por eso perd\u00f3nanos, Se\u00f1or. Sabemos que tu palabra tiene poder, porque nos dices que llega hasta lo m\u00e1s profundo de\u2026","rel":"","context":"En \u00abHomil\u00edas y reflexiones, A\u00f1o C\u00bb","block_context":{"text":"Homil\u00edas y reflexiones, A\u00f1o C","link":"http:\/\/vincentians.com\/es\/category\/homilias-y-reflexiones-a-la-palabra-de-dios\/homilias-y-reflexiones-ano-c\/"},"img":{"alt_text":"","src":"https:\/\/i0.wp.com\/vincentians.com\/es\/wp-content\/uploads\/sites\/11\/2016\/07\/reflexiones-palabra-de-dios.jpg?fit=1200%2C630&resize=350%2C200","width":350,"height":200,"srcset":"https:\/\/i0.wp.com\/vincentians.com\/es\/wp-content\/uploads\/sites\/11\/2016\/07\/reflexiones-palabra-de-dios.jpg?fit=1200%2C630&resize=350%2C200 1x, https:\/\/i0.wp.com\/vincentians.com\/es\/wp-content\/uploads\/sites\/11\/2016\/07\/reflexiones-palabra-de-dios.jpg?fit=1200%2C630&resize=525%2C300 1.5x, https:\/\/i0.wp.com\/vincentians.com\/es\/wp-content\/uploads\/sites\/11\/2016\/07\/reflexiones-palabra-de-dios.jpg?fit=1200%2C630&resize=700%2C400 2x, https:\/\/i0.wp.com\/vincentians.com\/es\/wp-content\/uploads\/sites\/11\/2016\/07\/reflexiones-palabra-de-dios.jpg?fit=1200%2C630&resize=1050%2C600 3x"},"classes":[]},{"id":2050,"url":"http:\/\/vincentians.com\/es\/28o-domingo-de-tiempo-ordinario-reflexion-de-julio-cesar-villalobos-c-m\/","url_meta":{"origin":2937,"position":1},"title":"28\u00ba Domingo de Tiempo Ordinario (reflexi\u00f3n de Julio C\u00e9sar Villalobos, C.M.)","author":"Francisco Javier Fern\u00e1ndez Chento","date":"13\/10\/2012","format":false,"excerpt":"Se puede ser bueno, \u00bft\u00fa qu\u00e9 dices? \u00bfSabes Jes\u00fas cu\u00e1nta gente hay que no quiere hacer las cosas bien? Hay mucha gente que pudiendo hacer cosas buenas, no las hace, Se\u00f1or. Perd\u00f3nanos por eso, Jes\u00fas. A veces nos ponemos s\u00f3lo el t\u00edtulo de creyentes y dudamos de que t\u00fa est\u00e1s\u2026","rel":"","context":"En \u00abHomil\u00edas y reflexiones, A\u00f1o B\u00bb","block_context":{"text":"Homil\u00edas y reflexiones, A\u00f1o B","link":"http:\/\/vincentians.com\/es\/category\/homilias-y-reflexiones-a-la-palabra-de-dios\/homilias-y-reflexiones-ano-b\/"},"img":{"alt_text":"","src":"","width":0,"height":0},"classes":[]},{"id":1484,"url":"http:\/\/vincentians.com\/es\/2o-domingo-de-pascua-reflexion-de-julio-cesar-villalobos-c-m\/","url_meta":{"origin":2937,"position":2},"title":"2\u00ba Domingo de Pascua (reflexi\u00f3n de Julio C\u00e9sar Villalobos, C.M.)","author":"Francisco Javier Fern\u00e1ndez Chento","date":"14\/04\/2012","format":false,"excerpt":"La Resurrecci\u00f3n de Jes\u00fas, fiesta de la Fe \u00bfSabes Jes\u00fas que muchas veces nos alejamos de tu amor?, nos das tantas pruebas de que existes y sin embargo seguimos dudando de ti, pedimos y pedimos pruebas de si vives y si eres Todopoderoso, qu\u00e9 contradicci\u00f3n vivimos Jes\u00fas. Muchas veces, Jes\u00fas,\u2026","rel":"","context":"En \u00abHomil\u00edas y reflexiones, A\u00f1o B\u00bb","block_context":{"text":"Homil\u00edas y reflexiones, A\u00f1o B","link":"http:\/\/vincentians.com\/es\/category\/homilias-y-reflexiones-a-la-palabra-de-dios\/homilias-y-reflexiones-ano-b\/"},"img":{"alt_text":"","src":"https:\/\/i0.wp.com\/vincentians.com\/es\/wp-content\/uploads\/sites\/11\/2016\/07\/reflexiones-palabra-de-dios.jpg?fit=1200%2C630&resize=350%2C200","width":350,"height":200,"srcset":"https:\/\/i0.wp.com\/vincentians.com\/es\/wp-content\/uploads\/sites\/11\/2016\/07\/reflexiones-palabra-de-dios.jpg?fit=1200%2C630&resize=350%2C200 1x, https:\/\/i0.wp.com\/vincentians.com\/es\/wp-content\/uploads\/sites\/11\/2016\/07\/reflexiones-palabra-de-dios.jpg?fit=1200%2C630&resize=525%2C300 1.5x, https:\/\/i0.wp.com\/vincentians.com\/es\/wp-content\/uploads\/sites\/11\/2016\/07\/reflexiones-palabra-de-dios.jpg?fit=1200%2C630&resize=700%2C400 2x, https:\/\/i0.wp.com\/vincentians.com\/es\/wp-content\/uploads\/sites\/11\/2016\/07\/reflexiones-palabra-de-dios.jpg?fit=1200%2C630&resize=1050%2C600 3x"},"classes":[]},{"id":2296,"url":"http:\/\/vincentians.com\/es\/jesucristo-rey-del-universo-reflexion-de-julio-cesar-villalobos-c-m\/","url_meta":{"origin":2937,"position":3},"title":"Jesucristo, Rey del Universo (reflexi\u00f3n de Julio C\u00e9sar Villalobos, C.M.)","author":"Francisco Javier Fern\u00e1ndez Chento","date":"23\/11\/2012","format":false,"excerpt":"Eres Rey por siempre Cu\u00e1nta gente hoy en d\u00eda, Jes\u00fas, hay que no te acepta como el \u00fanico Salvador y Se\u00f1or, perd\u00f3nanos por eso Jes\u00fas; cu\u00e1ntos hombres y mujeres hay que sabiendo que t\u00fa eres el Todopoderoso, dudan de tu actuar incluso dentro de nuestra propia Iglesia; cu\u00e1nta gente hay,\u2026","rel":"","context":"En \u00abHomil\u00edas y reflexiones, A\u00f1o B\u00bb","block_context":{"text":"Homil\u00edas y reflexiones, A\u00f1o B","link":"http:\/\/vincentians.com\/es\/category\/homilias-y-reflexiones-a-la-palabra-de-dios\/homilias-y-reflexiones-ano-b\/"},"img":{"alt_text":"","src":"","width":0,"height":0},"classes":[]},{"id":1553,"url":"http:\/\/vincentians.com\/es\/5o-domingo-de-pascua-reflexion-de-julio-cesar-villalobos-c-m\/","url_meta":{"origin":2937,"position":4},"title":"5\u00ba Domingo de Pascua (reflexi\u00f3n de Julio C\u00e9sar Villalobos, C.M.)","author":"Francisco Javier Fern\u00e1ndez Chento","date":"01\/05\/2015","format":false,"excerpt":"No puedo vivir sin Dios \u00bfSabes Jes\u00fas que ser\u00eda nuestra vida sin tu amor?, \u00bfsabes Jes\u00fas que no podemos vivir sin ti? Perd\u00f3nanos, Jes\u00fas, porque muchas veces hacemos cosas que a ti no te agradan y mucho menos te consideramos como el m\u00e1s importante en nuestra vida. Hacemos tantas y\u2026","rel":"","context":"En \u00abHomil\u00edas y reflexiones, A\u00f1o B\u00bb","block_context":{"text":"Homil\u00edas y reflexiones, A\u00f1o B","link":"http:\/\/vincentians.com\/es\/category\/homilias-y-reflexiones-a-la-palabra-de-dios\/homilias-y-reflexiones-ano-b\/"},"img":{"alt_text":"","src":"https:\/\/i0.wp.com\/vincentians.com\/es\/wp-content\/uploads\/sites\/11\/2016\/07\/reflexiones-palabra-de-dios.jpg?fit=1200%2C630&resize=350%2C200","width":350,"height":200,"srcset":"https:\/\/i0.wp.com\/vincentians.com\/es\/wp-content\/uploads\/sites\/11\/2016\/07\/reflexiones-palabra-de-dios.jpg?fit=1200%2C630&resize=350%2C200 1x, https:\/\/i0.wp.com\/vincentians.com\/es\/wp-content\/uploads\/sites\/11\/2016\/07\/reflexiones-palabra-de-dios.jpg?fit=1200%2C630&resize=525%2C300 1.5x, https:\/\/i0.wp.com\/vincentians.com\/es\/wp-content\/uploads\/sites\/11\/2016\/07\/reflexiones-palabra-de-dios.jpg?fit=1200%2C630&resize=700%2C400 2x, https:\/\/i0.wp.com\/vincentians.com\/es\/wp-content\/uploads\/sites\/11\/2016\/07\/reflexiones-palabra-de-dios.jpg?fit=1200%2C630&resize=1050%2C600 3x"},"classes":[]},{"id":135770,"url":"http:\/\/vincentians.com\/es\/corpus-christi-reflexion-de-julio-cesar-villalobos-c-m\/","url_meta":{"origin":2937,"position":5},"title":"Corpus Christi (reflexi\u00f3n de Julio C\u00e9sar Villalobos, C.M.)","author":"Francisco Javier Fern\u00e1ndez Chento","date":"08\/06\/2012","format":false,"excerpt":"Dios es tan real, que hasta lo podemos tocar y comer Se acerc\u00f3 a la oficina parroquial una pareja de esposos, por la ma\u00f1ana, un d\u00eda ordinario, para hablarme de c\u00f3mo Dios hab\u00eda entrado en sus vidas, de c\u00f3mo Dios hab\u00eda tocado su matrimonio, de c\u00f3mo hab\u00edan vuelto a la\u2026","rel":"","context":"En \u00abHomil\u00edas y reflexiones, A\u00f1o B\u00bb","block_context":{"text":"Homil\u00edas y reflexiones, A\u00f1o B","link":"http:\/\/vincentians.com\/es\/category\/homilias-y-reflexiones-a-la-palabra-de-dios\/homilias-y-reflexiones-ano-b\/"},"img":{"alt_text":"","src":"https:\/\/i0.wp.com\/vincentians.com\/es\/wp-content\/uploads\/sites\/11\/2016\/07\/reflexiones-palabra-de-dios.jpg?fit=1200%2C630&resize=350%2C200","width":350,"height":200,"srcset":"https:\/\/i0.wp.com\/vincentians.com\/es\/wp-content\/uploads\/sites\/11\/2016\/07\/reflexiones-palabra-de-dios.jpg?fit=1200%2C630&resize=350%2C200 1x, https:\/\/i0.wp.com\/vincentians.com\/es\/wp-content\/uploads\/sites\/11\/2016\/07\/reflexiones-palabra-de-dios.jpg?fit=1200%2C630&resize=525%2C300 1.5x, https:\/\/i0.wp.com\/vincentians.com\/es\/wp-content\/uploads\/sites\/11\/2016\/07\/reflexiones-palabra-de-dios.jpg?fit=1200%2C630&resize=700%2C400 2x, https:\/\/i0.wp.com\/vincentians.com\/es\/wp-content\/uploads\/sites\/11\/2016\/07\/reflexiones-palabra-de-dios.jpg?fit=1200%2C630&resize=1050%2C600 3x"},"classes":[]}],"_links":{"self":[{"href":"http:\/\/vincentians.com\/es\/wp-json\/wp\/v2\/posts\/2937","targetHints":{"allow":["GET"]}}],"collection":[{"href":"http:\/\/vincentians.com\/es\/wp-json\/wp\/v2\/posts"}],"about":[{"href":"http:\/\/vincentians.com\/es\/wp-json\/wp\/v2\/types\/post"}],"author":[{"embeddable":true,"href":"http:\/\/vincentians.com\/es\/wp-json\/wp\/v2\/users\/4"}],"replies":[{"embeddable":true,"href":"http:\/\/vincentians.com\/es\/wp-json\/wp\/v2\/comments?post=2937"}],"version-history":[{"count":0,"href":"http:\/\/vincentians.com\/es\/wp-json\/wp\/v2\/posts\/2937\/revisions"}],"wp:featuredmedia":[{"embeddable":true,"href":"http:\/\/vincentians.com\/es\/wp-json\/wp\/v2\/media\/5"}],"wp:attachment":[{"href":"http:\/\/vincentians.com\/es\/wp-json\/wp\/v2\/media?parent=2937"}],"wp:term":[{"taxonomy":"category","embeddable":true,"href":"http:\/\/vincentians.com\/es\/wp-json\/wp\/v2\/categories?post=2937"},{"taxonomy":"post_tag","embeddable":true,"href":"http:\/\/vincentians.com\/es\/wp-json\/wp\/v2\/tags?post=2937"}],"curies":[{"name":"wp","href":"https:\/\/api.w.org\/{rel}","templated":true}]}}