{"id":2934,"date":"2013-03-03T02:00:11","date_gmt":"2013-03-03T01:00:11","guid":{"rendered":"http:\/\/somos.vicencianos.org\/comentarios\/2013\/02\/17\/1o-domingo-de-cuaresma-reflexion-de-alfonso-berrade-c-m-2\/"},"modified":"2016-07-24T10:25:48","modified_gmt":"2016-07-24T08:25:48","slug":"3o-domingo-de-cuaresma-reflexion-de-alfonso-berrade-c-m","status":"publish","type":"post","link":"http:\/\/vincentians.com\/es\/3o-domingo-de-cuaresma-reflexion-de-alfonso-berrade-c-m\/","title":{"rendered":"3\u00ba domingo de Cuaresma (reflexi\u00f3n de Alfonso Berrade, C.M.)"},"content":{"rendered":"<h2>No s\u00e9 si soy jard\u00edn o jardinero<\/h2>\n<p><img data-recalc-dims=\"1\" loading=\"lazy\" decoding=\"async\" class=\"alignright size-full wp-image-79\" title=\"alfonso_berrade\" alt=\"\" src=\"https:\/\/i0.wp.com\/vicencianos.org\/comentarios\/files\/2010\/12\/alfonso_berrade.jpg?resize=166%2C225\" width=\"166\" height=\"225\" \/>Muchas veces he quedado impresionado por las responsabilidades tan grandes que pesaban sobre las espaldas de Mois\u00e9s. Eso de llevar adelante la liberaci\u00f3n de un pueblo protest\u00f3n y quejumbroso era para desalentar a cualquiera. Pero Mois\u00e9s sigui\u00f3 y sigui\u00f3 hasta ver la tierra prometida a la que no pudo entrar \u00e9l, pero s\u00ed el pueblo.<\/p>\n<p>Al mirar estos ejemplos grandiosos de liderazgo y valent\u00eda de los h\u00e9roes nos puede causar desaliento y podemos creer que a nosotros no nos ata\u00f1e la misi\u00f3n de animar a otros y aventurarnos a ir por el mundo cantando la gloria de Dios. Nos vemos peque\u00f1os, pero no hay que desalentarse. El gran te\u00f3logo Congar nos dice: \u201cEs hora de que dejemos de pensar que s\u00f3lo los grandes personajes de la historia han recibido una misi\u00f3n; todos estamos llamados a cumplir una tarea concreta en esa gran epopeya que es la historia de la salvaci\u00f3n\u201d. Podemos ir pensando eso de la higuera del evangelio de hoy. Cada uno de nosotros somos esa higuera del evangelio. \u00bfSoy la higuera que no da fruto o soy el hortelano que no cuida y riega como conviene a las plantas? Cada es responsable de s\u00ed mismo y de muchos otros m\u00e1s.<\/p>\n<p>Cada uno de nosotros debemos dar fruto porque Jes\u00fas nos ha plantado para dar fruto. Debemos dar fruto independientemente de si los dem\u00e1s den fruto o solo tienen hojas verdes sin fruto. No nos basta simplemente con no hacer mal. No es suficiente no cometer pecado, tenemos que dar fruto, tenemos que hacer el bien.<\/p>\n<p>Con demasiada frecuencia s\u00f3lo nos preocupamos de evitar el pecado, sin pensar que Dios nos pide frutos. En la vida de la comunidad parroquial falta todav\u00eda despegar fuertemente hacia las alturas del Reino de Dios. No quedarnos en evitar el pecado. Debemos trasmitir a quienes viven cerca de nosotros la gloria de ser miembros de Cristo Sacerdote, Profeta y Rey. El gran ap\u00f3stol y servidor de los leprosos, Ra\u00fal Follerau nos cuenta: \u201cTuve un sue\u00f1o. Muerto me presento ante Dios y le digo todo ufano: Mira mis manos limpias\u2026Dios me mira con infinita compasi\u00f3n y me dice en tono de reproche paternal, pero en\u00e9rgico: S\u00ed, hijo m\u00edo, manos limpias, muy limpias&#8230;pero vac\u00edas. Cuando me despert\u00e9 me puse a trabajar afanosamente\u201d. Estamos en Cuaresma y la conversi\u00f3n lleva consigo avivar la conciencia de nuestra responsabilidad y revisar la fidelidad al encargo que Dios nos ha dado a cada uno. Que no tengamos que o\u00edr de nosotros eso de: \u201cSi no da fruto, c\u00f3rtala\u201d.<\/p>\n<p>Mirada de humildad a nuestra vida para reaccionar con valent\u00eda desde dentro de nosotros mismos. Nadie es minusvalorado en la tarea del reino. No s\u00f3lo los intelectuales, los sabios, los poderosos realizan grandes cosas. Los ni\u00f1os, los sencillos, los que tienen la mirada limpia son quienes son compasivos y misericordiosos. El ser humano est\u00e1 sediento de misericordia y compasi\u00f3n. Los grandes santos son nuestros patrones de comportamiento en el seguimiento de Cristo. Ellos, al final de la vida, ten\u00edan la impresi\u00f3n de que pod\u00edan haber hecho mucho m\u00e1s. En la cuaresma, hay que poner la mirada en los proyectos de vida para fomentar la esperanza, y hay que evaluar lo que estamos viviendo para no estar tres a\u00f1os sin dar futo. O mejoramos como tierra f\u00e9rtil o mejoramos como hortelanos. Ambas cosas caminan juntas. Otros nos animan a dar fruto, nosotros cuidamos a los dem\u00e1s para que se realicen como personas. Caminamos juntos realizando el Plan de Dios para la Comunidad de fe.<\/p>\n","protected":false},"excerpt":{"rendered":"<p>No s\u00e9 si soy jard\u00edn o jardinero Muchas veces he quedado impresionado por las responsabilidades tan grandes que pesaban sobre las espaldas de Mois\u00e9s. Eso de llevar adelante la liberaci\u00f3n de un pueblo protest\u00f3n y &#8230; <a href=\"http:\/\/vincentians.com\/es\/3o-domingo-de-cuaresma-reflexion-de-alfonso-berrade-c-m\/\" class=\"more-link\">Read More<\/a><\/p>\n","protected":false},"author":4,"featured_media":388408,"comment_status":"open","ping_status":"open","sticky":false,"template":"","format":"standard","meta":{"jetpack_post_was_ever_published":false,"_jetpack_newsletter_access":"","_jetpack_dont_email_post_to_subs":false,"_jetpack_newsletter_tier_id":0,"_jetpack_memberships_contains_paywalled_content":false,"_jetpack_memberships_contains_paid_content":false,"footnotes":"","jetpack_publicize_message":"","jetpack_publicize_feature_enabled":true,"jetpack_social_post_already_shared":true,"jetpack_social_options":{"image_generator_settings":{"template":"highway","default_image_id":0,"font":"","enabled":false},"version":2}},"categories":[94],"tags":[],"class_list":["post-2934","post","type-post","status-publish","format-standard","has-post-thumbnail","hentry","category-homilias-y-reflexiones-ano-c"],"yoast_head":"<!-- This site is optimized with the Yoast SEO plugin v26.3 - https:\/\/yoast.com\/wordpress\/plugins\/seo\/ -->\n<title>3\u00ba domingo de Cuaresma (reflexi\u00f3n de Alfonso Berrade, C.M.) - Somos Vicencianos<\/title>\n<meta name=\"robots\" content=\"index, follow, max-snippet:-1, max-image-preview:large, max-video-preview:-1\" \/>\n<link rel=\"canonical\" href=\"http:\/\/vincentians.com\/es\/3o-domingo-de-cuaresma-reflexion-de-alfonso-berrade-c-m\/\" \/>\n<meta property=\"og:locale\" content=\"es_ES\" \/>\n<meta property=\"og:type\" content=\"article\" \/>\n<meta property=\"og:title\" content=\"3\u00ba domingo de Cuaresma (reflexi\u00f3n de Alfonso Berrade, C.M.) - Somos Vicencianos\" \/>\n<meta property=\"og:description\" content=\"No s\u00e9 si soy jard\u00edn o jardinero Muchas veces he quedado impresionado por las responsabilidades tan grandes que pesaban sobre las espaldas de Mois\u00e9s. Eso de llevar adelante la liberaci\u00f3n de un pueblo protest\u00f3n y ... Read More\" \/>\n<meta property=\"og:url\" content=\"http:\/\/vincentians.com\/es\/3o-domingo-de-cuaresma-reflexion-de-alfonso-berrade-c-m\/\" \/>\n<meta property=\"og:site_name\" content=\"Somos Vicencianos\" \/>\n<meta property=\"article:publisher\" content=\"https:\/\/www.facebook.com\/WeAreVincentians\/\" \/>\n<meta property=\"article:author\" content=\"https:\/\/www.facebook.com\/JavierChento\" \/>\n<meta property=\"article:published_time\" content=\"2013-03-03T01:00:11+00:00\" \/>\n<meta property=\"article:modified_time\" content=\"2016-07-24T08:25:48+00:00\" \/>\n<meta property=\"og:image\" content=\"https:\/\/i0.wp.com\/vincentians.com\/es\/wp-content\/uploads\/sites\/11\/2016\/07\/reflexiones-palabra-de-dios.jpg?fit=1200%2C630\" \/>\n\t<meta property=\"og:image:width\" content=\"1200\" \/>\n\t<meta property=\"og:image:height\" content=\"630\" \/>\n\t<meta property=\"og:image:type\" content=\"image\/jpeg\" \/>\n<meta name=\"author\" content=\"Francisco Javier Fern\u00e1ndez Chento\" \/>\n<meta name=\"twitter:card\" content=\"summary_large_image\" \/>\n<meta name=\"twitter:creator\" content=\"@https:\/\/twitter.com\/javierchento\" \/>\n<meta name=\"twitter:site\" content=\"@WeVincentians\" \/>\n<meta name=\"twitter:label1\" content=\"Escrito por\" \/>\n\t<meta name=\"twitter:data1\" content=\"Francisco Javier Fern\u00e1ndez Chento\" \/>\n\t<meta name=\"twitter:label2\" content=\"Tiempo de lectura\" \/>\n\t<meta name=\"twitter:data2\" content=\"3 minutos\" \/>\n<script type=\"application\/ld+json\" class=\"yoast-schema-graph\">{\"@context\":\"https:\/\/schema.org\",\"@graph\":[{\"@type\":\"Article\",\"@id\":\"http:\/\/vincentians.com\/es\/3o-domingo-de-cuaresma-reflexion-de-alfonso-berrade-c-m\/#article\",\"isPartOf\":{\"@id\":\"http:\/\/vincentians.com\/es\/3o-domingo-de-cuaresma-reflexion-de-alfonso-berrade-c-m\/\"},\"author\":{\"name\":\"Francisco Javier Fern\u00e1ndez Chento\",\"@id\":\"https:\/\/vincentians.com\/es\/#\/schema\/person\/9623ef4d9aa3b2dfb8c061f1499288f2\"},\"headline\":\"3\u00ba domingo de Cuaresma (reflexi\u00f3n de Alfonso Berrade, C.M.)\",\"datePublished\":\"2013-03-03T01:00:11+00:00\",\"dateModified\":\"2016-07-24T08:25:48+00:00\",\"mainEntityOfPage\":{\"@id\":\"http:\/\/vincentians.com\/es\/3o-domingo-de-cuaresma-reflexion-de-alfonso-berrade-c-m\/\"},\"wordCount\":641,\"commentCount\":0,\"publisher\":{\"@id\":\"https:\/\/vincentians.com\/es\/#organization\"},\"image\":{\"@id\":\"http:\/\/vincentians.com\/es\/3o-domingo-de-cuaresma-reflexion-de-alfonso-berrade-c-m\/#primaryimage\"},\"thumbnailUrl\":\"https:\/\/i0.wp.com\/vincentians.com\/es\/wp-content\/uploads\/sites\/11\/2016\/07\/reflexiones-palabra-de-dios.jpg?fit=1200%2C630\",\"articleSection\":[\"Homil\u00edas y reflexiones, A\u00f1o C\"],\"inLanguage\":\"es\",\"potentialAction\":[{\"@type\":\"CommentAction\",\"name\":\"Comment\",\"target\":[\"http:\/\/vincentians.com\/es\/3o-domingo-de-cuaresma-reflexion-de-alfonso-berrade-c-m\/#respond\"]}]},{\"@type\":\"WebPage\",\"@id\":\"http:\/\/vincentians.com\/es\/3o-domingo-de-cuaresma-reflexion-de-alfonso-berrade-c-m\/\",\"url\":\"http:\/\/vincentians.com\/es\/3o-domingo-de-cuaresma-reflexion-de-alfonso-berrade-c-m\/\",\"name\":\"3\u00ba domingo de Cuaresma (reflexi\u00f3n de Alfonso Berrade, C.M.) - Somos Vicencianos\",\"isPartOf\":{\"@id\":\"https:\/\/vincentians.com\/es\/#website\"},\"primaryImageOfPage\":{\"@id\":\"http:\/\/vincentians.com\/es\/3o-domingo-de-cuaresma-reflexion-de-alfonso-berrade-c-m\/#primaryimage\"},\"image\":{\"@id\":\"http:\/\/vincentians.com\/es\/3o-domingo-de-cuaresma-reflexion-de-alfonso-berrade-c-m\/#primaryimage\"},\"thumbnailUrl\":\"https:\/\/i0.wp.com\/vincentians.com\/es\/wp-content\/uploads\/sites\/11\/2016\/07\/reflexiones-palabra-de-dios.jpg?fit=1200%2C630\",\"datePublished\":\"2013-03-03T01:00:11+00:00\",\"dateModified\":\"2016-07-24T08:25:48+00:00\",\"breadcrumb\":{\"@id\":\"http:\/\/vincentians.com\/es\/3o-domingo-de-cuaresma-reflexion-de-alfonso-berrade-c-m\/#breadcrumb\"},\"inLanguage\":\"es\",\"potentialAction\":[{\"@type\":\"ReadAction\",\"target\":[\"http:\/\/vincentians.com\/es\/3o-domingo-de-cuaresma-reflexion-de-alfonso-berrade-c-m\/\"]}]},{\"@type\":\"ImageObject\",\"inLanguage\":\"es\",\"@id\":\"http:\/\/vincentians.com\/es\/3o-domingo-de-cuaresma-reflexion-de-alfonso-berrade-c-m\/#primaryimage\",\"url\":\"https:\/\/i0.wp.com\/vincentians.com\/es\/wp-content\/uploads\/sites\/11\/2016\/07\/reflexiones-palabra-de-dios.jpg?fit=1200%2C630\",\"contentUrl\":\"https:\/\/i0.wp.com\/vincentians.com\/es\/wp-content\/uploads\/sites\/11\/2016\/07\/reflexiones-palabra-de-dios.jpg?fit=1200%2C630\",\"width\":1200,\"height\":630},{\"@type\":\"BreadcrumbList\",\"@id\":\"http:\/\/vincentians.com\/es\/3o-domingo-de-cuaresma-reflexion-de-alfonso-berrade-c-m\/#breadcrumb\",\"itemListElement\":[{\"@type\":\"ListItem\",\"position\":1,\"name\":\"Portada\",\"item\":\"https:\/\/vincentians.com\/es\/\"},{\"@type\":\"ListItem\",\"position\":2,\"name\":\"3\u00ba domingo de Cuaresma (reflexi\u00f3n de Alfonso Berrade, C.M.)\"}]},{\"@type\":\"WebSite\",\"@id\":\"https:\/\/vincentians.com\/es\/#website\",\"url\":\"https:\/\/vincentians.com\/es\/\",\"name\":\"Somos Vicencianos\",\"description\":\"Know more to serve more\",\"publisher\":{\"@id\":\"https:\/\/vincentians.com\/es\/#organization\"},\"potentialAction\":[{\"@type\":\"SearchAction\",\"target\":{\"@type\":\"EntryPoint\",\"urlTemplate\":\"https:\/\/vincentians.com\/es\/?s={search_term_string}\"},\"query-input\":{\"@type\":\"PropertyValueSpecification\",\"valueRequired\":true,\"valueName\":\"search_term_string\"}}],\"inLanguage\":\"es\"},{\"@type\":\"Organization\",\"@id\":\"https:\/\/vincentians.com\/es\/#organization\",\"name\":\"The Vincentian Network\",\"url\":\"https:\/\/vincentians.com\/es\/\",\"logo\":{\"@type\":\"ImageObject\",\"inLanguage\":\"es\",\"@id\":\"https:\/\/vincentians.com\/es\/#\/schema\/logo\/image\/\",\"url\":\"https:\/\/i1.wp.com\/vincentians.com\/es\/wp-content\/uploads\/sites\/11\/2016\/06\/Vincentian-Network-logo-big.png?fit=778%2C778\",\"contentUrl\":\"https:\/\/i1.wp.com\/vincentians.com\/es\/wp-content\/uploads\/sites\/11\/2016\/06\/Vincentian-Network-logo-big.png?fit=778%2C778\",\"width\":778,\"height\":778,\"caption\":\"The Vincentian Network\"},\"image\":{\"@id\":\"https:\/\/vincentians.com\/es\/#\/schema\/logo\/image\/\"},\"sameAs\":[\"https:\/\/www.facebook.com\/WeAreVincentians\/\",\"https:\/\/x.com\/WeVincentians\"]},{\"@type\":\"Person\",\"@id\":\"https:\/\/vincentians.com\/es\/#\/schema\/person\/9623ef4d9aa3b2dfb8c061f1499288f2\",\"name\":\"Francisco Javier Fern\u00e1ndez Chento\",\"image\":{\"@type\":\"ImageObject\",\"inLanguage\":\"es\",\"@id\":\"https:\/\/vincentians.com\/es\/#\/schema\/person\/image\/\",\"url\":\"https:\/\/secure.gravatar.com\/avatar\/497d5cde87b4c3d097d0315953521681ba2cd523ee66e5077c3711f7021e65de?s=96&d=mm&r=g\",\"contentUrl\":\"https:\/\/secure.gravatar.com\/avatar\/497d5cde87b4c3d097d0315953521681ba2cd523ee66e5077c3711f7021e65de?s=96&d=mm&r=g\",\"caption\":\"Francisco Javier Fern\u00e1ndez Chento\"},\"description\":\"Director General y cofundador de La Red de Formaci\u00f3n Vicenciana. Javier es laico vicenciano, afiliado a la Congregaci\u00f3n de la Misi\u00f3n y miembro del Equipo de Misiones Populares de la provincia can\u00f3nica de Zaragoza (Espa\u00f1a) de la Congregaci\u00f3n de la Misi\u00f3n. Graduado en la Universidad Oberta de Catalunya con cuatro grados (Asistente de direcci\u00f3n, Gesti\u00f3n Administrativa, Recursos Humanos y Contabilidad Avanzada). Bil\u00edng\u00fce Espa\u00f1ol\/Ingl\u00e9s. gestiona y mantiene varias p\u00e1ginas web cristianas y vicencianas, incluida including La Red de Formaci\u00f3n Vicenciana, de la que es cofundador. Actualmente es responsable del \u00e1rea de Espa\u00f1ol de .famvin, la Red de Noticias de la Familia Vicenciana. Tambi\u00e9n es m\u00fasico cat\u00f3lico y ha editado varios discos. Es Director General y cofundador de Trovador, una reconocida compa\u00f1\u00eda discogr\u00e1fica critiana de Espa\u00f1a. Trabaja en las Tecnolog\u00edas de la Informaci\u00f3n, ofreciendo servicios de alojamiento, dise\u00f1o y mantenimiento Web, as\u00ed como asesoramiento, formaci\u00f3n y soluciones inform\u00e1ticas, gesti\u00f3n documental y digitalizaci\u00f3n de textos, edici\u00f3n y maquetaci\u00f3n de libros, revistas, flyers, etc.\",\"sameAs\":[\"http:\/\/chento.org\",\"https:\/\/www.facebook.com\/JavierChento\",\"https:\/\/x.com\/https:\/\/twitter.com\/javierchento\"],\"url\":\"http:\/\/vincentians.com\/es\/author\/chento\/\"}]}<\/script>\n<!-- \/ Yoast SEO plugin. -->","yoast_head_json":{"title":"3\u00ba domingo de Cuaresma (reflexi\u00f3n de Alfonso Berrade, C.M.) - Somos Vicencianos","robots":{"index":"index","follow":"follow","max-snippet":"max-snippet:-1","max-image-preview":"max-image-preview:large","max-video-preview":"max-video-preview:-1"},"canonical":"http:\/\/vincentians.com\/es\/3o-domingo-de-cuaresma-reflexion-de-alfonso-berrade-c-m\/","og_locale":"es_ES","og_type":"article","og_title":"3\u00ba domingo de Cuaresma (reflexi\u00f3n de Alfonso Berrade, C.M.) - Somos Vicencianos","og_description":"No s\u00e9 si soy jard\u00edn o jardinero Muchas veces he quedado impresionado por las responsabilidades tan grandes que pesaban sobre las espaldas de Mois\u00e9s. Eso de llevar adelante la liberaci\u00f3n de un pueblo protest\u00f3n y ... Read More","og_url":"http:\/\/vincentians.com\/es\/3o-domingo-de-cuaresma-reflexion-de-alfonso-berrade-c-m\/","og_site_name":"Somos Vicencianos","article_publisher":"https:\/\/www.facebook.com\/WeAreVincentians\/","article_author":"https:\/\/www.facebook.com\/JavierChento","article_published_time":"2013-03-03T01:00:11+00:00","article_modified_time":"2016-07-24T08:25:48+00:00","og_image":[{"width":1200,"height":630,"url":"https:\/\/i0.wp.com\/vincentians.com\/es\/wp-content\/uploads\/sites\/11\/2016\/07\/reflexiones-palabra-de-dios.jpg?fit=1200%2C630","type":"image\/jpeg"}],"author":"Francisco Javier Fern\u00e1ndez Chento","twitter_card":"summary_large_image","twitter_creator":"@https:\/\/twitter.com\/javierchento","twitter_site":"@WeVincentians","twitter_misc":{"Escrito por":"Francisco Javier Fern\u00e1ndez Chento","Tiempo de lectura":"3 minutos"},"schema":{"@context":"https:\/\/schema.org","@graph":[{"@type":"Article","@id":"http:\/\/vincentians.com\/es\/3o-domingo-de-cuaresma-reflexion-de-alfonso-berrade-c-m\/#article","isPartOf":{"@id":"http:\/\/vincentians.com\/es\/3o-domingo-de-cuaresma-reflexion-de-alfonso-berrade-c-m\/"},"author":{"name":"Francisco Javier Fern\u00e1ndez Chento","@id":"https:\/\/vincentians.com\/es\/#\/schema\/person\/9623ef4d9aa3b2dfb8c061f1499288f2"},"headline":"3\u00ba domingo de Cuaresma (reflexi\u00f3n de Alfonso Berrade, C.M.)","datePublished":"2013-03-03T01:00:11+00:00","dateModified":"2016-07-24T08:25:48+00:00","mainEntityOfPage":{"@id":"http:\/\/vincentians.com\/es\/3o-domingo-de-cuaresma-reflexion-de-alfonso-berrade-c-m\/"},"wordCount":641,"commentCount":0,"publisher":{"@id":"https:\/\/vincentians.com\/es\/#organization"},"image":{"@id":"http:\/\/vincentians.com\/es\/3o-domingo-de-cuaresma-reflexion-de-alfonso-berrade-c-m\/#primaryimage"},"thumbnailUrl":"https:\/\/i0.wp.com\/vincentians.com\/es\/wp-content\/uploads\/sites\/11\/2016\/07\/reflexiones-palabra-de-dios.jpg?fit=1200%2C630","articleSection":["Homil\u00edas y reflexiones, A\u00f1o C"],"inLanguage":"es","potentialAction":[{"@type":"CommentAction","name":"Comment","target":["http:\/\/vincentians.com\/es\/3o-domingo-de-cuaresma-reflexion-de-alfonso-berrade-c-m\/#respond"]}]},{"@type":"WebPage","@id":"http:\/\/vincentians.com\/es\/3o-domingo-de-cuaresma-reflexion-de-alfonso-berrade-c-m\/","url":"http:\/\/vincentians.com\/es\/3o-domingo-de-cuaresma-reflexion-de-alfonso-berrade-c-m\/","name":"3\u00ba domingo de Cuaresma (reflexi\u00f3n de Alfonso Berrade, C.M.) - Somos Vicencianos","isPartOf":{"@id":"https:\/\/vincentians.com\/es\/#website"},"primaryImageOfPage":{"@id":"http:\/\/vincentians.com\/es\/3o-domingo-de-cuaresma-reflexion-de-alfonso-berrade-c-m\/#primaryimage"},"image":{"@id":"http:\/\/vincentians.com\/es\/3o-domingo-de-cuaresma-reflexion-de-alfonso-berrade-c-m\/#primaryimage"},"thumbnailUrl":"https:\/\/i0.wp.com\/vincentians.com\/es\/wp-content\/uploads\/sites\/11\/2016\/07\/reflexiones-palabra-de-dios.jpg?fit=1200%2C630","datePublished":"2013-03-03T01:00:11+00:00","dateModified":"2016-07-24T08:25:48+00:00","breadcrumb":{"@id":"http:\/\/vincentians.com\/es\/3o-domingo-de-cuaresma-reflexion-de-alfonso-berrade-c-m\/#breadcrumb"},"inLanguage":"es","potentialAction":[{"@type":"ReadAction","target":["http:\/\/vincentians.com\/es\/3o-domingo-de-cuaresma-reflexion-de-alfonso-berrade-c-m\/"]}]},{"@type":"ImageObject","inLanguage":"es","@id":"http:\/\/vincentians.com\/es\/3o-domingo-de-cuaresma-reflexion-de-alfonso-berrade-c-m\/#primaryimage","url":"https:\/\/i0.wp.com\/vincentians.com\/es\/wp-content\/uploads\/sites\/11\/2016\/07\/reflexiones-palabra-de-dios.jpg?fit=1200%2C630","contentUrl":"https:\/\/i0.wp.com\/vincentians.com\/es\/wp-content\/uploads\/sites\/11\/2016\/07\/reflexiones-palabra-de-dios.jpg?fit=1200%2C630","width":1200,"height":630},{"@type":"BreadcrumbList","@id":"http:\/\/vincentians.com\/es\/3o-domingo-de-cuaresma-reflexion-de-alfonso-berrade-c-m\/#breadcrumb","itemListElement":[{"@type":"ListItem","position":1,"name":"Portada","item":"https:\/\/vincentians.com\/es\/"},{"@type":"ListItem","position":2,"name":"3\u00ba domingo de Cuaresma (reflexi\u00f3n de Alfonso Berrade, C.M.)"}]},{"@type":"WebSite","@id":"https:\/\/vincentians.com\/es\/#website","url":"https:\/\/vincentians.com\/es\/","name":"Somos Vicencianos","description":"Know more to serve more","publisher":{"@id":"https:\/\/vincentians.com\/es\/#organization"},"potentialAction":[{"@type":"SearchAction","target":{"@type":"EntryPoint","urlTemplate":"https:\/\/vincentians.com\/es\/?s={search_term_string}"},"query-input":{"@type":"PropertyValueSpecification","valueRequired":true,"valueName":"search_term_string"}}],"inLanguage":"es"},{"@type":"Organization","@id":"https:\/\/vincentians.com\/es\/#organization","name":"The Vincentian Network","url":"https:\/\/vincentians.com\/es\/","logo":{"@type":"ImageObject","inLanguage":"es","@id":"https:\/\/vincentians.com\/es\/#\/schema\/logo\/image\/","url":"https:\/\/i1.wp.com\/vincentians.com\/es\/wp-content\/uploads\/sites\/11\/2016\/06\/Vincentian-Network-logo-big.png?fit=778%2C778","contentUrl":"https:\/\/i1.wp.com\/vincentians.com\/es\/wp-content\/uploads\/sites\/11\/2016\/06\/Vincentian-Network-logo-big.png?fit=778%2C778","width":778,"height":778,"caption":"The Vincentian Network"},"image":{"@id":"https:\/\/vincentians.com\/es\/#\/schema\/logo\/image\/"},"sameAs":["https:\/\/www.facebook.com\/WeAreVincentians\/","https:\/\/x.com\/WeVincentians"]},{"@type":"Person","@id":"https:\/\/vincentians.com\/es\/#\/schema\/person\/9623ef4d9aa3b2dfb8c061f1499288f2","name":"Francisco Javier Fern\u00e1ndez Chento","image":{"@type":"ImageObject","inLanguage":"es","@id":"https:\/\/vincentians.com\/es\/#\/schema\/person\/image\/","url":"https:\/\/secure.gravatar.com\/avatar\/497d5cde87b4c3d097d0315953521681ba2cd523ee66e5077c3711f7021e65de?s=96&d=mm&r=g","contentUrl":"https:\/\/secure.gravatar.com\/avatar\/497d5cde87b4c3d097d0315953521681ba2cd523ee66e5077c3711f7021e65de?s=96&d=mm&r=g","caption":"Francisco Javier Fern\u00e1ndez Chento"},"description":"Director General y cofundador de La Red de Formaci\u00f3n Vicenciana. Javier es laico vicenciano, afiliado a la Congregaci\u00f3n de la Misi\u00f3n y miembro del Equipo de Misiones Populares de la provincia can\u00f3nica de Zaragoza (Espa\u00f1a) de la Congregaci\u00f3n de la Misi\u00f3n. Graduado en la Universidad Oberta de Catalunya con cuatro grados (Asistente de direcci\u00f3n, Gesti\u00f3n Administrativa, Recursos Humanos y Contabilidad Avanzada). Bil\u00edng\u00fce Espa\u00f1ol\/Ingl\u00e9s. gestiona y mantiene varias p\u00e1ginas web cristianas y vicencianas, incluida including La Red de Formaci\u00f3n Vicenciana, de la que es cofundador. Actualmente es responsable del \u00e1rea de Espa\u00f1ol de .famvin, la Red de Noticias de la Familia Vicenciana. Tambi\u00e9n es m\u00fasico cat\u00f3lico y ha editado varios discos. Es Director General y cofundador de Trovador, una reconocida compa\u00f1\u00eda discogr\u00e1fica critiana de Espa\u00f1a. Trabaja en las Tecnolog\u00edas de la Informaci\u00f3n, ofreciendo servicios de alojamiento, dise\u00f1o y mantenimiento Web, as\u00ed como asesoramiento, formaci\u00f3n y soluciones inform\u00e1ticas, gesti\u00f3n documental y digitalizaci\u00f3n de textos, edici\u00f3n y maquetaci\u00f3n de libros, revistas, flyers, etc.","sameAs":["http:\/\/chento.org","https:\/\/www.facebook.com\/JavierChento","https:\/\/x.com\/https:\/\/twitter.com\/javierchento"],"url":"http:\/\/vincentians.com\/es\/author\/chento\/"}]}},"jetpack_publicize_connections":[],"jetpack_featured_media_url":"https:\/\/i0.wp.com\/vincentians.com\/es\/wp-content\/uploads\/sites\/11\/2016\/07\/reflexiones-palabra-de-dios.jpg?fit=1200%2C630","jetpack_sharing_enabled":true,"jetpack_shortlink":"https:\/\/wp.me\/p7ETMF-Lk","jetpack-related-posts":[{"id":2917,"url":"http:\/\/vincentians.com\/es\/3o-domingo-de-cuaresma-reflexion-de-jose-roman-flecha\/","url_meta":{"origin":2934,"position":0},"title":"3\u00ba domingo de Cuaresma (reflexi\u00f3n de Jos\u00e9 Rom\u00e1n Flecha)","author":"Francisco Javier Fern\u00e1ndez Chento","date":"26\/02\/2013","format":false,"excerpt":"CONVERSI\u00d3N Y COMPASI\u00d3N Domingo 3\u00ba de Cuaresma. C 3 de marzo de 2013 El domingo tercero de cuaresma ofrece muchos puntos para nuestra meditaci\u00f3n: el di\u00e1logo entre Dios y Mois\u00e9s, el recuerdo de la infidelidad de Israel en el desierto y los acontecimientos dram\u00e1ticos en tiempos de Jes\u00fas. La clave\u2026","rel":"","context":"En \u00abHomil\u00edas y reflexiones, A\u00f1o C\u00bb","block_context":{"text":"Homil\u00edas y reflexiones, A\u00f1o C","link":"http:\/\/vincentians.com\/es\/category\/homilias-y-reflexiones-a-la-palabra-de-dios\/homilias-y-reflexiones-ano-c\/"},"img":{"alt_text":"","src":"https:\/\/i0.wp.com\/vincentians.com\/es\/wp-content\/uploads\/sites\/11\/2016\/07\/reflexiones-palabra-de-dios.jpg?fit=1200%2C630&resize=350%2C200","width":350,"height":200,"srcset":"https:\/\/i0.wp.com\/vincentians.com\/es\/wp-content\/uploads\/sites\/11\/2016\/07\/reflexiones-palabra-de-dios.jpg?fit=1200%2C630&resize=350%2C200 1x, https:\/\/i0.wp.com\/vincentians.com\/es\/wp-content\/uploads\/sites\/11\/2016\/07\/reflexiones-palabra-de-dios.jpg?fit=1200%2C630&resize=525%2C300 1.5x, https:\/\/i0.wp.com\/vincentians.com\/es\/wp-content\/uploads\/sites\/11\/2016\/07\/reflexiones-palabra-de-dios.jpg?fit=1200%2C630&resize=700%2C400 2x, https:\/\/i0.wp.com\/vincentians.com\/es\/wp-content\/uploads\/sites\/11\/2016\/07\/reflexiones-palabra-de-dios.jpg?fit=1200%2C630&resize=1050%2C600 3x"},"classes":[]},{"id":1988,"url":"http:\/\/vincentians.com\/es\/26o-domingo-de-tiempo-ordinario-reflexion-de-jose-roman-flecha\/","url_meta":{"origin":2934,"position":1},"title":"26\u00ba Domingo de Tiempo Ordinario (reflexi\u00f3n de Jos\u00e9 Rom\u00e1n Flecha)","author":"Francisco Javier Fern\u00e1ndez Chento","date":"24\/09\/2012","format":false,"excerpt":"UN ESP\u00cdRITU SIN BARRERAS Domingo 26 del Tiempo Ordinario. B 30 de septiembre de 2012 \u201cOjal\u00e1 todo el pueblo del Se\u00f1or fuera profeta y recibiera el esp\u00edritu del Se\u00f1or\u201d. Con este hermoso deseo concluye el episodio que se lee como primera lectura en la eucarist\u00eda de este domingo (N\u00fam 11,\u2026","rel":"","context":"En \u00abHomil\u00edas y reflexiones, A\u00f1o B\u00bb","block_context":{"text":"Homil\u00edas y reflexiones, A\u00f1o B","link":"http:\/\/vincentians.com\/es\/category\/homilias-y-reflexiones-a-la-palabra-de-dios\/homilias-y-reflexiones-ano-b\/"},"img":{"alt_text":"","src":"","width":0,"height":0},"classes":[]},{"id":3006,"url":"http:\/\/vincentians.com\/es\/5o-domingo-de-cuaresma-reflexion-de-jose-roman-flecha\/","url_meta":{"origin":2934,"position":2},"title":"5\u00ba domingo de Cuaresma (reflexi\u00f3n de Jos\u00e9 Rom\u00e1n Flecha)","author":"Francisco Javier Fern\u00e1ndez Chento","date":"11\/03\/2013","format":false,"excerpt":"MEMORIA Y ESPERANZA Domingo 5\u00ba de Cuaresma C 17 de marzo de 2013 \u201cNo record\u00e9is lo de anta\u00f1o, no pens\u00e9is en lo antiguo, mirad que realizo algo nuevo; ya est\u00e1 brotando, \u00bfno lo not\u00e1is?\u201d\u00a0 Es hermoso y siempre actual este or\u00e1culo del Se\u00f1or, recogido por el profeta Isa\u00edas (Is 43,\u2026","rel":"","context":"En \u00abHomil\u00edas y reflexiones, A\u00f1o C\u00bb","block_context":{"text":"Homil\u00edas y reflexiones, A\u00f1o C","link":"http:\/\/vincentians.com\/es\/category\/homilias-y-reflexiones-a-la-palabra-de-dios\/homilias-y-reflexiones-ano-c\/"},"img":{"alt_text":"","src":"https:\/\/i0.wp.com\/vincentians.com\/es\/wp-content\/uploads\/sites\/11\/2016\/07\/reflexiones-palabra-de-dios.jpg?fit=1200%2C630&resize=350%2C200","width":350,"height":200,"srcset":"https:\/\/i0.wp.com\/vincentians.com\/es\/wp-content\/uploads\/sites\/11\/2016\/07\/reflexiones-palabra-de-dios.jpg?fit=1200%2C630&resize=350%2C200 1x, https:\/\/i0.wp.com\/vincentians.com\/es\/wp-content\/uploads\/sites\/11\/2016\/07\/reflexiones-palabra-de-dios.jpg?fit=1200%2C630&resize=525%2C300 1.5x, https:\/\/i0.wp.com\/vincentians.com\/es\/wp-content\/uploads\/sites\/11\/2016\/07\/reflexiones-palabra-de-dios.jpg?fit=1200%2C630&resize=700%2C400 2x, https:\/\/i0.wp.com\/vincentians.com\/es\/wp-content\/uploads\/sites\/11\/2016\/07\/reflexiones-palabra-de-dios.jpg?fit=1200%2C630&resize=1050%2C600 3x"},"classes":[]},{"id":135672,"url":"http:\/\/vincentians.com\/es\/4o-domingo-de-t-o-reflexion-de-jose-roman-flecha\/","url_meta":{"origin":2934,"position":3},"title":"4\u00ba Domingo de T.O. (reflexi\u00f3n de Jos\u00e9 Rom\u00e1n Flecha)","author":"Francisco Javier Fern\u00e1ndez Chento","date":"23\/01\/2012","format":false,"excerpt":"EL PROFETA Y SU AUTORIDAD Domingo 4\u00ba del Tiempo Ordinario B 29 de enero de 2012 El profeta es nostalgia y es promesa. Pero es sobre todo, una voz y una presencia. Su mirada se extiende al pasado para \u201crecordarlo\u201d, es decir para pasarlo por el filtro del coraz\u00f3n.Y se\u2026","rel":"","context":"En \u00abHomil\u00edas y reflexiones, A\u00f1o B\u00bb","block_context":{"text":"Homil\u00edas y reflexiones, A\u00f1o B","link":"http:\/\/vincentians.com\/es\/category\/homilias-y-reflexiones-a-la-palabra-de-dios\/homilias-y-reflexiones-ano-b\/"},"img":{"alt_text":"","src":"https:\/\/i0.wp.com\/vincentians.com\/es\/wp-content\/uploads\/sites\/11\/2016\/07\/reflexiones-palabra-de-dios.jpg?fit=1200%2C630&resize=350%2C200","width":350,"height":200,"srcset":"https:\/\/i0.wp.com\/vincentians.com\/es\/wp-content\/uploads\/sites\/11\/2016\/07\/reflexiones-palabra-de-dios.jpg?fit=1200%2C630&resize=350%2C200 1x, https:\/\/i0.wp.com\/vincentians.com\/es\/wp-content\/uploads\/sites\/11\/2016\/07\/reflexiones-palabra-de-dios.jpg?fit=1200%2C630&resize=525%2C300 1.5x, https:\/\/i0.wp.com\/vincentians.com\/es\/wp-content\/uploads\/sites\/11\/2016\/07\/reflexiones-palabra-de-dios.jpg?fit=1200%2C630&resize=700%2C400 2x, https:\/\/i0.wp.com\/vincentians.com\/es\/wp-content\/uploads\/sites\/11\/2016\/07\/reflexiones-palabra-de-dios.jpg?fit=1200%2C630&resize=1050%2C600 3x"},"classes":[]},{"id":2004,"url":"http:\/\/vincentians.com\/es\/26o-domingo-de-tiempo-ordinario-reflexion-de-mario-yepez-c-m\/","url_meta":{"origin":2934,"position":4},"title":"26\u00ba Domingo de Tiempo Ordinario (reflexi\u00f3n de Mario Y\u00e9pez, C.M.)","author":"Francisco Javier Fern\u00e1ndez Chento","date":"30\/09\/2012","format":false,"excerpt":"No impid\u00e1is la obra de Dios Nos encontramos con este pasaje del libro de los N\u00fameros, que ha configurado en sus cap\u00edtulos diversas tradiciones de la traves\u00eda por el desierto que tambi\u00e9n encontramos en el \u00c9xodo. Aqu\u00ed se recoge la tradici\u00f3n de las quejas de Israel a Dios y un\u2026","rel":"","context":"En \u00abHomil\u00edas y reflexiones, A\u00f1o B\u00bb","block_context":{"text":"Homil\u00edas y reflexiones, A\u00f1o B","link":"http:\/\/vincentians.com\/es\/category\/homilias-y-reflexiones-a-la-palabra-de-dios\/homilias-y-reflexiones-ano-b\/"},"img":{"alt_text":"","src":"https:\/\/i0.wp.com\/vincentians.com\/es\/wp-content\/uploads\/sites\/11\/2016\/07\/reflexiones-palabra-de-dios.jpg?fit=1200%2C630&resize=350%2C200","width":350,"height":200,"srcset":"https:\/\/i0.wp.com\/vincentians.com\/es\/wp-content\/uploads\/sites\/11\/2016\/07\/reflexiones-palabra-de-dios.jpg?fit=1200%2C630&resize=350%2C200 1x, https:\/\/i0.wp.com\/vincentians.com\/es\/wp-content\/uploads\/sites\/11\/2016\/07\/reflexiones-palabra-de-dios.jpg?fit=1200%2C630&resize=525%2C300 1.5x, https:\/\/i0.wp.com\/vincentians.com\/es\/wp-content\/uploads\/sites\/11\/2016\/07\/reflexiones-palabra-de-dios.jpg?fit=1200%2C630&resize=700%2C400 2x, https:\/\/i0.wp.com\/vincentians.com\/es\/wp-content\/uploads\/sites\/11\/2016\/07\/reflexiones-palabra-de-dios.jpg?fit=1200%2C630&resize=1050%2C600 3x"},"classes":[]},{"id":2937,"url":"http:\/\/vincentians.com\/es\/3o-domingo-de-cuaresma-reflexion-de-julio-cesar-villalobos-c-m\/","url_meta":{"origin":2934,"position":5},"title":"3\u00ba domingo de Cuaresma (reflexi\u00f3n de Julio C\u00e9sar Villalobos, C.M.)","author":"Francisco Javier Fern\u00e1ndez Chento","date":"03\/03\/2013","format":false,"excerpt":"No podemos huir de Dios \u00bfSabes Jes\u00fas? Cu\u00e1ntas veces nos haces la invitaci\u00f3n de cambiar nuestras vidas y no te hacemos caso, perd\u00f3nanos Se\u00f1or; cu\u00e1ntas veces nos pides que dejemos de lado las actividades de las tinieblas para llenarnos de las armas de la luz para conducirnos como en pleno\u2026","rel":"","context":"En \u00abHomil\u00edas y reflexiones, A\u00f1o C\u00bb","block_context":{"text":"Homil\u00edas y reflexiones, A\u00f1o C","link":"http:\/\/vincentians.com\/es\/category\/homilias-y-reflexiones-a-la-palabra-de-dios\/homilias-y-reflexiones-ano-c\/"},"img":{"alt_text":"","src":"","width":0,"height":0},"classes":[]}],"_links":{"self":[{"href":"http:\/\/vincentians.com\/es\/wp-json\/wp\/v2\/posts\/2934","targetHints":{"allow":["GET"]}}],"collection":[{"href":"http:\/\/vincentians.com\/es\/wp-json\/wp\/v2\/posts"}],"about":[{"href":"http:\/\/vincentians.com\/es\/wp-json\/wp\/v2\/types\/post"}],"author":[{"embeddable":true,"href":"http:\/\/vincentians.com\/es\/wp-json\/wp\/v2\/users\/4"}],"replies":[{"embeddable":true,"href":"http:\/\/vincentians.com\/es\/wp-json\/wp\/v2\/comments?post=2934"}],"version-history":[{"count":0,"href":"http:\/\/vincentians.com\/es\/wp-json\/wp\/v2\/posts\/2934\/revisions"}],"wp:featuredmedia":[{"embeddable":true,"href":"http:\/\/vincentians.com\/es\/wp-json\/wp\/v2\/media\/388408"}],"wp:attachment":[{"href":"http:\/\/vincentians.com\/es\/wp-json\/wp\/v2\/media?parent=2934"}],"wp:term":[{"taxonomy":"category","embeddable":true,"href":"http:\/\/vincentians.com\/es\/wp-json\/wp\/v2\/categories?post=2934"},{"taxonomy":"post_tag","embeddable":true,"href":"http:\/\/vincentians.com\/es\/wp-json\/wp\/v2\/tags?post=2934"}],"curies":[{"name":"wp","href":"https:\/\/api.w.org\/{rel}","templated":true}]}}