{"id":28848,"date":"2020-02-09T08:50:29","date_gmt":"2020-02-09T07:50:29","guid":{"rendered":"http:\/\/somos.vicencianos.org\/blog\/28848\/vida-de-san-vicente-de-paul-libro-primero-capitulo-4\/"},"modified":"2020-01-26T20:20:45","modified_gmt":"2020-01-26T19:20:45","slug":"vida-de-san-vicente-de-paul-libro-primero-capitulo-4","status":"publish","type":"post","link":"http:\/\/vincentians.com\/es\/vida-de-san-vicente-de-paul-libro-primero-capitulo-4\/","title":{"rendered":"Vida de san Vicente de Pa\u00fal: Libro Primero, Cap\u00edtulo 4"},"content":{"rendered":"<p>Durante todo el tiempo que Vicente de Pa\u00fal se dedic\u00f3 a los estudios, tanto en la ciudad de Dax como en la universidad de Toulouse, actu\u00f3 con tanta modestia y cordura difundiendo en todos los sitios tan buen olor por su virtud, que por ello fue apreciado y querido de todos los que lo conoc\u00edan. Adem\u00e1s de la buena direcci\u00f3n que us\u00f3 con los j\u00f3venes pensionistas que estaban con \u00e9l, pon\u00eda un cuidado especial en grabar en ellos, con la ciencia que les ense\u00f1aba, s\u00f3lidas impresiones de piedad cristiana. Y eso le atrajo tal reputaci\u00f3n en Toulouse, que pod\u00eda prometerse una posici\u00f3n muy notable en la vida. El Sr. de Saint Martin, can\u00f3nigo de Dax, antiguo e \u00edntimo amigo suyo, que le ha sobrevivido, ha afirmado que, por ese tiempo, le hab\u00edan prometido un obispado gracias a la intervenci\u00f3n del Sr. Duque de Epernon, dos de cuyos parientes pr\u00f3ximos hab\u00eda tenido Vicente entre los pensionistas. A comienzos del a\u00f1o 1603 hizo un viaje a Burdeos, aunque no se sabe para qu\u00e9, pero hay motivos para sospechar que fue por una gran mejora que le quer\u00edan proporcionar; en una de sus cartas, escrita por ese tiempo, dice \u00abque lo hab\u00eda emprendido por un asunto que exig\u00eda muchos gastos, y que no pod\u00eda revelar sin ser temerario\u00bb<\/p>\n<p>De vuelta para Toulouse se encontr\u00f3 con que, durante su ausencia, una persona, que apreciaba mucho su virtud y que hab\u00eda deseado procurarle alg\u00fan favor, hab\u00eda muerto y lo hab\u00eda instituido heredero suyo en el testamento; eso le oblig\u00f3 a dedicar un poco de tiempo para hacerse con dicha herencia. Pero cuando supo que un hombre que deb\u00eda cuatrocientos o quinientos escudos a la difunta, se hab\u00eda marchado a Marsella para evitar la persecuci\u00f3n a la que se ve\u00eda sometido, y que hab\u00eda ganado alg\u00fan dinero en el trapicheo, y que, por lo tanto, estaba en situaci\u00f3n de satisfacer la deuda, se traslad\u00f3 a Marsella para hacerse pagar. Por medio de un arreglo consigui\u00f3 de \u00e9l trescientos escudos. Era el mes de julio del a\u00f1o 1605, cuando se dispon\u00eda a volver por tierra a Toulouse, y un gentilhombre de Languedoc, con el que hab\u00eda estado hospedado, le invit\u00f3 a embarcarse con \u00e9l hasta Narbona. F\u00e1cilmente debi\u00f3 de persuadirlo, porque, siendo un tiempo apto para navegar, esperaba de esa forma acortar mucho su camino.<\/p>\n<p>Ciertamente, seg\u00fan la forma de pensar m\u00e1s corriente, el hecho de embarcarse le result\u00f3 muy funesto; pero, si miramos con ojos iluminados por la luz de la fe, fue muy venturoso para el cumplimiento de los designios de Dios sobre \u00e9l<\/p>\n<p>Dejemos que haga \u00e9l mismo el relato de lo que le sucedi\u00f3 en esa coyuntura, relato que se encuentra en una carta escrita desde Avignon, despu\u00e9s de escapar del cautiverio, con fecha del 24 de julio de 1607, al Sr. de Comet el joven, pues el mayor hab\u00eda muerto de mal de piedra alg\u00fan tiempo antes.<\/p>\n<p><em>\u00abMe embarqu\u00e9 para Narbona por llegar all\u00ed antes y para ahorrar, o por mejor decir, para no regresar nunca y perderlo todo. El viento nos fue tan favorable como para poder llegar aquel mismo d\u00eda a Narbona (que estaba a cincuenta leguas),<\/em><\/p>\n<p>&nbsp;<\/p>\n<p><em>si Dios no hubiera permitido que tres bergantines turcos, que costeaban el golfo de Le\u00f3n para atrapar las barcas que ven\u00edan de Beaucaire, donde se celebraba una feria que se cree es de las m\u00e1s hermosas de la cristiandad, no hubieren cargado y atacado tan vivamente, que, habiendo matado a dos o tres de los nuestros y herido a los dem\u00e1s incluso a m\u00ed con un flechazo, que me servir\u00e1 de reloj por el resto de mi vida, nos vi\u00e9semos obligados a rendirnos a aquellos felones. Los primeros estallidos de su rabia consistieron en descuartizar a nuestro piloto en mil pedazos por haber perdido a uno de sus principales, adem\u00e1s de otros cuatro o cinco forzados que los nuestros hab\u00edan matado. Hecho esto, nos encadenaron, y despu\u00e9s de habernos curado groseramente, siguieron su rumbo cometiendo mil robos, aunque dando libertad a los que se rend\u00edan sin luchar, despu\u00e9s de haberlos robado. Y finalmente, cargados de mercanc\u00edas, al cabo de siete u ocho d\u00edas, se encaminaron a Berber\u00eda, madriguera y cueva de ladrones sin conocimiento del Gran Turco, en donde, una vez llegados, nos pusieron en venta, con un proceso verbal de nuestra captura, que ellos dec\u00edan haber realizado en un barco espa\u00f1ol; porque sin esa mentira habr\u00edamos sido libertados por el c\u00f3nsul que el Rey tiene all\u00ed para asegurar el libre comercio a los franceses. Para proceder a nuestra venta, despu\u00e9s de despojarnos, nos dieron a cada uno un par de calzones, una casaca de lino con un gorro, y nos pasearon por la ciudad de T\u00fanez, adonde hab\u00edan ido expresamente para vendernos. Tras obligarnos a dar cinco o seis vueltas por la ciudad con la cadena al cuello, nos devolvieron al barco, para que los mercaderes viniesen a ver qui\u00e9n pod\u00eda comer bien o no y mostrar que nuestras heridas no eran mortales. Hecho esto, nos condujeron de nuevo a la plaza, adonde acudieron los mercaderes para ver todo igual que se hace en la compra de un caballo o de un buey, haci\u00e9ndonos abrir la boca para ver nuestros dientes, palpando nuestros costados, sondeando nuestras llagas, y haci\u00e9ndonos caminar, trotar y correr, levantar luego cargas, y tambi\u00e9n luchar, para ver la fuerza de cada uno, y otras mil clases de brutalidades\u00bb<\/em><\/p>\n<p><em>\u00abYo fui vendido a un pescador, que pronto tuvo que desprenderse de m\u00ed, por no haber nada tan contrario para m\u00ed como el mar; y despu\u00e9s el pescador me vendi\u00f3 a un anciano m\u00e9dico espag\u00edrico, fenomenal destilador de quintaesencias, hombre muy humano y tratable, el cual, seg\u00fan me dec\u00eda, hab\u00eda trabajado durante cincuenta a\u00f1os en la b\u00fasqueda de la piedra filosofal. Me quer\u00eda mucho, y le gustaba discurrir conmigo sobre alquimia, y m\u00e1s a\u00fan sobre su ley, a la que se esforzaba mucho en convertirme, prometi\u00e9ndome grandes riquezas y todo su saber. Dios mantuvo siempre en m\u00ed una esperanza de liberaci\u00f3n gracias a las asiduas plegarias que le dirig\u00eda a El y a la santa Virgen Mar\u00eda, por cuya intercesi\u00f3n creo firmemente que he sido liberado. De este modo, la esperanza y la firme creencia que ten\u00eda de volver a verle, se\u00f1or, me hizo estar m\u00e1s atento para instruirme acerca del medio de curar el mal de piedra, en el que todos los d\u00edas le ve\u00eda hacer milagros; lo cual me ense\u00f1\u00f3 e incluso me hizo preparar y administrar sus ingredientes. \u00a1Oh! \u00a1Cu\u00e1ntas veces he deseado haber sido esclavo antes de la muerte de su hermano! Porque creo que, si hubiera sabido el secreto que ahora le mando, no hubiera muerto de esa enfermedad\u00bb, etc<\/em><\/p>\n<p><em>\u00abEstuve pues con aquel anciano desde el mes de septiembre de 1605 hasta el mes de agosto, cuando fue tomado y llevado al Gran Sult\u00e1n a trabajar para \u00e9l; pero fue en vano, porque muri\u00f3 de pena en el camino. Me dej\u00f3 a un sobrino suyo, verdadero antropomorfita, que me volvi\u00f3 a vender inmediatamente despu\u00e9s de la muerte de su t\u00edo, porque oy\u00f3 decir que el se\u00f1or de Br\u00e8ves, embajador del Rey en Turqu\u00eda, ven\u00eda con buenas y expresas patentes del Gran Turco a reclamar todos los esclavos cristianos. Un renegado de Niza (Saboya), de mala \u00edndole, me compr\u00f3 y me llev\u00f3 a su temat; as\u00ed se llama la finca que uno tiene como aparcero del Gran Se\u00f1or, ya que el pueblo no posee nada: todo es del Sult\u00e1n. El temat de \u00e9ste estaba en la monta\u00f1a, donde el terreno es sumamente c\u00e1lido y des\u00e9rtico. Una de las tres mujeres que ten\u00eda era grecocristiana, pero cism\u00e1tica; la otra era turca y sirvi\u00f3 de instrumento a la inmensa misericordia de Dios para retirar a su marido de la apostas\u00eda, y devolverlo al seno de la Iglesia, y contribuy\u00f3 a libertarme de la esclavitud. Curiosa por conocer nuestra manera de vivir, acud\u00eda a verme todos los d\u00edas en el campo en que yo cavaba, y un d\u00eda me mand\u00f3 cantar alabanzas a mi Dios. El recuerdo del \u00abQuomodo cantabimus in terra aliena\u00bb de los hijos de Israel cautivos en Babilonia me hizo comenzar, con l\u00e1grimas en los ojos, el salmo \u00abSuper flumina Babylonis\u00bb, y luego la \u00abSalve Regina\u00bb, y varias otras cosas; todo lo cual le gust\u00f3 tanto que qued\u00f3 grandemente maravillada. Por la tarde no dej\u00f3 de decir a su marido que se hab\u00eda equivocado al dejar su religi\u00f3n, que ella cre\u00eda sumamente buena por la idea que yo le hab\u00eda dado de nuestro Dios y por algunas de sus alabanzas que yo hab\u00eda cantado en su presencia; en lo cual, dec\u00eda, hab\u00eda tenido tal placer que no cre\u00eda que el para\u00edso de sus padres y el que ella esperaba fuese tan glorioso, ni acompa\u00f1ado de tanta alegr\u00eda, como el placer que hab\u00eda experimentado mientras yo alababa a mi Dios, concluyendo que hab\u00eda en todo ello algo maravilloso. Esta mujer, como otra Caif\u00e1s, o como la burra de Bala\u00e1n, hizo con sus razonamientos que su marido me dijese al d\u00eda siguiente que no esperaba m\u00e1s que una buena ocasi\u00f3n para escaparnos a Francia; y que en poco tiempo encontrar\u00eda tal remedio, que Dios ser\u00eda alabado por ello. Esos pocos d\u00edas fueron diez meses en que \u00e9l me entretuvo en esta esperanza, al cabo de los cuales nos escapamos en un bote peque\u00f1o, y llegamos el \u00a028 de junio, a Aigues Mortes y poco despu\u00e9s a Avi\u00f1\u00f3n, donde el se\u00f1or Vicelegado recibi\u00f3 p\u00fablicamente al renegado con l\u00e1grimas en los ojos y profundos sollozos en la iglesia de San Pedro para honor de Dios y edificaci\u00f3n de los espectadores. Monse\u00f1or nos ha retenido a ambos para llevarnos a Roma, adonde ir\u00e1 apenas venga su sucesor. Prometi\u00f3 al penitente hacerle entrar en el austero convento de los Fate ben Fratelli, donde ya ha profesado\u00bb, etc<\/em><\/p>\n<p>Hasta aqu\u00ed las palabras del se\u00f1or Vicente tomadas de la carta que escribi\u00f3 estando en Avi\u00f1\u00f3n, carta que fue hallada por casualidad, entre otros papeles, por un se\u00f1or de Dax, sobrino del Sr. de Saint Mart\u00edn, can\u00f3nigo, el a\u00f1o 1658, cincuenta a\u00f1os despu\u00e9s de escrita. La entreg\u00f3 al Sr. de Saint Mart\u00edn, t\u00edo suyo, y \u00e9ste mand\u00f3 una copia al se\u00f1or Vicente dos a\u00f1os antes de su muerte, pensando que le gustar\u00eda leer sus antiguas aventuras, y verse joven en la ancianidad. Pero en cuanto ley\u00f3 la carta la ech\u00f3 al fuego inmediatamente, y al tiempo que le agradec\u00eda al Sr. de Saint Mart\u00edn por haberle enviado aquella copia, le rog\u00f3 que le remitiera tambi\u00e9n el original, y adem\u00e1s se lo insisti\u00f3 una y otra vez por medio de una carta que le escribi\u00f3 seis meses antes de su muerte. El que escribi\u00f3 esa carta siguiendo las \u00f3rdenes del se\u00f1or Vicente, sospechando que conten\u00eda alguna cosa que pudiera redundar en alabanza del se\u00f1or Vicente y que s\u00f3lo la ped\u00eda para quemarla, como hab\u00eda quemado la copia, para as\u00ed evitar que la pudieran conocer, introdujo una nota en la carta dirigida al Sr. de Saint Martin, rog\u00e1ndole que dirigiera el original a otra persona que no al santo, si no quer\u00eda perderlo todo. Por eso la envi\u00f3 a un sacerdote de la Compa\u00f1\u00eda, superior del seminario situado en el colegio de Bons Enfants. As\u00ed es c\u00f3mo se ha podido conservar esa carta, de forma que el se\u00f1or Vicente no ha sabido nada de ella antes de su muerte. Sin ese piadoso artificio ciertamente no se hubiera sabido nada de lo que sucedi\u00f3 en su esclavitud, porque este humilde Siervo de Dios siempre se esforz\u00f3 en ocultar a los hombres las gracias y los dones recibidos de Dios, y todo lo que hac\u00eda para gloria y servicio de los suyos. Los que lo han observado m\u00e1s de cerca, lo han conocido bien en toda clase de circunstancias, y dif\u00edcilmente llegar\u00edamos a creer hasta qu\u00e9 punto alcanzaba su diligencia y sus precauciones con el fin de evitar todo lo que pudiera promover, de la manera que fuese, directa o indirectamente, su propia estima o alabanza<\/p>\n<p>En todo el relato de su vida no se ver\u00e1 m\u00e1s que lo que su humildad no ha podido arrebatar a la vista y al conocimiento. Y si por alguna raz\u00f3n de caridad se vio alguna vez obligado a descubrir alg\u00fan detalle que no pod\u00eda negar a la edificaci\u00f3n del pr\u00f3jimo, no lo hizo sin una gran violencia; y despu\u00e9s de haber expuesto lo que pensaba de no haber podido mantenerlo en secreto, se le vio frecuentemente pedir perd\u00f3n por haber hablado de s\u00ed mismo. Y cuando pod\u00eda hacerlo en tercera persona, sin que nadie se diese cuenta de que era de \u00e9l de quien hablaba, lo hac\u00eda con toda la destreza que su humildad le pod\u00eda sugerir<\/p>\n<p>Adem\u00e1s de la confianza y entereza en profesar la fe de Jesucristo entre los infieles, la perfecta confianza en la ayuda de la Bondad Divina junto con el desasimiento y el abandono de las criaturas, la fidelidad en las pr\u00e1cticas piadosas referidas a Dios y en la devoci\u00f3n a la Sant\u00edsima Virgen en medio de las impiedades de Berber\u00eda, la gracia de ablandar los corazones m\u00e1s duros, y de inspirar sentimientos de respeto y amor a nuestra santa Religi\u00f3n a las personas m\u00e1s opuestas, y otras virtudes y dones de Dios se manifestaron en el Sr. Vicente durante su cautiverio, y dejamos que el piadoso lector los considere y sopese en tanto sirva para su edificaci\u00f3n. Pero hay aqu\u00ed dos cosas que merecen una atenci\u00f3n particular<\/p>\n<p>Una es la virtud extraordinaria del Sr. Vicente para retener y guardar en su memoria todos los conocimientos que el m\u00e9dico espag\u00edrico le hab\u00eda comunicado acerca de preciosos secretos de la naturaleza y del arte, y cuyos experimentos maravillosos hab\u00eda visto a lo largo del a\u00f1o en que estuvo a su servicio, tal como lo afirma en la continuaci\u00f3n de la carta dirigida al Sr. de Comet (2), y de la cual solamente hemos ofrecido un extracto, y en otra que escribi\u00f3 m\u00e1s tarde, despu\u00e9s de su llegada a Roma. No hay duda de que si hubiera querido aprovecharse de dichos conocimientos en aquella gran ciudad, donde viven tantos personajes curiosos, hubiese podido sacar grand\u00edsimas ventajas temporales en un tiempo en que parec\u00eda haber m\u00e1s necesidad de ellos. Pero si juzgamos que todo eso ser\u00eda indigno de un sacerdote de la Iglesia de Jesucristo, no solamente no quiso en absoluto hacer ning\u00fan uso de ellos, sino, lo que es m\u00e1s admirable, desde su vuelta de Roma a Francia no se le ha o\u00eddo decir ni una sola palabra para demostrar que sab\u00eda de esas cosas ni a los de su Compa\u00f1\u00eda, ni a ninguno de sus amigos m\u00e1s \u00edntimos, as\u00ed como tampoco de otras particularidades de su cautiverio, aunque haya tenido ocasi\u00f3n de hablar de eso m\u00e1s de cien mil veces al escribir y hablar a prop\u00f3sito de los esclavos que tuvo que atender su caridad. Se le oy\u00f3 decir, eso s\u00ed, muchas veces, las cosas m\u00e1s humillantes de su vida, pero nunca nada acerca de su estancia en T\u00fanez, a causa de las circunstancias que pudieran redundar en alabanza suya<\/p>\n<p>La otra cosa digna de consideraci\u00f3n en el cautiverio del Sr. Vicente es el esp\u00edritu de compasi\u00f3n que tuvo y que dedic\u00f3 a todos los pobres cristianos que vio quejarse y languidecer lastimosamente en los hierros y bajo el yugo de la tiran\u00eda de los b\u00e1rbaros, sin que nadie los atendiese ni consolase corporal o espiritualmente, expuestos a ultrajes llenos de crueldad, a trabajos insoportables, y, lo que es peor, en peligro continuo de perder la fe y la salvaci\u00f3n. Dios quiso darle experiencia de todo ello, para que el sentimiento de dolor le quedase grabado en el alma y lo llevara m\u00e1s eficazmente alg\u00fan d\u00eda a socorrer a los pobres abandonados, como as\u00ed lo hizo, consiguiendo medios para fundar una residencia de misioneros en T\u00fanez y en Argel para consolarlos, fortalecerlos, alentarlos, administrarles los sacramentos y procurarles toda clase de servicios y asistencias, tanto en sus cuerpos con en sus almas, y hacerles en cierto modo sentir entre las cadenas y las penas, los efectos de la infinita dulzura de la misericordia de Dios.<\/p>\n","protected":false},"excerpt":{"rendered":"<p>Durante todo el tiempo que Vicente de Pa\u00fal se dedic\u00f3 a los estudios, tanto en la ciudad de Dax como en la universidad de Toulouse, actu\u00f3 con tanta modestia y cordura difundiendo en todos los &#8230; <a href=\"http:\/\/vincentians.com\/es\/vida-de-san-vicente-de-paul-libro-primero-capitulo-4\/\" class=\"more-link\">Read More<\/a><\/p>\n","protected":false},"author":4,"featured_media":149583,"comment_status":"open","ping_status":"open","sticky":false,"template":"","format":"standard","meta":{"jetpack_post_was_ever_published":false,"_jetpack_newsletter_access":"","_jetpack_dont_email_post_to_subs":false,"_jetpack_newsletter_tier_id":0,"_jetpack_memberships_contains_paywalled_content":false,"_jetpack_memberships_contains_paid_content":false,"footnotes":"","jetpack_publicize_message":"","jetpack_publicize_feature_enabled":true,"jetpack_social_post_already_shared":true,"jetpack_social_options":{"image_generator_settings":{"template":"highway","default_image_id":0,"font":"","enabled":false},"version":2}},"categories":[266,5],"tags":[218,168,163,267,116],"class_list":["post-28848","post","type-post","status-publish","format-standard","has-post-thumbnail","hentry","category-escritos-de-luis-abelly","category-vicente-de-paul","tag-abelly","tag-argel","tag-bons-enfants","tag-saint-martin","tag-tunez"],"yoast_head":"<!-- This site is optimized with the Yoast SEO plugin v26.3 - https:\/\/yoast.com\/wordpress\/plugins\/seo\/ -->\n<title>Vida de san Vicente de Pa\u00fal: Libro Primero, Cap\u00edtulo 4 - Somos Vicencianos<\/title>\n<meta name=\"robots\" content=\"index, follow, max-snippet:-1, max-image-preview:large, max-video-preview:-1\" \/>\n<link rel=\"canonical\" href=\"http:\/\/vincentians.com\/es\/vida-de-san-vicente-de-paul-libro-primero-capitulo-4\/\" \/>\n<meta property=\"og:locale\" content=\"es_ES\" \/>\n<meta property=\"og:type\" content=\"article\" \/>\n<meta property=\"og:title\" content=\"Vida de san Vicente de Pa\u00fal: Libro Primero, Cap\u00edtulo 4 - Somos Vicencianos\" \/>\n<meta property=\"og:description\" content=\"Durante todo el tiempo que Vicente de Pa\u00fal se dedic\u00f3 a los estudios, tanto en la ciudad de Dax como en la universidad de Toulouse, actu\u00f3 con tanta modestia y cordura difundiendo en todos los ... Read More\" \/>\n<meta property=\"og:url\" content=\"http:\/\/vincentians.com\/es\/vida-de-san-vicente-de-paul-libro-primero-capitulo-4\/\" \/>\n<meta property=\"og:site_name\" content=\"Somos Vicencianos\" \/>\n<meta property=\"article:publisher\" content=\"https:\/\/www.facebook.com\/WeAreVincentians\/\" \/>\n<meta property=\"article:author\" content=\"https:\/\/www.facebook.com\/JavierChento\" \/>\n<meta property=\"article:published_time\" content=\"2020-02-09T07:50:29+00:00\" \/>\n<meta property=\"og:image\" content=\"https:\/\/i0.wp.com\/vincentians.com\/es\/wp-content\/uploads\/sites\/11\/2016\/07\/abelly-feat.jpg?fit=1200%2C630\" \/>\n\t<meta property=\"og:image:width\" content=\"1200\" \/>\n\t<meta property=\"og:image:height\" content=\"630\" \/>\n\t<meta property=\"og:image:type\" content=\"image\/jpeg\" \/>\n<meta name=\"author\" content=\"Francisco Javier Fern\u00e1ndez Chento\" \/>\n<meta name=\"twitter:card\" content=\"summary_large_image\" \/>\n<meta name=\"twitter:creator\" content=\"@https:\/\/twitter.com\/javierchento\" \/>\n<meta name=\"twitter:site\" content=\"@WeVincentians\" \/>\n<meta name=\"twitter:label1\" content=\"Escrito por\" \/>\n\t<meta name=\"twitter:data1\" content=\"Francisco Javier Fern\u00e1ndez Chento\" \/>\n\t<meta name=\"twitter:label2\" content=\"Tiempo de lectura\" \/>\n\t<meta name=\"twitter:data2\" content=\"15 minutos\" \/>\n<script type=\"application\/ld+json\" class=\"yoast-schema-graph\">{\"@context\":\"https:\/\/schema.org\",\"@graph\":[{\"@type\":\"Article\",\"@id\":\"http:\/\/vincentians.com\/es\/vida-de-san-vicente-de-paul-libro-primero-capitulo-4\/#article\",\"isPartOf\":{\"@id\":\"http:\/\/vincentians.com\/es\/vida-de-san-vicente-de-paul-libro-primero-capitulo-4\/\"},\"author\":{\"name\":\"Francisco Javier Fern\u00e1ndez Chento\",\"@id\":\"http:\/\/vincentians.com\/es\/#\/schema\/person\/9623ef4d9aa3b2dfb8c061f1499288f2\"},\"headline\":\"Vida de san Vicente de Pa\u00fal: Libro Primero, Cap\u00edtulo 4\",\"datePublished\":\"2020-02-09T07:50:29+00:00\",\"mainEntityOfPage\":{\"@id\":\"http:\/\/vincentians.com\/es\/vida-de-san-vicente-de-paul-libro-primero-capitulo-4\/\"},\"wordCount\":2915,\"commentCount\":0,\"publisher\":{\"@id\":\"http:\/\/vincentians.com\/es\/#organization\"},\"image\":{\"@id\":\"http:\/\/vincentians.com\/es\/vida-de-san-vicente-de-paul-libro-primero-capitulo-4\/#primaryimage\"},\"thumbnailUrl\":\"https:\/\/i0.wp.com\/vincentians.com\/es\/wp-content\/uploads\/sites\/11\/2016\/07\/abelly-feat.jpg?fit=1200%2C630\",\"keywords\":[\"Abelly\",\"Argel\",\"Bons Enfants\",\"Saint Martin\",\"T\u00fanez\"],\"articleSection\":[\"Escritos de Luis Abelly\",\"Vicente de Pa\u00fal\"],\"inLanguage\":\"es\",\"potentialAction\":[{\"@type\":\"CommentAction\",\"name\":\"Comment\",\"target\":[\"http:\/\/vincentians.com\/es\/vida-de-san-vicente-de-paul-libro-primero-capitulo-4\/#respond\"]}]},{\"@type\":\"WebPage\",\"@id\":\"http:\/\/vincentians.com\/es\/vida-de-san-vicente-de-paul-libro-primero-capitulo-4\/\",\"url\":\"http:\/\/vincentians.com\/es\/vida-de-san-vicente-de-paul-libro-primero-capitulo-4\/\",\"name\":\"Vida de san Vicente de Pa\u00fal: Libro Primero, Cap\u00edtulo 4 - Somos Vicencianos\",\"isPartOf\":{\"@id\":\"http:\/\/vincentians.com\/es\/#website\"},\"primaryImageOfPage\":{\"@id\":\"http:\/\/vincentians.com\/es\/vida-de-san-vicente-de-paul-libro-primero-capitulo-4\/#primaryimage\"},\"image\":{\"@id\":\"http:\/\/vincentians.com\/es\/vida-de-san-vicente-de-paul-libro-primero-capitulo-4\/#primaryimage\"},\"thumbnailUrl\":\"https:\/\/i0.wp.com\/vincentians.com\/es\/wp-content\/uploads\/sites\/11\/2016\/07\/abelly-feat.jpg?fit=1200%2C630\",\"datePublished\":\"2020-02-09T07:50:29+00:00\",\"breadcrumb\":{\"@id\":\"http:\/\/vincentians.com\/es\/vida-de-san-vicente-de-paul-libro-primero-capitulo-4\/#breadcrumb\"},\"inLanguage\":\"es\",\"potentialAction\":[{\"@type\":\"ReadAction\",\"target\":[\"http:\/\/vincentians.com\/es\/vida-de-san-vicente-de-paul-libro-primero-capitulo-4\/\"]}]},{\"@type\":\"ImageObject\",\"inLanguage\":\"es\",\"@id\":\"http:\/\/vincentians.com\/es\/vida-de-san-vicente-de-paul-libro-primero-capitulo-4\/#primaryimage\",\"url\":\"https:\/\/i0.wp.com\/vincentians.com\/es\/wp-content\/uploads\/sites\/11\/2016\/07\/abelly-feat.jpg?fit=1200%2C630\",\"contentUrl\":\"https:\/\/i0.wp.com\/vincentians.com\/es\/wp-content\/uploads\/sites\/11\/2016\/07\/abelly-feat.jpg?fit=1200%2C630\",\"width\":1200,\"height\":630},{\"@type\":\"BreadcrumbList\",\"@id\":\"http:\/\/vincentians.com\/es\/vida-de-san-vicente-de-paul-libro-primero-capitulo-4\/#breadcrumb\",\"itemListElement\":[{\"@type\":\"ListItem\",\"position\":1,\"name\":\"Portada\",\"item\":\"http:\/\/vincentians.com\/es\/\"},{\"@type\":\"ListItem\",\"position\":2,\"name\":\"Vida de san Vicente de Pa\u00fal: Libro Primero, Cap\u00edtulo 4\"}]},{\"@type\":\"WebSite\",\"@id\":\"http:\/\/vincentians.com\/es\/#website\",\"url\":\"http:\/\/vincentians.com\/es\/\",\"name\":\"Somos Vicencianos\",\"description\":\"Know more to serve more\",\"publisher\":{\"@id\":\"http:\/\/vincentians.com\/es\/#organization\"},\"potentialAction\":[{\"@type\":\"SearchAction\",\"target\":{\"@type\":\"EntryPoint\",\"urlTemplate\":\"http:\/\/vincentians.com\/es\/?s={search_term_string}\"},\"query-input\":{\"@type\":\"PropertyValueSpecification\",\"valueRequired\":true,\"valueName\":\"search_term_string\"}}],\"inLanguage\":\"es\"},{\"@type\":\"Organization\",\"@id\":\"http:\/\/vincentians.com\/es\/#organization\",\"name\":\"The Vincentian Network\",\"url\":\"http:\/\/vincentians.com\/es\/\",\"logo\":{\"@type\":\"ImageObject\",\"inLanguage\":\"es\",\"@id\":\"http:\/\/vincentians.com\/es\/#\/schema\/logo\/image\/\",\"url\":\"https:\/\/i1.wp.com\/vincentians.com\/es\/wp-content\/uploads\/sites\/11\/2016\/06\/Vincentian-Network-logo-big.png?fit=778%2C778\",\"contentUrl\":\"https:\/\/i1.wp.com\/vincentians.com\/es\/wp-content\/uploads\/sites\/11\/2016\/06\/Vincentian-Network-logo-big.png?fit=778%2C778\",\"width\":778,\"height\":778,\"caption\":\"The Vincentian Network\"},\"image\":{\"@id\":\"http:\/\/vincentians.com\/es\/#\/schema\/logo\/image\/\"},\"sameAs\":[\"https:\/\/www.facebook.com\/WeAreVincentians\/\",\"https:\/\/x.com\/WeVincentians\"]},{\"@type\":\"Person\",\"@id\":\"http:\/\/vincentians.com\/es\/#\/schema\/person\/9623ef4d9aa3b2dfb8c061f1499288f2\",\"name\":\"Francisco Javier Fern\u00e1ndez Chento\",\"image\":{\"@type\":\"ImageObject\",\"inLanguage\":\"es\",\"@id\":\"http:\/\/vincentians.com\/es\/#\/schema\/person\/image\/\",\"url\":\"https:\/\/secure.gravatar.com\/avatar\/497d5cde87b4c3d097d0315953521681ba2cd523ee66e5077c3711f7021e65de?s=96&d=mm&r=g\",\"contentUrl\":\"https:\/\/secure.gravatar.com\/avatar\/497d5cde87b4c3d097d0315953521681ba2cd523ee66e5077c3711f7021e65de?s=96&d=mm&r=g\",\"caption\":\"Francisco Javier Fern\u00e1ndez Chento\"},\"description\":\"Director General y cofundador de La Red de Formaci\u00f3n Vicenciana. Javier es laico vicenciano, afiliado a la Congregaci\u00f3n de la Misi\u00f3n y miembro del Equipo de Misiones Populares de la provincia can\u00f3nica de Zaragoza (Espa\u00f1a) de la Congregaci\u00f3n de la Misi\u00f3n. Graduado en la Universidad Oberta de Catalunya con cuatro grados (Asistente de direcci\u00f3n, Gesti\u00f3n Administrativa, Recursos Humanos y Contabilidad Avanzada). Bil\u00edng\u00fce Espa\u00f1ol\/Ingl\u00e9s. gestiona y mantiene varias p\u00e1ginas web cristianas y vicencianas, incluida including La Red de Formaci\u00f3n Vicenciana, de la que es cofundador. Actualmente es responsable del \u00e1rea de Espa\u00f1ol de .famvin, la Red de Noticias de la Familia Vicenciana. Tambi\u00e9n es m\u00fasico cat\u00f3lico y ha editado varios discos. Es Director General y cofundador de Trovador, una reconocida compa\u00f1\u00eda discogr\u00e1fica critiana de Espa\u00f1a. Trabaja en las Tecnolog\u00edas de la Informaci\u00f3n, ofreciendo servicios de alojamiento, dise\u00f1o y mantenimiento Web, as\u00ed como asesoramiento, formaci\u00f3n y soluciones inform\u00e1ticas, gesti\u00f3n documental y digitalizaci\u00f3n de textos, edici\u00f3n y maquetaci\u00f3n de libros, revistas, flyers, etc.\",\"sameAs\":[\"http:\/\/chento.org\",\"https:\/\/www.facebook.com\/JavierChento\",\"https:\/\/x.com\/https:\/\/twitter.com\/javierchento\"],\"url\":\"http:\/\/vincentians.com\/es\/author\/chento\/\"}]}<\/script>\n<!-- \/ Yoast SEO plugin. -->","yoast_head_json":{"title":"Vida de san Vicente de Pa\u00fal: Libro Primero, Cap\u00edtulo 4 - Somos Vicencianos","robots":{"index":"index","follow":"follow","max-snippet":"max-snippet:-1","max-image-preview":"max-image-preview:large","max-video-preview":"max-video-preview:-1"},"canonical":"http:\/\/vincentians.com\/es\/vida-de-san-vicente-de-paul-libro-primero-capitulo-4\/","og_locale":"es_ES","og_type":"article","og_title":"Vida de san Vicente de Pa\u00fal: Libro Primero, Cap\u00edtulo 4 - Somos Vicencianos","og_description":"Durante todo el tiempo que Vicente de Pa\u00fal se dedic\u00f3 a los estudios, tanto en la ciudad de Dax como en la universidad de Toulouse, actu\u00f3 con tanta modestia y cordura difundiendo en todos los ... Read More","og_url":"http:\/\/vincentians.com\/es\/vida-de-san-vicente-de-paul-libro-primero-capitulo-4\/","og_site_name":"Somos Vicencianos","article_publisher":"https:\/\/www.facebook.com\/WeAreVincentians\/","article_author":"https:\/\/www.facebook.com\/JavierChento","article_published_time":"2020-02-09T07:50:29+00:00","og_image":[{"width":1200,"height":630,"url":"https:\/\/i0.wp.com\/vincentians.com\/es\/wp-content\/uploads\/sites\/11\/2016\/07\/abelly-feat.jpg?fit=1200%2C630","type":"image\/jpeg"}],"author":"Francisco Javier Fern\u00e1ndez Chento","twitter_card":"summary_large_image","twitter_creator":"@https:\/\/twitter.com\/javierchento","twitter_site":"@WeVincentians","twitter_misc":{"Escrito por":"Francisco Javier Fern\u00e1ndez Chento","Tiempo de lectura":"15 minutos"},"schema":{"@context":"https:\/\/schema.org","@graph":[{"@type":"Article","@id":"http:\/\/vincentians.com\/es\/vida-de-san-vicente-de-paul-libro-primero-capitulo-4\/#article","isPartOf":{"@id":"http:\/\/vincentians.com\/es\/vida-de-san-vicente-de-paul-libro-primero-capitulo-4\/"},"author":{"name":"Francisco Javier Fern\u00e1ndez Chento","@id":"http:\/\/vincentians.com\/es\/#\/schema\/person\/9623ef4d9aa3b2dfb8c061f1499288f2"},"headline":"Vida de san Vicente de Pa\u00fal: Libro Primero, Cap\u00edtulo 4","datePublished":"2020-02-09T07:50:29+00:00","mainEntityOfPage":{"@id":"http:\/\/vincentians.com\/es\/vida-de-san-vicente-de-paul-libro-primero-capitulo-4\/"},"wordCount":2915,"commentCount":0,"publisher":{"@id":"http:\/\/vincentians.com\/es\/#organization"},"image":{"@id":"http:\/\/vincentians.com\/es\/vida-de-san-vicente-de-paul-libro-primero-capitulo-4\/#primaryimage"},"thumbnailUrl":"https:\/\/i0.wp.com\/vincentians.com\/es\/wp-content\/uploads\/sites\/11\/2016\/07\/abelly-feat.jpg?fit=1200%2C630","keywords":["Abelly","Argel","Bons Enfants","Saint Martin","T\u00fanez"],"articleSection":["Escritos de Luis Abelly","Vicente de Pa\u00fal"],"inLanguage":"es","potentialAction":[{"@type":"CommentAction","name":"Comment","target":["http:\/\/vincentians.com\/es\/vida-de-san-vicente-de-paul-libro-primero-capitulo-4\/#respond"]}]},{"@type":"WebPage","@id":"http:\/\/vincentians.com\/es\/vida-de-san-vicente-de-paul-libro-primero-capitulo-4\/","url":"http:\/\/vincentians.com\/es\/vida-de-san-vicente-de-paul-libro-primero-capitulo-4\/","name":"Vida de san Vicente de Pa\u00fal: Libro Primero, Cap\u00edtulo 4 - Somos Vicencianos","isPartOf":{"@id":"http:\/\/vincentians.com\/es\/#website"},"primaryImageOfPage":{"@id":"http:\/\/vincentians.com\/es\/vida-de-san-vicente-de-paul-libro-primero-capitulo-4\/#primaryimage"},"image":{"@id":"http:\/\/vincentians.com\/es\/vida-de-san-vicente-de-paul-libro-primero-capitulo-4\/#primaryimage"},"thumbnailUrl":"https:\/\/i0.wp.com\/vincentians.com\/es\/wp-content\/uploads\/sites\/11\/2016\/07\/abelly-feat.jpg?fit=1200%2C630","datePublished":"2020-02-09T07:50:29+00:00","breadcrumb":{"@id":"http:\/\/vincentians.com\/es\/vida-de-san-vicente-de-paul-libro-primero-capitulo-4\/#breadcrumb"},"inLanguage":"es","potentialAction":[{"@type":"ReadAction","target":["http:\/\/vincentians.com\/es\/vida-de-san-vicente-de-paul-libro-primero-capitulo-4\/"]}]},{"@type":"ImageObject","inLanguage":"es","@id":"http:\/\/vincentians.com\/es\/vida-de-san-vicente-de-paul-libro-primero-capitulo-4\/#primaryimage","url":"https:\/\/i0.wp.com\/vincentians.com\/es\/wp-content\/uploads\/sites\/11\/2016\/07\/abelly-feat.jpg?fit=1200%2C630","contentUrl":"https:\/\/i0.wp.com\/vincentians.com\/es\/wp-content\/uploads\/sites\/11\/2016\/07\/abelly-feat.jpg?fit=1200%2C630","width":1200,"height":630},{"@type":"BreadcrumbList","@id":"http:\/\/vincentians.com\/es\/vida-de-san-vicente-de-paul-libro-primero-capitulo-4\/#breadcrumb","itemListElement":[{"@type":"ListItem","position":1,"name":"Portada","item":"http:\/\/vincentians.com\/es\/"},{"@type":"ListItem","position":2,"name":"Vida de san Vicente de Pa\u00fal: Libro Primero, Cap\u00edtulo 4"}]},{"@type":"WebSite","@id":"http:\/\/vincentians.com\/es\/#website","url":"http:\/\/vincentians.com\/es\/","name":"Somos Vicencianos","description":"Know more to serve more","publisher":{"@id":"http:\/\/vincentians.com\/es\/#organization"},"potentialAction":[{"@type":"SearchAction","target":{"@type":"EntryPoint","urlTemplate":"http:\/\/vincentians.com\/es\/?s={search_term_string}"},"query-input":{"@type":"PropertyValueSpecification","valueRequired":true,"valueName":"search_term_string"}}],"inLanguage":"es"},{"@type":"Organization","@id":"http:\/\/vincentians.com\/es\/#organization","name":"The Vincentian Network","url":"http:\/\/vincentians.com\/es\/","logo":{"@type":"ImageObject","inLanguage":"es","@id":"http:\/\/vincentians.com\/es\/#\/schema\/logo\/image\/","url":"https:\/\/i1.wp.com\/vincentians.com\/es\/wp-content\/uploads\/sites\/11\/2016\/06\/Vincentian-Network-logo-big.png?fit=778%2C778","contentUrl":"https:\/\/i1.wp.com\/vincentians.com\/es\/wp-content\/uploads\/sites\/11\/2016\/06\/Vincentian-Network-logo-big.png?fit=778%2C778","width":778,"height":778,"caption":"The Vincentian Network"},"image":{"@id":"http:\/\/vincentians.com\/es\/#\/schema\/logo\/image\/"},"sameAs":["https:\/\/www.facebook.com\/WeAreVincentians\/","https:\/\/x.com\/WeVincentians"]},{"@type":"Person","@id":"http:\/\/vincentians.com\/es\/#\/schema\/person\/9623ef4d9aa3b2dfb8c061f1499288f2","name":"Francisco Javier Fern\u00e1ndez Chento","image":{"@type":"ImageObject","inLanguage":"es","@id":"http:\/\/vincentians.com\/es\/#\/schema\/person\/image\/","url":"https:\/\/secure.gravatar.com\/avatar\/497d5cde87b4c3d097d0315953521681ba2cd523ee66e5077c3711f7021e65de?s=96&d=mm&r=g","contentUrl":"https:\/\/secure.gravatar.com\/avatar\/497d5cde87b4c3d097d0315953521681ba2cd523ee66e5077c3711f7021e65de?s=96&d=mm&r=g","caption":"Francisco Javier Fern\u00e1ndez Chento"},"description":"Director General y cofundador de La Red de Formaci\u00f3n Vicenciana. Javier es laico vicenciano, afiliado a la Congregaci\u00f3n de la Misi\u00f3n y miembro del Equipo de Misiones Populares de la provincia can\u00f3nica de Zaragoza (Espa\u00f1a) de la Congregaci\u00f3n de la Misi\u00f3n. Graduado en la Universidad Oberta de Catalunya con cuatro grados (Asistente de direcci\u00f3n, Gesti\u00f3n Administrativa, Recursos Humanos y Contabilidad Avanzada). Bil\u00edng\u00fce Espa\u00f1ol\/Ingl\u00e9s. gestiona y mantiene varias p\u00e1ginas web cristianas y vicencianas, incluida including La Red de Formaci\u00f3n Vicenciana, de la que es cofundador. Actualmente es responsable del \u00e1rea de Espa\u00f1ol de .famvin, la Red de Noticias de la Familia Vicenciana. Tambi\u00e9n es m\u00fasico cat\u00f3lico y ha editado varios discos. Es Director General y cofundador de Trovador, una reconocida compa\u00f1\u00eda discogr\u00e1fica critiana de Espa\u00f1a. Trabaja en las Tecnolog\u00edas de la Informaci\u00f3n, ofreciendo servicios de alojamiento, dise\u00f1o y mantenimiento Web, as\u00ed como asesoramiento, formaci\u00f3n y soluciones inform\u00e1ticas, gesti\u00f3n documental y digitalizaci\u00f3n de textos, edici\u00f3n y maquetaci\u00f3n de libros, revistas, flyers, etc.","sameAs":["http:\/\/chento.org","https:\/\/www.facebook.com\/JavierChento","https:\/\/x.com\/https:\/\/twitter.com\/javierchento"],"url":"http:\/\/vincentians.com\/es\/author\/chento\/"}]}},"jetpack_publicize_connections":[],"jetpack_featured_media_url":"https:\/\/i0.wp.com\/vincentians.com\/es\/wp-content\/uploads\/sites\/11\/2016\/07\/abelly-feat.jpg?fit=1200%2C630","jetpack_sharing_enabled":true,"jetpack_shortlink":"https:\/\/wp.me\/p7ETMF-7vi","jetpack-related-posts":[{"id":50676,"url":"http:\/\/vincentians.com\/es\/san-vicente-paul-biografia-03-proyectos-e-infortunios\/","url_meta":{"origin":28848,"position":0},"title":"San Vicente de Pa\u00fal, biograf\u00eda: 03 &#8211; Proyectos e infortunios","author":"Francisco Javier Fern\u00e1ndez Chento","date":"23\/12\/2016","format":false,"excerpt":"Segunda parte: Los a\u00f1os de peregrinaci\u00f3n y aprendizaje (1600-1617) Cap\u00edtulo III: Proyectos e infortunios El primer proyecto Apenas hab\u00eda recibido el sacerdocio, cuando Vicente de Pa\u00fal parec\u00eda conseguir tambi\u00e9n lo que tanto hab\u00eda deseado: un oficio eclesi\u00e1stico remunerado. Era el primer proyecto concreto de los varios que elaborar\u00eda entre 1600\u2026","rel":"","context":"En \u00abVicente de Pa\u00fal\u00bb","block_context":{"text":"Vicente de Pa\u00fal","link":"http:\/\/vincentians.com\/es\/category\/la-familia-vicenciana\/fundadores\/vicente-de-paul\/"},"img":{"alt_text":"","src":"https:\/\/i0.wp.com\/vincentians.com\/es\/wp-content\/uploads\/sites\/11\/2016\/07\/Saint-Vincent-de-Paul-a-biography.jpg?fit=1200%2C630&resize=350%2C200","width":350,"height":200,"srcset":"https:\/\/i0.wp.com\/vincentians.com\/es\/wp-content\/uploads\/sites\/11\/2016\/07\/Saint-Vincent-de-Paul-a-biography.jpg?fit=1200%2C630&resize=350%2C200 1x, https:\/\/i0.wp.com\/vincentians.com\/es\/wp-content\/uploads\/sites\/11\/2016\/07\/Saint-Vincent-de-Paul-a-biography.jpg?fit=1200%2C630&resize=525%2C300 1.5x, https:\/\/i0.wp.com\/vincentians.com\/es\/wp-content\/uploads\/sites\/11\/2016\/07\/Saint-Vincent-de-Paul-a-biography.jpg?fit=1200%2C630&resize=700%2C400 2x, https:\/\/i0.wp.com\/vincentians.com\/es\/wp-content\/uploads\/sites\/11\/2016\/07\/Saint-Vincent-de-Paul-a-biography.jpg?fit=1200%2C630&resize=1050%2C600 3x"},"classes":[]},{"id":387844,"url":"http:\/\/vincentians.com\/es\/san-vicente-amigo-de-los-pobres-anos-sin-historia-1581-1600\/","url_meta":{"origin":28848,"position":1},"title":"San Vicente: Amigo de los pobres: a\u00f1os sin historia (1581-1600)","author":"Mitxel Olabu\u00e9naga","date":"09\/10\/2016","format":false,"excerpt":"Los a\u00f1os de la infancia La etapa menos conocida en la vida de Vicente de Pa\u00fal es, sin duda alguna, la de su infancia. En esto, coincide con casi todos los grandes hombres. A\u00f1os de infancia. A\u00f1os sin historia. Y, en realidad, \u00bfqui\u00e9n po\u00add\u00eda estar interesado en ir consignando, d\u00eda\u2026","rel":"","context":"En \u00abFormaci\u00f3n Vicenciana\u00bb","block_context":{"text":"Formaci\u00f3n Vicenciana","link":"http:\/\/vincentians.com\/es\/category\/formacion-vicenciana\/"},"img":{"alt_text":"","src":"https:\/\/i0.wp.com\/vincentians.com\/es\/wp-content\/uploads\/sites\/11\/2016\/07\/st-vincent-de-paul.jpg?fit=1200%2C630&resize=350%2C200","width":350,"height":200,"srcset":"https:\/\/i0.wp.com\/vincentians.com\/es\/wp-content\/uploads\/sites\/11\/2016\/07\/st-vincent-de-paul.jpg?fit=1200%2C630&resize=350%2C200 1x, https:\/\/i0.wp.com\/vincentians.com\/es\/wp-content\/uploads\/sites\/11\/2016\/07\/st-vincent-de-paul.jpg?fit=1200%2C630&resize=525%2C300 1.5x, https:\/\/i0.wp.com\/vincentians.com\/es\/wp-content\/uploads\/sites\/11\/2016\/07\/st-vincent-de-paul.jpg?fit=1200%2C630&resize=700%2C400 2x, https:\/\/i0.wp.com\/vincentians.com\/es\/wp-content\/uploads\/sites\/11\/2016\/07\/st-vincent-de-paul.jpg?fit=1200%2C630&resize=1050%2C600 3x"},"classes":[]},{"id":119687,"url":"http:\/\/vincentians.com\/es\/el-senor-vicente-relee-su-vida-colegial-estudiante-y-sacerdote\/","url_meta":{"origin":28848,"position":2},"title":"El Se\u00f1or Vicente relee su vida: Colegial, estudiante y sacerdote","author":"Francisco Javier Fern\u00e1ndez Chento","date":"19\/01\/2022","format":false,"excerpt":"Hacia 1592, mi padre trat\u00f3 de hacerme estudiar, con la esperanza de poder un d\u00eda obtener alg\u00fan beneficio eclesi\u00e1stico, es decir rentas de alguna abad\u00eda o de una buena parroquia, y as\u00ed aliviar a la familia, como lo hab\u00eda hecho mi t\u00edo, prior de Poymartet. Me puso pues de pensi\u00f3n\u2026","rel":"","context":"En \u00abVicente de Pa\u00fal\u00bb","block_context":{"text":"Vicente de Pa\u00fal","link":"http:\/\/vincentians.com\/es\/category\/la-familia-vicenciana\/fundadores\/vicente-de-paul\/"},"img":{"alt_text":"","src":"https:\/\/i0.wp.com\/vincentians.com\/es\/wp-content\/uploads\/sites\/11\/2013\/04\/g-3.jpg?fit=1170%2C692&resize=350%2C200","width":350,"height":200,"srcset":"https:\/\/i0.wp.com\/vincentians.com\/es\/wp-content\/uploads\/sites\/11\/2013\/04\/g-3.jpg?fit=1170%2C692&resize=350%2C200 1x, https:\/\/i0.wp.com\/vincentians.com\/es\/wp-content\/uploads\/sites\/11\/2013\/04\/g-3.jpg?fit=1170%2C692&resize=525%2C300 1.5x, https:\/\/i0.wp.com\/vincentians.com\/es\/wp-content\/uploads\/sites\/11\/2013\/04\/g-3.jpg?fit=1170%2C692&resize=700%2C400 2x, https:\/\/i0.wp.com\/vincentians.com\/es\/wp-content\/uploads\/sites\/11\/2013\/04\/g-3.jpg?fit=1170%2C692&resize=1050%2C600 3x"},"classes":[]},{"id":50674,"url":"http:\/\/vincentians.com\/es\/san-vicente-paul-biografia-02-la-esperanzada-adolescencia\/","url_meta":{"origin":28848,"position":3},"title":"San Vicente de Pa\u00fal, biograf\u00eda: 02 &#8211; La esperanzada adolescencia","author":"Francisco Javier Fern\u00e1ndez Chento","date":"22\/12\/2016","format":false,"excerpt":"Cap\u00edtulo II: La esperanzada adolescencia \"Par\u00eds bien vale una misa\" Importantes a\u00f1os para Francia esos de 1593, 1594, 1595, cuando el campesino de Pouy decide poner a estudiar a su hijo Vicente. A\u00f1os clave no s\u00f3lo para el avispado pastorcillo, sino para todos los franceses. Hay una especie de simpat\u00eda\u2026","rel":"","context":"En \u00abVicente de Pa\u00fal\u00bb","block_context":{"text":"Vicente de Pa\u00fal","link":"http:\/\/vincentians.com\/es\/category\/la-familia-vicenciana\/fundadores\/vicente-de-paul\/"},"img":{"alt_text":"","src":"https:\/\/i0.wp.com\/vincentians.com\/es\/wp-content\/uploads\/sites\/11\/2016\/07\/Saint-Vincent-de-Paul-a-biography.jpg?fit=1200%2C630&resize=350%2C200","width":350,"height":200,"srcset":"https:\/\/i0.wp.com\/vincentians.com\/es\/wp-content\/uploads\/sites\/11\/2016\/07\/Saint-Vincent-de-Paul-a-biography.jpg?fit=1200%2C630&resize=350%2C200 1x, https:\/\/i0.wp.com\/vincentians.com\/es\/wp-content\/uploads\/sites\/11\/2016\/07\/Saint-Vincent-de-Paul-a-biography.jpg?fit=1200%2C630&resize=525%2C300 1.5x, https:\/\/i0.wp.com\/vincentians.com\/es\/wp-content\/uploads\/sites\/11\/2016\/07\/Saint-Vincent-de-Paul-a-biography.jpg?fit=1200%2C630&resize=700%2C400 2x, https:\/\/i0.wp.com\/vincentians.com\/es\/wp-content\/uploads\/sites\/11\/2016\/07\/Saint-Vincent-de-Paul-a-biography.jpg?fit=1200%2C630&resize=1050%2C600 3x"},"classes":[]},{"id":121437,"url":"http:\/\/vincentians.com\/es\/san-vicente-de-paul-nacio-en-francia-ix-la-prensa-periodica\/","url_meta":{"origin":28848,"position":4},"title":"San Vicente de Pa\u00fal naci\u00f3 en Francia. IX. La prensa peri\u00f3dica","author":"Francisco Javier Fern\u00e1ndez Chento","date":"04\/05\/2015","format":false,"excerpt":"La prensa peri\u00f3dica El traductor de Arturo Loth, nos ha dicho contar con el concurso de la prensa peri\u00f3dica, y nosotros hemos ofrecido examinar el apoyo que prestan al Sr Feli\u00fa, los peri\u00f3dicos El Correo Catal\u00e1n de Barcelona, La Controversia de Ma\u00addrid, y El Pilar de Zaragoza. Tenemos tres n\u00fameros\u2026","rel":"","context":"En \u00abVicente de Pa\u00fal\u00bb","block_context":{"text":"Vicente de Pa\u00fal","link":"http:\/\/vincentians.com\/es\/category\/la-familia-vicenciana\/fundadores\/vicente-de-paul\/"},"img":{"alt_text":"","src":"","width":0,"height":0},"classes":[]},{"id":400151,"url":"http:\/\/vincentians.com\/es\/san-vicente-paul-no-familia-pobre\/","url_meta":{"origin":28848,"position":5},"title":"San Vicente de Pa\u00fal no era de familia pobre","author":"Francisco Javier Fern\u00e1ndez Chento","date":"27\/09\/2017","format":false,"excerpt":"La madre de san Vicente de Pa\u00fal pertenec\u00eda a una familia de burgueses de la que depend\u00eda el se\u00f1or\u00edo de Peyroux en Orthevielle, a unos 20 kil\u00f3metros al sur de Dax y a unos cinco del Pa\u00eds vasco franc\u00e9s, con una serie de derechos sobre los habitantes y tierras del\u2026","rel":"","context":"En \u00abEn tiempos de Vicente de Pa\u00fal\u00bb","block_context":{"text":"En tiempos de Vicente de Pa\u00fal","link":"http:\/\/vincentians.com\/es\/category\/historia-de-la-familia-vicenciana\/en-tiempos-de-vicente-de-paul\/"},"img":{"alt_text":"","src":"https:\/\/i0.wp.com\/vincentians.com\/es\/wp-content\/uploads\/sites\/11\/2016\/10\/ranquines.jpg?fit=1200%2C630&resize=350%2C200","width":350,"height":200,"srcset":"https:\/\/i0.wp.com\/vincentians.com\/es\/wp-content\/uploads\/sites\/11\/2016\/10\/ranquines.jpg?fit=1200%2C630&resize=350%2C200 1x, https:\/\/i0.wp.com\/vincentians.com\/es\/wp-content\/uploads\/sites\/11\/2016\/10\/ranquines.jpg?fit=1200%2C630&resize=525%2C300 1.5x, https:\/\/i0.wp.com\/vincentians.com\/es\/wp-content\/uploads\/sites\/11\/2016\/10\/ranquines.jpg?fit=1200%2C630&resize=700%2C400 2x, https:\/\/i0.wp.com\/vincentians.com\/es\/wp-content\/uploads\/sites\/11\/2016\/10\/ranquines.jpg?fit=1200%2C630&resize=1050%2C600 3x"},"classes":[]}],"_links":{"self":[{"href":"http:\/\/vincentians.com\/es\/wp-json\/wp\/v2\/posts\/28848","targetHints":{"allow":["GET"]}}],"collection":[{"href":"http:\/\/vincentians.com\/es\/wp-json\/wp\/v2\/posts"}],"about":[{"href":"http:\/\/vincentians.com\/es\/wp-json\/wp\/v2\/types\/post"}],"author":[{"embeddable":true,"href":"http:\/\/vincentians.com\/es\/wp-json\/wp\/v2\/users\/4"}],"replies":[{"embeddable":true,"href":"http:\/\/vincentians.com\/es\/wp-json\/wp\/v2\/comments?post=28848"}],"version-history":[{"count":1,"href":"http:\/\/vincentians.com\/es\/wp-json\/wp\/v2\/posts\/28848\/revisions"}],"predecessor-version":[{"id":402758,"href":"http:\/\/vincentians.com\/es\/wp-json\/wp\/v2\/posts\/28848\/revisions\/402758"}],"wp:featuredmedia":[{"embeddable":true,"href":"http:\/\/vincentians.com\/es\/wp-json\/wp\/v2\/media\/149583"}],"wp:attachment":[{"href":"http:\/\/vincentians.com\/es\/wp-json\/wp\/v2\/media?parent=28848"}],"wp:term":[{"taxonomy":"category","embeddable":true,"href":"http:\/\/vincentians.com\/es\/wp-json\/wp\/v2\/categories?post=28848"},{"taxonomy":"post_tag","embeddable":true,"href":"http:\/\/vincentians.com\/es\/wp-json\/wp\/v2\/tags?post=28848"}],"curies":[{"name":"wp","href":"https:\/\/api.w.org\/{rel}","templated":true}]}}