{"id":28591,"date":"2025-03-21T08:06:00","date_gmt":"2025-03-21T07:06:00","guid":{"rendered":"http:\/\/somos.vicencianos.org\/blog\/28591\/ozanam-un-sabio-entre-los-pobres-testamento\/"},"modified":"2024-08-22T19:07:07","modified_gmt":"2024-08-22T17:07:07","slug":"ozanam-un-sabio-entre-los-pobres-testamento","status":"publish","type":"post","link":"http:\/\/vincentians.com\/es\/ozanam-un-sabio-entre-los-pobres-testamento\/","title":{"rendered":"Ozanam, un sabio entre los pobres. Testamento"},"content":{"rendered":"<p>Antonio Federico Ozanam<\/p>\n<p>Esto es mi testamento hol\u00f3grafo que debe ser abierto por el presidente del tribunal civil, o en el extranjero por el C\u00f3nsul de Francia, antes de mi sepultura.<\/p>\n<p>En el nombre del Padre, y del Hijo, y del Esp\u00edritu Santo, as\u00ed sea.<\/p>\n<p>Hoy, 23 de abril de 1853, en el momento que cumplo mis cuarenta a\u00f1os en las inquietudes de una enfermedad grave, sufriendo en el cuerpo, pero sano de esp\u00edritu, he escri\u00adto en pocas palabras mis \u00faltimas voluntades, proponi\u00e9ndome expresarlas m\u00e1s completamente cuando tenga m\u00e1s fuerzas.<\/p>\n<p>Pongo mi alma en manos de Jesucristo, mi Salvador, asustado por mis pecados, pero confiando en la infinita misericordia. Muero en el seno de la Iglesia cat\u00f3lica, apos\u00adt\u00f3lica y romana. He conocido las dudas del siglo presente, pero toda mi vida me ha convencido que no hay reposo para el esp\u00edritu y el coraz\u00f3n m\u00e1s que en la fe de la Iglesia y bajo su autoridad. Si atribuyo alg\u00fan precio a mis largos estudios es que me dan derecho de suplicar a todos los que amo que sigan fieles a una Religi\u00f3n donde he encontrado la luz y la paz.<\/p>\n<p>Mi ruego supremo a mi familia, a mi mujer, a mi hija, a mis hermanos y cu\u00f1ados, a todos los que nacer\u00e1n de ellos es que perseveren en la fe, a pesar de las humillaciones, los esc\u00e1ndalos, las deserciones de las que ser\u00e1n testigos.<\/p>\n<p>A mi tierna y querida Amelia, que ha hecho la alegr\u00eda y el encanto de mi vida y cuyos cuidados tan dulces han con\u00adsolado desde hace un a\u00f1o todos mis males, yo dirijo mis adioses cortos como todas las cosas de la tierra. Le agradez\u00adco, la bendigo, y yo la esperar\u00e9. En el cielo solamente podr\u00e9 devolverle tanto amor como merece. Doy a mi hija la bendi\u00adci\u00f3n de los Patriarcas, en el nombre del Padre, y del Hijo, y del Esp\u00edritu Santo. Me es triste no poder trabajar m\u00e1s tiem\u00adpo en la obra tan querida de su educaci\u00f3n, pero la conf\u00edo sin pena a su muy buena y muy amada madre. A mis hermanos Alfonso y Carlos todo mi agradecimiento por su afecto, a mi hermano Carlos, particularmente por todas las solicitudes que le ha causado mi salud. A mi madre, la se\u00f1ora Soula\u00adcroix, a Carlos Soulacroix, reun\u00edos con aquellos a quienes he llorado. Abrazo en un solo pensamiento a todos mis parien\u00adtes y amigos que no puedo nombrar aqu\u00ed. Por \u00faltimo, quiero que mi t\u00edo Haraneder, mis primos Jailland, el se\u00f1or Noirot y el se\u00f1or Amp\u00e9re a quien debo tanto, Henri Pessonneaux, Lallier y Dufieux mis m\u00e1s antiguos amigos, encuentren aqu\u00ed un recuerdo.<\/p>\n<p>Doy tambi\u00e9n aqu\u00ed las gracias a todos los que me han hecho alg\u00fan servicio. Pido perd\u00f3n por mis prontos y malos ejemplos. Yo solicito sus oraciones a la Sociedad de San Vicente de Pa\u00fal de mis amigos de Lyon. No ces\u00e9is a instan\u00adcias de lo que os digan, \u00e9l est\u00e1 en el cielo. Rogad siempre por el que os ama mucho pero que necesita mucho de vuestras s\u00faplicas, mis muy queridos amigos. Yo dejar\u00e9 la tierra con menos temor.<\/p>\n<p>Espero firmemente que no nos separemos y que me quede con vosotros hasta que veng\u00e1is a m\u00ed.<\/p>\n<p>Que sobre todos nosotros sea la Bendici\u00f3n del Padre, del Hijo, del Esp\u00edritu Santo. As\u00ed sea.<\/p>\n<p>Pisa, el 23 de abril de 1853.<\/p>\n[Con aprobaci\u00f3n de dos tachaduras. A.F. Ozanam]\n","protected":false},"excerpt":{"rendered":"<p>Antonio Federico Ozanam Esto es mi testamento hol\u00f3grafo que debe ser abierto por el presidente del tribunal civil, o en el extranjero por el C\u00f3nsul de Francia, antes de mi sepultura. En el nombre del &#8230; <a href=\"http:\/\/vincentians.com\/es\/ozanam-un-sabio-entre-los-pobres-testamento\/\" class=\"more-link\">Read More<\/a><\/p>\n","protected":false},"author":4,"featured_media":149697,"comment_status":"open","ping_status":"open","sticky":false,"template":"","format":"standard","meta":{"jetpack_post_was_ever_published":false,"_jetpack_newsletter_access":"","_jetpack_dont_email_post_to_subs":false,"_jetpack_newsletter_tier_id":0,"_jetpack_memberships_contains_paywalled_content":false,"_jetpack_memberships_contains_paid_content":false,"footnotes":"","jetpack_publicize_message":"","jetpack_publicize_feature_enabled":true,"jetpack_social_post_already_shared":true,"jetpack_social_options":{"image_generator_settings":{"template":"highway","default_image_id":0,"font":"","enabled":false},"version":2}},"categories":[11],"tags":[297],"class_list":["post-28591","post","type-post","status-publish","format-standard","has-post-thumbnail","hentry","category-federico-ozanam","tag-pessonneaux"],"yoast_head":"<!-- This site is optimized with the Yoast SEO plugin v26.3 - https:\/\/yoast.com\/wordpress\/plugins\/seo\/ -->\n<title>Ozanam, un sabio entre los pobres. Testamento - Somos Vicencianos<\/title>\n<meta name=\"robots\" content=\"index, follow, max-snippet:-1, max-image-preview:large, max-video-preview:-1\" \/>\n<link rel=\"canonical\" href=\"http:\/\/vincentians.com\/es\/ozanam-un-sabio-entre-los-pobres-testamento\/\" \/>\n<meta property=\"og:locale\" content=\"es_ES\" \/>\n<meta property=\"og:type\" content=\"article\" \/>\n<meta property=\"og:title\" content=\"Ozanam, un sabio entre los pobres. Testamento - Somos Vicencianos\" \/>\n<meta property=\"og:description\" content=\"Antonio Federico Ozanam Esto es mi testamento hol\u00f3grafo que debe ser abierto por el presidente del tribunal civil, o en el extranjero por el C\u00f3nsul de Francia, antes de mi sepultura. En el nombre del ... Read More\" \/>\n<meta property=\"og:url\" content=\"http:\/\/vincentians.com\/es\/ozanam-un-sabio-entre-los-pobres-testamento\/\" \/>\n<meta property=\"og:site_name\" content=\"Somos Vicencianos\" \/>\n<meta property=\"article:publisher\" content=\"https:\/\/www.facebook.com\/WeAreVincentians\/\" \/>\n<meta property=\"article:author\" content=\"https:\/\/www.facebook.com\/JavierChento\" \/>\n<meta property=\"article:published_time\" content=\"2025-03-21T07:06:00+00:00\" \/>\n<meta property=\"og:image\" content=\"https:\/\/i0.wp.com\/vincentians.com\/es\/wp-content\/uploads\/sites\/11\/2012\/12\/ozanam-charity.jpg?fit=1200%2C630\" \/>\n\t<meta property=\"og:image:width\" content=\"1200\" \/>\n\t<meta property=\"og:image:height\" content=\"630\" \/>\n\t<meta property=\"og:image:type\" content=\"image\/jpeg\" \/>\n<meta name=\"author\" content=\"Francisco Javier Fern\u00e1ndez Chento\" \/>\n<meta name=\"twitter:card\" content=\"summary_large_image\" \/>\n<meta name=\"twitter:creator\" content=\"@https:\/\/twitter.com\/javierchento\" \/>\n<meta name=\"twitter:site\" content=\"@WeVincentians\" \/>\n<meta name=\"twitter:label1\" content=\"Escrito por\" \/>\n\t<meta name=\"twitter:data1\" content=\"Francisco Javier Fern\u00e1ndez Chento\" \/>\n\t<meta name=\"twitter:label2\" content=\"Tiempo de lectura\" \/>\n\t<meta name=\"twitter:data2\" content=\"3 minutos\" \/>\n<script type=\"application\/ld+json\" class=\"yoast-schema-graph\">{\"@context\":\"https:\/\/schema.org\",\"@graph\":[{\"@type\":\"Article\",\"@id\":\"http:\/\/vincentians.com\/es\/ozanam-un-sabio-entre-los-pobres-testamento\/#article\",\"isPartOf\":{\"@id\":\"http:\/\/vincentians.com\/es\/ozanam-un-sabio-entre-los-pobres-testamento\/\"},\"author\":{\"name\":\"Francisco Javier Fern\u00e1ndez Chento\",\"@id\":\"http:\/\/vincentians.com\/es\/#\/schema\/person\/9623ef4d9aa3b2dfb8c061f1499288f2\"},\"headline\":\"Ozanam, un sabio entre los pobres. Testamento\",\"datePublished\":\"2025-03-21T07:06:00+00:00\",\"mainEntityOfPage\":{\"@id\":\"http:\/\/vincentians.com\/es\/ozanam-un-sabio-entre-los-pobres-testamento\/\"},\"wordCount\":620,\"commentCount\":2,\"publisher\":{\"@id\":\"http:\/\/vincentians.com\/es\/#organization\"},\"image\":{\"@id\":\"http:\/\/vincentians.com\/es\/ozanam-un-sabio-entre-los-pobres-testamento\/#primaryimage\"},\"thumbnailUrl\":\"https:\/\/i0.wp.com\/vincentians.com\/es\/wp-content\/uploads\/sites\/11\/2012\/12\/ozanam-charity.jpg?fit=1200%2C630\",\"keywords\":[\"Pessonneaux\"],\"articleSection\":[\"Federico Ozanam\"],\"inLanguage\":\"es\",\"potentialAction\":[{\"@type\":\"CommentAction\",\"name\":\"Comment\",\"target\":[\"http:\/\/vincentians.com\/es\/ozanam-un-sabio-entre-los-pobres-testamento\/#respond\"]}]},{\"@type\":\"WebPage\",\"@id\":\"http:\/\/vincentians.com\/es\/ozanam-un-sabio-entre-los-pobres-testamento\/\",\"url\":\"http:\/\/vincentians.com\/es\/ozanam-un-sabio-entre-los-pobres-testamento\/\",\"name\":\"Ozanam, un sabio entre los pobres. Testamento - Somos Vicencianos\",\"isPartOf\":{\"@id\":\"http:\/\/vincentians.com\/es\/#website\"},\"primaryImageOfPage\":{\"@id\":\"http:\/\/vincentians.com\/es\/ozanam-un-sabio-entre-los-pobres-testamento\/#primaryimage\"},\"image\":{\"@id\":\"http:\/\/vincentians.com\/es\/ozanam-un-sabio-entre-los-pobres-testamento\/#primaryimage\"},\"thumbnailUrl\":\"https:\/\/i0.wp.com\/vincentians.com\/es\/wp-content\/uploads\/sites\/11\/2012\/12\/ozanam-charity.jpg?fit=1200%2C630\",\"datePublished\":\"2025-03-21T07:06:00+00:00\",\"breadcrumb\":{\"@id\":\"http:\/\/vincentians.com\/es\/ozanam-un-sabio-entre-los-pobres-testamento\/#breadcrumb\"},\"inLanguage\":\"es\",\"potentialAction\":[{\"@type\":\"ReadAction\",\"target\":[\"http:\/\/vincentians.com\/es\/ozanam-un-sabio-entre-los-pobres-testamento\/\"]}]},{\"@type\":\"ImageObject\",\"inLanguage\":\"es\",\"@id\":\"http:\/\/vincentians.com\/es\/ozanam-un-sabio-entre-los-pobres-testamento\/#primaryimage\",\"url\":\"https:\/\/i0.wp.com\/vincentians.com\/es\/wp-content\/uploads\/sites\/11\/2012\/12\/ozanam-charity.jpg?fit=1200%2C630\",\"contentUrl\":\"https:\/\/i0.wp.com\/vincentians.com\/es\/wp-content\/uploads\/sites\/11\/2012\/12\/ozanam-charity.jpg?fit=1200%2C630\",\"width\":1200,\"height\":630},{\"@type\":\"BreadcrumbList\",\"@id\":\"http:\/\/vincentians.com\/es\/ozanam-un-sabio-entre-los-pobres-testamento\/#breadcrumb\",\"itemListElement\":[{\"@type\":\"ListItem\",\"position\":1,\"name\":\"Portada\",\"item\":\"http:\/\/vincentians.com\/es\/\"},{\"@type\":\"ListItem\",\"position\":2,\"name\":\"Ozanam, un sabio entre los pobres. Testamento\"}]},{\"@type\":\"WebSite\",\"@id\":\"http:\/\/vincentians.com\/es\/#website\",\"url\":\"http:\/\/vincentians.com\/es\/\",\"name\":\"Somos Vicencianos\",\"description\":\"Know more to serve more\",\"publisher\":{\"@id\":\"http:\/\/vincentians.com\/es\/#organization\"},\"potentialAction\":[{\"@type\":\"SearchAction\",\"target\":{\"@type\":\"EntryPoint\",\"urlTemplate\":\"http:\/\/vincentians.com\/es\/?s={search_term_string}\"},\"query-input\":{\"@type\":\"PropertyValueSpecification\",\"valueRequired\":true,\"valueName\":\"search_term_string\"}}],\"inLanguage\":\"es\"},{\"@type\":\"Organization\",\"@id\":\"http:\/\/vincentians.com\/es\/#organization\",\"name\":\"The Vincentian Network\",\"url\":\"http:\/\/vincentians.com\/es\/\",\"logo\":{\"@type\":\"ImageObject\",\"inLanguage\":\"es\",\"@id\":\"http:\/\/vincentians.com\/es\/#\/schema\/logo\/image\/\",\"url\":\"https:\/\/i1.wp.com\/vincentians.com\/es\/wp-content\/uploads\/sites\/11\/2016\/06\/Vincentian-Network-logo-big.png?fit=778%2C778\",\"contentUrl\":\"https:\/\/i1.wp.com\/vincentians.com\/es\/wp-content\/uploads\/sites\/11\/2016\/06\/Vincentian-Network-logo-big.png?fit=778%2C778\",\"width\":778,\"height\":778,\"caption\":\"The Vincentian Network\"},\"image\":{\"@id\":\"http:\/\/vincentians.com\/es\/#\/schema\/logo\/image\/\"},\"sameAs\":[\"https:\/\/www.facebook.com\/WeAreVincentians\/\",\"https:\/\/x.com\/WeVincentians\"]},{\"@type\":\"Person\",\"@id\":\"http:\/\/vincentians.com\/es\/#\/schema\/person\/9623ef4d9aa3b2dfb8c061f1499288f2\",\"name\":\"Francisco Javier Fern\u00e1ndez Chento\",\"image\":{\"@type\":\"ImageObject\",\"inLanguage\":\"es\",\"@id\":\"http:\/\/vincentians.com\/es\/#\/schema\/person\/image\/\",\"url\":\"https:\/\/secure.gravatar.com\/avatar\/497d5cde87b4c3d097d0315953521681ba2cd523ee66e5077c3711f7021e65de?s=96&d=mm&r=g\",\"contentUrl\":\"https:\/\/secure.gravatar.com\/avatar\/497d5cde87b4c3d097d0315953521681ba2cd523ee66e5077c3711f7021e65de?s=96&d=mm&r=g\",\"caption\":\"Francisco Javier Fern\u00e1ndez Chento\"},\"description\":\"Director General y cofundador de La Red de Formaci\u00f3n Vicenciana. Javier es laico vicenciano, afiliado a la Congregaci\u00f3n de la Misi\u00f3n y miembro del Equipo de Misiones Populares de la provincia can\u00f3nica de Zaragoza (Espa\u00f1a) de la Congregaci\u00f3n de la Misi\u00f3n. Graduado en la Universidad Oberta de Catalunya con cuatro grados (Asistente de direcci\u00f3n, Gesti\u00f3n Administrativa, Recursos Humanos y Contabilidad Avanzada). Bil\u00edng\u00fce Espa\u00f1ol\/Ingl\u00e9s. gestiona y mantiene varias p\u00e1ginas web cristianas y vicencianas, incluida including La Red de Formaci\u00f3n Vicenciana, de la que es cofundador. Actualmente es responsable del \u00e1rea de Espa\u00f1ol de .famvin, la Red de Noticias de la Familia Vicenciana. Tambi\u00e9n es m\u00fasico cat\u00f3lico y ha editado varios discos. Es Director General y cofundador de Trovador, una reconocida compa\u00f1\u00eda discogr\u00e1fica critiana de Espa\u00f1a. Trabaja en las Tecnolog\u00edas de la Informaci\u00f3n, ofreciendo servicios de alojamiento, dise\u00f1o y mantenimiento Web, as\u00ed como asesoramiento, formaci\u00f3n y soluciones inform\u00e1ticas, gesti\u00f3n documental y digitalizaci\u00f3n de textos, edici\u00f3n y maquetaci\u00f3n de libros, revistas, flyers, etc.\",\"sameAs\":[\"http:\/\/chento.org\",\"https:\/\/www.facebook.com\/JavierChento\",\"https:\/\/x.com\/https:\/\/twitter.com\/javierchento\"],\"url\":\"http:\/\/vincentians.com\/es\/author\/chento\/\"}]}<\/script>\n<!-- \/ Yoast SEO plugin. -->","yoast_head_json":{"title":"Ozanam, un sabio entre los pobres. Testamento - Somos Vicencianos","robots":{"index":"index","follow":"follow","max-snippet":"max-snippet:-1","max-image-preview":"max-image-preview:large","max-video-preview":"max-video-preview:-1"},"canonical":"http:\/\/vincentians.com\/es\/ozanam-un-sabio-entre-los-pobres-testamento\/","og_locale":"es_ES","og_type":"article","og_title":"Ozanam, un sabio entre los pobres. Testamento - Somos Vicencianos","og_description":"Antonio Federico Ozanam Esto es mi testamento hol\u00f3grafo que debe ser abierto por el presidente del tribunal civil, o en el extranjero por el C\u00f3nsul de Francia, antes de mi sepultura. En el nombre del ... Read More","og_url":"http:\/\/vincentians.com\/es\/ozanam-un-sabio-entre-los-pobres-testamento\/","og_site_name":"Somos Vicencianos","article_publisher":"https:\/\/www.facebook.com\/WeAreVincentians\/","article_author":"https:\/\/www.facebook.com\/JavierChento","article_published_time":"2025-03-21T07:06:00+00:00","og_image":[{"width":1200,"height":630,"url":"https:\/\/i0.wp.com\/vincentians.com\/es\/wp-content\/uploads\/sites\/11\/2012\/12\/ozanam-charity.jpg?fit=1200%2C630","type":"image\/jpeg"}],"author":"Francisco Javier Fern\u00e1ndez Chento","twitter_card":"summary_large_image","twitter_creator":"@https:\/\/twitter.com\/javierchento","twitter_site":"@WeVincentians","twitter_misc":{"Escrito por":"Francisco Javier Fern\u00e1ndez Chento","Tiempo de lectura":"3 minutos"},"schema":{"@context":"https:\/\/schema.org","@graph":[{"@type":"Article","@id":"http:\/\/vincentians.com\/es\/ozanam-un-sabio-entre-los-pobres-testamento\/#article","isPartOf":{"@id":"http:\/\/vincentians.com\/es\/ozanam-un-sabio-entre-los-pobres-testamento\/"},"author":{"name":"Francisco Javier Fern\u00e1ndez Chento","@id":"http:\/\/vincentians.com\/es\/#\/schema\/person\/9623ef4d9aa3b2dfb8c061f1499288f2"},"headline":"Ozanam, un sabio entre los pobres. Testamento","datePublished":"2025-03-21T07:06:00+00:00","mainEntityOfPage":{"@id":"http:\/\/vincentians.com\/es\/ozanam-un-sabio-entre-los-pobres-testamento\/"},"wordCount":620,"commentCount":2,"publisher":{"@id":"http:\/\/vincentians.com\/es\/#organization"},"image":{"@id":"http:\/\/vincentians.com\/es\/ozanam-un-sabio-entre-los-pobres-testamento\/#primaryimage"},"thumbnailUrl":"https:\/\/i0.wp.com\/vincentians.com\/es\/wp-content\/uploads\/sites\/11\/2012\/12\/ozanam-charity.jpg?fit=1200%2C630","keywords":["Pessonneaux"],"articleSection":["Federico Ozanam"],"inLanguage":"es","potentialAction":[{"@type":"CommentAction","name":"Comment","target":["http:\/\/vincentians.com\/es\/ozanam-un-sabio-entre-los-pobres-testamento\/#respond"]}]},{"@type":"WebPage","@id":"http:\/\/vincentians.com\/es\/ozanam-un-sabio-entre-los-pobres-testamento\/","url":"http:\/\/vincentians.com\/es\/ozanam-un-sabio-entre-los-pobres-testamento\/","name":"Ozanam, un sabio entre los pobres. Testamento - Somos Vicencianos","isPartOf":{"@id":"http:\/\/vincentians.com\/es\/#website"},"primaryImageOfPage":{"@id":"http:\/\/vincentians.com\/es\/ozanam-un-sabio-entre-los-pobres-testamento\/#primaryimage"},"image":{"@id":"http:\/\/vincentians.com\/es\/ozanam-un-sabio-entre-los-pobres-testamento\/#primaryimage"},"thumbnailUrl":"https:\/\/i0.wp.com\/vincentians.com\/es\/wp-content\/uploads\/sites\/11\/2012\/12\/ozanam-charity.jpg?fit=1200%2C630","datePublished":"2025-03-21T07:06:00+00:00","breadcrumb":{"@id":"http:\/\/vincentians.com\/es\/ozanam-un-sabio-entre-los-pobres-testamento\/#breadcrumb"},"inLanguage":"es","potentialAction":[{"@type":"ReadAction","target":["http:\/\/vincentians.com\/es\/ozanam-un-sabio-entre-los-pobres-testamento\/"]}]},{"@type":"ImageObject","inLanguage":"es","@id":"http:\/\/vincentians.com\/es\/ozanam-un-sabio-entre-los-pobres-testamento\/#primaryimage","url":"https:\/\/i0.wp.com\/vincentians.com\/es\/wp-content\/uploads\/sites\/11\/2012\/12\/ozanam-charity.jpg?fit=1200%2C630","contentUrl":"https:\/\/i0.wp.com\/vincentians.com\/es\/wp-content\/uploads\/sites\/11\/2012\/12\/ozanam-charity.jpg?fit=1200%2C630","width":1200,"height":630},{"@type":"BreadcrumbList","@id":"http:\/\/vincentians.com\/es\/ozanam-un-sabio-entre-los-pobres-testamento\/#breadcrumb","itemListElement":[{"@type":"ListItem","position":1,"name":"Portada","item":"http:\/\/vincentians.com\/es\/"},{"@type":"ListItem","position":2,"name":"Ozanam, un sabio entre los pobres. Testamento"}]},{"@type":"WebSite","@id":"http:\/\/vincentians.com\/es\/#website","url":"http:\/\/vincentians.com\/es\/","name":"Somos Vicencianos","description":"Know more to serve more","publisher":{"@id":"http:\/\/vincentians.com\/es\/#organization"},"potentialAction":[{"@type":"SearchAction","target":{"@type":"EntryPoint","urlTemplate":"http:\/\/vincentians.com\/es\/?s={search_term_string}"},"query-input":{"@type":"PropertyValueSpecification","valueRequired":true,"valueName":"search_term_string"}}],"inLanguage":"es"},{"@type":"Organization","@id":"http:\/\/vincentians.com\/es\/#organization","name":"The Vincentian Network","url":"http:\/\/vincentians.com\/es\/","logo":{"@type":"ImageObject","inLanguage":"es","@id":"http:\/\/vincentians.com\/es\/#\/schema\/logo\/image\/","url":"https:\/\/i1.wp.com\/vincentians.com\/es\/wp-content\/uploads\/sites\/11\/2016\/06\/Vincentian-Network-logo-big.png?fit=778%2C778","contentUrl":"https:\/\/i1.wp.com\/vincentians.com\/es\/wp-content\/uploads\/sites\/11\/2016\/06\/Vincentian-Network-logo-big.png?fit=778%2C778","width":778,"height":778,"caption":"The Vincentian Network"},"image":{"@id":"http:\/\/vincentians.com\/es\/#\/schema\/logo\/image\/"},"sameAs":["https:\/\/www.facebook.com\/WeAreVincentians\/","https:\/\/x.com\/WeVincentians"]},{"@type":"Person","@id":"http:\/\/vincentians.com\/es\/#\/schema\/person\/9623ef4d9aa3b2dfb8c061f1499288f2","name":"Francisco Javier Fern\u00e1ndez Chento","image":{"@type":"ImageObject","inLanguage":"es","@id":"http:\/\/vincentians.com\/es\/#\/schema\/person\/image\/","url":"https:\/\/secure.gravatar.com\/avatar\/497d5cde87b4c3d097d0315953521681ba2cd523ee66e5077c3711f7021e65de?s=96&d=mm&r=g","contentUrl":"https:\/\/secure.gravatar.com\/avatar\/497d5cde87b4c3d097d0315953521681ba2cd523ee66e5077c3711f7021e65de?s=96&d=mm&r=g","caption":"Francisco Javier Fern\u00e1ndez Chento"},"description":"Director General y cofundador de La Red de Formaci\u00f3n Vicenciana. Javier es laico vicenciano, afiliado a la Congregaci\u00f3n de la Misi\u00f3n y miembro del Equipo de Misiones Populares de la provincia can\u00f3nica de Zaragoza (Espa\u00f1a) de la Congregaci\u00f3n de la Misi\u00f3n. Graduado en la Universidad Oberta de Catalunya con cuatro grados (Asistente de direcci\u00f3n, Gesti\u00f3n Administrativa, Recursos Humanos y Contabilidad Avanzada). Bil\u00edng\u00fce Espa\u00f1ol\/Ingl\u00e9s. gestiona y mantiene varias p\u00e1ginas web cristianas y vicencianas, incluida including La Red de Formaci\u00f3n Vicenciana, de la que es cofundador. Actualmente es responsable del \u00e1rea de Espa\u00f1ol de .famvin, la Red de Noticias de la Familia Vicenciana. Tambi\u00e9n es m\u00fasico cat\u00f3lico y ha editado varios discos. Es Director General y cofundador de Trovador, una reconocida compa\u00f1\u00eda discogr\u00e1fica critiana de Espa\u00f1a. Trabaja en las Tecnolog\u00edas de la Informaci\u00f3n, ofreciendo servicios de alojamiento, dise\u00f1o y mantenimiento Web, as\u00ed como asesoramiento, formaci\u00f3n y soluciones inform\u00e1ticas, gesti\u00f3n documental y digitalizaci\u00f3n de textos, edici\u00f3n y maquetaci\u00f3n de libros, revistas, flyers, etc.","sameAs":["http:\/\/chento.org","https:\/\/www.facebook.com\/JavierChento","https:\/\/x.com\/https:\/\/twitter.com\/javierchento"],"url":"http:\/\/vincentians.com\/es\/author\/chento\/"}]}},"jetpack_publicize_connections":[],"jetpack_featured_media_url":"https:\/\/i0.wp.com\/vincentians.com\/es\/wp-content\/uploads\/sites\/11\/2012\/12\/ozanam-charity.jpg?fit=1200%2C630","jetpack_sharing_enabled":true,"jetpack_shortlink":"https:\/\/wp.me\/p7ETMF-7r9","jetpack-related-posts":[{"id":405185,"url":"http:\/\/vincentians.com\/es\/ozanam-un-sabio-entre-los-pobres-xvi\/","url_meta":{"origin":28591,"position":0},"title":"OZANAM: UN SABIO ENTRE LOS POBRES (XVI)","author":"Mitxel Olabu\u00e9naga","date":"28\/04\/2024","format":false,"excerpt":"XVI.- TESTAMENTO Antonio Federico Ozanam Esto es mi testamento hol\u00f3grafo que debe ser abierto por el presidente del tribunal civil, o en el extranjero por el C\u00f3nsul de Francia, antes de mi sepultura. En el nombre del Padre, y del Hijo, y del Esp\u00edritu Santo, as\u00ed sea. Hoy, 23 de\u2026","rel":"","context":"En \u00abFederico Ozanam\u00bb","block_context":{"text":"Federico Ozanam","link":"http:\/\/vincentians.com\/es\/category\/la-familia-vicenciana\/fundadores\/federico-ozanam\/"},"img":{"alt_text":"","src":"https:\/\/i0.wp.com\/vincentians.com\/es\/wp-content\/uploads\/sites\/11\/2023\/08\/aaa.jpg?fit=800%2C328&resize=350%2C200","width":350,"height":200,"srcset":"https:\/\/i0.wp.com\/vincentians.com\/es\/wp-content\/uploads\/sites\/11\/2023\/08\/aaa.jpg?fit=800%2C328&resize=350%2C200 1x, https:\/\/i0.wp.com\/vincentians.com\/es\/wp-content\/uploads\/sites\/11\/2023\/08\/aaa.jpg?fit=800%2C328&resize=525%2C300 1.5x, https:\/\/i0.wp.com\/vincentians.com\/es\/wp-content\/uploads\/sites\/11\/2023\/08\/aaa.jpg?fit=800%2C328&resize=700%2C400 2x"},"classes":[]},{"id":91735,"url":"http:\/\/vincentians.com\/es\/carisma-vicenciano-en-el-ser-y-hacer-de-federico-ozanam\/","url_meta":{"origin":28591,"position":1},"title":"Carisma Vicenciano en el ser y hacer de Federico Ozanam","author":"Francisco Javier Fern\u00e1ndez Chento","date":"21\/04\/2015","format":false,"excerpt":"El enunciado del tema \"Carisma Vicenciano\" en el Ser y Hacer de Federico Ozanam que tratar\u00e9 de exponeros en t\u00e9rminos breves y concretos, tiene como fin primordial ampliar el conocimiento en el recinto de la Familia Vicenciana de uno de los que mejor llegaron a comprender y a vivir todo\u2026","rel":"","context":"En \u00abFederico Ozanam\u00bb","block_context":{"text":"Federico Ozanam","link":"http:\/\/vincentians.com\/es\/category\/la-familia-vicenciana\/fundadores\/federico-ozanam\/"},"img":{"alt_text":"","src":"https:\/\/i0.wp.com\/vicencianos.org\/wp-content\/2012\/06\/Federico-Ozanam-5-205x300.jpg?resize=350%2C200","width":350,"height":200},"classes":[]},{"id":28592,"url":"http:\/\/vincentians.com\/es\/ozanam-un-sabio-entre-los-pobres-epilogo\/","url_meta":{"origin":28591,"position":2},"title":"Ozanam, un sabio entre los pobres. Ep\u00edlogo","author":"Francisco Javier Fern\u00e1ndez Chento","date":"15\/03\/2025","format":false,"excerpt":"Para adelanto de la ciencia, Ozanam hab\u00eda pedido en su testamento, que se hiciera la autopsia de su cuerpo. No se descubri\u00f3 rastro alguno de tuberculosis pulmonar, pero se constat\u00f3 que el ri\u00f1\u00f3n derecho hab\u00eda quedado casi completa\u00admente destruido por una inflamaci\u00f3n lenta. A esta afecci\u00f3n se atribuy\u00f3 su muerte.\u2026","rel":"","context":"En \u00abFederico Ozanam\u00bb","block_context":{"text":"Federico Ozanam","link":"http:\/\/vincentians.com\/es\/category\/la-familia-vicenciana\/fundadores\/federico-ozanam\/"},"img":{"alt_text":"","src":"https:\/\/i0.wp.com\/vincentians.com\/es\/wp-content\/uploads\/sites\/11\/2012\/12\/ozanam-charity.jpg?fit=1200%2C630&resize=350%2C200","width":350,"height":200,"srcset":"https:\/\/i0.wp.com\/vincentians.com\/es\/wp-content\/uploads\/sites\/11\/2012\/12\/ozanam-charity.jpg?fit=1200%2C630&resize=350%2C200 1x, https:\/\/i0.wp.com\/vincentians.com\/es\/wp-content\/uploads\/sites\/11\/2012\/12\/ozanam-charity.jpg?fit=1200%2C630&resize=525%2C300 1.5x, https:\/\/i0.wp.com\/vincentians.com\/es\/wp-content\/uploads\/sites\/11\/2012\/12\/ozanam-charity.jpg?fit=1200%2C630&resize=700%2C400 2x, https:\/\/i0.wp.com\/vincentians.com\/es\/wp-content\/uploads\/sites\/11\/2012\/12\/ozanam-charity.jpg?fit=1200%2C630&resize=1050%2C600 3x"},"classes":[]},{"id":405187,"url":"http:\/\/vincentians.com\/es\/ozanam-un-sabio-entre-los-pobres-xvii\/","url_meta":{"origin":28591,"position":3},"title":"OZANAM: UN SABIO ENTRE LOS POBRES (XVII)","author":"Mitxel Olabu\u00e9naga","date":"30\/04\/2024","format":false,"excerpt":"XVII.- EP\u00cdLOGO Para adelanto de la ciencia, Ozanam hab\u00eda pedido en su testamento, que se hiciera la autopsia de su cuerpo. No se descubri\u00f3 rastro alguno de tuberculosis pulmonar, pero se constat\u00f3 que el ri\u00f1\u00f3n derecho hab\u00eda quedado casi completa\u00admente destruido por una inflamaci\u00f3n lenta. A esta afecci\u00f3n se atribuy\u00f3\u2026","rel":"","context":"En \u00abFederico Ozanam\u00bb","block_context":{"text":"Federico Ozanam","link":"http:\/\/vincentians.com\/es\/category\/la-familia-vicenciana\/fundadores\/federico-ozanam\/"},"img":{"alt_text":"","src":"https:\/\/i0.wp.com\/vincentians.com\/es\/wp-content\/uploads\/sites\/11\/2023\/08\/aaa.jpg?fit=800%2C328&resize=350%2C200","width":350,"height":200,"srcset":"https:\/\/i0.wp.com\/vincentians.com\/es\/wp-content\/uploads\/sites\/11\/2023\/08\/aaa.jpg?fit=800%2C328&resize=350%2C200 1x, https:\/\/i0.wp.com\/vincentians.com\/es\/wp-content\/uploads\/sites\/11\/2023\/08\/aaa.jpg?fit=800%2C328&resize=525%2C300 1.5x, https:\/\/i0.wp.com\/vincentians.com\/es\/wp-content\/uploads\/sites\/11\/2023\/08\/aaa.jpg?fit=800%2C328&resize=700%2C400 2x"},"classes":[]},{"id":68492,"url":"http:\/\/vincentians.com\/es\/federico-ozanam-segun-su-correspondencia-33-y-final\/","url_meta":{"origin":28591,"position":4},"title":"Federico Ozanam seg\u00fan su correspondencia (33 y final)","author":"Francisco Javier Fern\u00e1ndez Chento","date":"19\/05\/2024","format":false,"excerpt":"Cap\u00edtulo XXXIII: Beatificaci\u00f3n de Federico Ozanam Homil\u00eda del Papa Juan Pablo II en la XII Jornada Mundial de la Juventud Par\u00eds, viernes 22 de agosto de 1997 1. \"El amor es de Dios\" (1 Jn 4, 7). El evangelio de hoy nos presenta la figura del buen samaritano. Con esta\u2026","rel":"","context":"En \u00abFederico Ozanam\u00bb","block_context":{"text":"Federico Ozanam","link":"http:\/\/vincentians.com\/es\/category\/la-familia-vicenciana\/fundadores\/federico-ozanam\/"},"img":{"alt_text":"","src":"https:\/\/i0.wp.com\/vincentians.com\/es\/wp-content\/uploads\/sites\/11\/2014\/12\/ozanam-the-poet.jpg?fit=1200%2C630&resize=350%2C200","width":350,"height":200,"srcset":"https:\/\/i0.wp.com\/vincentians.com\/es\/wp-content\/uploads\/sites\/11\/2014\/12\/ozanam-the-poet.jpg?fit=1200%2C630&resize=350%2C200 1x, https:\/\/i0.wp.com\/vincentians.com\/es\/wp-content\/uploads\/sites\/11\/2014\/12\/ozanam-the-poet.jpg?fit=1200%2C630&resize=525%2C300 1.5x, https:\/\/i0.wp.com\/vincentians.com\/es\/wp-content\/uploads\/sites\/11\/2014\/12\/ozanam-the-poet.jpg?fit=1200%2C630&resize=700%2C400 2x, https:\/\/i0.wp.com\/vincentians.com\/es\/wp-content\/uploads\/sites\/11\/2014\/12\/ozanam-the-poet.jpg?fit=1200%2C630&resize=1050%2C600 3x"},"classes":[]},{"id":47948,"url":"http:\/\/vincentians.com\/es\/homilia-del-papa-juan-pablo-ii-en-la-misa-de-beatificacion-de-federico-ozanam\/","url_meta":{"origin":28591,"position":5},"title":"Homil\u00eda del Papa Juan Pablo II, en la Misa de beatificaci\u00f3n de Federico Ozanam","author":"Francisco Javier Fern\u00e1ndez Chento","date":"09\/08\/2011","format":false,"excerpt":"1. \"El amor viene de Dios\" (1 Jn 4,7). El Evangelio de hoy nos presenta la figura del buen Samaritano. En esta par\u00e1bola Cristo quiere mostrar a sus oyentes qui\u00e9n es el pr\u00f3jimo citado en el principal mandamiento de la Ley Divina: \"Amar\u00e1s al Se\u00f1or tu Dios con todo tu\u2026","rel":"","context":"En \u00abFederico Ozanam\u00bb","block_context":{"text":"Federico Ozanam","link":"http:\/\/vincentians.com\/es\/category\/la-familia-vicenciana\/fundadores\/federico-ozanam\/"},"img":{"alt_text":"","src":"https:\/\/i0.wp.com\/vicencianos.org\/wp-content\/2011\/01\/ozanam1-260x300.png?resize=350%2C200","width":350,"height":200},"classes":[]}],"_links":{"self":[{"href":"http:\/\/vincentians.com\/es\/wp-json\/wp\/v2\/posts\/28591","targetHints":{"allow":["GET"]}}],"collection":[{"href":"http:\/\/vincentians.com\/es\/wp-json\/wp\/v2\/posts"}],"about":[{"href":"http:\/\/vincentians.com\/es\/wp-json\/wp\/v2\/types\/post"}],"author":[{"embeddable":true,"href":"http:\/\/vincentians.com\/es\/wp-json\/wp\/v2\/users\/4"}],"replies":[{"embeddable":true,"href":"http:\/\/vincentians.com\/es\/wp-json\/wp\/v2\/comments?post=28591"}],"version-history":[{"count":1,"href":"http:\/\/vincentians.com\/es\/wp-json\/wp\/v2\/posts\/28591\/revisions"}],"predecessor-version":[{"id":405921,"href":"http:\/\/vincentians.com\/es\/wp-json\/wp\/v2\/posts\/28591\/revisions\/405921"}],"wp:featuredmedia":[{"embeddable":true,"href":"http:\/\/vincentians.com\/es\/wp-json\/wp\/v2\/media\/149697"}],"wp:attachment":[{"href":"http:\/\/vincentians.com\/es\/wp-json\/wp\/v2\/media?parent=28591"}],"wp:term":[{"taxonomy":"category","embeddable":true,"href":"http:\/\/vincentians.com\/es\/wp-json\/wp\/v2\/categories?post=28591"},{"taxonomy":"post_tag","embeddable":true,"href":"http:\/\/vincentians.com\/es\/wp-json\/wp\/v2\/tags?post=28591"}],"curies":[{"name":"wp","href":"https:\/\/api.w.org\/{rel}","templated":true}]}}