{"id":27346,"date":"2013-08-26T14:17:15","date_gmt":"2013-08-26T12:17:15","guid":{"rendered":"http:\/\/somos.vicencianos.org\/blog\/27346\/constructores-de-la-paz-capitulo-v\/"},"modified":"2013-08-26T14:17:15","modified_gmt":"2013-08-26T12:17:15","slug":"constructores-de-la-paz-capitulo-v","status":"publish","type":"post","link":"http:\/\/vincentians.com\/es\/constructores-de-la-paz-capitulo-v\/","title":{"rendered":"Constructores de la Paz (Cap\u00edtulo V)"},"content":{"rendered":"<p><a href=\"https:\/\/i0.wp.com\/vicencianos.org\/wp-content\/2010\/12\/Paz.jpg\"><img data-recalc-dims=\"1\" loading=\"lazy\" decoding=\"async\" class=\"alignright size-medium wp-image-25757\" alt=\"\" src=\"https:\/\/i0.wp.com\/vicencianos.org\/wp-content\/2010\/12\/Paz-247x300.jpg?resize=247%2C300\" width=\"247\" height=\"300\" \/><\/a><strong>CAP\u00cdTULO V<\/strong><\/p>\n<p><strong><strong><strong><strong><strong><strong><strong><strong><strong><strong><strong><strong>EXIGENCIAS \u00c9TICAS DE NUESTRA DEFENSA EN EL MARCO DE EUROPA<\/strong><\/strong><\/strong><\/strong><\/strong><\/strong><\/strong><\/strong><\/strong><\/strong><\/strong><\/strong><\/p>\n<p>99. Los espa\u00f1oles formamos parte de Europa por nuestra historia y nuestra cultura. La reciente incorporaci\u00f3n a las Comunidades Europeas ha fortalecido nuestras relaciones con Europa y aumentado nuestras obligaciones de solidaridad con los pa\u00edses europeos. A partir de esta condici\u00f3n europea, los espa\u00f1oles tienen (o han tenido) que decidir las caracter\u00edsticas m\u00e1s generales de su organizaci\u00f3n defensiva. Tambi\u00e9n aqu\u00ed, dejando aparte las decisiones o preferencias pol\u00edticas que no son incumbencia directa de la Iglesia, queremos ofrecer algunas consideraciones de naturaleza moral y \u00e9tica que puedan ayudar a los cat\u00f3licos y a quienes quieran escuchar nuestra voz a formarse un juicio moralmente recto sobre estas complicadas cuestiones en las que todos tenemos alguna responsabilidad.<\/p>\n<h2>1. CONTRIBUCI\u00d3N DE EUROPA A LA PAZ<\/h2>\n<p>100. Las circunstancias hist\u00f3ricas de Europa hacen que las naciones europeas sientan fuertemente el deseo y la necesidad dela paz.<\/p>\n<p>Todas las naciones europeas tienen en su historia y en sus mismos or\u00edgenes la savia de la tradici\u00f3n cristiana. De algunas de ellas han nacido doctrinas y experiencias pol\u00edticas que han fomentado en el mundo entero el reconocimiento de los derechos humanos y de la democracia. Aunque tambi\u00e9n es cierto que de Europa han nacido ideolog\u00edas totalitarias y expansionistas que provocaron guerras y revoluciones sangrientas.<\/p>\n<p>La misma experiencia de las numerosas guerras que se han desarrollado en su territorio y muy especialmente las consecuencias terribles de la ultima guerra mundial han desarrollado parad\u00f3jicamente entre los europeos un vivo anhelo de paz y la repulsa de la guerra. No se puede desconocer que Europa, la Europa real e hist\u00f3rica, sigue dividida por la fuerza, que en muchos pa\u00edses europeos no est\u00e1n reconocidos los derechos humanos, que las naciones europeas sufrieron los estragos de la guerra hasta la destrucci\u00f3n.<\/p>\n<p>La integraci\u00f3n y la solidaridad con Europa no puede ser \u00fanicamente una cuesti\u00f3n de mercados y de prestaciones econ\u00f3micas. Construir la paz de Europa y con Europa ha de ser un objetivo importante para nosotros. Ello supone apoyar decididamente las instituciones e iniciativas que trabajan en favor del reconocimiento de los derechos humanos, de la colaboraci\u00f3n y la comunicaci\u00f3n entre todos los pueblos de Europa, desde el Atl\u00e1ntico a los Urales.<\/p>\n<p>101. Ser\u00eda de desear que utiliz\u00e1ramos nuestra participaci\u00f3n en las instituciones europeas para hacer presente las necesidades y las justas expectativas de los pa\u00edses subdesarrollados de una manera especial los pa\u00edses hispanoamericanos, agobiados por la pobreza, el endeudamiento exterior y las tensiones pol\u00edticas, deben encontrar en nosotros un aliado leal y desinteresado.<\/p>\n<h2>2. ORGANIZAR NUESTRA DEFENSA EN UNA PERSPECTIVA DE PAZ<\/h2>\n<p>102. En el momento de colaborar directamente en la construcci\u00f3n de esa paz que tanto anhelan y desean los pueblos europeos, tenemos que plantearnos dos graves decisiones: nuestra actitud ante la carrera de armamentos y la forma de organizar nuestra defensa. Respetando el campo de responsabilidad de los gobernantes y pol\u00edticos, queremos manifestar nuestra preocupaci\u00f3n en este campo y ofrecer algunas orientaciones inspiradas en el Evangelio para colaborar desde nuestro punto de vista de cristianos y de pastores de la comunidad a la formaci\u00f3n de la opini\u00f3n publica sobre tan importantes decisiones.<\/p>\n<p>Si queremos compartir el futuro con los dem\u00e1s pueblos de Europa se plantea la cuesti\u00f3n de si es \u00e9tico o no integrarse en las alianzas militares de las que forman parte la mayor\u00eda de los pa\u00edses europeos y occidentales. En funci\u00f3n de lo que llevamos dicho hemos de afirmar, lo que el criterio determinante para una tal decisi\u00f3n ha de ser la b\u00fasqueda leal y sincera de la paz nacional e internacional en estrecha colaboraci\u00f3n con todos los esfuerzos y proyectos encaminados a construir la paz; que es una cuesti\u00f3n de \u00edndole directamente pol\u00edtica la forma concreta de servir mejor a estos objetivos; que, por consiguiente, no se puede imponer ninguna de las soluciones posibles por razones estrictamente religiosas o morales; que cualquiera que sea la soluci\u00f3n adoptada por las instituciones competentes nuestra organizaci\u00f3n defensiva debe estar decididamente ordenada a la supresi\u00f3n de la guerra y al servicio positivo de la paz nacional e internacional.<\/p>\n<p>103. Organizar la defensa para el servicio de la paz requiere abstenerse de entrar en la l\u00f3gica del armamentismo. De aqu\u00ed que nos preocupe el fuerte incremento de los presupuestos militares durante los \u00faltimos a\u00f1os y el aumento espectacular de las ventas de armas a terceros pa\u00edses. Nos preguntamos hasta qu\u00e9 punto la fabricaci\u00f3n y la venta de armas no est\u00e1n siendo promovidas como eje central de nuestro desarrollo industrial y econ\u00f3mico. Sin rechazar los gastos necesarios para una justa y proporcionada organizaci\u00f3n de la defensa, no podemos menos de alertar contra el riesgo de un armamentismo que acabar\u00eda alterando profundamente la moralidad de nuestra vida social y el car\u00e1cter pac\u00edfico de nuestras relaciones internacionales.<span id='easy-footnote-1-27346' class='easy-footnote-margin-adjust'><\/span><span class='easy-footnote'><a href='http:\/\/vincentians.com\/es\/constructores-de-la-paz-capitulo-v\/#easy-footnote-bottom-1-27346' title='JUAN PABLO II, Homil\u00eda en Loyola, 6-XI-1982, 6.'><sup>1<\/sup><\/a><\/span>\n<p>104. Para ser compatible con una verdadera inspiraci\u00f3n \u00e9tica, la organizaci\u00f3n de la defensa tiene que ser proporcional a los recursos disponibles de manera que en situaciones normales no se sustraigan los recursos necesarios para la promoci\u00f3n econ\u00f3mica y cultural de los m\u00e1s necesitados y de la sociedad entera. Dentro o fuera de la OTAN, es preciso promover decididamente todo aquello que nos acerque a la desaparici\u00f3n de los bloques, al desarme bilateral y total, la instauraci\u00f3n de un nuevo orden internacional capaz de garantizar s\u00f3lidamente la paz en el respeto a la libertad y los derechos de todos los pueblos de la tierra. Las naciones ricas, entre las cuales debemos contarnos a pesar de nuestras carencias y dificultades, no podemos organizar nuestra propia vida pol\u00edtica y econ\u00f3mica sin un esp\u00edritu de solidaridad con los pueblos m\u00e1s pobres de la tierra. En una \u00e9poca de conciencia planetaria como la nuestra, no puede haber pol\u00edtica ni estrategia verdaderamente \u00e9tica y humana si no se inspira en un sentimiento universal de solidaridad y responsabilidad.<\/p>\n","protected":false},"excerpt":{"rendered":"<p>CAP\u00cdTULO V EXIGENCIAS \u00c9TICAS DE NUESTRA DEFENSA EN EL MARCO DE EUROPA 99. Los espa\u00f1oles formamos parte de Europa por nuestra historia y nuestra cultura. La reciente incorporaci\u00f3n a las Comunidades Europeas ha fortalecido nuestras &#8230; <a href=\"http:\/\/vincentians.com\/es\/constructores-de-la-paz-capitulo-v\/\" class=\"more-link\">Read More<\/a><\/p>\n","protected":false},"author":4,"featured_media":393762,"comment_status":"open","ping_status":"open","sticky":false,"template":"","format":"standard","meta":{"jetpack_post_was_ever_published":false,"_jetpack_newsletter_access":"","_jetpack_dont_email_post_to_subs":false,"_jetpack_newsletter_tier_id":0,"_jetpack_memberships_contains_paywalled_content":false,"_jetpack_memberships_contains_paid_content":false,"footnotes":"","jetpack_publicize_message":"","jetpack_publicize_feature_enabled":true,"jetpack_social_post_already_shared":true,"jetpack_social_options":{"image_generator_settings":{"template":"highway","default_image_id":0,"font":"","enabled":false},"version":2}},"categories":[341],"tags":[172],"class_list":["post-27346","post","type-post","status-publish","format-standard","has-post-thumbnail","hentry","category-conferencia-episcopal-espanola","tag-pobreza"],"yoast_head":"<!-- This site is optimized with the Yoast SEO plugin v26.3 - https:\/\/yoast.com\/wordpress\/plugins\/seo\/ -->\n<title>Constructores de la Paz (Cap\u00edtulo V) - Somos Vicencianos<\/title>\n<meta name=\"robots\" content=\"index, follow, max-snippet:-1, max-image-preview:large, max-video-preview:-1\" \/>\n<link rel=\"canonical\" href=\"https:\/\/vincentians.com\/es\/constructores-de-la-paz-capitulo-v\/\" \/>\n<meta property=\"og:locale\" content=\"es_ES\" \/>\n<meta property=\"og:type\" content=\"article\" \/>\n<meta property=\"og:title\" content=\"Constructores de la Paz (Cap\u00edtulo V) - Somos Vicencianos\" \/>\n<meta property=\"og:description\" content=\"CAP\u00cdTULO V EXIGENCIAS \u00c9TICAS DE NUESTRA DEFENSA EN EL MARCO DE EUROPA 99. Los espa\u00f1oles formamos parte de Europa por nuestra historia y nuestra cultura. La reciente incorporaci\u00f3n a las Comunidades Europeas ha fortalecido nuestras ... Read More\" \/>\n<meta property=\"og:url\" content=\"https:\/\/vincentians.com\/es\/constructores-de-la-paz-capitulo-v\/\" \/>\n<meta property=\"og:site_name\" content=\"Somos Vicencianos\" \/>\n<meta property=\"article:publisher\" content=\"https:\/\/www.facebook.com\/WeAreVincentians\/\" \/>\n<meta property=\"article:author\" content=\"https:\/\/www.facebook.com\/JavierChento\" \/>\n<meta property=\"article:published_time\" content=\"2013-08-26T12:17:15+00:00\" \/>\n<meta property=\"og:image\" content=\"https:\/\/i0.wp.com\/vincentians.com\/es\/wp-content\/uploads\/sites\/11\/2016\/07\/conferencia-episcopal-espanyola.jpg?fit=1200%2C630&ssl=1\" \/>\n\t<meta property=\"og:image:width\" content=\"1200\" \/>\n\t<meta property=\"og:image:height\" content=\"630\" \/>\n\t<meta property=\"og:image:type\" content=\"image\/jpeg\" \/>\n<meta name=\"author\" content=\"Francisco Javier Fern\u00e1ndez Chento\" \/>\n<meta name=\"twitter:card\" content=\"summary_large_image\" \/>\n<meta name=\"twitter:creator\" content=\"@https:\/\/twitter.com\/javierchento\" \/>\n<meta name=\"twitter:site\" content=\"@WeVincentians\" \/>\n<meta name=\"twitter:label1\" content=\"Escrito por\" \/>\n\t<meta name=\"twitter:data1\" content=\"Francisco Javier Fern\u00e1ndez Chento\" \/>\n\t<meta name=\"twitter:label2\" content=\"Tiempo de lectura\" \/>\n\t<meta name=\"twitter:data2\" content=\"5 minutos\" \/>\n<script type=\"application\/ld+json\" class=\"yoast-schema-graph\">{\"@context\":\"https:\/\/schema.org\",\"@graph\":[{\"@type\":\"Article\",\"@id\":\"https:\/\/vincentians.com\/es\/constructores-de-la-paz-capitulo-v\/#article\",\"isPartOf\":{\"@id\":\"https:\/\/vincentians.com\/es\/constructores-de-la-paz-capitulo-v\/\"},\"author\":{\"name\":\"Francisco Javier Fern\u00e1ndez Chento\",\"@id\":\"http:\/\/vincentians.com\/es\/#\/schema\/person\/9623ef4d9aa3b2dfb8c061f1499288f2\"},\"headline\":\"Constructores de la Paz (Cap\u00edtulo V)\",\"datePublished\":\"2013-08-26T12:17:15+00:00\",\"mainEntityOfPage\":{\"@id\":\"https:\/\/vincentians.com\/es\/constructores-de-la-paz-capitulo-v\/\"},\"wordCount\":1052,\"commentCount\":0,\"publisher\":{\"@id\":\"http:\/\/vincentians.com\/es\/#organization\"},\"image\":{\"@id\":\"https:\/\/vincentians.com\/es\/constructores-de-la-paz-capitulo-v\/#primaryimage\"},\"thumbnailUrl\":\"https:\/\/i0.wp.com\/vincentians.com\/es\/wp-content\/uploads\/sites\/11\/2016\/07\/conferencia-episcopal-espanyola.jpg?fit=1200%2C630\",\"keywords\":[\"Pobreza\"],\"articleSection\":[\"Conferencia Episcopal Espa\u00f1ola\"],\"inLanguage\":\"es\",\"potentialAction\":[{\"@type\":\"CommentAction\",\"name\":\"Comment\",\"target\":[\"https:\/\/vincentians.com\/es\/constructores-de-la-paz-capitulo-v\/#respond\"]}]},{\"@type\":\"WebPage\",\"@id\":\"https:\/\/vincentians.com\/es\/constructores-de-la-paz-capitulo-v\/\",\"url\":\"https:\/\/vincentians.com\/es\/constructores-de-la-paz-capitulo-v\/\",\"name\":\"Constructores de la Paz (Cap\u00edtulo V) - Somos Vicencianos\",\"isPartOf\":{\"@id\":\"http:\/\/vincentians.com\/es\/#website\"},\"primaryImageOfPage\":{\"@id\":\"https:\/\/vincentians.com\/es\/constructores-de-la-paz-capitulo-v\/#primaryimage\"},\"image\":{\"@id\":\"https:\/\/vincentians.com\/es\/constructores-de-la-paz-capitulo-v\/#primaryimage\"},\"thumbnailUrl\":\"https:\/\/i0.wp.com\/vincentians.com\/es\/wp-content\/uploads\/sites\/11\/2016\/07\/conferencia-episcopal-espanyola.jpg?fit=1200%2C630\",\"datePublished\":\"2013-08-26T12:17:15+00:00\",\"breadcrumb\":{\"@id\":\"https:\/\/vincentians.com\/es\/constructores-de-la-paz-capitulo-v\/#breadcrumb\"},\"inLanguage\":\"es\",\"potentialAction\":[{\"@type\":\"ReadAction\",\"target\":[\"https:\/\/vincentians.com\/es\/constructores-de-la-paz-capitulo-v\/\"]}]},{\"@type\":\"ImageObject\",\"inLanguage\":\"es\",\"@id\":\"https:\/\/vincentians.com\/es\/constructores-de-la-paz-capitulo-v\/#primaryimage\",\"url\":\"https:\/\/i0.wp.com\/vincentians.com\/es\/wp-content\/uploads\/sites\/11\/2016\/07\/conferencia-episcopal-espanyola.jpg?fit=1200%2C630\",\"contentUrl\":\"https:\/\/i0.wp.com\/vincentians.com\/es\/wp-content\/uploads\/sites\/11\/2016\/07\/conferencia-episcopal-espanyola.jpg?fit=1200%2C630\",\"width\":1200,\"height\":630},{\"@type\":\"BreadcrumbList\",\"@id\":\"https:\/\/vincentians.com\/es\/constructores-de-la-paz-capitulo-v\/#breadcrumb\",\"itemListElement\":[{\"@type\":\"ListItem\",\"position\":1,\"name\":\"Portada\",\"item\":\"http:\/\/vincentians.com\/es\/\"},{\"@type\":\"ListItem\",\"position\":2,\"name\":\"Constructores de la Paz (Cap\u00edtulo V)\"}]},{\"@type\":\"WebSite\",\"@id\":\"http:\/\/vincentians.com\/es\/#website\",\"url\":\"http:\/\/vincentians.com\/es\/\",\"name\":\"Somos Vicencianos\",\"description\":\"Know more to serve more\",\"publisher\":{\"@id\":\"http:\/\/vincentians.com\/es\/#organization\"},\"potentialAction\":[{\"@type\":\"SearchAction\",\"target\":{\"@type\":\"EntryPoint\",\"urlTemplate\":\"http:\/\/vincentians.com\/es\/?s={search_term_string}\"},\"query-input\":{\"@type\":\"PropertyValueSpecification\",\"valueRequired\":true,\"valueName\":\"search_term_string\"}}],\"inLanguage\":\"es\"},{\"@type\":\"Organization\",\"@id\":\"http:\/\/vincentians.com\/es\/#organization\",\"name\":\"The Vincentian Network\",\"url\":\"http:\/\/vincentians.com\/es\/\",\"logo\":{\"@type\":\"ImageObject\",\"inLanguage\":\"es\",\"@id\":\"http:\/\/vincentians.com\/es\/#\/schema\/logo\/image\/\",\"url\":\"https:\/\/i1.wp.com\/vincentians.com\/es\/wp-content\/uploads\/sites\/11\/2016\/06\/Vincentian-Network-logo-big.png?fit=778%2C778\",\"contentUrl\":\"https:\/\/i1.wp.com\/vincentians.com\/es\/wp-content\/uploads\/sites\/11\/2016\/06\/Vincentian-Network-logo-big.png?fit=778%2C778\",\"width\":778,\"height\":778,\"caption\":\"The Vincentian Network\"},\"image\":{\"@id\":\"http:\/\/vincentians.com\/es\/#\/schema\/logo\/image\/\"},\"sameAs\":[\"https:\/\/www.facebook.com\/WeAreVincentians\/\",\"https:\/\/x.com\/WeVincentians\"]},{\"@type\":\"Person\",\"@id\":\"http:\/\/vincentians.com\/es\/#\/schema\/person\/9623ef4d9aa3b2dfb8c061f1499288f2\",\"name\":\"Francisco Javier Fern\u00e1ndez Chento\",\"image\":{\"@type\":\"ImageObject\",\"inLanguage\":\"es\",\"@id\":\"http:\/\/vincentians.com\/es\/#\/schema\/person\/image\/\",\"url\":\"https:\/\/secure.gravatar.com\/avatar\/497d5cde87b4c3d097d0315953521681ba2cd523ee66e5077c3711f7021e65de?s=96&d=mm&r=g\",\"contentUrl\":\"https:\/\/secure.gravatar.com\/avatar\/497d5cde87b4c3d097d0315953521681ba2cd523ee66e5077c3711f7021e65de?s=96&d=mm&r=g\",\"caption\":\"Francisco Javier Fern\u00e1ndez Chento\"},\"description\":\"Director General y cofundador de La Red de Formaci\u00f3n Vicenciana. Javier es laico vicenciano, afiliado a la Congregaci\u00f3n de la Misi\u00f3n y miembro del Equipo de Misiones Populares de la provincia can\u00f3nica de Zaragoza (Espa\u00f1a) de la Congregaci\u00f3n de la Misi\u00f3n. Graduado en la Universidad Oberta de Catalunya con cuatro grados (Asistente de direcci\u00f3n, Gesti\u00f3n Administrativa, Recursos Humanos y Contabilidad Avanzada). Bil\u00edng\u00fce Espa\u00f1ol\/Ingl\u00e9s. gestiona y mantiene varias p\u00e1ginas web cristianas y vicencianas, incluida including La Red de Formaci\u00f3n Vicenciana, de la que es cofundador. Actualmente es responsable del \u00e1rea de Espa\u00f1ol de .famvin, la Red de Noticias de la Familia Vicenciana. Tambi\u00e9n es m\u00fasico cat\u00f3lico y ha editado varios discos. Es Director General y cofundador de Trovador, una reconocida compa\u00f1\u00eda discogr\u00e1fica critiana de Espa\u00f1a. Trabaja en las Tecnolog\u00edas de la Informaci\u00f3n, ofreciendo servicios de alojamiento, dise\u00f1o y mantenimiento Web, as\u00ed como asesoramiento, formaci\u00f3n y soluciones inform\u00e1ticas, gesti\u00f3n documental y digitalizaci\u00f3n de textos, edici\u00f3n y maquetaci\u00f3n de libros, revistas, flyers, etc.\",\"sameAs\":[\"http:\/\/chento.org\",\"https:\/\/www.facebook.com\/JavierChento\",\"https:\/\/x.com\/https:\/\/twitter.com\/javierchento\"],\"url\":\"http:\/\/vincentians.com\/es\/author\/chento\/\"}]}<\/script>\n<!-- \/ Yoast SEO plugin. -->","yoast_head_json":{"title":"Constructores de la Paz (Cap\u00edtulo V) - Somos Vicencianos","robots":{"index":"index","follow":"follow","max-snippet":"max-snippet:-1","max-image-preview":"max-image-preview:large","max-video-preview":"max-video-preview:-1"},"canonical":"https:\/\/vincentians.com\/es\/constructores-de-la-paz-capitulo-v\/","og_locale":"es_ES","og_type":"article","og_title":"Constructores de la Paz (Cap\u00edtulo V) - Somos Vicencianos","og_description":"CAP\u00cdTULO V EXIGENCIAS \u00c9TICAS DE NUESTRA DEFENSA EN EL MARCO DE EUROPA 99. Los espa\u00f1oles formamos parte de Europa por nuestra historia y nuestra cultura. La reciente incorporaci\u00f3n a las Comunidades Europeas ha fortalecido nuestras ... Read More","og_url":"https:\/\/vincentians.com\/es\/constructores-de-la-paz-capitulo-v\/","og_site_name":"Somos Vicencianos","article_publisher":"https:\/\/www.facebook.com\/WeAreVincentians\/","article_author":"https:\/\/www.facebook.com\/JavierChento","article_published_time":"2013-08-26T12:17:15+00:00","og_image":[{"width":1200,"height":630,"url":"https:\/\/i0.wp.com\/vincentians.com\/es\/wp-content\/uploads\/sites\/11\/2016\/07\/conferencia-episcopal-espanyola.jpg?fit=1200%2C630&ssl=1","type":"image\/jpeg"}],"author":"Francisco Javier Fern\u00e1ndez Chento","twitter_card":"summary_large_image","twitter_creator":"@https:\/\/twitter.com\/javierchento","twitter_site":"@WeVincentians","twitter_misc":{"Escrito por":"Francisco Javier Fern\u00e1ndez Chento","Tiempo de lectura":"5 minutos"},"schema":{"@context":"https:\/\/schema.org","@graph":[{"@type":"Article","@id":"https:\/\/vincentians.com\/es\/constructores-de-la-paz-capitulo-v\/#article","isPartOf":{"@id":"https:\/\/vincentians.com\/es\/constructores-de-la-paz-capitulo-v\/"},"author":{"name":"Francisco Javier Fern\u00e1ndez Chento","@id":"http:\/\/vincentians.com\/es\/#\/schema\/person\/9623ef4d9aa3b2dfb8c061f1499288f2"},"headline":"Constructores de la Paz (Cap\u00edtulo V)","datePublished":"2013-08-26T12:17:15+00:00","mainEntityOfPage":{"@id":"https:\/\/vincentians.com\/es\/constructores-de-la-paz-capitulo-v\/"},"wordCount":1052,"commentCount":0,"publisher":{"@id":"http:\/\/vincentians.com\/es\/#organization"},"image":{"@id":"https:\/\/vincentians.com\/es\/constructores-de-la-paz-capitulo-v\/#primaryimage"},"thumbnailUrl":"https:\/\/i0.wp.com\/vincentians.com\/es\/wp-content\/uploads\/sites\/11\/2016\/07\/conferencia-episcopal-espanyola.jpg?fit=1200%2C630","keywords":["Pobreza"],"articleSection":["Conferencia Episcopal Espa\u00f1ola"],"inLanguage":"es","potentialAction":[{"@type":"CommentAction","name":"Comment","target":["https:\/\/vincentians.com\/es\/constructores-de-la-paz-capitulo-v\/#respond"]}]},{"@type":"WebPage","@id":"https:\/\/vincentians.com\/es\/constructores-de-la-paz-capitulo-v\/","url":"https:\/\/vincentians.com\/es\/constructores-de-la-paz-capitulo-v\/","name":"Constructores de la Paz (Cap\u00edtulo V) - Somos Vicencianos","isPartOf":{"@id":"http:\/\/vincentians.com\/es\/#website"},"primaryImageOfPage":{"@id":"https:\/\/vincentians.com\/es\/constructores-de-la-paz-capitulo-v\/#primaryimage"},"image":{"@id":"https:\/\/vincentians.com\/es\/constructores-de-la-paz-capitulo-v\/#primaryimage"},"thumbnailUrl":"https:\/\/i0.wp.com\/vincentians.com\/es\/wp-content\/uploads\/sites\/11\/2016\/07\/conferencia-episcopal-espanyola.jpg?fit=1200%2C630","datePublished":"2013-08-26T12:17:15+00:00","breadcrumb":{"@id":"https:\/\/vincentians.com\/es\/constructores-de-la-paz-capitulo-v\/#breadcrumb"},"inLanguage":"es","potentialAction":[{"@type":"ReadAction","target":["https:\/\/vincentians.com\/es\/constructores-de-la-paz-capitulo-v\/"]}]},{"@type":"ImageObject","inLanguage":"es","@id":"https:\/\/vincentians.com\/es\/constructores-de-la-paz-capitulo-v\/#primaryimage","url":"https:\/\/i0.wp.com\/vincentians.com\/es\/wp-content\/uploads\/sites\/11\/2016\/07\/conferencia-episcopal-espanyola.jpg?fit=1200%2C630","contentUrl":"https:\/\/i0.wp.com\/vincentians.com\/es\/wp-content\/uploads\/sites\/11\/2016\/07\/conferencia-episcopal-espanyola.jpg?fit=1200%2C630","width":1200,"height":630},{"@type":"BreadcrumbList","@id":"https:\/\/vincentians.com\/es\/constructores-de-la-paz-capitulo-v\/#breadcrumb","itemListElement":[{"@type":"ListItem","position":1,"name":"Portada","item":"http:\/\/vincentians.com\/es\/"},{"@type":"ListItem","position":2,"name":"Constructores de la Paz (Cap\u00edtulo V)"}]},{"@type":"WebSite","@id":"http:\/\/vincentians.com\/es\/#website","url":"http:\/\/vincentians.com\/es\/","name":"Somos Vicencianos","description":"Know more to serve more","publisher":{"@id":"http:\/\/vincentians.com\/es\/#organization"},"potentialAction":[{"@type":"SearchAction","target":{"@type":"EntryPoint","urlTemplate":"http:\/\/vincentians.com\/es\/?s={search_term_string}"},"query-input":{"@type":"PropertyValueSpecification","valueRequired":true,"valueName":"search_term_string"}}],"inLanguage":"es"},{"@type":"Organization","@id":"http:\/\/vincentians.com\/es\/#organization","name":"The Vincentian Network","url":"http:\/\/vincentians.com\/es\/","logo":{"@type":"ImageObject","inLanguage":"es","@id":"http:\/\/vincentians.com\/es\/#\/schema\/logo\/image\/","url":"https:\/\/i1.wp.com\/vincentians.com\/es\/wp-content\/uploads\/sites\/11\/2016\/06\/Vincentian-Network-logo-big.png?fit=778%2C778","contentUrl":"https:\/\/i1.wp.com\/vincentians.com\/es\/wp-content\/uploads\/sites\/11\/2016\/06\/Vincentian-Network-logo-big.png?fit=778%2C778","width":778,"height":778,"caption":"The Vincentian Network"},"image":{"@id":"http:\/\/vincentians.com\/es\/#\/schema\/logo\/image\/"},"sameAs":["https:\/\/www.facebook.com\/WeAreVincentians\/","https:\/\/x.com\/WeVincentians"]},{"@type":"Person","@id":"http:\/\/vincentians.com\/es\/#\/schema\/person\/9623ef4d9aa3b2dfb8c061f1499288f2","name":"Francisco Javier Fern\u00e1ndez Chento","image":{"@type":"ImageObject","inLanguage":"es","@id":"http:\/\/vincentians.com\/es\/#\/schema\/person\/image\/","url":"https:\/\/secure.gravatar.com\/avatar\/497d5cde87b4c3d097d0315953521681ba2cd523ee66e5077c3711f7021e65de?s=96&d=mm&r=g","contentUrl":"https:\/\/secure.gravatar.com\/avatar\/497d5cde87b4c3d097d0315953521681ba2cd523ee66e5077c3711f7021e65de?s=96&d=mm&r=g","caption":"Francisco Javier Fern\u00e1ndez Chento"},"description":"Director General y cofundador de La Red de Formaci\u00f3n Vicenciana. Javier es laico vicenciano, afiliado a la Congregaci\u00f3n de la Misi\u00f3n y miembro del Equipo de Misiones Populares de la provincia can\u00f3nica de Zaragoza (Espa\u00f1a) de la Congregaci\u00f3n de la Misi\u00f3n. Graduado en la Universidad Oberta de Catalunya con cuatro grados (Asistente de direcci\u00f3n, Gesti\u00f3n Administrativa, Recursos Humanos y Contabilidad Avanzada). Bil\u00edng\u00fce Espa\u00f1ol\/Ingl\u00e9s. gestiona y mantiene varias p\u00e1ginas web cristianas y vicencianas, incluida including La Red de Formaci\u00f3n Vicenciana, de la que es cofundador. Actualmente es responsable del \u00e1rea de Espa\u00f1ol de .famvin, la Red de Noticias de la Familia Vicenciana. Tambi\u00e9n es m\u00fasico cat\u00f3lico y ha editado varios discos. Es Director General y cofundador de Trovador, una reconocida compa\u00f1\u00eda discogr\u00e1fica critiana de Espa\u00f1a. Trabaja en las Tecnolog\u00edas de la Informaci\u00f3n, ofreciendo servicios de alojamiento, dise\u00f1o y mantenimiento Web, as\u00ed como asesoramiento, formaci\u00f3n y soluciones inform\u00e1ticas, gesti\u00f3n documental y digitalizaci\u00f3n de textos, edici\u00f3n y maquetaci\u00f3n de libros, revistas, flyers, etc.","sameAs":["http:\/\/chento.org","https:\/\/www.facebook.com\/JavierChento","https:\/\/x.com\/https:\/\/twitter.com\/javierchento"],"url":"http:\/\/vincentians.com\/es\/author\/chento\/"}]}},"jetpack_publicize_connections":[],"jetpack_featured_media_url":"https:\/\/i0.wp.com\/vincentians.com\/es\/wp-content\/uploads\/sites\/11\/2016\/07\/conferencia-episcopal-espanyola.jpg?fit=1200%2C630","jetpack_sharing_enabled":true,"jetpack_shortlink":"https:\/\/wp.me\/p7ETMF-774","jetpack-related-posts":[{"id":119555,"url":"http:\/\/vincentians.com\/es\/san-vicente-de-paul-y-su-entronque-hispanico-vi\/","url_meta":{"origin":27346,"position":0},"title":"San Vicente de Pa\u00fal y su entronque hisp\u00e1nico (VI)","author":"Francisco Javier Fern\u00e1ndez Chento","date":"10\/05\/2013","format":false,"excerpt":"Cap\u00edtulo III: Emparentamiento del afecto \u00bfConoci\u00f3 San Vicente de Pa\u00fal a Espa\u00f1a y a los espa\u00f1oles? Qu\u00e9 pensaba de ellos? \u00bfLe conocieron a \u00e9l los espa\u00f1oles? \u00bfTuvo proyectos de apostolado con respecto a Espa\u00f1a? \u00bfExis\u00adte alg\u00fan atisbo para pensar que Espa\u00f1a entraba en su pen\u00adsamiento y en qu\u00e9 sentido? Los\u2026","rel":"","context":"En \u00abVicente de Pa\u00fal\u00bb","block_context":{"text":"Vicente de Pa\u00fal","link":"http:\/\/vincentians.com\/es\/category\/la-familia-vicenciana\/fundadores\/vicente-de-paul\/"},"img":{"alt_text":"SANV","src":"https:\/\/i0.wp.com\/vicencianos.org\/wp-content\/2013\/04\/SANV.jpg?resize=350%2C200","width":350,"height":200},"classes":[]},{"id":25760,"url":"http:\/\/vincentians.com\/es\/constructores-de-la-paz-capitulo-i\/","url_meta":{"origin":27346,"position":1},"title":"Constructores de la Paz (Cap\u00edtulo I)","author":"Francisco Javier Fern\u00e1ndez Chento","date":"11\/08\/2013","format":false,"excerpt":"CAP\u00cdTULO I LA PAZ, CLAMOR Y EXIGENCIA DE NUESTRO TIEMPO 1. SITUACI\u00d3N CONFLICTIVA DEL MUNDO 8. Quien examine con ojos limpios y esp\u00edritu desinteresado el panorama general de las relaciones internacionales tendr\u00e1 que reconocer la existencia de situaciones anormales y alarmantes. 1.1. Divisi\u00f3n en bloques contrapuestos 9. La sociedad mundial\u2026","rel":"","context":"En \u00abConferencia Episcopal Espa\u00f1ola\u00bb","block_context":{"text":"Conferencia Episcopal Espa\u00f1ola","link":"http:\/\/vincentians.com\/es\/category\/formacion-cristiana\/conferencia-episcopal-espanola\/"},"img":{"alt_text":"","src":"https:\/\/i0.wp.com\/vincentians.com\/es\/wp-content\/uploads\/sites\/11\/2016\/07\/conferencia-episcopal-espanyola.jpg?fit=1200%2C630&resize=350%2C200","width":350,"height":200,"srcset":"https:\/\/i0.wp.com\/vincentians.com\/es\/wp-content\/uploads\/sites\/11\/2016\/07\/conferencia-episcopal-espanyola.jpg?fit=1200%2C630&resize=350%2C200 1x, https:\/\/i0.wp.com\/vincentians.com\/es\/wp-content\/uploads\/sites\/11\/2016\/07\/conferencia-episcopal-espanyola.jpg?fit=1200%2C630&resize=525%2C300 1.5x, https:\/\/i0.wp.com\/vincentians.com\/es\/wp-content\/uploads\/sites\/11\/2016\/07\/conferencia-episcopal-espanyola.jpg?fit=1200%2C630&resize=700%2C400 2x, https:\/\/i0.wp.com\/vincentians.com\/es\/wp-content\/uploads\/sites\/11\/2016\/07\/conferencia-episcopal-espanyola.jpg?fit=1200%2C630&resize=1050%2C600 3x"},"classes":[]},{"id":42186,"url":"http:\/\/vincentians.com\/es\/el-papa-la-conciencia-europea-no-puede-olvidar-el-dolor-del-pueblo-gitano\/","url_meta":{"origin":27346,"position":2},"title":"El Papa: \u00abLa conciencia europea no puede olvidar el dolor del pueblo gitano\u00bb","author":"Francisco Javier Fern\u00e1ndez Chento","date":"14\/02\/2021","format":false,"excerpt":"El exterminio nazi de gitanos es \"un reconocimiento muy pobre para tanto drama\" y la \"conciencia europea no se puede olvidar de tanto dolor\", ha asegurado el Papa tras recibir a unos 2.000 gitanos de toda Europa en el Vaticano. Benedicto XVI ha hecho un llamamiento para que el pueblo\u2026","rel":"","context":"En \u00abCeferino Jim\u00e9nez Malla\u00bb","block_context":{"text":"Ceferino Jim\u00e9nez Malla","link":"http:\/\/vincentians.com\/es\/category\/la-familia-vicenciana\/la-familia-vicenciana-en-los-altares\/beatos\/ceferino-jimenez-malla\/"},"img":{"alt_text":"","src":"https:\/\/i0.wp.com\/vincentians.com\/es\/wp-content\/uploads\/sites\/11\/2016\/10\/ranquines.jpg?fit=1200%2C630&resize=350%2C200","width":350,"height":200,"srcset":"https:\/\/i0.wp.com\/vincentians.com\/es\/wp-content\/uploads\/sites\/11\/2016\/10\/ranquines.jpg?fit=1200%2C630&resize=350%2C200 1x, https:\/\/i0.wp.com\/vincentians.com\/es\/wp-content\/uploads\/sites\/11\/2016\/10\/ranquines.jpg?fit=1200%2C630&resize=525%2C300 1.5x, https:\/\/i0.wp.com\/vincentians.com\/es\/wp-content\/uploads\/sites\/11\/2016\/10\/ranquines.jpg?fit=1200%2C630&resize=700%2C400 2x, https:\/\/i0.wp.com\/vincentians.com\/es\/wp-content\/uploads\/sites\/11\/2016\/10\/ranquines.jpg?fit=1200%2C630&resize=1050%2C600 3x"},"classes":[]},{"id":25753,"url":"http:\/\/vincentians.com\/es\/constructores-de-la-paz-introduccion\/","url_meta":{"origin":27346,"position":3},"title":"Constructores de la Paz (Introducci\u00f3n)","author":"Francisco Javier Fern\u00e1ndez Chento","date":"10\/08\/2013","format":false,"excerpt":"PRESENTACI\u00d3N \"Constructores de la Paz\" es un documento del Episcopado Espa\u00f1ol que, desde su misma concepci\u00f3n, se caracteriz\u00f3 por una profunda vocaci\u00f3n de humildad. Cuando se inici\u00f3 la andadura de su elaboraci\u00f3n, hace casi tres a\u00f1os, ya hab\u00edan aparecido varios documentos sobre la paz, de diferentes episcopados de nuestra Iglesia,\u2026","rel":"","context":"En \u00abConferencia Episcopal Espa\u00f1ola\u00bb","block_context":{"text":"Conferencia Episcopal Espa\u00f1ola","link":"http:\/\/vincentians.com\/es\/category\/formacion-cristiana\/conferencia-episcopal-espanola\/"},"img":{"alt_text":"","src":"https:\/\/i0.wp.com\/vincentians.com\/es\/wp-content\/uploads\/sites\/11\/2016\/07\/conferencia-episcopal-espanyola.jpg?fit=1200%2C630&resize=350%2C200","width":350,"height":200,"srcset":"https:\/\/i0.wp.com\/vincentians.com\/es\/wp-content\/uploads\/sites\/11\/2016\/07\/conferencia-episcopal-espanyola.jpg?fit=1200%2C630&resize=350%2C200 1x, https:\/\/i0.wp.com\/vincentians.com\/es\/wp-content\/uploads\/sites\/11\/2016\/07\/conferencia-episcopal-espanyola.jpg?fit=1200%2C630&resize=525%2C300 1.5x, https:\/\/i0.wp.com\/vincentians.com\/es\/wp-content\/uploads\/sites\/11\/2016\/07\/conferencia-episcopal-espanyola.jpg?fit=1200%2C630&resize=700%2C400 2x, https:\/\/i0.wp.com\/vincentians.com\/es\/wp-content\/uploads\/sites\/11\/2016\/07\/conferencia-episcopal-espanyola.jpg?fit=1200%2C630&resize=1050%2C600 3x"},"classes":[]},{"id":403181,"url":"http:\/\/vincentians.com\/es\/doctrina-social-de-la-iglesia-xvi\/","url_meta":{"origin":27346,"position":4},"title":"Doctrina Social de la Iglesia (XVI)","author":"Mitxel Olabu\u00e9naga","date":"09\/12\/2020","format":false,"excerpt":"LOS ACUERDOS DE MAASTRICH Con ocasi\u00f3n de la firma por parte de Espa\u00f1a de los Acuerdos de Maastrich, la Conferencia episcopal public\u00f3 un importante documento sobre la Valoraci\u00f3n \u00e9tica de la dimen\u00adsi\u00f3n socioecon\u00f3mica de la Uni\u00f3n europea. Se public\u00f3 el 8 de julio de 1993. Pero este documento, como otros\u2026","rel":"","context":"En \u00abFormaci\u00f3n Cristiana\u00bb","block_context":{"text":"Formaci\u00f3n Cristiana","link":"http:\/\/vincentians.com\/es\/category\/formacion-cristiana\/"},"img":{"alt_text":"","src":"https:\/\/i0.wp.com\/vincentians.com\/es\/wp-content\/uploads\/sites\/11\/2015\/04\/tres-descubrimientos-de-Vicente-de-Paul.jpg?fit=1200%2C630&resize=350%2C200","width":350,"height":200,"srcset":"https:\/\/i0.wp.com\/vincentians.com\/es\/wp-content\/uploads\/sites\/11\/2015\/04\/tres-descubrimientos-de-Vicente-de-Paul.jpg?fit=1200%2C630&resize=350%2C200 1x, https:\/\/i0.wp.com\/vincentians.com\/es\/wp-content\/uploads\/sites\/11\/2015\/04\/tres-descubrimientos-de-Vicente-de-Paul.jpg?fit=1200%2C630&resize=525%2C300 1.5x, https:\/\/i0.wp.com\/vincentians.com\/es\/wp-content\/uploads\/sites\/11\/2015\/04\/tres-descubrimientos-de-Vicente-de-Paul.jpg?fit=1200%2C630&resize=700%2C400 2x, https:\/\/i0.wp.com\/vincentians.com\/es\/wp-content\/uploads\/sites\/11\/2015\/04\/tres-descubrimientos-de-Vicente-de-Paul.jpg?fit=1200%2C630&resize=1050%2C600 3x"},"classes":[]},{"id":40620,"url":"http:\/\/vincentians.com\/es\/la-inculturacion-del-carisma-vicenciano-en-europa\/","url_meta":{"origin":27346,"position":5},"title":"La inculturaci\u00f3n del carisma vicenciano en Europa","author":"Francisco Javier Fern\u00e1ndez Chento","date":"21\/09\/2021","format":false,"excerpt":"En la carta que el P. Maloney, Superior general de la Congrega\u00adci\u00f3n dirigi\u00f3 a la Conferencia de visitadores de Europa, el 19 de abril de 1999, despu\u00e9s de describir la situaci\u00f3n surgida en Europa a partir de la ca\u00edda del muro de Berl\u00edn (diversidad ling\u00fc\u00edstica, cultural y de perspectivas), dec\u00eda:\u2026","rel":"","context":"En \u00abFormaci\u00f3n Vicenciana\u00bb","block_context":{"text":"Formaci\u00f3n Vicenciana","link":"http:\/\/vincentians.com\/es\/category\/formacion-vicenciana\/"},"img":{"alt_text":"","src":"https:\/\/i0.wp.com\/vincentians.com\/es\/wp-content\/uploads\/sites\/11\/2016\/09\/enviados-evangelizar-pobres.jpg?fit=1200%2C630&resize=350%2C200","width":350,"height":200,"srcset":"https:\/\/i0.wp.com\/vincentians.com\/es\/wp-content\/uploads\/sites\/11\/2016\/09\/enviados-evangelizar-pobres.jpg?fit=1200%2C630&resize=350%2C200 1x, https:\/\/i0.wp.com\/vincentians.com\/es\/wp-content\/uploads\/sites\/11\/2016\/09\/enviados-evangelizar-pobres.jpg?fit=1200%2C630&resize=525%2C300 1.5x, https:\/\/i0.wp.com\/vincentians.com\/es\/wp-content\/uploads\/sites\/11\/2016\/09\/enviados-evangelizar-pobres.jpg?fit=1200%2C630&resize=700%2C400 2x, https:\/\/i0.wp.com\/vincentians.com\/es\/wp-content\/uploads\/sites\/11\/2016\/09\/enviados-evangelizar-pobres.jpg?fit=1200%2C630&resize=1050%2C600 3x"},"classes":[]}],"_links":{"self":[{"href":"http:\/\/vincentians.com\/es\/wp-json\/wp\/v2\/posts\/27346","targetHints":{"allow":["GET"]}}],"collection":[{"href":"http:\/\/vincentians.com\/es\/wp-json\/wp\/v2\/posts"}],"about":[{"href":"http:\/\/vincentians.com\/es\/wp-json\/wp\/v2\/types\/post"}],"author":[{"embeddable":true,"href":"http:\/\/vincentians.com\/es\/wp-json\/wp\/v2\/users\/4"}],"replies":[{"embeddable":true,"href":"http:\/\/vincentians.com\/es\/wp-json\/wp\/v2\/comments?post=27346"}],"version-history":[{"count":0,"href":"http:\/\/vincentians.com\/es\/wp-json\/wp\/v2\/posts\/27346\/revisions"}],"wp:featuredmedia":[{"embeddable":true,"href":"http:\/\/vincentians.com\/es\/wp-json\/wp\/v2\/media\/393762"}],"wp:attachment":[{"href":"http:\/\/vincentians.com\/es\/wp-json\/wp\/v2\/media?parent=27346"}],"wp:term":[{"taxonomy":"category","embeddable":true,"href":"http:\/\/vincentians.com\/es\/wp-json\/wp\/v2\/categories?post=27346"},{"taxonomy":"post_tag","embeddable":true,"href":"http:\/\/vincentians.com\/es\/wp-json\/wp\/v2\/tags?post=27346"}],"curies":[{"name":"wp","href":"https:\/\/api.w.org\/{rel}","templated":true}]}}