{"id":26999,"date":"2011-01-20T09:36:10","date_gmt":"2011-01-20T08:36:10","guid":{"rendered":"http:\/\/somos.vicencianos.org\/?p=26999"},"modified":"2011-01-20T09:36:10","modified_gmt":"2011-01-20T08:36:10","slug":"sor-teresa-hija-de-la-caridad-lleva-50-anos-en-londres-ayudando-a-los-espanoles-marginados","status":"publish","type":"post","link":"http:\/\/vincentians.com\/es\/sor-teresa-hija-de-la-caridad-lleva-50-anos-en-londres-ayudando-a-los-espanoles-marginados\/","title":{"rendered":"Sor Teresa, Hija de la Caridad, lleva 50 a\u00f1os en Londres ayudando a los espa\u00f1oles marginados"},"content":{"rendered":"<p><span><a href=\"https:\/\/i0.wp.com\/vicencianos.org\/wp-content\/2011\/01\/sor_teresa.jpg\"><img data-recalc-dims=\"1\" loading=\"lazy\" decoding=\"async\" class=\"alignright size-full wp-image-27001\" title=\"sor_teresa\" src=\"https:\/\/i0.wp.com\/vicencianos.org\/wp-content\/2011\/01\/sor_teresa.jpg?resize=190%2C190\" alt=\"\" width=\"190\" height=\"190\" \/><\/a>Sor Teresa, Hija de la Caridad que <strong>ha dedicado m\u00e1s de la mitad de su vida a los inmigrantes espa\u00f1oles <\/strong>que  viven en Londres, ha recibido un emotivo homenaje en agradecimiento a  los m\u00e1s de 50 a\u00f1os de entrega y dedicaci\u00f3n a los necesitados.<\/p>\n<p>La vida de los inmigrantes espa\u00f1oles en el Reino Unido no era nada f\u00e1cil  cuando Alicia Jimeno Mart\u00ednez, apodada sor Teresa por las hermanas  inglesas de su congregaci\u00f3n, lleg\u00f3 a Liverpool en 1964.<\/p>\n<p>Tal y como ella misma relata, \u00aben aquella \u00e9poca no hab\u00eda conciertos migratorios con el Reino Unido, <strong>los espa\u00f1oles llegaban pr\u00e1cticamente de forma ilegal<\/strong>,  no sab\u00edan hablar ingl\u00e9s y muchos ni siquiera sab\u00edan leer y escribir en  espa\u00f1ol, pero eran gente muy trabajadora y honrada a la que yo ayud\u00e9 con  gran alegr\u00eda\u00bb.<\/p>\n<p>Un a\u00f1o despu\u00e9s de su llegada a Liverpool, en 1965, sor Teresa se  traslad\u00f3 a Londres, ciudad que ha sido testigo de su importante labor en  apoyo a inmigrantes en situaci\u00f3n de exclusi\u00f3n social, <strong>como mayores hospitalizados y personas encarceladas<\/strong>.<\/p>\n<p>Uno de los motivos por los que su labor ser\u00e1 m\u00e1s recordada es por la ayuda que prest\u00f3 a las <strong>madres solteras espa\u00f1olas<\/strong> a las que en el Londres de los a\u00f1os 60 y 70 acogi\u00f3 en la \u00abCasa de  Nuestra Se\u00f1ora de Bel\u00e9n\u00bb, que posteriormente ampliar\u00eda sus funciones  como guarder\u00eda.<\/p>\n<p>\u00abCuando encontraban trabajo, como internas en alguna casa, estas madres  solteras se llevaban all\u00ed a sus hijos y su labor era tan impecable que  el ni\u00f1o acababa creciendo all\u00ed como uno m\u00e1s de la familia\u00bb, relata sor  Teresa.<\/p>\n<p>Ayudar a los trabajadores con los tr\u00e1mites burocr\u00e1ticos para<strong> legalizar su situaci\u00f3n, dar clases de castellano <\/strong>a los ni\u00f1os de ra\u00edces espa\u00f1oles que se criaron sin conocer Espa\u00f1a e <strong>impartir catequesis <\/strong>han  sido otras de las muchas labores de esta trabajadora, que tambi\u00e9n ha  prestado sus servicios en Madrid y Par\u00eds en distintas etapas de su vida.<\/p>\n<p>A sus 84 a\u00f1os y por cuestiones de salud se despide de la capital  brit\u00e1nica \u00abcon pena, pero con la alegr\u00eda\u00bb de llevarse \u00abmuch\u00edsimo  cari\u00f1o\u00bb, para trasladarse a Madrid, donde le espera a\u00fan <strong>una tarea muy importante: \u00abrezar mucho\u00bb por todos a los que deja atr\u00e1s<\/strong>.<\/p>\n<p>Sabe que todav\u00eda queda mucho por hacer, que los inmigrantes espa\u00f1oles en  Londres a\u00fan tienen muchas necesidades \u00abf\u00edsicas y humanas\u00bb, porque  muchos de ellos siguen sin hablar ingl\u00e9s.<\/p>\n<p>\u00abSon muy mayores, est\u00e1n en un hospital y no saben pedirle esto o lo otro a la enfermera. Se crea una situaci\u00f3n de <strong>soledad que puede llegar a una saturaci\u00f3n patol\u00f3gica<\/strong>\u00ab, comenta con tristeza.<\/p>\n<p>Sin embargo, lugares como el Centro de Mayores Miguel de Cervantes de  Londres, donde hoy se celebr\u00f3 el homenaje, tratar\u00e1n de seguir la labor y  ejemplo de sor Teresa.<\/p>\n<p>El embajador de Espa\u00f1a en el Reino Unido, Carles Casajuana, agradeci\u00f3 a la religiosa su \u00ab<strong>dedicaci\u00f3n exclusiva, al cien por cien<\/strong>\u00bb  a ni\u00f1os, personas mayores y enfermos mentales, \u00aba los que llen\u00f3 de  alegr\u00eda y consigui\u00f3 que sus vidas fueran, tal y como a ella le gusta  decir, una fiesta\u00bb.<\/span><\/p>\n","protected":false},"excerpt":{"rendered":"<p>Sor Teresa, Hija de la Caridad que ha dedicado m\u00e1s de la mitad de su vida a los inmigrantes espa\u00f1oles que viven en Londres, ha recibido un emotivo homenaje en agradecimiento a los m\u00e1s de &#8230; <a href=\"http:\/\/vincentians.com\/es\/sor-teresa-hija-de-la-caridad-lleva-50-anos-en-londres-ayudando-a-los-espanoles-marginados\/\" class=\"more-link\">Read More<\/a><\/p>\n","protected":false},"author":4,"featured_media":27001,"comment_status":"open","ping_status":"open","sticky":false,"template":"","format":"standard","meta":{"jetpack_post_was_ever_published":false,"_jetpack_newsletter_access":"","_jetpack_dont_email_post_to_subs":false,"_jetpack_newsletter_tier_id":0,"_jetpack_memberships_contains_paywalled_content":false,"_jetpack_memberships_contains_paid_content":false,"footnotes":"","jetpack_publicize_message":"","jetpack_publicize_feature_enabled":true,"jetpack_social_post_already_shared":true,"jetpack_social_options":{"image_generator_settings":{"template":"highway","default_image_id":0,"font":"","enabled":false},"version":2}},"categories":[199],"tags":[],"class_list":["post-26999","post","type-post","status-publish","format-standard","has-post-thumbnail","hentry","category-hijas-de-la-caridad"],"yoast_head":"<!-- This site is optimized with the Yoast SEO plugin v26.3 - https:\/\/yoast.com\/wordpress\/plugins\/seo\/ -->\n<title>Sor Teresa, Hija de la Caridad, lleva 50 a\u00f1os en Londres ayudando a los espa\u00f1oles marginados - Somos Vicencianos<\/title>\n<meta name=\"robots\" content=\"index, follow, max-snippet:-1, max-image-preview:large, max-video-preview:-1\" \/>\n<link rel=\"canonical\" href=\"http:\/\/vincentians.com\/es\/sor-teresa-hija-de-la-caridad-lleva-50-anos-en-londres-ayudando-a-los-espanoles-marginados\/\" \/>\n<meta property=\"og:locale\" content=\"es_ES\" \/>\n<meta property=\"og:type\" content=\"article\" \/>\n<meta property=\"og:title\" content=\"Sor Teresa, Hija de la Caridad, lleva 50 a\u00f1os en Londres ayudando a los espa\u00f1oles marginados - Somos Vicencianos\" \/>\n<meta property=\"og:description\" content=\"Sor Teresa, Hija de la Caridad que ha dedicado m\u00e1s de la mitad de su vida a los inmigrantes espa\u00f1oles que viven en Londres, ha recibido un emotivo homenaje en agradecimiento a los m\u00e1s de ... Read More\" \/>\n<meta property=\"og:url\" content=\"http:\/\/vincentians.com\/es\/sor-teresa-hija-de-la-caridad-lleva-50-anos-en-londres-ayudando-a-los-espanoles-marginados\/\" \/>\n<meta property=\"og:site_name\" content=\"Somos Vicencianos\" \/>\n<meta property=\"article:publisher\" content=\"https:\/\/www.facebook.com\/WeAreVincentians\/\" \/>\n<meta property=\"article:author\" content=\"https:\/\/www.facebook.com\/JavierChento\" \/>\n<meta property=\"article:published_time\" content=\"2011-01-20T08:36:10+00:00\" \/>\n<meta name=\"author\" content=\"Francisco Javier Fern\u00e1ndez Chento\" \/>\n<meta name=\"twitter:card\" content=\"summary_large_image\" \/>\n<meta name=\"twitter:creator\" content=\"@https:\/\/twitter.com\/javierchento\" \/>\n<meta name=\"twitter:site\" content=\"@WeVincentians\" \/>\n<meta name=\"twitter:label1\" content=\"Escrito por\" \/>\n\t<meta name=\"twitter:data1\" content=\"Francisco Javier Fern\u00e1ndez Chento\" \/>\n\t<meta name=\"twitter:label2\" content=\"Tiempo de lectura\" \/>\n\t<meta name=\"twitter:data2\" content=\"3 minutos\" \/>\n<script type=\"application\/ld+json\" class=\"yoast-schema-graph\">{\"@context\":\"https:\/\/schema.org\",\"@graph\":[{\"@type\":\"Article\",\"@id\":\"http:\/\/vincentians.com\/es\/sor-teresa-hija-de-la-caridad-lleva-50-anos-en-londres-ayudando-a-los-espanoles-marginados\/#article\",\"isPartOf\":{\"@id\":\"http:\/\/vincentians.com\/es\/sor-teresa-hija-de-la-caridad-lleva-50-anos-en-londres-ayudando-a-los-espanoles-marginados\/\"},\"author\":{\"name\":\"Francisco Javier Fern\u00e1ndez Chento\",\"@id\":\"https:\/\/vincentians.com\/es\/#\/schema\/person\/9623ef4d9aa3b2dfb8c061f1499288f2\"},\"headline\":\"Sor Teresa, Hija de la Caridad, lleva 50 a\u00f1os en Londres ayudando a los espa\u00f1oles marginados\",\"datePublished\":\"2011-01-20T08:36:10+00:00\",\"mainEntityOfPage\":{\"@id\":\"http:\/\/vincentians.com\/es\/sor-teresa-hija-de-la-caridad-lleva-50-anos-en-londres-ayudando-a-los-espanoles-marginados\/\"},\"wordCount\":574,\"commentCount\":0,\"publisher\":{\"@id\":\"https:\/\/vincentians.com\/es\/#organization\"},\"image\":{\"@id\":\"http:\/\/vincentians.com\/es\/sor-teresa-hija-de-la-caridad-lleva-50-anos-en-londres-ayudando-a-los-espanoles-marginados\/#primaryimage\"},\"thumbnailUrl\":\"\",\"articleSection\":[\"Hijas de la Caridad\"],\"inLanguage\":\"es\",\"potentialAction\":[{\"@type\":\"CommentAction\",\"name\":\"Comment\",\"target\":[\"http:\/\/vincentians.com\/es\/sor-teresa-hija-de-la-caridad-lleva-50-anos-en-londres-ayudando-a-los-espanoles-marginados\/#respond\"]}]},{\"@type\":\"WebPage\",\"@id\":\"http:\/\/vincentians.com\/es\/sor-teresa-hija-de-la-caridad-lleva-50-anos-en-londres-ayudando-a-los-espanoles-marginados\/\",\"url\":\"http:\/\/vincentians.com\/es\/sor-teresa-hija-de-la-caridad-lleva-50-anos-en-londres-ayudando-a-los-espanoles-marginados\/\",\"name\":\"Sor Teresa, Hija de la Caridad, lleva 50 a\u00f1os en Londres ayudando a los espa\u00f1oles marginados - Somos Vicencianos\",\"isPartOf\":{\"@id\":\"https:\/\/vincentians.com\/es\/#website\"},\"primaryImageOfPage\":{\"@id\":\"http:\/\/vincentians.com\/es\/sor-teresa-hija-de-la-caridad-lleva-50-anos-en-londres-ayudando-a-los-espanoles-marginados\/#primaryimage\"},\"image\":{\"@id\":\"http:\/\/vincentians.com\/es\/sor-teresa-hija-de-la-caridad-lleva-50-anos-en-londres-ayudando-a-los-espanoles-marginados\/#primaryimage\"},\"thumbnailUrl\":\"\",\"datePublished\":\"2011-01-20T08:36:10+00:00\",\"breadcrumb\":{\"@id\":\"http:\/\/vincentians.com\/es\/sor-teresa-hija-de-la-caridad-lleva-50-anos-en-londres-ayudando-a-los-espanoles-marginados\/#breadcrumb\"},\"inLanguage\":\"es\",\"potentialAction\":[{\"@type\":\"ReadAction\",\"target\":[\"http:\/\/vincentians.com\/es\/sor-teresa-hija-de-la-caridad-lleva-50-anos-en-londres-ayudando-a-los-espanoles-marginados\/\"]}]},{\"@type\":\"ImageObject\",\"inLanguage\":\"es\",\"@id\":\"http:\/\/vincentians.com\/es\/sor-teresa-hija-de-la-caridad-lleva-50-anos-en-londres-ayudando-a-los-espanoles-marginados\/#primaryimage\",\"url\":\"\",\"contentUrl\":\"\"},{\"@type\":\"BreadcrumbList\",\"@id\":\"http:\/\/vincentians.com\/es\/sor-teresa-hija-de-la-caridad-lleva-50-anos-en-londres-ayudando-a-los-espanoles-marginados\/#breadcrumb\",\"itemListElement\":[{\"@type\":\"ListItem\",\"position\":1,\"name\":\"Portada\",\"item\":\"https:\/\/vincentians.com\/es\/\"},{\"@type\":\"ListItem\",\"position\":2,\"name\":\"Sor Teresa, Hija de la Caridad, lleva 50 a\u00f1os en Londres ayudando a los espa\u00f1oles marginados\"}]},{\"@type\":\"WebSite\",\"@id\":\"https:\/\/vincentians.com\/es\/#website\",\"url\":\"https:\/\/vincentians.com\/es\/\",\"name\":\"Somos Vicencianos\",\"description\":\"Know more to serve more\",\"publisher\":{\"@id\":\"https:\/\/vincentians.com\/es\/#organization\"},\"potentialAction\":[{\"@type\":\"SearchAction\",\"target\":{\"@type\":\"EntryPoint\",\"urlTemplate\":\"https:\/\/vincentians.com\/es\/?s={search_term_string}\"},\"query-input\":{\"@type\":\"PropertyValueSpecification\",\"valueRequired\":true,\"valueName\":\"search_term_string\"}}],\"inLanguage\":\"es\"},{\"@type\":\"Organization\",\"@id\":\"https:\/\/vincentians.com\/es\/#organization\",\"name\":\"The Vincentian Network\",\"url\":\"https:\/\/vincentians.com\/es\/\",\"logo\":{\"@type\":\"ImageObject\",\"inLanguage\":\"es\",\"@id\":\"https:\/\/vincentians.com\/es\/#\/schema\/logo\/image\/\",\"url\":\"https:\/\/i1.wp.com\/vincentians.com\/es\/wp-content\/uploads\/sites\/11\/2016\/06\/Vincentian-Network-logo-big.png?fit=778%2C778\",\"contentUrl\":\"https:\/\/i1.wp.com\/vincentians.com\/es\/wp-content\/uploads\/sites\/11\/2016\/06\/Vincentian-Network-logo-big.png?fit=778%2C778\",\"width\":778,\"height\":778,\"caption\":\"The Vincentian Network\"},\"image\":{\"@id\":\"https:\/\/vincentians.com\/es\/#\/schema\/logo\/image\/\"},\"sameAs\":[\"https:\/\/www.facebook.com\/WeAreVincentians\/\",\"https:\/\/x.com\/WeVincentians\"]},{\"@type\":\"Person\",\"@id\":\"https:\/\/vincentians.com\/es\/#\/schema\/person\/9623ef4d9aa3b2dfb8c061f1499288f2\",\"name\":\"Francisco Javier Fern\u00e1ndez Chento\",\"image\":{\"@type\":\"ImageObject\",\"inLanguage\":\"es\",\"@id\":\"https:\/\/vincentians.com\/es\/#\/schema\/person\/image\/\",\"url\":\"https:\/\/secure.gravatar.com\/avatar\/497d5cde87b4c3d097d0315953521681ba2cd523ee66e5077c3711f7021e65de?s=96&d=mm&r=g\",\"contentUrl\":\"https:\/\/secure.gravatar.com\/avatar\/497d5cde87b4c3d097d0315953521681ba2cd523ee66e5077c3711f7021e65de?s=96&d=mm&r=g\",\"caption\":\"Francisco Javier Fern\u00e1ndez Chento\"},\"description\":\"Director General y cofundador de La Red de Formaci\u00f3n Vicenciana. Javier es laico vicenciano, afiliado a la Congregaci\u00f3n de la Misi\u00f3n y miembro del Equipo de Misiones Populares de la provincia can\u00f3nica de Zaragoza (Espa\u00f1a) de la Congregaci\u00f3n de la Misi\u00f3n. Graduado en la Universidad Oberta de Catalunya con cuatro grados (Asistente de direcci\u00f3n, Gesti\u00f3n Administrativa, Recursos Humanos y Contabilidad Avanzada). Bil\u00edng\u00fce Espa\u00f1ol\/Ingl\u00e9s. gestiona y mantiene varias p\u00e1ginas web cristianas y vicencianas, incluida including La Red de Formaci\u00f3n Vicenciana, de la que es cofundador. Actualmente es responsable del \u00e1rea de Espa\u00f1ol de .famvin, la Red de Noticias de la Familia Vicenciana. Tambi\u00e9n es m\u00fasico cat\u00f3lico y ha editado varios discos. Es Director General y cofundador de Trovador, una reconocida compa\u00f1\u00eda discogr\u00e1fica critiana de Espa\u00f1a. Trabaja en las Tecnolog\u00edas de la Informaci\u00f3n, ofreciendo servicios de alojamiento, dise\u00f1o y mantenimiento Web, as\u00ed como asesoramiento, formaci\u00f3n y soluciones inform\u00e1ticas, gesti\u00f3n documental y digitalizaci\u00f3n de textos, edici\u00f3n y maquetaci\u00f3n de libros, revistas, flyers, etc.\",\"sameAs\":[\"http:\/\/chento.org\",\"https:\/\/www.facebook.com\/JavierChento\",\"https:\/\/x.com\/https:\/\/twitter.com\/javierchento\"],\"url\":\"http:\/\/vincentians.com\/es\/author\/chento\/\"}]}<\/script>\n<!-- \/ Yoast SEO plugin. -->","yoast_head_json":{"title":"Sor Teresa, Hija de la Caridad, lleva 50 a\u00f1os en Londres ayudando a los espa\u00f1oles marginados - Somos Vicencianos","robots":{"index":"index","follow":"follow","max-snippet":"max-snippet:-1","max-image-preview":"max-image-preview:large","max-video-preview":"max-video-preview:-1"},"canonical":"http:\/\/vincentians.com\/es\/sor-teresa-hija-de-la-caridad-lleva-50-anos-en-londres-ayudando-a-los-espanoles-marginados\/","og_locale":"es_ES","og_type":"article","og_title":"Sor Teresa, Hija de la Caridad, lleva 50 a\u00f1os en Londres ayudando a los espa\u00f1oles marginados - Somos Vicencianos","og_description":"Sor Teresa, Hija de la Caridad que ha dedicado m\u00e1s de la mitad de su vida a los inmigrantes espa\u00f1oles que viven en Londres, ha recibido un emotivo homenaje en agradecimiento a los m\u00e1s de ... Read More","og_url":"http:\/\/vincentians.com\/es\/sor-teresa-hija-de-la-caridad-lleva-50-anos-en-londres-ayudando-a-los-espanoles-marginados\/","og_site_name":"Somos Vicencianos","article_publisher":"https:\/\/www.facebook.com\/WeAreVincentians\/","article_author":"https:\/\/www.facebook.com\/JavierChento","article_published_time":"2011-01-20T08:36:10+00:00","author":"Francisco Javier Fern\u00e1ndez Chento","twitter_card":"summary_large_image","twitter_creator":"@https:\/\/twitter.com\/javierchento","twitter_site":"@WeVincentians","twitter_misc":{"Escrito por":"Francisco Javier Fern\u00e1ndez Chento","Tiempo de lectura":"3 minutos"},"schema":{"@context":"https:\/\/schema.org","@graph":[{"@type":"Article","@id":"http:\/\/vincentians.com\/es\/sor-teresa-hija-de-la-caridad-lleva-50-anos-en-londres-ayudando-a-los-espanoles-marginados\/#article","isPartOf":{"@id":"http:\/\/vincentians.com\/es\/sor-teresa-hija-de-la-caridad-lleva-50-anos-en-londres-ayudando-a-los-espanoles-marginados\/"},"author":{"name":"Francisco Javier Fern\u00e1ndez Chento","@id":"https:\/\/vincentians.com\/es\/#\/schema\/person\/9623ef4d9aa3b2dfb8c061f1499288f2"},"headline":"Sor Teresa, Hija de la Caridad, lleva 50 a\u00f1os en Londres ayudando a los espa\u00f1oles marginados","datePublished":"2011-01-20T08:36:10+00:00","mainEntityOfPage":{"@id":"http:\/\/vincentians.com\/es\/sor-teresa-hija-de-la-caridad-lleva-50-anos-en-londres-ayudando-a-los-espanoles-marginados\/"},"wordCount":574,"commentCount":0,"publisher":{"@id":"https:\/\/vincentians.com\/es\/#organization"},"image":{"@id":"http:\/\/vincentians.com\/es\/sor-teresa-hija-de-la-caridad-lleva-50-anos-en-londres-ayudando-a-los-espanoles-marginados\/#primaryimage"},"thumbnailUrl":"","articleSection":["Hijas de la Caridad"],"inLanguage":"es","potentialAction":[{"@type":"CommentAction","name":"Comment","target":["http:\/\/vincentians.com\/es\/sor-teresa-hija-de-la-caridad-lleva-50-anos-en-londres-ayudando-a-los-espanoles-marginados\/#respond"]}]},{"@type":"WebPage","@id":"http:\/\/vincentians.com\/es\/sor-teresa-hija-de-la-caridad-lleva-50-anos-en-londres-ayudando-a-los-espanoles-marginados\/","url":"http:\/\/vincentians.com\/es\/sor-teresa-hija-de-la-caridad-lleva-50-anos-en-londres-ayudando-a-los-espanoles-marginados\/","name":"Sor Teresa, Hija de la Caridad, lleva 50 a\u00f1os en Londres ayudando a los espa\u00f1oles marginados - Somos Vicencianos","isPartOf":{"@id":"https:\/\/vincentians.com\/es\/#website"},"primaryImageOfPage":{"@id":"http:\/\/vincentians.com\/es\/sor-teresa-hija-de-la-caridad-lleva-50-anos-en-londres-ayudando-a-los-espanoles-marginados\/#primaryimage"},"image":{"@id":"http:\/\/vincentians.com\/es\/sor-teresa-hija-de-la-caridad-lleva-50-anos-en-londres-ayudando-a-los-espanoles-marginados\/#primaryimage"},"thumbnailUrl":"","datePublished":"2011-01-20T08:36:10+00:00","breadcrumb":{"@id":"http:\/\/vincentians.com\/es\/sor-teresa-hija-de-la-caridad-lleva-50-anos-en-londres-ayudando-a-los-espanoles-marginados\/#breadcrumb"},"inLanguage":"es","potentialAction":[{"@type":"ReadAction","target":["http:\/\/vincentians.com\/es\/sor-teresa-hija-de-la-caridad-lleva-50-anos-en-londres-ayudando-a-los-espanoles-marginados\/"]}]},{"@type":"ImageObject","inLanguage":"es","@id":"http:\/\/vincentians.com\/es\/sor-teresa-hija-de-la-caridad-lleva-50-anos-en-londres-ayudando-a-los-espanoles-marginados\/#primaryimage","url":"","contentUrl":""},{"@type":"BreadcrumbList","@id":"http:\/\/vincentians.com\/es\/sor-teresa-hija-de-la-caridad-lleva-50-anos-en-londres-ayudando-a-los-espanoles-marginados\/#breadcrumb","itemListElement":[{"@type":"ListItem","position":1,"name":"Portada","item":"https:\/\/vincentians.com\/es\/"},{"@type":"ListItem","position":2,"name":"Sor Teresa, Hija de la Caridad, lleva 50 a\u00f1os en Londres ayudando a los espa\u00f1oles marginados"}]},{"@type":"WebSite","@id":"https:\/\/vincentians.com\/es\/#website","url":"https:\/\/vincentians.com\/es\/","name":"Somos Vicencianos","description":"Know more to serve more","publisher":{"@id":"https:\/\/vincentians.com\/es\/#organization"},"potentialAction":[{"@type":"SearchAction","target":{"@type":"EntryPoint","urlTemplate":"https:\/\/vincentians.com\/es\/?s={search_term_string}"},"query-input":{"@type":"PropertyValueSpecification","valueRequired":true,"valueName":"search_term_string"}}],"inLanguage":"es"},{"@type":"Organization","@id":"https:\/\/vincentians.com\/es\/#organization","name":"The Vincentian Network","url":"https:\/\/vincentians.com\/es\/","logo":{"@type":"ImageObject","inLanguage":"es","@id":"https:\/\/vincentians.com\/es\/#\/schema\/logo\/image\/","url":"https:\/\/i1.wp.com\/vincentians.com\/es\/wp-content\/uploads\/sites\/11\/2016\/06\/Vincentian-Network-logo-big.png?fit=778%2C778","contentUrl":"https:\/\/i1.wp.com\/vincentians.com\/es\/wp-content\/uploads\/sites\/11\/2016\/06\/Vincentian-Network-logo-big.png?fit=778%2C778","width":778,"height":778,"caption":"The Vincentian Network"},"image":{"@id":"https:\/\/vincentians.com\/es\/#\/schema\/logo\/image\/"},"sameAs":["https:\/\/www.facebook.com\/WeAreVincentians\/","https:\/\/x.com\/WeVincentians"]},{"@type":"Person","@id":"https:\/\/vincentians.com\/es\/#\/schema\/person\/9623ef4d9aa3b2dfb8c061f1499288f2","name":"Francisco Javier Fern\u00e1ndez Chento","image":{"@type":"ImageObject","inLanguage":"es","@id":"https:\/\/vincentians.com\/es\/#\/schema\/person\/image\/","url":"https:\/\/secure.gravatar.com\/avatar\/497d5cde87b4c3d097d0315953521681ba2cd523ee66e5077c3711f7021e65de?s=96&d=mm&r=g","contentUrl":"https:\/\/secure.gravatar.com\/avatar\/497d5cde87b4c3d097d0315953521681ba2cd523ee66e5077c3711f7021e65de?s=96&d=mm&r=g","caption":"Francisco Javier Fern\u00e1ndez Chento"},"description":"Director General y cofundador de La Red de Formaci\u00f3n Vicenciana. Javier es laico vicenciano, afiliado a la Congregaci\u00f3n de la Misi\u00f3n y miembro del Equipo de Misiones Populares de la provincia can\u00f3nica de Zaragoza (Espa\u00f1a) de la Congregaci\u00f3n de la Misi\u00f3n. Graduado en la Universidad Oberta de Catalunya con cuatro grados (Asistente de direcci\u00f3n, Gesti\u00f3n Administrativa, Recursos Humanos y Contabilidad Avanzada). Bil\u00edng\u00fce Espa\u00f1ol\/Ingl\u00e9s. gestiona y mantiene varias p\u00e1ginas web cristianas y vicencianas, incluida including La Red de Formaci\u00f3n Vicenciana, de la que es cofundador. Actualmente es responsable del \u00e1rea de Espa\u00f1ol de .famvin, la Red de Noticias de la Familia Vicenciana. Tambi\u00e9n es m\u00fasico cat\u00f3lico y ha editado varios discos. Es Director General y cofundador de Trovador, una reconocida compa\u00f1\u00eda discogr\u00e1fica critiana de Espa\u00f1a. Trabaja en las Tecnolog\u00edas de la Informaci\u00f3n, ofreciendo servicios de alojamiento, dise\u00f1o y mantenimiento Web, as\u00ed como asesoramiento, formaci\u00f3n y soluciones inform\u00e1ticas, gesti\u00f3n documental y digitalizaci\u00f3n de textos, edici\u00f3n y maquetaci\u00f3n de libros, revistas, flyers, etc.","sameAs":["http:\/\/chento.org","https:\/\/www.facebook.com\/JavierChento","https:\/\/x.com\/https:\/\/twitter.com\/javierchento"],"url":"http:\/\/vincentians.com\/es\/author\/chento\/"}]}},"jetpack_publicize_connections":[],"jetpack_featured_media_url":"","jetpack_sharing_enabled":true,"jetpack_shortlink":"https:\/\/wp.me\/p7ETMF-71t","jetpack-related-posts":[{"id":118087,"url":"http:\/\/vincentians.com\/es\/el-hogar-espanol-de-londres-al-ano-y-medio-de-su-inauguracion-1966\/","url_meta":{"origin":26999,"position":0},"title":"El Hogar Espa\u00f1ol de Londres, al a\u00f1o y medio de su inauguraci\u00f3n (1966)","author":"Mitxel Olabu\u00e9naga","date":"06\/03\/2013","format":false,"excerpt":"En dos cartas, escritas por el P. Manuel Herranz y publicadas en ANALES (abril de 1964 y mayo-junio de 1965), se cuentan con fechas y se\u00f1ales los or\u00edgenes y primeros lances de la Capellan\u00eda de los espa\u00f1oles residentes en Londres, otorgada por la jerarqu\u00eda co\u00adrrespondiente a los PP. Pa\u00fales de\u2026","rel":"","context":"En \u00abHistoria de la Congregaci\u00f3n de la Misi\u00f3n en Espa\u00f1a\u00bb","block_context":{"text":"Historia de la Congregaci\u00f3n de la Misi\u00f3n en Espa\u00f1a","link":"http:\/\/vincentians.com\/es\/category\/historia-de-la-familia-vicenciana\/historia-de-la-congregacion-de-la-mision-en-espana\/"},"img":{"alt_text":"images","src":"https:\/\/i0.wp.com\/vicencianos.org\/wp-content\/2013\/02\/images.jpg?resize=350%2C200","width":350,"height":200},"classes":[]},{"id":31477,"url":"http:\/\/vincentians.com\/es\/medalla-de-oro-al-merito-en-el-trabajo-a-sor-teresa-en-londres\/","url_meta":{"origin":26999,"position":1},"title":"Medalla de Oro al M\u00e9rito en el Trabajo a Sor Teresa, en Londres","author":"Francisco Javier Fern\u00e1ndez Chento","date":"16\/03\/2011","format":false,"excerpt":"El Gobierno espa\u00f1ol ha otorgado la Medalla de Oro al M\u00e9rito del Trabajo a Sor Alicia Jimeno Mart\u00ednez (Sor Teresa) - El texto del Bolet\u00edn Oficial del Estado del mi\u00e9rcoles 8 de diciembre, indica: Con ocasi\u00f3n del D\u00eda de la Constituci\u00f3n Espa\u00f1ola, en atenci\u00f3n a los m\u00e9ritos que en ella\u2026","rel":"","context":"En \u00abHijas de la Caridad\u00bb","block_context":{"text":"Hijas de la Caridad","link":"http:\/\/vincentians.com\/es\/category\/la-familia-vicenciana\/ramas\/hijas-de-la-caridad\/"},"img":{"alt_text":"","src":"https:\/\/i0.wp.com\/vicencianos.org\/wp-content\/2011\/03\/sor_teresa_1-300x224.jpg?resize=350%2C200","width":350,"height":200},"classes":[]},{"id":387396,"url":"http:\/\/vincentians.com\/es\/la-provincia-espanola-de-las-hijas-de-la-caridad-iii\/","url_meta":{"origin":26999,"position":2},"title":"La Provincia espa\u00f1ola de las Hijas de la Caridad (III)","author":"Mitxel Olabu\u00e9naga","date":"02\/05\/2016","format":false,"excerpt":"D\u00eda memorable en la historia de la Beneficencia espa\u00f1ola ser\u00e1 siempre aquel 26 de mayo de 1790, en cuya tarde llegaron a Barcelona las primeras Hijas de San Vicente. Entre una multitud api\u00f1ada, deseosa de contemplar de cerca a las Hermanas, fueron \u00e9stas recibidas de las autoridades y personas de\u2026","rel":"","context":"En \u00abHistoria de las Hijas de la Caridad\u00bb","block_context":{"text":"Historia de las Hijas de la Caridad","link":"http:\/\/vincentians.com\/es\/category\/historia-de-la-familia-vicenciana\/historia-de-las-hijas-de-la-caridad\/"},"img":{"alt_text":"","src":"https:\/\/i0.wp.com\/vincentians.com\/es\/wp-content\/uploads\/sites\/11\/2016\/07\/hijas-caridad-espanya.jpg?fit=1200%2C630&resize=350%2C200","width":350,"height":200,"srcset":"https:\/\/i0.wp.com\/vincentians.com\/es\/wp-content\/uploads\/sites\/11\/2016\/07\/hijas-caridad-espanya.jpg?fit=1200%2C630&resize=350%2C200 1x, https:\/\/i0.wp.com\/vincentians.com\/es\/wp-content\/uploads\/sites\/11\/2016\/07\/hijas-caridad-espanya.jpg?fit=1200%2C630&resize=525%2C300 1.5x, https:\/\/i0.wp.com\/vincentians.com\/es\/wp-content\/uploads\/sites\/11\/2016\/07\/hijas-caridad-espanya.jpg?fit=1200%2C630&resize=700%2C400 2x, https:\/\/i0.wp.com\/vincentians.com\/es\/wp-content\/uploads\/sites\/11\/2016\/07\/hijas-caridad-espanya.jpg?fit=1200%2C630&resize=1050%2C600 3x"},"classes":[]},{"id":387400,"url":"http:\/\/vincentians.com\/es\/la-provincia-espanola-de-las-hijas-de-la-caridad-iv\/","url_meta":{"origin":26999,"position":3},"title":"La Provincia espa\u00f1ola de las Hijas de la Caridad (IV)","author":"Mitxel Olabu\u00e9naga","date":"05\/05\/2016","format":false,"excerpt":"Fundaci\u00f3n en L\u00e9rida. La venida de las Hijas de la Caridad a Espa\u00f1a hab\u00eda sido providencial. La revoluci\u00f3n espantosa francesa disolvi\u00f3 en Francia todas las comunidades y muy amargos d\u00edas hubiesen pasado nuestras Hermanas espa\u00f1olas de haber continuado en aquel pa\u00eds, lejos de sus familias. Y no fue menos providencial\u2026","rel":"","context":"En \u00abHistoria de las Hijas de la Caridad\u00bb","block_context":{"text":"Historia de las Hijas de la Caridad","link":"http:\/\/vincentians.com\/es\/category\/historia-de-la-familia-vicenciana\/historia-de-las-hijas-de-la-caridad\/"},"img":{"alt_text":"","src":"https:\/\/i0.wp.com\/vincentians.com\/es\/wp-content\/uploads\/sites\/11\/2016\/07\/hijas-caridad-espanya.jpg?fit=1200%2C630&resize=350%2C200","width":350,"height":200,"srcset":"https:\/\/i0.wp.com\/vincentians.com\/es\/wp-content\/uploads\/sites\/11\/2016\/07\/hijas-caridad-espanya.jpg?fit=1200%2C630&resize=350%2C200 1x, https:\/\/i0.wp.com\/vincentians.com\/es\/wp-content\/uploads\/sites\/11\/2016\/07\/hijas-caridad-espanya.jpg?fit=1200%2C630&resize=525%2C300 1.5x, https:\/\/i0.wp.com\/vincentians.com\/es\/wp-content\/uploads\/sites\/11\/2016\/07\/hijas-caridad-espanya.jpg?fit=1200%2C630&resize=700%2C400 2x, https:\/\/i0.wp.com\/vincentians.com\/es\/wp-content\/uploads\/sites\/11\/2016\/07\/hijas-caridad-espanya.jpg?fit=1200%2C630&resize=1050%2C600 3x"},"classes":[]},{"id":114076,"url":"http:\/\/vincentians.com\/es\/sor-teresa-dausa-mascort\/","url_meta":{"origin":26999,"position":4},"title":"Sor Teresa Dausa Mascort","author":"Mitxel Olabu\u00e9naga","date":"04\/11\/2012","format":false,"excerpt":"Relatar la vida de Sor Teresa Daus\u00e1 Mascort es rememorar la conducta de las primeras Hijas de la Caridad. Una simple entrevista con ella supon\u00eda frecuentemente la revelaci\u00f3n de alg\u00fan pensamiento de la doctrina vicenciana. Durante los \u00faltimos meses de su carrera terrestre habl\u00f3 muy poco; pero lo suficiente para\u2026","rel":"","context":"En \u00abBiograf\u00edas de Hijas de la Caridad\u00bb","block_context":{"text":"Biograf\u00edas de Hijas de la Caridad","link":"http:\/\/vincentians.com\/es\/category\/la-familia-vicenciana\/biografias-vicencianas\/biografias-de-hijas-de-la-caridad\/"},"img":{"alt_text":"","src":"https:\/\/i0.wp.com\/vincentians.com\/es\/wp-content\/uploads\/sites\/11\/2016\/07\/bio-hc.jpg?fit=1200%2C630&resize=350%2C200","width":350,"height":200,"srcset":"https:\/\/i0.wp.com\/vincentians.com\/es\/wp-content\/uploads\/sites\/11\/2016\/07\/bio-hc.jpg?fit=1200%2C630&resize=350%2C200 1x, https:\/\/i0.wp.com\/vincentians.com\/es\/wp-content\/uploads\/sites\/11\/2016\/07\/bio-hc.jpg?fit=1200%2C630&resize=525%2C300 1.5x, https:\/\/i0.wp.com\/vincentians.com\/es\/wp-content\/uploads\/sites\/11\/2016\/07\/bio-hc.jpg?fit=1200%2C630&resize=700%2C400 2x, https:\/\/i0.wp.com\/vincentians.com\/es\/wp-content\/uploads\/sites\/11\/2016\/07\/bio-hc.jpg?fit=1200%2C630&resize=1050%2C600 3x"},"classes":[]},{"id":130028,"url":"http:\/\/vincentians.com\/es\/ultimas-fundaciones-iii\/","url_meta":{"origin":26999,"position":5},"title":"\u00daltimas fundaciones (III)","author":"Francisco Javier Fern\u00e1ndez Chento","date":"25\/03\/2014","format":false,"excerpt":"Aprobaci\u00f3n oficial de la Compa\u00f1\u00eda Un mes despu\u00e9s de haber salido las Hijas de la Caridad para Cahors, el 16 de diciem\u00adbre de 1658, Luisa se sinti\u00f3 alegre, emocionada, feliz. Ese d\u00eda, le comunicaron que el Par\u00adlamento acababa de registrar las Cartas Patentes que un a\u00f1o antes (noviembre de 1657)\u2026","rel":"","context":"En \u00abFormaci\u00f3n Vicenciana\u00bb","block_context":{"text":"Formaci\u00f3n Vicenciana","link":"http:\/\/vincentians.com\/es\/category\/formacion-vicenciana\/"},"img":{"alt_text":"cartel","src":"https:\/\/i0.wp.com\/vicencianos.org\/wp-content\/2014\/02\/cartel.jpg?resize=350%2C200","width":350,"height":200},"classes":[]}],"_links":{"self":[{"href":"http:\/\/vincentians.com\/es\/wp-json\/wp\/v2\/posts\/26999","targetHints":{"allow":["GET"]}}],"collection":[{"href":"http:\/\/vincentians.com\/es\/wp-json\/wp\/v2\/posts"}],"about":[{"href":"http:\/\/vincentians.com\/es\/wp-json\/wp\/v2\/types\/post"}],"author":[{"embeddable":true,"href":"http:\/\/vincentians.com\/es\/wp-json\/wp\/v2\/users\/4"}],"replies":[{"embeddable":true,"href":"http:\/\/vincentians.com\/es\/wp-json\/wp\/v2\/comments?post=26999"}],"version-history":[{"count":0,"href":"http:\/\/vincentians.com\/es\/wp-json\/wp\/v2\/posts\/26999\/revisions"}],"wp:featuredmedia":[{"embeddable":true,"href":"http:\/\/vincentians.com\/es\/wp-json\/"}],"wp:attachment":[{"href":"http:\/\/vincentians.com\/es\/wp-json\/wp\/v2\/media?parent=26999"}],"wp:term":[{"taxonomy":"category","embeddable":true,"href":"http:\/\/vincentians.com\/es\/wp-json\/wp\/v2\/categories?post=26999"},{"taxonomy":"post_tag","embeddable":true,"href":"http:\/\/vincentians.com\/es\/wp-json\/wp\/v2\/tags?post=26999"}],"curies":[{"name":"wp","href":"https:\/\/api.w.org\/{rel}","templated":true}]}}