{"id":26137,"date":"2013-08-15T13:08:44","date_gmt":"2013-08-15T11:08:44","guid":{"rendered":"http:\/\/somos.vicencianos.org\/?p=26137"},"modified":"2016-07-26T09:44:38","modified_gmt":"2016-07-26T07:44:38","slug":"colaborando-en-la-formacion-para-la-evangelizacion","status":"publish","type":"post","link":"http:\/\/vincentians.com\/es\/colaborando-en-la-formacion-para-la-evangelizacion\/","title":{"rendered":"Colaborando en la formaci\u00f3n para la evangelizaci\u00f3n"},"content":{"rendered":"<p><strong><a href=\"https:\/\/i0.wp.com\/vicencianos.org\/wp-content\/2011\/01\/Seminario.jpg\"><img data-recalc-dims=\"1\" loading=\"lazy\" decoding=\"async\" class=\"alignright size-medium wp-image-26138\" title=\"Seminario\" alt=\"\" src=\"https:\/\/i0.wp.com\/vicencianos.org\/wp-content\/2011\/01\/Seminario-300x199.jpg?resize=300%2C199\" width=\"300\" height=\"199\" \/><\/a>La <em>Raz\u00f3n de ser<\/em> de la Congregaci\u00f3n de la Misi\u00f3n y el Apostolado en los Seminarios en California, USA<\/strong><\/p>\n<p><em> <\/em>En los \u00faltimos treinta a\u00f1os ha habido una gran discusi\u00f3n en la Peque\u00f1a Compa\u00f1\u00eda sobre la comprensi\u00f3n com\u00fan, o no, del <em>finis <\/em>o \u00abfin\u00bb de la Congregaci\u00f3n de la Misi\u00f3n<em>. <\/em>M\u00e1s exactamente algunos se han preguntado si la Congregaci\u00f3n tiene un \u00abfin\u00bb o \u00abfines\u00bb. Mientras que esta cuesti\u00f3n puede todav\u00eda interesar a algunos, para la mayor\u00eda ha sido resuelta a la luz de una ex\u00e9gesis de los escritos Vicencianos y de una investigaci\u00f3n hist\u00f3rica, que aunque dejan alg\u00fan espacio para cierta ambig\u00fcedad, llevan a la conclusi\u00f3n general de que, para Vicente, no hubo nada m\u00e1s que una sola raz\u00f3n de ser para la comunidad, la<em> <strong>evangelizaci\u00f3n de los pobres.<\/strong><\/em><\/p>\n<p style=\"padding-left: 30px\">\u00a1<em>Que gran motivo para que nuestra compa\u00f1\u00eda se llene de confusi\u00f3n al ver que nunca ha habido ninguna otra compa\u00f1\u00eda, pues esto es inaudito, que haya tenido <span style=\"text-decoration: underline\">la finalidad<\/span> de hacer lo que nuestro Se\u00f1or vino a hacer al mundo,; anunciar el evangelio <span style=\"text-decoration: underline\">a los pobres solamente<\/span>, a los pobres abandonados: Pauperibus evangelizare misit me! Pues <span style=\"text-decoration: underline\">esta es nuestra finalidad<\/span>, fijaos bien, de lo que Dios ha querido desde hace poco dejar como un monumento en la compa\u00f1\u00eda y un memorial para la posteridad. (SV XI, 323)<\/em><em>.<\/em><span id='easy-footnote-1-26137' class='easy-footnote-margin-adjust'><\/span><span class='easy-footnote'><a href='http:\/\/vincentians.com\/es\/colaborando-en-la-formacion-para-la-evangelizacion\/#easy-footnote-bottom-1-26137' title='Coste, Pierre, C.M. &lt;span style=&quot;text-decoration: underline&quot;&gt;Monsieur Vincent: Le Grand Saint du Grand siecle (\u00e9nfasis m\u00edo)&lt;\/span&gt;.'><sup>1<\/sup><\/a><\/span>\n<p>Esta declaraci\u00f3n dif\u00edcilmente es un rechazo, o incluso una disminuci\u00f3n, de la validez del apostolado de los seminarios para los Misioneros de la C.M. Hist\u00f3ricamente es obvio que los seminarios eran un elemento esencial de la singular misi\u00f3n con los pobres dado que, ellos permit\u00edan la estabilidad y continuidad de la misi\u00f3n suprema de la Congregaci\u00f3n, trabajando en la Iglesia diocesana formando a quienes ser\u00edan\u00a0 p\u00e1rrocos. San Vicente mismo, explica esta l\u00f3gica en una carta al Superior de Agen (1654):<\/p>\n<p style=\"padding-left: 30px\"><em>Sobre lo que me pregunta de <span style=\"text-decoration: underline\">c\u00f3mo se cumple el cuarto voto<\/span>, que se refiere a dedicarse a la salvaci\u00f3n de las pobres gentes del campo durante toda la vida, <span style=\"text-decoration: underline\">si uno s\u00f3lo trabaja en los seminarios<\/span>, le respondo que se cumple, primero, en disposici\u00f3n de esp\u00edritu, estando preparados para ir a las misiones a la menor se\u00f1al que se nos haga; y en segundo lugar porque trabajar en la formaci\u00f3n de buenos p\u00e1rrocos y de buenos eclesi\u00e1sticos, que vayan luego a instruir a los campesinos y a exhortarles a una buena vida, <span style=\"text-decoration: underline\">es trabajar mediatamente por la salvaci\u00f3n del pobre pueblo del campo<\/span>; por lo menos hemos de tener esa intenci\u00f3n y esa esperanza. (SV, V, 77)<\/em>.<span id='easy-footnote-2-26137' class='easy-footnote-margin-adjust'><\/span><span class='easy-footnote'><a href='http:\/\/vincentians.com\/es\/colaborando-en-la-formacion-para-la-evangelizacion\/#easy-footnote-bottom-2-26137' title='Ib\u00edd (\u00e9nfasis m\u00edo'><sup>2<\/sup><\/a><\/span>)<\/p>\n<p>Stafford Poole, C.M. nos recuerda que fue precisamente el apostolado en el seminario lo que condujo a la Peque\u00f1a Compa\u00f1\u00eda a los Estados Unidos de Am\u00e9rica<span id='easy-footnote-3-26137' class='easy-footnote-margin-adjust'><\/span><span class='easy-footnote'><a href='http:\/\/vincentians.com\/es\/colaborando-en-la-formacion-para-la-evangelizacion\/#easy-footnote-bottom-3-26137' title='&lt;em&gt;\u00abAd Cleri Disciplinam: The Vincentian Seminary Apostolate in the United States\u00bb &lt;\/em&gt;en THE AMERICAN VINCENTIANS, Rybolt, J.E. ed. (New York City Press, N.Y., 1988) p\u00e1gs. 97-162.'><sup>3<\/sup><\/a><\/span>\n<p>La Congregaci\u00f3n de la Misi\u00f3n lleg\u00f3, a lo que es ahora la archidi\u00f3cesis de Los \u00c1ngeles, California, en 1863 a petici\u00f3n del Obispo, Mons. Thadeus Amat, C.M., para la apertura del Seminario Menor diocesano. Sin embargo, el seminario no prosper\u00f3 y pronto se convirti\u00f3 en un colegio. No obstante, los cohermanos permanecieron en Los \u00c1ngeles y continuaron ejerciendo otros apostolados. Finalmente, en 1926, Mons. Cantwell, Obispo de Los \u00c1ngeles, abri\u00f3 un Seminario Menor y la Congregaci\u00f3n se comprometi\u00f3 a proporcionar el personal. Esta instituci\u00f3n lleg\u00f3 a ser insuficiente y se construy\u00f3 un nuevo seminario menor en San Fernando, California, en el que la Congregaci\u00f3n continu\u00f3 trabajando en la administraci\u00f3n y proporcionando\u00a0 personal docente hasta 1974 en que la archidi\u00f3cesis tom\u00f3 a su cargo toda la responsabilidad hasta que, veinte a\u00f1os m\u00e1s tarde, se cerr\u00f3.<\/p>\n<p>El seminario mayor de San Juan, situado en Camarillo, a unos 100 km. al Norte de Los \u00c1ngeles, que pertenece a la archidi\u00f3cesis de Los \u00c1ngeles, fue abierto por Mons. Cantwell en Septiembre de 1939, confiando a la Congregaci\u00f3n la responsabilidad de su direcci\u00f3n y de proveer el personal. Comenz\u00f3 con un programa de 6 seis a\u00f1os que complementaba los 6 a\u00f1os del seminario menor, en 1961 el programa del seminario de Camarillo se ampli\u00f3 a 8 a\u00f1os para impartir el Bachillerato en filosof\u00eda y un master en Teolog\u00eda de cuatro a\u00f1os.<\/p>\n<p>Mientras que hasta hace poco nuestros misioneros eran, principalmente, si no exclusivamente, responsables del personal y de la administraci\u00f3n de los seminarios de Camarillo, actualmente siguen trabajando en los seminarios en la administraci\u00f3n y como pofesores en colaboraci\u00f3n con la archidi\u00f3cesis de Los Angeles. Miemtras ambos rectores son sacerdotes diocesanos, los dos vice-rectores son misioneros de la C.M. y los siete cohermanos, que trabajan a tiempo completo en uno, o en ambos seminarios, forman la quinta parte del total del personal formador.<\/p>\n<p>Los cohermanos de los seminarios pertenecen a dos casas can\u00f3nicas, una en el\u00a0\u00a0 seminario (filosof\u00eda) y otra en el teologado. Los cohermanos est\u00e1n comprometidos en una feliz y mutua colaboraci\u00f3n con sus 35 colegas. El personal del seminario est\u00e1 compuesto de sacerdotes diocesanos, religiosos no vicencianos de ambos sexos y laicos. La Providencia nos ha conducido a esta situaci\u00f3n en la que el esp\u00edritu Vicenciano, en vez de disminuir, est\u00e1 floreciendo. Dos comunidades C.M. est\u00e1n insertas en esta diversidad de estudiantes y de docentes\u00a0 y el carisma de la comunidad sigue siendo todav\u00eda uno de los principios\u00a0 b\u00e1sicos de la formaci\u00f3n. Ya sea ense\u00f1ando en una clase, en la direcci\u00f3n espiritual o en tareas administrativas en un despacho, los cohermanos ofrecen la visi\u00f3n de Vicente de Pa\u00fal tanto a los estudiantes como al personal. En colaboraci\u00f3n con este valioso personal formador se desarrollan al m\u00e1ximo los dones individuales de cada uno. Realmente el esp\u00edritu Vicenciano parece impregnarlo todo en el seminario, desde las maravillosas vidrieras de la capilla de San Vicente hasta los cursos de justicia social y las homil\u00edas predicadas por los cohermanos. La provincia C.M. patrocina anualmente\u00a0 una conferencia teol\u00f3gica con un tema Vicenciano para toda la comunidad del seminario, alumnos del seminario y el laicado de la archidi\u00f3cesis. Anualmente se bendice y distribuye a toda la comunidad del seminario la Medalla Milagrosa. Y a la vez que los cohermanos intentan participar plenamente en la vida del seminario, tambi\u00e9n es normal tomarse alg\u00fan tiempo juntos para un retiro y la oraci\u00f3n.<\/p>\n<p>Es cierto que, cuando se consigue un aut\u00e9ntico equilibrio, los cohermanos pueden encontrar en el ambiente del seminario, en colaboraci\u00f3n con colegas no vicencianos, un feliz equilibrio entre la vida de comunidad y un eficaz apostolado. Cuando esto es as\u00ed, la l\u00f3gica del carisma Vicenciano se hace evidentemente clara y los cohermanos pueden decir con San Vicente, \u00abEn la Iglesia no hay trabajo mejor que el de la formaci\u00f3n de buenos sacerdotes\u00bb.<\/p>\n","protected":false},"excerpt":{"rendered":"<p>La Raz\u00f3n de ser de la Congregaci\u00f3n de la Misi\u00f3n y el Apostolado en los Seminarios en California, USA En los \u00faltimos treinta a\u00f1os ha habido una gran discusi\u00f3n en la Peque\u00f1a Compa\u00f1\u00eda sobre la &#8230; <a href=\"http:\/\/vincentians.com\/es\/colaborando-en-la-formacion-para-la-evangelizacion\/\" class=\"more-link\">Read More<\/a><\/p>\n","protected":false},"author":4,"featured_media":26139,"comment_status":"open","ping_status":"open","sticky":false,"template":"","format":"standard","meta":{"jetpack_post_was_ever_published":false,"_jetpack_newsletter_access":"","_jetpack_dont_email_post_to_subs":false,"_jetpack_newsletter_tier_id":0,"_jetpack_memberships_contains_paywalled_content":false,"_jetpack_memberships_contains_paid_content":false,"footnotes":"","jetpack_publicize_message":"","jetpack_publicize_feature_enabled":true,"jetpack_social_post_already_shared":true,"jetpack_social_options":{"image_generator_settings":{"template":"highway","default_image_id":0,"font":"","enabled":false},"version":2}},"categories":[16],"tags":[],"class_list":["post-26137","post","type-post","status-publish","format-standard","has-post-thumbnail","hentry","category-congregacion-de-la-mision"],"yoast_head":"<!-- This site is optimized with the Yoast SEO plugin v26.3 - https:\/\/yoast.com\/wordpress\/plugins\/seo\/ -->\n<title>Colaborando en la formaci\u00f3n para la evangelizaci\u00f3n - Somos Vicencianos<\/title>\n<meta name=\"robots\" content=\"index, follow, max-snippet:-1, max-image-preview:large, max-video-preview:-1\" \/>\n<link rel=\"canonical\" href=\"http:\/\/vincentians.com\/es\/colaborando-en-la-formacion-para-la-evangelizacion\/\" \/>\n<meta property=\"og:locale\" content=\"es_ES\" \/>\n<meta property=\"og:type\" content=\"article\" \/>\n<meta property=\"og:title\" content=\"Colaborando en la formaci\u00f3n para la evangelizaci\u00f3n - Somos Vicencianos\" \/>\n<meta property=\"og:description\" content=\"La Raz\u00f3n de ser de la Congregaci\u00f3n de la Misi\u00f3n y el Apostolado en los Seminarios en California, USA En los \u00faltimos treinta a\u00f1os ha habido una gran discusi\u00f3n en la Peque\u00f1a Compa\u00f1\u00eda sobre la ... Read More\" \/>\n<meta property=\"og:url\" content=\"http:\/\/vincentians.com\/es\/colaborando-en-la-formacion-para-la-evangelizacion\/\" \/>\n<meta property=\"og:site_name\" content=\"Somos Vicencianos\" \/>\n<meta property=\"article:publisher\" content=\"https:\/\/www.facebook.com\/WeAreVincentians\/\" \/>\n<meta property=\"article:author\" content=\"https:\/\/www.facebook.com\/JavierChento\" \/>\n<meta property=\"article:published_time\" content=\"2013-08-15T11:08:44+00:00\" \/>\n<meta property=\"article:modified_time\" content=\"2016-07-26T07:44:38+00:00\" \/>\n<meta name=\"author\" content=\"Francisco Javier Fern\u00e1ndez Chento\" \/>\n<meta name=\"twitter:card\" content=\"summary_large_image\" \/>\n<meta name=\"twitter:creator\" content=\"@https:\/\/twitter.com\/javierchento\" \/>\n<meta name=\"twitter:site\" content=\"@WeVincentians\" \/>\n<meta name=\"twitter:label1\" content=\"Escrito por\" \/>\n\t<meta name=\"twitter:data1\" content=\"Francisco Javier Fern\u00e1ndez Chento\" \/>\n\t<meta name=\"twitter:label2\" content=\"Tiempo de lectura\" \/>\n\t<meta name=\"twitter:data2\" content=\"6 minutos\" \/>\n<script type=\"application\/ld+json\" class=\"yoast-schema-graph\">{\"@context\":\"https:\/\/schema.org\",\"@graph\":[{\"@type\":\"Article\",\"@id\":\"http:\/\/vincentians.com\/es\/colaborando-en-la-formacion-para-la-evangelizacion\/#article\",\"isPartOf\":{\"@id\":\"http:\/\/vincentians.com\/es\/colaborando-en-la-formacion-para-la-evangelizacion\/\"},\"author\":{\"name\":\"Francisco Javier Fern\u00e1ndez Chento\",\"@id\":\"http:\/\/vincentians.com\/es\/#\/schema\/person\/9623ef4d9aa3b2dfb8c061f1499288f2\"},\"headline\":\"Colaborando en la formaci\u00f3n para la evangelizaci\u00f3n\",\"datePublished\":\"2013-08-15T11:08:44+00:00\",\"dateModified\":\"2016-07-26T07:44:38+00:00\",\"mainEntityOfPage\":{\"@id\":\"http:\/\/vincentians.com\/es\/colaborando-en-la-formacion-para-la-evangelizacion\/\"},\"wordCount\":1234,\"commentCount\":0,\"publisher\":{\"@id\":\"http:\/\/vincentians.com\/es\/#organization\"},\"image\":{\"@id\":\"http:\/\/vincentians.com\/es\/colaborando-en-la-formacion-para-la-evangelizacion\/#primaryimage\"},\"thumbnailUrl\":\"\",\"articleSection\":[\"Congregaci\u00f3n de la Misi\u00f3n\"],\"inLanguage\":\"es\",\"potentialAction\":[{\"@type\":\"CommentAction\",\"name\":\"Comment\",\"target\":[\"http:\/\/vincentians.com\/es\/colaborando-en-la-formacion-para-la-evangelizacion\/#respond\"]}]},{\"@type\":\"WebPage\",\"@id\":\"http:\/\/vincentians.com\/es\/colaborando-en-la-formacion-para-la-evangelizacion\/\",\"url\":\"http:\/\/vincentians.com\/es\/colaborando-en-la-formacion-para-la-evangelizacion\/\",\"name\":\"Colaborando en la formaci\u00f3n para la evangelizaci\u00f3n - Somos Vicencianos\",\"isPartOf\":{\"@id\":\"http:\/\/vincentians.com\/es\/#website\"},\"primaryImageOfPage\":{\"@id\":\"http:\/\/vincentians.com\/es\/colaborando-en-la-formacion-para-la-evangelizacion\/#primaryimage\"},\"image\":{\"@id\":\"http:\/\/vincentians.com\/es\/colaborando-en-la-formacion-para-la-evangelizacion\/#primaryimage\"},\"thumbnailUrl\":\"\",\"datePublished\":\"2013-08-15T11:08:44+00:00\",\"dateModified\":\"2016-07-26T07:44:38+00:00\",\"breadcrumb\":{\"@id\":\"http:\/\/vincentians.com\/es\/colaborando-en-la-formacion-para-la-evangelizacion\/#breadcrumb\"},\"inLanguage\":\"es\",\"potentialAction\":[{\"@type\":\"ReadAction\",\"target\":[\"http:\/\/vincentians.com\/es\/colaborando-en-la-formacion-para-la-evangelizacion\/\"]}]},{\"@type\":\"ImageObject\",\"inLanguage\":\"es\",\"@id\":\"http:\/\/vincentians.com\/es\/colaborando-en-la-formacion-para-la-evangelizacion\/#primaryimage\",\"url\":\"\",\"contentUrl\":\"\"},{\"@type\":\"BreadcrumbList\",\"@id\":\"http:\/\/vincentians.com\/es\/colaborando-en-la-formacion-para-la-evangelizacion\/#breadcrumb\",\"itemListElement\":[{\"@type\":\"ListItem\",\"position\":1,\"name\":\"Portada\",\"item\":\"http:\/\/vincentians.com\/es\/\"},{\"@type\":\"ListItem\",\"position\":2,\"name\":\"Colaborando en la formaci\u00f3n para la evangelizaci\u00f3n\"}]},{\"@type\":\"WebSite\",\"@id\":\"http:\/\/vincentians.com\/es\/#website\",\"url\":\"http:\/\/vincentians.com\/es\/\",\"name\":\"Somos Vicencianos\",\"description\":\"Know more to serve more\",\"publisher\":{\"@id\":\"http:\/\/vincentians.com\/es\/#organization\"},\"potentialAction\":[{\"@type\":\"SearchAction\",\"target\":{\"@type\":\"EntryPoint\",\"urlTemplate\":\"http:\/\/vincentians.com\/es\/?s={search_term_string}\"},\"query-input\":{\"@type\":\"PropertyValueSpecification\",\"valueRequired\":true,\"valueName\":\"search_term_string\"}}],\"inLanguage\":\"es\"},{\"@type\":\"Organization\",\"@id\":\"http:\/\/vincentians.com\/es\/#organization\",\"name\":\"The Vincentian Network\",\"url\":\"http:\/\/vincentians.com\/es\/\",\"logo\":{\"@type\":\"ImageObject\",\"inLanguage\":\"es\",\"@id\":\"http:\/\/vincentians.com\/es\/#\/schema\/logo\/image\/\",\"url\":\"https:\/\/i1.wp.com\/vincentians.com\/es\/wp-content\/uploads\/sites\/11\/2016\/06\/Vincentian-Network-logo-big.png?fit=778%2C778\",\"contentUrl\":\"https:\/\/i1.wp.com\/vincentians.com\/es\/wp-content\/uploads\/sites\/11\/2016\/06\/Vincentian-Network-logo-big.png?fit=778%2C778\",\"width\":778,\"height\":778,\"caption\":\"The Vincentian Network\"},\"image\":{\"@id\":\"http:\/\/vincentians.com\/es\/#\/schema\/logo\/image\/\"},\"sameAs\":[\"https:\/\/www.facebook.com\/WeAreVincentians\/\",\"https:\/\/x.com\/WeVincentians\"]},{\"@type\":\"Person\",\"@id\":\"http:\/\/vincentians.com\/es\/#\/schema\/person\/9623ef4d9aa3b2dfb8c061f1499288f2\",\"name\":\"Francisco Javier Fern\u00e1ndez Chento\",\"image\":{\"@type\":\"ImageObject\",\"inLanguage\":\"es\",\"@id\":\"http:\/\/vincentians.com\/es\/#\/schema\/person\/image\/\",\"url\":\"https:\/\/secure.gravatar.com\/avatar\/497d5cde87b4c3d097d0315953521681ba2cd523ee66e5077c3711f7021e65de?s=96&d=mm&r=g\",\"contentUrl\":\"https:\/\/secure.gravatar.com\/avatar\/497d5cde87b4c3d097d0315953521681ba2cd523ee66e5077c3711f7021e65de?s=96&d=mm&r=g\",\"caption\":\"Francisco Javier Fern\u00e1ndez Chento\"},\"description\":\"Director General y cofundador de La Red de Formaci\u00f3n Vicenciana. Javier es laico vicenciano, afiliado a la Congregaci\u00f3n de la Misi\u00f3n y miembro del Equipo de Misiones Populares de la provincia can\u00f3nica de Zaragoza (Espa\u00f1a) de la Congregaci\u00f3n de la Misi\u00f3n. Graduado en la Universidad Oberta de Catalunya con cuatro grados (Asistente de direcci\u00f3n, Gesti\u00f3n Administrativa, Recursos Humanos y Contabilidad Avanzada). Bil\u00edng\u00fce Espa\u00f1ol\/Ingl\u00e9s. gestiona y mantiene varias p\u00e1ginas web cristianas y vicencianas, incluida including La Red de Formaci\u00f3n Vicenciana, de la que es cofundador. Actualmente es responsable del \u00e1rea de Espa\u00f1ol de .famvin, la Red de Noticias de la Familia Vicenciana. Tambi\u00e9n es m\u00fasico cat\u00f3lico y ha editado varios discos. Es Director General y cofundador de Trovador, una reconocida compa\u00f1\u00eda discogr\u00e1fica critiana de Espa\u00f1a. Trabaja en las Tecnolog\u00edas de la Informaci\u00f3n, ofreciendo servicios de alojamiento, dise\u00f1o y mantenimiento Web, as\u00ed como asesoramiento, formaci\u00f3n y soluciones inform\u00e1ticas, gesti\u00f3n documental y digitalizaci\u00f3n de textos, edici\u00f3n y maquetaci\u00f3n de libros, revistas, flyers, etc.\",\"sameAs\":[\"http:\/\/chento.org\",\"https:\/\/www.facebook.com\/JavierChento\",\"https:\/\/x.com\/https:\/\/twitter.com\/javierchento\"],\"url\":\"http:\/\/vincentians.com\/es\/author\/chento\/\"}]}<\/script>\n<!-- \/ Yoast SEO plugin. -->","yoast_head_json":{"title":"Colaborando en la formaci\u00f3n para la evangelizaci\u00f3n - Somos Vicencianos","robots":{"index":"index","follow":"follow","max-snippet":"max-snippet:-1","max-image-preview":"max-image-preview:large","max-video-preview":"max-video-preview:-1"},"canonical":"http:\/\/vincentians.com\/es\/colaborando-en-la-formacion-para-la-evangelizacion\/","og_locale":"es_ES","og_type":"article","og_title":"Colaborando en la formaci\u00f3n para la evangelizaci\u00f3n - Somos Vicencianos","og_description":"La Raz\u00f3n de ser de la Congregaci\u00f3n de la Misi\u00f3n y el Apostolado en los Seminarios en California, USA En los \u00faltimos treinta a\u00f1os ha habido una gran discusi\u00f3n en la Peque\u00f1a Compa\u00f1\u00eda sobre la ... Read More","og_url":"http:\/\/vincentians.com\/es\/colaborando-en-la-formacion-para-la-evangelizacion\/","og_site_name":"Somos Vicencianos","article_publisher":"https:\/\/www.facebook.com\/WeAreVincentians\/","article_author":"https:\/\/www.facebook.com\/JavierChento","article_published_time":"2013-08-15T11:08:44+00:00","article_modified_time":"2016-07-26T07:44:38+00:00","author":"Francisco Javier Fern\u00e1ndez Chento","twitter_card":"summary_large_image","twitter_creator":"@https:\/\/twitter.com\/javierchento","twitter_site":"@WeVincentians","twitter_misc":{"Escrito por":"Francisco Javier Fern\u00e1ndez Chento","Tiempo de lectura":"6 minutos"},"schema":{"@context":"https:\/\/schema.org","@graph":[{"@type":"Article","@id":"http:\/\/vincentians.com\/es\/colaborando-en-la-formacion-para-la-evangelizacion\/#article","isPartOf":{"@id":"http:\/\/vincentians.com\/es\/colaborando-en-la-formacion-para-la-evangelizacion\/"},"author":{"name":"Francisco Javier Fern\u00e1ndez Chento","@id":"http:\/\/vincentians.com\/es\/#\/schema\/person\/9623ef4d9aa3b2dfb8c061f1499288f2"},"headline":"Colaborando en la formaci\u00f3n para la evangelizaci\u00f3n","datePublished":"2013-08-15T11:08:44+00:00","dateModified":"2016-07-26T07:44:38+00:00","mainEntityOfPage":{"@id":"http:\/\/vincentians.com\/es\/colaborando-en-la-formacion-para-la-evangelizacion\/"},"wordCount":1234,"commentCount":0,"publisher":{"@id":"http:\/\/vincentians.com\/es\/#organization"},"image":{"@id":"http:\/\/vincentians.com\/es\/colaborando-en-la-formacion-para-la-evangelizacion\/#primaryimage"},"thumbnailUrl":"","articleSection":["Congregaci\u00f3n de la Misi\u00f3n"],"inLanguage":"es","potentialAction":[{"@type":"CommentAction","name":"Comment","target":["http:\/\/vincentians.com\/es\/colaborando-en-la-formacion-para-la-evangelizacion\/#respond"]}]},{"@type":"WebPage","@id":"http:\/\/vincentians.com\/es\/colaborando-en-la-formacion-para-la-evangelizacion\/","url":"http:\/\/vincentians.com\/es\/colaborando-en-la-formacion-para-la-evangelizacion\/","name":"Colaborando en la formaci\u00f3n para la evangelizaci\u00f3n - Somos Vicencianos","isPartOf":{"@id":"http:\/\/vincentians.com\/es\/#website"},"primaryImageOfPage":{"@id":"http:\/\/vincentians.com\/es\/colaborando-en-la-formacion-para-la-evangelizacion\/#primaryimage"},"image":{"@id":"http:\/\/vincentians.com\/es\/colaborando-en-la-formacion-para-la-evangelizacion\/#primaryimage"},"thumbnailUrl":"","datePublished":"2013-08-15T11:08:44+00:00","dateModified":"2016-07-26T07:44:38+00:00","breadcrumb":{"@id":"http:\/\/vincentians.com\/es\/colaborando-en-la-formacion-para-la-evangelizacion\/#breadcrumb"},"inLanguage":"es","potentialAction":[{"@type":"ReadAction","target":["http:\/\/vincentians.com\/es\/colaborando-en-la-formacion-para-la-evangelizacion\/"]}]},{"@type":"ImageObject","inLanguage":"es","@id":"http:\/\/vincentians.com\/es\/colaborando-en-la-formacion-para-la-evangelizacion\/#primaryimage","url":"","contentUrl":""},{"@type":"BreadcrumbList","@id":"http:\/\/vincentians.com\/es\/colaborando-en-la-formacion-para-la-evangelizacion\/#breadcrumb","itemListElement":[{"@type":"ListItem","position":1,"name":"Portada","item":"http:\/\/vincentians.com\/es\/"},{"@type":"ListItem","position":2,"name":"Colaborando en la formaci\u00f3n para la evangelizaci\u00f3n"}]},{"@type":"WebSite","@id":"http:\/\/vincentians.com\/es\/#website","url":"http:\/\/vincentians.com\/es\/","name":"Somos Vicencianos","description":"Know more to serve more","publisher":{"@id":"http:\/\/vincentians.com\/es\/#organization"},"potentialAction":[{"@type":"SearchAction","target":{"@type":"EntryPoint","urlTemplate":"http:\/\/vincentians.com\/es\/?s={search_term_string}"},"query-input":{"@type":"PropertyValueSpecification","valueRequired":true,"valueName":"search_term_string"}}],"inLanguage":"es"},{"@type":"Organization","@id":"http:\/\/vincentians.com\/es\/#organization","name":"The Vincentian Network","url":"http:\/\/vincentians.com\/es\/","logo":{"@type":"ImageObject","inLanguage":"es","@id":"http:\/\/vincentians.com\/es\/#\/schema\/logo\/image\/","url":"https:\/\/i1.wp.com\/vincentians.com\/es\/wp-content\/uploads\/sites\/11\/2016\/06\/Vincentian-Network-logo-big.png?fit=778%2C778","contentUrl":"https:\/\/i1.wp.com\/vincentians.com\/es\/wp-content\/uploads\/sites\/11\/2016\/06\/Vincentian-Network-logo-big.png?fit=778%2C778","width":778,"height":778,"caption":"The Vincentian Network"},"image":{"@id":"http:\/\/vincentians.com\/es\/#\/schema\/logo\/image\/"},"sameAs":["https:\/\/www.facebook.com\/WeAreVincentians\/","https:\/\/x.com\/WeVincentians"]},{"@type":"Person","@id":"http:\/\/vincentians.com\/es\/#\/schema\/person\/9623ef4d9aa3b2dfb8c061f1499288f2","name":"Francisco Javier Fern\u00e1ndez Chento","image":{"@type":"ImageObject","inLanguage":"es","@id":"http:\/\/vincentians.com\/es\/#\/schema\/person\/image\/","url":"https:\/\/secure.gravatar.com\/avatar\/497d5cde87b4c3d097d0315953521681ba2cd523ee66e5077c3711f7021e65de?s=96&d=mm&r=g","contentUrl":"https:\/\/secure.gravatar.com\/avatar\/497d5cde87b4c3d097d0315953521681ba2cd523ee66e5077c3711f7021e65de?s=96&d=mm&r=g","caption":"Francisco Javier Fern\u00e1ndez Chento"},"description":"Director General y cofundador de La Red de Formaci\u00f3n Vicenciana. Javier es laico vicenciano, afiliado a la Congregaci\u00f3n de la Misi\u00f3n y miembro del Equipo de Misiones Populares de la provincia can\u00f3nica de Zaragoza (Espa\u00f1a) de la Congregaci\u00f3n de la Misi\u00f3n. Graduado en la Universidad Oberta de Catalunya con cuatro grados (Asistente de direcci\u00f3n, Gesti\u00f3n Administrativa, Recursos Humanos y Contabilidad Avanzada). Bil\u00edng\u00fce Espa\u00f1ol\/Ingl\u00e9s. gestiona y mantiene varias p\u00e1ginas web cristianas y vicencianas, incluida including La Red de Formaci\u00f3n Vicenciana, de la que es cofundador. Actualmente es responsable del \u00e1rea de Espa\u00f1ol de .famvin, la Red de Noticias de la Familia Vicenciana. Tambi\u00e9n es m\u00fasico cat\u00f3lico y ha editado varios discos. Es Director General y cofundador de Trovador, una reconocida compa\u00f1\u00eda discogr\u00e1fica critiana de Espa\u00f1a. Trabaja en las Tecnolog\u00edas de la Informaci\u00f3n, ofreciendo servicios de alojamiento, dise\u00f1o y mantenimiento Web, as\u00ed como asesoramiento, formaci\u00f3n y soluciones inform\u00e1ticas, gesti\u00f3n documental y digitalizaci\u00f3n de textos, edici\u00f3n y maquetaci\u00f3n de libros, revistas, flyers, etc.","sameAs":["http:\/\/chento.org","https:\/\/www.facebook.com\/JavierChento","https:\/\/x.com\/https:\/\/twitter.com\/javierchento"],"url":"http:\/\/vincentians.com\/es\/author\/chento\/"}]}},"jetpack_publicize_connections":[],"jetpack_featured_media_url":"","jetpack_sharing_enabled":true,"jetpack_shortlink":"https:\/\/wp.me\/p7ETMF-6Nz","jetpack-related-posts":[{"id":117581,"url":"http:\/\/vincentians.com\/es\/he-sido-enviado-a-evangelizar-a-los-pobres\/","url_meta":{"origin":26137,"position":0},"title":"He sido enviado a evangelizar a los pobres","author":"Francisco Javier Fern\u00e1ndez Chento","date":"27\/05\/2015","format":false,"excerpt":"1.- Continuadores de la misi\u00f3n de Cristo S\u00ed, nuestro Se\u00f1or pide de nosotros que evangelicemos a los pobres: es lo que \u00e9l hizo y lo que quiere seguir haciendo por medio de nosotros (XI, 386). 1) El seguimiento de Cristo evangelizador de los pobres, fin de la Congre\u00adgaci\u00f3n (cf. C\u2026","rel":"","context":"En \u00abFormaci\u00f3n Vicenciana\u00bb","block_context":{"text":"Formaci\u00f3n Vicenciana","link":"http:\/\/vincentians.com\/es\/category\/formacion-vicenciana\/"},"img":{"alt_text":"St Vincent et Ste Louise recueillent des enfants","src":"https:\/\/i0.wp.com\/vicencianos.org\/wp-content\/2013\/02\/evangelizar_pobres-300x268.jpg?resize=350%2C200","width":350,"height":200},"classes":[]},{"id":131139,"url":"http:\/\/vincentians.com\/es\/los-pobres-son-evangelizados\/","url_meta":{"origin":26137,"position":1},"title":"Los pobres son evangelizados","author":"Francisco Javier Fern\u00e1ndez Chento","date":"03\/09\/2014","format":false,"excerpt":"Id y contadle a Juan lo que hab\u00e9is visto y o\u00eddo: los ciegos ven, los cojos andan, los leprosos quedan limpios y los sordos oyen, los muertos resucitan, a los pobres se les Anuncia la buena noticia\". (Lc. 7,22) \"El fin de la Congregaci\u00f3n de la Misi\u00f3n es seguir a\u2026","rel":"","context":"En \u00abEspiritualidad vicenciana\u00bb","block_context":{"text":"Espiritualidad vicenciana","link":"http:\/\/vincentians.com\/es\/category\/espiritualidad\/espiritualidad-vicenciana\/"},"img":{"alt_text":"espiritualidad","src":"https:\/\/i0.wp.com\/vicencianos.org\/wp-content\/2014\/07\/espiritualidad.jpg?resize=350%2C200","width":350,"height":200},"classes":[]},{"id":131929,"url":"http:\/\/vincentians.com\/es\/llamados-a-evangelizar-a-los-pobres\/","url_meta":{"origin":26137,"position":2},"title":"Llamados a evangelizar a los pobres","author":"Francisco Javier Fern\u00e1ndez Chento","date":"14\/12\/2014","format":false,"excerpt":"Se me ha dado plena autoridad en el cielo y en la tierra. Id y haced disc\u00edpulos de todas las naciones, bautizadlos para consagr\u00e1rselos al Padre y al Hijo y al Esp\u00edritu Santo, y ense\u00f1adles a guardar todo lo que os he mandado; mirad que yo estoy con vosotros cada\u2026","rel":"","context":"En \u00abEspiritualidad vicenciana\u00bb","block_context":{"text":"Espiritualidad vicenciana","link":"http:\/\/vincentians.com\/es\/category\/espiritualidad\/espiritualidad-vicenciana\/"},"img":{"alt_text":"evangelizacion_pobres","src":"https:\/\/i0.wp.com\/vicencianos.org\/wp-content\/2014\/12\/evangelizacion_pobres-300x225.jpg?resize=350%2C200","width":350,"height":200},"classes":[]},{"id":119820,"url":"http:\/\/vincentians.com\/es\/mision-e-identidad-de-la-congregacion-de-la-mision\/","url_meta":{"origin":26137,"position":3},"title":"Misi\u00f3n e identidad de la Congregaci\u00f3n de la Misi\u00f3n","author":"Francisco Javier Fern\u00e1ndez Chento","date":"29\/05\/2015","format":false,"excerpt":"I. Introducci\u00f3n: el movimiento misionero en el siglo XVII \"La expansi\u00f3n del cristianismo alcanz\u00f3 en el siglo XVII franc\u00e9s un vigor extraordinario que puede medirse especial\u00admente a trav\u00e9s de los informes de las misiones del interior o parroquiales. Estos informes permiten localizar a los \"margi\u00adnados\" del cristianismo, dirigir una mirada\u2026","rel":"","context":"En \u00abCongregaci\u00f3n de la Misi\u00f3n\u00bb","block_context":{"text":"Congregaci\u00f3n de la Misi\u00f3n","link":"http:\/\/vincentians.com\/es\/category\/la-familia-vicenciana\/ramas\/congregacion-de-la-mision\/"},"img":{"alt_text":"logocm","src":"https:\/\/i0.wp.com\/vicencianos.org\/wp-content\/2011\/12\/logocm-245x300.png?resize=350%2C200","width":350,"height":200},"classes":[]},{"id":140998,"url":"http:\/\/vincentians.com\/es\/unidos-por-la-fuerza-del-espiritu\/","url_meta":{"origin":26137,"position":4},"title":"Unidos por la fuerza del Esp\u00edritu","author":"Francisco Javier Fern\u00e1ndez Chento","date":"28\/02\/2015","format":false,"excerpt":"\u00abLa Iglesia se iba construyendo, progresaba en la fidelidad al Se\u00f1or y se multipli\u00adcaba, alentada por el Esp\u00edritu Santo\u00bb. (Hch 9,31).\u00ad \u00abBajo el soplo del Esp\u00edritu Santo construimos la unidad entre nosotros al realizar la misi\u00f3n, a fin de dar un testimonio fehaciente de Cristo Salvador\u00bb. C 20,3). Si Cristo\u2026","rel":"","context":"En \u00abEspiritualidad vicenciana\u00bb","block_context":{"text":"Espiritualidad vicenciana","link":"http:\/\/vincentians.com\/es\/category\/espiritualidad\/espiritualidad-vicenciana\/"},"img":{"alt_text":"asd","src":"https:\/\/i0.wp.com\/vicencianos.org\/wp-content\/2015\/02\/asd7-300x274.jpg?resize=350%2C200","width":350,"height":200},"classes":[]},{"id":131931,"url":"http:\/\/vincentians.com\/es\/la-gracia-de-evangelizar\/","url_meta":{"origin":26137,"position":5},"title":"La gracia de evangelizar","author":"Francisco Javier Fern\u00e1ndez Chento","date":"16\/12\/2014","format":false,"excerpt":"\"\u00bfC\u00f3mo van a invocarlo sin creer en \u00e9l?, y \u00bfc\u00f3mo van a creer sin o\u00edr hablar de \u00e9l?, y \u00bfc\u00f3mo van a o\u00edr sin uno que lo anuncie?, y \u00bfc\u00f3mo lo van a anunciar sin ser enviados? Seg\u00fan aquello de la Escritura: Bienvenidos los que traen buenas noticias\". (C 10).\u2026","rel":"","context":"En \u00abEspiritualidad vicenciana\u00bb","block_context":{"text":"Espiritualidad vicenciana","link":"http:\/\/vincentians.com\/es\/category\/espiritualidad\/espiritualidad-vicenciana\/"},"img":{"alt_text":"hora-de-evangelizar","src":"https:\/\/i0.wp.com\/vicencianos.org\/wp-content\/2014\/12\/hora-de-evangelizar-300x236.jpg?resize=350%2C200","width":350,"height":200},"classes":[]}],"_links":{"self":[{"href":"http:\/\/vincentians.com\/es\/wp-json\/wp\/v2\/posts\/26137","targetHints":{"allow":["GET"]}}],"collection":[{"href":"http:\/\/vincentians.com\/es\/wp-json\/wp\/v2\/posts"}],"about":[{"href":"http:\/\/vincentians.com\/es\/wp-json\/wp\/v2\/types\/post"}],"author":[{"embeddable":true,"href":"http:\/\/vincentians.com\/es\/wp-json\/wp\/v2\/users\/4"}],"replies":[{"embeddable":true,"href":"http:\/\/vincentians.com\/es\/wp-json\/wp\/v2\/comments?post=26137"}],"version-history":[{"count":0,"href":"http:\/\/vincentians.com\/es\/wp-json\/wp\/v2\/posts\/26137\/revisions"}],"wp:featuredmedia":[{"embeddable":true,"href":"http:\/\/vincentians.com\/es\/wp-json\/"}],"wp:attachment":[{"href":"http:\/\/vincentians.com\/es\/wp-json\/wp\/v2\/media?parent=26137"}],"wp:term":[{"taxonomy":"category","embeddable":true,"href":"http:\/\/vincentians.com\/es\/wp-json\/wp\/v2\/categories?post=26137"},{"taxonomy":"post_tag","embeddable":true,"href":"http:\/\/vincentians.com\/es\/wp-json\/wp\/v2\/tags?post=26137"}],"curies":[{"name":"wp","href":"https:\/\/api.w.org\/{rel}","templated":true}]}}