{"id":2524,"date":"2019-01-23T08:00:21","date_gmt":"2019-01-23T07:00:21","guid":{"rendered":"http:\/\/somos.vicencianos.org\/blog\/?p=2524"},"modified":"2019-01-06T10:01:47","modified_gmt":"2019-01-06T09:01:47","slug":"la-juventud-y-las-hijas-de-la-caridad","status":"publish","type":"post","link":"http:\/\/vincentians.com\/es\/la-juventud-y-las-hijas-de-la-caridad\/","title":{"rendered":"La Juventud y las Hijas de la Caridad"},"content":{"rendered":"<p>Muchas de vosotras recordareis las palabras de Walt Whitman:<\/p>\n<p style=\"text-align: left\"><em>\u00abJuventud,<br \/>\nJuventud llena de gracia, fuerza, fascinaci\u00f3n&#8230;<br \/>\nD\u00eda pleno y espl\u00e9ndido, d\u00eda de inmenso sol, acci\u00f3n, ambici\u00f3n, risa&#8230;\u00bb<\/em><\/p>\n<p>Me han pedido que os hable sobre la juventud. Y lo voy a hacer. No voy a enmascarar mis intenciones: quiero animaros a que os deis a los j\u00f3venes. Dejadme comenzar present\u00e1ndoos la situaci\u00f3n actual.<\/p>\n<h2><strong>La realidad de hoy<\/strong><\/h2>\n<p>Ocho puntos r\u00e1pidos:<\/p>\n<ul>\n<li>El 64% de la poblaci\u00f3n mundial tiene menos de 25 a\u00f1os.<\/li>\n<li>Aunque hay muchas diferencias significativas en varias partes del mundo que aumentan, los j\u00f3venes tienen estas caracter\u00edsticas en com\u00fan:\n<ul>\n<li>Una profunda inmersi\u00f3n en una \u00abcultura de la informaci\u00f3n\u00bb.\u00a0 La mayor\u00eda de los j\u00f3venes contempor\u00e1neos no crece en una cultura \u00abcat\u00f3lica\u00bb, donde su ambiente y una familia estable apoyan los valores religiosos. Muchos pasan m\u00e1s tiempo cada semana delante de la televisi\u00f3n que en clase.<\/li>\n<li>Plasticidad. La vida cambia r\u00e1pidamente para los j\u00f3venes. El cambio r\u00e1pido se incorpora a la esencia contempor\u00e1nea de la vida. Hace un siglo, la mayor\u00eda de la gente viv\u00eda, trabajaba y mor\u00eda en su pueblo natal. Hoy, la gente cambia de trabajos, de hogar (y a veces de esposa y de creencias religiosas) r\u00e1pidamente. Por supuesto, el lado positivo de la plasticidad es la \u00abflexibilidad\u00bb y la \u00abmaleabilidad\u00bb.<\/li>\n<li>Duda para comprometerse. Una joven que he conocido recientemente me dijo que ella nunca se casar\u00eda por la Iglesia. No pod\u00eda imaginarse diciendo que su matrimonio ser\u00eda \u00abpara siempre\u00bb. Las palabras \u00abpara siempre\u00bb se atragantan en la garganta de muchos j\u00f3venes. \u00a1Han visto tanto matrimonios rotos, tantas familias divididas, tantos compromisos religiosos rotos!<\/li>\n<li>Amor conmovedor. La gente joven ansia saber amar. El deseo de una relaci\u00f3n significativa ocupa mucho espacio en sus agendas. De hecho, un sabio consejero me dijo una vez que, para muchos j\u00f3venes, es la \u00fanica anotaci\u00f3n en su agenda. Pero muchos tambi\u00e9n se han ahogado en la trascendencia. Est\u00e1n insatisfechos con las relaciones que han experimentado. Buscan un amor que va m\u00e1s all\u00e1 que esa experiencia diaria del amor.<\/li>\n<\/ul>\n<\/li>\n<li>En algunas partes del mundo, la practica religiosa ha descendido dram\u00e1ticamente entre la gente joven. En Espa\u00f1a, en los \u00faltimos cinco a\u00f1os, ha descendido un 13%. En Roma, donde yo vivo, esta de moda entre los j\u00f3venes decir \u00abYo no soy creyente\u00bb. La pr\u00e1ctica religiosa ha ca\u00eddo en Italia un 10%. Un astuto escritor de EE.UU. dice esto: \u00abEl gran problema de las Iglesias de hoy es la indiferencia: \u00abla masiva ausencia de Dios de tanto en el mundo contempor\u00e1neo \u2013 con todo el vac\u00edo final, el cinismo religioso y la insignificancia de sus experiencias.\u00bb\u00bb<span id='easy-footnote-1-2524' class='easy-footnote-margin-adjust'><\/span><span class='easy-footnote'><a href='http:\/\/vincentians.com\/es\/la-juventud-y-las-hijas-de-la-caridad\/#easy-footnote-bottom-1-2524' title='Michael J. Buckley, \u00abLa Educaci\u00f3n marcada con el s\u00edmbolo de la Cruz\u00bb (Education Marked with the Sign of the Cross), en America 163 (Agosto 25 \u2013 Septiembre 1, 1990; n\u00ba 5)101.'><sup>1<\/sup><\/a><\/span> \u00bfCu\u00e1l es el porcentaje de j\u00f3venes en vuestros pa\u00edses que creen en Dios profundamente\u00a0 y que manifiestan sus creencias?<\/li>\n<li>La investigaci\u00f3n tambi\u00e9n nos dice que un n\u00famero importante de j\u00f3venes buscan:\n<ul>\n<li>Objetivos religiosos expl\u00edcitos,<\/li>\n<li>Intensa solidaridad con los otros,<\/li>\n<li>Servicio expl\u00edcito en todo el mundo a los m\u00e1s necesitados.<span id='easy-footnote-2-2524' class='easy-footnote-margin-adjust'><\/span><span class='easy-footnote'><a href='http:\/\/vincentians.com\/es\/la-juventud-y-las-hijas-de-la-caridad\/#easy-footnote-bottom-2-2524' title='Cf. Albert di Ianni, \u00abVocaciones Religiosas: Nuevos Signos de los Tiempos\u00bb Review for Religious 52 (n\u00ba 5; Septiembre-Octubre 1993) 745-763. tambi\u00e9n, D. Nygren y M. Ukeritis, \u00abEl futuro de las Ordenes Religiosas en los EE.UU\u00bb (Connecticut: Praeger Press, 1993) 251'><sup>2<\/sup><\/a><\/span><\/li>\n<\/ul>\n<\/li>\n<li>Nuestros propios grupos de j\u00f3venes, gracias a Dios, est\u00e1n creciendo significativamente. Hoy re\u00fanen m\u00e1s de 200.000 miembros en 40 pa\u00edses. El 2 de febrero de 1999, la Santa Sede aprob\u00f3, por primera vez, los estatutos internacionales para nuestros grupos de j\u00f3venes. Desde entonces, mayoritariamente debido al incre\u00edble trabajos de las Hijas de la Caridad y de las conferencias, he sido capaz de aprobar los estatutos nacionales para nuestros grupos en 25 pa\u00edses. Este septiembre pasado, por primera vez, establecimos un Secretariado Internacional en Madrid. Esta formado por j\u00f3venes voluntarios de diferentes pa\u00edses, que ofrecen 3 a\u00f1os de sus vidas para servir all\u00ed. Dentro de dos meses, del 8 al 12 de Agosto, mantendremos la primera Asamblea General para nuestros grupos de j\u00f3venes, con la asistencia de delegados de aproximadamente 35 pa\u00edses.<\/li>\n<li>Del 15 al 20 de agosto sobre 1800 j\u00f3venes se reunir\u00e1n en Roma en la Jornada Mundial de la Juventud. Y no solo de los grupos de JMV, sino tambi\u00e9n de la Sociedad de San Vicente, de la AIC, y de la Asociaci\u00f3n de la Medalla Milagrosa.<\/li>\n<li>El 7 de abril de 1999, la Santa Sede aprob\u00f3 los Estatutos Internacionales de MISEVI (Misioneros Seglares Vicencianos). Este miembro m\u00e1s reciente de nuestra familia tiene como objetivo enviar a j\u00f3venes hombres y mujeres a las misiones ad gentes. MISEVI les ofrece formaci\u00f3n, enclave apost\u00f3lico, comunidad de referencia y acogida, mantenimiento econ\u00f3mico, sistema de apoyo humano y espiritual, y la acogida en su pa\u00eds de origen eventualmente.<\/li>\n<li>Hoy hablamos de un gran reto con el marketing. Me parece que la mayor\u00eda de la sociedad\u00a0 ha vendido un sue\u00f1o equivocado a la juventud: dinero, la necesidad de tener m\u00e1s y tenerlo inmediatamente, sexo on\u00edrico, triunfo en solitario&#8230; Una pregunta interesante a proponer es: \u00bfCu\u00e1les son los modelos que los j\u00f3venes buscan para imitar: Jes\u00fas, la Virgen Mar\u00eda, los santos y los m\u00e1rtires, santos vivos como algunas de las hermanas en vuestras propias provincias? \u00bfO ans\u00edan m\u00e1s ser Michael Jord\u00e1n,\u00a0 Maria Grazia Cucinotta, Denzel Washington, o Martina Hingis? Seg\u00fan como yo lo veo nuestro reto es el siguiente: \u00bfPodemos venderle a los j\u00f3venes el sue\u00f1o de Jes\u00fas?<\/li>\n<\/ul>\n<h2><strong>Los principios globales de nuestros grupos vicencianos de j\u00f3venes<\/strong><\/h2>\n<p>Probablemente record\u00e9is que nuestros\u00a0 grupos est\u00e1n relacionados con la Asociaci\u00f3n de la Medalla Milagrosa. Ambos surgen de las apariciones que Catalina Labour\u00e9 tuvo en Rue du Bac en 1830. Catalina escribi\u00f3 lo siguiente a Fr. Haladle:<\/p>\n<p>\u00abLa Sant\u00edsima Virgen quiere que fundes una asociaci\u00f3n de \u00abHijos de Mar\u00eda\u00bb. T\u00fa ser\u00e1s su superior, y t\u00fa y sus miembros ser\u00e9is dados abundantes gracias.<\/p>\n<p>Los grupos crecieron r\u00e1pidamente, inicialmente en Francia y luego por todo el mundo. En este siglo, conocieron un periodo de declive, pero en los pasados 20 a\u00f1os, se han repuesto y han resurgido significativamente.<\/p>\n<p>Los estatutos definen 4 objetivos principales:<\/p>\n<ul>\n<li>Formar a sus miembros para vivir, con fe profunda, el seguimiento de Cristo como Evangelizador y Sirviente de los pobres.<\/li>\n<li>Vivir y orar, como Mar\u00eda, en la simplicidad y la humildad, haciendo su propia espiritualidad desde el Magnificat.<\/li>\n<li>Mantener vivo el esp\u00edritu misionero, especialmente a trav\u00e9s de experiencias misioneras entre los pobres, particularmente, entre los pobres j\u00f3venes.<\/li>\n<li>Preparar a los miembros individual y comunitariamente para colaborar dentro de la Iglesia y\u00a0 de la Sociedad con otros agentes pastorales.<\/li>\n<\/ul>\n<h2><strong>Sugerencias para las Hijas de la Caridad<\/strong><\/h2>\n<p>\u00bfCre\u00e9is en los sue\u00f1os? \u00bfCre\u00e9is que los pod\u00e9is hacer realidad? Os animo a compartir hoy ese sue\u00f1o con los j\u00f3venes.<\/p>\n<p>Crear grupos de j\u00f3venes. \u00bfHay alg\u00fan sector de la sociedad en el que el Papa Juan Pablo II se haya centrado tanto como en lo j\u00f3venes? Hoy todo el mundo habla sobre el Nuevo milenio. Los j\u00f3venes SON el tercer milenio. Les pertenece. Si la Iglesia esta completamente viva en el tercer milenio, es gracias a que es vigorizada por los j\u00f3venes que creen profundamente. Los j\u00f3venes son evangelizadores y sirvientes de los pobres en el tercer milenio. Muchos de nosotros dif\u00edcilmente desarrollaremos ese papel. Si estad\u00edsticamente es cierto, no sobrevivir\u00e9 a la segunda d\u00e9cada del tercer milenio. Pero los j\u00f3venes de hoy estar\u00e1n vivos y llenos de energ\u00eda. Por eso os sugiero hoy, que no hay objetivo apost\u00f3lico m\u00e1s importante para la Iglesia y para la Familia Vicenciana que acercarse a los j\u00f3venes y ofrecerles una formaci\u00f3n vibrante, Cristiana y Vicenciana. Nosotros que formamos parte de la familia Vicenciana tenemos un regalo maravilloso que ofrecer a los j\u00f3venes. Os digo: trasmit\u00edrselo con alegr\u00eda y generosidad.<\/p>\n<p>Hoy nuestros grupos de j\u00f3venes existen en 40 pa\u00edses. \u00bfSer\u00e1 posible que para la pr\u00f3xima Asamblea General haya grupos activos en cada uno de las 80 provincias y regiones de la Hijas de la Caridad? Os animo a lograrlo.<\/p>\n<p>Cuando cre\u00e9is grupos, escoged un estilo de grupo plenamente inculturizado. Hoy en d\u00eda, hablamos mucho sobre la inculturizaci\u00f3n. Algunos me dicen de vez en cuando: \u00abYo no creo que estos grupos de Juventudes Marianas Vicencianas vayan a funcionar en mi pa\u00eds. Nuestra cultura es diferente.\u00bb Mi reacci\u00f3n es simplemente la siguiente: sed creativos. Si lo que veis en los grupos de JMV no se ajusta a vuestra propia cultura, entonces cread aquello que si lo haga. Pero no dej\u00e9is que nada os amedrente. Salid a los j\u00f3venes.\u00a0 Compartid con ellos el profundo amor hacia los pobres que San Vicente y Santa Luisa emprendieron con su compromiso hacia una caridad vivida de manera activa, practica con simplicidad y humildad.<\/p>\n<p>Como he mencionado antes, varios estudios recientes se\u00f1alan que los j\u00f3venes buscan tres cosas principalmente:<\/p>\n<ul>\n<li>Una experiencia trascendente.<\/li>\n<li>Amistad y solidaridad hacia los otros.<\/li>\n<li>Servicio a los m\u00e1s necesitados, incluso en el \u00e1mbito internacional.<\/li>\n<\/ul>\n<p>\u00bfD\u00f3nde se pueden establecer estos grupos? Hay muchos puntos de inter\u00e9s para establecer estos grupos. Primero, nuestra Familia Vicenciana administra un gran n\u00famero de escuelas y universidades donde j\u00f3venes que est\u00e1n madurando estudian y a veces viven, donde a veces se sienten solos, donde buscan alguna clase de formaci\u00f3n cristiana, y donde ellos se encuentran ansiosos de alcanzar objetivos con significado. Hoy, las instituciones educativas regentadas por nuestra Familia Vicenciana por todo el mundo cuentan con m\u00e1s de medio millos de estudiantes. Ellos son un campo de siembra para estos grupos de j\u00f3venes. Tambi\u00e9n hay profesores j\u00f3venes en esos centros. \u00bfPodr\u00edan organizarse y ofrecerles una formaci\u00f3n Vicenciana? Segundo, existen cientos de parroquias donde los Vicencianos y las Hijas de la Caridad trabajan. Cada parroquia deber\u00eda tener uno o varios grupos de j\u00f3venes. Tercero, hay enfermeras y m\u00e9dicos j\u00f3venes trabajando en hospitales. Con creatividad, \u00bfpodr\u00eda organizarse alguna clase de grupo vicenciano para ellos?<\/p>\n<p>La formaci\u00f3n es la clave. De hecho, la llamada m\u00e1s alta que escucho hoy en d\u00eda como Superior General es una llamada a la formaci\u00f3n Vicenciana. S. Vicente nos ha dejado un carisma imperecedero dentro de la Iglesia y nos lo ha puesto en las manos como instrumento inigualable. Pas\u00e1dselo a los j\u00f3venes. Contadles como S. Vicente, inspirado en la visi\u00f3n de Jes\u00fas, vio el mundo de otra forma. Contadles que los pobres son los reyes y las reinas y los presidentes en el Reino de Dios, y que nosotros somos sus siervos. Dadles una espiritualidad evang\u00e9lica rica, enraizada en la humanidad de Jes\u00fas. Ayudadles a compartir el amor de Jes\u00fas por Dios Padre y su confianza en la Providencia de Dios. Acompa\u00f1adles en la escucha a las palabras de Dios como hizo Mar\u00eda, la Madre de Jes\u00fas, y en la puesta de la misma en pr\u00e1ctica como ella hizo. Demostrad para ellos, sobre todo a trav\u00e9s de vuestras vidas, la importancia de la verdad y del amor comprometido. Ilustradles con vuestro ejemplo en una forma de ver el mundo con los ojos de la humildad, como si todo fuese un regalo, todo, ya que Dios est\u00e1 continuamente alcanz\u00e1ndonos para renovarnos y hacernos plenos. El carisma de nuestra Familia Vicenciana es extremadamente importante dentro de la Iglesia. Podemos, donde quiera que estemos, crear grupos de j\u00f3venes, darles una formaci\u00f3n rica, y ofrecerles varias opciones para el compromiso comprometido: experiencias en programas de verano, programas anuales, compromisos anuales de unas horas al d\u00eda, un compromiso para toda la vida&#8230;<\/p>\n<p>Ofreced a los j\u00f3venes una dimensi\u00f3n internacional de sus vidas. Vivimos en una comunidad global. Los acontecimientos actuales en cualquier parte del mundo nos afectan. Si el yen est\u00e1 d\u00e9bil, El Mercado de Nueva York se tambalea. Si hay actos violentos en Am\u00e9rica Central, el n\u00famero de indocumentados en Los \u00c1ngeles se incrementa considerablemente. Os insto a ayudar a los j\u00f3venes a ver la dimensi\u00f3n del pobre en el mundo a trav\u00e9s de las palabras de San Vicente, a verlos como \u00e9l hizo. En una \u00e9poca donde la mayor\u00eda de la gente mor\u00eda a pocos kil\u00f3metros de sus lugares de nacimiento, \u00e9l estableci\u00f3 dos comunidades internacionales que se expandieron r\u00e1pidamente desde Francia a Polonia, Italia, Algeria, Madagascar, Irlanda, Escocia, Las Islas H\u00edbridas, y las Islas Orkneys. Incluso \u00e9l mismo, a una edad avanzada, se puso rumbo a las Indias. Os animo a mirar a los nuevos miembros de nuestra Familia Vicenciana, MISEVI, Misioneros Seglares Vicencianos. Tienen un estatuto muy bien elaborado, para mandar a gente a las misiones en otros pa\u00edses a ofrecer su servicio a los pobres de tres a cinco a\u00f1os. \u00bfPuede MISEVI surgir en cada uno de nuestros pa\u00edses?<\/p>\n<p>Aseguraros que cualquier grupo de j\u00f3venes que cre\u00e9is satisfaga estos tres puntos. Dad a los j\u00f3venes una experiencia de Dios, una experiencia de amistad entre ellos, con vosotros, y con los pobres, y una experiencia de servicio comprometido. Aseguraros especialmente de que rezan con vosotros. Este es a menudo el elemento m\u00e1s olvidado. \u00bfHemos desarrollado una pedagog\u00eda de experiencia de Dios.<\/p>\n<p>Estas son algunas sugerencias, hijas m\u00edas. Espero que os sean \u00fatiles. Vosotras mismas tendr\u00e9is muchas m\u00e1s. Vuestras propias sugerencias ser\u00e1n probablemente mucho m\u00e1s concretas y creativas que las m\u00edas. Demos unas vueltas a nuestras cabezas para ver si podemos encontrar m\u00e1s formas de llegar a los j\u00f3venes.<\/p>\n","protected":false},"excerpt":{"rendered":"<p>Muchas de vosotras recordareis las palabras de Walt Whitman: \u00abJuventud, Juventud llena de gracia, fuerza, fascinaci\u00f3n&#8230; D\u00eda pleno y espl\u00e9ndido, d\u00eda de inmenso sol, acci\u00f3n, ambici\u00f3n, risa&#8230;\u00bb Me han pedido que os hable sobre la &#8230; <a href=\"http:\/\/vincentians.com\/es\/la-juventud-y-las-hijas-de-la-caridad\/\" class=\"more-link\">Read More<\/a><\/p>\n","protected":false},"author":4,"featured_media":400140,"comment_status":"open","ping_status":"open","sticky":false,"template":"","format":"standard","meta":{"jetpack_post_was_ever_published":false,"_jetpack_newsletter_access":"","_jetpack_dont_email_post_to_subs":false,"_jetpack_newsletter_tier_id":0,"_jetpack_memberships_contains_paywalled_content":false,"_jetpack_memberships_contains_paid_content":false,"footnotes":"","jetpack_publicize_message":"","jetpack_publicize_feature_enabled":true,"jetpack_social_post_already_shared":true,"jetpack_social_options":{"image_generator_settings":{"template":"highway","default_image_id":0,"font":"","enabled":false},"version":2}},"categories":[271],"tags":[174,195,190],"class_list":["post-2524","post","type-post","status-publish","format-standard","has-post-thumbnail","hentry","category-juventud","tag-durando","tag-misioneros-seglares","tag-rue-du-bac"],"yoast_head":"<!-- This site is optimized with the Yoast SEO plugin v26.3 - https:\/\/yoast.com\/wordpress\/plugins\/seo\/ -->\n<title>La Juventud y las Hijas de la Caridad - Somos Vicencianos<\/title>\n<meta name=\"robots\" content=\"index, follow, max-snippet:-1, max-image-preview:large, max-video-preview:-1\" \/>\n<link rel=\"canonical\" href=\"http:\/\/vincentians.com\/es\/la-juventud-y-las-hijas-de-la-caridad\/\" \/>\n<meta property=\"og:locale\" content=\"es_ES\" \/>\n<meta property=\"og:type\" content=\"article\" \/>\n<meta property=\"og:title\" content=\"La Juventud y las Hijas de la Caridad - Somos Vicencianos\" \/>\n<meta property=\"og:description\" content=\"Muchas de vosotras recordareis las palabras de Walt Whitman: \u00abJuventud, Juventud llena de gracia, fuerza, fascinaci\u00f3n&#8230; D\u00eda pleno y espl\u00e9ndido, d\u00eda de inmenso sol, acci\u00f3n, ambici\u00f3n, risa&#8230;\u00bb Me han pedido que os hable sobre la ... Read More\" \/>\n<meta property=\"og:url\" content=\"http:\/\/vincentians.com\/es\/la-juventud-y-las-hijas-de-la-caridad\/\" \/>\n<meta property=\"og:site_name\" content=\"Somos Vicencianos\" \/>\n<meta property=\"article:publisher\" content=\"https:\/\/www.facebook.com\/WeAreVincentians\/\" \/>\n<meta property=\"article:author\" content=\"https:\/\/www.facebook.com\/JavierChento\" \/>\n<meta property=\"article:published_time\" content=\"2019-01-23T07:00:21+00:00\" \/>\n<meta property=\"og:image\" content=\"https:\/\/i0.wp.com\/vincentians.com\/es\/wp-content\/uploads\/sites\/11\/2011\/11\/HIjas-Caridad.jpg?fit=1771%2C886\" \/>\n\t<meta property=\"og:image:width\" content=\"1771\" \/>\n\t<meta property=\"og:image:height\" content=\"886\" \/>\n\t<meta property=\"og:image:type\" content=\"image\/jpeg\" \/>\n<meta name=\"author\" content=\"Francisco Javier Fern\u00e1ndez Chento\" \/>\n<meta name=\"twitter:card\" content=\"summary_large_image\" \/>\n<meta name=\"twitter:creator\" content=\"@https:\/\/twitter.com\/javierchento\" \/>\n<meta name=\"twitter:site\" content=\"@WeVincentians\" \/>\n<meta name=\"twitter:label1\" content=\"Escrito por\" \/>\n\t<meta name=\"twitter:data1\" content=\"Francisco Javier Fern\u00e1ndez Chento\" \/>\n\t<meta name=\"twitter:label2\" content=\"Tiempo de lectura\" \/>\n\t<meta name=\"twitter:data2\" content=\"12 minutos\" \/>\n<script type=\"application\/ld+json\" class=\"yoast-schema-graph\">{\"@context\":\"https:\/\/schema.org\",\"@graph\":[{\"@type\":\"Article\",\"@id\":\"http:\/\/vincentians.com\/es\/la-juventud-y-las-hijas-de-la-caridad\/#article\",\"isPartOf\":{\"@id\":\"http:\/\/vincentians.com\/es\/la-juventud-y-las-hijas-de-la-caridad\/\"},\"author\":{\"name\":\"Francisco Javier Fern\u00e1ndez Chento\",\"@id\":\"https:\/\/vincentians.com\/es\/#\/schema\/person\/9623ef4d9aa3b2dfb8c061f1499288f2\"},\"headline\":\"La Juventud y las Hijas de la Caridad\",\"datePublished\":\"2019-01-23T07:00:21+00:00\",\"mainEntityOfPage\":{\"@id\":\"http:\/\/vincentians.com\/es\/la-juventud-y-las-hijas-de-la-caridad\/\"},\"wordCount\":2384,\"commentCount\":0,\"publisher\":{\"@id\":\"https:\/\/vincentians.com\/es\/#organization\"},\"image\":{\"@id\":\"http:\/\/vincentians.com\/es\/la-juventud-y-las-hijas-de-la-caridad\/#primaryimage\"},\"thumbnailUrl\":\"https:\/\/i0.wp.com\/vincentians.com\/es\/wp-content\/uploads\/sites\/11\/2011\/11\/HIjas-Caridad.jpg?fit=1771%2C886\",\"keywords\":[\"Durando\",\"Misioneros Seglares\",\"Rue du Bac\"],\"articleSection\":[\"Juventud\"],\"inLanguage\":\"es\",\"potentialAction\":[{\"@type\":\"CommentAction\",\"name\":\"Comment\",\"target\":[\"http:\/\/vincentians.com\/es\/la-juventud-y-las-hijas-de-la-caridad\/#respond\"]}]},{\"@type\":\"WebPage\",\"@id\":\"http:\/\/vincentians.com\/es\/la-juventud-y-las-hijas-de-la-caridad\/\",\"url\":\"http:\/\/vincentians.com\/es\/la-juventud-y-las-hijas-de-la-caridad\/\",\"name\":\"La Juventud y las Hijas de la Caridad - Somos Vicencianos\",\"isPartOf\":{\"@id\":\"https:\/\/vincentians.com\/es\/#website\"},\"primaryImageOfPage\":{\"@id\":\"http:\/\/vincentians.com\/es\/la-juventud-y-las-hijas-de-la-caridad\/#primaryimage\"},\"image\":{\"@id\":\"http:\/\/vincentians.com\/es\/la-juventud-y-las-hijas-de-la-caridad\/#primaryimage\"},\"thumbnailUrl\":\"https:\/\/i0.wp.com\/vincentians.com\/es\/wp-content\/uploads\/sites\/11\/2011\/11\/HIjas-Caridad.jpg?fit=1771%2C886\",\"datePublished\":\"2019-01-23T07:00:21+00:00\",\"breadcrumb\":{\"@id\":\"http:\/\/vincentians.com\/es\/la-juventud-y-las-hijas-de-la-caridad\/#breadcrumb\"},\"inLanguage\":\"es\",\"potentialAction\":[{\"@type\":\"ReadAction\",\"target\":[\"http:\/\/vincentians.com\/es\/la-juventud-y-las-hijas-de-la-caridad\/\"]}]},{\"@type\":\"ImageObject\",\"inLanguage\":\"es\",\"@id\":\"http:\/\/vincentians.com\/es\/la-juventud-y-las-hijas-de-la-caridad\/#primaryimage\",\"url\":\"https:\/\/i0.wp.com\/vincentians.com\/es\/wp-content\/uploads\/sites\/11\/2011\/11\/HIjas-Caridad.jpg?fit=1771%2C886\",\"contentUrl\":\"https:\/\/i0.wp.com\/vincentians.com\/es\/wp-content\/uploads\/sites\/11\/2011\/11\/HIjas-Caridad.jpg?fit=1771%2C886\",\"width\":1771,\"height\":886},{\"@type\":\"BreadcrumbList\",\"@id\":\"http:\/\/vincentians.com\/es\/la-juventud-y-las-hijas-de-la-caridad\/#breadcrumb\",\"itemListElement\":[{\"@type\":\"ListItem\",\"position\":1,\"name\":\"Portada\",\"item\":\"https:\/\/vincentians.com\/es\/\"},{\"@type\":\"ListItem\",\"position\":2,\"name\":\"La Juventud y las Hijas de la Caridad\"}]},{\"@type\":\"WebSite\",\"@id\":\"https:\/\/vincentians.com\/es\/#website\",\"url\":\"https:\/\/vincentians.com\/es\/\",\"name\":\"Somos Vicencianos\",\"description\":\"Know more to serve more\",\"publisher\":{\"@id\":\"https:\/\/vincentians.com\/es\/#organization\"},\"potentialAction\":[{\"@type\":\"SearchAction\",\"target\":{\"@type\":\"EntryPoint\",\"urlTemplate\":\"https:\/\/vincentians.com\/es\/?s={search_term_string}\"},\"query-input\":{\"@type\":\"PropertyValueSpecification\",\"valueRequired\":true,\"valueName\":\"search_term_string\"}}],\"inLanguage\":\"es\"},{\"@type\":\"Organization\",\"@id\":\"https:\/\/vincentians.com\/es\/#organization\",\"name\":\"The Vincentian Network\",\"url\":\"https:\/\/vincentians.com\/es\/\",\"logo\":{\"@type\":\"ImageObject\",\"inLanguage\":\"es\",\"@id\":\"https:\/\/vincentians.com\/es\/#\/schema\/logo\/image\/\",\"url\":\"https:\/\/i1.wp.com\/vincentians.com\/es\/wp-content\/uploads\/sites\/11\/2016\/06\/Vincentian-Network-logo-big.png?fit=778%2C778\",\"contentUrl\":\"https:\/\/i1.wp.com\/vincentians.com\/es\/wp-content\/uploads\/sites\/11\/2016\/06\/Vincentian-Network-logo-big.png?fit=778%2C778\",\"width\":778,\"height\":778,\"caption\":\"The Vincentian Network\"},\"image\":{\"@id\":\"https:\/\/vincentians.com\/es\/#\/schema\/logo\/image\/\"},\"sameAs\":[\"https:\/\/www.facebook.com\/WeAreVincentians\/\",\"https:\/\/x.com\/WeVincentians\"]},{\"@type\":\"Person\",\"@id\":\"https:\/\/vincentians.com\/es\/#\/schema\/person\/9623ef4d9aa3b2dfb8c061f1499288f2\",\"name\":\"Francisco Javier Fern\u00e1ndez Chento\",\"image\":{\"@type\":\"ImageObject\",\"inLanguage\":\"es\",\"@id\":\"https:\/\/vincentians.com\/es\/#\/schema\/person\/image\/\",\"url\":\"https:\/\/secure.gravatar.com\/avatar\/497d5cde87b4c3d097d0315953521681ba2cd523ee66e5077c3711f7021e65de?s=96&d=mm&r=g\",\"contentUrl\":\"https:\/\/secure.gravatar.com\/avatar\/497d5cde87b4c3d097d0315953521681ba2cd523ee66e5077c3711f7021e65de?s=96&d=mm&r=g\",\"caption\":\"Francisco Javier Fern\u00e1ndez Chento\"},\"description\":\"Director General y cofundador de La Red de Formaci\u00f3n Vicenciana. Javier es laico vicenciano, afiliado a la Congregaci\u00f3n de la Misi\u00f3n y miembro del Equipo de Misiones Populares de la provincia can\u00f3nica de Zaragoza (Espa\u00f1a) de la Congregaci\u00f3n de la Misi\u00f3n. Graduado en la Universidad Oberta de Catalunya con cuatro grados (Asistente de direcci\u00f3n, Gesti\u00f3n Administrativa, Recursos Humanos y Contabilidad Avanzada). Bil\u00edng\u00fce Espa\u00f1ol\/Ingl\u00e9s. gestiona y mantiene varias p\u00e1ginas web cristianas y vicencianas, incluida including La Red de Formaci\u00f3n Vicenciana, de la que es cofundador. Actualmente es responsable del \u00e1rea de Espa\u00f1ol de .famvin, la Red de Noticias de la Familia Vicenciana. Tambi\u00e9n es m\u00fasico cat\u00f3lico y ha editado varios discos. Es Director General y cofundador de Trovador, una reconocida compa\u00f1\u00eda discogr\u00e1fica critiana de Espa\u00f1a. Trabaja en las Tecnolog\u00edas de la Informaci\u00f3n, ofreciendo servicios de alojamiento, dise\u00f1o y mantenimiento Web, as\u00ed como asesoramiento, formaci\u00f3n y soluciones inform\u00e1ticas, gesti\u00f3n documental y digitalizaci\u00f3n de textos, edici\u00f3n y maquetaci\u00f3n de libros, revistas, flyers, etc.\",\"sameAs\":[\"http:\/\/chento.org\",\"https:\/\/www.facebook.com\/JavierChento\",\"https:\/\/x.com\/https:\/\/twitter.com\/javierchento\"],\"url\":\"http:\/\/vincentians.com\/es\/author\/chento\/\"}]}<\/script>\n<!-- \/ Yoast SEO plugin. -->","yoast_head_json":{"title":"La Juventud y las Hijas de la Caridad - Somos Vicencianos","robots":{"index":"index","follow":"follow","max-snippet":"max-snippet:-1","max-image-preview":"max-image-preview:large","max-video-preview":"max-video-preview:-1"},"canonical":"http:\/\/vincentians.com\/es\/la-juventud-y-las-hijas-de-la-caridad\/","og_locale":"es_ES","og_type":"article","og_title":"La Juventud y las Hijas de la Caridad - Somos Vicencianos","og_description":"Muchas de vosotras recordareis las palabras de Walt Whitman: \u00abJuventud, Juventud llena de gracia, fuerza, fascinaci\u00f3n&#8230; D\u00eda pleno y espl\u00e9ndido, d\u00eda de inmenso sol, acci\u00f3n, ambici\u00f3n, risa&#8230;\u00bb Me han pedido que os hable sobre la ... Read More","og_url":"http:\/\/vincentians.com\/es\/la-juventud-y-las-hijas-de-la-caridad\/","og_site_name":"Somos Vicencianos","article_publisher":"https:\/\/www.facebook.com\/WeAreVincentians\/","article_author":"https:\/\/www.facebook.com\/JavierChento","article_published_time":"2019-01-23T07:00:21+00:00","og_image":[{"width":1771,"height":886,"url":"https:\/\/i0.wp.com\/vincentians.com\/es\/wp-content\/uploads\/sites\/11\/2011\/11\/HIjas-Caridad.jpg?fit=1771%2C886","type":"image\/jpeg"}],"author":"Francisco Javier Fern\u00e1ndez Chento","twitter_card":"summary_large_image","twitter_creator":"@https:\/\/twitter.com\/javierchento","twitter_site":"@WeVincentians","twitter_misc":{"Escrito por":"Francisco Javier Fern\u00e1ndez Chento","Tiempo de lectura":"12 minutos"},"schema":{"@context":"https:\/\/schema.org","@graph":[{"@type":"Article","@id":"http:\/\/vincentians.com\/es\/la-juventud-y-las-hijas-de-la-caridad\/#article","isPartOf":{"@id":"http:\/\/vincentians.com\/es\/la-juventud-y-las-hijas-de-la-caridad\/"},"author":{"name":"Francisco Javier Fern\u00e1ndez Chento","@id":"https:\/\/vincentians.com\/es\/#\/schema\/person\/9623ef4d9aa3b2dfb8c061f1499288f2"},"headline":"La Juventud y las Hijas de la Caridad","datePublished":"2019-01-23T07:00:21+00:00","mainEntityOfPage":{"@id":"http:\/\/vincentians.com\/es\/la-juventud-y-las-hijas-de-la-caridad\/"},"wordCount":2384,"commentCount":0,"publisher":{"@id":"https:\/\/vincentians.com\/es\/#organization"},"image":{"@id":"http:\/\/vincentians.com\/es\/la-juventud-y-las-hijas-de-la-caridad\/#primaryimage"},"thumbnailUrl":"https:\/\/i0.wp.com\/vincentians.com\/es\/wp-content\/uploads\/sites\/11\/2011\/11\/HIjas-Caridad.jpg?fit=1771%2C886","keywords":["Durando","Misioneros Seglares","Rue du Bac"],"articleSection":["Juventud"],"inLanguage":"es","potentialAction":[{"@type":"CommentAction","name":"Comment","target":["http:\/\/vincentians.com\/es\/la-juventud-y-las-hijas-de-la-caridad\/#respond"]}]},{"@type":"WebPage","@id":"http:\/\/vincentians.com\/es\/la-juventud-y-las-hijas-de-la-caridad\/","url":"http:\/\/vincentians.com\/es\/la-juventud-y-las-hijas-de-la-caridad\/","name":"La Juventud y las Hijas de la Caridad - Somos Vicencianos","isPartOf":{"@id":"https:\/\/vincentians.com\/es\/#website"},"primaryImageOfPage":{"@id":"http:\/\/vincentians.com\/es\/la-juventud-y-las-hijas-de-la-caridad\/#primaryimage"},"image":{"@id":"http:\/\/vincentians.com\/es\/la-juventud-y-las-hijas-de-la-caridad\/#primaryimage"},"thumbnailUrl":"https:\/\/i0.wp.com\/vincentians.com\/es\/wp-content\/uploads\/sites\/11\/2011\/11\/HIjas-Caridad.jpg?fit=1771%2C886","datePublished":"2019-01-23T07:00:21+00:00","breadcrumb":{"@id":"http:\/\/vincentians.com\/es\/la-juventud-y-las-hijas-de-la-caridad\/#breadcrumb"},"inLanguage":"es","potentialAction":[{"@type":"ReadAction","target":["http:\/\/vincentians.com\/es\/la-juventud-y-las-hijas-de-la-caridad\/"]}]},{"@type":"ImageObject","inLanguage":"es","@id":"http:\/\/vincentians.com\/es\/la-juventud-y-las-hijas-de-la-caridad\/#primaryimage","url":"https:\/\/i0.wp.com\/vincentians.com\/es\/wp-content\/uploads\/sites\/11\/2011\/11\/HIjas-Caridad.jpg?fit=1771%2C886","contentUrl":"https:\/\/i0.wp.com\/vincentians.com\/es\/wp-content\/uploads\/sites\/11\/2011\/11\/HIjas-Caridad.jpg?fit=1771%2C886","width":1771,"height":886},{"@type":"BreadcrumbList","@id":"http:\/\/vincentians.com\/es\/la-juventud-y-las-hijas-de-la-caridad\/#breadcrumb","itemListElement":[{"@type":"ListItem","position":1,"name":"Portada","item":"https:\/\/vincentians.com\/es\/"},{"@type":"ListItem","position":2,"name":"La Juventud y las Hijas de la Caridad"}]},{"@type":"WebSite","@id":"https:\/\/vincentians.com\/es\/#website","url":"https:\/\/vincentians.com\/es\/","name":"Somos Vicencianos","description":"Know more to serve more","publisher":{"@id":"https:\/\/vincentians.com\/es\/#organization"},"potentialAction":[{"@type":"SearchAction","target":{"@type":"EntryPoint","urlTemplate":"https:\/\/vincentians.com\/es\/?s={search_term_string}"},"query-input":{"@type":"PropertyValueSpecification","valueRequired":true,"valueName":"search_term_string"}}],"inLanguage":"es"},{"@type":"Organization","@id":"https:\/\/vincentians.com\/es\/#organization","name":"The Vincentian Network","url":"https:\/\/vincentians.com\/es\/","logo":{"@type":"ImageObject","inLanguage":"es","@id":"https:\/\/vincentians.com\/es\/#\/schema\/logo\/image\/","url":"https:\/\/i1.wp.com\/vincentians.com\/es\/wp-content\/uploads\/sites\/11\/2016\/06\/Vincentian-Network-logo-big.png?fit=778%2C778","contentUrl":"https:\/\/i1.wp.com\/vincentians.com\/es\/wp-content\/uploads\/sites\/11\/2016\/06\/Vincentian-Network-logo-big.png?fit=778%2C778","width":778,"height":778,"caption":"The Vincentian Network"},"image":{"@id":"https:\/\/vincentians.com\/es\/#\/schema\/logo\/image\/"},"sameAs":["https:\/\/www.facebook.com\/WeAreVincentians\/","https:\/\/x.com\/WeVincentians"]},{"@type":"Person","@id":"https:\/\/vincentians.com\/es\/#\/schema\/person\/9623ef4d9aa3b2dfb8c061f1499288f2","name":"Francisco Javier Fern\u00e1ndez Chento","image":{"@type":"ImageObject","inLanguage":"es","@id":"https:\/\/vincentians.com\/es\/#\/schema\/person\/image\/","url":"https:\/\/secure.gravatar.com\/avatar\/497d5cde87b4c3d097d0315953521681ba2cd523ee66e5077c3711f7021e65de?s=96&d=mm&r=g","contentUrl":"https:\/\/secure.gravatar.com\/avatar\/497d5cde87b4c3d097d0315953521681ba2cd523ee66e5077c3711f7021e65de?s=96&d=mm&r=g","caption":"Francisco Javier Fern\u00e1ndez Chento"},"description":"Director General y cofundador de La Red de Formaci\u00f3n Vicenciana. Javier es laico vicenciano, afiliado a la Congregaci\u00f3n de la Misi\u00f3n y miembro del Equipo de Misiones Populares de la provincia can\u00f3nica de Zaragoza (Espa\u00f1a) de la Congregaci\u00f3n de la Misi\u00f3n. Graduado en la Universidad Oberta de Catalunya con cuatro grados (Asistente de direcci\u00f3n, Gesti\u00f3n Administrativa, Recursos Humanos y Contabilidad Avanzada). Bil\u00edng\u00fce Espa\u00f1ol\/Ingl\u00e9s. gestiona y mantiene varias p\u00e1ginas web cristianas y vicencianas, incluida including La Red de Formaci\u00f3n Vicenciana, de la que es cofundador. Actualmente es responsable del \u00e1rea de Espa\u00f1ol de .famvin, la Red de Noticias de la Familia Vicenciana. Tambi\u00e9n es m\u00fasico cat\u00f3lico y ha editado varios discos. Es Director General y cofundador de Trovador, una reconocida compa\u00f1\u00eda discogr\u00e1fica critiana de Espa\u00f1a. Trabaja en las Tecnolog\u00edas de la Informaci\u00f3n, ofreciendo servicios de alojamiento, dise\u00f1o y mantenimiento Web, as\u00ed como asesoramiento, formaci\u00f3n y soluciones inform\u00e1ticas, gesti\u00f3n documental y digitalizaci\u00f3n de textos, edici\u00f3n y maquetaci\u00f3n de libros, revistas, flyers, etc.","sameAs":["http:\/\/chento.org","https:\/\/www.facebook.com\/JavierChento","https:\/\/x.com\/https:\/\/twitter.com\/javierchento"],"url":"http:\/\/vincentians.com\/es\/author\/chento\/"}]}},"jetpack_publicize_connections":[],"jetpack_featured_media_url":"https:\/\/i0.wp.com\/vincentians.com\/es\/wp-content\/uploads\/sites\/11\/2011\/11\/HIjas-Caridad.jpg?fit=1771%2C886","jetpack_sharing_enabled":true,"jetpack_shortlink":"https:\/\/wp.me\/p7ETMF-EI","jetpack-related-posts":[{"id":113192,"url":"http:\/\/vincentians.com\/es\/venid-y-ved-que-bueno-es-estar-juntos-como-familia-vicenciana\/","url_meta":{"origin":2524,"position":0},"title":"Venid y Ved: \u00a1qu\u00e9 bueno es estar juntos como Familia Vicenciana!","author":"Francisco Javier Fern\u00e1ndez Chento","date":"18\/10\/2012","format":false,"excerpt":"I - Analicemos nuestra realidad. \u00a1Bendita es la Iglesia que cree en los j\u00f3venes! Es con esta convicci\u00f3n que iniciamos nuestra preparaci\u00f3n para el Encuentro Internacional de la Juventud Vicenciana. No queremos empezar mirando solamente a los desaf\u00edos y dificultades que la juventud, especialmente aquella que sigue a Cristo, enfrenta\u2026","rel":"","context":"En \u00abFormaci\u00f3n Vicenciana\u00bb","block_context":{"text":"Formaci\u00f3n Vicenciana","link":"http:\/\/vincentians.com\/es\/category\/formacion-vicenciana\/"},"img":{"alt_text":"","src":"https:\/\/i0.wp.com\/vicencianos.org\/wp-content\/2012\/10\/jmj1-300x224.jpg?resize=350%2C200","width":350,"height":200},"classes":[]},{"id":120725,"url":"http:\/\/vincentians.com\/es\/los-movimientos-juveniles-como-transmisores-de-la-fe\/","url_meta":{"origin":2524,"position":1},"title":"Los movimientos juveniles como transmisores de la fe","author":"Francisco Javier Fern\u00e1ndez Chento","date":"15\/10\/2022","format":false,"excerpt":"En la Jornada Mundial de la Juventud en Colonia (agosto de 2005) pude sentir el peso de los \"movimientos juve\u00adniles\" en la pastoral con j\u00f3venes. A pesar de la unidad que se viv\u00eda entre todos los convocados por Cristo, se apreciaba la pluralidad y riqueza de \"carismas\" que se manifestaban\u2026","rel":"","context":"En \u00abJuventud\u00bb","block_context":{"text":"Juventud","link":"http:\/\/vincentians.com\/es\/category\/servicios-y-ministerios\/juventud\/"},"img":{"alt_text":"","src":"https:\/\/i0.wp.com\/vincentians.com\/es\/wp-content\/uploads\/sites\/11\/2016\/08\/iglesia-de-los-pobres.jpg?fit=1200%2C630&resize=350%2C200","width":350,"height":200,"srcset":"https:\/\/i0.wp.com\/vincentians.com\/es\/wp-content\/uploads\/sites\/11\/2016\/08\/iglesia-de-los-pobres.jpg?fit=1200%2C630&resize=350%2C200 1x, https:\/\/i0.wp.com\/vincentians.com\/es\/wp-content\/uploads\/sites\/11\/2016\/08\/iglesia-de-los-pobres.jpg?fit=1200%2C630&resize=525%2C300 1.5x, https:\/\/i0.wp.com\/vincentians.com\/es\/wp-content\/uploads\/sites\/11\/2016\/08\/iglesia-de-los-pobres.jpg?fit=1200%2C630&resize=700%2C400 2x, https:\/\/i0.wp.com\/vincentians.com\/es\/wp-content\/uploads\/sites\/11\/2016\/08\/iglesia-de-los-pobres.jpg?fit=1200%2C630&resize=1050%2C600 3x"},"classes":[]},{"id":24831,"url":"http:\/\/vincentians.com\/es\/tambien-llega-a-la-prision-la-cruz-de-la-jornada-mundial-de-la-juventud\/","url_meta":{"origin":2524,"position":2},"title":"Tambi\u00e9n llega a la prisi\u00f3n la cruz de la Jornada Mundial de la Juventud","author":"Francisco Javier Fern\u00e1ndez Chento","date":"18\/12\/2010","format":false,"excerpt":"Encuentro con la cruz de los j\u00f3venes en la prisi\u00f3n de Albacete El pasado martes 14 de diciembre, tuvimos la oportunidad de tener un acto religioso en torno a la cruz de los j\u00f3venes y el icono de Mar\u00eda, la Virgen, madre de Jes\u00fas. A las 10\u201930 llegaba en una\u2026","rel":"","context":"En \u00abPastoral Carcelaria\u00bb","block_context":{"text":"Pastoral Carcelaria","link":"http:\/\/vincentians.com\/es\/category\/servicios-y-ministerios\/pastoral-carcelaria\/"},"img":{"alt_text":"","src":"https:\/\/i0.wp.com\/vicencianos.org\/wp-content\/2010\/12\/cruz1-300x225.jpg?resize=350%2C200","width":350,"height":200},"classes":[]},{"id":46065,"url":"http:\/\/vincentians.com\/es\/una-experiencia-de-pastoral-de-juventud-en-misiones-populares\/","url_meta":{"origin":2524,"position":3},"title":"Una experiencia de pastoral de juventud en misiones populares","author":"Francisco Javier Fern\u00e1ndez Chento","date":"24\/09\/2011","format":false,"excerpt":"Introducci\u00f3n \"Mensaje Vicenciano y Juventud Actual\", como tema cen\u00adtral de una Semana de Estudios vicencianos dentro del A\u00f1o Internacional que estamos celebrando parece lo m\u00e1s normal e interesante. Lo que no v\u00ed, desde el principio, fue mi presencia dentro de esta ponencia. No lo v\u00ed y me sigue costando verlo\u2026","rel":"","context":"En \u00abJuventud\u00bb","block_context":{"text":"Juventud","link":"http:\/\/vincentians.com\/es\/category\/servicios-y-ministerios\/juventud\/"},"img":{"alt_text":"","src":"https:\/\/i0.wp.com\/vicencianos.org\/wp-content\/2011\/07\/jovenes-230x300.jpg?resize=350%2C200","width":350,"height":200},"classes":[]},{"id":46064,"url":"http:\/\/vincentians.com\/es\/pastoral-vicenciana-juvenil-en-las-misiones-populares\/","url_meta":{"origin":2524,"position":4},"title":"Pastoral Vicenciana Juvenil en las misiones populares","author":"Francisco Javier Fern\u00e1ndez Chento","date":"19\/07\/2011","format":false,"excerpt":"Se nos ha pedido una exposici\u00f3n sobre la Pastoral Vicen\u00adciana juvenil en Misiones populares para la XIII Semana de estudios vicencianos. Lo hacemos con temor y temblor porque el tema es delicado y dificil, y tememos a\u00f1adir una experiencia m\u00e1s a tantas como se han dicho y escrito sobre el\u2026","rel":"","context":"En \u00abJuventud\u00bb","block_context":{"text":"Juventud","link":"http:\/\/vincentians.com\/es\/category\/servicios-y-ministerios\/juventud\/"},"img":{"alt_text":"Arenas de San Pedro (Valle del Tietar)","src":"https:\/\/i0.wp.com\/vicencianos.org\/wp-content\/2011\/07\/valle_del_tietar-225x300.jpg?resize=350%2C200","width":350,"height":200},"classes":[]},{"id":123680,"url":"http:\/\/vincentians.com\/es\/federico-ozanam-por-mons-baunard-capitulo-04\/","url_meta":{"origin":2524,"position":5},"title":"Federico Ozanam (por Mons. Baunard): Cap\u00edtulo 04","author":"Francisco Javier Fern\u00e1ndez Chento","date":"26\/08\/2016","format":false,"excerpt":"Cap\u00edtulo IV: La obra de verdad Los amigos.\u2014Protestas en la Sorbona.\u2014Solicitud para las conferencias en Nuestra Se\u00f1ora.\u2014Monse\u00f1or de Quelen.\u2014Suscripci\u00f3n en la Universidad Cat\u00f3lica de Lovaina. 1832-1834 Estamos a\u00fan en el a\u00f1o de 1832, el primero de la estancia de Ozanam en Par\u00eds. La agrupaci\u00f3n de la juventud cat\u00f3lica que vimos\u2026","rel":"","context":"En \u00abFederico Ozanam\u00bb","block_context":{"text":"Federico Ozanam","link":"http:\/\/vincentians.com\/es\/category\/la-familia-vicenciana\/fundadores\/federico-ozanam\/"},"img":{"alt_text":"","src":"https:\/\/i0.wp.com\/vincentians.com\/es\/wp-content\/uploads\/sites\/11\/2016\/07\/frederic-ozanam-layman-for-now.jpg?fit=1200%2C630&resize=350%2C200","width":350,"height":200,"srcset":"https:\/\/i0.wp.com\/vincentians.com\/es\/wp-content\/uploads\/sites\/11\/2016\/07\/frederic-ozanam-layman-for-now.jpg?fit=1200%2C630&resize=350%2C200 1x, https:\/\/i0.wp.com\/vincentians.com\/es\/wp-content\/uploads\/sites\/11\/2016\/07\/frederic-ozanam-layman-for-now.jpg?fit=1200%2C630&resize=525%2C300 1.5x, https:\/\/i0.wp.com\/vincentians.com\/es\/wp-content\/uploads\/sites\/11\/2016\/07\/frederic-ozanam-layman-for-now.jpg?fit=1200%2C630&resize=700%2C400 2x, https:\/\/i0.wp.com\/vincentians.com\/es\/wp-content\/uploads\/sites\/11\/2016\/07\/frederic-ozanam-layman-for-now.jpg?fit=1200%2C630&resize=1050%2C600 3x"},"classes":[]}],"_links":{"self":[{"href":"http:\/\/vincentians.com\/es\/wp-json\/wp\/v2\/posts\/2524","targetHints":{"allow":["GET"]}}],"collection":[{"href":"http:\/\/vincentians.com\/es\/wp-json\/wp\/v2\/posts"}],"about":[{"href":"http:\/\/vincentians.com\/es\/wp-json\/wp\/v2\/types\/post"}],"author":[{"embeddable":true,"href":"http:\/\/vincentians.com\/es\/wp-json\/wp\/v2\/users\/4"}],"replies":[{"embeddable":true,"href":"http:\/\/vincentians.com\/es\/wp-json\/wp\/v2\/comments?post=2524"}],"version-history":[{"count":1,"href":"http:\/\/vincentians.com\/es\/wp-json\/wp\/v2\/posts\/2524\/revisions"}],"predecessor-version":[{"id":402074,"href":"http:\/\/vincentians.com\/es\/wp-json\/wp\/v2\/posts\/2524\/revisions\/402074"}],"wp:featuredmedia":[{"embeddable":true,"href":"http:\/\/vincentians.com\/es\/wp-json\/wp\/v2\/media\/400140"}],"wp:attachment":[{"href":"http:\/\/vincentians.com\/es\/wp-json\/wp\/v2\/media?parent=2524"}],"wp:term":[{"taxonomy":"category","embeddable":true,"href":"http:\/\/vincentians.com\/es\/wp-json\/wp\/v2\/categories?post=2524"},{"taxonomy":"post_tag","embeddable":true,"href":"http:\/\/vincentians.com\/es\/wp-json\/wp\/v2\/tags?post=2524"}],"curies":[{"name":"wp","href":"https:\/\/api.w.org\/{rel}","templated":true}]}}