{"id":2455,"date":"2013-09-27T08:01:14","date_gmt":"2013-09-27T06:01:14","guid":{"rendered":"http:\/\/somos.vicencianos.org\/blog\/2009\/12\/16\/pedro-opeka-haciendo-efectivo-el-evangelio-5\/"},"modified":"2013-09-27T08:01:14","modified_gmt":"2013-09-27T06:01:14","slug":"pedro-opeka-haciendo-efectivo-el-evangelio-5","status":"publish","type":"post","link":"http:\/\/vincentians.com\/es\/pedro-opeka-haciendo-efectivo-el-evangelio-5\/","title":{"rendered":"Pedro Opeka: Haciendo efectivo el Evangelio (5)"},"content":{"rendered":"<p>En Akamasoa se empezaron a crear escuelas primarias, secundarias, a instancias de Pedro Opeka&#8230; Actualmente, hay m\u00e1s de 7.000 alumnos, sin contar las guarder\u00edas. Tambi\u00e9n hay talleres escuela (carpinter\u00eda, mec\u00e1nica &#8230; ) que forman y dan trabajo a los j\u00f3venes; talleres y escuelas de bordado, de artesan\u00eda&#8230; en las que las mujeres no s\u00f3lo aprenden un oficio, sino que consiguen unos ingresos que les ayudan a sobrevivir.<\/p>\n<p>Poco a poco las colinas que rodean el basurero se fueron llenando de hermosas casas, fabricadas con ladrillos y agradables para vivir. Lo que antes era un paisaje de basura y po<a href=\"https:\/\/i0.wp.com\/vicencianos.org\/vicencianos\/files\/2009\/12\/opeka5.jpg\"><img data-recalc-dims=\"1\" loading=\"lazy\" decoding=\"async\" class=\"size-medium wp-image-2469 alignleft\" alt=\"opeka5\" src=\"https:\/\/i0.wp.com\/vicencianos.org\/vicencianos\/files\/2009\/12\/opeka5-225x300.jpg?resize=225%2C300\" width=\"225\" height=\"300\" \/><\/a>rquer\u00eda se fue transformando en una aut\u00e9ntica ciudad, con jardines, flores, calles pavimentadas y limpias. Aquello se llam\u00f3 Akamasoa (\u00abbuenos amigos\u00bb, en lengua malgache).<\/p>\n<p>El P. Opeka cuenta con la ayuda de Manos Unidas, de la Comunidad Europea, del Principado de M\u00f3naco y de otras muchas instituciones internacionales. Eslovenia y M\u00f3naco lo han propuesto para el Premio Nobel de la Paz. Ha recibido numerosos premios y galardones a nivel internacional, entre los que destaca la Medalla de la Legi\u00f3n de Honor, m\u00e1xima distinci\u00f3n francesa.<\/p>\n<p>Akamasoa es hoy un ejemplo de cooperaci\u00f3n y solidaridad. Por toda su obra y por ese ejemplo de cooperaci\u00f3n y solidaridad, Mundo Negro (Misioneros Combonianos) ha decidido otorgarle el Premio Mundo Negro a la Fraternidad 2007.<\/p>\n<h2>Video: Una celebraci\u00f3n con el P. Opeka en Madagascar<\/h2>\n<!--Error de YouTube: URL introducida incorrecta-->\n","protected":false},"excerpt":{"rendered":"<p>En Akamasoa se empezaron a crear escuelas primarias, secundarias, a instancias de Pedro Opeka&#8230; Actualmente, hay m\u00e1s de 7.000 alumnos, sin contar las guarder\u00edas. Tambi\u00e9n hay talleres escuela (carpinter\u00eda, mec\u00e1nica &#8230; ) que forman y &#8230; <a href=\"http:\/\/vincentians.com\/es\/pedro-opeka-haciendo-efectivo-el-evangelio-5\/\" class=\"more-link\">Read More<\/a><\/p>\n","protected":false},"author":4,"featured_media":37746,"comment_status":"open","ping_status":"open","sticky":false,"template":"","format":"standard","meta":{"jetpack_post_was_ever_published":false,"_jetpack_newsletter_access":"","_jetpack_dont_email_post_to_subs":false,"_jetpack_newsletter_tier_id":0,"_jetpack_memberships_contains_paywalled_content":false,"_jetpack_memberships_contains_paid_content":false,"footnotes":"","jetpack_publicize_message":"","jetpack_publicize_feature_enabled":true,"jetpack_social_post_already_shared":true,"jetpack_social_options":{"image_generator_settings":{"template":"highway","default_image_id":0,"font":"","enabled":false},"version":2}},"categories":[201,210],"tags":[278],"class_list":["post-2455","post","type-post","status-publish","format-standard","has-post-thumbnail","hentry","category-misiones-ad-gentes","category-testigos-vicencianos","tag-pedro-opeka"],"yoast_head":"<!-- This site is optimized with the Yoast SEO plugin v26.3 - https:\/\/yoast.com\/wordpress\/plugins\/seo\/ -->\n<title>Pedro Opeka: Haciendo efectivo el Evangelio (5) - Somos Vicencianos<\/title>\n<meta name=\"robots\" content=\"index, follow, max-snippet:-1, max-image-preview:large, max-video-preview:-1\" \/>\n<link rel=\"canonical\" href=\"http:\/\/vincentians.com\/es\/pedro-opeka-haciendo-efectivo-el-evangelio-5\/\" \/>\n<meta property=\"og:locale\" content=\"es_ES\" \/>\n<meta property=\"og:type\" content=\"article\" \/>\n<meta property=\"og:title\" content=\"Pedro Opeka: Haciendo efectivo el Evangelio (5) - Somos Vicencianos\" \/>\n<meta property=\"og:description\" content=\"En Akamasoa se empezaron a crear escuelas primarias, secundarias, a instancias de Pedro Opeka&#8230; Actualmente, hay m\u00e1s de 7.000 alumnos, sin contar las guarder\u00edas. Tambi\u00e9n hay talleres escuela (carpinter\u00eda, mec\u00e1nica &#8230; ) que forman y ... Read More\" \/>\n<meta property=\"og:url\" content=\"http:\/\/vincentians.com\/es\/pedro-opeka-haciendo-efectivo-el-evangelio-5\/\" \/>\n<meta property=\"og:site_name\" content=\"Somos Vicencianos\" \/>\n<meta property=\"article:publisher\" content=\"https:\/\/www.facebook.com\/WeAreVincentians\/\" \/>\n<meta property=\"article:author\" content=\"https:\/\/www.facebook.com\/JavierChento\" \/>\n<meta property=\"article:published_time\" content=\"2013-09-27T06:01:14+00:00\" \/>\n<meta name=\"author\" content=\"Francisco Javier Fern\u00e1ndez Chento\" \/>\n<meta name=\"twitter:card\" content=\"summary_large_image\" \/>\n<meta name=\"twitter:creator\" content=\"@https:\/\/twitter.com\/javierchento\" \/>\n<meta name=\"twitter:site\" content=\"@WeVincentians\" \/>\n<meta name=\"twitter:label1\" content=\"Escrito por\" \/>\n\t<meta name=\"twitter:data1\" content=\"Francisco Javier Fern\u00e1ndez Chento\" \/>\n\t<meta name=\"twitter:label2\" content=\"Tiempo de lectura\" \/>\n\t<meta name=\"twitter:data2\" content=\"1 minuto\" \/>\n<script type=\"application\/ld+json\" class=\"yoast-schema-graph\">{\"@context\":\"https:\/\/schema.org\",\"@graph\":[{\"@type\":\"Article\",\"@id\":\"http:\/\/vincentians.com\/es\/pedro-opeka-haciendo-efectivo-el-evangelio-5\/#article\",\"isPartOf\":{\"@id\":\"http:\/\/vincentians.com\/es\/pedro-opeka-haciendo-efectivo-el-evangelio-5\/\"},\"author\":{\"name\":\"Francisco Javier Fern\u00e1ndez Chento\",\"@id\":\"http:\/\/vincentians.com\/es\/#\/schema\/person\/9623ef4d9aa3b2dfb8c061f1499288f2\"},\"headline\":\"Pedro Opeka: Haciendo efectivo el Evangelio (5)\",\"datePublished\":\"2013-09-27T06:01:14+00:00\",\"mainEntityOfPage\":{\"@id\":\"http:\/\/vincentians.com\/es\/pedro-opeka-haciendo-efectivo-el-evangelio-5\/\"},\"wordCount\":252,\"commentCount\":0,\"publisher\":{\"@id\":\"http:\/\/vincentians.com\/es\/#organization\"},\"image\":{\"@id\":\"http:\/\/vincentians.com\/es\/pedro-opeka-haciendo-efectivo-el-evangelio-5\/#primaryimage\"},\"thumbnailUrl\":\"\",\"keywords\":[\"Pedro Opeka\"],\"articleSection\":[\"Misiones \u00abAd gentes\u00bb\",\"Testigos vicencianos\"],\"inLanguage\":\"es\",\"potentialAction\":[{\"@type\":\"CommentAction\",\"name\":\"Comment\",\"target\":[\"http:\/\/vincentians.com\/es\/pedro-opeka-haciendo-efectivo-el-evangelio-5\/#respond\"]}]},{\"@type\":\"WebPage\",\"@id\":\"http:\/\/vincentians.com\/es\/pedro-opeka-haciendo-efectivo-el-evangelio-5\/\",\"url\":\"http:\/\/vincentians.com\/es\/pedro-opeka-haciendo-efectivo-el-evangelio-5\/\",\"name\":\"Pedro Opeka: Haciendo efectivo el Evangelio (5) - Somos Vicencianos\",\"isPartOf\":{\"@id\":\"http:\/\/vincentians.com\/es\/#website\"},\"primaryImageOfPage\":{\"@id\":\"http:\/\/vincentians.com\/es\/pedro-opeka-haciendo-efectivo-el-evangelio-5\/#primaryimage\"},\"image\":{\"@id\":\"http:\/\/vincentians.com\/es\/pedro-opeka-haciendo-efectivo-el-evangelio-5\/#primaryimage\"},\"thumbnailUrl\":\"\",\"datePublished\":\"2013-09-27T06:01:14+00:00\",\"breadcrumb\":{\"@id\":\"http:\/\/vincentians.com\/es\/pedro-opeka-haciendo-efectivo-el-evangelio-5\/#breadcrumb\"},\"inLanguage\":\"es\",\"potentialAction\":[{\"@type\":\"ReadAction\",\"target\":[\"http:\/\/vincentians.com\/es\/pedro-opeka-haciendo-efectivo-el-evangelio-5\/\"]}]},{\"@type\":\"ImageObject\",\"inLanguage\":\"es\",\"@id\":\"http:\/\/vincentians.com\/es\/pedro-opeka-haciendo-efectivo-el-evangelio-5\/#primaryimage\",\"url\":\"\",\"contentUrl\":\"\"},{\"@type\":\"BreadcrumbList\",\"@id\":\"http:\/\/vincentians.com\/es\/pedro-opeka-haciendo-efectivo-el-evangelio-5\/#breadcrumb\",\"itemListElement\":[{\"@type\":\"ListItem\",\"position\":1,\"name\":\"Portada\",\"item\":\"http:\/\/vincentians.com\/es\/\"},{\"@type\":\"ListItem\",\"position\":2,\"name\":\"Pedro Opeka: Haciendo efectivo el Evangelio (5)\"}]},{\"@type\":\"WebSite\",\"@id\":\"http:\/\/vincentians.com\/es\/#website\",\"url\":\"http:\/\/vincentians.com\/es\/\",\"name\":\"Somos Vicencianos\",\"description\":\"Know more to serve more\",\"publisher\":{\"@id\":\"http:\/\/vincentians.com\/es\/#organization\"},\"potentialAction\":[{\"@type\":\"SearchAction\",\"target\":{\"@type\":\"EntryPoint\",\"urlTemplate\":\"http:\/\/vincentians.com\/es\/?s={search_term_string}\"},\"query-input\":{\"@type\":\"PropertyValueSpecification\",\"valueRequired\":true,\"valueName\":\"search_term_string\"}}],\"inLanguage\":\"es\"},{\"@type\":\"Organization\",\"@id\":\"http:\/\/vincentians.com\/es\/#organization\",\"name\":\"The Vincentian Network\",\"url\":\"http:\/\/vincentians.com\/es\/\",\"logo\":{\"@type\":\"ImageObject\",\"inLanguage\":\"es\",\"@id\":\"http:\/\/vincentians.com\/es\/#\/schema\/logo\/image\/\",\"url\":\"https:\/\/i1.wp.com\/vincentians.com\/es\/wp-content\/uploads\/sites\/11\/2016\/06\/Vincentian-Network-logo-big.png?fit=778%2C778\",\"contentUrl\":\"https:\/\/i1.wp.com\/vincentians.com\/es\/wp-content\/uploads\/sites\/11\/2016\/06\/Vincentian-Network-logo-big.png?fit=778%2C778\",\"width\":778,\"height\":778,\"caption\":\"The Vincentian Network\"},\"image\":{\"@id\":\"http:\/\/vincentians.com\/es\/#\/schema\/logo\/image\/\"},\"sameAs\":[\"https:\/\/www.facebook.com\/WeAreVincentians\/\",\"https:\/\/x.com\/WeVincentians\"]},{\"@type\":\"Person\",\"@id\":\"http:\/\/vincentians.com\/es\/#\/schema\/person\/9623ef4d9aa3b2dfb8c061f1499288f2\",\"name\":\"Francisco Javier Fern\u00e1ndez Chento\",\"image\":{\"@type\":\"ImageObject\",\"inLanguage\":\"es\",\"@id\":\"http:\/\/vincentians.com\/es\/#\/schema\/person\/image\/\",\"url\":\"https:\/\/secure.gravatar.com\/avatar\/497d5cde87b4c3d097d0315953521681ba2cd523ee66e5077c3711f7021e65de?s=96&d=mm&r=g\",\"contentUrl\":\"https:\/\/secure.gravatar.com\/avatar\/497d5cde87b4c3d097d0315953521681ba2cd523ee66e5077c3711f7021e65de?s=96&d=mm&r=g\",\"caption\":\"Francisco Javier Fern\u00e1ndez Chento\"},\"description\":\"Director General y cofundador de La Red de Formaci\u00f3n Vicenciana. Javier es laico vicenciano, afiliado a la Congregaci\u00f3n de la Misi\u00f3n y miembro del Equipo de Misiones Populares de la provincia can\u00f3nica de Zaragoza (Espa\u00f1a) de la Congregaci\u00f3n de la Misi\u00f3n. Graduado en la Universidad Oberta de Catalunya con cuatro grados (Asistente de direcci\u00f3n, Gesti\u00f3n Administrativa, Recursos Humanos y Contabilidad Avanzada). Bil\u00edng\u00fce Espa\u00f1ol\/Ingl\u00e9s. gestiona y mantiene varias p\u00e1ginas web cristianas y vicencianas, incluida including La Red de Formaci\u00f3n Vicenciana, de la que es cofundador. Actualmente es responsable del \u00e1rea de Espa\u00f1ol de .famvin, la Red de Noticias de la Familia Vicenciana. Tambi\u00e9n es m\u00fasico cat\u00f3lico y ha editado varios discos. Es Director General y cofundador de Trovador, una reconocida compa\u00f1\u00eda discogr\u00e1fica critiana de Espa\u00f1a. Trabaja en las Tecnolog\u00edas de la Informaci\u00f3n, ofreciendo servicios de alojamiento, dise\u00f1o y mantenimiento Web, as\u00ed como asesoramiento, formaci\u00f3n y soluciones inform\u00e1ticas, gesti\u00f3n documental y digitalizaci\u00f3n de textos, edici\u00f3n y maquetaci\u00f3n de libros, revistas, flyers, etc.\",\"sameAs\":[\"http:\/\/chento.org\",\"https:\/\/www.facebook.com\/JavierChento\",\"https:\/\/x.com\/https:\/\/twitter.com\/javierchento\"],\"url\":\"http:\/\/vincentians.com\/es\/author\/chento\/\"}]}<\/script>\n<!-- \/ Yoast SEO plugin. -->","yoast_head_json":{"title":"Pedro Opeka: Haciendo efectivo el Evangelio (5) - Somos Vicencianos","robots":{"index":"index","follow":"follow","max-snippet":"max-snippet:-1","max-image-preview":"max-image-preview:large","max-video-preview":"max-video-preview:-1"},"canonical":"http:\/\/vincentians.com\/es\/pedro-opeka-haciendo-efectivo-el-evangelio-5\/","og_locale":"es_ES","og_type":"article","og_title":"Pedro Opeka: Haciendo efectivo el Evangelio (5) - Somos Vicencianos","og_description":"En Akamasoa se empezaron a crear escuelas primarias, secundarias, a instancias de Pedro Opeka&#8230; Actualmente, hay m\u00e1s de 7.000 alumnos, sin contar las guarder\u00edas. Tambi\u00e9n hay talleres escuela (carpinter\u00eda, mec\u00e1nica &#8230; ) que forman y ... Read More","og_url":"http:\/\/vincentians.com\/es\/pedro-opeka-haciendo-efectivo-el-evangelio-5\/","og_site_name":"Somos Vicencianos","article_publisher":"https:\/\/www.facebook.com\/WeAreVincentians\/","article_author":"https:\/\/www.facebook.com\/JavierChento","article_published_time":"2013-09-27T06:01:14+00:00","author":"Francisco Javier Fern\u00e1ndez Chento","twitter_card":"summary_large_image","twitter_creator":"@https:\/\/twitter.com\/javierchento","twitter_site":"@WeVincentians","twitter_misc":{"Escrito por":"Francisco Javier Fern\u00e1ndez Chento","Tiempo de lectura":"1 minuto"},"schema":{"@context":"https:\/\/schema.org","@graph":[{"@type":"Article","@id":"http:\/\/vincentians.com\/es\/pedro-opeka-haciendo-efectivo-el-evangelio-5\/#article","isPartOf":{"@id":"http:\/\/vincentians.com\/es\/pedro-opeka-haciendo-efectivo-el-evangelio-5\/"},"author":{"name":"Francisco Javier Fern\u00e1ndez Chento","@id":"http:\/\/vincentians.com\/es\/#\/schema\/person\/9623ef4d9aa3b2dfb8c061f1499288f2"},"headline":"Pedro Opeka: Haciendo efectivo el Evangelio (5)","datePublished":"2013-09-27T06:01:14+00:00","mainEntityOfPage":{"@id":"http:\/\/vincentians.com\/es\/pedro-opeka-haciendo-efectivo-el-evangelio-5\/"},"wordCount":252,"commentCount":0,"publisher":{"@id":"http:\/\/vincentians.com\/es\/#organization"},"image":{"@id":"http:\/\/vincentians.com\/es\/pedro-opeka-haciendo-efectivo-el-evangelio-5\/#primaryimage"},"thumbnailUrl":"","keywords":["Pedro Opeka"],"articleSection":["Misiones \u00abAd gentes\u00bb","Testigos vicencianos"],"inLanguage":"es","potentialAction":[{"@type":"CommentAction","name":"Comment","target":["http:\/\/vincentians.com\/es\/pedro-opeka-haciendo-efectivo-el-evangelio-5\/#respond"]}]},{"@type":"WebPage","@id":"http:\/\/vincentians.com\/es\/pedro-opeka-haciendo-efectivo-el-evangelio-5\/","url":"http:\/\/vincentians.com\/es\/pedro-opeka-haciendo-efectivo-el-evangelio-5\/","name":"Pedro Opeka: Haciendo efectivo el Evangelio (5) - Somos Vicencianos","isPartOf":{"@id":"http:\/\/vincentians.com\/es\/#website"},"primaryImageOfPage":{"@id":"http:\/\/vincentians.com\/es\/pedro-opeka-haciendo-efectivo-el-evangelio-5\/#primaryimage"},"image":{"@id":"http:\/\/vincentians.com\/es\/pedro-opeka-haciendo-efectivo-el-evangelio-5\/#primaryimage"},"thumbnailUrl":"","datePublished":"2013-09-27T06:01:14+00:00","breadcrumb":{"@id":"http:\/\/vincentians.com\/es\/pedro-opeka-haciendo-efectivo-el-evangelio-5\/#breadcrumb"},"inLanguage":"es","potentialAction":[{"@type":"ReadAction","target":["http:\/\/vincentians.com\/es\/pedro-opeka-haciendo-efectivo-el-evangelio-5\/"]}]},{"@type":"ImageObject","inLanguage":"es","@id":"http:\/\/vincentians.com\/es\/pedro-opeka-haciendo-efectivo-el-evangelio-5\/#primaryimage","url":"","contentUrl":""},{"@type":"BreadcrumbList","@id":"http:\/\/vincentians.com\/es\/pedro-opeka-haciendo-efectivo-el-evangelio-5\/#breadcrumb","itemListElement":[{"@type":"ListItem","position":1,"name":"Portada","item":"http:\/\/vincentians.com\/es\/"},{"@type":"ListItem","position":2,"name":"Pedro Opeka: Haciendo efectivo el Evangelio (5)"}]},{"@type":"WebSite","@id":"http:\/\/vincentians.com\/es\/#website","url":"http:\/\/vincentians.com\/es\/","name":"Somos Vicencianos","description":"Know more to serve more","publisher":{"@id":"http:\/\/vincentians.com\/es\/#organization"},"potentialAction":[{"@type":"SearchAction","target":{"@type":"EntryPoint","urlTemplate":"http:\/\/vincentians.com\/es\/?s={search_term_string}"},"query-input":{"@type":"PropertyValueSpecification","valueRequired":true,"valueName":"search_term_string"}}],"inLanguage":"es"},{"@type":"Organization","@id":"http:\/\/vincentians.com\/es\/#organization","name":"The Vincentian Network","url":"http:\/\/vincentians.com\/es\/","logo":{"@type":"ImageObject","inLanguage":"es","@id":"http:\/\/vincentians.com\/es\/#\/schema\/logo\/image\/","url":"https:\/\/i1.wp.com\/vincentians.com\/es\/wp-content\/uploads\/sites\/11\/2016\/06\/Vincentian-Network-logo-big.png?fit=778%2C778","contentUrl":"https:\/\/i1.wp.com\/vincentians.com\/es\/wp-content\/uploads\/sites\/11\/2016\/06\/Vincentian-Network-logo-big.png?fit=778%2C778","width":778,"height":778,"caption":"The Vincentian Network"},"image":{"@id":"http:\/\/vincentians.com\/es\/#\/schema\/logo\/image\/"},"sameAs":["https:\/\/www.facebook.com\/WeAreVincentians\/","https:\/\/x.com\/WeVincentians"]},{"@type":"Person","@id":"http:\/\/vincentians.com\/es\/#\/schema\/person\/9623ef4d9aa3b2dfb8c061f1499288f2","name":"Francisco Javier Fern\u00e1ndez Chento","image":{"@type":"ImageObject","inLanguage":"es","@id":"http:\/\/vincentians.com\/es\/#\/schema\/person\/image\/","url":"https:\/\/secure.gravatar.com\/avatar\/497d5cde87b4c3d097d0315953521681ba2cd523ee66e5077c3711f7021e65de?s=96&d=mm&r=g","contentUrl":"https:\/\/secure.gravatar.com\/avatar\/497d5cde87b4c3d097d0315953521681ba2cd523ee66e5077c3711f7021e65de?s=96&d=mm&r=g","caption":"Francisco Javier Fern\u00e1ndez Chento"},"description":"Director General y cofundador de La Red de Formaci\u00f3n Vicenciana. Javier es laico vicenciano, afiliado a la Congregaci\u00f3n de la Misi\u00f3n y miembro del Equipo de Misiones Populares de la provincia can\u00f3nica de Zaragoza (Espa\u00f1a) de la Congregaci\u00f3n de la Misi\u00f3n. Graduado en la Universidad Oberta de Catalunya con cuatro grados (Asistente de direcci\u00f3n, Gesti\u00f3n Administrativa, Recursos Humanos y Contabilidad Avanzada). Bil\u00edng\u00fce Espa\u00f1ol\/Ingl\u00e9s. gestiona y mantiene varias p\u00e1ginas web cristianas y vicencianas, incluida including La Red de Formaci\u00f3n Vicenciana, de la que es cofundador. Actualmente es responsable del \u00e1rea de Espa\u00f1ol de .famvin, la Red de Noticias de la Familia Vicenciana. Tambi\u00e9n es m\u00fasico cat\u00f3lico y ha editado varios discos. Es Director General y cofundador de Trovador, una reconocida compa\u00f1\u00eda discogr\u00e1fica critiana de Espa\u00f1a. Trabaja en las Tecnolog\u00edas de la Informaci\u00f3n, ofreciendo servicios de alojamiento, dise\u00f1o y mantenimiento Web, as\u00ed como asesoramiento, formaci\u00f3n y soluciones inform\u00e1ticas, gesti\u00f3n documental y digitalizaci\u00f3n de textos, edici\u00f3n y maquetaci\u00f3n de libros, revistas, flyers, etc.","sameAs":["http:\/\/chento.org","https:\/\/www.facebook.com\/JavierChento","https:\/\/x.com\/https:\/\/twitter.com\/javierchento"],"url":"http:\/\/vincentians.com\/es\/author\/chento\/"}]}},"jetpack_publicize_connections":[],"jetpack_featured_media_url":"","jetpack_sharing_enabled":true,"jetpack_shortlink":"https:\/\/wp.me\/p7ETMF-DB","jetpack-related-posts":[{"id":38576,"url":"http:\/\/vincentians.com\/es\/breve-semblanza-del-padre-pedro-opeka\/","url_meta":{"origin":2455,"position":0},"title":"Breve semblanza del padre Pedro Opeka","author":"Francisco Javier Fern\u00e1ndez Chento","date":"07\/08\/2014","format":false,"excerpt":"Pedro Pablo Opeka nace el 29 de junio de 1948 en San Mart\u00edn, distrito del Gran Buenos Aires (Argentina), una tierra de hospitalidad sin l\u00edmites. Su padre, Luis Opeka, y su madre, Mar\u00eda Marolte, son eslovenos. En 1945 Luis Opeka, de profundas convicciones cristianas, es arrestado por los comunistas de\u2026","rel":"","context":"En \u00abTestigos vicencianos\u00bb","block_context":{"text":"Testigos vicencianos","link":"http:\/\/vincentians.com\/es\/category\/la-familia-vicenciana\/testigos-vicencianos\/"},"img":{"alt_text":"Padre Pedro Opeka","src":"https:\/\/i0.wp.com\/vicencianos.org\/wp-content\/2011\/05\/pedro_opeka-256x300.jpg?resize=350%2C200","width":350,"height":200},"classes":[]},{"id":2447,"url":"http:\/\/vincentians.com\/es\/pedro-opeka-haciendo-efectivo-el-evangelio-2\/","url_meta":{"origin":2455,"position":1},"title":"Pedro Opeka: Haciendo efectivo el Evangelio (2)","author":"Francisco Javier Fern\u00e1ndez Chento","date":"01\/06\/2023","format":false,"excerpt":"Al Padre Pedro Opeka, misionero pa\u00fal argentino que trabaja desde 1975 en Madagascar, le concedieron el Premio MUNDO NEGRO a la Fraternidad 2007 . Al borde de un vertedero, comenz\u00f3 a construir viviendas para alojar a los sin techo. Hoy es una ciudad con unos 20.000 habitantes. Se llama Akamasoa,\u2026","rel":"","context":"En \u00abMisiones \u00abAd gentes\u00bb\u00bb","block_context":{"text":"Misiones \u00abAd gentes\u00bb","link":"http:\/\/vincentians.com\/es\/category\/servicios-y-ministerios\/misiones-ad-gentes\/"},"img":{"alt_text":"","src":"https:\/\/i0.wp.com\/vincentians.com\/es\/wp-content\/uploads\/sites\/11\/2013\/04\/36.jpg?fit=1200%2C795&resize=350%2C200","width":350,"height":200,"srcset":"https:\/\/i0.wp.com\/vincentians.com\/es\/wp-content\/uploads\/sites\/11\/2013\/04\/36.jpg?fit=1200%2C795&resize=350%2C200 1x, https:\/\/i0.wp.com\/vincentians.com\/es\/wp-content\/uploads\/sites\/11\/2013\/04\/36.jpg?fit=1200%2C795&resize=525%2C300 1.5x, https:\/\/i0.wp.com\/vincentians.com\/es\/wp-content\/uploads\/sites\/11\/2013\/04\/36.jpg?fit=1200%2C795&resize=700%2C400 2x, https:\/\/i0.wp.com\/vincentians.com\/es\/wp-content\/uploads\/sites\/11\/2013\/04\/36.jpg?fit=1200%2C795&resize=1050%2C600 3x"},"classes":[]},{"id":2454,"url":"http:\/\/vincentians.com\/es\/pedro-opeka-haciendo-efectivo-el-evangelio-3\/","url_meta":{"origin":2455,"position":2},"title":"Pedro Opeka: Haciendo efectivo el Evangelio (3)","author":"Francisco Javier Fern\u00e1ndez Chento","date":"03\/06\/2023","format":false,"excerpt":"A los 17 a\u00f1os Pedro Opeka hizo su primera casa en Junil de los Andes, entre los indios mapuches, y desde entonces no ha parado por dar dignidad a los m\u00e1s pobres. Sobre todo desde que comenz\u00f3 su trabajo en Akamasoa, que significa \"buenos amigos\". Ingres\u00f3 en la congregaci\u00f3n de\u2026","rel":"","context":"En \u00abMisiones \u00abAd gentes\u00bb\u00bb","block_context":{"text":"Misiones \u00abAd gentes\u00bb","link":"http:\/\/vincentians.com\/es\/category\/servicios-y-ministerios\/misiones-ad-gentes\/"},"img":{"alt_text":"","src":"https:\/\/i0.wp.com\/vincentians.com\/es\/wp-content\/uploads\/sites\/11\/2013\/04\/36.jpg?fit=1200%2C795&resize=350%2C200","width":350,"height":200,"srcset":"https:\/\/i0.wp.com\/vincentians.com\/es\/wp-content\/uploads\/sites\/11\/2013\/04\/36.jpg?fit=1200%2C795&resize=350%2C200 1x, https:\/\/i0.wp.com\/vincentians.com\/es\/wp-content\/uploads\/sites\/11\/2013\/04\/36.jpg?fit=1200%2C795&resize=525%2C300 1.5x, https:\/\/i0.wp.com\/vincentians.com\/es\/wp-content\/uploads\/sites\/11\/2013\/04\/36.jpg?fit=1200%2C795&resize=700%2C400 2x, https:\/\/i0.wp.com\/vincentians.com\/es\/wp-content\/uploads\/sites\/11\/2013\/04\/36.jpg?fit=1200%2C795&resize=1050%2C600 3x"},"classes":[]},{"id":2348,"url":"http:\/\/vincentians.com\/es\/la-historia-del-cura-argentino-que-enseno-a-levantar-pueblos-en-africa\/","url_meta":{"origin":2455,"position":3},"title":"La historia del cura argentino que ense\u00f1\u00f3 a levantar pueblos en \u00c1frica","author":"Francisco Javier Fern\u00e1ndez Chento","date":"29\/03\/2015","format":false,"excerpt":"Fue dos veces propuesto como Premio Nobel de la Paz. Sobre su obra se filmaron una decena de documentales y se escribieron seis libros. Es amigo de Gilbert Mitterand, hijo del ex presidente franc\u00e9s, y del Pr\u00edncipe de M\u00f3naco. Jacques Cousteau lo denomin\u00f3 \"soldado de la humanidad\". Se llama Pedro\u2026","rel":"","context":"En \u00abTestigos vicencianos\u00bb","block_context":{"text":"Testigos vicencianos","link":"http:\/\/vincentians.com\/es\/category\/la-familia-vicenciana\/testigos-vicencianos\/"},"img":{"alt_text":"Padre Pedro Opeka","src":"https:\/\/i0.wp.com\/vicencianos.org\/wp-content\/2011\/05\/pedro_opeka-256x300.jpg?resize=350%2C200","width":350,"height":200},"classes":[]},{"id":2343,"url":"http:\/\/vincentians.com\/es\/pedro-opeka-haciendo-efectivo-el-evangelio-1\/","url_meta":{"origin":2455,"position":4},"title":"Pedro Opeka: Haciendo efectivo el Evangelio (1)","author":"Francisco Javier Fern\u00e1ndez Chento","date":"29\/05\/2023","format":false,"excerpt":"Hay una humana (y eclesial) tendencia a valorar a las personas cuando ya han partido a la casa del Padre. Los homenajes y testimonios sobre personas vivas son m\u00e1s raros, y est\u00e1n casi reservados a los \"grandes\" personajes de nuestro tiempo. No obstante, todos sabemos de la callada labor de\u2026","rel":"","context":"En \u00abMisiones \u00abAd gentes\u00bb\u00bb","block_context":{"text":"Misiones \u00abAd gentes\u00bb","link":"http:\/\/vincentians.com\/es\/category\/servicios-y-ministerios\/misiones-ad-gentes\/"},"img":{"alt_text":"","src":"https:\/\/i0.wp.com\/vincentians.com\/es\/wp-content\/uploads\/sites\/11\/2013\/04\/36.jpg?fit=1200%2C795&resize=350%2C200","width":350,"height":200,"srcset":"https:\/\/i0.wp.com\/vincentians.com\/es\/wp-content\/uploads\/sites\/11\/2013\/04\/36.jpg?fit=1200%2C795&resize=350%2C200 1x, https:\/\/i0.wp.com\/vincentians.com\/es\/wp-content\/uploads\/sites\/11\/2013\/04\/36.jpg?fit=1200%2C795&resize=525%2C300 1.5x, https:\/\/i0.wp.com\/vincentians.com\/es\/wp-content\/uploads\/sites\/11\/2013\/04\/36.jpg?fit=1200%2C795&resize=700%2C400 2x, https:\/\/i0.wp.com\/vincentians.com\/es\/wp-content\/uploads\/sites\/11\/2013\/04\/36.jpg?fit=1200%2C795&resize=1050%2C600 3x"},"classes":[]},{"id":42043,"url":"http:\/\/vincentians.com\/es\/los-pobres-me-han-evangelizado-dice-el-misionero-argentino-p-opeka-en-roma\/","url_meta":{"origin":2455,"position":5},"title":"\u00ab\u00a1Los pobres me han evangelizado!\u00bb dice el misionero argentino P. Opeka, en Roma","author":"Francisco Javier Fern\u00e1ndez Chento","date":"02\/02\/2021","format":false,"excerpt":"El\u00a0sacerdote argentino Pedro Opeka, misionero en Madagascar (\u00c1frica), viaj\u00f3 a Roma (Italia) para dar testimonio de su experiencia como misionero y sensibilizar al mundo sobre la posibilidad de erradicar la pobreza. \"\u00a1Los pobres me han evangelizado!\", exclam\u00f3. El sacerdote ofrece esta semana tres conferencias en Roma bajo el t\u00edtulo \"Vencer\u2026","rel":"","context":"En \u00abTestigos vicencianos\u00bb","block_context":{"text":"Testigos vicencianos","link":"http:\/\/vincentians.com\/es\/category\/la-familia-vicenciana\/testigos-vicencianos\/"},"img":{"alt_text":"","src":"https:\/\/i0.wp.com\/vincentians.com\/es\/wp-content\/uploads\/sites\/11\/2016\/09\/enviados-evangelizar-pobres.jpg?fit=1200%2C630&resize=350%2C200","width":350,"height":200,"srcset":"https:\/\/i0.wp.com\/vincentians.com\/es\/wp-content\/uploads\/sites\/11\/2016\/09\/enviados-evangelizar-pobres.jpg?fit=1200%2C630&resize=350%2C200 1x, https:\/\/i0.wp.com\/vincentians.com\/es\/wp-content\/uploads\/sites\/11\/2016\/09\/enviados-evangelizar-pobres.jpg?fit=1200%2C630&resize=525%2C300 1.5x, https:\/\/i0.wp.com\/vincentians.com\/es\/wp-content\/uploads\/sites\/11\/2016\/09\/enviados-evangelizar-pobres.jpg?fit=1200%2C630&resize=700%2C400 2x, https:\/\/i0.wp.com\/vincentians.com\/es\/wp-content\/uploads\/sites\/11\/2016\/09\/enviados-evangelizar-pobres.jpg?fit=1200%2C630&resize=1050%2C600 3x"},"classes":[]}],"_links":{"self":[{"href":"http:\/\/vincentians.com\/es\/wp-json\/wp\/v2\/posts\/2455","targetHints":{"allow":["GET"]}}],"collection":[{"href":"http:\/\/vincentians.com\/es\/wp-json\/wp\/v2\/posts"}],"about":[{"href":"http:\/\/vincentians.com\/es\/wp-json\/wp\/v2\/types\/post"}],"author":[{"embeddable":true,"href":"http:\/\/vincentians.com\/es\/wp-json\/wp\/v2\/users\/4"}],"replies":[{"embeddable":true,"href":"http:\/\/vincentians.com\/es\/wp-json\/wp\/v2\/comments?post=2455"}],"version-history":[{"count":0,"href":"http:\/\/vincentians.com\/es\/wp-json\/wp\/v2\/posts\/2455\/revisions"}],"wp:featuredmedia":[{"embeddable":true,"href":"http:\/\/vincentians.com\/es\/wp-json\/"}],"wp:attachment":[{"href":"http:\/\/vincentians.com\/es\/wp-json\/wp\/v2\/media?parent=2455"}],"wp:term":[{"taxonomy":"category","embeddable":true,"href":"http:\/\/vincentians.com\/es\/wp-json\/wp\/v2\/categories?post=2455"},{"taxonomy":"post_tag","embeddable":true,"href":"http:\/\/vincentians.com\/es\/wp-json\/wp\/v2\/tags?post=2455"}],"curies":[{"name":"wp","href":"https:\/\/api.w.org\/{rel}","templated":true}]}}