{"id":24212,"date":"2021-05-18T08:30:00","date_gmt":"2021-05-18T06:30:00","guid":{"rendered":"http:\/\/somos.vicencianos.org\/?p=24212"},"modified":"2021-03-14T10:30:40","modified_gmt":"2021-03-14T09:30:40","slug":"obrero-de-la-primera-hora-padre-portail-en-mosaico-i","status":"publish","type":"post","link":"http:\/\/vincentians.com\/es\/obrero-de-la-primera-hora-padre-portail-en-mosaico-i\/","title":{"rendered":"Obrero de la primera hora: Padre Portail en mosaico (I)"},"content":{"rendered":"<p>Al convocar el A\u00f1o Jubilar de la Familia Vicenciana, a trav\u00e9s de la circular de 13 de mayo de 2009, el Superior General quiso recordar: <em>\u00abAdem\u00e1s de celebrar la muerte y la resurrecci\u00f3n de San Vicente y Santa Luisa, celebraremos tambi\u00e9n la muerte y resurrecci\u00f3n de un compa\u00f1ero muy pr\u00f3ximo, el primer compa\u00f1ero de San Vicente de Pa\u00fal: el Padre Portail, fallecido el mismo a\u00f1o de 1660\u00bb<\/em>. Debido a la originalidad de su influencia en la gestaci\u00f3n y consolidaci\u00f3n de las fundaciones vicencianas, Antonio Portail no puede permanecer en la penumbra del olvido. Nos servimos, entonces, de la conmemoraci\u00f3n de los 350 a\u00f1os de su nacimiento para el Cielo (14 de febrero de 2010) para presentar un breve perfil biogr\u00e1fico-espiritual de este obrero de la primera hora en la vi\u00f1a de la Misi\u00f3n y de la Caridad. La escasez de fuentes no nos permiti\u00f3 ir muy lejos en la investigaci\u00f3n. B\u00e1sicamente, todas las consideraciones a respecto de Portail tienen su fundamento en las conferencias y cartas de los fundadores, que a \u00e9l siempre se refer\u00edan con familiaridad, confianza, aprecio y veneraci\u00f3n. A continuaci\u00f3n, intentaremos componer un peque\u00f1o mosaico con las piedras que conseguimos descubrir.<\/p>\n<h2><strong>1. Flashes de una vida<\/strong><\/h2>\n<p>Antonio Portail naci\u00f3 el d\u00eda 22 de noviembre de 1590, en Beaucaire, cerca de Arles, en la Provenza, sur de Francia. Nada se sabe sobre su infancia y adolescencia. Alrededor del a\u00f1o 1612, fue recibido en el peque\u00f1o grupo de j\u00f3venes constituido por el Padre Vicente de Pa\u00fal en Clichy, su primera parroquia. El grupo era formado por 10 o 12 muchachos que aspiraban al sacerdocio. Se reun\u00edan peri\u00f3dicamente para o\u00edr las instrucciones catequ\u00e9ticas del celoso p\u00e1rroco. Esta convivencia de Portail con el Padre Vicente se prolongar\u00eda por casi cincuenta a\u00f1os, hasta el t\u00e9rmino de su vida. De hecho, \u00e9l se convertir\u00eda en el m\u00e1s estrecho colaborador de Vicente en la fundaci\u00f3n de la Congregaci\u00f3n de la Misi\u00f3n y en muchas otras iniciativas. Todav\u00eda en Clichy, no se sabe el motivo, Portail fue v\u00edctima de una agresi\u00f3n por parte de moradores de una aldea vecina. Los habitantes de Clichy consiguieron defender el joven e incluso capturaron uno de los agresores, llev\u00e1ndolo, enseguida, hacia la c\u00e1rcel. Padre Vicente intervino y, en un gesto de aut\u00e9ntica compasi\u00f3n, hizo que el hombre fuese liberado.<\/p>\n<p>En diciembre de 1617, despu\u00e9s de las experiencias emblem\u00e1ticas de Folleville y Ch\u00e2tillon, Vicente manifiesta al se\u00f1or y a la se\u00f1ora de Gondi el firme prop\u00f3sito de disponer de su tiempo y de sus energ\u00edas para la evangelizaci\u00f3n y el servicio de los pobres de los campos, abandonados por la sociedad y por la Iglesia de su tiempo. Como la pareja no quer\u00eda abrir mano de una s\u00f3lida formaci\u00f3n para sus hijos, marido y mujer ofrecieron al Padre Vicente la colaboraci\u00f3n de un hombre de su confianza para secundarlo en el oficio de preceptor. La elecci\u00f3n recay\u00f3 sobre Antonio Portail, que pas\u00f3 a vivir en el palacio, intensificando su convivencia con Vicente de Pa\u00fal y tomando parte en su apostolado a\u00fan embrionario junto a los pobres campesinos. As\u00ed, Portail era progresivamente iniciado en la itinerancia de la caridad y de la misi\u00f3n, testimoniando los primeros esfuerzos de Vicente en favor de los enfermos y pobres. De ese apostolado fruct\u00edfero, realizado en medio de las urgencias del d\u00eda a d\u00eda, ten\u00eda que surgir un vigoroso brote.<\/p>\n<p>Alrededor de 1619, cuando recibi\u00f3 el t\u00edtulo de Capell\u00e1n General de las Galeras, Vicente asocia Portail al servicio humanitario y evangelizador a los condenados a remar en las embarcaciones de defensa y expansi\u00f3n del territorio franc\u00e9s, todos sometidos a condiciones infrahumanas de supervivencia. Juntos, los dos misioneros se pusieron al servicio de los m\u00e1s abandonados que, desde sus calabozos insalubres, mendigaban migajas de misericordia y residuos de solidaridad. En el a\u00f1o de 1648, Portail tomar\u00e1 parte en la misi\u00f3n realizada por los cuatro Padres enviados a Marsella para el servicio de los pobres condenados a las Galeras, tanto en los nav\u00edos como en el hospital. \u00c9l mismo habla de esa experiencia, escribiendo a Luisa de Marillac: <em>\u00abLa Providencia derram\u00f3 muchas bendiciones en las misiones que hicimos tanto en el mar, como en la tierra\u00bb <\/em>(Doc. 475). Para dar continuidad al trabajo iniciado por el Padre Vicente, una Casa ser\u00e1 establecida en la ciudad, gracias al apoyo de la Duquesa d\u2019Aiguillon. En este contexto, Pierre Coste menciona la reivindicaci\u00f3n del Padre Portail ante los administradores del hospital para que los presos tuviesen asegurado el derecho a la asistencia religiosa (cf. SV XIV,476).<\/p>\n<p>Habiendo realizado sus estudios en Paris, en la Sorbona, Portail fue ordenado presb\u00edtero en 1622, a los 32 a\u00f1os de edad (cf. SV I,43). Aunque incardinado en la di\u00f3cesis de Arles, permanece junto al Padre Vicente, cuya rectitud y seriedad en la vivencia del ministerio le serv\u00edan de est\u00edmulo en la b\u00fasqueda de la santidad. Vicente era verdadero lucero en el peregrinar del joven sacerdote. Como me dijo, cierta vez, un cohermano amigo, el Padre E. Rivas, cuando se presta atenci\u00f3n al Padre Portail, se tiene la impresi\u00f3n de que sus ojos est\u00e1n permanentemente dirigidos a San Vicente. Y lo que ve, escucha y aprende, se esfuerza por traducirlo en su propia vida.<\/p>\n<p>El 2 de marzo de 1624, Padre Portail es nombrado procurador de Vicente de Pa\u00fal para la toma de posesi\u00f3n del Colegio de <em>Bons Enfants<\/em> (cf. SV XIII,213), una antigua propiedad de la Universidad de Paris destinada a la acogida de estudiantes becados. Este colosal edificio se convertir\u00e1 en la residencia de los primeros miembros de la Congregaci\u00f3n de la Misi\u00f3n. Padre Vicente hab\u00eda recibido del arzobispo de Par\u00eds, hermano del se\u00f1or de Gondi, la provisi\u00f3n de principal capell\u00e1n o rector del referido Colegio. En el d\u00eda 16 de marzo, en virtud de la delegaci\u00f3n recibida, Portail cumple todas las formalidades prescritas para la ceremonia de posesi\u00f3n: abrir y cerrar las puertas de la iglesia, orar de rodillas delante del crucifijo y de la imagen de la Virgen Maria, besar el altar, tomar asiento en la silla del capell\u00e1n, tocar la campana, recorrer las dependencias del colegio, entrar y salir de los aposentos del rector, abrir y cerrar las puertas del edificio.<\/p>\n<p>Margarita de Silly, la se\u00f1ora de Gondi, fallecida el 23 de junio de 1623, deja en su testamento la cuant\u00eda de 300 libras como homenaje de gratitud al <em>buen Padre Portail<\/em>, auxiliar de Vicente de Pa\u00fal en la instrucci\u00f3n de sus hijos. En una conferencia, San Vicente llega a decir que Portail la conoc\u00eda tan bien como \u00e9l (cf. SV XI,122). S\u00f3lo despu\u00e9s de la muerte de esta insigne benefactora, los dos padres pudieron fijar residencia en <em>Bons Enfants<\/em>, desde donde part\u00edan para la realizaci\u00f3n de su fruct\u00edfero y exigente apostolado junto a los pobres de los campos. Con ellos, viv\u00eda otro padre, que, mediante remuneraci\u00f3n anual de 50 escudos, se dispon\u00eda a colaborar en las tareas pastorales. Vicente consideraba esa su primera experiencia de una comunidad para la misi\u00f3n como la aurora de su obra, o mejor, de la obra que Dios iniciara en \u00e9l y, por medio de \u00e9l, en la vida de los pobres. En una conferencia a los Misioneros, fechada el 17 de mayo de 1658, en tono nost\u00e1lgico, recordar\u00e1: <em>\u00ab\u00cdbamos todos, los tres, a predicar y a hacer misi\u00f3n de aldea en aldea. Al salir, entreg\u00e1bamos la llave a alguno de los vecinos y le ped\u00edamos que fuese \u00e9l mismo a dormir en casa\u00bb <\/em>(SV XII,8).<\/p>\n","protected":false},"excerpt":{"rendered":"<p>Al convocar el A\u00f1o Jubilar de la Familia Vicenciana, a trav\u00e9s de la circular de 13 de mayo de 2009, el Superior General quiso recordar: \u00abAdem\u00e1s de celebrar la muerte y la resurrecci\u00f3n de San &#8230; <a href=\"http:\/\/vincentians.com\/es\/obrero-de-la-primera-hora-padre-portail-en-mosaico-i\/\" class=\"more-link\">Read More<\/a><\/p>\n","protected":false},"author":4,"featured_media":399998,"comment_status":"open","ping_status":"open","sticky":false,"template":"","format":"standard","meta":{"jetpack_post_was_ever_published":false,"_jetpack_newsletter_access":"","_jetpack_dont_email_post_to_subs":false,"_jetpack_newsletter_tier_id":0,"_jetpack_memberships_contains_paywalled_content":false,"_jetpack_memberships_contains_paid_content":false,"footnotes":"","jetpack_publicize_message":"","jetpack_publicize_feature_enabled":true,"jetpack_social_post_already_shared":true,"jetpack_social_options":{"image_generator_settings":{"template":"highway","default_image_id":0,"font":"","enabled":false},"version":2}},"categories":[17],"tags":[163,173,148,175,119,127,120,128],"class_list":["post-24212","post","type-post","status-publish","format-standard","has-post-thumbnail","hentry","category-en-tiempos-de-vicente-de-paul","tag-bons-enfants","tag-chatillon-les-dombes","tag-clichy","tag-folleville","tag-gondi","tag-portail","tag-senora-de-gondi","tag-silly"],"yoast_head":"<!-- This site is optimized with the Yoast SEO plugin v26.3 - https:\/\/yoast.com\/wordpress\/plugins\/seo\/ -->\n<title>Obrero de la primera hora: Padre Portail en mosaico (I) - Somos Vicencianos<\/title>\n<meta name=\"robots\" content=\"index, follow, max-snippet:-1, max-image-preview:large, max-video-preview:-1\" \/>\n<link rel=\"canonical\" href=\"http:\/\/vincentians.com\/es\/obrero-de-la-primera-hora-padre-portail-en-mosaico-i\/\" \/>\n<meta property=\"og:locale\" content=\"es_ES\" \/>\n<meta property=\"og:type\" content=\"article\" \/>\n<meta property=\"og:title\" content=\"Obrero de la primera hora: Padre Portail en mosaico (I) - Somos Vicencianos\" \/>\n<meta property=\"og:description\" content=\"Al convocar el A\u00f1o Jubilar de la Familia Vicenciana, a trav\u00e9s de la circular de 13 de mayo de 2009, el Superior General quiso recordar: \u00abAdem\u00e1s de celebrar la muerte y la resurrecci\u00f3n de San ... Read More\" \/>\n<meta property=\"og:url\" content=\"http:\/\/vincentians.com\/es\/obrero-de-la-primera-hora-padre-portail-en-mosaico-i\/\" \/>\n<meta property=\"og:site_name\" content=\"Somos Vicencianos\" \/>\n<meta property=\"article:publisher\" content=\"https:\/\/www.facebook.com\/WeAreVincentians\/\" \/>\n<meta property=\"article:author\" content=\"https:\/\/www.facebook.com\/JavierChento\" \/>\n<meta property=\"article:published_time\" content=\"2021-05-18T06:30:00+00:00\" \/>\n<meta property=\"og:image\" content=\"https:\/\/i0.wp.com\/vincentians.com\/es\/wp-content\/uploads\/sites\/11\/2016\/09\/enviados-evangelizar-pobres.jpg?fit=1200%2C630\" \/>\n\t<meta property=\"og:image:width\" content=\"1200\" \/>\n\t<meta property=\"og:image:height\" content=\"630\" \/>\n\t<meta property=\"og:image:type\" content=\"image\/jpeg\" \/>\n<meta name=\"author\" content=\"Francisco Javier Fern\u00e1ndez Chento\" \/>\n<meta name=\"twitter:card\" content=\"summary_large_image\" \/>\n<meta name=\"twitter:creator\" content=\"@https:\/\/twitter.com\/javierchento\" \/>\n<meta name=\"twitter:site\" content=\"@WeVincentians\" \/>\n<meta name=\"twitter:label1\" content=\"Escrito por\" \/>\n\t<meta name=\"twitter:data1\" content=\"Francisco Javier Fern\u00e1ndez Chento\" \/>\n\t<meta name=\"twitter:label2\" content=\"Tiempo de lectura\" \/>\n\t<meta name=\"twitter:data2\" content=\"7 minutos\" \/>\n<script type=\"application\/ld+json\" class=\"yoast-schema-graph\">{\"@context\":\"https:\/\/schema.org\",\"@graph\":[{\"@type\":\"Article\",\"@id\":\"http:\/\/vincentians.com\/es\/obrero-de-la-primera-hora-padre-portail-en-mosaico-i\/#article\",\"isPartOf\":{\"@id\":\"http:\/\/vincentians.com\/es\/obrero-de-la-primera-hora-padre-portail-en-mosaico-i\/\"},\"author\":{\"name\":\"Francisco Javier Fern\u00e1ndez Chento\",\"@id\":\"http:\/\/vincentians.com\/es\/#\/schema\/person\/9623ef4d9aa3b2dfb8c061f1499288f2\"},\"headline\":\"Obrero de la primera hora: Padre Portail en mosaico (I)\",\"datePublished\":\"2021-05-18T06:30:00+00:00\",\"mainEntityOfPage\":{\"@id\":\"http:\/\/vincentians.com\/es\/obrero-de-la-primera-hora-padre-portail-en-mosaico-i\/\"},\"wordCount\":1334,\"commentCount\":0,\"publisher\":{\"@id\":\"http:\/\/vincentians.com\/es\/#organization\"},\"image\":{\"@id\":\"http:\/\/vincentians.com\/es\/obrero-de-la-primera-hora-padre-portail-en-mosaico-i\/#primaryimage\"},\"thumbnailUrl\":\"https:\/\/i0.wp.com\/vincentians.com\/es\/wp-content\/uploads\/sites\/11\/2016\/09\/enviados-evangelizar-pobres.jpg?fit=1200%2C630\",\"keywords\":[\"Bons Enfants\",\"Chatillon\",\"Clichy\",\"Folleville\",\"Gondi\",\"Portail\",\"Se\u00f1ora de Gondi\",\"Silly\"],\"articleSection\":[\"En tiempos de Vicente de Pa\u00fal\"],\"inLanguage\":\"es\",\"potentialAction\":[{\"@type\":\"CommentAction\",\"name\":\"Comment\",\"target\":[\"http:\/\/vincentians.com\/es\/obrero-de-la-primera-hora-padre-portail-en-mosaico-i\/#respond\"]}]},{\"@type\":\"WebPage\",\"@id\":\"http:\/\/vincentians.com\/es\/obrero-de-la-primera-hora-padre-portail-en-mosaico-i\/\",\"url\":\"http:\/\/vincentians.com\/es\/obrero-de-la-primera-hora-padre-portail-en-mosaico-i\/\",\"name\":\"Obrero de la primera hora: Padre Portail en mosaico (I) - Somos Vicencianos\",\"isPartOf\":{\"@id\":\"http:\/\/vincentians.com\/es\/#website\"},\"primaryImageOfPage\":{\"@id\":\"http:\/\/vincentians.com\/es\/obrero-de-la-primera-hora-padre-portail-en-mosaico-i\/#primaryimage\"},\"image\":{\"@id\":\"http:\/\/vincentians.com\/es\/obrero-de-la-primera-hora-padre-portail-en-mosaico-i\/#primaryimage\"},\"thumbnailUrl\":\"https:\/\/i0.wp.com\/vincentians.com\/es\/wp-content\/uploads\/sites\/11\/2016\/09\/enviados-evangelizar-pobres.jpg?fit=1200%2C630\",\"datePublished\":\"2021-05-18T06:30:00+00:00\",\"breadcrumb\":{\"@id\":\"http:\/\/vincentians.com\/es\/obrero-de-la-primera-hora-padre-portail-en-mosaico-i\/#breadcrumb\"},\"inLanguage\":\"es\",\"potentialAction\":[{\"@type\":\"ReadAction\",\"target\":[\"http:\/\/vincentians.com\/es\/obrero-de-la-primera-hora-padre-portail-en-mosaico-i\/\"]}]},{\"@type\":\"ImageObject\",\"inLanguage\":\"es\",\"@id\":\"http:\/\/vincentians.com\/es\/obrero-de-la-primera-hora-padre-portail-en-mosaico-i\/#primaryimage\",\"url\":\"https:\/\/i0.wp.com\/vincentians.com\/es\/wp-content\/uploads\/sites\/11\/2016\/09\/enviados-evangelizar-pobres.jpg?fit=1200%2C630\",\"contentUrl\":\"https:\/\/i0.wp.com\/vincentians.com\/es\/wp-content\/uploads\/sites\/11\/2016\/09\/enviados-evangelizar-pobres.jpg?fit=1200%2C630\",\"width\":1200,\"height\":630},{\"@type\":\"BreadcrumbList\",\"@id\":\"http:\/\/vincentians.com\/es\/obrero-de-la-primera-hora-padre-portail-en-mosaico-i\/#breadcrumb\",\"itemListElement\":[{\"@type\":\"ListItem\",\"position\":1,\"name\":\"Portada\",\"item\":\"http:\/\/vincentians.com\/es\/\"},{\"@type\":\"ListItem\",\"position\":2,\"name\":\"Obrero de la primera hora: Padre Portail en mosaico (I)\"}]},{\"@type\":\"WebSite\",\"@id\":\"http:\/\/vincentians.com\/es\/#website\",\"url\":\"http:\/\/vincentians.com\/es\/\",\"name\":\"Somos Vicencianos\",\"description\":\"Know more to serve more\",\"publisher\":{\"@id\":\"http:\/\/vincentians.com\/es\/#organization\"},\"potentialAction\":[{\"@type\":\"SearchAction\",\"target\":{\"@type\":\"EntryPoint\",\"urlTemplate\":\"http:\/\/vincentians.com\/es\/?s={search_term_string}\"},\"query-input\":{\"@type\":\"PropertyValueSpecification\",\"valueRequired\":true,\"valueName\":\"search_term_string\"}}],\"inLanguage\":\"es\"},{\"@type\":\"Organization\",\"@id\":\"http:\/\/vincentians.com\/es\/#organization\",\"name\":\"The Vincentian Network\",\"url\":\"http:\/\/vincentians.com\/es\/\",\"logo\":{\"@type\":\"ImageObject\",\"inLanguage\":\"es\",\"@id\":\"http:\/\/vincentians.com\/es\/#\/schema\/logo\/image\/\",\"url\":\"https:\/\/i1.wp.com\/vincentians.com\/es\/wp-content\/uploads\/sites\/11\/2016\/06\/Vincentian-Network-logo-big.png?fit=778%2C778\",\"contentUrl\":\"https:\/\/i1.wp.com\/vincentians.com\/es\/wp-content\/uploads\/sites\/11\/2016\/06\/Vincentian-Network-logo-big.png?fit=778%2C778\",\"width\":778,\"height\":778,\"caption\":\"The Vincentian Network\"},\"image\":{\"@id\":\"http:\/\/vincentians.com\/es\/#\/schema\/logo\/image\/\"},\"sameAs\":[\"https:\/\/www.facebook.com\/WeAreVincentians\/\",\"https:\/\/x.com\/WeVincentians\"]},{\"@type\":\"Person\",\"@id\":\"http:\/\/vincentians.com\/es\/#\/schema\/person\/9623ef4d9aa3b2dfb8c061f1499288f2\",\"name\":\"Francisco Javier Fern\u00e1ndez Chento\",\"image\":{\"@type\":\"ImageObject\",\"inLanguage\":\"es\",\"@id\":\"http:\/\/vincentians.com\/es\/#\/schema\/person\/image\/\",\"url\":\"https:\/\/secure.gravatar.com\/avatar\/497d5cde87b4c3d097d0315953521681ba2cd523ee66e5077c3711f7021e65de?s=96&d=mm&r=g\",\"contentUrl\":\"https:\/\/secure.gravatar.com\/avatar\/497d5cde87b4c3d097d0315953521681ba2cd523ee66e5077c3711f7021e65de?s=96&d=mm&r=g\",\"caption\":\"Francisco Javier Fern\u00e1ndez Chento\"},\"description\":\"Director General y cofundador de La Red de Formaci\u00f3n Vicenciana. Javier es laico vicenciano, afiliado a la Congregaci\u00f3n de la Misi\u00f3n y miembro del Equipo de Misiones Populares de la provincia can\u00f3nica de Zaragoza (Espa\u00f1a) de la Congregaci\u00f3n de la Misi\u00f3n. Graduado en la Universidad Oberta de Catalunya con cuatro grados (Asistente de direcci\u00f3n, Gesti\u00f3n Administrativa, Recursos Humanos y Contabilidad Avanzada). Bil\u00edng\u00fce Espa\u00f1ol\/Ingl\u00e9s. gestiona y mantiene varias p\u00e1ginas web cristianas y vicencianas, incluida including La Red de Formaci\u00f3n Vicenciana, de la que es cofundador. Actualmente es responsable del \u00e1rea de Espa\u00f1ol de .famvin, la Red de Noticias de la Familia Vicenciana. Tambi\u00e9n es m\u00fasico cat\u00f3lico y ha editado varios discos. Es Director General y cofundador de Trovador, una reconocida compa\u00f1\u00eda discogr\u00e1fica critiana de Espa\u00f1a. Trabaja en las Tecnolog\u00edas de la Informaci\u00f3n, ofreciendo servicios de alojamiento, dise\u00f1o y mantenimiento Web, as\u00ed como asesoramiento, formaci\u00f3n y soluciones inform\u00e1ticas, gesti\u00f3n documental y digitalizaci\u00f3n de textos, edici\u00f3n y maquetaci\u00f3n de libros, revistas, flyers, etc.\",\"sameAs\":[\"http:\/\/chento.org\",\"https:\/\/www.facebook.com\/JavierChento\",\"https:\/\/x.com\/https:\/\/twitter.com\/javierchento\"],\"url\":\"http:\/\/vincentians.com\/es\/author\/chento\/\"}]}<\/script>\n<!-- \/ Yoast SEO plugin. -->","yoast_head_json":{"title":"Obrero de la primera hora: Padre Portail en mosaico (I) - Somos Vicencianos","robots":{"index":"index","follow":"follow","max-snippet":"max-snippet:-1","max-image-preview":"max-image-preview:large","max-video-preview":"max-video-preview:-1"},"canonical":"http:\/\/vincentians.com\/es\/obrero-de-la-primera-hora-padre-portail-en-mosaico-i\/","og_locale":"es_ES","og_type":"article","og_title":"Obrero de la primera hora: Padre Portail en mosaico (I) - Somos Vicencianos","og_description":"Al convocar el A\u00f1o Jubilar de la Familia Vicenciana, a trav\u00e9s de la circular de 13 de mayo de 2009, el Superior General quiso recordar: \u00abAdem\u00e1s de celebrar la muerte y la resurrecci\u00f3n de San ... Read More","og_url":"http:\/\/vincentians.com\/es\/obrero-de-la-primera-hora-padre-portail-en-mosaico-i\/","og_site_name":"Somos Vicencianos","article_publisher":"https:\/\/www.facebook.com\/WeAreVincentians\/","article_author":"https:\/\/www.facebook.com\/JavierChento","article_published_time":"2021-05-18T06:30:00+00:00","og_image":[{"width":1200,"height":630,"url":"https:\/\/i0.wp.com\/vincentians.com\/es\/wp-content\/uploads\/sites\/11\/2016\/09\/enviados-evangelizar-pobres.jpg?fit=1200%2C630","type":"image\/jpeg"}],"author":"Francisco Javier Fern\u00e1ndez Chento","twitter_card":"summary_large_image","twitter_creator":"@https:\/\/twitter.com\/javierchento","twitter_site":"@WeVincentians","twitter_misc":{"Escrito por":"Francisco Javier Fern\u00e1ndez Chento","Tiempo de lectura":"7 minutos"},"schema":{"@context":"https:\/\/schema.org","@graph":[{"@type":"Article","@id":"http:\/\/vincentians.com\/es\/obrero-de-la-primera-hora-padre-portail-en-mosaico-i\/#article","isPartOf":{"@id":"http:\/\/vincentians.com\/es\/obrero-de-la-primera-hora-padre-portail-en-mosaico-i\/"},"author":{"name":"Francisco Javier Fern\u00e1ndez Chento","@id":"http:\/\/vincentians.com\/es\/#\/schema\/person\/9623ef4d9aa3b2dfb8c061f1499288f2"},"headline":"Obrero de la primera hora: Padre Portail en mosaico (I)","datePublished":"2021-05-18T06:30:00+00:00","mainEntityOfPage":{"@id":"http:\/\/vincentians.com\/es\/obrero-de-la-primera-hora-padre-portail-en-mosaico-i\/"},"wordCount":1334,"commentCount":0,"publisher":{"@id":"http:\/\/vincentians.com\/es\/#organization"},"image":{"@id":"http:\/\/vincentians.com\/es\/obrero-de-la-primera-hora-padre-portail-en-mosaico-i\/#primaryimage"},"thumbnailUrl":"https:\/\/i0.wp.com\/vincentians.com\/es\/wp-content\/uploads\/sites\/11\/2016\/09\/enviados-evangelizar-pobres.jpg?fit=1200%2C630","keywords":["Bons Enfants","Chatillon","Clichy","Folleville","Gondi","Portail","Se\u00f1ora de Gondi","Silly"],"articleSection":["En tiempos de Vicente de Pa\u00fal"],"inLanguage":"es","potentialAction":[{"@type":"CommentAction","name":"Comment","target":["http:\/\/vincentians.com\/es\/obrero-de-la-primera-hora-padre-portail-en-mosaico-i\/#respond"]}]},{"@type":"WebPage","@id":"http:\/\/vincentians.com\/es\/obrero-de-la-primera-hora-padre-portail-en-mosaico-i\/","url":"http:\/\/vincentians.com\/es\/obrero-de-la-primera-hora-padre-portail-en-mosaico-i\/","name":"Obrero de la primera hora: Padre Portail en mosaico (I) - Somos Vicencianos","isPartOf":{"@id":"http:\/\/vincentians.com\/es\/#website"},"primaryImageOfPage":{"@id":"http:\/\/vincentians.com\/es\/obrero-de-la-primera-hora-padre-portail-en-mosaico-i\/#primaryimage"},"image":{"@id":"http:\/\/vincentians.com\/es\/obrero-de-la-primera-hora-padre-portail-en-mosaico-i\/#primaryimage"},"thumbnailUrl":"https:\/\/i0.wp.com\/vincentians.com\/es\/wp-content\/uploads\/sites\/11\/2016\/09\/enviados-evangelizar-pobres.jpg?fit=1200%2C630","datePublished":"2021-05-18T06:30:00+00:00","breadcrumb":{"@id":"http:\/\/vincentians.com\/es\/obrero-de-la-primera-hora-padre-portail-en-mosaico-i\/#breadcrumb"},"inLanguage":"es","potentialAction":[{"@type":"ReadAction","target":["http:\/\/vincentians.com\/es\/obrero-de-la-primera-hora-padre-portail-en-mosaico-i\/"]}]},{"@type":"ImageObject","inLanguage":"es","@id":"http:\/\/vincentians.com\/es\/obrero-de-la-primera-hora-padre-portail-en-mosaico-i\/#primaryimage","url":"https:\/\/i0.wp.com\/vincentians.com\/es\/wp-content\/uploads\/sites\/11\/2016\/09\/enviados-evangelizar-pobres.jpg?fit=1200%2C630","contentUrl":"https:\/\/i0.wp.com\/vincentians.com\/es\/wp-content\/uploads\/sites\/11\/2016\/09\/enviados-evangelizar-pobres.jpg?fit=1200%2C630","width":1200,"height":630},{"@type":"BreadcrumbList","@id":"http:\/\/vincentians.com\/es\/obrero-de-la-primera-hora-padre-portail-en-mosaico-i\/#breadcrumb","itemListElement":[{"@type":"ListItem","position":1,"name":"Portada","item":"http:\/\/vincentians.com\/es\/"},{"@type":"ListItem","position":2,"name":"Obrero de la primera hora: Padre Portail en mosaico (I)"}]},{"@type":"WebSite","@id":"http:\/\/vincentians.com\/es\/#website","url":"http:\/\/vincentians.com\/es\/","name":"Somos Vicencianos","description":"Know more to serve more","publisher":{"@id":"http:\/\/vincentians.com\/es\/#organization"},"potentialAction":[{"@type":"SearchAction","target":{"@type":"EntryPoint","urlTemplate":"http:\/\/vincentians.com\/es\/?s={search_term_string}"},"query-input":{"@type":"PropertyValueSpecification","valueRequired":true,"valueName":"search_term_string"}}],"inLanguage":"es"},{"@type":"Organization","@id":"http:\/\/vincentians.com\/es\/#organization","name":"The Vincentian Network","url":"http:\/\/vincentians.com\/es\/","logo":{"@type":"ImageObject","inLanguage":"es","@id":"http:\/\/vincentians.com\/es\/#\/schema\/logo\/image\/","url":"https:\/\/i1.wp.com\/vincentians.com\/es\/wp-content\/uploads\/sites\/11\/2016\/06\/Vincentian-Network-logo-big.png?fit=778%2C778","contentUrl":"https:\/\/i1.wp.com\/vincentians.com\/es\/wp-content\/uploads\/sites\/11\/2016\/06\/Vincentian-Network-logo-big.png?fit=778%2C778","width":778,"height":778,"caption":"The Vincentian Network"},"image":{"@id":"http:\/\/vincentians.com\/es\/#\/schema\/logo\/image\/"},"sameAs":["https:\/\/www.facebook.com\/WeAreVincentians\/","https:\/\/x.com\/WeVincentians"]},{"@type":"Person","@id":"http:\/\/vincentians.com\/es\/#\/schema\/person\/9623ef4d9aa3b2dfb8c061f1499288f2","name":"Francisco Javier Fern\u00e1ndez Chento","image":{"@type":"ImageObject","inLanguage":"es","@id":"http:\/\/vincentians.com\/es\/#\/schema\/person\/image\/","url":"https:\/\/secure.gravatar.com\/avatar\/497d5cde87b4c3d097d0315953521681ba2cd523ee66e5077c3711f7021e65de?s=96&d=mm&r=g","contentUrl":"https:\/\/secure.gravatar.com\/avatar\/497d5cde87b4c3d097d0315953521681ba2cd523ee66e5077c3711f7021e65de?s=96&d=mm&r=g","caption":"Francisco Javier Fern\u00e1ndez Chento"},"description":"Director General y cofundador de La Red de Formaci\u00f3n Vicenciana. Javier es laico vicenciano, afiliado a la Congregaci\u00f3n de la Misi\u00f3n y miembro del Equipo de Misiones Populares de la provincia can\u00f3nica de Zaragoza (Espa\u00f1a) de la Congregaci\u00f3n de la Misi\u00f3n. Graduado en la Universidad Oberta de Catalunya con cuatro grados (Asistente de direcci\u00f3n, Gesti\u00f3n Administrativa, Recursos Humanos y Contabilidad Avanzada). Bil\u00edng\u00fce Espa\u00f1ol\/Ingl\u00e9s. gestiona y mantiene varias p\u00e1ginas web cristianas y vicencianas, incluida including La Red de Formaci\u00f3n Vicenciana, de la que es cofundador. Actualmente es responsable del \u00e1rea de Espa\u00f1ol de .famvin, la Red de Noticias de la Familia Vicenciana. Tambi\u00e9n es m\u00fasico cat\u00f3lico y ha editado varios discos. Es Director General y cofundador de Trovador, una reconocida compa\u00f1\u00eda discogr\u00e1fica critiana de Espa\u00f1a. Trabaja en las Tecnolog\u00edas de la Informaci\u00f3n, ofreciendo servicios de alojamiento, dise\u00f1o y mantenimiento Web, as\u00ed como asesoramiento, formaci\u00f3n y soluciones inform\u00e1ticas, gesti\u00f3n documental y digitalizaci\u00f3n de textos, edici\u00f3n y maquetaci\u00f3n de libros, revistas, flyers, etc.","sameAs":["http:\/\/chento.org","https:\/\/www.facebook.com\/JavierChento","https:\/\/x.com\/https:\/\/twitter.com\/javierchento"],"url":"http:\/\/vincentians.com\/es\/author\/chento\/"}]}},"jetpack_publicize_connections":[],"jetpack_featured_media_url":"https:\/\/i0.wp.com\/vincentians.com\/es\/wp-content\/uploads\/sites\/11\/2016\/09\/enviados-evangelizar-pobres.jpg?fit=1200%2C630","jetpack_sharing_enabled":true,"jetpack_shortlink":"https:\/\/wp.me\/p7ETMF-6iw","jetpack-related-posts":[{"id":115917,"url":"http:\/\/vincentians.com\/es\/obrero-de-la-primera-hora-padre-portail-en-mosaico-vi\/","url_meta":{"origin":24212,"position":0},"title":"Obrero de la primera hora: Padre Portail en mosaico (VI)","author":"Francisco Javier Fern\u00e1ndez Chento","date":"28\/05\/2021","format":false,"excerpt":"6. Renacimiento para la Vida La salud del Padre Portail oscilaba bastante (cf. SV I,526; V,588; VI,191). Todav\u00eda en 1640, San Vicente da noticias de un problema que le afectaba a la vista (cf. SV I,288). Con el pasar de los a\u00f1os, los achaques aumentan, no s\u00f3lo para Portail, como\u2026","rel":"","context":"En \u00abEn tiempos de Vicente de Pa\u00fal\u00bb","block_context":{"text":"En tiempos de Vicente de Pa\u00fal","link":"http:\/\/vincentians.com\/es\/category\/historia-de-la-familia-vicenciana\/en-tiempos-de-vicente-de-paul\/"},"img":{"alt_text":"","src":"https:\/\/i0.wp.com\/vincentians.com\/es\/wp-content\/uploads\/sites\/11\/2016\/09\/enviados-evangelizar-pobres.jpg?fit=1200%2C630&resize=350%2C200","width":350,"height":200,"srcset":"https:\/\/i0.wp.com\/vincentians.com\/es\/wp-content\/uploads\/sites\/11\/2016\/09\/enviados-evangelizar-pobres.jpg?fit=1200%2C630&resize=350%2C200 1x, https:\/\/i0.wp.com\/vincentians.com\/es\/wp-content\/uploads\/sites\/11\/2016\/09\/enviados-evangelizar-pobres.jpg?fit=1200%2C630&resize=525%2C300 1.5x, https:\/\/i0.wp.com\/vincentians.com\/es\/wp-content\/uploads\/sites\/11\/2016\/09\/enviados-evangelizar-pobres.jpg?fit=1200%2C630&resize=700%2C400 2x, https:\/\/i0.wp.com\/vincentians.com\/es\/wp-content\/uploads\/sites\/11\/2016\/09\/enviados-evangelizar-pobres.jpg?fit=1200%2C630&resize=1050%2C600 3x"},"classes":[]},{"id":115916,"url":"http:\/\/vincentians.com\/es\/obrero-de-la-primera-hora-padre-portail-en-mosaico-v\/","url_meta":{"origin":24212,"position":1},"title":"Obrero de la primera hora: Padre Portail en mosaico (V)","author":"Francisco Javier Fern\u00e1ndez Chento","date":"26\/05\/2021","format":false,"excerpt":"5. Como amigos que se quieren bien La timidez caracter\u00edstica del perfil sicol\u00f3gico de Portail se hizo conocida de todos. Inicialmente, aunque ya estuviese al servicio de los pobres en las misiones, le costaba mucho presentarse delante de asambleas m\u00e1s numerosas. Mientras tanto, los desaf\u00edos de la misi\u00f3n lo convocar\u00edan\u2026","rel":"","context":"En \u00abEn tiempos de Vicente de Pa\u00fal\u00bb","block_context":{"text":"En tiempos de Vicente de Pa\u00fal","link":"http:\/\/vincentians.com\/es\/category\/historia-de-la-familia-vicenciana\/en-tiempos-de-vicente-de-paul\/"},"img":{"alt_text":"","src":"https:\/\/i0.wp.com\/vincentians.com\/es\/wp-content\/uploads\/sites\/11\/2016\/09\/enviados-evangelizar-pobres.jpg?fit=1200%2C630&resize=350%2C200","width":350,"height":200,"srcset":"https:\/\/i0.wp.com\/vincentians.com\/es\/wp-content\/uploads\/sites\/11\/2016\/09\/enviados-evangelizar-pobres.jpg?fit=1200%2C630&resize=350%2C200 1x, https:\/\/i0.wp.com\/vincentians.com\/es\/wp-content\/uploads\/sites\/11\/2016\/09\/enviados-evangelizar-pobres.jpg?fit=1200%2C630&resize=525%2C300 1.5x, https:\/\/i0.wp.com\/vincentians.com\/es\/wp-content\/uploads\/sites\/11\/2016\/09\/enviados-evangelizar-pobres.jpg?fit=1200%2C630&resize=700%2C400 2x, https:\/\/i0.wp.com\/vincentians.com\/es\/wp-content\/uploads\/sites\/11\/2016\/09\/enviados-evangelizar-pobres.jpg?fit=1200%2C630&resize=1050%2C600 3x"},"classes":[]},{"id":115915,"url":"http:\/\/vincentians.com\/es\/obrero-de-la-primera-hora-padre-portail-en-mosaico-iv\/","url_meta":{"origin":24212,"position":2},"title":"Obrero de la primera hora: Padre Portail en mosaico (IV)","author":"Francisco Javier Fern\u00e1ndez Chento","date":"24\/05\/2021","format":false,"excerpt":"4. Definici\u00f3n del perfil institucional de la Misi\u00f3n La Asamblea General de 1642 se hizo c\u00e9lebre. La Congregaci\u00f3n, 17 a\u00f1os despu\u00e9s de su fundaci\u00f3n, contaba con 10 Casas y estaba a punto de iniciarse el proceso de organizaci\u00f3n de sus primeras Provincias. En esa Asamblea, el Padre Vicente present\u00f3, por\u2026","rel":"","context":"En \u00abEn tiempos de Vicente de Pa\u00fal\u00bb","block_context":{"text":"En tiempos de Vicente de Pa\u00fal","link":"http:\/\/vincentians.com\/es\/category\/historia-de-la-familia-vicenciana\/en-tiempos-de-vicente-de-paul\/"},"img":{"alt_text":"","src":"https:\/\/i0.wp.com\/vincentians.com\/es\/wp-content\/uploads\/sites\/11\/2016\/09\/enviados-evangelizar-pobres.jpg?fit=1200%2C630&resize=350%2C200","width":350,"height":200,"srcset":"https:\/\/i0.wp.com\/vincentians.com\/es\/wp-content\/uploads\/sites\/11\/2016\/09\/enviados-evangelizar-pobres.jpg?fit=1200%2C630&resize=350%2C200 1x, https:\/\/i0.wp.com\/vincentians.com\/es\/wp-content\/uploads\/sites\/11\/2016\/09\/enviados-evangelizar-pobres.jpg?fit=1200%2C630&resize=525%2C300 1.5x, https:\/\/i0.wp.com\/vincentians.com\/es\/wp-content\/uploads\/sites\/11\/2016\/09\/enviados-evangelizar-pobres.jpg?fit=1200%2C630&resize=700%2C400 2x, https:\/\/i0.wp.com\/vincentians.com\/es\/wp-content\/uploads\/sites\/11\/2016\/09\/enviados-evangelizar-pobres.jpg?fit=1200%2C630&resize=1050%2C600 3x"},"classes":[]},{"id":130100,"url":"http:\/\/vincentians.com\/es\/los-siete-primeros-companeros-de-san-vicente\/","url_meta":{"origin":24212,"position":3},"title":"Los siete primeros compa\u00f1eros de San Vicente","author":"Francisco Javier Fern\u00e1ndez Chento","date":"23\/03\/2014","format":false,"excerpt":"\"Se puede decir\u2014escrib\u00eda Abelly\u2014que fueron como los siete Sacerdotes dirigidos por Josu\u00e9, etc., y que en virtud de su celo y virtudes, atrajeron otros muchos a esta santa milicia.\" He aqu\u00ed algunos detalles biogr\u00e1ficos de cada uno de \u00e9stos: Antonio Portail.\u2014Naci\u00f3 en Belcaire, Di\u00f3cesis de Arles, en la Provenza, el\u2026","rel":"","context":"En \u00abEn tiempos de Vicente de Pa\u00fal\u00bb","block_context":{"text":"En tiempos de Vicente de Pa\u00fal","link":"http:\/\/vincentians.com\/es\/category\/historia-de-la-familia-vicenciana\/en-tiempos-de-vicente-de-paul\/"},"img":{"alt_text":"coraz\u00f3n","src":"https:\/\/i0.wp.com\/vicencianos.org\/wp-content\/2014\/03\/coraz%C3%B3n.jpg?resize=350%2C200","width":350,"height":200},"classes":[]},{"id":115903,"url":"http:\/\/vincentians.com\/es\/obrero-de-la-primera-hora-padre-portail-en-mosaico-ii\/","url_meta":{"origin":24212,"position":4},"title":"Obrero de la primera hora: Padre Portail en mosaico (II)","author":"Francisco Javier Fern\u00e1ndez Chento","date":"20\/05\/2021","format":false,"excerpt":"2. En los or\u00edgenes de la Misi\u00f3n En el d\u00eda 4 de septiembre de 1626, juntamente con Vicente de Pa\u00fal, Francisco du Coudray y Jean de la Salle, los dos \u00faltimos del clero de Amiens, Portail firma el Acta de Asociaci\u00f3n, certificado de nacimiento de la Congregaci\u00f3n da Misi\u00f3n (cf.\u2026","rel":"","context":"En \u00abEn tiempos de Vicente de Pa\u00fal\u00bb","block_context":{"text":"En tiempos de Vicente de Pa\u00fal","link":"http:\/\/vincentians.com\/es\/category\/historia-de-la-familia-vicenciana\/en-tiempos-de-vicente-de-paul\/"},"img":{"alt_text":"","src":"https:\/\/i0.wp.com\/vincentians.com\/es\/wp-content\/uploads\/sites\/11\/2016\/09\/enviados-evangelizar-pobres.jpg?fit=1200%2C630&resize=350%2C200","width":350,"height":200,"srcset":"https:\/\/i0.wp.com\/vincentians.com\/es\/wp-content\/uploads\/sites\/11\/2016\/09\/enviados-evangelizar-pobres.jpg?fit=1200%2C630&resize=350%2C200 1x, https:\/\/i0.wp.com\/vincentians.com\/es\/wp-content\/uploads\/sites\/11\/2016\/09\/enviados-evangelizar-pobres.jpg?fit=1200%2C630&resize=525%2C300 1.5x, https:\/\/i0.wp.com\/vincentians.com\/es\/wp-content\/uploads\/sites\/11\/2016\/09\/enviados-evangelizar-pobres.jpg?fit=1200%2C630&resize=700%2C400 2x, https:\/\/i0.wp.com\/vincentians.com\/es\/wp-content\/uploads\/sites\/11\/2016\/09\/enviados-evangelizar-pobres.jpg?fit=1200%2C630&resize=1050%2C600 3x"},"classes":[]},{"id":115258,"url":"http:\/\/vincentians.com\/es\/casas-de-la-congregacion-de-la-mision-en-paris-en-tiempos-de-san-vicente-i\/","url_meta":{"origin":24212,"position":5},"title":"Casas de la Congregaci\u00f3n de la Misi\u00f3n en Par\u00eds en tiempos de San Vicente (I)","author":"Francisco Javier Fern\u00e1ndez Chento","date":"04\/10\/2018","format":false,"excerpt":"Bons-Enfants (En la calle des Ecoles n2 2-4) Hacia 1250 ya exist\u00eda la casa con el nombre de Colegio de Bons-Enfants. Era un Colegio Menor fundado por el Rey San Luis que le dej\u00f3 unas \u00f3n0 libras de renta. La finca ten\u00eda unos 4.000 m 2 y los edificios ocupaban\u2026","rel":"","context":"En \u00abEn tiempos de Vicente de Pa\u00fal\u00bb","block_context":{"text":"En tiempos de Vicente de Pa\u00fal","link":"http:\/\/vincentians.com\/es\/category\/historia-de-la-familia-vicenciana\/en-tiempos-de-vicente-de-paul\/"},"img":{"alt_text":"","src":"https:\/\/i0.wp.com\/vincentians.com\/es\/wp-content\/uploads\/sites\/11\/2015\/04\/tres-descubrimientos-de-Vicente-de-Paul.jpg?fit=1200%2C630&resize=350%2C200","width":350,"height":200,"srcset":"https:\/\/i0.wp.com\/vincentians.com\/es\/wp-content\/uploads\/sites\/11\/2015\/04\/tres-descubrimientos-de-Vicente-de-Paul.jpg?fit=1200%2C630&resize=350%2C200 1x, https:\/\/i0.wp.com\/vincentians.com\/es\/wp-content\/uploads\/sites\/11\/2015\/04\/tres-descubrimientos-de-Vicente-de-Paul.jpg?fit=1200%2C630&resize=525%2C300 1.5x, https:\/\/i0.wp.com\/vincentians.com\/es\/wp-content\/uploads\/sites\/11\/2015\/04\/tres-descubrimientos-de-Vicente-de-Paul.jpg?fit=1200%2C630&resize=700%2C400 2x, https:\/\/i0.wp.com\/vincentians.com\/es\/wp-content\/uploads\/sites\/11\/2015\/04\/tres-descubrimientos-de-Vicente-de-Paul.jpg?fit=1200%2C630&resize=1050%2C600 3x"},"classes":[]}],"_links":{"self":[{"href":"http:\/\/vincentians.com\/es\/wp-json\/wp\/v2\/posts\/24212","targetHints":{"allow":["GET"]}}],"collection":[{"href":"http:\/\/vincentians.com\/es\/wp-json\/wp\/v2\/posts"}],"about":[{"href":"http:\/\/vincentians.com\/es\/wp-json\/wp\/v2\/types\/post"}],"author":[{"embeddable":true,"href":"http:\/\/vincentians.com\/es\/wp-json\/wp\/v2\/users\/4"}],"replies":[{"embeddable":true,"href":"http:\/\/vincentians.com\/es\/wp-json\/wp\/v2\/comments?post=24212"}],"version-history":[{"count":2,"href":"http:\/\/vincentians.com\/es\/wp-json\/wp\/v2\/posts\/24212\/revisions"}],"predecessor-version":[{"id":403491,"href":"http:\/\/vincentians.com\/es\/wp-json\/wp\/v2\/posts\/24212\/revisions\/403491"}],"wp:featuredmedia":[{"embeddable":true,"href":"http:\/\/vincentians.com\/es\/wp-json\/wp\/v2\/media\/399998"}],"wp:attachment":[{"href":"http:\/\/vincentians.com\/es\/wp-json\/wp\/v2\/media?parent=24212"}],"wp:term":[{"taxonomy":"category","embeddable":true,"href":"http:\/\/vincentians.com\/es\/wp-json\/wp\/v2\/categories?post=24212"},{"taxonomy":"post_tag","embeddable":true,"href":"http:\/\/vincentians.com\/es\/wp-json\/wp\/v2\/tags?post=24212"}],"curies":[{"name":"wp","href":"https:\/\/api.w.org\/{rel}","templated":true}]}}