{"id":24152,"date":"2010-12-10T08:00:11","date_gmt":"2010-12-10T07:00:11","guid":{"rendered":"http:\/\/somos.vicencianos.org\/?p=24152"},"modified":"2010-12-10T08:00:11","modified_gmt":"2010-12-10T07:00:11","slug":"homilia-de-s-s-juan-pablo-ii-en-la-misa-de-beatificacion-de-marco-antonio-durando","status":"publish","type":"post","link":"http:\/\/vincentians.com\/es\/homilia-de-s-s-juan-pablo-ii-en-la-misa-de-beatificacion-de-marco-antonio-durando\/","title":{"rendered":"Homil\u00eda de S.S. Juan Pablo II en la misa de beatificaci\u00f3n de Marco Antonio Durando"},"content":{"rendered":"<p><em>Domingo 20 de octubre de 2002<\/em><\/p>\n<p><em><br \/>\n<\/em><\/p>\n<p>1.\u00a0<em>\u00abId, pues, y haced disc\u00edpulos a todas las gentes, bautiz\u00e1ndolas  en el nombre del Padre y del Hijo y del Esp\u00edritu Santo\u00bb<\/em> (<em>Mt<\/em> 28,  19).<\/p>\n<p>Jes\u00fas resucitado se despide as\u00ed de los Ap\u00f3stoles, antes de volver al Padre:\u00a0 \u00ab\u00a1Id!\u00bb. Su \u00faltima palabra es una invitaci\u00f3n a la misi\u00f3n, que es,  al mismo tiempo, una <em>promesa<\/em>, un <em>testamento<\/em> y un <em>compromiso.<\/em> Cristo conf\u00eda a los disc\u00edpulos su mensaje de salvaci\u00f3n y les pide que lo  difundan y lo testimonien hasta los confines de la tierra.<\/p>\n<p>Este es el significado de la Jornada mundial de las misiones, que celebramos  hoy. Por una providencial coincidencia, precisamente en esta jornada se  proclaman algunos nuevos beatos, que cumplieron de modo singular el mandato de  anunciar y testimoniar el Evangelio. Son  David Okelo y  Gildo Irwa,  Andr\u00e9s  Jacinto Longhin,  Marco Antonio Durando,  Mar\u00eda de la Pasi\u00f3n y  Liduina Meneguzzi.<\/p>\n<p>Su beatificaci\u00f3n en el marco de la Jornada mundial de las misiones nos recuerda  que el primer servicio que hay que prestar a la misi\u00f3n es la b\u00fasqueda sincera  y constante de la santidad. No podemos \u00a0testimoniar \u00a0con \u00a0coherencia  el Evangelio si antes no lo vivimos fielmente.<\/p>\n<p>2.\u00a0Mi pensamiento va ante todo a los dos j\u00f3venes catequistas de Uganda, <em>David  Okelo y Gildo Irwa<\/em>. Estos dos valientes testigos eran casi adolescentes  cuando, con sencillez y fe, derramaron su sangre por Cristo y por su Iglesia.  Con gran entusiasmo por su misi\u00f3n de ense\u00f1ar la fe a sus paisanos, partieron  en 1918 hacia el norte de Uganda. All\u00ed, precisamente en el momento en que  comenzaba la evangelizaci\u00f3n en esa regi\u00f3n, prefirieron la muerte antes que  abandonar la zona y renunciar a sus deberes de catequistas. Verdaderamente, en  su vida y en su testimonio podemos comprobar que fueron \u00abamados y elegidos  por Dios\u00bb (cf. <em>1 Ts<\/em> 1, 4).<\/p>\n<p><em>David y Gildo son elevados hoy a la gloria de los altares<\/em>. Se presentan a  toda la comunidad cristiana como ejemplos de santidad y virtud, y como modelos e  intercesores para los catequistas de todo el mundo, especialmente en los lugares  donde los catequistas sufren a\u00fan a causa de la fe, afrontando a veces la  marginaci\u00f3n social e incluso peligros personales. Quiera Dios que la vida y el  testimonio de estos dos abnegados servidores del Evangelio impulsen a muchos  hombres y mujeres en Uganda, en \u00c1frica y por doquier, a responder con  generosidad a la llamada a ser catequistas, llevando el conocimiento de Cristo a  los dem\u00e1s y fortaleciendo la fe de las comunidades que han recibido  recientemente el Evangelio de la salvaci\u00f3n.<\/p>\n<p>3.\u00a0\u00abTe\u00a0llam\u00e9\u00a0por\u00a0tu\u00a0nombre\u00bb (<em>Is<\/em> 45,  4). Las palabras con las que el profeta Isa\u00edas indica la misi\u00f3n que Dios conf\u00eda  a sus elegidos expresan bien la vocaci\u00f3n de <em>Andr\u00e9s Jacinto Longhin, <\/em>el  humilde capuchino que durante 32 a\u00f1os fue obispo de la di\u00f3cesis de Treviso, al  inicio del siglo pasado, el siglo XX. Fue un pastor sencillo y pobre, humilde y  generoso, siempre disponible hacia el pr\u00f3jimo, seg\u00fan\u00a0la m\u00e1s\u00a0genuina  tradici\u00f3n capuchina.<\/p>\n<p>Lo llamaban el obispo de las cosas esenciales. En una \u00e9poca marcada por  acontecimientos dram\u00e1ticos y dolorosos, actu\u00f3 como padre para los sacerdotes y  pastor celoso para la gente, siempre al lado de sus fieles, especialmente en los  momentos de dificultad y peligro. As\u00ed anticip\u00f3 lo que subrayar\u00eda el concilio  ecum\u00e9nico Vaticano II, al se\u00f1alar que la evangelizaci\u00f3n es \u00abuna de las  principales funciones del obispo\u00bb (<em>Christus Dominus<\/em>, 12; cf. <em>Redemptoris  missio<\/em>, 63).<\/p>\n<p>4.\u00a0\u00abRecordamos (&#8230;) la actividad de vuestra fe, el esfuerzo de  vuestro amor y la constancia de vuestra esperanza\u00bb (<em>1\u00a0Ts<\/em> 1,  2-3). Las palabras del Ap\u00f3stol esbozan el retrato espiritual del padre <em>Marco  Antonio Durando<\/em>, de la Congregaci\u00f3n de la Misi\u00f3n y digno hijo de la tierra  piamontesa. Vivi\u00f3 de fe y de ardiente impulso espiritual, desde\u00f1ando toda  forma de componenda o de tibieza interior.<\/p>\n<p>Siguiendo el ejemplo de san Vicente de Pa\u00fal, supo reconocer en la humanidad de  Cristo la expresi\u00f3n m\u00e1s grande y, al mismo tiempo, m\u00e1s accesible y  desarmante, del amor de Dios a todo hombre. A\u00fan hoy nos indica el misterio de  la cruz como el momento culminante en el que se revela el misterio insondable  del amor de Dios.<\/p>\n<p>5.\u00a0\u00abBien sabemos, hermanos amados de Dios, que \u00e9l os ha elegido\u00bb  (<em>1 Ts<\/em> 1, 4). <em>Mar\u00eda de la Pasi\u00f3n<\/em> se dej\u00f3 conquistar por Dios,  capaz de calmar la sed de verdad que sent\u00eda. Al fundar la congregaci\u00f3n de <em>Franciscanas  Misioneras de Mar\u00eda, <\/em>ard\u00eda en deseos de comunicar <em>el gran amor que la  impulsaba y tend\u00eda a difundirse por el mundo<\/em>. En el centro del compromiso  misionero puso la oraci\u00f3n y la Eucarist\u00eda, pues para ella adoraci\u00f3n y misi\u00f3n  se fund\u00edan en una misma actividad. Alimentada con la Escritura y con los Padres  de la Iglesia, m\u00edstica y activa, apasionada e intr\u00e9pida, se entreg\u00f3 con una  disponibilidad intuitiva y audaz a la misi\u00f3n universal de la Iglesia. Queridas  hermanas, siguiendo el ejemplo de vuestra fundadora, en comuni\u00f3n profunda con  la Iglesia, acoged la invitaci\u00f3n a vivir, con una fidelidad renovada, las  intuiciones de vuestro carisma fundador, para que sean numerosos los que  descubran a <em>Jes\u00fas, que nos hace entrar en el misterio de amor que es Dios<\/em>.<\/p>\n<p>6.\u00a0\u00abFamilias de los pueblos, aclamad al Se\u00f1or, aclamad la gloria y el  poder del Se\u00f1or\u00bb (<em>Sal<\/em> 95, 7). Las palabras del Salmo responsorial  expresan bien el anhelo misionero que impuls\u00f3 a sor <em>Liduina Meneguzzi<\/em>,  de las religiosas de San Francisco de Sales. En su breve pero intensa  existencia, sor Liduina se prodig\u00f3 en favor de los hermanos m\u00e1s pobres y  dolientes, particularmente en el hospital de la misi\u00f3n de Dire Dahua, en Etiop\u00eda.<\/p>\n<p>Con ferviente celo apost\u00f3lico trataba de dar a conocer a todos a nuestro \u00fanico  Salvador, Jes\u00fas. Siguiendo el ejemplo de Cristo, \u00abmanso y humilde de coraz\u00f3n\u00bb  (cf. <em>Mt<\/em> 11, 29), aprendi\u00f3 a difundir la caridad, que brota de un coraz\u00f3n  puro, superando toda mediocridad e inercia interior.<\/p>\n<p>7.\u00a0\u00abHe aqu\u00ed que yo estoy con vosotros todos los d\u00edas hasta el fin  del mundo\u00bb (<em>Mt<\/em> 28, 20). Esta es la promesa que Cristo hizo a sus  disc\u00edpulos, al prepararse para\u00a0dejar\u00a0el\u00a0mundo y\u00a0volver al\u00a0Padre.<br \/>\n<em>\u00a1Estoy con vosotros todos los d\u00edas!<\/em> Estoy contigo -dice Jes\u00fas-,  Iglesia peregrina en el mundo. Estoy con vosotros, comunidades eclesiales j\u00f3venes  en tierras de misi\u00f3n. No teng\u00e1is miedo de entrar en di\u00e1logo con todos. Llevad  a cada uno el mensaje de la salvaci\u00f3n. \u00a1Tened valor!<\/p>\n<p>Que Mar\u00eda, Estrella de la evangelizaci\u00f3n, y los nuevos beatos protejan y  acompa\u00f1en vuestros pasos por los caminos del mundo. Am\u00e9n.<\/p>\n<p style=\"text-align: right\">MISA DE BEATIFICACI\u00d3N DE SEIS SIERVOS DE DIOS<br \/>\n<em><strong>HOMIL\u00cdA DEL SANTO PADRE JUAN PABLO II<\/strong><\/em><\/p>\n","protected":false},"excerpt":{"rendered":"<p>Domingo 20 de octubre de 2002 1.\u00a0\u00abId, pues, y haced disc\u00edpulos a todas las gentes, bautiz\u00e1ndolas en el nombre del Padre y del Hijo y del Esp\u00edritu Santo\u00bb (Mt 28, 19). Jes\u00fas resucitado se despide &#8230; <a href=\"http:\/\/vincentians.com\/es\/homilia-de-s-s-juan-pablo-ii-en-la-misa-de-beatificacion-de-marco-antonio-durando\/\" class=\"more-link\">Read More<\/a><\/p>\n","protected":false},"author":4,"featured_media":24144,"comment_status":"open","ping_status":"open","sticky":false,"template":"","format":"standard","meta":{"jetpack_post_was_ever_published":false,"_jetpack_newsletter_access":"","_jetpack_dont_email_post_to_subs":false,"_jetpack_newsletter_tier_id":0,"_jetpack_memberships_contains_paywalled_content":false,"_jetpack_memberships_contains_paid_content":false,"footnotes":"","jetpack_publicize_message":"","jetpack_publicize_feature_enabled":true,"jetpack_social_post_already_shared":true,"jetpack_social_options":{"image_generator_settings":{"template":"highway","default_image_id":0,"font":"","enabled":false},"version":2}},"categories":[22],"tags":[174],"class_list":["post-24152","post","type-post","status-publish","format-standard","has-post-thumbnail","hentry","category-marco-antonio-durando","tag-durando"],"yoast_head":"<!-- This site is optimized with the Yoast SEO plugin v26.3 - https:\/\/yoast.com\/wordpress\/plugins\/seo\/ -->\n<title>Homil\u00eda de S.S. Juan Pablo II en la misa de beatificaci\u00f3n de Marco Antonio Durando - Somos Vicencianos<\/title>\n<meta name=\"robots\" content=\"index, follow, max-snippet:-1, max-image-preview:large, max-video-preview:-1\" \/>\n<link rel=\"canonical\" href=\"https:\/\/vincentians.com\/es\/homilia-de-s-s-juan-pablo-ii-en-la-misa-de-beatificacion-de-marco-antonio-durando\/\" \/>\n<meta property=\"og:locale\" content=\"es_ES\" \/>\n<meta property=\"og:type\" content=\"article\" \/>\n<meta property=\"og:title\" content=\"Homil\u00eda de S.S. Juan Pablo II en la misa de beatificaci\u00f3n de Marco Antonio Durando - Somos Vicencianos\" \/>\n<meta property=\"og:description\" content=\"Domingo 20 de octubre de 2002 1.\u00a0\u00abId, pues, y haced disc\u00edpulos a todas las gentes, bautiz\u00e1ndolas en el nombre del Padre y del Hijo y del Esp\u00edritu Santo\u00bb (Mt 28, 19). Jes\u00fas resucitado se despide ... Read More\" \/>\n<meta property=\"og:url\" content=\"https:\/\/vincentians.com\/es\/homilia-de-s-s-juan-pablo-ii-en-la-misa-de-beatificacion-de-marco-antonio-durando\/\" \/>\n<meta property=\"og:site_name\" content=\"Somos Vicencianos\" \/>\n<meta property=\"article:publisher\" content=\"https:\/\/www.facebook.com\/WeAreVincentians\/\" \/>\n<meta property=\"article:author\" content=\"https:\/\/www.facebook.com\/JavierChento\" \/>\n<meta property=\"article:published_time\" content=\"2010-12-10T07:00:11+00:00\" \/>\n<meta name=\"author\" content=\"Francisco Javier Fern\u00e1ndez Chento\" \/>\n<meta name=\"twitter:card\" content=\"summary_large_image\" \/>\n<meta name=\"twitter:creator\" content=\"@https:\/\/twitter.com\/javierchento\" \/>\n<meta name=\"twitter:site\" content=\"@WeVincentians\" \/>\n<meta name=\"twitter:label1\" content=\"Escrito por\" \/>\n\t<meta name=\"twitter:data1\" content=\"Francisco Javier Fern\u00e1ndez Chento\" \/>\n\t<meta name=\"twitter:label2\" content=\"Tiempo de lectura\" \/>\n\t<meta name=\"twitter:data2\" content=\"6 minutos\" \/>\n<script type=\"application\/ld+json\" class=\"yoast-schema-graph\">{\"@context\":\"https:\/\/schema.org\",\"@graph\":[{\"@type\":\"Article\",\"@id\":\"https:\/\/vincentians.com\/es\/homilia-de-s-s-juan-pablo-ii-en-la-misa-de-beatificacion-de-marco-antonio-durando\/#article\",\"isPartOf\":{\"@id\":\"https:\/\/vincentians.com\/es\/homilia-de-s-s-juan-pablo-ii-en-la-misa-de-beatificacion-de-marco-antonio-durando\/\"},\"author\":{\"name\":\"Francisco Javier Fern\u00e1ndez Chento\",\"@id\":\"https:\/\/vincentians.com\/es\/#\/schema\/person\/9623ef4d9aa3b2dfb8c061f1499288f2\"},\"headline\":\"Homil\u00eda de S.S. Juan Pablo II en la misa de beatificaci\u00f3n de Marco Antonio Durando\",\"datePublished\":\"2010-12-10T07:00:11+00:00\",\"mainEntityOfPage\":{\"@id\":\"https:\/\/vincentians.com\/es\/homilia-de-s-s-juan-pablo-ii-en-la-misa-de-beatificacion-de-marco-antonio-durando\/\"},\"wordCount\":1190,\"commentCount\":0,\"publisher\":{\"@id\":\"https:\/\/vincentians.com\/es\/#organization\"},\"image\":{\"@id\":\"https:\/\/vincentians.com\/es\/homilia-de-s-s-juan-pablo-ii-en-la-misa-de-beatificacion-de-marco-antonio-durando\/#primaryimage\"},\"thumbnailUrl\":\"\",\"keywords\":[\"Durando\"],\"articleSection\":[\"Marco Antonio Durando\"],\"inLanguage\":\"es\",\"potentialAction\":[{\"@type\":\"CommentAction\",\"name\":\"Comment\",\"target\":[\"https:\/\/vincentians.com\/es\/homilia-de-s-s-juan-pablo-ii-en-la-misa-de-beatificacion-de-marco-antonio-durando\/#respond\"]}]},{\"@type\":\"WebPage\",\"@id\":\"https:\/\/vincentians.com\/es\/homilia-de-s-s-juan-pablo-ii-en-la-misa-de-beatificacion-de-marco-antonio-durando\/\",\"url\":\"https:\/\/vincentians.com\/es\/homilia-de-s-s-juan-pablo-ii-en-la-misa-de-beatificacion-de-marco-antonio-durando\/\",\"name\":\"Homil\u00eda de S.S. Juan Pablo II en la misa de beatificaci\u00f3n de Marco Antonio Durando - Somos Vicencianos\",\"isPartOf\":{\"@id\":\"https:\/\/vincentians.com\/es\/#website\"},\"primaryImageOfPage\":{\"@id\":\"https:\/\/vincentians.com\/es\/homilia-de-s-s-juan-pablo-ii-en-la-misa-de-beatificacion-de-marco-antonio-durando\/#primaryimage\"},\"image\":{\"@id\":\"https:\/\/vincentians.com\/es\/homilia-de-s-s-juan-pablo-ii-en-la-misa-de-beatificacion-de-marco-antonio-durando\/#primaryimage\"},\"thumbnailUrl\":\"\",\"datePublished\":\"2010-12-10T07:00:11+00:00\",\"breadcrumb\":{\"@id\":\"https:\/\/vincentians.com\/es\/homilia-de-s-s-juan-pablo-ii-en-la-misa-de-beatificacion-de-marco-antonio-durando\/#breadcrumb\"},\"inLanguage\":\"es\",\"potentialAction\":[{\"@type\":\"ReadAction\",\"target\":[\"https:\/\/vincentians.com\/es\/homilia-de-s-s-juan-pablo-ii-en-la-misa-de-beatificacion-de-marco-antonio-durando\/\"]}]},{\"@type\":\"ImageObject\",\"inLanguage\":\"es\",\"@id\":\"https:\/\/vincentians.com\/es\/homilia-de-s-s-juan-pablo-ii-en-la-misa-de-beatificacion-de-marco-antonio-durando\/#primaryimage\",\"url\":\"\",\"contentUrl\":\"\"},{\"@type\":\"BreadcrumbList\",\"@id\":\"https:\/\/vincentians.com\/es\/homilia-de-s-s-juan-pablo-ii-en-la-misa-de-beatificacion-de-marco-antonio-durando\/#breadcrumb\",\"itemListElement\":[{\"@type\":\"ListItem\",\"position\":1,\"name\":\"Portada\",\"item\":\"https:\/\/vincentians.com\/es\/\"},{\"@type\":\"ListItem\",\"position\":2,\"name\":\"Homil\u00eda de S.S. Juan Pablo II en la misa de beatificaci\u00f3n de Marco Antonio Durando\"}]},{\"@type\":\"WebSite\",\"@id\":\"https:\/\/vincentians.com\/es\/#website\",\"url\":\"https:\/\/vincentians.com\/es\/\",\"name\":\"Somos Vicencianos\",\"description\":\"Know more to serve more\",\"publisher\":{\"@id\":\"https:\/\/vincentians.com\/es\/#organization\"},\"potentialAction\":[{\"@type\":\"SearchAction\",\"target\":{\"@type\":\"EntryPoint\",\"urlTemplate\":\"https:\/\/vincentians.com\/es\/?s={search_term_string}\"},\"query-input\":{\"@type\":\"PropertyValueSpecification\",\"valueRequired\":true,\"valueName\":\"search_term_string\"}}],\"inLanguage\":\"es\"},{\"@type\":\"Organization\",\"@id\":\"https:\/\/vincentians.com\/es\/#organization\",\"name\":\"The Vincentian Network\",\"url\":\"https:\/\/vincentians.com\/es\/\",\"logo\":{\"@type\":\"ImageObject\",\"inLanguage\":\"es\",\"@id\":\"https:\/\/vincentians.com\/es\/#\/schema\/logo\/image\/\",\"url\":\"https:\/\/i1.wp.com\/vincentians.com\/es\/wp-content\/uploads\/sites\/11\/2016\/06\/Vincentian-Network-logo-big.png?fit=778%2C778\",\"contentUrl\":\"https:\/\/i1.wp.com\/vincentians.com\/es\/wp-content\/uploads\/sites\/11\/2016\/06\/Vincentian-Network-logo-big.png?fit=778%2C778\",\"width\":778,\"height\":778,\"caption\":\"The Vincentian Network\"},\"image\":{\"@id\":\"https:\/\/vincentians.com\/es\/#\/schema\/logo\/image\/\"},\"sameAs\":[\"https:\/\/www.facebook.com\/WeAreVincentians\/\",\"https:\/\/x.com\/WeVincentians\"]},{\"@type\":\"Person\",\"@id\":\"https:\/\/vincentians.com\/es\/#\/schema\/person\/9623ef4d9aa3b2dfb8c061f1499288f2\",\"name\":\"Francisco Javier Fern\u00e1ndez Chento\",\"image\":{\"@type\":\"ImageObject\",\"inLanguage\":\"es\",\"@id\":\"https:\/\/vincentians.com\/es\/#\/schema\/person\/image\/\",\"url\":\"https:\/\/secure.gravatar.com\/avatar\/497d5cde87b4c3d097d0315953521681ba2cd523ee66e5077c3711f7021e65de?s=96&d=mm&r=g\",\"contentUrl\":\"https:\/\/secure.gravatar.com\/avatar\/497d5cde87b4c3d097d0315953521681ba2cd523ee66e5077c3711f7021e65de?s=96&d=mm&r=g\",\"caption\":\"Francisco Javier Fern\u00e1ndez Chento\"},\"description\":\"Director General y cofundador de La Red de Formaci\u00f3n Vicenciana. Javier es laico vicenciano, afiliado a la Congregaci\u00f3n de la Misi\u00f3n y miembro del Equipo de Misiones Populares de la provincia can\u00f3nica de Zaragoza (Espa\u00f1a) de la Congregaci\u00f3n de la Misi\u00f3n. Graduado en la Universidad Oberta de Catalunya con cuatro grados (Asistente de direcci\u00f3n, Gesti\u00f3n Administrativa, Recursos Humanos y Contabilidad Avanzada). Bil\u00edng\u00fce Espa\u00f1ol\/Ingl\u00e9s. gestiona y mantiene varias p\u00e1ginas web cristianas y vicencianas, incluida including La Red de Formaci\u00f3n Vicenciana, de la que es cofundador. Actualmente es responsable del \u00e1rea de Espa\u00f1ol de .famvin, la Red de Noticias de la Familia Vicenciana. Tambi\u00e9n es m\u00fasico cat\u00f3lico y ha editado varios discos. Es Director General y cofundador de Trovador, una reconocida compa\u00f1\u00eda discogr\u00e1fica critiana de Espa\u00f1a. Trabaja en las Tecnolog\u00edas de la Informaci\u00f3n, ofreciendo servicios de alojamiento, dise\u00f1o y mantenimiento Web, as\u00ed como asesoramiento, formaci\u00f3n y soluciones inform\u00e1ticas, gesti\u00f3n documental y digitalizaci\u00f3n de textos, edici\u00f3n y maquetaci\u00f3n de libros, revistas, flyers, etc.\",\"sameAs\":[\"http:\/\/chento.org\",\"https:\/\/www.facebook.com\/JavierChento\",\"https:\/\/x.com\/https:\/\/twitter.com\/javierchento\"],\"url\":\"http:\/\/vincentians.com\/es\/author\/chento\/\"}]}<\/script>\n<!-- \/ Yoast SEO plugin. -->","yoast_head_json":{"title":"Homil\u00eda de S.S. Juan Pablo II en la misa de beatificaci\u00f3n de Marco Antonio Durando - Somos Vicencianos","robots":{"index":"index","follow":"follow","max-snippet":"max-snippet:-1","max-image-preview":"max-image-preview:large","max-video-preview":"max-video-preview:-1"},"canonical":"https:\/\/vincentians.com\/es\/homilia-de-s-s-juan-pablo-ii-en-la-misa-de-beatificacion-de-marco-antonio-durando\/","og_locale":"es_ES","og_type":"article","og_title":"Homil\u00eda de S.S. Juan Pablo II en la misa de beatificaci\u00f3n de Marco Antonio Durando - Somos Vicencianos","og_description":"Domingo 20 de octubre de 2002 1.\u00a0\u00abId, pues, y haced disc\u00edpulos a todas las gentes, bautiz\u00e1ndolas en el nombre del Padre y del Hijo y del Esp\u00edritu Santo\u00bb (Mt 28, 19). Jes\u00fas resucitado se despide ... Read More","og_url":"https:\/\/vincentians.com\/es\/homilia-de-s-s-juan-pablo-ii-en-la-misa-de-beatificacion-de-marco-antonio-durando\/","og_site_name":"Somos Vicencianos","article_publisher":"https:\/\/www.facebook.com\/WeAreVincentians\/","article_author":"https:\/\/www.facebook.com\/JavierChento","article_published_time":"2010-12-10T07:00:11+00:00","author":"Francisco Javier Fern\u00e1ndez Chento","twitter_card":"summary_large_image","twitter_creator":"@https:\/\/twitter.com\/javierchento","twitter_site":"@WeVincentians","twitter_misc":{"Escrito por":"Francisco Javier Fern\u00e1ndez Chento","Tiempo de lectura":"6 minutos"},"schema":{"@context":"https:\/\/schema.org","@graph":[{"@type":"Article","@id":"https:\/\/vincentians.com\/es\/homilia-de-s-s-juan-pablo-ii-en-la-misa-de-beatificacion-de-marco-antonio-durando\/#article","isPartOf":{"@id":"https:\/\/vincentians.com\/es\/homilia-de-s-s-juan-pablo-ii-en-la-misa-de-beatificacion-de-marco-antonio-durando\/"},"author":{"name":"Francisco Javier Fern\u00e1ndez Chento","@id":"https:\/\/vincentians.com\/es\/#\/schema\/person\/9623ef4d9aa3b2dfb8c061f1499288f2"},"headline":"Homil\u00eda de S.S. Juan Pablo II en la misa de beatificaci\u00f3n de Marco Antonio Durando","datePublished":"2010-12-10T07:00:11+00:00","mainEntityOfPage":{"@id":"https:\/\/vincentians.com\/es\/homilia-de-s-s-juan-pablo-ii-en-la-misa-de-beatificacion-de-marco-antonio-durando\/"},"wordCount":1190,"commentCount":0,"publisher":{"@id":"https:\/\/vincentians.com\/es\/#organization"},"image":{"@id":"https:\/\/vincentians.com\/es\/homilia-de-s-s-juan-pablo-ii-en-la-misa-de-beatificacion-de-marco-antonio-durando\/#primaryimage"},"thumbnailUrl":"","keywords":["Durando"],"articleSection":["Marco Antonio Durando"],"inLanguage":"es","potentialAction":[{"@type":"CommentAction","name":"Comment","target":["https:\/\/vincentians.com\/es\/homilia-de-s-s-juan-pablo-ii-en-la-misa-de-beatificacion-de-marco-antonio-durando\/#respond"]}]},{"@type":"WebPage","@id":"https:\/\/vincentians.com\/es\/homilia-de-s-s-juan-pablo-ii-en-la-misa-de-beatificacion-de-marco-antonio-durando\/","url":"https:\/\/vincentians.com\/es\/homilia-de-s-s-juan-pablo-ii-en-la-misa-de-beatificacion-de-marco-antonio-durando\/","name":"Homil\u00eda de S.S. Juan Pablo II en la misa de beatificaci\u00f3n de Marco Antonio Durando - Somos Vicencianos","isPartOf":{"@id":"https:\/\/vincentians.com\/es\/#website"},"primaryImageOfPage":{"@id":"https:\/\/vincentians.com\/es\/homilia-de-s-s-juan-pablo-ii-en-la-misa-de-beatificacion-de-marco-antonio-durando\/#primaryimage"},"image":{"@id":"https:\/\/vincentians.com\/es\/homilia-de-s-s-juan-pablo-ii-en-la-misa-de-beatificacion-de-marco-antonio-durando\/#primaryimage"},"thumbnailUrl":"","datePublished":"2010-12-10T07:00:11+00:00","breadcrumb":{"@id":"https:\/\/vincentians.com\/es\/homilia-de-s-s-juan-pablo-ii-en-la-misa-de-beatificacion-de-marco-antonio-durando\/#breadcrumb"},"inLanguage":"es","potentialAction":[{"@type":"ReadAction","target":["https:\/\/vincentians.com\/es\/homilia-de-s-s-juan-pablo-ii-en-la-misa-de-beatificacion-de-marco-antonio-durando\/"]}]},{"@type":"ImageObject","inLanguage":"es","@id":"https:\/\/vincentians.com\/es\/homilia-de-s-s-juan-pablo-ii-en-la-misa-de-beatificacion-de-marco-antonio-durando\/#primaryimage","url":"","contentUrl":""},{"@type":"BreadcrumbList","@id":"https:\/\/vincentians.com\/es\/homilia-de-s-s-juan-pablo-ii-en-la-misa-de-beatificacion-de-marco-antonio-durando\/#breadcrumb","itemListElement":[{"@type":"ListItem","position":1,"name":"Portada","item":"https:\/\/vincentians.com\/es\/"},{"@type":"ListItem","position":2,"name":"Homil\u00eda de S.S. Juan Pablo II en la misa de beatificaci\u00f3n de Marco Antonio Durando"}]},{"@type":"WebSite","@id":"https:\/\/vincentians.com\/es\/#website","url":"https:\/\/vincentians.com\/es\/","name":"Somos Vicencianos","description":"Know more to serve more","publisher":{"@id":"https:\/\/vincentians.com\/es\/#organization"},"potentialAction":[{"@type":"SearchAction","target":{"@type":"EntryPoint","urlTemplate":"https:\/\/vincentians.com\/es\/?s={search_term_string}"},"query-input":{"@type":"PropertyValueSpecification","valueRequired":true,"valueName":"search_term_string"}}],"inLanguage":"es"},{"@type":"Organization","@id":"https:\/\/vincentians.com\/es\/#organization","name":"The Vincentian Network","url":"https:\/\/vincentians.com\/es\/","logo":{"@type":"ImageObject","inLanguage":"es","@id":"https:\/\/vincentians.com\/es\/#\/schema\/logo\/image\/","url":"https:\/\/i1.wp.com\/vincentians.com\/es\/wp-content\/uploads\/sites\/11\/2016\/06\/Vincentian-Network-logo-big.png?fit=778%2C778","contentUrl":"https:\/\/i1.wp.com\/vincentians.com\/es\/wp-content\/uploads\/sites\/11\/2016\/06\/Vincentian-Network-logo-big.png?fit=778%2C778","width":778,"height":778,"caption":"The Vincentian Network"},"image":{"@id":"https:\/\/vincentians.com\/es\/#\/schema\/logo\/image\/"},"sameAs":["https:\/\/www.facebook.com\/WeAreVincentians\/","https:\/\/x.com\/WeVincentians"]},{"@type":"Person","@id":"https:\/\/vincentians.com\/es\/#\/schema\/person\/9623ef4d9aa3b2dfb8c061f1499288f2","name":"Francisco Javier Fern\u00e1ndez Chento","image":{"@type":"ImageObject","inLanguage":"es","@id":"https:\/\/vincentians.com\/es\/#\/schema\/person\/image\/","url":"https:\/\/secure.gravatar.com\/avatar\/497d5cde87b4c3d097d0315953521681ba2cd523ee66e5077c3711f7021e65de?s=96&d=mm&r=g","contentUrl":"https:\/\/secure.gravatar.com\/avatar\/497d5cde87b4c3d097d0315953521681ba2cd523ee66e5077c3711f7021e65de?s=96&d=mm&r=g","caption":"Francisco Javier Fern\u00e1ndez Chento"},"description":"Director General y cofundador de La Red de Formaci\u00f3n Vicenciana. Javier es laico vicenciano, afiliado a la Congregaci\u00f3n de la Misi\u00f3n y miembro del Equipo de Misiones Populares de la provincia can\u00f3nica de Zaragoza (Espa\u00f1a) de la Congregaci\u00f3n de la Misi\u00f3n. Graduado en la Universidad Oberta de Catalunya con cuatro grados (Asistente de direcci\u00f3n, Gesti\u00f3n Administrativa, Recursos Humanos y Contabilidad Avanzada). Bil\u00edng\u00fce Espa\u00f1ol\/Ingl\u00e9s. gestiona y mantiene varias p\u00e1ginas web cristianas y vicencianas, incluida including La Red de Formaci\u00f3n Vicenciana, de la que es cofundador. Actualmente es responsable del \u00e1rea de Espa\u00f1ol de .famvin, la Red de Noticias de la Familia Vicenciana. Tambi\u00e9n es m\u00fasico cat\u00f3lico y ha editado varios discos. Es Director General y cofundador de Trovador, una reconocida compa\u00f1\u00eda discogr\u00e1fica critiana de Espa\u00f1a. Trabaja en las Tecnolog\u00edas de la Informaci\u00f3n, ofreciendo servicios de alojamiento, dise\u00f1o y mantenimiento Web, as\u00ed como asesoramiento, formaci\u00f3n y soluciones inform\u00e1ticas, gesti\u00f3n documental y digitalizaci\u00f3n de textos, edici\u00f3n y maquetaci\u00f3n de libros, revistas, flyers, etc.","sameAs":["http:\/\/chento.org","https:\/\/www.facebook.com\/JavierChento","https:\/\/x.com\/https:\/\/twitter.com\/javierchento"],"url":"http:\/\/vincentians.com\/es\/author\/chento\/"}]}},"jetpack_publicize_connections":[],"jetpack_featured_media_url":"","jetpack_sharing_enabled":true,"jetpack_shortlink":"https:\/\/wp.me\/p7ETMF-6hy","jetpack-related-posts":[{"id":131929,"url":"http:\/\/vincentians.com\/es\/llamados-a-evangelizar-a-los-pobres\/","url_meta":{"origin":24152,"position":0},"title":"Llamados a evangelizar a los pobres","author":"Francisco Javier Fern\u00e1ndez Chento","date":"14\/12\/2014","format":false,"excerpt":"Se me ha dado plena autoridad en el cielo y en la tierra. Id y haced disc\u00edpulos de todas las naciones, bautizadlos para consagr\u00e1rselos al Padre y al Hijo y al Esp\u00edritu Santo, y ense\u00f1adles a guardar todo lo que os he mandado; mirad que yo estoy con vosotros cada\u2026","rel":"","context":"En \u00abEspiritualidad vicenciana\u00bb","block_context":{"text":"Espiritualidad vicenciana","link":"http:\/\/vincentians.com\/es\/category\/espiritualidad\/espiritualidad-vicenciana\/"},"img":{"alt_text":"evangelizacion_pobres","src":"https:\/\/i0.wp.com\/vicencianos.org\/wp-content\/2014\/12\/evangelizacion_pobres-300x225.jpg?resize=350%2C200","width":350,"height":200},"classes":[]},{"id":145277,"url":"http:\/\/vincentians.com\/es\/la-ascension-del-senor-reflexion-de-jose-cervantes-gabarron\/","url_meta":{"origin":24152,"position":1},"title":"La Ascensi\u00f3n del Se\u00f1or (reflexi\u00f3n de Jos\u00e9 Cervantes Gabarr\u00f3n)","author":"Francisco Javier Fern\u00e1ndez Chento","date":"16\/05\/2015","format":false,"excerpt":"Testigos de la Ascensi\u00f3n y Misioneros del Evangelio En el d\u00eda de la Ascensi\u00f3n celebramos a\u00a0Jes\u00fas, el crucificado y resucitado, ascendido al cielo, como Hijo de Dios y Se\u00f1or de toda la tierra.\u00a0Esta fiesta es la misma que la de la resurrecci\u00f3n de Jesucristo pero ha quedado plasmada en categor\u00edas\u2026","rel":"","context":"En \u00abHomil\u00edas y reflexiones, A\u00f1o B\u00bb","block_context":{"text":"Homil\u00edas y reflexiones, A\u00f1o B","link":"http:\/\/vincentians.com\/es\/category\/homilias-y-reflexiones-a-la-palabra-de-dios\/homilias-y-reflexiones-ano-b\/"},"img":{"alt_text":"","src":"https:\/\/i0.wp.com\/vincentians.com\/es\/wp-content\/uploads\/sites\/11\/2016\/07\/reflexiones-palabra-de-dios.jpg?fit=1200%2C630&resize=350%2C200","width":350,"height":200,"srcset":"https:\/\/i0.wp.com\/vincentians.com\/es\/wp-content\/uploads\/sites\/11\/2016\/07\/reflexiones-palabra-de-dios.jpg?fit=1200%2C630&resize=350%2C200 1x, https:\/\/i0.wp.com\/vincentians.com\/es\/wp-content\/uploads\/sites\/11\/2016\/07\/reflexiones-palabra-de-dios.jpg?fit=1200%2C630&resize=525%2C300 1.5x, https:\/\/i0.wp.com\/vincentians.com\/es\/wp-content\/uploads\/sites\/11\/2016\/07\/reflexiones-palabra-de-dios.jpg?fit=1200%2C630&resize=700%2C400 2x, https:\/\/i0.wp.com\/vincentians.com\/es\/wp-content\/uploads\/sites\/11\/2016\/07\/reflexiones-palabra-de-dios.jpg?fit=1200%2C630&resize=1050%2C600 3x"},"classes":[]},{"id":132448,"url":"http:\/\/vincentians.com\/es\/la-ascension-del-senor-reflexion-de-jose-roman-flecha\/","url_meta":{"origin":24152,"position":2},"title":"La Ascensi\u00f3n del Se\u00f1or (reflexi\u00f3n de Jos\u00e9 Rom\u00e1n Flecha)","author":"Francisco Javier Fern\u00e1ndez Chento","date":"14\/05\/2012","format":false,"excerpt":"EL CIELO Y LA TIERRA Solemnidad de la Ascensi\u00f3n del Se\u00f1or 20 de mayo de 2012 En un serm\u00f3n pronunciado en la fiesta de la Ascensi\u00f3n, San Juan de \u00c1vila dec\u00eda que esta fiesta nos invita a la vez a la alegr\u00eda y al llanto. \"Nuestro deseo parece que se\u2026","rel":"","context":"En \u00abHomil\u00edas y reflexiones, A\u00f1o B\u00bb","block_context":{"text":"Homil\u00edas y reflexiones, A\u00f1o B","link":"http:\/\/vincentians.com\/es\/category\/homilias-y-reflexiones-a-la-palabra-de-dios\/homilias-y-reflexiones-ano-b\/"},"img":{"alt_text":"","src":"https:\/\/i0.wp.com\/vincentians.com\/es\/wp-content\/uploads\/sites\/11\/2016\/07\/reflexiones-palabra-de-dios.jpg?fit=1200%2C630&resize=350%2C200","width":350,"height":200,"srcset":"https:\/\/i0.wp.com\/vincentians.com\/es\/wp-content\/uploads\/sites\/11\/2016\/07\/reflexiones-palabra-de-dios.jpg?fit=1200%2C630&resize=350%2C200 1x, https:\/\/i0.wp.com\/vincentians.com\/es\/wp-content\/uploads\/sites\/11\/2016\/07\/reflexiones-palabra-de-dios.jpg?fit=1200%2C630&resize=525%2C300 1.5x, https:\/\/i0.wp.com\/vincentians.com\/es\/wp-content\/uploads\/sites\/11\/2016\/07\/reflexiones-palabra-de-dios.jpg?fit=1200%2C630&resize=700%2C400 2x, https:\/\/i0.wp.com\/vincentians.com\/es\/wp-content\/uploads\/sites\/11\/2016\/07\/reflexiones-palabra-de-dios.jpg?fit=1200%2C630&resize=1050%2C600 3x"},"classes":[]},{"id":135783,"url":"http:\/\/vincentians.com\/es\/15o-domingo-de-tiempo-ordinario-reflexion-de-antonio-elduayen-c-m\/","url_meta":{"origin":24152,"position":3},"title":"15\u00ba Domingo de Tiempo Ordinario (reflexi\u00f3n de Antonio Elduayen, C.M.)","author":"Francisco Javier Fern\u00e1ndez Chento","date":"15\/07\/2012","format":false,"excerpt":"Queridos amigos Buscar, formar y enviar misioneros, fue una tarea fundamental y constante de Jes\u00fas. Como lo es de la Iglesia. Y ten\u00eda y tiene que ser as\u00ed si queremos establecer el Reinado del Padre Dios en el mundo. Es por ello que la primera cosa que hizo el Se\u00f1or,\u2026","rel":"","context":"En \u00abHomil\u00edas y reflexiones, A\u00f1o B\u00bb","block_context":{"text":"Homil\u00edas y reflexiones, A\u00f1o B","link":"http:\/\/vincentians.com\/es\/category\/homilias-y-reflexiones-a-la-palabra-de-dios\/homilias-y-reflexiones-ano-b\/"},"img":{"alt_text":"","src":"https:\/\/i0.wp.com\/vincentians.com\/es\/wp-content\/uploads\/sites\/11\/2016\/07\/reflexiones-palabra-de-dios.jpg?fit=1200%2C630&resize=350%2C200","width":350,"height":200,"srcset":"https:\/\/i0.wp.com\/vincentians.com\/es\/wp-content\/uploads\/sites\/11\/2016\/07\/reflexiones-palabra-de-dios.jpg?fit=1200%2C630&resize=350%2C200 1x, https:\/\/i0.wp.com\/vincentians.com\/es\/wp-content\/uploads\/sites\/11\/2016\/07\/reflexiones-palabra-de-dios.jpg?fit=1200%2C630&resize=525%2C300 1.5x, https:\/\/i0.wp.com\/vincentians.com\/es\/wp-content\/uploads\/sites\/11\/2016\/07\/reflexiones-palabra-de-dios.jpg?fit=1200%2C630&resize=700%2C400 2x, https:\/\/i0.wp.com\/vincentians.com\/es\/wp-content\/uploads\/sites\/11\/2016\/07\/reflexiones-palabra-de-dios.jpg?fit=1200%2C630&resize=1050%2C600 3x"},"classes":[]},{"id":133256,"url":"http:\/\/vincentians.com\/es\/conceptos-clave-en-misiones-populares-06-envio\/","url_meta":{"origin":24152,"position":4},"title":"Conceptos clave en misiones populares 06: Env\u00edo","author":"Francisco Javier Fern\u00e1ndez Chento","date":"06\/01\/2015","format":false,"excerpt":"Se ha popularizado entre nosotros la palabra env\u00edo. Pero lo importante no es el t\u00e9rmino m\u00e1s o menos popular, sino el significado. La palabra env\u00edo aparece en el Evangelio. Es Lucas quien recuerda: En aquel momento eligi\u00f3 otros 72 disc\u00edpulos y los envi\u00f3 de dos en dos... (Lc 10). Cada\u2026","rel":"","context":"En \u00abMisiones populares\u00bb","block_context":{"text":"Misiones populares","link":"http:\/\/vincentians.com\/es\/category\/servicios-y-ministerios\/misiones-populares-misiones\/"},"img":{"alt_text":"P1020538","src":"https:\/\/i0.wp.com\/vicencianos.org\/wp-content\/2015\/01\/P1020538-300x300.jpg?resize=350%2C200","width":350,"height":200},"classes":[]},{"id":141969,"url":"http:\/\/vincentians.com\/es\/pobres-para-la-mision-como-jesucristo\/","url_meta":{"origin":24152,"position":5},"title":"Pobres para la Misi\u00f3n como Jesucristo","author":"Francisco Javier Fern\u00e1ndez Chento","date":"27\/03\/2015","format":false,"excerpt":"Maestro, te seguir\u00e9 vayas a donde vayas. Jes\u00fas respon\u00addi\u00f3: Las zorras tienen madrigueras y los p\u00e1jaros del cielo nido, pero este Hombre no tiene en donde reclinar la cabeza\u00bb. Mt. 8,20). Aunque era verdadero due\u00f1o de todos los bienes, Cristo adopt\u00f3 una vida tan pobre que no ten\u00eda donde reclinar\u2026","rel":"","context":"En \u00abEspiritualidad vicenciana\u00bb","block_context":{"text":"Espiritualidad vicenciana","link":"http:\/\/vincentians.com\/es\/category\/espiritualidad\/espiritualidad-vicenciana\/"},"img":{"alt_text":"asd","src":"https:\/\/i0.wp.com\/vicencianos.org\/wp-content\/2015\/03\/asd14-300x205.jpg?resize=350%2C200","width":350,"height":200},"classes":[]}],"_links":{"self":[{"href":"http:\/\/vincentians.com\/es\/wp-json\/wp\/v2\/posts\/24152","targetHints":{"allow":["GET"]}}],"collection":[{"href":"http:\/\/vincentians.com\/es\/wp-json\/wp\/v2\/posts"}],"about":[{"href":"http:\/\/vincentians.com\/es\/wp-json\/wp\/v2\/types\/post"}],"author":[{"embeddable":true,"href":"http:\/\/vincentians.com\/es\/wp-json\/wp\/v2\/users\/4"}],"replies":[{"embeddable":true,"href":"http:\/\/vincentians.com\/es\/wp-json\/wp\/v2\/comments?post=24152"}],"version-history":[{"count":0,"href":"http:\/\/vincentians.com\/es\/wp-json\/wp\/v2\/posts\/24152\/revisions"}],"wp:featuredmedia":[{"embeddable":true,"href":"http:\/\/vincentians.com\/es\/wp-json\/"}],"wp:attachment":[{"href":"http:\/\/vincentians.com\/es\/wp-json\/wp\/v2\/media?parent=24152"}],"wp:term":[{"taxonomy":"category","embeddable":true,"href":"http:\/\/vincentians.com\/es\/wp-json\/wp\/v2\/categories?post=24152"},{"taxonomy":"post_tag","embeddable":true,"href":"http:\/\/vincentians.com\/es\/wp-json\/wp\/v2\/tags?post=24152"}],"curies":[{"name":"wp","href":"https:\/\/api.w.org\/{rel}","templated":true}]}}