{"id":23828,"date":"2010-12-06T18:09:34","date_gmt":"2010-12-06T17:09:34","guid":{"rendered":"http:\/\/somos.vicencianos.org\/?p=23828"},"modified":"2010-12-06T18:09:34","modified_gmt":"2010-12-06T17:09:34","slug":"adviento-renovar-la-vida","status":"publish","type":"post","link":"http:\/\/vincentians.com\/es\/adviento-renovar-la-vida\/","title":{"rendered":"Adviento: Renovar la Vida"},"content":{"rendered":"<p><a href=\"https:\/\/i0.wp.com\/vicencianos.org\/wp-content\/2010\/12\/guinea.jpg\"><img data-recalc-dims=\"1\" loading=\"lazy\" decoding=\"async\" class=\"alignright size-medium wp-image-23830\" title=\"guinea\" src=\"https:\/\/i0.wp.com\/vicencianos.org\/wp-content\/2010\/12\/guinea-225x300.jpg?resize=225%2C300\" alt=\"\" width=\"225\" height=\"300\" \/><\/a>El  tiempo de Adviento siempre me hace pensar en c\u00f3mo ser\u00eda la vida, el  mundo, si vivi\u00e9ramos desde la esperanza, con un nuevo coraz\u00f3n, las cosas  de cada d\u00eda.<\/p>\n<p>Quiz\u00e1s ni siquiera tengamos que cambiar mucho lo que  ya hacemos, quiz\u00e1s solamente necesitemos mirar desde Dios lo ya creado,  su magn\u00edfica obra y cuidarla como cuidamos al bebe que nace.<\/p>\n<p>Sin  duda cada d\u00eda trae muchas dificultades, la persona sus propias  inquietudes y miedos, el mundo sus conflictos propios,\u2026 pero en todo  est\u00e1 la Esperanza que Dios nos regala para hacer nuevo lo ya creado.<\/p>\n<p>En Guinea, en la Misi\u00f3n durante este tiempo hemos tenido oportunidad de vivir espacios de Esperanza, tiempos de Renovaci\u00f3n:<\/p>\n<ul>\n<li>Por  un lado las numerosas personas que con su gratuidad han colaborado en  la educaci\u00f3n, salud, trabajos pastorales,\u2026aportando su tiempo de  vacaciones, alegr\u00eda, dialogo, esfuerzo,\u2026Fe y mucha Vida a la  misi\u00f3n.Cinta, Nuria, Nati, Marta, Lucia, Chus, Manolo\u2026de todos queda su  huella en los ni\u00f1os, lo que han aprendido, su recuerdo, sus consejos\u2026<\/li>\n<li> El  inicio de un nuevo curso escolar con nuevos retos, con un mayor n\u00famero  de ni\u00f1os escolarizados a los que quisi\u00e9ramos educar desde la Fe\u00a0 para la  vida.<\/li>\n<li> Las visitas a los mayores que con tanta soledad viven y  esperan la Celebraci\u00f3n de la Palabra, el encuentro humano. Como dice D.  Pablo\u00a0 \u00abLa celebraci\u00f3n me hace olvidar mi pobre vida, es una esperanza  muy grande\u00bb<\/li>\n<li> Las oraciones y celebraciones de la Palabra que nos  renuevan cada d\u00eda y como dicen aqu\u00ed nos hacen \u00absoportar\u00bb\u00a0 situaciones  incomprensibles contrarias a la dignidad humana, aquellas que provocan  sufrimientos innecesarios.<\/li>\n<\/ul>\n<p>Para terminar nos gustar\u00eda lanzar esta pregunta:<\/p>\n<p><em><strong>\u00bfQue necesitas renovar en tu coraz\u00f3n para que Dios habite en \u00e9l?<\/strong><\/em><\/p>\n<p>Ojal\u00e1 y cada uno lo pueda descubrir en este tiempo de Adviento y podamos abrir nuestro coraz\u00f3n al Redentor.<\/p>\n<p>Unidos en la oraci\u00f3n.<\/p>\n<p style=\"text-align: right\"><em>Comunidad Misevi de Guinea (Misioneros Seglares Vicencianos)<\/em><\/p>\n","protected":false},"excerpt":{"rendered":"<p>El tiempo de Adviento siempre me hace pensar en c\u00f3mo ser\u00eda la vida, el mundo, si vivi\u00e9ramos desde la esperanza, con un nuevo coraz\u00f3n, las cosas de cada d\u00eda. Quiz\u00e1s ni siquiera tengamos que cambiar &#8230; <a href=\"http:\/\/vincentians.com\/es\/adviento-renovar-la-vida\/\" class=\"more-link\">Read More<\/a><\/p>\n","protected":false},"author":4,"featured_media":23830,"comment_status":"open","ping_status":"open","sticky":false,"template":"","format":"standard","meta":{"jetpack_post_was_ever_published":false,"_jetpack_newsletter_access":"","_jetpack_dont_email_post_to_subs":false,"_jetpack_newsletter_tier_id":0,"_jetpack_memberships_contains_paywalled_content":false,"_jetpack_memberships_contains_paid_content":false,"footnotes":"","jetpack_publicize_message":"","jetpack_publicize_feature_enabled":true,"jetpack_social_post_already_shared":true,"jetpack_social_options":{"image_generator_settings":{"template":"highway","default_image_id":0,"font":"","enabled":false},"version":2}},"categories":[15],"tags":[195],"class_list":["post-23828","post","type-post","status-publish","format-standard","has-post-thumbnail","hentry","category-misevi","tag-misioneros-seglares"],"yoast_head":"<!-- This site is optimized with the Yoast SEO plugin v26.3 - https:\/\/yoast.com\/wordpress\/plugins\/seo\/ -->\n<title>Adviento: Renovar la Vida - Somos Vicencianos<\/title>\n<meta name=\"robots\" content=\"index, follow, max-snippet:-1, max-image-preview:large, max-video-preview:-1\" \/>\n<link rel=\"canonical\" href=\"http:\/\/vincentians.com\/es\/adviento-renovar-la-vida\/\" \/>\n<meta property=\"og:locale\" content=\"es_ES\" \/>\n<meta property=\"og:type\" content=\"article\" \/>\n<meta property=\"og:title\" content=\"Adviento: Renovar la Vida - Somos Vicencianos\" \/>\n<meta property=\"og:description\" content=\"El tiempo de Adviento siempre me hace pensar en c\u00f3mo ser\u00eda la vida, el mundo, si vivi\u00e9ramos desde la esperanza, con un nuevo coraz\u00f3n, las cosas de cada d\u00eda. Quiz\u00e1s ni siquiera tengamos que cambiar ... Read More\" \/>\n<meta property=\"og:url\" content=\"http:\/\/vincentians.com\/es\/adviento-renovar-la-vida\/\" \/>\n<meta property=\"og:site_name\" content=\"Somos Vicencianos\" \/>\n<meta property=\"article:publisher\" content=\"https:\/\/www.facebook.com\/WeAreVincentians\/\" \/>\n<meta property=\"article:author\" content=\"https:\/\/www.facebook.com\/JavierChento\" \/>\n<meta property=\"article:published_time\" content=\"2010-12-06T17:09:34+00:00\" \/>\n<meta name=\"author\" content=\"Francisco Javier Fern\u00e1ndez Chento\" \/>\n<meta name=\"twitter:card\" content=\"summary_large_image\" \/>\n<meta name=\"twitter:creator\" content=\"@https:\/\/twitter.com\/javierchento\" \/>\n<meta name=\"twitter:site\" content=\"@WeVincentians\" \/>\n<meta name=\"twitter:label1\" content=\"Escrito por\" \/>\n\t<meta name=\"twitter:data1\" content=\"Francisco Javier Fern\u00e1ndez Chento\" \/>\n\t<meta name=\"twitter:label2\" content=\"Tiempo de lectura\" \/>\n\t<meta name=\"twitter:data2\" content=\"2 minutos\" \/>\n<script type=\"application\/ld+json\" class=\"yoast-schema-graph\">{\"@context\":\"https:\/\/schema.org\",\"@graph\":[{\"@type\":\"Article\",\"@id\":\"http:\/\/vincentians.com\/es\/adviento-renovar-la-vida\/#article\",\"isPartOf\":{\"@id\":\"http:\/\/vincentians.com\/es\/adviento-renovar-la-vida\/\"},\"author\":{\"name\":\"Francisco Javier Fern\u00e1ndez Chento\",\"@id\":\"http:\/\/vincentians.com\/es\/#\/schema\/person\/9623ef4d9aa3b2dfb8c061f1499288f2\"},\"headline\":\"Adviento: Renovar la Vida\",\"datePublished\":\"2010-12-06T17:09:34+00:00\",\"mainEntityOfPage\":{\"@id\":\"http:\/\/vincentians.com\/es\/adviento-renovar-la-vida\/\"},\"wordCount\":344,\"commentCount\":0,\"publisher\":{\"@id\":\"http:\/\/vincentians.com\/es\/#organization\"},\"image\":{\"@id\":\"http:\/\/vincentians.com\/es\/adviento-renovar-la-vida\/#primaryimage\"},\"thumbnailUrl\":\"\",\"keywords\":[\"Misioneros Seglares\"],\"articleSection\":[\"Misevi\"],\"inLanguage\":\"es\",\"potentialAction\":[{\"@type\":\"CommentAction\",\"name\":\"Comment\",\"target\":[\"http:\/\/vincentians.com\/es\/adviento-renovar-la-vida\/#respond\"]}]},{\"@type\":\"WebPage\",\"@id\":\"http:\/\/vincentians.com\/es\/adviento-renovar-la-vida\/\",\"url\":\"http:\/\/vincentians.com\/es\/adviento-renovar-la-vida\/\",\"name\":\"Adviento: Renovar la Vida - Somos Vicencianos\",\"isPartOf\":{\"@id\":\"http:\/\/vincentians.com\/es\/#website\"},\"primaryImageOfPage\":{\"@id\":\"http:\/\/vincentians.com\/es\/adviento-renovar-la-vida\/#primaryimage\"},\"image\":{\"@id\":\"http:\/\/vincentians.com\/es\/adviento-renovar-la-vida\/#primaryimage\"},\"thumbnailUrl\":\"\",\"datePublished\":\"2010-12-06T17:09:34+00:00\",\"breadcrumb\":{\"@id\":\"http:\/\/vincentians.com\/es\/adviento-renovar-la-vida\/#breadcrumb\"},\"inLanguage\":\"es\",\"potentialAction\":[{\"@type\":\"ReadAction\",\"target\":[\"http:\/\/vincentians.com\/es\/adviento-renovar-la-vida\/\"]}]},{\"@type\":\"ImageObject\",\"inLanguage\":\"es\",\"@id\":\"http:\/\/vincentians.com\/es\/adviento-renovar-la-vida\/#primaryimage\",\"url\":\"\",\"contentUrl\":\"\"},{\"@type\":\"BreadcrumbList\",\"@id\":\"http:\/\/vincentians.com\/es\/adviento-renovar-la-vida\/#breadcrumb\",\"itemListElement\":[{\"@type\":\"ListItem\",\"position\":1,\"name\":\"Portada\",\"item\":\"http:\/\/vincentians.com\/es\/\"},{\"@type\":\"ListItem\",\"position\":2,\"name\":\"Adviento: Renovar la Vida\"}]},{\"@type\":\"WebSite\",\"@id\":\"http:\/\/vincentians.com\/es\/#website\",\"url\":\"http:\/\/vincentians.com\/es\/\",\"name\":\"Somos Vicencianos\",\"description\":\"Know more to serve more\",\"publisher\":{\"@id\":\"http:\/\/vincentians.com\/es\/#organization\"},\"potentialAction\":[{\"@type\":\"SearchAction\",\"target\":{\"@type\":\"EntryPoint\",\"urlTemplate\":\"http:\/\/vincentians.com\/es\/?s={search_term_string}\"},\"query-input\":{\"@type\":\"PropertyValueSpecification\",\"valueRequired\":true,\"valueName\":\"search_term_string\"}}],\"inLanguage\":\"es\"},{\"@type\":\"Organization\",\"@id\":\"http:\/\/vincentians.com\/es\/#organization\",\"name\":\"The Vincentian Network\",\"url\":\"http:\/\/vincentians.com\/es\/\",\"logo\":{\"@type\":\"ImageObject\",\"inLanguage\":\"es\",\"@id\":\"http:\/\/vincentians.com\/es\/#\/schema\/logo\/image\/\",\"url\":\"https:\/\/i1.wp.com\/vincentians.com\/es\/wp-content\/uploads\/sites\/11\/2016\/06\/Vincentian-Network-logo-big.png?fit=778%2C778\",\"contentUrl\":\"https:\/\/i1.wp.com\/vincentians.com\/es\/wp-content\/uploads\/sites\/11\/2016\/06\/Vincentian-Network-logo-big.png?fit=778%2C778\",\"width\":778,\"height\":778,\"caption\":\"The Vincentian Network\"},\"image\":{\"@id\":\"http:\/\/vincentians.com\/es\/#\/schema\/logo\/image\/\"},\"sameAs\":[\"https:\/\/www.facebook.com\/WeAreVincentians\/\",\"https:\/\/x.com\/WeVincentians\"]},{\"@type\":\"Person\",\"@id\":\"http:\/\/vincentians.com\/es\/#\/schema\/person\/9623ef4d9aa3b2dfb8c061f1499288f2\",\"name\":\"Francisco Javier Fern\u00e1ndez Chento\",\"image\":{\"@type\":\"ImageObject\",\"inLanguage\":\"es\",\"@id\":\"http:\/\/vincentians.com\/es\/#\/schema\/person\/image\/\",\"url\":\"https:\/\/secure.gravatar.com\/avatar\/497d5cde87b4c3d097d0315953521681ba2cd523ee66e5077c3711f7021e65de?s=96&d=mm&r=g\",\"contentUrl\":\"https:\/\/secure.gravatar.com\/avatar\/497d5cde87b4c3d097d0315953521681ba2cd523ee66e5077c3711f7021e65de?s=96&d=mm&r=g\",\"caption\":\"Francisco Javier Fern\u00e1ndez Chento\"},\"description\":\"Director General y cofundador de La Red de Formaci\u00f3n Vicenciana. Javier es laico vicenciano, afiliado a la Congregaci\u00f3n de la Misi\u00f3n y miembro del Equipo de Misiones Populares de la provincia can\u00f3nica de Zaragoza (Espa\u00f1a) de la Congregaci\u00f3n de la Misi\u00f3n. Graduado en la Universidad Oberta de Catalunya con cuatro grados (Asistente de direcci\u00f3n, Gesti\u00f3n Administrativa, Recursos Humanos y Contabilidad Avanzada). Bil\u00edng\u00fce Espa\u00f1ol\/Ingl\u00e9s. gestiona y mantiene varias p\u00e1ginas web cristianas y vicencianas, incluida including La Red de Formaci\u00f3n Vicenciana, de la que es cofundador. Actualmente es responsable del \u00e1rea de Espa\u00f1ol de .famvin, la Red de Noticias de la Familia Vicenciana. Tambi\u00e9n es m\u00fasico cat\u00f3lico y ha editado varios discos. Es Director General y cofundador de Trovador, una reconocida compa\u00f1\u00eda discogr\u00e1fica critiana de Espa\u00f1a. Trabaja en las Tecnolog\u00edas de la Informaci\u00f3n, ofreciendo servicios de alojamiento, dise\u00f1o y mantenimiento Web, as\u00ed como asesoramiento, formaci\u00f3n y soluciones inform\u00e1ticas, gesti\u00f3n documental y digitalizaci\u00f3n de textos, edici\u00f3n y maquetaci\u00f3n de libros, revistas, flyers, etc.\",\"sameAs\":[\"http:\/\/chento.org\",\"https:\/\/www.facebook.com\/JavierChento\",\"https:\/\/x.com\/https:\/\/twitter.com\/javierchento\"],\"url\":\"http:\/\/vincentians.com\/es\/author\/chento\/\"}]}<\/script>\n<!-- \/ Yoast SEO plugin. -->","yoast_head_json":{"title":"Adviento: Renovar la Vida - Somos Vicencianos","robots":{"index":"index","follow":"follow","max-snippet":"max-snippet:-1","max-image-preview":"max-image-preview:large","max-video-preview":"max-video-preview:-1"},"canonical":"http:\/\/vincentians.com\/es\/adviento-renovar-la-vida\/","og_locale":"es_ES","og_type":"article","og_title":"Adviento: Renovar la Vida - Somos Vicencianos","og_description":"El tiempo de Adviento siempre me hace pensar en c\u00f3mo ser\u00eda la vida, el mundo, si vivi\u00e9ramos desde la esperanza, con un nuevo coraz\u00f3n, las cosas de cada d\u00eda. Quiz\u00e1s ni siquiera tengamos que cambiar ... Read More","og_url":"http:\/\/vincentians.com\/es\/adviento-renovar-la-vida\/","og_site_name":"Somos Vicencianos","article_publisher":"https:\/\/www.facebook.com\/WeAreVincentians\/","article_author":"https:\/\/www.facebook.com\/JavierChento","article_published_time":"2010-12-06T17:09:34+00:00","author":"Francisco Javier Fern\u00e1ndez Chento","twitter_card":"summary_large_image","twitter_creator":"@https:\/\/twitter.com\/javierchento","twitter_site":"@WeVincentians","twitter_misc":{"Escrito por":"Francisco Javier Fern\u00e1ndez Chento","Tiempo de lectura":"2 minutos"},"schema":{"@context":"https:\/\/schema.org","@graph":[{"@type":"Article","@id":"http:\/\/vincentians.com\/es\/adviento-renovar-la-vida\/#article","isPartOf":{"@id":"http:\/\/vincentians.com\/es\/adviento-renovar-la-vida\/"},"author":{"name":"Francisco Javier Fern\u00e1ndez Chento","@id":"http:\/\/vincentians.com\/es\/#\/schema\/person\/9623ef4d9aa3b2dfb8c061f1499288f2"},"headline":"Adviento: Renovar la Vida","datePublished":"2010-12-06T17:09:34+00:00","mainEntityOfPage":{"@id":"http:\/\/vincentians.com\/es\/adviento-renovar-la-vida\/"},"wordCount":344,"commentCount":0,"publisher":{"@id":"http:\/\/vincentians.com\/es\/#organization"},"image":{"@id":"http:\/\/vincentians.com\/es\/adviento-renovar-la-vida\/#primaryimage"},"thumbnailUrl":"","keywords":["Misioneros Seglares"],"articleSection":["Misevi"],"inLanguage":"es","potentialAction":[{"@type":"CommentAction","name":"Comment","target":["http:\/\/vincentians.com\/es\/adviento-renovar-la-vida\/#respond"]}]},{"@type":"WebPage","@id":"http:\/\/vincentians.com\/es\/adviento-renovar-la-vida\/","url":"http:\/\/vincentians.com\/es\/adviento-renovar-la-vida\/","name":"Adviento: Renovar la Vida - Somos Vicencianos","isPartOf":{"@id":"http:\/\/vincentians.com\/es\/#website"},"primaryImageOfPage":{"@id":"http:\/\/vincentians.com\/es\/adviento-renovar-la-vida\/#primaryimage"},"image":{"@id":"http:\/\/vincentians.com\/es\/adviento-renovar-la-vida\/#primaryimage"},"thumbnailUrl":"","datePublished":"2010-12-06T17:09:34+00:00","breadcrumb":{"@id":"http:\/\/vincentians.com\/es\/adviento-renovar-la-vida\/#breadcrumb"},"inLanguage":"es","potentialAction":[{"@type":"ReadAction","target":["http:\/\/vincentians.com\/es\/adviento-renovar-la-vida\/"]}]},{"@type":"ImageObject","inLanguage":"es","@id":"http:\/\/vincentians.com\/es\/adviento-renovar-la-vida\/#primaryimage","url":"","contentUrl":""},{"@type":"BreadcrumbList","@id":"http:\/\/vincentians.com\/es\/adviento-renovar-la-vida\/#breadcrumb","itemListElement":[{"@type":"ListItem","position":1,"name":"Portada","item":"http:\/\/vincentians.com\/es\/"},{"@type":"ListItem","position":2,"name":"Adviento: Renovar la Vida"}]},{"@type":"WebSite","@id":"http:\/\/vincentians.com\/es\/#website","url":"http:\/\/vincentians.com\/es\/","name":"Somos Vicencianos","description":"Know more to serve more","publisher":{"@id":"http:\/\/vincentians.com\/es\/#organization"},"potentialAction":[{"@type":"SearchAction","target":{"@type":"EntryPoint","urlTemplate":"http:\/\/vincentians.com\/es\/?s={search_term_string}"},"query-input":{"@type":"PropertyValueSpecification","valueRequired":true,"valueName":"search_term_string"}}],"inLanguage":"es"},{"@type":"Organization","@id":"http:\/\/vincentians.com\/es\/#organization","name":"The Vincentian Network","url":"http:\/\/vincentians.com\/es\/","logo":{"@type":"ImageObject","inLanguage":"es","@id":"http:\/\/vincentians.com\/es\/#\/schema\/logo\/image\/","url":"https:\/\/i1.wp.com\/vincentians.com\/es\/wp-content\/uploads\/sites\/11\/2016\/06\/Vincentian-Network-logo-big.png?fit=778%2C778","contentUrl":"https:\/\/i1.wp.com\/vincentians.com\/es\/wp-content\/uploads\/sites\/11\/2016\/06\/Vincentian-Network-logo-big.png?fit=778%2C778","width":778,"height":778,"caption":"The Vincentian Network"},"image":{"@id":"http:\/\/vincentians.com\/es\/#\/schema\/logo\/image\/"},"sameAs":["https:\/\/www.facebook.com\/WeAreVincentians\/","https:\/\/x.com\/WeVincentians"]},{"@type":"Person","@id":"http:\/\/vincentians.com\/es\/#\/schema\/person\/9623ef4d9aa3b2dfb8c061f1499288f2","name":"Francisco Javier Fern\u00e1ndez Chento","image":{"@type":"ImageObject","inLanguage":"es","@id":"http:\/\/vincentians.com\/es\/#\/schema\/person\/image\/","url":"https:\/\/secure.gravatar.com\/avatar\/497d5cde87b4c3d097d0315953521681ba2cd523ee66e5077c3711f7021e65de?s=96&d=mm&r=g","contentUrl":"https:\/\/secure.gravatar.com\/avatar\/497d5cde87b4c3d097d0315953521681ba2cd523ee66e5077c3711f7021e65de?s=96&d=mm&r=g","caption":"Francisco Javier Fern\u00e1ndez Chento"},"description":"Director General y cofundador de La Red de Formaci\u00f3n Vicenciana. Javier es laico vicenciano, afiliado a la Congregaci\u00f3n de la Misi\u00f3n y miembro del Equipo de Misiones Populares de la provincia can\u00f3nica de Zaragoza (Espa\u00f1a) de la Congregaci\u00f3n de la Misi\u00f3n. Graduado en la Universidad Oberta de Catalunya con cuatro grados (Asistente de direcci\u00f3n, Gesti\u00f3n Administrativa, Recursos Humanos y Contabilidad Avanzada). Bil\u00edng\u00fce Espa\u00f1ol\/Ingl\u00e9s. gestiona y mantiene varias p\u00e1ginas web cristianas y vicencianas, incluida including La Red de Formaci\u00f3n Vicenciana, de la que es cofundador. Actualmente es responsable del \u00e1rea de Espa\u00f1ol de .famvin, la Red de Noticias de la Familia Vicenciana. Tambi\u00e9n es m\u00fasico cat\u00f3lico y ha editado varios discos. Es Director General y cofundador de Trovador, una reconocida compa\u00f1\u00eda discogr\u00e1fica critiana de Espa\u00f1a. Trabaja en las Tecnolog\u00edas de la Informaci\u00f3n, ofreciendo servicios de alojamiento, dise\u00f1o y mantenimiento Web, as\u00ed como asesoramiento, formaci\u00f3n y soluciones inform\u00e1ticas, gesti\u00f3n documental y digitalizaci\u00f3n de textos, edici\u00f3n y maquetaci\u00f3n de libros, revistas, flyers, etc.","sameAs":["http:\/\/chento.org","https:\/\/www.facebook.com\/JavierChento","https:\/\/x.com\/https:\/\/twitter.com\/javierchento"],"url":"http:\/\/vincentians.com\/es\/author\/chento\/"}]}},"jetpack_publicize_connections":[],"jetpack_featured_media_url":"","jetpack_sharing_enabled":true,"jetpack_shortlink":"https:\/\/wp.me\/p7ETMF-6ck","jetpack-related-posts":[{"id":7260,"url":"http:\/\/vincentians.com\/es\/domingo-1o-de-adviento-reflexion-de-julio-cesar-villalobos-c-m-2\/","url_meta":{"origin":23828,"position":0},"title":"Domingo 1\u00ba de Adviento (reflexi\u00f3n de Julio C\u00e9sar Villalobos, C.M.)","author":"Francisco Javier Fern\u00e1ndez Chento","date":"29\/11\/2014","format":false,"excerpt":"El cristiano vigilante Hoy, querido hermano y hermana, empezamos un nuevo a\u00f1o lit\u00fargico con un tiempo especialmente hermoso, como es el tiempo de Adviento. \u00bfAlguna vez le has \"retado\" a Dios?, \u00bfc\u00f3mo te sentiste?, \u00bfqu\u00e9 le dijiste?, \u00bfpor qu\u00e9 lo hiciste? Isa\u00edas, en la primera lectura (IS.63,16b-17.19b; 64,2b-7), empieza reconociendo\u2026","rel":"","context":"En \u00abHomil\u00edas y reflexiones, A\u00f1o B\u00bb","block_context":{"text":"Homil\u00edas y reflexiones, A\u00f1o B","link":"http:\/\/vincentians.com\/es\/category\/homilias-y-reflexiones-a-la-palabra-de-dios\/homilias-y-reflexiones-ano-b\/"},"img":{"alt_text":"","src":"https:\/\/i0.wp.com\/vincentians.com\/es\/wp-content\/uploads\/sites\/11\/2016\/07\/reflexiones-palabra-de-dios.jpg?fit=1200%2C630&resize=350%2C200","width":350,"height":200,"srcset":"https:\/\/i0.wp.com\/vincentians.com\/es\/wp-content\/uploads\/sites\/11\/2016\/07\/reflexiones-palabra-de-dios.jpg?fit=1200%2C630&resize=350%2C200 1x, https:\/\/i0.wp.com\/vincentians.com\/es\/wp-content\/uploads\/sites\/11\/2016\/07\/reflexiones-palabra-de-dios.jpg?fit=1200%2C630&resize=525%2C300 1.5x, https:\/\/i0.wp.com\/vincentians.com\/es\/wp-content\/uploads\/sites\/11\/2016\/07\/reflexiones-palabra-de-dios.jpg?fit=1200%2C630&resize=700%2C400 2x, https:\/\/i0.wp.com\/vincentians.com\/es\/wp-content\/uploads\/sites\/11\/2016\/07\/reflexiones-palabra-de-dios.jpg?fit=1200%2C630&resize=1050%2C600 3x"},"classes":[]},{"id":2399,"url":"http:\/\/vincentians.com\/es\/lectio-divina-para-tercer-domingo-de-adviento-preparada-por-el-p-chuno-c-m\/","url_meta":{"origin":23828,"position":1},"title":"Lectio Divina para Tercer Domingo de Adviento (preparada por Chuno Ch\u00e1vez Alva, C.M.)","author":"Francisco Javier Fern\u00e1ndez Chento","date":"10\/12\/2012","format":false,"excerpt":"LA PALABRA HOY: Sofon\u00edas 3,14-18; Isa\u00edas 12,2-6; Filipenses 4,4-7; Lucas 3,10-18. Ambientaci\u00f3n: Pesebre vac\u00edo, sobre el que se pone una biblia abierta. 3 cirios con la frase: \u00bfQu\u00e9 tenemos que hacer? Cantos sugeridos: Ven, ven Se\u00f1or no tardes; Un pueblo camina por el mundo Ambientaci\u00f3n Si las lecturas de los\u2026","rel":"","context":"En \u00abHomil\u00edas y reflexiones, A\u00f1o C\u00bb","block_context":{"text":"Homil\u00edas y reflexiones, A\u00f1o C","link":"http:\/\/vincentians.com\/es\/category\/homilias-y-reflexiones-a-la-palabra-de-dios\/homilias-y-reflexiones-ano-c\/"},"img":{"alt_text":"","src":"https:\/\/i0.wp.com\/vincentians.com\/es\/wp-content\/uploads\/sites\/11\/2016\/07\/reflexiones-palabra-de-dios.jpg?fit=1200%2C630&resize=350%2C200","width":350,"height":200,"srcset":"https:\/\/i0.wp.com\/vincentians.com\/es\/wp-content\/uploads\/sites\/11\/2016\/07\/reflexiones-palabra-de-dios.jpg?fit=1200%2C630&resize=350%2C200 1x, https:\/\/i0.wp.com\/vincentians.com\/es\/wp-content\/uploads\/sites\/11\/2016\/07\/reflexiones-palabra-de-dios.jpg?fit=1200%2C630&resize=525%2C300 1.5x, https:\/\/i0.wp.com\/vincentians.com\/es\/wp-content\/uploads\/sites\/11\/2016\/07\/reflexiones-palabra-de-dios.jpg?fit=1200%2C630&resize=700%2C400 2x, https:\/\/i0.wp.com\/vincentians.com\/es\/wp-content\/uploads\/sites\/11\/2016\/07\/reflexiones-palabra-de-dios.jpg?fit=1200%2C630&resize=1050%2C600 3x"},"classes":[]},{"id":4404,"url":"http:\/\/vincentians.com\/es\/lectio-para-domingo-1o-de-adviento-preparada-por-chuno-chavez-alva-c-m\/","url_meta":{"origin":23828,"position":2},"title":"Lectio para Domingo 1\u00ba de Adviento (preparada por Chuno Ch\u00e1vez Alva, C.M.)","author":"Francisco Javier Fern\u00e1ndez Chento","date":"25\/11\/2013","format":false,"excerpt":"LA PALABRA HOY: Isa\u00edas 2, 1-5; Salmo 121; Romanos 13, 11-14; Mateo 24, 37-44 Ambientaci\u00f3n para todo el adviento: Camino de papel con cuatro velas a lo largo de \u00e9l. Al iniciar la celebraci\u00f3n se pone un cartel con la frase: \u201c\u00a1Est\u00e9n en vela!\u201d y se enciende la primera vela.\u2026","rel":"","context":"En \u00abHomil\u00edas y reflexiones, A\u00f1o A\u00bb","block_context":{"text":"Homil\u00edas y reflexiones, A\u00f1o A","link":"http:\/\/vincentians.com\/es\/category\/homilias-y-reflexiones-a-la-palabra-de-dios\/homilias-y-reflexiones-ano-a\/"},"img":{"alt_text":"","src":"https:\/\/i0.wp.com\/vincentians.com\/es\/wp-content\/uploads\/sites\/11\/2016\/07\/reflexiones-palabra-de-dios.jpg?fit=1200%2C630&resize=350%2C200","width":350,"height":200,"srcset":"https:\/\/i0.wp.com\/vincentians.com\/es\/wp-content\/uploads\/sites\/11\/2016\/07\/reflexiones-palabra-de-dios.jpg?fit=1200%2C630&resize=350%2C200 1x, https:\/\/i0.wp.com\/vincentians.com\/es\/wp-content\/uploads\/sites\/11\/2016\/07\/reflexiones-palabra-de-dios.jpg?fit=1200%2C630&resize=525%2C300 1.5x, https:\/\/i0.wp.com\/vincentians.com\/es\/wp-content\/uploads\/sites\/11\/2016\/07\/reflexiones-palabra-de-dios.jpg?fit=1200%2C630&resize=700%2C400 2x, https:\/\/i0.wp.com\/vincentians.com\/es\/wp-content\/uploads\/sites\/11\/2016\/07\/reflexiones-palabra-de-dios.jpg?fit=1200%2C630&resize=1050%2C600 3x"},"classes":[]},{"id":7258,"url":"http:\/\/vincentians.com\/es\/domingo-1o-de-adviento-reflexion-de-pedro-guillen-goni-c-m-2\/","url_meta":{"origin":23828,"position":3},"title":"Domingo 1\u00ba de Adviento (reflexi\u00f3n de Pedro Guill\u00e9n Go\u00f1i, C.M.)","author":"Francisco Javier Fern\u00e1ndez Chento","date":"29\/11\/2014","format":false,"excerpt":"Iniciamos un nuevo a\u00f1o en nuestro calendario lit\u00fargico eclesial. El tiempo de Adviento, \"hacia la venida\". La Iglesia nos propone todos los a\u00f1os cuatro semanas de preparaci\u00f3n inmediata para celebrar con gozo y esperanza el d\u00eda de la Navidad, la encarnaci\u00f3n del Ni\u00f1o Dios en nuestra propia historia. As\u00ed como\u2026","rel":"","context":"En \u00abHomil\u00edas y reflexiones, A\u00f1o B\u00bb","block_context":{"text":"Homil\u00edas y reflexiones, A\u00f1o B","link":"http:\/\/vincentians.com\/es\/category\/homilias-y-reflexiones-a-la-palabra-de-dios\/homilias-y-reflexiones-ano-b\/"},"img":{"alt_text":"","src":"https:\/\/i0.wp.com\/vincentians.com\/es\/wp-content\/uploads\/sites\/11\/2016\/07\/reflexiones-palabra-de-dios.jpg?fit=1200%2C630&resize=350%2C200","width":350,"height":200,"srcset":"https:\/\/i0.wp.com\/vincentians.com\/es\/wp-content\/uploads\/sites\/11\/2016\/07\/reflexiones-palabra-de-dios.jpg?fit=1200%2C630&resize=350%2C200 1x, https:\/\/i0.wp.com\/vincentians.com\/es\/wp-content\/uploads\/sites\/11\/2016\/07\/reflexiones-palabra-de-dios.jpg?fit=1200%2C630&resize=525%2C300 1.5x, https:\/\/i0.wp.com\/vincentians.com\/es\/wp-content\/uploads\/sites\/11\/2016\/07\/reflexiones-palabra-de-dios.jpg?fit=1200%2C630&resize=700%2C400 2x, https:\/\/i0.wp.com\/vincentians.com\/es\/wp-content\/uploads\/sites\/11\/2016\/07\/reflexiones-palabra-de-dios.jpg?fit=1200%2C630&resize=1050%2C600 3x"},"classes":[]},{"id":1033,"url":"http:\/\/vincentians.com\/es\/ciclo-b-domingo-1%c2%ba-de-adviento-reflexion-de-pedro-guillen-goni-c-m\/","url_meta":{"origin":23828,"position":4},"title":"Ciclo B, Domingo 1\u00ba de Adviento (reflexi\u00f3n de Pedro Guill\u00e9n Go\u00f1i, C.M.)","author":"Francisco Javier Fern\u00e1ndez Chento","date":"24\/11\/2011","format":false,"excerpt":"Iniciamos un nuevo a\u00f1o en nuestro calendario lit\u00fargico eclesial. El tiempo de Adviento, \"hacia la venida\". La Iglesia nos propone todos los a\u00f1os cuatro semanas de preparaci\u00f3n inmediata para celebrar con gozo y esperanza el d\u00eda de la Navidad,\u00a0 la encarnaci\u00f3n del Ni\u00f1o Dios en nuestra propia historia. As\u00ed como\u2026","rel":"","context":"En \u00abHomil\u00edas y reflexiones, A\u00f1o B\u00bb","block_context":{"text":"Homil\u00edas y reflexiones, A\u00f1o B","link":"http:\/\/vincentians.com\/es\/category\/homilias-y-reflexiones-a-la-palabra-de-dios\/homilias-y-reflexiones-ano-b\/"},"img":{"alt_text":"","src":"https:\/\/i0.wp.com\/vincentians.com\/es\/wp-content\/uploads\/sites\/11\/2016\/07\/reflexiones-palabra-de-dios.jpg?fit=1200%2C630&resize=350%2C200","width":350,"height":200,"srcset":"https:\/\/i0.wp.com\/vincentians.com\/es\/wp-content\/uploads\/sites\/11\/2016\/07\/reflexiones-palabra-de-dios.jpg?fit=1200%2C630&resize=350%2C200 1x, https:\/\/i0.wp.com\/vincentians.com\/es\/wp-content\/uploads\/sites\/11\/2016\/07\/reflexiones-palabra-de-dios.jpg?fit=1200%2C630&resize=525%2C300 1.5x, https:\/\/i0.wp.com\/vincentians.com\/es\/wp-content\/uploads\/sites\/11\/2016\/07\/reflexiones-palabra-de-dios.jpg?fit=1200%2C630&resize=700%2C400 2x, https:\/\/i0.wp.com\/vincentians.com\/es\/wp-content\/uploads\/sites\/11\/2016\/07\/reflexiones-palabra-de-dios.jpg?fit=1200%2C630&resize=1050%2C600 3x"},"classes":[]},{"id":1038,"url":"http:\/\/vincentians.com\/es\/domingo-1o-de-adviento-reflexion-de-jose-cervantes-gabarron-2\/","url_meta":{"origin":23828,"position":5},"title":"Domingo 1\u00ba de Adviento (reflexi\u00f3n de Jos\u00e9 Cervantes Gabarr\u00f3n)","author":"Francisco Javier Fern\u00e1ndez Chento","date":"25\/11\/2011","format":false,"excerpt":"Horizonte de esperanza Con el Adviento empieza el a\u00f1o lit\u00fargico de la celebraci\u00f3n de los misterios de la fe en la Iglesia Cat\u00f3lica y la palabra de Dios invita a mirar con esperanza el horizonte sombr\u00edo de nuestro mundo y a estar atentos en el tiempo presente aguardando siempre la\u2026","rel":"","context":"En \u00abHomil\u00edas y reflexiones, A\u00f1o B\u00bb","block_context":{"text":"Homil\u00edas y reflexiones, A\u00f1o B","link":"http:\/\/vincentians.com\/es\/category\/homilias-y-reflexiones-a-la-palabra-de-dios\/homilias-y-reflexiones-ano-b\/"},"img":{"alt_text":"","src":"https:\/\/i0.wp.com\/vincentians.com\/es\/wp-content\/uploads\/sites\/11\/2016\/07\/reflexiones-palabra-de-dios.jpg?fit=1200%2C630&resize=350%2C200","width":350,"height":200,"srcset":"https:\/\/i0.wp.com\/vincentians.com\/es\/wp-content\/uploads\/sites\/11\/2016\/07\/reflexiones-palabra-de-dios.jpg?fit=1200%2C630&resize=350%2C200 1x, https:\/\/i0.wp.com\/vincentians.com\/es\/wp-content\/uploads\/sites\/11\/2016\/07\/reflexiones-palabra-de-dios.jpg?fit=1200%2C630&resize=525%2C300 1.5x, https:\/\/i0.wp.com\/vincentians.com\/es\/wp-content\/uploads\/sites\/11\/2016\/07\/reflexiones-palabra-de-dios.jpg?fit=1200%2C630&resize=700%2C400 2x, https:\/\/i0.wp.com\/vincentians.com\/es\/wp-content\/uploads\/sites\/11\/2016\/07\/reflexiones-palabra-de-dios.jpg?fit=1200%2C630&resize=1050%2C600 3x"},"classes":[]}],"_links":{"self":[{"href":"http:\/\/vincentians.com\/es\/wp-json\/wp\/v2\/posts\/23828","targetHints":{"allow":["GET"]}}],"collection":[{"href":"http:\/\/vincentians.com\/es\/wp-json\/wp\/v2\/posts"}],"about":[{"href":"http:\/\/vincentians.com\/es\/wp-json\/wp\/v2\/types\/post"}],"author":[{"embeddable":true,"href":"http:\/\/vincentians.com\/es\/wp-json\/wp\/v2\/users\/4"}],"replies":[{"embeddable":true,"href":"http:\/\/vincentians.com\/es\/wp-json\/wp\/v2\/comments?post=23828"}],"version-history":[{"count":0,"href":"http:\/\/vincentians.com\/es\/wp-json\/wp\/v2\/posts\/23828\/revisions"}],"wp:featuredmedia":[{"embeddable":true,"href":"http:\/\/vincentians.com\/es\/wp-json\/"}],"wp:attachment":[{"href":"http:\/\/vincentians.com\/es\/wp-json\/wp\/v2\/media?parent=23828"}],"wp:term":[{"taxonomy":"category","embeddable":true,"href":"http:\/\/vincentians.com\/es\/wp-json\/wp\/v2\/categories?post=23828"},{"taxonomy":"post_tag","embeddable":true,"href":"http:\/\/vincentians.com\/es\/wp-json\/wp\/v2\/tags?post=23828"}],"curies":[{"name":"wp","href":"https:\/\/api.w.org\/{rel}","templated":true}]}}