{"id":23657,"date":"2010-05-29T10:22:10","date_gmt":"2010-05-29T08:22:10","guid":{"rendered":"http:\/\/somos.vicencianos.org\/blog\/2010\/05\/29\/vicente-de-paul-documento-172-aprobacion-de-las-reglas-de-la-congregacion-de-la-mision-por-la-asamblea-general-de-1651\/"},"modified":"2016-07-26T19:50:53","modified_gmt":"2016-07-26T17:50:53","slug":"vicente-de-paul-documento-172-aprobacion-de-las-reglas-de-la-congregacion-de-la-mision-por-la-asamblea-general-de-1651","status":"publish","type":"post","link":"http:\/\/vincentians.com\/es\/vicente-de-paul-documento-172-aprobacion-de-las-reglas-de-la-congregacion-de-la-mision-por-la-asamblea-general-de-1651\/","title":{"rendered":"Vicente de Pa\u00fal, Documento 172: Aprobaci\u00f3n De Las Reglas De La Congregaci\u00f3n De La Misi\u00f3n Por La Asamblea General De 1651"},"content":{"rendered":"<p>11 agosto 1651<\/p>\n<p>El que suscribe, Vicente de Pa\u00fal, superior general de la congregaci\u00f3n de la Misi\u00f3n, atendiendo a que nuestro Sant\u00edsimo Padre el Papa Urbano VIII de feliz memoria quiso concederme en la bula de erecci\u00f3n de nuestra Congregaci\u00f3n la facultad de establecer todas las normas y estatutos referentes al feliz r\u00e9gimen de dicha congregaci\u00f3n, con tal que fueran l\u00edcitos y honestos y no contrarios a los sagrados c\u00e1nones y constituciones apost\u00f3licas, a los decretos del concilio de Trento ni a nuestro Instituto, y que fueran aprobados por el ilustr\u00edsimo se\u00f1or arzobispo de Par\u00eds, delegado de la Santa Sede Apost\u00f3lica para este asunto, despu\u00e9s de habernos dedicado con diligencia durante alg\u00fan tiempo, con la ayuda de Dios, a la formaci\u00f3n de unas reglas y constituciones necesarias y \u00fatiles a nuestro Instituto y despu\u00e9s de haberlas redactado y puesto en orden, cre\u00edmos oportuno convocar y de hecho convocamos a algunos superiores de nuestras casas que ahora existen, junto con algunos otros de los m\u00e1s antiguos que nos pareci\u00f3 ten\u00edan mayor experiencia en nuestro g\u00e9nero de vida, el d\u00eda 13 de octubre del a\u00f1o 1642, a saber los padres Juan Dehorgny, \u00a0superior del colegio de Bons Enfants, Juan B\u00e9cu, superior de la casa de Toul, Lamberto aux Couteaux, superior de la casa de Richelieu, Juan Bourdet, superior de la casa de Troyes, Pedro du Chesne, superior de la casa de Cr\u00e9cy en la di\u00f3cesis de Meaux, y en lugar de los ausentes a los padres Antonio Portail, Francisco du Coudray, Antonio Lucas, Leonardo Boucher y Renato Alm\u00e9ras, sacerdotes todos ellos de nuestra congregaci\u00f3n, a quienes comunicamos estas reglas y constituciones; tras su consejo nos pareci\u00f3 entonces que todo este negocio no podr\u00eda llevarse a cabo en todas sus partes, tanto por la penuria de tiempo como sobre todo por la necesidad de experimentar la pr\u00e1ctica de estas reglas durante un tiempo m\u00e1s largo antes de ponerlas definitivamente por escrito. Entretanto cuatro de los padres mencionados, Antonio Portail, Juan Dehorgny, Lamberto aux Couteaux y Renato Alm\u00e9ras, fueron delegados para estudiar y examinar conmigo estas reglas con mayor diligencia y madurez.<\/p>\n<p>Pero para dar finalmente la \u00faltima mano a una obra tan necesaria y tan \u00fatil para nuestra congregaci\u00f3n, celebramos otra asamblea el d\u00eda I de julio del presente ano 1651 con algunos superiores de nuestras casas y algunos otros padres que nos parecieron m\u00e1s experimentados en nuestro g\u00e9nero de vida, a saber: Renato Alm\u00e9ras, superior de la casa de Roma, Esteban Blatiron, superior de la casa de G\u00e9nova, Antonio Lucas, superior de la casa de Le Mans, Lamberto aux Couteaux, superior de la casa de Richelieu, Gilberto Cuissot, superior de la casa de Cahors, Francisco Grimaldi, superior de la casa de Agen, Luis Thibault, superior de la casa de Saint-M\u00e9en, de la di\u00f3cesis de Saint-Malo, Juan Bautista Le Gros, superior de la casa del peque\u00f1o San L\u00e1zaro, Antonio Portail, Juan B\u00e9cu, Juan Dehorgny, Juan Bautista Gilles y Pedro du Chesne, presb\u00edteros todos ellos de nuestra congregaci\u00f3n, con los que revisamos y examinamos con inter\u00e9s y diligencia dichas reglas y constituciones, y hemos juzgado con su consejo, tal como juzgamos en el Se\u00f1or por las presentes, que son conformes con nuestro g\u00e9nero de vida, con el fin y prop\u00f3sito de nuestra congregaci\u00f3n y con las dem\u00e1s condiciones requeridas en la mencionada bula, que han estado acomodadas a nuestra pr\u00e1ctica durante m\u00e1s de veinticinco a\u00f1os, y que en consecuencia pueden ser presentadas al ilustr\u00edsimo se\u00f1or arzobispo de Par\u00eds para su aprobaci\u00f3n, a tenor de la bula mencionada.<\/p>\n<p>Por todo lo cual, debidamente aconsejado por los anteriores, hemos cre\u00eddo necesario suplicar a dicho ilustr\u00edsimo se\u00f1or arzobispo con toda la humildad, reverencia e insistencia que nos sea posible, como lo hacemos por las presentes, que se digne aprobar con su autoridad y con su benevolencia paternal, que tantas veces hemos experimentado, estas reglas y constituciones, tanto comunes como particulares, para que de esta manera puedan gozar de la robustez de la inviolable firmeza apost\u00f3lica. Y rezaremos como siempre a Dios nuestro Se\u00f1or que sea \u00e9l su gran recompensa.<\/p>\n<p>En fe de lo cual hemos firmado las presentes con nuestra propia mano todos los mencionados presb\u00edteros convocados para esta asamblea de dicha congregaci\u00f3n.<\/p>\n<p>En San L\u00e1zaro, en los suburbios de Paris, el d\u00eda tercero antes de los idus de agosto del a\u00f1o 1651.<\/p>\n<p>Vicente de Pa\u00fal, indigno superior general de la Congregaci\u00f3n de la Misi\u00f3n, A. Portail, Esteban Blatiron, Gilberto Cuissot, Luis Thibault, Renato Alm\u00e9ras, Juan Dehorgny, Juan B\u00e9cu, Lamberto aux Couteaux, Antonio Lucas, Francisco Grimal. Pedro du Chesne, Juan Bautista Gilles.<\/p>\n","protected":false},"excerpt":{"rendered":"<p>11 agosto 1651 El que suscribe, Vicente de Pa\u00fal, superior general de la congregaci\u00f3n de la Misi\u00f3n, atendiendo a que nuestro Sant\u00edsimo Padre el Papa Urbano VIII de feliz memoria quiso concederme en la bula &#8230; <a href=\"http:\/\/vincentians.com\/es\/vicente-de-paul-documento-172-aprobacion-de-las-reglas-de-la-congregacion-de-la-mision-por-la-asamblea-general-de-1651\/\" class=\"more-link\">Read More<\/a><\/p>\n","protected":false},"author":4,"featured_media":393753,"comment_status":"open","ping_status":"open","sticky":false,"template":"","format":"standard","meta":{"jetpack_post_was_ever_published":false,"_jetpack_newsletter_access":"","_jetpack_dont_email_post_to_subs":false,"_jetpack_newsletter_tier_id":0,"_jetpack_memberships_contains_paywalled_content":false,"_jetpack_memberships_contains_paid_content":false,"footnotes":"","jetpack_publicize_message":"","jetpack_publicize_feature_enabled":true,"jetpack_social_post_already_shared":true,"jetpack_social_options":{"image_generator_settings":{"template":"highway","default_image_id":0,"font":"","enabled":false},"version":2}},"categories":[65],"tags":[156,163,126,150,124,144,127,143,129],"class_list":["post-23657","post","type-post","status-publish","format-standard","has-post-thumbnail","hentry","category-escritos-de-vicente-de-paul","tag-blatiron","tag-bons-enfants","tag-dehorgny","tag-du-chesne","tag-du-coudray","tag-lambert","tag-portail","tag-san-lazaro","tag-urbano-viii"],"yoast_head":"<!-- This site is optimized with the Yoast SEO plugin v26.3 - https:\/\/yoast.com\/wordpress\/plugins\/seo\/ -->\n<title>Vicente de Pa\u00fal, Documento 172: Aprobaci\u00f3n De Las Reglas De La Congregaci\u00f3n De La Misi\u00f3n Por La Asamblea General De 1651 - Somos Vicencianos<\/title>\n<meta name=\"robots\" content=\"index, follow, max-snippet:-1, max-image-preview:large, max-video-preview:-1\" \/>\n<link rel=\"canonical\" href=\"http:\/\/vincentians.com\/es\/vicente-de-paul-documento-172-aprobacion-de-las-reglas-de-la-congregacion-de-la-mision-por-la-asamblea-general-de-1651\/\" \/>\n<meta property=\"og:locale\" content=\"es_ES\" \/>\n<meta property=\"og:type\" content=\"article\" \/>\n<meta property=\"og:title\" content=\"Vicente de Pa\u00fal, Documento 172: Aprobaci\u00f3n De Las Reglas De La Congregaci\u00f3n De La Misi\u00f3n Por La Asamblea General De 1651 - Somos Vicencianos\" \/>\n<meta property=\"og:description\" content=\"11 agosto 1651 El que suscribe, Vicente de Pa\u00fal, superior general de la congregaci\u00f3n de la Misi\u00f3n, atendiendo a que nuestro Sant\u00edsimo Padre el Papa Urbano VIII de feliz memoria quiso concederme en la bula ... Read More\" \/>\n<meta property=\"og:url\" content=\"http:\/\/vincentians.com\/es\/vicente-de-paul-documento-172-aprobacion-de-las-reglas-de-la-congregacion-de-la-mision-por-la-asamblea-general-de-1651\/\" \/>\n<meta property=\"og:site_name\" content=\"Somos Vicencianos\" \/>\n<meta property=\"article:publisher\" content=\"https:\/\/www.facebook.com\/WeAreVincentians\/\" \/>\n<meta property=\"article:author\" content=\"https:\/\/www.facebook.com\/JavierChento\" \/>\n<meta property=\"article:published_time\" content=\"2010-05-29T08:22:10+00:00\" \/>\n<meta property=\"article:modified_time\" content=\"2016-07-26T17:50:53+00:00\" \/>\n<meta property=\"og:image\" content=\"https:\/\/i0.wp.com\/vincentians.com\/es\/wp-content\/uploads\/sites\/11\/2016\/07\/escritos-vicente-de-paul.jpg?fit=1200%2C630\" \/>\n\t<meta property=\"og:image:width\" content=\"1200\" \/>\n\t<meta property=\"og:image:height\" content=\"630\" \/>\n\t<meta property=\"og:image:type\" content=\"image\/jpeg\" \/>\n<meta name=\"author\" content=\"Francisco Javier Fern\u00e1ndez Chento\" \/>\n<meta name=\"twitter:card\" content=\"summary_large_image\" \/>\n<meta name=\"twitter:creator\" content=\"@https:\/\/twitter.com\/javierchento\" \/>\n<meta name=\"twitter:site\" content=\"@WeVincentians\" \/>\n<meta name=\"twitter:label1\" content=\"Escrito por\" \/>\n\t<meta name=\"twitter:data1\" content=\"Francisco Javier Fern\u00e1ndez Chento\" \/>\n\t<meta name=\"twitter:label2\" content=\"Tiempo de lectura\" \/>\n\t<meta name=\"twitter:data2\" content=\"4 minutos\" \/>\n<script type=\"application\/ld+json\" class=\"yoast-schema-graph\">{\"@context\":\"https:\/\/schema.org\",\"@graph\":[{\"@type\":\"Article\",\"@id\":\"http:\/\/vincentians.com\/es\/vicente-de-paul-documento-172-aprobacion-de-las-reglas-de-la-congregacion-de-la-mision-por-la-asamblea-general-de-1651\/#article\",\"isPartOf\":{\"@id\":\"http:\/\/vincentians.com\/es\/vicente-de-paul-documento-172-aprobacion-de-las-reglas-de-la-congregacion-de-la-mision-por-la-asamblea-general-de-1651\/\"},\"author\":{\"name\":\"Francisco Javier Fern\u00e1ndez Chento\",\"@id\":\"http:\/\/vincentians.com\/es\/#\/schema\/person\/9623ef4d9aa3b2dfb8c061f1499288f2\"},\"headline\":\"Vicente de Pa\u00fal, Documento 172: Aprobaci\u00f3n De Las Reglas De La Congregaci\u00f3n De La Misi\u00f3n Por La Asamblea General De 1651\",\"datePublished\":\"2010-05-29T08:22:10+00:00\",\"dateModified\":\"2016-07-26T17:50:53+00:00\",\"mainEntityOfPage\":{\"@id\":\"http:\/\/vincentians.com\/es\/vicente-de-paul-documento-172-aprobacion-de-las-reglas-de-la-congregacion-de-la-mision-por-la-asamblea-general-de-1651\/\"},\"wordCount\":847,\"commentCount\":0,\"publisher\":{\"@id\":\"http:\/\/vincentians.com\/es\/#organization\"},\"image\":{\"@id\":\"http:\/\/vincentians.com\/es\/vicente-de-paul-documento-172-aprobacion-de-las-reglas-de-la-congregacion-de-la-mision-por-la-asamblea-general-de-1651\/#primaryimage\"},\"thumbnailUrl\":\"https:\/\/i0.wp.com\/vincentians.com\/es\/wp-content\/uploads\/sites\/11\/2016\/07\/escritos-vicente-de-paul.jpg?fit=1200%2C630\",\"keywords\":[\"Blatiron\",\"Bons Enfants\",\"Dehorgny\",\"Du Chesne\",\"Du Coudray\",\"Lambert\",\"Portail\",\"San L\u00e1zaro\",\"Urbano VIII\"],\"articleSection\":[\"Escritos de Vicente de Pa\u00fal\"],\"inLanguage\":\"es\",\"potentialAction\":[{\"@type\":\"CommentAction\",\"name\":\"Comment\",\"target\":[\"http:\/\/vincentians.com\/es\/vicente-de-paul-documento-172-aprobacion-de-las-reglas-de-la-congregacion-de-la-mision-por-la-asamblea-general-de-1651\/#respond\"]}]},{\"@type\":\"WebPage\",\"@id\":\"http:\/\/vincentians.com\/es\/vicente-de-paul-documento-172-aprobacion-de-las-reglas-de-la-congregacion-de-la-mision-por-la-asamblea-general-de-1651\/\",\"url\":\"http:\/\/vincentians.com\/es\/vicente-de-paul-documento-172-aprobacion-de-las-reglas-de-la-congregacion-de-la-mision-por-la-asamblea-general-de-1651\/\",\"name\":\"Vicente de Pa\u00fal, Documento 172: Aprobaci\u00f3n De Las Reglas De La Congregaci\u00f3n De La Misi\u00f3n Por La Asamblea General De 1651 - Somos Vicencianos\",\"isPartOf\":{\"@id\":\"http:\/\/vincentians.com\/es\/#website\"},\"primaryImageOfPage\":{\"@id\":\"http:\/\/vincentians.com\/es\/vicente-de-paul-documento-172-aprobacion-de-las-reglas-de-la-congregacion-de-la-mision-por-la-asamblea-general-de-1651\/#primaryimage\"},\"image\":{\"@id\":\"http:\/\/vincentians.com\/es\/vicente-de-paul-documento-172-aprobacion-de-las-reglas-de-la-congregacion-de-la-mision-por-la-asamblea-general-de-1651\/#primaryimage\"},\"thumbnailUrl\":\"https:\/\/i0.wp.com\/vincentians.com\/es\/wp-content\/uploads\/sites\/11\/2016\/07\/escritos-vicente-de-paul.jpg?fit=1200%2C630\",\"datePublished\":\"2010-05-29T08:22:10+00:00\",\"dateModified\":\"2016-07-26T17:50:53+00:00\",\"breadcrumb\":{\"@id\":\"http:\/\/vincentians.com\/es\/vicente-de-paul-documento-172-aprobacion-de-las-reglas-de-la-congregacion-de-la-mision-por-la-asamblea-general-de-1651\/#breadcrumb\"},\"inLanguage\":\"es\",\"potentialAction\":[{\"@type\":\"ReadAction\",\"target\":[\"http:\/\/vincentians.com\/es\/vicente-de-paul-documento-172-aprobacion-de-las-reglas-de-la-congregacion-de-la-mision-por-la-asamblea-general-de-1651\/\"]}]},{\"@type\":\"ImageObject\",\"inLanguage\":\"es\",\"@id\":\"http:\/\/vincentians.com\/es\/vicente-de-paul-documento-172-aprobacion-de-las-reglas-de-la-congregacion-de-la-mision-por-la-asamblea-general-de-1651\/#primaryimage\",\"url\":\"https:\/\/i0.wp.com\/vincentians.com\/es\/wp-content\/uploads\/sites\/11\/2016\/07\/escritos-vicente-de-paul.jpg?fit=1200%2C630\",\"contentUrl\":\"https:\/\/i0.wp.com\/vincentians.com\/es\/wp-content\/uploads\/sites\/11\/2016\/07\/escritos-vicente-de-paul.jpg?fit=1200%2C630\",\"width\":1200,\"height\":630},{\"@type\":\"BreadcrumbList\",\"@id\":\"http:\/\/vincentians.com\/es\/vicente-de-paul-documento-172-aprobacion-de-las-reglas-de-la-congregacion-de-la-mision-por-la-asamblea-general-de-1651\/#breadcrumb\",\"itemListElement\":[{\"@type\":\"ListItem\",\"position\":1,\"name\":\"Portada\",\"item\":\"http:\/\/vincentians.com\/es\/\"},{\"@type\":\"ListItem\",\"position\":2,\"name\":\"Vicente de Pa\u00fal, Documento 172: Aprobaci\u00f3n De Las Reglas De La Congregaci\u00f3n De La Misi\u00f3n Por La Asamblea General De 1651\"}]},{\"@type\":\"WebSite\",\"@id\":\"http:\/\/vincentians.com\/es\/#website\",\"url\":\"http:\/\/vincentians.com\/es\/\",\"name\":\"Somos Vicencianos\",\"description\":\"Know more to serve more\",\"publisher\":{\"@id\":\"http:\/\/vincentians.com\/es\/#organization\"},\"potentialAction\":[{\"@type\":\"SearchAction\",\"target\":{\"@type\":\"EntryPoint\",\"urlTemplate\":\"http:\/\/vincentians.com\/es\/?s={search_term_string}\"},\"query-input\":{\"@type\":\"PropertyValueSpecification\",\"valueRequired\":true,\"valueName\":\"search_term_string\"}}],\"inLanguage\":\"es\"},{\"@type\":\"Organization\",\"@id\":\"http:\/\/vincentians.com\/es\/#organization\",\"name\":\"The Vincentian Network\",\"url\":\"http:\/\/vincentians.com\/es\/\",\"logo\":{\"@type\":\"ImageObject\",\"inLanguage\":\"es\",\"@id\":\"http:\/\/vincentians.com\/es\/#\/schema\/logo\/image\/\",\"url\":\"https:\/\/i1.wp.com\/vincentians.com\/es\/wp-content\/uploads\/sites\/11\/2016\/06\/Vincentian-Network-logo-big.png?fit=778%2C778\",\"contentUrl\":\"https:\/\/i1.wp.com\/vincentians.com\/es\/wp-content\/uploads\/sites\/11\/2016\/06\/Vincentian-Network-logo-big.png?fit=778%2C778\",\"width\":778,\"height\":778,\"caption\":\"The Vincentian Network\"},\"image\":{\"@id\":\"http:\/\/vincentians.com\/es\/#\/schema\/logo\/image\/\"},\"sameAs\":[\"https:\/\/www.facebook.com\/WeAreVincentians\/\",\"https:\/\/x.com\/WeVincentians\"]},{\"@type\":\"Person\",\"@id\":\"http:\/\/vincentians.com\/es\/#\/schema\/person\/9623ef4d9aa3b2dfb8c061f1499288f2\",\"name\":\"Francisco Javier Fern\u00e1ndez Chento\",\"image\":{\"@type\":\"ImageObject\",\"inLanguage\":\"es\",\"@id\":\"http:\/\/vincentians.com\/es\/#\/schema\/person\/image\/\",\"url\":\"https:\/\/secure.gravatar.com\/avatar\/497d5cde87b4c3d097d0315953521681ba2cd523ee66e5077c3711f7021e65de?s=96&d=mm&r=g\",\"contentUrl\":\"https:\/\/secure.gravatar.com\/avatar\/497d5cde87b4c3d097d0315953521681ba2cd523ee66e5077c3711f7021e65de?s=96&d=mm&r=g\",\"caption\":\"Francisco Javier Fern\u00e1ndez Chento\"},\"description\":\"Director General y cofundador de La Red de Formaci\u00f3n Vicenciana. Javier es laico vicenciano, afiliado a la Congregaci\u00f3n de la Misi\u00f3n y miembro del Equipo de Misiones Populares de la provincia can\u00f3nica de Zaragoza (Espa\u00f1a) de la Congregaci\u00f3n de la Misi\u00f3n. Graduado en la Universidad Oberta de Catalunya con cuatro grados (Asistente de direcci\u00f3n, Gesti\u00f3n Administrativa, Recursos Humanos y Contabilidad Avanzada). Bil\u00edng\u00fce Espa\u00f1ol\/Ingl\u00e9s. gestiona y mantiene varias p\u00e1ginas web cristianas y vicencianas, incluida including La Red de Formaci\u00f3n Vicenciana, de la que es cofundador. Actualmente es responsable del \u00e1rea de Espa\u00f1ol de .famvin, la Red de Noticias de la Familia Vicenciana. Tambi\u00e9n es m\u00fasico cat\u00f3lico y ha editado varios discos. Es Director General y cofundador de Trovador, una reconocida compa\u00f1\u00eda discogr\u00e1fica critiana de Espa\u00f1a. Trabaja en las Tecnolog\u00edas de la Informaci\u00f3n, ofreciendo servicios de alojamiento, dise\u00f1o y mantenimiento Web, as\u00ed como asesoramiento, formaci\u00f3n y soluciones inform\u00e1ticas, gesti\u00f3n documental y digitalizaci\u00f3n de textos, edici\u00f3n y maquetaci\u00f3n de libros, revistas, flyers, etc.\",\"sameAs\":[\"http:\/\/chento.org\",\"https:\/\/www.facebook.com\/JavierChento\",\"https:\/\/x.com\/https:\/\/twitter.com\/javierchento\"],\"url\":\"http:\/\/vincentians.com\/es\/author\/chento\/\"}]}<\/script>\n<!-- \/ Yoast SEO plugin. -->","yoast_head_json":{"title":"Vicente de Pa\u00fal, Documento 172: Aprobaci\u00f3n De Las Reglas De La Congregaci\u00f3n De La Misi\u00f3n Por La Asamblea General De 1651 - Somos Vicencianos","robots":{"index":"index","follow":"follow","max-snippet":"max-snippet:-1","max-image-preview":"max-image-preview:large","max-video-preview":"max-video-preview:-1"},"canonical":"http:\/\/vincentians.com\/es\/vicente-de-paul-documento-172-aprobacion-de-las-reglas-de-la-congregacion-de-la-mision-por-la-asamblea-general-de-1651\/","og_locale":"es_ES","og_type":"article","og_title":"Vicente de Pa\u00fal, Documento 172: Aprobaci\u00f3n De Las Reglas De La Congregaci\u00f3n De La Misi\u00f3n Por La Asamblea General De 1651 - Somos Vicencianos","og_description":"11 agosto 1651 El que suscribe, Vicente de Pa\u00fal, superior general de la congregaci\u00f3n de la Misi\u00f3n, atendiendo a que nuestro Sant\u00edsimo Padre el Papa Urbano VIII de feliz memoria quiso concederme en la bula ... Read More","og_url":"http:\/\/vincentians.com\/es\/vicente-de-paul-documento-172-aprobacion-de-las-reglas-de-la-congregacion-de-la-mision-por-la-asamblea-general-de-1651\/","og_site_name":"Somos Vicencianos","article_publisher":"https:\/\/www.facebook.com\/WeAreVincentians\/","article_author":"https:\/\/www.facebook.com\/JavierChento","article_published_time":"2010-05-29T08:22:10+00:00","article_modified_time":"2016-07-26T17:50:53+00:00","og_image":[{"width":1200,"height":630,"url":"https:\/\/i0.wp.com\/vincentians.com\/es\/wp-content\/uploads\/sites\/11\/2016\/07\/escritos-vicente-de-paul.jpg?fit=1200%2C630","type":"image\/jpeg"}],"author":"Francisco Javier Fern\u00e1ndez Chento","twitter_card":"summary_large_image","twitter_creator":"@https:\/\/twitter.com\/javierchento","twitter_site":"@WeVincentians","twitter_misc":{"Escrito por":"Francisco Javier Fern\u00e1ndez Chento","Tiempo de lectura":"4 minutos"},"schema":{"@context":"https:\/\/schema.org","@graph":[{"@type":"Article","@id":"http:\/\/vincentians.com\/es\/vicente-de-paul-documento-172-aprobacion-de-las-reglas-de-la-congregacion-de-la-mision-por-la-asamblea-general-de-1651\/#article","isPartOf":{"@id":"http:\/\/vincentians.com\/es\/vicente-de-paul-documento-172-aprobacion-de-las-reglas-de-la-congregacion-de-la-mision-por-la-asamblea-general-de-1651\/"},"author":{"name":"Francisco Javier Fern\u00e1ndez Chento","@id":"http:\/\/vincentians.com\/es\/#\/schema\/person\/9623ef4d9aa3b2dfb8c061f1499288f2"},"headline":"Vicente de Pa\u00fal, Documento 172: Aprobaci\u00f3n De Las Reglas De La Congregaci\u00f3n De La Misi\u00f3n Por La Asamblea General De 1651","datePublished":"2010-05-29T08:22:10+00:00","dateModified":"2016-07-26T17:50:53+00:00","mainEntityOfPage":{"@id":"http:\/\/vincentians.com\/es\/vicente-de-paul-documento-172-aprobacion-de-las-reglas-de-la-congregacion-de-la-mision-por-la-asamblea-general-de-1651\/"},"wordCount":847,"commentCount":0,"publisher":{"@id":"http:\/\/vincentians.com\/es\/#organization"},"image":{"@id":"http:\/\/vincentians.com\/es\/vicente-de-paul-documento-172-aprobacion-de-las-reglas-de-la-congregacion-de-la-mision-por-la-asamblea-general-de-1651\/#primaryimage"},"thumbnailUrl":"https:\/\/i0.wp.com\/vincentians.com\/es\/wp-content\/uploads\/sites\/11\/2016\/07\/escritos-vicente-de-paul.jpg?fit=1200%2C630","keywords":["Blatiron","Bons Enfants","Dehorgny","Du Chesne","Du Coudray","Lambert","Portail","San L\u00e1zaro","Urbano VIII"],"articleSection":["Escritos de Vicente de Pa\u00fal"],"inLanguage":"es","potentialAction":[{"@type":"CommentAction","name":"Comment","target":["http:\/\/vincentians.com\/es\/vicente-de-paul-documento-172-aprobacion-de-las-reglas-de-la-congregacion-de-la-mision-por-la-asamblea-general-de-1651\/#respond"]}]},{"@type":"WebPage","@id":"http:\/\/vincentians.com\/es\/vicente-de-paul-documento-172-aprobacion-de-las-reglas-de-la-congregacion-de-la-mision-por-la-asamblea-general-de-1651\/","url":"http:\/\/vincentians.com\/es\/vicente-de-paul-documento-172-aprobacion-de-las-reglas-de-la-congregacion-de-la-mision-por-la-asamblea-general-de-1651\/","name":"Vicente de Pa\u00fal, Documento 172: Aprobaci\u00f3n De Las Reglas De La Congregaci\u00f3n De La Misi\u00f3n Por La Asamblea General De 1651 - Somos Vicencianos","isPartOf":{"@id":"http:\/\/vincentians.com\/es\/#website"},"primaryImageOfPage":{"@id":"http:\/\/vincentians.com\/es\/vicente-de-paul-documento-172-aprobacion-de-las-reglas-de-la-congregacion-de-la-mision-por-la-asamblea-general-de-1651\/#primaryimage"},"image":{"@id":"http:\/\/vincentians.com\/es\/vicente-de-paul-documento-172-aprobacion-de-las-reglas-de-la-congregacion-de-la-mision-por-la-asamblea-general-de-1651\/#primaryimage"},"thumbnailUrl":"https:\/\/i0.wp.com\/vincentians.com\/es\/wp-content\/uploads\/sites\/11\/2016\/07\/escritos-vicente-de-paul.jpg?fit=1200%2C630","datePublished":"2010-05-29T08:22:10+00:00","dateModified":"2016-07-26T17:50:53+00:00","breadcrumb":{"@id":"http:\/\/vincentians.com\/es\/vicente-de-paul-documento-172-aprobacion-de-las-reglas-de-la-congregacion-de-la-mision-por-la-asamblea-general-de-1651\/#breadcrumb"},"inLanguage":"es","potentialAction":[{"@type":"ReadAction","target":["http:\/\/vincentians.com\/es\/vicente-de-paul-documento-172-aprobacion-de-las-reglas-de-la-congregacion-de-la-mision-por-la-asamblea-general-de-1651\/"]}]},{"@type":"ImageObject","inLanguage":"es","@id":"http:\/\/vincentians.com\/es\/vicente-de-paul-documento-172-aprobacion-de-las-reglas-de-la-congregacion-de-la-mision-por-la-asamblea-general-de-1651\/#primaryimage","url":"https:\/\/i0.wp.com\/vincentians.com\/es\/wp-content\/uploads\/sites\/11\/2016\/07\/escritos-vicente-de-paul.jpg?fit=1200%2C630","contentUrl":"https:\/\/i0.wp.com\/vincentians.com\/es\/wp-content\/uploads\/sites\/11\/2016\/07\/escritos-vicente-de-paul.jpg?fit=1200%2C630","width":1200,"height":630},{"@type":"BreadcrumbList","@id":"http:\/\/vincentians.com\/es\/vicente-de-paul-documento-172-aprobacion-de-las-reglas-de-la-congregacion-de-la-mision-por-la-asamblea-general-de-1651\/#breadcrumb","itemListElement":[{"@type":"ListItem","position":1,"name":"Portada","item":"http:\/\/vincentians.com\/es\/"},{"@type":"ListItem","position":2,"name":"Vicente de Pa\u00fal, Documento 172: Aprobaci\u00f3n De Las Reglas De La Congregaci\u00f3n De La Misi\u00f3n Por La Asamblea General De 1651"}]},{"@type":"WebSite","@id":"http:\/\/vincentians.com\/es\/#website","url":"http:\/\/vincentians.com\/es\/","name":"Somos Vicencianos","description":"Know more to serve more","publisher":{"@id":"http:\/\/vincentians.com\/es\/#organization"},"potentialAction":[{"@type":"SearchAction","target":{"@type":"EntryPoint","urlTemplate":"http:\/\/vincentians.com\/es\/?s={search_term_string}"},"query-input":{"@type":"PropertyValueSpecification","valueRequired":true,"valueName":"search_term_string"}}],"inLanguage":"es"},{"@type":"Organization","@id":"http:\/\/vincentians.com\/es\/#organization","name":"The Vincentian Network","url":"http:\/\/vincentians.com\/es\/","logo":{"@type":"ImageObject","inLanguage":"es","@id":"http:\/\/vincentians.com\/es\/#\/schema\/logo\/image\/","url":"https:\/\/i1.wp.com\/vincentians.com\/es\/wp-content\/uploads\/sites\/11\/2016\/06\/Vincentian-Network-logo-big.png?fit=778%2C778","contentUrl":"https:\/\/i1.wp.com\/vincentians.com\/es\/wp-content\/uploads\/sites\/11\/2016\/06\/Vincentian-Network-logo-big.png?fit=778%2C778","width":778,"height":778,"caption":"The Vincentian Network"},"image":{"@id":"http:\/\/vincentians.com\/es\/#\/schema\/logo\/image\/"},"sameAs":["https:\/\/www.facebook.com\/WeAreVincentians\/","https:\/\/x.com\/WeVincentians"]},{"@type":"Person","@id":"http:\/\/vincentians.com\/es\/#\/schema\/person\/9623ef4d9aa3b2dfb8c061f1499288f2","name":"Francisco Javier Fern\u00e1ndez Chento","image":{"@type":"ImageObject","inLanguage":"es","@id":"http:\/\/vincentians.com\/es\/#\/schema\/person\/image\/","url":"https:\/\/secure.gravatar.com\/avatar\/497d5cde87b4c3d097d0315953521681ba2cd523ee66e5077c3711f7021e65de?s=96&d=mm&r=g","contentUrl":"https:\/\/secure.gravatar.com\/avatar\/497d5cde87b4c3d097d0315953521681ba2cd523ee66e5077c3711f7021e65de?s=96&d=mm&r=g","caption":"Francisco Javier Fern\u00e1ndez Chento"},"description":"Director General y cofundador de La Red de Formaci\u00f3n Vicenciana. Javier es laico vicenciano, afiliado a la Congregaci\u00f3n de la Misi\u00f3n y miembro del Equipo de Misiones Populares de la provincia can\u00f3nica de Zaragoza (Espa\u00f1a) de la Congregaci\u00f3n de la Misi\u00f3n. Graduado en la Universidad Oberta de Catalunya con cuatro grados (Asistente de direcci\u00f3n, Gesti\u00f3n Administrativa, Recursos Humanos y Contabilidad Avanzada). Bil\u00edng\u00fce Espa\u00f1ol\/Ingl\u00e9s. gestiona y mantiene varias p\u00e1ginas web cristianas y vicencianas, incluida including La Red de Formaci\u00f3n Vicenciana, de la que es cofundador. Actualmente es responsable del \u00e1rea de Espa\u00f1ol de .famvin, la Red de Noticias de la Familia Vicenciana. Tambi\u00e9n es m\u00fasico cat\u00f3lico y ha editado varios discos. Es Director General y cofundador de Trovador, una reconocida compa\u00f1\u00eda discogr\u00e1fica critiana de Espa\u00f1a. Trabaja en las Tecnolog\u00edas de la Informaci\u00f3n, ofreciendo servicios de alojamiento, dise\u00f1o y mantenimiento Web, as\u00ed como asesoramiento, formaci\u00f3n y soluciones inform\u00e1ticas, gesti\u00f3n documental y digitalizaci\u00f3n de textos, edici\u00f3n y maquetaci\u00f3n de libros, revistas, flyers, etc.","sameAs":["http:\/\/chento.org","https:\/\/www.facebook.com\/JavierChento","https:\/\/x.com\/https:\/\/twitter.com\/javierchento"],"url":"http:\/\/vincentians.com\/es\/author\/chento\/"}]}},"jetpack_publicize_connections":[],"jetpack_featured_media_url":"https:\/\/i0.wp.com\/vincentians.com\/es\/wp-content\/uploads\/sites\/11\/2016\/07\/escritos-vicente-de-paul.jpg?fit=1200%2C630","jetpack_sharing_enabled":true,"jetpack_shortlink":"https:\/\/wp.me\/p7ETMF-69z","jetpack-related-posts":[{"id":125987,"url":"http:\/\/vincentians.com\/es\/un-documento-importante-al-papa-urbano-viii-1628\/","url_meta":{"origin":23657,"position":0},"title":"Un Documento importante: al Papa Urbano VIII (1628)","author":"Francisco Javier Fern\u00e1ndez Chento","date":"02\/12\/2013","format":false,"excerpt":"Vicente de Pa\u00fal, Superior de los Sacerdotes de la Misi\u00f3n fundada en Par\u00eds, Maestro Louis Callon, Doctor de la Sorbona, Antoine Portail, Fran\u00e7ois du Coudray, Jean de la Salle, Jean B\u00e9cu, Antoine Lucas, Joseph Brunet, y Jean Dehorgny de la di\u00f3cesis de Dax, Rouen, Arles, Amiens, Par\u00eds, Clermont, y Noyon\u2026","rel":"","context":"En \u00abDocumentos de la Congregaci\u00f3n de la Misi\u00f3n\u00bb","block_context":{"text":"Documentos de la Congregaci\u00f3n de la Misi\u00f3n","link":"http:\/\/vincentians.com\/es\/category\/formacion-vicenciana\/documentos-oficiales-de-la-familia-vicenciana\/documentos-de-la-congregacion-de-la-mision\/"},"img":{"alt_text":"ESCUDOCM","src":"https:\/\/i0.wp.com\/vicencianos.org\/wp-content\/2013\/09\/ESCUDOCM.jpg?resize=350%2C200","width":350,"height":200},"classes":[]},{"id":119820,"url":"http:\/\/vincentians.com\/es\/mision-e-identidad-de-la-congregacion-de-la-mision\/","url_meta":{"origin":23657,"position":1},"title":"Misi\u00f3n e identidad de la Congregaci\u00f3n de la Misi\u00f3n","author":"Francisco Javier Fern\u00e1ndez Chento","date":"29\/05\/2015","format":false,"excerpt":"I. Introducci\u00f3n: el movimiento misionero en el siglo XVII \"La expansi\u00f3n del cristianismo alcanz\u00f3 en el siglo XVII franc\u00e9s un vigor extraordinario que puede medirse especial\u00admente a trav\u00e9s de los informes de las misiones del interior o parroquiales. Estos informes permiten localizar a los \"margi\u00adnados\" del cristianismo, dirigir una mirada\u2026","rel":"","context":"En \u00abCongregaci\u00f3n de la Misi\u00f3n\u00bb","block_context":{"text":"Congregaci\u00f3n de la Misi\u00f3n","link":"http:\/\/vincentians.com\/es\/category\/la-familia-vicenciana\/ramas\/congregacion-de-la-mision\/"},"img":{"alt_text":"logocm","src":"https:\/\/i0.wp.com\/vicencianos.org\/wp-content\/2011\/12\/logocm-245x300.png?resize=350%2C200","width":350,"height":200},"classes":[]},{"id":131125,"url":"http:\/\/vincentians.com\/es\/la-congregacion-de-la-mision-don-de-dios-a-la-iglesia\/","url_meta":{"origin":23657,"position":2},"title":"La Congregaci\u00f3n de la Misi\u00f3n don de Dios a la Iglesia","author":"Francisco Javier Fern\u00e1ndez Chento","date":"19\/08\/2014","format":false,"excerpt":"Los Se\u00f1ores de Gondi... \"creyeron ser\u00eda de gran provecho para la salvaci\u00f3n de las almas y una obra agradable a Dios instituir una piadosa Congregaci\u00f3n de varones rectos e id\u00f3neos que se encargasen de la instrucci\u00f3n de los campesinos... Una vez tomada esta santa resoluci\u00f3n, el Padre Vicente, a quien\u2026","rel":"","context":"En \u00abEspiritualidad vicenciana\u00bb","block_context":{"text":"Espiritualidad vicenciana","link":"http:\/\/vincentians.com\/es\/category\/espiritualidad\/espiritualidad-vicenciana\/"},"img":{"alt_text":"espiritualidad","src":"https:\/\/i0.wp.com\/vicencianos.org\/wp-content\/2014\/07\/espiritualidad.jpg?resize=350%2C200","width":350,"height":200},"classes":[]},{"id":131838,"url":"http:\/\/vincentians.com\/es\/francois-watel-c-m-1651-1710-superior-general\/","url_meta":{"origin":23657,"position":3},"title":"Fran\u00e7ois Watel, C.M. (1651-1710) (Superior General)","author":"Mitxel Olabu\u00e9naga","date":"14\/12\/2014","format":false,"excerpt":"Fran\u00e7ois Watel sucedi\u00f3 al P. Nicolas Pierron en el gobierno de la CM despu\u00e9s de una asamblea general que sufri\u00f3 un retraso de tres d\u00edas debido a las tensiones nacionalistas entre italianos y franceses. Watel sali\u00f3 elegido a pesar de no estar entre la lista de los favoritos. Nace en\u2026","rel":"","context":"En \u00abBiograf\u00edas de Misioneros Pa\u00fales\u00bb","block_context":{"text":"Biograf\u00edas de Misioneros Pa\u00fales","link":"http:\/\/vincentians.com\/es\/category\/la-familia-vicenciana\/biografias-vicencianas\/biografias-de-misioneros-paules\/"},"img":{"alt_text":"","src":"https:\/\/i0.wp.com\/vincentians.com\/es\/wp-content\/uploads\/sites\/11\/2016\/07\/bio-cm.jpg?fit=1200%2C630&resize=350%2C200","width":350,"height":200,"srcset":"https:\/\/i0.wp.com\/vincentians.com\/es\/wp-content\/uploads\/sites\/11\/2016\/07\/bio-cm.jpg?fit=1200%2C630&resize=350%2C200 1x, https:\/\/i0.wp.com\/vincentians.com\/es\/wp-content\/uploads\/sites\/11\/2016\/07\/bio-cm.jpg?fit=1200%2C630&resize=525%2C300 1.5x, https:\/\/i0.wp.com\/vincentians.com\/es\/wp-content\/uploads\/sites\/11\/2016\/07\/bio-cm.jpg?fit=1200%2C630&resize=700%2C400 2x, https:\/\/i0.wp.com\/vincentians.com\/es\/wp-content\/uploads\/sites\/11\/2016\/07\/bio-cm.jpg?fit=1200%2C630&resize=1050%2C600 3x"},"classes":[]},{"id":117581,"url":"http:\/\/vincentians.com\/es\/he-sido-enviado-a-evangelizar-a-los-pobres\/","url_meta":{"origin":23657,"position":4},"title":"He sido enviado a evangelizar a los pobres","author":"Francisco Javier Fern\u00e1ndez Chento","date":"27\/05\/2015","format":false,"excerpt":"1.- Continuadores de la misi\u00f3n de Cristo S\u00ed, nuestro Se\u00f1or pide de nosotros que evangelicemos a los pobres: es lo que \u00e9l hizo y lo que quiere seguir haciendo por medio de nosotros (XI, 386). 1) El seguimiento de Cristo evangelizador de los pobres, fin de la Congre\u00adgaci\u00f3n (cf. C\u2026","rel":"","context":"En \u00abFormaci\u00f3n Vicenciana\u00bb","block_context":{"text":"Formaci\u00f3n Vicenciana","link":"http:\/\/vincentians.com\/es\/category\/formacion-vicenciana\/"},"img":{"alt_text":"St Vincent et Ste Louise recueillent des enfants","src":"https:\/\/i0.wp.com\/vicencianos.org\/wp-content\/2013\/02\/evangelizar_pobres-300x268.jpg?resize=350%2C200","width":350,"height":200},"classes":[]},{"id":125829,"url":"http:\/\/vincentians.com\/es\/san-vicente-de-paul-siervo-de-los-pobres-05\/","url_meta":{"origin":23657,"position":5},"title":"San Vicente de Pa\u00fal, siervo de los pobres (05)","author":"Francisco Javier Fern\u00e1ndez Chento","date":"30\/11\/2013","format":false,"excerpt":"V. La Congregaci\u00f3n de la Misi\u00f3n Los Bons-Enfants (1624) Todo el a\u00f1o 1623 estuvo dedicado a las misiones en\u00adtre los campesinos, los forzados y los feligreses. En medio de esta actividad sustanciosa y callada, al a\u00f1o siguiente Vicente vio su nombramiento de prior de Saint-Nicolas de Grosse Sauve. Es de\u2026","rel":"","context":"En \u00abVicente de Pa\u00fal\u00bb","block_context":{"text":"Vicente de Pa\u00fal","link":"http:\/\/vincentians.com\/es\/category\/la-familia-vicenciana\/fundadores\/vicente-de-paul\/"},"img":{"alt_text":"","src":"","width":0,"height":0},"classes":[]}],"_links":{"self":[{"href":"http:\/\/vincentians.com\/es\/wp-json\/wp\/v2\/posts\/23657","targetHints":{"allow":["GET"]}}],"collection":[{"href":"http:\/\/vincentians.com\/es\/wp-json\/wp\/v2\/posts"}],"about":[{"href":"http:\/\/vincentians.com\/es\/wp-json\/wp\/v2\/types\/post"}],"author":[{"embeddable":true,"href":"http:\/\/vincentians.com\/es\/wp-json\/wp\/v2\/users\/4"}],"replies":[{"embeddable":true,"href":"http:\/\/vincentians.com\/es\/wp-json\/wp\/v2\/comments?post=23657"}],"version-history":[{"count":0,"href":"http:\/\/vincentians.com\/es\/wp-json\/wp\/v2\/posts\/23657\/revisions"}],"wp:featuredmedia":[{"embeddable":true,"href":"http:\/\/vincentians.com\/es\/wp-json\/wp\/v2\/media\/393753"}],"wp:attachment":[{"href":"http:\/\/vincentians.com\/es\/wp-json\/wp\/v2\/media?parent=23657"}],"wp:term":[{"taxonomy":"category","embeddable":true,"href":"http:\/\/vincentians.com\/es\/wp-json\/wp\/v2\/categories?post=23657"},{"taxonomy":"post_tag","embeddable":true,"href":"http:\/\/vincentians.com\/es\/wp-json\/wp\/v2\/tags?post=23657"}],"curies":[{"name":"wp","href":"https:\/\/api.w.org\/{rel}","templated":true}]}}