{"id":23654,"date":"2010-05-27T10:21:57","date_gmt":"2010-05-27T08:21:57","guid":{"rendered":"http:\/\/somos.vicencianos.org\/blog\/2010\/05\/27\/vicente-de-paul-documento-170-acta-de-la-asamblea-celebrada-en-san-lazaro-en-1651\/"},"modified":"2016-07-26T19:50:53","modified_gmt":"2016-07-26T17:50:53","slug":"vicente-de-paul-documento-170-acta-de-la-asamblea-celebrada-en-san-lazaro-en-1651","status":"publish","type":"post","link":"http:\/\/vincentians.com\/es\/vicente-de-paul-documento-170-acta-de-la-asamblea-celebrada-en-san-lazaro-en-1651\/","title":{"rendered":"Vicente de Pa\u00fal, Documento 170: Acta De La Asamblea Celebrada En San L\u00e1zaro En 1651"},"content":{"rendered":"<p>El infrascrito, Vicente Depaul, superior general de la congregaci\u00f3n de la Misi\u00f3n, despu\u00e9s de haber trabajado varios a\u00f1os en redactar nuestras reglas en el mejor estado que nos ha sido posible, deseando finalmente darles la \u00faltima mano, convocado a unos cuantos superiores de nuestras casas y a otros m\u00e1s versados en las cosas de nuestro instituto, para recibir sus consejos sobre dichas reglas y sobre otros asuntos importantes para nuestra congregaci\u00f3n, a saber, los padres Renato Alm\u00e9ras, superior de la casa de Roma, Esteban Blatiron, superior de la casa de G\u00e9nova, Lamberto aux Couteaux, superior de la casa de Richelieu, Antonio Lucas, superior de la casa de Le Mans, Gilberto Cuissot, superior de la casa de Cahors, Luis Thibault, superior de la casa de Saint-M\u00e9en en la di\u00f3cesis de Saint-Malo, Francisco Grimal, superior de la casa de Agen, Juan Bautista Le Gros, superior de la casa llamada peque\u00f1o San L\u00e1zaro, Antonio Portail, Juan B\u00e9cu, Juan Dehorgny, Pedro du Chesne, Juan Bautista Gilles, todos ellos sacerdotes de nuestra congregaci\u00f3n, con los que empezamos el d\u00eda 1 de julio del presente a\u00f1o de 1651 a tratar sobre nuestras reglas y sobre otros puntos, que hemos deseado sean redactados aqu\u00ed por escrito, junto con las resoluciones tomadas sobre ellos, para que sean firmadas por todos los susodichos.<\/p>\n<p>El primer punto fue sobre la dificultad que se nota en el uso de nuestros votos, que toda la asamblea ha estado de acuerdo en conservar. Y a fin de hacer que esta pr\u00e1ctica sea m\u00e1s aut\u00e9ntica, se ha resuelto buscar incesantemente su aprobaci\u00f3n por Su Santidad.<\/p>\n<p>El segundo punto fue estudiar si era conveniente se\u00f1alar alg\u00fan tiempo entre nosotros para dedicar a los sujetos al trabajo de las misiones, como ser\u00eda la edad de 50 \u00f3 60 a\u00f1os, despu\u00e9s de lo cual quedar\u00eda uno totalmente dispensado de dedicarse a las misiones, para poder trabajar en la direcci\u00f3n de los seminarios y en otras ocupaciones de la casa.<\/p>\n<p>Toda la asamblea estuvo de acuerdo en que no hab\u00eda que decidir nada sobre este punto, sino dejarlo todo a la discreci\u00f3n del superior general. La misma asamblea estuvo tambi\u00e9n conforme en que no se enviara tan pronto a los sacerdotes j\u00f3venes a los ejercicios de la misi\u00f3n, por varias razones.<\/p>\n<p>El tercer punto fue saber si no seria conveniente que en cada provincia de la congregaci\u00f3n hubiera dos o tres sacerdotes de la misma celadores de la salvaci\u00f3n de las almas y del trabajo de las misiones, que estuvieran continuamente ocupados en ellas sin detenerse en ninguna casa de la congregaci\u00f3n, \u00a0ni siquiera durante el intervalo ordinario de las misiones y de la cosecha, a no ser durante ocho o diez d\u00edas, en los que se dirigir\u00edan al sitio en que reside el provincial o el superior general, para hacer all\u00ed ejercicios espirituales y dar cuenta de su trabajo.<\/p>\n<p>Se opin\u00f3 que no hab\u00eda que neg\u00e1rselo a aquellos a los que Dios les diese este movimiento, con tal que tuvieran las debidas disposiciones f\u00edsicas y espirituales que requiere este trabajo.<\/p>\n<p>El cuarto punto fue sobre la regla de la elecci\u00f3n del superior general, que dice que \u00e9l se\u00f1alar\u00e1 por escrito dos nombres a la asamblea, entre las personas que juzgue m\u00e1s indicadas para sucederle, o si ser\u00eda mejor que no designara a nadie.<\/p>\n<p>La asamblea fue del parecer de que siguiere haci\u00e9ndose lo que dice la regla, a no ser que en el futuro se observasen en ellos demasiados inconvenientes.<\/p>\n<p>La quinta proposici\u00f3n fue si se deber\u00eda ligar a nuestra congregaci\u00f3n con un v\u00ednculo m\u00e1s estrecho a los se\u00f1ores eclesi\u00e1sticos de la conferencia de los martes.<\/p>\n<p>La asamblea opin\u00f3 que no, sino que se volviera a la antigua usanza de invitarles, lo mismo que a los seminaristas externos, a que vengan a la misi\u00f3n con nosotros; esta pr\u00e1ctica parece que se ha interrumpido desde hace alg\u00fan tiempo; pero que hay que hacer una buena elecci\u00f3n entre dichas personas.<\/p>\n<p>La s\u00e9ptima (sic) fue sobre la firmeza que debe tener la Compa\u00f1\u00eda, en el sacramento de la penitencia, a prop\u00f3sito de las restituciones, para no dar la absoluci\u00f3n m\u00e1s que despu\u00e9s de que los penitentes lo hayan remediado o efectivamente o mediante promesa y obligaci\u00f3n y por escrito. Fue opini\u00f3n com\u00fan que era muy conveniente obrar de esta manera.<\/p>\n<p>La octava, si hab\u00eda que seguir con la pr\u00e1ctica de tener en todas las misiones la predicaci\u00f3n de la ma\u00f1ana, el catecismo por la tarde y el catecismo mayor por la noche.<\/p>\n<p>Fue opini\u00f3n com\u00fan que, exceptuando a las misiones muy importantes, ser\u00eda conveniente recortar el catecismo de por la tarde, que podr\u00eda hacerse al atardecer, o solomezclando en \u00e9l algunas peque\u00f1as ense\u00f1anzas moraleso junto con el catecismo mayor, durante un cuarto de hora, sin subir al p\u00falpito y que, en ese caso, el que dirigiese el catecismo mayor no hablase m\u00e1s que durante media hora.<\/p>\n<p>La novena fue sobre la extensi\u00f3n de las predicaciones.<\/p>\n<p>Toda la asamblea estuvo de acuerdo en que de ordinario basta con tres cuartos de hora, y que es excesiva una hora, y que los superiores deber\u00edan procurar que se observase esto debidamente.<\/p>\n<p>La d\u00e9cima fue saber si hab\u00eda que cumplir lo que se determin\u00f3 en la \u00faltima asamblea del 20 de octubre de 1642, p\u00e1gina 10, a prop\u00f3sito del voto de no ambicionar cargo alguno en la congregaci\u00f3n, ni aspirar a alg\u00fan oficio o beneficio de fuera.<\/p>\n<p>La asamblea opin\u00f3 que hab\u00eda que observar lo que se indica en dicho art\u00edculo, pero sin que tengan que hacer ese voto todos los individuos de la congregaci\u00f3n, sino s\u00f3lo aquellos que el superior general juzgue capaces, con tal que sean sacerdotes, y esto despu\u00e9s de haber terminado el segundo seminario; dicho superior general podr\u00e1 sin embargo recibir ese voto antes del segundo seminario, con tal que hayan pasado al menos cuatro a\u00f1os desde el primer seminario. Tambi\u00e9n podr\u00e1 retras\u00e1rselo incluso a los que hayan hecho el \u00faltimo seminario, si lo cree conveniente y no los considera aptos para ello.<\/p>\n<p>La und\u00e9cima ha sido si hab\u00edamos de portarnos con nuestros hermanos con mayor mansedumbre.<\/p>\n<p>Se ha opinado que la mejor manera de tratarlos era hablarles con mansedumbre, pero con firmeza para que cumplan con su deber. Se ha resuelto que no se les d\u00e9 tan f\u00e1cilmente el h\u00e1bito negro, sino que habr\u00eda que contar siempre previamente con el permiso del superior general para hacerlo as\u00ed.<\/p>\n<p>La duod\u00e9cima ha sido si habr\u00eda que determinar algunas penitencias para ciertas faltas particulares.<\/p>\n<p>La asamblea juzg\u00f3 que era conveniente hacerlo as\u00ed y se ha indicado algo en un papel aparte, aunque todav\u00eda no se ha decidido nada.<\/p>\n<p>En decimotercer lugar, durante dos o tres sesiones, se ha pensado en los medios de mantener y perfeccionar cada vez m\u00e1s a la congregaci\u00f3n en gran caridad y uni\u00f3n; tambi\u00e9n se han se\u00f1alado esos medios en un papel aparte.<\/p>\n<p>Todo el resto del tiempo, hasta el d\u00eda 11 de agosto de dicho a\u00f1o, se trabaj\u00f3 en redactar las reglas de la mejor manera posible, levantando acta por la que todos reconocen que est\u00e1n como hemos dicho y desean se las presente al se\u00f1or arzobispo de Par\u00eds para su aprobaci\u00f3n. Y todos han firmado este acta.<\/p>\n<p>Hecho en San L\u00e1zaro el 11 de agosto de 1651.<\/p>\n<p>VICENTE DEPAUL, PORTAIL, FRANCISCO GRIMAL,<\/p>\n<p>LUIS THIBAULT, LAMBERTO AUX COUTEAUX,<\/p>\n<p>GILBERTO CUISSOT, PEDRO DU CHESNE<\/p>\n<p>A. LUCAS, ALM\u00c9RAS, J. B. GILLES J. B\u00c9CU<\/p>\n<p>Proposiciones presentadas al padre Vicente, superior general, en la asamblea celebrada en Par\u00eds en 1651, en el mes de agosto, para el buen gobierno de la congregaci\u00f3n, especialmente de la casa de San L\u00e1zaro, con sus respuestas 2.<\/p>\n<p>1. Convendr\u00eda nombrar un director de los escolares, para que los formara en la piedad, comunicaci\u00f3n interior y en hacer mejor sus estudios, y que los instruyere en la manera de predicar y de tener la catequesis con provecho.<\/p>\n<p>Se encargar\u00e1 de ello el padre subasistente, si es que no lo puede hacer el padre asistente.<\/p>\n<p>2. Los d\u00edas de fiesta y los domingos parece mejor retrasar la misa solemne hasta las ocho en vez de decirla inmediatamente despu\u00e9s de las horas.<\/p>\n<p>As\u00ed se ensayar\u00e1 durante alg\u00fan tiempo.<\/p>\n<p>3. Que dediquen alg\u00fan tiempo el superior y sus asistentes al examen de los seminaristas, en presencia de su director, examinando tambi\u00e9n el provecho de los alumnos en los estudios y en la disciplina, para conocer a los aventajados, para que los menos h\u00e1biles para ciencias superiores se dediquen a otras materias y para que otros, si se cree conveniente, salgan de la congregaci\u00f3n.<\/p>\n<p>El asistente atender\u00e1 cuanto antes al cumplimiento de estos tres art\u00edculos.<\/p>\n<p>4. Como no conviene que los escolares tengan tanta familiaridad y trato con los mayores de la congregaci\u00f3n, ver si conviene que los sacerdotes mayores intervengan en sus conversaciones diarias.<\/p>\n<p>Hay muchos inconvenientes en separar a los j\u00f3venes de los mayores. Es preciso que los mayores nos entreguemos a Dios para servir de ejemplo a la juventud. Sin embargo, se ensayar\u00e1 esta separaci\u00f3n, teniendo los mayores su conversaci\u00f3n aparte bajo la direcci\u00f3n de otro, que propondr\u00e1 el caso.<\/p>\n<p>5. Quiz\u00e1s ser\u00eda mejor para el provecho espiritual de los seminaristas, escolares y coadjutores renovar la pr\u00e1ctica antigua de la forma de hablar en p\u00fablico, cuando se ten\u00edan sermones m\u00e1s acomodados para ellos ante el director s\u00f3lo en las habitaciones del seminario y desde un p\u00falpito m\u00e1s bajo que ahora, en vez de emplear personas escogidas para predicar, en una habitaci\u00f3n m\u00e1s amplia y desde un p\u00falpito elevado.<\/p>\n<p>Me parece que ser\u00e1 conveniente hacer lo que dice este quinto art\u00edculo sobre la manera de predicar.<\/p>\n<p>6. Convendr\u00e1 emplear mayor cautela en cumplir con las obligaciones contra\u00eddas por la congregaci\u00f3n, especialmente con la fundaci\u00f3n del se\u00f1or Vivien 3, del se\u00f1or Calon 4\u00a0y otros, y que demostremos mayor gratitud con nuestros bienhechores.<\/p>\n<p>Es absolutamente necesario cumplir debidamente con estas fundaciones y entrar en el esp\u00edritu de una mayor gratitud con nuestros bienhechores.<\/p>\n<p>7. Parece que la congregaci\u00f3n est\u00e1 obligada, como testimonio de gratitud, a colocar en el aula de San L\u00e1zaro, entre los personajes ilustres, el cuadro del difunto se\u00f1or prior y poner en la iglesia un epitafio en su memoria.<\/p>\n<p>Le ruego al padre Portail que d\u00e9 las \u00f3rdenes oportunas para que se ejecute este art\u00edculo y los dem\u00e1s.<\/p>\n<p>8. Convendr\u00eda nombrar todas las semanas a alguno para que celebrase la misa por los fundadores y bienhechores.<\/p>\n<p>Le ruego lo mismo a prop\u00f3sito de la misa por los bienhechores.<\/p>\n<p>9. Cuando uno ha emprendido alguna gesti\u00f3n y es enviado a otro sitio por alguna necesidad, sin acabar esa gesti\u00f3n, parece justo que se encargue por escrito a otro de acabarla, por no haberlo hecho as\u00ed, han fracasado muchas buenas iniciativas.<\/p>\n<p>Habr\u00e1 que tener en cuenta la ejecuci\u00f3n de este art\u00edculo.<\/p>\n<p>10. Parece que no resultan tan \u00fatiles las conferencias espirituales por la noche, ser\u00eda mejor hacerlas en otro tiempo.<\/p>\n<p>Es muy dif\u00edcil encontrar los viernes una hora en San L\u00e1zaro para la conferencia, cuando pueda reunirse toda la Compa\u00f1\u00eda, a no ser despu\u00e9s de las preces de la noche; quiz\u00e1s sea m\u00e1s f\u00e1cil en otras casas. Los superiores particulares podr\u00e1n probar a hacerlo inmediatamente despu\u00e9s de las v\u00edsperas del viernes.<\/p>\n","protected":false},"excerpt":{"rendered":"<p>El infrascrito, Vicente Depaul, superior general de la congregaci\u00f3n de la Misi\u00f3n, despu\u00e9s de haber trabajado varios a\u00f1os en redactar nuestras reglas en el mejor estado que nos ha sido posible, deseando finalmente darles la &#8230; <a href=\"http:\/\/vincentians.com\/es\/vicente-de-paul-documento-170-acta-de-la-asamblea-celebrada-en-san-lazaro-en-1651\/\" class=\"more-link\">Read More<\/a><\/p>\n","protected":false},"author":4,"featured_media":393753,"comment_status":"open","ping_status":"open","sticky":false,"template":"","format":"standard","meta":{"jetpack_post_was_ever_published":false,"_jetpack_newsletter_access":"","_jetpack_dont_email_post_to_subs":false,"_jetpack_newsletter_tier_id":0,"_jetpack_memberships_contains_paywalled_content":false,"_jetpack_memberships_contains_paid_content":false,"footnotes":"","jetpack_publicize_message":"","jetpack_publicize_feature_enabled":true,"jetpack_social_post_already_shared":true,"jetpack_social_options":{"image_generator_settings":{"template":"highway","default_image_id":0,"font":"","enabled":false},"version":2}},"categories":[65],"tags":[156,126,150,144,127,143],"class_list":["post-23654","post","type-post","status-publish","format-standard","has-post-thumbnail","hentry","category-escritos-de-vicente-de-paul","tag-blatiron","tag-dehorgny","tag-du-chesne","tag-lambert","tag-portail","tag-san-lazaro"],"yoast_head":"<!-- This site is optimized with the Yoast SEO plugin v26.3 - https:\/\/yoast.com\/wordpress\/plugins\/seo\/ -->\n<title>Vicente de Pa\u00fal, Documento 170: Acta De La Asamblea Celebrada En San L\u00e1zaro En 1651 - Somos Vicencianos<\/title>\n<meta name=\"robots\" content=\"index, follow, max-snippet:-1, max-image-preview:large, max-video-preview:-1\" \/>\n<link rel=\"canonical\" href=\"http:\/\/vincentians.com\/es\/vicente-de-paul-documento-170-acta-de-la-asamblea-celebrada-en-san-lazaro-en-1651\/\" \/>\n<meta property=\"og:locale\" content=\"es_ES\" \/>\n<meta property=\"og:type\" content=\"article\" \/>\n<meta property=\"og:title\" content=\"Vicente de Pa\u00fal, Documento 170: Acta De La Asamblea Celebrada En San L\u00e1zaro En 1651 - Somos Vicencianos\" \/>\n<meta property=\"og:description\" content=\"El infrascrito, Vicente Depaul, superior general de la congregaci\u00f3n de la Misi\u00f3n, despu\u00e9s de haber trabajado varios a\u00f1os en redactar nuestras reglas en el mejor estado que nos ha sido posible, deseando finalmente darles la ... Read More\" \/>\n<meta property=\"og:url\" content=\"http:\/\/vincentians.com\/es\/vicente-de-paul-documento-170-acta-de-la-asamblea-celebrada-en-san-lazaro-en-1651\/\" \/>\n<meta property=\"og:site_name\" content=\"Somos Vicencianos\" \/>\n<meta property=\"article:publisher\" content=\"https:\/\/www.facebook.com\/WeAreVincentians\/\" \/>\n<meta property=\"article:author\" content=\"https:\/\/www.facebook.com\/JavierChento\" \/>\n<meta property=\"article:published_time\" content=\"2010-05-27T08:21:57+00:00\" \/>\n<meta property=\"article:modified_time\" content=\"2016-07-26T17:50:53+00:00\" \/>\n<meta property=\"og:image\" content=\"https:\/\/i0.wp.com\/vincentians.com\/es\/wp-content\/uploads\/sites\/11\/2016\/07\/escritos-vicente-de-paul.jpg?fit=1200%2C630\" \/>\n\t<meta property=\"og:image:width\" content=\"1200\" \/>\n\t<meta property=\"og:image:height\" content=\"630\" \/>\n\t<meta property=\"og:image:type\" content=\"image\/jpeg\" \/>\n<meta name=\"author\" content=\"Francisco Javier Fern\u00e1ndez Chento\" \/>\n<meta name=\"twitter:card\" content=\"summary_large_image\" \/>\n<meta name=\"twitter:creator\" content=\"@https:\/\/twitter.com\/javierchento\" \/>\n<meta name=\"twitter:site\" content=\"@WeVincentians\" \/>\n<meta name=\"twitter:label1\" content=\"Escrito por\" \/>\n\t<meta name=\"twitter:data1\" content=\"Francisco Javier Fern\u00e1ndez Chento\" \/>\n\t<meta name=\"twitter:label2\" content=\"Tiempo de lectura\" \/>\n\t<meta name=\"twitter:data2\" content=\"10 minutos\" \/>\n<script type=\"application\/ld+json\" class=\"yoast-schema-graph\">{\"@context\":\"https:\/\/schema.org\",\"@graph\":[{\"@type\":\"Article\",\"@id\":\"http:\/\/vincentians.com\/es\/vicente-de-paul-documento-170-acta-de-la-asamblea-celebrada-en-san-lazaro-en-1651\/#article\",\"isPartOf\":{\"@id\":\"http:\/\/vincentians.com\/es\/vicente-de-paul-documento-170-acta-de-la-asamblea-celebrada-en-san-lazaro-en-1651\/\"},\"author\":{\"name\":\"Francisco Javier Fern\u00e1ndez Chento\",\"@id\":\"http:\/\/vincentians.com\/es\/#\/schema\/person\/9623ef4d9aa3b2dfb8c061f1499288f2\"},\"headline\":\"Vicente de Pa\u00fal, Documento 170: Acta De La Asamblea Celebrada En San L\u00e1zaro En 1651\",\"datePublished\":\"2010-05-27T08:21:57+00:00\",\"dateModified\":\"2016-07-26T17:50:53+00:00\",\"mainEntityOfPage\":{\"@id\":\"http:\/\/vincentians.com\/es\/vicente-de-paul-documento-170-acta-de-la-asamblea-celebrada-en-san-lazaro-en-1651\/\"},\"wordCount\":2017,\"commentCount\":0,\"publisher\":{\"@id\":\"http:\/\/vincentians.com\/es\/#organization\"},\"image\":{\"@id\":\"http:\/\/vincentians.com\/es\/vicente-de-paul-documento-170-acta-de-la-asamblea-celebrada-en-san-lazaro-en-1651\/#primaryimage\"},\"thumbnailUrl\":\"https:\/\/i0.wp.com\/vincentians.com\/es\/wp-content\/uploads\/sites\/11\/2016\/07\/escritos-vicente-de-paul.jpg?fit=1200%2C630\",\"keywords\":[\"Blatiron\",\"Dehorgny\",\"Du Chesne\",\"Lambert\",\"Portail\",\"San L\u00e1zaro\"],\"articleSection\":[\"Escritos de Vicente de Pa\u00fal\"],\"inLanguage\":\"es\",\"potentialAction\":[{\"@type\":\"CommentAction\",\"name\":\"Comment\",\"target\":[\"http:\/\/vincentians.com\/es\/vicente-de-paul-documento-170-acta-de-la-asamblea-celebrada-en-san-lazaro-en-1651\/#respond\"]}]},{\"@type\":\"WebPage\",\"@id\":\"http:\/\/vincentians.com\/es\/vicente-de-paul-documento-170-acta-de-la-asamblea-celebrada-en-san-lazaro-en-1651\/\",\"url\":\"http:\/\/vincentians.com\/es\/vicente-de-paul-documento-170-acta-de-la-asamblea-celebrada-en-san-lazaro-en-1651\/\",\"name\":\"Vicente de Pa\u00fal, Documento 170: Acta De La Asamblea Celebrada En San L\u00e1zaro En 1651 - Somos Vicencianos\",\"isPartOf\":{\"@id\":\"http:\/\/vincentians.com\/es\/#website\"},\"primaryImageOfPage\":{\"@id\":\"http:\/\/vincentians.com\/es\/vicente-de-paul-documento-170-acta-de-la-asamblea-celebrada-en-san-lazaro-en-1651\/#primaryimage\"},\"image\":{\"@id\":\"http:\/\/vincentians.com\/es\/vicente-de-paul-documento-170-acta-de-la-asamblea-celebrada-en-san-lazaro-en-1651\/#primaryimage\"},\"thumbnailUrl\":\"https:\/\/i0.wp.com\/vincentians.com\/es\/wp-content\/uploads\/sites\/11\/2016\/07\/escritos-vicente-de-paul.jpg?fit=1200%2C630\",\"datePublished\":\"2010-05-27T08:21:57+00:00\",\"dateModified\":\"2016-07-26T17:50:53+00:00\",\"breadcrumb\":{\"@id\":\"http:\/\/vincentians.com\/es\/vicente-de-paul-documento-170-acta-de-la-asamblea-celebrada-en-san-lazaro-en-1651\/#breadcrumb\"},\"inLanguage\":\"es\",\"potentialAction\":[{\"@type\":\"ReadAction\",\"target\":[\"http:\/\/vincentians.com\/es\/vicente-de-paul-documento-170-acta-de-la-asamblea-celebrada-en-san-lazaro-en-1651\/\"]}]},{\"@type\":\"ImageObject\",\"inLanguage\":\"es\",\"@id\":\"http:\/\/vincentians.com\/es\/vicente-de-paul-documento-170-acta-de-la-asamblea-celebrada-en-san-lazaro-en-1651\/#primaryimage\",\"url\":\"https:\/\/i0.wp.com\/vincentians.com\/es\/wp-content\/uploads\/sites\/11\/2016\/07\/escritos-vicente-de-paul.jpg?fit=1200%2C630\",\"contentUrl\":\"https:\/\/i0.wp.com\/vincentians.com\/es\/wp-content\/uploads\/sites\/11\/2016\/07\/escritos-vicente-de-paul.jpg?fit=1200%2C630\",\"width\":1200,\"height\":630},{\"@type\":\"BreadcrumbList\",\"@id\":\"http:\/\/vincentians.com\/es\/vicente-de-paul-documento-170-acta-de-la-asamblea-celebrada-en-san-lazaro-en-1651\/#breadcrumb\",\"itemListElement\":[{\"@type\":\"ListItem\",\"position\":1,\"name\":\"Portada\",\"item\":\"http:\/\/vincentians.com\/es\/\"},{\"@type\":\"ListItem\",\"position\":2,\"name\":\"Vicente de Pa\u00fal, Documento 170: Acta De La Asamblea Celebrada En San L\u00e1zaro En 1651\"}]},{\"@type\":\"WebSite\",\"@id\":\"http:\/\/vincentians.com\/es\/#website\",\"url\":\"http:\/\/vincentians.com\/es\/\",\"name\":\"Somos Vicencianos\",\"description\":\"Know more to serve more\",\"publisher\":{\"@id\":\"http:\/\/vincentians.com\/es\/#organization\"},\"potentialAction\":[{\"@type\":\"SearchAction\",\"target\":{\"@type\":\"EntryPoint\",\"urlTemplate\":\"http:\/\/vincentians.com\/es\/?s={search_term_string}\"},\"query-input\":{\"@type\":\"PropertyValueSpecification\",\"valueRequired\":true,\"valueName\":\"search_term_string\"}}],\"inLanguage\":\"es\"},{\"@type\":\"Organization\",\"@id\":\"http:\/\/vincentians.com\/es\/#organization\",\"name\":\"The Vincentian Network\",\"url\":\"http:\/\/vincentians.com\/es\/\",\"logo\":{\"@type\":\"ImageObject\",\"inLanguage\":\"es\",\"@id\":\"http:\/\/vincentians.com\/es\/#\/schema\/logo\/image\/\",\"url\":\"https:\/\/i1.wp.com\/vincentians.com\/es\/wp-content\/uploads\/sites\/11\/2016\/06\/Vincentian-Network-logo-big.png?fit=778%2C778\",\"contentUrl\":\"https:\/\/i1.wp.com\/vincentians.com\/es\/wp-content\/uploads\/sites\/11\/2016\/06\/Vincentian-Network-logo-big.png?fit=778%2C778\",\"width\":778,\"height\":778,\"caption\":\"The Vincentian Network\"},\"image\":{\"@id\":\"http:\/\/vincentians.com\/es\/#\/schema\/logo\/image\/\"},\"sameAs\":[\"https:\/\/www.facebook.com\/WeAreVincentians\/\",\"https:\/\/x.com\/WeVincentians\"]},{\"@type\":\"Person\",\"@id\":\"http:\/\/vincentians.com\/es\/#\/schema\/person\/9623ef4d9aa3b2dfb8c061f1499288f2\",\"name\":\"Francisco Javier Fern\u00e1ndez Chento\",\"image\":{\"@type\":\"ImageObject\",\"inLanguage\":\"es\",\"@id\":\"http:\/\/vincentians.com\/es\/#\/schema\/person\/image\/\",\"url\":\"https:\/\/secure.gravatar.com\/avatar\/497d5cde87b4c3d097d0315953521681ba2cd523ee66e5077c3711f7021e65de?s=96&d=mm&r=g\",\"contentUrl\":\"https:\/\/secure.gravatar.com\/avatar\/497d5cde87b4c3d097d0315953521681ba2cd523ee66e5077c3711f7021e65de?s=96&d=mm&r=g\",\"caption\":\"Francisco Javier Fern\u00e1ndez Chento\"},\"description\":\"Director General y cofundador de La Red de Formaci\u00f3n Vicenciana. Javier es laico vicenciano, afiliado a la Congregaci\u00f3n de la Misi\u00f3n y miembro del Equipo de Misiones Populares de la provincia can\u00f3nica de Zaragoza (Espa\u00f1a) de la Congregaci\u00f3n de la Misi\u00f3n. Graduado en la Universidad Oberta de Catalunya con cuatro grados (Asistente de direcci\u00f3n, Gesti\u00f3n Administrativa, Recursos Humanos y Contabilidad Avanzada). Bil\u00edng\u00fce Espa\u00f1ol\/Ingl\u00e9s. gestiona y mantiene varias p\u00e1ginas web cristianas y vicencianas, incluida including La Red de Formaci\u00f3n Vicenciana, de la que es cofundador. Actualmente es responsable del \u00e1rea de Espa\u00f1ol de .famvin, la Red de Noticias de la Familia Vicenciana. Tambi\u00e9n es m\u00fasico cat\u00f3lico y ha editado varios discos. Es Director General y cofundador de Trovador, una reconocida compa\u00f1\u00eda discogr\u00e1fica critiana de Espa\u00f1a. Trabaja en las Tecnolog\u00edas de la Informaci\u00f3n, ofreciendo servicios de alojamiento, dise\u00f1o y mantenimiento Web, as\u00ed como asesoramiento, formaci\u00f3n y soluciones inform\u00e1ticas, gesti\u00f3n documental y digitalizaci\u00f3n de textos, edici\u00f3n y maquetaci\u00f3n de libros, revistas, flyers, etc.\",\"sameAs\":[\"http:\/\/chento.org\",\"https:\/\/www.facebook.com\/JavierChento\",\"https:\/\/x.com\/https:\/\/twitter.com\/javierchento\"],\"url\":\"http:\/\/vincentians.com\/es\/author\/chento\/\"}]}<\/script>\n<!-- \/ Yoast SEO plugin. -->","yoast_head_json":{"title":"Vicente de Pa\u00fal, Documento 170: Acta De La Asamblea Celebrada En San L\u00e1zaro En 1651 - Somos Vicencianos","robots":{"index":"index","follow":"follow","max-snippet":"max-snippet:-1","max-image-preview":"max-image-preview:large","max-video-preview":"max-video-preview:-1"},"canonical":"http:\/\/vincentians.com\/es\/vicente-de-paul-documento-170-acta-de-la-asamblea-celebrada-en-san-lazaro-en-1651\/","og_locale":"es_ES","og_type":"article","og_title":"Vicente de Pa\u00fal, Documento 170: Acta De La Asamblea Celebrada En San L\u00e1zaro En 1651 - Somos Vicencianos","og_description":"El infrascrito, Vicente Depaul, superior general de la congregaci\u00f3n de la Misi\u00f3n, despu\u00e9s de haber trabajado varios a\u00f1os en redactar nuestras reglas en el mejor estado que nos ha sido posible, deseando finalmente darles la ... Read More","og_url":"http:\/\/vincentians.com\/es\/vicente-de-paul-documento-170-acta-de-la-asamblea-celebrada-en-san-lazaro-en-1651\/","og_site_name":"Somos Vicencianos","article_publisher":"https:\/\/www.facebook.com\/WeAreVincentians\/","article_author":"https:\/\/www.facebook.com\/JavierChento","article_published_time":"2010-05-27T08:21:57+00:00","article_modified_time":"2016-07-26T17:50:53+00:00","og_image":[{"width":1200,"height":630,"url":"https:\/\/i0.wp.com\/vincentians.com\/es\/wp-content\/uploads\/sites\/11\/2016\/07\/escritos-vicente-de-paul.jpg?fit=1200%2C630","type":"image\/jpeg"}],"author":"Francisco Javier Fern\u00e1ndez Chento","twitter_card":"summary_large_image","twitter_creator":"@https:\/\/twitter.com\/javierchento","twitter_site":"@WeVincentians","twitter_misc":{"Escrito por":"Francisco Javier Fern\u00e1ndez Chento","Tiempo de lectura":"10 minutos"},"schema":{"@context":"https:\/\/schema.org","@graph":[{"@type":"Article","@id":"http:\/\/vincentians.com\/es\/vicente-de-paul-documento-170-acta-de-la-asamblea-celebrada-en-san-lazaro-en-1651\/#article","isPartOf":{"@id":"http:\/\/vincentians.com\/es\/vicente-de-paul-documento-170-acta-de-la-asamblea-celebrada-en-san-lazaro-en-1651\/"},"author":{"name":"Francisco Javier Fern\u00e1ndez Chento","@id":"http:\/\/vincentians.com\/es\/#\/schema\/person\/9623ef4d9aa3b2dfb8c061f1499288f2"},"headline":"Vicente de Pa\u00fal, Documento 170: Acta De La Asamblea Celebrada En San L\u00e1zaro En 1651","datePublished":"2010-05-27T08:21:57+00:00","dateModified":"2016-07-26T17:50:53+00:00","mainEntityOfPage":{"@id":"http:\/\/vincentians.com\/es\/vicente-de-paul-documento-170-acta-de-la-asamblea-celebrada-en-san-lazaro-en-1651\/"},"wordCount":2017,"commentCount":0,"publisher":{"@id":"http:\/\/vincentians.com\/es\/#organization"},"image":{"@id":"http:\/\/vincentians.com\/es\/vicente-de-paul-documento-170-acta-de-la-asamblea-celebrada-en-san-lazaro-en-1651\/#primaryimage"},"thumbnailUrl":"https:\/\/i0.wp.com\/vincentians.com\/es\/wp-content\/uploads\/sites\/11\/2016\/07\/escritos-vicente-de-paul.jpg?fit=1200%2C630","keywords":["Blatiron","Dehorgny","Du Chesne","Lambert","Portail","San L\u00e1zaro"],"articleSection":["Escritos de Vicente de Pa\u00fal"],"inLanguage":"es","potentialAction":[{"@type":"CommentAction","name":"Comment","target":["http:\/\/vincentians.com\/es\/vicente-de-paul-documento-170-acta-de-la-asamblea-celebrada-en-san-lazaro-en-1651\/#respond"]}]},{"@type":"WebPage","@id":"http:\/\/vincentians.com\/es\/vicente-de-paul-documento-170-acta-de-la-asamblea-celebrada-en-san-lazaro-en-1651\/","url":"http:\/\/vincentians.com\/es\/vicente-de-paul-documento-170-acta-de-la-asamblea-celebrada-en-san-lazaro-en-1651\/","name":"Vicente de Pa\u00fal, Documento 170: Acta De La Asamblea Celebrada En San L\u00e1zaro En 1651 - Somos Vicencianos","isPartOf":{"@id":"http:\/\/vincentians.com\/es\/#website"},"primaryImageOfPage":{"@id":"http:\/\/vincentians.com\/es\/vicente-de-paul-documento-170-acta-de-la-asamblea-celebrada-en-san-lazaro-en-1651\/#primaryimage"},"image":{"@id":"http:\/\/vincentians.com\/es\/vicente-de-paul-documento-170-acta-de-la-asamblea-celebrada-en-san-lazaro-en-1651\/#primaryimage"},"thumbnailUrl":"https:\/\/i0.wp.com\/vincentians.com\/es\/wp-content\/uploads\/sites\/11\/2016\/07\/escritos-vicente-de-paul.jpg?fit=1200%2C630","datePublished":"2010-05-27T08:21:57+00:00","dateModified":"2016-07-26T17:50:53+00:00","breadcrumb":{"@id":"http:\/\/vincentians.com\/es\/vicente-de-paul-documento-170-acta-de-la-asamblea-celebrada-en-san-lazaro-en-1651\/#breadcrumb"},"inLanguage":"es","potentialAction":[{"@type":"ReadAction","target":["http:\/\/vincentians.com\/es\/vicente-de-paul-documento-170-acta-de-la-asamblea-celebrada-en-san-lazaro-en-1651\/"]}]},{"@type":"ImageObject","inLanguage":"es","@id":"http:\/\/vincentians.com\/es\/vicente-de-paul-documento-170-acta-de-la-asamblea-celebrada-en-san-lazaro-en-1651\/#primaryimage","url":"https:\/\/i0.wp.com\/vincentians.com\/es\/wp-content\/uploads\/sites\/11\/2016\/07\/escritos-vicente-de-paul.jpg?fit=1200%2C630","contentUrl":"https:\/\/i0.wp.com\/vincentians.com\/es\/wp-content\/uploads\/sites\/11\/2016\/07\/escritos-vicente-de-paul.jpg?fit=1200%2C630","width":1200,"height":630},{"@type":"BreadcrumbList","@id":"http:\/\/vincentians.com\/es\/vicente-de-paul-documento-170-acta-de-la-asamblea-celebrada-en-san-lazaro-en-1651\/#breadcrumb","itemListElement":[{"@type":"ListItem","position":1,"name":"Portada","item":"http:\/\/vincentians.com\/es\/"},{"@type":"ListItem","position":2,"name":"Vicente de Pa\u00fal, Documento 170: Acta De La Asamblea Celebrada En San L\u00e1zaro En 1651"}]},{"@type":"WebSite","@id":"http:\/\/vincentians.com\/es\/#website","url":"http:\/\/vincentians.com\/es\/","name":"Somos Vicencianos","description":"Know more to serve more","publisher":{"@id":"http:\/\/vincentians.com\/es\/#organization"},"potentialAction":[{"@type":"SearchAction","target":{"@type":"EntryPoint","urlTemplate":"http:\/\/vincentians.com\/es\/?s={search_term_string}"},"query-input":{"@type":"PropertyValueSpecification","valueRequired":true,"valueName":"search_term_string"}}],"inLanguage":"es"},{"@type":"Organization","@id":"http:\/\/vincentians.com\/es\/#organization","name":"The Vincentian Network","url":"http:\/\/vincentians.com\/es\/","logo":{"@type":"ImageObject","inLanguage":"es","@id":"http:\/\/vincentians.com\/es\/#\/schema\/logo\/image\/","url":"https:\/\/i1.wp.com\/vincentians.com\/es\/wp-content\/uploads\/sites\/11\/2016\/06\/Vincentian-Network-logo-big.png?fit=778%2C778","contentUrl":"https:\/\/i1.wp.com\/vincentians.com\/es\/wp-content\/uploads\/sites\/11\/2016\/06\/Vincentian-Network-logo-big.png?fit=778%2C778","width":778,"height":778,"caption":"The Vincentian Network"},"image":{"@id":"http:\/\/vincentians.com\/es\/#\/schema\/logo\/image\/"},"sameAs":["https:\/\/www.facebook.com\/WeAreVincentians\/","https:\/\/x.com\/WeVincentians"]},{"@type":"Person","@id":"http:\/\/vincentians.com\/es\/#\/schema\/person\/9623ef4d9aa3b2dfb8c061f1499288f2","name":"Francisco Javier Fern\u00e1ndez Chento","image":{"@type":"ImageObject","inLanguage":"es","@id":"http:\/\/vincentians.com\/es\/#\/schema\/person\/image\/","url":"https:\/\/secure.gravatar.com\/avatar\/497d5cde87b4c3d097d0315953521681ba2cd523ee66e5077c3711f7021e65de?s=96&d=mm&r=g","contentUrl":"https:\/\/secure.gravatar.com\/avatar\/497d5cde87b4c3d097d0315953521681ba2cd523ee66e5077c3711f7021e65de?s=96&d=mm&r=g","caption":"Francisco Javier Fern\u00e1ndez Chento"},"description":"Director General y cofundador de La Red de Formaci\u00f3n Vicenciana. Javier es laico vicenciano, afiliado a la Congregaci\u00f3n de la Misi\u00f3n y miembro del Equipo de Misiones Populares de la provincia can\u00f3nica de Zaragoza (Espa\u00f1a) de la Congregaci\u00f3n de la Misi\u00f3n. Graduado en la Universidad Oberta de Catalunya con cuatro grados (Asistente de direcci\u00f3n, Gesti\u00f3n Administrativa, Recursos Humanos y Contabilidad Avanzada). Bil\u00edng\u00fce Espa\u00f1ol\/Ingl\u00e9s. gestiona y mantiene varias p\u00e1ginas web cristianas y vicencianas, incluida including La Red de Formaci\u00f3n Vicenciana, de la que es cofundador. Actualmente es responsable del \u00e1rea de Espa\u00f1ol de .famvin, la Red de Noticias de la Familia Vicenciana. Tambi\u00e9n es m\u00fasico cat\u00f3lico y ha editado varios discos. Es Director General y cofundador de Trovador, una reconocida compa\u00f1\u00eda discogr\u00e1fica critiana de Espa\u00f1a. Trabaja en las Tecnolog\u00edas de la Informaci\u00f3n, ofreciendo servicios de alojamiento, dise\u00f1o y mantenimiento Web, as\u00ed como asesoramiento, formaci\u00f3n y soluciones inform\u00e1ticas, gesti\u00f3n documental y digitalizaci\u00f3n de textos, edici\u00f3n y maquetaci\u00f3n de libros, revistas, flyers, etc.","sameAs":["http:\/\/chento.org","https:\/\/www.facebook.com\/JavierChento","https:\/\/x.com\/https:\/\/twitter.com\/javierchento"],"url":"http:\/\/vincentians.com\/es\/author\/chento\/"}]}},"jetpack_publicize_connections":[],"jetpack_featured_media_url":"https:\/\/i0.wp.com\/vincentians.com\/es\/wp-content\/uploads\/sites\/11\/2016\/07\/escritos-vicente-de-paul.jpg?fit=1200%2C630","jetpack_sharing_enabled":true,"jetpack_shortlink":"https:\/\/wp.me\/p7ETMF-69w","jetpack-related-posts":[{"id":117477,"url":"http:\/\/vincentians.com\/es\/vicente-de-paul-carta-1062-a-esteban-blatiron-superior-en-genova\/","url_meta":{"origin":23654,"position":0},"title":"Vicente de Pa\u00fal, Carta 1062: A Esteban Blatiron, Superior, En G\u00e9nova","author":"Francisco Javier Fern\u00e1ndez Chento","date":"25\/01\/2013","format":false,"excerpt":"14 febrero 1648. Las gracias que Dios derrama sobre sus trabajos son obra de su pura misericordia y no de nuestras pobres oraciones; somos unos pobres hombres, m\u00e1s capaces de apartar sus bendiciones que de atraerlas. Doy gracias a su divina bondad por el celo y la fidelidad que le\u2026","rel":"","context":"En \u00abEscritos de Vicente de Pa\u00fal\u00bb","block_context":{"text":"Escritos de Vicente de Pa\u00fal","link":"http:\/\/vincentians.com\/es\/category\/escritos\/escritos-de-vicente-de-paul\/"},"img":{"alt_text":"","src":"https:\/\/i0.wp.com\/vincentians.com\/es\/wp-content\/uploads\/sites\/11\/2016\/07\/escritos-vicente-de-paul.jpg?fit=1200%2C630&resize=350%2C200","width":350,"height":200,"srcset":"https:\/\/i0.wp.com\/vincentians.com\/es\/wp-content\/uploads\/sites\/11\/2016\/07\/escritos-vicente-de-paul.jpg?fit=1200%2C630&resize=350%2C200 1x, https:\/\/i0.wp.com\/vincentians.com\/es\/wp-content\/uploads\/sites\/11\/2016\/07\/escritos-vicente-de-paul.jpg?fit=1200%2C630&resize=525%2C300 1.5x, https:\/\/i0.wp.com\/vincentians.com\/es\/wp-content\/uploads\/sites\/11\/2016\/07\/escritos-vicente-de-paul.jpg?fit=1200%2C630&resize=700%2C400 2x, https:\/\/i0.wp.com\/vincentians.com\/es\/wp-content\/uploads\/sites\/11\/2016\/07\/escritos-vicente-de-paul.jpg?fit=1200%2C630&resize=1050%2C600 3x"},"classes":[]},{"id":142638,"url":"http:\/\/vincentians.com\/es\/vicente-de-paul-carta-1310-a-esteban-blatiron-superior-de-genova\/","url_meta":{"origin":23654,"position":1},"title":"Vicente de Pa\u00fal, Carta 1310: A Esteban Blatiron, Superior De G\u00e9nova","author":"Francisco Javier Fern\u00e1ndez Chento","date":"08\/04\/2015","format":false,"excerpt":"2 de septiembre de 1650 Temo que, si empieza usted a presentar cuentas, se seguir\u00e1 haciendo as\u00ed y que luego el se\u00f1or cardenal y el arzobispo que le suceda, al ver que as\u00ed lo ha hecho, le obligue a continuar; y es eso precisamente lo que hay que evitar por\u2026","rel":"","context":"En \u00abEscritos de Vicente de Pa\u00fal\u00bb","block_context":{"text":"Escritos de Vicente de Pa\u00fal","link":"http:\/\/vincentians.com\/es\/category\/escritos\/escritos-de-vicente-de-paul\/"},"img":{"alt_text":"","src":"https:\/\/i0.wp.com\/vincentians.com\/es\/wp-content\/uploads\/sites\/11\/2016\/07\/escritos-vicente-de-paul.jpg?fit=1200%2C630&resize=350%2C200","width":350,"height":200,"srcset":"https:\/\/i0.wp.com\/vincentians.com\/es\/wp-content\/uploads\/sites\/11\/2016\/07\/escritos-vicente-de-paul.jpg?fit=1200%2C630&resize=350%2C200 1x, https:\/\/i0.wp.com\/vincentians.com\/es\/wp-content\/uploads\/sites\/11\/2016\/07\/escritos-vicente-de-paul.jpg?fit=1200%2C630&resize=525%2C300 1.5x, https:\/\/i0.wp.com\/vincentians.com\/es\/wp-content\/uploads\/sites\/11\/2016\/07\/escritos-vicente-de-paul.jpg?fit=1200%2C630&resize=700%2C400 2x, https:\/\/i0.wp.com\/vincentians.com\/es\/wp-content\/uploads\/sites\/11\/2016\/07\/escritos-vicente-de-paul.jpg?fit=1200%2C630&resize=1050%2C600 3x"},"classes":[]},{"id":129364,"url":"http:\/\/vincentians.com\/es\/vicente-de-paul-carta-1223-a-esteban-blatiron-superior-de-genova\/","url_meta":{"origin":23654,"position":2},"title":"Vicente de Pa\u00fal, Carta 1223: A Esteban Blatiron, Superior de G\u00e9nova","author":"Francisco Javier Fern\u00e1ndez Chento","date":"06\/02\/2014","format":false,"excerpt":"D\u00eda \u00faltimo del a\u00f1o 1649. Me parece que su viaje a Roma encontrar\u00eda dificultades si lo emprendiese usted en la situaci\u00f3n actual de sus asuntos; por eso le ordeno que lo retrase, si lo juzga usted conveniente. Sus compa\u00f1eros tienen raz\u00f3n al desearlo tambi\u00e9n as\u00ed, pero han obrado mal en\u2026","rel":"","context":"En \u00abEscritos de Vicente de Pa\u00fal\u00bb","block_context":{"text":"Escritos de Vicente de Pa\u00fal","link":"http:\/\/vincentians.com\/es\/category\/escritos\/escritos-de-vicente-de-paul\/"},"img":{"alt_text":"","src":"https:\/\/i0.wp.com\/vincentians.com\/es\/wp-content\/uploads\/sites\/11\/2016\/07\/escritos-vicente-de-paul.jpg?fit=1200%2C630&resize=350%2C200","width":350,"height":200,"srcset":"https:\/\/i0.wp.com\/vincentians.com\/es\/wp-content\/uploads\/sites\/11\/2016\/07\/escritos-vicente-de-paul.jpg?fit=1200%2C630&resize=350%2C200 1x, https:\/\/i0.wp.com\/vincentians.com\/es\/wp-content\/uploads\/sites\/11\/2016\/07\/escritos-vicente-de-paul.jpg?fit=1200%2C630&resize=525%2C300 1.5x, https:\/\/i0.wp.com\/vincentians.com\/es\/wp-content\/uploads\/sites\/11\/2016\/07\/escritos-vicente-de-paul.jpg?fit=1200%2C630&resize=700%2C400 2x, https:\/\/i0.wp.com\/vincentians.com\/es\/wp-content\/uploads\/sites\/11\/2016\/07\/escritos-vicente-de-paul.jpg?fit=1200%2C630&resize=1050%2C600 3x"},"classes":[]},{"id":23657,"url":"http:\/\/vincentians.com\/es\/vicente-de-paul-documento-172-aprobacion-de-las-reglas-de-la-congregacion-de-la-mision-por-la-asamblea-general-de-1651\/","url_meta":{"origin":23654,"position":3},"title":"Vicente de Pa\u00fal, Documento 172: Aprobaci\u00f3n De Las Reglas De La Congregaci\u00f3n De La Misi\u00f3n Por La Asamblea General De 1651","author":"Francisco Javier Fern\u00e1ndez Chento","date":"29\/05\/2010","format":false,"excerpt":"11 agosto 1651 El que suscribe, Vicente de Pa\u00fal, superior general de la congregaci\u00f3n de la Misi\u00f3n, atendiendo a que nuestro Sant\u00edsimo Padre el Papa Urbano VIII de feliz memoria quiso concederme en la bula de erecci\u00f3n de nuestra Congregaci\u00f3n la facultad de establecer todas las normas y estatutos referentes\u2026","rel":"","context":"En \u00abEscritos de Vicente de Pa\u00fal\u00bb","block_context":{"text":"Escritos de Vicente de Pa\u00fal","link":"http:\/\/vincentians.com\/es\/category\/escritos\/escritos-de-vicente-de-paul\/"},"img":{"alt_text":"","src":"https:\/\/i0.wp.com\/vincentians.com\/es\/wp-content\/uploads\/sites\/11\/2016\/07\/escritos-vicente-de-paul.jpg?fit=1200%2C630&resize=350%2C200","width":350,"height":200,"srcset":"https:\/\/i0.wp.com\/vincentians.com\/es\/wp-content\/uploads\/sites\/11\/2016\/07\/escritos-vicente-de-paul.jpg?fit=1200%2C630&resize=350%2C200 1x, https:\/\/i0.wp.com\/vincentians.com\/es\/wp-content\/uploads\/sites\/11\/2016\/07\/escritos-vicente-de-paul.jpg?fit=1200%2C630&resize=525%2C300 1.5x, https:\/\/i0.wp.com\/vincentians.com\/es\/wp-content\/uploads\/sites\/11\/2016\/07\/escritos-vicente-de-paul.jpg?fit=1200%2C630&resize=700%2C400 2x, https:\/\/i0.wp.com\/vincentians.com\/es\/wp-content\/uploads\/sites\/11\/2016\/07\/escritos-vicente-de-paul.jpg?fit=1200%2C630&resize=1050%2C600 3x"},"classes":[]},{"id":126864,"url":"http:\/\/vincentians.com\/es\/vicente-de-paul-carta-1194-al-padre-francisco-blanchart\/","url_meta":{"origin":23654,"position":4},"title":"Vicente de Pa\u00fal, Carta 1194: Al Padre Francisco Blanchart","author":"Francisco Javier Fern\u00e1ndez Chento","date":"04\/01\/2014","format":false,"excerpt":"San L\u00e1zaro, d\u00eda de San Jer\u00f3nimo 1649 Mi reverendo padre: Es portador de la presente el se\u00f1or de Saint-Paul, religioso de su santa orden y hermano del se\u00f1or de La Bourlerie, subgobernador del rey, que desea pasar un mes en casa de ustedes, para ver sus santas costumbres y practicar\u2026","rel":"","context":"En \u00abEscritos de Vicente de Pa\u00fal\u00bb","block_context":{"text":"Escritos de Vicente de Pa\u00fal","link":"http:\/\/vincentians.com\/es\/category\/escritos\/escritos-de-vicente-de-paul\/"},"img":{"alt_text":"","src":"https:\/\/i0.wp.com\/vincentians.com\/es\/wp-content\/uploads\/sites\/11\/2016\/07\/escritos-vicente-de-paul.jpg?fit=1200%2C630&resize=350%2C200","width":350,"height":200,"srcset":"https:\/\/i0.wp.com\/vincentians.com\/es\/wp-content\/uploads\/sites\/11\/2016\/07\/escritos-vicente-de-paul.jpg?fit=1200%2C630&resize=350%2C200 1x, https:\/\/i0.wp.com\/vincentians.com\/es\/wp-content\/uploads\/sites\/11\/2016\/07\/escritos-vicente-de-paul.jpg?fit=1200%2C630&resize=525%2C300 1.5x, https:\/\/i0.wp.com\/vincentians.com\/es\/wp-content\/uploads\/sites\/11\/2016\/07\/escritos-vicente-de-paul.jpg?fit=1200%2C630&resize=700%2C400 2x, https:\/\/i0.wp.com\/vincentians.com\/es\/wp-content\/uploads\/sites\/11\/2016\/07\/escritos-vicente-de-paul.jpg?fit=1200%2C630&resize=1050%2C600 3x"},"classes":[]},{"id":113450,"url":"http:\/\/vincentians.com\/es\/vicente-de-paul-carta-0985-esteban-blatiron-superior-en-genova-a-san-vicente\/","url_meta":{"origin":23654,"position":5},"title":"Vicente de Pa\u00fal, Carta 0985: Esteban Blatiron, Superior En G\u00e9nova, A San Vicente","author":"Francisco Javier Fern\u00e1ndez Chento","date":"20\/10\/2012","format":false,"excerpt":"6 mayo 1647 Ya hemos regresado de la misi\u00f3n de... Comprend\u00eda cinco parroquias, aparte de la asistencia de otras vecinas. Ha habido un gran n\u00famero de conversiones y confesiones generales, a pesar de la dureza del pueblo, que era muy dif\u00edcil de conmover, hasta el punto de que casi nos\u2026","rel":"","context":"En \u00abEscritos de Vicente de Pa\u00fal\u00bb","block_context":{"text":"Escritos de Vicente de Pa\u00fal","link":"http:\/\/vincentians.com\/es\/category\/escritos\/escritos-de-vicente-de-paul\/"},"img":{"alt_text":"","src":"https:\/\/i0.wp.com\/vincentians.com\/es\/wp-content\/uploads\/sites\/11\/2016\/07\/escritos-vicente-de-paul.jpg?fit=1200%2C630&resize=350%2C200","width":350,"height":200,"srcset":"https:\/\/i0.wp.com\/vincentians.com\/es\/wp-content\/uploads\/sites\/11\/2016\/07\/escritos-vicente-de-paul.jpg?fit=1200%2C630&resize=350%2C200 1x, https:\/\/i0.wp.com\/vincentians.com\/es\/wp-content\/uploads\/sites\/11\/2016\/07\/escritos-vicente-de-paul.jpg?fit=1200%2C630&resize=525%2C300 1.5x, https:\/\/i0.wp.com\/vincentians.com\/es\/wp-content\/uploads\/sites\/11\/2016\/07\/escritos-vicente-de-paul.jpg?fit=1200%2C630&resize=700%2C400 2x, https:\/\/i0.wp.com\/vincentians.com\/es\/wp-content\/uploads\/sites\/11\/2016\/07\/escritos-vicente-de-paul.jpg?fit=1200%2C630&resize=1050%2C600 3x"},"classes":[]}],"_links":{"self":[{"href":"http:\/\/vincentians.com\/es\/wp-json\/wp\/v2\/posts\/23654","targetHints":{"allow":["GET"]}}],"collection":[{"href":"http:\/\/vincentians.com\/es\/wp-json\/wp\/v2\/posts"}],"about":[{"href":"http:\/\/vincentians.com\/es\/wp-json\/wp\/v2\/types\/post"}],"author":[{"embeddable":true,"href":"http:\/\/vincentians.com\/es\/wp-json\/wp\/v2\/users\/4"}],"replies":[{"embeddable":true,"href":"http:\/\/vincentians.com\/es\/wp-json\/wp\/v2\/comments?post=23654"}],"version-history":[{"count":0,"href":"http:\/\/vincentians.com\/es\/wp-json\/wp\/v2\/posts\/23654\/revisions"}],"wp:featuredmedia":[{"embeddable":true,"href":"http:\/\/vincentians.com\/es\/wp-json\/wp\/v2\/media\/393753"}],"wp:attachment":[{"href":"http:\/\/vincentians.com\/es\/wp-json\/wp\/v2\/media?parent=23654"}],"wp:term":[{"taxonomy":"category","embeddable":true,"href":"http:\/\/vincentians.com\/es\/wp-json\/wp\/v2\/categories?post=23654"},{"taxonomy":"post_tag","embeddable":true,"href":"http:\/\/vincentians.com\/es\/wp-json\/wp\/v2\/tags?post=23654"}],"curies":[{"name":"wp","href":"https:\/\/api.w.org\/{rel}","templated":true}]}}