{"id":23649,"date":"2010-05-22T10:21:43","date_gmt":"2010-05-22T08:21:43","guid":{"rendered":"http:\/\/somos.vicencianos.org\/blog\/2010\/05\/22\/vicente-de-paul-documento-165-obediencia-para-varios-sacerdotes-y-hermanos-de-la-mision-enviados-a-diversas-casas\/"},"modified":"2016-07-26T19:50:54","modified_gmt":"2016-07-26T17:50:54","slug":"vicente-de-paul-documento-165-obediencia-para-varios-sacerdotes-y-hermanos-de-la-mision-enviados-a-diversas-casas","status":"publish","type":"post","link":"http:\/\/vincentians.com\/es\/vicente-de-paul-documento-165-obediencia-para-varios-sacerdotes-y-hermanos-de-la-mision-enviados-a-diversas-casas\/","title":{"rendered":"Vicente de Pa\u00fal, Documento 165: Obediencia Para Varios Sacerdotes Y Hermanos De La Misi\u00f3n Enviados A Diversas Casas"},"content":{"rendered":"<p>5 abril 1648<\/p>\n<p>Vicente de Pa\u00fal, superior general de la congregaci\u00f3n de la Misi\u00f3n, a nuestros queridos hermanos en Cristo Juan Jacobo Mugnier y Gabriel Damiens, sacerdotes, Pascasio Blondel, Miguel Doutrelet, Edmundo Jolly, Francisco Pinson, Manuel Chardon, Santiago Pesnelle y Miguel Giroud, cl\u00e9rigos, y Roberto Coutieu, Renato Champion y Juan Duchesne, coadjutores, todos ellos de nuestra congregaci\u00f3n, salud en el Se\u00f1or.<\/p>\n<p>Como, debido a nuestro cargo, nos toca enviar a las casas de nuestra Congregaci\u00f3n los operarios que necesitan, sabiendo que en nuestras casas que hay en Italia y en Marsella son necesarios algunos padres, cl\u00e9rigos y hermanos y confiando en vuestra capacidad, rectitud y suficiencia, os enviamos a esos lugares en virtud de las presentes, a saber: a Juan Jacobo Mugnier a nuestra casa de Marsella, a Roberto Coutieu, coadjutor, a nuestra casa de G\u00e9nova, y a los dem\u00e1s anteriormente mencionados, el sacerdote Gabriel Damiens, los siete cl\u00e9rigos y los otros dos coadjutores, a Roma, para que en cada una de dichas casas permanezc\u00e1is bajo la obediencia de los superiores que haya en ellas seg\u00fan las reglas de nuestro instituto. Por lo cual mandamos tambi\u00e9n a los superiores de esas casas que os reciban benignamente y os cuenten entre las personas que les hemos confiado.<\/p>\n<p>Adem\u00e1s, debidamente informados de la piedad y capacidad de&#8230; 1. Paussin, sacerdote, que ha residido durante varios meses en nuestro seminario de Bons-Enfants, erigido en Par\u00eds, y que llevado del celo de las almas nos ha pedido permiso para dirigirse a Marsella para ayudar a los condenados a galeras, lo enviamos tambi\u00e9n con vosotros para dicha obra.<\/p>\n<p>Finalmente rogamos encarecidamente a nuestros se\u00f1ores prelados, p\u00e1rrocos y dem\u00e1s superiores de iglesias que permitan celebrar misa en sus iglesias a los que sois sacerdotes y administrar los sacramentos a vuestros compa\u00f1eros, const\u00e1ndoles de que est\u00e1is libres de toda censura eclesi\u00e1stica. Rogamos igualmente en el Se\u00f1or a todos los pr\u00edncipes, virreyes, gobernadores de fronteras y ciudades, guardias de puertos mar\u00edtimos y dem\u00e1s personas a quienes pertenezca, que os den permiso para ir y venir por sus tierras, provincias y puertos con seguridad y libertad y os concedan su favor por amor a aquel que es Rey de reyes y Se\u00f1or de los que dominan, a quien elevamos nuestras devotas preces por su felicidad y por la prosperidad de nuestra congregacion.<\/p>\n<p>En fe de lo cual firmamos las presentes por nuestra propia mano y las sellamos con nuestro sello.<\/p>\n<p>Dado en Par\u00eds, el d\u00eda de las nonas de abril de 1648.<\/p>\n<p>VICENTE DEPAUL<\/p>\n<p>superior general de la congregaci\u00f3n de la Misi\u00f3n<\/p>\n","protected":false},"excerpt":{"rendered":"<p>5 abril 1648 Vicente de Pa\u00fal, superior general de la congregaci\u00f3n de la Misi\u00f3n, a nuestros queridos hermanos en Cristo Juan Jacobo Mugnier y Gabriel Damiens, sacerdotes, Pascasio Blondel, Miguel Doutrelet, Edmundo Jolly, Francisco Pinson, &#8230; <a href=\"http:\/\/vincentians.com\/es\/vicente-de-paul-documento-165-obediencia-para-varios-sacerdotes-y-hermanos-de-la-mision-enviados-a-diversas-casas\/\" class=\"more-link\">Read More<\/a><\/p>\n","protected":false},"author":4,"featured_media":393753,"comment_status":"open","ping_status":"open","sticky":false,"template":"","format":"standard","meta":{"jetpack_post_was_ever_published":false,"_jetpack_newsletter_access":"","_jetpack_dont_email_post_to_subs":false,"_jetpack_newsletter_tier_id":0,"_jetpack_memberships_contains_paywalled_content":false,"_jetpack_memberships_contains_paid_content":false,"footnotes":"","jetpack_publicize_message":"","jetpack_publicize_feature_enabled":true,"jetpack_social_post_already_shared":true,"jetpack_social_options":{"image_generator_settings":{"template":"highway","default_image_id":0,"font":"","enabled":false},"version":2}},"categories":[65],"tags":[177],"class_list":["post-23649","post","type-post","status-publish","format-standard","has-post-thumbnail","hentry","category-escritos-de-vicente-de-paul","tag-jolly"],"yoast_head":"<!-- This site is optimized with the Yoast SEO plugin v26.3 - https:\/\/yoast.com\/wordpress\/plugins\/seo\/ -->\n<title>Vicente de Pa\u00fal, Documento 165: Obediencia Para Varios Sacerdotes Y Hermanos De La Misi\u00f3n Enviados A Diversas Casas - Somos Vicencianos<\/title>\n<meta name=\"robots\" content=\"index, follow, max-snippet:-1, max-image-preview:large, max-video-preview:-1\" \/>\n<link rel=\"canonical\" href=\"http:\/\/vincentians.com\/es\/vicente-de-paul-documento-165-obediencia-para-varios-sacerdotes-y-hermanos-de-la-mision-enviados-a-diversas-casas\/\" \/>\n<meta property=\"og:locale\" content=\"es_ES\" \/>\n<meta property=\"og:type\" content=\"article\" \/>\n<meta property=\"og:title\" content=\"Vicente de Pa\u00fal, Documento 165: Obediencia Para Varios Sacerdotes Y Hermanos De La Misi\u00f3n Enviados A Diversas Casas - Somos Vicencianos\" \/>\n<meta property=\"og:description\" content=\"5 abril 1648 Vicente de Pa\u00fal, superior general de la congregaci\u00f3n de la Misi\u00f3n, a nuestros queridos hermanos en Cristo Juan Jacobo Mugnier y Gabriel Damiens, sacerdotes, Pascasio Blondel, Miguel Doutrelet, Edmundo Jolly, Francisco Pinson, ... Read More\" \/>\n<meta property=\"og:url\" content=\"http:\/\/vincentians.com\/es\/vicente-de-paul-documento-165-obediencia-para-varios-sacerdotes-y-hermanos-de-la-mision-enviados-a-diversas-casas\/\" \/>\n<meta property=\"og:site_name\" content=\"Somos Vicencianos\" \/>\n<meta property=\"article:publisher\" content=\"https:\/\/www.facebook.com\/WeAreVincentians\/\" \/>\n<meta property=\"article:author\" content=\"https:\/\/www.facebook.com\/JavierChento\" \/>\n<meta property=\"article:published_time\" content=\"2010-05-22T08:21:43+00:00\" \/>\n<meta property=\"article:modified_time\" content=\"2016-07-26T17:50:54+00:00\" \/>\n<meta property=\"og:image\" content=\"https:\/\/i0.wp.com\/vincentians.com\/es\/wp-content\/uploads\/sites\/11\/2016\/07\/escritos-vicente-de-paul.jpg?fit=1200%2C630\" \/>\n\t<meta property=\"og:image:width\" content=\"1200\" \/>\n\t<meta property=\"og:image:height\" content=\"630\" \/>\n\t<meta property=\"og:image:type\" content=\"image\/jpeg\" \/>\n<meta name=\"author\" content=\"Francisco Javier Fern\u00e1ndez Chento\" \/>\n<meta name=\"twitter:card\" content=\"summary_large_image\" \/>\n<meta name=\"twitter:creator\" content=\"@https:\/\/twitter.com\/javierchento\" \/>\n<meta name=\"twitter:site\" content=\"@WeVincentians\" \/>\n<meta name=\"twitter:label1\" content=\"Escrito por\" \/>\n\t<meta name=\"twitter:data1\" content=\"Francisco Javier Fern\u00e1ndez Chento\" \/>\n\t<meta name=\"twitter:label2\" content=\"Tiempo de lectura\" \/>\n\t<meta name=\"twitter:data2\" content=\"2 minutos\" \/>\n<script type=\"application\/ld+json\" class=\"yoast-schema-graph\">{\"@context\":\"https:\/\/schema.org\",\"@graph\":[{\"@type\":\"Article\",\"@id\":\"http:\/\/vincentians.com\/es\/vicente-de-paul-documento-165-obediencia-para-varios-sacerdotes-y-hermanos-de-la-mision-enviados-a-diversas-casas\/#article\",\"isPartOf\":{\"@id\":\"http:\/\/vincentians.com\/es\/vicente-de-paul-documento-165-obediencia-para-varios-sacerdotes-y-hermanos-de-la-mision-enviados-a-diversas-casas\/\"},\"author\":{\"name\":\"Francisco Javier Fern\u00e1ndez Chento\",\"@id\":\"http:\/\/vincentians.com\/es\/#\/schema\/person\/9623ef4d9aa3b2dfb8c061f1499288f2\"},\"headline\":\"Vicente de Pa\u00fal, Documento 165: Obediencia Para Varios Sacerdotes Y Hermanos De La Misi\u00f3n Enviados A Diversas Casas\",\"datePublished\":\"2010-05-22T08:21:43+00:00\",\"dateModified\":\"2016-07-26T17:50:54+00:00\",\"mainEntityOfPage\":{\"@id\":\"http:\/\/vincentians.com\/es\/vicente-de-paul-documento-165-obediencia-para-varios-sacerdotes-y-hermanos-de-la-mision-enviados-a-diversas-casas\/\"},\"wordCount\":471,\"commentCount\":0,\"publisher\":{\"@id\":\"http:\/\/vincentians.com\/es\/#organization\"},\"image\":{\"@id\":\"http:\/\/vincentians.com\/es\/vicente-de-paul-documento-165-obediencia-para-varios-sacerdotes-y-hermanos-de-la-mision-enviados-a-diversas-casas\/#primaryimage\"},\"thumbnailUrl\":\"https:\/\/i0.wp.com\/vincentians.com\/es\/wp-content\/uploads\/sites\/11\/2016\/07\/escritos-vicente-de-paul.jpg?fit=1200%2C630\",\"keywords\":[\"Jolly\"],\"articleSection\":[\"Escritos de Vicente de Pa\u00fal\"],\"inLanguage\":\"es\",\"potentialAction\":[{\"@type\":\"CommentAction\",\"name\":\"Comment\",\"target\":[\"http:\/\/vincentians.com\/es\/vicente-de-paul-documento-165-obediencia-para-varios-sacerdotes-y-hermanos-de-la-mision-enviados-a-diversas-casas\/#respond\"]}]},{\"@type\":\"WebPage\",\"@id\":\"http:\/\/vincentians.com\/es\/vicente-de-paul-documento-165-obediencia-para-varios-sacerdotes-y-hermanos-de-la-mision-enviados-a-diversas-casas\/\",\"url\":\"http:\/\/vincentians.com\/es\/vicente-de-paul-documento-165-obediencia-para-varios-sacerdotes-y-hermanos-de-la-mision-enviados-a-diversas-casas\/\",\"name\":\"Vicente de Pa\u00fal, Documento 165: Obediencia Para Varios Sacerdotes Y Hermanos De La Misi\u00f3n Enviados A Diversas Casas - Somos Vicencianos\",\"isPartOf\":{\"@id\":\"http:\/\/vincentians.com\/es\/#website\"},\"primaryImageOfPage\":{\"@id\":\"http:\/\/vincentians.com\/es\/vicente-de-paul-documento-165-obediencia-para-varios-sacerdotes-y-hermanos-de-la-mision-enviados-a-diversas-casas\/#primaryimage\"},\"image\":{\"@id\":\"http:\/\/vincentians.com\/es\/vicente-de-paul-documento-165-obediencia-para-varios-sacerdotes-y-hermanos-de-la-mision-enviados-a-diversas-casas\/#primaryimage\"},\"thumbnailUrl\":\"https:\/\/i0.wp.com\/vincentians.com\/es\/wp-content\/uploads\/sites\/11\/2016\/07\/escritos-vicente-de-paul.jpg?fit=1200%2C630\",\"datePublished\":\"2010-05-22T08:21:43+00:00\",\"dateModified\":\"2016-07-26T17:50:54+00:00\",\"breadcrumb\":{\"@id\":\"http:\/\/vincentians.com\/es\/vicente-de-paul-documento-165-obediencia-para-varios-sacerdotes-y-hermanos-de-la-mision-enviados-a-diversas-casas\/#breadcrumb\"},\"inLanguage\":\"es\",\"potentialAction\":[{\"@type\":\"ReadAction\",\"target\":[\"http:\/\/vincentians.com\/es\/vicente-de-paul-documento-165-obediencia-para-varios-sacerdotes-y-hermanos-de-la-mision-enviados-a-diversas-casas\/\"]}]},{\"@type\":\"ImageObject\",\"inLanguage\":\"es\",\"@id\":\"http:\/\/vincentians.com\/es\/vicente-de-paul-documento-165-obediencia-para-varios-sacerdotes-y-hermanos-de-la-mision-enviados-a-diversas-casas\/#primaryimage\",\"url\":\"https:\/\/i0.wp.com\/vincentians.com\/es\/wp-content\/uploads\/sites\/11\/2016\/07\/escritos-vicente-de-paul.jpg?fit=1200%2C630\",\"contentUrl\":\"https:\/\/i0.wp.com\/vincentians.com\/es\/wp-content\/uploads\/sites\/11\/2016\/07\/escritos-vicente-de-paul.jpg?fit=1200%2C630\",\"width\":1200,\"height\":630},{\"@type\":\"BreadcrumbList\",\"@id\":\"http:\/\/vincentians.com\/es\/vicente-de-paul-documento-165-obediencia-para-varios-sacerdotes-y-hermanos-de-la-mision-enviados-a-diversas-casas\/#breadcrumb\",\"itemListElement\":[{\"@type\":\"ListItem\",\"position\":1,\"name\":\"Portada\",\"item\":\"http:\/\/vincentians.com\/es\/\"},{\"@type\":\"ListItem\",\"position\":2,\"name\":\"Vicente de Pa\u00fal, Documento 165: Obediencia Para Varios Sacerdotes Y Hermanos De La Misi\u00f3n Enviados A Diversas Casas\"}]},{\"@type\":\"WebSite\",\"@id\":\"http:\/\/vincentians.com\/es\/#website\",\"url\":\"http:\/\/vincentians.com\/es\/\",\"name\":\"Somos Vicencianos\",\"description\":\"Know more to serve more\",\"publisher\":{\"@id\":\"http:\/\/vincentians.com\/es\/#organization\"},\"potentialAction\":[{\"@type\":\"SearchAction\",\"target\":{\"@type\":\"EntryPoint\",\"urlTemplate\":\"http:\/\/vincentians.com\/es\/?s={search_term_string}\"},\"query-input\":{\"@type\":\"PropertyValueSpecification\",\"valueRequired\":true,\"valueName\":\"search_term_string\"}}],\"inLanguage\":\"es\"},{\"@type\":\"Organization\",\"@id\":\"http:\/\/vincentians.com\/es\/#organization\",\"name\":\"The Vincentian Network\",\"url\":\"http:\/\/vincentians.com\/es\/\",\"logo\":{\"@type\":\"ImageObject\",\"inLanguage\":\"es\",\"@id\":\"http:\/\/vincentians.com\/es\/#\/schema\/logo\/image\/\",\"url\":\"https:\/\/i1.wp.com\/vincentians.com\/es\/wp-content\/uploads\/sites\/11\/2016\/06\/Vincentian-Network-logo-big.png?fit=778%2C778\",\"contentUrl\":\"https:\/\/i1.wp.com\/vincentians.com\/es\/wp-content\/uploads\/sites\/11\/2016\/06\/Vincentian-Network-logo-big.png?fit=778%2C778\",\"width\":778,\"height\":778,\"caption\":\"The Vincentian Network\"},\"image\":{\"@id\":\"http:\/\/vincentians.com\/es\/#\/schema\/logo\/image\/\"},\"sameAs\":[\"https:\/\/www.facebook.com\/WeAreVincentians\/\",\"https:\/\/x.com\/WeVincentians\"]},{\"@type\":\"Person\",\"@id\":\"http:\/\/vincentians.com\/es\/#\/schema\/person\/9623ef4d9aa3b2dfb8c061f1499288f2\",\"name\":\"Francisco Javier Fern\u00e1ndez Chento\",\"image\":{\"@type\":\"ImageObject\",\"inLanguage\":\"es\",\"@id\":\"http:\/\/vincentians.com\/es\/#\/schema\/person\/image\/\",\"url\":\"https:\/\/secure.gravatar.com\/avatar\/497d5cde87b4c3d097d0315953521681ba2cd523ee66e5077c3711f7021e65de?s=96&d=mm&r=g\",\"contentUrl\":\"https:\/\/secure.gravatar.com\/avatar\/497d5cde87b4c3d097d0315953521681ba2cd523ee66e5077c3711f7021e65de?s=96&d=mm&r=g\",\"caption\":\"Francisco Javier Fern\u00e1ndez Chento\"},\"description\":\"Director General y cofundador de La Red de Formaci\u00f3n Vicenciana. Javier es laico vicenciano, afiliado a la Congregaci\u00f3n de la Misi\u00f3n y miembro del Equipo de Misiones Populares de la provincia can\u00f3nica de Zaragoza (Espa\u00f1a) de la Congregaci\u00f3n de la Misi\u00f3n. Graduado en la Universidad Oberta de Catalunya con cuatro grados (Asistente de direcci\u00f3n, Gesti\u00f3n Administrativa, Recursos Humanos y Contabilidad Avanzada). Bil\u00edng\u00fce Espa\u00f1ol\/Ingl\u00e9s. gestiona y mantiene varias p\u00e1ginas web cristianas y vicencianas, incluida including La Red de Formaci\u00f3n Vicenciana, de la que es cofundador. Actualmente es responsable del \u00e1rea de Espa\u00f1ol de .famvin, la Red de Noticias de la Familia Vicenciana. Tambi\u00e9n es m\u00fasico cat\u00f3lico y ha editado varios discos. Es Director General y cofundador de Trovador, una reconocida compa\u00f1\u00eda discogr\u00e1fica critiana de Espa\u00f1a. Trabaja en las Tecnolog\u00edas de la Informaci\u00f3n, ofreciendo servicios de alojamiento, dise\u00f1o y mantenimiento Web, as\u00ed como asesoramiento, formaci\u00f3n y soluciones inform\u00e1ticas, gesti\u00f3n documental y digitalizaci\u00f3n de textos, edici\u00f3n y maquetaci\u00f3n de libros, revistas, flyers, etc.\",\"sameAs\":[\"http:\/\/chento.org\",\"https:\/\/www.facebook.com\/JavierChento\",\"https:\/\/x.com\/https:\/\/twitter.com\/javierchento\"],\"url\":\"http:\/\/vincentians.com\/es\/author\/chento\/\"}]}<\/script>\n<!-- \/ Yoast SEO plugin. -->","yoast_head_json":{"title":"Vicente de Pa\u00fal, Documento 165: Obediencia Para Varios Sacerdotes Y Hermanos De La Misi\u00f3n Enviados A Diversas Casas - Somos Vicencianos","robots":{"index":"index","follow":"follow","max-snippet":"max-snippet:-1","max-image-preview":"max-image-preview:large","max-video-preview":"max-video-preview:-1"},"canonical":"http:\/\/vincentians.com\/es\/vicente-de-paul-documento-165-obediencia-para-varios-sacerdotes-y-hermanos-de-la-mision-enviados-a-diversas-casas\/","og_locale":"es_ES","og_type":"article","og_title":"Vicente de Pa\u00fal, Documento 165: Obediencia Para Varios Sacerdotes Y Hermanos De La Misi\u00f3n Enviados A Diversas Casas - Somos Vicencianos","og_description":"5 abril 1648 Vicente de Pa\u00fal, superior general de la congregaci\u00f3n de la Misi\u00f3n, a nuestros queridos hermanos en Cristo Juan Jacobo Mugnier y Gabriel Damiens, sacerdotes, Pascasio Blondel, Miguel Doutrelet, Edmundo Jolly, Francisco Pinson, ... Read More","og_url":"http:\/\/vincentians.com\/es\/vicente-de-paul-documento-165-obediencia-para-varios-sacerdotes-y-hermanos-de-la-mision-enviados-a-diversas-casas\/","og_site_name":"Somos Vicencianos","article_publisher":"https:\/\/www.facebook.com\/WeAreVincentians\/","article_author":"https:\/\/www.facebook.com\/JavierChento","article_published_time":"2010-05-22T08:21:43+00:00","article_modified_time":"2016-07-26T17:50:54+00:00","og_image":[{"width":1200,"height":630,"url":"https:\/\/i0.wp.com\/vincentians.com\/es\/wp-content\/uploads\/sites\/11\/2016\/07\/escritos-vicente-de-paul.jpg?fit=1200%2C630","type":"image\/jpeg"}],"author":"Francisco Javier Fern\u00e1ndez Chento","twitter_card":"summary_large_image","twitter_creator":"@https:\/\/twitter.com\/javierchento","twitter_site":"@WeVincentians","twitter_misc":{"Escrito por":"Francisco Javier Fern\u00e1ndez Chento","Tiempo de lectura":"2 minutos"},"schema":{"@context":"https:\/\/schema.org","@graph":[{"@type":"Article","@id":"http:\/\/vincentians.com\/es\/vicente-de-paul-documento-165-obediencia-para-varios-sacerdotes-y-hermanos-de-la-mision-enviados-a-diversas-casas\/#article","isPartOf":{"@id":"http:\/\/vincentians.com\/es\/vicente-de-paul-documento-165-obediencia-para-varios-sacerdotes-y-hermanos-de-la-mision-enviados-a-diversas-casas\/"},"author":{"name":"Francisco Javier Fern\u00e1ndez Chento","@id":"http:\/\/vincentians.com\/es\/#\/schema\/person\/9623ef4d9aa3b2dfb8c061f1499288f2"},"headline":"Vicente de Pa\u00fal, Documento 165: Obediencia Para Varios Sacerdotes Y Hermanos De La Misi\u00f3n Enviados A Diversas Casas","datePublished":"2010-05-22T08:21:43+00:00","dateModified":"2016-07-26T17:50:54+00:00","mainEntityOfPage":{"@id":"http:\/\/vincentians.com\/es\/vicente-de-paul-documento-165-obediencia-para-varios-sacerdotes-y-hermanos-de-la-mision-enviados-a-diversas-casas\/"},"wordCount":471,"commentCount":0,"publisher":{"@id":"http:\/\/vincentians.com\/es\/#organization"},"image":{"@id":"http:\/\/vincentians.com\/es\/vicente-de-paul-documento-165-obediencia-para-varios-sacerdotes-y-hermanos-de-la-mision-enviados-a-diversas-casas\/#primaryimage"},"thumbnailUrl":"https:\/\/i0.wp.com\/vincentians.com\/es\/wp-content\/uploads\/sites\/11\/2016\/07\/escritos-vicente-de-paul.jpg?fit=1200%2C630","keywords":["Jolly"],"articleSection":["Escritos de Vicente de Pa\u00fal"],"inLanguage":"es","potentialAction":[{"@type":"CommentAction","name":"Comment","target":["http:\/\/vincentians.com\/es\/vicente-de-paul-documento-165-obediencia-para-varios-sacerdotes-y-hermanos-de-la-mision-enviados-a-diversas-casas\/#respond"]}]},{"@type":"WebPage","@id":"http:\/\/vincentians.com\/es\/vicente-de-paul-documento-165-obediencia-para-varios-sacerdotes-y-hermanos-de-la-mision-enviados-a-diversas-casas\/","url":"http:\/\/vincentians.com\/es\/vicente-de-paul-documento-165-obediencia-para-varios-sacerdotes-y-hermanos-de-la-mision-enviados-a-diversas-casas\/","name":"Vicente de Pa\u00fal, Documento 165: Obediencia Para Varios Sacerdotes Y Hermanos De La Misi\u00f3n Enviados A Diversas Casas - Somos Vicencianos","isPartOf":{"@id":"http:\/\/vincentians.com\/es\/#website"},"primaryImageOfPage":{"@id":"http:\/\/vincentians.com\/es\/vicente-de-paul-documento-165-obediencia-para-varios-sacerdotes-y-hermanos-de-la-mision-enviados-a-diversas-casas\/#primaryimage"},"image":{"@id":"http:\/\/vincentians.com\/es\/vicente-de-paul-documento-165-obediencia-para-varios-sacerdotes-y-hermanos-de-la-mision-enviados-a-diversas-casas\/#primaryimage"},"thumbnailUrl":"https:\/\/i0.wp.com\/vincentians.com\/es\/wp-content\/uploads\/sites\/11\/2016\/07\/escritos-vicente-de-paul.jpg?fit=1200%2C630","datePublished":"2010-05-22T08:21:43+00:00","dateModified":"2016-07-26T17:50:54+00:00","breadcrumb":{"@id":"http:\/\/vincentians.com\/es\/vicente-de-paul-documento-165-obediencia-para-varios-sacerdotes-y-hermanos-de-la-mision-enviados-a-diversas-casas\/#breadcrumb"},"inLanguage":"es","potentialAction":[{"@type":"ReadAction","target":["http:\/\/vincentians.com\/es\/vicente-de-paul-documento-165-obediencia-para-varios-sacerdotes-y-hermanos-de-la-mision-enviados-a-diversas-casas\/"]}]},{"@type":"ImageObject","inLanguage":"es","@id":"http:\/\/vincentians.com\/es\/vicente-de-paul-documento-165-obediencia-para-varios-sacerdotes-y-hermanos-de-la-mision-enviados-a-diversas-casas\/#primaryimage","url":"https:\/\/i0.wp.com\/vincentians.com\/es\/wp-content\/uploads\/sites\/11\/2016\/07\/escritos-vicente-de-paul.jpg?fit=1200%2C630","contentUrl":"https:\/\/i0.wp.com\/vincentians.com\/es\/wp-content\/uploads\/sites\/11\/2016\/07\/escritos-vicente-de-paul.jpg?fit=1200%2C630","width":1200,"height":630},{"@type":"BreadcrumbList","@id":"http:\/\/vincentians.com\/es\/vicente-de-paul-documento-165-obediencia-para-varios-sacerdotes-y-hermanos-de-la-mision-enviados-a-diversas-casas\/#breadcrumb","itemListElement":[{"@type":"ListItem","position":1,"name":"Portada","item":"http:\/\/vincentians.com\/es\/"},{"@type":"ListItem","position":2,"name":"Vicente de Pa\u00fal, Documento 165: Obediencia Para Varios Sacerdotes Y Hermanos De La Misi\u00f3n Enviados A Diversas Casas"}]},{"@type":"WebSite","@id":"http:\/\/vincentians.com\/es\/#website","url":"http:\/\/vincentians.com\/es\/","name":"Somos Vicencianos","description":"Know more to serve more","publisher":{"@id":"http:\/\/vincentians.com\/es\/#organization"},"potentialAction":[{"@type":"SearchAction","target":{"@type":"EntryPoint","urlTemplate":"http:\/\/vincentians.com\/es\/?s={search_term_string}"},"query-input":{"@type":"PropertyValueSpecification","valueRequired":true,"valueName":"search_term_string"}}],"inLanguage":"es"},{"@type":"Organization","@id":"http:\/\/vincentians.com\/es\/#organization","name":"The Vincentian Network","url":"http:\/\/vincentians.com\/es\/","logo":{"@type":"ImageObject","inLanguage":"es","@id":"http:\/\/vincentians.com\/es\/#\/schema\/logo\/image\/","url":"https:\/\/i1.wp.com\/vincentians.com\/es\/wp-content\/uploads\/sites\/11\/2016\/06\/Vincentian-Network-logo-big.png?fit=778%2C778","contentUrl":"https:\/\/i1.wp.com\/vincentians.com\/es\/wp-content\/uploads\/sites\/11\/2016\/06\/Vincentian-Network-logo-big.png?fit=778%2C778","width":778,"height":778,"caption":"The Vincentian Network"},"image":{"@id":"http:\/\/vincentians.com\/es\/#\/schema\/logo\/image\/"},"sameAs":["https:\/\/www.facebook.com\/WeAreVincentians\/","https:\/\/x.com\/WeVincentians"]},{"@type":"Person","@id":"http:\/\/vincentians.com\/es\/#\/schema\/person\/9623ef4d9aa3b2dfb8c061f1499288f2","name":"Francisco Javier Fern\u00e1ndez Chento","image":{"@type":"ImageObject","inLanguage":"es","@id":"http:\/\/vincentians.com\/es\/#\/schema\/person\/image\/","url":"https:\/\/secure.gravatar.com\/avatar\/497d5cde87b4c3d097d0315953521681ba2cd523ee66e5077c3711f7021e65de?s=96&d=mm&r=g","contentUrl":"https:\/\/secure.gravatar.com\/avatar\/497d5cde87b4c3d097d0315953521681ba2cd523ee66e5077c3711f7021e65de?s=96&d=mm&r=g","caption":"Francisco Javier Fern\u00e1ndez Chento"},"description":"Director General y cofundador de La Red de Formaci\u00f3n Vicenciana. Javier es laico vicenciano, afiliado a la Congregaci\u00f3n de la Misi\u00f3n y miembro del Equipo de Misiones Populares de la provincia can\u00f3nica de Zaragoza (Espa\u00f1a) de la Congregaci\u00f3n de la Misi\u00f3n. Graduado en la Universidad Oberta de Catalunya con cuatro grados (Asistente de direcci\u00f3n, Gesti\u00f3n Administrativa, Recursos Humanos y Contabilidad Avanzada). Bil\u00edng\u00fce Espa\u00f1ol\/Ingl\u00e9s. gestiona y mantiene varias p\u00e1ginas web cristianas y vicencianas, incluida including La Red de Formaci\u00f3n Vicenciana, de la que es cofundador. Actualmente es responsable del \u00e1rea de Espa\u00f1ol de .famvin, la Red de Noticias de la Familia Vicenciana. Tambi\u00e9n es m\u00fasico cat\u00f3lico y ha editado varios discos. Es Director General y cofundador de Trovador, una reconocida compa\u00f1\u00eda discogr\u00e1fica critiana de Espa\u00f1a. Trabaja en las Tecnolog\u00edas de la Informaci\u00f3n, ofreciendo servicios de alojamiento, dise\u00f1o y mantenimiento Web, as\u00ed como asesoramiento, formaci\u00f3n y soluciones inform\u00e1ticas, gesti\u00f3n documental y digitalizaci\u00f3n de textos, edici\u00f3n y maquetaci\u00f3n de libros, revistas, flyers, etc.","sameAs":["http:\/\/chento.org","https:\/\/www.facebook.com\/JavierChento","https:\/\/x.com\/https:\/\/twitter.com\/javierchento"],"url":"http:\/\/vincentians.com\/es\/author\/chento\/"}]}},"jetpack_publicize_connections":[],"jetpack_featured_media_url":"https:\/\/i0.wp.com\/vincentians.com\/es\/wp-content\/uploads\/sites\/11\/2016\/07\/escritos-vicente-de-paul.jpg?fit=1200%2C630","jetpack_sharing_enabled":true,"jetpack_shortlink":"https:\/\/wp.me\/p7ETMF-69r","jetpack-related-posts":[{"id":387071,"url":"http:\/\/vincentians.com\/es\/los-primeros-misioneros-en-espana-1704-1774\/","url_meta":{"origin":23649,"position":0},"title":"Los primeros misioneros en Espa\u00f1a (1704-1774)","author":"Mitxel Olabu\u00e9naga","date":"20\/08\/2019","format":false,"excerpt":"Introducci\u00f3n Dec\u00eda el cantautor que \u201cquien pierde sus or\u00edgenes, pierde identidad\u201d (Raimon \u201cYo vengo de un silencio\u201d). Quiz\u00e1 este sea uno de los motivos ocultos por el que nos hemos centrado en este tema dentro de Seminario de H\u00aa de la CM en Espa\u00f1a que venimos desarrollando en el Estudiantado\u2026","rel":"","context":"En \u00abHistoria de la Congregaci\u00f3n de la Misi\u00f3n en Espa\u00f1a\u00bb","block_context":{"text":"Historia de la Congregaci\u00f3n de la Misi\u00f3n en Espa\u00f1a","link":"http:\/\/vincentians.com\/es\/category\/historia-de-la-familia-vicenciana\/historia-de-la-congregacion-de-la-mision-en-espana\/"},"img":{"alt_text":"","src":"https:\/\/i0.wp.com\/vincentians.com\/es\/wp-content\/uploads\/sites\/11\/2015\/04\/tres-descubrimientos-de-Vicente-de-Paul.jpg?fit=1200%2C630&resize=350%2C200","width":350,"height":200,"srcset":"https:\/\/i0.wp.com\/vincentians.com\/es\/wp-content\/uploads\/sites\/11\/2015\/04\/tres-descubrimientos-de-Vicente-de-Paul.jpg?fit=1200%2C630&resize=350%2C200 1x, https:\/\/i0.wp.com\/vincentians.com\/es\/wp-content\/uploads\/sites\/11\/2015\/04\/tres-descubrimientos-de-Vicente-de-Paul.jpg?fit=1200%2C630&resize=525%2C300 1.5x, https:\/\/i0.wp.com\/vincentians.com\/es\/wp-content\/uploads\/sites\/11\/2015\/04\/tres-descubrimientos-de-Vicente-de-Paul.jpg?fit=1200%2C630&resize=700%2C400 2x, https:\/\/i0.wp.com\/vincentians.com\/es\/wp-content\/uploads\/sites\/11\/2015\/04\/tres-descubrimientos-de-Vicente-de-Paul.jpg?fit=1200%2C630&resize=1050%2C600 3x"},"classes":[]},{"id":124206,"url":"http:\/\/vincentians.com\/es\/vicente-de-paul-id-por-todo-el-mundo\/","url_meta":{"origin":23649,"position":1},"title":"Vicente de Pa\u00fal: Id por todo el mundo","author":"Francisco Javier Fern\u00e1ndez Chento","date":"23\/03\/2023","format":false,"excerpt":"El gran ideal del P. Vicente de Pa\u00fal era la renovaci\u00f3n de la Iglesia cat\u00f3lica de Francia. Pero sab\u00eda que la Iglesia es una instituci\u00f3n universal enviada por el Se\u00f1or al mundo entero. Por ello valoraba en gran manera la posici\u00f3n del Santo Padre dentro del sistema eclesial y sosten\u00eda\u2026","rel":"","context":"En \u00abVicente de Pa\u00fal\u00bb","block_context":{"text":"Vicente de Pa\u00fal","link":"http:\/\/vincentians.com\/es\/category\/la-familia-vicenciana\/fundadores\/vicente-de-paul\/"},"img":{"alt_text":"","src":"https:\/\/i0.wp.com\/vincentians.com\/es\/wp-content\/uploads\/sites\/11\/2013\/05\/d.jpg?fit=1200%2C799&resize=350%2C200","width":350,"height":200,"srcset":"https:\/\/i0.wp.com\/vincentians.com\/es\/wp-content\/uploads\/sites\/11\/2013\/05\/d.jpg?fit=1200%2C799&resize=350%2C200 1x, https:\/\/i0.wp.com\/vincentians.com\/es\/wp-content\/uploads\/sites\/11\/2013\/05\/d.jpg?fit=1200%2C799&resize=525%2C300 1.5x, https:\/\/i0.wp.com\/vincentians.com\/es\/wp-content\/uploads\/sites\/11\/2013\/05\/d.jpg?fit=1200%2C799&resize=700%2C400 2x, https:\/\/i0.wp.com\/vincentians.com\/es\/wp-content\/uploads\/sites\/11\/2013\/05\/d.jpg?fit=1200%2C799&resize=1050%2C600 3x"},"classes":[]},{"id":126044,"url":"http:\/\/vincentians.com\/es\/san-vicente-de-paul-siervo-de-los-pobres-13\/","url_meta":{"origin":23649,"position":2},"title":"San Vicente de Pa\u00fal, siervo de los pobres (13)","author":"Francisco Javier Fern\u00e1ndez Chento","date":"08\/12\/2013","format":false,"excerpt":"XIII: La Misi\u00f3n fuera de Francia La misi\u00f3n en Roma En Roma existe todav\u00eda hoy, junto al palacio de Mon\u00adtecitorio, una via della Missione, y es la calle en que se le\u00advanta el palacio del cardenal Bagni, que fue comprado por los misioneros en 1659. La misi\u00f3n verdadera y propiamente\u2026","rel":"","context":"En \u00abVicente de Pa\u00fal\u00bb","block_context":{"text":"Vicente de Pa\u00fal","link":"http:\/\/vincentians.com\/es\/category\/la-familia-vicenciana\/fundadores\/vicente-de-paul\/"},"img":{"alt_text":"","src":"","width":0,"height":0},"classes":[]},{"id":387081,"url":"http:\/\/vincentians.com\/es\/la-diaspora-de-la-cm-espanola-tras-las-disoluciones-del-siglo-xix\/","url_meta":{"origin":23649,"position":3},"title":"La di\u00e1spora de la CM espa\u00f1ola tras las disoluciones del siglo XIX","author":"Mitxel Olabu\u00e9naga","date":"29\/02\/2016","format":false,"excerpt":"Introducci\u00f3n El convulso siglo XIX supuso un antes y un despu\u00e9s a la desfasada sociedad espa\u00f1ola. La Iglesia no se qued\u00f3 al margen de los profundos cambios ocurridos y, como no pod\u00eda ser menos, la Congregaci\u00f3n de la Misi\u00f3n sigui\u00f3 los mismos derroteros. En este sentido debemos afirmar que las\u2026","rel":"","context":"En \u00abHistoria de la Congregaci\u00f3n de la Misi\u00f3n en Espa\u00f1a\u00bb","block_context":{"text":"Historia de la Congregaci\u00f3n de la Misi\u00f3n en Espa\u00f1a","link":"http:\/\/vincentians.com\/es\/category\/historia-de-la-familia-vicenciana\/historia-de-la-congregacion-de-la-mision-en-espana\/"},"img":{"alt_text":"LOGO SEMINARIO HISTORIA 2 color","src":"https:\/\/i0.wp.com\/vicencianos.org\/wp-content\/uploads\/2016\/02\/LOGO-SEMINARIO-HISTORIA-2-color-300x300.jpg?resize=350%2C200","width":350,"height":200},"classes":[]},{"id":124201,"url":"http:\/\/vincentians.com\/es\/vicente-de-paul-perfeccionando-la-obra\/","url_meta":{"origin":23649,"position":4},"title":"Vicente de Pa\u00fal: Perfeccionando la obra","author":"Francisco Javier Fern\u00e1ndez Chento","date":"17\/03\/2023","format":false,"excerpt":"En a\u00f1o 1642 se celebr\u00f3 una Asamblea General de la Congregaci\u00f3n de la Misi\u00f3n, donde el P. Vicente present\u00f3 la renuncia a su puesto de Superior. Pensaba que, despu\u00e9s de serlo por diecis\u00e9is, y habiendo entrado en ella bastantes nuevos miembros, deb\u00eda dar la oportunidad de que se escogiera otro\u2026","rel":"","context":"En \u00abVicente de Pa\u00fal\u00bb","block_context":{"text":"Vicente de Pa\u00fal","link":"http:\/\/vincentians.com\/es\/category\/la-familia-vicenciana\/fundadores\/vicente-de-paul\/"},"img":{"alt_text":"","src":"https:\/\/i0.wp.com\/vincentians.com\/es\/wp-content\/uploads\/sites\/11\/2013\/04\/f-8-scaled.jpg?fit=1200%2C570&resize=350%2C200","width":350,"height":200,"srcset":"https:\/\/i0.wp.com\/vincentians.com\/es\/wp-content\/uploads\/sites\/11\/2013\/04\/f-8-scaled.jpg?fit=1200%2C570&resize=350%2C200 1x, https:\/\/i0.wp.com\/vincentians.com\/es\/wp-content\/uploads\/sites\/11\/2013\/04\/f-8-scaled.jpg?fit=1200%2C570&resize=525%2C300 1.5x, https:\/\/i0.wp.com\/vincentians.com\/es\/wp-content\/uploads\/sites\/11\/2013\/04\/f-8-scaled.jpg?fit=1200%2C570&resize=700%2C400 2x, https:\/\/i0.wp.com\/vincentians.com\/es\/wp-content\/uploads\/sites\/11\/2013\/04\/f-8-scaled.jpg?fit=1200%2C570&resize=1050%2C600 3x"},"classes":[]},{"id":120460,"url":"http:\/\/vincentians.com\/es\/san-vicente-de-paul-y-su-entronque-hispanico-ix\/","url_meta":{"origin":23649,"position":5},"title":"San Vicente de Pa\u00fal y su entronque hisp\u00e1nico (IX)","author":"Francisco Javier Fern\u00e1ndez Chento","date":"03\/09\/2022","format":false,"excerpt":"Art\u00edculo IV: \u00bfConocieron los espa\u00f1oles coet\u00e1neos a San Vicente de Pa\u00fal? Tambi\u00e9n aqu\u00ed los documentos arrojan un balance posi\u00adtivo; mas, cosa curiosa, ello fu\u00e9 a trav\u00e9s de Irlanda y de Ita\u00adlia. And\u00e1bamos por aquellas fechas a la gre\u00f1a con Francia y no era f\u00e1cil que los Pirineos se prestaran al\u2026","rel":"","context":"En \u00abVicente de Pa\u00fal\u00bb","block_context":{"text":"Vicente de Pa\u00fal","link":"http:\/\/vincentians.com\/es\/category\/la-familia-vicenciana\/fundadores\/vicente-de-paul\/"},"img":{"alt_text":"","src":"https:\/\/i0.wp.com\/vincentians.com\/es\/wp-content\/uploads\/sites\/11\/2013\/04\/msoF811D.jpg?fit=612%2C490&resize=350%2C200","width":350,"height":200,"srcset":"https:\/\/i0.wp.com\/vincentians.com\/es\/wp-content\/uploads\/sites\/11\/2013\/04\/msoF811D.jpg?fit=612%2C490&resize=350%2C200 1x, https:\/\/i0.wp.com\/vincentians.com\/es\/wp-content\/uploads\/sites\/11\/2013\/04\/msoF811D.jpg?fit=612%2C490&resize=525%2C300 1.5x"},"classes":[]}],"_links":{"self":[{"href":"http:\/\/vincentians.com\/es\/wp-json\/wp\/v2\/posts\/23649","targetHints":{"allow":["GET"]}}],"collection":[{"href":"http:\/\/vincentians.com\/es\/wp-json\/wp\/v2\/posts"}],"about":[{"href":"http:\/\/vincentians.com\/es\/wp-json\/wp\/v2\/types\/post"}],"author":[{"embeddable":true,"href":"http:\/\/vincentians.com\/es\/wp-json\/wp\/v2\/users\/4"}],"replies":[{"embeddable":true,"href":"http:\/\/vincentians.com\/es\/wp-json\/wp\/v2\/comments?post=23649"}],"version-history":[{"count":0,"href":"http:\/\/vincentians.com\/es\/wp-json\/wp\/v2\/posts\/23649\/revisions"}],"wp:featuredmedia":[{"embeddable":true,"href":"http:\/\/vincentians.com\/es\/wp-json\/wp\/v2\/media\/393753"}],"wp:attachment":[{"href":"http:\/\/vincentians.com\/es\/wp-json\/wp\/v2\/media?parent=23649"}],"wp:term":[{"taxonomy":"category","embeddable":true,"href":"http:\/\/vincentians.com\/es\/wp-json\/wp\/v2\/categories?post=23649"},{"taxonomy":"post_tag","embeddable":true,"href":"http:\/\/vincentians.com\/es\/wp-json\/wp\/v2\/tags?post=23649"}],"curies":[{"name":"wp","href":"https:\/\/api.w.org\/{rel}","templated":true}]}}