{"id":23643,"date":"2010-05-16T10:21:24","date_gmt":"2010-05-16T08:21:24","guid":{"rendered":"http:\/\/somos.vicencianos.org\/blog\/2010\/05\/16\/vicente-de-paul-documento-159-consejos-de-san-vicente-al-padre-nouelly-y-al-hermano-barreau-antes-de-su-partida-para-argel\/"},"modified":"2016-07-26T19:50:55","modified_gmt":"2016-07-26T17:50:55","slug":"vicente-de-paul-documento-159-consejos-de-san-vicente-al-padre-nouelly-y-al-hermano-barreau-antes-de-su-partida-para-argel","status":"publish","type":"post","link":"http:\/\/vincentians.com\/es\/vicente-de-paul-documento-159-consejos-de-san-vicente-al-padre-nouelly-y-al-hermano-barreau-antes-de-su-partida-para-argel\/","title":{"rendered":"Vicente de Pa\u00fal, Documento 159: Consejos De San Vicente Al Padre Nouelly Y Al Hermano Barreau Antes De Su Partida Para Argel"},"content":{"rendered":"[por el mes de mayo de 1646]\n<p>El padre Nouelly y el hermano Barreau, a quienes la providencia de Dios ha llamado a Argel para asistir espiritual y corporalmente a todos los esclavos cristianos que hay all\u00ed, pensar\u00e1n que esta misi\u00f3n es una de las m\u00e1s caritativas que podr\u00edan ejercer en la tierra:<\/p>\n<p>1\u00ba\u00a0 Que, para cumplir como es debido, tienen que tener una devoci\u00f3n especial al misterio de la Encarnaci\u00f3n, por el que Nuestro Se\u00f1or baj\u00f3 a la tierra para asistirnos en nuestra esclavitud, en la que nos tiene cautivos el esp\u00edritu maligno.<\/p>\n<p>2\u00ba\u00a0 Cumplir\u00e1n con fidelidad las reglas de la Compa\u00f1\u00eda y sus santas m\u00e1ximas y costumbres, que son las del evangelio, y se esforzar\u00e1n incesantemente en la adquisici\u00f3n de las virtudes propias de un buen misionero, en el celo, la humildad, la mortificaci\u00f3n y la santa obediencia.<\/p>\n<p>3\u00ba\u00a0 El padre Nouelly ser\u00e1 el director de esta peque\u00f1a Misi\u00f3n y se ocupar\u00e1 en el cuidado temporal y espiritual de los enfermos, etc.<\/p>\n<p>4\u00ba\u00a0 Cuando lleguen a Argel, se alojar\u00e1n en una casa alquilada y preparar\u00e1n en ella una capilla.<\/p>\n<p>5\u00ba\u00a0 Procurar\u00e1n vivir con todas las precauciones que puedan imaginarse ante el virrey, el pach\u00e1 y el div\u00e1n, y sufrir\u00e1n con agrado las injurias que les haga el pueblo.<\/p>\n<p>6\u00ba\u00a0 Procurar\u00e1n ganar con su paciencia a los sacerdotes y religiosos esclavos y har\u00e1n de forma que se les tenga el honor debido y que gocen de algunas peque\u00f1as ventajas.<\/p>\n<p>7\u00ba\u00a0 Har\u00e1n todo lo que puedan por mantener a los mercaderes en la mayor uni\u00f3n que sea posible.<\/p>\n<p>8\u00ba\u00a0 Nos dar\u00e1n noticias suyas en todos los barcos que vengan a Francia, pero no del estado de los asuntos en aquel pa\u00eds, sino de los pobres esclavos y de la obra que Nuestro Se\u00f1or les ha encomendado.<\/p>\n<p>9\u00ba\u00a0 Si pueden ir sin peligro alguno a visitar a los pobres esclavos que est\u00e1n en el campo, los visitar\u00e1n y procurar\u00e1n confirmar su fe y consolarles, d\u00e1ndoles algunas limosnas con esta finalidad.<\/p>\n<p>10\u00ba\u00a0 Se sujetar\u00e1n a las leyes del pa\u00eds, fuera de su religi\u00f3n, sobre la cu\u00e1l no disputar\u00e1n nunca y no dir\u00e1n nada en desprecio de ella.<\/p>\n<p>11\u00ba\u00a0 Se informar\u00e1n, por medio de los que llevan viviendo largo tiempo en aquel pa\u00eds, de todas las cosas que puedan molestar a sus gobernantes o darles alguna sospecha, as\u00ed como tambi\u00e9n de lo que podr\u00eda afrentarles, para evitarlo.<\/p>\n","protected":false},"excerpt":{"rendered":"<p>[por el mes de mayo de 1646] El padre Nouelly y el hermano Barreau, a quienes la providencia de Dios ha llamado a Argel para asistir espiritual y corporalmente a todos los esclavos cristianos que &#8230; <a href=\"http:\/\/vincentians.com\/es\/vicente-de-paul-documento-159-consejos-de-san-vicente-al-padre-nouelly-y-al-hermano-barreau-antes-de-su-partida-para-argel\/\" class=\"more-link\">Read More<\/a><\/p>\n","protected":false},"author":4,"featured_media":393753,"comment_status":"open","ping_status":"open","sticky":false,"template":"","format":"standard","meta":{"jetpack_post_was_ever_published":false,"_jetpack_newsletter_access":"","_jetpack_dont_email_post_to_subs":false,"_jetpack_newsletter_tier_id":0,"_jetpack_memberships_contains_paywalled_content":false,"_jetpack_memberships_contains_paid_content":false,"footnotes":"","jetpack_publicize_message":"","jetpack_publicize_feature_enabled":true,"jetpack_social_post_already_shared":true,"jetpack_social_options":{"image_generator_settings":{"template":"highway","default_image_id":0,"font":"","enabled":false},"version":2}},"categories":[65],"tags":[168],"class_list":["post-23643","post","type-post","status-publish","format-standard","has-post-thumbnail","hentry","category-escritos-de-vicente-de-paul","tag-argel"],"yoast_head":"<!-- This site is optimized with the Yoast SEO plugin v26.3 - https:\/\/yoast.com\/wordpress\/plugins\/seo\/ -->\n<title>Vicente de Pa\u00fal, Documento 159: Consejos De San Vicente Al Padre Nouelly Y Al Hermano Barreau Antes De Su Partida Para Argel - Somos Vicencianos<\/title>\n<meta name=\"robots\" content=\"index, follow, max-snippet:-1, max-image-preview:large, max-video-preview:-1\" \/>\n<link rel=\"canonical\" href=\"http:\/\/vincentians.com\/es\/vicente-de-paul-documento-159-consejos-de-san-vicente-al-padre-nouelly-y-al-hermano-barreau-antes-de-su-partida-para-argel\/\" \/>\n<meta property=\"og:locale\" content=\"es_ES\" \/>\n<meta property=\"og:type\" content=\"article\" \/>\n<meta property=\"og:title\" content=\"Vicente de Pa\u00fal, Documento 159: Consejos De San Vicente Al Padre Nouelly Y Al Hermano Barreau Antes De Su Partida Para Argel - Somos Vicencianos\" \/>\n<meta property=\"og:description\" content=\"[por el mes de mayo de 1646] El padre Nouelly y el hermano Barreau, a quienes la providencia de Dios ha llamado a Argel para asistir espiritual y corporalmente a todos los esclavos cristianos que ... Read More\" \/>\n<meta property=\"og:url\" content=\"http:\/\/vincentians.com\/es\/vicente-de-paul-documento-159-consejos-de-san-vicente-al-padre-nouelly-y-al-hermano-barreau-antes-de-su-partida-para-argel\/\" \/>\n<meta property=\"og:site_name\" content=\"Somos Vicencianos\" \/>\n<meta property=\"article:publisher\" content=\"https:\/\/www.facebook.com\/WeAreVincentians\/\" \/>\n<meta property=\"article:author\" content=\"https:\/\/www.facebook.com\/JavierChento\" \/>\n<meta property=\"article:published_time\" content=\"2010-05-16T08:21:24+00:00\" \/>\n<meta property=\"article:modified_time\" content=\"2016-07-26T17:50:55+00:00\" \/>\n<meta property=\"og:image\" content=\"https:\/\/i0.wp.com\/vincentians.com\/es\/wp-content\/uploads\/sites\/11\/2016\/07\/escritos-vicente-de-paul.jpg?fit=1200%2C630\" \/>\n\t<meta property=\"og:image:width\" content=\"1200\" \/>\n\t<meta property=\"og:image:height\" content=\"630\" \/>\n\t<meta property=\"og:image:type\" content=\"image\/jpeg\" \/>\n<meta name=\"author\" content=\"Francisco Javier Fern\u00e1ndez Chento\" \/>\n<meta name=\"twitter:card\" content=\"summary_large_image\" \/>\n<meta name=\"twitter:creator\" content=\"@https:\/\/twitter.com\/javierchento\" \/>\n<meta name=\"twitter:site\" content=\"@WeVincentians\" \/>\n<meta name=\"twitter:label1\" content=\"Escrito por\" \/>\n\t<meta name=\"twitter:data1\" content=\"Francisco Javier Fern\u00e1ndez Chento\" \/>\n\t<meta name=\"twitter:label2\" content=\"Tiempo de lectura\" \/>\n\t<meta name=\"twitter:data2\" content=\"2 minutos\" \/>\n<script type=\"application\/ld+json\" class=\"yoast-schema-graph\">{\"@context\":\"https:\/\/schema.org\",\"@graph\":[{\"@type\":\"Article\",\"@id\":\"http:\/\/vincentians.com\/es\/vicente-de-paul-documento-159-consejos-de-san-vicente-al-padre-nouelly-y-al-hermano-barreau-antes-de-su-partida-para-argel\/#article\",\"isPartOf\":{\"@id\":\"http:\/\/vincentians.com\/es\/vicente-de-paul-documento-159-consejos-de-san-vicente-al-padre-nouelly-y-al-hermano-barreau-antes-de-su-partida-para-argel\/\"},\"author\":{\"name\":\"Francisco Javier Fern\u00e1ndez Chento\",\"@id\":\"http:\/\/vincentians.com\/es\/#\/schema\/person\/9623ef4d9aa3b2dfb8c061f1499288f2\"},\"headline\":\"Vicente de Pa\u00fal, Documento 159: Consejos De San Vicente Al Padre Nouelly Y Al Hermano Barreau Antes De Su Partida Para Argel\",\"datePublished\":\"2010-05-16T08:21:24+00:00\",\"dateModified\":\"2016-07-26T17:50:55+00:00\",\"mainEntityOfPage\":{\"@id\":\"http:\/\/vincentians.com\/es\/vicente-de-paul-documento-159-consejos-de-san-vicente-al-padre-nouelly-y-al-hermano-barreau-antes-de-su-partida-para-argel\/\"},\"wordCount\":447,\"commentCount\":0,\"publisher\":{\"@id\":\"http:\/\/vincentians.com\/es\/#organization\"},\"image\":{\"@id\":\"http:\/\/vincentians.com\/es\/vicente-de-paul-documento-159-consejos-de-san-vicente-al-padre-nouelly-y-al-hermano-barreau-antes-de-su-partida-para-argel\/#primaryimage\"},\"thumbnailUrl\":\"https:\/\/i0.wp.com\/vincentians.com\/es\/wp-content\/uploads\/sites\/11\/2016\/07\/escritos-vicente-de-paul.jpg?fit=1200%2C630\",\"keywords\":[\"Argel\"],\"articleSection\":[\"Escritos de Vicente de Pa\u00fal\"],\"inLanguage\":\"es\",\"potentialAction\":[{\"@type\":\"CommentAction\",\"name\":\"Comment\",\"target\":[\"http:\/\/vincentians.com\/es\/vicente-de-paul-documento-159-consejos-de-san-vicente-al-padre-nouelly-y-al-hermano-barreau-antes-de-su-partida-para-argel\/#respond\"]}]},{\"@type\":\"WebPage\",\"@id\":\"http:\/\/vincentians.com\/es\/vicente-de-paul-documento-159-consejos-de-san-vicente-al-padre-nouelly-y-al-hermano-barreau-antes-de-su-partida-para-argel\/\",\"url\":\"http:\/\/vincentians.com\/es\/vicente-de-paul-documento-159-consejos-de-san-vicente-al-padre-nouelly-y-al-hermano-barreau-antes-de-su-partida-para-argel\/\",\"name\":\"Vicente de Pa\u00fal, Documento 159: Consejos De San Vicente Al Padre Nouelly Y Al Hermano Barreau Antes De Su Partida Para Argel - Somos Vicencianos\",\"isPartOf\":{\"@id\":\"http:\/\/vincentians.com\/es\/#website\"},\"primaryImageOfPage\":{\"@id\":\"http:\/\/vincentians.com\/es\/vicente-de-paul-documento-159-consejos-de-san-vicente-al-padre-nouelly-y-al-hermano-barreau-antes-de-su-partida-para-argel\/#primaryimage\"},\"image\":{\"@id\":\"http:\/\/vincentians.com\/es\/vicente-de-paul-documento-159-consejos-de-san-vicente-al-padre-nouelly-y-al-hermano-barreau-antes-de-su-partida-para-argel\/#primaryimage\"},\"thumbnailUrl\":\"https:\/\/i0.wp.com\/vincentians.com\/es\/wp-content\/uploads\/sites\/11\/2016\/07\/escritos-vicente-de-paul.jpg?fit=1200%2C630\",\"datePublished\":\"2010-05-16T08:21:24+00:00\",\"dateModified\":\"2016-07-26T17:50:55+00:00\",\"breadcrumb\":{\"@id\":\"http:\/\/vincentians.com\/es\/vicente-de-paul-documento-159-consejos-de-san-vicente-al-padre-nouelly-y-al-hermano-barreau-antes-de-su-partida-para-argel\/#breadcrumb\"},\"inLanguage\":\"es\",\"potentialAction\":[{\"@type\":\"ReadAction\",\"target\":[\"http:\/\/vincentians.com\/es\/vicente-de-paul-documento-159-consejos-de-san-vicente-al-padre-nouelly-y-al-hermano-barreau-antes-de-su-partida-para-argel\/\"]}]},{\"@type\":\"ImageObject\",\"inLanguage\":\"es\",\"@id\":\"http:\/\/vincentians.com\/es\/vicente-de-paul-documento-159-consejos-de-san-vicente-al-padre-nouelly-y-al-hermano-barreau-antes-de-su-partida-para-argel\/#primaryimage\",\"url\":\"https:\/\/i0.wp.com\/vincentians.com\/es\/wp-content\/uploads\/sites\/11\/2016\/07\/escritos-vicente-de-paul.jpg?fit=1200%2C630\",\"contentUrl\":\"https:\/\/i0.wp.com\/vincentians.com\/es\/wp-content\/uploads\/sites\/11\/2016\/07\/escritos-vicente-de-paul.jpg?fit=1200%2C630\",\"width\":1200,\"height\":630},{\"@type\":\"BreadcrumbList\",\"@id\":\"http:\/\/vincentians.com\/es\/vicente-de-paul-documento-159-consejos-de-san-vicente-al-padre-nouelly-y-al-hermano-barreau-antes-de-su-partida-para-argel\/#breadcrumb\",\"itemListElement\":[{\"@type\":\"ListItem\",\"position\":1,\"name\":\"Portada\",\"item\":\"http:\/\/vincentians.com\/es\/\"},{\"@type\":\"ListItem\",\"position\":2,\"name\":\"Vicente de Pa\u00fal, Documento 159: Consejos De San Vicente Al Padre Nouelly Y Al Hermano Barreau Antes De Su Partida Para Argel\"}]},{\"@type\":\"WebSite\",\"@id\":\"http:\/\/vincentians.com\/es\/#website\",\"url\":\"http:\/\/vincentians.com\/es\/\",\"name\":\"Somos Vicencianos\",\"description\":\"Know more to serve more\",\"publisher\":{\"@id\":\"http:\/\/vincentians.com\/es\/#organization\"},\"potentialAction\":[{\"@type\":\"SearchAction\",\"target\":{\"@type\":\"EntryPoint\",\"urlTemplate\":\"http:\/\/vincentians.com\/es\/?s={search_term_string}\"},\"query-input\":{\"@type\":\"PropertyValueSpecification\",\"valueRequired\":true,\"valueName\":\"search_term_string\"}}],\"inLanguage\":\"es\"},{\"@type\":\"Organization\",\"@id\":\"http:\/\/vincentians.com\/es\/#organization\",\"name\":\"The Vincentian Network\",\"url\":\"http:\/\/vincentians.com\/es\/\",\"logo\":{\"@type\":\"ImageObject\",\"inLanguage\":\"es\",\"@id\":\"http:\/\/vincentians.com\/es\/#\/schema\/logo\/image\/\",\"url\":\"https:\/\/i1.wp.com\/vincentians.com\/es\/wp-content\/uploads\/sites\/11\/2016\/06\/Vincentian-Network-logo-big.png?fit=778%2C778\",\"contentUrl\":\"https:\/\/i1.wp.com\/vincentians.com\/es\/wp-content\/uploads\/sites\/11\/2016\/06\/Vincentian-Network-logo-big.png?fit=778%2C778\",\"width\":778,\"height\":778,\"caption\":\"The Vincentian Network\"},\"image\":{\"@id\":\"http:\/\/vincentians.com\/es\/#\/schema\/logo\/image\/\"},\"sameAs\":[\"https:\/\/www.facebook.com\/WeAreVincentians\/\",\"https:\/\/x.com\/WeVincentians\"]},{\"@type\":\"Person\",\"@id\":\"http:\/\/vincentians.com\/es\/#\/schema\/person\/9623ef4d9aa3b2dfb8c061f1499288f2\",\"name\":\"Francisco Javier Fern\u00e1ndez Chento\",\"image\":{\"@type\":\"ImageObject\",\"inLanguage\":\"es\",\"@id\":\"http:\/\/vincentians.com\/es\/#\/schema\/person\/image\/\",\"url\":\"https:\/\/secure.gravatar.com\/avatar\/497d5cde87b4c3d097d0315953521681ba2cd523ee66e5077c3711f7021e65de?s=96&d=mm&r=g\",\"contentUrl\":\"https:\/\/secure.gravatar.com\/avatar\/497d5cde87b4c3d097d0315953521681ba2cd523ee66e5077c3711f7021e65de?s=96&d=mm&r=g\",\"caption\":\"Francisco Javier Fern\u00e1ndez Chento\"},\"description\":\"Director General y cofundador de La Red de Formaci\u00f3n Vicenciana. Javier es laico vicenciano, afiliado a la Congregaci\u00f3n de la Misi\u00f3n y miembro del Equipo de Misiones Populares de la provincia can\u00f3nica de Zaragoza (Espa\u00f1a) de la Congregaci\u00f3n de la Misi\u00f3n. Graduado en la Universidad Oberta de Catalunya con cuatro grados (Asistente de direcci\u00f3n, Gesti\u00f3n Administrativa, Recursos Humanos y Contabilidad Avanzada). Bil\u00edng\u00fce Espa\u00f1ol\/Ingl\u00e9s. gestiona y mantiene varias p\u00e1ginas web cristianas y vicencianas, incluida including La Red de Formaci\u00f3n Vicenciana, de la que es cofundador. Actualmente es responsable del \u00e1rea de Espa\u00f1ol de .famvin, la Red de Noticias de la Familia Vicenciana. Tambi\u00e9n es m\u00fasico cat\u00f3lico y ha editado varios discos. Es Director General y cofundador de Trovador, una reconocida compa\u00f1\u00eda discogr\u00e1fica critiana de Espa\u00f1a. Trabaja en las Tecnolog\u00edas de la Informaci\u00f3n, ofreciendo servicios de alojamiento, dise\u00f1o y mantenimiento Web, as\u00ed como asesoramiento, formaci\u00f3n y soluciones inform\u00e1ticas, gesti\u00f3n documental y digitalizaci\u00f3n de textos, edici\u00f3n y maquetaci\u00f3n de libros, revistas, flyers, etc.\",\"sameAs\":[\"http:\/\/chento.org\",\"https:\/\/www.facebook.com\/JavierChento\",\"https:\/\/x.com\/https:\/\/twitter.com\/javierchento\"],\"url\":\"http:\/\/vincentians.com\/es\/author\/chento\/\"}]}<\/script>\n<!-- \/ Yoast SEO plugin. -->","yoast_head_json":{"title":"Vicente de Pa\u00fal, Documento 159: Consejos De San Vicente Al Padre Nouelly Y Al Hermano Barreau Antes De Su Partida Para Argel - Somos Vicencianos","robots":{"index":"index","follow":"follow","max-snippet":"max-snippet:-1","max-image-preview":"max-image-preview:large","max-video-preview":"max-video-preview:-1"},"canonical":"http:\/\/vincentians.com\/es\/vicente-de-paul-documento-159-consejos-de-san-vicente-al-padre-nouelly-y-al-hermano-barreau-antes-de-su-partida-para-argel\/","og_locale":"es_ES","og_type":"article","og_title":"Vicente de Pa\u00fal, Documento 159: Consejos De San Vicente Al Padre Nouelly Y Al Hermano Barreau Antes De Su Partida Para Argel - Somos Vicencianos","og_description":"[por el mes de mayo de 1646] El padre Nouelly y el hermano Barreau, a quienes la providencia de Dios ha llamado a Argel para asistir espiritual y corporalmente a todos los esclavos cristianos que ... Read More","og_url":"http:\/\/vincentians.com\/es\/vicente-de-paul-documento-159-consejos-de-san-vicente-al-padre-nouelly-y-al-hermano-barreau-antes-de-su-partida-para-argel\/","og_site_name":"Somos Vicencianos","article_publisher":"https:\/\/www.facebook.com\/WeAreVincentians\/","article_author":"https:\/\/www.facebook.com\/JavierChento","article_published_time":"2010-05-16T08:21:24+00:00","article_modified_time":"2016-07-26T17:50:55+00:00","og_image":[{"width":1200,"height":630,"url":"https:\/\/i0.wp.com\/vincentians.com\/es\/wp-content\/uploads\/sites\/11\/2016\/07\/escritos-vicente-de-paul.jpg?fit=1200%2C630","type":"image\/jpeg"}],"author":"Francisco Javier Fern\u00e1ndez Chento","twitter_card":"summary_large_image","twitter_creator":"@https:\/\/twitter.com\/javierchento","twitter_site":"@WeVincentians","twitter_misc":{"Escrito por":"Francisco Javier Fern\u00e1ndez Chento","Tiempo de lectura":"2 minutos"},"schema":{"@context":"https:\/\/schema.org","@graph":[{"@type":"Article","@id":"http:\/\/vincentians.com\/es\/vicente-de-paul-documento-159-consejos-de-san-vicente-al-padre-nouelly-y-al-hermano-barreau-antes-de-su-partida-para-argel\/#article","isPartOf":{"@id":"http:\/\/vincentians.com\/es\/vicente-de-paul-documento-159-consejos-de-san-vicente-al-padre-nouelly-y-al-hermano-barreau-antes-de-su-partida-para-argel\/"},"author":{"name":"Francisco Javier Fern\u00e1ndez Chento","@id":"http:\/\/vincentians.com\/es\/#\/schema\/person\/9623ef4d9aa3b2dfb8c061f1499288f2"},"headline":"Vicente de Pa\u00fal, Documento 159: Consejos De San Vicente Al Padre Nouelly Y Al Hermano Barreau Antes De Su Partida Para Argel","datePublished":"2010-05-16T08:21:24+00:00","dateModified":"2016-07-26T17:50:55+00:00","mainEntityOfPage":{"@id":"http:\/\/vincentians.com\/es\/vicente-de-paul-documento-159-consejos-de-san-vicente-al-padre-nouelly-y-al-hermano-barreau-antes-de-su-partida-para-argel\/"},"wordCount":447,"commentCount":0,"publisher":{"@id":"http:\/\/vincentians.com\/es\/#organization"},"image":{"@id":"http:\/\/vincentians.com\/es\/vicente-de-paul-documento-159-consejos-de-san-vicente-al-padre-nouelly-y-al-hermano-barreau-antes-de-su-partida-para-argel\/#primaryimage"},"thumbnailUrl":"https:\/\/i0.wp.com\/vincentians.com\/es\/wp-content\/uploads\/sites\/11\/2016\/07\/escritos-vicente-de-paul.jpg?fit=1200%2C630","keywords":["Argel"],"articleSection":["Escritos de Vicente de Pa\u00fal"],"inLanguage":"es","potentialAction":[{"@type":"CommentAction","name":"Comment","target":["http:\/\/vincentians.com\/es\/vicente-de-paul-documento-159-consejos-de-san-vicente-al-padre-nouelly-y-al-hermano-barreau-antes-de-su-partida-para-argel\/#respond"]}]},{"@type":"WebPage","@id":"http:\/\/vincentians.com\/es\/vicente-de-paul-documento-159-consejos-de-san-vicente-al-padre-nouelly-y-al-hermano-barreau-antes-de-su-partida-para-argel\/","url":"http:\/\/vincentians.com\/es\/vicente-de-paul-documento-159-consejos-de-san-vicente-al-padre-nouelly-y-al-hermano-barreau-antes-de-su-partida-para-argel\/","name":"Vicente de Pa\u00fal, Documento 159: Consejos De San Vicente Al Padre Nouelly Y Al Hermano Barreau Antes De Su Partida Para Argel - Somos Vicencianos","isPartOf":{"@id":"http:\/\/vincentians.com\/es\/#website"},"primaryImageOfPage":{"@id":"http:\/\/vincentians.com\/es\/vicente-de-paul-documento-159-consejos-de-san-vicente-al-padre-nouelly-y-al-hermano-barreau-antes-de-su-partida-para-argel\/#primaryimage"},"image":{"@id":"http:\/\/vincentians.com\/es\/vicente-de-paul-documento-159-consejos-de-san-vicente-al-padre-nouelly-y-al-hermano-barreau-antes-de-su-partida-para-argel\/#primaryimage"},"thumbnailUrl":"https:\/\/i0.wp.com\/vincentians.com\/es\/wp-content\/uploads\/sites\/11\/2016\/07\/escritos-vicente-de-paul.jpg?fit=1200%2C630","datePublished":"2010-05-16T08:21:24+00:00","dateModified":"2016-07-26T17:50:55+00:00","breadcrumb":{"@id":"http:\/\/vincentians.com\/es\/vicente-de-paul-documento-159-consejos-de-san-vicente-al-padre-nouelly-y-al-hermano-barreau-antes-de-su-partida-para-argel\/#breadcrumb"},"inLanguage":"es","potentialAction":[{"@type":"ReadAction","target":["http:\/\/vincentians.com\/es\/vicente-de-paul-documento-159-consejos-de-san-vicente-al-padre-nouelly-y-al-hermano-barreau-antes-de-su-partida-para-argel\/"]}]},{"@type":"ImageObject","inLanguage":"es","@id":"http:\/\/vincentians.com\/es\/vicente-de-paul-documento-159-consejos-de-san-vicente-al-padre-nouelly-y-al-hermano-barreau-antes-de-su-partida-para-argel\/#primaryimage","url":"https:\/\/i0.wp.com\/vincentians.com\/es\/wp-content\/uploads\/sites\/11\/2016\/07\/escritos-vicente-de-paul.jpg?fit=1200%2C630","contentUrl":"https:\/\/i0.wp.com\/vincentians.com\/es\/wp-content\/uploads\/sites\/11\/2016\/07\/escritos-vicente-de-paul.jpg?fit=1200%2C630","width":1200,"height":630},{"@type":"BreadcrumbList","@id":"http:\/\/vincentians.com\/es\/vicente-de-paul-documento-159-consejos-de-san-vicente-al-padre-nouelly-y-al-hermano-barreau-antes-de-su-partida-para-argel\/#breadcrumb","itemListElement":[{"@type":"ListItem","position":1,"name":"Portada","item":"http:\/\/vincentians.com\/es\/"},{"@type":"ListItem","position":2,"name":"Vicente de Pa\u00fal, Documento 159: Consejos De San Vicente Al Padre Nouelly Y Al Hermano Barreau Antes De Su Partida Para Argel"}]},{"@type":"WebSite","@id":"http:\/\/vincentians.com\/es\/#website","url":"http:\/\/vincentians.com\/es\/","name":"Somos Vicencianos","description":"Know more to serve more","publisher":{"@id":"http:\/\/vincentians.com\/es\/#organization"},"potentialAction":[{"@type":"SearchAction","target":{"@type":"EntryPoint","urlTemplate":"http:\/\/vincentians.com\/es\/?s={search_term_string}"},"query-input":{"@type":"PropertyValueSpecification","valueRequired":true,"valueName":"search_term_string"}}],"inLanguage":"es"},{"@type":"Organization","@id":"http:\/\/vincentians.com\/es\/#organization","name":"The Vincentian Network","url":"http:\/\/vincentians.com\/es\/","logo":{"@type":"ImageObject","inLanguage":"es","@id":"http:\/\/vincentians.com\/es\/#\/schema\/logo\/image\/","url":"https:\/\/i1.wp.com\/vincentians.com\/es\/wp-content\/uploads\/sites\/11\/2016\/06\/Vincentian-Network-logo-big.png?fit=778%2C778","contentUrl":"https:\/\/i1.wp.com\/vincentians.com\/es\/wp-content\/uploads\/sites\/11\/2016\/06\/Vincentian-Network-logo-big.png?fit=778%2C778","width":778,"height":778,"caption":"The Vincentian Network"},"image":{"@id":"http:\/\/vincentians.com\/es\/#\/schema\/logo\/image\/"},"sameAs":["https:\/\/www.facebook.com\/WeAreVincentians\/","https:\/\/x.com\/WeVincentians"]},{"@type":"Person","@id":"http:\/\/vincentians.com\/es\/#\/schema\/person\/9623ef4d9aa3b2dfb8c061f1499288f2","name":"Francisco Javier Fern\u00e1ndez Chento","image":{"@type":"ImageObject","inLanguage":"es","@id":"http:\/\/vincentians.com\/es\/#\/schema\/person\/image\/","url":"https:\/\/secure.gravatar.com\/avatar\/497d5cde87b4c3d097d0315953521681ba2cd523ee66e5077c3711f7021e65de?s=96&d=mm&r=g","contentUrl":"https:\/\/secure.gravatar.com\/avatar\/497d5cde87b4c3d097d0315953521681ba2cd523ee66e5077c3711f7021e65de?s=96&d=mm&r=g","caption":"Francisco Javier Fern\u00e1ndez Chento"},"description":"Director General y cofundador de La Red de Formaci\u00f3n Vicenciana. Javier es laico vicenciano, afiliado a la Congregaci\u00f3n de la Misi\u00f3n y miembro del Equipo de Misiones Populares de la provincia can\u00f3nica de Zaragoza (Espa\u00f1a) de la Congregaci\u00f3n de la Misi\u00f3n. Graduado en la Universidad Oberta de Catalunya con cuatro grados (Asistente de direcci\u00f3n, Gesti\u00f3n Administrativa, Recursos Humanos y Contabilidad Avanzada). Bil\u00edng\u00fce Espa\u00f1ol\/Ingl\u00e9s. gestiona y mantiene varias p\u00e1ginas web cristianas y vicencianas, incluida including La Red de Formaci\u00f3n Vicenciana, de la que es cofundador. Actualmente es responsable del \u00e1rea de Espa\u00f1ol de .famvin, la Red de Noticias de la Familia Vicenciana. Tambi\u00e9n es m\u00fasico cat\u00f3lico y ha editado varios discos. Es Director General y cofundador de Trovador, una reconocida compa\u00f1\u00eda discogr\u00e1fica critiana de Espa\u00f1a. Trabaja en las Tecnolog\u00edas de la Informaci\u00f3n, ofreciendo servicios de alojamiento, dise\u00f1o y mantenimiento Web, as\u00ed como asesoramiento, formaci\u00f3n y soluciones inform\u00e1ticas, gesti\u00f3n documental y digitalizaci\u00f3n de textos, edici\u00f3n y maquetaci\u00f3n de libros, revistas, flyers, etc.","sameAs":["http:\/\/chento.org","https:\/\/www.facebook.com\/JavierChento","https:\/\/x.com\/https:\/\/twitter.com\/javierchento"],"url":"http:\/\/vincentians.com\/es\/author\/chento\/"}]}},"jetpack_publicize_connections":[],"jetpack_featured_media_url":"https:\/\/i0.wp.com\/vincentians.com\/es\/wp-content\/uploads\/sites\/11\/2016\/07\/escritos-vicente-de-paul.jpg?fit=1200%2C630","jetpack_sharing_enabled":true,"jetpack_shortlink":"https:\/\/wp.me\/p7ETMF-69l","jetpack-related-posts":[{"id":116627,"url":"http:\/\/vincentians.com\/es\/vicente-de-paul-carta-1033-a-un-sacerdote-de-la-mision\/","url_meta":{"origin":23643,"position":0},"title":"Vicente de Pa\u00fal, Carta 1033: A un Sacerdote de La Misi\u00f3n","author":"Francisco Javier Fern\u00e1ndez Chento","date":"24\/12\/2012","format":false,"excerpt":"[Fines de septiembre o principios de octubre. 1647] Aunque estoy de retiro, no dejo de escribirle para encomendar a sus oraciones a una persona de la Compa\u00f1\u00eda, que ha muerto, el padre Nouelly, fallecido en Argel, donde hab\u00eda sido enviado para asistir a los pobres esclavos cristianos, con los que\u2026","rel":"","context":"En \u00abEscritos de Vicente de Pa\u00fal\u00bb","block_context":{"text":"Escritos de Vicente de Pa\u00fal","link":"http:\/\/vincentians.com\/es\/category\/escritos\/escritos-de-vicente-de-paul\/"},"img":{"alt_text":"","src":"https:\/\/i0.wp.com\/vincentians.com\/es\/wp-content\/uploads\/sites\/11\/2016\/07\/escritos-vicente-de-paul.jpg?fit=1200%2C630&resize=350%2C200","width":350,"height":200,"srcset":"https:\/\/i0.wp.com\/vincentians.com\/es\/wp-content\/uploads\/sites\/11\/2016\/07\/escritos-vicente-de-paul.jpg?fit=1200%2C630&resize=350%2C200 1x, https:\/\/i0.wp.com\/vincentians.com\/es\/wp-content\/uploads\/sites\/11\/2016\/07\/escritos-vicente-de-paul.jpg?fit=1200%2C630&resize=525%2C300 1.5x, https:\/\/i0.wp.com\/vincentians.com\/es\/wp-content\/uploads\/sites\/11\/2016\/07\/escritos-vicente-de-paul.jpg?fit=1200%2C630&resize=700%2C400 2x, https:\/\/i0.wp.com\/vincentians.com\/es\/wp-content\/uploads\/sites\/11\/2016\/07\/escritos-vicente-de-paul.jpg?fit=1200%2C630&resize=1050%2C600 3x"},"classes":[]},{"id":116626,"url":"http:\/\/vincentians.com\/es\/vicente-de-paul-carta-1032-a-juan-barreau-consul-de-francia-en-argel\/","url_meta":{"origin":23643,"position":1},"title":"Vicente de Pa\u00fal, Carta 1032: A Juan Barreau, C\u00f3nsul de Francia, en Argel","author":"Francisco Javier Fern\u00e1ndez Chento","date":"23\/12\/2012","format":false,"excerpt":"[Fines de septiembre o principios de octubre, 1647] Ayer tarde recib\u00ed la triste, pero feliz, noticia de la muerte del padre Nouelly, que me ha hecho derramar muchas l\u00e1grimas en varias ocasiones, pero l\u00e1grimas de gratitud a Dios por su bondad con la Compa\u00f1\u00eda, al haberle dado un sacerdote que\u2026","rel":"","context":"En \u00abEscritos de Vicente de Pa\u00fal\u00bb","block_context":{"text":"Escritos de Vicente de Pa\u00fal","link":"http:\/\/vincentians.com\/es\/category\/escritos\/escritos-de-vicente-de-paul\/"},"img":{"alt_text":"","src":"https:\/\/i0.wp.com\/vincentians.com\/es\/wp-content\/uploads\/sites\/11\/2016\/07\/escritos-vicente-de-paul.jpg?fit=1200%2C630&resize=350%2C200","width":350,"height":200,"srcset":"https:\/\/i0.wp.com\/vincentians.com\/es\/wp-content\/uploads\/sites\/11\/2016\/07\/escritos-vicente-de-paul.jpg?fit=1200%2C630&resize=350%2C200 1x, https:\/\/i0.wp.com\/vincentians.com\/es\/wp-content\/uploads\/sites\/11\/2016\/07\/escritos-vicente-de-paul.jpg?fit=1200%2C630&resize=525%2C300 1.5x, https:\/\/i0.wp.com\/vincentians.com\/es\/wp-content\/uploads\/sites\/11\/2016\/07\/escritos-vicente-de-paul.jpg?fit=1200%2C630&resize=700%2C400 2x, https:\/\/i0.wp.com\/vincentians.com\/es\/wp-content\/uploads\/sites\/11\/2016\/07\/escritos-vicente-de-paul.jpg?fit=1200%2C630&resize=1050%2C600 3x"},"classes":[]},{"id":114849,"url":"http:\/\/vincentians.com\/es\/vicente-de-paul-carta-1015-juan-barreau-consul-en-argel-a-san-vicente\/","url_meta":{"origin":23643,"position":2},"title":"Vicente de Pa\u00fal, Carta 1015: Juan Barreau, C\u00f3nsul En Argel, A San Vicente","author":"Mitxel Olabu\u00e9naga","date":"26\/02\/2019","format":false,"excerpt":"Argel, 27 julio 1647. Padre: Por la \u00faltima que le escribi\u00f3 el buen padre Nouelly, por la v\u00eda de G\u00e9nova y Livorno, pudo usted saber c\u00f3mo el 26 de junio pasado el bach\u00e1 reci\u00e9n llegado me mand\u00f3 encarcelar a causa del aval que me hab\u00eda visto obligado a presentar por\u2026","rel":"","context":"En \u00abEscritos de Vicente de Pa\u00fal\u00bb","block_context":{"text":"Escritos de Vicente de Pa\u00fal","link":"http:\/\/vincentians.com\/es\/category\/escritos\/escritos-de-vicente-de-paul\/"},"img":{"alt_text":"","src":"https:\/\/i0.wp.com\/vincentians.com\/es\/wp-content\/uploads\/sites\/11\/2016\/07\/escritos-vicente-de-paul.jpg?fit=1200%2C630&resize=350%2C200","width":350,"height":200,"srcset":"https:\/\/i0.wp.com\/vincentians.com\/es\/wp-content\/uploads\/sites\/11\/2016\/07\/escritos-vicente-de-paul.jpg?fit=1200%2C630&resize=350%2C200 1x, https:\/\/i0.wp.com\/vincentians.com\/es\/wp-content\/uploads\/sites\/11\/2016\/07\/escritos-vicente-de-paul.jpg?fit=1200%2C630&resize=525%2C300 1.5x, https:\/\/i0.wp.com\/vincentians.com\/es\/wp-content\/uploads\/sites\/11\/2016\/07\/escritos-vicente-de-paul.jpg?fit=1200%2C630&resize=700%2C400 2x, https:\/\/i0.wp.com\/vincentians.com\/es\/wp-content\/uploads\/sites\/11\/2016\/07\/escritos-vicente-de-paul.jpg?fit=1200%2C630&resize=1050%2C600 3x"},"classes":[]},{"id":126087,"url":"http:\/\/vincentians.com\/es\/vicente-de-paul-carta-1165-a-un-sacerdote-de-la-mision\/","url_meta":{"origin":23643,"position":3},"title":"Vicente de Pa\u00fal, Carta 1165: A Un Sacerdote De La Misi\u00f3n","author":"Francisco Javier Fern\u00e1ndez Chento","date":"05\/12\/2013","format":false,"excerpt":"[Por junio de 1649] Me he estremecido de emoci\u00f3n con el recuerdo del buen padre Dieppe, que ha muerto en Argel, Nunca pens\u00e9 que llegara tan lejos el buen olor de sus virtudes. El hermano Barreau me habla de \u00e9l en su \u00faltima carta, con nuevos sentimientos de aprecio y\u2026","rel":"","context":"En \u00abEscritos de Vicente de Pa\u00fal\u00bb","block_context":{"text":"Escritos de Vicente de Pa\u00fal","link":"http:\/\/vincentians.com\/es\/category\/escritos\/escritos-de-vicente-de-paul\/"},"img":{"alt_text":"","src":"https:\/\/i0.wp.com\/vincentians.com\/es\/wp-content\/uploads\/sites\/11\/2016\/07\/escritos-vicente-de-paul.jpg?fit=1200%2C630&resize=350%2C200","width":350,"height":200,"srcset":"https:\/\/i0.wp.com\/vincentians.com\/es\/wp-content\/uploads\/sites\/11\/2016\/07\/escritos-vicente-de-paul.jpg?fit=1200%2C630&resize=350%2C200 1x, https:\/\/i0.wp.com\/vincentians.com\/es\/wp-content\/uploads\/sites\/11\/2016\/07\/escritos-vicente-de-paul.jpg?fit=1200%2C630&resize=525%2C300 1.5x, https:\/\/i0.wp.com\/vincentians.com\/es\/wp-content\/uploads\/sites\/11\/2016\/07\/escritos-vicente-de-paul.jpg?fit=1200%2C630&resize=700%2C400 2x, https:\/\/i0.wp.com\/vincentians.com\/es\/wp-content\/uploads\/sites\/11\/2016\/07\/escritos-vicente-de-paul.jpg?fit=1200%2C630&resize=1050%2C600 3x"},"classes":[]},{"id":155867,"url":"http:\/\/vincentians.com\/es\/vicente-de-paul-carta-1319-a-juan-barreau-consul-en-argel\/","url_meta":{"origin":23643,"position":4},"title":"Vicente de Pa\u00fal, Carta 1319: A Juan Barreau, Consul En Argel","author":"Francisco Javier Fern\u00e1ndez Chento","date":"03\/06\/2015","format":false,"excerpt":"Par\u00eds, 15 de septiembre de 1650 Mi querido Hermano: La gracia de Nuestro Se\u00f1or sea siempre con nosotros. Con gran dolor me hago cargo del estado en que est\u00e1, que es motivo de pena para la Compa\u00f1\u00eda y para usted de m\u00e9rito ante Dios, ya que sufre como inocente .\u2026","rel":"","context":"En \u00abEscritos de Vicente de Pa\u00fal\u00bb","block_context":{"text":"Escritos de Vicente de Pa\u00fal","link":"http:\/\/vincentians.com\/es\/category\/escritos\/escritos-de-vicente-de-paul\/"},"img":{"alt_text":"","src":"https:\/\/i0.wp.com\/vincentians.com\/es\/wp-content\/uploads\/sites\/11\/2016\/07\/escritos-vicente-de-paul.jpg?fit=1200%2C630&resize=350%2C200","width":350,"height":200,"srcset":"https:\/\/i0.wp.com\/vincentians.com\/es\/wp-content\/uploads\/sites\/11\/2016\/07\/escritos-vicente-de-paul.jpg?fit=1200%2C630&resize=350%2C200 1x, https:\/\/i0.wp.com\/vincentians.com\/es\/wp-content\/uploads\/sites\/11\/2016\/07\/escritos-vicente-de-paul.jpg?fit=1200%2C630&resize=525%2C300 1.5x, https:\/\/i0.wp.com\/vincentians.com\/es\/wp-content\/uploads\/sites\/11\/2016\/07\/escritos-vicente-de-paul.jpg?fit=1200%2C630&resize=700%2C400 2x, https:\/\/i0.wp.com\/vincentians.com\/es\/wp-content\/uploads\/sites\/11\/2016\/07\/escritos-vicente-de-paul.jpg?fit=1200%2C630&resize=1050%2C600 3x"},"classes":[]},{"id":137540,"url":"http:\/\/vincentians.com\/es\/vicente-de-paul-carta-1274-a-propaganda-fide\/","url_meta":{"origin":23643,"position":5},"title":"Vicente de Pa\u00fal, Carta 1274: A Propaganda Fide","author":"Francisco Javier Fern\u00e1ndez Chento","date":"09\/02\/2015","format":false,"excerpt":"[Mayo 1650] Eminentissimi e Reverendissimi Signori: Furono successivamente concesse da questa Sacra Congregazione le facolta de missionari a Bonifazio Nouelly, Giacomo Lesage e Gioveanni Dieppe, sacerdoti della Congregazione della Missione e mandati in Algeri tanto per soccorrere i poveri schiavi cattolici quanto per estendere maggiormente la nostra santa fede in\u2026","rel":"","context":"En \u00abEscritos de Vicente de Pa\u00fal\u00bb","block_context":{"text":"Escritos de Vicente de Pa\u00fal","link":"http:\/\/vincentians.com\/es\/category\/escritos\/escritos-de-vicente-de-paul\/"},"img":{"alt_text":"","src":"https:\/\/i0.wp.com\/vincentians.com\/es\/wp-content\/uploads\/sites\/11\/2016\/07\/escritos-vicente-de-paul.jpg?fit=1200%2C630&resize=350%2C200","width":350,"height":200,"srcset":"https:\/\/i0.wp.com\/vincentians.com\/es\/wp-content\/uploads\/sites\/11\/2016\/07\/escritos-vicente-de-paul.jpg?fit=1200%2C630&resize=350%2C200 1x, https:\/\/i0.wp.com\/vincentians.com\/es\/wp-content\/uploads\/sites\/11\/2016\/07\/escritos-vicente-de-paul.jpg?fit=1200%2C630&resize=525%2C300 1.5x, https:\/\/i0.wp.com\/vincentians.com\/es\/wp-content\/uploads\/sites\/11\/2016\/07\/escritos-vicente-de-paul.jpg?fit=1200%2C630&resize=700%2C400 2x, https:\/\/i0.wp.com\/vincentians.com\/es\/wp-content\/uploads\/sites\/11\/2016\/07\/escritos-vicente-de-paul.jpg?fit=1200%2C630&resize=1050%2C600 3x"},"classes":[]}],"_links":{"self":[{"href":"http:\/\/vincentians.com\/es\/wp-json\/wp\/v2\/posts\/23643","targetHints":{"allow":["GET"]}}],"collection":[{"href":"http:\/\/vincentians.com\/es\/wp-json\/wp\/v2\/posts"}],"about":[{"href":"http:\/\/vincentians.com\/es\/wp-json\/wp\/v2\/types\/post"}],"author":[{"embeddable":true,"href":"http:\/\/vincentians.com\/es\/wp-json\/wp\/v2\/users\/4"}],"replies":[{"embeddable":true,"href":"http:\/\/vincentians.com\/es\/wp-json\/wp\/v2\/comments?post=23643"}],"version-history":[{"count":0,"href":"http:\/\/vincentians.com\/es\/wp-json\/wp\/v2\/posts\/23643\/revisions"}],"wp:featuredmedia":[{"embeddable":true,"href":"http:\/\/vincentians.com\/es\/wp-json\/wp\/v2\/media\/393753"}],"wp:attachment":[{"href":"http:\/\/vincentians.com\/es\/wp-json\/wp\/v2\/media?parent=23643"}],"wp:term":[{"taxonomy":"category","embeddable":true,"href":"http:\/\/vincentians.com\/es\/wp-json\/wp\/v2\/categories?post=23643"},{"taxonomy":"post_tag","embeddable":true,"href":"http:\/\/vincentians.com\/es\/wp-json\/wp\/v2\/tags?post=23643"}],"curies":[{"name":"wp","href":"https:\/\/api.w.org\/{rel}","templated":true}]}}