{"id":23634,"date":"2010-05-08T10:20:58","date_gmt":"2010-05-08T08:20:58","guid":{"rendered":"http:\/\/somos.vicencianos.org\/blog\/2010\/12\/05\/vicente-de-paul-documento-151-contrato-de-fundacion-de-una-casa-de-la-congregacion-de-la-mision-por-el-cardenal-richelieu\/"},"modified":"2016-07-26T19:50:56","modified_gmt":"2016-07-26T17:50:56","slug":"vicente-de-paul-documento-151-contrato-de-fundacion-de-una-casa-de-la-congregacion-de-la-mision-por-el-cardenal-richelieu","status":"publish","type":"post","link":"http:\/\/vincentians.com\/es\/vicente-de-paul-documento-151-contrato-de-fundacion-de-una-casa-de-la-congregacion-de-la-mision-por-el-cardenal-richelieu\/","title":{"rendered":"Vicente de Pa\u00fal, Documento 151: Contrato De Fundaci\u00f3n De Una Casa De La Congregaci\u00f3n De La Misi\u00f3n Por El Cardenal Richelieu"},"content":{"rendered":"<p><strong><br \/>\n<\/strong><\/p>\n<p>7 diciembre 1641<\/p>\n<p>Sepan todos que en la corte del sello real para contratos de Fontenay-le-Comte se presenta y acude personalmente con sus derechos Nicol\u00e1s Pichard, se\u00f1or de la Frainerie, inspector de hacienda por el rey en la jurisdicci\u00f3n de dicha ciudad de Fontenay, y su esposa la se\u00f1ora Margarita Dejan, debidamente autorizada para el efecto del contenido de las presentes, residentes en esta ciudad, por una parte<\/p>\n<p>y por otra, Santiago de Sallo 1, cabaliero se\u00f1or de Beauregard, en nombre y como procurador del se\u00f1or Vicente Depaul, superior general de la congregaci\u00f3n de reverendos padres de la Misi\u00f3n, y por orden y mandamiento que tiene dicho se\u00f1or Vicente Depaul del eminent\u00edsimo se\u00f1or cardenal duque de Richelieu;<\/p>\n<p>los cuales Pichard y Dejan conjuntamente, la susodicha de buen grado y voluntad, cada uno de ellos por separado y uno por el otro, renunciando a los beneficios de divisi\u00f3n, de orden y discusi\u00f3n de los bienes aqu\u00ed declarados, han vendido, cedido y trasferido y por las presentes venden, ceden y trasfieren a perpetuidad a dicho se\u00f1or de Sallo como procurador de dicho se\u00f1or Vicente Depaul, superior de la mencionada congregaci\u00f3n de la Misi\u00f3n, estipulando y aceptando para \u00e9l en el futuro y para los que de \u00e9l tengan derecho y causa, en virtud de una carta misiva fechada en Par\u00eds el 12 de octubre y otra del 24 de noviembre, firmadas ambas por Vicente Depaul: a saber, una casa vulgarmente llamada Pontdevie, situada en la ciudad de Lu\u00e7on, consistente en un edificio central grande, cuevas, graneros y un patio grande, en un rinc\u00f3n del cual est\u00e1n las cuadras y al otro lado un pabell\u00f3n; m\u00e1s el huerto que hay detr\u00e1s de dicho edificio en donde residen actualmente los reverendos padres de la Misi\u00f3n. Adem\u00e1s el almac\u00e9n que hay junto a dicho edificio y un peque\u00f1o huerto que cultiva actualmente el llamado La Tousche, con sus entradas y salidas todo ello cercado por un muro que es de la pertenencia del edificio de Pontdevie, que tiene por un lado seg\u00fan se viene por el camino unas puertas grandes que dan a la capellan\u00eda de Lu\u00e7on, y por otro una salida al huerto de Juan Cottereau, se\u00f1or de Grandmarais, y por otro a los huertos y cuadras de Juan Naulot, Mar\u00eda Merland, el se\u00f1or de la Mongie y otros. Igualmente le venden por el mismo t\u00edtulo un huerto peque\u00f1o que est\u00e1 delante del port\u00f3n de dicho edificio de Pontdevie. Pasa por delante la calle y tiene a ambos lados el huerto de la Chapelle des Debonds, de la que es actualmente capell\u00e1n Lorenzo Rochereau. Todas estas casas y huertos los vendedores declaran que creen que pertenecieron en su origen al arcedianato de Aizenay y a las baron\u00edas de Lu\u00e7on, sin que sepan a qu\u00e9 obligaciones est\u00e1n sujetos los lugares as\u00ed vendidos, ofreci\u00e9ndose a declararlo en el mismo momento en que lo sepan, despu\u00e9s de haberse hecho la venta, cesi\u00f3n y trasferencia mediante el precio y la cantidad de 4.850 libras turonesas, que dicho se\u00f1or de Sallo ha entregado y pagado a la vista de nosotros, los notarios y escribanos reales que abajo firmamos, a dichos vendedores en pistolas, monedas de 58 sueldos, cuartos de escudo y otras monedas en la calidad y peso requerido y que constituyen la cantidad mencionada, que los vendedores han tomado, recibido y aceptado. Con ello se han contentado y contentan y le dan recibo a dicho se\u00f1or de Sallo. Esta cantidad de 4.850 libras es de los dineros de dicho se\u00f1or Vicente Depaul y le ha hecho regalo de esta cantidad el eminent\u00edsimo se\u00f1or cardenal duque de Richelieu para la compra de estos terrenos y edificios de dicho Pichard y su esposa, que tienen sobre ellos la debida autoridad cada uno de ellos por s\u00ed mismo y uno en nombre del otro, como se ha dicho, y se desposeen y descargan de todo, revistiendo a dicho se\u00f1or de Sallo, queriendo y aceptando que la posesi\u00f3n y disfrute que han hecho sea para los fines mencionados, cedi\u00e9ndole y trasfiri\u00e9ndole por las presentes todos los derechos de propiedad y posesi\u00f3n, para que goce de ellos desde ahora y a perpetuidad, prometiendo dichos vendedores garantizar y defender todas las posibles complicaciones e impedimentos que pudieran sobrevenir, pagando en adelante los gastos que pudieren haberse debido tal como es costumbre pagar, aunque con la carga de que todos los muebles que hay en dicha casa de Pontdevie pertenecientes a dicho Pichard y su esposa queden all\u00ed hasta el primer d\u00eda de abril pr\u00f3ximo, en el que tendr\u00e1n la obligaci\u00f3n de retirarlos, pudiendo hacerlo tambi\u00e9n de los dos toneles que hay en las bodegas, en pago de lo cual dichos Pichard dispensan a los reverendos padres de la Misi\u00f3n del pago del alquiler que les deben por dicha casa desde el mes de agosto hasta el presente.<\/p>\n<p>Y dichos vendedores se reservan expresamente todos los dem\u00e1s bienes, censos, terrenos y posesiones que les pertenecen en la parroquia de Lu\u00e7on y de sus alrededores, fuera de las cosas ya dichas que han vendido.<\/p>\n<p>Todo lo cual ha sido respectivamente querido, estipulado y aceptado por las partes, oblig\u00e1ndose cada una de ellas a hacer todo lo que le corresponde en hechos y en promesas, hipotecando todos y cada uno de sus bienes presentes y venideros; y adem\u00e1s dichos vendedores cada uno de ellos solo y el uno por el otro, tal como se ha dicho, renuncian a los beneficios de divisi\u00f3n, discusi\u00f3n y orden que pudieran tener, y a las dem\u00e1s obligaciones del uno con el otro, cargando los dos con las cargas que estuvieren sin cumplir.<\/p>\n<p>De lo cual y de todo lo que dichas partes han querido y solicitado con libre consentimiento nos declaramos jueces competentes en dicha corte nosotros, Esteban Robert y Pedro Bonnet, notarios y escribanos reales jurados de la misma, a cuyo poder y jurisdicci\u00f3n est\u00e1n sometidos sus bienes. Todo esto se firma en Fontenay, en casa de dicho Pichard el 7 de diciembre del a\u00f1o 1641, por la tarde.<\/p>\n<p>Indicaci\u00f3n del sello con los privilegios del edicto.<\/p>\n<p>La minuta est\u00e1 firmada: N. Pichard, Margarita De Jan Santiago de Salle y los abajo firmantes notarios:<\/p>\n<p>ROBERT notario y escribano real,<\/p>\n<p>J. BONNET, notario y escribano real<\/p>\n<p>Visto para la minuta y colaci\u00f3n de las presentes, para mi connotario y para m\u00ed 15 libras con doce sueldos.<\/p>\n<p>Visto en la oficina de Fontenay-le-Comte el 8 diciembre 1641 por m\u00ed, el firmante comisionado Fl\u00e9au. Recib\u00ed 13 sueldos, 5 dineros.<\/p>\n<p>Yo, el abajo firmante, Luis Couillad, secretario del arcedianato de Aisenay y se\u00f1or\u00eda de Santiago para todo el territorio en el que est\u00e1 situada la casa de Pontdevie, sus pertenencias y dependencias de patio, pabell\u00f3n, cuadras, huerto, almac\u00e9n, con un peque\u00f1o huerto y aleda\u00f1os, junto todo ello; y administrador tambi\u00e9n de las baron\u00edas de Lu\u00e7on a medias con Gil y Bautista Ciccoteaux, mis asociados en la otra mitad de la administraci\u00f3n de las baron\u00edas en donde est\u00e1 el peque\u00f1o huerto frente al port\u00f3n de Pontdevie, estando el camino entre ambos, confieso haber recibido del comprador designado en el presente contrato la cantidad de 150 libras turonesas por todos os derechos y deberes de cuanto se contiene en dicho contrato y lo restante se lo he entregado en composici\u00f3n al se\u00f1or comprador, content\u00e1ndome con la cantidad de esas 150 libras por todas estas ventas; y entrego y prometo entregar recibo para dicho se\u00f1or en nombre de mis asociados, los mencionados se\u00f1ores Cicotteaux, por el presente documento que escribo y firmo en Fontenay-le-Compte el 8 de diciembre de 1641,<\/p>\n<p>L. COUILLAUD<\/p>\n","protected":false},"excerpt":{"rendered":"<p>7 diciembre 1641 Sepan todos que en la corte del sello real para contratos de Fontenay-le-Comte se presenta y acude personalmente con sus derechos Nicol\u00e1s Pichard, se\u00f1or de la Frainerie, inspector de hacienda por el &#8230; <a href=\"http:\/\/vincentians.com\/es\/vicente-de-paul-documento-151-contrato-de-fundacion-de-una-casa-de-la-congregacion-de-la-mision-por-el-cardenal-richelieu\/\" class=\"more-link\">Read More<\/a><\/p>\n","protected":false},"author":4,"featured_media":393753,"comment_status":"open","ping_status":"open","sticky":false,"template":"","format":"standard","meta":{"jetpack_post_was_ever_published":false,"_jetpack_newsletter_access":"","_jetpack_dont_email_post_to_subs":false,"_jetpack_newsletter_tier_id":0,"_jetpack_memberships_contains_paywalled_content":false,"_jetpack_memberships_contains_paid_content":false,"footnotes":"","jetpack_publicize_message":"","jetpack_publicize_feature_enabled":true,"jetpack_social_post_already_shared":true,"jetpack_social_options":{"image_generator_settings":{"template":"highway","default_image_id":0,"font":"","enabled":false},"version":2}},"categories":[65],"tags":[],"class_list":["post-23634","post","type-post","status-publish","format-standard","has-post-thumbnail","hentry","category-escritos-de-vicente-de-paul"],"yoast_head":"<!-- This site is optimized with the Yoast SEO plugin v26.3 - https:\/\/yoast.com\/wordpress\/plugins\/seo\/ -->\n<title>Vicente de Pa\u00fal, Documento 151: Contrato De Fundaci\u00f3n De Una Casa De La Congregaci\u00f3n De La Misi\u00f3n Por El Cardenal Richelieu - Somos Vicencianos<\/title>\n<meta name=\"robots\" content=\"index, follow, max-snippet:-1, max-image-preview:large, max-video-preview:-1\" \/>\n<link rel=\"canonical\" href=\"http:\/\/vincentians.com\/es\/vicente-de-paul-documento-151-contrato-de-fundacion-de-una-casa-de-la-congregacion-de-la-mision-por-el-cardenal-richelieu\/\" \/>\n<meta property=\"og:locale\" content=\"es_ES\" \/>\n<meta property=\"og:type\" content=\"article\" \/>\n<meta property=\"og:title\" content=\"Vicente de Pa\u00fal, Documento 151: Contrato De Fundaci\u00f3n De Una Casa De La Congregaci\u00f3n De La Misi\u00f3n Por El Cardenal Richelieu - Somos Vicencianos\" \/>\n<meta property=\"og:description\" content=\"7 diciembre 1641 Sepan todos que en la corte del sello real para contratos de Fontenay-le-Comte se presenta y acude personalmente con sus derechos Nicol\u00e1s Pichard, se\u00f1or de la Frainerie, inspector de hacienda por el ... Read More\" \/>\n<meta property=\"og:url\" content=\"http:\/\/vincentians.com\/es\/vicente-de-paul-documento-151-contrato-de-fundacion-de-una-casa-de-la-congregacion-de-la-mision-por-el-cardenal-richelieu\/\" \/>\n<meta property=\"og:site_name\" content=\"Somos Vicencianos\" \/>\n<meta property=\"article:publisher\" content=\"https:\/\/www.facebook.com\/WeAreVincentians\/\" \/>\n<meta property=\"article:author\" content=\"https:\/\/www.facebook.com\/JavierChento\" \/>\n<meta property=\"article:published_time\" content=\"2010-05-08T08:20:58+00:00\" \/>\n<meta property=\"article:modified_time\" content=\"2016-07-26T17:50:56+00:00\" \/>\n<meta property=\"og:image\" content=\"https:\/\/i0.wp.com\/vincentians.com\/es\/wp-content\/uploads\/sites\/11\/2016\/07\/escritos-vicente-de-paul.jpg?fit=1200%2C630\" \/>\n\t<meta property=\"og:image:width\" content=\"1200\" \/>\n\t<meta property=\"og:image:height\" content=\"630\" \/>\n\t<meta property=\"og:image:type\" content=\"image\/jpeg\" \/>\n<meta name=\"author\" content=\"Francisco Javier Fern\u00e1ndez Chento\" \/>\n<meta name=\"twitter:card\" content=\"summary_large_image\" \/>\n<meta name=\"twitter:creator\" content=\"@https:\/\/twitter.com\/javierchento\" \/>\n<meta name=\"twitter:site\" content=\"@WeVincentians\" \/>\n<meta name=\"twitter:label1\" content=\"Escrito por\" \/>\n\t<meta name=\"twitter:data1\" content=\"Francisco Javier Fern\u00e1ndez Chento\" \/>\n\t<meta name=\"twitter:label2\" content=\"Tiempo de lectura\" \/>\n\t<meta name=\"twitter:data2\" content=\"7 minutos\" \/>\n<script type=\"application\/ld+json\" class=\"yoast-schema-graph\">{\"@context\":\"https:\/\/schema.org\",\"@graph\":[{\"@type\":\"Article\",\"@id\":\"http:\/\/vincentians.com\/es\/vicente-de-paul-documento-151-contrato-de-fundacion-de-una-casa-de-la-congregacion-de-la-mision-por-el-cardenal-richelieu\/#article\",\"isPartOf\":{\"@id\":\"http:\/\/vincentians.com\/es\/vicente-de-paul-documento-151-contrato-de-fundacion-de-una-casa-de-la-congregacion-de-la-mision-por-el-cardenal-richelieu\/\"},\"author\":{\"name\":\"Francisco Javier Fern\u00e1ndez Chento\",\"@id\":\"https:\/\/vincentians.com\/es\/#\/schema\/person\/9623ef4d9aa3b2dfb8c061f1499288f2\"},\"headline\":\"Vicente de Pa\u00fal, Documento 151: Contrato De Fundaci\u00f3n De Una Casa De La Congregaci\u00f3n De La Misi\u00f3n Por El Cardenal Richelieu\",\"datePublished\":\"2010-05-08T08:20:58+00:00\",\"dateModified\":\"2016-07-26T17:50:56+00:00\",\"mainEntityOfPage\":{\"@id\":\"http:\/\/vincentians.com\/es\/vicente-de-paul-documento-151-contrato-de-fundacion-de-una-casa-de-la-congregacion-de-la-mision-por-el-cardenal-richelieu\/\"},\"wordCount\":1351,\"commentCount\":0,\"publisher\":{\"@id\":\"https:\/\/vincentians.com\/es\/#organization\"},\"image\":{\"@id\":\"http:\/\/vincentians.com\/es\/vicente-de-paul-documento-151-contrato-de-fundacion-de-una-casa-de-la-congregacion-de-la-mision-por-el-cardenal-richelieu\/#primaryimage\"},\"thumbnailUrl\":\"https:\/\/i0.wp.com\/vincentians.com\/es\/wp-content\/uploads\/sites\/11\/2016\/07\/escritos-vicente-de-paul.jpg?fit=1200%2C630\",\"articleSection\":[\"Escritos de Vicente de Pa\u00fal\"],\"inLanguage\":\"es\",\"potentialAction\":[{\"@type\":\"CommentAction\",\"name\":\"Comment\",\"target\":[\"http:\/\/vincentians.com\/es\/vicente-de-paul-documento-151-contrato-de-fundacion-de-una-casa-de-la-congregacion-de-la-mision-por-el-cardenal-richelieu\/#respond\"]}]},{\"@type\":\"WebPage\",\"@id\":\"http:\/\/vincentians.com\/es\/vicente-de-paul-documento-151-contrato-de-fundacion-de-una-casa-de-la-congregacion-de-la-mision-por-el-cardenal-richelieu\/\",\"url\":\"http:\/\/vincentians.com\/es\/vicente-de-paul-documento-151-contrato-de-fundacion-de-una-casa-de-la-congregacion-de-la-mision-por-el-cardenal-richelieu\/\",\"name\":\"Vicente de Pa\u00fal, Documento 151: Contrato De Fundaci\u00f3n De Una Casa De La Congregaci\u00f3n De La Misi\u00f3n Por El Cardenal Richelieu - Somos Vicencianos\",\"isPartOf\":{\"@id\":\"https:\/\/vincentians.com\/es\/#website\"},\"primaryImageOfPage\":{\"@id\":\"http:\/\/vincentians.com\/es\/vicente-de-paul-documento-151-contrato-de-fundacion-de-una-casa-de-la-congregacion-de-la-mision-por-el-cardenal-richelieu\/#primaryimage\"},\"image\":{\"@id\":\"http:\/\/vincentians.com\/es\/vicente-de-paul-documento-151-contrato-de-fundacion-de-una-casa-de-la-congregacion-de-la-mision-por-el-cardenal-richelieu\/#primaryimage\"},\"thumbnailUrl\":\"https:\/\/i0.wp.com\/vincentians.com\/es\/wp-content\/uploads\/sites\/11\/2016\/07\/escritos-vicente-de-paul.jpg?fit=1200%2C630\",\"datePublished\":\"2010-05-08T08:20:58+00:00\",\"dateModified\":\"2016-07-26T17:50:56+00:00\",\"breadcrumb\":{\"@id\":\"http:\/\/vincentians.com\/es\/vicente-de-paul-documento-151-contrato-de-fundacion-de-una-casa-de-la-congregacion-de-la-mision-por-el-cardenal-richelieu\/#breadcrumb\"},\"inLanguage\":\"es\",\"potentialAction\":[{\"@type\":\"ReadAction\",\"target\":[\"http:\/\/vincentians.com\/es\/vicente-de-paul-documento-151-contrato-de-fundacion-de-una-casa-de-la-congregacion-de-la-mision-por-el-cardenal-richelieu\/\"]}]},{\"@type\":\"ImageObject\",\"inLanguage\":\"es\",\"@id\":\"http:\/\/vincentians.com\/es\/vicente-de-paul-documento-151-contrato-de-fundacion-de-una-casa-de-la-congregacion-de-la-mision-por-el-cardenal-richelieu\/#primaryimage\",\"url\":\"https:\/\/i0.wp.com\/vincentians.com\/es\/wp-content\/uploads\/sites\/11\/2016\/07\/escritos-vicente-de-paul.jpg?fit=1200%2C630\",\"contentUrl\":\"https:\/\/i0.wp.com\/vincentians.com\/es\/wp-content\/uploads\/sites\/11\/2016\/07\/escritos-vicente-de-paul.jpg?fit=1200%2C630\",\"width\":1200,\"height\":630},{\"@type\":\"BreadcrumbList\",\"@id\":\"http:\/\/vincentians.com\/es\/vicente-de-paul-documento-151-contrato-de-fundacion-de-una-casa-de-la-congregacion-de-la-mision-por-el-cardenal-richelieu\/#breadcrumb\",\"itemListElement\":[{\"@type\":\"ListItem\",\"position\":1,\"name\":\"Portada\",\"item\":\"https:\/\/vincentians.com\/es\/\"},{\"@type\":\"ListItem\",\"position\":2,\"name\":\"Vicente de Pa\u00fal, Documento 151: Contrato De Fundaci\u00f3n De Una Casa De La Congregaci\u00f3n De La Misi\u00f3n Por El Cardenal Richelieu\"}]},{\"@type\":\"WebSite\",\"@id\":\"https:\/\/vincentians.com\/es\/#website\",\"url\":\"https:\/\/vincentians.com\/es\/\",\"name\":\"Somos Vicencianos\",\"description\":\"Know more to serve more\",\"publisher\":{\"@id\":\"https:\/\/vincentians.com\/es\/#organization\"},\"potentialAction\":[{\"@type\":\"SearchAction\",\"target\":{\"@type\":\"EntryPoint\",\"urlTemplate\":\"https:\/\/vincentians.com\/es\/?s={search_term_string}\"},\"query-input\":{\"@type\":\"PropertyValueSpecification\",\"valueRequired\":true,\"valueName\":\"search_term_string\"}}],\"inLanguage\":\"es\"},{\"@type\":\"Organization\",\"@id\":\"https:\/\/vincentians.com\/es\/#organization\",\"name\":\"The Vincentian Network\",\"url\":\"https:\/\/vincentians.com\/es\/\",\"logo\":{\"@type\":\"ImageObject\",\"inLanguage\":\"es\",\"@id\":\"https:\/\/vincentians.com\/es\/#\/schema\/logo\/image\/\",\"url\":\"https:\/\/i1.wp.com\/vincentians.com\/es\/wp-content\/uploads\/sites\/11\/2016\/06\/Vincentian-Network-logo-big.png?fit=778%2C778\",\"contentUrl\":\"https:\/\/i1.wp.com\/vincentians.com\/es\/wp-content\/uploads\/sites\/11\/2016\/06\/Vincentian-Network-logo-big.png?fit=778%2C778\",\"width\":778,\"height\":778,\"caption\":\"The Vincentian Network\"},\"image\":{\"@id\":\"https:\/\/vincentians.com\/es\/#\/schema\/logo\/image\/\"},\"sameAs\":[\"https:\/\/www.facebook.com\/WeAreVincentians\/\",\"https:\/\/x.com\/WeVincentians\"]},{\"@type\":\"Person\",\"@id\":\"https:\/\/vincentians.com\/es\/#\/schema\/person\/9623ef4d9aa3b2dfb8c061f1499288f2\",\"name\":\"Francisco Javier Fern\u00e1ndez Chento\",\"image\":{\"@type\":\"ImageObject\",\"inLanguage\":\"es\",\"@id\":\"https:\/\/vincentians.com\/es\/#\/schema\/person\/image\/\",\"url\":\"https:\/\/secure.gravatar.com\/avatar\/497d5cde87b4c3d097d0315953521681ba2cd523ee66e5077c3711f7021e65de?s=96&d=mm&r=g\",\"contentUrl\":\"https:\/\/secure.gravatar.com\/avatar\/497d5cde87b4c3d097d0315953521681ba2cd523ee66e5077c3711f7021e65de?s=96&d=mm&r=g\",\"caption\":\"Francisco Javier Fern\u00e1ndez Chento\"},\"description\":\"Director General y cofundador de La Red de Formaci\u00f3n Vicenciana. Javier es laico vicenciano, afiliado a la Congregaci\u00f3n de la Misi\u00f3n y miembro del Equipo de Misiones Populares de la provincia can\u00f3nica de Zaragoza (Espa\u00f1a) de la Congregaci\u00f3n de la Misi\u00f3n. Graduado en la Universidad Oberta de Catalunya con cuatro grados (Asistente de direcci\u00f3n, Gesti\u00f3n Administrativa, Recursos Humanos y Contabilidad Avanzada). Bil\u00edng\u00fce Espa\u00f1ol\/Ingl\u00e9s. gestiona y mantiene varias p\u00e1ginas web cristianas y vicencianas, incluida including La Red de Formaci\u00f3n Vicenciana, de la que es cofundador. Actualmente es responsable del \u00e1rea de Espa\u00f1ol de .famvin, la Red de Noticias de la Familia Vicenciana. Tambi\u00e9n es m\u00fasico cat\u00f3lico y ha editado varios discos. Es Director General y cofundador de Trovador, una reconocida compa\u00f1\u00eda discogr\u00e1fica critiana de Espa\u00f1a. Trabaja en las Tecnolog\u00edas de la Informaci\u00f3n, ofreciendo servicios de alojamiento, dise\u00f1o y mantenimiento Web, as\u00ed como asesoramiento, formaci\u00f3n y soluciones inform\u00e1ticas, gesti\u00f3n documental y digitalizaci\u00f3n de textos, edici\u00f3n y maquetaci\u00f3n de libros, revistas, flyers, etc.\",\"sameAs\":[\"http:\/\/chento.org\",\"https:\/\/www.facebook.com\/JavierChento\",\"https:\/\/x.com\/https:\/\/twitter.com\/javierchento\"],\"url\":\"http:\/\/vincentians.com\/es\/author\/chento\/\"}]}<\/script>\n<!-- \/ Yoast SEO plugin. -->","yoast_head_json":{"title":"Vicente de Pa\u00fal, Documento 151: Contrato De Fundaci\u00f3n De Una Casa De La Congregaci\u00f3n De La Misi\u00f3n Por El Cardenal Richelieu - Somos Vicencianos","robots":{"index":"index","follow":"follow","max-snippet":"max-snippet:-1","max-image-preview":"max-image-preview:large","max-video-preview":"max-video-preview:-1"},"canonical":"http:\/\/vincentians.com\/es\/vicente-de-paul-documento-151-contrato-de-fundacion-de-una-casa-de-la-congregacion-de-la-mision-por-el-cardenal-richelieu\/","og_locale":"es_ES","og_type":"article","og_title":"Vicente de Pa\u00fal, Documento 151: Contrato De Fundaci\u00f3n De Una Casa De La Congregaci\u00f3n De La Misi\u00f3n Por El Cardenal Richelieu - Somos Vicencianos","og_description":"7 diciembre 1641 Sepan todos que en la corte del sello real para contratos de Fontenay-le-Comte se presenta y acude personalmente con sus derechos Nicol\u00e1s Pichard, se\u00f1or de la Frainerie, inspector de hacienda por el ... Read More","og_url":"http:\/\/vincentians.com\/es\/vicente-de-paul-documento-151-contrato-de-fundacion-de-una-casa-de-la-congregacion-de-la-mision-por-el-cardenal-richelieu\/","og_site_name":"Somos Vicencianos","article_publisher":"https:\/\/www.facebook.com\/WeAreVincentians\/","article_author":"https:\/\/www.facebook.com\/JavierChento","article_published_time":"2010-05-08T08:20:58+00:00","article_modified_time":"2016-07-26T17:50:56+00:00","og_image":[{"width":1200,"height":630,"url":"https:\/\/i0.wp.com\/vincentians.com\/es\/wp-content\/uploads\/sites\/11\/2016\/07\/escritos-vicente-de-paul.jpg?fit=1200%2C630","type":"image\/jpeg"}],"author":"Francisco Javier Fern\u00e1ndez Chento","twitter_card":"summary_large_image","twitter_creator":"@https:\/\/twitter.com\/javierchento","twitter_site":"@WeVincentians","twitter_misc":{"Escrito por":"Francisco Javier Fern\u00e1ndez Chento","Tiempo de lectura":"7 minutos"},"schema":{"@context":"https:\/\/schema.org","@graph":[{"@type":"Article","@id":"http:\/\/vincentians.com\/es\/vicente-de-paul-documento-151-contrato-de-fundacion-de-una-casa-de-la-congregacion-de-la-mision-por-el-cardenal-richelieu\/#article","isPartOf":{"@id":"http:\/\/vincentians.com\/es\/vicente-de-paul-documento-151-contrato-de-fundacion-de-una-casa-de-la-congregacion-de-la-mision-por-el-cardenal-richelieu\/"},"author":{"name":"Francisco Javier Fern\u00e1ndez Chento","@id":"https:\/\/vincentians.com\/es\/#\/schema\/person\/9623ef4d9aa3b2dfb8c061f1499288f2"},"headline":"Vicente de Pa\u00fal, Documento 151: Contrato De Fundaci\u00f3n De Una Casa De La Congregaci\u00f3n De La Misi\u00f3n Por El Cardenal Richelieu","datePublished":"2010-05-08T08:20:58+00:00","dateModified":"2016-07-26T17:50:56+00:00","mainEntityOfPage":{"@id":"http:\/\/vincentians.com\/es\/vicente-de-paul-documento-151-contrato-de-fundacion-de-una-casa-de-la-congregacion-de-la-mision-por-el-cardenal-richelieu\/"},"wordCount":1351,"commentCount":0,"publisher":{"@id":"https:\/\/vincentians.com\/es\/#organization"},"image":{"@id":"http:\/\/vincentians.com\/es\/vicente-de-paul-documento-151-contrato-de-fundacion-de-una-casa-de-la-congregacion-de-la-mision-por-el-cardenal-richelieu\/#primaryimage"},"thumbnailUrl":"https:\/\/i0.wp.com\/vincentians.com\/es\/wp-content\/uploads\/sites\/11\/2016\/07\/escritos-vicente-de-paul.jpg?fit=1200%2C630","articleSection":["Escritos de Vicente de Pa\u00fal"],"inLanguage":"es","potentialAction":[{"@type":"CommentAction","name":"Comment","target":["http:\/\/vincentians.com\/es\/vicente-de-paul-documento-151-contrato-de-fundacion-de-una-casa-de-la-congregacion-de-la-mision-por-el-cardenal-richelieu\/#respond"]}]},{"@type":"WebPage","@id":"http:\/\/vincentians.com\/es\/vicente-de-paul-documento-151-contrato-de-fundacion-de-una-casa-de-la-congregacion-de-la-mision-por-el-cardenal-richelieu\/","url":"http:\/\/vincentians.com\/es\/vicente-de-paul-documento-151-contrato-de-fundacion-de-una-casa-de-la-congregacion-de-la-mision-por-el-cardenal-richelieu\/","name":"Vicente de Pa\u00fal, Documento 151: Contrato De Fundaci\u00f3n De Una Casa De La Congregaci\u00f3n De La Misi\u00f3n Por El Cardenal Richelieu - Somos Vicencianos","isPartOf":{"@id":"https:\/\/vincentians.com\/es\/#website"},"primaryImageOfPage":{"@id":"http:\/\/vincentians.com\/es\/vicente-de-paul-documento-151-contrato-de-fundacion-de-una-casa-de-la-congregacion-de-la-mision-por-el-cardenal-richelieu\/#primaryimage"},"image":{"@id":"http:\/\/vincentians.com\/es\/vicente-de-paul-documento-151-contrato-de-fundacion-de-una-casa-de-la-congregacion-de-la-mision-por-el-cardenal-richelieu\/#primaryimage"},"thumbnailUrl":"https:\/\/i0.wp.com\/vincentians.com\/es\/wp-content\/uploads\/sites\/11\/2016\/07\/escritos-vicente-de-paul.jpg?fit=1200%2C630","datePublished":"2010-05-08T08:20:58+00:00","dateModified":"2016-07-26T17:50:56+00:00","breadcrumb":{"@id":"http:\/\/vincentians.com\/es\/vicente-de-paul-documento-151-contrato-de-fundacion-de-una-casa-de-la-congregacion-de-la-mision-por-el-cardenal-richelieu\/#breadcrumb"},"inLanguage":"es","potentialAction":[{"@type":"ReadAction","target":["http:\/\/vincentians.com\/es\/vicente-de-paul-documento-151-contrato-de-fundacion-de-una-casa-de-la-congregacion-de-la-mision-por-el-cardenal-richelieu\/"]}]},{"@type":"ImageObject","inLanguage":"es","@id":"http:\/\/vincentians.com\/es\/vicente-de-paul-documento-151-contrato-de-fundacion-de-una-casa-de-la-congregacion-de-la-mision-por-el-cardenal-richelieu\/#primaryimage","url":"https:\/\/i0.wp.com\/vincentians.com\/es\/wp-content\/uploads\/sites\/11\/2016\/07\/escritos-vicente-de-paul.jpg?fit=1200%2C630","contentUrl":"https:\/\/i0.wp.com\/vincentians.com\/es\/wp-content\/uploads\/sites\/11\/2016\/07\/escritos-vicente-de-paul.jpg?fit=1200%2C630","width":1200,"height":630},{"@type":"BreadcrumbList","@id":"http:\/\/vincentians.com\/es\/vicente-de-paul-documento-151-contrato-de-fundacion-de-una-casa-de-la-congregacion-de-la-mision-por-el-cardenal-richelieu\/#breadcrumb","itemListElement":[{"@type":"ListItem","position":1,"name":"Portada","item":"https:\/\/vincentians.com\/es\/"},{"@type":"ListItem","position":2,"name":"Vicente de Pa\u00fal, Documento 151: Contrato De Fundaci\u00f3n De Una Casa De La Congregaci\u00f3n De La Misi\u00f3n Por El Cardenal Richelieu"}]},{"@type":"WebSite","@id":"https:\/\/vincentians.com\/es\/#website","url":"https:\/\/vincentians.com\/es\/","name":"Somos Vicencianos","description":"Know more to serve more","publisher":{"@id":"https:\/\/vincentians.com\/es\/#organization"},"potentialAction":[{"@type":"SearchAction","target":{"@type":"EntryPoint","urlTemplate":"https:\/\/vincentians.com\/es\/?s={search_term_string}"},"query-input":{"@type":"PropertyValueSpecification","valueRequired":true,"valueName":"search_term_string"}}],"inLanguage":"es"},{"@type":"Organization","@id":"https:\/\/vincentians.com\/es\/#organization","name":"The Vincentian Network","url":"https:\/\/vincentians.com\/es\/","logo":{"@type":"ImageObject","inLanguage":"es","@id":"https:\/\/vincentians.com\/es\/#\/schema\/logo\/image\/","url":"https:\/\/i1.wp.com\/vincentians.com\/es\/wp-content\/uploads\/sites\/11\/2016\/06\/Vincentian-Network-logo-big.png?fit=778%2C778","contentUrl":"https:\/\/i1.wp.com\/vincentians.com\/es\/wp-content\/uploads\/sites\/11\/2016\/06\/Vincentian-Network-logo-big.png?fit=778%2C778","width":778,"height":778,"caption":"The Vincentian Network"},"image":{"@id":"https:\/\/vincentians.com\/es\/#\/schema\/logo\/image\/"},"sameAs":["https:\/\/www.facebook.com\/WeAreVincentians\/","https:\/\/x.com\/WeVincentians"]},{"@type":"Person","@id":"https:\/\/vincentians.com\/es\/#\/schema\/person\/9623ef4d9aa3b2dfb8c061f1499288f2","name":"Francisco Javier Fern\u00e1ndez Chento","image":{"@type":"ImageObject","inLanguage":"es","@id":"https:\/\/vincentians.com\/es\/#\/schema\/person\/image\/","url":"https:\/\/secure.gravatar.com\/avatar\/497d5cde87b4c3d097d0315953521681ba2cd523ee66e5077c3711f7021e65de?s=96&d=mm&r=g","contentUrl":"https:\/\/secure.gravatar.com\/avatar\/497d5cde87b4c3d097d0315953521681ba2cd523ee66e5077c3711f7021e65de?s=96&d=mm&r=g","caption":"Francisco Javier Fern\u00e1ndez Chento"},"description":"Director General y cofundador de La Red de Formaci\u00f3n Vicenciana. Javier es laico vicenciano, afiliado a la Congregaci\u00f3n de la Misi\u00f3n y miembro del Equipo de Misiones Populares de la provincia can\u00f3nica de Zaragoza (Espa\u00f1a) de la Congregaci\u00f3n de la Misi\u00f3n. Graduado en la Universidad Oberta de Catalunya con cuatro grados (Asistente de direcci\u00f3n, Gesti\u00f3n Administrativa, Recursos Humanos y Contabilidad Avanzada). Bil\u00edng\u00fce Espa\u00f1ol\/Ingl\u00e9s. gestiona y mantiene varias p\u00e1ginas web cristianas y vicencianas, incluida including La Red de Formaci\u00f3n Vicenciana, de la que es cofundador. Actualmente es responsable del \u00e1rea de Espa\u00f1ol de .famvin, la Red de Noticias de la Familia Vicenciana. Tambi\u00e9n es m\u00fasico cat\u00f3lico y ha editado varios discos. Es Director General y cofundador de Trovador, una reconocida compa\u00f1\u00eda discogr\u00e1fica critiana de Espa\u00f1a. Trabaja en las Tecnolog\u00edas de la Informaci\u00f3n, ofreciendo servicios de alojamiento, dise\u00f1o y mantenimiento Web, as\u00ed como asesoramiento, formaci\u00f3n y soluciones inform\u00e1ticas, gesti\u00f3n documental y digitalizaci\u00f3n de textos, edici\u00f3n y maquetaci\u00f3n de libros, revistas, flyers, etc.","sameAs":["http:\/\/chento.org","https:\/\/www.facebook.com\/JavierChento","https:\/\/x.com\/https:\/\/twitter.com\/javierchento"],"url":"http:\/\/vincentians.com\/es\/author\/chento\/"}]}},"jetpack_publicize_connections":[],"jetpack_featured_media_url":"https:\/\/i0.wp.com\/vincentians.com\/es\/wp-content\/uploads\/sites\/11\/2016\/07\/escritos-vicente-de-paul.jpg?fit=1200%2C630","jetpack_sharing_enabled":true,"jetpack_shortlink":"https:\/\/wp.me\/p7ETMF-69c","jetpack-related-posts":[{"id":135245,"url":"http:\/\/vincentians.com\/es\/vicente-de-paul-carta-1247-a-bernardo-codoing-superior-de-richelieu\/","url_meta":{"origin":23634,"position":0},"title":"Vicente de Pa\u00fal, Carta 1247: A Bernardo Codoing, Superior De Richelieu","author":"Francisco Javier Fern\u00e1ndez Chento","date":"12\/01\/2015","format":false,"excerpt":"Par\u00eds, 23 febrero 1650. Padre: La gracia de Nuestro Se\u00f1or sea siempre con nosotros. Le he pedido a la se\u00f1ora duquesa de Aiguillon la canonj\u00eda vacante o pr\u00f3xima a vacar de Champigny para el hijo del m\u00e9dico de ustedes; ha dicho que se hab\u00eda comprometido ya a d\u00e1rsela a un\u2026","rel":"","context":"En \u00abEscritos de Vicente de Pa\u00fal\u00bb","block_context":{"text":"Escritos de Vicente de Pa\u00fal","link":"http:\/\/vincentians.com\/es\/category\/escritos\/escritos-de-vicente-de-paul\/"},"img":{"alt_text":"","src":"https:\/\/i0.wp.com\/vincentians.com\/es\/wp-content\/uploads\/sites\/11\/2016\/07\/escritos-vicente-de-paul.jpg?fit=1200%2C630&resize=350%2C200","width":350,"height":200,"srcset":"https:\/\/i0.wp.com\/vincentians.com\/es\/wp-content\/uploads\/sites\/11\/2016\/07\/escritos-vicente-de-paul.jpg?fit=1200%2C630&resize=350%2C200 1x, https:\/\/i0.wp.com\/vincentians.com\/es\/wp-content\/uploads\/sites\/11\/2016\/07\/escritos-vicente-de-paul.jpg?fit=1200%2C630&resize=525%2C300 1.5x, https:\/\/i0.wp.com\/vincentians.com\/es\/wp-content\/uploads\/sites\/11\/2016\/07\/escritos-vicente-de-paul.jpg?fit=1200%2C630&resize=700%2C400 2x, https:\/\/i0.wp.com\/vincentians.com\/es\/wp-content\/uploads\/sites\/11\/2016\/07\/escritos-vicente-de-paul.jpg?fit=1200%2C630&resize=1050%2C600 3x"},"classes":[]},{"id":100653,"url":"http:\/\/vincentians.com\/es\/vicente-de-paul-carta-0949-a-santiago-chiroye-sacerdote-de-la-mision-en-richelieu\/","url_meta":{"origin":23634,"position":1},"title":"Vicente de Pa\u00fal, Carta 0949: A Santiago Chiroye, Sacerdote De La Misi\u00f3n, En Richelieu","author":"Francisco Javier Fern\u00e1ndez Chento","date":"27\/08\/2012","format":false,"excerpt":"Par\u00eds, 23 diciembre 1646. Padre: La gracia de Nuestro Se\u00f1or sea [siempre con nosotros]. \u00bfC\u00f3mo no recibir con cari\u00f1o [sus cartas] y no sentirse consolado al [ver c\u00f3mo no cesa usted de] b[usca]r la salvaci\u00f3n [de las almas? Su celo] me [ha impresionado y] produce [en m\u00ed tal alegr\u00eda que\u2026","rel":"","context":"En \u00abEscritos de Vicente de Pa\u00fal\u00bb","block_context":{"text":"Escritos de Vicente de Pa\u00fal","link":"http:\/\/vincentians.com\/es\/category\/escritos\/escritos-de-vicente-de-paul\/"},"img":{"alt_text":"","src":"https:\/\/i0.wp.com\/vincentians.com\/es\/wp-content\/uploads\/sites\/11\/2016\/07\/escritos-vicente-de-paul.jpg?fit=1200%2C630&resize=350%2C200","width":350,"height":200,"srcset":"https:\/\/i0.wp.com\/vincentians.com\/es\/wp-content\/uploads\/sites\/11\/2016\/07\/escritos-vicente-de-paul.jpg?fit=1200%2C630&resize=350%2C200 1x, https:\/\/i0.wp.com\/vincentians.com\/es\/wp-content\/uploads\/sites\/11\/2016\/07\/escritos-vicente-de-paul.jpg?fit=1200%2C630&resize=525%2C300 1.5x, https:\/\/i0.wp.com\/vincentians.com\/es\/wp-content\/uploads\/sites\/11\/2016\/07\/escritos-vicente-de-paul.jpg?fit=1200%2C630&resize=700%2C400 2x, https:\/\/i0.wp.com\/vincentians.com\/es\/wp-content\/uploads\/sites\/11\/2016\/07\/escritos-vicente-de-paul.jpg?fit=1200%2C630&resize=1050%2C600 3x"},"classes":[]},{"id":100655,"url":"http:\/\/vincentians.com\/es\/vicente-de-paul-carta-0947-a-luis-rlvet-sacerdote-de-la-mision-en-richelieu\/","url_meta":{"origin":23634,"position":2},"title":"Vicente de Pa\u00fal, Carta 0947: A Luis Rlvet, Sacerdote De La Misi\u00f3n, En Richelieu","author":"Francisco Javier Fern\u00e1ndez Chento","date":"25\/08\/2012","format":false,"excerpt":"Par\u00eds, 19 diciembre 1646 Padre: La gracia [de Nuestro Se\u00f1or] sea [siempre con nosotros. Ya hace] muchos [d\u00edas que] recib\u00ed su re[spuesta], pero todav\u00eda me dura el consuelo que me [proporcion\u00f3, al ver los sentimientos] que usted tiene de s\u00ed mismo y que son tan necesarios para la [ocupaci\u00f3n] que\u2026","rel":"","context":"En \u00abEscritos de Vicente de Pa\u00fal\u00bb","block_context":{"text":"Escritos de Vicente de Pa\u00fal","link":"http:\/\/vincentians.com\/es\/category\/escritos\/escritos-de-vicente-de-paul\/"},"img":{"alt_text":"","src":"https:\/\/i0.wp.com\/vincentians.com\/es\/wp-content\/uploads\/sites\/11\/2016\/07\/escritos-vicente-de-paul.jpg?fit=1200%2C630&resize=350%2C200","width":350,"height":200,"srcset":"https:\/\/i0.wp.com\/vincentians.com\/es\/wp-content\/uploads\/sites\/11\/2016\/07\/escritos-vicente-de-paul.jpg?fit=1200%2C630&resize=350%2C200 1x, https:\/\/i0.wp.com\/vincentians.com\/es\/wp-content\/uploads\/sites\/11\/2016\/07\/escritos-vicente-de-paul.jpg?fit=1200%2C630&resize=525%2C300 1.5x, https:\/\/i0.wp.com\/vincentians.com\/es\/wp-content\/uploads\/sites\/11\/2016\/07\/escritos-vicente-de-paul.jpg?fit=1200%2C630&resize=700%2C400 2x, https:\/\/i0.wp.com\/vincentians.com\/es\/wp-content\/uploads\/sites\/11\/2016\/07\/escritos-vicente-de-paul.jpg?fit=1200%2C630&resize=1050%2C600 3x"},"classes":[]},{"id":126853,"url":"http:\/\/vincentians.com\/es\/vicente-de-paul-carta-1196-a-santiago-chiroye\/","url_meta":{"origin":23634,"position":3},"title":"Vicente de Pa\u00fal, Carta 1196: A Santiago Chiroye","author":"Francisco Javier Fern\u00e1ndez Chento","date":"06\/01\/2014","format":false,"excerpt":"Par\u00eds, 3 octubre 1649. Padre: La gracia de Nuestro Se\u00f1or sea siempre con nosotros. Me alegra saber que ya ha cobrado usted la letra de cambio de 1.500 libras que le envi\u00e9 y que con ellas ya ha pagado usted las cantidades que all\u00ed deb\u00eda, creyendo que las pagar\u00edamos nosotros\u2026","rel":"","context":"En \u00abEscritos de Vicente de Pa\u00fal\u00bb","block_context":{"text":"Escritos de Vicente de Pa\u00fal","link":"http:\/\/vincentians.com\/es\/category\/escritos\/escritos-de-vicente-de-paul\/"},"img":{"alt_text":"","src":"https:\/\/i0.wp.com\/vincentians.com\/es\/wp-content\/uploads\/sites\/11\/2016\/07\/escritos-vicente-de-paul.jpg?fit=1200%2C630&resize=350%2C200","width":350,"height":200,"srcset":"https:\/\/i0.wp.com\/vincentians.com\/es\/wp-content\/uploads\/sites\/11\/2016\/07\/escritos-vicente-de-paul.jpg?fit=1200%2C630&resize=350%2C200 1x, https:\/\/i0.wp.com\/vincentians.com\/es\/wp-content\/uploads\/sites\/11\/2016\/07\/escritos-vicente-de-paul.jpg?fit=1200%2C630&resize=525%2C300 1.5x, https:\/\/i0.wp.com\/vincentians.com\/es\/wp-content\/uploads\/sites\/11\/2016\/07\/escritos-vicente-de-paul.jpg?fit=1200%2C630&resize=700%2C400 2x, https:\/\/i0.wp.com\/vincentians.com\/es\/wp-content\/uploads\/sites\/11\/2016\/07\/escritos-vicente-de-paul.jpg?fit=1200%2C630&resize=1050%2C600 3x"},"classes":[]},{"id":119356,"url":"http:\/\/vincentians.com\/es\/vicente-de-paul-carta-1116-a-esteban-blatiron\/","url_meta":{"origin":23634,"position":4},"title":"Vicente de Pa\u00fal, Carta 1116: A Esteban Blatiron","author":"Francisco Javier Fern\u00e1ndez Chento","date":"12\/04\/2013","format":false,"excerpt":"Par\u00eds, 25 septiembre 1648. Padre: La gracia de Nuestro Se\u00f1or sea siempre con nosotros. Perd\u00f3neme si le escribo por medio de un secretario, ya que estoy muy ocupado. Alabo a Dios por los sentimientos del se\u00f1or cardenal, por el que siento un gran respeto y reverencia y me gustar\u00eda que\u2026","rel":"","context":"En \u00abEscritos de Vicente de Pa\u00fal\u00bb","block_context":{"text":"Escritos de Vicente de Pa\u00fal","link":"http:\/\/vincentians.com\/es\/category\/escritos\/escritos-de-vicente-de-paul\/"},"img":{"alt_text":"","src":"https:\/\/i0.wp.com\/vincentians.com\/es\/wp-content\/uploads\/sites\/11\/2016\/07\/escritos-vicente-de-paul.jpg?fit=1200%2C630&resize=350%2C200","width":350,"height":200,"srcset":"https:\/\/i0.wp.com\/vincentians.com\/es\/wp-content\/uploads\/sites\/11\/2016\/07\/escritos-vicente-de-paul.jpg?fit=1200%2C630&resize=350%2C200 1x, https:\/\/i0.wp.com\/vincentians.com\/es\/wp-content\/uploads\/sites\/11\/2016\/07\/escritos-vicente-de-paul.jpg?fit=1200%2C630&resize=525%2C300 1.5x, https:\/\/i0.wp.com\/vincentians.com\/es\/wp-content\/uploads\/sites\/11\/2016\/07\/escritos-vicente-de-paul.jpg?fit=1200%2C630&resize=700%2C400 2x, https:\/\/i0.wp.com\/vincentians.com\/es\/wp-content\/uploads\/sites\/11\/2016\/07\/escritos-vicente-de-paul.jpg?fit=1200%2C630&resize=1050%2C600 3x"},"classes":[]},{"id":131357,"url":"http:\/\/vincentians.com\/es\/el-senor-vicente-evolucion-de-un-santo-viii\/","url_meta":{"origin":23634,"position":5},"title":"El se\u00f1or Vicente, evoluci\u00f3n de un santo (VIII)","author":"Francisco Javier Fern\u00e1ndez Chento","date":"02\/10\/2014","format":false,"excerpt":"8. LA C\u00c1NDIDA EVA 1.El se\u00f1or Vicente, p\u00e1rroco de Clichy.- 2.La Hermandad del Rosario.- 3.Restauraci\u00f3n de la iglesia.- 4.Adios a la parroquia.- 5.En la casa de los Gondi.- 6.La familia.- 7.Beneficio.- 8.Las tierra de los Gondi.- 9.Maestro y maestra.- 10.\"El se\u00f1or Vicente\".- 11.Los ni\u00f1os.- 12.El preceptor.- 13.Conducata del capell\u00e1n; proyecto\u2026","rel":"","context":"En \u00abVicente de Pa\u00fal\u00bb","block_context":{"text":"Vicente de Pa\u00fal","link":"http:\/\/vincentians.com\/es\/category\/la-familia-vicenciana\/fundadores\/vicente-de-paul\/"},"img":{"alt_text":"coraz\u00f3n","src":"https:\/\/i0.wp.com\/vicencianos.org\/wp-content\/2014\/03\/coraz%C3%B3n.jpg?resize=350%2C200","width":350,"height":200},"classes":[]}],"_links":{"self":[{"href":"http:\/\/vincentians.com\/es\/wp-json\/wp\/v2\/posts\/23634","targetHints":{"allow":["GET"]}}],"collection":[{"href":"http:\/\/vincentians.com\/es\/wp-json\/wp\/v2\/posts"}],"about":[{"href":"http:\/\/vincentians.com\/es\/wp-json\/wp\/v2\/types\/post"}],"author":[{"embeddable":true,"href":"http:\/\/vincentians.com\/es\/wp-json\/wp\/v2\/users\/4"}],"replies":[{"embeddable":true,"href":"http:\/\/vincentians.com\/es\/wp-json\/wp\/v2\/comments?post=23634"}],"version-history":[{"count":0,"href":"http:\/\/vincentians.com\/es\/wp-json\/wp\/v2\/posts\/23634\/revisions"}],"wp:featuredmedia":[{"embeddable":true,"href":"http:\/\/vincentians.com\/es\/wp-json\/wp\/v2\/media\/393753"}],"wp:attachment":[{"href":"http:\/\/vincentians.com\/es\/wp-json\/wp\/v2\/media?parent=23634"}],"wp:term":[{"taxonomy":"category","embeddable":true,"href":"http:\/\/vincentians.com\/es\/wp-json\/wp\/v2\/categories?post=23634"},{"taxonomy":"post_tag","embeddable":true,"href":"http:\/\/vincentians.com\/es\/wp-json\/wp\/v2\/tags?post=23634"}],"curies":[{"name":"wp","href":"https:\/\/api.w.org\/{rel}","templated":true}]}}