{"id":2352,"date":"2013-09-26T08:01:06","date_gmt":"2013-09-26T06:01:06","guid":{"rendered":"http:\/\/somos.vicencianos.org\/blog\/?p=2352"},"modified":"2013-09-26T08:01:06","modified_gmt":"2013-09-26T06:01:06","slug":"el-misionero-pedro-opeka-ha-construido-en-madagascar-17-poblados-para-15-000-personas","status":"publish","type":"post","link":"http:\/\/vincentians.com\/es\/el-misionero-pedro-opeka-ha-construido-en-madagascar-17-poblados-para-15-000-personas\/","title":{"rendered":"El misionero Pedro Opeka ha construido en Madagascar 17 poblados para 15.000 personas"},"content":{"rendered":"<p><a href=\"https:\/\/i0.wp.com\/vicencianos.org\/vicencianos\/files\/2009\/12\/pedroopeka2.jpg\"><img data-recalc-dims=\"1\" loading=\"lazy\" decoding=\"async\" class=\"alignleft\" alt=\"pedroopeka2\" src=\"https:\/\/i0.wp.com\/vicencianos.org\/vicencianos\/files\/2009\/12\/pedroopeka2-300x225.jpg?resize=300%2C225\" width=\"300\" height=\"225\" \/><\/a>Pedro Opeka, un misionero pa\u00fal, de nacionalidad argentina y de origen esloveno, trabaja desde hace 22 a\u00f1os en Madagascar, la cuarta isla m\u00e1s grande del mundo, un lugar donde la esperanza de vida apenas supera los 50 a\u00f1os, y la de la renta per c\u00e1pita es s\u00f3lo de 200 d\u00f3lares, frente a los casi 14.000 de Espa\u00f1a. All\u00ed el Padre Opeka es un h\u00e9roe nacional porque hace realidad cada d\u00eda el sue\u00f1o de los m\u00e1s marginados, al dar actualmente cobijo y trabajo a 15.000 personas sin techo ni hogar.<\/p>\n<p>El Padre Opeka lleva a\u00f1os trabajando en lo que es una tarea impuesta a todos por el Papa en su Mensaje para esta Cuaresma de 1997: Reconocer y socorrer a Cristo en quienes no poseen casa, en quienes no tienen \u00abdonde reclinar su cabeza\u00bb.<\/p>\n<p>R. <em>Cuando llegu\u00e9 a la capital de Madagascar, a Tananarivo, para ser director de un seminario me encontr\u00e9 con 14 muchachos que se preparaban al sacerdocio y al mismo tiempo con una gran pobreza en aquella ciudad, donde hab\u00eda una multitud de gente busc\u00e1ndose la vida en los basureros. Hab\u00eda all\u00ed miles de ni\u00f1os, de mujeres, de familias. El ver a esa gente, especialmente a los peque\u00f1os, me llegaba al alma. Ante esa situaci\u00f3n hab\u00eda que hacer algo. Empec\u00e9 a visitarlos todos los d\u00edas durante el tiempo que me permit\u00eda la atenci\u00f3n a los seminaristas. Les dec\u00eda que yo no ten\u00eda dinero, pero que si ellos estaban decididos a salir de esa miseria, de vivir en la calle, yo estaba dispuesto a buscarles tierras, a darles herramientas y despu\u00e9s ya ver\u00edamos los pasos que hab\u00eda que dar.<\/em><\/p>\n<p>P. \u00bfQu\u00e9 hizo usted?<\/p>\n<p>R. <em>Lo primero fue atender a lo m\u00e1s b\u00e1sico y luchar contra el fr\u00edo, ya que viv\u00edan en la calle, as\u00ed en la primera semana les proporcion\u00e9 unas 1.000 mantas, pero a la vez que el fr\u00edo, hab\u00eda que atajar el hambre, especialmente de los ni\u00f1os y preparamos para ello grandes ollas de arroz, cocinando debajo de los \u00e1rboles. Y as\u00ed comenz\u00f3 esta experiencia con los Sin techo<\/em>.<\/p>\n<p>P. \u00bfC\u00f3mo fue creciendo esta labor?<\/p>\n<p>R. <em>Cuando el primer centenar de familias se decidi\u00f3 a abandonar la calle, fueron ellas mismas las que convencieron a otras, que hab\u00eda que cambiar. As\u00ed fueron llegando cada vez m\u00e1s familias, m\u00e1s gentes que nos dec\u00edan: \u00ab\u00bfY a nosotros qu\u00e9?\u00bb. En siete a\u00f1os hemos recibido unas 35.000 personas, de las cuales unas 15.000 est\u00e1n viviendo en los diferentes poblados que tenemos para los Sin techo. Al resto, despu\u00e9s de pasar alg\u00fan tiempo entre nosotros, las hemos ayudado a volver a sus lugares de origen<\/em>.<\/p>\n<p>P. \u00bfQu\u00e9 hacen ustedes con las 15.000 personas que ahora tenemos acogidas?<\/p>\n<p>R. <em>A la gente no las podemos acoger s\u00f3lo con buenas palabras, ten\u00edamos que hacer algo por ellas: hemos construido un centro de refugiados. Las personas con las que nosotros empezamos ya llevaban cinco o seis a\u00f1os en la capital, viviendo en la miseria, ya que al comienzo de los a\u00f1os 80 hubo una gran recesi\u00f3n econ\u00f3mica y muchas personas se quedaron sin trabajo. La mayor\u00eda de la gente viv\u00eda en alquiler y no pod\u00eda pagar una vivienda; as\u00ed quedaron en la calle sin nada y para ellos hab\u00eda en primer lugar que hacer casas.<\/em><\/p>\n<p><strong>La terapia del trabajo<\/strong><\/p>\n<p>P. \u00bfCu\u00e1ntos poblados tienen?<\/p>\n<p>R. <em>Tenemos ya 17 pueblos. Antes de construir un pueblo ya sab\u00edamos qu\u00e9 tipo de vida se iba a llevar all\u00ed, en qu\u00e9 se iba a trabajar. Comienzan sus habitantes por hacerse su propia vivienda, las calles, la infraestructura y servicios p\u00fablicos: escuelas, dispensarios, etc. Se trata as\u00ed, primero, de llevar a cabo un programa de rehabilitaci\u00f3n y de integraci\u00f3n social de gente que antes no ha tenido posibilidades, ya que viv\u00eda de la mendicidad. Para este tipo de personas la mejor terapia es el trabajo y en estos poblados se trabaja con un horario fijo y no cuando a uno le apetece<\/em>.<\/p>\n<p>P. \u00bfC\u00f3mo se las ingeni\u00f3 usted para construir estos poblados?<\/p>\n<p>R. <em>Como cura yo he estudiado filosof\u00eda y teolog\u00eda, pero tuve la suerte de tener un padre alba\u00f1il que me ense\u00f1\u00f3 a trabajar con las manos a partir de los ocho a\u00f1os y a los 13 ya sab\u00eda levantar una pared. Eso me sirvi\u00f3 much\u00edsimo cuando nos pusimos a hacer viviendas en los poblados, que es donde nosotros utilizamos la mayor parte de la mano de obra. Hemos creado m\u00e1s de 3.000 empleos<\/em>.<\/p>\n<p>P. \u00bfQu\u00e9 tipo de empleos?<\/p>\n<p>R. <em>Los primeros fueron para la gente que integramos en el campo, fueron empleos agr\u00edcolas. Con la gente que se qued\u00f3 en la ciudad comenzamos a trabajar en las canteras pues la Providencia nos puso sobre una monta\u00f1a de granito y empezamos a picarla, a hacer gravas y despu\u00e9s adoquines, lajas y arena. Vendemos estos productos a las empresas constructoras<\/em>.<\/p>\n<p>P.\u00bfPara este trabajo ha contado usted con la ayuda de voluntarios?<\/p>\n<p>R. <em>S\u00ed, con voluntarios malgaches. Siempre he querido tener como colaboradores a los j\u00f3venes naturales del pa\u00eds. Conoc\u00eda a muchos j\u00f3venes universitarios que estaban sin trabajo. Me dec\u00edan que quer\u00edan hacer algo y yo les invit\u00e9 a trabajar por esta gente sin techo. As\u00ed se fueron acercando y creamos la asociaci\u00f3n \u00abAkamas\u00faa\u00bb que significa &#8216;sociedad de los buenos amigos&#8217;, con la que atendemos a los sin techo<\/em>.<\/p>\n<p><strong>Parroquia para los sin techo<\/strong><\/p>\n<p>P. \u00bfC\u00f3mo realiza su tarea evangelizadora?<\/p>\n<p>R. <em>Pienso que la evangelizaci\u00f3n est\u00e1 desde el comienzo de esta obra. Les dije a estas gentes que el domingo les invitaba a rezar, nunca les hemos preguntado de qu\u00e9 religi\u00f3n son. S\u00f3lo nos bastaba con decir: Usted es pobre, pues venga; usted tiene hambre, venga con nosotros y usted que est\u00e1 enfermo y no tiene vivienda, venga tambi\u00e9n.<\/em><\/p>\n<p><em>La ma\u00f1ana del domingo la dedicamos a rezar, a cantar para recobrar fuerzas. Algunos de ellos me preguntaba: \u00bfUsted es un sacerdote? S\u00ed, les respond\u00eda, y ellos continuaban diciendo, \u00bfentonces por qu\u00e9 no nos bautizas nuestros hijos? Ahora ya tengo asignada a todas estas personas como parroquia personal, una parroquia sin fronteras para los sin techo. Desde hace dos a\u00f1os tenemos la primera parroquia para los sin techo en \u00c1frica. Es una parroquia de 15.000 fieles.<\/em><\/p>\n<p><em>En uno de los poblados se reunen cerca de 5.000 personas a rezar a la vez y hay que ver como cantan y rezan. Hasta los turistas se acercan a verlos. Es todo un espect\u00e1culo religioso ver 3.000 ni\u00f1os descalzos, mal vestidos, cantando y rezando durante dos horas y media que dura la misa dominical<\/em>.<\/p>\n","protected":false},"excerpt":{"rendered":"<p>Pedro Opeka, un misionero pa\u00fal, de nacionalidad argentina y de origen esloveno, trabaja desde hace 22 a\u00f1os en Madagascar, la cuarta isla m\u00e1s grande del mundo, un lugar donde la esperanza de vida apenas supera &#8230; <a href=\"http:\/\/vincentians.com\/es\/el-misionero-pedro-opeka-ha-construido-en-madagascar-17-poblados-para-15-000-personas\/\" class=\"more-link\">Read More<\/a><\/p>\n","protected":false},"author":4,"featured_media":37752,"comment_status":"open","ping_status":"open","sticky":false,"template":"","format":"standard","meta":{"jetpack_post_was_ever_published":false,"_jetpack_newsletter_access":"","_jetpack_dont_email_post_to_subs":false,"_jetpack_newsletter_tier_id":0,"_jetpack_memberships_contains_paywalled_content":false,"_jetpack_memberships_contains_paid_content":false,"footnotes":"","jetpack_publicize_message":"","jetpack_publicize_feature_enabled":true,"jetpack_social_post_already_shared":true,"jetpack_social_options":{"image_generator_settings":{"template":"highway","default_image_id":0,"font":"","enabled":false},"version":2}},"categories":[201,210],"tags":[278,172],"class_list":["post-2352","post","type-post","status-publish","format-standard","has-post-thumbnail","hentry","category-misiones-ad-gentes","category-testigos-vicencianos","tag-pedro-opeka","tag-pobreza"],"yoast_head":"<!-- This site is optimized with the Yoast SEO plugin v26.3 - https:\/\/yoast.com\/wordpress\/plugins\/seo\/ -->\n<title>El misionero Pedro Opeka ha construido en Madagascar 17 poblados para 15.000 personas - Somos Vicencianos<\/title>\n<meta name=\"robots\" content=\"index, follow, max-snippet:-1, max-image-preview:large, max-video-preview:-1\" \/>\n<link rel=\"canonical\" href=\"http:\/\/vincentians.com\/es\/el-misionero-pedro-opeka-ha-construido-en-madagascar-17-poblados-para-15-000-personas\/\" \/>\n<meta property=\"og:locale\" content=\"es_ES\" \/>\n<meta property=\"og:type\" content=\"article\" \/>\n<meta property=\"og:title\" content=\"El misionero Pedro Opeka ha construido en Madagascar 17 poblados para 15.000 personas - Somos Vicencianos\" \/>\n<meta property=\"og:description\" content=\"Pedro Opeka, un misionero pa\u00fal, de nacionalidad argentina y de origen esloveno, trabaja desde hace 22 a\u00f1os en Madagascar, la cuarta isla m\u00e1s grande del mundo, un lugar donde la esperanza de vida apenas supera ... Read More\" \/>\n<meta property=\"og:url\" content=\"http:\/\/vincentians.com\/es\/el-misionero-pedro-opeka-ha-construido-en-madagascar-17-poblados-para-15-000-personas\/\" \/>\n<meta property=\"og:site_name\" content=\"Somos Vicencianos\" \/>\n<meta property=\"article:publisher\" content=\"https:\/\/www.facebook.com\/WeAreVincentians\/\" \/>\n<meta property=\"article:author\" content=\"https:\/\/www.facebook.com\/JavierChento\" \/>\n<meta property=\"article:published_time\" content=\"2013-09-26T06:01:06+00:00\" \/>\n<meta name=\"author\" content=\"Francisco Javier Fern\u00e1ndez Chento\" \/>\n<meta name=\"twitter:card\" content=\"summary_large_image\" \/>\n<meta name=\"twitter:creator\" content=\"@https:\/\/twitter.com\/javierchento\" \/>\n<meta name=\"twitter:site\" content=\"@WeVincentians\" \/>\n<meta name=\"twitter:label1\" content=\"Escrito por\" \/>\n\t<meta name=\"twitter:data1\" content=\"Francisco Javier Fern\u00e1ndez Chento\" \/>\n\t<meta name=\"twitter:label2\" content=\"Tiempo de lectura\" \/>\n\t<meta name=\"twitter:data2\" content=\"6 minutos\" \/>\n<script type=\"application\/ld+json\" class=\"yoast-schema-graph\">{\"@context\":\"https:\/\/schema.org\",\"@graph\":[{\"@type\":\"Article\",\"@id\":\"http:\/\/vincentians.com\/es\/el-misionero-pedro-opeka-ha-construido-en-madagascar-17-poblados-para-15-000-personas\/#article\",\"isPartOf\":{\"@id\":\"http:\/\/vincentians.com\/es\/el-misionero-pedro-opeka-ha-construido-en-madagascar-17-poblados-para-15-000-personas\/\"},\"author\":{\"name\":\"Francisco Javier Fern\u00e1ndez Chento\",\"@id\":\"http:\/\/vincentians.com\/es\/#\/schema\/person\/9623ef4d9aa3b2dfb8c061f1499288f2\"},\"headline\":\"El misionero Pedro Opeka ha construido en Madagascar 17 poblados para 15.000 personas\",\"datePublished\":\"2013-09-26T06:01:06+00:00\",\"mainEntityOfPage\":{\"@id\":\"http:\/\/vincentians.com\/es\/el-misionero-pedro-opeka-ha-construido-en-madagascar-17-poblados-para-15-000-personas\/\"},\"wordCount\":1161,\"commentCount\":0,\"publisher\":{\"@id\":\"http:\/\/vincentians.com\/es\/#organization\"},\"image\":{\"@id\":\"http:\/\/vincentians.com\/es\/el-misionero-pedro-opeka-ha-construido-en-madagascar-17-poblados-para-15-000-personas\/#primaryimage\"},\"thumbnailUrl\":\"\",\"keywords\":[\"Pedro Opeka\",\"Pobreza\"],\"articleSection\":[\"Misiones \u00abAd gentes\u00bb\",\"Testigos vicencianos\"],\"inLanguage\":\"es\",\"potentialAction\":[{\"@type\":\"CommentAction\",\"name\":\"Comment\",\"target\":[\"http:\/\/vincentians.com\/es\/el-misionero-pedro-opeka-ha-construido-en-madagascar-17-poblados-para-15-000-personas\/#respond\"]}]},{\"@type\":\"WebPage\",\"@id\":\"http:\/\/vincentians.com\/es\/el-misionero-pedro-opeka-ha-construido-en-madagascar-17-poblados-para-15-000-personas\/\",\"url\":\"http:\/\/vincentians.com\/es\/el-misionero-pedro-opeka-ha-construido-en-madagascar-17-poblados-para-15-000-personas\/\",\"name\":\"El misionero Pedro Opeka ha construido en Madagascar 17 poblados para 15.000 personas - Somos Vicencianos\",\"isPartOf\":{\"@id\":\"http:\/\/vincentians.com\/es\/#website\"},\"primaryImageOfPage\":{\"@id\":\"http:\/\/vincentians.com\/es\/el-misionero-pedro-opeka-ha-construido-en-madagascar-17-poblados-para-15-000-personas\/#primaryimage\"},\"image\":{\"@id\":\"http:\/\/vincentians.com\/es\/el-misionero-pedro-opeka-ha-construido-en-madagascar-17-poblados-para-15-000-personas\/#primaryimage\"},\"thumbnailUrl\":\"\",\"datePublished\":\"2013-09-26T06:01:06+00:00\",\"breadcrumb\":{\"@id\":\"http:\/\/vincentians.com\/es\/el-misionero-pedro-opeka-ha-construido-en-madagascar-17-poblados-para-15-000-personas\/#breadcrumb\"},\"inLanguage\":\"es\",\"potentialAction\":[{\"@type\":\"ReadAction\",\"target\":[\"http:\/\/vincentians.com\/es\/el-misionero-pedro-opeka-ha-construido-en-madagascar-17-poblados-para-15-000-personas\/\"]}]},{\"@type\":\"ImageObject\",\"inLanguage\":\"es\",\"@id\":\"http:\/\/vincentians.com\/es\/el-misionero-pedro-opeka-ha-construido-en-madagascar-17-poblados-para-15-000-personas\/#primaryimage\",\"url\":\"\",\"contentUrl\":\"\"},{\"@type\":\"BreadcrumbList\",\"@id\":\"http:\/\/vincentians.com\/es\/el-misionero-pedro-opeka-ha-construido-en-madagascar-17-poblados-para-15-000-personas\/#breadcrumb\",\"itemListElement\":[{\"@type\":\"ListItem\",\"position\":1,\"name\":\"Portada\",\"item\":\"http:\/\/vincentians.com\/es\/\"},{\"@type\":\"ListItem\",\"position\":2,\"name\":\"El misionero Pedro Opeka ha construido en Madagascar 17 poblados para 15.000 personas\"}]},{\"@type\":\"WebSite\",\"@id\":\"http:\/\/vincentians.com\/es\/#website\",\"url\":\"http:\/\/vincentians.com\/es\/\",\"name\":\"Somos Vicencianos\",\"description\":\"Know more to serve more\",\"publisher\":{\"@id\":\"http:\/\/vincentians.com\/es\/#organization\"},\"potentialAction\":[{\"@type\":\"SearchAction\",\"target\":{\"@type\":\"EntryPoint\",\"urlTemplate\":\"http:\/\/vincentians.com\/es\/?s={search_term_string}\"},\"query-input\":{\"@type\":\"PropertyValueSpecification\",\"valueRequired\":true,\"valueName\":\"search_term_string\"}}],\"inLanguage\":\"es\"},{\"@type\":\"Organization\",\"@id\":\"http:\/\/vincentians.com\/es\/#organization\",\"name\":\"The Vincentian Network\",\"url\":\"http:\/\/vincentians.com\/es\/\",\"logo\":{\"@type\":\"ImageObject\",\"inLanguage\":\"es\",\"@id\":\"http:\/\/vincentians.com\/es\/#\/schema\/logo\/image\/\",\"url\":\"https:\/\/i1.wp.com\/vincentians.com\/es\/wp-content\/uploads\/sites\/11\/2016\/06\/Vincentian-Network-logo-big.png?fit=778%2C778\",\"contentUrl\":\"https:\/\/i1.wp.com\/vincentians.com\/es\/wp-content\/uploads\/sites\/11\/2016\/06\/Vincentian-Network-logo-big.png?fit=778%2C778\",\"width\":778,\"height\":778,\"caption\":\"The Vincentian Network\"},\"image\":{\"@id\":\"http:\/\/vincentians.com\/es\/#\/schema\/logo\/image\/\"},\"sameAs\":[\"https:\/\/www.facebook.com\/WeAreVincentians\/\",\"https:\/\/x.com\/WeVincentians\"]},{\"@type\":\"Person\",\"@id\":\"http:\/\/vincentians.com\/es\/#\/schema\/person\/9623ef4d9aa3b2dfb8c061f1499288f2\",\"name\":\"Francisco Javier Fern\u00e1ndez Chento\",\"image\":{\"@type\":\"ImageObject\",\"inLanguage\":\"es\",\"@id\":\"http:\/\/vincentians.com\/es\/#\/schema\/person\/image\/\",\"url\":\"https:\/\/secure.gravatar.com\/avatar\/497d5cde87b4c3d097d0315953521681ba2cd523ee66e5077c3711f7021e65de?s=96&d=mm&r=g\",\"contentUrl\":\"https:\/\/secure.gravatar.com\/avatar\/497d5cde87b4c3d097d0315953521681ba2cd523ee66e5077c3711f7021e65de?s=96&d=mm&r=g\",\"caption\":\"Francisco Javier Fern\u00e1ndez Chento\"},\"description\":\"Director General y cofundador de La Red de Formaci\u00f3n Vicenciana. Javier es laico vicenciano, afiliado a la Congregaci\u00f3n de la Misi\u00f3n y miembro del Equipo de Misiones Populares de la provincia can\u00f3nica de Zaragoza (Espa\u00f1a) de la Congregaci\u00f3n de la Misi\u00f3n. Graduado en la Universidad Oberta de Catalunya con cuatro grados (Asistente de direcci\u00f3n, Gesti\u00f3n Administrativa, Recursos Humanos y Contabilidad Avanzada). Bil\u00edng\u00fce Espa\u00f1ol\/Ingl\u00e9s. gestiona y mantiene varias p\u00e1ginas web cristianas y vicencianas, incluida including La Red de Formaci\u00f3n Vicenciana, de la que es cofundador. Actualmente es responsable del \u00e1rea de Espa\u00f1ol de .famvin, la Red de Noticias de la Familia Vicenciana. Tambi\u00e9n es m\u00fasico cat\u00f3lico y ha editado varios discos. Es Director General y cofundador de Trovador, una reconocida compa\u00f1\u00eda discogr\u00e1fica critiana de Espa\u00f1a. Trabaja en las Tecnolog\u00edas de la Informaci\u00f3n, ofreciendo servicios de alojamiento, dise\u00f1o y mantenimiento Web, as\u00ed como asesoramiento, formaci\u00f3n y soluciones inform\u00e1ticas, gesti\u00f3n documental y digitalizaci\u00f3n de textos, edici\u00f3n y maquetaci\u00f3n de libros, revistas, flyers, etc.\",\"sameAs\":[\"http:\/\/chento.org\",\"https:\/\/www.facebook.com\/JavierChento\",\"https:\/\/x.com\/https:\/\/twitter.com\/javierchento\"],\"url\":\"http:\/\/vincentians.com\/es\/author\/chento\/\"}]}<\/script>\n<!-- \/ Yoast SEO plugin. -->","yoast_head_json":{"title":"El misionero Pedro Opeka ha construido en Madagascar 17 poblados para 15.000 personas - Somos Vicencianos","robots":{"index":"index","follow":"follow","max-snippet":"max-snippet:-1","max-image-preview":"max-image-preview:large","max-video-preview":"max-video-preview:-1"},"canonical":"http:\/\/vincentians.com\/es\/el-misionero-pedro-opeka-ha-construido-en-madagascar-17-poblados-para-15-000-personas\/","og_locale":"es_ES","og_type":"article","og_title":"El misionero Pedro Opeka ha construido en Madagascar 17 poblados para 15.000 personas - Somos Vicencianos","og_description":"Pedro Opeka, un misionero pa\u00fal, de nacionalidad argentina y de origen esloveno, trabaja desde hace 22 a\u00f1os en Madagascar, la cuarta isla m\u00e1s grande del mundo, un lugar donde la esperanza de vida apenas supera ... Read More","og_url":"http:\/\/vincentians.com\/es\/el-misionero-pedro-opeka-ha-construido-en-madagascar-17-poblados-para-15-000-personas\/","og_site_name":"Somos Vicencianos","article_publisher":"https:\/\/www.facebook.com\/WeAreVincentians\/","article_author":"https:\/\/www.facebook.com\/JavierChento","article_published_time":"2013-09-26T06:01:06+00:00","author":"Francisco Javier Fern\u00e1ndez Chento","twitter_card":"summary_large_image","twitter_creator":"@https:\/\/twitter.com\/javierchento","twitter_site":"@WeVincentians","twitter_misc":{"Escrito por":"Francisco Javier Fern\u00e1ndez Chento","Tiempo de lectura":"6 minutos"},"schema":{"@context":"https:\/\/schema.org","@graph":[{"@type":"Article","@id":"http:\/\/vincentians.com\/es\/el-misionero-pedro-opeka-ha-construido-en-madagascar-17-poblados-para-15-000-personas\/#article","isPartOf":{"@id":"http:\/\/vincentians.com\/es\/el-misionero-pedro-opeka-ha-construido-en-madagascar-17-poblados-para-15-000-personas\/"},"author":{"name":"Francisco Javier Fern\u00e1ndez Chento","@id":"http:\/\/vincentians.com\/es\/#\/schema\/person\/9623ef4d9aa3b2dfb8c061f1499288f2"},"headline":"El misionero Pedro Opeka ha construido en Madagascar 17 poblados para 15.000 personas","datePublished":"2013-09-26T06:01:06+00:00","mainEntityOfPage":{"@id":"http:\/\/vincentians.com\/es\/el-misionero-pedro-opeka-ha-construido-en-madagascar-17-poblados-para-15-000-personas\/"},"wordCount":1161,"commentCount":0,"publisher":{"@id":"http:\/\/vincentians.com\/es\/#organization"},"image":{"@id":"http:\/\/vincentians.com\/es\/el-misionero-pedro-opeka-ha-construido-en-madagascar-17-poblados-para-15-000-personas\/#primaryimage"},"thumbnailUrl":"","keywords":["Pedro Opeka","Pobreza"],"articleSection":["Misiones \u00abAd gentes\u00bb","Testigos vicencianos"],"inLanguage":"es","potentialAction":[{"@type":"CommentAction","name":"Comment","target":["http:\/\/vincentians.com\/es\/el-misionero-pedro-opeka-ha-construido-en-madagascar-17-poblados-para-15-000-personas\/#respond"]}]},{"@type":"WebPage","@id":"http:\/\/vincentians.com\/es\/el-misionero-pedro-opeka-ha-construido-en-madagascar-17-poblados-para-15-000-personas\/","url":"http:\/\/vincentians.com\/es\/el-misionero-pedro-opeka-ha-construido-en-madagascar-17-poblados-para-15-000-personas\/","name":"El misionero Pedro Opeka ha construido en Madagascar 17 poblados para 15.000 personas - Somos Vicencianos","isPartOf":{"@id":"http:\/\/vincentians.com\/es\/#website"},"primaryImageOfPage":{"@id":"http:\/\/vincentians.com\/es\/el-misionero-pedro-opeka-ha-construido-en-madagascar-17-poblados-para-15-000-personas\/#primaryimage"},"image":{"@id":"http:\/\/vincentians.com\/es\/el-misionero-pedro-opeka-ha-construido-en-madagascar-17-poblados-para-15-000-personas\/#primaryimage"},"thumbnailUrl":"","datePublished":"2013-09-26T06:01:06+00:00","breadcrumb":{"@id":"http:\/\/vincentians.com\/es\/el-misionero-pedro-opeka-ha-construido-en-madagascar-17-poblados-para-15-000-personas\/#breadcrumb"},"inLanguage":"es","potentialAction":[{"@type":"ReadAction","target":["http:\/\/vincentians.com\/es\/el-misionero-pedro-opeka-ha-construido-en-madagascar-17-poblados-para-15-000-personas\/"]}]},{"@type":"ImageObject","inLanguage":"es","@id":"http:\/\/vincentians.com\/es\/el-misionero-pedro-opeka-ha-construido-en-madagascar-17-poblados-para-15-000-personas\/#primaryimage","url":"","contentUrl":""},{"@type":"BreadcrumbList","@id":"http:\/\/vincentians.com\/es\/el-misionero-pedro-opeka-ha-construido-en-madagascar-17-poblados-para-15-000-personas\/#breadcrumb","itemListElement":[{"@type":"ListItem","position":1,"name":"Portada","item":"http:\/\/vincentians.com\/es\/"},{"@type":"ListItem","position":2,"name":"El misionero Pedro Opeka ha construido en Madagascar 17 poblados para 15.000 personas"}]},{"@type":"WebSite","@id":"http:\/\/vincentians.com\/es\/#website","url":"http:\/\/vincentians.com\/es\/","name":"Somos Vicencianos","description":"Know more to serve more","publisher":{"@id":"http:\/\/vincentians.com\/es\/#organization"},"potentialAction":[{"@type":"SearchAction","target":{"@type":"EntryPoint","urlTemplate":"http:\/\/vincentians.com\/es\/?s={search_term_string}"},"query-input":{"@type":"PropertyValueSpecification","valueRequired":true,"valueName":"search_term_string"}}],"inLanguage":"es"},{"@type":"Organization","@id":"http:\/\/vincentians.com\/es\/#organization","name":"The Vincentian Network","url":"http:\/\/vincentians.com\/es\/","logo":{"@type":"ImageObject","inLanguage":"es","@id":"http:\/\/vincentians.com\/es\/#\/schema\/logo\/image\/","url":"https:\/\/i1.wp.com\/vincentians.com\/es\/wp-content\/uploads\/sites\/11\/2016\/06\/Vincentian-Network-logo-big.png?fit=778%2C778","contentUrl":"https:\/\/i1.wp.com\/vincentians.com\/es\/wp-content\/uploads\/sites\/11\/2016\/06\/Vincentian-Network-logo-big.png?fit=778%2C778","width":778,"height":778,"caption":"The Vincentian Network"},"image":{"@id":"http:\/\/vincentians.com\/es\/#\/schema\/logo\/image\/"},"sameAs":["https:\/\/www.facebook.com\/WeAreVincentians\/","https:\/\/x.com\/WeVincentians"]},{"@type":"Person","@id":"http:\/\/vincentians.com\/es\/#\/schema\/person\/9623ef4d9aa3b2dfb8c061f1499288f2","name":"Francisco Javier Fern\u00e1ndez Chento","image":{"@type":"ImageObject","inLanguage":"es","@id":"http:\/\/vincentians.com\/es\/#\/schema\/person\/image\/","url":"https:\/\/secure.gravatar.com\/avatar\/497d5cde87b4c3d097d0315953521681ba2cd523ee66e5077c3711f7021e65de?s=96&d=mm&r=g","contentUrl":"https:\/\/secure.gravatar.com\/avatar\/497d5cde87b4c3d097d0315953521681ba2cd523ee66e5077c3711f7021e65de?s=96&d=mm&r=g","caption":"Francisco Javier Fern\u00e1ndez Chento"},"description":"Director General y cofundador de La Red de Formaci\u00f3n Vicenciana. Javier es laico vicenciano, afiliado a la Congregaci\u00f3n de la Misi\u00f3n y miembro del Equipo de Misiones Populares de la provincia can\u00f3nica de Zaragoza (Espa\u00f1a) de la Congregaci\u00f3n de la Misi\u00f3n. Graduado en la Universidad Oberta de Catalunya con cuatro grados (Asistente de direcci\u00f3n, Gesti\u00f3n Administrativa, Recursos Humanos y Contabilidad Avanzada). Bil\u00edng\u00fce Espa\u00f1ol\/Ingl\u00e9s. gestiona y mantiene varias p\u00e1ginas web cristianas y vicencianas, incluida including La Red de Formaci\u00f3n Vicenciana, de la que es cofundador. Actualmente es responsable del \u00e1rea de Espa\u00f1ol de .famvin, la Red de Noticias de la Familia Vicenciana. Tambi\u00e9n es m\u00fasico cat\u00f3lico y ha editado varios discos. Es Director General y cofundador de Trovador, una reconocida compa\u00f1\u00eda discogr\u00e1fica critiana de Espa\u00f1a. Trabaja en las Tecnolog\u00edas de la Informaci\u00f3n, ofreciendo servicios de alojamiento, dise\u00f1o y mantenimiento Web, as\u00ed como asesoramiento, formaci\u00f3n y soluciones inform\u00e1ticas, gesti\u00f3n documental y digitalizaci\u00f3n de textos, edici\u00f3n y maquetaci\u00f3n de libros, revistas, flyers, etc.","sameAs":["http:\/\/chento.org","https:\/\/www.facebook.com\/JavierChento","https:\/\/x.com\/https:\/\/twitter.com\/javierchento"],"url":"http:\/\/vincentians.com\/es\/author\/chento\/"}]}},"jetpack_publicize_connections":[],"jetpack_featured_media_url":"","jetpack_sharing_enabled":true,"jetpack_shortlink":"https:\/\/wp.me\/p7ETMF-BW","jetpack-related-posts":[{"id":42043,"url":"http:\/\/vincentians.com\/es\/los-pobres-me-han-evangelizado-dice-el-misionero-argentino-p-opeka-en-roma\/","url_meta":{"origin":2352,"position":0},"title":"\u00ab\u00a1Los pobres me han evangelizado!\u00bb dice el misionero argentino P. Opeka, en Roma","author":"Francisco Javier Fern\u00e1ndez Chento","date":"02\/02\/2021","format":false,"excerpt":"El\u00a0sacerdote argentino Pedro Opeka, misionero en Madagascar (\u00c1frica), viaj\u00f3 a Roma (Italia) para dar testimonio de su experiencia como misionero y sensibilizar al mundo sobre la posibilidad de erradicar la pobreza. \"\u00a1Los pobres me han evangelizado!\", exclam\u00f3. El sacerdote ofrece esta semana tres conferencias en Roma bajo el t\u00edtulo \"Vencer\u2026","rel":"","context":"En \u00abTestigos vicencianos\u00bb","block_context":{"text":"Testigos vicencianos","link":"http:\/\/vincentians.com\/es\/category\/la-familia-vicenciana\/testigos-vicencianos\/"},"img":{"alt_text":"","src":"https:\/\/i0.wp.com\/vincentians.com\/es\/wp-content\/uploads\/sites\/11\/2016\/09\/enviados-evangelizar-pobres.jpg?fit=1200%2C630&resize=350%2C200","width":350,"height":200,"srcset":"https:\/\/i0.wp.com\/vincentians.com\/es\/wp-content\/uploads\/sites\/11\/2016\/09\/enviados-evangelizar-pobres.jpg?fit=1200%2C630&resize=350%2C200 1x, https:\/\/i0.wp.com\/vincentians.com\/es\/wp-content\/uploads\/sites\/11\/2016\/09\/enviados-evangelizar-pobres.jpg?fit=1200%2C630&resize=525%2C300 1.5x, https:\/\/i0.wp.com\/vincentians.com\/es\/wp-content\/uploads\/sites\/11\/2016\/09\/enviados-evangelizar-pobres.jpg?fit=1200%2C630&resize=700%2C400 2x, https:\/\/i0.wp.com\/vincentians.com\/es\/wp-content\/uploads\/sites\/11\/2016\/09\/enviados-evangelizar-pobres.jpg?fit=1200%2C630&resize=1050%2C600 3x"},"classes":[]},{"id":2447,"url":"http:\/\/vincentians.com\/es\/pedro-opeka-haciendo-efectivo-el-evangelio-2\/","url_meta":{"origin":2352,"position":1},"title":"Pedro Opeka: Haciendo efectivo el Evangelio (2)","author":"Francisco Javier Fern\u00e1ndez Chento","date":"01\/06\/2023","format":false,"excerpt":"Al Padre Pedro Opeka, misionero pa\u00fal argentino que trabaja desde 1975 en Madagascar, le concedieron el Premio MUNDO NEGRO a la Fraternidad 2007 . Al borde de un vertedero, comenz\u00f3 a construir viviendas para alojar a los sin techo. Hoy es una ciudad con unos 20.000 habitantes. Se llama Akamasoa,\u2026","rel":"","context":"En \u00abMisiones \u00abAd gentes\u00bb\u00bb","block_context":{"text":"Misiones \u00abAd gentes\u00bb","link":"http:\/\/vincentians.com\/es\/category\/servicios-y-ministerios\/misiones-ad-gentes\/"},"img":{"alt_text":"","src":"https:\/\/i0.wp.com\/vincentians.com\/es\/wp-content\/uploads\/sites\/11\/2013\/04\/36.jpg?fit=1200%2C795&resize=350%2C200","width":350,"height":200,"srcset":"https:\/\/i0.wp.com\/vincentians.com\/es\/wp-content\/uploads\/sites\/11\/2013\/04\/36.jpg?fit=1200%2C795&resize=350%2C200 1x, https:\/\/i0.wp.com\/vincentians.com\/es\/wp-content\/uploads\/sites\/11\/2013\/04\/36.jpg?fit=1200%2C795&resize=525%2C300 1.5x, https:\/\/i0.wp.com\/vincentians.com\/es\/wp-content\/uploads\/sites\/11\/2013\/04\/36.jpg?fit=1200%2C795&resize=700%2C400 2x, https:\/\/i0.wp.com\/vincentians.com\/es\/wp-content\/uploads\/sites\/11\/2013\/04\/36.jpg?fit=1200%2C795&resize=1050%2C600 3x"},"classes":[]},{"id":2343,"url":"http:\/\/vincentians.com\/es\/pedro-opeka-haciendo-efectivo-el-evangelio-1\/","url_meta":{"origin":2352,"position":2},"title":"Pedro Opeka: Haciendo efectivo el Evangelio (1)","author":"Francisco Javier Fern\u00e1ndez Chento","date":"29\/05\/2023","format":false,"excerpt":"Hay una humana (y eclesial) tendencia a valorar a las personas cuando ya han partido a la casa del Padre. Los homenajes y testimonios sobre personas vivas son m\u00e1s raros, y est\u00e1n casi reservados a los \"grandes\" personajes de nuestro tiempo. No obstante, todos sabemos de la callada labor de\u2026","rel":"","context":"En \u00abMisiones \u00abAd gentes\u00bb\u00bb","block_context":{"text":"Misiones \u00abAd gentes\u00bb","link":"http:\/\/vincentians.com\/es\/category\/servicios-y-ministerios\/misiones-ad-gentes\/"},"img":{"alt_text":"","src":"https:\/\/i0.wp.com\/vincentians.com\/es\/wp-content\/uploads\/sites\/11\/2013\/04\/36.jpg?fit=1200%2C795&resize=350%2C200","width":350,"height":200,"srcset":"https:\/\/i0.wp.com\/vincentians.com\/es\/wp-content\/uploads\/sites\/11\/2013\/04\/36.jpg?fit=1200%2C795&resize=350%2C200 1x, https:\/\/i0.wp.com\/vincentians.com\/es\/wp-content\/uploads\/sites\/11\/2013\/04\/36.jpg?fit=1200%2C795&resize=525%2C300 1.5x, https:\/\/i0.wp.com\/vincentians.com\/es\/wp-content\/uploads\/sites\/11\/2013\/04\/36.jpg?fit=1200%2C795&resize=700%2C400 2x, https:\/\/i0.wp.com\/vincentians.com\/es\/wp-content\/uploads\/sites\/11\/2013\/04\/36.jpg?fit=1200%2C795&resize=1050%2C600 3x"},"classes":[]},{"id":38576,"url":"http:\/\/vincentians.com\/es\/breve-semblanza-del-padre-pedro-opeka\/","url_meta":{"origin":2352,"position":3},"title":"Breve semblanza del padre Pedro Opeka","author":"Francisco Javier Fern\u00e1ndez Chento","date":"07\/08\/2014","format":false,"excerpt":"Pedro Pablo Opeka nace el 29 de junio de 1948 en San Mart\u00edn, distrito del Gran Buenos Aires (Argentina), una tierra de hospitalidad sin l\u00edmites. Su padre, Luis Opeka, y su madre, Mar\u00eda Marolte, son eslovenos. En 1945 Luis Opeka, de profundas convicciones cristianas, es arrestado por los comunistas de\u2026","rel":"","context":"En \u00abTestigos vicencianos\u00bb","block_context":{"text":"Testigos vicencianos","link":"http:\/\/vincentians.com\/es\/category\/la-familia-vicenciana\/testigos-vicencianos\/"},"img":{"alt_text":"Padre Pedro Opeka","src":"https:\/\/i0.wp.com\/vicencianos.org\/wp-content\/2011\/05\/pedro_opeka-256x300.jpg?resize=350%2C200","width":350,"height":200},"classes":[]},{"id":2454,"url":"http:\/\/vincentians.com\/es\/pedro-opeka-haciendo-efectivo-el-evangelio-3\/","url_meta":{"origin":2352,"position":4},"title":"Pedro Opeka: Haciendo efectivo el Evangelio (3)","author":"Francisco Javier Fern\u00e1ndez Chento","date":"03\/06\/2023","format":false,"excerpt":"A los 17 a\u00f1os Pedro Opeka hizo su primera casa en Junil de los Andes, entre los indios mapuches, y desde entonces no ha parado por dar dignidad a los m\u00e1s pobres. Sobre todo desde que comenz\u00f3 su trabajo en Akamasoa, que significa \"buenos amigos\". Ingres\u00f3 en la congregaci\u00f3n de\u2026","rel":"","context":"En \u00abMisiones \u00abAd gentes\u00bb\u00bb","block_context":{"text":"Misiones \u00abAd gentes\u00bb","link":"http:\/\/vincentians.com\/es\/category\/servicios-y-ministerios\/misiones-ad-gentes\/"},"img":{"alt_text":"","src":"https:\/\/i0.wp.com\/vincentians.com\/es\/wp-content\/uploads\/sites\/11\/2013\/04\/36.jpg?fit=1200%2C795&resize=350%2C200","width":350,"height":200,"srcset":"https:\/\/i0.wp.com\/vincentians.com\/es\/wp-content\/uploads\/sites\/11\/2013\/04\/36.jpg?fit=1200%2C795&resize=350%2C200 1x, https:\/\/i0.wp.com\/vincentians.com\/es\/wp-content\/uploads\/sites\/11\/2013\/04\/36.jpg?fit=1200%2C795&resize=525%2C300 1.5x, https:\/\/i0.wp.com\/vincentians.com\/es\/wp-content\/uploads\/sites\/11\/2013\/04\/36.jpg?fit=1200%2C795&resize=700%2C400 2x, https:\/\/i0.wp.com\/vincentians.com\/es\/wp-content\/uploads\/sites\/11\/2013\/04\/36.jpg?fit=1200%2C795&resize=1050%2C600 3x"},"classes":[]},{"id":2455,"url":"http:\/\/vincentians.com\/es\/pedro-opeka-haciendo-efectivo-el-evangelio-5\/","url_meta":{"origin":2352,"position":5},"title":"Pedro Opeka: Haciendo efectivo el Evangelio (5)","author":"Francisco Javier Fern\u00e1ndez Chento","date":"27\/09\/2013","format":false,"excerpt":"En Akamasoa se empezaron a crear escuelas primarias, secundarias, a instancias de Pedro Opeka... Actualmente, hay m\u00e1s de 7.000 alumnos, sin contar las guarder\u00edas. Tambi\u00e9n hay talleres escuela (carpinter\u00eda, mec\u00e1nica ... ) que forman y dan trabajo a los j\u00f3venes; talleres y escuelas de bordado, de artesan\u00eda... en las que\u2026","rel":"","context":"En \u00abMisiones \u00abAd gentes\u00bb\u00bb","block_context":{"text":"Misiones \u00abAd gentes\u00bb","link":"http:\/\/vincentians.com\/es\/category\/servicios-y-ministerios\/misiones-ad-gentes\/"},"img":{"alt_text":"opeka5","src":"https:\/\/i0.wp.com\/vicencianos.org\/vicencianos\/files\/2009\/12\/opeka5-225x300.jpg?resize=350%2C200","width":350,"height":200},"classes":[]}],"_links":{"self":[{"href":"http:\/\/vincentians.com\/es\/wp-json\/wp\/v2\/posts\/2352","targetHints":{"allow":["GET"]}}],"collection":[{"href":"http:\/\/vincentians.com\/es\/wp-json\/wp\/v2\/posts"}],"about":[{"href":"http:\/\/vincentians.com\/es\/wp-json\/wp\/v2\/types\/post"}],"author":[{"embeddable":true,"href":"http:\/\/vincentians.com\/es\/wp-json\/wp\/v2\/users\/4"}],"replies":[{"embeddable":true,"href":"http:\/\/vincentians.com\/es\/wp-json\/wp\/v2\/comments?post=2352"}],"version-history":[{"count":0,"href":"http:\/\/vincentians.com\/es\/wp-json\/wp\/v2\/posts\/2352\/revisions"}],"wp:featuredmedia":[{"embeddable":true,"href":"http:\/\/vincentians.com\/es\/wp-json\/"}],"wp:attachment":[{"href":"http:\/\/vincentians.com\/es\/wp-json\/wp\/v2\/media?parent=2352"}],"wp:term":[{"taxonomy":"category","embeddable":true,"href":"http:\/\/vincentians.com\/es\/wp-json\/wp\/v2\/categories?post=2352"},{"taxonomy":"post_tag","embeddable":true,"href":"http:\/\/vincentians.com\/es\/wp-json\/wp\/v2\/tags?post=2352"}],"curies":[{"name":"wp","href":"https:\/\/api.w.org\/{rel}","templated":true}]}}