{"id":2350,"date":"2012-02-04T05:01:10","date_gmt":"2012-02-04T04:01:10","guid":{"rendered":"http:\/\/somos.vicencianos.org\/blog\/?p=2350"},"modified":"2012-02-04T05:01:10","modified_gmt":"2012-02-04T04:01:10","slug":"si-pudimos-en-africa","status":"publish","type":"post","link":"http:\/\/vincentians.com\/es\/si-pudimos-en-africa\/","title":{"rendered":"Si pudimos en \u00c1frica&#8230;"},"content":{"rendered":"<p><a href=\"https:\/\/i0.wp.com\/vicencianos.org\/wp-content\/2009\/12\/madagascar_ambalavao-to-fianarantsoa1.jpg\"><img data-recalc-dims=\"1\" loading=\"lazy\" decoding=\"async\" class=\"alignright size-medium wp-image-64400\" title=\"madagascar_ambalavao-to-fianarantsoa\" alt=\"\" src=\"https:\/\/i0.wp.com\/vicencianos.org\/wp-content\/2009\/12\/madagascar_ambalavao-to-fianarantsoa1-300x201.jpg?resize=300%2C201\" width=\"300\" height=\"201\" \/><\/a>El mapa de Madagascar tiene 15 a\u00f1os. Colgado sobre una pared, domina el living de la casa de Ramos Mej\u00eda que Luis Opeka, un inmigrante esloveno cat\u00f3lico que huy\u00f3 del comunismo luego de la Segunda Guerra Mundial, construy\u00f3 \u00e9l mismo para su mujer y sus seis hijos. El mapa, que ya est\u00e1 un poco amarillento, lo trajo uno de esos hijos que hoy tiene 55 a\u00f1os, es alto y corpulento, lleva una gran barba. Sus ojos transparentes lo revelan tal como es. Habla sentado en un sill\u00f3n, con el mapa de fondo. Habla de Madagascar, y su vehemencia conmueve y contagia. Es Pedro Opeka, sacerdote, misionero de la Orden de San Vicente de Paul, responsable de una obra humanitaria que es referencia en el mundo.<\/p>\n<p>El padre Pedro lleva adelante un proyecto que sac\u00f3 de la pobreza a miles de personas y les dio una vida m\u00e1s digna. Su trabajo tambi\u00e9n le ha merecido reconocimientos y hasta la postulaci\u00f3n al Premio Nobel de la Paz. \u00ab<em>Creamos una asociaci\u00f3n humanitaria con fundamento cristiano<\/em> \u2013explica\u2013. <em>Y al principio no cont\u00e1bamos con ning\u00fan medio econ\u00f3mico, s\u00f3lo la fe y la voluntad. Tenemos un centro de acogida por el que ya pasaron 200 mil personas y a todas les dimos una respuesta inmediata y concreta. Creamos 17 barrios con saneamiento, espacios verdes, infraestructura deportiva y dos cementerios. Hay un millar de personas construyendo sus propias casas y unas 2.500 trabajando en las canteras, de las que sacamos piedras y adoquines que les vendemos a empresas. Tambi\u00e9n tenemos talleres de formaci\u00f3n profesional de carpinter\u00eda, mec\u00e1nica automotriz, confecci\u00f3n, bordado y artesanado. Estamos al 50% de la autosuficiencia<\/em>\u00ab, y para reforzar sus palabras muestra decenas de fotos de los pueblos que ayud\u00f3 a construir en las afueras de Antananarivo, la capital de Madagascar. Se ven bonitas casas de dos plantas con balc\u00f3n, rodeadas por colinas. Tambi\u00e9n hay centros de salud, iglesias y hasta un estadio de f\u00fatbol que no tiene nada que envidiarle a los nuestros.<\/p>\n<p>Despu\u00e9s de pasar 15 a\u00f1os en la selva malgache \u2013a\u00f1os que, seg\u00fan Opeka, fueron su \u00abnoviciado\u00bb, en el que aprendi\u00f3 la cultura, la mentalidad y la lengua de ese pa\u00eds\u2013 el religioso se asent\u00f3 en la capital. \u00ab<em>Me encontr\u00e9 con una ciudad destrozada: mendigos, chicos pidiendo en la calle, robos. La gente viv\u00eda del basurero. Ahora es una ciudad digna, figuramos en una gu\u00eda tur\u00edstica francesa y los turistas vienen a conocer nuestro barrio y a la misa de los domingos \u2013de la que participan 6 mil personas\u2013 y salen llorando, contagiados de emoci\u00f3n. Yo digo que lo que los gobiernos excluyen, Dios lo recoge y lo incluye. Estas personas que antes eran marginadas hoy son un modelo evangelizador para los ricos de Europa<\/em>\u00ab, dice Pedro, que tiene como colaboradores a 253 j\u00f3venes profesionales y voluntarios malgaches.<\/p>\n<p>Lo primero que hizo Opeka fue crear comedores para los chicos que se mor\u00edan de hambre. Y luego comenz\u00f3 a construir escuelas donde educarlos: \u00ab<em>14 a\u00f1os despu\u00e9s, son las m\u00e1s bonitas de la ciudad, con 7 mil alumnos de los diferentes niveles y un \u00edndice de \u00e9xito escolar del 90%<\/em>\u00ab. Para Pedro, la educaci\u00f3n es la herramienta para progresar. \u00ab<em>Mi propuesta fue trabajo, escolarizaci\u00f3n y disciplina. La escuela es la prioridad, y el trabajo la manera de que se realicen y salgan de la asistencia, que los fragiliza y los arruina porque no les permite salir de la dependencia<\/em>\u00ab, sostiene.<\/p>\n<p><strong>Echar luz<\/strong><\/p>\n<p>Opeka dej\u00f3 Argentina en 1968, cuando el \u00edndice de pobreza era del 3%. Pens\u00f3 que era algo que se iba a solucionar. Ten\u00eda 25 a\u00f1os, una firme vocaci\u00f3n de trabajar por los dem\u00e1s, y la convicci\u00f3n de poder hacerlo en Africa, \u00abel continente m\u00e1s abandonado y olvidado del mundo\u00bb. Y lo logr\u00f3.<\/p>\n<p>Cuando se le pregunta por la realidad actual de Argentina se muestra dolido: \u00ab<em>El otro d\u00eda pas\u00e9 por Villa Hidalgo<\/em> \u2013comenta\u2013. <em>Eso es Africa. No puede ser que en este pa\u00eds, con las riquezas materiales y humanas con las que se cuenta, la gente tenga que vivir de esa manera. La mayor\u00eda de la gente que vive en las villas es buena, pero tambi\u00e9n es reh\u00e9n de los que quieren hacerse pasar por pobres y en realidad son malhechores. A esos el Estado tiene que hacerles frente. Las villas est\u00e1n monopolizadas por mafias. Hace falta abrir calles, llevar el agua, construir viviendas dignas, escuelas y salas de salud. Darle luz a esa gente, no s\u00f3lo luz el\u00e9ctrica sino en todo sentido<\/em>\u00ab, por eso considera que es importante que tambi\u00e9n la Iglesia est\u00e9 presente en las villas. Para el padre, se puede vencer la pobreza: \u00ab<em>En Antananarivo<\/em> \u2013cuenta\u2013 <em>los chicos ya no piden en la calle, est\u00e1n en la escuela. Hubo 1000 reuniones con los pobres del basurero, y reci\u00e9n a la reuni\u00f3n 1001 empezaron a pensar que pod\u00eda ser posible. Pero nunca bajamos los brazos, aunque ve\u00edamos a los chicos sufrir porque sus padres no tomaban conciencia. Pero logramos revertirlo, persistiendo con amor, bondad y solidaridad, y estando con ellos en los momentos m\u00e1s duros de enfermedad, hambre e inundaciones. La gente respondi\u00f3 porque encontr\u00f3 un lugar donde es respetada y valorada<\/em>\u00ab.<\/p>\n<p>Opeka invita a quienes trabajan por los dem\u00e1s a seguir adelante: \u00ab<em>Hay gente que da su vida por los dem\u00e1s y a esa gente le digo que siga. En todas partes se puede vivir el Evangelio porque es inagotable y siempre puede hablar<\/em>\u00ab. Para \u00e9l no hay imposibles ni f\u00f3rmulas m\u00e1gicas: hace falta voluntad, esfuerzo y dejarse guiar por la providencia. \u00ab<em>Si pudimos en Madagascar, aqu\u00ed tambi\u00e9n se puede<\/em>\u00ab, es su respuesta. Raz\u00f3n no le falta.<\/p>\n","protected":false},"excerpt":{"rendered":"<p>El mapa de Madagascar tiene 15 a\u00f1os. Colgado sobre una pared, domina el living de la casa de Ramos Mej\u00eda que Luis Opeka, un inmigrante esloveno cat\u00f3lico que huy\u00f3 del comunismo luego de la Segunda &#8230; <a href=\"http:\/\/vincentians.com\/es\/si-pudimos-en-africa\/\" class=\"more-link\">Read More<\/a><\/p>\n","protected":false},"author":4,"featured_media":64400,"comment_status":"open","ping_status":"open","sticky":false,"template":"","format":"standard","meta":{"jetpack_post_was_ever_published":false,"_jetpack_newsletter_access":"","_jetpack_dont_email_post_to_subs":false,"_jetpack_newsletter_tier_id":0,"_jetpack_memberships_contains_paywalled_content":false,"_jetpack_memberships_contains_paid_content":false,"footnotes":"","jetpack_publicize_message":"","jetpack_publicize_feature_enabled":true,"jetpack_social_post_already_shared":true,"jetpack_social_options":{"image_generator_settings":{"template":"highway","default_image_id":0,"font":"","enabled":false},"version":2}},"categories":[210],"tags":[278,172],"class_list":["post-2350","post","type-post","status-publish","format-standard","has-post-thumbnail","hentry","category-testigos-vicencianos","tag-pedro-opeka","tag-pobreza"],"yoast_head":"<!-- This site is optimized with the Yoast SEO plugin v26.3 - https:\/\/yoast.com\/wordpress\/plugins\/seo\/ -->\n<title>Si pudimos en \u00c1frica... - Somos Vicencianos<\/title>\n<meta name=\"robots\" content=\"index, follow, max-snippet:-1, max-image-preview:large, max-video-preview:-1\" \/>\n<link rel=\"canonical\" href=\"http:\/\/vincentians.com\/es\/si-pudimos-en-africa\/\" \/>\n<meta property=\"og:locale\" content=\"es_ES\" \/>\n<meta property=\"og:type\" content=\"article\" \/>\n<meta property=\"og:title\" content=\"Si pudimos en \u00c1frica... - Somos Vicencianos\" \/>\n<meta property=\"og:description\" content=\"El mapa de Madagascar tiene 15 a\u00f1os. Colgado sobre una pared, domina el living de la casa de Ramos Mej\u00eda que Luis Opeka, un inmigrante esloveno cat\u00f3lico que huy\u00f3 del comunismo luego de la Segunda ... Read More\" \/>\n<meta property=\"og:url\" content=\"http:\/\/vincentians.com\/es\/si-pudimos-en-africa\/\" \/>\n<meta property=\"og:site_name\" content=\"Somos Vicencianos\" \/>\n<meta property=\"article:publisher\" content=\"https:\/\/www.facebook.com\/WeAreVincentians\/\" \/>\n<meta property=\"article:author\" content=\"https:\/\/www.facebook.com\/JavierChento\" \/>\n<meta property=\"article:published_time\" content=\"2012-02-04T04:01:10+00:00\" \/>\n<meta name=\"author\" content=\"Francisco Javier Fern\u00e1ndez Chento\" \/>\n<meta name=\"twitter:card\" content=\"summary_large_image\" \/>\n<meta name=\"twitter:creator\" content=\"@https:\/\/twitter.com\/javierchento\" \/>\n<meta name=\"twitter:site\" content=\"@WeVincentians\" \/>\n<meta name=\"twitter:label1\" content=\"Escrito por\" \/>\n\t<meta name=\"twitter:data1\" content=\"Francisco Javier Fern\u00e1ndez Chento\" \/>\n\t<meta name=\"twitter:label2\" content=\"Tiempo de lectura\" \/>\n\t<meta name=\"twitter:data2\" content=\"5 minutos\" \/>\n<script type=\"application\/ld+json\" class=\"yoast-schema-graph\">{\"@context\":\"https:\/\/schema.org\",\"@graph\":[{\"@type\":\"Article\",\"@id\":\"http:\/\/vincentians.com\/es\/si-pudimos-en-africa\/#article\",\"isPartOf\":{\"@id\":\"http:\/\/vincentians.com\/es\/si-pudimos-en-africa\/\"},\"author\":{\"name\":\"Francisco Javier Fern\u00e1ndez Chento\",\"@id\":\"http:\/\/vincentians.com\/es\/#\/schema\/person\/9623ef4d9aa3b2dfb8c061f1499288f2\"},\"headline\":\"Si pudimos en \u00c1frica&#8230;\",\"datePublished\":\"2012-02-04T04:01:10+00:00\",\"mainEntityOfPage\":{\"@id\":\"http:\/\/vincentians.com\/es\/si-pudimos-en-africa\/\"},\"wordCount\":979,\"commentCount\":0,\"publisher\":{\"@id\":\"http:\/\/vincentians.com\/es\/#organization\"},\"image\":{\"@id\":\"http:\/\/vincentians.com\/es\/si-pudimos-en-africa\/#primaryimage\"},\"thumbnailUrl\":\"\",\"keywords\":[\"Pedro Opeka\",\"Pobreza\"],\"articleSection\":[\"Testigos vicencianos\"],\"inLanguage\":\"es\",\"potentialAction\":[{\"@type\":\"CommentAction\",\"name\":\"Comment\",\"target\":[\"http:\/\/vincentians.com\/es\/si-pudimos-en-africa\/#respond\"]}]},{\"@type\":\"WebPage\",\"@id\":\"http:\/\/vincentians.com\/es\/si-pudimos-en-africa\/\",\"url\":\"http:\/\/vincentians.com\/es\/si-pudimos-en-africa\/\",\"name\":\"Si pudimos en \u00c1frica... - Somos Vicencianos\",\"isPartOf\":{\"@id\":\"http:\/\/vincentians.com\/es\/#website\"},\"primaryImageOfPage\":{\"@id\":\"http:\/\/vincentians.com\/es\/si-pudimos-en-africa\/#primaryimage\"},\"image\":{\"@id\":\"http:\/\/vincentians.com\/es\/si-pudimos-en-africa\/#primaryimage\"},\"thumbnailUrl\":\"\",\"datePublished\":\"2012-02-04T04:01:10+00:00\",\"breadcrumb\":{\"@id\":\"http:\/\/vincentians.com\/es\/si-pudimos-en-africa\/#breadcrumb\"},\"inLanguage\":\"es\",\"potentialAction\":[{\"@type\":\"ReadAction\",\"target\":[\"http:\/\/vincentians.com\/es\/si-pudimos-en-africa\/\"]}]},{\"@type\":\"ImageObject\",\"inLanguage\":\"es\",\"@id\":\"http:\/\/vincentians.com\/es\/si-pudimos-en-africa\/#primaryimage\",\"url\":\"\",\"contentUrl\":\"\"},{\"@type\":\"BreadcrumbList\",\"@id\":\"http:\/\/vincentians.com\/es\/si-pudimos-en-africa\/#breadcrumb\",\"itemListElement\":[{\"@type\":\"ListItem\",\"position\":1,\"name\":\"Portada\",\"item\":\"http:\/\/vincentians.com\/es\/\"},{\"@type\":\"ListItem\",\"position\":2,\"name\":\"Si pudimos en \u00c1frica&#8230;\"}]},{\"@type\":\"WebSite\",\"@id\":\"http:\/\/vincentians.com\/es\/#website\",\"url\":\"http:\/\/vincentians.com\/es\/\",\"name\":\"Somos Vicencianos\",\"description\":\"Know more to serve more\",\"publisher\":{\"@id\":\"http:\/\/vincentians.com\/es\/#organization\"},\"potentialAction\":[{\"@type\":\"SearchAction\",\"target\":{\"@type\":\"EntryPoint\",\"urlTemplate\":\"http:\/\/vincentians.com\/es\/?s={search_term_string}\"},\"query-input\":{\"@type\":\"PropertyValueSpecification\",\"valueRequired\":true,\"valueName\":\"search_term_string\"}}],\"inLanguage\":\"es\"},{\"@type\":\"Organization\",\"@id\":\"http:\/\/vincentians.com\/es\/#organization\",\"name\":\"The Vincentian Network\",\"url\":\"http:\/\/vincentians.com\/es\/\",\"logo\":{\"@type\":\"ImageObject\",\"inLanguage\":\"es\",\"@id\":\"http:\/\/vincentians.com\/es\/#\/schema\/logo\/image\/\",\"url\":\"https:\/\/i1.wp.com\/vincentians.com\/es\/wp-content\/uploads\/sites\/11\/2016\/06\/Vincentian-Network-logo-big.png?fit=778%2C778\",\"contentUrl\":\"https:\/\/i1.wp.com\/vincentians.com\/es\/wp-content\/uploads\/sites\/11\/2016\/06\/Vincentian-Network-logo-big.png?fit=778%2C778\",\"width\":778,\"height\":778,\"caption\":\"The Vincentian Network\"},\"image\":{\"@id\":\"http:\/\/vincentians.com\/es\/#\/schema\/logo\/image\/\"},\"sameAs\":[\"https:\/\/www.facebook.com\/WeAreVincentians\/\",\"https:\/\/x.com\/WeVincentians\"]},{\"@type\":\"Person\",\"@id\":\"http:\/\/vincentians.com\/es\/#\/schema\/person\/9623ef4d9aa3b2dfb8c061f1499288f2\",\"name\":\"Francisco Javier Fern\u00e1ndez Chento\",\"image\":{\"@type\":\"ImageObject\",\"inLanguage\":\"es\",\"@id\":\"http:\/\/vincentians.com\/es\/#\/schema\/person\/image\/\",\"url\":\"https:\/\/secure.gravatar.com\/avatar\/497d5cde87b4c3d097d0315953521681ba2cd523ee66e5077c3711f7021e65de?s=96&d=mm&r=g\",\"contentUrl\":\"https:\/\/secure.gravatar.com\/avatar\/497d5cde87b4c3d097d0315953521681ba2cd523ee66e5077c3711f7021e65de?s=96&d=mm&r=g\",\"caption\":\"Francisco Javier Fern\u00e1ndez Chento\"},\"description\":\"Director General y cofundador de La Red de Formaci\u00f3n Vicenciana. Javier es laico vicenciano, afiliado a la Congregaci\u00f3n de la Misi\u00f3n y miembro del Equipo de Misiones Populares de la provincia can\u00f3nica de Zaragoza (Espa\u00f1a) de la Congregaci\u00f3n de la Misi\u00f3n. Graduado en la Universidad Oberta de Catalunya con cuatro grados (Asistente de direcci\u00f3n, Gesti\u00f3n Administrativa, Recursos Humanos y Contabilidad Avanzada). Bil\u00edng\u00fce Espa\u00f1ol\/Ingl\u00e9s. gestiona y mantiene varias p\u00e1ginas web cristianas y vicencianas, incluida including La Red de Formaci\u00f3n Vicenciana, de la que es cofundador. Actualmente es responsable del \u00e1rea de Espa\u00f1ol de .famvin, la Red de Noticias de la Familia Vicenciana. Tambi\u00e9n es m\u00fasico cat\u00f3lico y ha editado varios discos. Es Director General y cofundador de Trovador, una reconocida compa\u00f1\u00eda discogr\u00e1fica critiana de Espa\u00f1a. Trabaja en las Tecnolog\u00edas de la Informaci\u00f3n, ofreciendo servicios de alojamiento, dise\u00f1o y mantenimiento Web, as\u00ed como asesoramiento, formaci\u00f3n y soluciones inform\u00e1ticas, gesti\u00f3n documental y digitalizaci\u00f3n de textos, edici\u00f3n y maquetaci\u00f3n de libros, revistas, flyers, etc.\",\"sameAs\":[\"http:\/\/chento.org\",\"https:\/\/www.facebook.com\/JavierChento\",\"https:\/\/x.com\/https:\/\/twitter.com\/javierchento\"],\"url\":\"http:\/\/vincentians.com\/es\/author\/chento\/\"}]}<\/script>\n<!-- \/ Yoast SEO plugin. -->","yoast_head_json":{"title":"Si pudimos en \u00c1frica... - Somos Vicencianos","robots":{"index":"index","follow":"follow","max-snippet":"max-snippet:-1","max-image-preview":"max-image-preview:large","max-video-preview":"max-video-preview:-1"},"canonical":"http:\/\/vincentians.com\/es\/si-pudimos-en-africa\/","og_locale":"es_ES","og_type":"article","og_title":"Si pudimos en \u00c1frica... - Somos Vicencianos","og_description":"El mapa de Madagascar tiene 15 a\u00f1os. Colgado sobre una pared, domina el living de la casa de Ramos Mej\u00eda que Luis Opeka, un inmigrante esloveno cat\u00f3lico que huy\u00f3 del comunismo luego de la Segunda ... Read More","og_url":"http:\/\/vincentians.com\/es\/si-pudimos-en-africa\/","og_site_name":"Somos Vicencianos","article_publisher":"https:\/\/www.facebook.com\/WeAreVincentians\/","article_author":"https:\/\/www.facebook.com\/JavierChento","article_published_time":"2012-02-04T04:01:10+00:00","author":"Francisco Javier Fern\u00e1ndez Chento","twitter_card":"summary_large_image","twitter_creator":"@https:\/\/twitter.com\/javierchento","twitter_site":"@WeVincentians","twitter_misc":{"Escrito por":"Francisco Javier Fern\u00e1ndez Chento","Tiempo de lectura":"5 minutos"},"schema":{"@context":"https:\/\/schema.org","@graph":[{"@type":"Article","@id":"http:\/\/vincentians.com\/es\/si-pudimos-en-africa\/#article","isPartOf":{"@id":"http:\/\/vincentians.com\/es\/si-pudimos-en-africa\/"},"author":{"name":"Francisco Javier Fern\u00e1ndez Chento","@id":"http:\/\/vincentians.com\/es\/#\/schema\/person\/9623ef4d9aa3b2dfb8c061f1499288f2"},"headline":"Si pudimos en \u00c1frica&#8230;","datePublished":"2012-02-04T04:01:10+00:00","mainEntityOfPage":{"@id":"http:\/\/vincentians.com\/es\/si-pudimos-en-africa\/"},"wordCount":979,"commentCount":0,"publisher":{"@id":"http:\/\/vincentians.com\/es\/#organization"},"image":{"@id":"http:\/\/vincentians.com\/es\/si-pudimos-en-africa\/#primaryimage"},"thumbnailUrl":"","keywords":["Pedro Opeka","Pobreza"],"articleSection":["Testigos vicencianos"],"inLanguage":"es","potentialAction":[{"@type":"CommentAction","name":"Comment","target":["http:\/\/vincentians.com\/es\/si-pudimos-en-africa\/#respond"]}]},{"@type":"WebPage","@id":"http:\/\/vincentians.com\/es\/si-pudimos-en-africa\/","url":"http:\/\/vincentians.com\/es\/si-pudimos-en-africa\/","name":"Si pudimos en \u00c1frica... - Somos Vicencianos","isPartOf":{"@id":"http:\/\/vincentians.com\/es\/#website"},"primaryImageOfPage":{"@id":"http:\/\/vincentians.com\/es\/si-pudimos-en-africa\/#primaryimage"},"image":{"@id":"http:\/\/vincentians.com\/es\/si-pudimos-en-africa\/#primaryimage"},"thumbnailUrl":"","datePublished":"2012-02-04T04:01:10+00:00","breadcrumb":{"@id":"http:\/\/vincentians.com\/es\/si-pudimos-en-africa\/#breadcrumb"},"inLanguage":"es","potentialAction":[{"@type":"ReadAction","target":["http:\/\/vincentians.com\/es\/si-pudimos-en-africa\/"]}]},{"@type":"ImageObject","inLanguage":"es","@id":"http:\/\/vincentians.com\/es\/si-pudimos-en-africa\/#primaryimage","url":"","contentUrl":""},{"@type":"BreadcrumbList","@id":"http:\/\/vincentians.com\/es\/si-pudimos-en-africa\/#breadcrumb","itemListElement":[{"@type":"ListItem","position":1,"name":"Portada","item":"http:\/\/vincentians.com\/es\/"},{"@type":"ListItem","position":2,"name":"Si pudimos en \u00c1frica&#8230;"}]},{"@type":"WebSite","@id":"http:\/\/vincentians.com\/es\/#website","url":"http:\/\/vincentians.com\/es\/","name":"Somos Vicencianos","description":"Know more to serve more","publisher":{"@id":"http:\/\/vincentians.com\/es\/#organization"},"potentialAction":[{"@type":"SearchAction","target":{"@type":"EntryPoint","urlTemplate":"http:\/\/vincentians.com\/es\/?s={search_term_string}"},"query-input":{"@type":"PropertyValueSpecification","valueRequired":true,"valueName":"search_term_string"}}],"inLanguage":"es"},{"@type":"Organization","@id":"http:\/\/vincentians.com\/es\/#organization","name":"The Vincentian Network","url":"http:\/\/vincentians.com\/es\/","logo":{"@type":"ImageObject","inLanguage":"es","@id":"http:\/\/vincentians.com\/es\/#\/schema\/logo\/image\/","url":"https:\/\/i1.wp.com\/vincentians.com\/es\/wp-content\/uploads\/sites\/11\/2016\/06\/Vincentian-Network-logo-big.png?fit=778%2C778","contentUrl":"https:\/\/i1.wp.com\/vincentians.com\/es\/wp-content\/uploads\/sites\/11\/2016\/06\/Vincentian-Network-logo-big.png?fit=778%2C778","width":778,"height":778,"caption":"The Vincentian Network"},"image":{"@id":"http:\/\/vincentians.com\/es\/#\/schema\/logo\/image\/"},"sameAs":["https:\/\/www.facebook.com\/WeAreVincentians\/","https:\/\/x.com\/WeVincentians"]},{"@type":"Person","@id":"http:\/\/vincentians.com\/es\/#\/schema\/person\/9623ef4d9aa3b2dfb8c061f1499288f2","name":"Francisco Javier Fern\u00e1ndez Chento","image":{"@type":"ImageObject","inLanguage":"es","@id":"http:\/\/vincentians.com\/es\/#\/schema\/person\/image\/","url":"https:\/\/secure.gravatar.com\/avatar\/497d5cde87b4c3d097d0315953521681ba2cd523ee66e5077c3711f7021e65de?s=96&d=mm&r=g","contentUrl":"https:\/\/secure.gravatar.com\/avatar\/497d5cde87b4c3d097d0315953521681ba2cd523ee66e5077c3711f7021e65de?s=96&d=mm&r=g","caption":"Francisco Javier Fern\u00e1ndez Chento"},"description":"Director General y cofundador de La Red de Formaci\u00f3n Vicenciana. Javier es laico vicenciano, afiliado a la Congregaci\u00f3n de la Misi\u00f3n y miembro del Equipo de Misiones Populares de la provincia can\u00f3nica de Zaragoza (Espa\u00f1a) de la Congregaci\u00f3n de la Misi\u00f3n. Graduado en la Universidad Oberta de Catalunya con cuatro grados (Asistente de direcci\u00f3n, Gesti\u00f3n Administrativa, Recursos Humanos y Contabilidad Avanzada). Bil\u00edng\u00fce Espa\u00f1ol\/Ingl\u00e9s. gestiona y mantiene varias p\u00e1ginas web cristianas y vicencianas, incluida including La Red de Formaci\u00f3n Vicenciana, de la que es cofundador. Actualmente es responsable del \u00e1rea de Espa\u00f1ol de .famvin, la Red de Noticias de la Familia Vicenciana. Tambi\u00e9n es m\u00fasico cat\u00f3lico y ha editado varios discos. Es Director General y cofundador de Trovador, una reconocida compa\u00f1\u00eda discogr\u00e1fica critiana de Espa\u00f1a. Trabaja en las Tecnolog\u00edas de la Informaci\u00f3n, ofreciendo servicios de alojamiento, dise\u00f1o y mantenimiento Web, as\u00ed como asesoramiento, formaci\u00f3n y soluciones inform\u00e1ticas, gesti\u00f3n documental y digitalizaci\u00f3n de textos, edici\u00f3n y maquetaci\u00f3n de libros, revistas, flyers, etc.","sameAs":["http:\/\/chento.org","https:\/\/www.facebook.com\/JavierChento","https:\/\/x.com\/https:\/\/twitter.com\/javierchento"],"url":"http:\/\/vincentians.com\/es\/author\/chento\/"}]}},"jetpack_publicize_connections":[],"jetpack_featured_media_url":"","jetpack_sharing_enabled":true,"jetpack_shortlink":"https:\/\/wp.me\/p7ETMF-BU","jetpack-related-posts":[{"id":2447,"url":"http:\/\/vincentians.com\/es\/pedro-opeka-haciendo-efectivo-el-evangelio-2\/","url_meta":{"origin":2350,"position":0},"title":"Pedro Opeka: Haciendo efectivo el Evangelio (2)","author":"Francisco Javier Fern\u00e1ndez Chento","date":"01\/06\/2023","format":false,"excerpt":"Al Padre Pedro Opeka, misionero pa\u00fal argentino que trabaja desde 1975 en Madagascar, le concedieron el Premio MUNDO NEGRO a la Fraternidad 2007 . Al borde de un vertedero, comenz\u00f3 a construir viviendas para alojar a los sin techo. Hoy es una ciudad con unos 20.000 habitantes. Se llama Akamasoa,\u2026","rel":"","context":"En \u00abMisiones \u00abAd gentes\u00bb\u00bb","block_context":{"text":"Misiones \u00abAd gentes\u00bb","link":"http:\/\/vincentians.com\/es\/category\/servicios-y-ministerios\/misiones-ad-gentes\/"},"img":{"alt_text":"","src":"https:\/\/i0.wp.com\/vincentians.com\/es\/wp-content\/uploads\/sites\/11\/2013\/04\/36.jpg?fit=1200%2C795&resize=350%2C200","width":350,"height":200,"srcset":"https:\/\/i0.wp.com\/vincentians.com\/es\/wp-content\/uploads\/sites\/11\/2013\/04\/36.jpg?fit=1200%2C795&resize=350%2C200 1x, https:\/\/i0.wp.com\/vincentians.com\/es\/wp-content\/uploads\/sites\/11\/2013\/04\/36.jpg?fit=1200%2C795&resize=525%2C300 1.5x, https:\/\/i0.wp.com\/vincentians.com\/es\/wp-content\/uploads\/sites\/11\/2013\/04\/36.jpg?fit=1200%2C795&resize=700%2C400 2x, https:\/\/i0.wp.com\/vincentians.com\/es\/wp-content\/uploads\/sites\/11\/2013\/04\/36.jpg?fit=1200%2C795&resize=1050%2C600 3x"},"classes":[]},{"id":2343,"url":"http:\/\/vincentians.com\/es\/pedro-opeka-haciendo-efectivo-el-evangelio-1\/","url_meta":{"origin":2350,"position":1},"title":"Pedro Opeka: Haciendo efectivo el Evangelio (1)","author":"Francisco Javier Fern\u00e1ndez Chento","date":"29\/05\/2023","format":false,"excerpt":"Hay una humana (y eclesial) tendencia a valorar a las personas cuando ya han partido a la casa del Padre. Los homenajes y testimonios sobre personas vivas son m\u00e1s raros, y est\u00e1n casi reservados a los \"grandes\" personajes de nuestro tiempo. No obstante, todos sabemos de la callada labor de\u2026","rel":"","context":"En \u00abMisiones \u00abAd gentes\u00bb\u00bb","block_context":{"text":"Misiones \u00abAd gentes\u00bb","link":"http:\/\/vincentians.com\/es\/category\/servicios-y-ministerios\/misiones-ad-gentes\/"},"img":{"alt_text":"","src":"https:\/\/i0.wp.com\/vincentians.com\/es\/wp-content\/uploads\/sites\/11\/2013\/04\/36.jpg?fit=1200%2C795&resize=350%2C200","width":350,"height":200,"srcset":"https:\/\/i0.wp.com\/vincentians.com\/es\/wp-content\/uploads\/sites\/11\/2013\/04\/36.jpg?fit=1200%2C795&resize=350%2C200 1x, https:\/\/i0.wp.com\/vincentians.com\/es\/wp-content\/uploads\/sites\/11\/2013\/04\/36.jpg?fit=1200%2C795&resize=525%2C300 1.5x, https:\/\/i0.wp.com\/vincentians.com\/es\/wp-content\/uploads\/sites\/11\/2013\/04\/36.jpg?fit=1200%2C795&resize=700%2C400 2x, https:\/\/i0.wp.com\/vincentians.com\/es\/wp-content\/uploads\/sites\/11\/2013\/04\/36.jpg?fit=1200%2C795&resize=1050%2C600 3x"},"classes":[]},{"id":42043,"url":"http:\/\/vincentians.com\/es\/los-pobres-me-han-evangelizado-dice-el-misionero-argentino-p-opeka-en-roma\/","url_meta":{"origin":2350,"position":2},"title":"\u00ab\u00a1Los pobres me han evangelizado!\u00bb dice el misionero argentino P. Opeka, en Roma","author":"Francisco Javier Fern\u00e1ndez Chento","date":"02\/02\/2021","format":false,"excerpt":"El\u00a0sacerdote argentino Pedro Opeka, misionero en Madagascar (\u00c1frica), viaj\u00f3 a Roma (Italia) para dar testimonio de su experiencia como misionero y sensibilizar al mundo sobre la posibilidad de erradicar la pobreza. \"\u00a1Los pobres me han evangelizado!\", exclam\u00f3. El sacerdote ofrece esta semana tres conferencias en Roma bajo el t\u00edtulo \"Vencer\u2026","rel":"","context":"En \u00abTestigos vicencianos\u00bb","block_context":{"text":"Testigos vicencianos","link":"http:\/\/vincentians.com\/es\/category\/la-familia-vicenciana\/testigos-vicencianos\/"},"img":{"alt_text":"","src":"https:\/\/i0.wp.com\/vincentians.com\/es\/wp-content\/uploads\/sites\/11\/2016\/09\/enviados-evangelizar-pobres.jpg?fit=1200%2C630&resize=350%2C200","width":350,"height":200,"srcset":"https:\/\/i0.wp.com\/vincentians.com\/es\/wp-content\/uploads\/sites\/11\/2016\/09\/enviados-evangelizar-pobres.jpg?fit=1200%2C630&resize=350%2C200 1x, https:\/\/i0.wp.com\/vincentians.com\/es\/wp-content\/uploads\/sites\/11\/2016\/09\/enviados-evangelizar-pobres.jpg?fit=1200%2C630&resize=525%2C300 1.5x, https:\/\/i0.wp.com\/vincentians.com\/es\/wp-content\/uploads\/sites\/11\/2016\/09\/enviados-evangelizar-pobres.jpg?fit=1200%2C630&resize=700%2C400 2x, https:\/\/i0.wp.com\/vincentians.com\/es\/wp-content\/uploads\/sites\/11\/2016\/09\/enviados-evangelizar-pobres.jpg?fit=1200%2C630&resize=1050%2C600 3x"},"classes":[]},{"id":2454,"url":"http:\/\/vincentians.com\/es\/pedro-opeka-haciendo-efectivo-el-evangelio-3\/","url_meta":{"origin":2350,"position":3},"title":"Pedro Opeka: Haciendo efectivo el Evangelio (3)","author":"Francisco Javier Fern\u00e1ndez Chento","date":"03\/06\/2023","format":false,"excerpt":"A los 17 a\u00f1os Pedro Opeka hizo su primera casa en Junil de los Andes, entre los indios mapuches, y desde entonces no ha parado por dar dignidad a los m\u00e1s pobres. Sobre todo desde que comenz\u00f3 su trabajo en Akamasoa, que significa \"buenos amigos\". Ingres\u00f3 en la congregaci\u00f3n de\u2026","rel":"","context":"En \u00abMisiones \u00abAd gentes\u00bb\u00bb","block_context":{"text":"Misiones \u00abAd gentes\u00bb","link":"http:\/\/vincentians.com\/es\/category\/servicios-y-ministerios\/misiones-ad-gentes\/"},"img":{"alt_text":"","src":"https:\/\/i0.wp.com\/vincentians.com\/es\/wp-content\/uploads\/sites\/11\/2013\/04\/36.jpg?fit=1200%2C795&resize=350%2C200","width":350,"height":200,"srcset":"https:\/\/i0.wp.com\/vincentians.com\/es\/wp-content\/uploads\/sites\/11\/2013\/04\/36.jpg?fit=1200%2C795&resize=350%2C200 1x, https:\/\/i0.wp.com\/vincentians.com\/es\/wp-content\/uploads\/sites\/11\/2013\/04\/36.jpg?fit=1200%2C795&resize=525%2C300 1.5x, https:\/\/i0.wp.com\/vincentians.com\/es\/wp-content\/uploads\/sites\/11\/2013\/04\/36.jpg?fit=1200%2C795&resize=700%2C400 2x, https:\/\/i0.wp.com\/vincentians.com\/es\/wp-content\/uploads\/sites\/11\/2013\/04\/36.jpg?fit=1200%2C795&resize=1050%2C600 3x"},"classes":[]},{"id":38576,"url":"http:\/\/vincentians.com\/es\/breve-semblanza-del-padre-pedro-opeka\/","url_meta":{"origin":2350,"position":4},"title":"Breve semblanza del padre Pedro Opeka","author":"Francisco Javier Fern\u00e1ndez Chento","date":"07\/08\/2014","format":false,"excerpt":"Pedro Pablo Opeka nace el 29 de junio de 1948 en San Mart\u00edn, distrito del Gran Buenos Aires (Argentina), una tierra de hospitalidad sin l\u00edmites. Su padre, Luis Opeka, y su madre, Mar\u00eda Marolte, son eslovenos. En 1945 Luis Opeka, de profundas convicciones cristianas, es arrestado por los comunistas de\u2026","rel":"","context":"En \u00abTestigos vicencianos\u00bb","block_context":{"text":"Testigos vicencianos","link":"http:\/\/vincentians.com\/es\/category\/la-familia-vicenciana\/testigos-vicencianos\/"},"img":{"alt_text":"Padre Pedro Opeka","src":"https:\/\/i0.wp.com\/vicencianos.org\/wp-content\/2011\/05\/pedro_opeka-256x300.jpg?resize=350%2C200","width":350,"height":200},"classes":[]},{"id":2348,"url":"http:\/\/vincentians.com\/es\/la-historia-del-cura-argentino-que-enseno-a-levantar-pueblos-en-africa\/","url_meta":{"origin":2350,"position":5},"title":"La historia del cura argentino que ense\u00f1\u00f3 a levantar pueblos en \u00c1frica","author":"Francisco Javier Fern\u00e1ndez Chento","date":"29\/03\/2015","format":false,"excerpt":"Fue dos veces propuesto como Premio Nobel de la Paz. Sobre su obra se filmaron una decena de documentales y se escribieron seis libros. Es amigo de Gilbert Mitterand, hijo del ex presidente franc\u00e9s, y del Pr\u00edncipe de M\u00f3naco. Jacques Cousteau lo denomin\u00f3 \"soldado de la humanidad\". Se llama Pedro\u2026","rel":"","context":"En \u00abTestigos vicencianos\u00bb","block_context":{"text":"Testigos vicencianos","link":"http:\/\/vincentians.com\/es\/category\/la-familia-vicenciana\/testigos-vicencianos\/"},"img":{"alt_text":"Padre Pedro Opeka","src":"https:\/\/i0.wp.com\/vicencianos.org\/wp-content\/2011\/05\/pedro_opeka-256x300.jpg?resize=350%2C200","width":350,"height":200},"classes":[]}],"_links":{"self":[{"href":"http:\/\/vincentians.com\/es\/wp-json\/wp\/v2\/posts\/2350","targetHints":{"allow":["GET"]}}],"collection":[{"href":"http:\/\/vincentians.com\/es\/wp-json\/wp\/v2\/posts"}],"about":[{"href":"http:\/\/vincentians.com\/es\/wp-json\/wp\/v2\/types\/post"}],"author":[{"embeddable":true,"href":"http:\/\/vincentians.com\/es\/wp-json\/wp\/v2\/users\/4"}],"replies":[{"embeddable":true,"href":"http:\/\/vincentians.com\/es\/wp-json\/wp\/v2\/comments?post=2350"}],"version-history":[{"count":0,"href":"http:\/\/vincentians.com\/es\/wp-json\/wp\/v2\/posts\/2350\/revisions"}],"wp:featuredmedia":[{"embeddable":true,"href":"http:\/\/vincentians.com\/es\/wp-json\/"}],"wp:attachment":[{"href":"http:\/\/vincentians.com\/es\/wp-json\/wp\/v2\/media?parent=2350"}],"wp:term":[{"taxonomy":"category","embeddable":true,"href":"http:\/\/vincentians.com\/es\/wp-json\/wp\/v2\/categories?post=2350"},{"taxonomy":"post_tag","embeddable":true,"href":"http:\/\/vincentians.com\/es\/wp-json\/wp\/v2\/tags?post=2350"}],"curies":[{"name":"wp","href":"https:\/\/api.w.org\/{rel}","templated":true}]}}