{"id":2337,"date":"2023-03-21T08:14:58","date_gmt":"2023-03-21T07:14:58","guid":{"rendered":"http:\/\/somos.vicencianos.org\/blog\/?p=2337"},"modified":"2022-12-29T12:49:57","modified_gmt":"2022-12-29T11:49:57","slug":"luz-en-el-vertedero","status":"publish","type":"post","link":"http:\/\/vincentians.com\/es\/luz-en-el-vertedero\/","title":{"rendered":"Luz en el vertedero"},"content":{"rendered":"<p>&nbsp;<\/p>\n<p>La Cit\u00e9 du Soleil es un inmenso vertedero humano, una de esas estampas de la pobreza africana en la que los ni\u00f1os y los cerdos se buscan la vida escarbando en los montones de basura. Pero la Ciudad del Sol est\u00e1 en Puerto Pr\u00edncipe, la capital de Hait\u00ed, a tan s\u00f3lo unos minutos en avi\u00f3n de las paradis\u00edacas playas de la Rep\u00fablica Dominicana.<\/p>\n<p>El vertedero humano, con sus montones de desechos, sus chabolas de chapas oxidadas, -peores que cuadras para el ganado-, sus aguas putrefactas, sus ni\u00f1os semidesnudos, los cerdos comiendo en la basura y sus m\u00e1s de 300.000 almas viviendo del aire, fue visitada ayer por la vicepresidenta primera del Gobierno, Mar\u00eda Teresa Fern\u00e1ndez de la Vega, y el resto de la delegaci\u00f3n que le acompa\u00f1a en su gira por Iberoam\u00e9rica.<\/p>\n<p>El descenso al infierno dur\u00f3 s\u00f3lo unos minutos. Al parecer, razones de seguridad aconsejaban s\u00f3lo llegar, ver y fotografiar. En medio de un fuerte despliegue policial, en el que se mezclaban agentes espa\u00f1oles, polic\u00edas locales y cascos azules de la ONU, la comitiva fue avanzando por una calle central, \u00abavenida de los horrores\u00bb, que desemboca en un r\u00edo de aguas fecales.<\/p>\n<p>&nbsp;<\/p>\n<p>En sus riveras se levanta una ciudad de chabolas, un mundo espectral, horrible y maloliente, de hombres y mujeres que se pasan el d\u00eda mirando el curso estancado de las aguas podridas. Los ni\u00f1os ped\u00edan un d\u00f3lar y se conformaban felices con un bol\u00edgrafo. Mientras tanto, los padres miraban con resignaci\u00f3n y en alg\u00fan caso aislado, con enorme rechazo a la comitiva de blancos que durante unas minutos camin\u00f3 por sus calles sintiendo y oliendo su pobreza.<\/p>\n<p>Sin embargo, en la Ciudad del Sol hay un oasis. Se llama \u00abColegio de Hijas de la Caridad de San Vicente de Pa\u00fal\u00bb y est\u00e1 regentado por unas monjas espa\u00f1olas. Lo dirige sor Pilar Pascual, una recia navarra, que recibi\u00f3 ayer de la vicepresidenta del Gobierno, fuertes y sentidos elogios, as\u00ed como dos anuncios de subvenciones por valor de 600.000 euros, para ampliar las instalaciones del colegio.<\/p>\n<p>Las hermanas del Paul son la \u00fanica luz, la \u00fanica mano amiga en esa barriada. Tal vez por ello, en los dram\u00e1ticos d\u00edas de disturbios del 2004, cuando la ciudad era una peligrosa \u00abbalancera\u00bb que le cost\u00f3 la vida al periodista Ricardo Ortega, la camioneta que abastec\u00eda al colegio de alimentos, fue la \u00fanica que respetaron los revoltosos.<\/p>\n<p>Las monjas del Paul, entre las que hay seis espa\u00f1olas, atienden a 1.200 ni\u00f1os. Los escolarizan, controlan su nutrici\u00f3n, le dispensan asistencia m\u00e9dica y sobre todo se ocupan de sus madres. Les tienen que ense\u00f1ar a querer, a acariciar a su hijos. No los sienten suyos, porque muchos son fruto de la fuerza, de una violaci\u00f3n, que en este pa\u00eds, m\u00e1s que un delito, es un deshonor para la agraviada, que por verg\u00fcenza prefiere no denunciar ante la Polic\u00eda.<\/p>\n<p>M\u00e1s all\u00e1 de la Ciudad del Sol, la capital de Hait\u00ed que legaron los Chevalier (Papa Doc y Baby Doc), y m\u00e1s recientemente los Aristide es una prolongaci\u00f3n de los pa\u00edses m\u00e1s pobres de Afrecha, pero en las tur\u00edsticas aguas del Mar Caribe. Con un desempleo del 70 por ciento, desde primera hora de la ma\u00f1ana, la calle es una foto repetida de miles j\u00f3venes cruzados de brazos que miran desde las aceras sin ir a ning\u00fan sitio.<\/p>\n<p>Los que hacen algo, se dedican al trapicheo, al peque\u00f1o comercio. Los hay que venden bolsas de agua, botellas de refrescos, barras de hielo o chucher\u00edas. La imagen es la de un inmenso bazar de parias, un mercado infinito que se extiende por todas las aceras de las calles principales y secundarias, donde medio Hait\u00ed vende o compra al otro medio. Trasmite la imagen de un pa\u00eds triste que de cuando en cuando, se solivianta con el hambre, se levanta en armas, y donde nadie respeta ya a nadie, salvo a la camioneta que da asistencia a las monjas espa\u00f1olas del Paul.<\/p>\n<p style=\"text-align: right\">Puerto Pr\u00edncipe, 10 Agosto de 2008 (Del enviado especial de Europa Press, Paulino Guerra) &#8211;<\/p>\n","protected":false},"excerpt":{"rendered":"<p>&nbsp; La Cit\u00e9 du Soleil es un inmenso vertedero humano, una de esas estampas de la pobreza africana en la que los ni\u00f1os y los cerdos se buscan la vida escarbando en los montones de &#8230; <a href=\"http:\/\/vincentians.com\/es\/luz-en-el-vertedero\/\" class=\"more-link\">Read More<\/a><\/p>\n","protected":false},"author":4,"featured_media":404048,"comment_status":"open","ping_status":"open","sticky":false,"template":"","format":"standard","meta":{"jetpack_post_was_ever_published":false,"_jetpack_newsletter_access":"","_jetpack_dont_email_post_to_subs":false,"_jetpack_newsletter_tier_id":0,"_jetpack_memberships_contains_paywalled_content":false,"_jetpack_memberships_contains_paid_content":false,"footnotes":"","jetpack_publicize_message":"","jetpack_publicize_feature_enabled":true,"jetpack_social_post_already_shared":true,"jetpack_social_options":{"image_generator_settings":{"template":"highway","default_image_id":0,"font":"","enabled":false},"version":2}},"categories":[199,201],"tags":[172],"class_list":["post-2337","post","type-post","status-publish","format-standard","has-post-thumbnail","hentry","category-hijas-de-la-caridad","category-misiones-ad-gentes","tag-pobreza"],"yoast_head":"<!-- This site is optimized with the Yoast SEO plugin v26.3 - https:\/\/yoast.com\/wordpress\/plugins\/seo\/ -->\n<title>Luz en el vertedero - Somos Vicencianos<\/title>\n<meta name=\"robots\" content=\"index, follow, max-snippet:-1, max-image-preview:large, max-video-preview:-1\" \/>\n<link rel=\"canonical\" href=\"https:\/\/vincentians.com\/es\/luz-en-el-vertedero\/\" \/>\n<meta property=\"og:locale\" content=\"es_ES\" \/>\n<meta property=\"og:type\" content=\"article\" \/>\n<meta property=\"og:title\" content=\"Luz en el vertedero - Somos Vicencianos\" \/>\n<meta property=\"og:description\" content=\"&nbsp; La Cit\u00e9 du Soleil es un inmenso vertedero humano, una de esas estampas de la pobreza africana en la que los ni\u00f1os y los cerdos se buscan la vida escarbando en los montones de ... Read More\" \/>\n<meta property=\"og:url\" content=\"https:\/\/vincentians.com\/es\/luz-en-el-vertedero\/\" \/>\n<meta property=\"og:site_name\" content=\"Somos Vicencianos\" \/>\n<meta property=\"article:publisher\" content=\"https:\/\/www.facebook.com\/WeAreVincentians\/\" \/>\n<meta property=\"article:author\" content=\"https:\/\/www.facebook.com\/JavierChento\" \/>\n<meta property=\"article:published_time\" content=\"2023-03-21T07:14:58+00:00\" \/>\n<meta property=\"og:image\" content=\"https:\/\/i0.wp.com\/vincentians.com\/es\/wp-content\/uploads\/sites\/11\/2013\/04\/36.jpg?fit=2432%2C1612&ssl=1\" \/>\n\t<meta property=\"og:image:width\" content=\"2432\" \/>\n\t<meta property=\"og:image:height\" content=\"1612\" \/>\n\t<meta property=\"og:image:type\" content=\"image\/jpeg\" \/>\n<meta name=\"author\" content=\"Francisco Javier Fern\u00e1ndez Chento\" \/>\n<meta name=\"twitter:card\" content=\"summary_large_image\" \/>\n<meta name=\"twitter:creator\" content=\"@https:\/\/twitter.com\/javierchento\" \/>\n<meta name=\"twitter:site\" content=\"@WeVincentians\" \/>\n<meta name=\"twitter:label1\" content=\"Escrito por\" \/>\n\t<meta name=\"twitter:data1\" content=\"Francisco Javier Fern\u00e1ndez Chento\" \/>\n\t<meta name=\"twitter:label2\" content=\"Tiempo de lectura\" \/>\n\t<meta name=\"twitter:data2\" content=\"4 minutos\" \/>\n<script type=\"application\/ld+json\" class=\"yoast-schema-graph\">{\"@context\":\"https:\/\/schema.org\",\"@graph\":[{\"@type\":\"Article\",\"@id\":\"https:\/\/vincentians.com\/es\/luz-en-el-vertedero\/#article\",\"isPartOf\":{\"@id\":\"https:\/\/vincentians.com\/es\/luz-en-el-vertedero\/\"},\"author\":{\"name\":\"Francisco Javier Fern\u00e1ndez Chento\",\"@id\":\"http:\/\/vincentians.com\/es\/#\/schema\/person\/9623ef4d9aa3b2dfb8c061f1499288f2\"},\"headline\":\"Luz en el vertedero\",\"datePublished\":\"2023-03-21T07:14:58+00:00\",\"mainEntityOfPage\":{\"@id\":\"https:\/\/vincentians.com\/es\/luz-en-el-vertedero\/\"},\"wordCount\":721,\"commentCount\":0,\"publisher\":{\"@id\":\"http:\/\/vincentians.com\/es\/#organization\"},\"image\":{\"@id\":\"https:\/\/vincentians.com\/es\/luz-en-el-vertedero\/#primaryimage\"},\"thumbnailUrl\":\"https:\/\/i0.wp.com\/vincentians.com\/es\/wp-content\/uploads\/sites\/11\/2013\/04\/36.jpg?fit=2432%2C1612\",\"keywords\":[\"Pobreza\"],\"articleSection\":[\"Hijas de la Caridad\",\"Misiones \u00abAd gentes\u00bb\"],\"inLanguage\":\"es\",\"potentialAction\":[{\"@type\":\"CommentAction\",\"name\":\"Comment\",\"target\":[\"https:\/\/vincentians.com\/es\/luz-en-el-vertedero\/#respond\"]}]},{\"@type\":\"WebPage\",\"@id\":\"https:\/\/vincentians.com\/es\/luz-en-el-vertedero\/\",\"url\":\"https:\/\/vincentians.com\/es\/luz-en-el-vertedero\/\",\"name\":\"Luz en el vertedero - Somos Vicencianos\",\"isPartOf\":{\"@id\":\"http:\/\/vincentians.com\/es\/#website\"},\"primaryImageOfPage\":{\"@id\":\"https:\/\/vincentians.com\/es\/luz-en-el-vertedero\/#primaryimage\"},\"image\":{\"@id\":\"https:\/\/vincentians.com\/es\/luz-en-el-vertedero\/#primaryimage\"},\"thumbnailUrl\":\"https:\/\/i0.wp.com\/vincentians.com\/es\/wp-content\/uploads\/sites\/11\/2013\/04\/36.jpg?fit=2432%2C1612\",\"datePublished\":\"2023-03-21T07:14:58+00:00\",\"breadcrumb\":{\"@id\":\"https:\/\/vincentians.com\/es\/luz-en-el-vertedero\/#breadcrumb\"},\"inLanguage\":\"es\",\"potentialAction\":[{\"@type\":\"ReadAction\",\"target\":[\"https:\/\/vincentians.com\/es\/luz-en-el-vertedero\/\"]}]},{\"@type\":\"ImageObject\",\"inLanguage\":\"es\",\"@id\":\"https:\/\/vincentians.com\/es\/luz-en-el-vertedero\/#primaryimage\",\"url\":\"https:\/\/i0.wp.com\/vincentians.com\/es\/wp-content\/uploads\/sites\/11\/2013\/04\/36.jpg?fit=2432%2C1612\",\"contentUrl\":\"https:\/\/i0.wp.com\/vincentians.com\/es\/wp-content\/uploads\/sites\/11\/2013\/04\/36.jpg?fit=2432%2C1612\",\"width\":2432,\"height\":1612},{\"@type\":\"BreadcrumbList\",\"@id\":\"https:\/\/vincentians.com\/es\/luz-en-el-vertedero\/#breadcrumb\",\"itemListElement\":[{\"@type\":\"ListItem\",\"position\":1,\"name\":\"Portada\",\"item\":\"http:\/\/vincentians.com\/es\/\"},{\"@type\":\"ListItem\",\"position\":2,\"name\":\"Luz en el vertedero\"}]},{\"@type\":\"WebSite\",\"@id\":\"http:\/\/vincentians.com\/es\/#website\",\"url\":\"http:\/\/vincentians.com\/es\/\",\"name\":\"Somos Vicencianos\",\"description\":\"Know more to serve more\",\"publisher\":{\"@id\":\"http:\/\/vincentians.com\/es\/#organization\"},\"potentialAction\":[{\"@type\":\"SearchAction\",\"target\":{\"@type\":\"EntryPoint\",\"urlTemplate\":\"http:\/\/vincentians.com\/es\/?s={search_term_string}\"},\"query-input\":{\"@type\":\"PropertyValueSpecification\",\"valueRequired\":true,\"valueName\":\"search_term_string\"}}],\"inLanguage\":\"es\"},{\"@type\":\"Organization\",\"@id\":\"http:\/\/vincentians.com\/es\/#organization\",\"name\":\"The Vincentian Network\",\"url\":\"http:\/\/vincentians.com\/es\/\",\"logo\":{\"@type\":\"ImageObject\",\"inLanguage\":\"es\",\"@id\":\"http:\/\/vincentians.com\/es\/#\/schema\/logo\/image\/\",\"url\":\"https:\/\/i1.wp.com\/vincentians.com\/es\/wp-content\/uploads\/sites\/11\/2016\/06\/Vincentian-Network-logo-big.png?fit=778%2C778\",\"contentUrl\":\"https:\/\/i1.wp.com\/vincentians.com\/es\/wp-content\/uploads\/sites\/11\/2016\/06\/Vincentian-Network-logo-big.png?fit=778%2C778\",\"width\":778,\"height\":778,\"caption\":\"The Vincentian Network\"},\"image\":{\"@id\":\"http:\/\/vincentians.com\/es\/#\/schema\/logo\/image\/\"},\"sameAs\":[\"https:\/\/www.facebook.com\/WeAreVincentians\/\",\"https:\/\/x.com\/WeVincentians\"]},{\"@type\":\"Person\",\"@id\":\"http:\/\/vincentians.com\/es\/#\/schema\/person\/9623ef4d9aa3b2dfb8c061f1499288f2\",\"name\":\"Francisco Javier Fern\u00e1ndez Chento\",\"image\":{\"@type\":\"ImageObject\",\"inLanguage\":\"es\",\"@id\":\"http:\/\/vincentians.com\/es\/#\/schema\/person\/image\/\",\"url\":\"https:\/\/secure.gravatar.com\/avatar\/497d5cde87b4c3d097d0315953521681ba2cd523ee66e5077c3711f7021e65de?s=96&d=mm&r=g\",\"contentUrl\":\"https:\/\/secure.gravatar.com\/avatar\/497d5cde87b4c3d097d0315953521681ba2cd523ee66e5077c3711f7021e65de?s=96&d=mm&r=g\",\"caption\":\"Francisco Javier Fern\u00e1ndez Chento\"},\"description\":\"Director General y cofundador de La Red de Formaci\u00f3n Vicenciana. Javier es laico vicenciano, afiliado a la Congregaci\u00f3n de la Misi\u00f3n y miembro del Equipo de Misiones Populares de la provincia can\u00f3nica de Zaragoza (Espa\u00f1a) de la Congregaci\u00f3n de la Misi\u00f3n. Graduado en la Universidad Oberta de Catalunya con cuatro grados (Asistente de direcci\u00f3n, Gesti\u00f3n Administrativa, Recursos Humanos y Contabilidad Avanzada). Bil\u00edng\u00fce Espa\u00f1ol\/Ingl\u00e9s. gestiona y mantiene varias p\u00e1ginas web cristianas y vicencianas, incluida including La Red de Formaci\u00f3n Vicenciana, de la que es cofundador. Actualmente es responsable del \u00e1rea de Espa\u00f1ol de .famvin, la Red de Noticias de la Familia Vicenciana. Tambi\u00e9n es m\u00fasico cat\u00f3lico y ha editado varios discos. Es Director General y cofundador de Trovador, una reconocida compa\u00f1\u00eda discogr\u00e1fica critiana de Espa\u00f1a. Trabaja en las Tecnolog\u00edas de la Informaci\u00f3n, ofreciendo servicios de alojamiento, dise\u00f1o y mantenimiento Web, as\u00ed como asesoramiento, formaci\u00f3n y soluciones inform\u00e1ticas, gesti\u00f3n documental y digitalizaci\u00f3n de textos, edici\u00f3n y maquetaci\u00f3n de libros, revistas, flyers, etc.\",\"sameAs\":[\"http:\/\/chento.org\",\"https:\/\/www.facebook.com\/JavierChento\",\"https:\/\/x.com\/https:\/\/twitter.com\/javierchento\"],\"url\":\"http:\/\/vincentians.com\/es\/author\/chento\/\"}]}<\/script>\n<!-- \/ Yoast SEO plugin. -->","yoast_head_json":{"title":"Luz en el vertedero - Somos Vicencianos","robots":{"index":"index","follow":"follow","max-snippet":"max-snippet:-1","max-image-preview":"max-image-preview:large","max-video-preview":"max-video-preview:-1"},"canonical":"https:\/\/vincentians.com\/es\/luz-en-el-vertedero\/","og_locale":"es_ES","og_type":"article","og_title":"Luz en el vertedero - Somos Vicencianos","og_description":"&nbsp; La Cit\u00e9 du Soleil es un inmenso vertedero humano, una de esas estampas de la pobreza africana en la que los ni\u00f1os y los cerdos se buscan la vida escarbando en los montones de ... Read More","og_url":"https:\/\/vincentians.com\/es\/luz-en-el-vertedero\/","og_site_name":"Somos Vicencianos","article_publisher":"https:\/\/www.facebook.com\/WeAreVincentians\/","article_author":"https:\/\/www.facebook.com\/JavierChento","article_published_time":"2023-03-21T07:14:58+00:00","og_image":[{"width":2432,"height":1612,"url":"https:\/\/i0.wp.com\/vincentians.com\/es\/wp-content\/uploads\/sites\/11\/2013\/04\/36.jpg?fit=2432%2C1612&ssl=1","type":"image\/jpeg"}],"author":"Francisco Javier Fern\u00e1ndez Chento","twitter_card":"summary_large_image","twitter_creator":"@https:\/\/twitter.com\/javierchento","twitter_site":"@WeVincentians","twitter_misc":{"Escrito por":"Francisco Javier Fern\u00e1ndez Chento","Tiempo de lectura":"4 minutos"},"schema":{"@context":"https:\/\/schema.org","@graph":[{"@type":"Article","@id":"https:\/\/vincentians.com\/es\/luz-en-el-vertedero\/#article","isPartOf":{"@id":"https:\/\/vincentians.com\/es\/luz-en-el-vertedero\/"},"author":{"name":"Francisco Javier Fern\u00e1ndez Chento","@id":"http:\/\/vincentians.com\/es\/#\/schema\/person\/9623ef4d9aa3b2dfb8c061f1499288f2"},"headline":"Luz en el vertedero","datePublished":"2023-03-21T07:14:58+00:00","mainEntityOfPage":{"@id":"https:\/\/vincentians.com\/es\/luz-en-el-vertedero\/"},"wordCount":721,"commentCount":0,"publisher":{"@id":"http:\/\/vincentians.com\/es\/#organization"},"image":{"@id":"https:\/\/vincentians.com\/es\/luz-en-el-vertedero\/#primaryimage"},"thumbnailUrl":"https:\/\/i0.wp.com\/vincentians.com\/es\/wp-content\/uploads\/sites\/11\/2013\/04\/36.jpg?fit=2432%2C1612","keywords":["Pobreza"],"articleSection":["Hijas de la Caridad","Misiones \u00abAd gentes\u00bb"],"inLanguage":"es","potentialAction":[{"@type":"CommentAction","name":"Comment","target":["https:\/\/vincentians.com\/es\/luz-en-el-vertedero\/#respond"]}]},{"@type":"WebPage","@id":"https:\/\/vincentians.com\/es\/luz-en-el-vertedero\/","url":"https:\/\/vincentians.com\/es\/luz-en-el-vertedero\/","name":"Luz en el vertedero - Somos Vicencianos","isPartOf":{"@id":"http:\/\/vincentians.com\/es\/#website"},"primaryImageOfPage":{"@id":"https:\/\/vincentians.com\/es\/luz-en-el-vertedero\/#primaryimage"},"image":{"@id":"https:\/\/vincentians.com\/es\/luz-en-el-vertedero\/#primaryimage"},"thumbnailUrl":"https:\/\/i0.wp.com\/vincentians.com\/es\/wp-content\/uploads\/sites\/11\/2013\/04\/36.jpg?fit=2432%2C1612","datePublished":"2023-03-21T07:14:58+00:00","breadcrumb":{"@id":"https:\/\/vincentians.com\/es\/luz-en-el-vertedero\/#breadcrumb"},"inLanguage":"es","potentialAction":[{"@type":"ReadAction","target":["https:\/\/vincentians.com\/es\/luz-en-el-vertedero\/"]}]},{"@type":"ImageObject","inLanguage":"es","@id":"https:\/\/vincentians.com\/es\/luz-en-el-vertedero\/#primaryimage","url":"https:\/\/i0.wp.com\/vincentians.com\/es\/wp-content\/uploads\/sites\/11\/2013\/04\/36.jpg?fit=2432%2C1612","contentUrl":"https:\/\/i0.wp.com\/vincentians.com\/es\/wp-content\/uploads\/sites\/11\/2013\/04\/36.jpg?fit=2432%2C1612","width":2432,"height":1612},{"@type":"BreadcrumbList","@id":"https:\/\/vincentians.com\/es\/luz-en-el-vertedero\/#breadcrumb","itemListElement":[{"@type":"ListItem","position":1,"name":"Portada","item":"http:\/\/vincentians.com\/es\/"},{"@type":"ListItem","position":2,"name":"Luz en el vertedero"}]},{"@type":"WebSite","@id":"http:\/\/vincentians.com\/es\/#website","url":"http:\/\/vincentians.com\/es\/","name":"Somos Vicencianos","description":"Know more to serve more","publisher":{"@id":"http:\/\/vincentians.com\/es\/#organization"},"potentialAction":[{"@type":"SearchAction","target":{"@type":"EntryPoint","urlTemplate":"http:\/\/vincentians.com\/es\/?s={search_term_string}"},"query-input":{"@type":"PropertyValueSpecification","valueRequired":true,"valueName":"search_term_string"}}],"inLanguage":"es"},{"@type":"Organization","@id":"http:\/\/vincentians.com\/es\/#organization","name":"The Vincentian Network","url":"http:\/\/vincentians.com\/es\/","logo":{"@type":"ImageObject","inLanguage":"es","@id":"http:\/\/vincentians.com\/es\/#\/schema\/logo\/image\/","url":"https:\/\/i1.wp.com\/vincentians.com\/es\/wp-content\/uploads\/sites\/11\/2016\/06\/Vincentian-Network-logo-big.png?fit=778%2C778","contentUrl":"https:\/\/i1.wp.com\/vincentians.com\/es\/wp-content\/uploads\/sites\/11\/2016\/06\/Vincentian-Network-logo-big.png?fit=778%2C778","width":778,"height":778,"caption":"The Vincentian Network"},"image":{"@id":"http:\/\/vincentians.com\/es\/#\/schema\/logo\/image\/"},"sameAs":["https:\/\/www.facebook.com\/WeAreVincentians\/","https:\/\/x.com\/WeVincentians"]},{"@type":"Person","@id":"http:\/\/vincentians.com\/es\/#\/schema\/person\/9623ef4d9aa3b2dfb8c061f1499288f2","name":"Francisco Javier Fern\u00e1ndez Chento","image":{"@type":"ImageObject","inLanguage":"es","@id":"http:\/\/vincentians.com\/es\/#\/schema\/person\/image\/","url":"https:\/\/secure.gravatar.com\/avatar\/497d5cde87b4c3d097d0315953521681ba2cd523ee66e5077c3711f7021e65de?s=96&d=mm&r=g","contentUrl":"https:\/\/secure.gravatar.com\/avatar\/497d5cde87b4c3d097d0315953521681ba2cd523ee66e5077c3711f7021e65de?s=96&d=mm&r=g","caption":"Francisco Javier Fern\u00e1ndez Chento"},"description":"Director General y cofundador de La Red de Formaci\u00f3n Vicenciana. Javier es laico vicenciano, afiliado a la Congregaci\u00f3n de la Misi\u00f3n y miembro del Equipo de Misiones Populares de la provincia can\u00f3nica de Zaragoza (Espa\u00f1a) de la Congregaci\u00f3n de la Misi\u00f3n. Graduado en la Universidad Oberta de Catalunya con cuatro grados (Asistente de direcci\u00f3n, Gesti\u00f3n Administrativa, Recursos Humanos y Contabilidad Avanzada). Bil\u00edng\u00fce Espa\u00f1ol\/Ingl\u00e9s. gestiona y mantiene varias p\u00e1ginas web cristianas y vicencianas, incluida including La Red de Formaci\u00f3n Vicenciana, de la que es cofundador. Actualmente es responsable del \u00e1rea de Espa\u00f1ol de .famvin, la Red de Noticias de la Familia Vicenciana. Tambi\u00e9n es m\u00fasico cat\u00f3lico y ha editado varios discos. Es Director General y cofundador de Trovador, una reconocida compa\u00f1\u00eda discogr\u00e1fica critiana de Espa\u00f1a. Trabaja en las Tecnolog\u00edas de la Informaci\u00f3n, ofreciendo servicios de alojamiento, dise\u00f1o y mantenimiento Web, as\u00ed como asesoramiento, formaci\u00f3n y soluciones inform\u00e1ticas, gesti\u00f3n documental y digitalizaci\u00f3n de textos, edici\u00f3n y maquetaci\u00f3n de libros, revistas, flyers, etc.","sameAs":["http:\/\/chento.org","https:\/\/www.facebook.com\/JavierChento","https:\/\/x.com\/https:\/\/twitter.com\/javierchento"],"url":"http:\/\/vincentians.com\/es\/author\/chento\/"}]}},"jetpack_publicize_connections":[],"jetpack_featured_media_url":"https:\/\/i0.wp.com\/vincentians.com\/es\/wp-content\/uploads\/sites\/11\/2013\/04\/36.jpg?fit=2432%2C1612","jetpack_sharing_enabled":true,"jetpack_shortlink":"https:\/\/wp.me\/p7ETMF-BH","jetpack-related-posts":[{"id":120742,"url":"http:\/\/vincentians.com\/es\/la-obra-humanitaria-del-padre-pedro-opeka-en-madagascar\/","url_meta":{"origin":2337,"position":0},"title":"La obra humanitaria del Padre Pedro Opeka en Madagascar","author":"Francisco Javier Fern\u00e1ndez Chento","date":"21\/05\/2013","format":false,"excerpt":"Introducci\u00f3n En el programa de XXXII Semana de Estudios Vicencianos, el tema que me toc\u00f3 a desarrollar versa sobre \"La acci\u00f3n huma\u00adnitaria de Pedro Opeka en Madagascar\" A pesar de la dificultad de hablar espa\u00f1ol, yo acept\u00e9 esta participaci\u00f3n como una aportaci\u00f3n misionera en Espa\u00f1a. Yo lo considero como un\u2026","rel":"","context":"En \u00abTestigos vicencianos\u00bb","block_context":{"text":"Testigos vicencianos","link":"http:\/\/vincentians.com\/es\/category\/la-familia-vicenciana\/testigos-vicencianos\/"},"img":{"alt_text":"pedro_opeka","src":"https:\/\/i0.wp.com\/vicencianos.org\/wp-content\/2009\/12\/pedro_opeka-225x300.jpg?resize=350%2C200","width":350,"height":200},"classes":[]},{"id":52814,"url":"http:\/\/vincentians.com\/es\/la-historia-de-akamasoa-una-comunidad-de-buenos-amigos\/","url_meta":{"origin":2337,"position":1},"title":"La historia de \u00abAkamasoa\u00bb, una comunidad de buenos amigos","author":"Francisco Javier Fern\u00e1ndez Chento","date":"17\/04\/2019","format":false,"excerpt":"Hijo m\u00edo, no reh\u00fases a los pobres su sustento, y no dejes que el miserable perezca. No hagas sufrir al que tiene hambre, no exasperes al indigente. No rechaces al mendigo atribulado, ni cierres tus ojos al pobre (Sirac 4,1-4). I. Los primeros pasos para poner fundamento a una vida\u2026","rel":"","context":"En \u00abCambio sist\u00e9mico\u00bb","block_context":{"text":"Cambio sist\u00e9mico","link":"http:\/\/vincentians.com\/es\/category\/formacion-vicenciana\/cambio-sistemico\/"},"img":{"alt_text":"","src":"https:\/\/i0.wp.com\/vincentians.com\/es\/wp-content\/uploads\/sites\/11\/2016\/09\/anyos-vida-vicente.jpg?fit=1200%2C630&resize=350%2C200","width":350,"height":200,"srcset":"https:\/\/i0.wp.com\/vincentians.com\/es\/wp-content\/uploads\/sites\/11\/2016\/09\/anyos-vida-vicente.jpg?fit=1200%2C630&resize=350%2C200 1x, https:\/\/i0.wp.com\/vincentians.com\/es\/wp-content\/uploads\/sites\/11\/2016\/09\/anyos-vida-vicente.jpg?fit=1200%2C630&resize=525%2C300 1.5x, https:\/\/i0.wp.com\/vincentians.com\/es\/wp-content\/uploads\/sites\/11\/2016\/09\/anyos-vida-vicente.jpg?fit=1200%2C630&resize=700%2C400 2x, https:\/\/i0.wp.com\/vincentians.com\/es\/wp-content\/uploads\/sites\/11\/2016\/09\/anyos-vida-vicente.jpg?fit=1200%2C630&resize=1050%2C600 3x"},"classes":[]},{"id":2453,"url":"http:\/\/vincentians.com\/es\/pedro-opeka-haciendo-efectivo-el-evangelio-4\/","url_meta":{"origin":2337,"position":2},"title":"Pedro Opeka: Haciendo efectivo el Evangelio (4)","author":"Francisco Javier Fern\u00e1ndez Chento","date":"26\/09\/2013","format":false,"excerpt":"Todo empez\u00f3 en un basurero. En 1989 fue destinado a la capital, Antananarivo, para ocuparse del seminario de los Pa\u00fales. Cuando vio la miseria de la gente, especialmente en la periferia de la ciudad, con m\u00e1s de 800 familias escarbando en la basura para poder comer, se dijo a s\u00ed\u2026","rel":"","context":"En \u00abMisiones \u00abAd gentes\u00bb\u00bb","block_context":{"text":"Misiones \u00abAd gentes\u00bb","link":"http:\/\/vincentians.com\/es\/category\/servicios-y-ministerios\/misiones-ad-gentes\/"},"img":{"alt_text":"opeka4","src":"https:\/\/i0.wp.com\/vicencianos.org\/vicencianos\/files\/2009\/12\/opeka4-245x300.jpg?resize=350%2C200","width":350,"height":200},"classes":[]},{"id":38576,"url":"http:\/\/vincentians.com\/es\/breve-semblanza-del-padre-pedro-opeka\/","url_meta":{"origin":2337,"position":3},"title":"Breve semblanza del padre Pedro Opeka","author":"Francisco Javier Fern\u00e1ndez Chento","date":"07\/08\/2014","format":false,"excerpt":"Pedro Pablo Opeka nace el 29 de junio de 1948 en San Mart\u00edn, distrito del Gran Buenos Aires (Argentina), una tierra de hospitalidad sin l\u00edmites. Su padre, Luis Opeka, y su madre, Mar\u00eda Marolte, son eslovenos. En 1945 Luis Opeka, de profundas convicciones cristianas, es arrestado por los comunistas de\u2026","rel":"","context":"En \u00abTestigos vicencianos\u00bb","block_context":{"text":"Testigos vicencianos","link":"http:\/\/vincentians.com\/es\/category\/la-familia-vicenciana\/testigos-vicencianos\/"},"img":{"alt_text":"Padre Pedro Opeka","src":"https:\/\/i0.wp.com\/vicencianos.org\/wp-content\/2011\/05\/pedro_opeka-256x300.jpg?resize=350%2C200","width":350,"height":200},"classes":[]},{"id":116891,"url":"http:\/\/vincentians.com\/es\/las-hermanas-en-la-gran-mision-de-asturias-1967\/","url_meta":{"origin":2337,"position":4},"title":"Las Hermanas en la Gran Misi\u00f3n de Asturias (1967)","author":"Francisco Javier Fern\u00e1ndez Chento","date":"09\/06\/2016","format":false,"excerpt":"UN NUEVO CAMPO DE APOSTOLADO se ha abierto reciente\u00admente al celo y a la generosidad de nuestras Hermanas: su inter\u00advenci\u00f3n activa y entusiasta en las misiones populares al lado de los misioneros de la Hermandad. Lo que han hecho en la Di\u00f3cesis asturiana \u00faltimamente es lo mismo que hac\u00edan las\u2026","rel":"","context":"En \u00abMisiones \u00abAd gentes\u00bb\u00bb","block_context":{"text":"Misiones \u00abAd gentes\u00bb","link":"http:\/\/vincentians.com\/es\/category\/servicios-y-ministerios\/misiones-ad-gentes\/"},"img":{"alt_text":"HIjas-Caridad","src":"https:\/\/i0.wp.com\/vicencianos.org\/wp-content\/uploads\/2016\/06\/HIjas-Caridad-300x150.jpg?resize=350%2C200","width":350,"height":200},"classes":[]},{"id":135841,"url":"http:\/\/vincentians.com\/es\/4o-domingo-de-cuaresma-reflexion-de-alfonso-berrade-c-m\/","url_meta":{"origin":2337,"position":5},"title":"4\u00ba domingo de Cuaresma (reflexi\u00f3n de Alfonso Berrade, C.M.)","author":"Francisco Javier Fern\u00e1ndez Chento","date":"08\/03\/2013","format":false,"excerpt":"Una historia de familia Una de las escenas m\u00e1s emocionantes del evangelio es, sin duda, esa de ver correr al Padre al encuentro del hijo desarrapado que vuelve a la casa paterna tras larga ausencia. No piensa el Padre en el desprecio que le hizo el hijo cuando lo dej\u00f3\u2026","rel":"","context":"En \u00abHomil\u00edas y reflexiones, A\u00f1o C\u00bb","block_context":{"text":"Homil\u00edas y reflexiones, A\u00f1o C","link":"http:\/\/vincentians.com\/es\/category\/homilias-y-reflexiones-a-la-palabra-de-dios\/homilias-y-reflexiones-ano-c\/"},"img":{"alt_text":"","src":"https:\/\/i0.wp.com\/vincentians.com\/es\/wp-content\/uploads\/sites\/11\/2016\/07\/reflexiones-palabra-de-dios.jpg?fit=1200%2C630&resize=350%2C200","width":350,"height":200,"srcset":"https:\/\/i0.wp.com\/vincentians.com\/es\/wp-content\/uploads\/sites\/11\/2016\/07\/reflexiones-palabra-de-dios.jpg?fit=1200%2C630&resize=350%2C200 1x, https:\/\/i0.wp.com\/vincentians.com\/es\/wp-content\/uploads\/sites\/11\/2016\/07\/reflexiones-palabra-de-dios.jpg?fit=1200%2C630&resize=525%2C300 1.5x, https:\/\/i0.wp.com\/vincentians.com\/es\/wp-content\/uploads\/sites\/11\/2016\/07\/reflexiones-palabra-de-dios.jpg?fit=1200%2C630&resize=700%2C400 2x, https:\/\/i0.wp.com\/vincentians.com\/es\/wp-content\/uploads\/sites\/11\/2016\/07\/reflexiones-palabra-de-dios.jpg?fit=1200%2C630&resize=1050%2C600 3x"},"classes":[]}],"_links":{"self":[{"href":"http:\/\/vincentians.com\/es\/wp-json\/wp\/v2\/posts\/2337","targetHints":{"allow":["GET"]}}],"collection":[{"href":"http:\/\/vincentians.com\/es\/wp-json\/wp\/v2\/posts"}],"about":[{"href":"http:\/\/vincentians.com\/es\/wp-json\/wp\/v2\/types\/post"}],"author":[{"embeddable":true,"href":"http:\/\/vincentians.com\/es\/wp-json\/wp\/v2\/users\/4"}],"replies":[{"embeddable":true,"href":"http:\/\/vincentians.com\/es\/wp-json\/wp\/v2\/comments?post=2337"}],"version-history":[{"count":1,"href":"http:\/\/vincentians.com\/es\/wp-json\/wp\/v2\/posts\/2337\/revisions"}],"predecessor-version":[{"id":404531,"href":"http:\/\/vincentians.com\/es\/wp-json\/wp\/v2\/posts\/2337\/revisions\/404531"}],"wp:featuredmedia":[{"embeddable":true,"href":"http:\/\/vincentians.com\/es\/wp-json\/wp\/v2\/media\/404048"}],"wp:attachment":[{"href":"http:\/\/vincentians.com\/es\/wp-json\/wp\/v2\/media?parent=2337"}],"wp:term":[{"taxonomy":"category","embeddable":true,"href":"http:\/\/vincentians.com\/es\/wp-json\/wp\/v2\/categories?post=2337"},{"taxonomy":"post_tag","embeddable":true,"href":"http:\/\/vincentians.com\/es\/wp-json\/wp\/v2\/tags?post=2337"}],"curies":[{"name":"wp","href":"https:\/\/api.w.org\/{rel}","templated":true}]}}