{"id":2322,"date":"2015-06-06T06:12:27","date_gmt":"2015-06-06T04:12:27","guid":{"rendered":"http:\/\/somos.vicencianos.org\/blog\/?p=2322"},"modified":"2016-07-26T16:58:12","modified_gmt":"2016-07-26T14:58:12","slug":"el-episodio-de-gannes-folleville","status":"publish","type":"post","link":"http:\/\/vincentians.com\/es\/el-episodio-de-gannes-folleville\/","title":{"rendered":"El episodio de Gannes \u2013 Folleville"},"content":{"rendered":"<p><a href=\"https:\/\/i0.wp.com\/vicencianos.org\/wp-content\/2010\/01\/flopez048.jpg\"><img data-recalc-dims=\"1\" loading=\"lazy\" decoding=\"async\" class=\"alignright size-medium wp-image-26904\" title=\"flopez048\" src=\"https:\/\/i0.wp.com\/vicencianos.org\/wp-content\/2010\/01\/flopez048-300x218.jpg?resize=300%2C218\" alt=\"\" width=\"300\" height=\"218\" \/><\/a>En Gannes, a 13 kil\u00f3metros del castillo de Folleville. Era una aldea propiedad de la Se\u00f1ora de Gondi. Hoy tiene unos 300 habitantes. Enero de 1617. Un campesino de unos setenta a\u00f1os agonizaba y ten\u00eda profundos remordimientos de conciencia.<\/p>\n<p>Pasaba por un hombre de bien. Seg\u00fan la tradici\u00f3n era el molinero del pueblo y las ruinas del molino todav\u00eda se pueden contemplar. Este campesino hizo llamar al se\u00f1or Vicente. \u00c9ste le aconsej\u00f3 hacer una confesi\u00f3n general. Despu\u00e9s de hacerla, lleno de alegr\u00eda y de gozo se comunic\u00f3 con la se\u00f1ora de Gondi y le dijo que si no hubiese recibido el sacramento de la reconciliaci\u00f3n se hubiese condenado. Este episodio lo recuerda, a\u00f1os m\u00e1s tarde, hablando a sus misioneros:<\/p>\n<p><em>\u00abUn d\u00eda me llamaron para ir a confesar a un pobre hombre gravemente enfermo, que ten\u00eda fama de ser el mejor individuo o al menos uno de los mejores de su aldea. Pero result\u00f3 que estaba cargado de pecados, que nunca se hab\u00eda atrevido a manifestar en la confesi\u00f3n, tal como lo declar\u00f3 \u00e9l mismo en voz alta poco m\u00e1s tarde, en presencia de la difunta esposa del general de las galeras, dici\u00e9ndole: \u00abSe\u00f1ora, yo estaba condenado, si no hubiera hecho una confesi\u00f3n general, por culpa de unos pecados muy grandes que nunca me hab\u00eda atrevido a confesar\u00bb.<\/em><\/p>\n<p><em>Aquel hombre muri\u00f3, y aquella se\u00f1ora, al darse cuenta entonces de la necesidad de las confesiones generales, quiso que al d\u00eda siguiente se tuviera la predicaci\u00f3n sobre aquel tema. As\u00ed lo hice, y Dios concedi\u00f3 su bendici\u00f3n de tal manera que todos los habitantes del lugar hicieron enseguida la confesi\u00f3n general, y con tanta urgencia que hubo que llamar a dos padres jesuitas para que me ayudaran a confesar, a predicar y a tener la catequesis\u00bb<\/em><span id='easy-footnote-1-2322' class='easy-footnote-margin-adjust'><\/span><span class='easy-footnote'><a href='http:\/\/vincentians.com\/es\/el-episodio-de-gannes-folleville\/#easy-footnote-bottom-1-2322' title='Obras de San Vicente de Pa\u00fal, Tomo\u00a0 XI, p\u00e1gs. 326-327'><sup>1<\/sup><\/a><\/span>.<\/p>\n<p><em>\u00abEsta gracia fue la que realiz\u00f3 este efecto saludable en el coraz\u00f3n de aquel aldeano, cuando confes\u00f3 p\u00fablicamente, y en presencia de la se\u00f1ora esposa del general, de la que era vasallo, sus confesiones sacr\u00edlegas y los enormes pecados de su vida pasada; entonces aquella virtuosa dama, llena de admiraci\u00f3n, le dijo al padre Vicente: \u00ab\u00bfQu\u00e9 es lo que acabamos de o\u00edr? Esto mismo les pasa sin duda a la mayor parte de estas gentes. Si este hombre que pasaba por hombre de bien, estaba en estado de condenaci\u00f3n, \u00bfqu\u00e9 ocurrir\u00e1 con los dem\u00e1s que viven tan mal? \u00a1Ay, padre Vicente, cu\u00e1ntas almas se pierden! \u00bfQu\u00e9 remedio podemos poner?\u00bb \u00abEra el mes de enero de 1617 cuando sucedi\u00f3 esto\u00bb<\/em><span id='easy-footnote-2-2322' class='easy-footnote-margin-adjust'><\/span><span class='easy-footnote'><a href='http:\/\/vincentians.com\/es\/el-episodio-de-gannes-folleville\/#easy-footnote-bottom-2-2322' title='Obras de San Vicente de Pa\u00fal, Tomo XI, p\u00e1g. 699'><sup>2<\/sup><\/a><\/span>.<\/p>\n<h2>En Folleville: 25 de Enero de 1617: Primer serm\u00f3n de la Misi\u00f3n<\/h2>\n<p>La aldea de Folleville data del quinto siglo cristiano. Muestra hacia el sur vestigios de un extenso campamento romano, que se remontar\u00eda al siglo primero de nuestra era. Le viene el nombre probablemente del lat\u00edn \u00abfolium\u00bb (follaje), que har\u00eda referencia a su ubicaci\u00f3n rural. El n\u00facleo urbano se emplaza estrat\u00e9gicamente sobre una colina: desde la cumbre era visible cualquier movimiento por la calzada romana que iba de Lyon a Boulogne y segu\u00eda en direcci\u00f3n a la traves\u00eda brit\u00e1nica. La calzada recorr\u00eda el valle del Noye. Entre los siglos III y V el contorno sufri\u00f3 sucesivas devastaciones b\u00e1rbaras. El rey Lotario II &#8211; siglo VII &#8211; convirti\u00f3 la regi\u00f3n en feudo de la no lejana abad\u00eda de Corbie. Los se\u00f1ores de Folleville comenzaban en los siglos IX y X a fortificar toda el \u00e1rea contra los normandos.<\/p>\n<p>Francisca Margarita, hija de Antonio y Mar\u00eda, desposar\u00eda en 1610 a Felipe Manuel de Gondi, general de las Galeras. Aqu\u00ed transcurri\u00f3 la infancia de Margarita, y en \u00e9sta recaer\u00eda la propiedad, andando el tiempo. Responsable por los campesinos de sus tierras, Francisca Margarita cumpl\u00eda con la obligaci\u00f3n habitual de proponer al obispo los candidatos a p\u00e1rrocos.<\/p>\n<p>Vicente de Pa\u00fal residi\u00f3 en Folleville, como preceptor de los hijos de Gondi, los a\u00f1os 1615 y 1617. Tal vez se le uni\u00f3 Antonio Portail, su seguidor m\u00e1s antiguo. Uno de los ni\u00f1os Gondi, Juan Francisco Pablo, llegar\u00eda a cardenal: el mundano Retz, notorio por el papel que jug\u00f3 en la rebeli\u00f3n contra el cardenal Mazarino. Vicente predic\u00f3 y dio misiones en las parroquias circundantes, por tandas que suman 18 meses y se dividen en tres etapas: 1615, 1617, 1620. En dos de las parroquias constan: S\u00e9r\u00e9villiers y Paillart, donde estableci\u00f3 Cofrad\u00edas de la Caridad en 1620.<\/p>\n<p>Aqu\u00ed tambi\u00e9n comenz\u00f3 Vicente a resentirse de las piernas, mal que le afligir\u00eda de por vida. Desde 1655, la Congregaci\u00f3n celebrar\u00eda el 25 de enero como d\u00eda del \u00abprimer serm\u00f3n de la Misi\u00f3n\u00bb, y aunque el fundador no nombra a Folleville, sus recuerdos del acontecimiento subsisten en doble registro: la repetici\u00f3n de oraci\u00f3n del 25 de enero de 1655, y la conferencia del 17 de mayo de 1658 Folleville, una aldea, un castillo, en la actualidad medio derruido. Enfrente del Castillo una Iglesia. Una iglesia peque\u00f1a, coqueta, recogida. Se conserva tal cual la utiliz\u00f3 el santo. All\u00ed predic\u00f3 ese famoso serm\u00f3n sobre la la confesi\u00f3n general, el 25 de enero de 1617. Puso tal energ\u00eda, tal convicci\u00f3n, tal sentimiento que arrastr\u00f3 a los campesinos de aquellas tierras al confesionario. La siembra fue buena y la cosecha muy abundante. A\u00f1os m\u00e1s tarde recuerda san Vicente aquellos acontecimientos <em>\u00abEl d\u00eda de la conversi\u00f3n de san Pablo, que es el 25, esta se\u00f1ora me pidi\u00f3, <\/em>dijo el padre Vicente, <em>que tuviera un serm\u00f3n en la iglesia de Folleville para exhortar a sus habitantes a la confesi\u00f3n general. As\u00ed lo hice: les habl\u00e9 de su importancia y utilidad, y luego les ense\u00f1\u00e9 la manera de hacerlo debidamente. Y Dios tuvo tanto aprecio de la confianza y de la buena fe de aquella se\u00f1ora (pues el gran n\u00famero y la enormidad de mis pecados hubieran impedido el fruto de aquella acci\u00f3n), que bendijo mis palabras y todas aquellas gentes se vieron tan tocadas de Dios que acudieron a hacer su confesi\u00f3n general. Segu\u00ed instruy\u00e9ndolas y disponi\u00e9ndolas a los sacramentos, y empec\u00e9 a escucharlas en confesi\u00f3n. Pero fueron tantos los que acudieron que, no pudiendo atenderles junto con otro sacerdote que me ayudaba, la se\u00f1ora esposa del general rog\u00f3 a los padres jesuitas de Amiens que vinieran a ayudarnos; le escribi\u00f3 al padre rector, que vino personalmente, y como no pod\u00eda quedarse mucho tiempo, envi\u00f3 luego a que ocupara su puesto al reverendo padre Fourch\u00e9, de su misma compa\u00f1\u00eda, para ayudarnos a confesar, predicar y catequizar, encontrando, gracias a Dios, mucha tarea que realizar. Fuimos luego a las otras aldeas que pertenec\u00edan a aquella se\u00f1ora por aquellos contornos y nos sucedi\u00f3 como en la primera. Se reun\u00edan grandes multitudes, y Dios nos concedi\u00f3 su bendici\u00f3n por todas partes. Aquel fue el primer serm\u00f3n de la Misi\u00f3n y el \u00e9xito que Dios le dio el d\u00eda de la conversi\u00f3n de san Pablo: Dios hizo esto no sin sus designios en tal d\u00eda\u00bb<\/em><span id='easy-footnote-3-2322' class='easy-footnote-margin-adjust'><\/span><span class='easy-footnote'><a href='http:\/\/vincentians.com\/es\/el-episodio-de-gannes-folleville\/#easy-footnote-bottom-3-2322' title='Obras de San Vicente de Pa\u00fal, Tomo XI, p\u00e1g. 700; cfr. p\u00e1g 94'><sup>3<\/sup><\/a><\/span>.<\/p>\n<p><em>\u00abPues s\u00ed, he de dec\u00edrselo, porque adem\u00e1s ya no queda nadie de aquella familia: todos han muerto, y el p\u00e1rroco del que voy a hablar, tambi\u00e9n; s\u00e9 incluso que uno de sus parientes, que era una persona buen\u00edsima y que vino a verme hace alg\u00fan tiempo, ha fallecido hace poco, y era el \u00faltimo que quedaba de aquella familia. Pues bien, el hecho es que, al confesarse un d\u00eda la citada se\u00f1ora con su p\u00e1rroco, se dio cuenta de que \u00e9ste no le daba la absoluci\u00f3n, murmuraba algo entre dientes, haciendo lo mismo otras veces que se confes\u00f3 con \u00e9l; aquello le preocup\u00f3 un poco, de modo que le pidi\u00f3 un d\u00eda a un religioso que fue a verla que le entregase por escrito la forma de la absoluci\u00f3n; as\u00ed lo hizo. Y aquella buena se\u00f1ora, volviendo a confesarse, le rog\u00f3 al mencionado p\u00e1rroco que pronunciase sobre ella las palabras de la absoluci\u00f3n que conten\u00eda aquel papel; \u00e9l las ley\u00f3. Y as\u00ed sigui\u00f3 haci\u00e9ndolo las otras veces que se confes\u00f3 con \u00e9l, entreg\u00e1ndole siempre aquel papel, porque \u00e9l no sab\u00eda las palabras que hab\u00eda de pronunciar, tan ignorante era.<\/em><\/p>\n<p><em>Cuando ella me lo dijo, me fij\u00e9 y puse m\u00e1s atenci\u00f3n en aquellos con quienes me confesaba, y vi que, efectivamente, era verdad todo esto y que algunos no sab\u00edan las palabras de la absoluci\u00f3n. Ahora bien, aquella buena mujer, que no era todav\u00eda m\u00e1s que una muchacha cuando sucedi\u00f3 esto, al acordarse luego de aquello y considerando el peligro en que estaban todas aquellas pobres almas, para poner remedio a este mal decidi\u00f3 mandar que predicase sobre la forma de hacer una buena confesi\u00f3n general y sobre la necesidad que hab\u00eda de hacerla al menos una vez en la vida; lo que tuvo \u00e9xito, como acabo de decir de forma que, al no poder escuchar a todo el pueblo que acud\u00eda de todas partes, hubo que pedirle al padre rector de los jesuitas de Amiens que enviase alguna ayuda. Vino \u00e9l personalmente, pero s\u00f3lo estuvo hasta el d\u00eda siguiente, porque ten\u00eda que hacer, y envi\u00f3 a algunos de sus padres para ayudarme.<\/em><\/p>\n<p><em>M\u00e1s tarde, al ver los resultados, se pens\u00f3 en la forma de conseguir que de vez en cuando se fuese a las tierras de dicha se\u00f1ora para dar all\u00ed misiones. Me encargaron que hablara con los padres jesuitas para rogarles que aceptaran esta fundaci\u00f3n. Me dirig\u00ed al padre Charlet. Pero me contestaron que no pod\u00edan aceptar esta fundaci\u00f3n, por ser esto contrario a su instituto; de modo que, al ver esto y que no se encontraba a nadie que se quisiera encargar de dar estas misiones, se tom\u00f3 la resoluci\u00f3n de asociar a algunos buenos sacerdotes\u00bb<\/em><span id='easy-footnote-4-2322' class='easy-footnote-margin-adjust'><\/span><span class='easy-footnote'><a href='http:\/\/vincentians.com\/es\/el-episodio-de-gannes-folleville\/#easy-footnote-bottom-4-2322' title='Obras de San Vicente de Pa\u00fal, Tomo XI, p\u00e1g. 700; cfr. p\u00e1gs. 95-96'><sup>4<\/sup><\/a><\/span>.<\/p>\n<h2>Lectura del acontecimiento:<\/h2>\n<p>\u00bfCu\u00e1l es el significado de Gannes &#8211; Folleville? \u00bfQu\u00e9 importancia tiene este acontecimiento para la vida de san Vicente, de su sacerdocio y de sus obras m\u00e1s importantes?<\/p>\n<p>Aquel fue el primer serm\u00f3n de la Misi\u00f3n. Muchos a\u00f1os despu\u00e9s Vicente hace una lectura y una interpretaci\u00f3n de este acontecimiento. Es la primera piedra de la Misi\u00f3n. El inicio de lo que m\u00e1s tarde fue la Misi\u00f3n. Aquello era una primera voz que le anunciaba un don, un carisma, una gracia.<\/p>\n<ol>\n<li>Es el acontecimiento revelaci\u00f3n, la voz profunda que cambi\u00f3 el rumbo de Vicente. Y sin duda se preguntar\u00eda en aquellos momentos, \u00bfqu\u00e9 hac\u00eda en Par\u00eds, ciudad llena de frailes y de curas? \u00bfQu\u00e9 hac\u00eda perdiendo el tiempo en ense\u00f1ar a dos ni\u00f1os que no quer\u00edan aprender? \u00bfQu\u00e9 hac\u00eda all\u00ed en el palacio de los Gondi intentado algo para lo cual no ten\u00eda cualidades, como escribir\u00eda m\u00e1s tarde a ese se\u00f1or de Gondi, tratando de justificar su huida clandestina a Chatillon?<span id='easy-footnote-5-2322' class='easy-footnote-margin-adjust'><\/span><span class='easy-footnote'><a href='http:\/\/vincentians.com\/es\/el-episodio-de-gannes-folleville\/#easy-footnote-bottom-5-2322' title='cfr. Jaime Corera, \u00abEl Se\u00f1or Vicente\u00bb'><sup>5<\/sup><\/a><\/span>.<br \/>\nPor el contrario, se daba cuenta que su palabra hab\u00eda sido muy eficaz entre aquellas mentes campesinas, aquellas almas de buena voluntad. \u00bfNo era ese su verdadero mundo? \u00bfNo sent\u00eda en el fondo de su coraz\u00f3n el grito de su Dios que la llamaba a invertir toda su vida, todo su sacerdocio, toda su persona entre aquellos campesinos ignorantes, pero sanos, de buena voluntad y dispuestos a escucharle? \u00bfNo era la hora de abandonar todos los sue\u00f1os de grandeza, de bienestar, de comodidad y seguir la voz de Dios y el clamor de los pobres? Por otra parte, \u00bfno era ya hora de despegarse de aquella dama, que lo hab\u00eda convertido en propiedad suya, que era de su misma edad, que le manifestaba un apego excesivo, con peligro para su vida sacerdotal y espiritual?<\/li>\n<li>Este acontecimiento significa el descubrimiento de la pobreza espiritual y material de los pobres campesinos. Necesitaban ser instruidos, orientados en las verdades fundamentales de la religi\u00f3n, porque en aquel tiempo era doctrina seguida por la mayor\u00eda de los te\u00f3logos que ciertas verdades de la fe, tal como la Encarnaci\u00f3n, la Trinidad, etc., eran necesarias para la salvaci\u00f3n.<\/li>\n<li>Este acontecimiento descubri\u00f3 a san Vicente el abandono de los pobres del campo por parte de la Iglesia. Los sacerdotes que dirig\u00edan y pastoreaban este pueblo campesino eran ignorantes. Los bien preparados estaban en las ciudades. Y \u00e9l ten\u00eda claro que la Iglesia o es una Iglesia de los pobres o no es nada porque una iglesia que no es de los pobres, es una Iglesia que no ha comprendido la Encarnaci\u00f3n.<\/li>\n<li>Este acontecimiento signific\u00f3 el inicio de las misiones populares: ir de pueblo en pueblo instruyendo, catequizando, invitando a la confesi\u00f3n general. El pueblo sencillo, ignorante, pobre, le necesitaba. Ten\u00eda que dedicarse a \u00e9l. Y as\u00ed lo hizo. La siguiente misi\u00f3n popular fue en Villepreux, enero de 1618.<\/li>\n<li>Ese acontecimiento era el descubrimiento de una necesidad urgente de la Iglesia, a la que san Vicente fue enormemente sensible y quiso poner remedio ayudado y estimulado por la sensible Margarita de Silly, se\u00f1ora de Gondi. La evangelizaci\u00f3n de los pobres. Ellos son nuestra herencia y nuestro legado.<\/li>\n<li>Para Vicente de Pa\u00fal fue el acontecimiento revelaci\u00f3n. A trav\u00e9s de \u00e9l Dios se le manifiesta, se le revela lo que Dios quiere de \u00e9l. \u00bfQu\u00e9 hac\u00eda educando a unos muchachos rebeldes, dif\u00edciles, que no quer\u00edan aprender nada, que estaban mimados y llenos de comodidades? \u00bfQu\u00e9 hac\u00eda en esos palacios de los grandes cuando tantas y tantas almas le necesitaban y le reclamaban? \u00bfD\u00f3nde estaba su lugar, entre los grandes o entre los campesinos, los pobres y los humildes? Es el descubrimiento del pobre. Era el descubrimiento de su vocaci\u00f3n. M\u00e1s tarde har\u00e1 una lectura evang\u00e9lica y apost\u00f3lica de este acontecimiento y confirmar\u00e1 que aqu\u00ed est\u00e1 el origen de la Congregaci\u00f3n de la Misi\u00f3n.<\/li>\n<\/ol>\n<h2>Conclusi\u00f3n:<\/h2>\n<p>La experiencia de Gannes &#8211; Folleville le hizo comprender a Vicente algo que le impacta definitivamente: multitud de almas se pierden por no hacer buenas confesiones y por no saber las verdades de fe necesarias para la salvaci\u00f3n. Es la ignorancia en la que est\u00e1 sumido el pobre pueblo del campo y el abandono al que le somete los sacerdotes y la jerarqu\u00eda de la Iglesia, lo que le ha impresionado de tal manera que decide consagrar toda su vida a ese pueblo sencillo y pobre y abandonado. Gannes &#8211; Folleville \u00ab<em>fue una revelaci\u00f3n. Vicente sinti\u00f3 que aquella era su misi\u00f3n, aqu\u00e9lla era para \u00e9l la obra de Dios: llevar el Evangelio al pobre pueblo campesino<\/em>\u00ab<span id='easy-footnote-6-2322' class='easy-footnote-margin-adjust'><\/span><span class='easy-footnote'><a href='http:\/\/vincentians.com\/es\/el-episodio-de-gannes-folleville\/#easy-footnote-bottom-6-2322' title='Rom\u00e1n, \u00abBiograf\u00eda de san Vicente de Pa\u00fal\u00bb, p.118'><sup>6<\/sup><\/a><\/span>. Una nueva conciencia de Iglesia ha nacido en san Vicente. Muchos a\u00f1os despu\u00e9s recordando aquel acontecimiento dir\u00e1 a su misioneros: \u00ab<em>\u00a1Qu\u00e9 dicha para nosotros los misioneros poder demostrar que el Esp\u00edritu Santo gu\u00eda a su Iglesia trabajando como trabajamos por la instrucci\u00f3n y la santificaci\u00f3n de los pobres<\/em>\u00ab<span id='easy-footnote-7-2322' class='easy-footnote-margin-adjust'><\/span><span class='easy-footnote'><a href='http:\/\/vincentians.com\/es\/el-episodio-de-gannes-folleville\/#easy-footnote-bottom-7-2322' title='Obras de San Vicente de Pa\u00fal, Tomo XI, p\u00e1g. 730'><sup>7<\/sup><\/a><\/span>. Es la Iglesia de los pobres que \u00ab<em>son los preferidos de Dios<\/em>\u00ab<span id='easy-footnote-8-2322' class='easy-footnote-margin-adjust'><\/span><span class='easy-footnote'><a href='http:\/\/vincentians.com\/es\/el-episodio-de-gannes-folleville\/#easy-footnote-bottom-8-2322' title='Obras de San Vicente de Pa\u00fal, Tomo XI, p\u00e1g. 273'><sup>8<\/sup><\/a><\/span>, una Iglesia que tiene como primera obligaci\u00f3n, en tanto continuadora de la misi\u00f3n de Cristo, la atenci\u00f3n a los pobres. Pero tambi\u00e9n una Iglesia en la que muchos de sus pastores eran ignorantes e incapaces de guiar al pueblo cristiano<span id='easy-footnote-9-2322' class='easy-footnote-margin-adjust'><\/span><span class='easy-footnote'><a href='http:\/\/vincentians.com\/es\/el-episodio-de-gannes-folleville\/#easy-footnote-bottom-9-2322' title='Obras de San Vicente de Pa\u00fal, Tomo XI, p\u00e1g. 95'><sup>9<\/sup><\/a><\/span>. Vicente descubri\u00f3 con toda certeza, desde ese momento, cu\u00e1l era su vocaci\u00f3n: consagrar su vida y su persona a evangelizar a los pobres y a remediar la miseria de un clero indigno e ignorante. La Providencia le va llevando de la mano, paso a paso, hasta desvelarle su proyecto sobre \u00e9l.<\/p>\n<p><strong>\u00bfTenemos nosotros reda\u00f1os para hacer lo mismo?<\/strong><\/p>\n","protected":false},"excerpt":{"rendered":"<p>En Gannes, a 13 kil\u00f3metros del castillo de Folleville. Era una aldea propiedad de la Se\u00f1ora de Gondi. Hoy tiene unos 300 habitantes. Enero de 1617. Un campesino de unos setenta a\u00f1os agonizaba y ten\u00eda &#8230; <a href=\"http:\/\/vincentians.com\/es\/el-episodio-de-gannes-folleville\/\" class=\"more-link\">Read More<\/a><\/p>\n","protected":false},"author":4,"featured_media":26906,"comment_status":"open","ping_status":"open","sticky":false,"template":"","format":"standard","meta":{"jetpack_post_was_ever_published":false,"_jetpack_newsletter_access":"","_jetpack_dont_email_post_to_subs":false,"_jetpack_newsletter_tier_id":0,"_jetpack_memberships_contains_paywalled_content":false,"_jetpack_memberships_contains_paid_content":false,"footnotes":"","jetpack_publicize_message":"","jetpack_publicize_feature_enabled":true,"jetpack_social_post_already_shared":true,"jetpack_social_options":{"image_generator_settings":{"template":"highway","default_image_id":0,"font":"","enabled":false},"version":2}},"categories":[16,17],"tags":[173,175,145,119,176,172,127,120,128,135],"class_list":["post-2322","post","type-post","status-publish","format-standard","has-post-thumbnail","hentry","category-congregacion-de-la-mision","category-en-tiempos-de-vicente-de-paul","tag-chatillon-les-dombes","tag-folleville","tag-gannes","tag-gondi","tag-misiones-populares","tag-pobreza","tag-portail","tag-senora-de-gondi","tag-silly","tag-villepreux"],"yoast_head":"<!-- This site is optimized with the Yoast SEO plugin v26.3 - https:\/\/yoast.com\/wordpress\/plugins\/seo\/ -->\n<title>El episodio de Gannes \u2013 Folleville - Somos Vicencianos<\/title>\n<meta name=\"robots\" content=\"index, follow, max-snippet:-1, max-image-preview:large, max-video-preview:-1\" \/>\n<link rel=\"canonical\" href=\"http:\/\/vincentians.com\/es\/el-episodio-de-gannes-folleville\/\" \/>\n<meta property=\"og:locale\" content=\"es_ES\" \/>\n<meta property=\"og:type\" content=\"article\" \/>\n<meta property=\"og:title\" content=\"El episodio de Gannes \u2013 Folleville - Somos Vicencianos\" \/>\n<meta property=\"og:description\" content=\"En Gannes, a 13 kil\u00f3metros del castillo de Folleville. Era una aldea propiedad de la Se\u00f1ora de Gondi. Hoy tiene unos 300 habitantes. Enero de 1617. Un campesino de unos setenta a\u00f1os agonizaba y ten\u00eda ... Read More\" \/>\n<meta property=\"og:url\" content=\"http:\/\/vincentians.com\/es\/el-episodio-de-gannes-folleville\/\" \/>\n<meta property=\"og:site_name\" content=\"Somos Vicencianos\" \/>\n<meta property=\"article:publisher\" content=\"https:\/\/www.facebook.com\/WeAreVincentians\/\" \/>\n<meta property=\"article:author\" content=\"https:\/\/www.facebook.com\/JavierChento\" \/>\n<meta property=\"article:published_time\" content=\"2015-06-06T04:12:27+00:00\" \/>\n<meta property=\"article:modified_time\" content=\"2016-07-26T14:58:12+00:00\" \/>\n<meta name=\"author\" content=\"Francisco Javier Fern\u00e1ndez Chento\" \/>\n<meta name=\"twitter:card\" content=\"summary_large_image\" \/>\n<meta name=\"twitter:creator\" content=\"@https:\/\/twitter.com\/javierchento\" \/>\n<meta name=\"twitter:site\" content=\"@WeVincentians\" \/>\n<meta name=\"twitter:label1\" content=\"Escrito por\" \/>\n\t<meta name=\"twitter:data1\" content=\"Francisco Javier Fern\u00e1ndez Chento\" \/>\n\t<meta name=\"twitter:label2\" content=\"Tiempo de lectura\" \/>\n\t<meta name=\"twitter:data2\" content=\"14 minutos\" \/>\n<script type=\"application\/ld+json\" class=\"yoast-schema-graph\">{\"@context\":\"https:\/\/schema.org\",\"@graph\":[{\"@type\":\"Article\",\"@id\":\"http:\/\/vincentians.com\/es\/el-episodio-de-gannes-folleville\/#article\",\"isPartOf\":{\"@id\":\"http:\/\/vincentians.com\/es\/el-episodio-de-gannes-folleville\/\"},\"author\":{\"name\":\"Francisco Javier Fern\u00e1ndez Chento\",\"@id\":\"http:\/\/vincentians.com\/es\/#\/schema\/person\/9623ef4d9aa3b2dfb8c061f1499288f2\"},\"headline\":\"El episodio de Gannes \u2013 Folleville\",\"datePublished\":\"2015-06-06T04:12:27+00:00\",\"dateModified\":\"2016-07-26T14:58:12+00:00\",\"mainEntityOfPage\":{\"@id\":\"http:\/\/vincentians.com\/es\/el-episodio-de-gannes-folleville\/\"},\"wordCount\":2810,\"commentCount\":0,\"publisher\":{\"@id\":\"http:\/\/vincentians.com\/es\/#organization\"},\"image\":{\"@id\":\"http:\/\/vincentians.com\/es\/el-episodio-de-gannes-folleville\/#primaryimage\"},\"thumbnailUrl\":\"\",\"keywords\":[\"Chatillon\",\"Folleville\",\"Gannes\",\"Gondi\",\"Misiones Populares\",\"Pobreza\",\"Portail\",\"Se\u00f1ora de Gondi\",\"Silly\",\"Villepreux\"],\"articleSection\":[\"Congregaci\u00f3n de la Misi\u00f3n\",\"En tiempos de Vicente de Pa\u00fal\"],\"inLanguage\":\"es\",\"potentialAction\":[{\"@type\":\"CommentAction\",\"name\":\"Comment\",\"target\":[\"http:\/\/vincentians.com\/es\/el-episodio-de-gannes-folleville\/#respond\"]}]},{\"@type\":\"WebPage\",\"@id\":\"http:\/\/vincentians.com\/es\/el-episodio-de-gannes-folleville\/\",\"url\":\"http:\/\/vincentians.com\/es\/el-episodio-de-gannes-folleville\/\",\"name\":\"El episodio de Gannes \u2013 Folleville - Somos Vicencianos\",\"isPartOf\":{\"@id\":\"http:\/\/vincentians.com\/es\/#website\"},\"primaryImageOfPage\":{\"@id\":\"http:\/\/vincentians.com\/es\/el-episodio-de-gannes-folleville\/#primaryimage\"},\"image\":{\"@id\":\"http:\/\/vincentians.com\/es\/el-episodio-de-gannes-folleville\/#primaryimage\"},\"thumbnailUrl\":\"\",\"datePublished\":\"2015-06-06T04:12:27+00:00\",\"dateModified\":\"2016-07-26T14:58:12+00:00\",\"breadcrumb\":{\"@id\":\"http:\/\/vincentians.com\/es\/el-episodio-de-gannes-folleville\/#breadcrumb\"},\"inLanguage\":\"es\",\"potentialAction\":[{\"@type\":\"ReadAction\",\"target\":[\"http:\/\/vincentians.com\/es\/el-episodio-de-gannes-folleville\/\"]}]},{\"@type\":\"ImageObject\",\"inLanguage\":\"es\",\"@id\":\"http:\/\/vincentians.com\/es\/el-episodio-de-gannes-folleville\/#primaryimage\",\"url\":\"\",\"contentUrl\":\"\"},{\"@type\":\"BreadcrumbList\",\"@id\":\"http:\/\/vincentians.com\/es\/el-episodio-de-gannes-folleville\/#breadcrumb\",\"itemListElement\":[{\"@type\":\"ListItem\",\"position\":1,\"name\":\"Portada\",\"item\":\"http:\/\/vincentians.com\/es\/\"},{\"@type\":\"ListItem\",\"position\":2,\"name\":\"El episodio de Gannes \u2013 Folleville\"}]},{\"@type\":\"WebSite\",\"@id\":\"http:\/\/vincentians.com\/es\/#website\",\"url\":\"http:\/\/vincentians.com\/es\/\",\"name\":\"Somos Vicencianos\",\"description\":\"Know more to serve more\",\"publisher\":{\"@id\":\"http:\/\/vincentians.com\/es\/#organization\"},\"potentialAction\":[{\"@type\":\"SearchAction\",\"target\":{\"@type\":\"EntryPoint\",\"urlTemplate\":\"http:\/\/vincentians.com\/es\/?s={search_term_string}\"},\"query-input\":{\"@type\":\"PropertyValueSpecification\",\"valueRequired\":true,\"valueName\":\"search_term_string\"}}],\"inLanguage\":\"es\"},{\"@type\":\"Organization\",\"@id\":\"http:\/\/vincentians.com\/es\/#organization\",\"name\":\"The Vincentian Network\",\"url\":\"http:\/\/vincentians.com\/es\/\",\"logo\":{\"@type\":\"ImageObject\",\"inLanguage\":\"es\",\"@id\":\"http:\/\/vincentians.com\/es\/#\/schema\/logo\/image\/\",\"url\":\"https:\/\/i1.wp.com\/vincentians.com\/es\/wp-content\/uploads\/sites\/11\/2016\/06\/Vincentian-Network-logo-big.png?fit=778%2C778\",\"contentUrl\":\"https:\/\/i1.wp.com\/vincentians.com\/es\/wp-content\/uploads\/sites\/11\/2016\/06\/Vincentian-Network-logo-big.png?fit=778%2C778\",\"width\":778,\"height\":778,\"caption\":\"The Vincentian Network\"},\"image\":{\"@id\":\"http:\/\/vincentians.com\/es\/#\/schema\/logo\/image\/\"},\"sameAs\":[\"https:\/\/www.facebook.com\/WeAreVincentians\/\",\"https:\/\/x.com\/WeVincentians\"]},{\"@type\":\"Person\",\"@id\":\"http:\/\/vincentians.com\/es\/#\/schema\/person\/9623ef4d9aa3b2dfb8c061f1499288f2\",\"name\":\"Francisco Javier Fern\u00e1ndez Chento\",\"image\":{\"@type\":\"ImageObject\",\"inLanguage\":\"es\",\"@id\":\"http:\/\/vincentians.com\/es\/#\/schema\/person\/image\/\",\"url\":\"https:\/\/secure.gravatar.com\/avatar\/497d5cde87b4c3d097d0315953521681ba2cd523ee66e5077c3711f7021e65de?s=96&d=mm&r=g\",\"contentUrl\":\"https:\/\/secure.gravatar.com\/avatar\/497d5cde87b4c3d097d0315953521681ba2cd523ee66e5077c3711f7021e65de?s=96&d=mm&r=g\",\"caption\":\"Francisco Javier Fern\u00e1ndez Chento\"},\"description\":\"Director General y cofundador de La Red de Formaci\u00f3n Vicenciana. Javier es laico vicenciano, afiliado a la Congregaci\u00f3n de la Misi\u00f3n y miembro del Equipo de Misiones Populares de la provincia can\u00f3nica de Zaragoza (Espa\u00f1a) de la Congregaci\u00f3n de la Misi\u00f3n. Graduado en la Universidad Oberta de Catalunya con cuatro grados (Asistente de direcci\u00f3n, Gesti\u00f3n Administrativa, Recursos Humanos y Contabilidad Avanzada). Bil\u00edng\u00fce Espa\u00f1ol\/Ingl\u00e9s. gestiona y mantiene varias p\u00e1ginas web cristianas y vicencianas, incluida including La Red de Formaci\u00f3n Vicenciana, de la que es cofundador. Actualmente es responsable del \u00e1rea de Espa\u00f1ol de .famvin, la Red de Noticias de la Familia Vicenciana. Tambi\u00e9n es m\u00fasico cat\u00f3lico y ha editado varios discos. Es Director General y cofundador de Trovador, una reconocida compa\u00f1\u00eda discogr\u00e1fica critiana de Espa\u00f1a. Trabaja en las Tecnolog\u00edas de la Informaci\u00f3n, ofreciendo servicios de alojamiento, dise\u00f1o y mantenimiento Web, as\u00ed como asesoramiento, formaci\u00f3n y soluciones inform\u00e1ticas, gesti\u00f3n documental y digitalizaci\u00f3n de textos, edici\u00f3n y maquetaci\u00f3n de libros, revistas, flyers, etc.\",\"sameAs\":[\"http:\/\/chento.org\",\"https:\/\/www.facebook.com\/JavierChento\",\"https:\/\/x.com\/https:\/\/twitter.com\/javierchento\"],\"url\":\"http:\/\/vincentians.com\/es\/author\/chento\/\"}]}<\/script>\n<!-- \/ Yoast SEO plugin. -->","yoast_head_json":{"title":"El episodio de Gannes \u2013 Folleville - Somos Vicencianos","robots":{"index":"index","follow":"follow","max-snippet":"max-snippet:-1","max-image-preview":"max-image-preview:large","max-video-preview":"max-video-preview:-1"},"canonical":"http:\/\/vincentians.com\/es\/el-episodio-de-gannes-folleville\/","og_locale":"es_ES","og_type":"article","og_title":"El episodio de Gannes \u2013 Folleville - Somos Vicencianos","og_description":"En Gannes, a 13 kil\u00f3metros del castillo de Folleville. Era una aldea propiedad de la Se\u00f1ora de Gondi. Hoy tiene unos 300 habitantes. Enero de 1617. Un campesino de unos setenta a\u00f1os agonizaba y ten\u00eda ... Read More","og_url":"http:\/\/vincentians.com\/es\/el-episodio-de-gannes-folleville\/","og_site_name":"Somos Vicencianos","article_publisher":"https:\/\/www.facebook.com\/WeAreVincentians\/","article_author":"https:\/\/www.facebook.com\/JavierChento","article_published_time":"2015-06-06T04:12:27+00:00","article_modified_time":"2016-07-26T14:58:12+00:00","author":"Francisco Javier Fern\u00e1ndez Chento","twitter_card":"summary_large_image","twitter_creator":"@https:\/\/twitter.com\/javierchento","twitter_site":"@WeVincentians","twitter_misc":{"Escrito por":"Francisco Javier Fern\u00e1ndez Chento","Tiempo de lectura":"14 minutos"},"schema":{"@context":"https:\/\/schema.org","@graph":[{"@type":"Article","@id":"http:\/\/vincentians.com\/es\/el-episodio-de-gannes-folleville\/#article","isPartOf":{"@id":"http:\/\/vincentians.com\/es\/el-episodio-de-gannes-folleville\/"},"author":{"name":"Francisco Javier Fern\u00e1ndez Chento","@id":"http:\/\/vincentians.com\/es\/#\/schema\/person\/9623ef4d9aa3b2dfb8c061f1499288f2"},"headline":"El episodio de Gannes \u2013 Folleville","datePublished":"2015-06-06T04:12:27+00:00","dateModified":"2016-07-26T14:58:12+00:00","mainEntityOfPage":{"@id":"http:\/\/vincentians.com\/es\/el-episodio-de-gannes-folleville\/"},"wordCount":2810,"commentCount":0,"publisher":{"@id":"http:\/\/vincentians.com\/es\/#organization"},"image":{"@id":"http:\/\/vincentians.com\/es\/el-episodio-de-gannes-folleville\/#primaryimage"},"thumbnailUrl":"","keywords":["Chatillon","Folleville","Gannes","Gondi","Misiones Populares","Pobreza","Portail","Se\u00f1ora de Gondi","Silly","Villepreux"],"articleSection":["Congregaci\u00f3n de la Misi\u00f3n","En tiempos de Vicente de Pa\u00fal"],"inLanguage":"es","potentialAction":[{"@type":"CommentAction","name":"Comment","target":["http:\/\/vincentians.com\/es\/el-episodio-de-gannes-folleville\/#respond"]}]},{"@type":"WebPage","@id":"http:\/\/vincentians.com\/es\/el-episodio-de-gannes-folleville\/","url":"http:\/\/vincentians.com\/es\/el-episodio-de-gannes-folleville\/","name":"El episodio de Gannes \u2013 Folleville - Somos Vicencianos","isPartOf":{"@id":"http:\/\/vincentians.com\/es\/#website"},"primaryImageOfPage":{"@id":"http:\/\/vincentians.com\/es\/el-episodio-de-gannes-folleville\/#primaryimage"},"image":{"@id":"http:\/\/vincentians.com\/es\/el-episodio-de-gannes-folleville\/#primaryimage"},"thumbnailUrl":"","datePublished":"2015-06-06T04:12:27+00:00","dateModified":"2016-07-26T14:58:12+00:00","breadcrumb":{"@id":"http:\/\/vincentians.com\/es\/el-episodio-de-gannes-folleville\/#breadcrumb"},"inLanguage":"es","potentialAction":[{"@type":"ReadAction","target":["http:\/\/vincentians.com\/es\/el-episodio-de-gannes-folleville\/"]}]},{"@type":"ImageObject","inLanguage":"es","@id":"http:\/\/vincentians.com\/es\/el-episodio-de-gannes-folleville\/#primaryimage","url":"","contentUrl":""},{"@type":"BreadcrumbList","@id":"http:\/\/vincentians.com\/es\/el-episodio-de-gannes-folleville\/#breadcrumb","itemListElement":[{"@type":"ListItem","position":1,"name":"Portada","item":"http:\/\/vincentians.com\/es\/"},{"@type":"ListItem","position":2,"name":"El episodio de Gannes \u2013 Folleville"}]},{"@type":"WebSite","@id":"http:\/\/vincentians.com\/es\/#website","url":"http:\/\/vincentians.com\/es\/","name":"Somos Vicencianos","description":"Know more to serve more","publisher":{"@id":"http:\/\/vincentians.com\/es\/#organization"},"potentialAction":[{"@type":"SearchAction","target":{"@type":"EntryPoint","urlTemplate":"http:\/\/vincentians.com\/es\/?s={search_term_string}"},"query-input":{"@type":"PropertyValueSpecification","valueRequired":true,"valueName":"search_term_string"}}],"inLanguage":"es"},{"@type":"Organization","@id":"http:\/\/vincentians.com\/es\/#organization","name":"The Vincentian Network","url":"http:\/\/vincentians.com\/es\/","logo":{"@type":"ImageObject","inLanguage":"es","@id":"http:\/\/vincentians.com\/es\/#\/schema\/logo\/image\/","url":"https:\/\/i1.wp.com\/vincentians.com\/es\/wp-content\/uploads\/sites\/11\/2016\/06\/Vincentian-Network-logo-big.png?fit=778%2C778","contentUrl":"https:\/\/i1.wp.com\/vincentians.com\/es\/wp-content\/uploads\/sites\/11\/2016\/06\/Vincentian-Network-logo-big.png?fit=778%2C778","width":778,"height":778,"caption":"The Vincentian Network"},"image":{"@id":"http:\/\/vincentians.com\/es\/#\/schema\/logo\/image\/"},"sameAs":["https:\/\/www.facebook.com\/WeAreVincentians\/","https:\/\/x.com\/WeVincentians"]},{"@type":"Person","@id":"http:\/\/vincentians.com\/es\/#\/schema\/person\/9623ef4d9aa3b2dfb8c061f1499288f2","name":"Francisco Javier Fern\u00e1ndez Chento","image":{"@type":"ImageObject","inLanguage":"es","@id":"http:\/\/vincentians.com\/es\/#\/schema\/person\/image\/","url":"https:\/\/secure.gravatar.com\/avatar\/497d5cde87b4c3d097d0315953521681ba2cd523ee66e5077c3711f7021e65de?s=96&d=mm&r=g","contentUrl":"https:\/\/secure.gravatar.com\/avatar\/497d5cde87b4c3d097d0315953521681ba2cd523ee66e5077c3711f7021e65de?s=96&d=mm&r=g","caption":"Francisco Javier Fern\u00e1ndez Chento"},"description":"Director General y cofundador de La Red de Formaci\u00f3n Vicenciana. Javier es laico vicenciano, afiliado a la Congregaci\u00f3n de la Misi\u00f3n y miembro del Equipo de Misiones Populares de la provincia can\u00f3nica de Zaragoza (Espa\u00f1a) de la Congregaci\u00f3n de la Misi\u00f3n. Graduado en la Universidad Oberta de Catalunya con cuatro grados (Asistente de direcci\u00f3n, Gesti\u00f3n Administrativa, Recursos Humanos y Contabilidad Avanzada). Bil\u00edng\u00fce Espa\u00f1ol\/Ingl\u00e9s. gestiona y mantiene varias p\u00e1ginas web cristianas y vicencianas, incluida including La Red de Formaci\u00f3n Vicenciana, de la que es cofundador. Actualmente es responsable del \u00e1rea de Espa\u00f1ol de .famvin, la Red de Noticias de la Familia Vicenciana. Tambi\u00e9n es m\u00fasico cat\u00f3lico y ha editado varios discos. Es Director General y cofundador de Trovador, una reconocida compa\u00f1\u00eda discogr\u00e1fica critiana de Espa\u00f1a. Trabaja en las Tecnolog\u00edas de la Informaci\u00f3n, ofreciendo servicios de alojamiento, dise\u00f1o y mantenimiento Web, as\u00ed como asesoramiento, formaci\u00f3n y soluciones inform\u00e1ticas, gesti\u00f3n documental y digitalizaci\u00f3n de textos, edici\u00f3n y maquetaci\u00f3n de libros, revistas, flyers, etc.","sameAs":["http:\/\/chento.org","https:\/\/www.facebook.com\/JavierChento","https:\/\/x.com\/https:\/\/twitter.com\/javierchento"],"url":"http:\/\/vincentians.com\/es\/author\/chento\/"}]}},"jetpack_publicize_connections":[],"jetpack_featured_media_url":"","jetpack_sharing_enabled":true,"jetpack_shortlink":"https:\/\/wp.me\/p7ETMF-Bs","jetpack-related-posts":[{"id":119706,"url":"http:\/\/vincentians.com\/es\/el-senor-vicente-relee-su-vida-folleville\/","url_meta":{"origin":2322,"position":0},"title":"El Se\u00f1or Vicente relee su vida: Folleville","author":"Francisco Javier Fern\u00e1ndez Chento","date":"03\/03\/2022","format":false,"excerpt":"Mi celo pastoral aumentaba, yo me ocupaba entonces de los campesinos de los pueblos en las tierras de los Gondi. En efecto, los se\u00f1ores llevaban tambi\u00e9n la responsabilidad espiritual de sus s\u00fabditos. El se\u00f1or de Gondi era consciente de ello. Despu\u00e9s de su entrada solemne en Joigny, para encargarse del\u2026","rel":"","context":"En \u00abVicente de Pa\u00fal\u00bb","block_context":{"text":"Vicente de Pa\u00fal","link":"http:\/\/vincentians.com\/es\/category\/la-familia-vicenciana\/fundadores\/vicente-de-paul\/"},"img":{"alt_text":"","src":"https:\/\/i0.wp.com\/vincentians.com\/es\/wp-content\/uploads\/sites\/11\/2013\/04\/f-4-scaled.jpg?fit=1200%2C570&resize=350%2C200","width":350,"height":200,"srcset":"https:\/\/i0.wp.com\/vincentians.com\/es\/wp-content\/uploads\/sites\/11\/2013\/04\/f-4-scaled.jpg?fit=1200%2C570&resize=350%2C200 1x, https:\/\/i0.wp.com\/vincentians.com\/es\/wp-content\/uploads\/sites\/11\/2013\/04\/f-4-scaled.jpg?fit=1200%2C570&resize=525%2C300 1.5x, https:\/\/i0.wp.com\/vincentians.com\/es\/wp-content\/uploads\/sites\/11\/2013\/04\/f-4-scaled.jpg?fit=1200%2C570&resize=700%2C400 2x, https:\/\/i0.wp.com\/vincentians.com\/es\/wp-content\/uploads\/sites\/11\/2013\/04\/f-4-scaled.jpg?fit=1200%2C570&resize=1050%2C600 3x"},"classes":[]},{"id":387854,"url":"http:\/\/vincentians.com\/es\/san-vicente-amigo-de-los-pobres-anos-de-busqueda-1613-1617\/","url_meta":{"origin":2322,"position":1},"title":"San Vicente: Amigo de los pobres: a\u00f1os de b\u00fasqueda (1613-1617)","author":"Mitxel Olabu\u00e9naga","date":"12\/10\/2016","format":false,"excerpt":"El se\u00f1or Vicente abandona Clichy El pueblo de Clichy guard\u00f3 siempre un grato recuerdo del mejor de sus p\u00e1rrocos. Pero, cuando m\u00e1s entusiasmado estaba \u00e9ste en sus proyectos, le lleg\u00f3 una carta de Berulle: Deb\u00eda cam\u00adbiar sus actividades. El director espiritual le ped\u00eda que volviera a Par\u00eds. Argumenta\u00adba que ser\u00eda\u2026","rel":"","context":"En \u00abFormaci\u00f3n Vicenciana\u00bb","block_context":{"text":"Formaci\u00f3n Vicenciana","link":"http:\/\/vincentians.com\/es\/category\/formacion-vicenciana\/"},"img":{"alt_text":"","src":"https:\/\/i0.wp.com\/vincentians.com\/es\/wp-content\/uploads\/sites\/11\/2016\/07\/st-vincent-de-paul.jpg?fit=1200%2C630&resize=350%2C200","width":350,"height":200,"srcset":"https:\/\/i0.wp.com\/vincentians.com\/es\/wp-content\/uploads\/sites\/11\/2016\/07\/st-vincent-de-paul.jpg?fit=1200%2C630&resize=350%2C200 1x, https:\/\/i0.wp.com\/vincentians.com\/es\/wp-content\/uploads\/sites\/11\/2016\/07\/st-vincent-de-paul.jpg?fit=1200%2C630&resize=525%2C300 1.5x, https:\/\/i0.wp.com\/vincentians.com\/es\/wp-content\/uploads\/sites\/11\/2016\/07\/st-vincent-de-paul.jpg?fit=1200%2C630&resize=700%2C400 2x, https:\/\/i0.wp.com\/vincentians.com\/es\/wp-content\/uploads\/sites\/11\/2016\/07\/st-vincent-de-paul.jpg?fit=1200%2C630&resize=1050%2C600 3x"},"classes":[]},{"id":121638,"url":"http:\/\/vincentians.com\/es\/san-vicente-de-paul-y-los-gondi-capitulo-05\/","url_meta":{"origin":2322,"position":2},"title":"San Vicente de Pa\u00fal y los Gondi: Cap\u00edtulo 05","author":"Francisco Javier Fern\u00e1ndez Chento","date":"07\/07\/2024","format":false,"excerpt":"Cap\u00edtulo V Vicente de Pa\u00fal y la Sra. de Gondi en el castillo de Folleville. - Nacimiento de la obra de las Misiones. - Salida de Vicente de la casa de Gondi. - Vicente, p\u00e1rroco de Chatillon-lez-Dombes. A comienzos del a\u00f1o de 1617, la familia de Gondi se hallaba reunida\u2026","rel":"","context":"En \u00abVicente de Pa\u00fal\u00bb","block_context":{"text":"Vicente de Pa\u00fal","link":"http:\/\/vincentians.com\/es\/category\/la-familia-vicenciana\/fundadores\/vicente-de-paul\/"},"img":{"alt_text":"","src":"https:\/\/i0.wp.com\/vincentians.com\/es\/wp-content\/uploads\/sites\/11\/2023\/08\/aaaf.jpg?fit=1200%2C827&resize=350%2C200","width":350,"height":200,"srcset":"https:\/\/i0.wp.com\/vincentians.com\/es\/wp-content\/uploads\/sites\/11\/2023\/08\/aaaf.jpg?fit=1200%2C827&resize=350%2C200 1x, https:\/\/i0.wp.com\/vincentians.com\/es\/wp-content\/uploads\/sites\/11\/2023\/08\/aaaf.jpg?fit=1200%2C827&resize=525%2C300 1.5x, https:\/\/i0.wp.com\/vincentians.com\/es\/wp-content\/uploads\/sites\/11\/2023\/08\/aaaf.jpg?fit=1200%2C827&resize=700%2C400 2x, https:\/\/i0.wp.com\/vincentians.com\/es\/wp-content\/uploads\/sites\/11\/2023\/08\/aaaf.jpg?fit=1200%2C827&resize=1050%2C600 3x"},"classes":[]},{"id":131900,"url":"http:\/\/vincentians.com\/es\/el-senor-vicente-relee-su-vida-vii\/","url_meta":{"origin":2322,"position":3},"title":"El se\u00f1or Vicente relee su vida (VII)","author":"Francisco Javier Fern\u00e1ndez Chento","date":"13\/12\/2014","format":false,"excerpt":"Preceptor Fue en la segunda mitad de 1613 cuando concluy\u00f3 mi b\u00fasqueda que tanto dur\u00f3. Recib\u00eda en efecto \"el cargo de preceptor de los hijos del Se\u00f1or Philippe-Emmanuel de Gondi, Conde de Joigny, General de las Galeras de Francia \". El mayor de los hijos, Pierre, ten\u00eda 11 a\u00f1os, el\u2026","rel":"","context":"En \u00abVicente de Pa\u00fal\u00bb","block_context":{"text":"Vicente de Pa\u00fal","link":"http:\/\/vincentians.com\/es\/category\/la-familia-vicenciana\/fundadores\/vicente-de-paul\/"},"img":{"alt_text":"corazon","src":"https:\/\/i0.wp.com\/vicencianos.org\/wp-content\/2014\/12\/corazon-289x300.jpg?resize=350%2C200","width":350,"height":200},"classes":[]},{"id":119409,"url":"http:\/\/vincentians.com\/es\/historia-de-una-mirada-sobre-el-pobre\/","url_meta":{"origin":2322,"position":4},"title":"Historia de una mirada sobre el pobre","author":"Francisco Javier Fern\u00e1ndez Chento","date":"29\/11\/2021","format":false,"excerpt":"Introducci\u00f3n En algunos retratos antiguos que se han conservado de San Vicente de Pa\u00fal, como los de Simon Fran\u00e7ois de Tours, de Nicolas Pitau, de Van Schuppen, de Ren\u00e9 Lochon, sin duda, son los ojos lo que m\u00e1s impresiona. Observamos en ellos una gran calidad de atenci\u00f3n y de observaci\u00f3n;\u2026","rel":"","context":"En \u00abFormaci\u00f3n Vicenciana\u00bb","block_context":{"text":"Formaci\u00f3n Vicenciana","link":"http:\/\/vincentians.com\/es\/category\/formacion-vicenciana\/"},"img":{"alt_text":"","src":"https:\/\/i0.wp.com\/vincentians.com\/es\/wp-content\/uploads\/sites\/11\/2016\/09\/ojos-jesucristo.jpg?fit=1200%2C630&resize=350%2C200","width":350,"height":200,"srcset":"https:\/\/i0.wp.com\/vincentians.com\/es\/wp-content\/uploads\/sites\/11\/2016\/09\/ojos-jesucristo.jpg?fit=1200%2C630&resize=350%2C200 1x, https:\/\/i0.wp.com\/vincentians.com\/es\/wp-content\/uploads\/sites\/11\/2016\/09\/ojos-jesucristo.jpg?fit=1200%2C630&resize=525%2C300 1.5x, https:\/\/i0.wp.com\/vincentians.com\/es\/wp-content\/uploads\/sites\/11\/2016\/09\/ojos-jesucristo.jpg?fit=1200%2C630&resize=700%2C400 2x, https:\/\/i0.wp.com\/vincentians.com\/es\/wp-content\/uploads\/sites\/11\/2016\/09\/ojos-jesucristo.jpg?fit=1200%2C630&resize=1050%2C600 3x"},"classes":[]},{"id":403845,"url":"http:\/\/vincentians.com\/es\/vicente-de-paul-en-gannes-folleville-ii\/","url_meta":{"origin":2322,"position":5},"title":"VICENTE DE PAUL EN GANNES-FOLLEVILLE (II)","author":"Mitxel Olabu\u00e9naga","date":"28\/11\/2021","format":false,"excerpt":"GANNES-FOLLEVILLE Vicente de Pa\u00fal vivi\u00f3 en Gannes-Folleville, dos poblaciones de Francia, unas experiencias que no fueron novedosas para \u00e9l, pero que, con el correr de los a\u00f1os, dejaron en \u00e9l una huella extraordi\u00adnaria que transmiti\u00f3 como referente a sus seguidores. Nos estamos refiriendo a la confesi\u00f3n de un moribundo, en\u2026","rel":"","context":"En \u00abFormaci\u00f3n Vicenciana\u00bb","block_context":{"text":"Formaci\u00f3n Vicenciana","link":"http:\/\/vincentians.com\/es\/category\/formacion-vicenciana\/"},"img":{"alt_text":"","src":"https:\/\/i0.wp.com\/vincentians.com\/es\/wp-content\/uploads\/sites\/11\/2017\/04\/vicente-y-eucaristia.jpg?fit=1200%2C630&resize=350%2C200","width":350,"height":200,"srcset":"https:\/\/i0.wp.com\/vincentians.com\/es\/wp-content\/uploads\/sites\/11\/2017\/04\/vicente-y-eucaristia.jpg?fit=1200%2C630&resize=350%2C200 1x, https:\/\/i0.wp.com\/vincentians.com\/es\/wp-content\/uploads\/sites\/11\/2017\/04\/vicente-y-eucaristia.jpg?fit=1200%2C630&resize=525%2C300 1.5x, https:\/\/i0.wp.com\/vincentians.com\/es\/wp-content\/uploads\/sites\/11\/2017\/04\/vicente-y-eucaristia.jpg?fit=1200%2C630&resize=700%2C400 2x, https:\/\/i0.wp.com\/vincentians.com\/es\/wp-content\/uploads\/sites\/11\/2017\/04\/vicente-y-eucaristia.jpg?fit=1200%2C630&resize=1050%2C600 3x"},"classes":[]}],"_links":{"self":[{"href":"http:\/\/vincentians.com\/es\/wp-json\/wp\/v2\/posts\/2322","targetHints":{"allow":["GET"]}}],"collection":[{"href":"http:\/\/vincentians.com\/es\/wp-json\/wp\/v2\/posts"}],"about":[{"href":"http:\/\/vincentians.com\/es\/wp-json\/wp\/v2\/types\/post"}],"author":[{"embeddable":true,"href":"http:\/\/vincentians.com\/es\/wp-json\/wp\/v2\/users\/4"}],"replies":[{"embeddable":true,"href":"http:\/\/vincentians.com\/es\/wp-json\/wp\/v2\/comments?post=2322"}],"version-history":[{"count":0,"href":"http:\/\/vincentians.com\/es\/wp-json\/wp\/v2\/posts\/2322\/revisions"}],"wp:featuredmedia":[{"embeddable":true,"href":"http:\/\/vincentians.com\/es\/wp-json\/"}],"wp:attachment":[{"href":"http:\/\/vincentians.com\/es\/wp-json\/wp\/v2\/media?parent=2322"}],"wp:term":[{"taxonomy":"category","embeddable":true,"href":"http:\/\/vincentians.com\/es\/wp-json\/wp\/v2\/categories?post=2322"},{"taxonomy":"post_tag","embeddable":true,"href":"http:\/\/vincentians.com\/es\/wp-json\/wp\/v2\/tags?post=2322"}],"curies":[{"name":"wp","href":"https:\/\/api.w.org\/{rel}","templated":true}]}}