{"id":22989,"date":"2016-11-12T00:01:43","date_gmt":"2016-11-11T23:01:43","guid":{"rendered":"http:\/\/somos.vicencianos.org\/blog\/2010\/11\/12\/tal-dia-como-hoy-12-de-noviembre\/"},"modified":"2016-07-24T08:51:59","modified_gmt":"2016-07-24T06:51:59","slug":"tal-dia-como-hoy-12-de-noviembre","status":"publish","type":"post","link":"http:\/\/vincentians.com\/es\/tal-dia-como-hoy-12-de-noviembre\/","title":{"rendered":"Tal d\u00eda como hoy: 12 de noviembre"},"content":{"rendered":"<p><strong>1653.<\/strong> Recomendaciones de Vicente de Pa\u00fal a las tres hijas de la Caridad que van destinadas al hospital de Nantes: \u00abEl Obispo de Nantes dice que sois religiosas, porque le han dicho que hac\u00e9is votos. Si os habla de esto, respondedle que no sois religiosas. Sor Juana, que es la hermana sirviente, le ha dicho: Monse\u00f1or, los votos que hacemos no nos convierten en religiosas, porque son votos simples, que puede hacer cualquiera, incluso viviendo en el mundo+. En efecto, no puede decirse que las Hijas de la Caridad sean religiosas, ya que si lo fueran, no podr\u00edan ser Hijas de la Caridad, pues para ser religiosas hay que vivir en el claustro. Las Hijas de la Caridad no podr\u00e1n jam\u00e1s ser religiosas; \u00a1maldici\u00f3n al que hable de hacerlas religiosas!\u00bb.<\/p>\n<p><strong>1655.<\/strong> Vicente de Pa\u00fal escribe al superior de Roma, P. Esteban Blatiron, y le dice: \u00abDoy gracias a Dios por los actos extraordinarios de devoci\u00f3n que piensan ustedes hacer para pedirle a Dios, por intercesi\u00f3n de san Jos\u00e9, la propagaci\u00f3n de la compa\u00f1\u00eda. Ruego a su divina bondad que los acepte. Yo he estado m\u00e1s de veinte a\u00f1os sin atreverme a ped\u00edrselo a Dios, creyendo que, como la congregaci\u00f3n era obra suya, hab\u00eda que dejar a su sola providencia el cuidado de su conservaci\u00f3n y de su crecimiento; pero, a fuerza de pensar en la recomendaci\u00f3n que se nos hace en el evangelio de pedirle que env\u00ede operarios a su mies, me he convencido de la importancia y utilidad de estos actos de devoci\u00f3n\u00bb.<\/p>\n<p><strong>1851.<\/strong> En Par\u00eds, tres sacerdotes austriacos ingresan en la Congregaci\u00f3n de la Misi\u00f3n con el fin de establecerla en Austria. Ser\u00eda m\u00e1s correcto hablar de restauraci\u00f3n porque, entre 1760 y 1762, tres seminarios del territorio austro-h\u00fangaro hab\u00edan sido confiados a los Sacerdotes de la Misi\u00f3n; pero, menos de cinco a\u00f1os despu\u00e9s tuvieron que irse a causa de las persecuciones y su recuerdo estaba olvidado. Los nuevos miembros de la Congregaci\u00f3n son Carlos de Avernas, y los dos condes Clemente y Fernando de Brandis. Les pas\u00f3 algo parecido a lo que ocurri\u00f3 con la fundaci\u00f3n de la Congregaci\u00f3n; despu\u00e9s de la homil\u00eda de Folleville, la Sra. de Gondi se puso en contacto con varias \u00f3rdenes religiosas para hacer su fundaci\u00f3n apost\u00f3lica; de la misma forma estos tres sacerdotes llamaron, en vano, a la puerta de los redentoristas de Baviera. Entonces, un sacerdote, el P. Klaischer, que era confesor de la Hijas de la Caridad de Graz, les aconsej\u00f3 que hicieran lo mismo que se hab\u00eda hecho en Colonia: varios sacerdotes de esta ciudad, para introducir la Congregaci\u00f3n en su pa\u00eds, hab\u00edan entrado en el seminario interno de Par\u00eds. En agosto de 1852, los tres sacerdotes dejar\u00e1n Par\u00eds e instalar\u00e1n la Misi\u00f3n en Graz.<\/p>\n<p><strong>1853.<\/strong> En Burdeos, treinta hijas de la Caridad y tres pa\u00fales se embarcan con destino a Chile para comenzar all\u00ed las obras de la familia vicenciana.<\/p>\n","protected":false},"excerpt":{"rendered":"<p>1653. Recomendaciones de Vicente de Pa\u00fal a las tres hijas de la Caridad que van destinadas al hospital de Nantes: \u00abEl Obispo de Nantes dice que sois religiosas, porque le han dicho que hac\u00e9is votos. &#8230; <a href=\"http:\/\/vincentians.com\/es\/tal-dia-como-hoy-12-de-noviembre\/\" class=\"more-link\">Read More<\/a><\/p>\n","protected":false},"author":4,"featured_media":149897,"comment_status":"open","ping_status":"open","sticky":false,"template":"","format":"standard","meta":{"jetpack_post_was_ever_published":false,"_jetpack_newsletter_access":"","_jetpack_dont_email_post_to_subs":false,"_jetpack_newsletter_tier_id":0,"_jetpack_memberships_contains_paywalled_content":false,"_jetpack_memberships_contains_paid_content":false,"footnotes":"","jetpack_publicize_message":"","jetpack_publicize_feature_enabled":true,"jetpack_social_post_already_shared":true,"jetpack_social_options":{"image_generator_settings":{"template":"highway","default_image_id":0,"font":"","enabled":false},"version":2}},"categories":[60],"tags":[156,175,119],"class_list":["post-22989","post","type-post","status-publish","format-standard","has-post-thumbnail","hentry","category-efemerides-vicencianas","tag-blatiron","tag-folleville","tag-gondi"],"yoast_head":"<!-- This site is optimized with the Yoast SEO plugin v26.3 - https:\/\/yoast.com\/wordpress\/plugins\/seo\/ -->\n<title>Tal d\u00eda como hoy: 12 de noviembre - Somos Vicencianos<\/title>\n<meta name=\"robots\" content=\"index, follow, max-snippet:-1, max-image-preview:large, max-video-preview:-1\" \/>\n<link rel=\"canonical\" href=\"http:\/\/vincentians.com\/es\/tal-dia-como-hoy-12-de-noviembre\/\" \/>\n<meta property=\"og:locale\" content=\"es_ES\" \/>\n<meta property=\"og:type\" content=\"article\" \/>\n<meta property=\"og:title\" content=\"Tal d\u00eda como hoy: 12 de noviembre - Somos Vicencianos\" \/>\n<meta property=\"og:description\" content=\"1653. Recomendaciones de Vicente de Pa\u00fal a las tres hijas de la Caridad que van destinadas al hospital de Nantes: \u00abEl Obispo de Nantes dice que sois religiosas, porque le han dicho que hac\u00e9is votos. ... Read More\" \/>\n<meta property=\"og:url\" content=\"http:\/\/vincentians.com\/es\/tal-dia-como-hoy-12-de-noviembre\/\" \/>\n<meta property=\"og:site_name\" content=\"Somos Vicencianos\" \/>\n<meta property=\"article:publisher\" content=\"https:\/\/www.facebook.com\/WeAreVincentians\/\" \/>\n<meta property=\"article:author\" content=\"https:\/\/www.facebook.com\/JavierChento\" \/>\n<meta property=\"article:published_time\" content=\"2016-11-11T23:01:43+00:00\" \/>\n<meta property=\"og:image\" content=\"https:\/\/i0.wp.com\/vincentians.com\/es\/wp-content\/uploads\/sites\/11\/2016\/07\/ephemerides-fb.jpg?fit=1200%2C630\" \/>\n\t<meta property=\"og:image:width\" content=\"1200\" \/>\n\t<meta property=\"og:image:height\" content=\"630\" \/>\n\t<meta property=\"og:image:type\" content=\"image\/jpeg\" \/>\n<meta name=\"author\" content=\"Francisco Javier Fern\u00e1ndez Chento\" \/>\n<meta name=\"twitter:card\" content=\"summary_large_image\" \/>\n<meta name=\"twitter:creator\" content=\"@https:\/\/twitter.com\/javierchento\" \/>\n<meta name=\"twitter:site\" content=\"@WeVincentians\" \/>\n<meta name=\"twitter:label1\" content=\"Escrito por\" \/>\n\t<meta name=\"twitter:data1\" content=\"Francisco Javier Fern\u00e1ndez Chento\" \/>\n\t<meta name=\"twitter:label2\" content=\"Tiempo de lectura\" \/>\n\t<meta name=\"twitter:data2\" content=\"3 minutos\" \/>\n<script type=\"application\/ld+json\" class=\"yoast-schema-graph\">{\"@context\":\"https:\/\/schema.org\",\"@graph\":[{\"@type\":\"Article\",\"@id\":\"http:\/\/vincentians.com\/es\/tal-dia-como-hoy-12-de-noviembre\/#article\",\"isPartOf\":{\"@id\":\"http:\/\/vincentians.com\/es\/tal-dia-como-hoy-12-de-noviembre\/\"},\"author\":{\"name\":\"Francisco Javier Fern\u00e1ndez Chento\",\"@id\":\"http:\/\/vincentians.com\/es\/#\/schema\/person\/9623ef4d9aa3b2dfb8c061f1499288f2\"},\"headline\":\"Tal d\u00eda como hoy: 12 de noviembre\",\"datePublished\":\"2016-11-11T23:01:43+00:00\",\"mainEntityOfPage\":{\"@id\":\"http:\/\/vincentians.com\/es\/tal-dia-como-hoy-12-de-noviembre\/\"},\"wordCount\":531,\"commentCount\":0,\"publisher\":{\"@id\":\"http:\/\/vincentians.com\/es\/#organization\"},\"image\":{\"@id\":\"http:\/\/vincentians.com\/es\/tal-dia-como-hoy-12-de-noviembre\/#primaryimage\"},\"thumbnailUrl\":\"https:\/\/i0.wp.com\/vincentians.com\/es\/wp-content\/uploads\/sites\/11\/2016\/07\/ephemerides-fb.jpg?fit=1200%2C630\",\"keywords\":[\"Blatiron\",\"Folleville\",\"Gondi\"],\"articleSection\":[\"Efem\u00e9rides Vicencianas\"],\"inLanguage\":\"es\",\"potentialAction\":[{\"@type\":\"CommentAction\",\"name\":\"Comment\",\"target\":[\"http:\/\/vincentians.com\/es\/tal-dia-como-hoy-12-de-noviembre\/#respond\"]}]},{\"@type\":\"WebPage\",\"@id\":\"http:\/\/vincentians.com\/es\/tal-dia-como-hoy-12-de-noviembre\/\",\"url\":\"http:\/\/vincentians.com\/es\/tal-dia-como-hoy-12-de-noviembre\/\",\"name\":\"Tal d\u00eda como hoy: 12 de noviembre - Somos Vicencianos\",\"isPartOf\":{\"@id\":\"http:\/\/vincentians.com\/es\/#website\"},\"primaryImageOfPage\":{\"@id\":\"http:\/\/vincentians.com\/es\/tal-dia-como-hoy-12-de-noviembre\/#primaryimage\"},\"image\":{\"@id\":\"http:\/\/vincentians.com\/es\/tal-dia-como-hoy-12-de-noviembre\/#primaryimage\"},\"thumbnailUrl\":\"https:\/\/i0.wp.com\/vincentians.com\/es\/wp-content\/uploads\/sites\/11\/2016\/07\/ephemerides-fb.jpg?fit=1200%2C630\",\"datePublished\":\"2016-11-11T23:01:43+00:00\",\"breadcrumb\":{\"@id\":\"http:\/\/vincentians.com\/es\/tal-dia-como-hoy-12-de-noviembre\/#breadcrumb\"},\"inLanguage\":\"es\",\"potentialAction\":[{\"@type\":\"ReadAction\",\"target\":[\"http:\/\/vincentians.com\/es\/tal-dia-como-hoy-12-de-noviembre\/\"]}]},{\"@type\":\"ImageObject\",\"inLanguage\":\"es\",\"@id\":\"http:\/\/vincentians.com\/es\/tal-dia-como-hoy-12-de-noviembre\/#primaryimage\",\"url\":\"https:\/\/i0.wp.com\/vincentians.com\/es\/wp-content\/uploads\/sites\/11\/2016\/07\/ephemerides-fb.jpg?fit=1200%2C630\",\"contentUrl\":\"https:\/\/i0.wp.com\/vincentians.com\/es\/wp-content\/uploads\/sites\/11\/2016\/07\/ephemerides-fb.jpg?fit=1200%2C630\",\"width\":1200,\"height\":630},{\"@type\":\"BreadcrumbList\",\"@id\":\"http:\/\/vincentians.com\/es\/tal-dia-como-hoy-12-de-noviembre\/#breadcrumb\",\"itemListElement\":[{\"@type\":\"ListItem\",\"position\":1,\"name\":\"Portada\",\"item\":\"http:\/\/vincentians.com\/es\/\"},{\"@type\":\"ListItem\",\"position\":2,\"name\":\"Tal d\u00eda como hoy: 12 de noviembre\"}]},{\"@type\":\"WebSite\",\"@id\":\"http:\/\/vincentians.com\/es\/#website\",\"url\":\"http:\/\/vincentians.com\/es\/\",\"name\":\"Somos Vicencianos\",\"description\":\"Know more to serve more\",\"publisher\":{\"@id\":\"http:\/\/vincentians.com\/es\/#organization\"},\"potentialAction\":[{\"@type\":\"SearchAction\",\"target\":{\"@type\":\"EntryPoint\",\"urlTemplate\":\"http:\/\/vincentians.com\/es\/?s={search_term_string}\"},\"query-input\":{\"@type\":\"PropertyValueSpecification\",\"valueRequired\":true,\"valueName\":\"search_term_string\"}}],\"inLanguage\":\"es\"},{\"@type\":\"Organization\",\"@id\":\"http:\/\/vincentians.com\/es\/#organization\",\"name\":\"The Vincentian Network\",\"url\":\"http:\/\/vincentians.com\/es\/\",\"logo\":{\"@type\":\"ImageObject\",\"inLanguage\":\"es\",\"@id\":\"http:\/\/vincentians.com\/es\/#\/schema\/logo\/image\/\",\"url\":\"https:\/\/i1.wp.com\/vincentians.com\/es\/wp-content\/uploads\/sites\/11\/2016\/06\/Vincentian-Network-logo-big.png?fit=778%2C778\",\"contentUrl\":\"https:\/\/i1.wp.com\/vincentians.com\/es\/wp-content\/uploads\/sites\/11\/2016\/06\/Vincentian-Network-logo-big.png?fit=778%2C778\",\"width\":778,\"height\":778,\"caption\":\"The Vincentian Network\"},\"image\":{\"@id\":\"http:\/\/vincentians.com\/es\/#\/schema\/logo\/image\/\"},\"sameAs\":[\"https:\/\/www.facebook.com\/WeAreVincentians\/\",\"https:\/\/x.com\/WeVincentians\"]},{\"@type\":\"Person\",\"@id\":\"http:\/\/vincentians.com\/es\/#\/schema\/person\/9623ef4d9aa3b2dfb8c061f1499288f2\",\"name\":\"Francisco Javier Fern\u00e1ndez Chento\",\"image\":{\"@type\":\"ImageObject\",\"inLanguage\":\"es\",\"@id\":\"http:\/\/vincentians.com\/es\/#\/schema\/person\/image\/\",\"url\":\"https:\/\/secure.gravatar.com\/avatar\/497d5cde87b4c3d097d0315953521681ba2cd523ee66e5077c3711f7021e65de?s=96&d=mm&r=g\",\"contentUrl\":\"https:\/\/secure.gravatar.com\/avatar\/497d5cde87b4c3d097d0315953521681ba2cd523ee66e5077c3711f7021e65de?s=96&d=mm&r=g\",\"caption\":\"Francisco Javier Fern\u00e1ndez Chento\"},\"description\":\"Director General y cofundador de La Red de Formaci\u00f3n Vicenciana. Javier es laico vicenciano, afiliado a la Congregaci\u00f3n de la Misi\u00f3n y miembro del Equipo de Misiones Populares de la provincia can\u00f3nica de Zaragoza (Espa\u00f1a) de la Congregaci\u00f3n de la Misi\u00f3n. Graduado en la Universidad Oberta de Catalunya con cuatro grados (Asistente de direcci\u00f3n, Gesti\u00f3n Administrativa, Recursos Humanos y Contabilidad Avanzada). Bil\u00edng\u00fce Espa\u00f1ol\/Ingl\u00e9s. gestiona y mantiene varias p\u00e1ginas web cristianas y vicencianas, incluida including La Red de Formaci\u00f3n Vicenciana, de la que es cofundador. Actualmente es responsable del \u00e1rea de Espa\u00f1ol de .famvin, la Red de Noticias de la Familia Vicenciana. Tambi\u00e9n es m\u00fasico cat\u00f3lico y ha editado varios discos. Es Director General y cofundador de Trovador, una reconocida compa\u00f1\u00eda discogr\u00e1fica critiana de Espa\u00f1a. Trabaja en las Tecnolog\u00edas de la Informaci\u00f3n, ofreciendo servicios de alojamiento, dise\u00f1o y mantenimiento Web, as\u00ed como asesoramiento, formaci\u00f3n y soluciones inform\u00e1ticas, gesti\u00f3n documental y digitalizaci\u00f3n de textos, edici\u00f3n y maquetaci\u00f3n de libros, revistas, flyers, etc.\",\"sameAs\":[\"http:\/\/chento.org\",\"https:\/\/www.facebook.com\/JavierChento\",\"https:\/\/x.com\/https:\/\/twitter.com\/javierchento\"],\"url\":\"http:\/\/vincentians.com\/es\/author\/chento\/\"}]}<\/script>\n<!-- \/ Yoast SEO plugin. -->","yoast_head_json":{"title":"Tal d\u00eda como hoy: 12 de noviembre - Somos Vicencianos","robots":{"index":"index","follow":"follow","max-snippet":"max-snippet:-1","max-image-preview":"max-image-preview:large","max-video-preview":"max-video-preview:-1"},"canonical":"http:\/\/vincentians.com\/es\/tal-dia-como-hoy-12-de-noviembre\/","og_locale":"es_ES","og_type":"article","og_title":"Tal d\u00eda como hoy: 12 de noviembre - Somos Vicencianos","og_description":"1653. Recomendaciones de Vicente de Pa\u00fal a las tres hijas de la Caridad que van destinadas al hospital de Nantes: \u00abEl Obispo de Nantes dice que sois religiosas, porque le han dicho que hac\u00e9is votos. ... Read More","og_url":"http:\/\/vincentians.com\/es\/tal-dia-como-hoy-12-de-noviembre\/","og_site_name":"Somos Vicencianos","article_publisher":"https:\/\/www.facebook.com\/WeAreVincentians\/","article_author":"https:\/\/www.facebook.com\/JavierChento","article_published_time":"2016-11-11T23:01:43+00:00","og_image":[{"width":1200,"height":630,"url":"https:\/\/i0.wp.com\/vincentians.com\/es\/wp-content\/uploads\/sites\/11\/2016\/07\/ephemerides-fb.jpg?fit=1200%2C630","type":"image\/jpeg"}],"author":"Francisco Javier Fern\u00e1ndez Chento","twitter_card":"summary_large_image","twitter_creator":"@https:\/\/twitter.com\/javierchento","twitter_site":"@WeVincentians","twitter_misc":{"Escrito por":"Francisco Javier Fern\u00e1ndez Chento","Tiempo de lectura":"3 minutos"},"schema":{"@context":"https:\/\/schema.org","@graph":[{"@type":"Article","@id":"http:\/\/vincentians.com\/es\/tal-dia-como-hoy-12-de-noviembre\/#article","isPartOf":{"@id":"http:\/\/vincentians.com\/es\/tal-dia-como-hoy-12-de-noviembre\/"},"author":{"name":"Francisco Javier Fern\u00e1ndez Chento","@id":"http:\/\/vincentians.com\/es\/#\/schema\/person\/9623ef4d9aa3b2dfb8c061f1499288f2"},"headline":"Tal d\u00eda como hoy: 12 de noviembre","datePublished":"2016-11-11T23:01:43+00:00","mainEntityOfPage":{"@id":"http:\/\/vincentians.com\/es\/tal-dia-como-hoy-12-de-noviembre\/"},"wordCount":531,"commentCount":0,"publisher":{"@id":"http:\/\/vincentians.com\/es\/#organization"},"image":{"@id":"http:\/\/vincentians.com\/es\/tal-dia-como-hoy-12-de-noviembre\/#primaryimage"},"thumbnailUrl":"https:\/\/i0.wp.com\/vincentians.com\/es\/wp-content\/uploads\/sites\/11\/2016\/07\/ephemerides-fb.jpg?fit=1200%2C630","keywords":["Blatiron","Folleville","Gondi"],"articleSection":["Efem\u00e9rides Vicencianas"],"inLanguage":"es","potentialAction":[{"@type":"CommentAction","name":"Comment","target":["http:\/\/vincentians.com\/es\/tal-dia-como-hoy-12-de-noviembre\/#respond"]}]},{"@type":"WebPage","@id":"http:\/\/vincentians.com\/es\/tal-dia-como-hoy-12-de-noviembre\/","url":"http:\/\/vincentians.com\/es\/tal-dia-como-hoy-12-de-noviembre\/","name":"Tal d\u00eda como hoy: 12 de noviembre - Somos Vicencianos","isPartOf":{"@id":"http:\/\/vincentians.com\/es\/#website"},"primaryImageOfPage":{"@id":"http:\/\/vincentians.com\/es\/tal-dia-como-hoy-12-de-noviembre\/#primaryimage"},"image":{"@id":"http:\/\/vincentians.com\/es\/tal-dia-como-hoy-12-de-noviembre\/#primaryimage"},"thumbnailUrl":"https:\/\/i0.wp.com\/vincentians.com\/es\/wp-content\/uploads\/sites\/11\/2016\/07\/ephemerides-fb.jpg?fit=1200%2C630","datePublished":"2016-11-11T23:01:43+00:00","breadcrumb":{"@id":"http:\/\/vincentians.com\/es\/tal-dia-como-hoy-12-de-noviembre\/#breadcrumb"},"inLanguage":"es","potentialAction":[{"@type":"ReadAction","target":["http:\/\/vincentians.com\/es\/tal-dia-como-hoy-12-de-noviembre\/"]}]},{"@type":"ImageObject","inLanguage":"es","@id":"http:\/\/vincentians.com\/es\/tal-dia-como-hoy-12-de-noviembre\/#primaryimage","url":"https:\/\/i0.wp.com\/vincentians.com\/es\/wp-content\/uploads\/sites\/11\/2016\/07\/ephemerides-fb.jpg?fit=1200%2C630","contentUrl":"https:\/\/i0.wp.com\/vincentians.com\/es\/wp-content\/uploads\/sites\/11\/2016\/07\/ephemerides-fb.jpg?fit=1200%2C630","width":1200,"height":630},{"@type":"BreadcrumbList","@id":"http:\/\/vincentians.com\/es\/tal-dia-como-hoy-12-de-noviembre\/#breadcrumb","itemListElement":[{"@type":"ListItem","position":1,"name":"Portada","item":"http:\/\/vincentians.com\/es\/"},{"@type":"ListItem","position":2,"name":"Tal d\u00eda como hoy: 12 de noviembre"}]},{"@type":"WebSite","@id":"http:\/\/vincentians.com\/es\/#website","url":"http:\/\/vincentians.com\/es\/","name":"Somos Vicencianos","description":"Know more to serve more","publisher":{"@id":"http:\/\/vincentians.com\/es\/#organization"},"potentialAction":[{"@type":"SearchAction","target":{"@type":"EntryPoint","urlTemplate":"http:\/\/vincentians.com\/es\/?s={search_term_string}"},"query-input":{"@type":"PropertyValueSpecification","valueRequired":true,"valueName":"search_term_string"}}],"inLanguage":"es"},{"@type":"Organization","@id":"http:\/\/vincentians.com\/es\/#organization","name":"The Vincentian Network","url":"http:\/\/vincentians.com\/es\/","logo":{"@type":"ImageObject","inLanguage":"es","@id":"http:\/\/vincentians.com\/es\/#\/schema\/logo\/image\/","url":"https:\/\/i1.wp.com\/vincentians.com\/es\/wp-content\/uploads\/sites\/11\/2016\/06\/Vincentian-Network-logo-big.png?fit=778%2C778","contentUrl":"https:\/\/i1.wp.com\/vincentians.com\/es\/wp-content\/uploads\/sites\/11\/2016\/06\/Vincentian-Network-logo-big.png?fit=778%2C778","width":778,"height":778,"caption":"The Vincentian Network"},"image":{"@id":"http:\/\/vincentians.com\/es\/#\/schema\/logo\/image\/"},"sameAs":["https:\/\/www.facebook.com\/WeAreVincentians\/","https:\/\/x.com\/WeVincentians"]},{"@type":"Person","@id":"http:\/\/vincentians.com\/es\/#\/schema\/person\/9623ef4d9aa3b2dfb8c061f1499288f2","name":"Francisco Javier Fern\u00e1ndez Chento","image":{"@type":"ImageObject","inLanguage":"es","@id":"http:\/\/vincentians.com\/es\/#\/schema\/person\/image\/","url":"https:\/\/secure.gravatar.com\/avatar\/497d5cde87b4c3d097d0315953521681ba2cd523ee66e5077c3711f7021e65de?s=96&d=mm&r=g","contentUrl":"https:\/\/secure.gravatar.com\/avatar\/497d5cde87b4c3d097d0315953521681ba2cd523ee66e5077c3711f7021e65de?s=96&d=mm&r=g","caption":"Francisco Javier Fern\u00e1ndez Chento"},"description":"Director General y cofundador de La Red de Formaci\u00f3n Vicenciana. Javier es laico vicenciano, afiliado a la Congregaci\u00f3n de la Misi\u00f3n y miembro del Equipo de Misiones Populares de la provincia can\u00f3nica de Zaragoza (Espa\u00f1a) de la Congregaci\u00f3n de la Misi\u00f3n. Graduado en la Universidad Oberta de Catalunya con cuatro grados (Asistente de direcci\u00f3n, Gesti\u00f3n Administrativa, Recursos Humanos y Contabilidad Avanzada). Bil\u00edng\u00fce Espa\u00f1ol\/Ingl\u00e9s. gestiona y mantiene varias p\u00e1ginas web cristianas y vicencianas, incluida including La Red de Formaci\u00f3n Vicenciana, de la que es cofundador. Actualmente es responsable del \u00e1rea de Espa\u00f1ol de .famvin, la Red de Noticias de la Familia Vicenciana. Tambi\u00e9n es m\u00fasico cat\u00f3lico y ha editado varios discos. Es Director General y cofundador de Trovador, una reconocida compa\u00f1\u00eda discogr\u00e1fica critiana de Espa\u00f1a. Trabaja en las Tecnolog\u00edas de la Informaci\u00f3n, ofreciendo servicios de alojamiento, dise\u00f1o y mantenimiento Web, as\u00ed como asesoramiento, formaci\u00f3n y soluciones inform\u00e1ticas, gesti\u00f3n documental y digitalizaci\u00f3n de textos, edici\u00f3n y maquetaci\u00f3n de libros, revistas, flyers, etc.","sameAs":["http:\/\/chento.org","https:\/\/www.facebook.com\/JavierChento","https:\/\/x.com\/https:\/\/twitter.com\/javierchento"],"url":"http:\/\/vincentians.com\/es\/author\/chento\/"}]}},"jetpack_publicize_connections":[],"jetpack_featured_media_url":"https:\/\/i0.wp.com\/vincentians.com\/es\/wp-content\/uploads\/sites\/11\/2016\/07\/ephemerides-fb.jpg?fit=1200%2C630","jetpack_sharing_enabled":true,"jetpack_shortlink":"https:\/\/wp.me\/p7ETMF-5YN","jetpack-related-posts":[{"id":134896,"url":"http:\/\/vincentians.com\/es\/por-claustro-las-calles-de-la-ciudad\/","url_meta":{"origin":22989,"position":0},"title":"&#8230;Por claustro las calles de la ciudad","author":"Francisco Javier Fern\u00e1ndez Chento","date":"13\/01\/2015","format":false,"excerpt":"La parte III del Libro II del C\u00f3digo de Derecho Can\u00f3nico de 1983, que lleva el t\u00edtulo \"De los institutos de vida consagrada y de las sociedades de vida apost\u00f3lica\", contiene afirmaciones y distinciones fundamentales importantes. Vale la pena recordar algunas. Se afirma que los consejos evang\u00e9licos son un don\u2026","rel":"","context":"En \u00abHijas de la Caridad\u00bb","block_context":{"text":"Hijas de la Caridad","link":"http:\/\/vincentians.com\/es\/category\/la-familia-vicenciana\/ramas\/hijas-de-la-caridad\/"},"img":{"alt_text":"hijas_caridad","src":"https:\/\/i0.wp.com\/vicencianos.org\/wp-content\/2015\/01\/hijas_caridad-300x225.jpg?resize=350%2C200","width":350,"height":200},"classes":[]},{"id":134948,"url":"http:\/\/vincentians.com\/es\/los-votos-no-religiosos-y-el-habito-como-las-campesinas\/","url_meta":{"origin":22989,"position":1},"title":"Los votos \u00abno religiosos\u00bb y el h\u00e1bito \u00abcomo las campesinas\u00bb","author":"Francisco Javier Fern\u00e1ndez Chento","date":"12\/01\/2015","format":false,"excerpt":"Al tratar del car\u00e1cter secular de las Hijas de la Caridad (c. III), he afirmado que los Fundadores, en orden a salvaguardar la identidad, evitaron cuidadosamente cuanto era propio de la vida religiosa: votos, h\u00e1bito, terminolog\u00eda, usos, como rejas en el locutorio, cambio del nombre del bautismo, etc. \u00bfC\u00f3mo, entonces,\u2026","rel":"","context":"En \u00abHijas de la Caridad\u00bb","block_context":{"text":"Hijas de la Caridad","link":"http:\/\/vincentians.com\/es\/category\/la-familia-vicenciana\/ramas\/hijas-de-la-caridad\/"},"img":{"alt_text":"guardame","src":"https:\/\/i0.wp.com\/vicencianos.org\/wp-content\/2015\/01\/guardame-300x246.jpg?resize=350%2C200","width":350,"height":200},"classes":[]},{"id":125836,"url":"http:\/\/vincentians.com\/es\/san-vicente-de-paul-siervo-de-los-pobres-07\/","url_meta":{"origin":22989,"position":2},"title":"San Vicente de Pa\u00fal, siervo de los pobres (07)","author":"Francisco Javier Fern\u00e1ndez Chento","date":"02\/12\/2013","format":false,"excerpt":"VII. Las Hijas de la Caridad (1633) Siervas de las siervas de los pobres Si a Vicente le daba pena la enfermedad de Luisa, Luisa no ten\u00eda menores motivos para temer por la salud de Vicente, que precisamente por entonces \u2014en 1631\u2014sufri\u00f3 un ataque m\u00e1s fuerte de aquel mal a\u2026","rel":"","context":"En \u00abVicente de Pa\u00fal\u00bb","block_context":{"text":"Vicente de Pa\u00fal","link":"http:\/\/vincentians.com\/es\/category\/la-familia-vicenciana\/fundadores\/vicente-de-paul\/"},"img":{"alt_text":"","src":"","width":0,"height":0},"classes":[]},{"id":119636,"url":"http:\/\/vincentians.com\/es\/identidad-de-la-compania-de-las-hijas-de-la-caridad\/","url_meta":{"origin":22989,"position":3},"title":"Identidad de la Compa\u00f1\u00eda de las Hijas de la Caridad","author":"Francisco Javier Fern\u00e1ndez Chento","date":"29\/11\/2022","format":false,"excerpt":"Introducci\u00f3n San Vicente estaba convencido de que, con la fundaci\u00f3n de la Compa\u00f1\u00eda de las Hijas de la Caridad, Dios hab\u00eda suscitado algo nuevo en la Iglesia. Y esa novedad no estaba s\u00f3lo en el fin de la Compa\u00f1\u00eda (servir a Cristo en los pobres); ni tampoco en el estilo\u2026","rel":"","context":"En \u00abHijas de la Caridad\u00bb","block_context":{"text":"Hijas de la Caridad","link":"http:\/\/vincentians.com\/es\/category\/la-familia-vicenciana\/ramas\/hijas-de-la-caridad\/"},"img":{"alt_text":"","src":"https:\/\/i0.wp.com\/vincentians.com\/es\/wp-content\/uploads\/sites\/11\/2013\/04\/Hijas-de-la-Caridad.jpg?fit=400%2C300&resize=350%2C200","width":350,"height":200},"classes":[]},{"id":387241,"url":"http:\/\/vincentians.com\/es\/originalidad-de-las-hijas-de-la-caridad-2\/","url_meta":{"origin":22989,"position":4},"title":"Originalidad de las Hijas de la Caridad","author":"Mitxel Olabu\u00e9naga","date":"29\/03\/2016","format":false,"excerpt":"Las religiosas Cuando convocaron a aquellas j\u00f3venes en casa de la se\u00f1orita Le Gras, ni Vicente ni la misma se\u00f1orita vieron claro c\u00f3mo podr\u00edan reunir a un grupo de mujeres en vida com\u00fan sin que se las tomara por religiosas y se les impusiera la clausura. Y con clausura, adi\u00f3s\u2026","rel":"","context":"En \u00abHistoria de las Hijas de la Caridad\u00bb","block_context":{"text":"Historia de las Hijas de la Caridad","link":"http:\/\/vincentians.com\/es\/category\/historia-de-la-familia-vicenciana\/historia-de-las-hijas-de-la-caridad\/"},"img":{"alt_text":"LOGO HHC","src":"https:\/\/i0.wp.com\/vicencianos.org\/wp-content\/uploads\/2016\/03\/LOGO-HHC.gif?resize=350%2C200","width":350,"height":200},"classes":[]},{"id":125959,"url":"http:\/\/vincentians.com\/es\/originalidad-de-las-hijas-de-la-caridad\/","url_meta":{"origin":22989,"position":5},"title":"Originalidad de las Hijas de la Caridad","author":"Francisco Javier Fern\u00e1ndez Chento","date":"10\/12\/2013","format":false,"excerpt":"Las religiosas Cuando convocaron a aquellas j\u00f3venes en casa de la se\u00f1orita Le Gras, ni Vicente ni la misma se\u00f1orita vieron claro c\u00f3mo podr\u00edan reunir a un grupo de mujeres en vida com\u00fan sin que se las tomara por religiosas y se les impusiera la clausura. Y con clausura, adi\u00f3s\u2026","rel":"","context":"En \u00abLuisa de Marillac\u00bb","block_context":{"text":"Luisa de Marillac","link":"http:\/\/vincentians.com\/es\/category\/la-familia-vicenciana\/fundadores\/luisa-de-marillac\/"},"img":{"alt_text":"Santa Luisa de Marillac","src":"https:\/\/i0.wp.com\/vicencianos.org\/wp-content\/2013\/09\/santaluisa3.jpg?resize=350%2C200","width":350,"height":200},"classes":[]}],"_links":{"self":[{"href":"http:\/\/vincentians.com\/es\/wp-json\/wp\/v2\/posts\/22989","targetHints":{"allow":["GET"]}}],"collection":[{"href":"http:\/\/vincentians.com\/es\/wp-json\/wp\/v2\/posts"}],"about":[{"href":"http:\/\/vincentians.com\/es\/wp-json\/wp\/v2\/types\/post"}],"author":[{"embeddable":true,"href":"http:\/\/vincentians.com\/es\/wp-json\/wp\/v2\/users\/4"}],"replies":[{"embeddable":true,"href":"http:\/\/vincentians.com\/es\/wp-json\/wp\/v2\/comments?post=22989"}],"version-history":[{"count":0,"href":"http:\/\/vincentians.com\/es\/wp-json\/wp\/v2\/posts\/22989\/revisions"}],"wp:featuredmedia":[{"embeddable":true,"href":"http:\/\/vincentians.com\/es\/wp-json\/wp\/v2\/media\/149897"}],"wp:attachment":[{"href":"http:\/\/vincentians.com\/es\/wp-json\/wp\/v2\/media?parent=22989"}],"wp:term":[{"taxonomy":"category","embeddable":true,"href":"http:\/\/vincentians.com\/es\/wp-json\/wp\/v2\/categories?post=22989"},{"taxonomy":"post_tag","embeddable":true,"href":"http:\/\/vincentians.com\/es\/wp-json\/wp\/v2\/tags?post=22989"}],"curies":[{"name":"wp","href":"https:\/\/api.w.org\/{rel}","templated":true}]}}