{"id":2292,"date":"2012-11-23T18:00:44","date_gmt":"2012-11-23T17:00:44","guid":{"rendered":"http:\/\/somos.vicencianos.org\/comentarios\/2012\/11\/08\/32o-domingo-de-tiempo-ordinario-reflexion-de-antonio-elduayen-c-m-2\/"},"modified":"2016-07-24T10:28:16","modified_gmt":"2016-07-24T08:28:16","slug":"jesucristo-rey-del-universo-reflexion-de-antonio-elduayen-c-m","status":"publish","type":"post","link":"http:\/\/vincentians.com\/es\/jesucristo-rey-del-universo-reflexion-de-antonio-elduayen-c-m\/","title":{"rendered":"Jesucristo, Rey del Universo (reflexi\u00f3n de Antonio Elduayen, C.M.)"},"content":{"rendered":"<p><img data-recalc-dims=\"1\" loading=\"lazy\" decoding=\"async\" class=\"alignright size-full wp-image-74\" title=\"antonio_elduayen\" src=\"https:\/\/i0.wp.com\/vicencianos.org\/comentarios\/files\/2010\/12\/antonio_elduayen.jpg?resize=204%2C225\" alt=\"\" width=\"204\" height=\"225\" \/>Queridos amigos<\/p>\n<p>Demos hurras, palmas y felicitaciones a Cristo Rey en su Fiesta, que hoy celebramos. Se lo merece por la clase de Rey que fue y es y por la clase de Reino y de Reinado que llev\u00f3 a cabo. La ant\u00edtesis, en todo, de lo que pas\u00f3 y pasa en el mundo. Y un ejemplo maravilloso para quienes rigen los destinos de los hombres. El se sab\u00eda Rey -por derecho, conquista y descendencia dav\u00eddica- y as\u00ed lo dijo (Jn 18,37) y as\u00ed fue escrito en el INRI de la cruz pese a todo y a todos (Jn 19, 19-22). Le cost\u00f3 la vida ir a contracorriente y hacer entender que un rey y a\u00fan m\u00e1s el Rey esperado y ungido (el Mes\u00edas), ha venido a este mundo a servir y no a ser servido, y que tiene que ser humilde, afable y amigo de los pobres. \u00bfAprenderemos alguna vez esta lecci\u00f3n?<\/p>\n<p>De un rey tan humano (Hijo del Hombre, ser humano, se llamaba \u00c9l), \u00bfqu\u00e9 clase de reino y de reinado pod\u00eda esperarse? La iglesia es quien mejor lo ha entendido y descrito: un reino de la verdad y la vida, de la santidad y la gracia, de la justicia, el amor y la paz. M\u00e1s no se puede decir en tan poco. Pero s\u00ed completar con lo que dice en otro Prefacio de la Misa: un pueblo nuevo, cuyo estado es la libertad y cuya ley es el precepto del amor<\/p>\n<p>Lo grande y maravilloso para nosotros es que, desde el bautismo, somos reyes con el Rey y reyes en su Reino, no s\u00f3lo servidores y ciudadanos. Y tenemos una misi\u00f3n concreta y envidiable: la de hacerle reinar en este mundo instaurando en Cristo todas las cosas (leyes, estructuras, trabajos, hombres y mujeres, gozos y esperanzas\u2026), para que \u00c9l reine efectivamente en todo. El Reino de Dios ya es, pero todav\u00eda no. Por eso pedimos que venga a nosotros Su Reino y trabajamos por hacer realidad aqu\u00ed abajo lo que all\u00ed ya es: comuni\u00f3n en el amor, paz y libertad, dicha y gloria para siempre. La tarea es de todos, pero especialmente de los laicos a quienes corresponde vivir, trabajar y santificarse en el mundo.<\/p>\n<p>En relaci\u00f3n con todo esto, la Fiesta de Cristo Rey est\u00e1 puesta intencionalmente entre un a\u00f1o que termina y otro que comienza. Para que, como Se\u00f1or Soberano, purifique y valide el a\u00f1o 2012, y bendiga y haga fructificar el 2013, A\u00f1o de la Fe, dando al hombre una nueva oportunidad de rehacerse y de trabajar por el Reino de Dios. Cristo Rey se presenta as\u00ed como el Se\u00f1or del Tiempo, el Alfa y la Omega. Todo viene de \u00c9l y va a \u00c9l, que no est\u00e1 solo: le acompa\u00f1a su querida madre Mar\u00eda, a quien Jes\u00fas coron\u00f3 como Reina y Se\u00f1ora del Universo. Es lo que celebramos en nuestra parroquia, que en su fiesta aniversario, festeja a Cristo Rey y a Mar\u00eda Reina, bajo su advocaci\u00f3n de Ntra. Sra. de la Medalla Milagrosa.<\/p>\n<p>Para terminar, resumamos recordando que desde el bautismo somos reyes con el Rey y que servir es reinar.<\/p>\n","protected":false},"excerpt":{"rendered":"<p>Queridos amigos Demos hurras, palmas y felicitaciones a Cristo Rey en su Fiesta, que hoy celebramos. Se lo merece por la clase de Rey que fue y es y por la clase de Reino y &#8230; <a href=\"http:\/\/vincentians.com\/es\/jesucristo-rey-del-universo-reflexion-de-antonio-elduayen-c-m\/\" class=\"more-link\">Read More<\/a><\/p>\n","protected":false},"author":4,"featured_media":388408,"comment_status":"open","ping_status":"open","sticky":false,"template":"","format":"standard","meta":{"jetpack_post_was_ever_published":false,"_jetpack_newsletter_access":"","_jetpack_dont_email_post_to_subs":false,"_jetpack_newsletter_tier_id":0,"_jetpack_memberships_contains_paywalled_content":false,"_jetpack_memberships_contains_paid_content":false,"footnotes":"","jetpack_publicize_message":"","jetpack_publicize_feature_enabled":true,"jetpack_social_post_already_shared":true,"jetpack_social_options":{"image_generator_settings":{"template":"highway","default_image_id":0,"font":"","enabled":false},"version":2}},"categories":[93],"tags":[],"class_list":["post-2292","post","type-post","status-publish","format-standard","has-post-thumbnail","hentry","category-homilias-y-reflexiones-ano-b"],"yoast_head":"<!-- This site is optimized with the Yoast SEO plugin v26.3 - https:\/\/yoast.com\/wordpress\/plugins\/seo\/ -->\n<title>Jesucristo, Rey del Universo (reflexi\u00f3n de Antonio Elduayen, C.M.) - Somos Vicencianos<\/title>\n<meta name=\"robots\" content=\"index, follow, max-snippet:-1, max-image-preview:large, max-video-preview:-1\" \/>\n<link rel=\"canonical\" href=\"http:\/\/vincentians.com\/es\/jesucristo-rey-del-universo-reflexion-de-antonio-elduayen-c-m\/\" \/>\n<meta property=\"og:locale\" content=\"es_ES\" \/>\n<meta property=\"og:type\" content=\"article\" \/>\n<meta property=\"og:title\" content=\"Jesucristo, Rey del Universo (reflexi\u00f3n de Antonio Elduayen, C.M.) - Somos Vicencianos\" \/>\n<meta property=\"og:description\" content=\"Queridos amigos Demos hurras, palmas y felicitaciones a Cristo Rey en su Fiesta, que hoy celebramos. Se lo merece por la clase de Rey que fue y es y por la clase de Reino y ... Read More\" \/>\n<meta property=\"og:url\" content=\"http:\/\/vincentians.com\/es\/jesucristo-rey-del-universo-reflexion-de-antonio-elduayen-c-m\/\" \/>\n<meta property=\"og:site_name\" content=\"Somos Vicencianos\" \/>\n<meta property=\"article:publisher\" content=\"https:\/\/www.facebook.com\/WeAreVincentians\/\" \/>\n<meta property=\"article:author\" content=\"https:\/\/www.facebook.com\/JavierChento\" \/>\n<meta property=\"article:published_time\" content=\"2012-11-23T17:00:44+00:00\" \/>\n<meta property=\"article:modified_time\" content=\"2016-07-24T08:28:16+00:00\" \/>\n<meta property=\"og:image\" content=\"https:\/\/i0.wp.com\/vincentians.com\/es\/wp-content\/uploads\/sites\/11\/2016\/07\/reflexiones-palabra-de-dios.jpg?fit=1200%2C630\" \/>\n\t<meta property=\"og:image:width\" content=\"1200\" \/>\n\t<meta property=\"og:image:height\" content=\"630\" \/>\n\t<meta property=\"og:image:type\" content=\"image\/jpeg\" \/>\n<meta name=\"author\" content=\"Francisco Javier Fern\u00e1ndez Chento\" \/>\n<meta name=\"twitter:card\" content=\"summary_large_image\" \/>\n<meta name=\"twitter:creator\" content=\"@https:\/\/twitter.com\/javierchento\" \/>\n<meta name=\"twitter:site\" content=\"@WeVincentians\" \/>\n<meta name=\"twitter:label1\" content=\"Escrito por\" \/>\n\t<meta name=\"twitter:data1\" content=\"Francisco Javier Fern\u00e1ndez Chento\" \/>\n\t<meta name=\"twitter:label2\" content=\"Tiempo de lectura\" \/>\n\t<meta name=\"twitter:data2\" content=\"3 minutos\" \/>\n<script type=\"application\/ld+json\" class=\"yoast-schema-graph\">{\"@context\":\"https:\/\/schema.org\",\"@graph\":[{\"@type\":\"Article\",\"@id\":\"http:\/\/vincentians.com\/es\/jesucristo-rey-del-universo-reflexion-de-antonio-elduayen-c-m\/#article\",\"isPartOf\":{\"@id\":\"http:\/\/vincentians.com\/es\/jesucristo-rey-del-universo-reflexion-de-antonio-elduayen-c-m\/\"},\"author\":{\"name\":\"Francisco Javier Fern\u00e1ndez Chento\",\"@id\":\"https:\/\/vincentians.com\/es\/#\/schema\/person\/9623ef4d9aa3b2dfb8c061f1499288f2\"},\"headline\":\"Jesucristo, Rey del Universo (reflexi\u00f3n de Antonio Elduayen, C.M.)\",\"datePublished\":\"2012-11-23T17:00:44+00:00\",\"dateModified\":\"2016-07-24T08:28:16+00:00\",\"mainEntityOfPage\":{\"@id\":\"http:\/\/vincentians.com\/es\/jesucristo-rey-del-universo-reflexion-de-antonio-elduayen-c-m\/\"},\"wordCount\":551,\"commentCount\":0,\"publisher\":{\"@id\":\"https:\/\/vincentians.com\/es\/#organization\"},\"image\":{\"@id\":\"http:\/\/vincentians.com\/es\/jesucristo-rey-del-universo-reflexion-de-antonio-elduayen-c-m\/#primaryimage\"},\"thumbnailUrl\":\"https:\/\/i0.wp.com\/vincentians.com\/es\/wp-content\/uploads\/sites\/11\/2016\/07\/reflexiones-palabra-de-dios.jpg?fit=1200%2C630\",\"articleSection\":[\"Homil\u00edas y reflexiones, A\u00f1o B\"],\"inLanguage\":\"es\",\"potentialAction\":[{\"@type\":\"CommentAction\",\"name\":\"Comment\",\"target\":[\"http:\/\/vincentians.com\/es\/jesucristo-rey-del-universo-reflexion-de-antonio-elduayen-c-m\/#respond\"]}]},{\"@type\":\"WebPage\",\"@id\":\"http:\/\/vincentians.com\/es\/jesucristo-rey-del-universo-reflexion-de-antonio-elduayen-c-m\/\",\"url\":\"http:\/\/vincentians.com\/es\/jesucristo-rey-del-universo-reflexion-de-antonio-elduayen-c-m\/\",\"name\":\"Jesucristo, Rey del Universo (reflexi\u00f3n de Antonio Elduayen, C.M.) - Somos Vicencianos\",\"isPartOf\":{\"@id\":\"https:\/\/vincentians.com\/es\/#website\"},\"primaryImageOfPage\":{\"@id\":\"http:\/\/vincentians.com\/es\/jesucristo-rey-del-universo-reflexion-de-antonio-elduayen-c-m\/#primaryimage\"},\"image\":{\"@id\":\"http:\/\/vincentians.com\/es\/jesucristo-rey-del-universo-reflexion-de-antonio-elduayen-c-m\/#primaryimage\"},\"thumbnailUrl\":\"https:\/\/i0.wp.com\/vincentians.com\/es\/wp-content\/uploads\/sites\/11\/2016\/07\/reflexiones-palabra-de-dios.jpg?fit=1200%2C630\",\"datePublished\":\"2012-11-23T17:00:44+00:00\",\"dateModified\":\"2016-07-24T08:28:16+00:00\",\"breadcrumb\":{\"@id\":\"http:\/\/vincentians.com\/es\/jesucristo-rey-del-universo-reflexion-de-antonio-elduayen-c-m\/#breadcrumb\"},\"inLanguage\":\"es\",\"potentialAction\":[{\"@type\":\"ReadAction\",\"target\":[\"http:\/\/vincentians.com\/es\/jesucristo-rey-del-universo-reflexion-de-antonio-elduayen-c-m\/\"]}]},{\"@type\":\"ImageObject\",\"inLanguage\":\"es\",\"@id\":\"http:\/\/vincentians.com\/es\/jesucristo-rey-del-universo-reflexion-de-antonio-elduayen-c-m\/#primaryimage\",\"url\":\"https:\/\/i0.wp.com\/vincentians.com\/es\/wp-content\/uploads\/sites\/11\/2016\/07\/reflexiones-palabra-de-dios.jpg?fit=1200%2C630\",\"contentUrl\":\"https:\/\/i0.wp.com\/vincentians.com\/es\/wp-content\/uploads\/sites\/11\/2016\/07\/reflexiones-palabra-de-dios.jpg?fit=1200%2C630\",\"width\":1200,\"height\":630},{\"@type\":\"BreadcrumbList\",\"@id\":\"http:\/\/vincentians.com\/es\/jesucristo-rey-del-universo-reflexion-de-antonio-elduayen-c-m\/#breadcrumb\",\"itemListElement\":[{\"@type\":\"ListItem\",\"position\":1,\"name\":\"Portada\",\"item\":\"https:\/\/vincentians.com\/es\/\"},{\"@type\":\"ListItem\",\"position\":2,\"name\":\"Jesucristo, Rey del Universo (reflexi\u00f3n de Antonio Elduayen, C.M.)\"}]},{\"@type\":\"WebSite\",\"@id\":\"https:\/\/vincentians.com\/es\/#website\",\"url\":\"https:\/\/vincentians.com\/es\/\",\"name\":\"Somos Vicencianos\",\"description\":\"Know more to serve more\",\"publisher\":{\"@id\":\"https:\/\/vincentians.com\/es\/#organization\"},\"potentialAction\":[{\"@type\":\"SearchAction\",\"target\":{\"@type\":\"EntryPoint\",\"urlTemplate\":\"https:\/\/vincentians.com\/es\/?s={search_term_string}\"},\"query-input\":{\"@type\":\"PropertyValueSpecification\",\"valueRequired\":true,\"valueName\":\"search_term_string\"}}],\"inLanguage\":\"es\"},{\"@type\":\"Organization\",\"@id\":\"https:\/\/vincentians.com\/es\/#organization\",\"name\":\"The Vincentian Network\",\"url\":\"https:\/\/vincentians.com\/es\/\",\"logo\":{\"@type\":\"ImageObject\",\"inLanguage\":\"es\",\"@id\":\"https:\/\/vincentians.com\/es\/#\/schema\/logo\/image\/\",\"url\":\"https:\/\/i1.wp.com\/vincentians.com\/es\/wp-content\/uploads\/sites\/11\/2016\/06\/Vincentian-Network-logo-big.png?fit=778%2C778\",\"contentUrl\":\"https:\/\/i1.wp.com\/vincentians.com\/es\/wp-content\/uploads\/sites\/11\/2016\/06\/Vincentian-Network-logo-big.png?fit=778%2C778\",\"width\":778,\"height\":778,\"caption\":\"The Vincentian Network\"},\"image\":{\"@id\":\"https:\/\/vincentians.com\/es\/#\/schema\/logo\/image\/\"},\"sameAs\":[\"https:\/\/www.facebook.com\/WeAreVincentians\/\",\"https:\/\/x.com\/WeVincentians\"]},{\"@type\":\"Person\",\"@id\":\"https:\/\/vincentians.com\/es\/#\/schema\/person\/9623ef4d9aa3b2dfb8c061f1499288f2\",\"name\":\"Francisco Javier Fern\u00e1ndez Chento\",\"image\":{\"@type\":\"ImageObject\",\"inLanguage\":\"es\",\"@id\":\"https:\/\/vincentians.com\/es\/#\/schema\/person\/image\/\",\"url\":\"https:\/\/secure.gravatar.com\/avatar\/497d5cde87b4c3d097d0315953521681ba2cd523ee66e5077c3711f7021e65de?s=96&d=mm&r=g\",\"contentUrl\":\"https:\/\/secure.gravatar.com\/avatar\/497d5cde87b4c3d097d0315953521681ba2cd523ee66e5077c3711f7021e65de?s=96&d=mm&r=g\",\"caption\":\"Francisco Javier Fern\u00e1ndez Chento\"},\"description\":\"Director General y cofundador de La Red de Formaci\u00f3n Vicenciana. Javier es laico vicenciano, afiliado a la Congregaci\u00f3n de la Misi\u00f3n y miembro del Equipo de Misiones Populares de la provincia can\u00f3nica de Zaragoza (Espa\u00f1a) de la Congregaci\u00f3n de la Misi\u00f3n. Graduado en la Universidad Oberta de Catalunya con cuatro grados (Asistente de direcci\u00f3n, Gesti\u00f3n Administrativa, Recursos Humanos y Contabilidad Avanzada). Bil\u00edng\u00fce Espa\u00f1ol\/Ingl\u00e9s. gestiona y mantiene varias p\u00e1ginas web cristianas y vicencianas, incluida including La Red de Formaci\u00f3n Vicenciana, de la que es cofundador. Actualmente es responsable del \u00e1rea de Espa\u00f1ol de .famvin, la Red de Noticias de la Familia Vicenciana. Tambi\u00e9n es m\u00fasico cat\u00f3lico y ha editado varios discos. Es Director General y cofundador de Trovador, una reconocida compa\u00f1\u00eda discogr\u00e1fica critiana de Espa\u00f1a. Trabaja en las Tecnolog\u00edas de la Informaci\u00f3n, ofreciendo servicios de alojamiento, dise\u00f1o y mantenimiento Web, as\u00ed como asesoramiento, formaci\u00f3n y soluciones inform\u00e1ticas, gesti\u00f3n documental y digitalizaci\u00f3n de textos, edici\u00f3n y maquetaci\u00f3n de libros, revistas, flyers, etc.\",\"sameAs\":[\"http:\/\/chento.org\",\"https:\/\/www.facebook.com\/JavierChento\",\"https:\/\/x.com\/https:\/\/twitter.com\/javierchento\"],\"url\":\"http:\/\/vincentians.com\/es\/author\/chento\/\"}]}<\/script>\n<!-- \/ Yoast SEO plugin. -->","yoast_head_json":{"title":"Jesucristo, Rey del Universo (reflexi\u00f3n de Antonio Elduayen, C.M.) - Somos Vicencianos","robots":{"index":"index","follow":"follow","max-snippet":"max-snippet:-1","max-image-preview":"max-image-preview:large","max-video-preview":"max-video-preview:-1"},"canonical":"http:\/\/vincentians.com\/es\/jesucristo-rey-del-universo-reflexion-de-antonio-elduayen-c-m\/","og_locale":"es_ES","og_type":"article","og_title":"Jesucristo, Rey del Universo (reflexi\u00f3n de Antonio Elduayen, C.M.) - Somos Vicencianos","og_description":"Queridos amigos Demos hurras, palmas y felicitaciones a Cristo Rey en su Fiesta, que hoy celebramos. Se lo merece por la clase de Rey que fue y es y por la clase de Reino y ... Read More","og_url":"http:\/\/vincentians.com\/es\/jesucristo-rey-del-universo-reflexion-de-antonio-elduayen-c-m\/","og_site_name":"Somos Vicencianos","article_publisher":"https:\/\/www.facebook.com\/WeAreVincentians\/","article_author":"https:\/\/www.facebook.com\/JavierChento","article_published_time":"2012-11-23T17:00:44+00:00","article_modified_time":"2016-07-24T08:28:16+00:00","og_image":[{"width":1200,"height":630,"url":"https:\/\/i0.wp.com\/vincentians.com\/es\/wp-content\/uploads\/sites\/11\/2016\/07\/reflexiones-palabra-de-dios.jpg?fit=1200%2C630","type":"image\/jpeg"}],"author":"Francisco Javier Fern\u00e1ndez Chento","twitter_card":"summary_large_image","twitter_creator":"@https:\/\/twitter.com\/javierchento","twitter_site":"@WeVincentians","twitter_misc":{"Escrito por":"Francisco Javier Fern\u00e1ndez Chento","Tiempo de lectura":"3 minutos"},"schema":{"@context":"https:\/\/schema.org","@graph":[{"@type":"Article","@id":"http:\/\/vincentians.com\/es\/jesucristo-rey-del-universo-reflexion-de-antonio-elduayen-c-m\/#article","isPartOf":{"@id":"http:\/\/vincentians.com\/es\/jesucristo-rey-del-universo-reflexion-de-antonio-elduayen-c-m\/"},"author":{"name":"Francisco Javier Fern\u00e1ndez Chento","@id":"https:\/\/vincentians.com\/es\/#\/schema\/person\/9623ef4d9aa3b2dfb8c061f1499288f2"},"headline":"Jesucristo, Rey del Universo (reflexi\u00f3n de Antonio Elduayen, C.M.)","datePublished":"2012-11-23T17:00:44+00:00","dateModified":"2016-07-24T08:28:16+00:00","mainEntityOfPage":{"@id":"http:\/\/vincentians.com\/es\/jesucristo-rey-del-universo-reflexion-de-antonio-elduayen-c-m\/"},"wordCount":551,"commentCount":0,"publisher":{"@id":"https:\/\/vincentians.com\/es\/#organization"},"image":{"@id":"http:\/\/vincentians.com\/es\/jesucristo-rey-del-universo-reflexion-de-antonio-elduayen-c-m\/#primaryimage"},"thumbnailUrl":"https:\/\/i0.wp.com\/vincentians.com\/es\/wp-content\/uploads\/sites\/11\/2016\/07\/reflexiones-palabra-de-dios.jpg?fit=1200%2C630","articleSection":["Homil\u00edas y reflexiones, A\u00f1o B"],"inLanguage":"es","potentialAction":[{"@type":"CommentAction","name":"Comment","target":["http:\/\/vincentians.com\/es\/jesucristo-rey-del-universo-reflexion-de-antonio-elduayen-c-m\/#respond"]}]},{"@type":"WebPage","@id":"http:\/\/vincentians.com\/es\/jesucristo-rey-del-universo-reflexion-de-antonio-elduayen-c-m\/","url":"http:\/\/vincentians.com\/es\/jesucristo-rey-del-universo-reflexion-de-antonio-elduayen-c-m\/","name":"Jesucristo, Rey del Universo (reflexi\u00f3n de Antonio Elduayen, C.M.) - Somos Vicencianos","isPartOf":{"@id":"https:\/\/vincentians.com\/es\/#website"},"primaryImageOfPage":{"@id":"http:\/\/vincentians.com\/es\/jesucristo-rey-del-universo-reflexion-de-antonio-elduayen-c-m\/#primaryimage"},"image":{"@id":"http:\/\/vincentians.com\/es\/jesucristo-rey-del-universo-reflexion-de-antonio-elduayen-c-m\/#primaryimage"},"thumbnailUrl":"https:\/\/i0.wp.com\/vincentians.com\/es\/wp-content\/uploads\/sites\/11\/2016\/07\/reflexiones-palabra-de-dios.jpg?fit=1200%2C630","datePublished":"2012-11-23T17:00:44+00:00","dateModified":"2016-07-24T08:28:16+00:00","breadcrumb":{"@id":"http:\/\/vincentians.com\/es\/jesucristo-rey-del-universo-reflexion-de-antonio-elduayen-c-m\/#breadcrumb"},"inLanguage":"es","potentialAction":[{"@type":"ReadAction","target":["http:\/\/vincentians.com\/es\/jesucristo-rey-del-universo-reflexion-de-antonio-elduayen-c-m\/"]}]},{"@type":"ImageObject","inLanguage":"es","@id":"http:\/\/vincentians.com\/es\/jesucristo-rey-del-universo-reflexion-de-antonio-elduayen-c-m\/#primaryimage","url":"https:\/\/i0.wp.com\/vincentians.com\/es\/wp-content\/uploads\/sites\/11\/2016\/07\/reflexiones-palabra-de-dios.jpg?fit=1200%2C630","contentUrl":"https:\/\/i0.wp.com\/vincentians.com\/es\/wp-content\/uploads\/sites\/11\/2016\/07\/reflexiones-palabra-de-dios.jpg?fit=1200%2C630","width":1200,"height":630},{"@type":"BreadcrumbList","@id":"http:\/\/vincentians.com\/es\/jesucristo-rey-del-universo-reflexion-de-antonio-elduayen-c-m\/#breadcrumb","itemListElement":[{"@type":"ListItem","position":1,"name":"Portada","item":"https:\/\/vincentians.com\/es\/"},{"@type":"ListItem","position":2,"name":"Jesucristo, Rey del Universo (reflexi\u00f3n de Antonio Elduayen, C.M.)"}]},{"@type":"WebSite","@id":"https:\/\/vincentians.com\/es\/#website","url":"https:\/\/vincentians.com\/es\/","name":"Somos Vicencianos","description":"Know more to serve more","publisher":{"@id":"https:\/\/vincentians.com\/es\/#organization"},"potentialAction":[{"@type":"SearchAction","target":{"@type":"EntryPoint","urlTemplate":"https:\/\/vincentians.com\/es\/?s={search_term_string}"},"query-input":{"@type":"PropertyValueSpecification","valueRequired":true,"valueName":"search_term_string"}}],"inLanguage":"es"},{"@type":"Organization","@id":"https:\/\/vincentians.com\/es\/#organization","name":"The Vincentian Network","url":"https:\/\/vincentians.com\/es\/","logo":{"@type":"ImageObject","inLanguage":"es","@id":"https:\/\/vincentians.com\/es\/#\/schema\/logo\/image\/","url":"https:\/\/i1.wp.com\/vincentians.com\/es\/wp-content\/uploads\/sites\/11\/2016\/06\/Vincentian-Network-logo-big.png?fit=778%2C778","contentUrl":"https:\/\/i1.wp.com\/vincentians.com\/es\/wp-content\/uploads\/sites\/11\/2016\/06\/Vincentian-Network-logo-big.png?fit=778%2C778","width":778,"height":778,"caption":"The Vincentian Network"},"image":{"@id":"https:\/\/vincentians.com\/es\/#\/schema\/logo\/image\/"},"sameAs":["https:\/\/www.facebook.com\/WeAreVincentians\/","https:\/\/x.com\/WeVincentians"]},{"@type":"Person","@id":"https:\/\/vincentians.com\/es\/#\/schema\/person\/9623ef4d9aa3b2dfb8c061f1499288f2","name":"Francisco Javier Fern\u00e1ndez Chento","image":{"@type":"ImageObject","inLanguage":"es","@id":"https:\/\/vincentians.com\/es\/#\/schema\/person\/image\/","url":"https:\/\/secure.gravatar.com\/avatar\/497d5cde87b4c3d097d0315953521681ba2cd523ee66e5077c3711f7021e65de?s=96&d=mm&r=g","contentUrl":"https:\/\/secure.gravatar.com\/avatar\/497d5cde87b4c3d097d0315953521681ba2cd523ee66e5077c3711f7021e65de?s=96&d=mm&r=g","caption":"Francisco Javier Fern\u00e1ndez Chento"},"description":"Director General y cofundador de La Red de Formaci\u00f3n Vicenciana. Javier es laico vicenciano, afiliado a la Congregaci\u00f3n de la Misi\u00f3n y miembro del Equipo de Misiones Populares de la provincia can\u00f3nica de Zaragoza (Espa\u00f1a) de la Congregaci\u00f3n de la Misi\u00f3n. Graduado en la Universidad Oberta de Catalunya con cuatro grados (Asistente de direcci\u00f3n, Gesti\u00f3n Administrativa, Recursos Humanos y Contabilidad Avanzada). Bil\u00edng\u00fce Espa\u00f1ol\/Ingl\u00e9s. gestiona y mantiene varias p\u00e1ginas web cristianas y vicencianas, incluida including La Red de Formaci\u00f3n Vicenciana, de la que es cofundador. Actualmente es responsable del \u00e1rea de Espa\u00f1ol de .famvin, la Red de Noticias de la Familia Vicenciana. Tambi\u00e9n es m\u00fasico cat\u00f3lico y ha editado varios discos. Es Director General y cofundador de Trovador, una reconocida compa\u00f1\u00eda discogr\u00e1fica critiana de Espa\u00f1a. Trabaja en las Tecnolog\u00edas de la Informaci\u00f3n, ofreciendo servicios de alojamiento, dise\u00f1o y mantenimiento Web, as\u00ed como asesoramiento, formaci\u00f3n y soluciones inform\u00e1ticas, gesti\u00f3n documental y digitalizaci\u00f3n de textos, edici\u00f3n y maquetaci\u00f3n de libros, revistas, flyers, etc.","sameAs":["http:\/\/chento.org","https:\/\/www.facebook.com\/JavierChento","https:\/\/x.com\/https:\/\/twitter.com\/javierchento"],"url":"http:\/\/vincentians.com\/es\/author\/chento\/"}]}},"jetpack_publicize_connections":[],"jetpack_featured_media_url":"https:\/\/i0.wp.com\/vincentians.com\/es\/wp-content\/uploads\/sites\/11\/2016\/07\/reflexiones-palabra-de-dios.jpg?fit=1200%2C630","jetpack_sharing_enabled":true,"jetpack_shortlink":"https:\/\/wp.me\/p7ETMF-AY","jetpack-related-posts":[{"id":142617,"url":"http:\/\/vincentians.com\/es\/domingo-de-ramos-reflexion-de-javier-balda-c-m\/","url_meta":{"origin":2292,"position":0},"title":"Domingo de Ramos (reflexi\u00f3n de Javier Balda, C.M.)","author":"Francisco Javier Fern\u00e1ndez Chento","date":"29\/03\/2015","format":false,"excerpt":"Hoy palmas, ma\u00f1ana espinas. Hoy hosannas y v\u00edtores, ma\u00f1ana condenas y gritos de crucifixi\u00f3n. Hoy camino de rosas y alfombras, ma\u00f1ana de piedras y lodo. Hoy camino de vida triunfal, ma\u00f1ana de muerte ignominiosa. Hoy el h\u00e9roe, el Mes\u00edas, el Hijo de David, ma\u00f1ana el villano, el impostor, el blasfemo.\u2026","rel":"","context":"En \u00abHomil\u00edas y reflexiones, A\u00f1o B\u00bb","block_context":{"text":"Homil\u00edas y reflexiones, A\u00f1o B","link":"http:\/\/vincentians.com\/es\/category\/homilias-y-reflexiones-a-la-palabra-de-dios\/homilias-y-reflexiones-ano-b\/"},"img":{"alt_text":"","src":"https:\/\/i0.wp.com\/vincentians.com\/es\/wp-content\/uploads\/sites\/11\/2016\/07\/reflexiones-palabra-de-dios.jpg?fit=1200%2C630&resize=350%2C200","width":350,"height":200,"srcset":"https:\/\/i0.wp.com\/vincentians.com\/es\/wp-content\/uploads\/sites\/11\/2016\/07\/reflexiones-palabra-de-dios.jpg?fit=1200%2C630&resize=350%2C200 1x, https:\/\/i0.wp.com\/vincentians.com\/es\/wp-content\/uploads\/sites\/11\/2016\/07\/reflexiones-palabra-de-dios.jpg?fit=1200%2C630&resize=525%2C300 1.5x, https:\/\/i0.wp.com\/vincentians.com\/es\/wp-content\/uploads\/sites\/11\/2016\/07\/reflexiones-palabra-de-dios.jpg?fit=1200%2C630&resize=700%2C400 2x, https:\/\/i0.wp.com\/vincentians.com\/es\/wp-content\/uploads\/sites\/11\/2016\/07\/reflexiones-palabra-de-dios.jpg?fit=1200%2C630&resize=1050%2C600 3x"},"classes":[]},{"id":2289,"url":"http:\/\/vincentians.com\/es\/jesucristo-rey-del-universo-reflexion-de-jose-cervantes-gabarron\/","url_meta":{"origin":2292,"position":1},"title":"Jesucristo, Rey del Universo (reflexi\u00f3n de Jos\u00e9 Cervantes Gabarr\u00f3n)","author":"Francisco Javier Fern\u00e1ndez Chento","date":"23\/11\/2012","format":false,"excerpt":"El Reino de la Verdad Jos\u00e9 Cervantes Gabarr\u00f3n, sacerdote misionero y profesor de Sagrada Escritura.Concluimos hoy el ciclo anual de la liturgia con la solemnidad de Cristo Rey, una fiesta instituida en 1925 y colocada, tras el Concilio, en este domingo. Del Reino de Dios, en el cual Jes\u00fas es\u2026","rel":"","context":"En \u00abHomil\u00edas y reflexiones, A\u00f1o B\u00bb","block_context":{"text":"Homil\u00edas y reflexiones, A\u00f1o B","link":"http:\/\/vincentians.com\/es\/category\/homilias-y-reflexiones-a-la-palabra-de-dios\/homilias-y-reflexiones-ano-b\/"},"img":{"alt_text":"","src":"https:\/\/i0.wp.com\/vincentians.com\/es\/wp-content\/uploads\/sites\/11\/2016\/07\/reflexiones-palabra-de-dios.jpg?fit=1200%2C630&resize=350%2C200","width":350,"height":200,"srcset":"https:\/\/i0.wp.com\/vincentians.com\/es\/wp-content\/uploads\/sites\/11\/2016\/07\/reflexiones-palabra-de-dios.jpg?fit=1200%2C630&resize=350%2C200 1x, https:\/\/i0.wp.com\/vincentians.com\/es\/wp-content\/uploads\/sites\/11\/2016\/07\/reflexiones-palabra-de-dios.jpg?fit=1200%2C630&resize=525%2C300 1.5x, https:\/\/i0.wp.com\/vincentians.com\/es\/wp-content\/uploads\/sites\/11\/2016\/07\/reflexiones-palabra-de-dios.jpg?fit=1200%2C630&resize=700%2C400 2x, https:\/\/i0.wp.com\/vincentians.com\/es\/wp-content\/uploads\/sites\/11\/2016\/07\/reflexiones-palabra-de-dios.jpg?fit=1200%2C630&resize=1050%2C600 3x"},"classes":[]},{"id":2278,"url":"http:\/\/vincentians.com\/es\/lectio-divina-para-jesucristo-rey-del-universo-preparada-por-el-p-chuno-c-m\/","url_meta":{"origin":2292,"position":2},"title":"Lectio Divina para Jesucristo, Rey del Universo (preparada por Chuno Ch\u00e1vez Alva, C.M.)","author":"Francisco Javier Fern\u00e1ndez Chento","date":"19\/11\/2012","format":false,"excerpt":"LA PALABRA HOY: Daniel 7,13-14; Salmo 92,1-2.5; Apocalipsis 1,5-8; Juan 18,33-37 Ambientaci\u00f3n: Crucifijo, colocarlo de pie, rodeado de flores blancas y cirios encendidos, que expresen la realeza de Cristo. Cantos sugeridos: Tu Reino es vida; T\u00fa reinar\u00e1s. Ambientaci\u00f3n En esta fiesta de Cristo Rey, recordamos que una Iglesia fiel a\u2026","rel":"","context":"En \u00abHomil\u00edas y reflexiones, A\u00f1o B\u00bb","block_context":{"text":"Homil\u00edas y reflexiones, A\u00f1o B","link":"http:\/\/vincentians.com\/es\/category\/homilias-y-reflexiones-a-la-palabra-de-dios\/homilias-y-reflexiones-ano-b\/"},"img":{"alt_text":"","src":"https:\/\/i0.wp.com\/vincentians.com\/es\/wp-content\/uploads\/sites\/11\/2016\/07\/reflexiones-palabra-de-dios.jpg?fit=1200%2C630&resize=350%2C200","width":350,"height":200,"srcset":"https:\/\/i0.wp.com\/vincentians.com\/es\/wp-content\/uploads\/sites\/11\/2016\/07\/reflexiones-palabra-de-dios.jpg?fit=1200%2C630&resize=350%2C200 1x, https:\/\/i0.wp.com\/vincentians.com\/es\/wp-content\/uploads\/sites\/11\/2016\/07\/reflexiones-palabra-de-dios.jpg?fit=1200%2C630&resize=525%2C300 1.5x, https:\/\/i0.wp.com\/vincentians.com\/es\/wp-content\/uploads\/sites\/11\/2016\/07\/reflexiones-palabra-de-dios.jpg?fit=1200%2C630&resize=700%2C400 2x, https:\/\/i0.wp.com\/vincentians.com\/es\/wp-content\/uploads\/sites\/11\/2016\/07\/reflexiones-palabra-de-dios.jpg?fit=1200%2C630&resize=1050%2C600 3x"},"classes":[]},{"id":134801,"url":"http:\/\/vincentians.com\/es\/epifania-del-senor-reflexion-de-antonio-elduayen-c-m-4\/","url_meta":{"origin":2292,"position":3},"title":"Epifan\u00eda del Se\u00f1or (reflexi\u00f3n de Antonio Elduayen, C.M.)","author":"Francisco Javier Fern\u00e1ndez Chento","date":"02\/01\/2015","format":false,"excerpt":"Queridos amigos y amigas, Hoy los Reyes Magos han llegado a la cuna del Ni\u00f1o Dios y le est\u00e1n adorando y ofreci\u00e9ndole regalos de oro, incienso y mirra. Ciertamente el relato que en exclusiva nos trae Mateo (2, 1-12), contiene otras muchas cosas, pero la adoraci\u00f3n de los Reyes es\u2026","rel":"","context":"En \u00abHomil\u00edas y reflexiones, A\u00f1o B\u00bb","block_context":{"text":"Homil\u00edas y reflexiones, A\u00f1o B","link":"http:\/\/vincentians.com\/es\/category\/homilias-y-reflexiones-a-la-palabra-de-dios\/homilias-y-reflexiones-ano-b\/"},"img":{"alt_text":"","src":"https:\/\/i0.wp.com\/vincentians.com\/es\/wp-content\/uploads\/sites\/11\/2016\/07\/reflexiones-palabra-de-dios.jpg?fit=1200%2C630&resize=350%2C200","width":350,"height":200,"srcset":"https:\/\/i0.wp.com\/vincentians.com\/es\/wp-content\/uploads\/sites\/11\/2016\/07\/reflexiones-palabra-de-dios.jpg?fit=1200%2C630&resize=350%2C200 1x, https:\/\/i0.wp.com\/vincentians.com\/es\/wp-content\/uploads\/sites\/11\/2016\/07\/reflexiones-palabra-de-dios.jpg?fit=1200%2C630&resize=525%2C300 1.5x, https:\/\/i0.wp.com\/vincentians.com\/es\/wp-content\/uploads\/sites\/11\/2016\/07\/reflexiones-palabra-de-dios.jpg?fit=1200%2C630&resize=700%2C400 2x, https:\/\/i0.wp.com\/vincentians.com\/es\/wp-content\/uploads\/sites\/11\/2016\/07\/reflexiones-palabra-de-dios.jpg?fit=1200%2C630&resize=1050%2C600 3x"},"classes":[]},{"id":386809,"url":"http:\/\/vincentians.com\/es\/epifania-del-senor-reflexion-de-la-s-s-v-p-en-estados-unidos\/","url_meta":{"origin":2292,"position":4},"title":"Epifan\u00eda del Se\u00f1or (reflexi\u00f3n de la S.S.V.P. en Estados Unidos)","author":"Francisco Javier Fern\u00e1ndez Chento","date":"03\/01\/2016","format":false,"excerpt":"Evangelio: (San Mateo 2:1-12) Jes\u00fas hab\u00eda nacido en Bel\u00e9n de Jud\u00e1 durante el reinado de Herodes. Unos Magos que ven\u00edan de Oriente llegaron a Jerusal\u00e9n preguntando: \u201c\u00bfD\u00f3nde est\u00e1 el rey de los jud\u00edos reci\u00e9n nacido? Porque hemos visto su estrella en el Oriente y venimos a adorarlo.\u201d Herodes y toda\u2026","rel":"","context":"En \u00abHomil\u00edas y reflexiones, A\u00f1o C\u00bb","block_context":{"text":"Homil\u00edas y reflexiones, A\u00f1o C","link":"http:\/\/vincentians.com\/es\/category\/homilias-y-reflexiones-a-la-palabra-de-dios\/homilias-y-reflexiones-ano-c\/"},"img":{"alt_text":"","src":"https:\/\/i0.wp.com\/vincentians.com\/es\/wp-content\/uploads\/sites\/11\/2016\/07\/reflexiones-palabra-de-dios.jpg?fit=1200%2C630&resize=350%2C200","width":350,"height":200,"srcset":"https:\/\/i0.wp.com\/vincentians.com\/es\/wp-content\/uploads\/sites\/11\/2016\/07\/reflexiones-palabra-de-dios.jpg?fit=1200%2C630&resize=350%2C200 1x, https:\/\/i0.wp.com\/vincentians.com\/es\/wp-content\/uploads\/sites\/11\/2016\/07\/reflexiones-palabra-de-dios.jpg?fit=1200%2C630&resize=525%2C300 1.5x, https:\/\/i0.wp.com\/vincentians.com\/es\/wp-content\/uploads\/sites\/11\/2016\/07\/reflexiones-palabra-de-dios.jpg?fit=1200%2C630&resize=700%2C400 2x, https:\/\/i0.wp.com\/vincentians.com\/es\/wp-content\/uploads\/sites\/11\/2016\/07\/reflexiones-palabra-de-dios.jpg?fit=1200%2C630&resize=1050%2C600 3x"},"classes":[]},{"id":2267,"url":"http:\/\/vincentians.com\/es\/jesucristo-rey-del-universo-reflexion-de-jose-roman-flecha\/","url_meta":{"origin":2292,"position":5},"title":"Jesucristo, Rey del Universo (reflexi\u00f3n de Jos\u00e9 Rom\u00e1n Flecha)","author":"Francisco Javier Fern\u00e1ndez Chento","date":"19\/11\/2012","format":false,"excerpt":"SU REINO NO TENDR\u00c1 FIN Solemnidad de Jesucristo, Rey del universo. B 25 de noviembre de 2012. \u00a0Tambi\u00e9n en esta fiesta de Jesucristo, Rey del Universo, la primera lectura de la misa est\u00e1 tomada del libro de Daniel. El profeta ve como un hijo de hombre que recibe de Dios\u2026","rel":"","context":"En \u00abHomil\u00edas y reflexiones, A\u00f1o B\u00bb","block_context":{"text":"Homil\u00edas y reflexiones, A\u00f1o B","link":"http:\/\/vincentians.com\/es\/category\/homilias-y-reflexiones-a-la-palabra-de-dios\/homilias-y-reflexiones-ano-b\/"},"img":{"alt_text":"","src":"https:\/\/i0.wp.com\/vincentians.com\/es\/wp-content\/uploads\/sites\/11\/2016\/07\/reflexiones-palabra-de-dios.jpg?fit=1200%2C630&resize=350%2C200","width":350,"height":200,"srcset":"https:\/\/i0.wp.com\/vincentians.com\/es\/wp-content\/uploads\/sites\/11\/2016\/07\/reflexiones-palabra-de-dios.jpg?fit=1200%2C630&resize=350%2C200 1x, https:\/\/i0.wp.com\/vincentians.com\/es\/wp-content\/uploads\/sites\/11\/2016\/07\/reflexiones-palabra-de-dios.jpg?fit=1200%2C630&resize=525%2C300 1.5x, https:\/\/i0.wp.com\/vincentians.com\/es\/wp-content\/uploads\/sites\/11\/2016\/07\/reflexiones-palabra-de-dios.jpg?fit=1200%2C630&resize=700%2C400 2x, https:\/\/i0.wp.com\/vincentians.com\/es\/wp-content\/uploads\/sites\/11\/2016\/07\/reflexiones-palabra-de-dios.jpg?fit=1200%2C630&resize=1050%2C600 3x"},"classes":[]}],"_links":{"self":[{"href":"http:\/\/vincentians.com\/es\/wp-json\/wp\/v2\/posts\/2292","targetHints":{"allow":["GET"]}}],"collection":[{"href":"http:\/\/vincentians.com\/es\/wp-json\/wp\/v2\/posts"}],"about":[{"href":"http:\/\/vincentians.com\/es\/wp-json\/wp\/v2\/types\/post"}],"author":[{"embeddable":true,"href":"http:\/\/vincentians.com\/es\/wp-json\/wp\/v2\/users\/4"}],"replies":[{"embeddable":true,"href":"http:\/\/vincentians.com\/es\/wp-json\/wp\/v2\/comments?post=2292"}],"version-history":[{"count":0,"href":"http:\/\/vincentians.com\/es\/wp-json\/wp\/v2\/posts\/2292\/revisions"}],"wp:featuredmedia":[{"embeddable":true,"href":"http:\/\/vincentians.com\/es\/wp-json\/wp\/v2\/media\/388408"}],"wp:attachment":[{"href":"http:\/\/vincentians.com\/es\/wp-json\/wp\/v2\/media?parent=2292"}],"wp:term":[{"taxonomy":"category","embeddable":true,"href":"http:\/\/vincentians.com\/es\/wp-json\/wp\/v2\/categories?post=2292"},{"taxonomy":"post_tag","embeddable":true,"href":"http:\/\/vincentians.com\/es\/wp-json\/wp\/v2\/tags?post=2292"}],"curies":[{"name":"wp","href":"https:\/\/api.w.org\/{rel}","templated":true}]}}