{"id":228596,"date":"2015-08-06T10:00:32","date_gmt":"2015-08-06T08:00:32","guid":{"rendered":"http:\/\/somos.vicencianos.org\/?p=228596"},"modified":"2016-07-24T10:27:55","modified_gmt":"2016-07-24T08:27:55","slug":"lectio-para-19o-domingo-de-t-o-preparada-por-chuno-chavez-alva-c-m","status":"publish","type":"post","link":"http:\/\/vincentians.com\/es\/lectio-para-19o-domingo-de-t-o-preparada-por-chuno-chavez-alva-c-m\/","title":{"rendered":"Lectio para 19\u00ba Domingo de T.O. (preparada por Chuno Ch\u00e1vez Alva, C.M.)"},"content":{"rendered":"<h2 style=\"text-align: center\"><b>Yo soy el pan de la vida<\/b><\/h2>\n<p><strong>LA PALABRA HOY: <\/strong>1 Reyes 19,4-8; Salmo 32; Efesios 4,30-5,2; Juan 6,41-52<\/p>\n<p><strong>Ambientaci\u00f3n: <\/strong>Al centro: un pan grande, un cirio y la frase: <em>Yo soy el Pan de la Vida<\/em><\/p>\n<p><strong>Cantos sugeridos: <\/strong>Yo soy el pan de vida; No podemos caminar<\/p>\n<h2>Ambientaci\u00f3n<\/h2>\n<p><em>Jes\u00fas se presenta a s\u00ed mismo como el pan vivo bajado del cielo, cuya fuerza de vida es capaz de dar vida eterna a quien lo acoge con fe y lo reconoce como enviado e Hijo de Dios.<\/em><\/p>\n<p><em>En el desierto de nuestra vida, el Se\u00f1or nos sigue dando el alimento que es su propio Hijo, el Pan bajado del cielo. En \u00e9l encontramos la fuerza que necesitamos para vivir en el amor como Cristo y para llegar a nuestra meta sin desfallecer.<\/em><\/p>\n<h2>Oraci\u00f3n inicial<\/h2>\n<p>Se\u00f1or Jes\u00fas, T\u00fa que te has dado a conocer<br \/>\ncomo el pan bajado del cielo,<br \/>\ncomo el pan vivo, como el pan de vida,<br \/>\ncomo Aquel que nos da vida eterna,<br \/>\nporque te das a ti mismo,<br \/>\nd\u00e1ndonos tu propia carne,<br \/>\nte pedimos que nos ayudes a comprender<br \/>\nla dimensi\u00f3n de tu entrega,<br \/>\ny del don que nos das en ti mismo,<br \/>\nal darnos la Eucarist\u00eda,<br \/>\npara que creamos incondicionalmente en ti,<br \/>\ny nunca murmuremos ni desconfiemos<br \/>\nde ti, ni de tus ense\u00f1anzas,<br \/>\nni de tu manera de actuar<br \/>\nsabiendo que creer en ti,<br \/>\nes don y es gracia de tu Padre.<br \/>\nReg\u00e1lanos un coraz\u00f3n d\u00f3cil a tus ense\u00f1anzas<br \/>\ny sensibilidad a tu presencia en la Eucarist\u00eda,<br \/>\npara tener en ti y de ti, la vida y la gracia<br \/>\nque T\u00fa nos das en tu Cuerpo y en tu Sangre. AM\u00c9N.<\/p>\n<h2>I. Lectio: \u00bfQu\u00e9 dice el texto? \u2013 <strong>Juan 6, 41-52<\/strong><\/h2>\n<p><strong>Motivaci\u00f3n: <\/strong><em>Con el signo de la multiplicaci\u00f3n, Jes\u00fas ha revelado las entra\u00f1as de su ser y de su misi\u00f3n, pero muchos no han entendido su significado. San Juan desarrolla el tema del pan que da la vida y con el que Jes\u00fas se identifica. El pasaje que hoy leeremos profundiza en las relaciones del Hijo con el Padre y la necesidad de creer en \u00c9l. Escuchemos. <\/em><\/p>\n<p><strong>Forma de leerlo:<\/strong><\/p>\n<ol>\n<li>Proclamar el texto en voz alta (todos de pie).<\/li>\n<li>Cada uno puede leer en voz alta el vers\u00edculo que m\u00e1s le llam\u00f3 la atenci\u00f3n (sentados).<\/li>\n<\/ol>\n<p><strong>Preguntas para la lectura:<\/strong><\/p>\n<ul>\n<li>\u00bfPor qu\u00e9 murmuraban los jud\u00edos contra Jes\u00fas? \u00bfQu\u00e9 dec\u00edan de \u00c9l?<\/li>\n<li>\u00bfQui\u00e9nes van a Jes\u00fas?<\/li>\n<li>\u00bfQu\u00e9 dice Jes\u00fas sobre \u00c9l mismo? \u00bfQu\u00e9 afirma sobre su relaci\u00f3n con el Padre?<\/li>\n<li>\u00bfQui\u00e9nes tendr\u00e1n vida eterna? \u00bfQui\u00e9n es el \u00fanico que puede dar vida eterna?<\/li>\n<\/ul>\n<p><strong>Otros textos b\u00edblicos para confrontar: <\/strong><strong>Otros textos b\u00edblicos para confrontar: Mt 13,54-57; Mc 6,1-6; Mt 16,17; Is 54,13.<\/strong><\/p>\n<h2>II. Meditatio: \u00bfQu\u00e9 me dice? \u00bfQu\u00e9 nos dice el Texto?<\/h2>\n<p><strong><em>Motivaci\u00f3n: <\/em><\/strong><em>La fe, que es un don de Dios, es necesaria para poder aceptar que la salvaci\u00f3n nos ha llegado con Jes\u00fas. Como dice el evangelio, hay que dejarse instruir por Dios. Por ello, adem\u00e1s de la fe, que es don, es preciso nuestro esfuerzo y tarea de la meditaci\u00f3n asidua y profunda de la Palabra. Ahora lo hacemos nosotros:<\/em><\/p>\n<ul>\n<li><em>La gente \u201cmurmuraban\u201d, desconfiaban de Jes\u00fas<\/em>, \u00bfcu\u00e1les son las cosas que me hacen tambalear, eso que debilita mi fe, eso que me aparta del Se\u00f1or o me hace desconfiar y dudar de \u00c9l?<\/li>\n<li><em>\u201c\u2026yo soy el pan vivo bajado del cielo, el que coma de este pan, vivir\u00e1 para siempre\u2026\u201d <\/em>\u00bfSiento y vivo la Eucarist\u00eda como el momento m\u00e1s alto, el central, el fundamental y existencial de mi fe?, \u00bfde qu\u00e9 manera?<\/li>\n<li>\u00bfLe doy espacio al Se\u00f1or para que su presencia en m\u00ed, me transforme y me vivifique?<\/li>\n<li>\u00bfQu\u00e9 realidades de nuestro mundo est\u00e1n necesitando es \u201cvida\u201d que Jes\u00fas le ofrece?<\/li>\n<\/ul>\n<p><em>Luego de un tiempo de meditaci\u00f3n personal, compartimos con sencillez nuestra reflexi\u00f3n, lo que el texto ME dice a mi propia realidad y situaci\u00f3n personal.<\/em><\/p>\n<h2>III. Oratio: \u00bfQu\u00e9 le digo al Se\u00f1or motivado por su Palabra?<\/h2>\n<p><strong><em>Motivaci\u00f3n: <\/em><\/strong><em>El Evangelio nos ha asegurado que \u201ctodos ser\u00e1n instruidos por Dios\u201d. Y nosotros, en ambiente de oraci\u00f3n, nos dejamos ense\u00f1ar por \u00e9l y nos ponemos a la escucha de su Palabra porque queremos aceptar con fe lo que es y lo que significa la persona de Jes\u00fas.<\/em><\/p>\n<ul>\n<li>Luego de un tiempo de oraci\u00f3n personal, podemos compartir en voz alta nuestra oraci\u00f3n, siempre dirigi\u00e9ndonos a Dios mediante la alabanza, la acci\u00f3n de gracias o la s\u00faplica confiada.<\/li>\n<li>Se puede, tambi\u00e9n, recitar el salmo responsorial que corresponde a este domingo (Salmo 32)<em>.<\/em><\/li>\n<\/ul>\n<h2>IV. Contemplatio: \u00bfQu\u00e9 me lleva a hacer este texto?<\/h2>\n<p><strong><em>Motivaci\u00f3n:<\/em><\/strong><em> Es ahora Santa Luisa de Marillac, la que nos habla de la grandeza de la Eucarist\u00eda:<\/em><\/p>\n<p>\u201cPero la inmensidad de su amor hacia nosotros no se content\u00f3 con esto, sino que queriendo unir inseparablemente la naturaleza divina con la naturaleza humana, la llev\u00f3 a cabo despu\u00e9s de la Encarnaci\u00f3n en la admirable invenci\u00f3n del Sant\u00edsimo Sacramento del Altar en el que habita continuamente la plenitud de la Divinidad en la segunda Persona de la Sant\u00edsima Trinidad &#8230; Tenemos motivos para creer que esa seguridad que Nuestro Se\u00f1or nos dio de que estar\u00eda siempre con nosotros era su designio de santificar a las almas por esa presencia continua aunque invisible y la aplicaci\u00f3n del m\u00e9rito de sus acciones a las de sus creaturas: ya pidiendo perd\u00f3n a su Padre para borrar nuestros cr\u00edmenes opuestos a las virtudes que El practic\u00f3, ya para hacer gratas a Dios las acciones virtuosas que por gracia suya pueden hacer los hombres uni\u00e9ndolas a sus m\u00e9ritos. Por esta v\u00eda es como me ha parecido que la humanidad santa de Nuestro Se\u00f1or est\u00e1 continuamente presente para nosotros, es decir, santificando las almas por la aplicaci\u00f3n de sus m\u00e9ritos; viene a ser como una atm\u00f3sfera sin la cual el alma no tiene vida&#8230;\u201d (E 67, p.772-773)<\/p>\n<p><strong>Compromiso: <\/strong><\/p>\n<ul>\n<li><strong>Durante la semana realizar alguna acci\u00f3n que sea fuente de vida para los dem\u00e1s.<\/strong><\/li>\n<\/ul>\n<h2>Oraci\u00f3n final<\/h2>\n<p>Se\u00f1or Jes\u00fas, T\u00fa el pan vivo bajado del cielo,<br \/>\nel que te das para darnos tu vida,<br \/>\nel que nos das vida eterna con tu vida,<br \/>\ndanos la gracia de ser sensibles<br \/>\na tu presencia viva en la Eucarist\u00eda,<br \/>\npara que descubramos que ah\u00ed est\u00e1s T\u00fa todo,<br \/>\nT\u00fa en cuerpo y alma,<br \/>\ny que recibi\u00e9ndote a ti<br \/>\ntenemos tu propia vida,<br \/>\ncon lo que T\u00fa nos vivificas y nos llenas de ti.<br \/>\nAy\u00fadanos Se\u00f1or, a verte presente<br \/>\nen la Eucarist\u00eda y as\u00ed ser<br \/>\nvivificados en ti,<br \/>\ncon tu presencia viva y transformadora.<br \/>\nQue as\u00ed sea.<\/p>\n","protected":false},"excerpt":{"rendered":"<p>Yo soy el pan de la vida LA PALABRA HOY: 1 Reyes 19,4-8; Salmo 32; Efesios 4,30-5,2; Juan 6,41-52 Ambientaci\u00f3n: Al centro: un pan grande, un cirio y la frase: Yo soy el Pan de &#8230; <a href=\"http:\/\/vincentians.com\/es\/lectio-para-19o-domingo-de-t-o-preparada-por-chuno-chavez-alva-c-m\/\" class=\"more-link\">Read More<\/a><\/p>\n","protected":false},"author":4,"featured_media":388408,"comment_status":"open","ping_status":"open","sticky":false,"template":"","format":"standard","meta":{"jetpack_post_was_ever_published":false,"_jetpack_newsletter_access":"","_jetpack_dont_email_post_to_subs":false,"_jetpack_newsletter_tier_id":0,"_jetpack_memberships_contains_paywalled_content":false,"_jetpack_memberships_contains_paid_content":false,"footnotes":"","jetpack_publicize_message":"","jetpack_publicize_feature_enabled":true,"jetpack_social_post_already_shared":true,"jetpack_social_options":{"image_generator_settings":{"template":"highway","default_image_id":0,"font":"","enabled":false},"version":2}},"categories":[93],"tags":[172],"class_list":["post-228596","post","type-post","status-publish","format-standard","has-post-thumbnail","hentry","category-homilias-y-reflexiones-ano-b","tag-pobreza"],"yoast_head":"<!-- This site is optimized with the Yoast SEO plugin v26.3 - https:\/\/yoast.com\/wordpress\/plugins\/seo\/ -->\n<title>Lectio para 19\u00ba Domingo de T.O. (preparada por Chuno Ch\u00e1vez Alva, C.M.) - Somos Vicencianos<\/title>\n<meta name=\"robots\" content=\"index, follow, max-snippet:-1, max-image-preview:large, max-video-preview:-1\" \/>\n<link rel=\"canonical\" href=\"http:\/\/vincentians.com\/es\/lectio-para-19o-domingo-de-t-o-preparada-por-chuno-chavez-alva-c-m\/\" \/>\n<meta property=\"og:locale\" content=\"es_ES\" \/>\n<meta property=\"og:type\" content=\"article\" \/>\n<meta property=\"og:title\" content=\"Lectio para 19\u00ba Domingo de T.O. (preparada por Chuno Ch\u00e1vez Alva, C.M.) - Somos Vicencianos\" \/>\n<meta property=\"og:description\" content=\"Yo soy el pan de la vida LA PALABRA HOY: 1 Reyes 19,4-8; Salmo 32; Efesios 4,30-5,2; Juan 6,41-52 Ambientaci\u00f3n: Al centro: un pan grande, un cirio y la frase: Yo soy el Pan de ... Read More\" \/>\n<meta property=\"og:url\" content=\"http:\/\/vincentians.com\/es\/lectio-para-19o-domingo-de-t-o-preparada-por-chuno-chavez-alva-c-m\/\" \/>\n<meta property=\"og:site_name\" content=\"Somos Vicencianos\" \/>\n<meta property=\"article:publisher\" content=\"https:\/\/www.facebook.com\/WeAreVincentians\/\" \/>\n<meta property=\"article:author\" content=\"https:\/\/www.facebook.com\/JavierChento\" \/>\n<meta property=\"article:published_time\" content=\"2015-08-06T08:00:32+00:00\" \/>\n<meta property=\"article:modified_time\" content=\"2016-07-24T08:27:55+00:00\" \/>\n<meta property=\"og:image\" content=\"https:\/\/i0.wp.com\/vincentians.com\/es\/wp-content\/uploads\/sites\/11\/2016\/07\/reflexiones-palabra-de-dios.jpg?fit=1200%2C630\" \/>\n\t<meta property=\"og:image:width\" content=\"1200\" \/>\n\t<meta property=\"og:image:height\" content=\"630\" \/>\n\t<meta property=\"og:image:type\" content=\"image\/jpeg\" \/>\n<meta name=\"author\" content=\"Francisco Javier Fern\u00e1ndez Chento\" \/>\n<meta name=\"twitter:card\" content=\"summary_large_image\" \/>\n<meta name=\"twitter:creator\" content=\"@https:\/\/twitter.com\/javierchento\" \/>\n<meta name=\"twitter:site\" content=\"@WeVincentians\" \/>\n<meta name=\"twitter:label1\" content=\"Escrito por\" \/>\n\t<meta name=\"twitter:data1\" content=\"Francisco Javier Fern\u00e1ndez Chento\" \/>\n\t<meta name=\"twitter:label2\" content=\"Tiempo de lectura\" \/>\n\t<meta name=\"twitter:data2\" content=\"6 minutos\" \/>\n<script type=\"application\/ld+json\" class=\"yoast-schema-graph\">{\"@context\":\"https:\/\/schema.org\",\"@graph\":[{\"@type\":\"Article\",\"@id\":\"http:\/\/vincentians.com\/es\/lectio-para-19o-domingo-de-t-o-preparada-por-chuno-chavez-alva-c-m\/#article\",\"isPartOf\":{\"@id\":\"http:\/\/vincentians.com\/es\/lectio-para-19o-domingo-de-t-o-preparada-por-chuno-chavez-alva-c-m\/\"},\"author\":{\"name\":\"Francisco Javier Fern\u00e1ndez Chento\",\"@id\":\"http:\/\/vincentians.com\/es\/#\/schema\/person\/9623ef4d9aa3b2dfb8c061f1499288f2\"},\"headline\":\"Lectio para 19\u00ba Domingo de T.O. (preparada por Chuno Ch\u00e1vez Alva, C.M.)\",\"datePublished\":\"2015-08-06T08:00:32+00:00\",\"dateModified\":\"2016-07-24T08:27:55+00:00\",\"mainEntityOfPage\":{\"@id\":\"http:\/\/vincentians.com\/es\/lectio-para-19o-domingo-de-t-o-preparada-por-chuno-chavez-alva-c-m\/\"},\"wordCount\":1174,\"commentCount\":0,\"publisher\":{\"@id\":\"http:\/\/vincentians.com\/es\/#organization\"},\"image\":{\"@id\":\"http:\/\/vincentians.com\/es\/lectio-para-19o-domingo-de-t-o-preparada-por-chuno-chavez-alva-c-m\/#primaryimage\"},\"thumbnailUrl\":\"https:\/\/i0.wp.com\/vincentians.com\/es\/wp-content\/uploads\/sites\/11\/2016\/07\/reflexiones-palabra-de-dios.jpg?fit=1200%2C630\",\"keywords\":[\"Pobreza\"],\"articleSection\":[\"Homil\u00edas y reflexiones, A\u00f1o B\"],\"inLanguage\":\"es\",\"potentialAction\":[{\"@type\":\"CommentAction\",\"name\":\"Comment\",\"target\":[\"http:\/\/vincentians.com\/es\/lectio-para-19o-domingo-de-t-o-preparada-por-chuno-chavez-alva-c-m\/#respond\"]}]},{\"@type\":\"WebPage\",\"@id\":\"http:\/\/vincentians.com\/es\/lectio-para-19o-domingo-de-t-o-preparada-por-chuno-chavez-alva-c-m\/\",\"url\":\"http:\/\/vincentians.com\/es\/lectio-para-19o-domingo-de-t-o-preparada-por-chuno-chavez-alva-c-m\/\",\"name\":\"Lectio para 19\u00ba Domingo de T.O. (preparada por Chuno Ch\u00e1vez Alva, C.M.) - Somos Vicencianos\",\"isPartOf\":{\"@id\":\"http:\/\/vincentians.com\/es\/#website\"},\"primaryImageOfPage\":{\"@id\":\"http:\/\/vincentians.com\/es\/lectio-para-19o-domingo-de-t-o-preparada-por-chuno-chavez-alva-c-m\/#primaryimage\"},\"image\":{\"@id\":\"http:\/\/vincentians.com\/es\/lectio-para-19o-domingo-de-t-o-preparada-por-chuno-chavez-alva-c-m\/#primaryimage\"},\"thumbnailUrl\":\"https:\/\/i0.wp.com\/vincentians.com\/es\/wp-content\/uploads\/sites\/11\/2016\/07\/reflexiones-palabra-de-dios.jpg?fit=1200%2C630\",\"datePublished\":\"2015-08-06T08:00:32+00:00\",\"dateModified\":\"2016-07-24T08:27:55+00:00\",\"breadcrumb\":{\"@id\":\"http:\/\/vincentians.com\/es\/lectio-para-19o-domingo-de-t-o-preparada-por-chuno-chavez-alva-c-m\/#breadcrumb\"},\"inLanguage\":\"es\",\"potentialAction\":[{\"@type\":\"ReadAction\",\"target\":[\"http:\/\/vincentians.com\/es\/lectio-para-19o-domingo-de-t-o-preparada-por-chuno-chavez-alva-c-m\/\"]}]},{\"@type\":\"ImageObject\",\"inLanguage\":\"es\",\"@id\":\"http:\/\/vincentians.com\/es\/lectio-para-19o-domingo-de-t-o-preparada-por-chuno-chavez-alva-c-m\/#primaryimage\",\"url\":\"https:\/\/i0.wp.com\/vincentians.com\/es\/wp-content\/uploads\/sites\/11\/2016\/07\/reflexiones-palabra-de-dios.jpg?fit=1200%2C630\",\"contentUrl\":\"https:\/\/i0.wp.com\/vincentians.com\/es\/wp-content\/uploads\/sites\/11\/2016\/07\/reflexiones-palabra-de-dios.jpg?fit=1200%2C630\",\"width\":1200,\"height\":630},{\"@type\":\"BreadcrumbList\",\"@id\":\"http:\/\/vincentians.com\/es\/lectio-para-19o-domingo-de-t-o-preparada-por-chuno-chavez-alva-c-m\/#breadcrumb\",\"itemListElement\":[{\"@type\":\"ListItem\",\"position\":1,\"name\":\"Portada\",\"item\":\"http:\/\/vincentians.com\/es\/\"},{\"@type\":\"ListItem\",\"position\":2,\"name\":\"Lectio para 19\u00ba Domingo de T.O. (preparada por Chuno Ch\u00e1vez Alva, C.M.)\"}]},{\"@type\":\"WebSite\",\"@id\":\"http:\/\/vincentians.com\/es\/#website\",\"url\":\"http:\/\/vincentians.com\/es\/\",\"name\":\"Somos Vicencianos\",\"description\":\"Know more to serve more\",\"publisher\":{\"@id\":\"http:\/\/vincentians.com\/es\/#organization\"},\"potentialAction\":[{\"@type\":\"SearchAction\",\"target\":{\"@type\":\"EntryPoint\",\"urlTemplate\":\"http:\/\/vincentians.com\/es\/?s={search_term_string}\"},\"query-input\":{\"@type\":\"PropertyValueSpecification\",\"valueRequired\":true,\"valueName\":\"search_term_string\"}}],\"inLanguage\":\"es\"},{\"@type\":\"Organization\",\"@id\":\"http:\/\/vincentians.com\/es\/#organization\",\"name\":\"The Vincentian Network\",\"url\":\"http:\/\/vincentians.com\/es\/\",\"logo\":{\"@type\":\"ImageObject\",\"inLanguage\":\"es\",\"@id\":\"http:\/\/vincentians.com\/es\/#\/schema\/logo\/image\/\",\"url\":\"https:\/\/i1.wp.com\/vincentians.com\/es\/wp-content\/uploads\/sites\/11\/2016\/06\/Vincentian-Network-logo-big.png?fit=778%2C778\",\"contentUrl\":\"https:\/\/i1.wp.com\/vincentians.com\/es\/wp-content\/uploads\/sites\/11\/2016\/06\/Vincentian-Network-logo-big.png?fit=778%2C778\",\"width\":778,\"height\":778,\"caption\":\"The Vincentian Network\"},\"image\":{\"@id\":\"http:\/\/vincentians.com\/es\/#\/schema\/logo\/image\/\"},\"sameAs\":[\"https:\/\/www.facebook.com\/WeAreVincentians\/\",\"https:\/\/x.com\/WeVincentians\"]},{\"@type\":\"Person\",\"@id\":\"http:\/\/vincentians.com\/es\/#\/schema\/person\/9623ef4d9aa3b2dfb8c061f1499288f2\",\"name\":\"Francisco Javier Fern\u00e1ndez Chento\",\"image\":{\"@type\":\"ImageObject\",\"inLanguage\":\"es\",\"@id\":\"http:\/\/vincentians.com\/es\/#\/schema\/person\/image\/\",\"url\":\"https:\/\/secure.gravatar.com\/avatar\/497d5cde87b4c3d097d0315953521681ba2cd523ee66e5077c3711f7021e65de?s=96&d=mm&r=g\",\"contentUrl\":\"https:\/\/secure.gravatar.com\/avatar\/497d5cde87b4c3d097d0315953521681ba2cd523ee66e5077c3711f7021e65de?s=96&d=mm&r=g\",\"caption\":\"Francisco Javier Fern\u00e1ndez Chento\"},\"description\":\"Director General y cofundador de La Red de Formaci\u00f3n Vicenciana. Javier es laico vicenciano, afiliado a la Congregaci\u00f3n de la Misi\u00f3n y miembro del Equipo de Misiones Populares de la provincia can\u00f3nica de Zaragoza (Espa\u00f1a) de la Congregaci\u00f3n de la Misi\u00f3n. Graduado en la Universidad Oberta de Catalunya con cuatro grados (Asistente de direcci\u00f3n, Gesti\u00f3n Administrativa, Recursos Humanos y Contabilidad Avanzada). Bil\u00edng\u00fce Espa\u00f1ol\/Ingl\u00e9s. gestiona y mantiene varias p\u00e1ginas web cristianas y vicencianas, incluida including La Red de Formaci\u00f3n Vicenciana, de la que es cofundador. Actualmente es responsable del \u00e1rea de Espa\u00f1ol de .famvin, la Red de Noticias de la Familia Vicenciana. Tambi\u00e9n es m\u00fasico cat\u00f3lico y ha editado varios discos. Es Director General y cofundador de Trovador, una reconocida compa\u00f1\u00eda discogr\u00e1fica critiana de Espa\u00f1a. Trabaja en las Tecnolog\u00edas de la Informaci\u00f3n, ofreciendo servicios de alojamiento, dise\u00f1o y mantenimiento Web, as\u00ed como asesoramiento, formaci\u00f3n y soluciones inform\u00e1ticas, gesti\u00f3n documental y digitalizaci\u00f3n de textos, edici\u00f3n y maquetaci\u00f3n de libros, revistas, flyers, etc.\",\"sameAs\":[\"http:\/\/chento.org\",\"https:\/\/www.facebook.com\/JavierChento\",\"https:\/\/x.com\/https:\/\/twitter.com\/javierchento\"],\"url\":\"http:\/\/vincentians.com\/es\/author\/chento\/\"}]}<\/script>\n<!-- \/ Yoast SEO plugin. -->","yoast_head_json":{"title":"Lectio para 19\u00ba Domingo de T.O. (preparada por Chuno Ch\u00e1vez Alva, C.M.) - Somos Vicencianos","robots":{"index":"index","follow":"follow","max-snippet":"max-snippet:-1","max-image-preview":"max-image-preview:large","max-video-preview":"max-video-preview:-1"},"canonical":"http:\/\/vincentians.com\/es\/lectio-para-19o-domingo-de-t-o-preparada-por-chuno-chavez-alva-c-m\/","og_locale":"es_ES","og_type":"article","og_title":"Lectio para 19\u00ba Domingo de T.O. (preparada por Chuno Ch\u00e1vez Alva, C.M.) - Somos Vicencianos","og_description":"Yo soy el pan de la vida LA PALABRA HOY: 1 Reyes 19,4-8; Salmo 32; Efesios 4,30-5,2; Juan 6,41-52 Ambientaci\u00f3n: Al centro: un pan grande, un cirio y la frase: Yo soy el Pan de ... Read More","og_url":"http:\/\/vincentians.com\/es\/lectio-para-19o-domingo-de-t-o-preparada-por-chuno-chavez-alva-c-m\/","og_site_name":"Somos Vicencianos","article_publisher":"https:\/\/www.facebook.com\/WeAreVincentians\/","article_author":"https:\/\/www.facebook.com\/JavierChento","article_published_time":"2015-08-06T08:00:32+00:00","article_modified_time":"2016-07-24T08:27:55+00:00","og_image":[{"width":1200,"height":630,"url":"https:\/\/i0.wp.com\/vincentians.com\/es\/wp-content\/uploads\/sites\/11\/2016\/07\/reflexiones-palabra-de-dios.jpg?fit=1200%2C630","type":"image\/jpeg"}],"author":"Francisco Javier Fern\u00e1ndez Chento","twitter_card":"summary_large_image","twitter_creator":"@https:\/\/twitter.com\/javierchento","twitter_site":"@WeVincentians","twitter_misc":{"Escrito por":"Francisco Javier Fern\u00e1ndez Chento","Tiempo de lectura":"6 minutos"},"schema":{"@context":"https:\/\/schema.org","@graph":[{"@type":"Article","@id":"http:\/\/vincentians.com\/es\/lectio-para-19o-domingo-de-t-o-preparada-por-chuno-chavez-alva-c-m\/#article","isPartOf":{"@id":"http:\/\/vincentians.com\/es\/lectio-para-19o-domingo-de-t-o-preparada-por-chuno-chavez-alva-c-m\/"},"author":{"name":"Francisco Javier Fern\u00e1ndez Chento","@id":"http:\/\/vincentians.com\/es\/#\/schema\/person\/9623ef4d9aa3b2dfb8c061f1499288f2"},"headline":"Lectio para 19\u00ba Domingo de T.O. (preparada por Chuno Ch\u00e1vez Alva, C.M.)","datePublished":"2015-08-06T08:00:32+00:00","dateModified":"2016-07-24T08:27:55+00:00","mainEntityOfPage":{"@id":"http:\/\/vincentians.com\/es\/lectio-para-19o-domingo-de-t-o-preparada-por-chuno-chavez-alva-c-m\/"},"wordCount":1174,"commentCount":0,"publisher":{"@id":"http:\/\/vincentians.com\/es\/#organization"},"image":{"@id":"http:\/\/vincentians.com\/es\/lectio-para-19o-domingo-de-t-o-preparada-por-chuno-chavez-alva-c-m\/#primaryimage"},"thumbnailUrl":"https:\/\/i0.wp.com\/vincentians.com\/es\/wp-content\/uploads\/sites\/11\/2016\/07\/reflexiones-palabra-de-dios.jpg?fit=1200%2C630","keywords":["Pobreza"],"articleSection":["Homil\u00edas y reflexiones, A\u00f1o B"],"inLanguage":"es","potentialAction":[{"@type":"CommentAction","name":"Comment","target":["http:\/\/vincentians.com\/es\/lectio-para-19o-domingo-de-t-o-preparada-por-chuno-chavez-alva-c-m\/#respond"]}]},{"@type":"WebPage","@id":"http:\/\/vincentians.com\/es\/lectio-para-19o-domingo-de-t-o-preparada-por-chuno-chavez-alva-c-m\/","url":"http:\/\/vincentians.com\/es\/lectio-para-19o-domingo-de-t-o-preparada-por-chuno-chavez-alva-c-m\/","name":"Lectio para 19\u00ba Domingo de T.O. (preparada por Chuno Ch\u00e1vez Alva, C.M.) - Somos Vicencianos","isPartOf":{"@id":"http:\/\/vincentians.com\/es\/#website"},"primaryImageOfPage":{"@id":"http:\/\/vincentians.com\/es\/lectio-para-19o-domingo-de-t-o-preparada-por-chuno-chavez-alva-c-m\/#primaryimage"},"image":{"@id":"http:\/\/vincentians.com\/es\/lectio-para-19o-domingo-de-t-o-preparada-por-chuno-chavez-alva-c-m\/#primaryimage"},"thumbnailUrl":"https:\/\/i0.wp.com\/vincentians.com\/es\/wp-content\/uploads\/sites\/11\/2016\/07\/reflexiones-palabra-de-dios.jpg?fit=1200%2C630","datePublished":"2015-08-06T08:00:32+00:00","dateModified":"2016-07-24T08:27:55+00:00","breadcrumb":{"@id":"http:\/\/vincentians.com\/es\/lectio-para-19o-domingo-de-t-o-preparada-por-chuno-chavez-alva-c-m\/#breadcrumb"},"inLanguage":"es","potentialAction":[{"@type":"ReadAction","target":["http:\/\/vincentians.com\/es\/lectio-para-19o-domingo-de-t-o-preparada-por-chuno-chavez-alva-c-m\/"]}]},{"@type":"ImageObject","inLanguage":"es","@id":"http:\/\/vincentians.com\/es\/lectio-para-19o-domingo-de-t-o-preparada-por-chuno-chavez-alva-c-m\/#primaryimage","url":"https:\/\/i0.wp.com\/vincentians.com\/es\/wp-content\/uploads\/sites\/11\/2016\/07\/reflexiones-palabra-de-dios.jpg?fit=1200%2C630","contentUrl":"https:\/\/i0.wp.com\/vincentians.com\/es\/wp-content\/uploads\/sites\/11\/2016\/07\/reflexiones-palabra-de-dios.jpg?fit=1200%2C630","width":1200,"height":630},{"@type":"BreadcrumbList","@id":"http:\/\/vincentians.com\/es\/lectio-para-19o-domingo-de-t-o-preparada-por-chuno-chavez-alva-c-m\/#breadcrumb","itemListElement":[{"@type":"ListItem","position":1,"name":"Portada","item":"http:\/\/vincentians.com\/es\/"},{"@type":"ListItem","position":2,"name":"Lectio para 19\u00ba Domingo de T.O. (preparada por Chuno Ch\u00e1vez Alva, C.M.)"}]},{"@type":"WebSite","@id":"http:\/\/vincentians.com\/es\/#website","url":"http:\/\/vincentians.com\/es\/","name":"Somos Vicencianos","description":"Know more to serve more","publisher":{"@id":"http:\/\/vincentians.com\/es\/#organization"},"potentialAction":[{"@type":"SearchAction","target":{"@type":"EntryPoint","urlTemplate":"http:\/\/vincentians.com\/es\/?s={search_term_string}"},"query-input":{"@type":"PropertyValueSpecification","valueRequired":true,"valueName":"search_term_string"}}],"inLanguage":"es"},{"@type":"Organization","@id":"http:\/\/vincentians.com\/es\/#organization","name":"The Vincentian Network","url":"http:\/\/vincentians.com\/es\/","logo":{"@type":"ImageObject","inLanguage":"es","@id":"http:\/\/vincentians.com\/es\/#\/schema\/logo\/image\/","url":"https:\/\/i1.wp.com\/vincentians.com\/es\/wp-content\/uploads\/sites\/11\/2016\/06\/Vincentian-Network-logo-big.png?fit=778%2C778","contentUrl":"https:\/\/i1.wp.com\/vincentians.com\/es\/wp-content\/uploads\/sites\/11\/2016\/06\/Vincentian-Network-logo-big.png?fit=778%2C778","width":778,"height":778,"caption":"The Vincentian Network"},"image":{"@id":"http:\/\/vincentians.com\/es\/#\/schema\/logo\/image\/"},"sameAs":["https:\/\/www.facebook.com\/WeAreVincentians\/","https:\/\/x.com\/WeVincentians"]},{"@type":"Person","@id":"http:\/\/vincentians.com\/es\/#\/schema\/person\/9623ef4d9aa3b2dfb8c061f1499288f2","name":"Francisco Javier Fern\u00e1ndez Chento","image":{"@type":"ImageObject","inLanguage":"es","@id":"http:\/\/vincentians.com\/es\/#\/schema\/person\/image\/","url":"https:\/\/secure.gravatar.com\/avatar\/497d5cde87b4c3d097d0315953521681ba2cd523ee66e5077c3711f7021e65de?s=96&d=mm&r=g","contentUrl":"https:\/\/secure.gravatar.com\/avatar\/497d5cde87b4c3d097d0315953521681ba2cd523ee66e5077c3711f7021e65de?s=96&d=mm&r=g","caption":"Francisco Javier Fern\u00e1ndez Chento"},"description":"Director General y cofundador de La Red de Formaci\u00f3n Vicenciana. Javier es laico vicenciano, afiliado a la Congregaci\u00f3n de la Misi\u00f3n y miembro del Equipo de Misiones Populares de la provincia can\u00f3nica de Zaragoza (Espa\u00f1a) de la Congregaci\u00f3n de la Misi\u00f3n. Graduado en la Universidad Oberta de Catalunya con cuatro grados (Asistente de direcci\u00f3n, Gesti\u00f3n Administrativa, Recursos Humanos y Contabilidad Avanzada). Bil\u00edng\u00fce Espa\u00f1ol\/Ingl\u00e9s. gestiona y mantiene varias p\u00e1ginas web cristianas y vicencianas, incluida including La Red de Formaci\u00f3n Vicenciana, de la que es cofundador. Actualmente es responsable del \u00e1rea de Espa\u00f1ol de .famvin, la Red de Noticias de la Familia Vicenciana. Tambi\u00e9n es m\u00fasico cat\u00f3lico y ha editado varios discos. Es Director General y cofundador de Trovador, una reconocida compa\u00f1\u00eda discogr\u00e1fica critiana de Espa\u00f1a. Trabaja en las Tecnolog\u00edas de la Informaci\u00f3n, ofreciendo servicios de alojamiento, dise\u00f1o y mantenimiento Web, as\u00ed como asesoramiento, formaci\u00f3n y soluciones inform\u00e1ticas, gesti\u00f3n documental y digitalizaci\u00f3n de textos, edici\u00f3n y maquetaci\u00f3n de libros, revistas, flyers, etc.","sameAs":["http:\/\/chento.org","https:\/\/www.facebook.com\/JavierChento","https:\/\/x.com\/https:\/\/twitter.com\/javierchento"],"url":"http:\/\/vincentians.com\/es\/author\/chento\/"}]}},"jetpack_publicize_connections":[],"jetpack_featured_media_url":"https:\/\/i0.wp.com\/vincentians.com\/es\/wp-content\/uploads\/sites\/11\/2016\/07\/reflexiones-palabra-de-dios.jpg?fit=1200%2C630","jetpack_sharing_enabled":true,"jetpack_shortlink":"https:\/\/wp.me\/p7ETMF-Xt2","jetpack-related-posts":[{"id":163750,"url":"http:\/\/vincentians.com\/es\/lectio-para-corpus-christi-preparada-por-chuno-chavez-alva-c-m\/","url_meta":{"origin":228596,"position":0},"title":"Lectio para Corpus Christi (preparada por Chuno Ch\u00e1vez Alva, C.M.)","author":"Francisco Javier Fern\u00e1ndez Chento","date":"03\/06\/2015","format":false,"excerpt":"Esto es mi cuerpo... \u00c9sta es mi sangre... LA PALABRA HOY: \u00c9xodo 24,3-8; Salmo 115; Hebreos 9,11-15; Marcos 14, 12-16.22-26 Ambientaci\u00f3n: Un pan grande, adornado con algunas espigas, el cual se compartir\u00e1 al final entre los participantes. Cantos sugeridos: En su mesa hay amor; Cantemos al amor de los amores\u2026","rel":"","context":"En \u00abHomil\u00edas y reflexiones, A\u00f1o B\u00bb","block_context":{"text":"Homil\u00edas y reflexiones, A\u00f1o B","link":"http:\/\/vincentians.com\/es\/category\/homilias-y-reflexiones-a-la-palabra-de-dios\/homilias-y-reflexiones-ano-b\/"},"img":{"alt_text":"","src":"https:\/\/i0.wp.com\/vincentians.com\/es\/wp-content\/uploads\/sites\/11\/2016\/07\/reflexiones-palabra-de-dios.jpg?fit=1200%2C630&resize=350%2C200","width":350,"height":200,"srcset":"https:\/\/i0.wp.com\/vincentians.com\/es\/wp-content\/uploads\/sites\/11\/2016\/07\/reflexiones-palabra-de-dios.jpg?fit=1200%2C630&resize=350%2C200 1x, https:\/\/i0.wp.com\/vincentians.com\/es\/wp-content\/uploads\/sites\/11\/2016\/07\/reflexiones-palabra-de-dios.jpg?fit=1200%2C630&resize=525%2C300 1.5x, https:\/\/i0.wp.com\/vincentians.com\/es\/wp-content\/uploads\/sites\/11\/2016\/07\/reflexiones-palabra-de-dios.jpg?fit=1200%2C630&resize=700%2C400 2x, https:\/\/i0.wp.com\/vincentians.com\/es\/wp-content\/uploads\/sites\/11\/2016\/07\/reflexiones-palabra-de-dios.jpg?fit=1200%2C630&resize=1050%2C600 3x"},"classes":[]},{"id":135792,"url":"http:\/\/vincentians.com\/es\/18o-domingo-de-tiempo-ordinario-reflexion-de-jose-antonio-pagola\/","url_meta":{"origin":228596,"position":1},"title":"18\u00ba Domingo de Tiempo Ordinario (reflexi\u00f3n de Jos\u00e9 Antonio Pagola)","author":"Francisco Javier Fern\u00e1ndez Chento","date":"31\/07\/2012","format":false,"excerpt":"Pan de vida \u00bfPor qu\u00e9 seguir interes\u00e1ndonos por Jes\u00fas despu\u00e9s de veinte siglos? \u00bfQu\u00e9 podemos esperar de \u00e9l? \u00bfQu\u00e9 nos puede aportar a los hombres y mujeres de nuestro tiempo? \u00bfNos va a resolver acaso los problemas del mundo actual? El evangelio de Juan habla un di\u00e1logo de gran inter\u00e9s,\u2026","rel":"","context":"En \u00abHomil\u00edas y reflexiones, A\u00f1o B\u00bb","block_context":{"text":"Homil\u00edas y reflexiones, A\u00f1o B","link":"http:\/\/vincentians.com\/es\/category\/homilias-y-reflexiones-a-la-palabra-de-dios\/homilias-y-reflexiones-ano-b\/"},"img":{"alt_text":"","src":"https:\/\/i0.wp.com\/vincentians.com\/es\/wp-content\/uploads\/sites\/11\/2016\/07\/reflexiones-pagola.jpg?fit=1200%2C630&resize=350%2C200","width":350,"height":200,"srcset":"https:\/\/i0.wp.com\/vincentians.com\/es\/wp-content\/uploads\/sites\/11\/2016\/07\/reflexiones-pagola.jpg?fit=1200%2C630&resize=350%2C200 1x, https:\/\/i0.wp.com\/vincentians.com\/es\/wp-content\/uploads\/sites\/11\/2016\/07\/reflexiones-pagola.jpg?fit=1200%2C630&resize=525%2C300 1.5x, https:\/\/i0.wp.com\/vincentians.com\/es\/wp-content\/uploads\/sites\/11\/2016\/07\/reflexiones-pagola.jpg?fit=1200%2C630&resize=700%2C400 2x, https:\/\/i0.wp.com\/vincentians.com\/es\/wp-content\/uploads\/sites\/11\/2016\/07\/reflexiones-pagola.jpg?fit=1200%2C630&resize=1050%2C600 3x"},"classes":[]},{"id":217156,"url":"http:\/\/vincentians.com\/es\/lectio-para-17o-domingo-de-t-o-preparada-por-chuno-chavez-alva-c-m\/","url_meta":{"origin":228596,"position":2},"title":"Lectio para 17\u00ba Domingo de T.O. (preparada por Chuno Ch\u00e1vez Alva, C.M.)","author":"Francisco Javier Fern\u00e1ndez Chento","date":"21\/07\/2015","format":false,"excerpt":"Comieron hasta quedar saciados LA PALABRA HOY: 2 Reyes 4,42-44; Salmo 144; Efesios 4,1-6; Juan 6,1-15 Ambientaci\u00f3n: Al centro: un pan grande, sobre \u00e9l se coloca un Ni\u00f1o Dios y la frase: Palabra de Vida, Pan de Vida Cantos sugeridos: Un ni\u00f1o se te acerc\u00f3; No podemos caminar Ambientaci\u00f3n El\u2026","rel":"","context":"En \u00abHomil\u00edas y reflexiones, A\u00f1o B\u00bb","block_context":{"text":"Homil\u00edas y reflexiones, A\u00f1o B","link":"http:\/\/vincentians.com\/es\/category\/homilias-y-reflexiones-a-la-palabra-de-dios\/homilias-y-reflexiones-ano-b\/"},"img":{"alt_text":"","src":"https:\/\/i0.wp.com\/vincentians.com\/es\/wp-content\/uploads\/sites\/11\/2016\/07\/reflexiones-palabra-de-dios.jpg?fit=1200%2C630&resize=350%2C200","width":350,"height":200,"srcset":"https:\/\/i0.wp.com\/vincentians.com\/es\/wp-content\/uploads\/sites\/11\/2016\/07\/reflexiones-palabra-de-dios.jpg?fit=1200%2C630&resize=350%2C200 1x, https:\/\/i0.wp.com\/vincentians.com\/es\/wp-content\/uploads\/sites\/11\/2016\/07\/reflexiones-palabra-de-dios.jpg?fit=1200%2C630&resize=525%2C300 1.5x, https:\/\/i0.wp.com\/vincentians.com\/es\/wp-content\/uploads\/sites\/11\/2016\/07\/reflexiones-palabra-de-dios.jpg?fit=1200%2C630&resize=700%2C400 2x, https:\/\/i0.wp.com\/vincentians.com\/es\/wp-content\/uploads\/sites\/11\/2016\/07\/reflexiones-palabra-de-dios.jpg?fit=1200%2C630&resize=1050%2C600 3x"},"classes":[]},{"id":1829,"url":"http:\/\/vincentians.com\/es\/19o-domingo-de-tiempo-ordinario-reflexion-de-jose-roman-flecha\/","url_meta":{"origin":228596,"position":3},"title":"19\u00ba Domingo de Tiempo Ordinario (reflexi\u00f3n de Jos\u00e9 Rom\u00e1n Flecha)","author":"Francisco Javier Fern\u00e1ndez Chento","date":"06\/08\/2012","format":false,"excerpt":"EL PAN Y LA VIDA Domingo 19 del Tiempo Ordinario. B 12 de agosto de 2012 El\u00edas fue elegido para ser el defensor del Dios \u00fanico frente a la imposici\u00f3n pol\u00edtica de los \u00eddolos extranjeros. Pero fue elegido tambi\u00e9n para ser el defensor del pobre aplastado por los poderosos. Esa\u2026","rel":"","context":"En \u00abHomil\u00edas y reflexiones, A\u00f1o B\u00bb","block_context":{"text":"Homil\u00edas y reflexiones, A\u00f1o B","link":"http:\/\/vincentians.com\/es\/category\/homilias-y-reflexiones-a-la-palabra-de-dios\/homilias-y-reflexiones-ano-b\/"},"img":{"alt_text":"","src":"","width":0,"height":0},"classes":[]},{"id":228594,"url":"http:\/\/vincentians.com\/es\/lectio-para-18o-domingo-de-t-o-preparada-por-chuno-chavez-alva-c-m\/","url_meta":{"origin":228596,"position":4},"title":"Lectio para 18\u00ba Domingo de T.O. (preparada por Chuno Ch\u00e1vez Alva, C.M.)","author":"Francisco Javier Fern\u00e1ndez Chento","date":"31\/07\/2015","format":false,"excerpt":"Pan que da la vida al mundo LA PALABRA HOY: \u00c9xodo 16,2-4.12-15; Salomo 77; Efesios 4,17.20-24; Juan 6,24-35 Ambientaci\u00f3n: Al centro: un pan grande, un cirio y la frase: Se\u00f1or, danos siempre de ese pan Cantos sugeridos: Yo soy el pan de vida; Eucarist\u00eda Ambientaci\u00f3n Las personas humanas estamos buscando,\u2026","rel":"","context":"En \u00abHomil\u00edas y reflexiones, A\u00f1o B\u00bb","block_context":{"text":"Homil\u00edas y reflexiones, A\u00f1o B","link":"http:\/\/vincentians.com\/es\/category\/homilias-y-reflexiones-a-la-palabra-de-dios\/homilias-y-reflexiones-ano-b\/"},"img":{"alt_text":"","src":"https:\/\/i0.wp.com\/vincentians.com\/es\/wp-content\/uploads\/sites\/11\/2016\/07\/reflexiones-palabra-de-dios.jpg?fit=1200%2C630&resize=350%2C200","width":350,"height":200,"srcset":"https:\/\/i0.wp.com\/vincentians.com\/es\/wp-content\/uploads\/sites\/11\/2016\/07\/reflexiones-palabra-de-dios.jpg?fit=1200%2C630&resize=350%2C200 1x, https:\/\/i0.wp.com\/vincentians.com\/es\/wp-content\/uploads\/sites\/11\/2016\/07\/reflexiones-palabra-de-dios.jpg?fit=1200%2C630&resize=525%2C300 1.5x, https:\/\/i0.wp.com\/vincentians.com\/es\/wp-content\/uploads\/sites\/11\/2016\/07\/reflexiones-palabra-de-dios.jpg?fit=1200%2C630&resize=700%2C400 2x, https:\/\/i0.wp.com\/vincentians.com\/es\/wp-content\/uploads\/sites\/11\/2016\/07\/reflexiones-palabra-de-dios.jpg?fit=1200%2C630&resize=1050%2C600 3x"},"classes":[]},{"id":135794,"url":"http:\/\/vincentians.com\/es\/18o-domingo-de-tiempo-ordinario-reflexion-de-jose-cervantes-gabarron\/","url_meta":{"origin":228596,"position":5},"title":"18\u00ba Domingo de Tiempo Ordinario (reflexi\u00f3n de Jos\u00e9 Cervantes Gabarr\u00f3n)","author":"Francisco Javier Fern\u00e1ndez Chento","date":"03\/08\/2012","format":false,"excerpt":"Jesucristo, pan de vida Jos\u00e9 Cervantes Gabarr\u00f3n, sacerdote misionero y profesor de Sagrada Escritura.El relato del reparto del pan entre la multitud seg\u00fan el cuarto evangelio (Jn 6,1-15) escuchado el pasado domingo en nuestra Iglesia es el fundamento del mensaje que se va a ir profundizando en los pr\u00f3ximos domingos.\u2026","rel":"","context":"En \u00abHomil\u00edas y reflexiones, A\u00f1o B\u00bb","block_context":{"text":"Homil\u00edas y reflexiones, A\u00f1o B","link":"http:\/\/vincentians.com\/es\/category\/homilias-y-reflexiones-a-la-palabra-de-dios\/homilias-y-reflexiones-ano-b\/"},"img":{"alt_text":"","src":"https:\/\/i0.wp.com\/vincentians.com\/es\/wp-content\/uploads\/sites\/11\/2016\/07\/reflexiones-palabra-de-dios.jpg?fit=1200%2C630&resize=350%2C200","width":350,"height":200,"srcset":"https:\/\/i0.wp.com\/vincentians.com\/es\/wp-content\/uploads\/sites\/11\/2016\/07\/reflexiones-palabra-de-dios.jpg?fit=1200%2C630&resize=350%2C200 1x, https:\/\/i0.wp.com\/vincentians.com\/es\/wp-content\/uploads\/sites\/11\/2016\/07\/reflexiones-palabra-de-dios.jpg?fit=1200%2C630&resize=525%2C300 1.5x, https:\/\/i0.wp.com\/vincentians.com\/es\/wp-content\/uploads\/sites\/11\/2016\/07\/reflexiones-palabra-de-dios.jpg?fit=1200%2C630&resize=700%2C400 2x, https:\/\/i0.wp.com\/vincentians.com\/es\/wp-content\/uploads\/sites\/11\/2016\/07\/reflexiones-palabra-de-dios.jpg?fit=1200%2C630&resize=1050%2C600 3x"},"classes":[]}],"_links":{"self":[{"href":"http:\/\/vincentians.com\/es\/wp-json\/wp\/v2\/posts\/228596","targetHints":{"allow":["GET"]}}],"collection":[{"href":"http:\/\/vincentians.com\/es\/wp-json\/wp\/v2\/posts"}],"about":[{"href":"http:\/\/vincentians.com\/es\/wp-json\/wp\/v2\/types\/post"}],"author":[{"embeddable":true,"href":"http:\/\/vincentians.com\/es\/wp-json\/wp\/v2\/users\/4"}],"replies":[{"embeddable":true,"href":"http:\/\/vincentians.com\/es\/wp-json\/wp\/v2\/comments?post=228596"}],"version-history":[{"count":0,"href":"http:\/\/vincentians.com\/es\/wp-json\/wp\/v2\/posts\/228596\/revisions"}],"wp:featuredmedia":[{"embeddable":true,"href":"http:\/\/vincentians.com\/es\/wp-json\/wp\/v2\/media\/388408"}],"wp:attachment":[{"href":"http:\/\/vincentians.com\/es\/wp-json\/wp\/v2\/media?parent=228596"}],"wp:term":[{"taxonomy":"category","embeddable":true,"href":"http:\/\/vincentians.com\/es\/wp-json\/wp\/v2\/categories?post=228596"},{"taxonomy":"post_tag","embeddable":true,"href":"http:\/\/vincentians.com\/es\/wp-json\/wp\/v2\/tags?post=228596"}],"curies":[{"name":"wp","href":"https:\/\/api.w.org\/{rel}","templated":true}]}}