{"id":22577,"date":"2022-11-23T08:34:43","date_gmt":"2022-11-23T07:34:43","guid":{"rendered":"http:\/\/somos.vicencianos.org\/?p=22577"},"modified":"2022-08-09T22:13:33","modified_gmt":"2022-08-09T20:13:33","slug":"breve-biografia-de-pedro-borguny","status":"publish","type":"post","link":"http:\/\/vincentians.com\/es\/breve-biografia-de-pedro-borguny\/","title":{"rendered":"Breve biograf\u00eda de Pedro Borguny"},"content":{"rendered":"<p>\u00ab\u00bfA qu\u00e9 esper\u00e1is? No obedecer\u00e9 nunca a lo mandado por el rey. Yo har\u00e9 caso de la Ley dada a nuestros padres. Y t\u00fa, que has inventado todas las desgracias, no escapar\u00e1s de las manos de Dios\u00bb. (Macabeus, 7, 30-31)<\/p>\n<p>As\u00ed, con la valent\u00eda que da la fuerza de la fe, ofrendaba su vida en la hoguera el joven mallorqu\u00edn Pedro Borguny Castell\u00f3. No fue su fuerza, si no la de Dios la que puso en sus labios semejantes palabras a las del hermano menor de los Macabeos.<\/p>\n<p>Naci\u00f3 Pedro Borguny y Castell\u00f3 el d\u00eda 16 de mayo de 1628, en el barrio antiguo de Palma, cerca de la parroquia de Santa Eulalia donde ser\u00eda bautizado el mismo d\u00eda<a href=\"http:\/\/www.lamissio.com\/2010\/09\/22\/pere-borguny-3\/#_ftn1\">[1]<\/a>. Fueron sus padres Pedro Borguny y Magdalena Castell\u00f3<a href=\"http:\/\/www.lamissio.com\/2010\/09\/22\/pere-borguny-3\/#_ftn2\">[2]<\/a>, de fe arraigada y buenas costumbres. Estos se preocuparon de que recibiera pronto el sacramento de la Confirmaci\u00f3n, el d\u00eda 18 de junio de 1629, de manos del entonces Obispo de Mallorca D. Baltasar de Borja<a href=\"http:\/\/www.lamissio.com\/2010\/09\/22\/pere-borguny-3\/#_ftn3\">[3]<\/a>.<\/p>\n<p>La educaci\u00f3n de Pedro iba acorde con la formaci\u00f3n religiosa de sus padres, que junto a su posici\u00f3n social quer\u00edan hacer del ni\u00f1o un hombre de bien, proporcion\u00e1ndole los saberes de la \u00e9poca al tiempo que le iniciaban en la fabricaci\u00f3n y mercado de tejidos.<\/p>\n<p>A la edad de ocho a\u00f1os muri\u00f3 su madre; golpe duro para cualquier familia y m\u00e1s para un ni\u00f1o de tan corta edad. Se puede afirmar que esto afect\u00f3 al car\u00e1cter de Pedro, que no era compensado con el segundo matrimonio de su padre y la llegada de otros hermanos. La adolescencia de Pedro no era mod\u00e9lica; sus ansias de libertad y de independencia le llevaron a buscar amigos con parecidas aspiraciones. Fue siempre fiel a los pactos de amistad, con tendencia a defender el honor de sus amigos a costa de su propia vida y reputaci\u00f3n.<\/p>\n<p>Llevado por sus \u00edmpetus juveniles, busc\u00f3 c\u00f3mplices para salir de la isla. Del muelle de Palma sal\u00edan barcos, con mucha frecuencia, para defender sus mercanc\u00edas y sus manufacturas, cruzando el mediterr\u00e1neo con el peligro de ser apresados por piratas argelinos, terror de los navegantes. Pedro y sus amigos zarparon de Palma en \u00abla Dama\u00bb, nav\u00edo del patr\u00f3n Gar\u00ed<a href=\"http:\/\/www.lamissio.com\/2010\/09\/22\/pere-borguny-3\/#_ftn4\">[4]<\/a>. Atr\u00e1s quedaba la familia con el dolor y la impotencia para atraer a su hijo por mejor camino. Contaba Pedro con 15 o 16 a\u00f1os; temprana edad para semejante aventura. La mala suerte jug\u00f3 en su contra ya que a poco de navegar toda la tripulaci\u00f3n era apresada y conducida a Argel.<\/p>\n<p>Esta ciudad era tristemente conocida por su barbarie. A la fan\u00e1tica adhesi\u00f3n a la religi\u00f3n musulmana, se un\u00eda la ambici\u00f3n y el deseo de tener a su servicio a los esclavos capturados en sus traves\u00edas. La mercanc\u00eda humana era objeto de vejaciones y malos tratos. Al esclavo cristiano se le trataba de \u00abperro\u00bb, \u00abjud\u00edo\u00bb, \u00abinfiel\u00bb y toda serie de insultos siempre humillantes. Las palizas eran frecuentes, la comida escasa y las enfermedades acampaban por sus fueros en aquellas mazmorras llamadas \u00abba\u00f1os\u00bb<a href=\"http:\/\/www.lamissio.com\/2010\/09\/22\/pere-borguny-3\/#_ftn5\">[5]<\/a>, donde la muerte se ve\u00eda como una liberaci\u00f3n, buscada, en muchas ocasiones, con penosos suicidios. \u00abSe contaban por cientos los que mor\u00edan anualmente por los golpes que recib\u00edan, por falta de alimento o de aflicci\u00f3n y tristeza\u00bb<a href=\"http:\/\/www.lamissio.com\/2010\/09\/22\/pere-borguny-3\/#_ftn6\">[6]<\/a><\/p>\n<p>La situaci\u00f3n de los esclavos de Argel era un clamor para muchos estados europeos, que se ve\u00edan incapaces de ejercer un comercio libre por el mediterr\u00e1neo. Francia y Espa\u00f1a vieron como aumentaba el n\u00famero de s\u00fabditos apresados y torturados. Las Congregaciones Religiosas redentoras de cautivos, como fue el caso de los Mercedarios, no daban abasto a la redenci\u00f3n por las fuertes cantidades de dinero que exig\u00eda el Dey<a href=\"http:\/\/www.lamissio.com\/2010\/09\/22\/pere-borguny-3\/#_ftn7\">[7]<\/a>.<\/p>\n<p>San Vicente de Pa\u00fal, favorecido por el rey de Francia, Luis XIII y la duquesa de Aguillon, fund\u00f3 una casa en Argel en 1646; all\u00ed mand\u00f3 a varios de sus misioneros para asistir a los pobres esclavos. Uno de ellos fue el P. Felipe Le Vacher; desempe\u00f1aba el cargo de Vicario General Apost\u00f3lico de la Santa Sede, gracia que solicit\u00f3 el mismo San Vicente, escribiendo a la Sagrada Congregaci\u00f3n de Propaganda Fide<a href=\"http:\/\/www.lamissio.com\/2010\/09\/22\/pere-borguny-3\/#_ftn8\">[8]<\/a>. Este cargo no le libraba de los peligros, aunque gozaba de cierta inmunidad y libertad de culto. Su labor pastoral m\u00e1s intensa la viv\u00eda en los \u00abba\u00f1os\u00bb, donde celebraba la eucarist\u00eda y el Sacramento de la Reconciliaci\u00f3n.<\/p>\n<p>\u00c9s un home que treballa sense parar. Us he de dir que a la Pasqua passada, veient que nom\u00e9s tenia vuit dies per atendre a aquella pobres gent, i que no podia fer moltes coses en poc temps, es va tancar amb ells als banys on pass\u00e0 aquells vuit dies treballant de nit i de dia, descansant molt poc i exposant la seva vida per assistir els seus germans.\u00bb. (S. Vicente de Pa\u00fcl als seus missioners, 12 de setembre de 1655)<\/p>\n<p>Era la manera de vivir y avivar la fe de aquellos cristianos que no se rend\u00edan a las exigencias y provocaciones para apostatar de la religi\u00f3n cat\u00f3lica. Aunque no faltaron renegados que, experimentando su mal vivir lo hac\u00edan por supervivencia y para ser mejor vistos por los musulmanes; \u00aben 1654los renegados pasaban de 30.000\u00bb<a href=\"http:\/\/www.lamissio.com\/2010\/09\/22\/pere-borguny-3\/#_ftn9\">[9]<\/a><\/p>\n<p>La correspondencia cruzada entre San Vicente de Pa\u00fal y sus misioneros, son lo bastante elocuentes para intuir la grave situaci\u00f3n por la que pasaban \u00e9stos en el desempe\u00f1o de su misi\u00f3n. El mismo rey de Francia, Luis XIV tuvo que intervenir para que se tratara mejor al Hermano Barreau y al P. Le Vacher:<\/p>\n<p>\u00abIl\u00b7lustre i Magn\u00edfic Senyor Baj\u00e0 d\u2019Argel:<\/p>\n<p>Els Senyors Barreau, C\u00f2nsol i Le vacher, sacerdot de la Missi\u00f3 a dit pa\u00eds, ens han presentat queixes relatives a les mesures que es prenent cont\u00ednuament contra d\u2019ells ; escrivim aquesta carta per demanar-li, de manera especial, que eviti aquest tipus d\u2019injust\u00edcia I que empari a dit senyors Barreau I Le Vacher, en l\u2019exercici dels seus c\u00e0rrecs\u00bb.<\/p>\n<p>&nbsp;<\/p>\n<p>Par\u00eds, a 7 de maig de 1656<a href=\"http:\/\/www.lamissio.com\/2010\/09\/22\/pere-borguny-3\/#_ftn10\">[10]<\/a><\/p>\n<p>Resaltamos la figura de Le Vacher, por el importante papel que desempe\u00f1\u00f3 en el martirio de Pedro Borguny y en las gestiones posteriores realizadas en Argel y a su llegada a Par\u00eds.<\/p>\n<p>Durante tres a\u00f1os estuvo Pedro en Argel, siendo vendido y revendido, pasando de un amo a otro, a cual m\u00e1s feroz. Su padre, al fin padre, tuvo ocasi\u00f3n de gestionar su rescate. Por 480 pesos volver\u00eda su hijo a Mallorca. Pedro andaba por los 20 a\u00f1os. Su padre le busc\u00f3, seg\u00fan la costumbre de entonces, una buena mujer para que la tomara por esposa. Intentaba con ello la serenidad de su hijo y que empezara una vida normalizada, de acuerdo con su estatus familiar y sus sanas costumbres. A Pedro le gustaba decidir por s\u00ed mismo. Se busc\u00f3 a una joven que amaba, Catalina Vic, y se cas\u00f3 con ella, el 28 de febrero de 1658<a href=\"http:\/\/www.lamissio.com\/2010\/09\/22\/pere-borguny-3\/#_ftn11\">[11]<\/a>, rechazando la que le hab\u00eda preparado su padre.<\/p>\n<p>Dur\u00f3 poco su felicidad ya que Catalina mor\u00eda, pasados dos a\u00f1os, sin descendencia. Era un golpe m\u00e1s en la vida del joven, que parec\u00eda destinada a la desventura. En su soledad busca amigos, aquellos confidentes a los que defender\u00eda ante cualquier deshonor. As\u00ed era la calidad de su amistad y que no tard\u00f3 en demostrarla: \u00abUn napolit\u00e0 que residia a Palma va ofendre un amic seu. Pere se li encar\u00e0, arribant a m\u00e9s que paraules. El napolit\u00e0 el va ferir prop del cor; va estar a punt de morir; entr\u00e0 sagnant a l\u2019esgl\u00e9sia de Santa Eul\u00e0lia on va ser at\u00e8s,, rebent el Sagrament dels malalts. Va millorar de les seves ferides i sort\u00ed de casa per venjar-se, disparant al napolit\u00e0; no li va ferir per\u00f2 el fet era greu i la Just\u00edcia de Palma li desterr\u00e0.\u00bb<a href=\"http:\/\/www.lamissio.com\/2010\/09\/22\/pere-borguny-3\/#_ftn12\">[12]<\/a>.<\/p>\n<p>Borguny sale de Palma, dejando a su padre en la angustia. El primog\u00e9nito, a quien tanto amaba, se les escapaba de nuevo de las manos. Marcha hacia Valencia. All\u00ed intent\u00f3 rehacer su vida mercadeando tejidos por las ciudades pr\u00f3ximas al mediterr\u00e1neo. Sab\u00eda bien que cerca de Or\u00e1n, plaza espa\u00f1ola en ese entonces<a href=\"http:\/\/www.lamissio.com\/2010\/09\/22\/pere-borguny-3\/#_ftn13\">[13]<\/a>, ten\u00eda amigos mallorquines prisioneros. Se acerc\u00f3 a Or\u00e1n para prometerles ayuda, en cuanto tuviera dinero. Y se volvi\u00f3 a Valencia. No tard\u00f3 en salir de nuevo para Or\u00e1n; \u00faltima traves\u00eda mediterr\u00e1nea ya que fue hecho prisionero de nuevo. Conducido a Tremecen, antigua ciudad de gran tr\u00e1fico mercantil, entraba de nuevo en el vejatorio mercado de esclavos. Fue vendido y llevado, otra vez, a Argel. All\u00ed ser\u00eda vendido de nuevo, hasta cinco veces.<\/p>\n<p>Frecuentaba los \u00abba\u00f1os\u00bb; estos eran su casa, o mejor su tumba en vida, dadas las condiciones en que all\u00ed se malviv\u00eda; pero era el lugar com\u00fan de encuentro con sus amigos mallorquines y otros esclavos como \u00e9l. La desesperanza por la falta de libertad y la dureza de los trabajos, romp\u00eda, en ocasiones, la buena armon\u00eda entre ellos. Una noche se enzarz\u00f3 Pedro con otro esclavo, y le hiri\u00f3 con una herramienta. Al saberlo el erraez, su amo, entr\u00f3 en c\u00f3lera ya que hab\u00eda de pagar al amo del herido las curas y el coste del trabajo sin hacer. Despu\u00e9s de los doscientos latigazos de rigor, le amenaz\u00f3 con enviarlo a Constantinopla, ciudad donde no era posible el rescate ya que las \u00d3rdenes Religiosas, Redentoras de cautivos, no hab\u00edan podido firmar convenios con el Gran Se\u00f1or.<\/p>\n<p>La palabra Constantinopla era sin\u00f3nima de muerte en vida, de desesperanza. As\u00ed lo escrib\u00eda Cervantes en sus S\u00e1tiras al Gran Se\u00f1or: \u00ab\u2026 en perpetuo captiveri, pateixen mort viva a las torres de Constantinopla, sense esperan\u00e7a de rescat, per l\u2019arrog\u00e0ncia d\u2019aquella sup\u00e8rbia majestat, que t\u00e9 por indecent el preu dels esclaus, i, por plebea, la celestial virtut de la miseric\u00f2rdia\u00bb.<\/p>\n<p>Pedro entra en una crisis vital. \u00bfC\u00f3mo ir a Constantinopla, cuando piensa que alg\u00fan d\u00eda podr\u00e1 ser libre? Se le ocurre una soluci\u00f3n: se presenta al Dey para pedirle que su amo no le mande a las galeras del Gran Se\u00f1or. El Dey le escucha con aire de complacencia y le responde: \u00abPoco puedo hacer por ti si sigues siendo cristiano; acepta la ley de Mahoma y ser\u00e1s feliz; si no lo haces ser\u00e1s un desgraciado por toda tu vida\u00bb<a href=\"http:\/\/www.lamissio.com\/2010\/09\/22\/pere-borguny-3\/#_ftn14\">[14]<\/a>. El joven cae en la trampa: acepta el birrete y las insignias del musulm\u00e1n y pronuncia las frases de rigor que le convertir\u00edan en un seguidor de Mahoma. A la vista de todos sus compa\u00f1eros era un renegado m\u00e1s. Quiz\u00e1 ser\u00eda mejor tratado por su amo pero nunca libre.<\/p>\n<p>D\u00eda triste para sus compa\u00f1eros al ver un cambio tan repentino en Pedro; \u00e9l, tan radical en sus convicciones andaba por las calles presumiendo de turco. D\u00eda triste para Pedro que comienza a experimentar el alejamiento de sus compa\u00f1eros. Nunca se hab\u00eda sentido tan solo. La crisis interior no se hizo esperar; la apostas\u00eda se le convirti\u00f3 en tormento para su conciencia; \u00e9l tan valiente, comienza a sentirse fr\u00e1gil, pecador.<\/p>\n<p>Buscaba insistentemente a sus compa\u00f1eros para explicarse, para autojustificarse, para, de alguna manera, empezar a descargar la angustia que llevaba en su alma. \u00ab\u00bfPor qu\u00e9 hu\u00eds de mi, hermanos tan queridos? \u00bfPor qu\u00e9 me dej\u00e1is solo con tanto desd\u00e9n? Conoc\u00e9is a mi padre y a mi madre; la fe y religi\u00f3n que profesan; doy testimonio y de \u00e9sta juro que, con la ayuda de Dios, yo la profesar\u00e9 hasta la muerte. Pequ\u00e9, lo confieso, pequ\u00e9; conozco mi delito; me oprime su peso; no fue por gusto ni por odio a Cristo, ni por desprecio a la fe, si no que me impulsaba el ansia de no perder la libertad, como comet\u00ed semejante atrocidad; ahora lo maldigo y aborrezco. \u00a1Ojala me cre\u00e1is!, aun vi\u00e9ndome con estas ropas, que de coraz\u00f3n soy cristiano y no otra cosa. Por lo que os suplico que no me rechac\u00e9is\u00bb<a href=\"http:\/\/www.lamissio.com\/2010\/09\/22\/pere-borguny-3\/#_ftn15\">[15]<\/a>.<\/p>\n<p>Pedro no descartaba la huida a tierra de cristianos en cuanto se le presentara alguna ocasi\u00f3n. Sab\u00eda que en Espa\u00f1a le esperaba el tribunal de la Inquisici\u00f3n; pero eso no era obst\u00e1culo para su af\u00e1n de salir de Argel. Parec\u00eda allan\u00e1rsele el camino cuando su amo prepar\u00f3 un corso por el mediterr\u00e1neo y le llev\u00f3 como timonel. Comunic\u00f3 a sus compa\u00f1eros esclavos la idea de dirigir la nave hacia C\u00e1diz, mientras dorm\u00eda su amo. Descubierta su intenci\u00f3n, tuvo ya la dura recompensa en el mismo nav\u00edo: doscientos palos en las plantas de los pies y la amenaza de que ser\u00eda quemado vivo en la hoguera. Esto no hizo mella en el joven que en ese mismo momento vio la oportunidad de confesar p\u00fablicamente su condici\u00f3n de cristiano no import\u00e1ndole la muerte, antes al contrario, ve\u00eda que era la manera m\u00e1s sublime de redimir su pecado y de expresar su amor a Jesucristo.<\/p>\n<p>Lleg\u00f3 la nave al puerto de Argel el 25 de agosto. Tan pronto salt\u00f3 a tierra, Pedro se encontr\u00f3 con algunos amigos y les dijo que ya no era musulm\u00e1n si no cristiano, que le encomendasen a Dios, de verdad, porque sab\u00eda que en breve le quemar\u00edan vivo; que deseaba hacer confesi\u00f3n p\u00fablica de su condici\u00f3n de cristiano. Aquella misma noche su amo le llev\u00f3 al Dey, narr\u00e1ndole todo lo sucedido. El Dey trat\u00f3 de convencerle con halagos para que no cometiera el error de volverse atr\u00e1s; que se hiciese mirar por alg\u00fan m\u00e9dico para ver si ten\u00eda alg\u00fan mal mental o estaba bajo los efectos del vino. A todo ello respondi\u00f3 el joven con la mayor entereza: \u00abNo te puedo dar las gracias por haberme inducido a tan gran pecado; nunca he estado tan l\u00facido como ahora y por lo del vino, soy m\u00e1s bien de agua\u00bb<a href=\"http:\/\/www.lamissio.com\/2010\/09\/22\/pere-borguny-3\/#_ftn16\">[16]<\/a>.<\/p>\n<p>Hab\u00eda llegado para Pedro Borguny la hora de Dios. De aventurero y ap\u00f3stata, pasa a ser un ap\u00f3stol de la Religi\u00f3n Cat\u00f3lica. Los pocos d\u00edas que mediaron hasta que fue martirizado, no ces\u00f3 de publicar su condici\u00f3n de cristiano, su amor a Jesucristo y el deseo ardiente de poder dar la vida en defensa de su Credo. \u00abNo temo a la muerte \u2013dec\u00eda a Antonio Gi\u00e0 mallorqu\u00edn y compa\u00f1ero de esclavitud- te pido una \u00fanica cosa que no me negar\u00e1s y es que cuando haya muerto, recoge parte de mis cenizas y ll\u00e9valas a mis padres a Mallorca, con un escrito donde declares que por defender la fe cat\u00f3lica di de buen grado mi vida en las llamas en Argel\u00bb<a href=\"http:\/\/www.lamissio.com\/2010\/09\/22\/pere-borguny-3\/#_ftn17\">[17]<\/a>.<\/p>\n<p>A partir de este momento, aprovecha cualquier ocasi\u00f3n para entrar dentro de s\u00ed y prepararse para la muerte. En los \u00abba\u00f1os\u00bb, pidi\u00f3 a sus compa\u00f1eros que le buscasen un confesor; avisaron a un franciscano portugu\u00e9s, que se excus\u00f3 diciendo que como se trataba de un rengado, no ten\u00eda jurisdicci\u00f3n para absolverle. Pedro entendi\u00f3 que, cual el otro Pedro de Galilea, hab\u00eda negado a su maestro y que eso y m\u00e1s merec\u00eda por su pecado; y se puso en manos de Dios, pidiendo su misericordia. Hac\u00eda frecuentes plegarias a Jesucristo, a la Sant\u00edsima Virgen y a San Pedro.<\/p>\n<p>Lleg\u00f3 el d\u00eda 30 de agosto de 1654. Muy temprano fue llevado a la Duana<a href=\"http:\/\/www.lamissio.com\/2010\/09\/22\/pere-borguny-3\/#_ftn18\">[18]<\/a>, lugar donde se administraba la justicia. All\u00ed, ante el Dey, volvi\u00f3 a hacer p\u00fablica confesi\u00f3n de la ley de Jesucristo. Ya no hab\u00eda tiempo para escuchar los halagos y las promesas. Tuvo la valent\u00eda de aquellos primeros m\u00e1rtires de la Iglesia, desafiando la altaner\u00eda de quien se cre\u00eda amo y se\u00f1or de su conciencia. \u00abLlen\u00e7\u00e0 el turbant per terra i el trepitj\u00e0 tot dient: aquesta \u00e9s la ins\u00edgnia que em vas donar quan jo, com sec dins la meva passi\u00f3, vaig caure com un miserable, com ovella perduda, girant l\u2019esquena a les obligacions del verdader cristi\u00e0 les quals vaig professar al rebre el sant baptisme\u00bb<a href=\"http:\/\/www.lamissio.com\/2010\/09\/22\/pere-borguny-3\/#_ftn19\">[19]<\/a>.<\/p>\n<p>Todos los de la Duana levantaron la voz, diciendo: \u00abAbruja, abruja vivo\u00bb. Y el Dey dict\u00f3 la sentencia: <strong>Pedro Borguny ser\u00eda quemado vivo en la hoguera. <\/strong>El jovenrecib\u00eda la sentencia con expresi\u00f3n de gozo en el rostro.<\/p>\n<p>Cargado con un madero, donde ser\u00eda atado en el lugar del sacrificio, y con una cadena al cuello, comienza el duro camino, lleno de voces que le maldec\u00edan, de manos que le golpeaban y estiraban de la barba hasta arrancarle la piel \u2026 y de algunos cristianos que, miedosos y compadecidos, trataban de acompa\u00f1arle en su entrega generosa. Dos testigos de excepci\u00f3n presenciaron la comitiva: Fray Ignacio Vidondo y Fray Esteva, mercedarios, que no pudiendo decirle nada por prudencia y temor a ser castigados, le encomendaron a la Sant\u00edsima Virgen. Vidondo, relatar\u00eda los hechos en su libro \u00abEl Espejo Cat\u00f3lico\u00bb, publicado en Pamplona en 1658 y que es citado varias veces en esta breve biograf\u00eda.<\/p>\n<p>Asegurado el palo en tierra, se at\u00f3 al joven con cuerdas. Hab\u00eda expectaci\u00f3n entre la multitud que aguardaba en el cementerio jud\u00edo. Todo estaba a punto: la le\u00f1a, el cebo, el alquitr\u00e1n, las piedras y las mofas\u2026 A unos 20 pasos se sit\u00faa el P. Felipe Le Vacher; no tuvo miedo, nunca lo tuvo, pues seg\u00fan San Vicente \u00abevitaba poco los peligros<a href=\"http:\/\/www.lamissio.com\/2010\/09\/22\/pere-borguny-3\/#_ftn20\">[20]<\/a>\u2026\u00bb De su pluma sabemos todos los detalles del martirio. Escribi\u00f3 un relato que enviar\u00eda a Roma en enero de 1655, a los 5 meses de la muerte de Borguny. Leemos:<\/p>\n<p>\u00abYo, con mucho gusto hubiera querido acompa\u00f1arle en el camino hacia el martirio; fui, mas no llevado por la curiosidad, a un sitio donde presenciar su paso y poder absolverle de la excomuni\u00f3n y dem\u00e1s pecados, seg\u00fan \u00e9l hab\u00eda pedido. Llegu\u00e9 algo tarde, justo seg\u00fan pasaba. Estimando que lo ped\u00eda mi ministerio, estos es, no dejarle as\u00ed cuando su vida as\u00ed periclitaba, es el caso que, a impulsos de algo que no me explico, le segu\u00ed hasta el lugar del martirio, contra el sentir y el querer de algunos cristianos; all\u00ed fui testigo ocular de su constancia en soportar los tormentos y trabajos. Vi como, atadas atr\u00e1s las manos en el cementerio de los jud\u00edos, la cara vuelta al oeste, los verdugos le amarraban estrechamente con sogas en un poste fijado al suelo. Vi serle quitada la cadena del cuello; como le rodeaban \u00e9ste de ramitas y astillas muy menudas; y en fin, como le prendieron el fuego que le abrasar\u00eda. Entonces, a no mucha distancia de \u00e9l, al contemplar la constancia admirable con que soportaba sus penalidades por el nombre de Cristo y en defensa de la fe, le absolv\u00ed, primero de la excomuni\u00f3n y luego de sus pecados\u00bb<a href=\"http:\/\/www.lamissio.com\/2010\/09\/22\/pere-borguny-3\/#_ftn21\">[21]<\/a>.<\/p>\n<p>Pedro Borguny y Castell\u00f3, con el rostro sereno y confortado con la absoluci\u00f3n fue desgranado plegarias a Jesucristo y a la Sant\u00edsima Virgen. Comenz\u00f3 a rezar el Credo\u2026 no lo pudo acabar porque su cuerpo ca\u00eda \u00abvictorioso\u00bb sobre aquellas llamas que le iban consumiendo.<\/p>\n<p>Antonio Gi\u00e0 se acerc\u00f3 para cortarle una mano y llevarla a Mallorca como el joven m\u00e1rtir le hab\u00eda pedido. No hizo falta el cuchillo; la mano se desprendi\u00f3 por s\u00ed sola. Aquel cuerpo, pasaba a ser patrimonio de los cristianos, que a duras penas y exponiendo sus vidas, lo recogieron y lo enterraron en el cementerio cristiano, para luego ser recogido en una caja y custodiado en la casa de Felipe Le Vacher.<\/p>\n<p>No hab\u00eda que perder tiempo. El Misionero re\u00fane a los amigos de Borguny y, ante ellos, redacta los datos biogr\u00e1ficos que le dictaban y los hechos ocurridos en Argel (Anno Domini 1654, Calendis ipsius septembris). Este escrito se transform\u00f3 en Documento oficial y se envi\u00f3 a la Sagrada Congregaci\u00f3n de Propaganda Fide en febrero de 1655. Iba firmado por: Felipe Le Vacher, Sacerdote de la Misi\u00f3n, Vicario Apost\u00f3lico General de Argel, Miguel Roca, Antonio Gi\u00e0, Miguel Beltr\u00e1n, Andr\u00e9s Poquet y Juan Cloquell.<\/p>\n<p>LA HISTORIA DE LAS RELIQUIAS.<\/p>\n<p>La mano del m\u00e1rtir fue llevada a Mallorca en 1655 cuando regres\u00f3, libre, Antonio Gi\u00e0. \u00c9ste mand\u00f3 pintar un cuadro con la figura de Pedro Borguny entres las llamas, am\u00e9n de otras escenas relativas al entorno de Argel. Ese cuadro se conserva en la casa de D. Juan Cabot y Picornell, descendiente de los navegantes Gi\u00e0<a href=\"http:\/\/www.lamissio.com\/2010\/09\/22\/pere-borguny-3\/#_ftn22\">[22]<\/a><\/p>\n<p>El cuerpo, debidamente embalado, fue llevado por el P. Le Vacher a Par\u00eds y entregado a su Fundador Vicente de Pa\u00fal. Junto al cuerpo del joven llevaba un dibujo topogr\u00e1fico del lugar del martirio, realizado por Bonuallot, esclavo franc\u00e9s que presenci\u00f3 el martirio, y una copia del relato que se envi\u00f3 a Roma. San Vicente ya sab\u00eda, por carta de Argel, lo que hab\u00eda pasado con el joven mallorqu\u00edn, y no dud\u00f3 en proponerlo a sus compa\u00f1eros como ejemplo de fortaleza y amor a Jesucristo. Recibi\u00f3 con suma alegr\u00eda y respeto la reliquias del Borguny y mand\u00f3 hacer una urna para colocarlas dignamente en la sacrist\u00eda de San L\u00e1zaro, lugar donde \u00e9l viv\u00eda.<\/p>\n<p>Cerca del siglo (93 a\u00f1os) estuvieron las reliquias en Par\u00eds. Al ser solicitadas en Palma por los Padres Pa\u00fales, el Obispado y el Ayuntamiento, el Superior General Luis Debras<a href=\"http:\/\/www.lamissio.com\/2010\/09\/22\/pere-borguny-3\/#_ftn23\">[23]<\/a>, autoriz\u00f3 el traslado a Palma, donde llegaron el 13 de septiembre de 1750. La caja, ven\u00eda lacrada y en su interior una relaci\u00f3n minuciosa de los restos. Siendo abierta para su verificaci\u00f3n el 3 de noviembre de 1751, se hall\u00f3 todo seg\u00fan la relaci\u00f3n venida de Par\u00eds<a href=\"http:\/\/www.lamissio.com\/2010\/09\/22\/pere-borguny-3\/#_ftn24\">[24]<\/a>.<\/p>\n<p>Desde entonces, a excepci\u00f3n del tiempo que estuvieron entre el Ayuntamiento y la Seo (1736 a 1753), por la exclaustraci\u00f3n de los Padres de la Casa Misi\u00f3n de Palma, permanecen en \u00e9sta, custodiadas con esmero y respeto, a la espera de que la Iglesia se manifieste, reconociendo la muerte de Pedro como una entrega total a Dios, martirizado a causa de la fe.<\/p>\n<p>Por motivos de seguridad y respeto a las venerables reliquias, se han llevado a cabo cuatro reconocimientos: 1751, 1914, 1938 y 1994, constat\u00e1ndose en todas las actas la correspondencia con la relaci\u00f3n llegada de Par\u00eds en 1750. Cualquier modificaci\u00f3n, tanto en la caja exterior, como en la interior o urna donde se guardan las reliquias, ha sido objeto de preocupaci\u00f3n y celo; ese es el motivo de tantos reconocimientos.<\/p>\n<p>Los restos de la mano del m\u00e1rtir, fueron pasando entre los miembros de su familia. En 1780 ya faltaban huesos ya que \u00abfrecuentemente han ido sacando fragmentos para contentar a muchos devotos\u00bb<a href=\"http:\/\/www.lamissio.com\/2010\/09\/22\/pere-borguny-3\/#_ftn25\">[25]<\/a>. En 1954 la reliquia estaba custodiada por Do\u00f1a Mar\u00eda de las Mercedes Mir Mercadal, ense\u00f1ando ella misma la cajita donde se guarda y explicando c\u00f3mo hab\u00eda recibido el legado de su padre por ser ella la mayor de la familia. Y que as\u00ed mismo lo har\u00eda con hijo mayor.<\/p>\n<p>FAMA DE MARTIRIO<\/p>\n<p>Para hablar de \u00abfama de martirio\u00bb, hemos de remitirnos a los hechos sucedidos en Argel, a la narraci\u00f3n de los testigos presenciales, a la petici\u00f3n del P. Le Vacher a Roma, rogando a los Cardenales que mirasen ese hecho como un verdadero martirio y, a ciertas promesas cumplidas, hechas por el m\u00e1rtir a sus amigos. \u00abSer\u00e9is liberados pronto\u00bb; y a Antonio Gi\u00e0: Si cumples con llevar parte de mis cenizas a palma, ser\u00e1s liberado pronto y ni tu, ni tu familia correr\u00e1n peligro mientras sean navegantes.<\/p>\n<p>Tenemos en san Vicente de Pa\u00fal un testimonio de excepci\u00f3n. En carta escrita a un Misionero Carlos Ozenne el 19 de marzo de 1655 le dice entre otras cosas: \u00ab\u2026les dec\u00eda unos d\u00edas antes a sus compa\u00f1eros, habl\u00e1ndoles de su resoluci\u00f3n, que tem\u00eda y hab\u00eda temido siempre la muerte, pero que sent\u00eda cierta confianza en su esp\u00edritu que le hac\u00eda esperar la fuerza del martirio\u2026 Que \u00e9 nos conceda la gracia de aumentar nuestra fe y nuestra esperanza en Dios, en las ocasiones de morir en su servicio\u00bb. Y a modo de postdata a\u00f1ade: \u00abPensaba escribir a la Reina<a href=\"http:\/\/www.lamissio.com\/2010\/09\/22\/pere-borguny-3\/#_ftn26\">[26]<\/a> lo de este <strong>bienaventurado m\u00e1rtir, <\/strong>pero no he tenido tiempo. Haga el favor de dec\u00edrselo usted\u00bb<a href=\"http:\/\/www.lamissio.com\/2010\/09\/22\/pere-borguny-3\/#_ftn27\">[27]<\/a><\/p>\n<p>Y, dirigi\u00e9ndose a sus misioneros en una de sus reflexiones, les dec\u00eda entres otras cosas: \u00abEsto es ser cristiano; ese es el coraje que hemos de tener para sufrir y para morir, si es preciso, por Jesucristo. Pid\u00e1mosle esta gracia y roguemos a este <strong>santo joven<\/strong> que la pida para nosotros<a href=\"http:\/\/www.lamissio.com\/2010\/09\/22\/pere-borguny-3\/#_ftn28\">[28]<\/a>.<\/p>\n<p>Con la llegada de los esclavos de Argel, fue creciendo en Palma la creencia de que Pedro era un verdadero m\u00e1rtir; corr\u00edan noticias sobre los favores que se recib\u00edan de Dios al ped\u00edrselos por intercesi\u00f3n del joven. Los marineros se sent\u00edan protegidos cuando invocaban el nombre del m\u00e1rtir, como veremos m\u00e1s adelante al narrar algunos signos recogidos por la tradici\u00f3n o narrados personalmente.<\/p>\n<p>Llegadas las reliquias a Palma, y ser reconocidas, se distribuyeron algunas part\u00edculas para devoci\u00f3n particular de los testigos all\u00ed presentes. La fama de martirio fue creciendo a la par del inter\u00e9s que pon\u00edan las autoridades religiosas y civiles para iniciar el proceso de beatificaci\u00f3n. Palma entera, clamaba porque no se retrasara dicho proceso, que fue abierto, por primera vez, el d\u00eda 1 de enero de 1680.<\/p>\n<p>BREVE HISTORIA DEL PROCESO DE BEATIFICACI\u00d3N<\/p>\n<p><strong>Primer intento<\/strong>: Se inicia el d\u00eda 1 de febrero de 1680 siendo Obispo D. Bernardo Cotoner. A pesar de la buena intenci\u00f3n y del nombramiento de D. Bernardino Bauz\u00e1 y D. Antonio Moll que se encargar\u00edan de animar los trabajos en nombre de los Jurados de la ciudad, no pas\u00f3 de ser un buen deseo.<\/p>\n<p><strong>Segundo intento<\/strong>: Se inicia de nuevo en 1697 siendo Obispo D. Pedro de Alag\u00f3n. Los Jurados nombran ahora a D. Antonio Jos\u00e9 Mulet, s\u00edndico. Se redacta un cuestionario de 24 art\u00edculos para recoger testimonios. La guerra de sucesi\u00f3n al trono de Espa\u00f1a y que dur\u00f3 desde 1701 a 1715, paraliz\u00f3 el proceso.<\/p>\n<p><strong>Tercer intento<\/strong>: Se inicia en 1775. Interviene el Vicario General Sede Vacante, D. Nicol\u00e1s de Villalonga. La llegada de las reliquias a Palma hab\u00eda vuelto a reavivar los deseos de ver beatificado a Pedro Borguny. La corporaci\u00f3n municipal en pleno, nombra Postulador en Roma al P. Fernando Nualart, sacerdote de la Congregaci\u00f3n de la Misi\u00f3n y primer bi\u00f3grafo del m\u00e1rtir<a href=\"http:\/\/www.lamissio.com\/2010\/09\/22\/pere-borguny-3\/#_ftn29\">[29]<\/a>. Para el proceso diocesano es nombrado Postulador el P. Antonio Garc\u00edas, C. M., el 15 de septiembre de 1777<a href=\"http:\/\/www.lamissio.com\/2010\/09\/22\/pere-borguny-3\/#_ftn30\">[30]<\/a>. Se abre el proceso ordinario y se re\u00fane el Tribunal Eclesi\u00e1stico para empezar a tomar declaraci\u00f3n a los 25 testigos designados. El P. Garc\u00edas redacta el cuestionario en lengua de las islas y que consta de 33 art\u00edculos, siguiendo cronol\u00f3gicamente la vida, martirio y fama de martirio<a href=\"http:\/\/www.lamissio.com\/2010\/09\/22\/pere-borguny-3\/#_ftn31\">[31]<\/a>. S\u00f3lo hay constancia de la declaraci\u00f3n de cuatro testigos, uno de ellos, el biznieto de Antonio Gi\u00e0. Se abandona el proceso por un real decreto del 31 de agosto de 1778, en que se suspend\u00edan todas las causas de la naci\u00f3n.<\/p>\n<p>Otro problema importante lo constitu\u00eda la falta de recursos econ\u00f3micos. Por ello, el Ayuntamiento de palma escrib\u00eda al rey Carlos IV el d\u00eda 4 de abril de 1803, pidiendo su apoyo para llevar adelante la Causa y solicitando permiso para pedir limosnas en las iglesias de la ciudad y foranes. Interviene favorablemente el Obispo D. Bernardo Nadal y Cresp\u00ed, mallorqu\u00edn e influyente en la Corte. El rey contesta favorablemente con un Real Decreto con fecha de 13 de febrero de 1805, invitando, adem\u00e1s, a trabajar en serio por el adelantamiento de la beatificaci\u00f3n del joven Pedro Borguny.<\/p>\n<p><strong>Cuarto intento<\/strong>: El 21 de agosto de 1805, se re\u00fane, por primera vez en la Casa de la Misi\u00f3n de Palma la Junta nombrada por el Ayuntamiento. Se abre de nuevo el proceso. Se nombra como Postulador a D. Antonio Ripoll. Se trabaja seriamente con apoyo real, para el progreso de la causa. En 1806, siendo Obispo D. Bernardo Nadal, se quiere dar un nuevo impulso y se nombra Postulador a D. Jos\u00e9 Barberi, segundo bi\u00f3grafo del m\u00e1rtir<a href=\"http:\/\/www.lamissio.com\/2010\/09\/22\/pere-borguny-3\/#_ftn32\">[32]<\/a>. El 31 de Agosto de 1807 se suspendieron las reuniones de la Junta para la causa P\u00eda, debido a la inminente guerra de la Independencia. Acabada \u00e9sta, se vuelven a reunir el 17de noviembre de 1814 para seguir en el empe\u00f1o. Se abandona definitivamente en 1836 con la exclaustraci\u00f3n del la Congregaci\u00f3n de la Misi\u00f3n.<\/p>\n<p>Un \u00faltimo intento y que apenas tuvo eco, se hizo en 1954, con motivo de cumplirse el tercer centenario del martirio, a petici\u00f3n del Superior de la Casa de la Misi\u00f3n de Palma al Excmo. Ayuntamiento de la ciudad.<\/p>\n<p>En la historia del Proceso, el Ayuntamiento de Palma desempe\u00f1\u00f3 un papel importante, constituy\u00e9ndose, desde el principio en promotor y Protector de la Causa P\u00eda. La junta creada para gestionar el Proceso, estaba formada por se\u00f1ores Jurados de la ciudad, sacerdotes nombrados por el Obispo o Vicario General y Padres de la Congregaci\u00f3n de la Misi\u00f3n. Los fondos documentales que existentes en los archivos Municipal, Episcopal y Capitular son de gran importancia a la hora de reasumir la causa. Son una prueba fidedigna de la fama de martirio del joven mallorqu\u00edn, Pedro Borguny.<\/p>\n<p>ALGUNOS SIGNOS ATRIBU\u00cdDOS A LA INTERCESI\u00d3N DE PEDRO BORGUNY.<\/p>\n<p>Tantos los bi\u00f3grafos como las manifestaciones de algunas personas, hablan de favores atribuidos a la intercesi\u00f3n de Pedro Borguny. Sin menoscabo de la prudencia y respeto a la voz de la Iglesia, se traen aqu\u00ed indicios claros de la fe que muchas personas han depositado en los m\u00e9ritos del joven m\u00e1rtir.<\/p>\n<p>FAVORES NARRADOS POR LOS BI\u00d3GRAFOS:<\/p>\n<p><strong>P. Fernando Nualart, C. M.<\/strong> Escribe en el cap. XV, p\u00e1gina 138: \u00abSobre varios casos maravillosos y gracias que se refieren obtenidas por intercesi\u00f3n de nuestro Pedro y por La devoci\u00f3n que siempre la han profesado\u00bb.<\/p>\n<ul>\n<li>Refiere la tradici\u00f3n que el d\u00eda de la muerte de Pedro experimentaron los suyos un extraordinario gozo y que, en el interior de la casa, se observ\u00f3 un resplandor que dur\u00f3 varias horas.<\/li>\n<li>Pedro hab\u00eda prometido a Antonio Gi\u00e0 que ser\u00eda rescatado pronto, que su familia no tendr\u00eda peligros en la mar y que, le asistir\u00eda a la hora de la muerte. Todo esto se verific\u00f3, y que, poco antes de morir Antonio Gi\u00e0 hab\u00eda visto a Pedro junto a su cama.<\/li>\n<li>En embarcaci\u00f3n llamada Saet\u00eda, donde todos estaban en peligro de morir por una gran borrasca, se salvaron cuando uno de los marineros que llevaba una reliquia del m\u00e1rtir, at\u00e1ndola a una cuerda la acerc\u00f3 al agua y la tormenta ces\u00f3.<\/li>\n<li>Un bergant\u00edn, que se hallaba en medio de otros tres que les atacaban, estaba a punto de ser capturado. El patr\u00f3n levant\u00f3 los ojos al cielo invocando el nombre de Pedro; los bergantines desaparecieron.<\/li>\n<li>Otros tantos casos como estos sucedieron a muchos marineros. Sus mujeres hac\u00edan votos al cielo para que Pedro los protegiera, as\u00ed como en los momentos de partos dif\u00edciles donde era invocado con frecuencia.<\/li>\n<\/ul>\n<p><strong>Dr. D. Jos\u00e9 Barberi <\/strong>dedica el cap\u00edtulo IV de la biograf\u00eda a referir algunos favores que se atribuyen a la intercesi\u00f3n del Siervo de Dios.<\/p>\n<ul>\n<li>Es un hecho notorio que cuando est\u00e1bamos en guerra con los argelinos, todos los marineros ped\u00edan embarcar en los nav\u00edos patroneados por la familia Gi\u00e0, convencidos en el cumplimiento de la promesa que hizo Borgnuy.<\/li>\n<li>Relata uno de los testigos que declararon en 1778: Habiendo salido de Palma Honorato Font con una nave, descubrieron dos galeras de piratas que les persegu\u00edan. El patr\u00f3n sac\u00f3 las reliquias del m\u00e1rtir y una estampa del mismo, persuadiendo a los marineros a que invocaran el nombre del Pedro. En ese instante mud\u00f3 el viento y pudieron salvarse, apareciendo al amanecer en un lugar de la isla llamado Ba\u00f1albufar.<\/li>\n<li>En una batalla marina entre piratas y navegantes, el patr\u00f3n Antonio Gaz\u00e1, dijo a los suyos no tener miedo porque llevaba reliquias de Pedro Borguny. Le dispararon varias veces sin llegar a herirle.<\/li>\n<li>El Postulador Antonio garc\u00eda relat\u00f3 lo siguiente en 1779: Saliendo un barco de Palma se encontr\u00f3 con otro enemigo. El patr\u00f3n les dijo a los marineros que llevaba la reliquia de Pedro Borguny y que se arrodillasen para pedirle protecci\u00f3n y prometi\u00f3 una Misa. Dios los escuch\u00f3 y regresaron salvos a Palma.<\/li>\n<li>Refiri\u00f3 tambi\u00e9n: Que un se\u00f1or llamado Bartolom\u00e9 Nicolau, carpintero, de la parroquia de la Santa Cruz, cay\u00f3 gravemente enfermo. Viendo una t\u00eda suya que los m\u00e9dicos no acertaban a curarle, le dijo al enfermo que invocara a Pedro Borguny y que ofreciera dar el sueldo de una semana para la beatificaci\u00f3n. Le puso sobre la cabeza una reliquia y al d\u00eda siguiente ya estaba bien.<\/li>\n<li>El Sr. Jaime Janer C. M. escribi\u00f3 el 25 de noviembre de 1805: En la villa de Art\u00e1, \u00c1ngela Ferrer hac\u00eda 11 a\u00f1os que padec\u00eda una enfermedad importante en un ojo con peligro de perderle. Su marido, Miguel Orp\u00ed, le dijo que se encomendase al Siervo de Dios Pedro Borguny. Prometi\u00f3 hacer una novena. Aquella misma noche experiment\u00f3 la mejor\u00eda. Los facultativos que la hab\u00edan asistido quedaron convencidos de que aquello hab\u00eda sido un milagro.<\/li>\n<\/ul>\n<p><strong>La se\u00f1ora Mar\u00eda de las Mercedes Mir Mercadal<\/strong>, relat\u00f3 a D. Guillermo Sureda de Armas en diario \u00ab\u00daLTIMA HORA\u00bb, lo siguiente: \u00abCual mi padre lo hiciera, yo tambi\u00e9n muchas veces me acerco a esta heredada arca y le dirijo la palabra como si fuera a o\u00edrme y a contestarme. Es que tengo la creencia firm\u00edsima de que a la intercesi\u00f3n de Pedro le debo yo muchas cosas<\/p>\n<p>He o\u00eddo decir que mi nacimiento iba a causar la muerte de mi madre, llevada a tal situaci\u00f3n, que le fueron administrados los santos \u00f3leos \u00absub condicione\u00bb, por creerla fallecida, mientras mi padre rogaba a Borguny. Ella, de repente habl\u00f3 con voz di\u00e1fana: Pedro, estoy perfectamente bien. Por todo ello quisiera ver en los altares a este m\u00e1rtir tan enlazado con mis antepasados\u00bb<a href=\"http:\/\/www.lamissio.com\/2010\/09\/22\/pere-borguny-3\/#_ftn33\">[33]<\/a><\/p>\n<p>CONCLUSI\u00d3N<\/p>\n<p>A partir de 1954 en que Palma rindi\u00f3 homenaje a su paisano en el tercer centenario del martirio, pocas voces se han o\u00eddo. Cierto es que de cuando en cuando aparece alg\u00fan articulo de prensa, recordando que la ciudad guarda unas preciosas reliquias y que Pedro Borguny sigue siendo un \u00abPersonaje ilustre de Palma\u00bb<\/p>\n<p>Al presentar esta breve biograf\u00eda de pedro Borguny, renace el deseo de que, de una vez por todas, se reasuma el Proceso de Beatificaci\u00f3n. En este momento en que celebramos los 350 a\u00f1os de la muerte de San Vicente de Pa\u00fal, ser\u00eda bueno obsequiar al Santo con el recuerdo del joven mallorqu\u00edn cuya vida le cautiv\u00f3.<\/p>\n<p>Tambi\u00e9n intenta, esta biograf\u00eda, rendir homenaje a sus Bi\u00f3grafos con may\u00fascula, a todas las personas que figuran en la base documental y que lucharon por llevar a cabo la Causa. Intenta asimismo motivar a quienes pueden hoy, abrir de nuevo la puerta a la bella acci\u00f3n de resaltar los gestos heroicos de amor a Jesucristo. Y quiere, por supuesto, llegar a los j\u00f3venes de hoy, enredados en mil cosas pasajeras, a veces sin rumbo, como lo experiment\u00f3 el joven Pedro, y susurrarles que siempre se llega a tiempo de amar, que Dios llama a cualquier hora de la vida. Pedro supo llegar a tiempo\u2026<\/p>\n<p>BIBLIOGRAF\u00cdA<\/p>\n<ul>\n<li>Relatos de: Felipe Le Vacher e Ignacio Vidondo.<\/li>\n<li>Actas y protocolos del fondo documental de los archivos: Municipal, Episcopal, Capitular, del Reino y de la Casa Misi\u00f3n, todos en la ciudad de Palma.<\/li>\n<li>Biograf\u00edas de: Fernando Nualart, C. M.; Jos\u00e9 Barberi, Mauricio Collard, C. M.; Jos\u00e9 de Oleza.<\/li>\n<li>Cinco monograf\u00edas del certamen literario convocado en palma con motivo del tercer centenario del martirio<\/li>\n<li>Oda a la Comedia en honor \u00abDel m\u00e1s dichoso renegado\u00bb, an\u00f3nimo. Abad\u00eda de Montserrat.<\/li>\n<li>Proceso de Beatificaci\u00f3n de Venerable Pedro Borguny, de Lorenzo P\u00e9rez Mart\u00ednez<\/li>\n<li>Varios art\u00edculos de prensa.<\/li>\n<\/ul>\n<hr size=\"1\" \/>\n<p><a href=\"http:\/\/www.lamissio.com\/2010\/09\/22\/pere-borguny-3\/#_ftnref\">[1]<\/a> Archivo Episcopal. \u00abRegistro de Bautismos de Santa Eulalia, a\u00f1os 1628 a 1633, p\u00e1g. 12\u00bb<\/p>\n<p><a href=\"http:\/\/www.lamissio.com\/2010\/09\/22\/pere-borguny-3\/#_ftnref\">[2]<\/a> Idem . \u00abRegistro de matrimonios de la parroquia de santa Eulalia\u00bb<\/p>\n<p><a href=\"http:\/\/www.lamissio.com\/2010\/09\/22\/pere-borguny-3\/#_ftnref\">[3]<\/a> Idem. \u00abRegistro de Confirmaciones de Santa Eulalia, a\u00f1os 1626 a 1638\u00bb<\/p>\n<p><a href=\"http:\/\/www.lamissio.com\/2010\/09\/22\/pere-borguny-3\/#_ftnref\">[4]<\/a> Propaganda Fide. \u00abRelato biogr\u00e1fico y martirial del P. Felipe Le Vacher, C.M.\u00bb<\/p>\n<p><a href=\"http:\/\/www.lamissio.com\/2010\/09\/22\/pere-borguny-3\/#_ftnref\">[5]<\/a> En esos \u00abba\u00f1os\u00bb, llegaban a morar entre doscientos y trescientos esclavos.<\/p>\n<p><a href=\"http:\/\/www.lamissio.com\/2010\/09\/22\/pere-borguny-3\/#_ftnref\">[6]<\/a> Luis Panauti. \u00abObservaciones sobre las costas de Berber\u00eda\u00bb. Florencia 1817. Dice el autor, que \u00e9l lo hab\u00eda experimentado y que no pod\u00eda explicarlo con palabras.<\/p>\n<p><a href=\"http:\/\/www.lamissio.com\/2010\/09\/22\/pere-borguny-3\/#_ftnref\">[7]<\/a> M\u00e1xima autoridad en Argel. Equival\u00eda a un verdadero rey.<\/p>\n<p><a href=\"http:\/\/www.lamissio.com\/2010\/09\/22\/pere-borguny-3\/#_ftnref\">[8]<\/a> San Vicente a la Propaganda Fide en documento fechado en mayo de 1650. Obras Completas, tomo IV, p\u00e1g 27. Ed. S\u00edgume. Salamanca,1976.<\/p>\n<p><a href=\"http:\/\/www.lamissio.com\/2010\/09\/22\/pere-borguny-3\/#_ftnref\">[9]<\/a> Ignacio Vidondo. \u00abEl espejo cat\u00f3lico\u2026\u00bb lib. II, cap.16.<\/p>\n<p><a href=\"http:\/\/www.lamissio.com\/2010\/09\/22\/pere-borguny-3\/#_ftnref\">[10]<\/a> Obras completas de S. V. de Paul \u00abCarta de Luis XIV AL Baj\u00e1 de Argel\u00bb. Ed. S\u00edguime, Salamanca 1977. Tomo V, p\u00e1g.612.<\/p>\n<p><a href=\"http:\/\/www.lamissio.com\/2010\/09\/22\/pere-borguny-3\/#_ftnref\">[11]<\/a> Archivo Episcopal de Mallorca. Libro de matrimonios de Santa Eulalia.<\/p>\n<p><a href=\"http:\/\/www.lamissio.com\/2010\/09\/22\/pere-borguny-3\/#_ftnref\">[12]<\/a> Propaganda Fide. \u00abRelato de la vida y martirio\u00bb, escrito por el P. Levacher y enviado a Roma en 1655. Ref. \u00c1frica, vol. 248, folios 140 a 15\u00ba.<\/p>\n<p><a href=\"http:\/\/www.lamissio.com\/2010\/09\/22\/pere-borguny-3\/#_ftnref\">[13]<\/a> Plaza conquistada a los moros por el Cardenal Arzobispo de Toledo Fr, Francisco Xim\u00e9nez de Cisneros, gobernador de Espa\u00f1a, en 1509.<\/p>\n<p><a href=\"http:\/\/www.lamissio.com\/2010\/09\/22\/pere-borguny-3\/#_ftnref\">[14]<\/a> Ignacio Vidondo, Mercedario.\u00bbEspejo Cat\u00f3lico\u2026 \u00ab. Publicado en Pamplona en 1658. Biblioteca General de Navarra<\/p>\n<p><a href=\"http:\/\/www.lamissio.com\/2010\/09\/22\/pere-borguny-3\/#_ftnref\">[15]<\/a> Propaganda Fide \u00abRelato del P. Felipe Le Vacher, p\u00e1g. 147\u00bb<\/p>\n<p><a href=\"http:\/\/www.lamissio.com\/2010\/09\/22\/pere-borguny-3\/#_ftnref\">[16]<\/a> El Espejo Cat\u00f3lico.. p\u00e1g. 407<\/p>\n<p><a href=\"http:\/\/www.lamissio.com\/2010\/09\/22\/pere-borguny-3\/#_ftnref\">[17]<\/a> Propaganda Fide. Relato de Felipe Le vacher, p\u00e1g. 154.<\/p>\n<p><a href=\"http:\/\/www.lamissio.com\/2010\/09\/22\/pere-borguny-3\/#_ftnref\">[18]<\/a> Lugar de reuni\u00f3n y administraci\u00f3n de justicia de Argel<\/p>\n<p><a href=\"http:\/\/www.lamissio.com\/2010\/09\/22\/pere-borguny-3\/#_ftnref\">[19]<\/a> El Espejo Cat\u00f3lico, Cap VIII, p\u00e1g 408<\/p>\n<p><a href=\"http:\/\/www.lamissio.com\/2010\/09\/22\/pere-borguny-3\/#_ftnref\">[20]<\/a> Obras completas de S. Vicente. 11 de noviembre de 1657. Ed. S\u00edgueme. Salamanca 1974, p\u00e1g. 311.<\/p>\n<p><a href=\"http:\/\/www.lamissio.com\/2010\/09\/22\/pere-borguny-3\/#_ftnref\">[21]<\/a> Propaganda Fide. Relato del P. Le Vacher, p\u00e1g. 155 v\u00ba<\/p>\n<p><a href=\"http:\/\/www.lamissio.com\/2010\/09\/22\/pere-borguny-3\/#_ftnref\">[22]<\/a> Calle Call, 7 en la ciudad de Palma<\/p>\n<p><a href=\"http:\/\/www.lamissio.com\/2010\/09\/22\/pere-borguny-3\/#_ftnref\">[23]<\/a> Conf. carta de cesi\u00f3n en el Archivo Municipal del Palma.<\/p>\n<p><a href=\"http:\/\/www.lamissio.com\/2010\/09\/22\/pere-borguny-3\/#_ftnref\">[24]<\/a> Conf. Acta de reconocimiento. ACMP. Y Arch. Municipal<\/p>\n<p><a href=\"http:\/\/www.lamissio.com\/2010\/09\/22\/pere-borguny-3\/#_ftnref\">[25]<\/a> F. Nualart, Biograf\u00eda, p\u00e1gina 140.<\/p>\n<p><a href=\"http:\/\/www.lamissio.com\/2010\/09\/22\/pere-borguny-3\/#_ftnref\">[26]<\/a> Luisa Mar\u00eda de Gonzaga, reina de Polonia<\/p>\n<p><a href=\"http:\/\/www.lamissio.com\/2010\/09\/22\/pere-borguny-3\/#_ftnref\">[27]<\/a> Obras completas de San Vicente de Pa\u00fal, Ed. S\u00edgueme, Salamanca, 1976. Tomo V, p\u00e1gs. 318-319<\/p>\n<p><a href=\"http:\/\/www.lamissio.com\/2010\/09\/22\/pere-borguny-3\/#_ftnref\">[28]<\/a> Idem. Salamanca 1974.Tomo XI, p\u00e1gs. 213 a 216.<\/p>\n<p><a href=\"http:\/\/www.lamissio.com\/2010\/09\/22\/pere-borguny-3\/#_ftnref\">[29]<\/a> Vida y Martirio del Siervo de Dios Pedro Borguny martirizado en Argel a los 30 de agosto de 1654. Publicada en Roma en 1780.<\/p>\n<p><a href=\"http:\/\/www.lamissio.com\/2010\/09\/22\/pere-borguny-3\/#_ftnref\">[30]<\/a> Conf. Actas Ayuntamiento de 1777, f. 187 v\u00ba<\/p>\n<p><a href=\"http:\/\/www.lamissio.com\/2010\/09\/22\/pere-borguny-3\/#_ftnref\">[31]<\/a> Archivo Episcopal. Caj\u00f3n de venerables. Causa Pedro Borguny<\/p>\n<p><a href=\"http:\/\/www.lamissio.com\/2010\/09\/22\/pere-borguny-3\/#_ftnref\">[32]<\/a> Vida y Martirio del Siervo de Dios Pedro Borguny, natural de la ciudad de Palma capital de la isla de Mallorca, martirizado en Argel el d\u00eda 30 de agosto de 1654. Escrita por el Postulador de la causa de Beatificaci\u00f3n de dicho Siervo de Dios. Mallorca: Imprenta de Felipe Guasp. A\u00f1o 1820.<\/p>\n<p><a href=\"http:\/\/www.lamissio.com\/2010\/09\/22\/pere-borguny-3\/#_ftnref\">[33]<\/a> Diario \u00daLTIMA HORA\u00bb. 18\/11\/1953, p\u00e1gina segunda.<\/p>\n","protected":false},"excerpt":{"rendered":"<p>\u00ab\u00bfA qu\u00e9 esper\u00e1is? No obedecer\u00e9 nunca a lo mandado por el rey. Yo har\u00e9 caso de la Ley dada a nuestros padres. Y t\u00fa, que has inventado todas las desgracias, no escapar\u00e1s de las manos &#8230; <a href=\"http:\/\/vincentians.com\/es\/breve-biografia-de-pedro-borguny\/\" class=\"more-link\">Read More<\/a><\/p>\n","protected":false},"author":4,"featured_media":399888,"comment_status":"open","ping_status":"open","sticky":false,"template":"","format":"standard","meta":{"jetpack_post_was_ever_published":false,"_jetpack_newsletter_access":"","_jetpack_dont_email_post_to_subs":false,"_jetpack_newsletter_tier_id":0,"_jetpack_memberships_contains_paywalled_content":false,"_jetpack_memberships_contains_paid_content":false,"footnotes":"","jetpack_publicize_message":"","jetpack_publicize_feature_enabled":true,"jetpack_social_post_already_shared":true,"jetpack_social_options":{"image_generator_settings":{"template":"highway","default_image_id":0,"font":"","enabled":false},"version":2}},"categories":[16],"tags":[168,288,143],"class_list":["post-22577","post","type-post","status-publish","format-standard","has-post-thumbnail","hentry","category-congregacion-de-la-mision","tag-argel","tag-levacher","tag-san-lazaro"],"yoast_head":"<!-- This site is optimized with the Yoast SEO plugin v26.3 - https:\/\/yoast.com\/wordpress\/plugins\/seo\/ -->\n<title>Breve biograf\u00eda de Pedro Borguny - Somos Vicencianos<\/title>\n<meta name=\"robots\" content=\"index, follow, max-snippet:-1, max-image-preview:large, max-video-preview:-1\" \/>\n<link rel=\"canonical\" href=\"https:\/\/vincentians.com\/es\/breve-biografia-de-pedro-borguny\/\" \/>\n<meta property=\"og:locale\" content=\"es_ES\" \/>\n<meta property=\"og:type\" content=\"article\" \/>\n<meta property=\"og:title\" content=\"Breve biograf\u00eda de Pedro Borguny - Somos Vicencianos\" \/>\n<meta property=\"og:description\" content=\"\u00ab\u00bfA qu\u00e9 esper\u00e1is? No obedecer\u00e9 nunca a lo mandado por el rey. Yo har\u00e9 caso de la Ley dada a nuestros padres. Y t\u00fa, que has inventado todas las desgracias, no escapar\u00e1s de las manos ... Read More\" \/>\n<meta property=\"og:url\" content=\"https:\/\/vincentians.com\/es\/breve-biografia-de-pedro-borguny\/\" \/>\n<meta property=\"og:site_name\" content=\"Somos Vicencianos\" \/>\n<meta property=\"article:publisher\" content=\"https:\/\/www.facebook.com\/WeAreVincentians\/\" \/>\n<meta property=\"article:author\" content=\"https:\/\/www.facebook.com\/JavierChento\" \/>\n<meta property=\"article:published_time\" content=\"2022-11-23T07:34:43+00:00\" \/>\n<meta property=\"og:image\" content=\"https:\/\/i0.wp.com\/vincentians.com\/es\/wp-content\/uploads\/sites\/11\/2016\/09\/ojos-jesucristo.jpg?fit=1200%2C630&ssl=1\" \/>\n\t<meta property=\"og:image:width\" content=\"1200\" \/>\n\t<meta property=\"og:image:height\" content=\"630\" \/>\n\t<meta property=\"og:image:type\" content=\"image\/jpeg\" \/>\n<meta name=\"author\" content=\"Francisco Javier Fern\u00e1ndez Chento\" \/>\n<meta name=\"twitter:card\" content=\"summary_large_image\" \/>\n<meta name=\"twitter:creator\" content=\"@https:\/\/twitter.com\/javierchento\" \/>\n<meta name=\"twitter:site\" content=\"@WeVincentians\" \/>\n<meta name=\"twitter:label1\" content=\"Escrito por\" \/>\n\t<meta name=\"twitter:data1\" content=\"Francisco Javier Fern\u00e1ndez Chento\" \/>\n\t<meta name=\"twitter:label2\" content=\"Tiempo de lectura\" \/>\n\t<meta name=\"twitter:data2\" content=\"33 minutos\" \/>\n<script type=\"application\/ld+json\" class=\"yoast-schema-graph\">{\"@context\":\"https:\/\/schema.org\",\"@graph\":[{\"@type\":\"Article\",\"@id\":\"https:\/\/vincentians.com\/es\/breve-biografia-de-pedro-borguny\/#article\",\"isPartOf\":{\"@id\":\"https:\/\/vincentians.com\/es\/breve-biografia-de-pedro-borguny\/\"},\"author\":{\"name\":\"Francisco Javier Fern\u00e1ndez Chento\",\"@id\":\"http:\/\/vincentians.com\/es\/#\/schema\/person\/9623ef4d9aa3b2dfb8c061f1499288f2\"},\"headline\":\"Breve biograf\u00eda de Pedro Borguny\",\"datePublished\":\"2022-11-23T07:34:43+00:00\",\"mainEntityOfPage\":{\"@id\":\"https:\/\/vincentians.com\/es\/breve-biografia-de-pedro-borguny\/\"},\"wordCount\":6637,\"commentCount\":0,\"publisher\":{\"@id\":\"http:\/\/vincentians.com\/es\/#organization\"},\"image\":{\"@id\":\"https:\/\/vincentians.com\/es\/breve-biografia-de-pedro-borguny\/#primaryimage\"},\"thumbnailUrl\":\"https:\/\/i0.wp.com\/vincentians.com\/es\/wp-content\/uploads\/sites\/11\/2016\/09\/ojos-jesucristo.jpg?fit=1200%2C630\",\"keywords\":[\"Argel\",\"Levacher\",\"San L\u00e1zaro\"],\"articleSection\":[\"Congregaci\u00f3n de la Misi\u00f3n\"],\"inLanguage\":\"es\",\"potentialAction\":[{\"@type\":\"CommentAction\",\"name\":\"Comment\",\"target\":[\"https:\/\/vincentians.com\/es\/breve-biografia-de-pedro-borguny\/#respond\"]}]},{\"@type\":\"WebPage\",\"@id\":\"https:\/\/vincentians.com\/es\/breve-biografia-de-pedro-borguny\/\",\"url\":\"https:\/\/vincentians.com\/es\/breve-biografia-de-pedro-borguny\/\",\"name\":\"Breve biograf\u00eda de Pedro Borguny - Somos Vicencianos\",\"isPartOf\":{\"@id\":\"http:\/\/vincentians.com\/es\/#website\"},\"primaryImageOfPage\":{\"@id\":\"https:\/\/vincentians.com\/es\/breve-biografia-de-pedro-borguny\/#primaryimage\"},\"image\":{\"@id\":\"https:\/\/vincentians.com\/es\/breve-biografia-de-pedro-borguny\/#primaryimage\"},\"thumbnailUrl\":\"https:\/\/i0.wp.com\/vincentians.com\/es\/wp-content\/uploads\/sites\/11\/2016\/09\/ojos-jesucristo.jpg?fit=1200%2C630\",\"datePublished\":\"2022-11-23T07:34:43+00:00\",\"breadcrumb\":{\"@id\":\"https:\/\/vincentians.com\/es\/breve-biografia-de-pedro-borguny\/#breadcrumb\"},\"inLanguage\":\"es\",\"potentialAction\":[{\"@type\":\"ReadAction\",\"target\":[\"https:\/\/vincentians.com\/es\/breve-biografia-de-pedro-borguny\/\"]}]},{\"@type\":\"ImageObject\",\"inLanguage\":\"es\",\"@id\":\"https:\/\/vincentians.com\/es\/breve-biografia-de-pedro-borguny\/#primaryimage\",\"url\":\"https:\/\/i0.wp.com\/vincentians.com\/es\/wp-content\/uploads\/sites\/11\/2016\/09\/ojos-jesucristo.jpg?fit=1200%2C630\",\"contentUrl\":\"https:\/\/i0.wp.com\/vincentians.com\/es\/wp-content\/uploads\/sites\/11\/2016\/09\/ojos-jesucristo.jpg?fit=1200%2C630\",\"width\":1200,\"height\":630},{\"@type\":\"BreadcrumbList\",\"@id\":\"https:\/\/vincentians.com\/es\/breve-biografia-de-pedro-borguny\/#breadcrumb\",\"itemListElement\":[{\"@type\":\"ListItem\",\"position\":1,\"name\":\"Portada\",\"item\":\"http:\/\/vincentians.com\/es\/\"},{\"@type\":\"ListItem\",\"position\":2,\"name\":\"Breve biograf\u00eda de Pedro Borguny\"}]},{\"@type\":\"WebSite\",\"@id\":\"http:\/\/vincentians.com\/es\/#website\",\"url\":\"http:\/\/vincentians.com\/es\/\",\"name\":\"Somos Vicencianos\",\"description\":\"Know more to serve more\",\"publisher\":{\"@id\":\"http:\/\/vincentians.com\/es\/#organization\"},\"potentialAction\":[{\"@type\":\"SearchAction\",\"target\":{\"@type\":\"EntryPoint\",\"urlTemplate\":\"http:\/\/vincentians.com\/es\/?s={search_term_string}\"},\"query-input\":{\"@type\":\"PropertyValueSpecification\",\"valueRequired\":true,\"valueName\":\"search_term_string\"}}],\"inLanguage\":\"es\"},{\"@type\":\"Organization\",\"@id\":\"http:\/\/vincentians.com\/es\/#organization\",\"name\":\"The Vincentian Network\",\"url\":\"http:\/\/vincentians.com\/es\/\",\"logo\":{\"@type\":\"ImageObject\",\"inLanguage\":\"es\",\"@id\":\"http:\/\/vincentians.com\/es\/#\/schema\/logo\/image\/\",\"url\":\"https:\/\/i1.wp.com\/vincentians.com\/es\/wp-content\/uploads\/sites\/11\/2016\/06\/Vincentian-Network-logo-big.png?fit=778%2C778\",\"contentUrl\":\"https:\/\/i1.wp.com\/vincentians.com\/es\/wp-content\/uploads\/sites\/11\/2016\/06\/Vincentian-Network-logo-big.png?fit=778%2C778\",\"width\":778,\"height\":778,\"caption\":\"The Vincentian Network\"},\"image\":{\"@id\":\"http:\/\/vincentians.com\/es\/#\/schema\/logo\/image\/\"},\"sameAs\":[\"https:\/\/www.facebook.com\/WeAreVincentians\/\",\"https:\/\/x.com\/WeVincentians\"]},{\"@type\":\"Person\",\"@id\":\"http:\/\/vincentians.com\/es\/#\/schema\/person\/9623ef4d9aa3b2dfb8c061f1499288f2\",\"name\":\"Francisco Javier Fern\u00e1ndez Chento\",\"image\":{\"@type\":\"ImageObject\",\"inLanguage\":\"es\",\"@id\":\"http:\/\/vincentians.com\/es\/#\/schema\/person\/image\/\",\"url\":\"https:\/\/secure.gravatar.com\/avatar\/497d5cde87b4c3d097d0315953521681ba2cd523ee66e5077c3711f7021e65de?s=96&d=mm&r=g\",\"contentUrl\":\"https:\/\/secure.gravatar.com\/avatar\/497d5cde87b4c3d097d0315953521681ba2cd523ee66e5077c3711f7021e65de?s=96&d=mm&r=g\",\"caption\":\"Francisco Javier Fern\u00e1ndez Chento\"},\"description\":\"Director General y cofundador de La Red de Formaci\u00f3n Vicenciana. Javier es laico vicenciano, afiliado a la Congregaci\u00f3n de la Misi\u00f3n y miembro del Equipo de Misiones Populares de la provincia can\u00f3nica de Zaragoza (Espa\u00f1a) de la Congregaci\u00f3n de la Misi\u00f3n. Graduado en la Universidad Oberta de Catalunya con cuatro grados (Asistente de direcci\u00f3n, Gesti\u00f3n Administrativa, Recursos Humanos y Contabilidad Avanzada). Bil\u00edng\u00fce Espa\u00f1ol\/Ingl\u00e9s. gestiona y mantiene varias p\u00e1ginas web cristianas y vicencianas, incluida including La Red de Formaci\u00f3n Vicenciana, de la que es cofundador. Actualmente es responsable del \u00e1rea de Espa\u00f1ol de .famvin, la Red de Noticias de la Familia Vicenciana. Tambi\u00e9n es m\u00fasico cat\u00f3lico y ha editado varios discos. Es Director General y cofundador de Trovador, una reconocida compa\u00f1\u00eda discogr\u00e1fica critiana de Espa\u00f1a. Trabaja en las Tecnolog\u00edas de la Informaci\u00f3n, ofreciendo servicios de alojamiento, dise\u00f1o y mantenimiento Web, as\u00ed como asesoramiento, formaci\u00f3n y soluciones inform\u00e1ticas, gesti\u00f3n documental y digitalizaci\u00f3n de textos, edici\u00f3n y maquetaci\u00f3n de libros, revistas, flyers, etc.\",\"sameAs\":[\"http:\/\/chento.org\",\"https:\/\/www.facebook.com\/JavierChento\",\"https:\/\/x.com\/https:\/\/twitter.com\/javierchento\"],\"url\":\"http:\/\/vincentians.com\/es\/author\/chento\/\"}]}<\/script>\n<!-- \/ Yoast SEO plugin. -->","yoast_head_json":{"title":"Breve biograf\u00eda de Pedro Borguny - Somos Vicencianos","robots":{"index":"index","follow":"follow","max-snippet":"max-snippet:-1","max-image-preview":"max-image-preview:large","max-video-preview":"max-video-preview:-1"},"canonical":"https:\/\/vincentians.com\/es\/breve-biografia-de-pedro-borguny\/","og_locale":"es_ES","og_type":"article","og_title":"Breve biograf\u00eda de Pedro Borguny - Somos Vicencianos","og_description":"\u00ab\u00bfA qu\u00e9 esper\u00e1is? No obedecer\u00e9 nunca a lo mandado por el rey. Yo har\u00e9 caso de la Ley dada a nuestros padres. Y t\u00fa, que has inventado todas las desgracias, no escapar\u00e1s de las manos ... Read More","og_url":"https:\/\/vincentians.com\/es\/breve-biografia-de-pedro-borguny\/","og_site_name":"Somos Vicencianos","article_publisher":"https:\/\/www.facebook.com\/WeAreVincentians\/","article_author":"https:\/\/www.facebook.com\/JavierChento","article_published_time":"2022-11-23T07:34:43+00:00","og_image":[{"width":1200,"height":630,"url":"https:\/\/i0.wp.com\/vincentians.com\/es\/wp-content\/uploads\/sites\/11\/2016\/09\/ojos-jesucristo.jpg?fit=1200%2C630&ssl=1","type":"image\/jpeg"}],"author":"Francisco Javier Fern\u00e1ndez Chento","twitter_card":"summary_large_image","twitter_creator":"@https:\/\/twitter.com\/javierchento","twitter_site":"@WeVincentians","twitter_misc":{"Escrito por":"Francisco Javier Fern\u00e1ndez Chento","Tiempo de lectura":"33 minutos"},"schema":{"@context":"https:\/\/schema.org","@graph":[{"@type":"Article","@id":"https:\/\/vincentians.com\/es\/breve-biografia-de-pedro-borguny\/#article","isPartOf":{"@id":"https:\/\/vincentians.com\/es\/breve-biografia-de-pedro-borguny\/"},"author":{"name":"Francisco Javier Fern\u00e1ndez Chento","@id":"http:\/\/vincentians.com\/es\/#\/schema\/person\/9623ef4d9aa3b2dfb8c061f1499288f2"},"headline":"Breve biograf\u00eda de Pedro Borguny","datePublished":"2022-11-23T07:34:43+00:00","mainEntityOfPage":{"@id":"https:\/\/vincentians.com\/es\/breve-biografia-de-pedro-borguny\/"},"wordCount":6637,"commentCount":0,"publisher":{"@id":"http:\/\/vincentians.com\/es\/#organization"},"image":{"@id":"https:\/\/vincentians.com\/es\/breve-biografia-de-pedro-borguny\/#primaryimage"},"thumbnailUrl":"https:\/\/i0.wp.com\/vincentians.com\/es\/wp-content\/uploads\/sites\/11\/2016\/09\/ojos-jesucristo.jpg?fit=1200%2C630","keywords":["Argel","Levacher","San L\u00e1zaro"],"articleSection":["Congregaci\u00f3n de la Misi\u00f3n"],"inLanguage":"es","potentialAction":[{"@type":"CommentAction","name":"Comment","target":["https:\/\/vincentians.com\/es\/breve-biografia-de-pedro-borguny\/#respond"]}]},{"@type":"WebPage","@id":"https:\/\/vincentians.com\/es\/breve-biografia-de-pedro-borguny\/","url":"https:\/\/vincentians.com\/es\/breve-biografia-de-pedro-borguny\/","name":"Breve biograf\u00eda de Pedro Borguny - Somos Vicencianos","isPartOf":{"@id":"http:\/\/vincentians.com\/es\/#website"},"primaryImageOfPage":{"@id":"https:\/\/vincentians.com\/es\/breve-biografia-de-pedro-borguny\/#primaryimage"},"image":{"@id":"https:\/\/vincentians.com\/es\/breve-biografia-de-pedro-borguny\/#primaryimage"},"thumbnailUrl":"https:\/\/i0.wp.com\/vincentians.com\/es\/wp-content\/uploads\/sites\/11\/2016\/09\/ojos-jesucristo.jpg?fit=1200%2C630","datePublished":"2022-11-23T07:34:43+00:00","breadcrumb":{"@id":"https:\/\/vincentians.com\/es\/breve-biografia-de-pedro-borguny\/#breadcrumb"},"inLanguage":"es","potentialAction":[{"@type":"ReadAction","target":["https:\/\/vincentians.com\/es\/breve-biografia-de-pedro-borguny\/"]}]},{"@type":"ImageObject","inLanguage":"es","@id":"https:\/\/vincentians.com\/es\/breve-biografia-de-pedro-borguny\/#primaryimage","url":"https:\/\/i0.wp.com\/vincentians.com\/es\/wp-content\/uploads\/sites\/11\/2016\/09\/ojos-jesucristo.jpg?fit=1200%2C630","contentUrl":"https:\/\/i0.wp.com\/vincentians.com\/es\/wp-content\/uploads\/sites\/11\/2016\/09\/ojos-jesucristo.jpg?fit=1200%2C630","width":1200,"height":630},{"@type":"BreadcrumbList","@id":"https:\/\/vincentians.com\/es\/breve-biografia-de-pedro-borguny\/#breadcrumb","itemListElement":[{"@type":"ListItem","position":1,"name":"Portada","item":"http:\/\/vincentians.com\/es\/"},{"@type":"ListItem","position":2,"name":"Breve biograf\u00eda de Pedro Borguny"}]},{"@type":"WebSite","@id":"http:\/\/vincentians.com\/es\/#website","url":"http:\/\/vincentians.com\/es\/","name":"Somos Vicencianos","description":"Know more to serve more","publisher":{"@id":"http:\/\/vincentians.com\/es\/#organization"},"potentialAction":[{"@type":"SearchAction","target":{"@type":"EntryPoint","urlTemplate":"http:\/\/vincentians.com\/es\/?s={search_term_string}"},"query-input":{"@type":"PropertyValueSpecification","valueRequired":true,"valueName":"search_term_string"}}],"inLanguage":"es"},{"@type":"Organization","@id":"http:\/\/vincentians.com\/es\/#organization","name":"The Vincentian Network","url":"http:\/\/vincentians.com\/es\/","logo":{"@type":"ImageObject","inLanguage":"es","@id":"http:\/\/vincentians.com\/es\/#\/schema\/logo\/image\/","url":"https:\/\/i1.wp.com\/vincentians.com\/es\/wp-content\/uploads\/sites\/11\/2016\/06\/Vincentian-Network-logo-big.png?fit=778%2C778","contentUrl":"https:\/\/i1.wp.com\/vincentians.com\/es\/wp-content\/uploads\/sites\/11\/2016\/06\/Vincentian-Network-logo-big.png?fit=778%2C778","width":778,"height":778,"caption":"The Vincentian Network"},"image":{"@id":"http:\/\/vincentians.com\/es\/#\/schema\/logo\/image\/"},"sameAs":["https:\/\/www.facebook.com\/WeAreVincentians\/","https:\/\/x.com\/WeVincentians"]},{"@type":"Person","@id":"http:\/\/vincentians.com\/es\/#\/schema\/person\/9623ef4d9aa3b2dfb8c061f1499288f2","name":"Francisco Javier Fern\u00e1ndez Chento","image":{"@type":"ImageObject","inLanguage":"es","@id":"http:\/\/vincentians.com\/es\/#\/schema\/person\/image\/","url":"https:\/\/secure.gravatar.com\/avatar\/497d5cde87b4c3d097d0315953521681ba2cd523ee66e5077c3711f7021e65de?s=96&d=mm&r=g","contentUrl":"https:\/\/secure.gravatar.com\/avatar\/497d5cde87b4c3d097d0315953521681ba2cd523ee66e5077c3711f7021e65de?s=96&d=mm&r=g","caption":"Francisco Javier Fern\u00e1ndez Chento"},"description":"Director General y cofundador de La Red de Formaci\u00f3n Vicenciana. Javier es laico vicenciano, afiliado a la Congregaci\u00f3n de la Misi\u00f3n y miembro del Equipo de Misiones Populares de la provincia can\u00f3nica de Zaragoza (Espa\u00f1a) de la Congregaci\u00f3n de la Misi\u00f3n. Graduado en la Universidad Oberta de Catalunya con cuatro grados (Asistente de direcci\u00f3n, Gesti\u00f3n Administrativa, Recursos Humanos y Contabilidad Avanzada). Bil\u00edng\u00fce Espa\u00f1ol\/Ingl\u00e9s. gestiona y mantiene varias p\u00e1ginas web cristianas y vicencianas, incluida including La Red de Formaci\u00f3n Vicenciana, de la que es cofundador. Actualmente es responsable del \u00e1rea de Espa\u00f1ol de .famvin, la Red de Noticias de la Familia Vicenciana. Tambi\u00e9n es m\u00fasico cat\u00f3lico y ha editado varios discos. Es Director General y cofundador de Trovador, una reconocida compa\u00f1\u00eda discogr\u00e1fica critiana de Espa\u00f1a. Trabaja en las Tecnolog\u00edas de la Informaci\u00f3n, ofreciendo servicios de alojamiento, dise\u00f1o y mantenimiento Web, as\u00ed como asesoramiento, formaci\u00f3n y soluciones inform\u00e1ticas, gesti\u00f3n documental y digitalizaci\u00f3n de textos, edici\u00f3n y maquetaci\u00f3n de libros, revistas, flyers, etc.","sameAs":["http:\/\/chento.org","https:\/\/www.facebook.com\/JavierChento","https:\/\/x.com\/https:\/\/twitter.com\/javierchento"],"url":"http:\/\/vincentians.com\/es\/author\/chento\/"}]}},"jetpack_publicize_connections":[],"jetpack_featured_media_url":"https:\/\/i0.wp.com\/vincentians.com\/es\/wp-content\/uploads\/sites\/11\/2016\/09\/ojos-jesucristo.jpg?fit=1200%2C630","jetpack_sharing_enabled":true,"jetpack_shortlink":"https:\/\/wp.me\/p7ETMF-5S9","jetpack-related-posts":[{"id":22562,"url":"http:\/\/vincentians.com\/es\/san-vicente-cuenta-el-martirio-de-pedro-borguny\/","url_meta":{"origin":22577,"position":0},"title":"San Vicente cuenta el martirio de Pedro Borguny","author":"Francisco Javier Fern\u00e1ndez Chento","date":"15\/08\/2013","format":false,"excerpt":"\"El padre Le Vacher me dice desde Argel que un joven cristiano de 21\u00a0\u00f3 22 a\u00f1os, mallorqu\u00edn de nacimiento, se hab\u00eda hecho turco, pero enseguida sinti\u00f3 tanto remordimiento que fue a buscar al pach\u00e1, pisote\u00f3 su turbante ante sus pies detestando de Mahoma y de su religi\u00f3n, proclamando que era\u2026","rel":"","context":"En \u00abCongregaci\u00f3n de la Misi\u00f3n\u00bb","block_context":{"text":"Congregaci\u00f3n de la Misi\u00f3n","link":"http:\/\/vincentians.com\/es\/category\/la-familia-vicenciana\/ramas\/congregacion-de-la-mision\/"},"img":{"alt_text":"","src":"https:\/\/i0.wp.com\/vicencianos.org\/wp-content\/2011\/10\/logo_cm3-232x300.jpg?resize=350%2C200","width":350,"height":200},"classes":[]},{"id":80370,"url":"http:\/\/vincentians.com\/es\/p-fernando-nualart-segundo-visitador-1781-1788-i\/","url_meta":{"origin":22577,"position":1},"title":"Fernando Nualart. Segundo Visitador (1781-1788) (I)","author":"Mitxel Olabu\u00e9naga","date":"16\/09\/2017","format":false,"excerpt":"CAPITULO PRIMERO Misionero.\u2014Superior de las casas de Guisona y Mallorca.\u2014Postulador de la causa de beatificaci\u00f3n y bi\u00f3grafo de Pedro Borguny (1728-1781). El 30 de abril de 1746 ingresaba en el no\u00adviciado de la Congregaci\u00f3n de la Misi\u00f3n de la casa de Barcelona Fernando Nualart, \"estu\u00addiante ret\u00f3rico\". Terminado que hubo sus\u2026","rel":"","context":"En \u00abBiograf\u00edas de Misioneros Pa\u00fales\u00bb","block_context":{"text":"Biograf\u00edas de Misioneros Pa\u00fales","link":"http:\/\/vincentians.com\/es\/category\/la-familia-vicenciana\/biografias-vicencianas\/biografias-de-misioneros-paules\/"},"img":{"alt_text":"","src":"https:\/\/i0.wp.com\/vincentians.com\/es\/wp-content\/uploads\/sites\/11\/2016\/07\/bio-cm.jpg?fit=1200%2C630&resize=350%2C200","width":350,"height":200,"srcset":"https:\/\/i0.wp.com\/vincentians.com\/es\/wp-content\/uploads\/sites\/11\/2016\/07\/bio-cm.jpg?fit=1200%2C630&resize=350%2C200 1x, https:\/\/i0.wp.com\/vincentians.com\/es\/wp-content\/uploads\/sites\/11\/2016\/07\/bio-cm.jpg?fit=1200%2C630&resize=525%2C300 1.5x, https:\/\/i0.wp.com\/vincentians.com\/es\/wp-content\/uploads\/sites\/11\/2016\/07\/bio-cm.jpg?fit=1200%2C630&resize=700%2C400 2x, https:\/\/i0.wp.com\/vincentians.com\/es\/wp-content\/uploads\/sites\/11\/2016\/07\/bio-cm.jpg?fit=1200%2C630&resize=1050%2C600 3x"},"classes":[]},{"id":22594,"url":"http:\/\/vincentians.com\/es\/pedro-borguny-un-fruto-maduro-de-la-mision-de-los-hijos-de-vicente-de-paul-en-argel\/","url_meta":{"origin":22577,"position":2},"title":"Pedro Borguny, un fruto maduro de la Misi\u00f3n de los hijos de Vicente de Pa\u00fal en Argel","author":"Mitxel Olabu\u00e9naga","date":"16\/08\/2013","format":false,"excerpt":"No sabemos a ciencia cierta si San Vicente anduvo por tierras africanas, hecho un esclavo de tantos. Lo que no se puede negar es el conocimiento que ten\u00eda de la pirater\u00eda mediterr\u00e1nea y de los males que aflig\u00edan a los pobres esclavos. T\u00fanez y Argel flotaban en su mente como\u2026","rel":"","context":"En \u00abBiograf\u00edas de Misioneros Pa\u00fales\u00bb","block_context":{"text":"Biograf\u00edas de Misioneros Pa\u00fales","link":"http:\/\/vincentians.com\/es\/category\/la-familia-vicenciana\/biografias-vicencianas\/biografias-de-misioneros-paules\/"},"img":{"alt_text":"","src":"https:\/\/i0.wp.com\/vincentians.com\/es\/wp-content\/uploads\/sites\/11\/2016\/07\/bio-cm.jpg?fit=1200%2C630&resize=350%2C200","width":350,"height":200,"srcset":"https:\/\/i0.wp.com\/vincentians.com\/es\/wp-content\/uploads\/sites\/11\/2016\/07\/bio-cm.jpg?fit=1200%2C630&resize=350%2C200 1x, https:\/\/i0.wp.com\/vincentians.com\/es\/wp-content\/uploads\/sites\/11\/2016\/07\/bio-cm.jpg?fit=1200%2C630&resize=525%2C300 1.5x, https:\/\/i0.wp.com\/vincentians.com\/es\/wp-content\/uploads\/sites\/11\/2016\/07\/bio-cm.jpg?fit=1200%2C630&resize=700%2C400 2x, https:\/\/i0.wp.com\/vincentians.com\/es\/wp-content\/uploads\/sites\/11\/2016\/07\/bio-cm.jpg?fit=1200%2C630&resize=1050%2C600 3x"},"classes":[]},{"id":12237,"url":"http:\/\/vincentians.com\/es\/vicente-de-paul-conferencia-067-extracto-de-una-conferencia\/","url_meta":{"origin":22577,"position":3},"title":"Vicente de Pa\u00fal, Conferencia 067: Extracto De Una Conferencia","author":"Francisco Javier Fern\u00e1ndez Chento","date":"05\/08\/2009","format":false,"excerpt":"RELATO DEL MARTIRIO DE PEDRO BORGUNY EN ARGEL, 1654-1655 Coraje y fe de este joven, que prefiri\u00f3 la muerte antes que abrazar el Islam. No puedo menos de expresaros los sentimientos que Dios me da ante este joven del que os he hablado, y al que han matado en la\u2026","rel":"","context":"En \u00abEscritos de Vicente de Pa\u00fal\u00bb","block_context":{"text":"Escritos de Vicente de Pa\u00fal","link":"http:\/\/vincentians.com\/es\/category\/escritos\/escritos-de-vicente-de-paul\/"},"img":{"alt_text":"","src":"https:\/\/i0.wp.com\/vincentians.com\/es\/wp-content\/uploads\/sites\/11\/2016\/07\/escritos-vicente-de-paul.jpg?fit=1200%2C630&resize=350%2C200","width":350,"height":200,"srcset":"https:\/\/i0.wp.com\/vincentians.com\/es\/wp-content\/uploads\/sites\/11\/2016\/07\/escritos-vicente-de-paul.jpg?fit=1200%2C630&resize=350%2C200 1x, https:\/\/i0.wp.com\/vincentians.com\/es\/wp-content\/uploads\/sites\/11\/2016\/07\/escritos-vicente-de-paul.jpg?fit=1200%2C630&resize=525%2C300 1.5x, https:\/\/i0.wp.com\/vincentians.com\/es\/wp-content\/uploads\/sites\/11\/2016\/07\/escritos-vicente-de-paul.jpg?fit=1200%2C630&resize=700%2C400 2x, https:\/\/i0.wp.com\/vincentians.com\/es\/wp-content\/uploads\/sites\/11\/2016\/07\/escritos-vicente-de-paul.jpg?fit=1200%2C630&resize=1050%2C600 3x"},"classes":[]},{"id":91465,"url":"http:\/\/vincentians.com\/es\/jose-armeato\/","url_meta":{"origin":22577,"position":4},"title":"Jos\u00e9 Armeato","author":"Mitxel Olabu\u00e9naga","date":"23\/06\/2012","format":false,"excerpt":"P. Jos\u00e9 Armeato.\u2014Natural de Benavente (Za\u00admora), donde naci\u00f3 el 28 de octubre de 1699. Ingres\u00f3 en la Congregaci\u00f3n en la casa de Roma el 2 de junio de 1730 y dos a\u00f1os despu\u00e9s hizo los votos el 7 de di\u00adcho mes. Lleg\u00f3 destinado a la casa de Barcelona el 8\u2026","rel":"","context":"En \u00abBiograf\u00edas de Misioneros Pa\u00fales\u00bb","block_context":{"text":"Biograf\u00edas de Misioneros Pa\u00fales","link":"http:\/\/vincentians.com\/es\/category\/la-familia-vicenciana\/biografias-vicencianas\/biografias-de-misioneros-paules\/"},"img":{"alt_text":"","src":"https:\/\/i0.wp.com\/vincentians.com\/es\/wp-content\/uploads\/sites\/11\/2016\/07\/bio-cm.jpg?fit=1200%2C630&resize=350%2C200","width":350,"height":200,"srcset":"https:\/\/i0.wp.com\/vincentians.com\/es\/wp-content\/uploads\/sites\/11\/2016\/07\/bio-cm.jpg?fit=1200%2C630&resize=350%2C200 1x, https:\/\/i0.wp.com\/vincentians.com\/es\/wp-content\/uploads\/sites\/11\/2016\/07\/bio-cm.jpg?fit=1200%2C630&resize=525%2C300 1.5x, https:\/\/i0.wp.com\/vincentians.com\/es\/wp-content\/uploads\/sites\/11\/2016\/07\/bio-cm.jpg?fit=1200%2C630&resize=700%2C400 2x, https:\/\/i0.wp.com\/vincentians.com\/es\/wp-content\/uploads\/sites\/11\/2016\/07\/bio-cm.jpg?fit=1200%2C630&resize=1050%2C600 3x"},"classes":[]},{"id":93561,"url":"http:\/\/vincentians.com\/es\/p-fernando-nualart\/","url_meta":{"origin":22577,"position":5},"title":"Fernando Nualart","author":"Mitxel Olabu\u00e9naga","date":"09\/07\/2012","format":false,"excerpt":"56. P. Fernando Nualart.\u2014Escribimos en otra par\u00adte la vida de este ilustre Misionero, segundo Visitador de la Provincia espa\u00f1ola y uno de los principales instrumen\u00adtos de que se vali\u00f3 la Providencia para introducir las Hi\u00adjas de la Caridad en Espa\u00f1a. Consignaremos aqu\u00ed \u00fanica\u00admente que naci\u00f3 en Palautordera (Barcelona) el 15\u2026","rel":"","context":"En \u00abBiograf\u00edas de Misioneros Pa\u00fales\u00bb","block_context":{"text":"Biograf\u00edas de Misioneros Pa\u00fales","link":"http:\/\/vincentians.com\/es\/category\/la-familia-vicenciana\/biografias-vicencianas\/biografias-de-misioneros-paules\/"},"img":{"alt_text":"","src":"https:\/\/i0.wp.com\/vincentians.com\/es\/wp-content\/uploads\/sites\/11\/2016\/07\/bio-cm.jpg?fit=1200%2C630&resize=350%2C200","width":350,"height":200,"srcset":"https:\/\/i0.wp.com\/vincentians.com\/es\/wp-content\/uploads\/sites\/11\/2016\/07\/bio-cm.jpg?fit=1200%2C630&resize=350%2C200 1x, https:\/\/i0.wp.com\/vincentians.com\/es\/wp-content\/uploads\/sites\/11\/2016\/07\/bio-cm.jpg?fit=1200%2C630&resize=525%2C300 1.5x, https:\/\/i0.wp.com\/vincentians.com\/es\/wp-content\/uploads\/sites\/11\/2016\/07\/bio-cm.jpg?fit=1200%2C630&resize=700%2C400 2x, https:\/\/i0.wp.com\/vincentians.com\/es\/wp-content\/uploads\/sites\/11\/2016\/07\/bio-cm.jpg?fit=1200%2C630&resize=1050%2C600 3x"},"classes":[]}],"_links":{"self":[{"href":"http:\/\/vincentians.com\/es\/wp-json\/wp\/v2\/posts\/22577","targetHints":{"allow":["GET"]}}],"collection":[{"href":"http:\/\/vincentians.com\/es\/wp-json\/wp\/v2\/posts"}],"about":[{"href":"http:\/\/vincentians.com\/es\/wp-json\/wp\/v2\/types\/post"}],"author":[{"embeddable":true,"href":"http:\/\/vincentians.com\/es\/wp-json\/wp\/v2\/users\/4"}],"replies":[{"embeddable":true,"href":"http:\/\/vincentians.com\/es\/wp-json\/wp\/v2\/comments?post=22577"}],"version-history":[{"count":1,"href":"http:\/\/vincentians.com\/es\/wp-json\/wp\/v2\/posts\/22577\/revisions"}],"predecessor-version":[{"id":404420,"href":"http:\/\/vincentians.com\/es\/wp-json\/wp\/v2\/posts\/22577\/revisions\/404420"}],"wp:featuredmedia":[{"embeddable":true,"href":"http:\/\/vincentians.com\/es\/wp-json\/wp\/v2\/media\/399888"}],"wp:attachment":[{"href":"http:\/\/vincentians.com\/es\/wp-json\/wp\/v2\/media?parent=22577"}],"wp:term":[{"taxonomy":"category","embeddable":true,"href":"http:\/\/vincentians.com\/es\/wp-json\/wp\/v2\/categories?post=22577"},{"taxonomy":"post_tag","embeddable":true,"href":"http:\/\/vincentians.com\/es\/wp-json\/wp\/v2\/tags?post=22577"}],"curies":[{"name":"wp","href":"https:\/\/api.w.org\/{rel}","templated":true}]}}