{"id":22451,"date":"2017-06-12T00:01:19","date_gmt":"2017-06-11T22:01:19","guid":{"rendered":"http:\/\/somos.vicencianos.org\/blog\/2010\/06\/12\/tal-dia-como-hoy-12-de-junio\/"},"modified":"2016-07-24T09:05:43","modified_gmt":"2016-07-24T07:05:43","slug":"tal-dia-como-hoy-12-de-junio","status":"publish","type":"post","link":"http:\/\/vincentians.com\/es\/tal-dia-como-hoy-12-de-junio\/","title":{"rendered":"Tal d\u00eda como hoy: 12 de junio"},"content":{"rendered":"<p><strong>1816.<\/strong> En Burdeos, se embarcan con destino a  los Estados Unidos los sacerdotes F\u00e9lix de Andreis, Jos\u00e9 Rosati, Juan  Bautista Acquaroni y el hermano Mart\u00edn Blanca. Ser\u00e1n los primeros hijos  de san Vicente de Pa\u00fal que se instalen all\u00ed. El  Obispo de Nueva Orleans, Mons. Luis Guillermo Valent\u00edn Dubourg, que les  ha pedido su colaboraci\u00f3n, no puede partir con ellos. Tendr\u00e1n que  esperarle un a\u00f1o en el seminario Santo Tom\u00e1s de Bardstoiw.<\/p>\n<p><strong>1888.<\/strong> En la sala del Trono del  Vaticano y en presencia del papa Le\u00f3n XIII, la Sagrada Congregaci\u00f3n de  los Ritos responde afirmativamente a la pregunta: \u00bfHan sido constatados  el martirio, la causa del martirio, as\u00ed como los signos y milagros, en  el caso de Juan Gabriel Perboyre?.<\/p>\n<p><strong>1924.<\/strong> Se clausura en Shanghai el  primer Concilio plenario de China. De los cuarenta obispos  participantes, once son Pa\u00fales.<\/p>\n<p><strong>1938.<\/strong> El P. Jos\u00e9 Hennebelle muere  sin agon\u00eda en Tul\u00e9ar, a donde ha sido transportado desde su puesto en  Ankazoabo para ser curado de un absceso en la garganta. Naci\u00f3 en Bergues  el 28 de noviembre de 1898 y entr\u00f3 en el seminario interno de Par\u00eds el  24 de septiembre de 1915. Quer\u00eda ir a Madagascar, pero sus superiores no  accedieron a su petici\u00f3n por su precaria salud, siendo destinado como  profesor a Gentilly. Cuatro a\u00f1os despu\u00e9s, su deseo perseverante de ir a  Madagascar fue atendido. Se le encarg\u00f3 de organizar en un radio de  ciento cincuenta kil\u00f3metros el distrito de Ankazoabo, vecino de Tul\u00e9ar.  Por las visitas que hac\u00eda regularmente a los poblados, comprendi\u00f3 que su  ministerio con los Bara solo ser\u00eda eficaz si pod\u00eda llegar hasta los  ni\u00f1os. Con la ayuda del hermano Nogues, construy\u00f3 un vasto  colegio-internado cuya solemne inauguraci\u00f3n estaba prevista para el mes  de julio de 1938. Al mismo tiempo, el P. Hennebelle levantaba una casa  para las Hijas de la Caridad y  pensaba en una residencia para los profesores. En\u00e9rgico y tenaz, su  trabajo como constructor no le hac\u00eda descuidar la acci\u00f3n espiritual y  sus preocupaciones no le imped\u00edan mantener su amplia sonrisa.<\/p>\n","protected":false},"excerpt":{"rendered":"<p>1816. En Burdeos, se embarcan con destino a los Estados Unidos los sacerdotes F\u00e9lix de Andreis, Jos\u00e9 Rosati, Juan Bautista Acquaroni y el hermano Mart\u00edn Blanca. Ser\u00e1n los primeros hijos de san Vicente de Pa\u00fal &#8230; <a href=\"http:\/\/vincentians.com\/es\/tal-dia-como-hoy-12-de-junio\/\" class=\"more-link\">Read More<\/a><\/p>\n","protected":false},"author":4,"featured_media":149897,"comment_status":"open","ping_status":"open","sticky":false,"template":"","format":"standard","meta":{"jetpack_post_was_ever_published":false,"_jetpack_newsletter_access":"","_jetpack_dont_email_post_to_subs":false,"_jetpack_newsletter_tier_id":0,"_jetpack_memberships_contains_paywalled_content":false,"_jetpack_memberships_contains_paid_content":false,"footnotes":"","jetpack_publicize_message":"","jetpack_publicize_feature_enabled":true,"jetpack_social_post_already_shared":true,"jetpack_social_options":{"image_generator_settings":{"template":"highway","default_image_id":0,"font":"","enabled":false},"version":2}},"categories":[60],"tags":[196],"class_list":["post-22451","post","type-post","status-publish","format-standard","has-post-thumbnail","hentry","category-efemerides-vicencianas","tag-perboyre"],"yoast_head":"<!-- This site is optimized with the Yoast SEO plugin v26.3 - https:\/\/yoast.com\/wordpress\/plugins\/seo\/ -->\n<title>Tal d\u00eda como hoy: 12 de junio - Somos Vicencianos<\/title>\n<meta name=\"robots\" content=\"index, follow, max-snippet:-1, max-image-preview:large, max-video-preview:-1\" \/>\n<link rel=\"canonical\" href=\"http:\/\/vincentians.com\/es\/tal-dia-como-hoy-12-de-junio\/\" \/>\n<meta property=\"og:locale\" content=\"es_ES\" \/>\n<meta property=\"og:type\" content=\"article\" \/>\n<meta property=\"og:title\" content=\"Tal d\u00eda como hoy: 12 de junio - Somos Vicencianos\" \/>\n<meta property=\"og:description\" content=\"1816. En Burdeos, se embarcan con destino a los Estados Unidos los sacerdotes F\u00e9lix de Andreis, Jos\u00e9 Rosati, Juan Bautista Acquaroni y el hermano Mart\u00edn Blanca. Ser\u00e1n los primeros hijos de san Vicente de Pa\u00fal ... Read More\" \/>\n<meta property=\"og:url\" content=\"http:\/\/vincentians.com\/es\/tal-dia-como-hoy-12-de-junio\/\" \/>\n<meta property=\"og:site_name\" content=\"Somos Vicencianos\" \/>\n<meta property=\"article:publisher\" content=\"https:\/\/www.facebook.com\/WeAreVincentians\/\" \/>\n<meta property=\"article:author\" content=\"https:\/\/www.facebook.com\/JavierChento\" \/>\n<meta property=\"article:published_time\" content=\"2017-06-11T22:01:19+00:00\" \/>\n<meta property=\"og:image\" content=\"https:\/\/i0.wp.com\/vincentians.com\/es\/wp-content\/uploads\/sites\/11\/2016\/07\/ephemerides-fb.jpg?fit=1200%2C630\" \/>\n\t<meta property=\"og:image:width\" content=\"1200\" \/>\n\t<meta property=\"og:image:height\" content=\"630\" \/>\n\t<meta property=\"og:image:type\" content=\"image\/jpeg\" \/>\n<meta name=\"author\" content=\"Francisco Javier Fern\u00e1ndez Chento\" \/>\n<meta name=\"twitter:card\" content=\"summary_large_image\" \/>\n<meta name=\"twitter:creator\" content=\"@https:\/\/twitter.com\/javierchento\" \/>\n<meta name=\"twitter:site\" content=\"@WeVincentians\" \/>\n<meta name=\"twitter:label1\" content=\"Escrito por\" \/>\n\t<meta name=\"twitter:data1\" content=\"Francisco Javier Fern\u00e1ndez Chento\" \/>\n\t<meta name=\"twitter:label2\" content=\"Tiempo de lectura\" \/>\n\t<meta name=\"twitter:data2\" content=\"2 minutos\" \/>\n<script type=\"application\/ld+json\" class=\"yoast-schema-graph\">{\"@context\":\"https:\/\/schema.org\",\"@graph\":[{\"@type\":\"Article\",\"@id\":\"http:\/\/vincentians.com\/es\/tal-dia-como-hoy-12-de-junio\/#article\",\"isPartOf\":{\"@id\":\"http:\/\/vincentians.com\/es\/tal-dia-como-hoy-12-de-junio\/\"},\"author\":{\"name\":\"Francisco Javier Fern\u00e1ndez Chento\",\"@id\":\"http:\/\/vincentians.com\/es\/#\/schema\/person\/9623ef4d9aa3b2dfb8c061f1499288f2\"},\"headline\":\"Tal d\u00eda como hoy: 12 de junio\",\"datePublished\":\"2017-06-11T22:01:19+00:00\",\"mainEntityOfPage\":{\"@id\":\"http:\/\/vincentians.com\/es\/tal-dia-como-hoy-12-de-junio\/\"},\"wordCount\":366,\"commentCount\":0,\"publisher\":{\"@id\":\"http:\/\/vincentians.com\/es\/#organization\"},\"image\":{\"@id\":\"http:\/\/vincentians.com\/es\/tal-dia-como-hoy-12-de-junio\/#primaryimage\"},\"thumbnailUrl\":\"https:\/\/i0.wp.com\/vincentians.com\/es\/wp-content\/uploads\/sites\/11\/2016\/07\/ephemerides-fb.jpg?fit=1200%2C630\",\"keywords\":[\"Perboyre\"],\"articleSection\":[\"Efem\u00e9rides Vicencianas\"],\"inLanguage\":\"es\",\"potentialAction\":[{\"@type\":\"CommentAction\",\"name\":\"Comment\",\"target\":[\"http:\/\/vincentians.com\/es\/tal-dia-como-hoy-12-de-junio\/#respond\"]}]},{\"@type\":\"WebPage\",\"@id\":\"http:\/\/vincentians.com\/es\/tal-dia-como-hoy-12-de-junio\/\",\"url\":\"http:\/\/vincentians.com\/es\/tal-dia-como-hoy-12-de-junio\/\",\"name\":\"Tal d\u00eda como hoy: 12 de junio - Somos Vicencianos\",\"isPartOf\":{\"@id\":\"http:\/\/vincentians.com\/es\/#website\"},\"primaryImageOfPage\":{\"@id\":\"http:\/\/vincentians.com\/es\/tal-dia-como-hoy-12-de-junio\/#primaryimage\"},\"image\":{\"@id\":\"http:\/\/vincentians.com\/es\/tal-dia-como-hoy-12-de-junio\/#primaryimage\"},\"thumbnailUrl\":\"https:\/\/i0.wp.com\/vincentians.com\/es\/wp-content\/uploads\/sites\/11\/2016\/07\/ephemerides-fb.jpg?fit=1200%2C630\",\"datePublished\":\"2017-06-11T22:01:19+00:00\",\"breadcrumb\":{\"@id\":\"http:\/\/vincentians.com\/es\/tal-dia-como-hoy-12-de-junio\/#breadcrumb\"},\"inLanguage\":\"es\",\"potentialAction\":[{\"@type\":\"ReadAction\",\"target\":[\"http:\/\/vincentians.com\/es\/tal-dia-como-hoy-12-de-junio\/\"]}]},{\"@type\":\"ImageObject\",\"inLanguage\":\"es\",\"@id\":\"http:\/\/vincentians.com\/es\/tal-dia-como-hoy-12-de-junio\/#primaryimage\",\"url\":\"https:\/\/i0.wp.com\/vincentians.com\/es\/wp-content\/uploads\/sites\/11\/2016\/07\/ephemerides-fb.jpg?fit=1200%2C630\",\"contentUrl\":\"https:\/\/i0.wp.com\/vincentians.com\/es\/wp-content\/uploads\/sites\/11\/2016\/07\/ephemerides-fb.jpg?fit=1200%2C630\",\"width\":1200,\"height\":630},{\"@type\":\"BreadcrumbList\",\"@id\":\"http:\/\/vincentians.com\/es\/tal-dia-como-hoy-12-de-junio\/#breadcrumb\",\"itemListElement\":[{\"@type\":\"ListItem\",\"position\":1,\"name\":\"Portada\",\"item\":\"http:\/\/vincentians.com\/es\/\"},{\"@type\":\"ListItem\",\"position\":2,\"name\":\"Tal d\u00eda como hoy: 12 de junio\"}]},{\"@type\":\"WebSite\",\"@id\":\"http:\/\/vincentians.com\/es\/#website\",\"url\":\"http:\/\/vincentians.com\/es\/\",\"name\":\"Somos Vicencianos\",\"description\":\"Know more to serve more\",\"publisher\":{\"@id\":\"http:\/\/vincentians.com\/es\/#organization\"},\"potentialAction\":[{\"@type\":\"SearchAction\",\"target\":{\"@type\":\"EntryPoint\",\"urlTemplate\":\"http:\/\/vincentians.com\/es\/?s={search_term_string}\"},\"query-input\":{\"@type\":\"PropertyValueSpecification\",\"valueRequired\":true,\"valueName\":\"search_term_string\"}}],\"inLanguage\":\"es\"},{\"@type\":\"Organization\",\"@id\":\"http:\/\/vincentians.com\/es\/#organization\",\"name\":\"The Vincentian Network\",\"url\":\"http:\/\/vincentians.com\/es\/\",\"logo\":{\"@type\":\"ImageObject\",\"inLanguage\":\"es\",\"@id\":\"http:\/\/vincentians.com\/es\/#\/schema\/logo\/image\/\",\"url\":\"https:\/\/i1.wp.com\/vincentians.com\/es\/wp-content\/uploads\/sites\/11\/2016\/06\/Vincentian-Network-logo-big.png?fit=778%2C778\",\"contentUrl\":\"https:\/\/i1.wp.com\/vincentians.com\/es\/wp-content\/uploads\/sites\/11\/2016\/06\/Vincentian-Network-logo-big.png?fit=778%2C778\",\"width\":778,\"height\":778,\"caption\":\"The Vincentian Network\"},\"image\":{\"@id\":\"http:\/\/vincentians.com\/es\/#\/schema\/logo\/image\/\"},\"sameAs\":[\"https:\/\/www.facebook.com\/WeAreVincentians\/\",\"https:\/\/x.com\/WeVincentians\"]},{\"@type\":\"Person\",\"@id\":\"http:\/\/vincentians.com\/es\/#\/schema\/person\/9623ef4d9aa3b2dfb8c061f1499288f2\",\"name\":\"Francisco Javier Fern\u00e1ndez Chento\",\"image\":{\"@type\":\"ImageObject\",\"inLanguage\":\"es\",\"@id\":\"http:\/\/vincentians.com\/es\/#\/schema\/person\/image\/\",\"url\":\"https:\/\/secure.gravatar.com\/avatar\/497d5cde87b4c3d097d0315953521681ba2cd523ee66e5077c3711f7021e65de?s=96&d=mm&r=g\",\"contentUrl\":\"https:\/\/secure.gravatar.com\/avatar\/497d5cde87b4c3d097d0315953521681ba2cd523ee66e5077c3711f7021e65de?s=96&d=mm&r=g\",\"caption\":\"Francisco Javier Fern\u00e1ndez Chento\"},\"description\":\"Director General y cofundador de La Red de Formaci\u00f3n Vicenciana. Javier es laico vicenciano, afiliado a la Congregaci\u00f3n de la Misi\u00f3n y miembro del Equipo de Misiones Populares de la provincia can\u00f3nica de Zaragoza (Espa\u00f1a) de la Congregaci\u00f3n de la Misi\u00f3n. Graduado en la Universidad Oberta de Catalunya con cuatro grados (Asistente de direcci\u00f3n, Gesti\u00f3n Administrativa, Recursos Humanos y Contabilidad Avanzada). Bil\u00edng\u00fce Espa\u00f1ol\/Ingl\u00e9s. gestiona y mantiene varias p\u00e1ginas web cristianas y vicencianas, incluida including La Red de Formaci\u00f3n Vicenciana, de la que es cofundador. Actualmente es responsable del \u00e1rea de Espa\u00f1ol de .famvin, la Red de Noticias de la Familia Vicenciana. Tambi\u00e9n es m\u00fasico cat\u00f3lico y ha editado varios discos. Es Director General y cofundador de Trovador, una reconocida compa\u00f1\u00eda discogr\u00e1fica critiana de Espa\u00f1a. Trabaja en las Tecnolog\u00edas de la Informaci\u00f3n, ofreciendo servicios de alojamiento, dise\u00f1o y mantenimiento Web, as\u00ed como asesoramiento, formaci\u00f3n y soluciones inform\u00e1ticas, gesti\u00f3n documental y digitalizaci\u00f3n de textos, edici\u00f3n y maquetaci\u00f3n de libros, revistas, flyers, etc.\",\"sameAs\":[\"http:\/\/chento.org\",\"https:\/\/www.facebook.com\/JavierChento\",\"https:\/\/x.com\/https:\/\/twitter.com\/javierchento\"],\"url\":\"http:\/\/vincentians.com\/es\/author\/chento\/\"}]}<\/script>\n<!-- \/ Yoast SEO plugin. -->","yoast_head_json":{"title":"Tal d\u00eda como hoy: 12 de junio - Somos Vicencianos","robots":{"index":"index","follow":"follow","max-snippet":"max-snippet:-1","max-image-preview":"max-image-preview:large","max-video-preview":"max-video-preview:-1"},"canonical":"http:\/\/vincentians.com\/es\/tal-dia-como-hoy-12-de-junio\/","og_locale":"es_ES","og_type":"article","og_title":"Tal d\u00eda como hoy: 12 de junio - Somos Vicencianos","og_description":"1816. En Burdeos, se embarcan con destino a los Estados Unidos los sacerdotes F\u00e9lix de Andreis, Jos\u00e9 Rosati, Juan Bautista Acquaroni y el hermano Mart\u00edn Blanca. Ser\u00e1n los primeros hijos de san Vicente de Pa\u00fal ... Read More","og_url":"http:\/\/vincentians.com\/es\/tal-dia-como-hoy-12-de-junio\/","og_site_name":"Somos Vicencianos","article_publisher":"https:\/\/www.facebook.com\/WeAreVincentians\/","article_author":"https:\/\/www.facebook.com\/JavierChento","article_published_time":"2017-06-11T22:01:19+00:00","og_image":[{"width":1200,"height":630,"url":"https:\/\/i0.wp.com\/vincentians.com\/es\/wp-content\/uploads\/sites\/11\/2016\/07\/ephemerides-fb.jpg?fit=1200%2C630","type":"image\/jpeg"}],"author":"Francisco Javier Fern\u00e1ndez Chento","twitter_card":"summary_large_image","twitter_creator":"@https:\/\/twitter.com\/javierchento","twitter_site":"@WeVincentians","twitter_misc":{"Escrito por":"Francisco Javier Fern\u00e1ndez Chento","Tiempo de lectura":"2 minutos"},"schema":{"@context":"https:\/\/schema.org","@graph":[{"@type":"Article","@id":"http:\/\/vincentians.com\/es\/tal-dia-como-hoy-12-de-junio\/#article","isPartOf":{"@id":"http:\/\/vincentians.com\/es\/tal-dia-como-hoy-12-de-junio\/"},"author":{"name":"Francisco Javier Fern\u00e1ndez Chento","@id":"http:\/\/vincentians.com\/es\/#\/schema\/person\/9623ef4d9aa3b2dfb8c061f1499288f2"},"headline":"Tal d\u00eda como hoy: 12 de junio","datePublished":"2017-06-11T22:01:19+00:00","mainEntityOfPage":{"@id":"http:\/\/vincentians.com\/es\/tal-dia-como-hoy-12-de-junio\/"},"wordCount":366,"commentCount":0,"publisher":{"@id":"http:\/\/vincentians.com\/es\/#organization"},"image":{"@id":"http:\/\/vincentians.com\/es\/tal-dia-como-hoy-12-de-junio\/#primaryimage"},"thumbnailUrl":"https:\/\/i0.wp.com\/vincentians.com\/es\/wp-content\/uploads\/sites\/11\/2016\/07\/ephemerides-fb.jpg?fit=1200%2C630","keywords":["Perboyre"],"articleSection":["Efem\u00e9rides Vicencianas"],"inLanguage":"es","potentialAction":[{"@type":"CommentAction","name":"Comment","target":["http:\/\/vincentians.com\/es\/tal-dia-como-hoy-12-de-junio\/#respond"]}]},{"@type":"WebPage","@id":"http:\/\/vincentians.com\/es\/tal-dia-como-hoy-12-de-junio\/","url":"http:\/\/vincentians.com\/es\/tal-dia-como-hoy-12-de-junio\/","name":"Tal d\u00eda como hoy: 12 de junio - Somos Vicencianos","isPartOf":{"@id":"http:\/\/vincentians.com\/es\/#website"},"primaryImageOfPage":{"@id":"http:\/\/vincentians.com\/es\/tal-dia-como-hoy-12-de-junio\/#primaryimage"},"image":{"@id":"http:\/\/vincentians.com\/es\/tal-dia-como-hoy-12-de-junio\/#primaryimage"},"thumbnailUrl":"https:\/\/i0.wp.com\/vincentians.com\/es\/wp-content\/uploads\/sites\/11\/2016\/07\/ephemerides-fb.jpg?fit=1200%2C630","datePublished":"2017-06-11T22:01:19+00:00","breadcrumb":{"@id":"http:\/\/vincentians.com\/es\/tal-dia-como-hoy-12-de-junio\/#breadcrumb"},"inLanguage":"es","potentialAction":[{"@type":"ReadAction","target":["http:\/\/vincentians.com\/es\/tal-dia-como-hoy-12-de-junio\/"]}]},{"@type":"ImageObject","inLanguage":"es","@id":"http:\/\/vincentians.com\/es\/tal-dia-como-hoy-12-de-junio\/#primaryimage","url":"https:\/\/i0.wp.com\/vincentians.com\/es\/wp-content\/uploads\/sites\/11\/2016\/07\/ephemerides-fb.jpg?fit=1200%2C630","contentUrl":"https:\/\/i0.wp.com\/vincentians.com\/es\/wp-content\/uploads\/sites\/11\/2016\/07\/ephemerides-fb.jpg?fit=1200%2C630","width":1200,"height":630},{"@type":"BreadcrumbList","@id":"http:\/\/vincentians.com\/es\/tal-dia-como-hoy-12-de-junio\/#breadcrumb","itemListElement":[{"@type":"ListItem","position":1,"name":"Portada","item":"http:\/\/vincentians.com\/es\/"},{"@type":"ListItem","position":2,"name":"Tal d\u00eda como hoy: 12 de junio"}]},{"@type":"WebSite","@id":"http:\/\/vincentians.com\/es\/#website","url":"http:\/\/vincentians.com\/es\/","name":"Somos Vicencianos","description":"Know more to serve more","publisher":{"@id":"http:\/\/vincentians.com\/es\/#organization"},"potentialAction":[{"@type":"SearchAction","target":{"@type":"EntryPoint","urlTemplate":"http:\/\/vincentians.com\/es\/?s={search_term_string}"},"query-input":{"@type":"PropertyValueSpecification","valueRequired":true,"valueName":"search_term_string"}}],"inLanguage":"es"},{"@type":"Organization","@id":"http:\/\/vincentians.com\/es\/#organization","name":"The Vincentian Network","url":"http:\/\/vincentians.com\/es\/","logo":{"@type":"ImageObject","inLanguage":"es","@id":"http:\/\/vincentians.com\/es\/#\/schema\/logo\/image\/","url":"https:\/\/i1.wp.com\/vincentians.com\/es\/wp-content\/uploads\/sites\/11\/2016\/06\/Vincentian-Network-logo-big.png?fit=778%2C778","contentUrl":"https:\/\/i1.wp.com\/vincentians.com\/es\/wp-content\/uploads\/sites\/11\/2016\/06\/Vincentian-Network-logo-big.png?fit=778%2C778","width":778,"height":778,"caption":"The Vincentian Network"},"image":{"@id":"http:\/\/vincentians.com\/es\/#\/schema\/logo\/image\/"},"sameAs":["https:\/\/www.facebook.com\/WeAreVincentians\/","https:\/\/x.com\/WeVincentians"]},{"@type":"Person","@id":"http:\/\/vincentians.com\/es\/#\/schema\/person\/9623ef4d9aa3b2dfb8c061f1499288f2","name":"Francisco Javier Fern\u00e1ndez Chento","image":{"@type":"ImageObject","inLanguage":"es","@id":"http:\/\/vincentians.com\/es\/#\/schema\/person\/image\/","url":"https:\/\/secure.gravatar.com\/avatar\/497d5cde87b4c3d097d0315953521681ba2cd523ee66e5077c3711f7021e65de?s=96&d=mm&r=g","contentUrl":"https:\/\/secure.gravatar.com\/avatar\/497d5cde87b4c3d097d0315953521681ba2cd523ee66e5077c3711f7021e65de?s=96&d=mm&r=g","caption":"Francisco Javier Fern\u00e1ndez Chento"},"description":"Director General y cofundador de La Red de Formaci\u00f3n Vicenciana. Javier es laico vicenciano, afiliado a la Congregaci\u00f3n de la Misi\u00f3n y miembro del Equipo de Misiones Populares de la provincia can\u00f3nica de Zaragoza (Espa\u00f1a) de la Congregaci\u00f3n de la Misi\u00f3n. Graduado en la Universidad Oberta de Catalunya con cuatro grados (Asistente de direcci\u00f3n, Gesti\u00f3n Administrativa, Recursos Humanos y Contabilidad Avanzada). Bil\u00edng\u00fce Espa\u00f1ol\/Ingl\u00e9s. gestiona y mantiene varias p\u00e1ginas web cristianas y vicencianas, incluida including La Red de Formaci\u00f3n Vicenciana, de la que es cofundador. Actualmente es responsable del \u00e1rea de Espa\u00f1ol de .famvin, la Red de Noticias de la Familia Vicenciana. Tambi\u00e9n es m\u00fasico cat\u00f3lico y ha editado varios discos. Es Director General y cofundador de Trovador, una reconocida compa\u00f1\u00eda discogr\u00e1fica critiana de Espa\u00f1a. Trabaja en las Tecnolog\u00edas de la Informaci\u00f3n, ofreciendo servicios de alojamiento, dise\u00f1o y mantenimiento Web, as\u00ed como asesoramiento, formaci\u00f3n y soluciones inform\u00e1ticas, gesti\u00f3n documental y digitalizaci\u00f3n de textos, edici\u00f3n y maquetaci\u00f3n de libros, revistas, flyers, etc.","sameAs":["http:\/\/chento.org","https:\/\/www.facebook.com\/JavierChento","https:\/\/x.com\/https:\/\/twitter.com\/javierchento"],"url":"http:\/\/vincentians.com\/es\/author\/chento\/"}]}},"jetpack_publicize_connections":[],"jetpack_featured_media_url":"https:\/\/i0.wp.com\/vincentians.com\/es\/wp-content\/uploads\/sites\/11\/2016\/07\/ephemerides-fb.jpg?fit=1200%2C630","jetpack_sharing_enabled":true,"jetpack_shortlink":"https:\/\/wp.me\/p7ETMF-5Q7","jetpack-related-posts":[{"id":27972,"url":"http:\/\/vincentians.com\/es\/historia-de-la-causa-de-canonizacion-de-san-francisco-regis-clet\/","url_meta":{"origin":22451,"position":0},"title":"Historia de la Causa de Canonizaci\u00f3n de San Francisco R\u00e9gis Clet","author":"Francisco Javier Fern\u00e1ndez Chento","date":"18\/02\/2016","format":false,"excerpt":"En la Asamblea General de la Congregaci\u00f3n de la Misi\u00f3n celebrada en Par\u00eds en 1835, a la propuesta presentada por la Provincia de Roma acerca de la introducci\u00f3n de la Causa de Beatificaci\u00f3n del cohermano Francisco Folchi, muerto en 1823 en olor de santidad, se decidi\u00f3 cuanto sigue: \"\u2026 unanimi\u2026","rel":"","context":"En \u00abFrancisco R\u00e9gis Clet\u00bb","block_context":{"text":"Francisco R\u00e9gis Clet","link":"http:\/\/vincentians.com\/es\/category\/la-familia-vicenciana\/la-familia-vicenciana-en-los-altares\/santos\/francisco-regis-clet\/"},"img":{"alt_text":"regis clet 5","src":"https:\/\/i0.wp.com\/vicencianos.org\/wp-content\/uploads\/2015\/02\/regis-clet-5-213x300.jpg?resize=350%2C200","width":350,"height":200},"classes":[]},{"id":2329,"url":"http:\/\/vincentians.com\/es\/juan-gabriel-perboyre\/","url_meta":{"origin":22451,"position":1},"title":"Juan Gabriel Perboyre","author":"Francisco Javier Fern\u00e1ndez Chento","date":"26\/06\/2018","format":false,"excerpt":"El mes de septiembre re\u00fane tres celebraciones importantes para la Familia Vicenciana: hace dos d\u00edas celebr\u00e1bamos el recuerdo del beato Ozanam, el 27 de septiembre se celebrar\u00e1 la fiesta de san Vicente de Pa\u00fal y hoy, 11 de septiembre, la fiesta del m\u00e1rtir san Juan Gabriel Perboyre, sacerdote pa\u00fal. El\u2026","rel":"","context":"En \u00abJuan Gabriel Perboyre\u00bb","block_context":{"text":"Juan Gabriel Perboyre","link":"http:\/\/vincentians.com\/es\/category\/la-familia-vicenciana\/la-familia-vicenciana-en-los-altares\/santos\/juan-gabriel-perboyre\/"},"img":{"alt_text":"","src":"https:\/\/i0.wp.com\/vincentians.com\/es\/wp-content\/uploads\/sites\/11\/2013\/10\/El-Cristo-de-las-virtudes-vicencianas.jpg?fit=1200%2C399&resize=350%2C200","width":350,"height":200,"srcset":"https:\/\/i0.wp.com\/vincentians.com\/es\/wp-content\/uploads\/sites\/11\/2013\/10\/El-Cristo-de-las-virtudes-vicencianas.jpg?fit=1200%2C399&resize=350%2C200 1x, https:\/\/i0.wp.com\/vincentians.com\/es\/wp-content\/uploads\/sites\/11\/2013\/10\/El-Cristo-de-las-virtudes-vicencianas.jpg?fit=1200%2C399&resize=525%2C300 1.5x, https:\/\/i0.wp.com\/vincentians.com\/es\/wp-content\/uploads\/sites\/11\/2013\/10\/El-Cristo-de-las-virtudes-vicencianas.jpg?fit=1200%2C399&resize=700%2C400 2x, https:\/\/i0.wp.com\/vincentians.com\/es\/wp-content\/uploads\/sites\/11\/2013\/10\/El-Cristo-de-las-virtudes-vicencianas.jpg?fit=1200%2C399&resize=1050%2C600 3x"},"classes":[]},{"id":54564,"url":"http:\/\/vincentians.com\/es\/decreto-de-canonizacion-del-beato-juan-gabriel-perboyre\/","url_meta":{"origin":22451,"position":2},"title":"Decreto de Canonizaci\u00f3n del Beato Juan Gabriel Perboyre","author":"Francisco Javier Fern\u00e1ndez Chento","date":"09\/07\/2019","format":false,"excerpt":"JUAN PABLO, OBISPO SIERVO DE LOS SIERVOS DE DIOS PARA PERPETUA MEMORIA Habiendo manifestado su caridad Jes\u00fas, el Hijo de Dios, entregando su vida por nosotros, \"nadie tiene amor m\u00e1s grande que \u00e9ste de dar uno su vida por sus amigos\" (Jn 15,13: Cf. 1 Jn. 3,10). El Beato Juan\u2026","rel":"","context":"En \u00abJuan Gabriel Perboyre\u00bb","block_context":{"text":"Juan Gabriel Perboyre","link":"http:\/\/vincentians.com\/es\/category\/la-familia-vicenciana\/la-familia-vicenciana-en-los-altares\/santos\/juan-gabriel-perboyre\/"},"img":{"alt_text":"","src":"https:\/\/i0.wp.com\/vincentians.com\/es\/wp-content\/uploads\/sites\/11\/2016\/09\/anyos-vida-vicente.jpg?fit=1200%2C630&resize=350%2C200","width":350,"height":200,"srcset":"https:\/\/i0.wp.com\/vincentians.com\/es\/wp-content\/uploads\/sites\/11\/2016\/09\/anyos-vida-vicente.jpg?fit=1200%2C630&resize=350%2C200 1x, https:\/\/i0.wp.com\/vincentians.com\/es\/wp-content\/uploads\/sites\/11\/2016\/09\/anyos-vida-vicente.jpg?fit=1200%2C630&resize=525%2C300 1.5x, https:\/\/i0.wp.com\/vincentians.com\/es\/wp-content\/uploads\/sites\/11\/2016\/09\/anyos-vida-vicente.jpg?fit=1200%2C630&resize=700%2C400 2x, https:\/\/i0.wp.com\/vincentians.com\/es\/wp-content\/uploads\/sites\/11\/2016\/09\/anyos-vida-vicente.jpg?fit=1200%2C630&resize=1050%2C600 3x"},"classes":[]},{"id":14999,"url":"http:\/\/vincentians.com\/es\/compendio-de-la-vida-del-v-j-gabriel-perboyre-apendice\/","url_meta":{"origin":22451,"position":3},"title":"Compendio De La Vida Del V. J. Gabriel Perboyre. Ap\u00e9ndice","author":"Francisco Javier Fern\u00e1ndez Chento","date":"16\/09\/2012","format":false,"excerpt":"Ap\u00e9ndice El martes 12 de Junio de 1888, la Sagrada Con\u00adgregaci\u00f3n de Ritos tuvo en el Vaticano la Congrega\u00adci\u00f3n general, presidida por Su Santidad Le\u00f3n XIII, convocada para dar su voto sobre la duda siguiente: An constet de martyrio et de causa martyrii nec non de signis et miraculis in\u2026","rel":"","context":"En \u00abJuan Gabriel Perboyre\u00bb","block_context":{"text":"Juan Gabriel Perboyre","link":"http:\/\/vincentians.com\/es\/category\/la-familia-vicenciana\/la-familia-vicenciana-en-los-altares\/santos\/juan-gabriel-perboyre\/"},"img":{"alt_text":"","src":"https:\/\/i0.wp.com\/vicencianos.org\/wp-content\/2012\/06\/perboyre-240x300.jpg?resize=350%2C200","width":350,"height":200},"classes":[]},{"id":54479,"url":"http:\/\/vincentians.com\/es\/el-martirio-en-la-historia-de-la-iglesia\/","url_meta":{"origin":22451,"position":4},"title":"El Martirio en la historia de la Iglesia","author":"Francisco Javier Fern\u00e1ndez Chento","date":"11\/03\/2015","format":false,"excerpt":"La vida de la Iglesia est\u00e1 bajo el signo de la historia. El Pueblo de Dios vive continuamente su \u00e9xodo, que lo impulsa a caminar, a desarrollarse, a cambiar. El cambio, sin embargo, se realiza bajo el signo de la continuidad, de la \"traditio\", no de la ruptura. Este principio\u2026","rel":"","context":"En \u00abFormaci\u00f3n Cristiana\u00bb","block_context":{"text":"Formaci\u00f3n Cristiana","link":"http:\/\/vincentians.com\/es\/category\/formacion-cristiana\/"},"img":{"alt_text":"","src":"https:\/\/i0.wp.com\/vicencianos.org\/wp-content\/2011\/10\/martirio_de_san_sebastian_el_greco-223x300.jpg?resize=350%2C200","width":350,"height":200},"classes":[]},{"id":54455,"url":"http:\/\/vincentians.com\/es\/la-canonizacion-de-juan-gabriel-perboyre-y-el-compromiso-misionero-de-la-congregacion\/","url_meta":{"origin":22451,"position":5},"title":"La canonizaci\u00f3n de Juan Gabriel Perboyre y el compromiso misionero de la Congregaci\u00f3n","author":"Francisco Javier Fern\u00e1ndez Chento","date":"11\/09\/2019","format":false,"excerpt":"En carta dirigida a todos los miembros de la Congregaci\u00f3n de la Misi\u00f3n (20 de abril de 1995), el Superior General daba cuenta del decreto del Papa Juan Pablo II con el que se culminaba el proceso para la canonizaci\u00f3n del beato Juan Gabriel Perboyre. En la misma carta expresaba\u2026","rel":"","context":"En \u00abJuan Gabriel Perboyre\u00bb","block_context":{"text":"Juan Gabriel Perboyre","link":"http:\/\/vincentians.com\/es\/category\/la-familia-vicenciana\/la-familia-vicenciana-en-los-altares\/santos\/juan-gabriel-perboyre\/"},"img":{"alt_text":"","src":"","width":0,"height":0},"classes":[]}],"_links":{"self":[{"href":"http:\/\/vincentians.com\/es\/wp-json\/wp\/v2\/posts\/22451","targetHints":{"allow":["GET"]}}],"collection":[{"href":"http:\/\/vincentians.com\/es\/wp-json\/wp\/v2\/posts"}],"about":[{"href":"http:\/\/vincentians.com\/es\/wp-json\/wp\/v2\/types\/post"}],"author":[{"embeddable":true,"href":"http:\/\/vincentians.com\/es\/wp-json\/wp\/v2\/users\/4"}],"replies":[{"embeddable":true,"href":"http:\/\/vincentians.com\/es\/wp-json\/wp\/v2\/comments?post=22451"}],"version-history":[{"count":0,"href":"http:\/\/vincentians.com\/es\/wp-json\/wp\/v2\/posts\/22451\/revisions"}],"wp:featuredmedia":[{"embeddable":true,"href":"http:\/\/vincentians.com\/es\/wp-json\/wp\/v2\/media\/149897"}],"wp:attachment":[{"href":"http:\/\/vincentians.com\/es\/wp-json\/wp\/v2\/media?parent=22451"}],"wp:term":[{"taxonomy":"category","embeddable":true,"href":"http:\/\/vincentians.com\/es\/wp-json\/wp\/v2\/categories?post=22451"},{"taxonomy":"post_tag","embeddable":true,"href":"http:\/\/vincentians.com\/es\/wp-json\/wp\/v2\/tags?post=22451"}],"curies":[{"name":"wp","href":"https:\/\/api.w.org\/{rel}","templated":true}]}}