{"id":217157,"date":"2015-07-20T12:50:16","date_gmt":"2015-07-20T10:50:16","guid":{"rendered":"http:\/\/somos.vicencianos.org\/?p=217157"},"modified":"2016-07-24T10:27:59","modified_gmt":"2016-07-24T08:27:59","slug":"17o-domingo-de-t-o-reflexion-de-jose-antonio-pagola","status":"publish","type":"post","link":"http:\/\/vincentians.com\/es\/17o-domingo-de-t-o-reflexion-de-jose-antonio-pagola\/","title":{"rendered":"17\u00ba Domingo de T.O. (reflexi\u00f3n de Jos\u00e9 Antonio Pagola)"},"content":{"rendered":"<h2>Nuestro gran pecado<\/h2>\n<p><a href=\"https:\/\/i0.wp.com\/vicencianos.org\/wp-content\/2014\/12\/pagola.jpg\"><img data-recalc-dims=\"1\" loading=\"lazy\" decoding=\"async\" class=\"alignright size-medium wp-image-132660\" src=\"https:\/\/i0.wp.com\/vicencianos.org\/wp-content\/2014\/12\/pagola-300x231.jpg?resize=300%2C231\" alt=\"pagola\" width=\"300\" height=\"231\" \/><\/a>El episodio de la multiplicaci\u00f3n de los panes goz\u00f3 de gran popularidad entre los seguidores de Jes\u00fas. Todos los evangelistas lo recuerdan. Seguramente, les conmov\u00eda pensar que aquel hombre de Dios se hab\u00eda preocupado de alimentar a una muchedumbre que se hab\u00eda quedado sin lo necesario para comer.<\/p>\n<p>Seg\u00fan la versi\u00f3n de Juan, el primero que piensa en el hambre de aquel gent\u00edo que ha acudido a escucharlo es Jes\u00fas. Esta gente necesita comer; hay que hacer algo por ellos. As\u00ed era Jes\u00fas. Viv\u00eda pensando en las necesidades b\u00e1sicas del ser humano.<\/p>\n<p>Felipe le hace ver que no tienen dinero. Entre los disc\u00edpulos, todos son pobres: no pueden comprar pan para tantos. Jes\u00fas lo sabe. Los que tienen dinero no resolver\u00e1n nunca el problema del hambre en el mundo. Se necesita algo m\u00e1s que dinero.<\/p>\n<p>Jes\u00fas les va a ayudar a vislumbrar un camino diferente. Antes que nada, es necesario que nadie acapare lo suyo para s\u00ed mismo si hay otros que pasan hambre. Sus disc\u00edpulos tendr\u00e1n que aprender a poner a disposici\u00f3n de los hambrientos lo que tengan, aunque solo sea \u00ab<em>cinco panes de cebada y un par de peces<\/em>\u00bb.<\/p>\n<p>La actitud de Jes\u00fas es la m\u00e1s sencilla y humana que podemos imaginar. Pero, \u00bfqui\u00e9n nos va ense\u00f1ar a nosotros a compartir, si solo sabemos comprar? \u00bfQui\u00e9n nos va a liberar de nuestra indiferencia ante los que mueren de hambre? \u00bfHay algo que nos pueda hacer m\u00e1s humanos? \u00bfSe producir\u00e1 alg\u00fan d\u00eda ese \u00abmilagro\u00bb de la solidaridad real entre todos?<\/p>\n<p>Jes\u00fas piensa en Dios. No es posible creer en \u00e9l como Padre de todos, y vivir dejando que sus hijos e hijas mueran de hambre. Por eso, toma los alimentos que han recogido en el grupo, \u00ab<em>levanta los ojos al cielo y dice la acci\u00f3n de gracias<\/em>\u00bb. La Tierra y todo lo que nos alimenta lo hemos recibido de Dios. Es regalo del Padre destinado a todos sus hijos e hijas. Si vivimos privando a otros de lo que necesitan para vivir es que lo hemos olvidado. Es nuestro gran pecado aunque casi nunca lo confesemos.<\/p>\n<p>Al compartir el pan de la eucarist\u00eda, los primeros cristianos se sent\u00edan alimentados por Cristo resucitado, pero, al mismo tiempo, recordaban el gesto de Jes\u00fas y compart\u00edan sus bienes con los m\u00e1s necesitados. Se sent\u00edan hermanos. No hab\u00edan olvidado todav\u00eda el Esp\u00edritu de Jes\u00fas.<\/p>\n","protected":false},"excerpt":{"rendered":"<p>Nuestro gran pecado El episodio de la multiplicaci\u00f3n de los panes goz\u00f3 de gran popularidad entre los seguidores de Jes\u00fas. Todos los evangelistas lo recuerdan. Seguramente, les conmov\u00eda pensar que aquel hombre de Dios se &#8230; <a href=\"http:\/\/vincentians.com\/es\/17o-domingo-de-t-o-reflexion-de-jose-antonio-pagola\/\" class=\"more-link\">Read More<\/a><\/p>\n","protected":false},"author":4,"featured_media":388396,"comment_status":"open","ping_status":"open","sticky":false,"template":"","format":"standard","meta":{"jetpack_post_was_ever_published":false,"_jetpack_newsletter_access":"","_jetpack_dont_email_post_to_subs":false,"_jetpack_newsletter_tier_id":0,"_jetpack_memberships_contains_paywalled_content":false,"_jetpack_memberships_contains_paid_content":false,"footnotes":"","jetpack_publicize_message":"","jetpack_publicize_feature_enabled":true,"jetpack_social_post_already_shared":true,"jetpack_social_options":{"image_generator_settings":{"template":"highway","default_image_id":0,"font":"","enabled":false},"version":2}},"categories":[93],"tags":[],"class_list":["post-217157","post","type-post","status-publish","format-standard","has-post-thumbnail","hentry","category-homilias-y-reflexiones-ano-b"],"yoast_head":"<!-- This site is optimized with the Yoast SEO plugin v26.3 - https:\/\/yoast.com\/wordpress\/plugins\/seo\/ -->\n<title>17\u00ba Domingo de T.O. (reflexi\u00f3n de Jos\u00e9 Antonio Pagola) - Somos Vicencianos<\/title>\n<meta name=\"robots\" content=\"index, follow, max-snippet:-1, max-image-preview:large, max-video-preview:-1\" \/>\n<link rel=\"canonical\" href=\"http:\/\/vincentians.com\/es\/17o-domingo-de-t-o-reflexion-de-jose-antonio-pagola\/\" \/>\n<meta property=\"og:locale\" content=\"es_ES\" \/>\n<meta property=\"og:type\" content=\"article\" \/>\n<meta property=\"og:title\" content=\"17\u00ba Domingo de T.O. (reflexi\u00f3n de Jos\u00e9 Antonio Pagola) - Somos Vicencianos\" \/>\n<meta property=\"og:description\" content=\"Nuestro gran pecado El episodio de la multiplicaci\u00f3n de los panes goz\u00f3 de gran popularidad entre los seguidores de Jes\u00fas. Todos los evangelistas lo recuerdan. Seguramente, les conmov\u00eda pensar que aquel hombre de Dios se ... Read More\" \/>\n<meta property=\"og:url\" content=\"http:\/\/vincentians.com\/es\/17o-domingo-de-t-o-reflexion-de-jose-antonio-pagola\/\" \/>\n<meta property=\"og:site_name\" content=\"Somos Vicencianos\" \/>\n<meta property=\"article:publisher\" content=\"https:\/\/www.facebook.com\/WeAreVincentians\/\" \/>\n<meta property=\"article:author\" content=\"https:\/\/www.facebook.com\/JavierChento\" \/>\n<meta property=\"article:published_time\" content=\"2015-07-20T10:50:16+00:00\" \/>\n<meta property=\"article:modified_time\" content=\"2016-07-24T08:27:59+00:00\" \/>\n<meta property=\"og:image\" content=\"https:\/\/i0.wp.com\/vincentians.com\/es\/wp-content\/uploads\/sites\/11\/2016\/07\/reflexiones-pagola.jpg?fit=1200%2C630\" \/>\n\t<meta property=\"og:image:width\" content=\"1200\" \/>\n\t<meta property=\"og:image:height\" content=\"630\" \/>\n\t<meta property=\"og:image:type\" content=\"image\/jpeg\" \/>\n<meta name=\"author\" content=\"Francisco Javier Fern\u00e1ndez Chento\" \/>\n<meta name=\"twitter:card\" content=\"summary_large_image\" \/>\n<meta name=\"twitter:creator\" content=\"@https:\/\/twitter.com\/javierchento\" \/>\n<meta name=\"twitter:site\" content=\"@WeVincentians\" \/>\n<meta name=\"twitter:label1\" content=\"Escrito por\" \/>\n\t<meta name=\"twitter:data1\" content=\"Francisco Javier Fern\u00e1ndez Chento\" \/>\n\t<meta name=\"twitter:label2\" content=\"Tiempo de lectura\" \/>\n\t<meta name=\"twitter:data2\" content=\"2 minutos\" \/>\n<script type=\"application\/ld+json\" class=\"yoast-schema-graph\">{\"@context\":\"https:\/\/schema.org\",\"@graph\":[{\"@type\":\"Article\",\"@id\":\"http:\/\/vincentians.com\/es\/17o-domingo-de-t-o-reflexion-de-jose-antonio-pagola\/#article\",\"isPartOf\":{\"@id\":\"http:\/\/vincentians.com\/es\/17o-domingo-de-t-o-reflexion-de-jose-antonio-pagola\/\"},\"author\":{\"name\":\"Francisco Javier Fern\u00e1ndez Chento\",\"@id\":\"http:\/\/vincentians.com\/es\/#\/schema\/person\/9623ef4d9aa3b2dfb8c061f1499288f2\"},\"headline\":\"17\u00ba Domingo de T.O. (reflexi\u00f3n de Jos\u00e9 Antonio Pagola)\",\"datePublished\":\"2015-07-20T10:50:16+00:00\",\"dateModified\":\"2016-07-24T08:27:59+00:00\",\"mainEntityOfPage\":{\"@id\":\"http:\/\/vincentians.com\/es\/17o-domingo-de-t-o-reflexion-de-jose-antonio-pagola\/\"},\"wordCount\":444,\"commentCount\":0,\"publisher\":{\"@id\":\"http:\/\/vincentians.com\/es\/#organization\"},\"image\":{\"@id\":\"http:\/\/vincentians.com\/es\/17o-domingo-de-t-o-reflexion-de-jose-antonio-pagola\/#primaryimage\"},\"thumbnailUrl\":\"https:\/\/i0.wp.com\/vincentians.com\/es\/wp-content\/uploads\/sites\/11\/2016\/07\/reflexiones-pagola.jpg?fit=1200%2C630\",\"articleSection\":[\"Homil\u00edas y reflexiones, A\u00f1o B\"],\"inLanguage\":\"es\",\"potentialAction\":[{\"@type\":\"CommentAction\",\"name\":\"Comment\",\"target\":[\"http:\/\/vincentians.com\/es\/17o-domingo-de-t-o-reflexion-de-jose-antonio-pagola\/#respond\"]}]},{\"@type\":\"WebPage\",\"@id\":\"http:\/\/vincentians.com\/es\/17o-domingo-de-t-o-reflexion-de-jose-antonio-pagola\/\",\"url\":\"http:\/\/vincentians.com\/es\/17o-domingo-de-t-o-reflexion-de-jose-antonio-pagola\/\",\"name\":\"17\u00ba Domingo de T.O. (reflexi\u00f3n de Jos\u00e9 Antonio Pagola) - Somos Vicencianos\",\"isPartOf\":{\"@id\":\"http:\/\/vincentians.com\/es\/#website\"},\"primaryImageOfPage\":{\"@id\":\"http:\/\/vincentians.com\/es\/17o-domingo-de-t-o-reflexion-de-jose-antonio-pagola\/#primaryimage\"},\"image\":{\"@id\":\"http:\/\/vincentians.com\/es\/17o-domingo-de-t-o-reflexion-de-jose-antonio-pagola\/#primaryimage\"},\"thumbnailUrl\":\"https:\/\/i0.wp.com\/vincentians.com\/es\/wp-content\/uploads\/sites\/11\/2016\/07\/reflexiones-pagola.jpg?fit=1200%2C630\",\"datePublished\":\"2015-07-20T10:50:16+00:00\",\"dateModified\":\"2016-07-24T08:27:59+00:00\",\"breadcrumb\":{\"@id\":\"http:\/\/vincentians.com\/es\/17o-domingo-de-t-o-reflexion-de-jose-antonio-pagola\/#breadcrumb\"},\"inLanguage\":\"es\",\"potentialAction\":[{\"@type\":\"ReadAction\",\"target\":[\"http:\/\/vincentians.com\/es\/17o-domingo-de-t-o-reflexion-de-jose-antonio-pagola\/\"]}]},{\"@type\":\"ImageObject\",\"inLanguage\":\"es\",\"@id\":\"http:\/\/vincentians.com\/es\/17o-domingo-de-t-o-reflexion-de-jose-antonio-pagola\/#primaryimage\",\"url\":\"https:\/\/i0.wp.com\/vincentians.com\/es\/wp-content\/uploads\/sites\/11\/2016\/07\/reflexiones-pagola.jpg?fit=1200%2C630\",\"contentUrl\":\"https:\/\/i0.wp.com\/vincentians.com\/es\/wp-content\/uploads\/sites\/11\/2016\/07\/reflexiones-pagola.jpg?fit=1200%2C630\",\"width\":1200,\"height\":630},{\"@type\":\"BreadcrumbList\",\"@id\":\"http:\/\/vincentians.com\/es\/17o-domingo-de-t-o-reflexion-de-jose-antonio-pagola\/#breadcrumb\",\"itemListElement\":[{\"@type\":\"ListItem\",\"position\":1,\"name\":\"Portada\",\"item\":\"http:\/\/vincentians.com\/es\/\"},{\"@type\":\"ListItem\",\"position\":2,\"name\":\"17\u00ba Domingo de T.O. (reflexi\u00f3n de Jos\u00e9 Antonio Pagola)\"}]},{\"@type\":\"WebSite\",\"@id\":\"http:\/\/vincentians.com\/es\/#website\",\"url\":\"http:\/\/vincentians.com\/es\/\",\"name\":\"Somos Vicencianos\",\"description\":\"Know more to serve more\",\"publisher\":{\"@id\":\"http:\/\/vincentians.com\/es\/#organization\"},\"potentialAction\":[{\"@type\":\"SearchAction\",\"target\":{\"@type\":\"EntryPoint\",\"urlTemplate\":\"http:\/\/vincentians.com\/es\/?s={search_term_string}\"},\"query-input\":{\"@type\":\"PropertyValueSpecification\",\"valueRequired\":true,\"valueName\":\"search_term_string\"}}],\"inLanguage\":\"es\"},{\"@type\":\"Organization\",\"@id\":\"http:\/\/vincentians.com\/es\/#organization\",\"name\":\"The Vincentian Network\",\"url\":\"http:\/\/vincentians.com\/es\/\",\"logo\":{\"@type\":\"ImageObject\",\"inLanguage\":\"es\",\"@id\":\"http:\/\/vincentians.com\/es\/#\/schema\/logo\/image\/\",\"url\":\"https:\/\/i1.wp.com\/vincentians.com\/es\/wp-content\/uploads\/sites\/11\/2016\/06\/Vincentian-Network-logo-big.png?fit=778%2C778\",\"contentUrl\":\"https:\/\/i1.wp.com\/vincentians.com\/es\/wp-content\/uploads\/sites\/11\/2016\/06\/Vincentian-Network-logo-big.png?fit=778%2C778\",\"width\":778,\"height\":778,\"caption\":\"The Vincentian Network\"},\"image\":{\"@id\":\"http:\/\/vincentians.com\/es\/#\/schema\/logo\/image\/\"},\"sameAs\":[\"https:\/\/www.facebook.com\/WeAreVincentians\/\",\"https:\/\/x.com\/WeVincentians\"]},{\"@type\":\"Person\",\"@id\":\"http:\/\/vincentians.com\/es\/#\/schema\/person\/9623ef4d9aa3b2dfb8c061f1499288f2\",\"name\":\"Francisco Javier Fern\u00e1ndez Chento\",\"image\":{\"@type\":\"ImageObject\",\"inLanguage\":\"es\",\"@id\":\"http:\/\/vincentians.com\/es\/#\/schema\/person\/image\/\",\"url\":\"https:\/\/secure.gravatar.com\/avatar\/497d5cde87b4c3d097d0315953521681ba2cd523ee66e5077c3711f7021e65de?s=96&d=mm&r=g\",\"contentUrl\":\"https:\/\/secure.gravatar.com\/avatar\/497d5cde87b4c3d097d0315953521681ba2cd523ee66e5077c3711f7021e65de?s=96&d=mm&r=g\",\"caption\":\"Francisco Javier Fern\u00e1ndez Chento\"},\"description\":\"Director General y cofundador de La Red de Formaci\u00f3n Vicenciana. Javier es laico vicenciano, afiliado a la Congregaci\u00f3n de la Misi\u00f3n y miembro del Equipo de Misiones Populares de la provincia can\u00f3nica de Zaragoza (Espa\u00f1a) de la Congregaci\u00f3n de la Misi\u00f3n. Graduado en la Universidad Oberta de Catalunya con cuatro grados (Asistente de direcci\u00f3n, Gesti\u00f3n Administrativa, Recursos Humanos y Contabilidad Avanzada). Bil\u00edng\u00fce Espa\u00f1ol\/Ingl\u00e9s. gestiona y mantiene varias p\u00e1ginas web cristianas y vicencianas, incluida including La Red de Formaci\u00f3n Vicenciana, de la que es cofundador. Actualmente es responsable del \u00e1rea de Espa\u00f1ol de .famvin, la Red de Noticias de la Familia Vicenciana. Tambi\u00e9n es m\u00fasico cat\u00f3lico y ha editado varios discos. Es Director General y cofundador de Trovador, una reconocida compa\u00f1\u00eda discogr\u00e1fica critiana de Espa\u00f1a. Trabaja en las Tecnolog\u00edas de la Informaci\u00f3n, ofreciendo servicios de alojamiento, dise\u00f1o y mantenimiento Web, as\u00ed como asesoramiento, formaci\u00f3n y soluciones inform\u00e1ticas, gesti\u00f3n documental y digitalizaci\u00f3n de textos, edici\u00f3n y maquetaci\u00f3n de libros, revistas, flyers, etc.\",\"sameAs\":[\"http:\/\/chento.org\",\"https:\/\/www.facebook.com\/JavierChento\",\"https:\/\/x.com\/https:\/\/twitter.com\/javierchento\"],\"url\":\"http:\/\/vincentians.com\/es\/author\/chento\/\"}]}<\/script>\n<!-- \/ Yoast SEO plugin. -->","yoast_head_json":{"title":"17\u00ba Domingo de T.O. (reflexi\u00f3n de Jos\u00e9 Antonio Pagola) - Somos Vicencianos","robots":{"index":"index","follow":"follow","max-snippet":"max-snippet:-1","max-image-preview":"max-image-preview:large","max-video-preview":"max-video-preview:-1"},"canonical":"http:\/\/vincentians.com\/es\/17o-domingo-de-t-o-reflexion-de-jose-antonio-pagola\/","og_locale":"es_ES","og_type":"article","og_title":"17\u00ba Domingo de T.O. (reflexi\u00f3n de Jos\u00e9 Antonio Pagola) - Somos Vicencianos","og_description":"Nuestro gran pecado El episodio de la multiplicaci\u00f3n de los panes goz\u00f3 de gran popularidad entre los seguidores de Jes\u00fas. Todos los evangelistas lo recuerdan. Seguramente, les conmov\u00eda pensar que aquel hombre de Dios se ... Read More","og_url":"http:\/\/vincentians.com\/es\/17o-domingo-de-t-o-reflexion-de-jose-antonio-pagola\/","og_site_name":"Somos Vicencianos","article_publisher":"https:\/\/www.facebook.com\/WeAreVincentians\/","article_author":"https:\/\/www.facebook.com\/JavierChento","article_published_time":"2015-07-20T10:50:16+00:00","article_modified_time":"2016-07-24T08:27:59+00:00","og_image":[{"width":1200,"height":630,"url":"https:\/\/i0.wp.com\/vincentians.com\/es\/wp-content\/uploads\/sites\/11\/2016\/07\/reflexiones-pagola.jpg?fit=1200%2C630","type":"image\/jpeg"}],"author":"Francisco Javier Fern\u00e1ndez Chento","twitter_card":"summary_large_image","twitter_creator":"@https:\/\/twitter.com\/javierchento","twitter_site":"@WeVincentians","twitter_misc":{"Escrito por":"Francisco Javier Fern\u00e1ndez Chento","Tiempo de lectura":"2 minutos"},"schema":{"@context":"https:\/\/schema.org","@graph":[{"@type":"Article","@id":"http:\/\/vincentians.com\/es\/17o-domingo-de-t-o-reflexion-de-jose-antonio-pagola\/#article","isPartOf":{"@id":"http:\/\/vincentians.com\/es\/17o-domingo-de-t-o-reflexion-de-jose-antonio-pagola\/"},"author":{"name":"Francisco Javier Fern\u00e1ndez Chento","@id":"http:\/\/vincentians.com\/es\/#\/schema\/person\/9623ef4d9aa3b2dfb8c061f1499288f2"},"headline":"17\u00ba Domingo de T.O. (reflexi\u00f3n de Jos\u00e9 Antonio Pagola)","datePublished":"2015-07-20T10:50:16+00:00","dateModified":"2016-07-24T08:27:59+00:00","mainEntityOfPage":{"@id":"http:\/\/vincentians.com\/es\/17o-domingo-de-t-o-reflexion-de-jose-antonio-pagola\/"},"wordCount":444,"commentCount":0,"publisher":{"@id":"http:\/\/vincentians.com\/es\/#organization"},"image":{"@id":"http:\/\/vincentians.com\/es\/17o-domingo-de-t-o-reflexion-de-jose-antonio-pagola\/#primaryimage"},"thumbnailUrl":"https:\/\/i0.wp.com\/vincentians.com\/es\/wp-content\/uploads\/sites\/11\/2016\/07\/reflexiones-pagola.jpg?fit=1200%2C630","articleSection":["Homil\u00edas y reflexiones, A\u00f1o B"],"inLanguage":"es","potentialAction":[{"@type":"CommentAction","name":"Comment","target":["http:\/\/vincentians.com\/es\/17o-domingo-de-t-o-reflexion-de-jose-antonio-pagola\/#respond"]}]},{"@type":"WebPage","@id":"http:\/\/vincentians.com\/es\/17o-domingo-de-t-o-reflexion-de-jose-antonio-pagola\/","url":"http:\/\/vincentians.com\/es\/17o-domingo-de-t-o-reflexion-de-jose-antonio-pagola\/","name":"17\u00ba Domingo de T.O. (reflexi\u00f3n de Jos\u00e9 Antonio Pagola) - Somos Vicencianos","isPartOf":{"@id":"http:\/\/vincentians.com\/es\/#website"},"primaryImageOfPage":{"@id":"http:\/\/vincentians.com\/es\/17o-domingo-de-t-o-reflexion-de-jose-antonio-pagola\/#primaryimage"},"image":{"@id":"http:\/\/vincentians.com\/es\/17o-domingo-de-t-o-reflexion-de-jose-antonio-pagola\/#primaryimage"},"thumbnailUrl":"https:\/\/i0.wp.com\/vincentians.com\/es\/wp-content\/uploads\/sites\/11\/2016\/07\/reflexiones-pagola.jpg?fit=1200%2C630","datePublished":"2015-07-20T10:50:16+00:00","dateModified":"2016-07-24T08:27:59+00:00","breadcrumb":{"@id":"http:\/\/vincentians.com\/es\/17o-domingo-de-t-o-reflexion-de-jose-antonio-pagola\/#breadcrumb"},"inLanguage":"es","potentialAction":[{"@type":"ReadAction","target":["http:\/\/vincentians.com\/es\/17o-domingo-de-t-o-reflexion-de-jose-antonio-pagola\/"]}]},{"@type":"ImageObject","inLanguage":"es","@id":"http:\/\/vincentians.com\/es\/17o-domingo-de-t-o-reflexion-de-jose-antonio-pagola\/#primaryimage","url":"https:\/\/i0.wp.com\/vincentians.com\/es\/wp-content\/uploads\/sites\/11\/2016\/07\/reflexiones-pagola.jpg?fit=1200%2C630","contentUrl":"https:\/\/i0.wp.com\/vincentians.com\/es\/wp-content\/uploads\/sites\/11\/2016\/07\/reflexiones-pagola.jpg?fit=1200%2C630","width":1200,"height":630},{"@type":"BreadcrumbList","@id":"http:\/\/vincentians.com\/es\/17o-domingo-de-t-o-reflexion-de-jose-antonio-pagola\/#breadcrumb","itemListElement":[{"@type":"ListItem","position":1,"name":"Portada","item":"http:\/\/vincentians.com\/es\/"},{"@type":"ListItem","position":2,"name":"17\u00ba Domingo de T.O. (reflexi\u00f3n de Jos\u00e9 Antonio Pagola)"}]},{"@type":"WebSite","@id":"http:\/\/vincentians.com\/es\/#website","url":"http:\/\/vincentians.com\/es\/","name":"Somos Vicencianos","description":"Know more to serve more","publisher":{"@id":"http:\/\/vincentians.com\/es\/#organization"},"potentialAction":[{"@type":"SearchAction","target":{"@type":"EntryPoint","urlTemplate":"http:\/\/vincentians.com\/es\/?s={search_term_string}"},"query-input":{"@type":"PropertyValueSpecification","valueRequired":true,"valueName":"search_term_string"}}],"inLanguage":"es"},{"@type":"Organization","@id":"http:\/\/vincentians.com\/es\/#organization","name":"The Vincentian Network","url":"http:\/\/vincentians.com\/es\/","logo":{"@type":"ImageObject","inLanguage":"es","@id":"http:\/\/vincentians.com\/es\/#\/schema\/logo\/image\/","url":"https:\/\/i1.wp.com\/vincentians.com\/es\/wp-content\/uploads\/sites\/11\/2016\/06\/Vincentian-Network-logo-big.png?fit=778%2C778","contentUrl":"https:\/\/i1.wp.com\/vincentians.com\/es\/wp-content\/uploads\/sites\/11\/2016\/06\/Vincentian-Network-logo-big.png?fit=778%2C778","width":778,"height":778,"caption":"The Vincentian Network"},"image":{"@id":"http:\/\/vincentians.com\/es\/#\/schema\/logo\/image\/"},"sameAs":["https:\/\/www.facebook.com\/WeAreVincentians\/","https:\/\/x.com\/WeVincentians"]},{"@type":"Person","@id":"http:\/\/vincentians.com\/es\/#\/schema\/person\/9623ef4d9aa3b2dfb8c061f1499288f2","name":"Francisco Javier Fern\u00e1ndez Chento","image":{"@type":"ImageObject","inLanguage":"es","@id":"http:\/\/vincentians.com\/es\/#\/schema\/person\/image\/","url":"https:\/\/secure.gravatar.com\/avatar\/497d5cde87b4c3d097d0315953521681ba2cd523ee66e5077c3711f7021e65de?s=96&d=mm&r=g","contentUrl":"https:\/\/secure.gravatar.com\/avatar\/497d5cde87b4c3d097d0315953521681ba2cd523ee66e5077c3711f7021e65de?s=96&d=mm&r=g","caption":"Francisco Javier Fern\u00e1ndez Chento"},"description":"Director General y cofundador de La Red de Formaci\u00f3n Vicenciana. Javier es laico vicenciano, afiliado a la Congregaci\u00f3n de la Misi\u00f3n y miembro del Equipo de Misiones Populares de la provincia can\u00f3nica de Zaragoza (Espa\u00f1a) de la Congregaci\u00f3n de la Misi\u00f3n. Graduado en la Universidad Oberta de Catalunya con cuatro grados (Asistente de direcci\u00f3n, Gesti\u00f3n Administrativa, Recursos Humanos y Contabilidad Avanzada). Bil\u00edng\u00fce Espa\u00f1ol\/Ingl\u00e9s. gestiona y mantiene varias p\u00e1ginas web cristianas y vicencianas, incluida including La Red de Formaci\u00f3n Vicenciana, de la que es cofundador. Actualmente es responsable del \u00e1rea de Espa\u00f1ol de .famvin, la Red de Noticias de la Familia Vicenciana. Tambi\u00e9n es m\u00fasico cat\u00f3lico y ha editado varios discos. Es Director General y cofundador de Trovador, una reconocida compa\u00f1\u00eda discogr\u00e1fica critiana de Espa\u00f1a. Trabaja en las Tecnolog\u00edas de la Informaci\u00f3n, ofreciendo servicios de alojamiento, dise\u00f1o y mantenimiento Web, as\u00ed como asesoramiento, formaci\u00f3n y soluciones inform\u00e1ticas, gesti\u00f3n documental y digitalizaci\u00f3n de textos, edici\u00f3n y maquetaci\u00f3n de libros, revistas, flyers, etc.","sameAs":["http:\/\/chento.org","https:\/\/www.facebook.com\/JavierChento","https:\/\/x.com\/https:\/\/twitter.com\/javierchento"],"url":"http:\/\/vincentians.com\/es\/author\/chento\/"}]}},"jetpack_publicize_connections":[],"jetpack_featured_media_url":"https:\/\/i0.wp.com\/vincentians.com\/es\/wp-content\/uploads\/sites\/11\/2016\/07\/reflexiones-pagola.jpg?fit=1200%2C630","jetpack_sharing_enabled":true,"jetpack_shortlink":"https:\/\/wp.me\/p7ETMF-Uux","jetpack-related-posts":[{"id":164327,"url":"http:\/\/vincentians.com\/es\/corpus-christi-reflexion-de-tito-romero-c-m\/","url_meta":{"origin":217157,"position":0},"title":"Corpus Christi (reflexi\u00f3n de Tito Romero, C.M.)","author":"Francisco Javier Fern\u00e1ndez Chento","date":"04\/06\/2015","format":false,"excerpt":"Pan para comer y para dar de comer Este domingo celebramos la Solemnidad del \u201cCuerpo y la Sangre de Cristo\u201d (el Corpus Cristi). La Iglesia dedica un domingo exclusivo para homenajear, a trav\u00e9s de la adoraci\u00f3n y la reflexi\u00f3n, a quien ocupa el centro de su vida: Jes\u00fas Eucarist\u00eda. A\u2026","rel":"","context":"En \u00abHomil\u00edas y reflexiones, A\u00f1o B\u00bb","block_context":{"text":"Homil\u00edas y reflexiones, A\u00f1o B","link":"http:\/\/vincentians.com\/es\/category\/homilias-y-reflexiones-a-la-palabra-de-dios\/homilias-y-reflexiones-ano-b\/"},"img":{"alt_text":"","src":"https:\/\/i0.wp.com\/vincentians.com\/es\/wp-content\/uploads\/sites\/11\/2016\/07\/reflexiones-palabra-de-dios.jpg?fit=1200%2C630&resize=350%2C200","width":350,"height":200,"srcset":"https:\/\/i0.wp.com\/vincentians.com\/es\/wp-content\/uploads\/sites\/11\/2016\/07\/reflexiones-palabra-de-dios.jpg?fit=1200%2C630&resize=350%2C200 1x, https:\/\/i0.wp.com\/vincentians.com\/es\/wp-content\/uploads\/sites\/11\/2016\/07\/reflexiones-palabra-de-dios.jpg?fit=1200%2C630&resize=525%2C300 1.5x, https:\/\/i0.wp.com\/vincentians.com\/es\/wp-content\/uploads\/sites\/11\/2016\/07\/reflexiones-palabra-de-dios.jpg?fit=1200%2C630&resize=700%2C400 2x, https:\/\/i0.wp.com\/vincentians.com\/es\/wp-content\/uploads\/sites\/11\/2016\/07\/reflexiones-palabra-de-dios.jpg?fit=1200%2C630&resize=1050%2C600 3x"},"classes":[]},{"id":135792,"url":"http:\/\/vincentians.com\/es\/18o-domingo-de-tiempo-ordinario-reflexion-de-jose-antonio-pagola\/","url_meta":{"origin":217157,"position":1},"title":"18\u00ba Domingo de Tiempo Ordinario (reflexi\u00f3n de Jos\u00e9 Antonio Pagola)","author":"Francisco Javier Fern\u00e1ndez Chento","date":"31\/07\/2012","format":false,"excerpt":"Pan de vida \u00bfPor qu\u00e9 seguir interes\u00e1ndonos por Jes\u00fas despu\u00e9s de veinte siglos? \u00bfQu\u00e9 podemos esperar de \u00e9l? \u00bfQu\u00e9 nos puede aportar a los hombres y mujeres de nuestro tiempo? \u00bfNos va a resolver acaso los problemas del mundo actual? El evangelio de Juan habla un di\u00e1logo de gran inter\u00e9s,\u2026","rel":"","context":"En \u00abHomil\u00edas y reflexiones, A\u00f1o B\u00bb","block_context":{"text":"Homil\u00edas y reflexiones, A\u00f1o B","link":"http:\/\/vincentians.com\/es\/category\/homilias-y-reflexiones-a-la-palabra-de-dios\/homilias-y-reflexiones-ano-b\/"},"img":{"alt_text":"","src":"https:\/\/i0.wp.com\/vincentians.com\/es\/wp-content\/uploads\/sites\/11\/2016\/07\/reflexiones-pagola.jpg?fit=1200%2C630&resize=350%2C200","width":350,"height":200,"srcset":"https:\/\/i0.wp.com\/vincentians.com\/es\/wp-content\/uploads\/sites\/11\/2016\/07\/reflexiones-pagola.jpg?fit=1200%2C630&resize=350%2C200 1x, https:\/\/i0.wp.com\/vincentians.com\/es\/wp-content\/uploads\/sites\/11\/2016\/07\/reflexiones-pagola.jpg?fit=1200%2C630&resize=525%2C300 1.5x, https:\/\/i0.wp.com\/vincentians.com\/es\/wp-content\/uploads\/sites\/11\/2016\/07\/reflexiones-pagola.jpg?fit=1200%2C630&resize=700%2C400 2x, https:\/\/i0.wp.com\/vincentians.com\/es\/wp-content\/uploads\/sites\/11\/2016\/07\/reflexiones-pagola.jpg?fit=1200%2C630&resize=1050%2C600 3x"},"classes":[]},{"id":1788,"url":"http:\/\/vincentians.com\/es\/17o-domingo-de-t-o-reflexion-de-jose-antonio-pagola-2\/","url_meta":{"origin":217157,"position":2},"title":"17\u00ba Domingo de T.O. (reflexi\u00f3n de Jos\u00e9 Antonio Pagola)","author":"Francisco Javier Fern\u00e1ndez Chento","date":"25\/07\/2012","format":false,"excerpt":"El gesto de un joven De todos los gestos realizados por Jes\u00fas durante su actividad prof\u00e9tica, el m\u00e1s recordado por las primeras comunidades cristianas fue seguramente una comida multitudinaria organizada por \u00e9l en medio del campo, en las cercan\u00edas del lago de Galilea. Es el \u00fanico episodio recogido en todos\u2026","rel":"","context":"En \u00abHomil\u00edas y reflexiones, A\u00f1o B\u00bb","block_context":{"text":"Homil\u00edas y reflexiones, A\u00f1o B","link":"http:\/\/vincentians.com\/es\/category\/homilias-y-reflexiones-a-la-palabra-de-dios\/homilias-y-reflexiones-ano-b\/"},"img":{"alt_text":"","src":"https:\/\/i0.wp.com\/vincentians.com\/es\/wp-content\/uploads\/sites\/11\/2016\/07\/reflexiones-pagola.jpg?fit=1200%2C630&resize=350%2C200","width":350,"height":200,"srcset":"https:\/\/i0.wp.com\/vincentians.com\/es\/wp-content\/uploads\/sites\/11\/2016\/07\/reflexiones-pagola.jpg?fit=1200%2C630&resize=350%2C200 1x, https:\/\/i0.wp.com\/vincentians.com\/es\/wp-content\/uploads\/sites\/11\/2016\/07\/reflexiones-pagola.jpg?fit=1200%2C630&resize=525%2C300 1.5x, https:\/\/i0.wp.com\/vincentians.com\/es\/wp-content\/uploads\/sites\/11\/2016\/07\/reflexiones-pagola.jpg?fit=1200%2C630&resize=700%2C400 2x, https:\/\/i0.wp.com\/vincentians.com\/es\/wp-content\/uploads\/sites\/11\/2016\/07\/reflexiones-pagola.jpg?fit=1200%2C630&resize=1050%2C600 3x"},"classes":[]},{"id":135793,"url":"http:\/\/vincentians.com\/es\/18o-domingo-de-tiempo-ordinario-reflexion-de-antonio-elduayen-c-m\/","url_meta":{"origin":217157,"position":3},"title":"18\u00ba Domingo de Tiempo Ordinario (reflexi\u00f3n de Antonio Elduayen, C.M.)","author":"Francisco Javier Fern\u00e1ndez Chento","date":"30\/07\/2015","format":false,"excerpt":"Queridos amigos Creer en Jesucristo es lo que Dios quiere que hagamos con toda nuestra alma. Es la obra que Dios pide de nosotros -opus Dei (la obra de Dios por excelencia) (Jn 5,29)-, entre las muchas obras que pudi\u00e9ramos hacer para agradarle y para servir al pr\u00f3jimo. Jes\u00fas la\u2026","rel":"","context":"En \u00abHomil\u00edas y reflexiones, A\u00f1o B\u00bb","block_context":{"text":"Homil\u00edas y reflexiones, A\u00f1o B","link":"http:\/\/vincentians.com\/es\/category\/homilias-y-reflexiones-a-la-palabra-de-dios\/homilias-y-reflexiones-ano-b\/"},"img":{"alt_text":"","src":"https:\/\/i0.wp.com\/vincentians.com\/es\/wp-content\/uploads\/sites\/11\/2016\/07\/reflexiones-palabra-de-dios.jpg?fit=1200%2C630&resize=350%2C200","width":350,"height":200,"srcset":"https:\/\/i0.wp.com\/vincentians.com\/es\/wp-content\/uploads\/sites\/11\/2016\/07\/reflexiones-palabra-de-dios.jpg?fit=1200%2C630&resize=350%2C200 1x, https:\/\/i0.wp.com\/vincentians.com\/es\/wp-content\/uploads\/sites\/11\/2016\/07\/reflexiones-palabra-de-dios.jpg?fit=1200%2C630&resize=525%2C300 1.5x, https:\/\/i0.wp.com\/vincentians.com\/es\/wp-content\/uploads\/sites\/11\/2016\/07\/reflexiones-palabra-de-dios.jpg?fit=1200%2C630&resize=700%2C400 2x, https:\/\/i0.wp.com\/vincentians.com\/es\/wp-content\/uploads\/sites\/11\/2016\/07\/reflexiones-palabra-de-dios.jpg?fit=1200%2C630&resize=1050%2C600 3x"},"classes":[]},{"id":228509,"url":"http:\/\/vincentians.com\/es\/18o-domingo-de-t-o-reflexion-de-jose-antonio-pagola\/","url_meta":{"origin":217157,"position":4},"title":"18\u00ba Domingo de T.O. (reflexi\u00f3n de Jos\u00e9 Antonio Pagola)","author":"Francisco Javier Fern\u00e1ndez Chento","date":"29\/07\/2015","format":false,"excerpt":"El coraz\u00f3n del cristianismo La gente necesita a Jes\u00fas y lo busca. Hay algo en \u00e9l que los atrae, pero todav\u00eda no saben exactamente por qu\u00e9 lo buscan ni para qu\u00e9. Seg\u00fan el evangelista, muchos lo hacen porque el d\u00eda anterior les ha distribuido pan para saciar su hambre. Jes\u00fas\u2026","rel":"","context":"En \u00abHomil\u00edas y reflexiones, A\u00f1o B\u00bb","block_context":{"text":"Homil\u00edas y reflexiones, A\u00f1o B","link":"http:\/\/vincentians.com\/es\/category\/homilias-y-reflexiones-a-la-palabra-de-dios\/homilias-y-reflexiones-ano-b\/"},"img":{"alt_text":"","src":"https:\/\/i0.wp.com\/vincentians.com\/es\/wp-content\/uploads\/sites\/11\/2016\/07\/reflexiones-pagola.jpg?fit=1200%2C630&resize=350%2C200","width":350,"height":200,"srcset":"https:\/\/i0.wp.com\/vincentians.com\/es\/wp-content\/uploads\/sites\/11\/2016\/07\/reflexiones-pagola.jpg?fit=1200%2C630&resize=350%2C200 1x, https:\/\/i0.wp.com\/vincentians.com\/es\/wp-content\/uploads\/sites\/11\/2016\/07\/reflexiones-pagola.jpg?fit=1200%2C630&resize=525%2C300 1.5x, https:\/\/i0.wp.com\/vincentians.com\/es\/wp-content\/uploads\/sites\/11\/2016\/07\/reflexiones-pagola.jpg?fit=1200%2C630&resize=700%2C400 2x, https:\/\/i0.wp.com\/vincentians.com\/es\/wp-content\/uploads\/sites\/11\/2016\/07\/reflexiones-pagola.jpg?fit=1200%2C630&resize=1050%2C600 3x"},"classes":[]},{"id":135791,"url":"http:\/\/vincentians.com\/es\/17o-domingo-de-tiempo-ordinario-reflexion-de-alfonso-berrade-c-m\/","url_meta":{"origin":217157,"position":5},"title":"17\u00ba Domingo de T.O. (reflexi\u00f3n de Alfonso Berrade, C.M.)","author":"Francisco Javier Fern\u00e1ndez Chento","date":"28\/07\/2012","format":false,"excerpt":"Hay que reponer las fuerzas para el camino No s\u00e9 si has escuchado hablar a los campesinos o a los monta\u00f1eros antes de iniciar una jornada. Hablan de la fuerza que necesitan para el d\u00eda, y esa fuerza se adquiere con la alimentaci\u00f3n. Van al campo o la escalada con\u2026","rel":"","context":"En \u00abHomil\u00edas y reflexiones, A\u00f1o B\u00bb","block_context":{"text":"Homil\u00edas y reflexiones, A\u00f1o B","link":"http:\/\/vincentians.com\/es\/category\/homilias-y-reflexiones-a-la-palabra-de-dios\/homilias-y-reflexiones-ano-b\/"},"img":{"alt_text":"","src":"https:\/\/i0.wp.com\/vincentians.com\/es\/wp-content\/uploads\/sites\/11\/2016\/07\/reflexiones-palabra-de-dios.jpg?fit=1200%2C630&resize=350%2C200","width":350,"height":200,"srcset":"https:\/\/i0.wp.com\/vincentians.com\/es\/wp-content\/uploads\/sites\/11\/2016\/07\/reflexiones-palabra-de-dios.jpg?fit=1200%2C630&resize=350%2C200 1x, https:\/\/i0.wp.com\/vincentians.com\/es\/wp-content\/uploads\/sites\/11\/2016\/07\/reflexiones-palabra-de-dios.jpg?fit=1200%2C630&resize=525%2C300 1.5x, https:\/\/i0.wp.com\/vincentians.com\/es\/wp-content\/uploads\/sites\/11\/2016\/07\/reflexiones-palabra-de-dios.jpg?fit=1200%2C630&resize=700%2C400 2x, https:\/\/i0.wp.com\/vincentians.com\/es\/wp-content\/uploads\/sites\/11\/2016\/07\/reflexiones-palabra-de-dios.jpg?fit=1200%2C630&resize=1050%2C600 3x"},"classes":[]}],"_links":{"self":[{"href":"http:\/\/vincentians.com\/es\/wp-json\/wp\/v2\/posts\/217157","targetHints":{"allow":["GET"]}}],"collection":[{"href":"http:\/\/vincentians.com\/es\/wp-json\/wp\/v2\/posts"}],"about":[{"href":"http:\/\/vincentians.com\/es\/wp-json\/wp\/v2\/types\/post"}],"author":[{"embeddable":true,"href":"http:\/\/vincentians.com\/es\/wp-json\/wp\/v2\/users\/4"}],"replies":[{"embeddable":true,"href":"http:\/\/vincentians.com\/es\/wp-json\/wp\/v2\/comments?post=217157"}],"version-history":[{"count":0,"href":"http:\/\/vincentians.com\/es\/wp-json\/wp\/v2\/posts\/217157\/revisions"}],"wp:featuredmedia":[{"embeddable":true,"href":"http:\/\/vincentians.com\/es\/wp-json\/wp\/v2\/media\/388396"}],"wp:attachment":[{"href":"http:\/\/vincentians.com\/es\/wp-json\/wp\/v2\/media?parent=217157"}],"wp:term":[{"taxonomy":"category","embeddable":true,"href":"http:\/\/vincentians.com\/es\/wp-json\/wp\/v2\/categories?post=217157"},{"taxonomy":"post_tag","embeddable":true,"href":"http:\/\/vincentians.com\/es\/wp-json\/wp\/v2\/tags?post=217157"}],"curies":[{"name":"wp","href":"https:\/\/api.w.org\/{rel}","templated":true}]}}