{"id":217155,"date":"2015-07-20T16:50:20","date_gmt":"2015-07-20T14:50:20","guid":{"rendered":"http:\/\/somos.vicencianos.org\/?p=217155"},"modified":"2016-07-24T10:27:58","modified_gmt":"2016-07-24T08:27:58","slug":"17o-domingo-de-t-o-reflexion-de-jose-roman-flecha","status":"publish","type":"post","link":"http:\/\/vincentians.com\/es\/17o-domingo-de-t-o-reflexion-de-jose-roman-flecha\/","title":{"rendered":"17\u00ba Domingo de T.O. (reflexi\u00f3n de Jos\u00e9 Rom\u00e1n Flecha)"},"content":{"rendered":"<p><a href=\"https:\/\/i0.wp.com\/vicencianos.org\/wp-content\/2014\/12\/jose_roman_flecha.jpg\"><img data-recalc-dims=\"1\" loading=\"lazy\" decoding=\"async\" class=\"alignright size-medium wp-image-132397\" src=\"https:\/\/i0.wp.com\/vicencianos.org\/wp-content\/2014\/12\/jose_roman_flecha-216x300.jpg?resize=216%2C300\" alt=\"jose_roman_flecha\" width=\"216\" height=\"300\" \/><\/a><strong>EL HAMBRE Y EL PAN<br \/>\n<\/strong>Domingo 17\u00ba del Tiempo Ordinario. B.<br \/>\n19 de julio de 2015<\/p>\n<p>\u201cD\u00e1selos a la gente para que coman. Porque esto dice el Se\u00f1or: Comer\u00e1n y sobrar\u00e1\u201d. As\u00ed se expresa el profeta Eliseo. Es importante releer con calma la primera lectura de la misa de este domingo 17 del Tiempo Ordinario.<\/p>\n<p>El texto contrapone a Eliseo y a su criado. Mientras \u00e9ste mira los acontecimientos con ojos de c\u00e1lculo, el profeta los mira con los ojos de la fe. En realidad, los gestos de Eliseo son mucho m\u00e1s importantes que sus palabras. En este caso, su gesto revela la compasi\u00f3n con la que el hombre de Dios mira a las gentes que lo siguen.<\/p>\n<p>El profeta Eliseo invita a repartir entre aquel centenar de personas los veinte panes de cebada que le hab\u00eda tra\u00eddo un hombre. Al mismo tiempo, su criado se pregunta c\u00f3mo puede ese pan satisfacer a tanta gente. Pero el caso es que comieron todos y sobr\u00f3 pan (2 Re 4,42-44).<\/p>\n<p><strong>LA ENTREGA<\/strong><\/p>\n<p>La figura y el gesto del profeta Eliseo nos evocan inmediatamente la figura de Jes\u00fas que hoy aparece en el evangelio de Juan (Jn 6, 1-15). El relato del reparto de los panes y los peces y el discurso posterior de Jes\u00fas nos van a acompa\u00f1ar a lo largo de cinco domingos consecutivos. El texto que hoy se proclama nos presenta algunos rasgos notables:<\/p>\n<ul>\n<li>Las gentes siguen a Jes\u00fas porque han visto los signos que hace con los enfermos. Pero no han descubierto todav\u00eda el gran signo de Jes\u00fas. Est\u00e1 cerca la Pascua. As\u00ed que la entrega de los panes y los peces anticipa la entrega pascual de Jes\u00fas.<\/li>\n<li>La preocupaci\u00f3n por las necesidades de las gentes que le siguen no parte de los disc\u00edpulos, sino del mismo Jes\u00fas. Sin embargo, Jes\u00fas requiere la colaboraci\u00f3n de sus disc\u00edpulos. Y aprovecha la generosidad de un muchacho que ofrece lo poco que tiene.<\/li>\n<li>La oraci\u00f3n de acci\u00f3n de gracias de Jes\u00fas nos remite a la eucarist\u00eda, en la que celebramos la \u201cgratuidad\u201d del don de Dios a los hombres. Y evoca tambi\u00e9n nuestra oraci\u00f3n de \u201cgratitud\u201d antes y despu\u00e9s de las comidas, con la que reconocemos a Dios como Se\u00f1or de la vida.<\/li>\n<\/ul>\n<p><strong>LA COMPASI\u00d3N<\/strong><\/p>\n<p>El reparto de los panes y los peces se encuentra en los cuatro evangelios. El texto que hoy se proclama se cierra con dos frases que recogen el sentir de Jes\u00fas y el de la multitud.<\/p>\n<ul>\n<li>\u201cRecoged los pedazos que han sobrado; que nada se desperdicie\u201d. Importa que no se pierdan los restos del pan. Pero m\u00e1s importa que la comunidad aprenda a compartir los bienes con los hambrientos de pan y de sentido. En nuestros d\u00edas, el papa Francisco denuncia constantemente la falsa cultura del desperdicio y del descarte.<\/li>\n<li>\u201cEste s\u00ed que es el Profeta que ten\u00eda que venir al mundo\u201d. Por las palabras de Jes\u00fas, ya la Samaritana lo hab\u00eda reconocido como un profeta. Ahora, son la compasi\u00f3n y las obras de Jes\u00fas las que lo revelan ante la multitud como el profeta esperado desde siempre.<\/li>\n<\/ul>\n<p><em>&#8211; Se\u00f1or Jes\u00fas, al igual que la multitud, te reconocemos como rey. Pero tu retirada a la monta\u00f1a nos dice que tu realeza no se apoya en el f\u00e1cil recurso de satisfacer nuestras necesidades inmediatas o nuestros gustos pasajeros. Tu realeza se manifiesta en tu entrega por nosotros. Bendito seas por siempre, Se\u00f1or.<\/em><\/p>\n","protected":false},"excerpt":{"rendered":"<p>EL HAMBRE Y EL PAN Domingo 17\u00ba del Tiempo Ordinario. B. 19 de julio de 2015 \u201cD\u00e1selos a la gente para que coman. Porque esto dice el Se\u00f1or: Comer\u00e1n y sobrar\u00e1\u201d. As\u00ed se expresa el &#8230; <a href=\"http:\/\/vincentians.com\/es\/17o-domingo-de-t-o-reflexion-de-jose-roman-flecha\/\" class=\"more-link\">Read More<\/a><\/p>\n","protected":false},"author":4,"featured_media":388408,"comment_status":"open","ping_status":"open","sticky":false,"template":"","format":"standard","meta":{"jetpack_post_was_ever_published":false,"_jetpack_newsletter_access":"","_jetpack_dont_email_post_to_subs":false,"_jetpack_newsletter_tier_id":0,"_jetpack_memberships_contains_paywalled_content":false,"_jetpack_memberships_contains_paid_content":false,"footnotes":"","jetpack_publicize_message":"","jetpack_publicize_feature_enabled":true,"jetpack_social_post_already_shared":true,"jetpack_social_options":{"image_generator_settings":{"template":"highway","default_image_id":0,"font":"","enabled":false},"version":2}},"categories":[93],"tags":[172],"class_list":["post-217155","post","type-post","status-publish","format-standard","has-post-thumbnail","hentry","category-homilias-y-reflexiones-ano-b","tag-pobreza"],"yoast_head":"<!-- This site is optimized with the Yoast SEO plugin v26.3 - https:\/\/yoast.com\/wordpress\/plugins\/seo\/ -->\n<title>17\u00ba Domingo de T.O. (reflexi\u00f3n de Jos\u00e9 Rom\u00e1n Flecha) - Somos Vicencianos<\/title>\n<meta name=\"robots\" content=\"index, follow, max-snippet:-1, max-image-preview:large, max-video-preview:-1\" \/>\n<link rel=\"canonical\" href=\"http:\/\/vincentians.com\/es\/17o-domingo-de-t-o-reflexion-de-jose-roman-flecha\/\" \/>\n<meta property=\"og:locale\" content=\"es_ES\" \/>\n<meta property=\"og:type\" content=\"article\" \/>\n<meta property=\"og:title\" content=\"17\u00ba Domingo de T.O. (reflexi\u00f3n de Jos\u00e9 Rom\u00e1n Flecha) - Somos Vicencianos\" \/>\n<meta property=\"og:description\" content=\"EL HAMBRE Y EL PAN Domingo 17\u00ba del Tiempo Ordinario. B. 19 de julio de 2015 \u201cD\u00e1selos a la gente para que coman. Porque esto dice el Se\u00f1or: Comer\u00e1n y sobrar\u00e1\u201d. As\u00ed se expresa el ... Read More\" \/>\n<meta property=\"og:url\" content=\"http:\/\/vincentians.com\/es\/17o-domingo-de-t-o-reflexion-de-jose-roman-flecha\/\" \/>\n<meta property=\"og:site_name\" content=\"Somos Vicencianos\" \/>\n<meta property=\"article:publisher\" content=\"https:\/\/www.facebook.com\/WeAreVincentians\/\" \/>\n<meta property=\"article:author\" content=\"https:\/\/www.facebook.com\/JavierChento\" \/>\n<meta property=\"article:published_time\" content=\"2015-07-20T14:50:20+00:00\" \/>\n<meta property=\"article:modified_time\" content=\"2016-07-24T08:27:58+00:00\" \/>\n<meta property=\"og:image\" content=\"https:\/\/i0.wp.com\/vincentians.com\/es\/wp-content\/uploads\/sites\/11\/2016\/07\/reflexiones-palabra-de-dios.jpg?fit=1200%2C630\" \/>\n\t<meta property=\"og:image:width\" content=\"1200\" \/>\n\t<meta property=\"og:image:height\" content=\"630\" \/>\n\t<meta property=\"og:image:type\" content=\"image\/jpeg\" \/>\n<meta name=\"author\" content=\"Francisco Javier Fern\u00e1ndez Chento\" \/>\n<meta name=\"twitter:card\" content=\"summary_large_image\" \/>\n<meta name=\"twitter:creator\" content=\"@https:\/\/twitter.com\/javierchento\" \/>\n<meta name=\"twitter:site\" content=\"@WeVincentians\" \/>\n<meta name=\"twitter:label1\" content=\"Escrito por\" \/>\n\t<meta name=\"twitter:data1\" content=\"Francisco Javier Fern\u00e1ndez Chento\" \/>\n\t<meta name=\"twitter:label2\" content=\"Tiempo de lectura\" \/>\n\t<meta name=\"twitter:data2\" content=\"3 minutos\" \/>\n<script type=\"application\/ld+json\" class=\"yoast-schema-graph\">{\"@context\":\"https:\/\/schema.org\",\"@graph\":[{\"@type\":\"Article\",\"@id\":\"http:\/\/vincentians.com\/es\/17o-domingo-de-t-o-reflexion-de-jose-roman-flecha\/#article\",\"isPartOf\":{\"@id\":\"http:\/\/vincentians.com\/es\/17o-domingo-de-t-o-reflexion-de-jose-roman-flecha\/\"},\"author\":{\"name\":\"Francisco Javier Fern\u00e1ndez Chento\",\"@id\":\"https:\/\/vincentians.com\/es\/#\/schema\/person\/9623ef4d9aa3b2dfb8c061f1499288f2\"},\"headline\":\"17\u00ba Domingo de T.O. (reflexi\u00f3n de Jos\u00e9 Rom\u00e1n Flecha)\",\"datePublished\":\"2015-07-20T14:50:20+00:00\",\"dateModified\":\"2016-07-24T08:27:58+00:00\",\"mainEntityOfPage\":{\"@id\":\"http:\/\/vincentians.com\/es\/17o-domingo-de-t-o-reflexion-de-jose-roman-flecha\/\"},\"wordCount\":613,\"commentCount\":0,\"publisher\":{\"@id\":\"https:\/\/vincentians.com\/es\/#organization\"},\"image\":{\"@id\":\"http:\/\/vincentians.com\/es\/17o-domingo-de-t-o-reflexion-de-jose-roman-flecha\/#primaryimage\"},\"thumbnailUrl\":\"https:\/\/i0.wp.com\/vincentians.com\/es\/wp-content\/uploads\/sites\/11\/2016\/07\/reflexiones-palabra-de-dios.jpg?fit=1200%2C630\",\"keywords\":[\"Pobreza\"],\"articleSection\":[\"Homil\u00edas y reflexiones, A\u00f1o B\"],\"inLanguage\":\"es\",\"potentialAction\":[{\"@type\":\"CommentAction\",\"name\":\"Comment\",\"target\":[\"http:\/\/vincentians.com\/es\/17o-domingo-de-t-o-reflexion-de-jose-roman-flecha\/#respond\"]}]},{\"@type\":\"WebPage\",\"@id\":\"http:\/\/vincentians.com\/es\/17o-domingo-de-t-o-reflexion-de-jose-roman-flecha\/\",\"url\":\"http:\/\/vincentians.com\/es\/17o-domingo-de-t-o-reflexion-de-jose-roman-flecha\/\",\"name\":\"17\u00ba Domingo de T.O. (reflexi\u00f3n de Jos\u00e9 Rom\u00e1n Flecha) - Somos Vicencianos\",\"isPartOf\":{\"@id\":\"https:\/\/vincentians.com\/es\/#website\"},\"primaryImageOfPage\":{\"@id\":\"http:\/\/vincentians.com\/es\/17o-domingo-de-t-o-reflexion-de-jose-roman-flecha\/#primaryimage\"},\"image\":{\"@id\":\"http:\/\/vincentians.com\/es\/17o-domingo-de-t-o-reflexion-de-jose-roman-flecha\/#primaryimage\"},\"thumbnailUrl\":\"https:\/\/i0.wp.com\/vincentians.com\/es\/wp-content\/uploads\/sites\/11\/2016\/07\/reflexiones-palabra-de-dios.jpg?fit=1200%2C630\",\"datePublished\":\"2015-07-20T14:50:20+00:00\",\"dateModified\":\"2016-07-24T08:27:58+00:00\",\"breadcrumb\":{\"@id\":\"http:\/\/vincentians.com\/es\/17o-domingo-de-t-o-reflexion-de-jose-roman-flecha\/#breadcrumb\"},\"inLanguage\":\"es\",\"potentialAction\":[{\"@type\":\"ReadAction\",\"target\":[\"http:\/\/vincentians.com\/es\/17o-domingo-de-t-o-reflexion-de-jose-roman-flecha\/\"]}]},{\"@type\":\"ImageObject\",\"inLanguage\":\"es\",\"@id\":\"http:\/\/vincentians.com\/es\/17o-domingo-de-t-o-reflexion-de-jose-roman-flecha\/#primaryimage\",\"url\":\"https:\/\/i0.wp.com\/vincentians.com\/es\/wp-content\/uploads\/sites\/11\/2016\/07\/reflexiones-palabra-de-dios.jpg?fit=1200%2C630\",\"contentUrl\":\"https:\/\/i0.wp.com\/vincentians.com\/es\/wp-content\/uploads\/sites\/11\/2016\/07\/reflexiones-palabra-de-dios.jpg?fit=1200%2C630\",\"width\":1200,\"height\":630},{\"@type\":\"BreadcrumbList\",\"@id\":\"http:\/\/vincentians.com\/es\/17o-domingo-de-t-o-reflexion-de-jose-roman-flecha\/#breadcrumb\",\"itemListElement\":[{\"@type\":\"ListItem\",\"position\":1,\"name\":\"Portada\",\"item\":\"https:\/\/vincentians.com\/es\/\"},{\"@type\":\"ListItem\",\"position\":2,\"name\":\"17\u00ba Domingo de T.O. (reflexi\u00f3n de Jos\u00e9 Rom\u00e1n Flecha)\"}]},{\"@type\":\"WebSite\",\"@id\":\"https:\/\/vincentians.com\/es\/#website\",\"url\":\"https:\/\/vincentians.com\/es\/\",\"name\":\"Somos Vicencianos\",\"description\":\"Know more to serve more\",\"publisher\":{\"@id\":\"https:\/\/vincentians.com\/es\/#organization\"},\"potentialAction\":[{\"@type\":\"SearchAction\",\"target\":{\"@type\":\"EntryPoint\",\"urlTemplate\":\"https:\/\/vincentians.com\/es\/?s={search_term_string}\"},\"query-input\":{\"@type\":\"PropertyValueSpecification\",\"valueRequired\":true,\"valueName\":\"search_term_string\"}}],\"inLanguage\":\"es\"},{\"@type\":\"Organization\",\"@id\":\"https:\/\/vincentians.com\/es\/#organization\",\"name\":\"The Vincentian Network\",\"url\":\"https:\/\/vincentians.com\/es\/\",\"logo\":{\"@type\":\"ImageObject\",\"inLanguage\":\"es\",\"@id\":\"https:\/\/vincentians.com\/es\/#\/schema\/logo\/image\/\",\"url\":\"https:\/\/i1.wp.com\/vincentians.com\/es\/wp-content\/uploads\/sites\/11\/2016\/06\/Vincentian-Network-logo-big.png?fit=778%2C778\",\"contentUrl\":\"https:\/\/i1.wp.com\/vincentians.com\/es\/wp-content\/uploads\/sites\/11\/2016\/06\/Vincentian-Network-logo-big.png?fit=778%2C778\",\"width\":778,\"height\":778,\"caption\":\"The Vincentian Network\"},\"image\":{\"@id\":\"https:\/\/vincentians.com\/es\/#\/schema\/logo\/image\/\"},\"sameAs\":[\"https:\/\/www.facebook.com\/WeAreVincentians\/\",\"https:\/\/x.com\/WeVincentians\"]},{\"@type\":\"Person\",\"@id\":\"https:\/\/vincentians.com\/es\/#\/schema\/person\/9623ef4d9aa3b2dfb8c061f1499288f2\",\"name\":\"Francisco Javier Fern\u00e1ndez Chento\",\"image\":{\"@type\":\"ImageObject\",\"inLanguage\":\"es\",\"@id\":\"https:\/\/vincentians.com\/es\/#\/schema\/person\/image\/\",\"url\":\"https:\/\/secure.gravatar.com\/avatar\/497d5cde87b4c3d097d0315953521681ba2cd523ee66e5077c3711f7021e65de?s=96&d=mm&r=g\",\"contentUrl\":\"https:\/\/secure.gravatar.com\/avatar\/497d5cde87b4c3d097d0315953521681ba2cd523ee66e5077c3711f7021e65de?s=96&d=mm&r=g\",\"caption\":\"Francisco Javier Fern\u00e1ndez Chento\"},\"description\":\"Director General y cofundador de La Red de Formaci\u00f3n Vicenciana. Javier es laico vicenciano, afiliado a la Congregaci\u00f3n de la Misi\u00f3n y miembro del Equipo de Misiones Populares de la provincia can\u00f3nica de Zaragoza (Espa\u00f1a) de la Congregaci\u00f3n de la Misi\u00f3n. Graduado en la Universidad Oberta de Catalunya con cuatro grados (Asistente de direcci\u00f3n, Gesti\u00f3n Administrativa, Recursos Humanos y Contabilidad Avanzada). Bil\u00edng\u00fce Espa\u00f1ol\/Ingl\u00e9s. gestiona y mantiene varias p\u00e1ginas web cristianas y vicencianas, incluida including La Red de Formaci\u00f3n Vicenciana, de la que es cofundador. Actualmente es responsable del \u00e1rea de Espa\u00f1ol de .famvin, la Red de Noticias de la Familia Vicenciana. Tambi\u00e9n es m\u00fasico cat\u00f3lico y ha editado varios discos. Es Director General y cofundador de Trovador, una reconocida compa\u00f1\u00eda discogr\u00e1fica critiana de Espa\u00f1a. Trabaja en las Tecnolog\u00edas de la Informaci\u00f3n, ofreciendo servicios de alojamiento, dise\u00f1o y mantenimiento Web, as\u00ed como asesoramiento, formaci\u00f3n y soluciones inform\u00e1ticas, gesti\u00f3n documental y digitalizaci\u00f3n de textos, edici\u00f3n y maquetaci\u00f3n de libros, revistas, flyers, etc.\",\"sameAs\":[\"http:\/\/chento.org\",\"https:\/\/www.facebook.com\/JavierChento\",\"https:\/\/x.com\/https:\/\/twitter.com\/javierchento\"],\"url\":\"http:\/\/vincentians.com\/es\/author\/chento\/\"}]}<\/script>\n<!-- \/ Yoast SEO plugin. -->","yoast_head_json":{"title":"17\u00ba Domingo de T.O. (reflexi\u00f3n de Jos\u00e9 Rom\u00e1n Flecha) - Somos Vicencianos","robots":{"index":"index","follow":"follow","max-snippet":"max-snippet:-1","max-image-preview":"max-image-preview:large","max-video-preview":"max-video-preview:-1"},"canonical":"http:\/\/vincentians.com\/es\/17o-domingo-de-t-o-reflexion-de-jose-roman-flecha\/","og_locale":"es_ES","og_type":"article","og_title":"17\u00ba Domingo de T.O. (reflexi\u00f3n de Jos\u00e9 Rom\u00e1n Flecha) - Somos Vicencianos","og_description":"EL HAMBRE Y EL PAN Domingo 17\u00ba del Tiempo Ordinario. B. 19 de julio de 2015 \u201cD\u00e1selos a la gente para que coman. Porque esto dice el Se\u00f1or: Comer\u00e1n y sobrar\u00e1\u201d. As\u00ed se expresa el ... Read More","og_url":"http:\/\/vincentians.com\/es\/17o-domingo-de-t-o-reflexion-de-jose-roman-flecha\/","og_site_name":"Somos Vicencianos","article_publisher":"https:\/\/www.facebook.com\/WeAreVincentians\/","article_author":"https:\/\/www.facebook.com\/JavierChento","article_published_time":"2015-07-20T14:50:20+00:00","article_modified_time":"2016-07-24T08:27:58+00:00","og_image":[{"width":1200,"height":630,"url":"https:\/\/i0.wp.com\/vincentians.com\/es\/wp-content\/uploads\/sites\/11\/2016\/07\/reflexiones-palabra-de-dios.jpg?fit=1200%2C630","type":"image\/jpeg"}],"author":"Francisco Javier Fern\u00e1ndez Chento","twitter_card":"summary_large_image","twitter_creator":"@https:\/\/twitter.com\/javierchento","twitter_site":"@WeVincentians","twitter_misc":{"Escrito por":"Francisco Javier Fern\u00e1ndez Chento","Tiempo de lectura":"3 minutos"},"schema":{"@context":"https:\/\/schema.org","@graph":[{"@type":"Article","@id":"http:\/\/vincentians.com\/es\/17o-domingo-de-t-o-reflexion-de-jose-roman-flecha\/#article","isPartOf":{"@id":"http:\/\/vincentians.com\/es\/17o-domingo-de-t-o-reflexion-de-jose-roman-flecha\/"},"author":{"name":"Francisco Javier Fern\u00e1ndez Chento","@id":"https:\/\/vincentians.com\/es\/#\/schema\/person\/9623ef4d9aa3b2dfb8c061f1499288f2"},"headline":"17\u00ba Domingo de T.O. (reflexi\u00f3n de Jos\u00e9 Rom\u00e1n Flecha)","datePublished":"2015-07-20T14:50:20+00:00","dateModified":"2016-07-24T08:27:58+00:00","mainEntityOfPage":{"@id":"http:\/\/vincentians.com\/es\/17o-domingo-de-t-o-reflexion-de-jose-roman-flecha\/"},"wordCount":613,"commentCount":0,"publisher":{"@id":"https:\/\/vincentians.com\/es\/#organization"},"image":{"@id":"http:\/\/vincentians.com\/es\/17o-domingo-de-t-o-reflexion-de-jose-roman-flecha\/#primaryimage"},"thumbnailUrl":"https:\/\/i0.wp.com\/vincentians.com\/es\/wp-content\/uploads\/sites\/11\/2016\/07\/reflexiones-palabra-de-dios.jpg?fit=1200%2C630","keywords":["Pobreza"],"articleSection":["Homil\u00edas y reflexiones, A\u00f1o B"],"inLanguage":"es","potentialAction":[{"@type":"CommentAction","name":"Comment","target":["http:\/\/vincentians.com\/es\/17o-domingo-de-t-o-reflexion-de-jose-roman-flecha\/#respond"]}]},{"@type":"WebPage","@id":"http:\/\/vincentians.com\/es\/17o-domingo-de-t-o-reflexion-de-jose-roman-flecha\/","url":"http:\/\/vincentians.com\/es\/17o-domingo-de-t-o-reflexion-de-jose-roman-flecha\/","name":"17\u00ba Domingo de T.O. (reflexi\u00f3n de Jos\u00e9 Rom\u00e1n Flecha) - Somos Vicencianos","isPartOf":{"@id":"https:\/\/vincentians.com\/es\/#website"},"primaryImageOfPage":{"@id":"http:\/\/vincentians.com\/es\/17o-domingo-de-t-o-reflexion-de-jose-roman-flecha\/#primaryimage"},"image":{"@id":"http:\/\/vincentians.com\/es\/17o-domingo-de-t-o-reflexion-de-jose-roman-flecha\/#primaryimage"},"thumbnailUrl":"https:\/\/i0.wp.com\/vincentians.com\/es\/wp-content\/uploads\/sites\/11\/2016\/07\/reflexiones-palabra-de-dios.jpg?fit=1200%2C630","datePublished":"2015-07-20T14:50:20+00:00","dateModified":"2016-07-24T08:27:58+00:00","breadcrumb":{"@id":"http:\/\/vincentians.com\/es\/17o-domingo-de-t-o-reflexion-de-jose-roman-flecha\/#breadcrumb"},"inLanguage":"es","potentialAction":[{"@type":"ReadAction","target":["http:\/\/vincentians.com\/es\/17o-domingo-de-t-o-reflexion-de-jose-roman-flecha\/"]}]},{"@type":"ImageObject","inLanguage":"es","@id":"http:\/\/vincentians.com\/es\/17o-domingo-de-t-o-reflexion-de-jose-roman-flecha\/#primaryimage","url":"https:\/\/i0.wp.com\/vincentians.com\/es\/wp-content\/uploads\/sites\/11\/2016\/07\/reflexiones-palabra-de-dios.jpg?fit=1200%2C630","contentUrl":"https:\/\/i0.wp.com\/vincentians.com\/es\/wp-content\/uploads\/sites\/11\/2016\/07\/reflexiones-palabra-de-dios.jpg?fit=1200%2C630","width":1200,"height":630},{"@type":"BreadcrumbList","@id":"http:\/\/vincentians.com\/es\/17o-domingo-de-t-o-reflexion-de-jose-roman-flecha\/#breadcrumb","itemListElement":[{"@type":"ListItem","position":1,"name":"Portada","item":"https:\/\/vincentians.com\/es\/"},{"@type":"ListItem","position":2,"name":"17\u00ba Domingo de T.O. (reflexi\u00f3n de Jos\u00e9 Rom\u00e1n Flecha)"}]},{"@type":"WebSite","@id":"https:\/\/vincentians.com\/es\/#website","url":"https:\/\/vincentians.com\/es\/","name":"Somos Vicencianos","description":"Know more to serve more","publisher":{"@id":"https:\/\/vincentians.com\/es\/#organization"},"potentialAction":[{"@type":"SearchAction","target":{"@type":"EntryPoint","urlTemplate":"https:\/\/vincentians.com\/es\/?s={search_term_string}"},"query-input":{"@type":"PropertyValueSpecification","valueRequired":true,"valueName":"search_term_string"}}],"inLanguage":"es"},{"@type":"Organization","@id":"https:\/\/vincentians.com\/es\/#organization","name":"The Vincentian Network","url":"https:\/\/vincentians.com\/es\/","logo":{"@type":"ImageObject","inLanguage":"es","@id":"https:\/\/vincentians.com\/es\/#\/schema\/logo\/image\/","url":"https:\/\/i1.wp.com\/vincentians.com\/es\/wp-content\/uploads\/sites\/11\/2016\/06\/Vincentian-Network-logo-big.png?fit=778%2C778","contentUrl":"https:\/\/i1.wp.com\/vincentians.com\/es\/wp-content\/uploads\/sites\/11\/2016\/06\/Vincentian-Network-logo-big.png?fit=778%2C778","width":778,"height":778,"caption":"The Vincentian Network"},"image":{"@id":"https:\/\/vincentians.com\/es\/#\/schema\/logo\/image\/"},"sameAs":["https:\/\/www.facebook.com\/WeAreVincentians\/","https:\/\/x.com\/WeVincentians"]},{"@type":"Person","@id":"https:\/\/vincentians.com\/es\/#\/schema\/person\/9623ef4d9aa3b2dfb8c061f1499288f2","name":"Francisco Javier Fern\u00e1ndez Chento","image":{"@type":"ImageObject","inLanguage":"es","@id":"https:\/\/vincentians.com\/es\/#\/schema\/person\/image\/","url":"https:\/\/secure.gravatar.com\/avatar\/497d5cde87b4c3d097d0315953521681ba2cd523ee66e5077c3711f7021e65de?s=96&d=mm&r=g","contentUrl":"https:\/\/secure.gravatar.com\/avatar\/497d5cde87b4c3d097d0315953521681ba2cd523ee66e5077c3711f7021e65de?s=96&d=mm&r=g","caption":"Francisco Javier Fern\u00e1ndez Chento"},"description":"Director General y cofundador de La Red de Formaci\u00f3n Vicenciana. Javier es laico vicenciano, afiliado a la Congregaci\u00f3n de la Misi\u00f3n y miembro del Equipo de Misiones Populares de la provincia can\u00f3nica de Zaragoza (Espa\u00f1a) de la Congregaci\u00f3n de la Misi\u00f3n. Graduado en la Universidad Oberta de Catalunya con cuatro grados (Asistente de direcci\u00f3n, Gesti\u00f3n Administrativa, Recursos Humanos y Contabilidad Avanzada). Bil\u00edng\u00fce Espa\u00f1ol\/Ingl\u00e9s. gestiona y mantiene varias p\u00e1ginas web cristianas y vicencianas, incluida including La Red de Formaci\u00f3n Vicenciana, de la que es cofundador. Actualmente es responsable del \u00e1rea de Espa\u00f1ol de .famvin, la Red de Noticias de la Familia Vicenciana. Tambi\u00e9n es m\u00fasico cat\u00f3lico y ha editado varios discos. Es Director General y cofundador de Trovador, una reconocida compa\u00f1\u00eda discogr\u00e1fica critiana de Espa\u00f1a. Trabaja en las Tecnolog\u00edas de la Informaci\u00f3n, ofreciendo servicios de alojamiento, dise\u00f1o y mantenimiento Web, as\u00ed como asesoramiento, formaci\u00f3n y soluciones inform\u00e1ticas, gesti\u00f3n documental y digitalizaci\u00f3n de textos, edici\u00f3n y maquetaci\u00f3n de libros, revistas, flyers, etc.","sameAs":["http:\/\/chento.org","https:\/\/www.facebook.com\/JavierChento","https:\/\/x.com\/https:\/\/twitter.com\/javierchento"],"url":"http:\/\/vincentians.com\/es\/author\/chento\/"}]}},"jetpack_publicize_connections":[],"jetpack_featured_media_url":"https:\/\/i0.wp.com\/vincentians.com\/es\/wp-content\/uploads\/sites\/11\/2016\/07\/reflexiones-palabra-de-dios.jpg?fit=1200%2C630","jetpack_sharing_enabled":true,"jetpack_shortlink":"https:\/\/wp.me\/p7ETMF-Uuv","jetpack-related-posts":[{"id":1795,"url":"http:\/\/vincentians.com\/es\/17o-domingo-de-tiempo-ordinario-reflexion-de-jose-roman-flecha\/","url_meta":{"origin":217155,"position":0},"title":"17\u00ba Domingo de T.O. (reflexi\u00f3n de Jos\u00e9 Rom\u00e1n Flecha)","author":"Francisco Javier Fern\u00e1ndez Chento","date":"25\/07\/2012","format":false,"excerpt":"EL REPARTO DE LOS PANES Domingo 17 del Tiempo Ordinario. B 29 de julio de 2012 Veinte panes de cebada y grano tierno de espiga. Eso es lo que trae un hombre al profeta Eliseo (2 Re 4, 42-44). Es un gesto con el que reconoce como enviado por Dios\u2026","rel":"","context":"En \u00abHomil\u00edas y reflexiones, A\u00f1o B\u00bb","block_context":{"text":"Homil\u00edas y reflexiones, A\u00f1o B","link":"http:\/\/vincentians.com\/es\/category\/homilias-y-reflexiones-a-la-palabra-de-dios\/homilias-y-reflexiones-ano-b\/"},"img":{"alt_text":"","src":"","width":0,"height":0},"classes":[]},{"id":135285,"url":"http:\/\/vincentians.com\/es\/bautismo-del-senor-reflexion-de-jose-roman-flecha-3\/","url_meta":{"origin":217155,"position":1},"title":"Bautismo del Se\u00f1or (reflexi\u00f3n de Jos\u00e9 Rom\u00e1n Flecha)","author":"Francisco Javier Fern\u00e1ndez Chento","date":"06\/01\/2015","format":false,"excerpt":"BAUTISMO Y LIBERACI\u00d3N Fiesta del Bautismo de Jes\u00fas. B. 11 de enero de 2015 \"Mirad a mi siervo a quien sostengo; mi elegido, a quien prefiero. Sobre \u00e9l he puesto mi esp\u00edritu para que traiga el derecho a las naciones\". Este texto que hoy se lee en la misa (Is\u2026","rel":"","context":"En \u00abHomil\u00edas y reflexiones, A\u00f1o B\u00bb","block_context":{"text":"Homil\u00edas y reflexiones, A\u00f1o B","link":"http:\/\/vincentians.com\/es\/category\/homilias-y-reflexiones-a-la-palabra-de-dios\/homilias-y-reflexiones-ano-b\/"},"img":{"alt_text":"","src":"https:\/\/i0.wp.com\/vincentians.com\/es\/wp-content\/uploads\/sites\/11\/2016\/07\/reflexiones-palabra-de-dios.jpg?fit=1200%2C630&resize=350%2C200","width":350,"height":200,"srcset":"https:\/\/i0.wp.com\/vincentians.com\/es\/wp-content\/uploads\/sites\/11\/2016\/07\/reflexiones-palabra-de-dios.jpg?fit=1200%2C630&resize=350%2C200 1x, https:\/\/i0.wp.com\/vincentians.com\/es\/wp-content\/uploads\/sites\/11\/2016\/07\/reflexiones-palabra-de-dios.jpg?fit=1200%2C630&resize=525%2C300 1.5x, https:\/\/i0.wp.com\/vincentians.com\/es\/wp-content\/uploads\/sites\/11\/2016\/07\/reflexiones-palabra-de-dios.jpg?fit=1200%2C630&resize=700%2C400 2x, https:\/\/i0.wp.com\/vincentians.com\/es\/wp-content\/uploads\/sites\/11\/2016\/07\/reflexiones-palabra-de-dios.jpg?fit=1200%2C630&resize=1050%2C600 3x"},"classes":[]},{"id":135791,"url":"http:\/\/vincentians.com\/es\/17o-domingo-de-tiempo-ordinario-reflexion-de-alfonso-berrade-c-m\/","url_meta":{"origin":217155,"position":2},"title":"17\u00ba Domingo de T.O. (reflexi\u00f3n de Alfonso Berrade, C.M.)","author":"Francisco Javier Fern\u00e1ndez Chento","date":"28\/07\/2012","format":false,"excerpt":"Hay que reponer las fuerzas para el camino No s\u00e9 si has escuchado hablar a los campesinos o a los monta\u00f1eros antes de iniciar una jornada. Hablan de la fuerza que necesitan para el d\u00eda, y esa fuerza se adquiere con la alimentaci\u00f3n. Van al campo o la escalada con\u2026","rel":"","context":"En \u00abHomil\u00edas y reflexiones, A\u00f1o B\u00bb","block_context":{"text":"Homil\u00edas y reflexiones, A\u00f1o B","link":"http:\/\/vincentians.com\/es\/category\/homilias-y-reflexiones-a-la-palabra-de-dios\/homilias-y-reflexiones-ano-b\/"},"img":{"alt_text":"","src":"https:\/\/i0.wp.com\/vincentians.com\/es\/wp-content\/uploads\/sites\/11\/2016\/07\/reflexiones-palabra-de-dios.jpg?fit=1200%2C630&resize=350%2C200","width":350,"height":200,"srcset":"https:\/\/i0.wp.com\/vincentians.com\/es\/wp-content\/uploads\/sites\/11\/2016\/07\/reflexiones-palabra-de-dios.jpg?fit=1200%2C630&resize=350%2C200 1x, https:\/\/i0.wp.com\/vincentians.com\/es\/wp-content\/uploads\/sites\/11\/2016\/07\/reflexiones-palabra-de-dios.jpg?fit=1200%2C630&resize=525%2C300 1.5x, https:\/\/i0.wp.com\/vincentians.com\/es\/wp-content\/uploads\/sites\/11\/2016\/07\/reflexiones-palabra-de-dios.jpg?fit=1200%2C630&resize=700%2C400 2x, https:\/\/i0.wp.com\/vincentians.com\/es\/wp-content\/uploads\/sites\/11\/2016\/07\/reflexiones-palabra-de-dios.jpg?fit=1200%2C630&resize=1050%2C600 3x"},"classes":[]},{"id":399354,"url":"http:\/\/vincentians.com\/es\/20o-domingo-t-jose-cervantes-gabarron\/","url_meta":{"origin":217155,"position":3},"title":"20\u00ba Domingo de T.O. (Jos\u00e9 Cervantes Gabarr\u00f3n)","author":"Francisco Javier Fern\u00e1ndez Chento","date":"13\/08\/2016","format":false,"excerpt":"Miremos a Jes\u00fas, palad\u00edn de la fe En el contexto mundial de la Olimpiada de R\u00edo de Janeiro, donde los atletas de todos los deportes aspiran a dar lo mejor de s\u00ed para superar todas las marcas posibles, las lecturas dominicales nos invitan a centrar nuestra mirada en Jes\u00fas profeta,\u2026","rel":"","context":"En \u00abHomil\u00edas y reflexiones, A\u00f1o C\u00bb","block_context":{"text":"Homil\u00edas y reflexiones, A\u00f1o C","link":"http:\/\/vincentians.com\/es\/category\/homilias-y-reflexiones-a-la-palabra-de-dios\/homilias-y-reflexiones-ano-c\/"},"img":{"alt_text":"","src":"https:\/\/i0.wp.com\/vincentians.com\/es\/wp-content\/uploads\/sites\/11\/2016\/07\/reflexiones-jose-cervantes.jpg?fit=1200%2C630&resize=350%2C200","width":350,"height":200,"srcset":"https:\/\/i0.wp.com\/vincentians.com\/es\/wp-content\/uploads\/sites\/11\/2016\/07\/reflexiones-jose-cervantes.jpg?fit=1200%2C630&resize=350%2C200 1x, https:\/\/i0.wp.com\/vincentians.com\/es\/wp-content\/uploads\/sites\/11\/2016\/07\/reflexiones-jose-cervantes.jpg?fit=1200%2C630&resize=525%2C300 1.5x, https:\/\/i0.wp.com\/vincentians.com\/es\/wp-content\/uploads\/sites\/11\/2016\/07\/reflexiones-jose-cervantes.jpg?fit=1200%2C630&resize=700%2C400 2x, https:\/\/i0.wp.com\/vincentians.com\/es\/wp-content\/uploads\/sites\/11\/2016\/07\/reflexiones-jose-cervantes.jpg?fit=1200%2C630&resize=1050%2C600 3x"},"classes":[]},{"id":135787,"url":"http:\/\/vincentians.com\/es\/16o-domingo-de-tiempo-ordinario-reflexion-de-jose-roman-flecha\/","url_meta":{"origin":217155,"position":4},"title":"16\u00ba Domingo de T.O. (reflexi\u00f3n de Jos\u00e9 Rom\u00e1n Flecha)","author":"Francisco Javier Fern\u00e1ndez Chento","date":"17\/07\/2012","format":false,"excerpt":"OVEJAS SIN PASTOR Domingo 16 del Tiempo Ordinario. B 22 de julio de 2012 El pastor y las ovejas aparecen muchas veces en las p\u00e1ginas de la Biblia. Su imagen hab\u00eda de convertirse necesariamente en parab\u00f3lica para un pueblo que se hab\u00eda ido formando siguiendo a sus reba\u00f1os. En el\u2026","rel":"","context":"En \u00abHomil\u00edas y reflexiones, A\u00f1o B\u00bb","block_context":{"text":"Homil\u00edas y reflexiones, A\u00f1o B","link":"http:\/\/vincentians.com\/es\/category\/homilias-y-reflexiones-a-la-palabra-de-dios\/homilias-y-reflexiones-ano-b\/"},"img":{"alt_text":"","src":"https:\/\/i0.wp.com\/vincentians.com\/es\/wp-content\/uploads\/sites\/11\/2016\/07\/reflexiones-palabra-de-dios.jpg?fit=1200%2C630&resize=350%2C200","width":350,"height":200,"srcset":"https:\/\/i0.wp.com\/vincentians.com\/es\/wp-content\/uploads\/sites\/11\/2016\/07\/reflexiones-palabra-de-dios.jpg?fit=1200%2C630&resize=350%2C200 1x, https:\/\/i0.wp.com\/vincentians.com\/es\/wp-content\/uploads\/sites\/11\/2016\/07\/reflexiones-palabra-de-dios.jpg?fit=1200%2C630&resize=525%2C300 1.5x, https:\/\/i0.wp.com\/vincentians.com\/es\/wp-content\/uploads\/sites\/11\/2016\/07\/reflexiones-palabra-de-dios.jpg?fit=1200%2C630&resize=700%2C400 2x, https:\/\/i0.wp.com\/vincentians.com\/es\/wp-content\/uploads\/sites\/11\/2016\/07\/reflexiones-palabra-de-dios.jpg?fit=1200%2C630&resize=1050%2C600 3x"},"classes":[]},{"id":1862,"url":"http:\/\/vincentians.com\/es\/21o-domingo-de-tiempo-ordinario-reflexion-de-jose-roman-flecha\/","url_meta":{"origin":217155,"position":5},"title":"21\u00ba Domingo de Tiempo Ordinario (reflexi\u00f3n de Jos\u00e9 Rom\u00e1n Flecha)","author":"Francisco Javier Fern\u00e1ndez Chento","date":"20\/08\/2012","format":false,"excerpt":"PALABRAS DE VIDA Domingo 21 del Tiempo Ordinario. B 26 de agosto de 2012 Eliseo, Mois\u00e9s, El\u00edas, la Sabidur\u00eda. Durante cuatro domingos consecutivos, la liturgia nos ha ido presentando tres grandes personajes de la historia de Israel, m\u00e1s la personificaci\u00f3n de la sabidur\u00eda. Tres testigos de la fe y un\u2026","rel":"","context":"En \u00abHomil\u00edas y reflexiones, A\u00f1o B\u00bb","block_context":{"text":"Homil\u00edas y reflexiones, A\u00f1o B","link":"http:\/\/vincentians.com\/es\/category\/homilias-y-reflexiones-a-la-palabra-de-dios\/homilias-y-reflexiones-ano-b\/"},"img":{"alt_text":"","src":"","width":0,"height":0},"classes":[]}],"_links":{"self":[{"href":"http:\/\/vincentians.com\/es\/wp-json\/wp\/v2\/posts\/217155","targetHints":{"allow":["GET"]}}],"collection":[{"href":"http:\/\/vincentians.com\/es\/wp-json\/wp\/v2\/posts"}],"about":[{"href":"http:\/\/vincentians.com\/es\/wp-json\/wp\/v2\/types\/post"}],"author":[{"embeddable":true,"href":"http:\/\/vincentians.com\/es\/wp-json\/wp\/v2\/users\/4"}],"replies":[{"embeddable":true,"href":"http:\/\/vincentians.com\/es\/wp-json\/wp\/v2\/comments?post=217155"}],"version-history":[{"count":0,"href":"http:\/\/vincentians.com\/es\/wp-json\/wp\/v2\/posts\/217155\/revisions"}],"wp:featuredmedia":[{"embeddable":true,"href":"http:\/\/vincentians.com\/es\/wp-json\/wp\/v2\/media\/388408"}],"wp:attachment":[{"href":"http:\/\/vincentians.com\/es\/wp-json\/wp\/v2\/media?parent=217155"}],"wp:term":[{"taxonomy":"category","embeddable":true,"href":"http:\/\/vincentians.com\/es\/wp-json\/wp\/v2\/categories?post=217155"},{"taxonomy":"post_tag","embeddable":true,"href":"http:\/\/vincentians.com\/es\/wp-json\/wp\/v2\/tags?post=217155"}],"curies":[{"name":"wp","href":"https:\/\/api.w.org\/{rel}","templated":true}]}}