{"id":2156,"date":"2012-11-01T10:10:16","date_gmt":"2012-11-01T09:10:16","guid":{"rendered":"http:\/\/somos.vicencianos.org\/comentarios\/2012\/10\/26\/30o-domingo-de-tiempo-ordinario-reflexion-de-jose-cervantes-gabarron-2\/"},"modified":"2016-07-24T10:28:19","modified_gmt":"2016-07-24T08:28:19","slug":"todos-los-santos-1-de-noviembre-reflexion-de-jose-cervantes-gabarron","status":"publish","type":"post","link":"http:\/\/vincentians.com\/es\/todos-los-santos-1-de-noviembre-reflexion-de-jose-cervantes-gabarron\/","title":{"rendered":"Todos los Santos (1 de Noviembre) (reflexi\u00f3n de Jos\u00e9 Cervantes Gabarr\u00f3n)"},"content":{"rendered":"<blockquote><p><em>Hoy no es domingo pero es fiesta extraordinaria en la Iglesia: El d\u00eda de todos los Santos. A ver si consigui\u00e9ramos recuperar el sentido de esta fiesta desde la Palabra de Dios, y rescatarla de las m\u00e1scaras sin sentido de Halloween. En todo caso y por si os sirve, aqu\u00ed ten\u00e9is mi reflexi\u00f3n<\/em>:<\/p><\/blockquote>\n<h2><strong>La multitud de todos los Santos<\/strong><\/h2>\n<dl id=\"attachment_911\" class=\"wp-caption alignright\" style=\"width: 220px\">\n<dt class=\"wp-caption-dt\"><a href=\"https:\/\/i0.wp.com\/vicencianos.org\/comentarios\/files\/2011\/10\/Jose_Cervantes.jpg\"><img data-recalc-dims=\"1\" loading=\"lazy\" decoding=\"async\" class=\"size-medium wp-image-911\" title=\"Jose_Cervantes\" src=\"https:\/\/i0.wp.com\/vicencianos.org\/comentarios\/files\/2011\/10\/Jose_Cervantes-210x300.jpg?resize=210%2C300\" alt=\"\" width=\"210\" height=\"300\" \/><\/a><\/dt>\n<dd class=\"wp-caption-dd\">Jos\u00e9 Cervantes Gabarr\u00f3n, sacerdote misionero y profesor de Sagrada Escritura.<\/dd>\n<\/dl>\n<p>En el d\u00eda de todos los Santos la palabra de Dios nos introduce en el misterio de su amor a trav\u00e9s de tres lecturas impresionantes: El libro del Apocalipsis (Ap 7,2-17), la primera carta de Juan (1Jn 3,1-3) y el Evangelio de Mateo (Mt 5,1-12). Tanto en el libro del Apocalipsis como en el Evangelio de Mateo una multitud inmensa se re\u00fane en torno a Jes\u00fas. Es la multitud de disc\u00edpulos y de sufrientes de la historia. Es la multitud de los santos que est\u00e1n de pie ante el Cordero, anunciando y celebrando el triunfo del Cordero degollado y Resucitado, cuya Pasi\u00f3n ha transformado el sentido de la vida humana, convirtiendo en Santos a todos los hombres y mujeres que por ser disc\u00edpulos o por ser v\u00edctimas en la historia han sido y siguen siendo llamados por Dios para ser Hijos suyos. Son gentes de toda naci\u00f3n, raza, pueblo y lengua. Y esta realidad que se revelar\u00e1 un d\u00eda en plenitud es el horizonte de esperanza hacia el que nos encaminamos y que est\u00e1 marcando nuestro presente.<\/p>\n<p>Los santos no son s\u00f3lo los que est\u00e1n en los altares, sino la multitud de hombres y mujeres que a lo largo de la historia han quedado vinculados a Jes\u00fas Resucitado por medio del sufrimiento inocente y por medio de la fe y llevan en sus cuerpos las marcas de la gran tribulaci\u00f3n. En dos lenguajes diferentes y en dos g\u00e9neros literarios distintos se describe una realidad com\u00fan. El g\u00e9nero apocal\u00edptico y el evang\u00e9lico nos llevan a la experiencia del Reino de Dios. La apocal\u00edptica es una corriente teol\u00f3gica de la tradici\u00f3n jud\u00eda y cristiana que revela la perspectiva divina sobre la vida, la historia y el destino del hombre y del mundo, desde el reconocimiento de la soberan\u00eda de Dios como \u00fanico Se\u00f1or, y desde la experiencia dolorosa de la historia humana como una historia de dolor, de sufrimiento, de tribulaci\u00f3n y de mal, que el mismo hombre provoca, consiente y mantiene. Pero la apocal\u00edptica habla su propio idioma. Se expresa con un lenguaje especial, simb\u00f3lico, con sue\u00f1os y visiones, con n\u00fameros y cifras, con palabras empapadas de vida, de llanto y de esperanza, convirti\u00e9ndose as\u00ed en un lenguaje literario muy singular que hemos de desentra\u00f1ar e interpretar adecuadamente.<\/p>\n<p>La lectura del Apocalipsis nos cuenta hoy la visi\u00f3n de un \u00e1ngel que lleva el sello del Dios vivo para marcar a los siervos de Dios. El n\u00famero de 144.000 sellados tiene un sentido m\u00e1s simb\u00f3lico que hist\u00f3rico. Los n\u00fameros en este tipo de literatura no tienen meramente un valor cuantitativo sino especialmente cualitativo. En este caso 144.000 (Ap 7,4; 14,1.3) expresa la universalidad de la salvaci\u00f3n de Dios que en el tiempo de la historia, antes del final, instaura el Reino de Cristo (1000 a\u00f1os)\u00a0 el cual abarca a la humanidad de todos los tiempos, del AT y del NT (12 x 12 x 1000). Despu\u00e9s se dice expl\u00edcitamente: Se trata de una multitud innumerable. En el pasado han lavado y blanqueado sus t\u00fanicas en la sangre del Cordero, con t\u00fanicas blancas, por tanto que participan de la resurrecci\u00f3n, con palmas en las manos, como signo de triunfo. Es una multitud vencedora, que est\u00e1 en pie, y por tanto participa de la misma suerte del Cordero: Son los que vienen de la gran tribulaci\u00f3n. El Cordero degollado, pero en pie, es Jes\u00fas, el crucificado resucitado. Este cordero ha venido de la gran tribulaci\u00f3n, ha derramado su sangre no s\u00f3lo para quitar el pecado (lavar las t\u00fanicas) sino para que esa multitud tenga una participaci\u00f3n existencial en el Resucitado (blanquear las t\u00fanicas).<\/p>\n<p>Despu\u00e9s se completa lo que acontece a esta multitud. En el presente est\u00e1n sirviendo a Dios constantemente, como un pueblo de sacerdotes. En el futuro el Cordero acampar\u00e1 entre ellos y ya no habr\u00e1 m\u00e1s hambre ni m\u00e1s sed (Is 49, 10) y Dios enjugar\u00e1 las l\u00e1grimas de sus ojos (Is 25,8). Esta perspectiva de futuro conecta directamente con las Bienaventuranzas: \u201cDichosos los hambrientos y sedientos de la justicia porque ellos ser\u00e1n saciados\u201d y \u201cDichosos los que gimen porque ellos ser\u00e1n consolados\u201d.<\/p>\n<p>Sin embargo las bienaventuranzas no se remiten s\u00f3lo ni principalmente al futuro, sino tambi\u00e9n al presente de esta vida, abriendo al ser humano a una propuesta de dicha que s\u00f3lo es propia del Reino de Dios, pero que est\u00e1 disponible para todos los hombres y mujeres que al o\u00edrla entren en su dinamismo de vida y de alegr\u00eda. Las bienaventuranzas (Mt 4,25-5,12) inauguran el discurso sobre el Reino en Mateo. Es el preg\u00f3n del Serm\u00f3n de la monta\u00f1a, para todas las gentes procedentes de todas partes, desde Galilea y Dec\u00e1polis, Jerusal\u00e9n, Judea y Transjordania. Las ocho primeras bienaventuranzas se pueden dividir en dos partes de cuatro bienaventuranzas. Se proclama la dicha en todas ellas. La Buena Noticia de Jes\u00fas es la dicha del Reinado de Dios. Es el elemento constante de todas las bienaventuranzas. La dicha no es s\u00f3lo la felicidad, com\u00fanmente entendida como la satisfacci\u00f3n de las necesidades b\u00e1sicas humanas. La dicha implica una alegr\u00eda profunda en el interior del ser humano, de origen espiritual, que tiene su raz\u00f3n de ser en Dios, y que es compatible con la vivencia de situaciones de sufrimiento y de tribulaci\u00f3n, desde la esperanza puesta en Dios, en virtud del cual estas experiencias no pueden conducir a la mera resignaci\u00f3n impasible, ni a la alienaci\u00f3n espiritualoide, ni al inmovilismo social.<\/p>\n<p>Los elementos variables son los sujetos de esa dicha que se proclama y las razones que la sustentan.\u00bfA qui\u00e9n llama \u201cdichoso\u201d Jes\u00fas desde la perspectiva de Dios y de su Reino? Aqu\u00ed es d\u00f3nde viene realmente la Noticia gozosa del Evangelio. Los sujetos de las bienaventuranzas son, en primer lugar, personas que est\u00e1n o pasan por una situaci\u00f3n de negatividad extrema: los pobres, los que gimen, los indigentes, los que tienen hambre y sed, tambi\u00e9n de justicia. Son personas que carecen de lo m\u00e1s m\u00ednimo para una vida digna y humana. La raz\u00f3n de la dicha no es la situaci\u00f3n en la que se encuentran sino el giro que van a experimentar esas condiciones sociales. El que va a realizar ese giro es Dios mismo, que traer\u00e1 el consuelo, que dar\u00e1 el don de la tierra y saciar\u00e1 a los hambrientos y sedientos. S\u00f3lo por ser v\u00edctimas, por ser sufrientes, independientemente de sus creencias religiosas, Dios est\u00e1 de su parte, y Dios hace una promesa de futuro que ciertamente se cumplir\u00e1. Dios anular\u00e1 tal estado de negatividad y de injusticia y acabar\u00e1 con todo ello. Lo que no se sabe es ni c\u00f3mo ni cu\u00e1ndo esto se llevar\u00e1 a cabo. Los sujetos a los que se les anuncia la dicha en la segunda parte de las bienaventuranzas son personas cuya disposici\u00f3n personal, cuyas actitudes y acciones pertenecen al mundo de relaciones hacia los dem\u00e1s y hacia Dios propias del Reino de Dios: Donde se vive practicando la misericordia, la ayuda mutua, la solidaridad, la transparencia interior, la autenticidad y la sinceridad, trabajando y luchando por la paz y la justicia, hasta ser perseguidos por ello. Este mundo nuevo de relaciones trae sin duda la dicha, la alegr\u00eda inefable del tiempo mesi\u00e1nico.<\/p>\n<p>Pero la primera bienaventuranza, la de la pobreza, es a\u00fan m\u00e1s parad\u00f3jica. Se trata no s\u00f3lo de los pobres sino de los pobres cuyo esp\u00edritu permite que el Dios del amor y de la justicia reine en ellos. Por una parte, los pobres son los que carecen de medios para una subsistencia humana y digna. Y en este estado de indigencia, de necesidad y de dependencia de los dem\u00e1s viven muchas personas de este mundo por causa de la injusticia social, de la desigualdad y del mal reparto de la riqueza y de los bienes de la tierra. El Reino de Dios \u2013 dice Jes\u00fas-\u00a0 les pertenece. Pero esa primera bienaventuranza dice algo m\u00e1s, pues dado que los viven en el estado de pobreza y de miseria son millones de seres humanos, hermanos nuestros, la propuesta de Jes\u00fas a los que quieren convertirse en disc\u00edpulos suyos es hacerse tambi\u00e9n pobres, no porque la pobreza sea un bien, ni porque \u00e9sta traiga en s\u00ed misma la dicha, sino porque si dejamos que el amor de Dios reine en el coraz\u00f3n humano, mientras exista un pobre a nuestro lado o en nuestra tierra, la opci\u00f3n por los pobres, trae igualmente la dicha. El S\u00ednodo de los Obispos, clausurado el domingo pasado, ratifica la opci\u00f3n preferencial por los pobres en toda la Iglesia, resaltando que los pobres son al mismo tiempo receptores y agentes de la nueva evangelizaci\u00f3n (Proposici\u00f3n 31). Por eso ponerse de parte de los excluidos y marginados de la sociedad, de los indigentes, maltratados y oprimidos, dar acogida a los inmigrantes, incluidos los sin papeles, ponerse del lado de las v\u00edctimas, uni\u00e9ndonos libremente a su causa es la v\u00eda primera para acceder al Reino que a ellos les pertenece, el Reino en que el \u00fanico soberano es Dios mismo en persona.\u00a0 La primera bienaventuranza y la \u00faltima (la de los perseguidos por causa de la justicia que Dios quiere instaurar o por fidelidad a esa opci\u00f3n primera por los pobres) no hablan del futuro, sino del presente, de modo que no podemos conformarnos con las lecturas que desplazan la bienaventuranza, la dicha y la santidad al m\u00e1s all\u00e1 de esta vida. La fuerza de esta proclamaci\u00f3n es que Dios hace llegar su Reino tambi\u00e9n en el tiempo presente para los que son pobres, pobres con esp\u00edritu y para los que se hacen pobres a conciencia y, por ser fieles a este plan de la justicia de Dios, son incluso perseguidos.<\/p>\n<p>Todos ellos est\u00e1n en esta historia, en el presente, de pie, con t\u00fanicas blancas y palmas en la mano, como los que vienen de la gran tribulaci\u00f3n, cantando el triunfo parad\u00f3jico del que fue crucificado y que enjugar\u00e1 toda l\u00e1grima de nuestros rostros. \u00c9sta es realmente la multitud de todos los Santos, cuya gloria no se canta principalmente en los templos, sino que se grita en todos los lugares de la tierra y en todos los tiempos de la historia, tambi\u00e9n en los cementerios, donde el dolor y el sufrimiento han quedado marcados por la sangre del Cordero.<\/p>\n","protected":false},"excerpt":{"rendered":"<p>Hoy no es domingo pero es fiesta extraordinaria en la Iglesia: El d\u00eda de todos los Santos. A ver si consigui\u00e9ramos recuperar el sentido de esta fiesta desde la Palabra de Dios, y rescatarla de &#8230; <a href=\"http:\/\/vincentians.com\/es\/todos-los-santos-1-de-noviembre-reflexion-de-jose-cervantes-gabarron\/\" class=\"more-link\">Read More<\/a><\/p>\n","protected":false},"author":4,"featured_media":388408,"comment_status":"open","ping_status":"open","sticky":false,"template":"","format":"standard","meta":{"jetpack_post_was_ever_published":false,"_jetpack_newsletter_access":"","_jetpack_dont_email_post_to_subs":false,"_jetpack_newsletter_tier_id":0,"_jetpack_memberships_contains_paywalled_content":false,"_jetpack_memberships_contains_paid_content":false,"footnotes":"","jetpack_publicize_message":"","jetpack_publicize_feature_enabled":true,"jetpack_social_post_already_shared":true,"jetpack_social_options":{"image_generator_settings":{"template":"highway","default_image_id":0,"font":"","enabled":false},"version":2}},"categories":[93],"tags":[172],"class_list":["post-2156","post","type-post","status-publish","format-standard","has-post-thumbnail","hentry","category-homilias-y-reflexiones-ano-b","tag-pobreza"],"yoast_head":"<!-- This site is optimized with the Yoast SEO plugin v26.3 - https:\/\/yoast.com\/wordpress\/plugins\/seo\/ -->\n<title>Todos los Santos (1 de Noviembre) (reflexi\u00f3n de Jos\u00e9 Cervantes Gabarr\u00f3n) - Somos Vicencianos<\/title>\n<meta name=\"robots\" content=\"index, follow, max-snippet:-1, max-image-preview:large, max-video-preview:-1\" \/>\n<link rel=\"canonical\" href=\"http:\/\/vincentians.com\/es\/todos-los-santos-1-de-noviembre-reflexion-de-jose-cervantes-gabarron\/\" \/>\n<meta property=\"og:locale\" content=\"es_ES\" \/>\n<meta property=\"og:type\" content=\"article\" \/>\n<meta property=\"og:title\" content=\"Todos los Santos (1 de Noviembre) (reflexi\u00f3n de Jos\u00e9 Cervantes Gabarr\u00f3n) - Somos Vicencianos\" \/>\n<meta property=\"og:description\" content=\"Hoy no es domingo pero es fiesta extraordinaria en la Iglesia: El d\u00eda de todos los Santos. A ver si consigui\u00e9ramos recuperar el sentido de esta fiesta desde la Palabra de Dios, y rescatarla de ... Read More\" \/>\n<meta property=\"og:url\" content=\"http:\/\/vincentians.com\/es\/todos-los-santos-1-de-noviembre-reflexion-de-jose-cervantes-gabarron\/\" \/>\n<meta property=\"og:site_name\" content=\"Somos Vicencianos\" \/>\n<meta property=\"article:publisher\" content=\"https:\/\/www.facebook.com\/WeAreVincentians\/\" \/>\n<meta property=\"article:author\" content=\"https:\/\/www.facebook.com\/JavierChento\" \/>\n<meta property=\"article:published_time\" content=\"2012-11-01T09:10:16+00:00\" \/>\n<meta property=\"article:modified_time\" content=\"2016-07-24T08:28:19+00:00\" \/>\n<meta property=\"og:image\" content=\"https:\/\/i0.wp.com\/vincentians.com\/es\/wp-content\/uploads\/sites\/11\/2016\/07\/reflexiones-palabra-de-dios.jpg?fit=1200%2C630\" \/>\n\t<meta property=\"og:image:width\" content=\"1200\" \/>\n\t<meta property=\"og:image:height\" content=\"630\" \/>\n\t<meta property=\"og:image:type\" content=\"image\/jpeg\" \/>\n<meta name=\"author\" content=\"Francisco Javier Fern\u00e1ndez Chento\" \/>\n<meta name=\"twitter:card\" content=\"summary_large_image\" \/>\n<meta name=\"twitter:creator\" content=\"@https:\/\/twitter.com\/javierchento\" \/>\n<meta name=\"twitter:site\" content=\"@WeVincentians\" \/>\n<meta name=\"twitter:label1\" content=\"Escrito por\" \/>\n\t<meta name=\"twitter:data1\" content=\"Francisco Javier Fern\u00e1ndez Chento\" \/>\n\t<meta name=\"twitter:label2\" content=\"Tiempo de lectura\" \/>\n\t<meta name=\"twitter:data2\" content=\"9 minutos\" \/>\n<script type=\"application\/ld+json\" class=\"yoast-schema-graph\">{\"@context\":\"https:\/\/schema.org\",\"@graph\":[{\"@type\":\"Article\",\"@id\":\"http:\/\/vincentians.com\/es\/todos-los-santos-1-de-noviembre-reflexion-de-jose-cervantes-gabarron\/#article\",\"isPartOf\":{\"@id\":\"http:\/\/vincentians.com\/es\/todos-los-santos-1-de-noviembre-reflexion-de-jose-cervantes-gabarron\/\"},\"author\":{\"name\":\"Francisco Javier Fern\u00e1ndez Chento\",\"@id\":\"https:\/\/vincentians.com\/es\/#\/schema\/person\/9623ef4d9aa3b2dfb8c061f1499288f2\"},\"headline\":\"Todos los Santos (1 de Noviembre) (reflexi\u00f3n de Jos\u00e9 Cervantes Gabarr\u00f3n)\",\"datePublished\":\"2012-11-01T09:10:16+00:00\",\"dateModified\":\"2016-07-24T08:28:19+00:00\",\"mainEntityOfPage\":{\"@id\":\"http:\/\/vincentians.com\/es\/todos-los-santos-1-de-noviembre-reflexion-de-jose-cervantes-gabarron\/\"},\"wordCount\":1901,\"commentCount\":0,\"publisher\":{\"@id\":\"https:\/\/vincentians.com\/es\/#organization\"},\"image\":{\"@id\":\"http:\/\/vincentians.com\/es\/todos-los-santos-1-de-noviembre-reflexion-de-jose-cervantes-gabarron\/#primaryimage\"},\"thumbnailUrl\":\"https:\/\/i0.wp.com\/vincentians.com\/es\/wp-content\/uploads\/sites\/11\/2016\/07\/reflexiones-palabra-de-dios.jpg?fit=1200%2C630\",\"keywords\":[\"Pobreza\"],\"articleSection\":[\"Homil\u00edas y reflexiones, A\u00f1o B\"],\"inLanguage\":\"es\",\"potentialAction\":[{\"@type\":\"CommentAction\",\"name\":\"Comment\",\"target\":[\"http:\/\/vincentians.com\/es\/todos-los-santos-1-de-noviembre-reflexion-de-jose-cervantes-gabarron\/#respond\"]}]},{\"@type\":\"WebPage\",\"@id\":\"http:\/\/vincentians.com\/es\/todos-los-santos-1-de-noviembre-reflexion-de-jose-cervantes-gabarron\/\",\"url\":\"http:\/\/vincentians.com\/es\/todos-los-santos-1-de-noviembre-reflexion-de-jose-cervantes-gabarron\/\",\"name\":\"Todos los Santos (1 de Noviembre) (reflexi\u00f3n de Jos\u00e9 Cervantes Gabarr\u00f3n) - Somos Vicencianos\",\"isPartOf\":{\"@id\":\"https:\/\/vincentians.com\/es\/#website\"},\"primaryImageOfPage\":{\"@id\":\"http:\/\/vincentians.com\/es\/todos-los-santos-1-de-noviembre-reflexion-de-jose-cervantes-gabarron\/#primaryimage\"},\"image\":{\"@id\":\"http:\/\/vincentians.com\/es\/todos-los-santos-1-de-noviembre-reflexion-de-jose-cervantes-gabarron\/#primaryimage\"},\"thumbnailUrl\":\"https:\/\/i0.wp.com\/vincentians.com\/es\/wp-content\/uploads\/sites\/11\/2016\/07\/reflexiones-palabra-de-dios.jpg?fit=1200%2C630\",\"datePublished\":\"2012-11-01T09:10:16+00:00\",\"dateModified\":\"2016-07-24T08:28:19+00:00\",\"breadcrumb\":{\"@id\":\"http:\/\/vincentians.com\/es\/todos-los-santos-1-de-noviembre-reflexion-de-jose-cervantes-gabarron\/#breadcrumb\"},\"inLanguage\":\"es\",\"potentialAction\":[{\"@type\":\"ReadAction\",\"target\":[\"http:\/\/vincentians.com\/es\/todos-los-santos-1-de-noviembre-reflexion-de-jose-cervantes-gabarron\/\"]}]},{\"@type\":\"ImageObject\",\"inLanguage\":\"es\",\"@id\":\"http:\/\/vincentians.com\/es\/todos-los-santos-1-de-noviembre-reflexion-de-jose-cervantes-gabarron\/#primaryimage\",\"url\":\"https:\/\/i0.wp.com\/vincentians.com\/es\/wp-content\/uploads\/sites\/11\/2016\/07\/reflexiones-palabra-de-dios.jpg?fit=1200%2C630\",\"contentUrl\":\"https:\/\/i0.wp.com\/vincentians.com\/es\/wp-content\/uploads\/sites\/11\/2016\/07\/reflexiones-palabra-de-dios.jpg?fit=1200%2C630\",\"width\":1200,\"height\":630},{\"@type\":\"BreadcrumbList\",\"@id\":\"http:\/\/vincentians.com\/es\/todos-los-santos-1-de-noviembre-reflexion-de-jose-cervantes-gabarron\/#breadcrumb\",\"itemListElement\":[{\"@type\":\"ListItem\",\"position\":1,\"name\":\"Portada\",\"item\":\"https:\/\/vincentians.com\/es\/\"},{\"@type\":\"ListItem\",\"position\":2,\"name\":\"Todos los Santos (1 de Noviembre) (reflexi\u00f3n de Jos\u00e9 Cervantes Gabarr\u00f3n)\"}]},{\"@type\":\"WebSite\",\"@id\":\"https:\/\/vincentians.com\/es\/#website\",\"url\":\"https:\/\/vincentians.com\/es\/\",\"name\":\"Somos Vicencianos\",\"description\":\"Know more to serve more\",\"publisher\":{\"@id\":\"https:\/\/vincentians.com\/es\/#organization\"},\"potentialAction\":[{\"@type\":\"SearchAction\",\"target\":{\"@type\":\"EntryPoint\",\"urlTemplate\":\"https:\/\/vincentians.com\/es\/?s={search_term_string}\"},\"query-input\":{\"@type\":\"PropertyValueSpecification\",\"valueRequired\":true,\"valueName\":\"search_term_string\"}}],\"inLanguage\":\"es\"},{\"@type\":\"Organization\",\"@id\":\"https:\/\/vincentians.com\/es\/#organization\",\"name\":\"The Vincentian Network\",\"url\":\"https:\/\/vincentians.com\/es\/\",\"logo\":{\"@type\":\"ImageObject\",\"inLanguage\":\"es\",\"@id\":\"https:\/\/vincentians.com\/es\/#\/schema\/logo\/image\/\",\"url\":\"https:\/\/i1.wp.com\/vincentians.com\/es\/wp-content\/uploads\/sites\/11\/2016\/06\/Vincentian-Network-logo-big.png?fit=778%2C778\",\"contentUrl\":\"https:\/\/i1.wp.com\/vincentians.com\/es\/wp-content\/uploads\/sites\/11\/2016\/06\/Vincentian-Network-logo-big.png?fit=778%2C778\",\"width\":778,\"height\":778,\"caption\":\"The Vincentian Network\"},\"image\":{\"@id\":\"https:\/\/vincentians.com\/es\/#\/schema\/logo\/image\/\"},\"sameAs\":[\"https:\/\/www.facebook.com\/WeAreVincentians\/\",\"https:\/\/x.com\/WeVincentians\"]},{\"@type\":\"Person\",\"@id\":\"https:\/\/vincentians.com\/es\/#\/schema\/person\/9623ef4d9aa3b2dfb8c061f1499288f2\",\"name\":\"Francisco Javier Fern\u00e1ndez Chento\",\"image\":{\"@type\":\"ImageObject\",\"inLanguage\":\"es\",\"@id\":\"https:\/\/vincentians.com\/es\/#\/schema\/person\/image\/\",\"url\":\"https:\/\/secure.gravatar.com\/avatar\/497d5cde87b4c3d097d0315953521681ba2cd523ee66e5077c3711f7021e65de?s=96&d=mm&r=g\",\"contentUrl\":\"https:\/\/secure.gravatar.com\/avatar\/497d5cde87b4c3d097d0315953521681ba2cd523ee66e5077c3711f7021e65de?s=96&d=mm&r=g\",\"caption\":\"Francisco Javier Fern\u00e1ndez Chento\"},\"description\":\"Director General y cofundador de La Red de Formaci\u00f3n Vicenciana. Javier es laico vicenciano, afiliado a la Congregaci\u00f3n de la Misi\u00f3n y miembro del Equipo de Misiones Populares de la provincia can\u00f3nica de Zaragoza (Espa\u00f1a) de la Congregaci\u00f3n de la Misi\u00f3n. Graduado en la Universidad Oberta de Catalunya con cuatro grados (Asistente de direcci\u00f3n, Gesti\u00f3n Administrativa, Recursos Humanos y Contabilidad Avanzada). Bil\u00edng\u00fce Espa\u00f1ol\/Ingl\u00e9s. gestiona y mantiene varias p\u00e1ginas web cristianas y vicencianas, incluida including La Red de Formaci\u00f3n Vicenciana, de la que es cofundador. Actualmente es responsable del \u00e1rea de Espa\u00f1ol de .famvin, la Red de Noticias de la Familia Vicenciana. Tambi\u00e9n es m\u00fasico cat\u00f3lico y ha editado varios discos. Es Director General y cofundador de Trovador, una reconocida compa\u00f1\u00eda discogr\u00e1fica critiana de Espa\u00f1a. Trabaja en las Tecnolog\u00edas de la Informaci\u00f3n, ofreciendo servicios de alojamiento, dise\u00f1o y mantenimiento Web, as\u00ed como asesoramiento, formaci\u00f3n y soluciones inform\u00e1ticas, gesti\u00f3n documental y digitalizaci\u00f3n de textos, edici\u00f3n y maquetaci\u00f3n de libros, revistas, flyers, etc.\",\"sameAs\":[\"http:\/\/chento.org\",\"https:\/\/www.facebook.com\/JavierChento\",\"https:\/\/x.com\/https:\/\/twitter.com\/javierchento\"],\"url\":\"http:\/\/vincentians.com\/es\/author\/chento\/\"}]}<\/script>\n<!-- \/ Yoast SEO plugin. -->","yoast_head_json":{"title":"Todos los Santos (1 de Noviembre) (reflexi\u00f3n de Jos\u00e9 Cervantes Gabarr\u00f3n) - Somos Vicencianos","robots":{"index":"index","follow":"follow","max-snippet":"max-snippet:-1","max-image-preview":"max-image-preview:large","max-video-preview":"max-video-preview:-1"},"canonical":"http:\/\/vincentians.com\/es\/todos-los-santos-1-de-noviembre-reflexion-de-jose-cervantes-gabarron\/","og_locale":"es_ES","og_type":"article","og_title":"Todos los Santos (1 de Noviembre) (reflexi\u00f3n de Jos\u00e9 Cervantes Gabarr\u00f3n) - Somos Vicencianos","og_description":"Hoy no es domingo pero es fiesta extraordinaria en la Iglesia: El d\u00eda de todos los Santos. A ver si consigui\u00e9ramos recuperar el sentido de esta fiesta desde la Palabra de Dios, y rescatarla de ... Read More","og_url":"http:\/\/vincentians.com\/es\/todos-los-santos-1-de-noviembre-reflexion-de-jose-cervantes-gabarron\/","og_site_name":"Somos Vicencianos","article_publisher":"https:\/\/www.facebook.com\/WeAreVincentians\/","article_author":"https:\/\/www.facebook.com\/JavierChento","article_published_time":"2012-11-01T09:10:16+00:00","article_modified_time":"2016-07-24T08:28:19+00:00","og_image":[{"width":1200,"height":630,"url":"https:\/\/i0.wp.com\/vincentians.com\/es\/wp-content\/uploads\/sites\/11\/2016\/07\/reflexiones-palabra-de-dios.jpg?fit=1200%2C630","type":"image\/jpeg"}],"author":"Francisco Javier Fern\u00e1ndez Chento","twitter_card":"summary_large_image","twitter_creator":"@https:\/\/twitter.com\/javierchento","twitter_site":"@WeVincentians","twitter_misc":{"Escrito por":"Francisco Javier Fern\u00e1ndez Chento","Tiempo de lectura":"9 minutos"},"schema":{"@context":"https:\/\/schema.org","@graph":[{"@type":"Article","@id":"http:\/\/vincentians.com\/es\/todos-los-santos-1-de-noviembre-reflexion-de-jose-cervantes-gabarron\/#article","isPartOf":{"@id":"http:\/\/vincentians.com\/es\/todos-los-santos-1-de-noviembre-reflexion-de-jose-cervantes-gabarron\/"},"author":{"name":"Francisco Javier Fern\u00e1ndez Chento","@id":"https:\/\/vincentians.com\/es\/#\/schema\/person\/9623ef4d9aa3b2dfb8c061f1499288f2"},"headline":"Todos los Santos (1 de Noviembre) (reflexi\u00f3n de Jos\u00e9 Cervantes Gabarr\u00f3n)","datePublished":"2012-11-01T09:10:16+00:00","dateModified":"2016-07-24T08:28:19+00:00","mainEntityOfPage":{"@id":"http:\/\/vincentians.com\/es\/todos-los-santos-1-de-noviembre-reflexion-de-jose-cervantes-gabarron\/"},"wordCount":1901,"commentCount":0,"publisher":{"@id":"https:\/\/vincentians.com\/es\/#organization"},"image":{"@id":"http:\/\/vincentians.com\/es\/todos-los-santos-1-de-noviembre-reflexion-de-jose-cervantes-gabarron\/#primaryimage"},"thumbnailUrl":"https:\/\/i0.wp.com\/vincentians.com\/es\/wp-content\/uploads\/sites\/11\/2016\/07\/reflexiones-palabra-de-dios.jpg?fit=1200%2C630","keywords":["Pobreza"],"articleSection":["Homil\u00edas y reflexiones, A\u00f1o B"],"inLanguage":"es","potentialAction":[{"@type":"CommentAction","name":"Comment","target":["http:\/\/vincentians.com\/es\/todos-los-santos-1-de-noviembre-reflexion-de-jose-cervantes-gabarron\/#respond"]}]},{"@type":"WebPage","@id":"http:\/\/vincentians.com\/es\/todos-los-santos-1-de-noviembre-reflexion-de-jose-cervantes-gabarron\/","url":"http:\/\/vincentians.com\/es\/todos-los-santos-1-de-noviembre-reflexion-de-jose-cervantes-gabarron\/","name":"Todos los Santos (1 de Noviembre) (reflexi\u00f3n de Jos\u00e9 Cervantes Gabarr\u00f3n) - Somos Vicencianos","isPartOf":{"@id":"https:\/\/vincentians.com\/es\/#website"},"primaryImageOfPage":{"@id":"http:\/\/vincentians.com\/es\/todos-los-santos-1-de-noviembre-reflexion-de-jose-cervantes-gabarron\/#primaryimage"},"image":{"@id":"http:\/\/vincentians.com\/es\/todos-los-santos-1-de-noviembre-reflexion-de-jose-cervantes-gabarron\/#primaryimage"},"thumbnailUrl":"https:\/\/i0.wp.com\/vincentians.com\/es\/wp-content\/uploads\/sites\/11\/2016\/07\/reflexiones-palabra-de-dios.jpg?fit=1200%2C630","datePublished":"2012-11-01T09:10:16+00:00","dateModified":"2016-07-24T08:28:19+00:00","breadcrumb":{"@id":"http:\/\/vincentians.com\/es\/todos-los-santos-1-de-noviembre-reflexion-de-jose-cervantes-gabarron\/#breadcrumb"},"inLanguage":"es","potentialAction":[{"@type":"ReadAction","target":["http:\/\/vincentians.com\/es\/todos-los-santos-1-de-noviembre-reflexion-de-jose-cervantes-gabarron\/"]}]},{"@type":"ImageObject","inLanguage":"es","@id":"http:\/\/vincentians.com\/es\/todos-los-santos-1-de-noviembre-reflexion-de-jose-cervantes-gabarron\/#primaryimage","url":"https:\/\/i0.wp.com\/vincentians.com\/es\/wp-content\/uploads\/sites\/11\/2016\/07\/reflexiones-palabra-de-dios.jpg?fit=1200%2C630","contentUrl":"https:\/\/i0.wp.com\/vincentians.com\/es\/wp-content\/uploads\/sites\/11\/2016\/07\/reflexiones-palabra-de-dios.jpg?fit=1200%2C630","width":1200,"height":630},{"@type":"BreadcrumbList","@id":"http:\/\/vincentians.com\/es\/todos-los-santos-1-de-noviembre-reflexion-de-jose-cervantes-gabarron\/#breadcrumb","itemListElement":[{"@type":"ListItem","position":1,"name":"Portada","item":"https:\/\/vincentians.com\/es\/"},{"@type":"ListItem","position":2,"name":"Todos los Santos (1 de Noviembre) (reflexi\u00f3n de Jos\u00e9 Cervantes Gabarr\u00f3n)"}]},{"@type":"WebSite","@id":"https:\/\/vincentians.com\/es\/#website","url":"https:\/\/vincentians.com\/es\/","name":"Somos Vicencianos","description":"Know more to serve more","publisher":{"@id":"https:\/\/vincentians.com\/es\/#organization"},"potentialAction":[{"@type":"SearchAction","target":{"@type":"EntryPoint","urlTemplate":"https:\/\/vincentians.com\/es\/?s={search_term_string}"},"query-input":{"@type":"PropertyValueSpecification","valueRequired":true,"valueName":"search_term_string"}}],"inLanguage":"es"},{"@type":"Organization","@id":"https:\/\/vincentians.com\/es\/#organization","name":"The Vincentian Network","url":"https:\/\/vincentians.com\/es\/","logo":{"@type":"ImageObject","inLanguage":"es","@id":"https:\/\/vincentians.com\/es\/#\/schema\/logo\/image\/","url":"https:\/\/i1.wp.com\/vincentians.com\/es\/wp-content\/uploads\/sites\/11\/2016\/06\/Vincentian-Network-logo-big.png?fit=778%2C778","contentUrl":"https:\/\/i1.wp.com\/vincentians.com\/es\/wp-content\/uploads\/sites\/11\/2016\/06\/Vincentian-Network-logo-big.png?fit=778%2C778","width":778,"height":778,"caption":"The Vincentian Network"},"image":{"@id":"https:\/\/vincentians.com\/es\/#\/schema\/logo\/image\/"},"sameAs":["https:\/\/www.facebook.com\/WeAreVincentians\/","https:\/\/x.com\/WeVincentians"]},{"@type":"Person","@id":"https:\/\/vincentians.com\/es\/#\/schema\/person\/9623ef4d9aa3b2dfb8c061f1499288f2","name":"Francisco Javier Fern\u00e1ndez Chento","image":{"@type":"ImageObject","inLanguage":"es","@id":"https:\/\/vincentians.com\/es\/#\/schema\/person\/image\/","url":"https:\/\/secure.gravatar.com\/avatar\/497d5cde87b4c3d097d0315953521681ba2cd523ee66e5077c3711f7021e65de?s=96&d=mm&r=g","contentUrl":"https:\/\/secure.gravatar.com\/avatar\/497d5cde87b4c3d097d0315953521681ba2cd523ee66e5077c3711f7021e65de?s=96&d=mm&r=g","caption":"Francisco Javier Fern\u00e1ndez Chento"},"description":"Director General y cofundador de La Red de Formaci\u00f3n Vicenciana. Javier es laico vicenciano, afiliado a la Congregaci\u00f3n de la Misi\u00f3n y miembro del Equipo de Misiones Populares de la provincia can\u00f3nica de Zaragoza (Espa\u00f1a) de la Congregaci\u00f3n de la Misi\u00f3n. Graduado en la Universidad Oberta de Catalunya con cuatro grados (Asistente de direcci\u00f3n, Gesti\u00f3n Administrativa, Recursos Humanos y Contabilidad Avanzada). Bil\u00edng\u00fce Espa\u00f1ol\/Ingl\u00e9s. gestiona y mantiene varias p\u00e1ginas web cristianas y vicencianas, incluida including La Red de Formaci\u00f3n Vicenciana, de la que es cofundador. Actualmente es responsable del \u00e1rea de Espa\u00f1ol de .famvin, la Red de Noticias de la Familia Vicenciana. Tambi\u00e9n es m\u00fasico cat\u00f3lico y ha editado varios discos. Es Director General y cofundador de Trovador, una reconocida compa\u00f1\u00eda discogr\u00e1fica critiana de Espa\u00f1a. Trabaja en las Tecnolog\u00edas de la Informaci\u00f3n, ofreciendo servicios de alojamiento, dise\u00f1o y mantenimiento Web, as\u00ed como asesoramiento, formaci\u00f3n y soluciones inform\u00e1ticas, gesti\u00f3n documental y digitalizaci\u00f3n de textos, edici\u00f3n y maquetaci\u00f3n de libros, revistas, flyers, etc.","sameAs":["http:\/\/chento.org","https:\/\/www.facebook.com\/JavierChento","https:\/\/x.com\/https:\/\/twitter.com\/javierchento"],"url":"http:\/\/vincentians.com\/es\/author\/chento\/"}]}},"jetpack_publicize_connections":[],"jetpack_featured_media_url":"https:\/\/i0.wp.com\/vincentians.com\/es\/wp-content\/uploads\/sites\/11\/2016\/07\/reflexiones-palabra-de-dios.jpg?fit=1200%2C630","jetpack_sharing_enabled":true,"jetpack_shortlink":"https:\/\/wp.me\/p7ETMF-yM","jetpack-related-posts":[{"id":132422,"url":"http:\/\/vincentians.com\/es\/santa-maria-madre-de-dios-reflexion-de-jose-cervantes-gabarron\/","url_meta":{"origin":2156,"position":0},"title":"Santa Mar\u00eda, Madre de Dios (reflexi\u00f3n de Jos\u00e9 Cervantes Gabarr\u00f3n)","author":"Francisco Javier Fern\u00e1ndez Chento","date":"31\/12\/2011","format":false,"excerpt":"\"En la plenitud del tiempo, Dios envi\u00f3 a su Hijo, nacido de mujer\" En el primer d\u00eda del a\u00f1o, la Iglesia celebra la solemnidad de Santa Mar\u00eda, Madre de Dios. Es una fiesta entra\u00f1able que permite profundizar el misterio de la Navidad desde la contemplaci\u00f3n de la Virgen Mar\u00eda. \"Cuando\u2026","rel":"","context":"En \u00abHomil\u00edas y reflexiones, A\u00f1o B\u00bb","block_context":{"text":"Homil\u00edas y reflexiones, A\u00f1o B","link":"http:\/\/vincentians.com\/es\/category\/homilias-y-reflexiones-a-la-palabra-de-dios\/homilias-y-reflexiones-ano-b\/"},"img":{"alt_text":"","src":"https:\/\/i0.wp.com\/vincentians.com\/es\/wp-content\/uploads\/sites\/11\/2016\/07\/reflexiones-palabra-de-dios.jpg?fit=1200%2C630&resize=350%2C200","width":350,"height":200,"srcset":"https:\/\/i0.wp.com\/vincentians.com\/es\/wp-content\/uploads\/sites\/11\/2016\/07\/reflexiones-palabra-de-dios.jpg?fit=1200%2C630&resize=350%2C200 1x, https:\/\/i0.wp.com\/vincentians.com\/es\/wp-content\/uploads\/sites\/11\/2016\/07\/reflexiones-palabra-de-dios.jpg?fit=1200%2C630&resize=525%2C300 1.5x, https:\/\/i0.wp.com\/vincentians.com\/es\/wp-content\/uploads\/sites\/11\/2016\/07\/reflexiones-palabra-de-dios.jpg?fit=1200%2C630&resize=700%2C400 2x, https:\/\/i0.wp.com\/vincentians.com\/es\/wp-content\/uploads\/sites\/11\/2016\/07\/reflexiones-palabra-de-dios.jpg?fit=1200%2C630&resize=1050%2C600 3x"},"classes":[]},{"id":134890,"url":"http:\/\/vincentians.com\/es\/2o-domingo-de-navidad-reflexion-de-jose-cervantes-gabarron\/","url_meta":{"origin":2156,"position":1},"title":"2\u00ba Domingo de Navidad (reflexi\u00f3n de Jos\u00e9 Cervantes Gabarr\u00f3n)","author":"Francisco Javier Fern\u00e1ndez Chento","date":"03\/01\/2015","format":false,"excerpt":"Felicidades: Seguimos en Navidad Seguimos en Navidad y por eso el mundo cristiano marca el comienzo del\u00a0a\u00f1o nuevo con el nacimiento de Jes\u00fas.\u00a0No es s\u00f3lo que Jes\u00fas naciera en estas fechas del a\u00f1o, sino que, porque \u00c9l naci\u00f3, vino con \u00e9l el tiempo de la gracia y del Esp\u00edritu, el\u2026","rel":"","context":"En \u00abHomil\u00edas y reflexiones, A\u00f1o B\u00bb","block_context":{"text":"Homil\u00edas y reflexiones, A\u00f1o B","link":"http:\/\/vincentians.com\/es\/category\/homilias-y-reflexiones-a-la-palabra-de-dios\/homilias-y-reflexiones-ano-b\/"},"img":{"alt_text":"","src":"https:\/\/i0.wp.com\/vincentians.com\/es\/wp-content\/uploads\/sites\/11\/2016\/07\/reflexiones-palabra-de-dios.jpg?fit=1200%2C630&resize=350%2C200","width":350,"height":200,"srcset":"https:\/\/i0.wp.com\/vincentians.com\/es\/wp-content\/uploads\/sites\/11\/2016\/07\/reflexiones-palabra-de-dios.jpg?fit=1200%2C630&resize=350%2C200 1x, https:\/\/i0.wp.com\/vincentians.com\/es\/wp-content\/uploads\/sites\/11\/2016\/07\/reflexiones-palabra-de-dios.jpg?fit=1200%2C630&resize=525%2C300 1.5x, https:\/\/i0.wp.com\/vincentians.com\/es\/wp-content\/uploads\/sites\/11\/2016\/07\/reflexiones-palabra-de-dios.jpg?fit=1200%2C630&resize=700%2C400 2x, https:\/\/i0.wp.com\/vincentians.com\/es\/wp-content\/uploads\/sites\/11\/2016\/07\/reflexiones-palabra-de-dios.jpg?fit=1200%2C630&resize=1050%2C600 3x"},"classes":[]},{"id":159125,"url":"http:\/\/vincentians.com\/es\/santisima-trinidad-reflexion-de-jose-cervantes-gabarron\/","url_meta":{"origin":2156,"position":2},"title":"Sant\u00edsima Trinidad (reflexi\u00f3n de Jos\u00e9 Cervantes Gabarr\u00f3n)","author":"Francisco Javier Fern\u00e1ndez Chento","date":"31\/05\/2015","format":false,"excerpt":"Dios es amor trinitario La Iglesia celebra la fiesta de la Sant\u00edsima Trinidad, dogma fundamental del cristianismo, que proclama la unidad en el amor de las tres personas que son un solo Dios, vivo y verdadero, el Dios cristiano: el Padre, el Hijo Jesucristo y el Esp\u00edritu Santo. Dios es\u2026","rel":"","context":"En \u00abHomil\u00edas y reflexiones, A\u00f1o B\u00bb","block_context":{"text":"Homil\u00edas y reflexiones, A\u00f1o B","link":"http:\/\/vincentians.com\/es\/category\/homilias-y-reflexiones-a-la-palabra-de-dios\/homilias-y-reflexiones-ano-b\/"},"img":{"alt_text":"","src":"https:\/\/i0.wp.com\/vincentians.com\/es\/wp-content\/uploads\/sites\/11\/2016\/07\/reflexiones-palabra-de-dios.jpg?fit=1200%2C630&resize=350%2C200","width":350,"height":200,"srcset":"https:\/\/i0.wp.com\/vincentians.com\/es\/wp-content\/uploads\/sites\/11\/2016\/07\/reflexiones-palabra-de-dios.jpg?fit=1200%2C630&resize=350%2C200 1x, https:\/\/i0.wp.com\/vincentians.com\/es\/wp-content\/uploads\/sites\/11\/2016\/07\/reflexiones-palabra-de-dios.jpg?fit=1200%2C630&resize=525%2C300 1.5x, https:\/\/i0.wp.com\/vincentians.com\/es\/wp-content\/uploads\/sites\/11\/2016\/07\/reflexiones-palabra-de-dios.jpg?fit=1200%2C630&resize=700%2C400 2x, https:\/\/i0.wp.com\/vincentians.com\/es\/wp-content\/uploads\/sites\/11\/2016\/07\/reflexiones-palabra-de-dios.jpg?fit=1200%2C630&resize=1050%2C600 3x"},"classes":[]},{"id":135547,"url":"http:\/\/vincentians.com\/es\/bautismo-del-senor-reflexion-de-jose-cervantes-gabarron-3\/","url_meta":{"origin":2156,"position":3},"title":"Bautismo del Se\u00f1or (reflexi\u00f3n de Jos\u00e9 Cervantes Gabarr\u00f3n)","author":"Francisco Javier Fern\u00e1ndez Chento","date":"10\/01\/2015","format":false,"excerpt":"El desgarr\u00f3n revelador del Siervo Reci\u00e9n comenzado el a\u00f1o nos viene bien una fiesta, la del bautismo de Jes\u00fas, el Siervo de Dios y servidor de los hombres, que nos resit\u00faa con los pies en la tierra y con la mirada y el o\u00eddo en el cielo, para poner en\u2026","rel":"","context":"En \u00abHomil\u00edas y reflexiones, A\u00f1o B\u00bb","block_context":{"text":"Homil\u00edas y reflexiones, A\u00f1o B","link":"http:\/\/vincentians.com\/es\/category\/homilias-y-reflexiones-a-la-palabra-de-dios\/homilias-y-reflexiones-ano-b\/"},"img":{"alt_text":"","src":"https:\/\/i0.wp.com\/vincentians.com\/es\/wp-content\/uploads\/sites\/11\/2016\/07\/reflexiones-palabra-de-dios.jpg?fit=1200%2C630&resize=350%2C200","width":350,"height":200,"srcset":"https:\/\/i0.wp.com\/vincentians.com\/es\/wp-content\/uploads\/sites\/11\/2016\/07\/reflexiones-palabra-de-dios.jpg?fit=1200%2C630&resize=350%2C200 1x, https:\/\/i0.wp.com\/vincentians.com\/es\/wp-content\/uploads\/sites\/11\/2016\/07\/reflexiones-palabra-de-dios.jpg?fit=1200%2C630&resize=525%2C300 1.5x, https:\/\/i0.wp.com\/vincentians.com\/es\/wp-content\/uploads\/sites\/11\/2016\/07\/reflexiones-palabra-de-dios.jpg?fit=1200%2C630&resize=700%2C400 2x, https:\/\/i0.wp.com\/vincentians.com\/es\/wp-content\/uploads\/sites\/11\/2016\/07\/reflexiones-palabra-de-dios.jpg?fit=1200%2C630&resize=1050%2C600 3x"},"classes":[]},{"id":133776,"url":"http:\/\/vincentians.com\/es\/natividad-del-senor-reflexion-de-jose-cervantes-gabarron-2\/","url_meta":{"origin":2156,"position":4},"title":"Natividad del Se\u00f1or (reflexi\u00f3n de Jos\u00e9 Cervantes Gabarr\u00f3n)","author":"Francisco Javier Fern\u00e1ndez Chento","date":"24\/12\/2014","format":false,"excerpt":"La alegr\u00eda de la Nochebuena Esta noche es Nochebuena porque nace Jes\u00fas y en \u00e9l ha aparecido la gracia de Dios que trae la salvaci\u00f3n para todos los hombres (Tito 2,11-14). El motivo real de la celebraci\u00f3n de la Navidad y de nuestra gran alegr\u00eda es el nacimiento del ni\u00f1o\u2026","rel":"","context":"En \u00abHomil\u00edas y reflexiones, A\u00f1o B\u00bb","block_context":{"text":"Homil\u00edas y reflexiones, A\u00f1o B","link":"http:\/\/vincentians.com\/es\/category\/homilias-y-reflexiones-a-la-palabra-de-dios\/homilias-y-reflexiones-ano-b\/"},"img":{"alt_text":"","src":"https:\/\/i0.wp.com\/vincentians.com\/es\/wp-content\/uploads\/sites\/11\/2016\/07\/reflexiones-palabra-de-dios.jpg?fit=1200%2C630&resize=350%2C200","width":350,"height":200,"srcset":"https:\/\/i0.wp.com\/vincentians.com\/es\/wp-content\/uploads\/sites\/11\/2016\/07\/reflexiones-palabra-de-dios.jpg?fit=1200%2C630&resize=350%2C200 1x, https:\/\/i0.wp.com\/vincentians.com\/es\/wp-content\/uploads\/sites\/11\/2016\/07\/reflexiones-palabra-de-dios.jpg?fit=1200%2C630&resize=525%2C300 1.5x, https:\/\/i0.wp.com\/vincentians.com\/es\/wp-content\/uploads\/sites\/11\/2016\/07\/reflexiones-palabra-de-dios.jpg?fit=1200%2C630&resize=700%2C400 2x, https:\/\/i0.wp.com\/vincentians.com\/es\/wp-content\/uploads\/sites\/11\/2016\/07\/reflexiones-palabra-de-dios.jpg?fit=1200%2C630&resize=1050%2C600 3x"},"classes":[]},{"id":142933,"url":"http:\/\/vincentians.com\/es\/2o-domingo-de-pascua-reflexion-de-jose-cervantes-gabarron-3\/","url_meta":{"origin":2156,"position":5},"title":"2\u00ba Domingo de Pascua (reflexi\u00f3n de Jos\u00e9 Cervantes Gabarr\u00f3n)","author":"Francisco Javier Fern\u00e1ndez Chento","date":"11\/04\/2015","format":false,"excerpt":"La gran alegr\u00eda de Cristo Resucitado En estas fiestas de Pascua la Iglesia celebra la gran alegr\u00eda de la resurrecci\u00f3n de Jesucristo. El evangelio de Juan en la liturgia dominical anuncia la presencia de\u00a0Cristo Resucitado\u00a0en la vida humana y el mensaje se centra en la\u00a0doble aparici\u00f3n del resucitado a los\u2026","rel":"","context":"En \u00abHomil\u00edas y reflexiones, A\u00f1o B\u00bb","block_context":{"text":"Homil\u00edas y reflexiones, A\u00f1o B","link":"http:\/\/vincentians.com\/es\/category\/homilias-y-reflexiones-a-la-palabra-de-dios\/homilias-y-reflexiones-ano-b\/"},"img":{"alt_text":"","src":"https:\/\/i0.wp.com\/vincentians.com\/es\/wp-content\/uploads\/sites\/11\/2016\/07\/reflexiones-palabra-de-dios.jpg?fit=1200%2C630&resize=350%2C200","width":350,"height":200,"srcset":"https:\/\/i0.wp.com\/vincentians.com\/es\/wp-content\/uploads\/sites\/11\/2016\/07\/reflexiones-palabra-de-dios.jpg?fit=1200%2C630&resize=350%2C200 1x, https:\/\/i0.wp.com\/vincentians.com\/es\/wp-content\/uploads\/sites\/11\/2016\/07\/reflexiones-palabra-de-dios.jpg?fit=1200%2C630&resize=525%2C300 1.5x, https:\/\/i0.wp.com\/vincentians.com\/es\/wp-content\/uploads\/sites\/11\/2016\/07\/reflexiones-palabra-de-dios.jpg?fit=1200%2C630&resize=700%2C400 2x, https:\/\/i0.wp.com\/vincentians.com\/es\/wp-content\/uploads\/sites\/11\/2016\/07\/reflexiones-palabra-de-dios.jpg?fit=1200%2C630&resize=1050%2C600 3x"},"classes":[]}],"_links":{"self":[{"href":"http:\/\/vincentians.com\/es\/wp-json\/wp\/v2\/posts\/2156","targetHints":{"allow":["GET"]}}],"collection":[{"href":"http:\/\/vincentians.com\/es\/wp-json\/wp\/v2\/posts"}],"about":[{"href":"http:\/\/vincentians.com\/es\/wp-json\/wp\/v2\/types\/post"}],"author":[{"embeddable":true,"href":"http:\/\/vincentians.com\/es\/wp-json\/wp\/v2\/users\/4"}],"replies":[{"embeddable":true,"href":"http:\/\/vincentians.com\/es\/wp-json\/wp\/v2\/comments?post=2156"}],"version-history":[{"count":0,"href":"http:\/\/vincentians.com\/es\/wp-json\/wp\/v2\/posts\/2156\/revisions"}],"wp:featuredmedia":[{"embeddable":true,"href":"http:\/\/vincentians.com\/es\/wp-json\/wp\/v2\/media\/388408"}],"wp:attachment":[{"href":"http:\/\/vincentians.com\/es\/wp-json\/wp\/v2\/media?parent=2156"}],"wp:term":[{"taxonomy":"category","embeddable":true,"href":"http:\/\/vincentians.com\/es\/wp-json\/wp\/v2\/categories?post=2156"},{"taxonomy":"post_tag","embeddable":true,"href":"http:\/\/vincentians.com\/es\/wp-json\/wp\/v2\/tags?post=2156"}],"curies":[{"name":"wp","href":"https:\/\/api.w.org\/{rel}","templated":true}]}}