{"id":21509,"date":"2018-09-14T11:25:21","date_gmt":"2018-09-14T09:25:21","guid":{"rendered":"http:\/\/somos.vicencianos.org\/vicencianos\/?p=21509"},"modified":"2018-09-14T11:24:00","modified_gmt":"2018-09-14T09:24:00","slug":"al-servicio-de-los-dementes","status":"publish","type":"post","link":"http:\/\/vincentians.com\/es\/al-servicio-de-los-dementes\/","title":{"rendered":"Al Servicio de los dementes"},"content":{"rendered":"<p>En su prefacio para la traducci\u00f3n inglesa de la biograf\u00eda del <em>Sr. Vicente por Abelly<\/em>, el <strong>P. Stafford Poole<\/strong>, a pesar de algunas reservas, dice que ese trabajo es para nosotros fundamental, \u00fanico e indispensable, la \u00fanica fuente importante.<span id='easy-footnote-1-21509' class='easy-footnote-margin-adjust'><\/span><span class='easy-footnote'><a href='http:\/\/vincentians.com\/es\/al-servicio-de-los-dementes\/#easy-footnote-bottom-1-21509' title='Luis Abelly: \u00ab&lt;em&gt;The Life of the Venerable Servant of God Vincent de Paul&lt;\/em&gt;\u00ab, 1993. Por lo que yo s\u00e9, ha sido especialmente el m\u00e9dico alem\u00e1n Werner Leibbrand quien ha tratado este tema m\u00e1s ampliamente en \u00ab&lt;em&gt;Vinzenz von Paul&lt;\/em&gt;\u00ab,3. Auflage, Heidelberg 1960. Cita tambi\u00e9n las obras siguientes: Jacques Vi\u00e9 et Laignel-Lavastine: \u00ab&lt;em&gt;La vie m\u00e9dicale de Saint Vincent de Paul&lt;\/em&gt;\u00ab, en la \u00ab&lt;em&gt;Revue des \u00c9tudes Historiques&lt;\/em&gt;\u00ab, 96 (1930), 129-136, que no he encontrado en el \u00ab&lt;em&gt;Catalogue des Publications 1. Saint Vincent de Paul&lt;\/em&gt;\u00bb (1988); J-C; Martin du Theil: &lt;em&gt;\u00abLa doctrine hospitaliere de Saint Vincent de Paul&lt;\/em&gt;\u00ab, Arnette Louis, Par\u00eds 1939.'><sup>1<\/sup><\/a><\/span> Gracias a <strong>Abelly<\/strong> sabemos lo que el <em>Sr. Vicente <\/em>hizo en favor de los dementes y lo que dijo sobre el trabajo en su servicio.<\/p>\n<p>Abelly hace, de pasada, en su texto algunas observaciones, que nos hacen ver lo que se pensaba en su tiempo acerca de los dementes: \u00ab<em>Esas personas no son capaces de agradecer el bien que les hacen ordinariamente son sucios, molestos y a veces hasta peligrosos.<\/em><span id='easy-footnote-2-21509' class='easy-footnote-margin-adjust'><\/span><span class='easy-footnote'><a href='http:\/\/vincentians.com\/es\/al-servicio-de-los-dementes\/#easy-footnote-bottom-2-21509' title='Abelly, 1891, I.152.'><sup>2<\/sup><\/a><\/span> <em>Todos los rechazan y nadie quiere encargarse de ellos<\/em>\u00ab.<span id='easy-footnote-3-21509' class='easy-footnote-margin-adjust'><\/span><span class='easy-footnote'><a href='http:\/\/vincentians.com\/es\/al-servicio-de-los-dementes\/#easy-footnote-bottom-3-21509' title='Abelly, I.154.'><sup>3<\/sup><\/a><\/span> Abelly escribe a\u00fan: \u00ab<em>Los tarados mentales est\u00e1n a cargo de sus padres y para verg\u00fcenza de sus familias<\/em>\u00ab.<span id='easy-footnote-4-21509' class='easy-footnote-margin-adjust'><\/span><span class='easy-footnote'><a href='http:\/\/vincentians.com\/es\/al-servicio-de-los-dementes\/#easy-footnote-bottom-4-21509' title='Abelly, III.88.'><sup>4<\/sup><\/a><\/span>\n<p>Estas citas dan la impresi\u00f3n de que la sociedad del siglo XVII tenia en poco aprecio a estas personas enfermas. Particularmente las palabras \u00ab<em>son una verg\u00fcenza para sus familias<\/em>\u00bb nos impresionan. Es en ese contexto donde se deja ver una forma de pensar, donde hay que juzgar la actitud y las palabras del Sr. Vicente.<\/p>\n<h2><strong>1. <\/strong><strong>Los dementes en San L\u00e1zaro<\/strong><strong>.<\/strong><\/h2>\n<p>En 1632 habia tres o cuatro alienados en San L\u00e1zaro,<span id='easy-footnote-5-21509' class='easy-footnote-margin-adjust'><\/span><span class='easy-footnote'><a href='http:\/\/vincentians.com\/es\/al-servicio-de-los-dementes\/#easy-footnote-bottom-5-21509' title='Abelly, I.152.'><sup>5<\/sup><\/a><\/span> que los Agustinos hab\u00edan recibido en su casa. El Sr. Vicente mantuvo los cuidados y el tratamiento de aquellos pobres hombres. Seg\u00fan Pedro Coste hab\u00eda en 1659 entre 50 y 60 retenidos en San L\u00e1zaro, pero no se puede precisar cuantas de esas personas eran dementes.<span id='easy-footnote-6-21509' class='easy-footnote-margin-adjust'><\/span><span class='easy-footnote'><a href='http:\/\/vincentians.com\/es\/al-servicio-de-los-dementes\/#easy-footnote-bottom-6-21509' title='Pierre Coste: \u00ab&lt;em&gt;Monsieur Vincent&lt;\/em&gt;\u00ab. II.516. sobre todo en la nota 3.'><sup>6<\/sup><\/a><\/span> Hasta la Revoluci\u00f3n Francesa, la Congregaci\u00f3n atendi\u00f3 a esa clase de personas. Un sacerdote llevaba la direcci\u00f3n de la obra, otro sacerdote se ocupaba del servicio espiritual, mientras que los Hermanos estaban encargados de la vigilancia y de los otros servicios necesarios. Las familias de los enfermos pagaban una pensi\u00f3n.<span id='easy-footnote-7-21509' class='easy-footnote-margin-adjust'><\/span><span class='easy-footnote'><a href='http:\/\/vincentians.com\/es\/al-servicio-de-los-dementes\/#easy-footnote-bottom-7-21509' title='XI.331 (Coste) 225 (CEME).'><sup>7<\/sup><\/a><\/span>\n<p>El Sr. Vicente pensaba que era la divina Providencia la que hab\u00eda encomendado a la Compa\u00f1\u00eda la tarea de servir a los alienados.<span id='easy-footnote-8-21509' class='easy-footnote-margin-adjust'><\/span><span class='easy-footnote'><a href='http:\/\/vincentians.com\/es\/al-servicio-de-los-dementes\/#easy-footnote-bottom-8-21509' title='XI.21\/715; XII.88 XI.394'><sup>8<\/sup><\/a><\/span> \u00c9l no hab\u00eda buscado esta obra, sino que la hab\u00eda recibido de los Agustinos, cuando \u00e9stos se hab\u00edan marchado de San L\u00e1zaro:<\/p>\n<p>\u00ab<em>No los hemos ido a buscar, nos los han tra\u00eddo; y \u00bfqu\u00e9 sabemos, si su Providencia, que as\u00ed lo ha ordenado, no querr\u00e1 servirse de nosotros para poner remedio a la enfermedad de esta pobre gente?<\/em>\u00bb<\/p>\n<p>El Sr. Vicente amaba a esta pobre gente como nos lo confiesa \u00e9l mismo:<\/p>\n<p>\u00ab<em>En aquel tiempo tuvimos un juicio, en el que se ventilaba si nos echaban o nos dejaban en la casa de San L\u00e1zaro; y me acuerdo que entonces me plante\u00e9 a m\u00ed mismo esta pregunta: \u00abSi hubiera que dejar ahora esta casa, \u00bfqu\u00e9 es lo que te cuesta o te costar\u00eda m\u00e1s? \u00bfqu\u00e9 es lo que te causar\u00eda mayor disgusto y pena? Y me pareci\u00f3 entonces que lo peor ser\u00eda tener que dejar de ver a esa pobre gente y verme obligado a dejar su cuidado y servicio<\/em>\u00ab.<span id='easy-footnote-9-21509' class='easy-footnote-margin-adjust'><\/span><span class='easy-footnote'><a href='http:\/\/vincentians.com\/es\/al-servicio-de-los-dementes\/#easy-footnote-bottom-9-21509' title='XI.21\/716'><sup>9<\/sup><\/a><\/span>\n<p>Cuando los Hermanos daban a los pensionarios carne o vino, que hab\u00edan sobrado del d\u00eda anterior, el Sr. Vicente protestaba contra semejante abuso por dos razones:<\/p>\n<p>1) era una injusticia, porque las familias pagaban como para darles un buen trato;<\/p>\n<p>2) los enfermos no estaban en estado de defenderse contra un trato semejante;<span id='easy-footnote-10-21509' class='easy-footnote-margin-adjust'><\/span><span class='easy-footnote'><a href='http:\/\/vincentians.com\/es\/al-servicio-de-los-dementes\/#easy-footnote-bottom-10-21509' title='XI.331\/225'><sup>10<\/sup><\/a><\/span>\n<p>Al final de su vida el Sr. Vicente estaba muy preocupado por conservar y transmitir su carisma a la Compa\u00f1\u00eda. Observamos tal inquietud en la conferencia del 6 de diciembre de 1658 sobre la finalidad de la Congregaci\u00f3n de la Misi\u00f3n:<\/p>\n<p>\u00ab<em>Pero, Padre, me dir\u00e1 alguno, \u00bfest\u00e1 en nuestra Regla que recibamos a los locos en San L\u00e1zaro y a esas almas tan rebeldes que parecen peque\u00f1os demonios? &#8211; Le dir\u00eda a \u00e9se que Nuestro Se\u00f1or quiso verse rodeado de lun\u00e1ticos, endemoniados, locos, tentados y posesos<\/em>\u00ab<span id='easy-footnote-11-21509' class='easy-footnote-margin-adjust'><\/span><span class='easy-footnote'><a href='http:\/\/vincentians.com\/es\/al-servicio-de-los-dementes\/#easy-footnote-bottom-11-21509' title='XII.88\/XI.394'><sup>11<\/sup><\/a><\/span>\n<h2><strong>2. Las Hijas de la Caridad y sus atenciones a los dementes.<\/strong><\/h2>\n<p>Las Hijas de la Caridad se establecieron en la segunda mitad del a\u00f1o 1655 en las \u00ab<em>Petites-Maisons<\/em>\u00bb para cuidar a 400 personas, atacadas de demencia, de enfermedades vergonzosas o de la ti\u00f1a.<\/p>\n<p>El Sr. Vicente conoc\u00eda la situaci\u00f3n de esa instituci\u00f3n. Ya antes de fundar la Congregaci\u00f3n de la Misi\u00f3n hab\u00eda predicado all\u00ed una misi\u00f3n.<span id='easy-footnote-12-21509' class='easy-footnote-margin-adjust'><\/span><span class='easy-footnote'><a href='http:\/\/vincentians.com\/es\/al-servicio-de-los-dementes\/#easy-footnote-bottom-12-21509' title='Abelly, 1891, II.29'><sup>12<\/sup><\/a><\/span> Lo que nos cuenta de la situaci\u00f3n en las \u00abPetitesMaisons\u00bb es terrible:<\/p>\n<p>\u00ab<em>Son unas personas que han vivido una vida desordenada, que no han hecho nunca una confesi\u00f3n como es debido y que est\u00e1n en v\u00edsperas de comparecer ante el juicio de Dios.<\/em><span id='easy-footnote-13-21509' class='easy-footnote-margin-adjust'><\/span><span class='easy-footnote'><a href='http:\/\/vincentians.com\/es\/al-servicio-de-los-dementes\/#easy-footnote-bottom-13-21509' title='II.366\/303'><sup>13<\/sup><\/a><\/span> <em>Todas ellas son personas locas y trastornadas, gente de muy mal car\u00e1cter, que est\u00e1n continuamente gru\u00f1endo y refunfu\u00f1ando. No hacen m\u00e1s que discutir. S\u00f3lo hay eso. Ni se lo puedo explicar. En fin, hay tan poco esp\u00edritu de comprensi\u00f3n mutua que no pueden vivir dos juntas, y se han visto obligados a separarlas. Cada una se hace por su cuenta la comida<\/em>\u00ab.<span id='easy-footnote-14-21509' class='easy-footnote-margin-adjust'><\/span><span class='easy-footnote'><a href='http:\/\/vincentians.com\/es\/al-servicio-de-los-dementes\/#easy-footnote-bottom-14-21509' title='XIII.596\/X.736'><sup>14<\/sup><\/a><\/span>\n<p>No era f\u00e1cil hallar sitio para un enfermo en esa instituci\u00f3n. Cuando Sor Margarita Ch\u00e9tif pidi\u00f3 la intervenci\u00f3n del Sr. Vicente para colocar all\u00ed a un demente, debi\u00f3 de responder:<\/p>\n<p>\u00ab<em>No tengo suficiente cr\u00e9dito para hacer que reciban en las \u00abPetites-Maisons\u00bb a ese buen hombre, enfermo mental, del que usted me escribe, ya que no tienen nunca un puesto vac\u00edo, sino que los reservan mucho tiempo antes de que queden libres. Haga el favor de comunicar a sus hijos que siento mucho no poder proporcionarles este consuelo, y que se guarden mucho de enviarlo para ac\u00e1<\/em>\u00ab.<span id='easy-footnote-15-21509' class='easy-footnote-margin-adjust'><\/span><span class='easy-footnote'><a href='http:\/\/vincentians.com\/es\/al-servicio-de-los-dementes\/#easy-footnote-bottom-15-21509' title='VII.184, 22 de junio 1658\/164'><sup>15<\/sup><\/a><\/span>\n<p>Cuando las Hermanas comenzaron su trabajo en las \u00ab<em>PetitesMaisons<\/em>\u00ab, la Se\u00f1orita Le Gras pidi\u00f3 al Sr. Vicente que explicara a las Hermanas el bien que pod\u00edan ellas hacer alli y de qu\u00e9 forma.<span id='easy-footnote-16-21509' class='easy-footnote-margin-adjust'><\/span><span class='easy-footnote'><a href='http:\/\/vincentians.com\/es\/al-servicio-de-los-dementes\/#easy-footnote-bottom-16-21509' title='\u00c9crits spirituels, 473, Lettre 428, (1655'><sup>16<\/sup><\/a><\/span>)El Sr. Vicente lo hizo aludiendo a ello en la conferencia del 18 de octubre de 1655.<span id='easy-footnote-17-21509' class='easy-footnote-margin-adjust'><\/span><span class='easy-footnote'><a href='http:\/\/vincentians.com\/es\/al-servicio-de-los-dementes\/#easy-footnote-bottom-17-21509' title='X.125\/IX.750'><sup>17<\/sup><\/a><\/span>\n<p><strong>Sor Ana Hardemont <\/strong>fue nombrada superiora, pero, por causa de unas dificultades, fue sustitu\u00edda por <strong>Sor Cecilia In\u00e9s Angiboust<\/strong>.<span id='easy-footnote-18-21509' class='easy-footnote-margin-adjust'><\/span><span class='easy-footnote'><a href='http:\/\/vincentians.com\/es\/al-servicio-de-los-dementes\/#easy-footnote-bottom-18-21509' title='VI.568, 30 de octubre de 1657\/520'><sup>18<\/sup><\/a><\/span>\n<h2><strong>3. Las razones para encargarse del cuidado de los enfermos mentales.<\/strong><\/h2>\n<p>Desde su experiencia de Gannes-Folleville el Sr. Vicente siempre pensaba en la salvaci\u00f3n de las almas. Quer\u00eda ayudar a hombres y mujeres a vivir en amistad con Dios. El medio para \u00e9sto era la misi\u00f3n. \u00c9sta quiz\u00e1 sea la raz\u00f3n por la cual predic\u00f3 una misi\u00f3n en las \u00ab<em>Petites-Maisons<\/em>\u00ab:<\/p>\n<p>\u00ab<em>Nunca he visto misiones tan hermosas como las que se celebraron en el hospital de \u00abPetites-Maisons<\/em>\u00bb <em>de esta ciudad<\/em>\u00ab<span id='easy-footnote-19-21509' class='easy-footnote-margin-adjust'><\/span><span class='easy-footnote'><a href='http:\/\/vincentians.com\/es\/al-servicio-de-los-dementes\/#easy-footnote-bottom-19-21509' title='II.366\/303. Pensando en la descripci\u00f3n que hace el Sr. Vicente de la situaci\u00f3n del hospital, se plantea naturalmente la cuesti\u00f3n de saber c\u00f3mo se pudieron aprovechar los enfermos mentales de la misi\u00f3n, predicada por los miembros de la Conferencia del Martes: \u00abHan dado tambi\u00e9n una misi\u00f3n en el hospital de las \u00ab&lt;em&gt;Petites-Maisons&lt;\/em&gt;\u00ab; en \u00e9l, ademas de los pobres alienados a los que la misi\u00f3n no pod\u00eda aprovechar, hay multitud de familias pobres con las que varios habitantes del arrabal tomaron parte en las ense\u00f1anzas que se impartieron\u00bb. Abelly,II. 330.'><sup>19<\/sup><\/a><\/span>\n<p>De este modo comprobamos <strong>un primer motivo <\/strong>del Sr. Vicente para trabajar por los enfermos mentales: <strong>su celo por la salvaci\u00f3n de las almas. <\/strong>Posee un juicio claro acerca de la situaci\u00f3n moral del demente:<\/p>\n<p>\u00ab<em>Los que est\u00e1n en esta situaci\u00f3n, son ciertamente muy dignos de compasi\u00f3n. Es verdad que en cierto modo se encuentran en estado de impecabilidad, ya que no son due\u00f1os de su voluntad ni tienen juicio y libertad. Por eso, hemos de juzgarlos bienaventurados si, cuando cayeron en ese estado, estaban en gracia de Dios; mientras que, por el contrario, soy muy dignos de l\u00e1stima, si ese mal les sorprendi\u00f3 en pecado mortal<\/em>.\u00bb<span id='easy-footnote-20-21509' class='easy-footnote-margin-adjust'><\/span><span class='easy-footnote'><a href='http:\/\/vincentians.com\/es\/al-servicio-de-los-dementes\/#easy-footnote-bottom-20-21509' title='XI.20\/715'><sup>20<\/sup><\/a><\/span>\n<p><strong>Un segundo motivo <\/strong>para servir a esos pobres hombres era para el Sr. Vicente <strong>el ejemplo de Jes\u00fas. <\/strong>Nuestro Se\u00f1or estaba rodeado de locos y posesos.<span id='easy-footnote-21-21509' class='easy-footnote-margin-adjust'><\/span><span class='easy-footnote'><a href='http:\/\/vincentians.com\/es\/al-servicio-de-los-dementes\/#easy-footnote-bottom-21-21509' title='Mt 4,24'><sup>21<\/sup><\/a><\/span>\n<p>El Sr. Vicente est\u00e1 conmovido por las palabras de San Pablo en la primera carta a los Corintios: \u00ab<em>Nosotros predicamos a un Cristo crucificado, esc\u00e1ndalo para los jud\u00edos y locura para los paganos<\/em>\u00ab.<span id='easy-footnote-22-21509' class='easy-footnote-margin-adjust'><\/span><span class='easy-footnote'><a href='http:\/\/vincentians.com\/es\/al-servicio-de-los-dementes\/#easy-footnote-bottom-22-21509' title='I Cor I.23'><sup>22<\/sup><\/a><\/span> De ah\u00ed el Sr. Vicente concluye que Cristo fue considerado como un loco. Y dice a las Hijas de la Caridad:<\/p>\n<p>\u00ab<em>Es preciso que sepan, Hermanas, que Nuestro Se\u00f1or quiso experimentar en su propia persona todas las miserias imaginables. Nos dice expresamente la Sagrada Escritura que quiso pasar por esc\u00e1ndalo para los jud\u00edos y por locura para los gentiles, para se\u00f1alarles a ustedes que pueden servirle en todos los pobres atribulados. Por eso quiso entrar en ese estado, para santificarlo lo mismo que a todos los dem\u00e1s. Es menester que sepan ustedes que \u00c9l est\u00e1 en esos pobres privados de raz\u00f3n lo mismo que en todos los dem\u00e1s. Con esta persuasi\u00f3n tienen que servirles y, cuando vayan a verlos, al\u00e9grense y digan dentro de ustedes mismas: \u00abMe acerco a esos pobres para honrar en sus personas a la persona de Nuestro Se\u00f1or; voy a ver en ellos la sabidur\u00eda encarnada de Dios, que quiso pasar por tal, sin serlo efectivamente<\/em>\u00ab.<span id='easy-footnote-23-21509' class='easy-footnote-margin-adjust'><\/span><span class='easy-footnote'><a href='http:\/\/vincentians.com\/es\/al-servicio-de-los-dementes\/#easy-footnote-bottom-23-21509' title='X.125\/IX.750'><sup>23<\/sup><\/a><\/span>\n<p>El Sr. Vicente est\u00e1 tambi\u00e9n fuertemente impresionado por los versiculos 3, 21-23 de Marcos: \u00ab<em>Vuelve a casa&#8230;Se enteraron sus parientes, y fueron a hacerse cargo de \u00e9l, pues dec\u00edan: \u00abEst\u00e1 fuera de s\u00ed<\/em>\u00ab.<span id='easy-footnote-24-21509' class='easy-footnote-margin-adjust'><\/span><span class='easy-footnote'><a href='http:\/\/vincentians.com\/es\/al-servicio-de-los-dementes\/#easy-footnote-bottom-24-21509' title='Mc 3,21'><sup>24<\/sup><\/a><\/span>\n<p>El Sr. Vicente piensa que el servicio de los enfermos mentales es tanto m\u00e1s meritorio cuanto que esos enfermos no pueden manifestar su agradecimiento.<\/p>\n<h2><strong>4. Es necesario trabajar sobre la base de la relaciones humanas.<\/strong><\/h2>\n<p>Desde hace a\u00f1os celebro los domingos la Eucarist\u00eda en una instituci\u00f3n dedicada a enfermos mentales. \u00bfC\u00f3mo se puede aplicar la doctrina vicenciana sobre los dementes en la pr\u00e1ctica pastoral?<\/p>\n<p>Es un gozo para mi trabajar para tales personas, porque realmente es una obra vicenciana.<\/p>\n<p>En tiempos del Sr. Vicente no exist\u00edan medicinas para tranquilizar a los enfermos mentales. Por <strong>lo que cuenta el Sr. Vicente<\/strong>, y especialmente por la comparaci\u00f3n que hace con Jes\u00fas (\u00abin frenesim ductus est\u00bb), podemos deducir que los pensionarios alienados de San L\u00e1zaro estaban a veces fren\u00e9ticos y muy dif\u00edciles. Quiz\u00e1 sea esa la raz\u00f3n por la que el Sr. Vicente dijo de esos hombres que no pueden manifestar agradecimiento. Mi experiencia personal me demuestra que no se puede ciertamente generalizar esa observaci\u00f3n.<\/p>\n<p>Pero debo reconocer que la idea : <strong>encuentro a Cristo en esas personas, <\/strong>no est\u00e1 viva en m\u00ed. Cuando acude uno con regularidad donde ellos, entonces eso le resulta por s\u00ed mismo un medio ordinario: lo que uno halla en la sociedad de fuera tambi\u00e9n se ve en la vida de una instituci\u00f3n de esa clase. Hay personas amables, hay personas que desean el contacto, pero hay tambi\u00e9n personas dif\u00edciles y problem\u00e1ticas.<\/p>\n<p>Con mucha frecuencia pienso (lo digo con toda la reserva necesaria), que hay miembros del personal que trabajan con la idea de que esos <strong>alienados son unos hombres que, como los dem\u00e1s, tienen el derecho a llevar una vida buena. <\/strong>Siento una gran admiraci\u00f3n por los enfermeros y enfermeras, que trabajan diariamente por los enfermos mentales y no comprendo su perseverancia en ese servicio. En el plano humano veo cosas bellas, particularmente cuando muere un enfermo. Cuanto m\u00e1s necesidad ha tenido el paciente de la atenci\u00f3n del personal, tanto m\u00e1s fuerte es la relaci\u00f3n que se manifiesta entre los enfermeros y el enfermo mental. Esa relaci\u00f3n queda rota con la muerte y en estos casos esperan una palabra de consuelo del capell\u00e1n.<\/p>\n<p>Mi conclusi\u00f3n personal es \u00e9sta: <strong>Es imposible trabajar muchos a\u00f1os por los dementes partiendo de un fundamento humano. <\/strong>\u00bfO es que yo en ese caso me enga\u00f1o acerca de los motivos m\u00e1s profundos del personal que veo trabajar desde hace a\u00f1os?<\/p>\n<p>Sin embargo, he aqu\u00ed mi dificultad con la doctrina vicenciana, que no es la del Evangelio. Los tarados mentales quieren ser tratados en el plano humano, se les debe considerar como hombres. El enfermo quiere ser ayudado, porque es una persona humana, con sus virtudes y sus defectos. No puedo rebajarlos a la condici\u00f3n de objetos para mi encuentro con Cristo.<\/p>\n<p>\u00bfC\u00f3mo puedo esquivar esta dificultad? Es necesaria una unidad entre la base humana y la base de la fe. Por experiencia s\u00e9 que debo buscar la causa en m\u00ed mismo, cuando me muestro impaciente para con los enfermos mentales, porque ellos exigen siempre la misma cosa, me cuentan siempre las mismas historias, no me dejan un poco de reposo antes del servicio eucar\u00edstico. Entonces yo compruebo en m\u00ed mismo la necesidad de meditar las palabras de Jes\u00fas: \u00ab<em>En verdad os digo que cuanto hic\u00edsteis a uno de estos hermanos m\u00edos m\u00e1s peque\u00f1os, a M\u00ed me lo hic\u00edsteis<\/em>\u00ab.<span id='easy-footnote-25-21509' class='easy-footnote-margin-adjust'><\/span><span class='easy-footnote'><a href='http:\/\/vincentians.com\/es\/al-servicio-de-los-dementes\/#easy-footnote-bottom-25-21509' title='Mt 25,40'><sup>25<\/sup><\/a><\/span>\n<p>Mas en el plano vicenciano, tengo la convicci\u00f3n de que se debe completar la doctrina del Sr. Vicente en el encuentro con Cristo con la doctrina sobre la misericordia. Seg\u00fan \u00e9l la misericordia es el fruto de la caridad:<\/p>\n<p>\u00ab<em>Consiste en no ver sufrir a nadie sin sufrir con \u00e9l, no ver llorar a nadie, sin llorar con \u00e9l. Se trata de un acto de amor que hace entrar a los corazones unos en otros, para que sientan lo mismo, lejos de aqu\u00e9llos que no sienten ninguna pena por el dolor de los afligidos, ni por el sufrimiento de los pobres<\/em>\u00ab.<span id='easy-footnote-26-21509' class='easy-footnote-margin-adjust'><\/span><span class='easy-footnote'><a href='http:\/\/vincentians.com\/es\/al-servicio-de-los-dementes\/#easy-footnote-bottom-26-21509' title='XII.270\/IX.560'><sup>26<\/sup><\/a><\/span>\n<p>A mi parecer, la caridad debe ser completada por su fruto: la misericordia, para encontrar verdaderamente una persona en el plano humano y otra en el de la fe.<\/p>\n<p>Personalmente me siento mucho m\u00e1s conmovido por la idea del Sr. Vicente de que Cristo tambi\u00e9n ha santificado este estado. \u00c9sto es para m\u00ed un medio mucho m\u00e1s eficaz estar y trabajar entre esas personas con un esp\u00edritu evang\u00e9lico.<\/p>\n<h2><strong>5.<\/strong> <strong>Celebrar la Eucarist\u00eda para los enfermos mentales.<\/strong><\/h2>\n<p>Es un privilegio decir la Misa para los enfermos mentales. Ellos te ense\u00f1an la manera de celebrarla bien. Cierta vez cont\u00e9 una historia profana, como ejemplo, en la homil\u00eda. Uno de los enfermos grit\u00f3 en alta voz: \u00ab<em>Usted debe hablar de Jes\u00fas<\/em>\u00ab. Es un signo de lo que ellos esperan del celebrante. Despu\u00e9s segu\u00ed fielmente aquel consejo.<\/p>\n<p>Lo que la liturgia significa para estas personas, se aprende cuando se le debe dar la unci\u00f3n de enfermos a un moribundo. Ellos recuerdan las palabras que has dicho de Jes\u00fas: Jes\u00fas es tu amigo, t\u00fa eres el amigo de Jes\u00fas. Jes\u00fas ha sido bueno para los enfermos, ahora te vengo a traer la medicina de Jes\u00fas para los enfermos, para que te hagas fuerte con la fuerza de Jes\u00fas.<\/p>\n<p>Sabemos por experiencia que todo el a\u00f1o lit\u00fargico es una gran catequesis sobre Jesucristo: su nacimiento, su pasi\u00f3n, muerte y resurrecci\u00f3n, su ascensi\u00f3n. Aparece bien claro en la tradici\u00f3n vicenciana su preocupaci\u00f3n porque los enfermos mentales sepan algo acerca de las grandes verdades de la fe por medio de los misterios celebrados durante el a\u00f1o lit\u00fargico. Resulta conmovedor cuando los enfermos vienen a venerar la cruz en una liturgia adaptada del Viernes Santo. Lo hacen a su manera, pero con unos signos que expresan su fe y su amistad por Jes\u00fas doliente. Y cuando se enciende el cirio pascual con una ceremonia sencilla, la siguen con toda su atenci\u00f3n.<\/p>\n<p>Celebrar la eucaristia para los dementes no siempre resulta una fiesta. Tambi\u00e9n se dan momentos en que se necesita una gran paciencia, sobre todo en oto\u00f1o, cuando caen las hojas de los \u00e1rboles.<\/p>\n<p>Un capell\u00e1n necesita el apoyo de una comisi\u00f3n lit\u00fargica, de la que forman parte algunos enfermeros y enfermeras. \u00c9stos te orientan para resolver las dificultades, para adaptar perfectamente la liturgia a las necesidades de los alienados, quienes te hacen conocer los deseos existentes para celebrar bien los santos misterios. Por una parte, el capell\u00e1n se hace con la experiencia de que necesita de los laicos para ser un buen celebrante, pero por otra, \u00absiente\u00bb que es, para los enfermos mentales, verdaderamente el representante de la Iglesia. Por ejemplo, es a \u00e9l a quien ellos conf\u00edan sus intenciones para la plegaria universal.<\/p>\n<h2><strong>6. <\/strong><strong>Dejarse evangelizar por los enfermos mentales.<\/strong><\/h2>\n<p>Cuando se predica la homil\u00eda para los dementes uno est\u00e1 obligado a hablar muy sencillamente. Y cada vez tiene uno m\u00e1s experiencia de que el Evangelio es sencillo. Est\u00e1 uno obligado a explicar lo esencial del Evangelio. Jes\u00fas predic\u00f3 a base de im\u00e1genes y de ejemplos tomados de la vida cotidiana. Cuanto m\u00e1s se siguen los relatos vivos del Se\u00f1or, tanto m\u00e1s se puede llevar a los enfermos junto a \u00c9l. Se aprende que el Evangelio est\u00e1 destinado a los sencillos de coraz\u00f3n, pues son ellos quienes escuchan las palabras de Jes\u00fas, quienes las desean, quienes tratan de vivirlas en s\u00ed mismos. Ese es el regalo que te hacen los enfermos mentales: se debe ser peque\u00f1o, para que las palabras de Jes\u00fas sean tambi\u00e9n para t\u00ed palabras de vida.<\/p>\n<h2><strong>7. Conclusi\u00f3n.<\/strong><\/h2>\n<p>El 29 de mayo de 1654 el Sr. Vicente escribi\u00f3 una carta a Juan Barreau. El original est\u00e1 s\u00f3lo firmado por \u00e9l. Pero como el Sr. Vicente es muy delicado, le a\u00f1adi\u00f3, de su propia mano, la postdata siguiente, que viene a ser como un resumen de su doctrina y de su disposici\u00f3n para con los enfermos mentales:<\/p>\n<p>\u00ab<em>Su se\u00f1or hermano, el procurador, ha ca\u00eddo enfermo con una enfermedad por la que su otro hermano y su cu\u00f1ado han cre\u00eddo conveniente, por consejo de los dem\u00e1s parientes, que lo recibamos en San L\u00e1zaro; as\u00ed lo haremos. Hemos de honrar a Nuestro Se\u00f1or en el estado en que se encontraba, cuando intentaron atarlo diciendo de \u00e9l: \u00abquoniam in frenesim versus est\u00bb,<\/em><span id='easy-footnote-27-21509' class='easy-footnote-margin-adjust'><\/span><span class='easy-footnote'><a href='http:\/\/vincentians.com\/es\/al-servicio-de-los-dementes\/#easy-footnote-bottom-27-21509' title='Coste a\u00f1ade la nota siguiente: El texto escritur\u00edstico dice \u00ab&lt;em&gt;quoniam in furorem versus est&lt;\/em&gt;\u00ab(Mc 3,21); el santo ha cambiado una palabra para destacar mejor su pensamiento.'><sup>27<\/sup><\/a><\/span><em> a fin de santificar dicho estado en aqu\u00e9llos que su divina Providencia habr\u00eda de situar en \u00e9l. Est\u00e9 usted seguro de que lo cuidaremos lo mejor posible; acepte conformar su voluntad en todo \u00e9sto con la de Nuestro Se\u00f1or, lo mismo que hace usted en todas las dem\u00e1s cosas<\/em> \u00ab.<span id='easy-footnote-28-21509' class='easy-footnote-margin-adjust'><\/span><span class='easy-footnote'><a href='http:\/\/vincentians.com\/es\/al-servicio-de-los-dementes\/#easy-footnote-bottom-28-21509' title='V.146\/135'><sup>28<\/sup><\/a><\/span>\n","protected":false},"excerpt":{"rendered":"<p>En su prefacio para la traducci\u00f3n inglesa de la biograf\u00eda del Sr. Vicente por Abelly, el P. Stafford Poole, a pesar de algunas reservas, dice que ese trabajo es para nosotros fundamental, \u00fanico e indispensable, &#8230; <a href=\"http:\/\/vincentians.com\/es\/al-servicio-de-los-dementes\/\" class=\"more-link\">Read More<\/a><\/p>\n","protected":false},"author":4,"featured_media":400778,"comment_status":"open","ping_status":"open","sticky":false,"template":"","format":"standard","meta":{"jetpack_post_was_ever_published":false,"_jetpack_newsletter_access":"","_jetpack_dont_email_post_to_subs":false,"_jetpack_newsletter_tier_id":0,"_jetpack_memberships_contains_paywalled_content":false,"_jetpack_memberships_contains_paid_content":false,"footnotes":"","jetpack_publicize_message":"","jetpack_publicize_feature_enabled":true,"jetpack_social_post_already_shared":true,"jetpack_social_options":{"image_generator_settings":{"template":"highway","default_image_id":0,"font":"","enabled":false},"version":2}},"categories":[28],"tags":[218,175,145,143],"class_list":["post-21509","post","type-post","status-publish","format-standard","has-post-thumbnail","hentry","category-formacion-vicenciana","tag-abelly","tag-folleville","tag-gannes","tag-san-lazaro"],"yoast_head":"<!-- This site is optimized with the Yoast SEO plugin v26.3 - https:\/\/yoast.com\/wordpress\/plugins\/seo\/ -->\n<title>Al Servicio de los dementes - Somos Vicencianos<\/title>\n<meta name=\"robots\" content=\"index, follow, max-snippet:-1, max-image-preview:large, max-video-preview:-1\" \/>\n<link rel=\"canonical\" href=\"http:\/\/vincentians.com\/es\/al-servicio-de-los-dementes\/\" \/>\n<meta property=\"og:locale\" content=\"es_ES\" \/>\n<meta property=\"og:type\" content=\"article\" \/>\n<meta property=\"og:title\" content=\"Al Servicio de los dementes - Somos Vicencianos\" \/>\n<meta property=\"og:description\" content=\"En su prefacio para la traducci\u00f3n inglesa de la biograf\u00eda del Sr. Vicente por Abelly, el P. Stafford Poole, a pesar de algunas reservas, dice que ese trabajo es para nosotros fundamental, \u00fanico e indispensable, ... Read More\" \/>\n<meta property=\"og:url\" content=\"http:\/\/vincentians.com\/es\/al-servicio-de-los-dementes\/\" \/>\n<meta property=\"og:site_name\" content=\"Somos Vicencianos\" \/>\n<meta property=\"article:publisher\" content=\"https:\/\/www.facebook.com\/WeAreVincentians\/\" \/>\n<meta property=\"article:author\" content=\"https:\/\/www.facebook.com\/JavierChento\" \/>\n<meta property=\"article:published_time\" content=\"2018-09-14T09:25:21+00:00\" \/>\n<meta property=\"og:image\" content=\"https:\/\/i0.wp.com\/vincentians.com\/es\/wp-content\/uploads\/sites\/11\/2017\/04\/vicente-y-eucaristia.jpg?fit=1200%2C630\" \/>\n\t<meta property=\"og:image:width\" content=\"1200\" \/>\n\t<meta property=\"og:image:height\" content=\"630\" \/>\n\t<meta property=\"og:image:type\" content=\"image\/jpeg\" \/>\n<meta name=\"author\" content=\"Francisco Javier Fern\u00e1ndez Chento\" \/>\n<meta name=\"twitter:card\" content=\"summary_large_image\" \/>\n<meta name=\"twitter:creator\" content=\"@https:\/\/twitter.com\/javierchento\" \/>\n<meta name=\"twitter:site\" content=\"@WeVincentians\" \/>\n<meta name=\"twitter:label1\" content=\"Escrito por\" \/>\n\t<meta name=\"twitter:data1\" content=\"Francisco Javier Fern\u00e1ndez Chento\" \/>\n\t<meta name=\"twitter:label2\" content=\"Tiempo de lectura\" \/>\n\t<meta name=\"twitter:data2\" content=\"17 minutos\" \/>\n<script type=\"application\/ld+json\" class=\"yoast-schema-graph\">{\"@context\":\"https:\/\/schema.org\",\"@graph\":[{\"@type\":\"Article\",\"@id\":\"http:\/\/vincentians.com\/es\/al-servicio-de-los-dementes\/#article\",\"isPartOf\":{\"@id\":\"http:\/\/vincentians.com\/es\/al-servicio-de-los-dementes\/\"},\"author\":{\"name\":\"Francisco Javier Fern\u00e1ndez Chento\",\"@id\":\"https:\/\/vincentians.com\/es\/#\/schema\/person\/9623ef4d9aa3b2dfb8c061f1499288f2\"},\"headline\":\"Al Servicio de los dementes\",\"datePublished\":\"2018-09-14T09:25:21+00:00\",\"mainEntityOfPage\":{\"@id\":\"http:\/\/vincentians.com\/es\/al-servicio-de-los-dementes\/\"},\"wordCount\":3334,\"commentCount\":1,\"publisher\":{\"@id\":\"https:\/\/vincentians.com\/es\/#organization\"},\"image\":{\"@id\":\"http:\/\/vincentians.com\/es\/al-servicio-de-los-dementes\/#primaryimage\"},\"thumbnailUrl\":\"https:\/\/i0.wp.com\/vincentians.com\/es\/wp-content\/uploads\/sites\/11\/2017\/04\/vicente-y-eucaristia.jpg?fit=1200%2C630\",\"keywords\":[\"Abelly\",\"Folleville\",\"Gannes\",\"San L\u00e1zaro\"],\"articleSection\":[\"Formaci\u00f3n Vicenciana\"],\"inLanguage\":\"es\",\"potentialAction\":[{\"@type\":\"CommentAction\",\"name\":\"Comment\",\"target\":[\"http:\/\/vincentians.com\/es\/al-servicio-de-los-dementes\/#respond\"]}]},{\"@type\":\"WebPage\",\"@id\":\"http:\/\/vincentians.com\/es\/al-servicio-de-los-dementes\/\",\"url\":\"http:\/\/vincentians.com\/es\/al-servicio-de-los-dementes\/\",\"name\":\"Al Servicio de los dementes - Somos Vicencianos\",\"isPartOf\":{\"@id\":\"https:\/\/vincentians.com\/es\/#website\"},\"primaryImageOfPage\":{\"@id\":\"http:\/\/vincentians.com\/es\/al-servicio-de-los-dementes\/#primaryimage\"},\"image\":{\"@id\":\"http:\/\/vincentians.com\/es\/al-servicio-de-los-dementes\/#primaryimage\"},\"thumbnailUrl\":\"https:\/\/i0.wp.com\/vincentians.com\/es\/wp-content\/uploads\/sites\/11\/2017\/04\/vicente-y-eucaristia.jpg?fit=1200%2C630\",\"datePublished\":\"2018-09-14T09:25:21+00:00\",\"breadcrumb\":{\"@id\":\"http:\/\/vincentians.com\/es\/al-servicio-de-los-dementes\/#breadcrumb\"},\"inLanguage\":\"es\",\"potentialAction\":[{\"@type\":\"ReadAction\",\"target\":[\"http:\/\/vincentians.com\/es\/al-servicio-de-los-dementes\/\"]}]},{\"@type\":\"ImageObject\",\"inLanguage\":\"es\",\"@id\":\"http:\/\/vincentians.com\/es\/al-servicio-de-los-dementes\/#primaryimage\",\"url\":\"https:\/\/i0.wp.com\/vincentians.com\/es\/wp-content\/uploads\/sites\/11\/2017\/04\/vicente-y-eucaristia.jpg?fit=1200%2C630\",\"contentUrl\":\"https:\/\/i0.wp.com\/vincentians.com\/es\/wp-content\/uploads\/sites\/11\/2017\/04\/vicente-y-eucaristia.jpg?fit=1200%2C630\",\"width\":1200,\"height\":630},{\"@type\":\"BreadcrumbList\",\"@id\":\"http:\/\/vincentians.com\/es\/al-servicio-de-los-dementes\/#breadcrumb\",\"itemListElement\":[{\"@type\":\"ListItem\",\"position\":1,\"name\":\"Portada\",\"item\":\"https:\/\/vincentians.com\/es\/\"},{\"@type\":\"ListItem\",\"position\":2,\"name\":\"Al Servicio de los dementes\"}]},{\"@type\":\"WebSite\",\"@id\":\"https:\/\/vincentians.com\/es\/#website\",\"url\":\"https:\/\/vincentians.com\/es\/\",\"name\":\"Somos Vicencianos\",\"description\":\"Know more to serve more\",\"publisher\":{\"@id\":\"https:\/\/vincentians.com\/es\/#organization\"},\"potentialAction\":[{\"@type\":\"SearchAction\",\"target\":{\"@type\":\"EntryPoint\",\"urlTemplate\":\"https:\/\/vincentians.com\/es\/?s={search_term_string}\"},\"query-input\":{\"@type\":\"PropertyValueSpecification\",\"valueRequired\":true,\"valueName\":\"search_term_string\"}}],\"inLanguage\":\"es\"},{\"@type\":\"Organization\",\"@id\":\"https:\/\/vincentians.com\/es\/#organization\",\"name\":\"The Vincentian Network\",\"url\":\"https:\/\/vincentians.com\/es\/\",\"logo\":{\"@type\":\"ImageObject\",\"inLanguage\":\"es\",\"@id\":\"https:\/\/vincentians.com\/es\/#\/schema\/logo\/image\/\",\"url\":\"https:\/\/i1.wp.com\/vincentians.com\/es\/wp-content\/uploads\/sites\/11\/2016\/06\/Vincentian-Network-logo-big.png?fit=778%2C778\",\"contentUrl\":\"https:\/\/i1.wp.com\/vincentians.com\/es\/wp-content\/uploads\/sites\/11\/2016\/06\/Vincentian-Network-logo-big.png?fit=778%2C778\",\"width\":778,\"height\":778,\"caption\":\"The Vincentian Network\"},\"image\":{\"@id\":\"https:\/\/vincentians.com\/es\/#\/schema\/logo\/image\/\"},\"sameAs\":[\"https:\/\/www.facebook.com\/WeAreVincentians\/\",\"https:\/\/x.com\/WeVincentians\"]},{\"@type\":\"Person\",\"@id\":\"https:\/\/vincentians.com\/es\/#\/schema\/person\/9623ef4d9aa3b2dfb8c061f1499288f2\",\"name\":\"Francisco Javier Fern\u00e1ndez Chento\",\"image\":{\"@type\":\"ImageObject\",\"inLanguage\":\"es\",\"@id\":\"https:\/\/vincentians.com\/es\/#\/schema\/person\/image\/\",\"url\":\"https:\/\/secure.gravatar.com\/avatar\/497d5cde87b4c3d097d0315953521681ba2cd523ee66e5077c3711f7021e65de?s=96&d=mm&r=g\",\"contentUrl\":\"https:\/\/secure.gravatar.com\/avatar\/497d5cde87b4c3d097d0315953521681ba2cd523ee66e5077c3711f7021e65de?s=96&d=mm&r=g\",\"caption\":\"Francisco Javier Fern\u00e1ndez Chento\"},\"description\":\"Director General y cofundador de La Red de Formaci\u00f3n Vicenciana. Javier es laico vicenciano, afiliado a la Congregaci\u00f3n de la Misi\u00f3n y miembro del Equipo de Misiones Populares de la provincia can\u00f3nica de Zaragoza (Espa\u00f1a) de la Congregaci\u00f3n de la Misi\u00f3n. Graduado en la Universidad Oberta de Catalunya con cuatro grados (Asistente de direcci\u00f3n, Gesti\u00f3n Administrativa, Recursos Humanos y Contabilidad Avanzada). Bil\u00edng\u00fce Espa\u00f1ol\/Ingl\u00e9s. gestiona y mantiene varias p\u00e1ginas web cristianas y vicencianas, incluida including La Red de Formaci\u00f3n Vicenciana, de la que es cofundador. Actualmente es responsable del \u00e1rea de Espa\u00f1ol de .famvin, la Red de Noticias de la Familia Vicenciana. Tambi\u00e9n es m\u00fasico cat\u00f3lico y ha editado varios discos. Es Director General y cofundador de Trovador, una reconocida compa\u00f1\u00eda discogr\u00e1fica critiana de Espa\u00f1a. Trabaja en las Tecnolog\u00edas de la Informaci\u00f3n, ofreciendo servicios de alojamiento, dise\u00f1o y mantenimiento Web, as\u00ed como asesoramiento, formaci\u00f3n y soluciones inform\u00e1ticas, gesti\u00f3n documental y digitalizaci\u00f3n de textos, edici\u00f3n y maquetaci\u00f3n de libros, revistas, flyers, etc.\",\"sameAs\":[\"http:\/\/chento.org\",\"https:\/\/www.facebook.com\/JavierChento\",\"https:\/\/x.com\/https:\/\/twitter.com\/javierchento\"],\"url\":\"http:\/\/vincentians.com\/es\/author\/chento\/\"}]}<\/script>\n<!-- \/ Yoast SEO plugin. -->","yoast_head_json":{"title":"Al Servicio de los dementes - Somos Vicencianos","robots":{"index":"index","follow":"follow","max-snippet":"max-snippet:-1","max-image-preview":"max-image-preview:large","max-video-preview":"max-video-preview:-1"},"canonical":"http:\/\/vincentians.com\/es\/al-servicio-de-los-dementes\/","og_locale":"es_ES","og_type":"article","og_title":"Al Servicio de los dementes - Somos Vicencianos","og_description":"En su prefacio para la traducci\u00f3n inglesa de la biograf\u00eda del Sr. Vicente por Abelly, el P. Stafford Poole, a pesar de algunas reservas, dice que ese trabajo es para nosotros fundamental, \u00fanico e indispensable, ... Read More","og_url":"http:\/\/vincentians.com\/es\/al-servicio-de-los-dementes\/","og_site_name":"Somos Vicencianos","article_publisher":"https:\/\/www.facebook.com\/WeAreVincentians\/","article_author":"https:\/\/www.facebook.com\/JavierChento","article_published_time":"2018-09-14T09:25:21+00:00","og_image":[{"width":1200,"height":630,"url":"https:\/\/i0.wp.com\/vincentians.com\/es\/wp-content\/uploads\/sites\/11\/2017\/04\/vicente-y-eucaristia.jpg?fit=1200%2C630","type":"image\/jpeg"}],"author":"Francisco Javier Fern\u00e1ndez Chento","twitter_card":"summary_large_image","twitter_creator":"@https:\/\/twitter.com\/javierchento","twitter_site":"@WeVincentians","twitter_misc":{"Escrito por":"Francisco Javier Fern\u00e1ndez Chento","Tiempo de lectura":"17 minutos"},"schema":{"@context":"https:\/\/schema.org","@graph":[{"@type":"Article","@id":"http:\/\/vincentians.com\/es\/al-servicio-de-los-dementes\/#article","isPartOf":{"@id":"http:\/\/vincentians.com\/es\/al-servicio-de-los-dementes\/"},"author":{"name":"Francisco Javier Fern\u00e1ndez Chento","@id":"https:\/\/vincentians.com\/es\/#\/schema\/person\/9623ef4d9aa3b2dfb8c061f1499288f2"},"headline":"Al Servicio de los dementes","datePublished":"2018-09-14T09:25:21+00:00","mainEntityOfPage":{"@id":"http:\/\/vincentians.com\/es\/al-servicio-de-los-dementes\/"},"wordCount":3334,"commentCount":1,"publisher":{"@id":"https:\/\/vincentians.com\/es\/#organization"},"image":{"@id":"http:\/\/vincentians.com\/es\/al-servicio-de-los-dementes\/#primaryimage"},"thumbnailUrl":"https:\/\/i0.wp.com\/vincentians.com\/es\/wp-content\/uploads\/sites\/11\/2017\/04\/vicente-y-eucaristia.jpg?fit=1200%2C630","keywords":["Abelly","Folleville","Gannes","San L\u00e1zaro"],"articleSection":["Formaci\u00f3n Vicenciana"],"inLanguage":"es","potentialAction":[{"@type":"CommentAction","name":"Comment","target":["http:\/\/vincentians.com\/es\/al-servicio-de-los-dementes\/#respond"]}]},{"@type":"WebPage","@id":"http:\/\/vincentians.com\/es\/al-servicio-de-los-dementes\/","url":"http:\/\/vincentians.com\/es\/al-servicio-de-los-dementes\/","name":"Al Servicio de los dementes - Somos Vicencianos","isPartOf":{"@id":"https:\/\/vincentians.com\/es\/#website"},"primaryImageOfPage":{"@id":"http:\/\/vincentians.com\/es\/al-servicio-de-los-dementes\/#primaryimage"},"image":{"@id":"http:\/\/vincentians.com\/es\/al-servicio-de-los-dementes\/#primaryimage"},"thumbnailUrl":"https:\/\/i0.wp.com\/vincentians.com\/es\/wp-content\/uploads\/sites\/11\/2017\/04\/vicente-y-eucaristia.jpg?fit=1200%2C630","datePublished":"2018-09-14T09:25:21+00:00","breadcrumb":{"@id":"http:\/\/vincentians.com\/es\/al-servicio-de-los-dementes\/#breadcrumb"},"inLanguage":"es","potentialAction":[{"@type":"ReadAction","target":["http:\/\/vincentians.com\/es\/al-servicio-de-los-dementes\/"]}]},{"@type":"ImageObject","inLanguage":"es","@id":"http:\/\/vincentians.com\/es\/al-servicio-de-los-dementes\/#primaryimage","url":"https:\/\/i0.wp.com\/vincentians.com\/es\/wp-content\/uploads\/sites\/11\/2017\/04\/vicente-y-eucaristia.jpg?fit=1200%2C630","contentUrl":"https:\/\/i0.wp.com\/vincentians.com\/es\/wp-content\/uploads\/sites\/11\/2017\/04\/vicente-y-eucaristia.jpg?fit=1200%2C630","width":1200,"height":630},{"@type":"BreadcrumbList","@id":"http:\/\/vincentians.com\/es\/al-servicio-de-los-dementes\/#breadcrumb","itemListElement":[{"@type":"ListItem","position":1,"name":"Portada","item":"https:\/\/vincentians.com\/es\/"},{"@type":"ListItem","position":2,"name":"Al Servicio de los dementes"}]},{"@type":"WebSite","@id":"https:\/\/vincentians.com\/es\/#website","url":"https:\/\/vincentians.com\/es\/","name":"Somos Vicencianos","description":"Know more to serve more","publisher":{"@id":"https:\/\/vincentians.com\/es\/#organization"},"potentialAction":[{"@type":"SearchAction","target":{"@type":"EntryPoint","urlTemplate":"https:\/\/vincentians.com\/es\/?s={search_term_string}"},"query-input":{"@type":"PropertyValueSpecification","valueRequired":true,"valueName":"search_term_string"}}],"inLanguage":"es"},{"@type":"Organization","@id":"https:\/\/vincentians.com\/es\/#organization","name":"The Vincentian Network","url":"https:\/\/vincentians.com\/es\/","logo":{"@type":"ImageObject","inLanguage":"es","@id":"https:\/\/vincentians.com\/es\/#\/schema\/logo\/image\/","url":"https:\/\/i1.wp.com\/vincentians.com\/es\/wp-content\/uploads\/sites\/11\/2016\/06\/Vincentian-Network-logo-big.png?fit=778%2C778","contentUrl":"https:\/\/i1.wp.com\/vincentians.com\/es\/wp-content\/uploads\/sites\/11\/2016\/06\/Vincentian-Network-logo-big.png?fit=778%2C778","width":778,"height":778,"caption":"The Vincentian Network"},"image":{"@id":"https:\/\/vincentians.com\/es\/#\/schema\/logo\/image\/"},"sameAs":["https:\/\/www.facebook.com\/WeAreVincentians\/","https:\/\/x.com\/WeVincentians"]},{"@type":"Person","@id":"https:\/\/vincentians.com\/es\/#\/schema\/person\/9623ef4d9aa3b2dfb8c061f1499288f2","name":"Francisco Javier Fern\u00e1ndez Chento","image":{"@type":"ImageObject","inLanguage":"es","@id":"https:\/\/vincentians.com\/es\/#\/schema\/person\/image\/","url":"https:\/\/secure.gravatar.com\/avatar\/497d5cde87b4c3d097d0315953521681ba2cd523ee66e5077c3711f7021e65de?s=96&d=mm&r=g","contentUrl":"https:\/\/secure.gravatar.com\/avatar\/497d5cde87b4c3d097d0315953521681ba2cd523ee66e5077c3711f7021e65de?s=96&d=mm&r=g","caption":"Francisco Javier Fern\u00e1ndez Chento"},"description":"Director General y cofundador de La Red de Formaci\u00f3n Vicenciana. Javier es laico vicenciano, afiliado a la Congregaci\u00f3n de la Misi\u00f3n y miembro del Equipo de Misiones Populares de la provincia can\u00f3nica de Zaragoza (Espa\u00f1a) de la Congregaci\u00f3n de la Misi\u00f3n. Graduado en la Universidad Oberta de Catalunya con cuatro grados (Asistente de direcci\u00f3n, Gesti\u00f3n Administrativa, Recursos Humanos y Contabilidad Avanzada). Bil\u00edng\u00fce Espa\u00f1ol\/Ingl\u00e9s. gestiona y mantiene varias p\u00e1ginas web cristianas y vicencianas, incluida including La Red de Formaci\u00f3n Vicenciana, de la que es cofundador. Actualmente es responsable del \u00e1rea de Espa\u00f1ol de .famvin, la Red de Noticias de la Familia Vicenciana. Tambi\u00e9n es m\u00fasico cat\u00f3lico y ha editado varios discos. Es Director General y cofundador de Trovador, una reconocida compa\u00f1\u00eda discogr\u00e1fica critiana de Espa\u00f1a. Trabaja en las Tecnolog\u00edas de la Informaci\u00f3n, ofreciendo servicios de alojamiento, dise\u00f1o y mantenimiento Web, as\u00ed como asesoramiento, formaci\u00f3n y soluciones inform\u00e1ticas, gesti\u00f3n documental y digitalizaci\u00f3n de textos, edici\u00f3n y maquetaci\u00f3n de libros, revistas, flyers, etc.","sameAs":["http:\/\/chento.org","https:\/\/www.facebook.com\/JavierChento","https:\/\/x.com\/https:\/\/twitter.com\/javierchento"],"url":"http:\/\/vincentians.com\/es\/author\/chento\/"}]}},"jetpack_publicize_connections":[],"jetpack_featured_media_url":"https:\/\/i0.wp.com\/vincentians.com\/es\/wp-content\/uploads\/sites\/11\/2017\/04\/vicente-y-eucaristia.jpg?fit=1200%2C630","jetpack_sharing_enabled":true,"jetpack_shortlink":"https:\/\/wp.me\/p7ETMF-5AV","jetpack-related-posts":[{"id":101815,"url":"http:\/\/vincentians.com\/es\/vida-del-senor-vicente-de-paul-nota-bibliografica-2\/","url_meta":{"origin":21509,"position":0},"title":"Vida del Se\u00f1or Vicente de Pa\u00fal: Nota bibliogr\u00e1fica","author":"Francisco Javier Fern\u00e1ndez Chento","date":"21\/05\/2015","format":false,"excerpt":"Nota bibliogr\u00e1fica Esta biograf\u00eda de san Vicente de Pa\u00fal se dedica a la memoria de Pierre Coste, C.M. (1873-1935), sin cuyo trabajo previo no hubiera podido ser escrita. Coste recogi\u00f3 pacientemente y public\u00f3 en trece vol\u00famenes pr\u00e1cticamente todos los es\u00adcritos procedentes de Vicente de Pa\u00fal o que se refieren a\u2026","rel":"","context":"En \u00abVicente de Pa\u00fal\u00bb","block_context":{"text":"Vicente de Pa\u00fal","link":"http:\/\/vincentians.com\/es\/category\/la-familia-vicenciana\/fundadores\/vicente-de-paul\/"},"img":{"alt_text":"sanvibiblia","src":"https:\/\/i0.wp.com\/vicencianos.org\/wp-content\/2012\/08\/sanvibiblia-300x300.png?resize=350%2C200","width":350,"height":200},"classes":[]},{"id":121635,"url":"http:\/\/vincentians.com\/es\/san-vicente-de-paul-y-los-gondi-00-prefacio\/","url_meta":{"origin":21509,"position":1},"title":"San Vicente de Pa\u00fal y los Gondi: 00 Prefacio","author":"Francisco Javier Fern\u00e1ndez Chento","date":"31\/12\/2013","format":false,"excerpt":"Prefacio Los historiadores antiguos y modernos de san Vicente de Pa\u00fal. - Publicaci\u00f3n de su correspondencia - Documentos in\u00e9ditos del Oratorio y de los archivos del Ministerio de Asuntos exteriores. Dos siglos despu\u00e9s, ser\u00eda dif\u00edcil citar a un hombre ilustre, por grande que fuera su fama, cuya vida haya sido\u2026","rel":"","context":"En \u00abVicente de Pa\u00fal\u00bb","block_context":{"text":"Vicente de Pa\u00fal","link":"http:\/\/vincentians.com\/es\/category\/la-familia-vicenciana\/fundadores\/vicente-de-paul\/"},"img":{"alt_text":"Felipe-Manuel de Gondi","src":"https:\/\/i0.wp.com\/vicencianos.org\/wp-content\/2013\/12\/Felipe-Manuel_de_Gondi-185x300.jpg?resize=350%2C200","width":350,"height":200},"classes":[]},{"id":119883,"url":"http:\/\/vincentians.com\/es\/identificacion-de-jesucristo-con-el-pobre-epilogo-y-bibliografia\/","url_meta":{"origin":21509,"position":2},"title":"Identificaci\u00f3n de Jesucristo con el pobre. Ep\u00edlogo y Bibliograf\u00eda","author":"Francisco Javier Fern\u00e1ndez Chento","date":"17\/02\/2015","format":false,"excerpt":"Ep\u00edlogo Estos breves cap\u00edtulos habr\u00e1n bastado a demostrar c\u00f3mo San Vicente comprendi\u00f3 la verdad m\u00edstica de la identifica\u00adci\u00f3n de Jes\u00fas con 'los m\u00e1s peque\u00f1os'. Hemos visto primeramente la orientaci\u00f3n marcada de la espiritualidad del Santo hacia la persona de Jesucristo, tendencia propia de la escuela francesa de su tiempo. Despu\u00e9s\u2026","rel":"","context":"En \u00abFormaci\u00f3n Vicenciana\u00bb","block_context":{"text":"Formaci\u00f3n Vicenciana","link":"http:\/\/vincentians.com\/es\/category\/formacion-vicenciana\/"},"img":{"alt_text":"","src":"","width":0,"height":0},"classes":[]},{"id":24568,"url":"http:\/\/vincentians.com\/es\/estudio-vicente-de-paul-en-zaragoza-quinta-y-ultima-parte\/","url_meta":{"origin":21509,"position":3},"title":"\u00bfEstudi\u00f3 Vicente de Pa\u00fal en Zaragoza? (Quinta y \u00faltima parte)","author":"Francisco Javier Fern\u00e1ndez Chento","date":"25\/08\/2013","format":false,"excerpt":"Conclusi\u00f3n: \u00bfPor qu\u00e9 no Zaragoza? Ciertamente estudi\u00f3 all\u00ed un a\u00f1o: ten\u00eda parientes en las cercan\u00edas; evoca muchas veces a media voz este recuerdo; entonces, \u00bfpor qu\u00e9 no hubo proyectos al respecto? Cierto, no porque \u00e9l no lo deseara, sino que tiene por principio nunca solicitar establecimientos, sino s\u00f3lo responder a\u2026","rel":"","context":"En \u00abVicente de Pa\u00fal\u00bb","block_context":{"text":"Vicente de Pa\u00fal","link":"http:\/\/vincentians.com\/es\/category\/la-familia-vicenciana\/fundadores\/vicente-de-paul\/"},"img":{"alt_text":"","src":"https:\/\/i0.wp.com\/vicencianos.org\/wp-content\/2010\/12\/el_pilar_zaragoza-300x202.jpg?resize=350%2C200","width":350,"height":200},"classes":[]},{"id":398639,"url":"http:\/\/vincentians.com\/es\/aportacion-del-carisma-vicenciano-la-mision-la-iglesia-3\/","url_meta":{"origin":21509,"position":4},"title":"Aportaci\u00f3n del carisma vicenciano a la Misi\u00f3n de la Iglesia (3)","author":"Francisco Javier Fern\u00e1ndez Chento","date":"06\/08\/2016","format":false,"excerpt":"3.- La participaci\u00f3n de los laicos, y particularmente de la mujer, en la Misi\u00f3n de los ap\u00f3stoles. Los bi\u00f3grafos de San Vicente de Pa\u00fal y de Santa Luisa de Marillac destacan su importante contribuci\u00f3n a la promoci\u00f3n de los laicos, y particularmente de la mujer, al apostolado en la Iglesia.\u2026","rel":"","context":"En \u00abFormaci\u00f3n Vicenciana\u00bb","block_context":{"text":"Formaci\u00f3n Vicenciana","link":"http:\/\/vincentians.com\/es\/category\/formacion-vicenciana\/"},"img":{"alt_text":"","src":"https:\/\/i0.wp.com\/vincentians.com\/es\/wp-content\/uploads\/sites\/11\/2016\/06\/contributions-charism.jpg?fit=1200%2C630&resize=350%2C200","width":350,"height":200,"srcset":"https:\/\/i0.wp.com\/vincentians.com\/es\/wp-content\/uploads\/sites\/11\/2016\/06\/contributions-charism.jpg?fit=1200%2C630&resize=350%2C200 1x, https:\/\/i0.wp.com\/vincentians.com\/es\/wp-content\/uploads\/sites\/11\/2016\/06\/contributions-charism.jpg?fit=1200%2C630&resize=525%2C300 1.5x, https:\/\/i0.wp.com\/vincentians.com\/es\/wp-content\/uploads\/sites\/11\/2016\/06\/contributions-charism.jpg?fit=1200%2C630&resize=700%2C400 2x, https:\/\/i0.wp.com\/vincentians.com\/es\/wp-content\/uploads\/sites\/11\/2016\/06\/contributions-charism.jpg?fit=1200%2C630&resize=1050%2C600 3x"},"classes":[]},{"id":50668,"url":"http:\/\/vincentians.com\/es\/san-vicente-paul-biografia-00-introduccion\/","url_meta":{"origin":21509,"position":5},"title":"San Vicente de Pa\u00fal, biograf\u00eda: 00 &#8211; Introducci\u00f3n","author":"Francisco Javier Fern\u00e1ndez Chento","date":"11\/03\/2012","format":false,"excerpt":"Presentaci\u00f3n \u00a0Los bosques y la niebla siempre desafiar\u00e1n la naturaleza inquisitiva del hombre. De San Vicente de Pa\u00fal se ha dicho que sus obras lo rodean como un bosque y su humildad lo envuelve como una niebla. Por ese bosque y por esa niebla nos conduce valientemente el P. Jos\u00e9\u2026","rel":"","context":"En \u00abVicente de Pa\u00fal\u00bb","block_context":{"text":"Vicente de Pa\u00fal","link":"http:\/\/vincentians.com\/es\/category\/la-familia-vicenciana\/fundadores\/vicente-de-paul\/"},"img":{"alt_text":"","src":"https:\/\/i0.wp.com\/vincentians.com\/es\/wp-content\/uploads\/sites\/11\/2016\/07\/Saint-Vincent-de-Paul-a-biography.jpg?fit=1200%2C630&resize=350%2C200","width":350,"height":200,"srcset":"https:\/\/i0.wp.com\/vincentians.com\/es\/wp-content\/uploads\/sites\/11\/2016\/07\/Saint-Vincent-de-Paul-a-biography.jpg?fit=1200%2C630&resize=350%2C200 1x, https:\/\/i0.wp.com\/vincentians.com\/es\/wp-content\/uploads\/sites\/11\/2016\/07\/Saint-Vincent-de-Paul-a-biography.jpg?fit=1200%2C630&resize=525%2C300 1.5x, https:\/\/i0.wp.com\/vincentians.com\/es\/wp-content\/uploads\/sites\/11\/2016\/07\/Saint-Vincent-de-Paul-a-biography.jpg?fit=1200%2C630&resize=700%2C400 2x, https:\/\/i0.wp.com\/vincentians.com\/es\/wp-content\/uploads\/sites\/11\/2016\/07\/Saint-Vincent-de-Paul-a-biography.jpg?fit=1200%2C630&resize=1050%2C600 3x"},"classes":[]}],"_links":{"self":[{"href":"http:\/\/vincentians.com\/es\/wp-json\/wp\/v2\/posts\/21509","targetHints":{"allow":["GET"]}}],"collection":[{"href":"http:\/\/vincentians.com\/es\/wp-json\/wp\/v2\/posts"}],"about":[{"href":"http:\/\/vincentians.com\/es\/wp-json\/wp\/v2\/types\/post"}],"author":[{"embeddable":true,"href":"http:\/\/vincentians.com\/es\/wp-json\/wp\/v2\/users\/4"}],"replies":[{"embeddable":true,"href":"http:\/\/vincentians.com\/es\/wp-json\/wp\/v2\/comments?post=21509"}],"version-history":[{"count":1,"href":"http:\/\/vincentians.com\/es\/wp-json\/wp\/v2\/posts\/21509\/revisions"}],"predecessor-version":[{"id":401883,"href":"http:\/\/vincentians.com\/es\/wp-json\/wp\/v2\/posts\/21509\/revisions\/401883"}],"wp:featuredmedia":[{"embeddable":true,"href":"http:\/\/vincentians.com\/es\/wp-json\/wp\/v2\/media\/400778"}],"wp:attachment":[{"href":"http:\/\/vincentians.com\/es\/wp-json\/wp\/v2\/media?parent=21509"}],"wp:term":[{"taxonomy":"category","embeddable":true,"href":"http:\/\/vincentians.com\/es\/wp-json\/wp\/v2\/categories?post=21509"},{"taxonomy":"post_tag","embeddable":true,"href":"http:\/\/vincentians.com\/es\/wp-json\/wp\/v2\/tags?post=21509"}],"curies":[{"name":"wp","href":"https:\/\/api.w.org\/{rel}","templated":true}]}}