{"id":21433,"date":"2015-02-02T09:10:24","date_gmt":"2015-02-02T08:10:24","guid":{"rendered":"http:\/\/somos.vicencianos.org\/vicencianos\/?p=21433"},"modified":"2015-02-02T09:10:24","modified_gmt":"2015-02-02T08:10:24","slug":"las-asociaciones-de-la-familia-vicenciana-dimension-juridica-eclesial","status":"publish","type":"post","link":"http:\/\/vincentians.com\/es\/las-asociaciones-de-la-familia-vicenciana-dimension-juridica-eclesial\/","title":{"rendered":"Las asociaciones de la Familia Vicenciana: dimensi\u00f3n jur\u00eddica eclesial"},"content":{"rendered":"<h2><strong>I. El derecho asociativo en la Iglesia<\/strong><\/h2>\n<h3><strong> 1. El derecho de asociaci\u00f3n<\/strong><\/h3>\n<p><a href=\"https:\/\/i0.wp.com\/vicencianos.org\/wp-content\/2010\/12\/arbol-vicenciano.jpg\"><img data-recalc-dims=\"1\" loading=\"lazy\" decoding=\"async\" class=\"alignright size-medium wp-image-22850\" title=\"arbol-vicenciano\" src=\"https:\/\/i0.wp.com\/vicencianos.org\/wp-content\/2010\/12\/arbol-vicenciano-215x300.jpg?resize=215%2C300\" alt=\"\" width=\"215\" height=\"300\" \/><\/a>Forma parte del derecho de todos los fieles. A este prop\u00f3sito es clara la afirmaci\u00f3n de principio del C\u00f3digo de Derecho Can\u00f3nico en el c. 215: \u00abLos fieles tienen facultad de fundar y dirigir asociaciones para fines de caridad o de piedad, o para fomentar la vocaci\u00f3n cristiana en el mundo; y tambi\u00e9n a reunirse para conseguir en com\u00fan esos mismos fines\u00bb.<\/p>\n<p>Se trata de un derecho com\u00fan a todos los fieles, que despu\u00e9s se recuerda al hablar expl\u00edcitamente de los fieles laicos (c. 225, \u00a71) y se confirma de nuevo para todos al inicio del tratado sobre las asociaciones de fieles en el c. 299, \u00a71.<\/p>\n<p>Es importante recordar que el derecho a asociarse est\u00e1 en relaci\u00f3n con la consecuci\u00f3n de la <em>finalidad eclesial<\/em>, es decir, conforme con la naturaleza de la Iglesia, como precisa el c. 298, \u00a71, que habla de fomentar una vida m\u00e1s perfecta, promover el culto p\u00fablico, o la doctrina cristiana, o realizar otras actividades de apostolado, a saber, iniciativas para la evangelizaci\u00f3n, el ejercicio de obras de piedad o de caridad y la animaci\u00f3n con esp\u00edritu cristiano del orden temporal.<\/p>\n<h3><strong>2. Varios tipos de asociaciones seg\u00fan la legislaci\u00f3n eclesi\u00e1stica<\/strong><\/h3>\n<p>2.1. Se dice, ante todo, que <em>las denominaciones<\/em> que el fen\u00f3meno asociativo ha ido asumiendo son m\u00faltiples. La Nota pastoral de la Conferencia Episcopal Italiana (CEI) del 22 de mayo de 1981 (por lo tanto, anterior a la promulgaci\u00f3n del C\u00f3digo) sobre \u00abCriterios de eclesialidad\u00bb de los Grupos, Movimientos y Asociaciones de fieles en la Iglesia\u00bb hablaba de asociaciones, movimientos, grupos, sociedades, comunidades<span id='easy-footnote-1-21433' class='easy-footnote-margin-adjust'><\/span><span class='easy-footnote'><a href='http:\/\/vincentians.com\/es\/las-asociaciones-de-la-familia-vicenciana-dimension-juridica-eclesial\/#easy-footnote-bottom-1-21433' title='Cf.. el texto en &lt;em&gt;Enchiridion CEI&lt;\/em&gt; 3\/587-612. Despu\u00e9s de la promulgaci\u00f3n del C\u00f3digo de Derecho Can\u00f3nico en 1983 y la Exhortaci\u00f3n apost\u00f3lica \u00abChristifideles laici\u00bb del 30 de diciembre de 1988, la Comisi\u00f3n episcopal para los laicos de la CEI public\u00f3 el 20 de abril de 1993 una nueva Nota pastoral sobre \u00abLas asociaciones laicas en la Iglesia\u00bb (en &lt;em&gt;Enchiridion CEI&lt;\/em&gt;5\/1544-1621).'><sup>1<\/sup><\/a><\/span>. El C\u00f3digo, en cambio, usa siempre el t\u00e9rmino \u00abconsociatio\u00bb, es decir, \u00abasociaciones\u00bb, y hace una descripci\u00f3n en el c. 298, \u00a71: \u00abExisten en la Iglesia asociaciones distintas de los institutos de vida consagrada y de las sociedades de vida apost\u00f3lica, en las que los fieles, cl\u00e9rigos o laicos, o cl\u00e9rigos y laicos trabajando unidos, buscan fomentar una vida m\u00e1s perfecta, promover el culto p\u00fablico, o de la doctrina cristiana, o realizar otras actividades de apostolado, a saber, iniciativas para la evangelizaci\u00f3n, el ejercicio de obras de piedad o de caridad y la animaci\u00f3n con esp\u00edritu cristiano del orden temporal\u00bb.<\/p>\n<p>2.2. Dentro de la denominaci\u00f3n jur\u00eddica \u00fanica de la realidad asociativa hay una <em>distinci\u00f3n fundamental entre asociaciones publicas y asociaciones privadas: <\/em><\/p>\n<p>&#8211; <em>P\u00fablicas<\/em> son \u00ablas asociaciones erigidas por la autoridad eclesi\u00e1stica que, en la consecuci\u00f3n de los fines institucionales de la Iglesia, entran a formar parte de su estructura jer\u00e1rquica y act\u00faan en nombre de la misma autoridad\u00bb<span id='easy-footnote-2-21433' class='easy-footnote-margin-adjust'><\/span><span class='easy-footnote'><a href='http:\/\/vincentians.com\/es\/las-asociaciones-de-la-familia-vicenciana-dimension-juridica-eclesial\/#easy-footnote-bottom-2-21433' title='Giuliani Paolo, &lt;em&gt;La distinci\u00f3n entre asociaciones p\u00fablicas y privadas de fieles en el nuevo C\u00f3digo de Derecho Can\u00f3nico,&lt;\/em&gt; Roma 1986, p. 208; Cf. y p. 217. Seg\u00fan una interpretaci\u00f3n com\u00fanmente aceptada la expresi\u00f3n cl\u00e1sica \u00abagere nomine ecclesiae\u00bb se entiende como \u00abagere nomine auctoritatis ecclesiasticae\u00bb. El autor a\u00f1ade dos consideraciones importantes: la primera que \u00abel t\u00e9rmino &lt;em&gt;p\u00fablico&lt;\/em&gt; significa &lt;em&gt;j&lt;\/em&gt;&lt;em&gt;er\u00e1rquico&lt;\/em&gt; porque hace referencia a la autoridad p\u00fablica y a su actividad\u00bb. La segunda que \u00abla definici\u00f3n dada de las asociaciones p\u00fablicas implica la afirmaci\u00f3n de la incidencia real de la finalidad en su determinaci\u00f3n. La autoridad eclesi\u00e1stica no puede por tanto constituir asociaciones con cualquier finalidad, sino s\u00f3lo asociaciones que, seg\u00fan el can. 301, \u00a71, pretendan, en su nombre, fines institucionales, es decir, los fines que s\u00f3lo a ella le competen\u00bb. Pero esto parece contradecir el \u00a7 2 del can. 301. Por lo que el autor sostiene \u00abla conveniencia de que la autoridad no aplique dicho p\u00e1rrafo, promoviendo m\u00e1s bien que instituyendo asociaciones de fieles con las mismas finalidades de las asociaciones privadas\u2026\u00bb (p. 208).'><sup>2<\/sup><\/a><\/span>. A esta definici\u00f3n se llega uniendo lo que dice el c. 301 \u00a73, que habla de erecci\u00f3n por la autoridad eclesi\u00e1stica competente (criterio subjetivo), y los \u00a7\u00a71 y 2 del mismo canon, que indican una lista de los fines para los cuales dichas asociaciones pueden ser erigidas (criterio objetivo).<\/p>\n<p>Las asociaciones p\u00fablicas quedan constituida en persona jur\u00eddica en virtud del decreto de erecci\u00f3n (c. 313)<span id='easy-footnote-3-21433' class='easy-footnote-margin-adjust'><\/span><span class='easy-footnote'><a href='http:\/\/vincentians.com\/es\/las-asociaciones-de-la-familia-vicenciana-dimension-juridica-eclesial\/#easy-footnote-bottom-3-21433' title='Para m\u00e1s informaci\u00f3n sobre las personas jur\u00eddicas, sobre su naturaleza, constituciones, derechos y deberes, modo de actuar etc., Cf. los cc. 113 \u00a72, y 114-123.'><sup>3<\/sup><\/a><\/span>. Se trata, naturalmente, de personalidad jur\u00eddica p\u00fablica.<\/p>\n<p>De todo ello se puede \u00abdeducir que en la realidad el n\u00famero de las asociaciones p\u00fablicas debiera ser muy exiguo\u00bb<span id='easy-footnote-4-21433' class='easy-footnote-margin-adjust'><\/span><span class='easy-footnote'><a href='http:\/\/vincentians.com\/es\/las-asociaciones-de-la-familia-vicenciana-dimension-juridica-eclesial\/#easy-footnote-bottom-4-21433' title='Giuliani P., &lt;em&gt;o.c.&lt;\/em&gt;, p. 210.'><sup>4<\/sup><\/a><\/span>. En la pr\u00e1ctica, el C\u00f3digo de 1983 ha restringido los fines de las asociaciones p\u00fablicas, \u00abdej\u00e1ndoles concretamente una modesta posibilidad de existencia\u00bb<span id='easy-footnote-5-21433' class='easy-footnote-margin-adjust'><\/span><span class='easy-footnote'><a href='http:\/\/vincentians.com\/es\/las-asociaciones-de-la-familia-vicenciana-dimension-juridica-eclesial\/#easy-footnote-bottom-5-21433' title='Giuliani P., &lt;em&gt;o.c.&lt;\/em&gt;, p. 218. El autor se reconoce incapaz de indicar el nombre de alguna asociaci\u00f3n p\u00fablica, poniendo en duda incluso el que sea p\u00fablica una asociaci\u00f3n declarada como tal en el decreto de erecci\u00f3n.'><sup>5<\/sup><\/a><\/span>.<\/p>\n<p>&#8211; <em>Privadas<\/em> son las constituidas mediante un acuerdo privado de los fieles (c. 299, \u00a71) (criterio subjetivo) para la consecuci\u00f3n de fines que les competen (criterio objetivo). Esas asociaciones se llaman privadas aunque hayan sido alabadas o recomendadas por la autoridad eclesi\u00e1stica. (c. 299, \u00a7\u00a72 y 3) aunque tengan estatutos aprobados por la autoridad eclesi\u00e1stica y gocen de personalidad jur\u00eddica (c. 322). Aunque permaneciendo siempre sujetas a la vigilancia de la autoridad eclesi\u00e1stica, las asociaciones privadas gozan de una amplia autonom\u00eda interna y act\u00faan siempre en nombre propio<span id='easy-footnote-6-21433' class='easy-footnote-margin-adjust'><\/span><span class='easy-footnote'><a href='http:\/\/vincentians.com\/es\/las-asociaciones-de-la-familia-vicenciana-dimension-juridica-eclesial\/#easy-footnote-bottom-6-21433' title='Cf. la definici\u00f3n precisa de asociaci\u00f3n privada en Giuliani P., &lt;em&gt;o.c.&lt;\/em&gt;, p. 217. La ya citada Nota pastoral CEI de 1993 distingue entre asociaciones privadas \u00abde hecho\u00bb, asociaciones privadas reconocidas por la autoridad, asociaciones p\u00fablicas, detallando incluso las condiciones para el reconocimiento (&lt;em&gt;Enchiridion CEI&lt;\/em&gt; 5\/1584-1591).'><sup>6<\/sup><\/a><\/span>. Seg\u00fan alg\u00fan autor, se podr\u00edan establecer cinco grados de reconocimiento por la autoridad de las asociaciones, indicando s\u00f3lo en el \u00faltimo las asociaciones p\u00fablicas del C\u00f3digo:<\/p>\n<p>&#8211; asociaciones sobre las que la autoridad no ha expresado juicio (\u00abimplicite recognitae\u00bb);<\/p>\n<p>&#8211; asociaciones loables o recomendadas (\u00ablaudatae vel commendatae\u00bb);<\/p>\n<p>&#8211; asociaciones expresamente reconocidas (\u00abexplicite agnitae\u00bb);<\/p>\n<p>&#8211; asociaciones \u00abelectae et particulari modo promotae\u00bb;<\/p>\n<p>&#8211; asociaciones constituidas directamente por la Jerarqu\u00eda<span id='easy-footnote-7-21433' class='easy-footnote-margin-adjust'><\/span><span class='easy-footnote'><a href='http:\/\/vincentians.com\/es\/las-asociaciones-de-la-familia-vicenciana-dimension-juridica-eclesial\/#easy-footnote-bottom-7-21433' title='Coccopalmerio F., citado por Giuliani P., &lt;em&gt;o. c.,&lt;\/em&gt; p. 157. Entre par\u00e9ntesis he indicado algunas denominaciones usadas por otros autores (cf. pp. 206-207).'><sup>7<\/sup><\/a><\/span>.<\/p>\n<p>2.3. \u00bfC\u00f3mo considerar las asociaciones erigidas bajo la legislaci\u00f3n precedente? Es evidente que con el C\u00f3digo de 1983 se ha pasado a un nuevo r\u00e9gimen de asociaciones de fieles en la Iglesia. Por ello, para clasificar las asociaciones erigidas bajo la precedente legislaci\u00f3n, se deben aplicar los criterios de la nueva legislaci\u00f3n. De aqu\u00ed se deriva que \u00ablas asociaciones <em>erigidas<\/em> por la autoridad eclesi\u00e1stica hasta el 26 de noviembre de 1983 no se han de considerar autom\u00e1ticamente p\u00fablicas, ya que tal terminolog\u00eda era extra\u00f1a al C\u00f3digo de 1917. Al tener que aplicar a dichas asociaciones los criterios del C\u00f3digo de 1983 se deber\u00e1 llegar a que muchas asociaciones <em>erigidas<\/em> \u2013 para nosotros la mayor parte \u2013 deber\u00e1n ser declaradas privadas por la autoridad eclesi\u00e1stica competente\u00bb<span id='easy-footnote-8-21433' class='easy-footnote-margin-adjust'><\/span><span class='easy-footnote'><a href='http:\/\/vincentians.com\/es\/las-asociaciones-de-la-familia-vicenciana-dimension-juridica-eclesial\/#easy-footnote-bottom-8-21433' title='Giuliani P., &lt;em&gt;o.c.&lt;\/em&gt;, p. 217, nota 2. A decir verdad, no es siquiera necesario un pronunciamiento de la autoridad eclesi\u00e1stica: basta aplicar correctamente los criterios indicados por el C\u00f3digo.'><sup>8<\/sup><\/a><\/span>.<\/p>\n<p>2.4. La naturaleza privada de la mayor parte de las asociaciones no debe extra\u00f1arnos ni preocuparnos. Al contrario, esto es totalmente normal, es signo de la iniciativa de los fieles, es expresi\u00f3n de una subsidiariedad vivida. Las categor\u00edas p\u00fablica o privada no son indicio de mayor o menor importancia o valor. El hecho de que una asociaci\u00f3n sea privada y no p\u00fablica no resquebraja su consistencia, no afecta a su eclesialidad. Se trata s\u00f3lo de precisar su identidad, su configuraci\u00f3n. El car\u00e1cter p\u00fablico comporta l\u00f3gicamente un v\u00ednculo m\u00e1s estrecho con la Jerarqu\u00eda y un control m\u00e1s asiduo por parte de la misma: de hecho, la asociaci\u00f3n p\u00fablica es erigida por la Iglesia, realiza fines vinculados por naturaleza a ella y act\u00faa en su nombre.<\/p>\n<p>2.5. No ser\u00e1 superfluo se\u00f1alar que las asociaciones pueden ser: <em>comunes a todos los fieles<\/em>, sean laicos o cl\u00e9rigos (y es el caso habitual); <em>clericales<\/em>, que est\u00e1n bajo la direcci\u00f3n de cl\u00e9rigos, hacen suyo el ejercicio del orden sagrado y son reconocidas como tales por la autoridad competente (c. 302); <em>s\u00f3lo para laicos<\/em> (Cf. cc. 327-329)<span id='easy-footnote-9-21433' class='easy-footnote-margin-adjust'><\/span><span class='easy-footnote'><a href='http:\/\/vincentians.com\/es\/las-asociaciones-de-la-familia-vicenciana-dimension-juridica-eclesial\/#easy-footnote-bottom-9-21433' title='Quiz\u00e1s se podr\u00eda introducir tambi\u00e9n otra subdivisi\u00f3n de las asociaciones seg\u00fan sean de \u00e1mbito de Iglesia universal o de Iglesia particular (internacional, nacional, diocesana, etc.). Sin embargo ser\u00e1 bueno precisar que la internacionalidad de una asociaci\u00f3n no se debe confundir con ser p\u00fablica (cf. Giuliani P., &lt;em&gt;o.c.&lt;\/em&gt;, p. 216, nota 1).'><sup>9<\/sup><\/a><\/span>.<\/p>\n<p>2.6. El C\u00f3digo recuerda tambi\u00e9n aquellas \u00abasociaciones cuyos miembros viviendo en el mundo y participando del esp\u00edritu de un instituto religioso, se dedican al apostolado y buscan la perfecci\u00f3n cristiana bajo la alta direcci\u00f3n de ese instituto\u00bb (c. 303). Se trata de las llamadas \u00f3rdenes terceras.<\/p>\n<p>2.7. Se advierte, finalmente, que compete \u00fanicamente a la autoridad eclesi\u00e1stica conceder a una asociaci\u00f3n el nombre de <em>cat\u00f3lica<\/em> (c. 300).<\/p>\n<h3><strong>3. El asistente eclesi\u00e1stico<\/strong><\/h3>\n<p>Creo que merece la pena decir unas palabras sobre lasmodalidades de elecci\u00f3n del asistente y su funci\u00f3n en la vida de la asociaci\u00f3n.<\/p>\n<p><em> 3.1. Las modalidades de elecci\u00f3n var\u00edan seg\u00fan el tipo de asociaci\u00f3n:<\/em><\/p>\n<ul>\n<li>En las <em>asociaciones p\u00fablicas<\/em> compete a la autoridad eclesi\u00e1stica que nombra al capell\u00e1n o al asistente eclesi\u00e1stico, despu\u00e9s de haber o\u00eddo, cuando sea conveniente, a los oficiales mayores de la asociaci\u00f3n (c. 317, \u00a71);<\/li>\n<li>En las <em>asociaciones privadas<\/em>, el asistente pueden elegirlo libremente, sin embargo este necesita confirmaci\u00f3n del Ordinario del lugar (c. 324, \u00a72);<\/li>\n<li>La norma establecida para las asociaciones p\u00fablicas se aplica tambi\u00e9n a las <em>asociaciones erigidas por miembros de institutos religiosos<\/em> en virtud del privilegio apost\u00f3lico, fuera de sus iglesias o casas; si en cambio se trata de asociaciones erigidas en su propia Iglesia o casa, el nombramiento o la confirmaci\u00f3n del presidente y del capell\u00e1n compete al Superior del Instituto, conforme a la norma de los Estatutos (Cf.. c. 317, \u00a72).<\/li>\n<\/ul>\n<p><em> 3.2. La funci\u00f3n dentro de la asociaci\u00f3n tambi\u00e9n var\u00eda<\/em>, como se dice con los mismos t\u00e9rminos usados para designar esta figura. El C\u00f3digo habla de capell\u00e1n o asistente. La citada Nota de la CEI de 1981 habla de consejeros, consultores y asistentes, a\u00f1adiendo que \u00abesta distinci\u00f3n indica indudablemente una diversa intensidad de v\u00ednculo entre la autoridad eclesi\u00e1stica y la asociaci\u00f3n (m\u00ednima en el caso del consejero, m\u00e1xima en el caso del asistente) y, al mismo tiempo, corresponde al diverso objeto y a las diversas formas que las asociaciones presentan&#8230;\u00bb<span id='easy-footnote-10-21433' class='easy-footnote-margin-adjust'><\/span><span class='easy-footnote'><a href='http:\/\/vincentians.com\/es\/las-asociaciones-de-la-familia-vicenciana-dimension-juridica-eclesial\/#easy-footnote-bottom-10-21433' title='&lt;em&gt;Enchiridion CEI&lt;\/em&gt; 3\/609, nota 9.'><sup>10<\/sup><\/a><\/span>. La Nota CEI de 1993 habla s\u00f3lo de \u00abasistentes o consultores eclesi\u00e1sticos\u00bb (n. 47) y remite al documento \u00abLos sacerdotes en las asociaciones de fieles\u00bb del Consejo Pontificio para los Laicos, de 4 de agosto de 1981<span id='easy-footnote-11-21433' class='easy-footnote-margin-adjust'><\/span><span class='easy-footnote'><a href='http:\/\/vincentians.com\/es\/las-asociaciones-de-la-familia-vicenciana-dimension-juridica-eclesial\/#easy-footnote-bottom-11-21433' title='&lt;em&gt;Enchiridion Vaticanum&lt;\/em&gt; 7\/1344-1383.'><sup>11<\/sup><\/a><\/span>.<\/p>\n<p>M\u00e1s all\u00e1 de los t\u00e9rminos usados, se puede decir que la funci\u00f3n del asistente no es directiva sino, sobre todo, de animaci\u00f3n espiritual y de uni\u00f3n eclesial. Se pueden compartir las expresiones contenidas en el documento final del Encuentro de las AMM de octubre de 2001 en Roma: \u00ab1. El papel del asesor de la AMM es velar por el esp\u00edritu y los fines de la Asociaci\u00f3n, promover la formaci\u00f3n, favorecer relaciones fraternas, mantener una actitud de escucha y facilitar el di\u00e1logo y el discernimiento. 2. La aut\u00e9ntica asesor\u00eda de los grupos de la AMM conlleva el acompa\u00f1amiento a las personas y a los grupos, favoreciendo su crecimiento, su dinamismo y su creatividad. 3. El buen asesor ser\u00e1 siempre un servidor humilde y sencillo\u00bb<span id='easy-footnote-12-21433' class='easy-footnote-margin-adjust'><\/span><span class='easy-footnote'><a href='http:\/\/vincentians.com\/es\/las-asociaciones-de-la-familia-vicenciana-dimension-juridica-eclesial\/#easy-footnote-bottom-12-21433' title='\u00abVincentiana\u00bb 2001, 489-490.'><sup>12<\/sup><\/a><\/span>.<\/p>\n<h2><strong>II. Las asociaciones vicencianas<\/strong><\/h2>\n<h3><strong>1. Asociaci\u00f3n de la Medalla Milagrosa (AMM)<\/strong><\/h3>\n<p><strong>1.1 <\/strong><strong> Camino hist\u00f3rico<\/strong><\/p>\n<p>Una primera \u00abAsociaci\u00f3n de la Santa Medalla de la Inmaculada Concepci\u00f3n\u00bb naci\u00f3 en Par\u00eds y fue aprobada para Par\u00eds por la Santa Sede en 1847. El reconocimiento de la Asociaci\u00f3n en el \u00e1mbito mundial, con la aprobaci\u00f3n de sus fines y sus Estatutos, tuvo lugar el 8 de Julio de 1909 por el Papa San P\u00edo X<span id='easy-footnote-13-21433' class='easy-footnote-margin-adjust'><\/span><span class='easy-footnote'><a href='http:\/\/vincentians.com\/es\/las-asociaciones-de-la-familia-vicenciana-dimension-juridica-eclesial\/#easy-footnote-bottom-13-21433' title='Cf. Shelby C., &lt;em&gt;La Asociaci\u00f3n de la Medalla Milagrosa&lt;\/em&gt;, en \u00abVincentiana\u00bb 1998, 312.'><sup>13<\/sup><\/a><\/span>\n<p>Los Estatutos de la AMM fueron modificados en 1990, y estas modificaciones fueron aprobadas por la Congregaci\u00f3n para los Institutos de Vida Consagrada y las Sociedades de Vida Apost\u00f3lica (CIVCSVA) con decreto de 8 de septiembre de 1990<span id='easy-footnote-14-21433' class='easy-footnote-margin-adjust'><\/span><span class='easy-footnote'><a href='http:\/\/vincentians.com\/es\/las-asociaciones-de-la-familia-vicenciana-dimension-juridica-eclesial\/#easy-footnote-bottom-14-21433' title='cf. \u00abVincentiana\u00bb 1991, 2-4.'><sup>14<\/sup><\/a><\/span>. El 14 de septiembre del mismo a\u00f1o la Congregaci\u00f3n para el Culto Divino y la Disciplina de los Sacramentos aprob\u00f3 los nuevos textos de la Bendici\u00f3n e Imposici\u00f3n de la Medalla de la B. V. Mar\u00eda Inmaculada<span id='easy-footnote-15-21433' class='easy-footnote-margin-adjust'><\/span><span class='easy-footnote'><a href='http:\/\/vincentians.com\/es\/las-asociaciones-de-la-familia-vicenciana-dimension-juridica-eclesial\/#easy-footnote-bottom-15-21433' title='cf. \u00abVincentiana\u00bb 1991, 5-13.'><sup>15<\/sup><\/a><\/span>. Los actuales Estatutos fueron aprobados por la CIVCSVA, con decreto de 19 de febrero de 1998<span id='easy-footnote-16-21433' class='easy-footnote-margin-adjust'><\/span><span class='easy-footnote'><a href='http:\/\/vincentians.com\/es\/las-asociaciones-de-la-familia-vicenciana-dimension-juridica-eclesial\/#easy-footnote-bottom-16-21433' title='cf. \u00abVincentiana\u00bb 1998, 79-82.'><sup>16<\/sup><\/a><\/span>.<\/p>\n<p><strong>1.2 <\/strong><strong> \u00bfDe qu\u00e9 tipo de asociaci\u00f3n se trata?<\/strong><\/p>\n<ul>\n<li>Es una asociaci\u00f3n de fieles: sus <em>Estatutos<\/em> fueron presentados a la suprema autoridad de la Iglesia, que los ha revisado, <em>aprobado<\/em> y ha aprobado tambi\u00e9n las sucesivas modificaciones<span id='easy-footnote-17-21433' class='easy-footnote-margin-adjust'><\/span><span class='easy-footnote'><a href='http:\/\/vincentians.com\/es\/las-asociaciones-de-la-familia-vicenciana-dimension-juridica-eclesial\/#easy-footnote-bottom-17-21433' title='Los Estatutos actuales fueron aprobados por la CIVCSVA \u00bfPor qu\u00e9 no por otro organismo de la Sede Apost\u00f3lica, por ej. El Consejo Pontificio para los Laicos? Probablemente porque se trata de una Asociaci\u00f3n estrechamente vinculada a dos Sociedades de Vida Apost\u00f3lica (CM e Hijas de la Caridad), y es vista casi como procedente de ellas.'><sup>17<\/sup><\/a><\/span>;<\/li>\n<li>Es una asociaci\u00f3n <em>reconocida<\/em> en el \u00e1mbito de Iglesia universal y con ramificaciones en diversas naciones y di\u00f3cesis;<\/li>\n<li>Tiene un <em>fin espiritual<\/em> de devoci\u00f3n a Mar\u00eda, de santificaci\u00f3n de sus miembros y de apostolado de caridad (Art.2);<\/li>\n<li>Su Director General es el Superior General de la CM y de Hijas de la Caridad (Art. 3, \u00a71), al cual compete tambi\u00e9n el nombramiento de los Directores o Presidentes nacionales (Art. 3, \u00a72);<\/li>\n<li>De todo ello me parece poder deducir que, seg\u00fan el Derecho Can\u00f3nico actual, se trata de una <em><em>asociaci\u00f3n privada<\/em><\/em><span id='easy-footnote-18-21433' class='easy-footnote-margin-adjust'><\/span><span class='easy-footnote'><a href='http:\/\/vincentians.com\/es\/las-asociaciones-de-la-familia-vicenciana-dimension-juridica-eclesial\/#easy-footnote-bottom-18-21433' title='Los Estatutos de la AMM de &lt;em&gt;Chile&lt;\/em&gt; (art. 1) afirman que se trata de \u00abuna Asociaci\u00f3n p\u00fablica de la Iglesia, que fue aprobada por el Romano Pont\u00edfice el 8 de julio de 1909\u00bb. \u00bfSe quiere decir p\u00fablica porque fue aprobada por el Romano Pont\u00edfice? \u00bfLa aprobaci\u00f3n pontificia cambia la naturaleza jur\u00eddica privada de una asociaci\u00f3n? En algunos folletos ilustrativos de la AMM de &lt;em&gt;Es&lt;\/em&gt;&lt;em&gt;pa\u00f1a&lt;\/em&gt; se habla de ella como de \u00abasociaci\u00f3n p\u00fablica en la Iglesia, a la cual pueden pertenecer todos los fieles cristianos de cualquier condici\u00f3n\u00bb; all\u00ed se dice \u00abfundada por P\u00edo IX el 21 de junio de 1847\u00bb (pero circunscrita a la Casa Madre-CM de Par\u00eds); se afirma que \u00abel Papa San P\u00edo X, el 8 de Julio de 1909, erigi\u00f3 la Asociaci\u00f3n de la Inmaculada Concepci\u00f3n de la Sagrada Medalla, con car\u00e1cter definitivo y universal, para toda la Iglesia\u00bb. Los Estatutos de &lt;em&gt;M\u00e9xico&lt;\/em&gt; se limitan a decir que es \u00abuna asociaci\u00f3n de laicos cat\u00f3licos y nace de las apariciones de la Virgen a Santa Catalina Labour\u00e9 en el a\u00f1o 1830\u2026; fue aprobada y reconocida para toda la Iglesia\u2026 con el \u00abBreve Dilectus Dei Filius de P\u00edo X el 8 de julio de 1909\u00bb (art. 1\u00b0). Despu\u00e9s, sin embargo, hablan del Breve de P\u00edo X como del \u00abBreve de fundaci\u00f3n\u00bb (art. 1.1.). Deseando atenernos a los Documentos citados, \u00bfqu\u00e9 resulta? que la AMM surgi\u00f3 en Par\u00eds por iniciativa privada de los Sacerdotes de la Misi\u00f3n y de las Hijas de la Caridad, que fue reconocida y aprobada primero para Par\u00eds por P\u00edo IX, despu\u00e9s fue reconocida y aprobada para toda la Iglesia por San P\u00edo X. Me parece que no se puede decir que fue fundada o erigida por un Papa y hablar del Breve de San P\u00edo X como del \u00abBreve de fundaci\u00f3n\u00bb.'><sup>18<\/sup><\/a><\/span><em>.<\/em><\/li>\n<\/ul>\n<p><strong>2. Asociaci\u00f3n Internacional de Caridades (AIC)<\/strong><\/p>\n<p>Se trata de una asociaci\u00f3n internacional de fines filantr\u00f3picos, religiosos y pedag\u00f3gicos, que reagrupa asociaciones o federaciones de asociaciones, femeninas o mixtas, fundadas por San Vicente de Pa\u00fal o que se inspiran en su tradici\u00f3n<span id='easy-footnote-19-21433' class='easy-footnote-margin-adjust'><\/span><span class='easy-footnote'><a href='http:\/\/vincentians.com\/es\/las-asociaciones-de-la-familia-vicenciana-dimension-juridica-eclesial\/#easy-footnote-bottom-19-21433' title='El Art. 1 de los Estatutos dice as\u00ed. La referencia a San Vicente la encontramos tambi\u00e9n en el Art. 3 que, al hablar del fin de la asociaci\u00f3n, dice: \u00abLa AIC tiene por objeto la promoci\u00f3n y el desarrollo de las personas menos favorecidas, la lucha contra las pobrezas y los sufrimientos materiales, f\u00edsicos, morales, espirituales, en cualquier pa\u00eds y a nivel internacional sin discriminaci\u00f3n pol\u00edtica o religiosa. Es as\u00ed testigo de la Caridad de Cristo en la tradici\u00f3n de San Vicente de Pa\u00fal\u00bb.'><sup>19<\/sup><\/a><\/span>. \u00c9sta figura en el n\u00famero de las Organizaciones Internacionales Cat\u00f3licas (OIC.). Sus Estatutos actuales fueron aprobados en la Asamblea de Delegadas de 1985. En ellos no encontramos ninguna referencia al Asistente. En cambio se habla de \u00e9l en el Reglamento Interno de la AIC<span id='easy-footnote-20-21433' class='easy-footnote-margin-adjust'><\/span><span class='easy-footnote'><a href='http:\/\/vincentians.com\/es\/las-asociaciones-de-la-familia-vicenciana-dimension-juridica-eclesial\/#easy-footnote-bottom-20-21433' title='El art\u00edculo 3 del \u00abReglamento Interno\u00bb de la AIC dice: \u00abCon el Consenso del Superior General de la CM y entre varios nombres presentado por la AIC, la Santa Sede nombra un Asistente eclesi\u00e1stico. Su mandato es de tres a\u00f1os, renovable una vez\u00bb.'><sup>20<\/sup><\/a><\/span>. De \u00e9l se habla tambi\u00e9n en los Estatutos y en otras normas de nivel nacional. Pongo el ejemplo de Italia. El \u00abEstatuto de los Grupos de Voluntariado Vicenciano\u00bb<span id='easy-footnote-21-21433' class='easy-footnote-margin-adjust'><\/span><span class='easy-footnote'><a href='http:\/\/vincentians.com\/es\/las-asociaciones-de-la-familia-vicenciana-dimension-juridica-eclesial\/#easy-footnote-bottom-21-21433' title='Los &lt;em&gt;Es&lt;\/em&gt;&lt;em&gt;tatutos &lt;\/em&gt;de los Grupos de Voluntariado Vicenciano, AIC-Italia, aprobado por el Consejo Nacional, el 25 de mayo de 1995.'><sup>21<\/sup><\/a><\/span> se limita a decir que el Voluntariado Vicenciano \u00abobra en comuni\u00f3n con los pastores de la Iglesia; reconoce en el Superior General de la CM al Asistente General de la Asociaci\u00f3n, en los Sacerdotes de la Misi\u00f3n a los animadores de la espiritualidad vicenciana y en las Hijas de la Caridad hist\u00f3ricamente sus colaboradoras naturales\u00bb (Art. 2). Las \u00abNormas internas\u00bb<span id='easy-footnote-22-21433' class='easy-footnote-margin-adjust'><\/span><span class='easy-footnote'><a href='http:\/\/vincentians.com\/es\/las-asociaciones-de-la-familia-vicenciana-dimension-juridica-eclesial\/#easy-footnote-bottom-22-21433' title='&lt;em&gt;Normas internas&lt;\/em&gt; de los Grupos de Voluntariado Vicenciano, AIC-Italia, aprobadas por el Consejo Nacional el 4 de octubre de 1996, con algunas modificaciones del 15 de mayo de 2001.'><sup>22<\/sup><\/a><\/span> en cambio s\u00ed se extienden a hablar del Asistente espiritual. A \u00e9l, \u00abagregado por los Consejos a los diversos niveles\u00bb y \u00abpreferiblemente un Misionero de San Vicente\u00bb, se le conf\u00eda la animaci\u00f3n espiritual de los Grupos (Art. 15). En el \u00e1mbito nacional \u00abel Asistente espiritual es un Misionero de San Vicente, elegido por el Padre General, de acuerdo con el Presidente nacional\u00bb (Art. 16).<\/p>\n<p>En el plano eclesial se debe pensar es una asociaci\u00f3n privada<span id='easy-footnote-23-21433' class='easy-footnote-margin-adjust'><\/span><span class='easy-footnote'><a href='http:\/\/vincentians.com\/es\/las-asociaciones-de-la-familia-vicenciana-dimension-juridica-eclesial\/#easy-footnote-bottom-23-21433' title='Cf. Giuliani P., &lt;em&gt;La distinci\u00f3n entre asociaciones p\u00fablicas y asociaciones privadas de fieles en el nuevo C\u00f3digo de Derecho Can\u00f3nico&lt;\/em&gt;, Roma 1986, p. 209, nota 324.'><sup>23<\/sup><\/a><\/span>. De todos modos, para m\u00e1s informaci\u00f3n sobre el perfil eclesial, debe irse a los or\u00edgenes de la \u00abCofrad\u00eda de la Caridad\u00bb fundada por San Vicente e intensamente inserta en el contexto eclesial a trav\u00e9s de los par\u00e1metros del derecho de entonces<span id='easy-footnote-24-21433' class='easy-footnote-margin-adjust'><\/span><span class='easy-footnote'><a href='http:\/\/vincentians.com\/es\/las-asociaciones-de-la-familia-vicenciana-dimension-juridica-eclesial\/#easy-footnote-bottom-24-21433' title='Cf. Vernaschi A., &lt;em&gt;Una instituci\u00f3n original: las Hijas de la Caridad de San Vicente de Pa\u00fal, e&lt;\/em&gt;n \u00abAnales de la Misi\u00f3n\u00bb 75 (1968), pp. 132, 185-190, donde se consideran los or\u00edgenes de la Cofrad\u00eda de la Caridad y su integraci\u00f3n en los esquemas jur\u00eddicos del tiempo.'><sup>24<\/sup><\/a><\/span>, a toda la tradici\u00f3n que la une de modo particular al apostolado de los Sacerdotes de la Misi\u00f3n y de las Hijas de la Caridad, a las aprobaciones episcopales y pontificias<span id='easy-footnote-25-21433' class='easy-footnote-margin-adjust'><\/span><span class='easy-footnote'><a href='http:\/\/vincentians.com\/es\/las-asociaciones-de-la-familia-vicenciana-dimension-juridica-eclesial\/#easy-footnote-bottom-25-21433' title='El Arzobispo de Par\u00eds hab\u00eda concedido ya a los Sacerdotes de la Misi\u00f3n \u00abpotestatem et facultatem\u2026 erigendi confraternitatem Charitatis in quibus locis utile videbitur, et erectas visitandi\u00bb (SV XIII, 217 \/ ES ES X, 262). La Bula \u00abSalvatoris nostri\u00bb del 12 de enero de 1633, con la que Urbano VIII aprueba la CM, entre sus ministerios enumera la instituci\u00f3n de la Cofrad\u00eda de la Caridad en los diversos lugares donde los Misioneros predican las Misiones: \u00abIn locis ubi catechismi et praedicationis munus exercuerint, confraternitates quas vocant Charitatis, Ordinarii auctoritatae, institui procurent, ut pauperibus aegrotis subveniatur\u2026\u00bb (SV XIII, 260-261 \/ ES X, 309).'><sup>25<\/sup><\/a><\/span>.<\/p>\n<p>La AIC sigue manteniendo un v\u00ednculo especial con la CM y con la Compa\u00f1\u00eda de las Hijas de la Caridad seg\u00fan consta en su Reglamento Interno<span id='easy-footnote-26-21433' class='easy-footnote-margin-adjust'><\/span><span class='easy-footnote'><a href='http:\/\/vincentians.com\/es\/las-asociaciones-de-la-familia-vicenciana-dimension-juridica-eclesial\/#easy-footnote-bottom-26-21433' title='En el art\u00edculo 8 dice: El Superior General de la CM, sucesor de San Vicente de Pa\u00fal, y la Superiora General de la Compa\u00f1\u00eda de las Hijas de la Caridad, son invitados a las reuniones de la Asamblea de Delegadas y tienen voz consultiva. La AIC afirma as\u00ed su fidelidad al esp\u00edritu de su fundador San Vicente de Pa\u00fal&amp;#8230;\u00bb A su vez, el art\u00edculo 14 precisa que los mismos dos Superiores son invitados tambi\u00e9n a las reuniones del Comit\u00e9 Ejecutivo, siempre con voz consultiva&amp;#8230;'><sup>26<\/sup><\/a><\/span>.<\/p>\n<h3><strong>3. Juventud Mariana Vicenciana (JMV)<\/strong><\/h3>\n<p>Los Estatutos actuales afirman que la Asociaci\u00f3n Internacional de la JMV es la nueva forma de la Asociaci\u00f3n de las Hijas de Mar\u00eda Inmaculada que tiene su origen en las Apariciones de la Virgen Mar\u00eda a santa Catalina Labour\u00e9 en 1830 (Art. 1). Esta fue aprobada por el Papa P\u00edo IX con los rescriptos de 20 de junio de 1847 y de 19 de julio de 1850, y confirmada por otras disposiciones de la Santa Sede (Art. 2).<\/p>\n<p>Los mismos Estatutos ponen de relieve el v\u00ednculo especial de la Asociaci\u00f3n con la CM y con la Compa\u00f1\u00eda de las Hijas de la Caridad a trav\u00e9s de la figura del Superior General de las dos Comunidades, al que compete la direcci\u00f3n general (Art. 3), con los consiguientes poderes referentes al nombramiento de un Vicedirector General y de una Consejera General, la confirmaci\u00f3n de los nombramientos en el \u00e1mbito nacional, etc<span id='easy-footnote-27-21433' class='easy-footnote-margin-adjust'><\/span><span class='easy-footnote'><a href='http:\/\/vincentians.com\/es\/las-asociaciones-de-la-familia-vicenciana-dimension-juridica-eclesial\/#easy-footnote-bottom-27-21433' title='El \u00abEstatuto de la Asociaci\u00f3n Mariana\u00bb italiana subraya tambi\u00e9n el v\u00ednculo con las Hijas de la Caridad y con los Sacerdotes de la Misi\u00f3n (Art. 3-6, 15-16, 22, etc.).'><sup>27<\/sup><\/a><\/span>. Las caracter\u00edsticas fundamentales de la JMV son: eclesial, laica, mariana, vicenciana (Art. 5)<span id='easy-footnote-28-21433' class='easy-footnote-margin-adjust'><\/span><span class='easy-footnote'><a href='http:\/\/vincentians.com\/es\/las-asociaciones-de-la-familia-vicenciana-dimension-juridica-eclesial\/#easy-footnote-bottom-28-21433' title='cf. \u00abVincentiana\u00bb 1999, 89-97. Se encuentran las mismas caracter\u00edsticas en la AMM, como surgi\u00f3 en el Encuentro que tuvo lugar en Roma en octubre de 2001.'><sup>28<\/sup><\/a><\/span>.<\/p>\n<p>El \u00abEstatuto de la Asociaci\u00f3n Mariana\u00bb, aprobado para Italia el 25 de enero de 1996 por el P. Robert P. Maloney, Superior General de la Congregaci\u00f3n de la Misi\u00f3n y de las Hijas de la Caridad y Director General de la Asociaci\u00f3n Mariana (ya Hijas de Mar\u00eda Inmaculada), en el Art. 27 dice textualmente: \u00abLa Asociaci\u00f3n, seg\u00fan el C\u00f3digo de Derecho Can\u00f3nico, va catalogada entre las Asociaciones p\u00fablicas de fieles (can. 301 y 312)\u00bb<span id='easy-footnote-29-21433' class='easy-footnote-margin-adjust'><\/span><span class='easy-footnote'><a href='http:\/\/vincentians.com\/es\/las-asociaciones-de-la-familia-vicenciana-dimension-juridica-eclesial\/#easy-footnote-bottom-29-21433' title='Se comprende este modo de expresarse, ya que en el Art.5 se dice que \u00abel 20 de junio de 1847, a petici\u00f3n del Padre Aladel y del Padre Etienne, el Papa P\u00edo IX concede, con rescripto, la erecci\u00f3n can\u00f3nica y la facultad a los Sacerdotes de la Misi\u00f3n y a las Hijas de la Caridad de instituir la Asociaci\u00f3n en sus propias escuelas y talleres, con el t\u00edtulo de la Sant\u00edsima Virgen Inmaculada\u00bb y se cita la p. 253 de la fuente de donde se recoge: la colecci\u00f3n &lt;em&gt;Acta Apostolica in gratiam Congregationis Missionis&lt;\/em&gt;, editada en Par\u00eds en 1876. Sin embargo, aunque hablando de \u00aberecci\u00f3n can\u00f3nica\u00bb, nos encontramos en un contexto diverso al del C\u00f3digo de 1983.'><sup>29<\/sup><\/a><\/span>.<\/p>\n<p>Pero, \u00bfse trata realmente de una Asociaci\u00f3n p\u00fablica en el sentido explicado m\u00e1s arriba (I. 2.2.)? El interrogante es obligatorio. Personalmente soy de opini\u00f3n contraria, bas\u00e1ndome tambi\u00e9n en lo dicho anteriormente en I. 2.3.<\/p>\n<h3><strong>4. Sociedad de San Vicente de Pa\u00fal (SSVP)<\/strong><\/h3>\n<p>Naci\u00f3 como \u00abConferencia de caridad\u00bb en Par\u00eds en 1833 por obra de Federico Ozanam y sus compa\u00f1eros, despu\u00e9s fue llamada \u00abConferencia de San Vicente de Pa\u00fal\u00bb. Desde el 8 de diciembre de 1835 las Conferencias fueron denominadas globalmente \u00abSociedad de San Vicente de Pa\u00fal\u00bb. Los grupos que componen la Sociedad contin\u00faan llam\u00e1ndose \u00abConferencias\u00bb. La Sociedad fue reconocida por la Santa Sede con el Breve Pontificio de Gregorio XVI de 10 de enero de 1845. Los miembros se inspiran en el pensamiento y la obra de San Vicente y se comprometen personalmente, en esp\u00edritu de justicia y de caridad, en favor de los que sufren.<\/p>\n<p>La organizaci\u00f3n de la SSVP, inserta en la Iglesia, prev\u00e9 la participaci\u00f3n frecuente de un miembro del clero en su vida para todo lo referente a los aspectos espirituales y morales. Se le denomina \u00abConsejero espiritual\u00bb. El modo de su nombramiento var\u00eda: los estatutos espa\u00f1oles prev\u00e9n que el Consejero religioso nacional sea nombrado directamente por el Presidente de la SSVP (Art. 43). El \u00abEstatuto de la SSVP\u00bb de Italia establece que en los diversos Consejos (particular, central, regional, nacional) debe \u00abformar parte un sacerdote con la funci\u00f3n de Consejero espiritual\u00bb (Art. 21). En lo que se refiere a su nombramiento, el Art. 41 establece que sea \u00aboportunamente elegido entre los sacerdotes seculares o regulares, de acuerdo con la autoridad religiosa competente\u00bb<span id='easy-footnote-30-21433' class='easy-footnote-margin-adjust'><\/span><span class='easy-footnote'><a href='http:\/\/vincentians.com\/es\/las-asociaciones-de-la-familia-vicenciana-dimension-juridica-eclesial\/#easy-footnote-bottom-30-21433' title='Cf. las noticias y el Estatuto en el &lt;em&gt;Vademecum de lo Vicenciano&lt;\/em&gt;, publicado en julio de 2000 por el Consejo Nacional Italiano de la SSVP.'><sup>30<\/sup><\/a><\/span>. Seg\u00fan los criterios indicados en I. 2.2. y 2.3. se trata de una Asociaci\u00f3n privada de fieles.<\/p>\n<h3><strong>5. Misioneros Seglares Vicencianos (MISEVI)<\/strong><\/h3>\n<p>El Decreto de aprobaci\u00f3n de 7 de abril de 1999 dice expresamente que \u00abla obra llamada <em>Misioneros Laicos Vicencianos<\/em> (MISEVI) es una Asociaci\u00f3n p\u00fablica internacional de fieles que desean compartir el carisma y la espiritualidad de San Vicente de Pa\u00fal, fundador de la CM y de las Hijas de la Caridad, adapt\u00e1ndolos al estado de vida de los miembros de dicha Asociaci\u00f3n\u00bb, y en el Art. 1.1. del Estatuto se afirma que \u00abla Asociaci\u00f3n de Misioneros Laicos Vicencianos (MISEVI) es erigida can\u00f3nicamente como Asociaci\u00f3n P\u00fablica de Fieles con personalidad jur\u00eddica aut\u00f3noma y plena\u00bb<span id='easy-footnote-31-21433' class='easy-footnote-margin-adjust'><\/span><span class='easy-footnote'><a href='http:\/\/vincentians.com\/es\/las-asociaciones-de-la-familia-vicenciana-dimension-juridica-eclesial\/#easy-footnote-bottom-31-21433' title='Cf. \u00abAsociaci\u00f3n Internacional MISEVI\u00bb en \u00abVincentiana\u00bb 1999, 150-159. Cf. la observaci\u00f3n de la nota 17 del presente estudio: el mismo razonamiento se puede hacer tambi\u00e9n para MISEVI.'><sup>31<\/sup><\/a><\/span>.<\/p>\n<p>Es el \u00fanico caso de las asociaciones Vicencianas en que se dice expl\u00edcitamente que se trata de <em>Asociaci\u00f3n p\u00fablica<\/em>. Pero\u2026 \u00bfse trata verdaderamente de Asociaci\u00f3n p\u00fablica en el sentido del C\u00f3digo de 1983? No obstante los t\u00e9rminos expl\u00edcitos del Decreto, el interrogante puede ser leg\u00edtimo bas\u00e1ndose en todas las consideraciones de I. 2.2. y 2.3. Las caracter\u00edsticas de esta Asociaci\u00f3n emergen claramente de los Estatutos, en los que se indican tambi\u00e9n las relaciones (jur\u00eddicas o no) con la FV, en particular con la CM y con la Compa\u00f1\u00eda de las Hijas de la Caridad por medio de la figura del Superior General de ambas Comunidades<span id='easy-footnote-32-21433' class='easy-footnote-margin-adjust'><\/span><span class='easy-footnote'><a href='http:\/\/vincentians.com\/es\/las-asociaciones-de-la-familia-vicenciana-dimension-juridica-eclesial\/#easy-footnote-bottom-32-21433' title='cf. \u00abEstatutos internacionales de los Misioneros Laicos Vicencianos (MISEVI)\u00bb, art. 9 y otras referencias numerosas en varios art\u00edculos.'><sup>32<\/sup><\/a><\/span>.<\/p>\n<h2><strong>Ap\u00e9ndice: algunas anotaciones sobre los estatutos de nuestras asociaciones<\/strong><\/h2>\n<p>Antes de terminar a\u00f1ado algunas anotaciones de orden m\u00e1s bien general relativas a los Estatutos de nuestras Asociaciones: 1.Trat\u00e1ndose de asociaciones internacionales, los Estatutos de algunas asociaciones Vicencianas (AMM, JMV, MISEVI) son presentados por el Superior General de la CM y de la Compa\u00f1\u00eda de las Hijas de la Caridad a la Sede Apost\u00f3lica y por ella aprobados y confirmados. Los Estatutos particulares o nacionales son propuestos al Superior General y por \u00e9l aprobados. No todas las asociaciones tienen el mismo tipo y grado de conexi\u00f3n con el Superior General de la CM y de la Compa\u00f1\u00eda de las Hijas de la Caridad. 2. Como he dicho anteriormente, la aprobaci\u00f3n de los Estatutos por parte de la competente autoridad de la Iglesia no cambia la naturaleza jur\u00eddica de la Asociaci\u00f3n, que permanece privada. 3. En el plano del <em>contenido<\/em> y del <em>e<\/em><em>stilo <\/em>se ha de decirque los Estatutos deber\u00edan ser un texto esencial y por ello breve; un texto estable que se limita a delinear los elementos constitutivos y estables: el fin, el gobierno (la direcci\u00f3n), la pertenencia, los derechos y deberes de los miembros\u2026 El resto, es decir, todo lo que es m\u00e1s de detalle, m\u00e1s particular, m\u00e1s transitorio, estar\u00eda oportunamente colocado en otro texto, ej. Reglamento, Directorio\u2026 Al menos que sea necesario insertar en los Estatutos otros elementos porque sean requeridos por las legislaciones nacionales con el fin de obtener el reconocimiento jur\u00eddico civil y la consiguiente capacidad jur\u00eddica de recibir, poseer y administrar bienes. En este sentido se puede observar que algunos Estatutos Nacionales parecen demasiado detallados, otros por fin demasiado esenciales.<\/p>\n<h2><strong>Conclusi\u00f3n<\/strong><\/h2>\n<p>Los Estatutos son un medio y no un fin: la ley es necesaria para tutelar la vida, pero lo esencial es la vida. Las categor\u00edas p\u00fablica y privada pueden ser de alguna utilidad para configurar la realidad asociativa, pero lo que realmente cuenta es la comuni\u00f3n eclesial y la fecundidad apost\u00f3lica que tal realidad significa y promueve. Con su car\u00e1cter esencialmente eclesial, misionero, mariano y vicenciano, de apostolado, de evangelizaci\u00f3n y de caridad, las Asociaciones Vicencianas han sido, y pueden continuar siendo, un medio siempre sencillo, pero serio y eficaz para la santificaci\u00f3n personal y para la misi\u00f3n de la Iglesia. \u00a1Por ello nos son muy queridas!<\/p>\n","protected":false},"excerpt":{"rendered":"<p>I. El derecho asociativo en la Iglesia 1. El derecho de asociaci\u00f3n Forma parte del derecho de todos los fieles. A este prop\u00f3sito es clara la afirmaci\u00f3n de principio del C\u00f3digo de Derecho Can\u00f3nico en &#8230; <a href=\"http:\/\/vincentians.com\/es\/las-asociaciones-de-la-familia-vicenciana-dimension-juridica-eclesial\/\" class=\"more-link\">Read More<\/a><\/p>\n","protected":false},"author":4,"featured_media":22850,"comment_status":"open","ping_status":"open","sticky":false,"template":"","format":"standard","meta":{"jetpack_post_was_ever_published":false,"_jetpack_newsletter_access":"","_jetpack_dont_email_post_to_subs":false,"_jetpack_newsletter_tier_id":0,"_jetpack_memberships_contains_paywalled_content":false,"_jetpack_memberships_contains_paid_content":false,"footnotes":"","jetpack_publicize_message":"","jetpack_publicize_feature_enabled":true,"jetpack_social_post_already_shared":true,"jetpack_social_options":{"image_generator_settings":{"template":"highway","default_image_id":0,"font":"","enabled":false},"version":2}},"categories":[242],"tags":[161,195,129],"class_list":["post-21433","post","type-post","status-publish","format-standard","has-post-thumbnail","hentry","category-familia-vicenciana-sin-categorizar","tag-etienne","tag-misioneros-seglares","tag-urbano-viii"],"yoast_head":"<!-- This site is optimized with the Yoast SEO plugin v26.3 - https:\/\/yoast.com\/wordpress\/plugins\/seo\/ -->\n<title>Las asociaciones de la Familia Vicenciana: dimensi\u00f3n jur\u00eddica eclesial - Somos Vicencianos<\/title>\n<meta name=\"robots\" content=\"index, follow, max-snippet:-1, max-image-preview:large, max-video-preview:-1\" \/>\n<link rel=\"canonical\" href=\"http:\/\/vincentians.com\/es\/las-asociaciones-de-la-familia-vicenciana-dimension-juridica-eclesial\/\" \/>\n<meta property=\"og:locale\" content=\"es_ES\" \/>\n<meta property=\"og:type\" content=\"article\" \/>\n<meta property=\"og:title\" content=\"Las asociaciones de la Familia Vicenciana: dimensi\u00f3n jur\u00eddica eclesial - Somos Vicencianos\" \/>\n<meta property=\"og:description\" content=\"I. El derecho asociativo en la Iglesia 1. El derecho de asociaci\u00f3n Forma parte del derecho de todos los fieles. A este prop\u00f3sito es clara la afirmaci\u00f3n de principio del C\u00f3digo de Derecho Can\u00f3nico en ... Read More\" \/>\n<meta property=\"og:url\" content=\"http:\/\/vincentians.com\/es\/las-asociaciones-de-la-familia-vicenciana-dimension-juridica-eclesial\/\" \/>\n<meta property=\"og:site_name\" content=\"Somos Vicencianos\" \/>\n<meta property=\"article:publisher\" content=\"https:\/\/www.facebook.com\/WeAreVincentians\/\" \/>\n<meta property=\"article:author\" content=\"https:\/\/www.facebook.com\/JavierChento\" \/>\n<meta property=\"article:published_time\" content=\"2015-02-02T08:10:24+00:00\" \/>\n<meta name=\"author\" content=\"Francisco Javier Fern\u00e1ndez Chento\" \/>\n<meta name=\"twitter:card\" content=\"summary_large_image\" \/>\n<meta name=\"twitter:creator\" content=\"@https:\/\/twitter.com\/javierchento\" \/>\n<meta name=\"twitter:site\" content=\"@WeVincentians\" \/>\n<meta name=\"twitter:label1\" content=\"Escrito por\" \/>\n\t<meta name=\"twitter:data1\" content=\"Francisco Javier Fern\u00e1ndez Chento\" \/>\n\t<meta name=\"twitter:label2\" content=\"Tiempo de lectura\" \/>\n\t<meta name=\"twitter:data2\" content=\"25 minutos\" \/>\n<script type=\"application\/ld+json\" class=\"yoast-schema-graph\">{\"@context\":\"https:\/\/schema.org\",\"@graph\":[{\"@type\":\"Article\",\"@id\":\"http:\/\/vincentians.com\/es\/las-asociaciones-de-la-familia-vicenciana-dimension-juridica-eclesial\/#article\",\"isPartOf\":{\"@id\":\"http:\/\/vincentians.com\/es\/las-asociaciones-de-la-familia-vicenciana-dimension-juridica-eclesial\/\"},\"author\":{\"name\":\"Francisco Javier Fern\u00e1ndez Chento\",\"@id\":\"http:\/\/vincentians.com\/es\/#\/schema\/person\/9623ef4d9aa3b2dfb8c061f1499288f2\"},\"headline\":\"Las asociaciones de la Familia Vicenciana: dimensi\u00f3n jur\u00eddica eclesial\",\"datePublished\":\"2015-02-02T08:10:24+00:00\",\"mainEntityOfPage\":{\"@id\":\"http:\/\/vincentians.com\/es\/las-asociaciones-de-la-familia-vicenciana-dimension-juridica-eclesial\/\"},\"wordCount\":5091,\"commentCount\":0,\"publisher\":{\"@id\":\"http:\/\/vincentians.com\/es\/#organization\"},\"image\":{\"@id\":\"http:\/\/vincentians.com\/es\/las-asociaciones-de-la-familia-vicenciana-dimension-juridica-eclesial\/#primaryimage\"},\"thumbnailUrl\":\"\",\"keywords\":[\"Etienne\",\"Misioneros Seglares\",\"Urbano VIII\"],\"articleSection\":[\"Familia Vicenciana sin categorizar\"],\"inLanguage\":\"es\",\"potentialAction\":[{\"@type\":\"CommentAction\",\"name\":\"Comment\",\"target\":[\"http:\/\/vincentians.com\/es\/las-asociaciones-de-la-familia-vicenciana-dimension-juridica-eclesial\/#respond\"]}]},{\"@type\":\"WebPage\",\"@id\":\"http:\/\/vincentians.com\/es\/las-asociaciones-de-la-familia-vicenciana-dimension-juridica-eclesial\/\",\"url\":\"http:\/\/vincentians.com\/es\/las-asociaciones-de-la-familia-vicenciana-dimension-juridica-eclesial\/\",\"name\":\"Las asociaciones de la Familia Vicenciana: dimensi\u00f3n jur\u00eddica eclesial - Somos Vicencianos\",\"isPartOf\":{\"@id\":\"http:\/\/vincentians.com\/es\/#website\"},\"primaryImageOfPage\":{\"@id\":\"http:\/\/vincentians.com\/es\/las-asociaciones-de-la-familia-vicenciana-dimension-juridica-eclesial\/#primaryimage\"},\"image\":{\"@id\":\"http:\/\/vincentians.com\/es\/las-asociaciones-de-la-familia-vicenciana-dimension-juridica-eclesial\/#primaryimage\"},\"thumbnailUrl\":\"\",\"datePublished\":\"2015-02-02T08:10:24+00:00\",\"breadcrumb\":{\"@id\":\"http:\/\/vincentians.com\/es\/las-asociaciones-de-la-familia-vicenciana-dimension-juridica-eclesial\/#breadcrumb\"},\"inLanguage\":\"es\",\"potentialAction\":[{\"@type\":\"ReadAction\",\"target\":[\"http:\/\/vincentians.com\/es\/las-asociaciones-de-la-familia-vicenciana-dimension-juridica-eclesial\/\"]}]},{\"@type\":\"ImageObject\",\"inLanguage\":\"es\",\"@id\":\"http:\/\/vincentians.com\/es\/las-asociaciones-de-la-familia-vicenciana-dimension-juridica-eclesial\/#primaryimage\",\"url\":\"\",\"contentUrl\":\"\"},{\"@type\":\"BreadcrumbList\",\"@id\":\"http:\/\/vincentians.com\/es\/las-asociaciones-de-la-familia-vicenciana-dimension-juridica-eclesial\/#breadcrumb\",\"itemListElement\":[{\"@type\":\"ListItem\",\"position\":1,\"name\":\"Portada\",\"item\":\"http:\/\/vincentians.com\/es\/\"},{\"@type\":\"ListItem\",\"position\":2,\"name\":\"Las asociaciones de la Familia Vicenciana: dimensi\u00f3n jur\u00eddica eclesial\"}]},{\"@type\":\"WebSite\",\"@id\":\"http:\/\/vincentians.com\/es\/#website\",\"url\":\"http:\/\/vincentians.com\/es\/\",\"name\":\"Somos Vicencianos\",\"description\":\"Know more to serve more\",\"publisher\":{\"@id\":\"http:\/\/vincentians.com\/es\/#organization\"},\"potentialAction\":[{\"@type\":\"SearchAction\",\"target\":{\"@type\":\"EntryPoint\",\"urlTemplate\":\"http:\/\/vincentians.com\/es\/?s={search_term_string}\"},\"query-input\":{\"@type\":\"PropertyValueSpecification\",\"valueRequired\":true,\"valueName\":\"search_term_string\"}}],\"inLanguage\":\"es\"},{\"@type\":\"Organization\",\"@id\":\"http:\/\/vincentians.com\/es\/#organization\",\"name\":\"The Vincentian Network\",\"url\":\"http:\/\/vincentians.com\/es\/\",\"logo\":{\"@type\":\"ImageObject\",\"inLanguage\":\"es\",\"@id\":\"http:\/\/vincentians.com\/es\/#\/schema\/logo\/image\/\",\"url\":\"https:\/\/i1.wp.com\/vincentians.com\/es\/wp-content\/uploads\/sites\/11\/2016\/06\/Vincentian-Network-logo-big.png?fit=778%2C778\",\"contentUrl\":\"https:\/\/i1.wp.com\/vincentians.com\/es\/wp-content\/uploads\/sites\/11\/2016\/06\/Vincentian-Network-logo-big.png?fit=778%2C778\",\"width\":778,\"height\":778,\"caption\":\"The Vincentian Network\"},\"image\":{\"@id\":\"http:\/\/vincentians.com\/es\/#\/schema\/logo\/image\/\"},\"sameAs\":[\"https:\/\/www.facebook.com\/WeAreVincentians\/\",\"https:\/\/x.com\/WeVincentians\"]},{\"@type\":\"Person\",\"@id\":\"http:\/\/vincentians.com\/es\/#\/schema\/person\/9623ef4d9aa3b2dfb8c061f1499288f2\",\"name\":\"Francisco Javier Fern\u00e1ndez Chento\",\"image\":{\"@type\":\"ImageObject\",\"inLanguage\":\"es\",\"@id\":\"http:\/\/vincentians.com\/es\/#\/schema\/person\/image\/\",\"url\":\"https:\/\/secure.gravatar.com\/avatar\/497d5cde87b4c3d097d0315953521681ba2cd523ee66e5077c3711f7021e65de?s=96&d=mm&r=g\",\"contentUrl\":\"https:\/\/secure.gravatar.com\/avatar\/497d5cde87b4c3d097d0315953521681ba2cd523ee66e5077c3711f7021e65de?s=96&d=mm&r=g\",\"caption\":\"Francisco Javier Fern\u00e1ndez Chento\"},\"description\":\"Director General y cofundador de La Red de Formaci\u00f3n Vicenciana. Javier es laico vicenciano, afiliado a la Congregaci\u00f3n de la Misi\u00f3n y miembro del Equipo de Misiones Populares de la provincia can\u00f3nica de Zaragoza (Espa\u00f1a) de la Congregaci\u00f3n de la Misi\u00f3n. Graduado en la Universidad Oberta de Catalunya con cuatro grados (Asistente de direcci\u00f3n, Gesti\u00f3n Administrativa, Recursos Humanos y Contabilidad Avanzada). Bil\u00edng\u00fce Espa\u00f1ol\/Ingl\u00e9s. gestiona y mantiene varias p\u00e1ginas web cristianas y vicencianas, incluida including La Red de Formaci\u00f3n Vicenciana, de la que es cofundador. Actualmente es responsable del \u00e1rea de Espa\u00f1ol de .famvin, la Red de Noticias de la Familia Vicenciana. Tambi\u00e9n es m\u00fasico cat\u00f3lico y ha editado varios discos. Es Director General y cofundador de Trovador, una reconocida compa\u00f1\u00eda discogr\u00e1fica critiana de Espa\u00f1a. Trabaja en las Tecnolog\u00edas de la Informaci\u00f3n, ofreciendo servicios de alojamiento, dise\u00f1o y mantenimiento Web, as\u00ed como asesoramiento, formaci\u00f3n y soluciones inform\u00e1ticas, gesti\u00f3n documental y digitalizaci\u00f3n de textos, edici\u00f3n y maquetaci\u00f3n de libros, revistas, flyers, etc.\",\"sameAs\":[\"http:\/\/chento.org\",\"https:\/\/www.facebook.com\/JavierChento\",\"https:\/\/x.com\/https:\/\/twitter.com\/javierchento\"],\"url\":\"http:\/\/vincentians.com\/es\/author\/chento\/\"}]}<\/script>\n<!-- \/ Yoast SEO plugin. -->","yoast_head_json":{"title":"Las asociaciones de la Familia Vicenciana: dimensi\u00f3n jur\u00eddica eclesial - Somos Vicencianos","robots":{"index":"index","follow":"follow","max-snippet":"max-snippet:-1","max-image-preview":"max-image-preview:large","max-video-preview":"max-video-preview:-1"},"canonical":"http:\/\/vincentians.com\/es\/las-asociaciones-de-la-familia-vicenciana-dimension-juridica-eclesial\/","og_locale":"es_ES","og_type":"article","og_title":"Las asociaciones de la Familia Vicenciana: dimensi\u00f3n jur\u00eddica eclesial - Somos Vicencianos","og_description":"I. El derecho asociativo en la Iglesia 1. El derecho de asociaci\u00f3n Forma parte del derecho de todos los fieles. A este prop\u00f3sito es clara la afirmaci\u00f3n de principio del C\u00f3digo de Derecho Can\u00f3nico en ... Read More","og_url":"http:\/\/vincentians.com\/es\/las-asociaciones-de-la-familia-vicenciana-dimension-juridica-eclesial\/","og_site_name":"Somos Vicencianos","article_publisher":"https:\/\/www.facebook.com\/WeAreVincentians\/","article_author":"https:\/\/www.facebook.com\/JavierChento","article_published_time":"2015-02-02T08:10:24+00:00","author":"Francisco Javier Fern\u00e1ndez Chento","twitter_card":"summary_large_image","twitter_creator":"@https:\/\/twitter.com\/javierchento","twitter_site":"@WeVincentians","twitter_misc":{"Escrito por":"Francisco Javier Fern\u00e1ndez Chento","Tiempo de lectura":"25 minutos"},"schema":{"@context":"https:\/\/schema.org","@graph":[{"@type":"Article","@id":"http:\/\/vincentians.com\/es\/las-asociaciones-de-la-familia-vicenciana-dimension-juridica-eclesial\/#article","isPartOf":{"@id":"http:\/\/vincentians.com\/es\/las-asociaciones-de-la-familia-vicenciana-dimension-juridica-eclesial\/"},"author":{"name":"Francisco Javier Fern\u00e1ndez Chento","@id":"http:\/\/vincentians.com\/es\/#\/schema\/person\/9623ef4d9aa3b2dfb8c061f1499288f2"},"headline":"Las asociaciones de la Familia Vicenciana: dimensi\u00f3n jur\u00eddica eclesial","datePublished":"2015-02-02T08:10:24+00:00","mainEntityOfPage":{"@id":"http:\/\/vincentians.com\/es\/las-asociaciones-de-la-familia-vicenciana-dimension-juridica-eclesial\/"},"wordCount":5091,"commentCount":0,"publisher":{"@id":"http:\/\/vincentians.com\/es\/#organization"},"image":{"@id":"http:\/\/vincentians.com\/es\/las-asociaciones-de-la-familia-vicenciana-dimension-juridica-eclesial\/#primaryimage"},"thumbnailUrl":"","keywords":["Etienne","Misioneros Seglares","Urbano VIII"],"articleSection":["Familia Vicenciana sin categorizar"],"inLanguage":"es","potentialAction":[{"@type":"CommentAction","name":"Comment","target":["http:\/\/vincentians.com\/es\/las-asociaciones-de-la-familia-vicenciana-dimension-juridica-eclesial\/#respond"]}]},{"@type":"WebPage","@id":"http:\/\/vincentians.com\/es\/las-asociaciones-de-la-familia-vicenciana-dimension-juridica-eclesial\/","url":"http:\/\/vincentians.com\/es\/las-asociaciones-de-la-familia-vicenciana-dimension-juridica-eclesial\/","name":"Las asociaciones de la Familia Vicenciana: dimensi\u00f3n jur\u00eddica eclesial - Somos Vicencianos","isPartOf":{"@id":"http:\/\/vincentians.com\/es\/#website"},"primaryImageOfPage":{"@id":"http:\/\/vincentians.com\/es\/las-asociaciones-de-la-familia-vicenciana-dimension-juridica-eclesial\/#primaryimage"},"image":{"@id":"http:\/\/vincentians.com\/es\/las-asociaciones-de-la-familia-vicenciana-dimension-juridica-eclesial\/#primaryimage"},"thumbnailUrl":"","datePublished":"2015-02-02T08:10:24+00:00","breadcrumb":{"@id":"http:\/\/vincentians.com\/es\/las-asociaciones-de-la-familia-vicenciana-dimension-juridica-eclesial\/#breadcrumb"},"inLanguage":"es","potentialAction":[{"@type":"ReadAction","target":["http:\/\/vincentians.com\/es\/las-asociaciones-de-la-familia-vicenciana-dimension-juridica-eclesial\/"]}]},{"@type":"ImageObject","inLanguage":"es","@id":"http:\/\/vincentians.com\/es\/las-asociaciones-de-la-familia-vicenciana-dimension-juridica-eclesial\/#primaryimage","url":"","contentUrl":""},{"@type":"BreadcrumbList","@id":"http:\/\/vincentians.com\/es\/las-asociaciones-de-la-familia-vicenciana-dimension-juridica-eclesial\/#breadcrumb","itemListElement":[{"@type":"ListItem","position":1,"name":"Portada","item":"http:\/\/vincentians.com\/es\/"},{"@type":"ListItem","position":2,"name":"Las asociaciones de la Familia Vicenciana: dimensi\u00f3n jur\u00eddica eclesial"}]},{"@type":"WebSite","@id":"http:\/\/vincentians.com\/es\/#website","url":"http:\/\/vincentians.com\/es\/","name":"Somos Vicencianos","description":"Know more to serve more","publisher":{"@id":"http:\/\/vincentians.com\/es\/#organization"},"potentialAction":[{"@type":"SearchAction","target":{"@type":"EntryPoint","urlTemplate":"http:\/\/vincentians.com\/es\/?s={search_term_string}"},"query-input":{"@type":"PropertyValueSpecification","valueRequired":true,"valueName":"search_term_string"}}],"inLanguage":"es"},{"@type":"Organization","@id":"http:\/\/vincentians.com\/es\/#organization","name":"The Vincentian Network","url":"http:\/\/vincentians.com\/es\/","logo":{"@type":"ImageObject","inLanguage":"es","@id":"http:\/\/vincentians.com\/es\/#\/schema\/logo\/image\/","url":"https:\/\/i1.wp.com\/vincentians.com\/es\/wp-content\/uploads\/sites\/11\/2016\/06\/Vincentian-Network-logo-big.png?fit=778%2C778","contentUrl":"https:\/\/i1.wp.com\/vincentians.com\/es\/wp-content\/uploads\/sites\/11\/2016\/06\/Vincentian-Network-logo-big.png?fit=778%2C778","width":778,"height":778,"caption":"The Vincentian Network"},"image":{"@id":"http:\/\/vincentians.com\/es\/#\/schema\/logo\/image\/"},"sameAs":["https:\/\/www.facebook.com\/WeAreVincentians\/","https:\/\/x.com\/WeVincentians"]},{"@type":"Person","@id":"http:\/\/vincentians.com\/es\/#\/schema\/person\/9623ef4d9aa3b2dfb8c061f1499288f2","name":"Francisco Javier Fern\u00e1ndez Chento","image":{"@type":"ImageObject","inLanguage":"es","@id":"http:\/\/vincentians.com\/es\/#\/schema\/person\/image\/","url":"https:\/\/secure.gravatar.com\/avatar\/497d5cde87b4c3d097d0315953521681ba2cd523ee66e5077c3711f7021e65de?s=96&d=mm&r=g","contentUrl":"https:\/\/secure.gravatar.com\/avatar\/497d5cde87b4c3d097d0315953521681ba2cd523ee66e5077c3711f7021e65de?s=96&d=mm&r=g","caption":"Francisco Javier Fern\u00e1ndez Chento"},"description":"Director General y cofundador de La Red de Formaci\u00f3n Vicenciana. Javier es laico vicenciano, afiliado a la Congregaci\u00f3n de la Misi\u00f3n y miembro del Equipo de Misiones Populares de la provincia can\u00f3nica de Zaragoza (Espa\u00f1a) de la Congregaci\u00f3n de la Misi\u00f3n. Graduado en la Universidad Oberta de Catalunya con cuatro grados (Asistente de direcci\u00f3n, Gesti\u00f3n Administrativa, Recursos Humanos y Contabilidad Avanzada). Bil\u00edng\u00fce Espa\u00f1ol\/Ingl\u00e9s. gestiona y mantiene varias p\u00e1ginas web cristianas y vicencianas, incluida including La Red de Formaci\u00f3n Vicenciana, de la que es cofundador. Actualmente es responsable del \u00e1rea de Espa\u00f1ol de .famvin, la Red de Noticias de la Familia Vicenciana. Tambi\u00e9n es m\u00fasico cat\u00f3lico y ha editado varios discos. Es Director General y cofundador de Trovador, una reconocida compa\u00f1\u00eda discogr\u00e1fica critiana de Espa\u00f1a. Trabaja en las Tecnolog\u00edas de la Informaci\u00f3n, ofreciendo servicios de alojamiento, dise\u00f1o y mantenimiento Web, as\u00ed como asesoramiento, formaci\u00f3n y soluciones inform\u00e1ticas, gesti\u00f3n documental y digitalizaci\u00f3n de textos, edici\u00f3n y maquetaci\u00f3n de libros, revistas, flyers, etc.","sameAs":["http:\/\/chento.org","https:\/\/www.facebook.com\/JavierChento","https:\/\/x.com\/https:\/\/twitter.com\/javierchento"],"url":"http:\/\/vincentians.com\/es\/author\/chento\/"}]}},"jetpack_publicize_connections":[],"jetpack_featured_media_url":"","jetpack_sharing_enabled":true,"jetpack_shortlink":"https:\/\/wp.me\/p7ETMF-5zH","jetpack-related-posts":[{"id":398637,"url":"http:\/\/vincentians.com\/es\/aportacion-del-carisma-vicenciano-la-mision-la-iglesia-1\/","url_meta":{"origin":21433,"position":0},"title":"Aportaci\u00f3n del carisma vicenciano a la Misi\u00f3n de la Iglesia (1)","author":"Francisco Javier Fern\u00e1ndez Chento","date":"04\/08\/2016","format":false,"excerpt":"Introducci\u00f3n: Al reflexionar sobre la aportaci\u00f3n del carisma vicenciano a la Misi\u00f3n de la Iglesia, me parece necesario formular previamente algunas precisiones. 1.- Cuando hablamos de carisma vicenciano, nos referimos al don del Esp\u00edritu suscitado por Dios en su Iglesia en las personas de Vicente de Pa\u00fal y de Luisa\u2026","rel":"","context":"En \u00abFormaci\u00f3n Vicenciana\u00bb","block_context":{"text":"Formaci\u00f3n Vicenciana","link":"http:\/\/vincentians.com\/es\/category\/formacion-vicenciana\/"},"img":{"alt_text":"","src":"https:\/\/i0.wp.com\/vincentians.com\/es\/wp-content\/uploads\/sites\/11\/2016\/06\/contributions-charism.jpg?fit=1200%2C630&resize=350%2C200","width":350,"height":200,"srcset":"https:\/\/i0.wp.com\/vincentians.com\/es\/wp-content\/uploads\/sites\/11\/2016\/06\/contributions-charism.jpg?fit=1200%2C630&resize=350%2C200 1x, https:\/\/i0.wp.com\/vincentians.com\/es\/wp-content\/uploads\/sites\/11\/2016\/06\/contributions-charism.jpg?fit=1200%2C630&resize=525%2C300 1.5x, https:\/\/i0.wp.com\/vincentians.com\/es\/wp-content\/uploads\/sites\/11\/2016\/06\/contributions-charism.jpg?fit=1200%2C630&resize=700%2C400 2x, https:\/\/i0.wp.com\/vincentians.com\/es\/wp-content\/uploads\/sites\/11\/2016\/06\/contributions-charism.jpg?fit=1200%2C630&resize=1050%2C600 3x"},"classes":[]},{"id":131320,"url":"http:\/\/vincentians.com\/es\/los-laicos-luz-del-mundo\/","url_meta":{"origin":21433,"position":1},"title":"Los laicos, luz del mundo","author":"Francisco Javier Fern\u00e1ndez Chento","date":"09\/02\/2015","format":false,"excerpt":"\"De \u00e9l (de Cristo) viene que el cuerpo entero, compacto y trabado por todas las junturas que lo alimentan, con la actividad peculiar de cada una de las partes, vaya creciendo como cuerpo, construy\u00e9ndose el mismo por el amor\" (Ef. 4,16) \"El fin de la Congregaci\u00f3n de la Misi\u00f3n es\u2026","rel":"","context":"En \u00abEspiritualidad vicenciana\u00bb","block_context":{"text":"Espiritualidad vicenciana","link":"http:\/\/vincentians.com\/es\/category\/espiritualidad\/espiritualidad-vicenciana\/"},"img":{"alt_text":"laicos vicentinos","src":"https:\/\/i0.wp.com\/vicencianos.org\/wp-content\/2014\/09\/laicos-vicentinos-300x266.jpg?resize=350%2C200","width":350,"height":200},"classes":[]},{"id":139666,"url":"http:\/\/vincentians.com\/es\/pastores-de-comunidades-cristianas\/","url_meta":{"origin":21433,"position":2},"title":"Pastores de Comunidades Cristianas","author":"Francisco Javier Fern\u00e1ndez Chento","date":"23\/02\/2015","format":false,"excerpt":"\u00abTened cuidado de vosotros y de todo el reba\u00f1o en que \u00adel Esp\u00edritu os ha puesto como guardianes, siendo as\u00ed pastores de la Iglesia de \u00adDios, que \u00e9l adquiri\u00f3 con la sangre de su Hijo\u00bb. (Hch 20,28). \u00ab1. Entre las actividades apost\u00f3licas de la Congregaci\u00f3n se cuentan las parroquias, con\u2026","rel":"","context":"En \u00abEspiritualidad vicenciana\u00bb","block_context":{"text":"Espiritualidad vicenciana","link":"http:\/\/vincentians.com\/es\/category\/espiritualidad\/espiritualidad-vicenciana\/"},"img":{"alt_text":"comunidad joven","src":"https:\/\/i0.wp.com\/vicencianos.org\/wp-content\/2015\/02\/comunidad-joven-300x223.jpg?resize=350%2C200","width":350,"height":200},"classes":[]},{"id":131132,"url":"http:\/\/vincentians.com\/es\/fieles-a-san-vicente\/","url_meta":{"origin":21433,"position":3},"title":"Fieles a San Vicente","author":"Francisco Javier Fern\u00e1ndez Chento","date":"25\/08\/2014","format":false,"excerpt":"\"El carisma mismo de los Fundadores se revela como una experiencia del Esp\u00edritu (EN 11), transmitida a los propios disc\u00edpulos para ser por ellos vivida, custodiada, profundizada y desarrollada constantemente en sinton\u00eda con el Cuerpo de Cristo en crecimiento perenne\". (MR 11). \"El fin de la Congregaci\u00f3n de la Misi\u00f3n\u2026","rel":"","context":"En \u00abEspiritualidad vicenciana\u00bb","block_context":{"text":"Espiritualidad vicenciana","link":"http:\/\/vincentians.com\/es\/category\/espiritualidad\/espiritualidad-vicenciana\/"},"img":{"alt_text":"espiritualidad","src":"https:\/\/i0.wp.com\/vicencianos.org\/wp-content\/2014\/07\/espiritualidad.jpg?resize=350%2C200","width":350,"height":200},"classes":[]},{"id":124001,"url":"http:\/\/vincentians.com\/es\/para-seguirlo-mas-libremente\/","url_meta":{"origin":21433,"position":4},"title":"Para seguirlo m\u00e1s libremente","author":"Francisco Javier Fern\u00e1ndez Chento","date":"21\/10\/2022","format":false,"excerpt":"AGENTES DE LA CONSAGRACI\u00d3N Ya por el bautismo ha muerto (el fiel cristiano) y ha sido consagrado..., pero para conseguir un fruto m\u00e1s abundante de la gracia bautismal... por la pr\u00e1ctica de los consejos evang\u00e9licos se consagra m\u00e1s \u00edntimamente al servi\u00adcio divino (LG 44). 1.- Nos referimos \u00fanicamente a la\u2026","rel":"","context":"En \u00abEspiritualidad vicenciana\u00bb","block_context":{"text":"Espiritualidad vicenciana","link":"http:\/\/vincentians.com\/es\/category\/espiritualidad\/espiritualidad-vicenciana\/"},"img":{"alt_text":"","src":"https:\/\/i0.wp.com\/vincentians.com\/es\/wp-content\/uploads\/sites\/11\/2016\/09\/enviados-evangelizar-pobres.jpg?fit=1200%2C630&resize=350%2C200","width":350,"height":200,"srcset":"https:\/\/i0.wp.com\/vincentians.com\/es\/wp-content\/uploads\/sites\/11\/2016\/09\/enviados-evangelizar-pobres.jpg?fit=1200%2C630&resize=350%2C200 1x, https:\/\/i0.wp.com\/vincentians.com\/es\/wp-content\/uploads\/sites\/11\/2016\/09\/enviados-evangelizar-pobres.jpg?fit=1200%2C630&resize=525%2C300 1.5x, https:\/\/i0.wp.com\/vincentians.com\/es\/wp-content\/uploads\/sites\/11\/2016\/09\/enviados-evangelizar-pobres.jpg?fit=1200%2C630&resize=700%2C400 2x, https:\/\/i0.wp.com\/vincentians.com\/es\/wp-content\/uploads\/sites\/11\/2016\/09\/enviados-evangelizar-pobres.jpg?fit=1200%2C630&resize=1050%2C600 3x"},"classes":[]},{"id":131334,"url":"http:\/\/vincentians.com\/es\/las-constituciones-medio-para-alcanzar-la-perfeccion\/","url_meta":{"origin":21433,"position":5},"title":"Las Constituciones, medio para alcanzar la perfecci\u00f3n","author":"Francisco Javier Fern\u00e1ndez Chento","date":"23\/05\/2015","format":false,"excerpt":"\"...porque os digo que si vuestra fidelidad no sobrepasa la de los letrados y fari-seos, no entrar\u00e9is en el Reino de Dios\" (Mt 5,20). \"La Congregaci\u00f3n de la Misi\u00f3n es una sociedad clerical de vida apost\u00f3lica y de derecho pontificio. En ella, sus miembros tratan de alcanzar su propio fin\u2026","rel":"","context":"En \u00abEspiritualidad vicenciana\u00bb","block_context":{"text":"Espiritualidad vicenciana","link":"http:\/\/vincentians.com\/es\/category\/espiritualidad\/espiritualidad-vicenciana\/"},"img":{"alt_text":"logo-CM","src":"https:\/\/i0.wp.com\/vicencianos.org\/wp-content\/2015\/03\/logo-CM-300x300.jpg?resize=350%2C200","width":350,"height":200},"classes":[]}],"_links":{"self":[{"href":"http:\/\/vincentians.com\/es\/wp-json\/wp\/v2\/posts\/21433","targetHints":{"allow":["GET"]}}],"collection":[{"href":"http:\/\/vincentians.com\/es\/wp-json\/wp\/v2\/posts"}],"about":[{"href":"http:\/\/vincentians.com\/es\/wp-json\/wp\/v2\/types\/post"}],"author":[{"embeddable":true,"href":"http:\/\/vincentians.com\/es\/wp-json\/wp\/v2\/users\/4"}],"replies":[{"embeddable":true,"href":"http:\/\/vincentians.com\/es\/wp-json\/wp\/v2\/comments?post=21433"}],"version-history":[{"count":0,"href":"http:\/\/vincentians.com\/es\/wp-json\/wp\/v2\/posts\/21433\/revisions"}],"wp:featuredmedia":[{"embeddable":true,"href":"http:\/\/vincentians.com\/es\/wp-json\/"}],"wp:attachment":[{"href":"http:\/\/vincentians.com\/es\/wp-json\/wp\/v2\/media?parent=21433"}],"wp:term":[{"taxonomy":"category","embeddable":true,"href":"http:\/\/vincentians.com\/es\/wp-json\/wp\/v2\/categories?post=21433"},{"taxonomy":"post_tag","embeddable":true,"href":"http:\/\/vincentians.com\/es\/wp-json\/wp\/v2\/tags?post=21433"}],"curies":[{"name":"wp","href":"https:\/\/api.w.org\/{rel}","templated":true}]}}