{"id":210636,"date":"2015-07-15T18:00:32","date_gmt":"2015-07-15T16:00:32","guid":{"rendered":"http:\/\/somos.vicencianos.org\/?p=210636"},"modified":"2016-07-24T10:28:00","modified_gmt":"2016-07-24T08:28:00","slug":"lectio-para-16o-domingo-de-t-o-preparada-por-chuno-chavez-alva-c-m","status":"publish","type":"post","link":"http:\/\/vincentians.com\/es\/lectio-para-16o-domingo-de-t-o-preparada-por-chuno-chavez-alva-c-m\/","title":{"rendered":"Lectio para 16\u00ba Domingo de T.O. (preparada por Chuno Ch\u00e1vez Alva, C.M.)"},"content":{"rendered":"<h2 style=\"text-align: center\"><b>Y se puso a ense\u00f1arles con calma&#8230;<\/b><\/h2>\n<p><strong>LA PALABRA HOY: <\/strong>Jerem\u00edas 23,1-6; Salmo 22; Efesios 2,13-18; Marcos 6,30-34<\/p>\n<p><strong>Ambientaci\u00f3n: <\/strong>Imagen del Buen Pastor; Biblia, cirio; <em>Frase: \u201cSinti\u00f3 compasi\u00f3n de ellos\u201d<\/em><\/p>\n<p><strong>Cantos sugeridos: <\/strong>El Se\u00f1or es mi pastor<\/p>\n<h2>Ambientaci\u00f3n<\/h2>\n<p><em>Caminos de justicia son los que se\u00f1ala Jes\u00fas, para conducirnos a verdes praderas y fuentes tranquilas de paz. Dios contin\u00faa llam\u00e1ndonos para que seamos disc\u00edpulos incansables que, como Jesucristo, tengamos un coraz\u00f3n sensible y atento a las necesidades de la gente que nos rodea.<\/em><\/p>\n<h2>Oraci\u00f3n inicial<\/h2>\n<p>Atento a nuestros extrav\u00edos,<br \/>\nte conmueve la opresi\u00f3n de tus hermanos,<br \/>\noh Cristo, pastor misericordioso,<br \/>\nsalvador de los que en Ti esperan&#8230;<br \/>\nEnv\u00edanos tambi\u00e9n a nosotros,<br \/>\ndisc\u00edpulos de tu mirada misericordiosa,<br \/>\na todos aquellos que esperan en Ti,<br \/>\na nuestros hermanos abandonados de todos.<br \/>\nY acrecienta en nuestro servicio al Reino:<br \/>\nuna paciencia generosa,<br \/>\nuna solicitud hacia todos,<br \/>\nuna atenci\u00f3n para con los m\u00e1s pobres,<br \/>\nentra\u00f1as de misericordia hacia el hombre,<br \/>\npara que nuestra comunidad sea siempre,<br \/>\nla casa de la reconciliaci\u00f3n y de la paz,<br \/>\nel lugar de encuentro de los hermanos\u2026<br \/>\ntu reba\u00f1o congregado en el amor.<br \/>\nAm\u00e9n.<\/p>\n<h2>I. Lectio: \u00bfQu\u00e9 dice el texto? \u2013 Ma<strong>rcos 6,30-34<\/strong><\/h2>\n<p><strong>Motivaci\u00f3n:<\/strong><em> La misi\u00f3n de anunciar el Reino es una tarea que requiere una entrega generosa que puede acarrear la p\u00e9rdida de la misma vida. Hoy Jes\u00fas se presenta con la delicadeza de quien venda una herida y la solicitud de quien va en busca de un ser querido perdido en el monte. Por eso podemos confiar en \u00c9l: porque Jes\u00fas es cre\u00edble, es digno de fe. Escuchemos. <\/em><\/p>\n<p><strong>Forma de leerlo:<\/strong><\/p>\n<ol>\n<li>Proclamar el texto en voz alta (todos de pie).<\/li>\n<li>Cada uno puede leer en voz alta el vers\u00edculo que m\u00e1s le llam\u00f3 la atenci\u00f3n (sentados).<\/li>\n<\/ol>\n<p><strong>Preguntas para la lectura:<\/strong><\/p>\n<ul>\n<li>\u00bfDe d\u00f3nde regresan los Ap\u00f3stoles?<\/li>\n<li>\u00bfQu\u00e9 le cuentan a Jes\u00fas?<\/li>\n<li>\u00bfC\u00f3mo responde Jes\u00fas? \u00bfA qu\u00e9 los invita? \u00bfPor qu\u00e9 raz\u00f3n?<\/li>\n<li>\u00bfQu\u00e9 hace Jes\u00fas al darse cuenta de que hay gente que busca y necesita algo?<\/li>\n<li>\u00bfQu\u00e9 sentimientos de Jes\u00fas deben encarnar los disc\u00edpulos?<\/li>\n<\/ul>\n<p><strong>Otros textos b\u00edblicos para confrontar: <\/strong><strong>Otros textos b\u00edblicos para confrontar: Jn 10,1-18 Salmo 23[22]; Ez 34.<\/strong><\/p>\n<h2>II. Meditatio: \u00bfQu\u00e9 me dice? \u00bfQu\u00e9 nos dice el Texto?<\/h2>\n<p><strong><em>Motivaci\u00f3n: <\/em><\/strong><em>Jes\u00fas re\u00fane a sus disc\u00edpulos para descansar y es para ellos modelo de solicitud hacia la gente. Tambi\u00e9n nosotros estamos llamados y hemos sido enviados con una misi\u00f3n que es continuaci\u00f3n de la de Jes\u00fas. Debemos, pues, fijarnos en todos los detalles del Maestro y aprender de cada uno de ellos. <\/em><\/p>\n<ul>\n<li>\u00bfBusco momentos de soledad al lado del Maestro? \u00bfSoy capaz de descansar \u201cen\u201d Jes\u00fas?<\/li>\n<li><em>No ten\u00eda ni tiempo para comer\u2026 <\/em>\u00bfdoy mi tiempo para ayudar al que necesita?<\/li>\n<li><em>El Se\u00f1or ten\u00eda compasi\u00f3n\u2026 porque los ve\u00eda como ovejas sin pastor.<\/em> \u00bfTengo los mismos sentimientos que ten\u00eda Jes\u00fas por la gente?<\/li>\n<li>\u00bfQu\u00e9 puedo hacer para parecerme al modelo que es Jes\u00fas?<\/li>\n<\/ul>\n<p><em>Luego de un tiempo de meditaci\u00f3n personal, compartimos con sencillez nuestra reflexi\u00f3n, lo que el texto ME dice a mi propia realidad y situaci\u00f3n personal.<\/em><\/p>\n<h2>III. Oratio: \u00bfQu\u00e9 le digo al Se\u00f1or motivado por su Palabra?<\/h2>\n<p><strong><em>Motivaci\u00f3n: <\/em><\/strong><em>La Palabra de Dios nos ha mostrado aspectos importantes: necesidad de la oraci\u00f3n, de la soledad, del encuentro con el Se\u00f1or que nos env\u00eda, el di\u00e1logo con \u00e9l, la contemplaci\u00f3n de su rostro y de sus sentimientos&#8230; Todo esto es necesario para que nuestra misi\u00f3n no sea un trabajo agotador sin coraz\u00f3n. Dirijamos nuestra oraci\u00f3n a Jes\u00fas el pastor compasivo.<\/em><\/p>\n<ul>\n<li>Luego de un tiempo de oraci\u00f3n personal, podemos compartir en voz alta nuestra oraci\u00f3n, siempre dirigi\u00e9ndonos a Dios mediante la alabanza, la acci\u00f3n de gracias o la s\u00faplica confiada.<\/li>\n<li>Se puede, tambi\u00e9n, recitar el salmo responsorial que corresponde a este domingo<em>.<\/em><\/li>\n<\/ul>\n<h2>IV. Contemplatio: \u00bfQu\u00e9 me lleva a hacer este texto?<\/h2>\n<p><strong><em>Motivaci\u00f3n:<\/em><\/strong><em> San Vicente, hablando a los misioneros sobre el esp\u00edritu de compasi\u00f3n y de misericordia les dice: <\/em><\/p>\n<p>\u201cPid\u00e1mosle, pues, a Dios, hermanos m\u00edos, que nos d\u00e9 este esp\u00edritu de compasi\u00f3n y de misericordia, que nos llene de \u00e9l, que nos lo conserve, de forma que quienes vean a un misionero puedan decir: \u00abHe aqu\u00ed un hombre lleno de misericordia\u00bb. Pensemos un poco en la necesidad que tenemos de misericordia, nosotros que debemos ejercitarla con los dem\u00e1s y llevar esa misericordia a toda clase de lugares, sufri\u00e9ndolo todo por misericordia.<\/p>\n<p>As\u00ed pues, tengamos misericordia, hermanos m\u00edos, y ejercitemos con todos nuestra compasi\u00f3n, de forma que nunca encontremos un pobre sin consolarlo, si podemos, ni a un hombre ignorante sin ense\u00f1arle en pocas palabras las cosas que necesita creer y hacer para su salvaci\u00f3n. \u00a1Oh Salvador, no permitas que abusemos de nuestra vocaci\u00f3n ni quites de esta compa\u00f1\u00eda el esp\u00edritu de misericordia!\u201d (XI, 234)<\/p>\n<p><strong>Compromiso: <\/strong><\/p>\n<ul>\n<li><strong>Imitar el ejemplo pastoral de Cristo hacia todos aquellos necesitados de su paso salvador, sobre todo sus gestos de misericordia.<\/strong><\/li>\n<\/ul>\n<h2>Oraci\u00f3n final<\/h2>\n<p>Se\u00f1or Jes\u00fas,<br \/>\nT\u00fa que has sentido compasi\u00f3n de la gente<br \/>\nque estaba contigo y que te buscaba;<br \/>\nT\u00fa que los ve\u00edas como ovejas sin pastor,<br \/>\nven hoy a nosotros,<br \/>\nten nuevamente compasi\u00f3n de nosotros,<br \/>\nreg\u00e1lanos tu amor y tu misericordia,<br \/>\nhaz que hoy nuevamente,<br \/>\nexperimentemos tu presencia viva junto a nosotros,<br \/>\npara que conoci\u00e9ndote y viviendo<br \/>\nlo que T\u00fa nos pides y lo que T\u00fa quieres,<br \/>\npodamos encontrar en ti,<br \/>\na Aquel que nos llena de su amor y paz.<br \/>\nDanos Se\u00f1or, la gracia de encontrar en ti,<br \/>\nel sentido y la raz\u00f3n de nuestra vida,<br \/>\npara as\u00ed tener el coraz\u00f3n lleno de ti,<br \/>\nviviendo en plenitud, el gozo, la alegr\u00eda y la paz,<br \/>\nque T\u00fa nos das. Que as\u00ed sea.<\/p>\n","protected":false},"excerpt":{"rendered":"<p>Y se puso a ense\u00f1arles con calma&#8230; LA PALABRA HOY: Jerem\u00edas 23,1-6; Salmo 22; Efesios 2,13-18; Marcos 6,30-34 Ambientaci\u00f3n: Imagen del Buen Pastor; Biblia, cirio; Frase: \u201cSinti\u00f3 compasi\u00f3n de ellos\u201d Cantos sugeridos: El Se\u00f1or es &#8230; <a href=\"http:\/\/vincentians.com\/es\/lectio-para-16o-domingo-de-t-o-preparada-por-chuno-chavez-alva-c-m\/\" class=\"more-link\">Read More<\/a><\/p>\n","protected":false},"author":4,"featured_media":388408,"comment_status":"open","ping_status":"open","sticky":false,"template":"","format":"standard","meta":{"jetpack_post_was_ever_published":false,"_jetpack_newsletter_access":"","_jetpack_dont_email_post_to_subs":false,"_jetpack_newsletter_tier_id":0,"_jetpack_memberships_contains_paywalled_content":false,"_jetpack_memberships_contains_paid_content":false,"footnotes":"","jetpack_publicize_message":"","jetpack_publicize_feature_enabled":true,"jetpack_social_post_already_shared":true,"jetpack_social_options":{"image_generator_settings":{"template":"highway","default_image_id":0,"font":"","enabled":false},"version":2}},"categories":[93],"tags":[172],"class_list":["post-210636","post","type-post","status-publish","format-standard","has-post-thumbnail","hentry","category-homilias-y-reflexiones-ano-b","tag-pobreza"],"yoast_head":"<!-- This site is optimized with the Yoast SEO plugin v26.3 - https:\/\/yoast.com\/wordpress\/plugins\/seo\/ -->\n<title>Lectio para 16\u00ba Domingo de T.O. (preparada por Chuno Ch\u00e1vez Alva, C.M.) - Somos Vicencianos<\/title>\n<meta name=\"robots\" content=\"index, follow, max-snippet:-1, max-image-preview:large, max-video-preview:-1\" \/>\n<link rel=\"canonical\" href=\"https:\/\/vincentians.com\/es\/lectio-para-16o-domingo-de-t-o-preparada-por-chuno-chavez-alva-c-m\/\" \/>\n<meta property=\"og:locale\" content=\"es_ES\" \/>\n<meta property=\"og:type\" content=\"article\" \/>\n<meta property=\"og:title\" content=\"Lectio para 16\u00ba Domingo de T.O. (preparada por Chuno Ch\u00e1vez Alva, C.M.) - Somos Vicencianos\" \/>\n<meta property=\"og:description\" content=\"Y se puso a ense\u00f1arles con calma&#8230; LA PALABRA HOY: Jerem\u00edas 23,1-6; Salmo 22; Efesios 2,13-18; Marcos 6,30-34 Ambientaci\u00f3n: Imagen del Buen Pastor; Biblia, cirio; Frase: \u201cSinti\u00f3 compasi\u00f3n de ellos\u201d Cantos sugeridos: El Se\u00f1or es ... Read More\" \/>\n<meta property=\"og:url\" content=\"https:\/\/vincentians.com\/es\/lectio-para-16o-domingo-de-t-o-preparada-por-chuno-chavez-alva-c-m\/\" \/>\n<meta property=\"og:site_name\" content=\"Somos Vicencianos\" \/>\n<meta property=\"article:publisher\" content=\"https:\/\/www.facebook.com\/WeAreVincentians\/\" \/>\n<meta property=\"article:author\" content=\"https:\/\/www.facebook.com\/JavierChento\" \/>\n<meta property=\"article:published_time\" content=\"2015-07-15T16:00:32+00:00\" \/>\n<meta property=\"article:modified_time\" content=\"2016-07-24T08:28:00+00:00\" \/>\n<meta property=\"og:image\" content=\"https:\/\/i0.wp.com\/vincentians.com\/es\/wp-content\/uploads\/sites\/11\/2016\/07\/reflexiones-palabra-de-dios.jpg?fit=1200%2C630&ssl=1\" \/>\n\t<meta property=\"og:image:width\" content=\"1200\" \/>\n\t<meta property=\"og:image:height\" content=\"630\" \/>\n\t<meta property=\"og:image:type\" content=\"image\/jpeg\" \/>\n<meta name=\"author\" content=\"Francisco Javier Fern\u00e1ndez Chento\" \/>\n<meta name=\"twitter:card\" content=\"summary_large_image\" \/>\n<meta name=\"twitter:creator\" content=\"@https:\/\/twitter.com\/javierchento\" \/>\n<meta name=\"twitter:site\" content=\"@WeVincentians\" \/>\n<meta name=\"twitter:label1\" content=\"Escrito por\" \/>\n\t<meta name=\"twitter:data1\" content=\"Francisco Javier Fern\u00e1ndez Chento\" \/>\n\t<meta name=\"twitter:label2\" content=\"Tiempo de lectura\" \/>\n\t<meta name=\"twitter:data2\" content=\"5 minutos\" \/>\n<script type=\"application\/ld+json\" class=\"yoast-schema-graph\">{\"@context\":\"https:\/\/schema.org\",\"@graph\":[{\"@type\":\"Article\",\"@id\":\"https:\/\/vincentians.com\/es\/lectio-para-16o-domingo-de-t-o-preparada-por-chuno-chavez-alva-c-m\/#article\",\"isPartOf\":{\"@id\":\"https:\/\/vincentians.com\/es\/lectio-para-16o-domingo-de-t-o-preparada-por-chuno-chavez-alva-c-m\/\"},\"author\":{\"name\":\"Francisco Javier Fern\u00e1ndez Chento\",\"@id\":\"http:\/\/vincentians.com\/es\/#\/schema\/person\/9623ef4d9aa3b2dfb8c061f1499288f2\"},\"headline\":\"Lectio para 16\u00ba Domingo de T.O. (preparada por Chuno Ch\u00e1vez Alva, C.M.)\",\"datePublished\":\"2015-07-15T16:00:32+00:00\",\"dateModified\":\"2016-07-24T08:28:00+00:00\",\"mainEntityOfPage\":{\"@id\":\"https:\/\/vincentians.com\/es\/lectio-para-16o-domingo-de-t-o-preparada-por-chuno-chavez-alva-c-m\/\"},\"wordCount\":1033,\"commentCount\":0,\"publisher\":{\"@id\":\"http:\/\/vincentians.com\/es\/#organization\"},\"image\":{\"@id\":\"https:\/\/vincentians.com\/es\/lectio-para-16o-domingo-de-t-o-preparada-por-chuno-chavez-alva-c-m\/#primaryimage\"},\"thumbnailUrl\":\"https:\/\/i0.wp.com\/vincentians.com\/es\/wp-content\/uploads\/sites\/11\/2016\/07\/reflexiones-palabra-de-dios.jpg?fit=1200%2C630\",\"keywords\":[\"Pobreza\"],\"articleSection\":[\"Homil\u00edas y reflexiones, A\u00f1o B\"],\"inLanguage\":\"es\",\"potentialAction\":[{\"@type\":\"CommentAction\",\"name\":\"Comment\",\"target\":[\"https:\/\/vincentians.com\/es\/lectio-para-16o-domingo-de-t-o-preparada-por-chuno-chavez-alva-c-m\/#respond\"]}]},{\"@type\":\"WebPage\",\"@id\":\"https:\/\/vincentians.com\/es\/lectio-para-16o-domingo-de-t-o-preparada-por-chuno-chavez-alva-c-m\/\",\"url\":\"https:\/\/vincentians.com\/es\/lectio-para-16o-domingo-de-t-o-preparada-por-chuno-chavez-alva-c-m\/\",\"name\":\"Lectio para 16\u00ba Domingo de T.O. (preparada por Chuno Ch\u00e1vez Alva, C.M.) - Somos Vicencianos\",\"isPartOf\":{\"@id\":\"http:\/\/vincentians.com\/es\/#website\"},\"primaryImageOfPage\":{\"@id\":\"https:\/\/vincentians.com\/es\/lectio-para-16o-domingo-de-t-o-preparada-por-chuno-chavez-alva-c-m\/#primaryimage\"},\"image\":{\"@id\":\"https:\/\/vincentians.com\/es\/lectio-para-16o-domingo-de-t-o-preparada-por-chuno-chavez-alva-c-m\/#primaryimage\"},\"thumbnailUrl\":\"https:\/\/i0.wp.com\/vincentians.com\/es\/wp-content\/uploads\/sites\/11\/2016\/07\/reflexiones-palabra-de-dios.jpg?fit=1200%2C630\",\"datePublished\":\"2015-07-15T16:00:32+00:00\",\"dateModified\":\"2016-07-24T08:28:00+00:00\",\"breadcrumb\":{\"@id\":\"https:\/\/vincentians.com\/es\/lectio-para-16o-domingo-de-t-o-preparada-por-chuno-chavez-alva-c-m\/#breadcrumb\"},\"inLanguage\":\"es\",\"potentialAction\":[{\"@type\":\"ReadAction\",\"target\":[\"https:\/\/vincentians.com\/es\/lectio-para-16o-domingo-de-t-o-preparada-por-chuno-chavez-alva-c-m\/\"]}]},{\"@type\":\"ImageObject\",\"inLanguage\":\"es\",\"@id\":\"https:\/\/vincentians.com\/es\/lectio-para-16o-domingo-de-t-o-preparada-por-chuno-chavez-alva-c-m\/#primaryimage\",\"url\":\"https:\/\/i0.wp.com\/vincentians.com\/es\/wp-content\/uploads\/sites\/11\/2016\/07\/reflexiones-palabra-de-dios.jpg?fit=1200%2C630\",\"contentUrl\":\"https:\/\/i0.wp.com\/vincentians.com\/es\/wp-content\/uploads\/sites\/11\/2016\/07\/reflexiones-palabra-de-dios.jpg?fit=1200%2C630\",\"width\":1200,\"height\":630},{\"@type\":\"BreadcrumbList\",\"@id\":\"https:\/\/vincentians.com\/es\/lectio-para-16o-domingo-de-t-o-preparada-por-chuno-chavez-alva-c-m\/#breadcrumb\",\"itemListElement\":[{\"@type\":\"ListItem\",\"position\":1,\"name\":\"Portada\",\"item\":\"http:\/\/vincentians.com\/es\/\"},{\"@type\":\"ListItem\",\"position\":2,\"name\":\"Lectio para 16\u00ba Domingo de T.O. (preparada por Chuno Ch\u00e1vez Alva, C.M.)\"}]},{\"@type\":\"WebSite\",\"@id\":\"http:\/\/vincentians.com\/es\/#website\",\"url\":\"http:\/\/vincentians.com\/es\/\",\"name\":\"Somos Vicencianos\",\"description\":\"Know more to serve more\",\"publisher\":{\"@id\":\"http:\/\/vincentians.com\/es\/#organization\"},\"potentialAction\":[{\"@type\":\"SearchAction\",\"target\":{\"@type\":\"EntryPoint\",\"urlTemplate\":\"http:\/\/vincentians.com\/es\/?s={search_term_string}\"},\"query-input\":{\"@type\":\"PropertyValueSpecification\",\"valueRequired\":true,\"valueName\":\"search_term_string\"}}],\"inLanguage\":\"es\"},{\"@type\":\"Organization\",\"@id\":\"http:\/\/vincentians.com\/es\/#organization\",\"name\":\"The Vincentian Network\",\"url\":\"http:\/\/vincentians.com\/es\/\",\"logo\":{\"@type\":\"ImageObject\",\"inLanguage\":\"es\",\"@id\":\"http:\/\/vincentians.com\/es\/#\/schema\/logo\/image\/\",\"url\":\"https:\/\/i1.wp.com\/vincentians.com\/es\/wp-content\/uploads\/sites\/11\/2016\/06\/Vincentian-Network-logo-big.png?fit=778%2C778\",\"contentUrl\":\"https:\/\/i1.wp.com\/vincentians.com\/es\/wp-content\/uploads\/sites\/11\/2016\/06\/Vincentian-Network-logo-big.png?fit=778%2C778\",\"width\":778,\"height\":778,\"caption\":\"The Vincentian Network\"},\"image\":{\"@id\":\"http:\/\/vincentians.com\/es\/#\/schema\/logo\/image\/\"},\"sameAs\":[\"https:\/\/www.facebook.com\/WeAreVincentians\/\",\"https:\/\/x.com\/WeVincentians\"]},{\"@type\":\"Person\",\"@id\":\"http:\/\/vincentians.com\/es\/#\/schema\/person\/9623ef4d9aa3b2dfb8c061f1499288f2\",\"name\":\"Francisco Javier Fern\u00e1ndez Chento\",\"image\":{\"@type\":\"ImageObject\",\"inLanguage\":\"es\",\"@id\":\"http:\/\/vincentians.com\/es\/#\/schema\/person\/image\/\",\"url\":\"https:\/\/secure.gravatar.com\/avatar\/497d5cde87b4c3d097d0315953521681ba2cd523ee66e5077c3711f7021e65de?s=96&d=mm&r=g\",\"contentUrl\":\"https:\/\/secure.gravatar.com\/avatar\/497d5cde87b4c3d097d0315953521681ba2cd523ee66e5077c3711f7021e65de?s=96&d=mm&r=g\",\"caption\":\"Francisco Javier Fern\u00e1ndez Chento\"},\"description\":\"Director General y cofundador de La Red de Formaci\u00f3n Vicenciana. Javier es laico vicenciano, afiliado a la Congregaci\u00f3n de la Misi\u00f3n y miembro del Equipo de Misiones Populares de la provincia can\u00f3nica de Zaragoza (Espa\u00f1a) de la Congregaci\u00f3n de la Misi\u00f3n. Graduado en la Universidad Oberta de Catalunya con cuatro grados (Asistente de direcci\u00f3n, Gesti\u00f3n Administrativa, Recursos Humanos y Contabilidad Avanzada). Bil\u00edng\u00fce Espa\u00f1ol\/Ingl\u00e9s. gestiona y mantiene varias p\u00e1ginas web cristianas y vicencianas, incluida including La Red de Formaci\u00f3n Vicenciana, de la que es cofundador. Actualmente es responsable del \u00e1rea de Espa\u00f1ol de .famvin, la Red de Noticias de la Familia Vicenciana. Tambi\u00e9n es m\u00fasico cat\u00f3lico y ha editado varios discos. Es Director General y cofundador de Trovador, una reconocida compa\u00f1\u00eda discogr\u00e1fica critiana de Espa\u00f1a. Trabaja en las Tecnolog\u00edas de la Informaci\u00f3n, ofreciendo servicios de alojamiento, dise\u00f1o y mantenimiento Web, as\u00ed como asesoramiento, formaci\u00f3n y soluciones inform\u00e1ticas, gesti\u00f3n documental y digitalizaci\u00f3n de textos, edici\u00f3n y maquetaci\u00f3n de libros, revistas, flyers, etc.\",\"sameAs\":[\"http:\/\/chento.org\",\"https:\/\/www.facebook.com\/JavierChento\",\"https:\/\/x.com\/https:\/\/twitter.com\/javierchento\"],\"url\":\"http:\/\/vincentians.com\/es\/author\/chento\/\"}]}<\/script>\n<!-- \/ Yoast SEO plugin. -->","yoast_head_json":{"title":"Lectio para 16\u00ba Domingo de T.O. (preparada por Chuno Ch\u00e1vez Alva, C.M.) - Somos Vicencianos","robots":{"index":"index","follow":"follow","max-snippet":"max-snippet:-1","max-image-preview":"max-image-preview:large","max-video-preview":"max-video-preview:-1"},"canonical":"https:\/\/vincentians.com\/es\/lectio-para-16o-domingo-de-t-o-preparada-por-chuno-chavez-alva-c-m\/","og_locale":"es_ES","og_type":"article","og_title":"Lectio para 16\u00ba Domingo de T.O. (preparada por Chuno Ch\u00e1vez Alva, C.M.) - Somos Vicencianos","og_description":"Y se puso a ense\u00f1arles con calma&#8230; LA PALABRA HOY: Jerem\u00edas 23,1-6; Salmo 22; Efesios 2,13-18; Marcos 6,30-34 Ambientaci\u00f3n: Imagen del Buen Pastor; Biblia, cirio; Frase: \u201cSinti\u00f3 compasi\u00f3n de ellos\u201d Cantos sugeridos: El Se\u00f1or es ... Read More","og_url":"https:\/\/vincentians.com\/es\/lectio-para-16o-domingo-de-t-o-preparada-por-chuno-chavez-alva-c-m\/","og_site_name":"Somos Vicencianos","article_publisher":"https:\/\/www.facebook.com\/WeAreVincentians\/","article_author":"https:\/\/www.facebook.com\/JavierChento","article_published_time":"2015-07-15T16:00:32+00:00","article_modified_time":"2016-07-24T08:28:00+00:00","og_image":[{"width":1200,"height":630,"url":"https:\/\/i0.wp.com\/vincentians.com\/es\/wp-content\/uploads\/sites\/11\/2016\/07\/reflexiones-palabra-de-dios.jpg?fit=1200%2C630&ssl=1","type":"image\/jpeg"}],"author":"Francisco Javier Fern\u00e1ndez Chento","twitter_card":"summary_large_image","twitter_creator":"@https:\/\/twitter.com\/javierchento","twitter_site":"@WeVincentians","twitter_misc":{"Escrito por":"Francisco Javier Fern\u00e1ndez Chento","Tiempo de lectura":"5 minutos"},"schema":{"@context":"https:\/\/schema.org","@graph":[{"@type":"Article","@id":"https:\/\/vincentians.com\/es\/lectio-para-16o-domingo-de-t-o-preparada-por-chuno-chavez-alva-c-m\/#article","isPartOf":{"@id":"https:\/\/vincentians.com\/es\/lectio-para-16o-domingo-de-t-o-preparada-por-chuno-chavez-alva-c-m\/"},"author":{"name":"Francisco Javier Fern\u00e1ndez Chento","@id":"http:\/\/vincentians.com\/es\/#\/schema\/person\/9623ef4d9aa3b2dfb8c061f1499288f2"},"headline":"Lectio para 16\u00ba Domingo de T.O. (preparada por Chuno Ch\u00e1vez Alva, C.M.)","datePublished":"2015-07-15T16:00:32+00:00","dateModified":"2016-07-24T08:28:00+00:00","mainEntityOfPage":{"@id":"https:\/\/vincentians.com\/es\/lectio-para-16o-domingo-de-t-o-preparada-por-chuno-chavez-alva-c-m\/"},"wordCount":1033,"commentCount":0,"publisher":{"@id":"http:\/\/vincentians.com\/es\/#organization"},"image":{"@id":"https:\/\/vincentians.com\/es\/lectio-para-16o-domingo-de-t-o-preparada-por-chuno-chavez-alva-c-m\/#primaryimage"},"thumbnailUrl":"https:\/\/i0.wp.com\/vincentians.com\/es\/wp-content\/uploads\/sites\/11\/2016\/07\/reflexiones-palabra-de-dios.jpg?fit=1200%2C630","keywords":["Pobreza"],"articleSection":["Homil\u00edas y reflexiones, A\u00f1o B"],"inLanguage":"es","potentialAction":[{"@type":"CommentAction","name":"Comment","target":["https:\/\/vincentians.com\/es\/lectio-para-16o-domingo-de-t-o-preparada-por-chuno-chavez-alva-c-m\/#respond"]}]},{"@type":"WebPage","@id":"https:\/\/vincentians.com\/es\/lectio-para-16o-domingo-de-t-o-preparada-por-chuno-chavez-alva-c-m\/","url":"https:\/\/vincentians.com\/es\/lectio-para-16o-domingo-de-t-o-preparada-por-chuno-chavez-alva-c-m\/","name":"Lectio para 16\u00ba Domingo de T.O. (preparada por Chuno Ch\u00e1vez Alva, C.M.) - Somos Vicencianos","isPartOf":{"@id":"http:\/\/vincentians.com\/es\/#website"},"primaryImageOfPage":{"@id":"https:\/\/vincentians.com\/es\/lectio-para-16o-domingo-de-t-o-preparada-por-chuno-chavez-alva-c-m\/#primaryimage"},"image":{"@id":"https:\/\/vincentians.com\/es\/lectio-para-16o-domingo-de-t-o-preparada-por-chuno-chavez-alva-c-m\/#primaryimage"},"thumbnailUrl":"https:\/\/i0.wp.com\/vincentians.com\/es\/wp-content\/uploads\/sites\/11\/2016\/07\/reflexiones-palabra-de-dios.jpg?fit=1200%2C630","datePublished":"2015-07-15T16:00:32+00:00","dateModified":"2016-07-24T08:28:00+00:00","breadcrumb":{"@id":"https:\/\/vincentians.com\/es\/lectio-para-16o-domingo-de-t-o-preparada-por-chuno-chavez-alva-c-m\/#breadcrumb"},"inLanguage":"es","potentialAction":[{"@type":"ReadAction","target":["https:\/\/vincentians.com\/es\/lectio-para-16o-domingo-de-t-o-preparada-por-chuno-chavez-alva-c-m\/"]}]},{"@type":"ImageObject","inLanguage":"es","@id":"https:\/\/vincentians.com\/es\/lectio-para-16o-domingo-de-t-o-preparada-por-chuno-chavez-alva-c-m\/#primaryimage","url":"https:\/\/i0.wp.com\/vincentians.com\/es\/wp-content\/uploads\/sites\/11\/2016\/07\/reflexiones-palabra-de-dios.jpg?fit=1200%2C630","contentUrl":"https:\/\/i0.wp.com\/vincentians.com\/es\/wp-content\/uploads\/sites\/11\/2016\/07\/reflexiones-palabra-de-dios.jpg?fit=1200%2C630","width":1200,"height":630},{"@type":"BreadcrumbList","@id":"https:\/\/vincentians.com\/es\/lectio-para-16o-domingo-de-t-o-preparada-por-chuno-chavez-alva-c-m\/#breadcrumb","itemListElement":[{"@type":"ListItem","position":1,"name":"Portada","item":"http:\/\/vincentians.com\/es\/"},{"@type":"ListItem","position":2,"name":"Lectio para 16\u00ba Domingo de T.O. (preparada por Chuno Ch\u00e1vez Alva, C.M.)"}]},{"@type":"WebSite","@id":"http:\/\/vincentians.com\/es\/#website","url":"http:\/\/vincentians.com\/es\/","name":"Somos Vicencianos","description":"Know more to serve more","publisher":{"@id":"http:\/\/vincentians.com\/es\/#organization"},"potentialAction":[{"@type":"SearchAction","target":{"@type":"EntryPoint","urlTemplate":"http:\/\/vincentians.com\/es\/?s={search_term_string}"},"query-input":{"@type":"PropertyValueSpecification","valueRequired":true,"valueName":"search_term_string"}}],"inLanguage":"es"},{"@type":"Organization","@id":"http:\/\/vincentians.com\/es\/#organization","name":"The Vincentian Network","url":"http:\/\/vincentians.com\/es\/","logo":{"@type":"ImageObject","inLanguage":"es","@id":"http:\/\/vincentians.com\/es\/#\/schema\/logo\/image\/","url":"https:\/\/i1.wp.com\/vincentians.com\/es\/wp-content\/uploads\/sites\/11\/2016\/06\/Vincentian-Network-logo-big.png?fit=778%2C778","contentUrl":"https:\/\/i1.wp.com\/vincentians.com\/es\/wp-content\/uploads\/sites\/11\/2016\/06\/Vincentian-Network-logo-big.png?fit=778%2C778","width":778,"height":778,"caption":"The Vincentian Network"},"image":{"@id":"http:\/\/vincentians.com\/es\/#\/schema\/logo\/image\/"},"sameAs":["https:\/\/www.facebook.com\/WeAreVincentians\/","https:\/\/x.com\/WeVincentians"]},{"@type":"Person","@id":"http:\/\/vincentians.com\/es\/#\/schema\/person\/9623ef4d9aa3b2dfb8c061f1499288f2","name":"Francisco Javier Fern\u00e1ndez Chento","image":{"@type":"ImageObject","inLanguage":"es","@id":"http:\/\/vincentians.com\/es\/#\/schema\/person\/image\/","url":"https:\/\/secure.gravatar.com\/avatar\/497d5cde87b4c3d097d0315953521681ba2cd523ee66e5077c3711f7021e65de?s=96&d=mm&r=g","contentUrl":"https:\/\/secure.gravatar.com\/avatar\/497d5cde87b4c3d097d0315953521681ba2cd523ee66e5077c3711f7021e65de?s=96&d=mm&r=g","caption":"Francisco Javier Fern\u00e1ndez Chento"},"description":"Director General y cofundador de La Red de Formaci\u00f3n Vicenciana. Javier es laico vicenciano, afiliado a la Congregaci\u00f3n de la Misi\u00f3n y miembro del Equipo de Misiones Populares de la provincia can\u00f3nica de Zaragoza (Espa\u00f1a) de la Congregaci\u00f3n de la Misi\u00f3n. Graduado en la Universidad Oberta de Catalunya con cuatro grados (Asistente de direcci\u00f3n, Gesti\u00f3n Administrativa, Recursos Humanos y Contabilidad Avanzada). Bil\u00edng\u00fce Espa\u00f1ol\/Ingl\u00e9s. gestiona y mantiene varias p\u00e1ginas web cristianas y vicencianas, incluida including La Red de Formaci\u00f3n Vicenciana, de la que es cofundador. Actualmente es responsable del \u00e1rea de Espa\u00f1ol de .famvin, la Red de Noticias de la Familia Vicenciana. Tambi\u00e9n es m\u00fasico cat\u00f3lico y ha editado varios discos. Es Director General y cofundador de Trovador, una reconocida compa\u00f1\u00eda discogr\u00e1fica critiana de Espa\u00f1a. Trabaja en las Tecnolog\u00edas de la Informaci\u00f3n, ofreciendo servicios de alojamiento, dise\u00f1o y mantenimiento Web, as\u00ed como asesoramiento, formaci\u00f3n y soluciones inform\u00e1ticas, gesti\u00f3n documental y digitalizaci\u00f3n de textos, edici\u00f3n y maquetaci\u00f3n de libros, revistas, flyers, etc.","sameAs":["http:\/\/chento.org","https:\/\/www.facebook.com\/JavierChento","https:\/\/x.com\/https:\/\/twitter.com\/javierchento"],"url":"http:\/\/vincentians.com\/es\/author\/chento\/"}]}},"jetpack_publicize_connections":[],"jetpack_featured_media_url":"https:\/\/i0.wp.com\/vincentians.com\/es\/wp-content\/uploads\/sites\/11\/2016\/07\/reflexiones-palabra-de-dios.jpg?fit=1200%2C630","jetpack_sharing_enabled":true,"jetpack_shortlink":"https:\/\/wp.me\/p7ETMF-SNm","jetpack-related-posts":[{"id":3192,"url":"http:\/\/vincentians.com\/es\/lectio-divina-para-4o-domingo-de-pascua-preparada-por-chuno-chavez-alva-c-m\/","url_meta":{"origin":210636,"position":0},"title":"Lectio Divina para 4\u00ba Domingo de Pascua (preparada por Chuno Ch\u00e1vez Alva, C.M.)","author":"Francisco Javier Fern\u00e1ndez Chento","date":"15\/04\/2013","format":false,"excerpt":"LA PALABRA HOY: Hechos Ap\u00f3stoles 13,14.43-52; Salmo 99; Apocalipsis 7,9.14-17; Juan 10,27-30 Ambientaci\u00f3n: Un cirio, rodeado de flores, cayado de pastor o imagen de Jes\u00fas, Buen Pastor. Frase: mis ovejas escuchan mi voz. Cantos sugeridos: El Se\u00f1or es mi Pastor, nada me falta Ambientaci\u00f3n En esta Pascua que continuamos celebrando,\u2026","rel":"","context":"En \u00abHomil\u00edas y reflexiones, A\u00f1o C\u00bb","block_context":{"text":"Homil\u00edas y reflexiones, A\u00f1o C","link":"http:\/\/vincentians.com\/es\/category\/homilias-y-reflexiones-a-la-palabra-de-dios\/homilias-y-reflexiones-ano-c\/"},"img":{"alt_text":"","src":"https:\/\/i0.wp.com\/vincentians.com\/es\/wp-content\/uploads\/sites\/11\/2016\/07\/reflexiones-palabra-de-dios.jpg?fit=1200%2C630&resize=350%2C200","width":350,"height":200,"srcset":"https:\/\/i0.wp.com\/vincentians.com\/es\/wp-content\/uploads\/sites\/11\/2016\/07\/reflexiones-palabra-de-dios.jpg?fit=1200%2C630&resize=350%2C200 1x, https:\/\/i0.wp.com\/vincentians.com\/es\/wp-content\/uploads\/sites\/11\/2016\/07\/reflexiones-palabra-de-dios.jpg?fit=1200%2C630&resize=525%2C300 1.5x, https:\/\/i0.wp.com\/vincentians.com\/es\/wp-content\/uploads\/sites\/11\/2016\/07\/reflexiones-palabra-de-dios.jpg?fit=1200%2C630&resize=700%2C400 2x, https:\/\/i0.wp.com\/vincentians.com\/es\/wp-content\/uploads\/sites\/11\/2016\/07\/reflexiones-palabra-de-dios.jpg?fit=1200%2C630&resize=1050%2C600 3x"},"classes":[]},{"id":135787,"url":"http:\/\/vincentians.com\/es\/16o-domingo-de-tiempo-ordinario-reflexion-de-jose-roman-flecha\/","url_meta":{"origin":210636,"position":1},"title":"16\u00ba Domingo de T.O. (reflexi\u00f3n de Jos\u00e9 Rom\u00e1n Flecha)","author":"Francisco Javier Fern\u00e1ndez Chento","date":"17\/07\/2012","format":false,"excerpt":"OVEJAS SIN PASTOR Domingo 16 del Tiempo Ordinario. B 22 de julio de 2012 El pastor y las ovejas aparecen muchas veces en las p\u00e1ginas de la Biblia. Su imagen hab\u00eda de convertirse necesariamente en parab\u00f3lica para un pueblo que se hab\u00eda ido formando siguiendo a sus reba\u00f1os. En el\u2026","rel":"","context":"En \u00abHomil\u00edas y reflexiones, A\u00f1o B\u00bb","block_context":{"text":"Homil\u00edas y reflexiones, A\u00f1o B","link":"http:\/\/vincentians.com\/es\/category\/homilias-y-reflexiones-a-la-palabra-de-dios\/homilias-y-reflexiones-ano-b\/"},"img":{"alt_text":"","src":"https:\/\/i0.wp.com\/vincentians.com\/es\/wp-content\/uploads\/sites\/11\/2016\/07\/reflexiones-palabra-de-dios.jpg?fit=1200%2C630&resize=350%2C200","width":350,"height":200,"srcset":"https:\/\/i0.wp.com\/vincentians.com\/es\/wp-content\/uploads\/sites\/11\/2016\/07\/reflexiones-palabra-de-dios.jpg?fit=1200%2C630&resize=350%2C200 1x, https:\/\/i0.wp.com\/vincentians.com\/es\/wp-content\/uploads\/sites\/11\/2016\/07\/reflexiones-palabra-de-dios.jpg?fit=1200%2C630&resize=525%2C300 1.5x, https:\/\/i0.wp.com\/vincentians.com\/es\/wp-content\/uploads\/sites\/11\/2016\/07\/reflexiones-palabra-de-dios.jpg?fit=1200%2C630&resize=700%2C400 2x, https:\/\/i0.wp.com\/vincentians.com\/es\/wp-content\/uploads\/sites\/11\/2016\/07\/reflexiones-palabra-de-dios.jpg?fit=1200%2C630&resize=1050%2C600 3x"},"classes":[]},{"id":5996,"url":"http:\/\/vincentians.com\/es\/lectio-para-4o-domingo-de-pascua-preparada-por-chuno-chavez-alva-c-m\/","url_meta":{"origin":210636,"position":2},"title":"Lectio para 4\u00ba domingo de Pascua (preparada por Chuno Ch\u00e1vez Alva, C.M.)","author":"Francisco Javier Fern\u00e1ndez Chento","date":"07\/05\/2014","format":false,"excerpt":"Vine para que tengan vida y vida en abundancia LA PALABRA HOY: Hechos Ap\u00f3stoles 2,14.36-41; Salmo 22; 1 Pedro 2,20-25; Juan 10,1-10 Ambientaci\u00f3n: Un cayado de pastor; fotograf\u00edas de personas que han encarnado las actitudes del Buen Pastor. Cantos sugeridos: El Se\u00f1or es mi Pastor, nada me falta Ambientaci\u00f3n El\u2026","rel":"","context":"En \u00abHomil\u00edas y reflexiones, A\u00f1o A\u00bb","block_context":{"text":"Homil\u00edas y reflexiones, A\u00f1o A","link":"http:\/\/vincentians.com\/es\/category\/homilias-y-reflexiones-a-la-palabra-de-dios\/homilias-y-reflexiones-ano-a\/"},"img":{"alt_text":"","src":"https:\/\/i0.wp.com\/vincentians.com\/es\/wp-content\/uploads\/sites\/11\/2016\/07\/reflexiones-palabra-de-dios.jpg?fit=1200%2C630&resize=350%2C200","width":350,"height":200,"srcset":"https:\/\/i0.wp.com\/vincentians.com\/es\/wp-content\/uploads\/sites\/11\/2016\/07\/reflexiones-palabra-de-dios.jpg?fit=1200%2C630&resize=350%2C200 1x, https:\/\/i0.wp.com\/vincentians.com\/es\/wp-content\/uploads\/sites\/11\/2016\/07\/reflexiones-palabra-de-dios.jpg?fit=1200%2C630&resize=525%2C300 1.5x, https:\/\/i0.wp.com\/vincentians.com\/es\/wp-content\/uploads\/sites\/11\/2016\/07\/reflexiones-palabra-de-dios.jpg?fit=1200%2C630&resize=700%2C400 2x, https:\/\/i0.wp.com\/vincentians.com\/es\/wp-content\/uploads\/sites\/11\/2016\/07\/reflexiones-palabra-de-dios.jpg?fit=1200%2C630&resize=1050%2C600 3x"},"classes":[]},{"id":143671,"url":"http:\/\/vincentians.com\/es\/lectio-para-4o-domingo-de-pascua-preparada-por-chuno-chavez-alva-c-m-2\/","url_meta":{"origin":210636,"position":3},"title":"Lectio para 4\u00ba Domingo de Pascua (preparada por Chuno Ch\u00e1vez Alva, C.M.)","author":"Francisco Javier Fern\u00e1ndez Chento","date":"20\/04\/2015","format":false,"excerpt":"Yo soy el buen Pastor LA PALABRA HOY: Hechos Ap\u00f3stoles 4,8-12; Salmo 117; 1 Juan 3,1-2; Juan 10,11-18 Ambientaci\u00f3n: Un cayado de pastor; fotograf\u00edas de personas que han encarnado las actitudes del Buen Pastor. Cantos sugeridos: El Se\u00f1or es mi Pastor, nada me falta Ambientaci\u00f3n En esta Pascua que continuamos\u2026","rel":"","context":"En \u00abHomil\u00edas y reflexiones, A\u00f1o B\u00bb","block_context":{"text":"Homil\u00edas y reflexiones, A\u00f1o B","link":"http:\/\/vincentians.com\/es\/category\/homilias-y-reflexiones-a-la-palabra-de-dios\/homilias-y-reflexiones-ano-b\/"},"img":{"alt_text":"","src":"https:\/\/i0.wp.com\/vincentians.com\/es\/wp-content\/uploads\/sites\/11\/2016\/07\/reflexiones-palabra-de-dios.jpg?fit=1200%2C630&resize=350%2C200","width":350,"height":200,"srcset":"https:\/\/i0.wp.com\/vincentians.com\/es\/wp-content\/uploads\/sites\/11\/2016\/07\/reflexiones-palabra-de-dios.jpg?fit=1200%2C630&resize=350%2C200 1x, https:\/\/i0.wp.com\/vincentians.com\/es\/wp-content\/uploads\/sites\/11\/2016\/07\/reflexiones-palabra-de-dios.jpg?fit=1200%2C630&resize=525%2C300 1.5x, https:\/\/i0.wp.com\/vincentians.com\/es\/wp-content\/uploads\/sites\/11\/2016\/07\/reflexiones-palabra-de-dios.jpg?fit=1200%2C630&resize=700%2C400 2x, https:\/\/i0.wp.com\/vincentians.com\/es\/wp-content\/uploads\/sites\/11\/2016\/07\/reflexiones-palabra-de-dios.jpg?fit=1200%2C630&resize=1050%2C600 3x"},"classes":[]},{"id":7248,"url":"http:\/\/vincentians.com\/es\/lectio-para-domingo-1o-de-adviento-preparada-por-chuno-chavez-alva-c-m-2\/","url_meta":{"origin":210636,"position":4},"title":"Lectio para Domingo 1\u00ba de Adviento (preparada por Chuno Ch\u00e1vez Alva, C.M.)","author":"Francisco Javier Fern\u00e1ndez Chento","date":"26\/11\/2014","format":false,"excerpt":"Vigilen, est\u00e9n preparados LA PALABRA HOY: Isa\u00edas 63, 16-17; 64,1.3-8; Salmo 79; 1 Corintios 1,3-9; Marcos 13, 33-37 Ambientaci\u00f3n: Corona de adviento, 1\u00aa vela encendida; una biblia abierta y un despertador Cantos sugeridos: Ven, ven Se\u00f1or no tardes; Consolad Ambientaci\u00f3n Con el Adviento comenzamos un nuevo a\u00f1o Lit\u00fargico, tiempo de\u2026","rel":"","context":"En \u00abHomil\u00edas y reflexiones, A\u00f1o B\u00bb","block_context":{"text":"Homil\u00edas y reflexiones, A\u00f1o B","link":"http:\/\/vincentians.com\/es\/category\/homilias-y-reflexiones-a-la-palabra-de-dios\/homilias-y-reflexiones-ano-b\/"},"img":{"alt_text":"","src":"https:\/\/i0.wp.com\/vincentians.com\/es\/wp-content\/uploads\/sites\/11\/2016\/07\/reflexiones-palabra-de-dios.jpg?fit=1200%2C630&resize=350%2C200","width":350,"height":200,"srcset":"https:\/\/i0.wp.com\/vincentians.com\/es\/wp-content\/uploads\/sites\/11\/2016\/07\/reflexiones-palabra-de-dios.jpg?fit=1200%2C630&resize=350%2C200 1x, https:\/\/i0.wp.com\/vincentians.com\/es\/wp-content\/uploads\/sites\/11\/2016\/07\/reflexiones-palabra-de-dios.jpg?fit=1200%2C630&resize=525%2C300 1.5x, https:\/\/i0.wp.com\/vincentians.com\/es\/wp-content\/uploads\/sites\/11\/2016\/07\/reflexiones-palabra-de-dios.jpg?fit=1200%2C630&resize=700%2C400 2x, https:\/\/i0.wp.com\/vincentians.com\/es\/wp-content\/uploads\/sites\/11\/2016\/07\/reflexiones-palabra-de-dios.jpg?fit=1200%2C630&resize=1050%2C600 3x"},"classes":[]},{"id":6011,"url":"http:\/\/vincentians.com\/es\/4o-domingo-de-pascua-reflexion-de-jose-cervantes-gabarron-2\/","url_meta":{"origin":210636,"position":5},"title":"4\u00ba Domingo de Pascua (reflexi\u00f3n de Jos\u00e9 Cervantes Gabarr\u00f3n)","author":"Francisco Javier Fern\u00e1ndez Chento","date":"10\/05\/2014","format":false,"excerpt":"Cristo, puerta abierta a la vida Jos\u00e9 Cervantes Gabarr\u00f3n, sacerdote misionero y profesor de Sagrada Escritura.Tras los primeros domingos del tiempo pascual en los cuales hemos le\u00eddo los textos relativos al sepulcro abierto y vac\u00edo y a algunas apariciones del resucitado, en este cuarto domingo las lecturas b\u00edblicas presentan a\u2026","rel":"","context":"En \u00abHomil\u00edas y reflexiones, A\u00f1o A\u00bb","block_context":{"text":"Homil\u00edas y reflexiones, A\u00f1o A","link":"http:\/\/vincentians.com\/es\/category\/homilias-y-reflexiones-a-la-palabra-de-dios\/homilias-y-reflexiones-ano-a\/"},"img":{"alt_text":"","src":"https:\/\/i0.wp.com\/vincentians.com\/es\/wp-content\/uploads\/sites\/11\/2016\/07\/reflexiones-palabra-de-dios.jpg?fit=1200%2C630&resize=350%2C200","width":350,"height":200,"srcset":"https:\/\/i0.wp.com\/vincentians.com\/es\/wp-content\/uploads\/sites\/11\/2016\/07\/reflexiones-palabra-de-dios.jpg?fit=1200%2C630&resize=350%2C200 1x, https:\/\/i0.wp.com\/vincentians.com\/es\/wp-content\/uploads\/sites\/11\/2016\/07\/reflexiones-palabra-de-dios.jpg?fit=1200%2C630&resize=525%2C300 1.5x, https:\/\/i0.wp.com\/vincentians.com\/es\/wp-content\/uploads\/sites\/11\/2016\/07\/reflexiones-palabra-de-dios.jpg?fit=1200%2C630&resize=700%2C400 2x, https:\/\/i0.wp.com\/vincentians.com\/es\/wp-content\/uploads\/sites\/11\/2016\/07\/reflexiones-palabra-de-dios.jpg?fit=1200%2C630&resize=1050%2C600 3x"},"classes":[]}],"_links":{"self":[{"href":"http:\/\/vincentians.com\/es\/wp-json\/wp\/v2\/posts\/210636","targetHints":{"allow":["GET"]}}],"collection":[{"href":"http:\/\/vincentians.com\/es\/wp-json\/wp\/v2\/posts"}],"about":[{"href":"http:\/\/vincentians.com\/es\/wp-json\/wp\/v2\/types\/post"}],"author":[{"embeddable":true,"href":"http:\/\/vincentians.com\/es\/wp-json\/wp\/v2\/users\/4"}],"replies":[{"embeddable":true,"href":"http:\/\/vincentians.com\/es\/wp-json\/wp\/v2\/comments?post=210636"}],"version-history":[{"count":0,"href":"http:\/\/vincentians.com\/es\/wp-json\/wp\/v2\/posts\/210636\/revisions"}],"wp:featuredmedia":[{"embeddable":true,"href":"http:\/\/vincentians.com\/es\/wp-json\/wp\/v2\/media\/388408"}],"wp:attachment":[{"href":"http:\/\/vincentians.com\/es\/wp-json\/wp\/v2\/media?parent=210636"}],"wp:term":[{"taxonomy":"category","embeddable":true,"href":"http:\/\/vincentians.com\/es\/wp-json\/wp\/v2\/categories?post=210636"},{"taxonomy":"post_tag","embeddable":true,"href":"http:\/\/vincentians.com\/es\/wp-json\/wp\/v2\/tags?post=210636"}],"curies":[{"name":"wp","href":"https:\/\/api.w.org\/{rel}","templated":true}]}}