{"id":2095,"date":"2012-10-22T19:21:32","date_gmt":"2012-10-22T17:21:32","guid":{"rendered":"http:\/\/somos.vicencianos.org\/comentarios\/?p=2095"},"modified":"2016-07-24T10:28:20","modified_gmt":"2016-07-24T08:28:20","slug":"lectio-divina-para-el-30o-domingo-de-tiempo-ordinario-preparada-por-el-p-chuno-c-m","status":"publish","type":"post","link":"http:\/\/vincentians.com\/es\/lectio-divina-para-el-30o-domingo-de-tiempo-ordinario-preparada-por-el-p-chuno-c-m\/","title":{"rendered":"Lectio Divina para el 30\u00ba Domingo de Tiempo Ordinario (preparada por Chuno Ch\u00e1vez Alva, C.M.)"},"content":{"rendered":"<div>\n<p style=\"padding-left: 30px\"><strong>LA PALABRA HOY: <\/strong>Jerem\u00edas 31,7-9; Salmo 125; Hebreos 5,1-6; Marcos 10,46-52<\/p>\n<p style=\"padding-left: 30px\"><strong>Ambientaci\u00f3n: <\/strong>Un cirio, algunas velas m\u00e1s peque\u00f1as apagadas, lentes oscuros, antifaz, vendas varias. Frase: \u00a1Se\u00f1or, haz que vea!<\/p>\n<p style=\"padding-left: 30px\"><strong>Cantos sugeridos: <\/strong>Danos tu luz; Oraci\u00f3n de unidad<\/p>\n<\/div>\n<h2>Ambientaci\u00f3n<\/h2>\n<p><em>Tanto el pueblo de Israel como Bartimeo viven una experiencia de salvaci\u00f3n, simbolizada en la curaci\u00f3n de la ceguera. Ambos tendr\u00e1n que responder, ponerse en camino y acoger la promesa que les habla de restauraci\u00f3n, de curaci\u00f3n.<\/em><\/p>\n<p><em>Tambi\u00e9n nosotros estamos llamados hoy a acoger la voz de Jes\u00fas, que nos invita a descubrir cu\u00e1les son nuestras cegueras.<br \/>\n<\/em><\/p>\n<h2>Oraci\u00f3n inicial<\/h2>\n<p>Permite que te sigamos por el camino,<br \/>\noh Cristo, que has librado nuestra vida<br \/>\nde las sombras de pecado y la muerte..<br \/>\npermite que dejando todo aquello<br \/>\nen lo que hemos confiado ciegamente,<br \/>\nseamos en el mundo presencia amorosa<br \/>\nde tu Reino entre las personas.<\/p>\n<p>Y contin\u00faa abriendo nuestros ojos<br \/>\nante los signos de tu paso;<br \/>\nQue podamos decirte en medio de todos:<br \/>\n\u201cPiedad de nosotros, Hijo de David,<br \/>\nllena nuestras vidas de tu Gracia\u201d.<br \/>\nPara llevar a los pobres y a los peque\u00f1os<br \/>\nesta noticia gozosa de tu cercan\u00eda&#8230;<br \/>\nPara llevarte a ti, oh Cristo,<br \/>\nluz, camino y aspiraci\u00f3n verdadera<br \/>\nde todo hombre que viene a este mundo.<br \/>\nAm\u00e9n.<\/p>\n<h2>I. Lectio: \u00bfQu\u00e9 dice el texto? \u2013 Marcos 10, 46-52<\/h2>\n<p><strong><strong><\/strong>Motivaci\u00f3n:<\/strong><em> Aut\u00e9ntico disc\u00edpulo es aquel que da testimonio y proclama su fe, la traduce en oraci\u00f3n perseverante y confiada, se libera de todo lo que impida un encuentro personal con Cristo e, iluminado por \u00c9l, lo sigue decidido en su camino. Escuchemos.<\/em><\/p>\n<p><strong>Forma de leerlo:<\/strong><\/p>\n<ol>\n<li>Proclamar el texto en voz alta (todos de pie).<\/li>\n<li>Cada uno puede leer en voz alta el vers\u00edculo que m\u00e1s le llam\u00f3 la atenci\u00f3n (sentados).<\/li>\n<\/ol>\n<p><strong>Preguntas para la lectura:<\/strong><\/p>\n<ul>\n<li>\u00bfQui\u00e9n era Bartimeo? \u00bfD\u00f3nde se encontraba?<\/li>\n<li>\u00bfQu\u00e9 le pide a Jes\u00fas? \u00bfC\u00f3mo le llama?<\/li>\n<li>\u00bfC\u00f3mo reacciona la gente que se encuentra en el camino?<\/li>\n<li>\u00bfQu\u00e9 acciones realiza Bartimeo para acercarse a Jes\u00fas?<\/li>\n<li>\u00bfQu\u00e9 le dice Jes\u00fas?<\/li>\n<li>Una vez curado, \u00bfqu\u00e9 hace Bartimeo?<\/li>\n<\/ul>\n<p><strong>Otros textos b\u00edblicos para confrontar: Mt 20,29-34; Lc 18,35-43; Mc 5,34<\/strong><\/p>\n<div>\n<h2>II. Meditatio: \u00bfQu\u00e9 me dice? \u00bfQu\u00e9 nos dice el Texto?<em><br \/>\n<\/em><\/h2>\n<\/div>\n<p><strong><em>Motivaci\u00f3n: <\/em><\/strong><em>Todos podemos vernos reflejados en el relato que hemos escuchado. La historia de Bartimeo es tambi\u00e9n nuestra propia historia. Sabemos, como este mendigo ciego, que s\u00f3lo Jes\u00fas puede devolvernos la vista y hacer que le sigamos por el camino.<\/em><\/p>\n<ul>\n<li>\u00bfEn qu\u00e9 se parece mi fe a la de Bartimeo?<\/li>\n<li>\u00bfCu\u00e1les son las cegueras que me impiden seguir a Jes\u00fas por el camino del discipulado?<\/li>\n<li>Cuando el camino se hace duro, \u00bfme quedo \u201cal borde del camino\u201d o redoblo mi s\u00faplica confiada?<\/li>\n<li>\u00bfPor qu\u00e9 camino me est\u00e1 invitando Jes\u00fas a seguirle?<\/li>\n<li>\u00bfEn qu\u00e9 momentos de mi vida he experimentado a Jes\u00fas como luz?<\/li>\n<li>El mendigo ciego, sentado junto al camino, espera que Jes\u00fas abra sus ojos y alumbre su mirada. \u00bfQu\u00e9 motivos para la esperanza me sugiere este texto?<\/li>\n<\/ul>\n<div>\n<p><em>Luego de un tiempo de meditaci\u00f3n personal, compartimos con sencillez nuestra reflexi\u00f3n, lo que el texto ME dice a mi propia realidad y situaci\u00f3n personal.<\/em><\/p>\n<\/div>\n<h2>III. Oratio: \u00bfQu\u00e9 le digo al Se\u00f1or motivado por su Palabra?<strong><br \/>\n<\/strong><\/h2>\n<p><strong><em><strong><em><\/em><\/strong>Motivaci\u00f3n: <\/em><\/strong><em>La Palabra de Dios ha dejado al descubierto que no son pocas nuestras cegueras. Como aquel mendigo ciego ponemos nuestra confianza en Jes\u00fas y le gritamos que nos devuelva la vista.<\/em><\/p>\n<ul>\n<li>Luego de un tiempo de oraci\u00f3n personal, podemos compartir en voz alta nuestra oraci\u00f3n, siempre dirigi\u00e9ndonos a Dios mediante la alabanza, la acci\u00f3n de gracias o la s\u00faplica confiada.<\/li>\n<li>Se puede, tambi\u00e9n, recitar el salmo responsorial que corresponde a este domingo (Salmo 125)<em>. <\/em><\/li>\n<\/ul>\n<h2>IV. Contemplatio: \u00bfQu\u00e9 me lleva a hacer el texto?<\/h2>\n<p><strong>Motivaci\u00f3n:<\/strong> <em>San Vicente y Santa Luisa hablaron en diversas ocasiones de la ceguera espiritual:<\/em><\/p>\n<p>\u00abTenemos que entregarnos enteramente a Dios y pedirle la gracia de conocernos a nosotros mismos. Porque, cuando queremos elevarnos demasiado, cuando buscamos nuestras propias satisfacciones, la ceguera de nuestro amor propio es la que nos oculta este conocimiento, que nos impide ver que todo lo bueno que en nosotros se aprecia, no es de nosotros. \u00bb (IX,174)<\/p>\n<p>\u00abMe ha parecido en el primer punto que una de las razones que tenemos para darnos a Dios es la gran dificultad que el amor a nuestra propia estima opone siempre a la pr\u00e1ctica de esta virtud por la ceguera en que nos hace caer respecto a nosotros mismos y respecto al pr\u00f3jimo; ello es causa de que con frecuencia juzguemos las intenciones y acciones de nuestras Hermanas de manera muy distinta a la verdad.\u00bb (SLM, E64).<\/p>\n<p>San Vicente invita a confiar en Jes\u00fas, luz del mundo: \u201c<em>Siga haciendo que sus decisiones sean cada vez m\u00e1s conformes con Nuestro Se\u00f1or y conf\u00ede en \u00e9l, que ser\u00e1 su luz y su fortaleza en todo.\u201d (VI,548)<\/em><\/p>\n<p><strong>Compromiso: Consciente de mi ceguera, clamar\u00e9 a Jes\u00fas y me pondr\u00e9 nuevamente en camino para seguir a Jes\u00fas.<\/strong><\/p>\n<h2>Oraci\u00f3n final<em><\/em><\/h2>\n<p><em><\/em>Se\u00f1or ay\u00fadanos a vivir tus ense\u00f1anzas<br \/>\ncon la alegr\u00eda de saber que ellas nos identifican contigo,<br \/>\nque por ellas actualizamos tu manera de ser<br \/>\ny as\u00ed estamos realizando el proyecto del Padre.<br \/>\nLlena nuestro coraz\u00f3n de alegr\u00eda,<br \/>\nal servir desinteresadamente, a ser gratuitos en el bien que hacemos,<br \/>\nal mirar la otro con tus ojos y al amar a tu estilo y a tu manera,<br \/>\nbuscando solo el bien de los dem\u00e1s.<br \/>\nDanos la capacidad de amar y servir<br \/>\ncomo lo hiciste T\u00fa. Que as\u00ed sea.<strong><\/strong><strong><em><\/em><\/strong><\/p>\n","protected":false},"excerpt":{"rendered":"<p>LA PALABRA HOY: Jerem\u00edas 31,7-9; Salmo 125; Hebreos 5,1-6; Marcos 10,46-52 Ambientaci\u00f3n: Un cirio, algunas velas m\u00e1s peque\u00f1as apagadas, lentes oscuros, antifaz, vendas varias. Frase: \u00a1Se\u00f1or, haz que vea! Cantos sugeridos: Danos tu luz; Oraci\u00f3n &#8230; <a href=\"http:\/\/vincentians.com\/es\/lectio-divina-para-el-30o-domingo-de-tiempo-ordinario-preparada-por-el-p-chuno-c-m\/\" class=\"more-link\">Read More<\/a><\/p>\n","protected":false},"author":4,"featured_media":388408,"comment_status":"open","ping_status":"open","sticky":false,"template":"","format":"standard","meta":{"jetpack_post_was_ever_published":false,"_jetpack_newsletter_access":"","_jetpack_dont_email_post_to_subs":false,"_jetpack_newsletter_tier_id":0,"_jetpack_memberships_contains_paywalled_content":false,"_jetpack_memberships_contains_paid_content":false,"footnotes":"","jetpack_publicize_message":"","jetpack_publicize_feature_enabled":true,"jetpack_social_post_already_shared":true,"jetpack_social_options":{"image_generator_settings":{"template":"highway","default_image_id":0,"font":"","enabled":false},"version":2}},"categories":[93],"tags":[],"class_list":["post-2095","post","type-post","status-publish","format-standard","has-post-thumbnail","hentry","category-homilias-y-reflexiones-ano-b"],"yoast_head":"<!-- This site is optimized with the Yoast SEO plugin v26.3 - https:\/\/yoast.com\/wordpress\/plugins\/seo\/ -->\n<title>Lectio Divina para el 30\u00ba Domingo de Tiempo Ordinario (preparada por Chuno Ch\u00e1vez Alva, C.M.) - Somos Vicencianos<\/title>\n<meta name=\"robots\" content=\"index, follow, max-snippet:-1, max-image-preview:large, max-video-preview:-1\" \/>\n<link rel=\"canonical\" href=\"http:\/\/vincentians.com\/es\/lectio-divina-para-el-30o-domingo-de-tiempo-ordinario-preparada-por-el-p-chuno-c-m\/\" \/>\n<meta property=\"og:locale\" content=\"es_ES\" \/>\n<meta property=\"og:type\" content=\"article\" \/>\n<meta property=\"og:title\" content=\"Lectio Divina para el 30\u00ba Domingo de Tiempo Ordinario (preparada por Chuno Ch\u00e1vez Alva, C.M.) - Somos Vicencianos\" \/>\n<meta property=\"og:description\" content=\"LA PALABRA HOY: Jerem\u00edas 31,7-9; Salmo 125; Hebreos 5,1-6; Marcos 10,46-52 Ambientaci\u00f3n: Un cirio, algunas velas m\u00e1s peque\u00f1as apagadas, lentes oscuros, antifaz, vendas varias. Frase: \u00a1Se\u00f1or, haz que vea! Cantos sugeridos: Danos tu luz; Oraci\u00f3n ... Read More\" \/>\n<meta property=\"og:url\" content=\"http:\/\/vincentians.com\/es\/lectio-divina-para-el-30o-domingo-de-tiempo-ordinario-preparada-por-el-p-chuno-c-m\/\" \/>\n<meta property=\"og:site_name\" content=\"Somos Vicencianos\" \/>\n<meta property=\"article:publisher\" content=\"https:\/\/www.facebook.com\/WeAreVincentians\/\" \/>\n<meta property=\"article:author\" content=\"https:\/\/www.facebook.com\/JavierChento\" \/>\n<meta property=\"article:published_time\" content=\"2012-10-22T17:21:32+00:00\" \/>\n<meta property=\"article:modified_time\" content=\"2016-07-24T08:28:20+00:00\" \/>\n<meta property=\"og:image\" content=\"https:\/\/i0.wp.com\/vincentians.com\/es\/wp-content\/uploads\/sites\/11\/2016\/07\/reflexiones-palabra-de-dios.jpg?fit=1200%2C630\" \/>\n\t<meta property=\"og:image:width\" content=\"1200\" \/>\n\t<meta property=\"og:image:height\" content=\"630\" \/>\n\t<meta property=\"og:image:type\" content=\"image\/jpeg\" \/>\n<meta name=\"author\" content=\"Francisco Javier Fern\u00e1ndez Chento\" \/>\n<meta name=\"twitter:card\" content=\"summary_large_image\" \/>\n<meta name=\"twitter:creator\" content=\"@https:\/\/twitter.com\/javierchento\" \/>\n<meta name=\"twitter:site\" content=\"@WeVincentians\" \/>\n<meta name=\"twitter:label1\" content=\"Escrito por\" \/>\n\t<meta name=\"twitter:data1\" content=\"Francisco Javier Fern\u00e1ndez Chento\" \/>\n\t<meta name=\"twitter:label2\" content=\"Tiempo de lectura\" \/>\n\t<meta name=\"twitter:data2\" content=\"5 minutos\" \/>\n<script type=\"application\/ld+json\" class=\"yoast-schema-graph\">{\"@context\":\"https:\/\/schema.org\",\"@graph\":[{\"@type\":\"Article\",\"@id\":\"http:\/\/vincentians.com\/es\/lectio-divina-para-el-30o-domingo-de-tiempo-ordinario-preparada-por-el-p-chuno-c-m\/#article\",\"isPartOf\":{\"@id\":\"http:\/\/vincentians.com\/es\/lectio-divina-para-el-30o-domingo-de-tiempo-ordinario-preparada-por-el-p-chuno-c-m\/\"},\"author\":{\"name\":\"Francisco Javier Fern\u00e1ndez Chento\",\"@id\":\"http:\/\/vincentians.com\/es\/#\/schema\/person\/9623ef4d9aa3b2dfb8c061f1499288f2\"},\"headline\":\"Lectio Divina para el 30\u00ba Domingo de Tiempo Ordinario (preparada por Chuno Ch\u00e1vez Alva, C.M.)\",\"datePublished\":\"2012-10-22T17:21:32+00:00\",\"dateModified\":\"2016-07-24T08:28:20+00:00\",\"mainEntityOfPage\":{\"@id\":\"http:\/\/vincentians.com\/es\/lectio-divina-para-el-30o-domingo-de-tiempo-ordinario-preparada-por-el-p-chuno-c-m\/\"},\"wordCount\":979,\"commentCount\":0,\"publisher\":{\"@id\":\"http:\/\/vincentians.com\/es\/#organization\"},\"image\":{\"@id\":\"http:\/\/vincentians.com\/es\/lectio-divina-para-el-30o-domingo-de-tiempo-ordinario-preparada-por-el-p-chuno-c-m\/#primaryimage\"},\"thumbnailUrl\":\"https:\/\/i0.wp.com\/vincentians.com\/es\/wp-content\/uploads\/sites\/11\/2016\/07\/reflexiones-palabra-de-dios.jpg?fit=1200%2C630\",\"articleSection\":[\"Homil\u00edas y reflexiones, A\u00f1o B\"],\"inLanguage\":\"es\",\"potentialAction\":[{\"@type\":\"CommentAction\",\"name\":\"Comment\",\"target\":[\"http:\/\/vincentians.com\/es\/lectio-divina-para-el-30o-domingo-de-tiempo-ordinario-preparada-por-el-p-chuno-c-m\/#respond\"]}]},{\"@type\":\"WebPage\",\"@id\":\"http:\/\/vincentians.com\/es\/lectio-divina-para-el-30o-domingo-de-tiempo-ordinario-preparada-por-el-p-chuno-c-m\/\",\"url\":\"http:\/\/vincentians.com\/es\/lectio-divina-para-el-30o-domingo-de-tiempo-ordinario-preparada-por-el-p-chuno-c-m\/\",\"name\":\"Lectio Divina para el 30\u00ba Domingo de Tiempo Ordinario (preparada por Chuno Ch\u00e1vez Alva, C.M.) - Somos Vicencianos\",\"isPartOf\":{\"@id\":\"http:\/\/vincentians.com\/es\/#website\"},\"primaryImageOfPage\":{\"@id\":\"http:\/\/vincentians.com\/es\/lectio-divina-para-el-30o-domingo-de-tiempo-ordinario-preparada-por-el-p-chuno-c-m\/#primaryimage\"},\"image\":{\"@id\":\"http:\/\/vincentians.com\/es\/lectio-divina-para-el-30o-domingo-de-tiempo-ordinario-preparada-por-el-p-chuno-c-m\/#primaryimage\"},\"thumbnailUrl\":\"https:\/\/i0.wp.com\/vincentians.com\/es\/wp-content\/uploads\/sites\/11\/2016\/07\/reflexiones-palabra-de-dios.jpg?fit=1200%2C630\",\"datePublished\":\"2012-10-22T17:21:32+00:00\",\"dateModified\":\"2016-07-24T08:28:20+00:00\",\"breadcrumb\":{\"@id\":\"http:\/\/vincentians.com\/es\/lectio-divina-para-el-30o-domingo-de-tiempo-ordinario-preparada-por-el-p-chuno-c-m\/#breadcrumb\"},\"inLanguage\":\"es\",\"potentialAction\":[{\"@type\":\"ReadAction\",\"target\":[\"http:\/\/vincentians.com\/es\/lectio-divina-para-el-30o-domingo-de-tiempo-ordinario-preparada-por-el-p-chuno-c-m\/\"]}]},{\"@type\":\"ImageObject\",\"inLanguage\":\"es\",\"@id\":\"http:\/\/vincentians.com\/es\/lectio-divina-para-el-30o-domingo-de-tiempo-ordinario-preparada-por-el-p-chuno-c-m\/#primaryimage\",\"url\":\"https:\/\/i0.wp.com\/vincentians.com\/es\/wp-content\/uploads\/sites\/11\/2016\/07\/reflexiones-palabra-de-dios.jpg?fit=1200%2C630\",\"contentUrl\":\"https:\/\/i0.wp.com\/vincentians.com\/es\/wp-content\/uploads\/sites\/11\/2016\/07\/reflexiones-palabra-de-dios.jpg?fit=1200%2C630\",\"width\":1200,\"height\":630},{\"@type\":\"BreadcrumbList\",\"@id\":\"http:\/\/vincentians.com\/es\/lectio-divina-para-el-30o-domingo-de-tiempo-ordinario-preparada-por-el-p-chuno-c-m\/#breadcrumb\",\"itemListElement\":[{\"@type\":\"ListItem\",\"position\":1,\"name\":\"Portada\",\"item\":\"http:\/\/vincentians.com\/es\/\"},{\"@type\":\"ListItem\",\"position\":2,\"name\":\"Lectio Divina para el 30\u00ba Domingo de Tiempo Ordinario (preparada por Chuno Ch\u00e1vez Alva, C.M.)\"}]},{\"@type\":\"WebSite\",\"@id\":\"http:\/\/vincentians.com\/es\/#website\",\"url\":\"http:\/\/vincentians.com\/es\/\",\"name\":\"Somos Vicencianos\",\"description\":\"Know more to serve more\",\"publisher\":{\"@id\":\"http:\/\/vincentians.com\/es\/#organization\"},\"potentialAction\":[{\"@type\":\"SearchAction\",\"target\":{\"@type\":\"EntryPoint\",\"urlTemplate\":\"http:\/\/vincentians.com\/es\/?s={search_term_string}\"},\"query-input\":{\"@type\":\"PropertyValueSpecification\",\"valueRequired\":true,\"valueName\":\"search_term_string\"}}],\"inLanguage\":\"es\"},{\"@type\":\"Organization\",\"@id\":\"http:\/\/vincentians.com\/es\/#organization\",\"name\":\"The Vincentian Network\",\"url\":\"http:\/\/vincentians.com\/es\/\",\"logo\":{\"@type\":\"ImageObject\",\"inLanguage\":\"es\",\"@id\":\"http:\/\/vincentians.com\/es\/#\/schema\/logo\/image\/\",\"url\":\"https:\/\/i1.wp.com\/vincentians.com\/es\/wp-content\/uploads\/sites\/11\/2016\/06\/Vincentian-Network-logo-big.png?fit=778%2C778\",\"contentUrl\":\"https:\/\/i1.wp.com\/vincentians.com\/es\/wp-content\/uploads\/sites\/11\/2016\/06\/Vincentian-Network-logo-big.png?fit=778%2C778\",\"width\":778,\"height\":778,\"caption\":\"The Vincentian Network\"},\"image\":{\"@id\":\"http:\/\/vincentians.com\/es\/#\/schema\/logo\/image\/\"},\"sameAs\":[\"https:\/\/www.facebook.com\/WeAreVincentians\/\",\"https:\/\/x.com\/WeVincentians\"]},{\"@type\":\"Person\",\"@id\":\"http:\/\/vincentians.com\/es\/#\/schema\/person\/9623ef4d9aa3b2dfb8c061f1499288f2\",\"name\":\"Francisco Javier Fern\u00e1ndez Chento\",\"image\":{\"@type\":\"ImageObject\",\"inLanguage\":\"es\",\"@id\":\"http:\/\/vincentians.com\/es\/#\/schema\/person\/image\/\",\"url\":\"https:\/\/secure.gravatar.com\/avatar\/497d5cde87b4c3d097d0315953521681ba2cd523ee66e5077c3711f7021e65de?s=96&d=mm&r=g\",\"contentUrl\":\"https:\/\/secure.gravatar.com\/avatar\/497d5cde87b4c3d097d0315953521681ba2cd523ee66e5077c3711f7021e65de?s=96&d=mm&r=g\",\"caption\":\"Francisco Javier Fern\u00e1ndez Chento\"},\"description\":\"Director General y cofundador de La Red de Formaci\u00f3n Vicenciana. Javier es laico vicenciano, afiliado a la Congregaci\u00f3n de la Misi\u00f3n y miembro del Equipo de Misiones Populares de la provincia can\u00f3nica de Zaragoza (Espa\u00f1a) de la Congregaci\u00f3n de la Misi\u00f3n. Graduado en la Universidad Oberta de Catalunya con cuatro grados (Asistente de direcci\u00f3n, Gesti\u00f3n Administrativa, Recursos Humanos y Contabilidad Avanzada). Bil\u00edng\u00fce Espa\u00f1ol\/Ingl\u00e9s. gestiona y mantiene varias p\u00e1ginas web cristianas y vicencianas, incluida including La Red de Formaci\u00f3n Vicenciana, de la que es cofundador. Actualmente es responsable del \u00e1rea de Espa\u00f1ol de .famvin, la Red de Noticias de la Familia Vicenciana. Tambi\u00e9n es m\u00fasico cat\u00f3lico y ha editado varios discos. Es Director General y cofundador de Trovador, una reconocida compa\u00f1\u00eda discogr\u00e1fica critiana de Espa\u00f1a. Trabaja en las Tecnolog\u00edas de la Informaci\u00f3n, ofreciendo servicios de alojamiento, dise\u00f1o y mantenimiento Web, as\u00ed como asesoramiento, formaci\u00f3n y soluciones inform\u00e1ticas, gesti\u00f3n documental y digitalizaci\u00f3n de textos, edici\u00f3n y maquetaci\u00f3n de libros, revistas, flyers, etc.\",\"sameAs\":[\"http:\/\/chento.org\",\"https:\/\/www.facebook.com\/JavierChento\",\"https:\/\/x.com\/https:\/\/twitter.com\/javierchento\"],\"url\":\"http:\/\/vincentians.com\/es\/author\/chento\/\"}]}<\/script>\n<!-- \/ Yoast SEO plugin. -->","yoast_head_json":{"title":"Lectio Divina para el 30\u00ba Domingo de Tiempo Ordinario (preparada por Chuno Ch\u00e1vez Alva, C.M.) - Somos Vicencianos","robots":{"index":"index","follow":"follow","max-snippet":"max-snippet:-1","max-image-preview":"max-image-preview:large","max-video-preview":"max-video-preview:-1"},"canonical":"http:\/\/vincentians.com\/es\/lectio-divina-para-el-30o-domingo-de-tiempo-ordinario-preparada-por-el-p-chuno-c-m\/","og_locale":"es_ES","og_type":"article","og_title":"Lectio Divina para el 30\u00ba Domingo de Tiempo Ordinario (preparada por Chuno Ch\u00e1vez Alva, C.M.) - Somos Vicencianos","og_description":"LA PALABRA HOY: Jerem\u00edas 31,7-9; Salmo 125; Hebreos 5,1-6; Marcos 10,46-52 Ambientaci\u00f3n: Un cirio, algunas velas m\u00e1s peque\u00f1as apagadas, lentes oscuros, antifaz, vendas varias. Frase: \u00a1Se\u00f1or, haz que vea! Cantos sugeridos: Danos tu luz; Oraci\u00f3n ... Read More","og_url":"http:\/\/vincentians.com\/es\/lectio-divina-para-el-30o-domingo-de-tiempo-ordinario-preparada-por-el-p-chuno-c-m\/","og_site_name":"Somos Vicencianos","article_publisher":"https:\/\/www.facebook.com\/WeAreVincentians\/","article_author":"https:\/\/www.facebook.com\/JavierChento","article_published_time":"2012-10-22T17:21:32+00:00","article_modified_time":"2016-07-24T08:28:20+00:00","og_image":[{"width":1200,"height":630,"url":"https:\/\/i0.wp.com\/vincentians.com\/es\/wp-content\/uploads\/sites\/11\/2016\/07\/reflexiones-palabra-de-dios.jpg?fit=1200%2C630","type":"image\/jpeg"}],"author":"Francisco Javier Fern\u00e1ndez Chento","twitter_card":"summary_large_image","twitter_creator":"@https:\/\/twitter.com\/javierchento","twitter_site":"@WeVincentians","twitter_misc":{"Escrito por":"Francisco Javier Fern\u00e1ndez Chento","Tiempo de lectura":"5 minutos"},"schema":{"@context":"https:\/\/schema.org","@graph":[{"@type":"Article","@id":"http:\/\/vincentians.com\/es\/lectio-divina-para-el-30o-domingo-de-tiempo-ordinario-preparada-por-el-p-chuno-c-m\/#article","isPartOf":{"@id":"http:\/\/vincentians.com\/es\/lectio-divina-para-el-30o-domingo-de-tiempo-ordinario-preparada-por-el-p-chuno-c-m\/"},"author":{"name":"Francisco Javier Fern\u00e1ndez Chento","@id":"http:\/\/vincentians.com\/es\/#\/schema\/person\/9623ef4d9aa3b2dfb8c061f1499288f2"},"headline":"Lectio Divina para el 30\u00ba Domingo de Tiempo Ordinario (preparada por Chuno Ch\u00e1vez Alva, C.M.)","datePublished":"2012-10-22T17:21:32+00:00","dateModified":"2016-07-24T08:28:20+00:00","mainEntityOfPage":{"@id":"http:\/\/vincentians.com\/es\/lectio-divina-para-el-30o-domingo-de-tiempo-ordinario-preparada-por-el-p-chuno-c-m\/"},"wordCount":979,"commentCount":0,"publisher":{"@id":"http:\/\/vincentians.com\/es\/#organization"},"image":{"@id":"http:\/\/vincentians.com\/es\/lectio-divina-para-el-30o-domingo-de-tiempo-ordinario-preparada-por-el-p-chuno-c-m\/#primaryimage"},"thumbnailUrl":"https:\/\/i0.wp.com\/vincentians.com\/es\/wp-content\/uploads\/sites\/11\/2016\/07\/reflexiones-palabra-de-dios.jpg?fit=1200%2C630","articleSection":["Homil\u00edas y reflexiones, A\u00f1o B"],"inLanguage":"es","potentialAction":[{"@type":"CommentAction","name":"Comment","target":["http:\/\/vincentians.com\/es\/lectio-divina-para-el-30o-domingo-de-tiempo-ordinario-preparada-por-el-p-chuno-c-m\/#respond"]}]},{"@type":"WebPage","@id":"http:\/\/vincentians.com\/es\/lectio-divina-para-el-30o-domingo-de-tiempo-ordinario-preparada-por-el-p-chuno-c-m\/","url":"http:\/\/vincentians.com\/es\/lectio-divina-para-el-30o-domingo-de-tiempo-ordinario-preparada-por-el-p-chuno-c-m\/","name":"Lectio Divina para el 30\u00ba Domingo de Tiempo Ordinario (preparada por Chuno Ch\u00e1vez Alva, C.M.) - Somos Vicencianos","isPartOf":{"@id":"http:\/\/vincentians.com\/es\/#website"},"primaryImageOfPage":{"@id":"http:\/\/vincentians.com\/es\/lectio-divina-para-el-30o-domingo-de-tiempo-ordinario-preparada-por-el-p-chuno-c-m\/#primaryimage"},"image":{"@id":"http:\/\/vincentians.com\/es\/lectio-divina-para-el-30o-domingo-de-tiempo-ordinario-preparada-por-el-p-chuno-c-m\/#primaryimage"},"thumbnailUrl":"https:\/\/i0.wp.com\/vincentians.com\/es\/wp-content\/uploads\/sites\/11\/2016\/07\/reflexiones-palabra-de-dios.jpg?fit=1200%2C630","datePublished":"2012-10-22T17:21:32+00:00","dateModified":"2016-07-24T08:28:20+00:00","breadcrumb":{"@id":"http:\/\/vincentians.com\/es\/lectio-divina-para-el-30o-domingo-de-tiempo-ordinario-preparada-por-el-p-chuno-c-m\/#breadcrumb"},"inLanguage":"es","potentialAction":[{"@type":"ReadAction","target":["http:\/\/vincentians.com\/es\/lectio-divina-para-el-30o-domingo-de-tiempo-ordinario-preparada-por-el-p-chuno-c-m\/"]}]},{"@type":"ImageObject","inLanguage":"es","@id":"http:\/\/vincentians.com\/es\/lectio-divina-para-el-30o-domingo-de-tiempo-ordinario-preparada-por-el-p-chuno-c-m\/#primaryimage","url":"https:\/\/i0.wp.com\/vincentians.com\/es\/wp-content\/uploads\/sites\/11\/2016\/07\/reflexiones-palabra-de-dios.jpg?fit=1200%2C630","contentUrl":"https:\/\/i0.wp.com\/vincentians.com\/es\/wp-content\/uploads\/sites\/11\/2016\/07\/reflexiones-palabra-de-dios.jpg?fit=1200%2C630","width":1200,"height":630},{"@type":"BreadcrumbList","@id":"http:\/\/vincentians.com\/es\/lectio-divina-para-el-30o-domingo-de-tiempo-ordinario-preparada-por-el-p-chuno-c-m\/#breadcrumb","itemListElement":[{"@type":"ListItem","position":1,"name":"Portada","item":"http:\/\/vincentians.com\/es\/"},{"@type":"ListItem","position":2,"name":"Lectio Divina para el 30\u00ba Domingo de Tiempo Ordinario (preparada por Chuno Ch\u00e1vez Alva, C.M.)"}]},{"@type":"WebSite","@id":"http:\/\/vincentians.com\/es\/#website","url":"http:\/\/vincentians.com\/es\/","name":"Somos Vicencianos","description":"Know more to serve more","publisher":{"@id":"http:\/\/vincentians.com\/es\/#organization"},"potentialAction":[{"@type":"SearchAction","target":{"@type":"EntryPoint","urlTemplate":"http:\/\/vincentians.com\/es\/?s={search_term_string}"},"query-input":{"@type":"PropertyValueSpecification","valueRequired":true,"valueName":"search_term_string"}}],"inLanguage":"es"},{"@type":"Organization","@id":"http:\/\/vincentians.com\/es\/#organization","name":"The Vincentian Network","url":"http:\/\/vincentians.com\/es\/","logo":{"@type":"ImageObject","inLanguage":"es","@id":"http:\/\/vincentians.com\/es\/#\/schema\/logo\/image\/","url":"https:\/\/i1.wp.com\/vincentians.com\/es\/wp-content\/uploads\/sites\/11\/2016\/06\/Vincentian-Network-logo-big.png?fit=778%2C778","contentUrl":"https:\/\/i1.wp.com\/vincentians.com\/es\/wp-content\/uploads\/sites\/11\/2016\/06\/Vincentian-Network-logo-big.png?fit=778%2C778","width":778,"height":778,"caption":"The Vincentian Network"},"image":{"@id":"http:\/\/vincentians.com\/es\/#\/schema\/logo\/image\/"},"sameAs":["https:\/\/www.facebook.com\/WeAreVincentians\/","https:\/\/x.com\/WeVincentians"]},{"@type":"Person","@id":"http:\/\/vincentians.com\/es\/#\/schema\/person\/9623ef4d9aa3b2dfb8c061f1499288f2","name":"Francisco Javier Fern\u00e1ndez Chento","image":{"@type":"ImageObject","inLanguage":"es","@id":"http:\/\/vincentians.com\/es\/#\/schema\/person\/image\/","url":"https:\/\/secure.gravatar.com\/avatar\/497d5cde87b4c3d097d0315953521681ba2cd523ee66e5077c3711f7021e65de?s=96&d=mm&r=g","contentUrl":"https:\/\/secure.gravatar.com\/avatar\/497d5cde87b4c3d097d0315953521681ba2cd523ee66e5077c3711f7021e65de?s=96&d=mm&r=g","caption":"Francisco Javier Fern\u00e1ndez Chento"},"description":"Director General y cofundador de La Red de Formaci\u00f3n Vicenciana. Javier es laico vicenciano, afiliado a la Congregaci\u00f3n de la Misi\u00f3n y miembro del Equipo de Misiones Populares de la provincia can\u00f3nica de Zaragoza (Espa\u00f1a) de la Congregaci\u00f3n de la Misi\u00f3n. Graduado en la Universidad Oberta de Catalunya con cuatro grados (Asistente de direcci\u00f3n, Gesti\u00f3n Administrativa, Recursos Humanos y Contabilidad Avanzada). Bil\u00edng\u00fce Espa\u00f1ol\/Ingl\u00e9s. gestiona y mantiene varias p\u00e1ginas web cristianas y vicencianas, incluida including La Red de Formaci\u00f3n Vicenciana, de la que es cofundador. Actualmente es responsable del \u00e1rea de Espa\u00f1ol de .famvin, la Red de Noticias de la Familia Vicenciana. Tambi\u00e9n es m\u00fasico cat\u00f3lico y ha editado varios discos. Es Director General y cofundador de Trovador, una reconocida compa\u00f1\u00eda discogr\u00e1fica critiana de Espa\u00f1a. Trabaja en las Tecnolog\u00edas de la Informaci\u00f3n, ofreciendo servicios de alojamiento, dise\u00f1o y mantenimiento Web, as\u00ed como asesoramiento, formaci\u00f3n y soluciones inform\u00e1ticas, gesti\u00f3n documental y digitalizaci\u00f3n de textos, edici\u00f3n y maquetaci\u00f3n de libros, revistas, flyers, etc.","sameAs":["http:\/\/chento.org","https:\/\/www.facebook.com\/JavierChento","https:\/\/x.com\/https:\/\/twitter.com\/javierchento"],"url":"http:\/\/vincentians.com\/es\/author\/chento\/"}]}},"jetpack_publicize_connections":[],"jetpack_featured_media_url":"https:\/\/i0.wp.com\/vincentians.com\/es\/wp-content\/uploads\/sites\/11\/2016\/07\/reflexiones-palabra-de-dios.jpg?fit=1200%2C630","jetpack_sharing_enabled":true,"jetpack_shortlink":"https:\/\/wp.me\/p7ETMF-xN","jetpack-related-posts":[{"id":196509,"url":"http:\/\/vincentians.com\/es\/lectio-para-14o-domingo-de-t-o-preparada-por-chuno-chavez-alva-c-m\/","url_meta":{"origin":2095,"position":0},"title":"Lectio para 14\u00ba Domingo de T.O. (preparada por Chuno Ch\u00e1vez Alva, C.M.)","author":"Francisco Javier Fern\u00e1ndez Chento","date":"01\/07\/2015","format":false,"excerpt":"\u00bfNo es el hijo del carpintero? LA PALABRA HOY: Ezequiel 2,2-5; Salmo 122; 2 Corintios12, 7b-10; Marcos 6,1-6 Ambientaci\u00f3n: Im\u00e1genes de situaciones de pobreza extrema, de excluidos, de rostros donde nos resulta dif\u00edcil reconocer el rostro de Jes\u00fas. Frase: Los ten\u00eda desconcertados. Cantos sugeridos: El profeta; Con nosotros est\u00e1 y\u2026","rel":"","context":"En \u00abHomil\u00edas y reflexiones, A\u00f1o B\u00bb","block_context":{"text":"Homil\u00edas y reflexiones, A\u00f1o B","link":"http:\/\/vincentians.com\/es\/category\/homilias-y-reflexiones-a-la-palabra-de-dios\/homilias-y-reflexiones-ano-b\/"},"img":{"alt_text":"","src":"https:\/\/i0.wp.com\/vincentians.com\/es\/wp-content\/uploads\/sites\/11\/2016\/07\/reflexiones-palabra-de-dios.jpg?fit=1200%2C630&resize=350%2C200","width":350,"height":200,"srcset":"https:\/\/i0.wp.com\/vincentians.com\/es\/wp-content\/uploads\/sites\/11\/2016\/07\/reflexiones-palabra-de-dios.jpg?fit=1200%2C630&resize=350%2C200 1x, https:\/\/i0.wp.com\/vincentians.com\/es\/wp-content\/uploads\/sites\/11\/2016\/07\/reflexiones-palabra-de-dios.jpg?fit=1200%2C630&resize=525%2C300 1.5x, https:\/\/i0.wp.com\/vincentians.com\/es\/wp-content\/uploads\/sites\/11\/2016\/07\/reflexiones-palabra-de-dios.jpg?fit=1200%2C630&resize=700%2C400 2x, https:\/\/i0.wp.com\/vincentians.com\/es\/wp-content\/uploads\/sites\/11\/2016\/07\/reflexiones-palabra-de-dios.jpg?fit=1200%2C630&resize=1050%2C600 3x"},"classes":[]},{"id":2084,"url":"http:\/\/vincentians.com\/es\/30o-domingo-de-tiempo-ordinario-reflexion-de-jose-antonio-pagola\/","url_meta":{"origin":2095,"position":1},"title":"30\u00ba Domingo de Tiempo Ordinario (reflexi\u00f3n de Jos\u00e9 Antonio Pagola)","author":"Francisco Javier Fern\u00e1ndez Chento","date":"22\/10\/2012","format":false,"excerpt":"Con ojos nuevos La curaci\u00f3n del ciego Bartimeo est\u00e1 narrada por Marcos para urgir a las comunidades cristianas a salir de su ceguera y mediocridad. Solo as\u00ed seguir\u00e1n a Jes\u00fas por el camino del Evangelio. El relato es de una sorprendente actualidad para la Iglesia de nuestros d\u00edas. Bartimeo es\u2026","rel":"","context":"En \u00abHomil\u00edas y reflexiones, A\u00f1o B\u00bb","block_context":{"text":"Homil\u00edas y reflexiones, A\u00f1o B","link":"http:\/\/vincentians.com\/es\/category\/homilias-y-reflexiones-a-la-palabra-de-dios\/homilias-y-reflexiones-ano-b\/"},"img":{"alt_text":"","src":"https:\/\/i0.wp.com\/vincentians.com\/es\/wp-content\/uploads\/sites\/11\/2016\/07\/reflexiones-pagola.jpg?fit=1200%2C630&resize=350%2C200","width":350,"height":200,"srcset":"https:\/\/i0.wp.com\/vincentians.com\/es\/wp-content\/uploads\/sites\/11\/2016\/07\/reflexiones-pagola.jpg?fit=1200%2C630&resize=350%2C200 1x, https:\/\/i0.wp.com\/vincentians.com\/es\/wp-content\/uploads\/sites\/11\/2016\/07\/reflexiones-pagola.jpg?fit=1200%2C630&resize=525%2C300 1.5x, https:\/\/i0.wp.com\/vincentians.com\/es\/wp-content\/uploads\/sites\/11\/2016\/07\/reflexiones-pagola.jpg?fit=1200%2C630&resize=700%2C400 2x, https:\/\/i0.wp.com\/vincentians.com\/es\/wp-content\/uploads\/sites\/11\/2016\/07\/reflexiones-pagola.jpg?fit=1200%2C630&resize=1050%2C600 3x"},"classes":[]},{"id":5929,"url":"http:\/\/vincentians.com\/es\/lectio-para-3o-domingo-de-pascua-preparada-por-chuno-chavez-alva-c-m\/","url_meta":{"origin":2095,"position":2},"title":"Lectio para 3\u00ba domingo de Pascua (preparada por Chuno Ch\u00e1vez Alva, C.M.)","author":"Francisco Javier Fern\u00e1ndez Chento","date":"28\/04\/2014","format":false,"excerpt":"Qu\u00e9date cono nosotros LA PALABRA HOY: Hechos Ap\u00f3stoles 2,14.22-33; Salmo 15; 1 Pedro 1,17-21; Lucas 24, 13-35 Ambientaci\u00f3n: Un cirio grande, dos m\u00e1s peque\u00f1os, un pan partido en dos y la frase: Qu\u00e9date con nosotros Cantos sugeridos: Qu\u00e9date, Se\u00f1or; Por los caminos de Ema\u00fas Ambientaci\u00f3n La Palabra sigue ayud\u00e1ndonos a\u2026","rel":"","context":"En \u00abHomil\u00edas y reflexiones, A\u00f1o A\u00bb","block_context":{"text":"Homil\u00edas y reflexiones, A\u00f1o A","link":"http:\/\/vincentians.com\/es\/category\/homilias-y-reflexiones-a-la-palabra-de-dios\/homilias-y-reflexiones-ano-a\/"},"img":{"alt_text":"","src":"https:\/\/i0.wp.com\/vincentians.com\/es\/wp-content\/uploads\/sites\/11\/2016\/07\/reflexiones-palabra-de-dios.jpg?fit=1200%2C630&resize=350%2C200","width":350,"height":200,"srcset":"https:\/\/i0.wp.com\/vincentians.com\/es\/wp-content\/uploads\/sites\/11\/2016\/07\/reflexiones-palabra-de-dios.jpg?fit=1200%2C630&resize=350%2C200 1x, https:\/\/i0.wp.com\/vincentians.com\/es\/wp-content\/uploads\/sites\/11\/2016\/07\/reflexiones-palabra-de-dios.jpg?fit=1200%2C630&resize=525%2C300 1.5x, https:\/\/i0.wp.com\/vincentians.com\/es\/wp-content\/uploads\/sites\/11\/2016\/07\/reflexiones-palabra-de-dios.jpg?fit=1200%2C630&resize=700%2C400 2x, https:\/\/i0.wp.com\/vincentians.com\/es\/wp-content\/uploads\/sites\/11\/2016\/07\/reflexiones-palabra-de-dios.jpg?fit=1200%2C630&resize=1050%2C600 3x"},"classes":[]},{"id":140738,"url":"http:\/\/vincentians.com\/es\/lectio-para-2o-domingo-de-cuaresma-preparada-por-chuno-chavez-alva-c-m\/","url_meta":{"origin":2095,"position":3},"title":"Lectio para 2\u00ba domingo de Cuaresma (preparada por Chuno Ch\u00e1vez Alva, C.M.)","author":"Francisco Javier Fern\u00e1ndez Chento","date":"23\/02\/2015","format":false,"excerpt":"Se transfigur\u00f3 ante ellos LA PALABRA HOY: G\u00e9nesis 22,1-2.9.15-18; Salmo 115; Romanos 8,31-34; Marcos 9, 2-10 Ambientaci\u00f3n: Imagen de Jes\u00fas (resucitado, de la Misericordia). Alrededor papeles con los siguiente rasgos de Jes\u00fas: amor \u2013 entrega \u2013 perd\u00f3n \u2013 conversi\u00f3n \u2013 vida \u2013 sanaci\u00f3n \u2013 acogida \u2013 compasi\u00f3n \u2013 ternura \u2013\u2026","rel":"","context":"En \u00abHomil\u00edas y reflexiones, A\u00f1o B\u00bb","block_context":{"text":"Homil\u00edas y reflexiones, A\u00f1o B","link":"http:\/\/vincentians.com\/es\/category\/homilias-y-reflexiones-a-la-palabra-de-dios\/homilias-y-reflexiones-ano-b\/"},"img":{"alt_text":"","src":"https:\/\/i0.wp.com\/vincentians.com\/es\/wp-content\/uploads\/sites\/11\/2016\/07\/reflexiones-palabra-de-dios.jpg?fit=1200%2C630&resize=350%2C200","width":350,"height":200,"srcset":"https:\/\/i0.wp.com\/vincentians.com\/es\/wp-content\/uploads\/sites\/11\/2016\/07\/reflexiones-palabra-de-dios.jpg?fit=1200%2C630&resize=350%2C200 1x, https:\/\/i0.wp.com\/vincentians.com\/es\/wp-content\/uploads\/sites\/11\/2016\/07\/reflexiones-palabra-de-dios.jpg?fit=1200%2C630&resize=525%2C300 1.5x, https:\/\/i0.wp.com\/vincentians.com\/es\/wp-content\/uploads\/sites\/11\/2016\/07\/reflexiones-palabra-de-dios.jpg?fit=1200%2C630&resize=700%2C400 2x, https:\/\/i0.wp.com\/vincentians.com\/es\/wp-content\/uploads\/sites\/11\/2016\/07\/reflexiones-palabra-de-dios.jpg?fit=1200%2C630&resize=1050%2C600 3x"},"classes":[]},{"id":4518,"url":"http:\/\/vincentians.com\/es\/lectio-para-domingo-3o-de-adviento-preparada-por-chuno-chavez-alva-c-m\/","url_meta":{"origin":2095,"position":4},"title":"Lectio para Domingo 3\u00ba de Adviento (preparada por Chuno Ch\u00e1vez Alva, C.M.)","author":"Francisco Javier Fern\u00e1ndez Chento","date":"10\/12\/2013","format":false,"excerpt":"LA PALABRA HOY: Isa\u00edas 35, 1-6.10; Salmo 145; Santiago 5, 7-10; Mateo 11, 2-11 Ambientaci\u00f3n para todo el adviento: Camino de papel con cuatro velas a lo largo de \u00e9l. Al iniciar la celebraci\u00f3n se pone un cartel con la frase: \u201c\u00a1Te esperamos!\u201d y se enciende la tercera vela. Cantos\u2026","rel":"","context":"En \u00abHomil\u00edas y reflexiones, A\u00f1o A\u00bb","block_context":{"text":"Homil\u00edas y reflexiones, A\u00f1o A","link":"http:\/\/vincentians.com\/es\/category\/homilias-y-reflexiones-a-la-palabra-de-dios\/homilias-y-reflexiones-ano-a\/"},"img":{"alt_text":"","src":"https:\/\/i0.wp.com\/vincentians.com\/es\/wp-content\/uploads\/sites\/11\/2016\/07\/reflexiones-palabra-de-dios.jpg?fit=1200%2C630&resize=350%2C200","width":350,"height":200,"srcset":"https:\/\/i0.wp.com\/vincentians.com\/es\/wp-content\/uploads\/sites\/11\/2016\/07\/reflexiones-palabra-de-dios.jpg?fit=1200%2C630&resize=350%2C200 1x, https:\/\/i0.wp.com\/vincentians.com\/es\/wp-content\/uploads\/sites\/11\/2016\/07\/reflexiones-palabra-de-dios.jpg?fit=1200%2C630&resize=525%2C300 1.5x, https:\/\/i0.wp.com\/vincentians.com\/es\/wp-content\/uploads\/sites\/11\/2016\/07\/reflexiones-palabra-de-dios.jpg?fit=1200%2C630&resize=700%2C400 2x, https:\/\/i0.wp.com\/vincentians.com\/es\/wp-content\/uploads\/sites\/11\/2016\/07\/reflexiones-palabra-de-dios.jpg?fit=1200%2C630&resize=1050%2C600 3x"},"classes":[]},{"id":129909,"url":"http:\/\/vincentians.com\/es\/los-milagros-de-san-vicente-de-paul-desde-la-historia-de-su-beatificacion-1729-y-de-su-canonizacion-1737\/","url_meta":{"origin":2095,"position":5},"title":"Los milagros de san Vicente de Pa\u00fal desde la historia de su beatificaci\u00f3n (1729) y de su canonizaci\u00f3n (1737)","author":"Francisco Javier Fern\u00e1ndez Chento","date":"21\/05\/2025","format":false,"excerpt":"Pedro Coste, en el tercer volumen de su biograf\u00eda sobre \"El gran santo del siglo\", ha dedicado un extenso cap\u00edtulo a la beatificaci\u00f3n y a la canonizaci\u00f3n de san Vicente de Pa\u00fal. Aqu\u00ed encontramos que de los veinti\u00fan milagros que se recogieron se seleccionaron y presentaron s\u00f3lo ocho: cuatro para\u2026","rel":"","context":"En \u00abFormaci\u00f3n Vicenciana\u00bb","block_context":{"text":"Formaci\u00f3n Vicenciana","link":"http:\/\/vincentians.com\/es\/category\/formacion-vicenciana\/"},"img":{"alt_text":"","src":"https:\/\/i0.wp.com\/vincentians.com\/es\/wp-content\/uploads\/sites\/11\/2013\/04\/f-3-scaled.jpg?fit=1200%2C570&resize=350%2C200","width":350,"height":200,"srcset":"https:\/\/i0.wp.com\/vincentians.com\/es\/wp-content\/uploads\/sites\/11\/2013\/04\/f-3-scaled.jpg?fit=1200%2C570&resize=350%2C200 1x, https:\/\/i0.wp.com\/vincentians.com\/es\/wp-content\/uploads\/sites\/11\/2013\/04\/f-3-scaled.jpg?fit=1200%2C570&resize=525%2C300 1.5x, https:\/\/i0.wp.com\/vincentians.com\/es\/wp-content\/uploads\/sites\/11\/2013\/04\/f-3-scaled.jpg?fit=1200%2C570&resize=700%2C400 2x, https:\/\/i0.wp.com\/vincentians.com\/es\/wp-content\/uploads\/sites\/11\/2013\/04\/f-3-scaled.jpg?fit=1200%2C570&resize=1050%2C600 3x"},"classes":[]}],"_links":{"self":[{"href":"http:\/\/vincentians.com\/es\/wp-json\/wp\/v2\/posts\/2095","targetHints":{"allow":["GET"]}}],"collection":[{"href":"http:\/\/vincentians.com\/es\/wp-json\/wp\/v2\/posts"}],"about":[{"href":"http:\/\/vincentians.com\/es\/wp-json\/wp\/v2\/types\/post"}],"author":[{"embeddable":true,"href":"http:\/\/vincentians.com\/es\/wp-json\/wp\/v2\/users\/4"}],"replies":[{"embeddable":true,"href":"http:\/\/vincentians.com\/es\/wp-json\/wp\/v2\/comments?post=2095"}],"version-history":[{"count":0,"href":"http:\/\/vincentians.com\/es\/wp-json\/wp\/v2\/posts\/2095\/revisions"}],"wp:featuredmedia":[{"embeddable":true,"href":"http:\/\/vincentians.com\/es\/wp-json\/wp\/v2\/media\/388408"}],"wp:attachment":[{"href":"http:\/\/vincentians.com\/es\/wp-json\/wp\/v2\/media?parent=2095"}],"wp:term":[{"taxonomy":"category","embeddable":true,"href":"http:\/\/vincentians.com\/es\/wp-json\/wp\/v2\/categories?post=2095"},{"taxonomy":"post_tag","embeddable":true,"href":"http:\/\/vincentians.com\/es\/wp-json\/wp\/v2\/tags?post=2095"}],"curies":[{"name":"wp","href":"https:\/\/api.w.org\/{rel}","templated":true}]}}