{"id":2084,"date":"2012-10-22T12:00:16","date_gmt":"2012-10-22T10:00:16","guid":{"rendered":"http:\/\/somos.vicencianos.org\/comentarios\/2012\/10\/16\/29o-domingo-de-tiempo-ordinario-reflexion-de-jose-antonio-pagola-2\/"},"modified":"2016-07-24T10:28:20","modified_gmt":"2016-07-24T08:28:20","slug":"30o-domingo-de-tiempo-ordinario-reflexion-de-jose-antonio-pagola","status":"publish","type":"post","link":"http:\/\/vincentians.com\/es\/30o-domingo-de-tiempo-ordinario-reflexion-de-jose-antonio-pagola\/","title":{"rendered":"30\u00ba Domingo de Tiempo Ordinario (reflexi\u00f3n de Jos\u00e9 Antonio Pagola)"},"content":{"rendered":"<h2>Con ojos nuevos<\/h2>\n<p><img data-recalc-dims=\"1\" loading=\"lazy\" decoding=\"async\" class=\"alignright size-full wp-image-86\" title=\"jose_antonio_pagola\" src=\"https:\/\/i0.wp.com\/vicencianos.org\/comentarios\/files\/2010\/12\/jose_antonio_pagola.jpg?resize=257%2C264\" alt=\"\" width=\"257\" height=\"264\" \/><\/p>\n<p>La curaci\u00f3n del <strong>ciego Bartimeo<\/strong> est\u00e1 narrada por Marcos para urgir a las comunidades cristianas a salir de su ceguera y mediocridad. Solo as\u00ed seguir\u00e1n a Jes\u00fas por el camino del Evangelio. El relato es de una sorprendente actualidad para la Iglesia de nuestros d\u00edas.<a id=\"more323230\" name=\"more323230\"><\/a><\/p>\n<p>Bartimeo es \u00abun mendigo ciego sentado al borde del camino\u00bb. En su vida siempre es de noche. Ha o\u00eddo hablar de Jes\u00fas, pero no conoce su rostro. No puede seguirle. Est\u00e1 junto al camino por el que marcha \u00e9l, pero est\u00e1 fuera. \u00bfNo es esta nuestra situaci\u00f3n? <strong>\u00bfCristianos ciegos, sentados junto al camino, incapaces de seguir a Jes\u00fas?<\/strong><\/p>\n<p>Entre nosotros es de noche. Desconocemos a Jes\u00fas. Nos falta luz para seguir su camino. <strong>Ignoramos hacia d\u00f3nde se encamina la Iglesia<\/strong>. No sabemos siquiera qu\u00e9 futuro queremos para ella. Instalados en una religi\u00f3n que no logra convertirnos en seguidores de Jes\u00fas, vivimos junto al Evangelio, pero fuera. \u00bfQu\u00e9 podemos hacer?<\/p>\n<p>A pesar de su ceguera, Bartimeo capta que Jes\u00fas est\u00e1 pasando cerca de \u00e9l. No duda un instante. Algo le dice que en Jes\u00fas est\u00e1 su salvaci\u00f3n: \u00abJes\u00fas, Hijo de David, ten compasi\u00f3n de m\u00ed\u00bb. Este grito repetido con fe va a desencadenar su curaci\u00f3n.<\/p>\n<p><strong>Hoy se oyen en la Iglesia quejas y lamentos, cr\u00edticas, protestas y mutuas descalificaciones<\/strong>. No se escucha la oraci\u00f3n humilde y confiada del ciego. Se nos ha olvidado que solo Jes\u00fas puede salvar a esta Iglesia. No percibimos su presencia cercana. Solo creemos en nosotros.<\/p>\n<p>El ciego no ve, pero sabe escuchar la voz de Jes\u00fas que le llega a trav\u00e9s de sus enviados: \u00ab\u00c1nimo, lev\u00e1ntate, que te llama\u00bb. Este es el clima que necesitamos crear en la Iglesia. <strong>Animarnos mutuamente a reaccionar. No seguir instalados en una religi\u00f3n convencional<\/strong>. Volver a Jes\u00fas que nos est\u00e1 llamando. Este es el primer objetivo pastoral.<\/p>\n<p>El ciego reacciona de forma admirable: suelta el manto que le impide levantarse, da un salto en medio de su oscuridad y se acerca a Jes\u00fas. De su coraz\u00f3n solo brota una petici\u00f3n: \u00abMaestro, que pueda ver\u00bb. Si sus ojos se abren, todo cambiar\u00e1. El relato concluye diciendo que el ciego recobr\u00f3 la vista y <strong>\u00able segu\u00eda por el camino\u00bb<\/strong>.<\/p>\n<p>Esta es la curaci\u00f3n que necesitamos hoy los cristianos. El salto cualitativo que puede cambiar a la Iglesia. Si cambia nuestro modo de mirar a Jes\u00fas, si leemos su Evangelio con ojos nuevos, si captamos la originalidad de su mensaje y<strong> nos apasionamos con su proyecto de un mundo m\u00e1s humano, la fuerza de Jes\u00fas nos arrastrar\u00e1<\/strong>. Nuestras comunidades conocer\u00e1n la alegr\u00eda de vivir sigui\u00e9ndole de cerca.<\/p>\n<p><strong>Jos\u00e9 Antonio Pagola<\/strong><\/p>\n<p>30 Tiempo ordinario (B)<br \/>\nMarcos 10, 46-52<\/p>\n","protected":false},"excerpt":{"rendered":"<p>Con ojos nuevos La curaci\u00f3n del ciego Bartimeo est\u00e1 narrada por Marcos para urgir a las comunidades cristianas a salir de su ceguera y mediocridad. Solo as\u00ed seguir\u00e1n a Jes\u00fas por el camino del Evangelio. &#8230; <a href=\"http:\/\/vincentians.com\/es\/30o-domingo-de-tiempo-ordinario-reflexion-de-jose-antonio-pagola\/\" class=\"more-link\">Read More<\/a><\/p>\n","protected":false},"author":4,"featured_media":388396,"comment_status":"open","ping_status":"open","sticky":false,"template":"","format":"standard","meta":{"jetpack_post_was_ever_published":false,"_jetpack_newsletter_access":"","_jetpack_dont_email_post_to_subs":false,"_jetpack_newsletter_tier_id":0,"_jetpack_memberships_contains_paywalled_content":false,"_jetpack_memberships_contains_paid_content":false,"footnotes":"","jetpack_publicize_message":"","jetpack_publicize_feature_enabled":true,"jetpack_social_post_already_shared":true,"jetpack_social_options":{"image_generator_settings":{"template":"highway","default_image_id":0,"font":"","enabled":false},"version":2}},"categories":[93],"tags":[],"class_list":["post-2084","post","type-post","status-publish","format-standard","has-post-thumbnail","hentry","category-homilias-y-reflexiones-ano-b"],"yoast_head":"<!-- This site is optimized with the Yoast SEO plugin v26.3 - https:\/\/yoast.com\/wordpress\/plugins\/seo\/ -->\n<title>30\u00ba Domingo de Tiempo Ordinario (reflexi\u00f3n de Jos\u00e9 Antonio Pagola) - Somos Vicencianos<\/title>\n<meta name=\"robots\" content=\"index, follow, max-snippet:-1, max-image-preview:large, max-video-preview:-1\" \/>\n<link rel=\"canonical\" href=\"http:\/\/vincentians.com\/es\/30o-domingo-de-tiempo-ordinario-reflexion-de-jose-antonio-pagola\/\" \/>\n<meta property=\"og:locale\" content=\"es_ES\" \/>\n<meta property=\"og:type\" content=\"article\" \/>\n<meta property=\"og:title\" content=\"30\u00ba Domingo de Tiempo Ordinario (reflexi\u00f3n de Jos\u00e9 Antonio Pagola) - Somos Vicencianos\" \/>\n<meta property=\"og:description\" content=\"Con ojos nuevos La curaci\u00f3n del ciego Bartimeo est\u00e1 narrada por Marcos para urgir a las comunidades cristianas a salir de su ceguera y mediocridad. Solo as\u00ed seguir\u00e1n a Jes\u00fas por el camino del Evangelio. ... Read More\" \/>\n<meta property=\"og:url\" content=\"http:\/\/vincentians.com\/es\/30o-domingo-de-tiempo-ordinario-reflexion-de-jose-antonio-pagola\/\" \/>\n<meta property=\"og:site_name\" content=\"Somos Vicencianos\" \/>\n<meta property=\"article:publisher\" content=\"https:\/\/www.facebook.com\/WeAreVincentians\/\" \/>\n<meta property=\"article:author\" content=\"https:\/\/www.facebook.com\/JavierChento\" \/>\n<meta property=\"article:published_time\" content=\"2012-10-22T10:00:16+00:00\" \/>\n<meta property=\"article:modified_time\" content=\"2016-07-24T08:28:20+00:00\" \/>\n<meta property=\"og:image\" content=\"https:\/\/i0.wp.com\/vincentians.com\/es\/wp-content\/uploads\/sites\/11\/2016\/07\/reflexiones-pagola.jpg?fit=1200%2C630\" \/>\n\t<meta property=\"og:image:width\" content=\"1200\" \/>\n\t<meta property=\"og:image:height\" content=\"630\" \/>\n\t<meta property=\"og:image:type\" content=\"image\/jpeg\" \/>\n<meta name=\"author\" content=\"Francisco Javier Fern\u00e1ndez Chento\" \/>\n<meta name=\"twitter:card\" content=\"summary_large_image\" \/>\n<meta name=\"twitter:creator\" content=\"@https:\/\/twitter.com\/javierchento\" \/>\n<meta name=\"twitter:site\" content=\"@WeVincentians\" \/>\n<meta name=\"twitter:label1\" content=\"Escrito por\" \/>\n\t<meta name=\"twitter:data1\" content=\"Francisco Javier Fern\u00e1ndez Chento\" \/>\n\t<meta name=\"twitter:label2\" content=\"Tiempo de lectura\" \/>\n\t<meta name=\"twitter:data2\" content=\"2 minutos\" \/>\n<script type=\"application\/ld+json\" class=\"yoast-schema-graph\">{\"@context\":\"https:\/\/schema.org\",\"@graph\":[{\"@type\":\"Article\",\"@id\":\"http:\/\/vincentians.com\/es\/30o-domingo-de-tiempo-ordinario-reflexion-de-jose-antonio-pagola\/#article\",\"isPartOf\":{\"@id\":\"http:\/\/vincentians.com\/es\/30o-domingo-de-tiempo-ordinario-reflexion-de-jose-antonio-pagola\/\"},\"author\":{\"name\":\"Francisco Javier Fern\u00e1ndez Chento\",\"@id\":\"http:\/\/vincentians.com\/es\/#\/schema\/person\/9623ef4d9aa3b2dfb8c061f1499288f2\"},\"headline\":\"30\u00ba Domingo de Tiempo Ordinario (reflexi\u00f3n de Jos\u00e9 Antonio Pagola)\",\"datePublished\":\"2012-10-22T10:00:16+00:00\",\"dateModified\":\"2016-07-24T08:28:20+00:00\",\"mainEntityOfPage\":{\"@id\":\"http:\/\/vincentians.com\/es\/30o-domingo-de-tiempo-ordinario-reflexion-de-jose-antonio-pagola\/\"},\"wordCount\":487,\"commentCount\":1,\"publisher\":{\"@id\":\"http:\/\/vincentians.com\/es\/#organization\"},\"image\":{\"@id\":\"http:\/\/vincentians.com\/es\/30o-domingo-de-tiempo-ordinario-reflexion-de-jose-antonio-pagola\/#primaryimage\"},\"thumbnailUrl\":\"https:\/\/i0.wp.com\/vincentians.com\/es\/wp-content\/uploads\/sites\/11\/2016\/07\/reflexiones-pagola.jpg?fit=1200%2C630\",\"articleSection\":[\"Homil\u00edas y reflexiones, A\u00f1o B\"],\"inLanguage\":\"es\",\"potentialAction\":[{\"@type\":\"CommentAction\",\"name\":\"Comment\",\"target\":[\"http:\/\/vincentians.com\/es\/30o-domingo-de-tiempo-ordinario-reflexion-de-jose-antonio-pagola\/#respond\"]}]},{\"@type\":\"WebPage\",\"@id\":\"http:\/\/vincentians.com\/es\/30o-domingo-de-tiempo-ordinario-reflexion-de-jose-antonio-pagola\/\",\"url\":\"http:\/\/vincentians.com\/es\/30o-domingo-de-tiempo-ordinario-reflexion-de-jose-antonio-pagola\/\",\"name\":\"30\u00ba Domingo de Tiempo Ordinario (reflexi\u00f3n de Jos\u00e9 Antonio Pagola) - Somos Vicencianos\",\"isPartOf\":{\"@id\":\"http:\/\/vincentians.com\/es\/#website\"},\"primaryImageOfPage\":{\"@id\":\"http:\/\/vincentians.com\/es\/30o-domingo-de-tiempo-ordinario-reflexion-de-jose-antonio-pagola\/#primaryimage\"},\"image\":{\"@id\":\"http:\/\/vincentians.com\/es\/30o-domingo-de-tiempo-ordinario-reflexion-de-jose-antonio-pagola\/#primaryimage\"},\"thumbnailUrl\":\"https:\/\/i0.wp.com\/vincentians.com\/es\/wp-content\/uploads\/sites\/11\/2016\/07\/reflexiones-pagola.jpg?fit=1200%2C630\",\"datePublished\":\"2012-10-22T10:00:16+00:00\",\"dateModified\":\"2016-07-24T08:28:20+00:00\",\"breadcrumb\":{\"@id\":\"http:\/\/vincentians.com\/es\/30o-domingo-de-tiempo-ordinario-reflexion-de-jose-antonio-pagola\/#breadcrumb\"},\"inLanguage\":\"es\",\"potentialAction\":[{\"@type\":\"ReadAction\",\"target\":[\"http:\/\/vincentians.com\/es\/30o-domingo-de-tiempo-ordinario-reflexion-de-jose-antonio-pagola\/\"]}]},{\"@type\":\"ImageObject\",\"inLanguage\":\"es\",\"@id\":\"http:\/\/vincentians.com\/es\/30o-domingo-de-tiempo-ordinario-reflexion-de-jose-antonio-pagola\/#primaryimage\",\"url\":\"https:\/\/i0.wp.com\/vincentians.com\/es\/wp-content\/uploads\/sites\/11\/2016\/07\/reflexiones-pagola.jpg?fit=1200%2C630\",\"contentUrl\":\"https:\/\/i0.wp.com\/vincentians.com\/es\/wp-content\/uploads\/sites\/11\/2016\/07\/reflexiones-pagola.jpg?fit=1200%2C630\",\"width\":1200,\"height\":630},{\"@type\":\"BreadcrumbList\",\"@id\":\"http:\/\/vincentians.com\/es\/30o-domingo-de-tiempo-ordinario-reflexion-de-jose-antonio-pagola\/#breadcrumb\",\"itemListElement\":[{\"@type\":\"ListItem\",\"position\":1,\"name\":\"Portada\",\"item\":\"http:\/\/vincentians.com\/es\/\"},{\"@type\":\"ListItem\",\"position\":2,\"name\":\"30\u00ba Domingo de Tiempo Ordinario (reflexi\u00f3n de Jos\u00e9 Antonio Pagola)\"}]},{\"@type\":\"WebSite\",\"@id\":\"http:\/\/vincentians.com\/es\/#website\",\"url\":\"http:\/\/vincentians.com\/es\/\",\"name\":\"Somos Vicencianos\",\"description\":\"Know more to serve more\",\"publisher\":{\"@id\":\"http:\/\/vincentians.com\/es\/#organization\"},\"potentialAction\":[{\"@type\":\"SearchAction\",\"target\":{\"@type\":\"EntryPoint\",\"urlTemplate\":\"http:\/\/vincentians.com\/es\/?s={search_term_string}\"},\"query-input\":{\"@type\":\"PropertyValueSpecification\",\"valueRequired\":true,\"valueName\":\"search_term_string\"}}],\"inLanguage\":\"es\"},{\"@type\":\"Organization\",\"@id\":\"http:\/\/vincentians.com\/es\/#organization\",\"name\":\"The Vincentian Network\",\"url\":\"http:\/\/vincentians.com\/es\/\",\"logo\":{\"@type\":\"ImageObject\",\"inLanguage\":\"es\",\"@id\":\"http:\/\/vincentians.com\/es\/#\/schema\/logo\/image\/\",\"url\":\"https:\/\/i1.wp.com\/vincentians.com\/es\/wp-content\/uploads\/sites\/11\/2016\/06\/Vincentian-Network-logo-big.png?fit=778%2C778\",\"contentUrl\":\"https:\/\/i1.wp.com\/vincentians.com\/es\/wp-content\/uploads\/sites\/11\/2016\/06\/Vincentian-Network-logo-big.png?fit=778%2C778\",\"width\":778,\"height\":778,\"caption\":\"The Vincentian Network\"},\"image\":{\"@id\":\"http:\/\/vincentians.com\/es\/#\/schema\/logo\/image\/\"},\"sameAs\":[\"https:\/\/www.facebook.com\/WeAreVincentians\/\",\"https:\/\/x.com\/WeVincentians\"]},{\"@type\":\"Person\",\"@id\":\"http:\/\/vincentians.com\/es\/#\/schema\/person\/9623ef4d9aa3b2dfb8c061f1499288f2\",\"name\":\"Francisco Javier Fern\u00e1ndez Chento\",\"image\":{\"@type\":\"ImageObject\",\"inLanguage\":\"es\",\"@id\":\"http:\/\/vincentians.com\/es\/#\/schema\/person\/image\/\",\"url\":\"https:\/\/secure.gravatar.com\/avatar\/497d5cde87b4c3d097d0315953521681ba2cd523ee66e5077c3711f7021e65de?s=96&d=mm&r=g\",\"contentUrl\":\"https:\/\/secure.gravatar.com\/avatar\/497d5cde87b4c3d097d0315953521681ba2cd523ee66e5077c3711f7021e65de?s=96&d=mm&r=g\",\"caption\":\"Francisco Javier Fern\u00e1ndez Chento\"},\"description\":\"Director General y cofundador de La Red de Formaci\u00f3n Vicenciana. Javier es laico vicenciano, afiliado a la Congregaci\u00f3n de la Misi\u00f3n y miembro del Equipo de Misiones Populares de la provincia can\u00f3nica de Zaragoza (Espa\u00f1a) de la Congregaci\u00f3n de la Misi\u00f3n. Graduado en la Universidad Oberta de Catalunya con cuatro grados (Asistente de direcci\u00f3n, Gesti\u00f3n Administrativa, Recursos Humanos y Contabilidad Avanzada). Bil\u00edng\u00fce Espa\u00f1ol\/Ingl\u00e9s. gestiona y mantiene varias p\u00e1ginas web cristianas y vicencianas, incluida including La Red de Formaci\u00f3n Vicenciana, de la que es cofundador. Actualmente es responsable del \u00e1rea de Espa\u00f1ol de .famvin, la Red de Noticias de la Familia Vicenciana. Tambi\u00e9n es m\u00fasico cat\u00f3lico y ha editado varios discos. Es Director General y cofundador de Trovador, una reconocida compa\u00f1\u00eda discogr\u00e1fica critiana de Espa\u00f1a. Trabaja en las Tecnolog\u00edas de la Informaci\u00f3n, ofreciendo servicios de alojamiento, dise\u00f1o y mantenimiento Web, as\u00ed como asesoramiento, formaci\u00f3n y soluciones inform\u00e1ticas, gesti\u00f3n documental y digitalizaci\u00f3n de textos, edici\u00f3n y maquetaci\u00f3n de libros, revistas, flyers, etc.\",\"sameAs\":[\"http:\/\/chento.org\",\"https:\/\/www.facebook.com\/JavierChento\",\"https:\/\/x.com\/https:\/\/twitter.com\/javierchento\"],\"url\":\"http:\/\/vincentians.com\/es\/author\/chento\/\"}]}<\/script>\n<!-- \/ Yoast SEO plugin. -->","yoast_head_json":{"title":"30\u00ba Domingo de Tiempo Ordinario (reflexi\u00f3n de Jos\u00e9 Antonio Pagola) - Somos Vicencianos","robots":{"index":"index","follow":"follow","max-snippet":"max-snippet:-1","max-image-preview":"max-image-preview:large","max-video-preview":"max-video-preview:-1"},"canonical":"http:\/\/vincentians.com\/es\/30o-domingo-de-tiempo-ordinario-reflexion-de-jose-antonio-pagola\/","og_locale":"es_ES","og_type":"article","og_title":"30\u00ba Domingo de Tiempo Ordinario (reflexi\u00f3n de Jos\u00e9 Antonio Pagola) - Somos Vicencianos","og_description":"Con ojos nuevos La curaci\u00f3n del ciego Bartimeo est\u00e1 narrada por Marcos para urgir a las comunidades cristianas a salir de su ceguera y mediocridad. Solo as\u00ed seguir\u00e1n a Jes\u00fas por el camino del Evangelio. ... Read More","og_url":"http:\/\/vincentians.com\/es\/30o-domingo-de-tiempo-ordinario-reflexion-de-jose-antonio-pagola\/","og_site_name":"Somos Vicencianos","article_publisher":"https:\/\/www.facebook.com\/WeAreVincentians\/","article_author":"https:\/\/www.facebook.com\/JavierChento","article_published_time":"2012-10-22T10:00:16+00:00","article_modified_time":"2016-07-24T08:28:20+00:00","og_image":[{"width":1200,"height":630,"url":"https:\/\/i0.wp.com\/vincentians.com\/es\/wp-content\/uploads\/sites\/11\/2016\/07\/reflexiones-pagola.jpg?fit=1200%2C630","type":"image\/jpeg"}],"author":"Francisco Javier Fern\u00e1ndez Chento","twitter_card":"summary_large_image","twitter_creator":"@https:\/\/twitter.com\/javierchento","twitter_site":"@WeVincentians","twitter_misc":{"Escrito por":"Francisco Javier Fern\u00e1ndez Chento","Tiempo de lectura":"2 minutos"},"schema":{"@context":"https:\/\/schema.org","@graph":[{"@type":"Article","@id":"http:\/\/vincentians.com\/es\/30o-domingo-de-tiempo-ordinario-reflexion-de-jose-antonio-pagola\/#article","isPartOf":{"@id":"http:\/\/vincentians.com\/es\/30o-domingo-de-tiempo-ordinario-reflexion-de-jose-antonio-pagola\/"},"author":{"name":"Francisco Javier Fern\u00e1ndez Chento","@id":"http:\/\/vincentians.com\/es\/#\/schema\/person\/9623ef4d9aa3b2dfb8c061f1499288f2"},"headline":"30\u00ba Domingo de Tiempo Ordinario (reflexi\u00f3n de Jos\u00e9 Antonio Pagola)","datePublished":"2012-10-22T10:00:16+00:00","dateModified":"2016-07-24T08:28:20+00:00","mainEntityOfPage":{"@id":"http:\/\/vincentians.com\/es\/30o-domingo-de-tiempo-ordinario-reflexion-de-jose-antonio-pagola\/"},"wordCount":487,"commentCount":1,"publisher":{"@id":"http:\/\/vincentians.com\/es\/#organization"},"image":{"@id":"http:\/\/vincentians.com\/es\/30o-domingo-de-tiempo-ordinario-reflexion-de-jose-antonio-pagola\/#primaryimage"},"thumbnailUrl":"https:\/\/i0.wp.com\/vincentians.com\/es\/wp-content\/uploads\/sites\/11\/2016\/07\/reflexiones-pagola.jpg?fit=1200%2C630","articleSection":["Homil\u00edas y reflexiones, A\u00f1o B"],"inLanguage":"es","potentialAction":[{"@type":"CommentAction","name":"Comment","target":["http:\/\/vincentians.com\/es\/30o-domingo-de-tiempo-ordinario-reflexion-de-jose-antonio-pagola\/#respond"]}]},{"@type":"WebPage","@id":"http:\/\/vincentians.com\/es\/30o-domingo-de-tiempo-ordinario-reflexion-de-jose-antonio-pagola\/","url":"http:\/\/vincentians.com\/es\/30o-domingo-de-tiempo-ordinario-reflexion-de-jose-antonio-pagola\/","name":"30\u00ba Domingo de Tiempo Ordinario (reflexi\u00f3n de Jos\u00e9 Antonio Pagola) - Somos Vicencianos","isPartOf":{"@id":"http:\/\/vincentians.com\/es\/#website"},"primaryImageOfPage":{"@id":"http:\/\/vincentians.com\/es\/30o-domingo-de-tiempo-ordinario-reflexion-de-jose-antonio-pagola\/#primaryimage"},"image":{"@id":"http:\/\/vincentians.com\/es\/30o-domingo-de-tiempo-ordinario-reflexion-de-jose-antonio-pagola\/#primaryimage"},"thumbnailUrl":"https:\/\/i0.wp.com\/vincentians.com\/es\/wp-content\/uploads\/sites\/11\/2016\/07\/reflexiones-pagola.jpg?fit=1200%2C630","datePublished":"2012-10-22T10:00:16+00:00","dateModified":"2016-07-24T08:28:20+00:00","breadcrumb":{"@id":"http:\/\/vincentians.com\/es\/30o-domingo-de-tiempo-ordinario-reflexion-de-jose-antonio-pagola\/#breadcrumb"},"inLanguage":"es","potentialAction":[{"@type":"ReadAction","target":["http:\/\/vincentians.com\/es\/30o-domingo-de-tiempo-ordinario-reflexion-de-jose-antonio-pagola\/"]}]},{"@type":"ImageObject","inLanguage":"es","@id":"http:\/\/vincentians.com\/es\/30o-domingo-de-tiempo-ordinario-reflexion-de-jose-antonio-pagola\/#primaryimage","url":"https:\/\/i0.wp.com\/vincentians.com\/es\/wp-content\/uploads\/sites\/11\/2016\/07\/reflexiones-pagola.jpg?fit=1200%2C630","contentUrl":"https:\/\/i0.wp.com\/vincentians.com\/es\/wp-content\/uploads\/sites\/11\/2016\/07\/reflexiones-pagola.jpg?fit=1200%2C630","width":1200,"height":630},{"@type":"BreadcrumbList","@id":"http:\/\/vincentians.com\/es\/30o-domingo-de-tiempo-ordinario-reflexion-de-jose-antonio-pagola\/#breadcrumb","itemListElement":[{"@type":"ListItem","position":1,"name":"Portada","item":"http:\/\/vincentians.com\/es\/"},{"@type":"ListItem","position":2,"name":"30\u00ba Domingo de Tiempo Ordinario (reflexi\u00f3n de Jos\u00e9 Antonio Pagola)"}]},{"@type":"WebSite","@id":"http:\/\/vincentians.com\/es\/#website","url":"http:\/\/vincentians.com\/es\/","name":"Somos Vicencianos","description":"Know more to serve more","publisher":{"@id":"http:\/\/vincentians.com\/es\/#organization"},"potentialAction":[{"@type":"SearchAction","target":{"@type":"EntryPoint","urlTemplate":"http:\/\/vincentians.com\/es\/?s={search_term_string}"},"query-input":{"@type":"PropertyValueSpecification","valueRequired":true,"valueName":"search_term_string"}}],"inLanguage":"es"},{"@type":"Organization","@id":"http:\/\/vincentians.com\/es\/#organization","name":"The Vincentian Network","url":"http:\/\/vincentians.com\/es\/","logo":{"@type":"ImageObject","inLanguage":"es","@id":"http:\/\/vincentians.com\/es\/#\/schema\/logo\/image\/","url":"https:\/\/i1.wp.com\/vincentians.com\/es\/wp-content\/uploads\/sites\/11\/2016\/06\/Vincentian-Network-logo-big.png?fit=778%2C778","contentUrl":"https:\/\/i1.wp.com\/vincentians.com\/es\/wp-content\/uploads\/sites\/11\/2016\/06\/Vincentian-Network-logo-big.png?fit=778%2C778","width":778,"height":778,"caption":"The Vincentian Network"},"image":{"@id":"http:\/\/vincentians.com\/es\/#\/schema\/logo\/image\/"},"sameAs":["https:\/\/www.facebook.com\/WeAreVincentians\/","https:\/\/x.com\/WeVincentians"]},{"@type":"Person","@id":"http:\/\/vincentians.com\/es\/#\/schema\/person\/9623ef4d9aa3b2dfb8c061f1499288f2","name":"Francisco Javier Fern\u00e1ndez Chento","image":{"@type":"ImageObject","inLanguage":"es","@id":"http:\/\/vincentians.com\/es\/#\/schema\/person\/image\/","url":"https:\/\/secure.gravatar.com\/avatar\/497d5cde87b4c3d097d0315953521681ba2cd523ee66e5077c3711f7021e65de?s=96&d=mm&r=g","contentUrl":"https:\/\/secure.gravatar.com\/avatar\/497d5cde87b4c3d097d0315953521681ba2cd523ee66e5077c3711f7021e65de?s=96&d=mm&r=g","caption":"Francisco Javier Fern\u00e1ndez Chento"},"description":"Director General y cofundador de La Red de Formaci\u00f3n Vicenciana. Javier es laico vicenciano, afiliado a la Congregaci\u00f3n de la Misi\u00f3n y miembro del Equipo de Misiones Populares de la provincia can\u00f3nica de Zaragoza (Espa\u00f1a) de la Congregaci\u00f3n de la Misi\u00f3n. Graduado en la Universidad Oberta de Catalunya con cuatro grados (Asistente de direcci\u00f3n, Gesti\u00f3n Administrativa, Recursos Humanos y Contabilidad Avanzada). Bil\u00edng\u00fce Espa\u00f1ol\/Ingl\u00e9s. gestiona y mantiene varias p\u00e1ginas web cristianas y vicencianas, incluida including La Red de Formaci\u00f3n Vicenciana, de la que es cofundador. Actualmente es responsable del \u00e1rea de Espa\u00f1ol de .famvin, la Red de Noticias de la Familia Vicenciana. Tambi\u00e9n es m\u00fasico cat\u00f3lico y ha editado varios discos. Es Director General y cofundador de Trovador, una reconocida compa\u00f1\u00eda discogr\u00e1fica critiana de Espa\u00f1a. Trabaja en las Tecnolog\u00edas de la Informaci\u00f3n, ofreciendo servicios de alojamiento, dise\u00f1o y mantenimiento Web, as\u00ed como asesoramiento, formaci\u00f3n y soluciones inform\u00e1ticas, gesti\u00f3n documental y digitalizaci\u00f3n de textos, edici\u00f3n y maquetaci\u00f3n de libros, revistas, flyers, etc.","sameAs":["http:\/\/chento.org","https:\/\/www.facebook.com\/JavierChento","https:\/\/x.com\/https:\/\/twitter.com\/javierchento"],"url":"http:\/\/vincentians.com\/es\/author\/chento\/"}]}},"jetpack_publicize_connections":[],"jetpack_featured_media_url":"https:\/\/i0.wp.com\/vincentians.com\/es\/wp-content\/uploads\/sites\/11\/2016\/07\/reflexiones-pagola.jpg?fit=1200%2C630","jetpack_sharing_enabled":true,"jetpack_shortlink":"https:\/\/wp.me\/p7ETMF-xC","jetpack-related-posts":[{"id":404538,"url":"http:\/\/vincentians.com\/es\/la-fe-como-experiencia-de-san-vicente-ii\/","url_meta":{"origin":2084,"position":0},"title":"La fe como experiencia de san Vicente (II)","author":"Mitxel Olabu\u00e9naga","date":"04\/01\/2023","format":false,"excerpt":"FE Y SEGUIMIENTO DEL DISC\u00cdPULO AUT\u00c9NTICO El evangelista san Marcos, a partir de la mitad de su evange\u00adlio, nos presenta a Jes\u00fas en camino hacia Jerusal\u00e9n. El viaje est\u00e1 siendo utilizado para formar a sus disc\u00edpulos. Llega a Jeric\u00f3, atraviesa la ciudad y sale de ella camino de la Ciudad\u2026","rel":"","context":"En \u00abEspiritualidad vicenciana\u00bb","block_context":{"text":"Espiritualidad vicenciana","link":"http:\/\/vincentians.com\/es\/category\/espiritualidad\/espiritualidad-vicenciana\/"},"img":{"alt_text":"","src":"https:\/\/i0.wp.com\/vincentians.com\/es\/wp-content\/uploads\/sites\/11\/2013\/04\/f-8-scaled.jpg?fit=1200%2C570&resize=350%2C200","width":350,"height":200,"srcset":"https:\/\/i0.wp.com\/vincentians.com\/es\/wp-content\/uploads\/sites\/11\/2013\/04\/f-8-scaled.jpg?fit=1200%2C570&resize=350%2C200 1x, https:\/\/i0.wp.com\/vincentians.com\/es\/wp-content\/uploads\/sites\/11\/2013\/04\/f-8-scaled.jpg?fit=1200%2C570&resize=525%2C300 1.5x, https:\/\/i0.wp.com\/vincentians.com\/es\/wp-content\/uploads\/sites\/11\/2013\/04\/f-8-scaled.jpg?fit=1200%2C570&resize=700%2C400 2x, https:\/\/i0.wp.com\/vincentians.com\/es\/wp-content\/uploads\/sites\/11\/2013\/04\/f-8-scaled.jpg?fit=1200%2C570&resize=1050%2C600 3x"},"classes":[]},{"id":2107,"url":"http:\/\/vincentians.com\/es\/30o-domingo-de-tiempo-ordinario-reflexion-de-jose-cervantes-gabarron\/","url_meta":{"origin":2084,"position":1},"title":"30\u00ba Domingo de Tiempo Ordinario (reflexi\u00f3n de Jos\u00e9 Cervantes Gabarr\u00f3n)","author":"Francisco Javier Fern\u00e1ndez Chento","date":"26\/10\/2012","format":false,"excerpt":"\u00a1\u00c1nimo, lev\u00e1ntate! Jos\u00e9 Cervantes Gabarr\u00f3n, sacerdote misionero y profesor de Sagrada Escritura.En las ciudades de la madre Espa\u00f1a, sumida en la gran crisis econ\u00f3mica, y tambi\u00e9n en las de Latinoam\u00e9rica va creciendo el n\u00famero de los mendigos, de personas que van pidiendo por la calle, a veces de puerta en\u2026","rel":"","context":"En \u00abHomil\u00edas y reflexiones, A\u00f1o B\u00bb","block_context":{"text":"Homil\u00edas y reflexiones, A\u00f1o B","link":"http:\/\/vincentians.com\/es\/category\/homilias-y-reflexiones-a-la-palabra-de-dios\/homilias-y-reflexiones-ano-b\/"},"img":{"alt_text":"","src":"https:\/\/i0.wp.com\/vincentians.com\/es\/wp-content\/uploads\/sites\/11\/2016\/07\/reflexiones-palabra-de-dios.jpg?fit=1200%2C630&resize=350%2C200","width":350,"height":200,"srcset":"https:\/\/i0.wp.com\/vincentians.com\/es\/wp-content\/uploads\/sites\/11\/2016\/07\/reflexiones-palabra-de-dios.jpg?fit=1200%2C630&resize=350%2C200 1x, https:\/\/i0.wp.com\/vincentians.com\/es\/wp-content\/uploads\/sites\/11\/2016\/07\/reflexiones-palabra-de-dios.jpg?fit=1200%2C630&resize=525%2C300 1.5x, https:\/\/i0.wp.com\/vincentians.com\/es\/wp-content\/uploads\/sites\/11\/2016\/07\/reflexiones-palabra-de-dios.jpg?fit=1200%2C630&resize=700%2C400 2x, https:\/\/i0.wp.com\/vincentians.com\/es\/wp-content\/uploads\/sites\/11\/2016\/07\/reflexiones-palabra-de-dios.jpg?fit=1200%2C630&resize=1050%2C600 3x"},"classes":[]},{"id":2116,"url":"http:\/\/vincentians.com\/es\/30o-domingo-de-tiempo-ordinario-reflexion-de-mario-yepez-c-m\/","url_meta":{"origin":2084,"position":2},"title":"30\u00ba Domingo de Tiempo Ordinario (reflexi\u00f3n de Mario Y\u00e9pez, C.M.)","author":"Francisco Javier Fern\u00e1ndez Chento","date":"27\/10\/2012","format":false,"excerpt":"Seguir a Jes\u00fas por el camino El libro de Jerem\u00edas nos presenta en estos cap\u00edtulos 30 y 31 dos or\u00e1culos de restauraci\u00f3n y de esperanza en el contexto del exilio para el pueblo de Israel. Es muy dif\u00edcil imaginarnos todas las connotaciones pol\u00edticas, sociales y en especial religiosa que represent\u00f3\u2026","rel":"","context":"En \u00abHomil\u00edas y reflexiones, A\u00f1o B\u00bb","block_context":{"text":"Homil\u00edas y reflexiones, A\u00f1o B","link":"http:\/\/vincentians.com\/es\/category\/homilias-y-reflexiones-a-la-palabra-de-dios\/homilias-y-reflexiones-ano-b\/"},"img":{"alt_text":"","src":"https:\/\/i0.wp.com\/vincentians.com\/es\/wp-content\/uploads\/sites\/11\/2016\/07\/reflexiones-palabra-de-dios.jpg?fit=1200%2C630&resize=350%2C200","width":350,"height":200,"srcset":"https:\/\/i0.wp.com\/vincentians.com\/es\/wp-content\/uploads\/sites\/11\/2016\/07\/reflexiones-palabra-de-dios.jpg?fit=1200%2C630&resize=350%2C200 1x, https:\/\/i0.wp.com\/vincentians.com\/es\/wp-content\/uploads\/sites\/11\/2016\/07\/reflexiones-palabra-de-dios.jpg?fit=1200%2C630&resize=525%2C300 1.5x, https:\/\/i0.wp.com\/vincentians.com\/es\/wp-content\/uploads\/sites\/11\/2016\/07\/reflexiones-palabra-de-dios.jpg?fit=1200%2C630&resize=700%2C400 2x, https:\/\/i0.wp.com\/vincentians.com\/es\/wp-content\/uploads\/sites\/11\/2016\/07\/reflexiones-palabra-de-dios.jpg?fit=1200%2C630&resize=1050%2C600 3x"},"classes":[]},{"id":2095,"url":"http:\/\/vincentians.com\/es\/lectio-divina-para-el-30o-domingo-de-tiempo-ordinario-preparada-por-el-p-chuno-c-m\/","url_meta":{"origin":2084,"position":3},"title":"Lectio Divina para el 30\u00ba Domingo de Tiempo Ordinario (preparada por Chuno Ch\u00e1vez Alva, C.M.)","author":"Francisco Javier Fern\u00e1ndez Chento","date":"22\/10\/2012","format":false,"excerpt":"LA PALABRA HOY: Jerem\u00edas 31,7-9; Salmo 125; Hebreos 5,1-6; Marcos 10,46-52 Ambientaci\u00f3n: Un cirio, algunas velas m\u00e1s peque\u00f1as apagadas, lentes oscuros, antifaz, vendas varias. Frase: \u00a1Se\u00f1or, haz que vea! Cantos sugeridos: Danos tu luz; Oraci\u00f3n de unidad Ambientaci\u00f3n Tanto el pueblo de Israel como Bartimeo viven una experiencia de salvaci\u00f3n,\u2026","rel":"","context":"En \u00abHomil\u00edas y reflexiones, A\u00f1o B\u00bb","block_context":{"text":"Homil\u00edas y reflexiones, A\u00f1o B","link":"http:\/\/vincentians.com\/es\/category\/homilias-y-reflexiones-a-la-palabra-de-dios\/homilias-y-reflexiones-ano-b\/"},"img":{"alt_text":"","src":"https:\/\/i0.wp.com\/vincentians.com\/es\/wp-content\/uploads\/sites\/11\/2016\/07\/reflexiones-palabra-de-dios.jpg?fit=1200%2C630&resize=350%2C200","width":350,"height":200,"srcset":"https:\/\/i0.wp.com\/vincentians.com\/es\/wp-content\/uploads\/sites\/11\/2016\/07\/reflexiones-palabra-de-dios.jpg?fit=1200%2C630&resize=350%2C200 1x, https:\/\/i0.wp.com\/vincentians.com\/es\/wp-content\/uploads\/sites\/11\/2016\/07\/reflexiones-palabra-de-dios.jpg?fit=1200%2C630&resize=525%2C300 1.5x, https:\/\/i0.wp.com\/vincentians.com\/es\/wp-content\/uploads\/sites\/11\/2016\/07\/reflexiones-palabra-de-dios.jpg?fit=1200%2C630&resize=700%2C400 2x, https:\/\/i0.wp.com\/vincentians.com\/es\/wp-content\/uploads\/sites\/11\/2016\/07\/reflexiones-palabra-de-dios.jpg?fit=1200%2C630&resize=1050%2C600 3x"},"classes":[]},{"id":2091,"url":"http:\/\/vincentians.com\/es\/30o-domingo-de-tiempo-ordinario-reflexion-de-jose-roman-flecha\/","url_meta":{"origin":2084,"position":4},"title":"30\u00ba Domingo de Tiempo Ordinario (reflexi\u00f3n de Jos\u00e9 Rom\u00e1n Flecha)","author":"Francisco Javier Fern\u00e1ndez Chento","date":"22\/10\/2012","format":false,"excerpt":"EL CIEGO Y EL CAMINO Domingo 30 del Tiempo Ordinario. B 28 de octubre de 2012 Despu\u00e9s de habernos exhortado en los tres \u00faltimos domingos a revisar nuestras actitudes ante el placer, el tener y el poder, la liturgia nos presenta la imagen de los ciegos. A lo largo de\u2026","rel":"","context":"En \u00abHomil\u00edas y reflexiones, A\u00f1o B\u00bb","block_context":{"text":"Homil\u00edas y reflexiones, A\u00f1o B","link":"http:\/\/vincentians.com\/es\/category\/homilias-y-reflexiones-a-la-palabra-de-dios\/homilias-y-reflexiones-ano-b\/"},"img":{"alt_text":"","src":"https:\/\/i0.wp.com\/vincentians.com\/es\/wp-content\/uploads\/sites\/11\/2016\/07\/reflexiones-palabra-de-dios.jpg?fit=1200%2C630&resize=350%2C200","width":350,"height":200,"srcset":"https:\/\/i0.wp.com\/vincentians.com\/es\/wp-content\/uploads\/sites\/11\/2016\/07\/reflexiones-palabra-de-dios.jpg?fit=1200%2C630&resize=350%2C200 1x, https:\/\/i0.wp.com\/vincentians.com\/es\/wp-content\/uploads\/sites\/11\/2016\/07\/reflexiones-palabra-de-dios.jpg?fit=1200%2C630&resize=525%2C300 1.5x, https:\/\/i0.wp.com\/vincentians.com\/es\/wp-content\/uploads\/sites\/11\/2016\/07\/reflexiones-palabra-de-dios.jpg?fit=1200%2C630&resize=700%2C400 2x, https:\/\/i0.wp.com\/vincentians.com\/es\/wp-content\/uploads\/sites\/11\/2016\/07\/reflexiones-palabra-de-dios.jpg?fit=1200%2C630&resize=1050%2C600 3x"},"classes":[]},{"id":2101,"url":"http:\/\/vincentians.com\/es\/30o-domingo-de-tiempo-ordinario-reflexion-de-pedro-guillen-goni-c-m\/","url_meta":{"origin":2084,"position":5},"title":"30\u00ba Domingo de Tiempo Ordinario (reflexi\u00f3n de Pedro Guill\u00e9n Go\u00f1i, C.M.)","author":"Francisco Javier Fern\u00e1ndez Chento","date":"25\/10\/2012","format":false,"excerpt":"El relato de la curaci\u00f3n del ciego de Jeric\u00f3, Bartimeo, resalta la bondad y la compasi\u00f3n de Jes\u00fas que se interesa por un ciego, lo llama, lo cura y lo salva. Ante el grito desesperado del ciego, un mendigo marginado al borde del camino, el Se\u00f1or, lleno de misericordia y\u2026","rel":"","context":"En \u00abHomil\u00edas y reflexiones, A\u00f1o B\u00bb","block_context":{"text":"Homil\u00edas y reflexiones, A\u00f1o B","link":"http:\/\/vincentians.com\/es\/category\/homilias-y-reflexiones-a-la-palabra-de-dios\/homilias-y-reflexiones-ano-b\/"},"img":{"alt_text":"","src":"https:\/\/i0.wp.com\/vincentians.com\/es\/wp-content\/uploads\/sites\/11\/2016\/07\/reflexiones-palabra-de-dios.jpg?fit=1200%2C630&resize=350%2C200","width":350,"height":200,"srcset":"https:\/\/i0.wp.com\/vincentians.com\/es\/wp-content\/uploads\/sites\/11\/2016\/07\/reflexiones-palabra-de-dios.jpg?fit=1200%2C630&resize=350%2C200 1x, https:\/\/i0.wp.com\/vincentians.com\/es\/wp-content\/uploads\/sites\/11\/2016\/07\/reflexiones-palabra-de-dios.jpg?fit=1200%2C630&resize=525%2C300 1.5x, https:\/\/i0.wp.com\/vincentians.com\/es\/wp-content\/uploads\/sites\/11\/2016\/07\/reflexiones-palabra-de-dios.jpg?fit=1200%2C630&resize=700%2C400 2x, https:\/\/i0.wp.com\/vincentians.com\/es\/wp-content\/uploads\/sites\/11\/2016\/07\/reflexiones-palabra-de-dios.jpg?fit=1200%2C630&resize=1050%2C600 3x"},"classes":[]}],"_links":{"self":[{"href":"http:\/\/vincentians.com\/es\/wp-json\/wp\/v2\/posts\/2084","targetHints":{"allow":["GET"]}}],"collection":[{"href":"http:\/\/vincentians.com\/es\/wp-json\/wp\/v2\/posts"}],"about":[{"href":"http:\/\/vincentians.com\/es\/wp-json\/wp\/v2\/types\/post"}],"author":[{"embeddable":true,"href":"http:\/\/vincentians.com\/es\/wp-json\/wp\/v2\/users\/4"}],"replies":[{"embeddable":true,"href":"http:\/\/vincentians.com\/es\/wp-json\/wp\/v2\/comments?post=2084"}],"version-history":[{"count":0,"href":"http:\/\/vincentians.com\/es\/wp-json\/wp\/v2\/posts\/2084\/revisions"}],"wp:featuredmedia":[{"embeddable":true,"href":"http:\/\/vincentians.com\/es\/wp-json\/wp\/v2\/media\/388396"}],"wp:attachment":[{"href":"http:\/\/vincentians.com\/es\/wp-json\/wp\/v2\/media?parent=2084"}],"wp:term":[{"taxonomy":"category","embeddable":true,"href":"http:\/\/vincentians.com\/es\/wp-json\/wp\/v2\/categories?post=2084"},{"taxonomy":"post_tag","embeddable":true,"href":"http:\/\/vincentians.com\/es\/wp-json\/wp\/v2\/tags?post=2084"}],"curies":[{"name":"wp","href":"https:\/\/api.w.org\/{rel}","templated":true}]}}