{"id":2052,"date":"2012-10-19T20:00:16","date_gmt":"2012-10-19T18:00:16","guid":{"rendered":"http:\/\/somos.vicencianos.org\/comentarios\/2012\/10\/12\/28o-domingo-de-tiempo-ordinario-reflexion-de-jose-cervantes-gabarron-2\/"},"modified":"2016-07-24T10:28:21","modified_gmt":"2016-07-24T08:28:21","slug":"29o-domingo-de-tiempo-ordinario-reflexion-de-jose-cervantes-gabarron","status":"publish","type":"post","link":"http:\/\/vincentians.com\/es\/29o-domingo-de-tiempo-ordinario-reflexion-de-jose-cervantes-gabarron\/","title":{"rendered":"29\u00ba Domingo de Tiempo Ordinario (reflexi\u00f3n de Jos\u00e9 Cervantes Gabarr\u00f3n)"},"content":{"rendered":"<h2><em><strong>Misioneros de la fe<\/strong><\/em><\/h2>\n<dl id=\"attachment_911\" class=\"wp-caption alignright\" style=\"width: 220px\">\n<dt class=\"wp-caption-dt\"><a href=\"https:\/\/i0.wp.com\/vicencianos.org\/comentarios\/files\/2011\/10\/Jose_Cervantes.jpg\"><img data-recalc-dims=\"1\" loading=\"lazy\" decoding=\"async\" class=\"size-medium wp-image-911\" title=\"Jose_Cervantes\" src=\"https:\/\/i0.wp.com\/vicencianos.org\/comentarios\/files\/2011\/10\/Jose_Cervantes-210x300.jpg?resize=210%2C300\" alt=\"\" width=\"210\" height=\"300\" \/><\/a><\/dt>\n<dd class=\"wp-caption-dd\">Jos\u00e9 Cervantes Gabarr\u00f3n, sacerdote misionero y profesor de Sagrada Escritura.<\/dd>\n<\/dl>\n<p>El testimonio p\u00fablico de la fe expresa la identidad misionera de la Iglesia en todos sus miembros. Esto es lo que celebramos en el d\u00eda del Domund y lo que la carta a los Hebreos resalta al invitarnos a mantenernos firmes en la profesi\u00f3n de la fe (Heb 4,14). Tres motivos eclesiales se dan cita adem\u00e1s este a\u00f1o en la celebraci\u00f3n de esta Jornada Mundial de las Misiones (Domund 2012): la clausura del S\u00ednodo de los Obispos en Roma sobre la nueva evangelizaci\u00f3n para la transmisi\u00f3n de la fe cristiana, la celebraci\u00f3n del 50\u00ba aniversario del comienzo del Concilio Vaticano II y la apertura del a\u00f1o de la fe, convocado por Benedicto XVI con motivo de aquella efem\u00e9rides conciliar.\u00a0 Por ello la Iglesia cat\u00f3lica nos ofrece el lema \u201cmisioneros de la fe\u201d para avivar la conciencia misionera de toda la Iglesia en este d\u00eda y pretende promover en las comunidades cristianas el crecimiento de la fe comparti\u00e9ndola con los dem\u00e1s e implicar a todos los miembros de la Iglesia en la oraci\u00f3n, el sacrificio y la cooperaci\u00f3n econ\u00f3mica por las misiones. Y es que la Iglesia es, por su naturaleza, misionera, tal como afirman los documentos conciliares (AG 2; LG 8,13,17,23) y ratifica el papa actual en la exhortaci\u00f3n apost\u00f3lica Verbum Domini, 92: La misi\u00f3n es una dimensi\u00f3n esencial de la identidad de la Iglesia que se debe hacer patente en todas las estructuras y actividades de la parroquia.<\/p>\n<p>\u00c9sta es una buena ocasi\u00f3n para agradecer a Dios la ingente actividad evangelizadora de la Iglesia en el mundo, desarrollada particularmente por todos los misioneros y misioneras, laicos, religiosos y sacerdotes, que dedican por entero su vida a la misma causa de Jes\u00fas de Nazaret, trabajando con la fuerza del Esp\u00edritu especialmente en los pa\u00edses pobres y en lugares rec\u00f3nditos de la tierra. Ellos son el testimonio m\u00e1s patente de la dimensi\u00f3n misionera de todo cristiano, que desde el bautismo se convierte en testigo comprometido de la fe y del amor de Dios. Por ello, en Latinoam\u00e9rica se ha asumido, desde la Asamblea de Aparecida, el estado de misi\u00f3n permanente de la Iglesia. Sin embargo, las situaciones sociales y pol\u00edticas y las circunstancias generalmente adversas en que se desarrolla la acci\u00f3n misionera espec\u00edfica en las regiones sumidas en la miseria atroz de la pobreza, pueden suscitar hoy la toma de conciencia y de compromiso personal ante los graves problemas que afectan a nuestro mundo as\u00ed como la solidaridad y el apoyo, espiritual y material, a los misioneros, de parte de las gentes de buen coraz\u00f3n y de los creyentes que habitan en cualquier parte del mundo.<\/p>\n<p>El Evangelio de hoy proclama como mensaje misionero para hacer presente a Dios en el mundo actual una palabra realmente sorprendente, pues Jes\u00fas vuelve a reiterar la ense\u00f1anza capital de su mensaje: el que quiera ser el primero que se haga el \u00faltimo y el servidor de todos (Mc 10,35-45). \u00c9sta es la instrucci\u00f3n que enmarca las directrices de la misi\u00f3n de los disc\u00edpulos. Tal como hab\u00eda dicho Jes\u00fas en Mc 9,35, ahora, ante la incomprensi\u00f3n absoluta por parte de los disc\u00edpulos, Santiago y Juan, vuelve a insistir en el mismo mensaje pero a\u00f1adiendo una palabra sobre el Hijo del Hombre que alude a \u00e9l mismo. \u00c9l se presenta como el Hijo del Hombre, servidor de todos, que da la vida en rescate por todos. Y por eso insta a sus disc\u00edpulos a que cambien de mentalidad y de criterios. En el evangelio Jes\u00fas cr\u00edtica la actitud de los que gobiernan como d\u00e9spotas y opresores y ense\u00f1a a sus disc\u00edpulos que la actitud que conduce al Reino de Dios y su justicia es la de ser servidores de los otros y particularmente de los \u00faltimos.<\/p>\n<p>Como disc\u00edpulos de Cristo y misioneros del Evangelio la interpelaci\u00f3n de Cristo nos permite preguntarnos si en nuestra vivencia de la fe aspiramos a servirnos de los dem\u00e1s y de Dios o a servir a los dem\u00e1s con la humildad que supone considerar superiores a los otros. La confrontaci\u00f3n directa con Santiago y Juan muestra que, a estas alturas de la trama del evangelio de Marcos, los disc\u00edpulos no hab\u00edan entendido nada del camino propuesto por Jes\u00fas. Ellos aspiraban al poder y a la gloria y estaban dispuestos a instrumentalizar al mism\u00edsimo Jes\u00fas para conseguir su objetivo: \u201cqueremos que hagas lo que te pidamos\u201d. Quer\u00edan servirse de Jes\u00fas para conseguir el mejor puesto y una buena colocaci\u00f3n junto a \u00e9l. Jes\u00fas los confronta con su ignorancia y su atrevimiento. Los remite al seguimiento radical que pasa por el trago, el verdadero c\u00e1liz, de estar dispuestos a entregar la vida y sacrificarse siempre por los dem\u00e1s, como hace el siervo sufriente, de Is 53,10-11. Marcos incorpora un dicho que explica en qu\u00e9 consiste \u201cbeber el c\u00e1liz\u201d que Jes\u00fas va a beber y repite hasta seis veces un t\u00e9rmino relativo al \u201cbautismo\u201d. Bautizarse no significa meramente el bautismo ritual sino significa sumergirse, ba\u00f1arse y empaparse de la misma vida de Jes\u00fas, cuyo destino de entrega, pasi\u00f3n y muerte acababa de anunciarles por tercera vez (Mc 10,32-34). La incomprensi\u00f3n de los disc\u00edpulos se hace evidente.<\/p>\n<p>Por eso Jes\u00fas acaba corrigiendo su actitud poniendo de relieve cu\u00e1les son los criterios habituales que imperan en nuestra sociedad especialmente entre los considerados los primeros del mundo, los magnates econ\u00f3micos y los dirigentes de las naciones, los que tienen el poder econ\u00f3mico y el poder pol\u00edtico. Marcos y Mateo emplean dos verbos muy fuertes e inusuales en el Nuevo Testamento para indicarnos que aquellos explotan y tiranizan a los pueblos. Y Jes\u00fas expone abiertamente cu\u00e1l es la nueva relaci\u00f3n que se ha de establecer entre los suyos, una relaci\u00f3n caracterizada por el servicio y la entrega generosa. Esta palabra del servicio a todos, empezando por los \u00faltimos, es decir, a los millones de pobres del mundo, frente a cualquier aspiraci\u00f3n de dominio y de poder, es el mensaje de Jes\u00fas que la Iglesia anuncia hoy como palabra capaz de transformar el mundo, como testimonio de la fe en medio de la gran crisis y de todas las crisis.<\/p>\n<p>Frente a la din\u00e1mica del sistema de tiran\u00eda y explotaci\u00f3n de las gentes por parte de los dirigentes y magnates del mundo, Jes\u00fas aporta una palabra la esperanza para todos los pueblos y particularmente para los \u00faltimos: El servicio a los dem\u00e1s, como actuaci\u00f3n permanente, y la entrega de la vida, como horizonte ideal, constituyen el camino de liberaci\u00f3n de la humanidad. En los misioneros de la Iglesia esa misma palabra se hace carne viva y todos ellos, sin escatimar sacrificio ni entrega, siguen transmitiendo consuelo y esperanza a los m\u00e1s pobres de la tierra. En el d\u00eda del Domund la Iglesia pide todo tipo de apoyo para los misioneros de la fe y para sus proyectos evangelizadores y transformadores de las realidades de sufrimiento a las que entregan la vida.<\/p>\n<p>Pedimos tambi\u00e9n un recuerdo y una oraci\u00f3n especial de toda nuestra Iglesia por el Cardenal de Bolivia, Julio Terrazas, en estos d\u00edas de su hospitalizaci\u00f3n. \u00c9l ha sido y es el servidor de todos en nuestra tierra boliviana.<\/p>\n","protected":false},"excerpt":{"rendered":"<p>Misioneros de la fe Jos\u00e9 Cervantes Gabarr\u00f3n, sacerdote misionero y profesor de Sagrada Escritura. El testimonio p\u00fablico de la fe expresa la identidad misionera de la Iglesia en todos sus miembros. Esto es lo que &#8230; <a href=\"http:\/\/vincentians.com\/es\/29o-domingo-de-tiempo-ordinario-reflexion-de-jose-cervantes-gabarron\/\" class=\"more-link\">Read More<\/a><\/p>\n","protected":false},"author":4,"featured_media":388408,"comment_status":"open","ping_status":"open","sticky":false,"template":"","format":"standard","meta":{"jetpack_post_was_ever_published":false,"_jetpack_newsletter_access":"","_jetpack_dont_email_post_to_subs":false,"_jetpack_newsletter_tier_id":0,"_jetpack_memberships_contains_paywalled_content":false,"_jetpack_memberships_contains_paid_content":false,"footnotes":"","jetpack_publicize_message":"","jetpack_publicize_feature_enabled":true,"jetpack_social_post_already_shared":true,"jetpack_social_options":{"image_generator_settings":{"template":"highway","default_image_id":0,"font":"","enabled":false},"version":2}},"categories":[93],"tags":[172],"class_list":["post-2052","post","type-post","status-publish","format-standard","has-post-thumbnail","hentry","category-homilias-y-reflexiones-ano-b","tag-pobreza"],"yoast_head":"<!-- This site is optimized with the Yoast SEO plugin v26.3 - https:\/\/yoast.com\/wordpress\/plugins\/seo\/ -->\n<title>29\u00ba Domingo de Tiempo Ordinario (reflexi\u00f3n de Jos\u00e9 Cervantes Gabarr\u00f3n) - Somos Vicencianos<\/title>\n<meta name=\"robots\" content=\"index, follow, max-snippet:-1, max-image-preview:large, max-video-preview:-1\" \/>\n<link rel=\"canonical\" href=\"http:\/\/vincentians.com\/es\/29o-domingo-de-tiempo-ordinario-reflexion-de-jose-cervantes-gabarron\/\" \/>\n<meta property=\"og:locale\" content=\"es_ES\" \/>\n<meta property=\"og:type\" content=\"article\" \/>\n<meta property=\"og:title\" content=\"29\u00ba Domingo de Tiempo Ordinario (reflexi\u00f3n de Jos\u00e9 Cervantes Gabarr\u00f3n) - Somos Vicencianos\" \/>\n<meta property=\"og:description\" content=\"Misioneros de la fe Jos\u00e9 Cervantes Gabarr\u00f3n, sacerdote misionero y profesor de Sagrada Escritura. El testimonio p\u00fablico de la fe expresa la identidad misionera de la Iglesia en todos sus miembros. Esto es lo que ... Read More\" \/>\n<meta property=\"og:url\" content=\"http:\/\/vincentians.com\/es\/29o-domingo-de-tiempo-ordinario-reflexion-de-jose-cervantes-gabarron\/\" \/>\n<meta property=\"og:site_name\" content=\"Somos Vicencianos\" \/>\n<meta property=\"article:publisher\" content=\"https:\/\/www.facebook.com\/WeAreVincentians\/\" \/>\n<meta property=\"article:author\" content=\"https:\/\/www.facebook.com\/JavierChento\" \/>\n<meta property=\"article:published_time\" content=\"2012-10-19T18:00:16+00:00\" \/>\n<meta property=\"article:modified_time\" content=\"2016-07-24T08:28:21+00:00\" \/>\n<meta property=\"og:image\" content=\"https:\/\/i0.wp.com\/vincentians.com\/es\/wp-content\/uploads\/sites\/11\/2016\/07\/reflexiones-palabra-de-dios.jpg?fit=1200%2C630\" \/>\n\t<meta property=\"og:image:width\" content=\"1200\" \/>\n\t<meta property=\"og:image:height\" content=\"630\" \/>\n\t<meta property=\"og:image:type\" content=\"image\/jpeg\" \/>\n<meta name=\"author\" content=\"Francisco Javier Fern\u00e1ndez Chento\" \/>\n<meta name=\"twitter:card\" content=\"summary_large_image\" \/>\n<meta name=\"twitter:creator\" content=\"@https:\/\/twitter.com\/javierchento\" \/>\n<meta name=\"twitter:site\" content=\"@WeVincentians\" \/>\n<meta name=\"twitter:label1\" content=\"Escrito por\" \/>\n\t<meta name=\"twitter:data1\" content=\"Francisco Javier Fern\u00e1ndez Chento\" \/>\n\t<meta name=\"twitter:label2\" content=\"Tiempo de lectura\" \/>\n\t<meta name=\"twitter:data2\" content=\"6 minutos\" \/>\n<script type=\"application\/ld+json\" class=\"yoast-schema-graph\">{\"@context\":\"https:\/\/schema.org\",\"@graph\":[{\"@type\":\"Article\",\"@id\":\"http:\/\/vincentians.com\/es\/29o-domingo-de-tiempo-ordinario-reflexion-de-jose-cervantes-gabarron\/#article\",\"isPartOf\":{\"@id\":\"http:\/\/vincentians.com\/es\/29o-domingo-de-tiempo-ordinario-reflexion-de-jose-cervantes-gabarron\/\"},\"author\":{\"name\":\"Francisco Javier Fern\u00e1ndez Chento\",\"@id\":\"http:\/\/vincentians.com\/es\/#\/schema\/person\/9623ef4d9aa3b2dfb8c061f1499288f2\"},\"headline\":\"29\u00ba Domingo de Tiempo Ordinario (reflexi\u00f3n de Jos\u00e9 Cervantes Gabarr\u00f3n)\",\"datePublished\":\"2012-10-19T18:00:16+00:00\",\"dateModified\":\"2016-07-24T08:28:21+00:00\",\"mainEntityOfPage\":{\"@id\":\"http:\/\/vincentians.com\/es\/29o-domingo-de-tiempo-ordinario-reflexion-de-jose-cervantes-gabarron\/\"},\"wordCount\":1299,\"commentCount\":0,\"publisher\":{\"@id\":\"http:\/\/vincentians.com\/es\/#organization\"},\"image\":{\"@id\":\"http:\/\/vincentians.com\/es\/29o-domingo-de-tiempo-ordinario-reflexion-de-jose-cervantes-gabarron\/#primaryimage\"},\"thumbnailUrl\":\"https:\/\/i0.wp.com\/vincentians.com\/es\/wp-content\/uploads\/sites\/11\/2016\/07\/reflexiones-palabra-de-dios.jpg?fit=1200%2C630\",\"keywords\":[\"Pobreza\"],\"articleSection\":[\"Homil\u00edas y reflexiones, A\u00f1o B\"],\"inLanguage\":\"es\",\"potentialAction\":[{\"@type\":\"CommentAction\",\"name\":\"Comment\",\"target\":[\"http:\/\/vincentians.com\/es\/29o-domingo-de-tiempo-ordinario-reflexion-de-jose-cervantes-gabarron\/#respond\"]}]},{\"@type\":\"WebPage\",\"@id\":\"http:\/\/vincentians.com\/es\/29o-domingo-de-tiempo-ordinario-reflexion-de-jose-cervantes-gabarron\/\",\"url\":\"http:\/\/vincentians.com\/es\/29o-domingo-de-tiempo-ordinario-reflexion-de-jose-cervantes-gabarron\/\",\"name\":\"29\u00ba Domingo de Tiempo Ordinario (reflexi\u00f3n de Jos\u00e9 Cervantes Gabarr\u00f3n) - Somos Vicencianos\",\"isPartOf\":{\"@id\":\"http:\/\/vincentians.com\/es\/#website\"},\"primaryImageOfPage\":{\"@id\":\"http:\/\/vincentians.com\/es\/29o-domingo-de-tiempo-ordinario-reflexion-de-jose-cervantes-gabarron\/#primaryimage\"},\"image\":{\"@id\":\"http:\/\/vincentians.com\/es\/29o-domingo-de-tiempo-ordinario-reflexion-de-jose-cervantes-gabarron\/#primaryimage\"},\"thumbnailUrl\":\"https:\/\/i0.wp.com\/vincentians.com\/es\/wp-content\/uploads\/sites\/11\/2016\/07\/reflexiones-palabra-de-dios.jpg?fit=1200%2C630\",\"datePublished\":\"2012-10-19T18:00:16+00:00\",\"dateModified\":\"2016-07-24T08:28:21+00:00\",\"breadcrumb\":{\"@id\":\"http:\/\/vincentians.com\/es\/29o-domingo-de-tiempo-ordinario-reflexion-de-jose-cervantes-gabarron\/#breadcrumb\"},\"inLanguage\":\"es\",\"potentialAction\":[{\"@type\":\"ReadAction\",\"target\":[\"http:\/\/vincentians.com\/es\/29o-domingo-de-tiempo-ordinario-reflexion-de-jose-cervantes-gabarron\/\"]}]},{\"@type\":\"ImageObject\",\"inLanguage\":\"es\",\"@id\":\"http:\/\/vincentians.com\/es\/29o-domingo-de-tiempo-ordinario-reflexion-de-jose-cervantes-gabarron\/#primaryimage\",\"url\":\"https:\/\/i0.wp.com\/vincentians.com\/es\/wp-content\/uploads\/sites\/11\/2016\/07\/reflexiones-palabra-de-dios.jpg?fit=1200%2C630\",\"contentUrl\":\"https:\/\/i0.wp.com\/vincentians.com\/es\/wp-content\/uploads\/sites\/11\/2016\/07\/reflexiones-palabra-de-dios.jpg?fit=1200%2C630\",\"width\":1200,\"height\":630},{\"@type\":\"BreadcrumbList\",\"@id\":\"http:\/\/vincentians.com\/es\/29o-domingo-de-tiempo-ordinario-reflexion-de-jose-cervantes-gabarron\/#breadcrumb\",\"itemListElement\":[{\"@type\":\"ListItem\",\"position\":1,\"name\":\"Portada\",\"item\":\"http:\/\/vincentians.com\/es\/\"},{\"@type\":\"ListItem\",\"position\":2,\"name\":\"29\u00ba Domingo de Tiempo Ordinario (reflexi\u00f3n de Jos\u00e9 Cervantes Gabarr\u00f3n)\"}]},{\"@type\":\"WebSite\",\"@id\":\"http:\/\/vincentians.com\/es\/#website\",\"url\":\"http:\/\/vincentians.com\/es\/\",\"name\":\"Somos Vicencianos\",\"description\":\"Know more to serve more\",\"publisher\":{\"@id\":\"http:\/\/vincentians.com\/es\/#organization\"},\"potentialAction\":[{\"@type\":\"SearchAction\",\"target\":{\"@type\":\"EntryPoint\",\"urlTemplate\":\"http:\/\/vincentians.com\/es\/?s={search_term_string}\"},\"query-input\":{\"@type\":\"PropertyValueSpecification\",\"valueRequired\":true,\"valueName\":\"search_term_string\"}}],\"inLanguage\":\"es\"},{\"@type\":\"Organization\",\"@id\":\"http:\/\/vincentians.com\/es\/#organization\",\"name\":\"The Vincentian Network\",\"url\":\"http:\/\/vincentians.com\/es\/\",\"logo\":{\"@type\":\"ImageObject\",\"inLanguage\":\"es\",\"@id\":\"http:\/\/vincentians.com\/es\/#\/schema\/logo\/image\/\",\"url\":\"https:\/\/i1.wp.com\/vincentians.com\/es\/wp-content\/uploads\/sites\/11\/2016\/06\/Vincentian-Network-logo-big.png?fit=778%2C778\",\"contentUrl\":\"https:\/\/i1.wp.com\/vincentians.com\/es\/wp-content\/uploads\/sites\/11\/2016\/06\/Vincentian-Network-logo-big.png?fit=778%2C778\",\"width\":778,\"height\":778,\"caption\":\"The Vincentian Network\"},\"image\":{\"@id\":\"http:\/\/vincentians.com\/es\/#\/schema\/logo\/image\/\"},\"sameAs\":[\"https:\/\/www.facebook.com\/WeAreVincentians\/\",\"https:\/\/x.com\/WeVincentians\"]},{\"@type\":\"Person\",\"@id\":\"http:\/\/vincentians.com\/es\/#\/schema\/person\/9623ef4d9aa3b2dfb8c061f1499288f2\",\"name\":\"Francisco Javier Fern\u00e1ndez Chento\",\"image\":{\"@type\":\"ImageObject\",\"inLanguage\":\"es\",\"@id\":\"http:\/\/vincentians.com\/es\/#\/schema\/person\/image\/\",\"url\":\"https:\/\/secure.gravatar.com\/avatar\/497d5cde87b4c3d097d0315953521681ba2cd523ee66e5077c3711f7021e65de?s=96&d=mm&r=g\",\"contentUrl\":\"https:\/\/secure.gravatar.com\/avatar\/497d5cde87b4c3d097d0315953521681ba2cd523ee66e5077c3711f7021e65de?s=96&d=mm&r=g\",\"caption\":\"Francisco Javier Fern\u00e1ndez Chento\"},\"description\":\"Director General y cofundador de La Red de Formaci\u00f3n Vicenciana. Javier es laico vicenciano, afiliado a la Congregaci\u00f3n de la Misi\u00f3n y miembro del Equipo de Misiones Populares de la provincia can\u00f3nica de Zaragoza (Espa\u00f1a) de la Congregaci\u00f3n de la Misi\u00f3n. Graduado en la Universidad Oberta de Catalunya con cuatro grados (Asistente de direcci\u00f3n, Gesti\u00f3n Administrativa, Recursos Humanos y Contabilidad Avanzada). Bil\u00edng\u00fce Espa\u00f1ol\/Ingl\u00e9s. gestiona y mantiene varias p\u00e1ginas web cristianas y vicencianas, incluida including La Red de Formaci\u00f3n Vicenciana, de la que es cofundador. Actualmente es responsable del \u00e1rea de Espa\u00f1ol de .famvin, la Red de Noticias de la Familia Vicenciana. Tambi\u00e9n es m\u00fasico cat\u00f3lico y ha editado varios discos. Es Director General y cofundador de Trovador, una reconocida compa\u00f1\u00eda discogr\u00e1fica critiana de Espa\u00f1a. Trabaja en las Tecnolog\u00edas de la Informaci\u00f3n, ofreciendo servicios de alojamiento, dise\u00f1o y mantenimiento Web, as\u00ed como asesoramiento, formaci\u00f3n y soluciones inform\u00e1ticas, gesti\u00f3n documental y digitalizaci\u00f3n de textos, edici\u00f3n y maquetaci\u00f3n de libros, revistas, flyers, etc.\",\"sameAs\":[\"http:\/\/chento.org\",\"https:\/\/www.facebook.com\/JavierChento\",\"https:\/\/x.com\/https:\/\/twitter.com\/javierchento\"],\"url\":\"http:\/\/vincentians.com\/es\/author\/chento\/\"}]}<\/script>\n<!-- \/ Yoast SEO plugin. -->","yoast_head_json":{"title":"29\u00ba Domingo de Tiempo Ordinario (reflexi\u00f3n de Jos\u00e9 Cervantes Gabarr\u00f3n) - Somos Vicencianos","robots":{"index":"index","follow":"follow","max-snippet":"max-snippet:-1","max-image-preview":"max-image-preview:large","max-video-preview":"max-video-preview:-1"},"canonical":"http:\/\/vincentians.com\/es\/29o-domingo-de-tiempo-ordinario-reflexion-de-jose-cervantes-gabarron\/","og_locale":"es_ES","og_type":"article","og_title":"29\u00ba Domingo de Tiempo Ordinario (reflexi\u00f3n de Jos\u00e9 Cervantes Gabarr\u00f3n) - Somos Vicencianos","og_description":"Misioneros de la fe Jos\u00e9 Cervantes Gabarr\u00f3n, sacerdote misionero y profesor de Sagrada Escritura. El testimonio p\u00fablico de la fe expresa la identidad misionera de la Iglesia en todos sus miembros. Esto es lo que ... Read More","og_url":"http:\/\/vincentians.com\/es\/29o-domingo-de-tiempo-ordinario-reflexion-de-jose-cervantes-gabarron\/","og_site_name":"Somos Vicencianos","article_publisher":"https:\/\/www.facebook.com\/WeAreVincentians\/","article_author":"https:\/\/www.facebook.com\/JavierChento","article_published_time":"2012-10-19T18:00:16+00:00","article_modified_time":"2016-07-24T08:28:21+00:00","og_image":[{"width":1200,"height":630,"url":"https:\/\/i0.wp.com\/vincentians.com\/es\/wp-content\/uploads\/sites\/11\/2016\/07\/reflexiones-palabra-de-dios.jpg?fit=1200%2C630","type":"image\/jpeg"}],"author":"Francisco Javier Fern\u00e1ndez Chento","twitter_card":"summary_large_image","twitter_creator":"@https:\/\/twitter.com\/javierchento","twitter_site":"@WeVincentians","twitter_misc":{"Escrito por":"Francisco Javier Fern\u00e1ndez Chento","Tiempo de lectura":"6 minutos"},"schema":{"@context":"https:\/\/schema.org","@graph":[{"@type":"Article","@id":"http:\/\/vincentians.com\/es\/29o-domingo-de-tiempo-ordinario-reflexion-de-jose-cervantes-gabarron\/#article","isPartOf":{"@id":"http:\/\/vincentians.com\/es\/29o-domingo-de-tiempo-ordinario-reflexion-de-jose-cervantes-gabarron\/"},"author":{"name":"Francisco Javier Fern\u00e1ndez Chento","@id":"http:\/\/vincentians.com\/es\/#\/schema\/person\/9623ef4d9aa3b2dfb8c061f1499288f2"},"headline":"29\u00ba Domingo de Tiempo Ordinario (reflexi\u00f3n de Jos\u00e9 Cervantes Gabarr\u00f3n)","datePublished":"2012-10-19T18:00:16+00:00","dateModified":"2016-07-24T08:28:21+00:00","mainEntityOfPage":{"@id":"http:\/\/vincentians.com\/es\/29o-domingo-de-tiempo-ordinario-reflexion-de-jose-cervantes-gabarron\/"},"wordCount":1299,"commentCount":0,"publisher":{"@id":"http:\/\/vincentians.com\/es\/#organization"},"image":{"@id":"http:\/\/vincentians.com\/es\/29o-domingo-de-tiempo-ordinario-reflexion-de-jose-cervantes-gabarron\/#primaryimage"},"thumbnailUrl":"https:\/\/i0.wp.com\/vincentians.com\/es\/wp-content\/uploads\/sites\/11\/2016\/07\/reflexiones-palabra-de-dios.jpg?fit=1200%2C630","keywords":["Pobreza"],"articleSection":["Homil\u00edas y reflexiones, A\u00f1o B"],"inLanguage":"es","potentialAction":[{"@type":"CommentAction","name":"Comment","target":["http:\/\/vincentians.com\/es\/29o-domingo-de-tiempo-ordinario-reflexion-de-jose-cervantes-gabarron\/#respond"]}]},{"@type":"WebPage","@id":"http:\/\/vincentians.com\/es\/29o-domingo-de-tiempo-ordinario-reflexion-de-jose-cervantes-gabarron\/","url":"http:\/\/vincentians.com\/es\/29o-domingo-de-tiempo-ordinario-reflexion-de-jose-cervantes-gabarron\/","name":"29\u00ba Domingo de Tiempo Ordinario (reflexi\u00f3n de Jos\u00e9 Cervantes Gabarr\u00f3n) - Somos Vicencianos","isPartOf":{"@id":"http:\/\/vincentians.com\/es\/#website"},"primaryImageOfPage":{"@id":"http:\/\/vincentians.com\/es\/29o-domingo-de-tiempo-ordinario-reflexion-de-jose-cervantes-gabarron\/#primaryimage"},"image":{"@id":"http:\/\/vincentians.com\/es\/29o-domingo-de-tiempo-ordinario-reflexion-de-jose-cervantes-gabarron\/#primaryimage"},"thumbnailUrl":"https:\/\/i0.wp.com\/vincentians.com\/es\/wp-content\/uploads\/sites\/11\/2016\/07\/reflexiones-palabra-de-dios.jpg?fit=1200%2C630","datePublished":"2012-10-19T18:00:16+00:00","dateModified":"2016-07-24T08:28:21+00:00","breadcrumb":{"@id":"http:\/\/vincentians.com\/es\/29o-domingo-de-tiempo-ordinario-reflexion-de-jose-cervantes-gabarron\/#breadcrumb"},"inLanguage":"es","potentialAction":[{"@type":"ReadAction","target":["http:\/\/vincentians.com\/es\/29o-domingo-de-tiempo-ordinario-reflexion-de-jose-cervantes-gabarron\/"]}]},{"@type":"ImageObject","inLanguage":"es","@id":"http:\/\/vincentians.com\/es\/29o-domingo-de-tiempo-ordinario-reflexion-de-jose-cervantes-gabarron\/#primaryimage","url":"https:\/\/i0.wp.com\/vincentians.com\/es\/wp-content\/uploads\/sites\/11\/2016\/07\/reflexiones-palabra-de-dios.jpg?fit=1200%2C630","contentUrl":"https:\/\/i0.wp.com\/vincentians.com\/es\/wp-content\/uploads\/sites\/11\/2016\/07\/reflexiones-palabra-de-dios.jpg?fit=1200%2C630","width":1200,"height":630},{"@type":"BreadcrumbList","@id":"http:\/\/vincentians.com\/es\/29o-domingo-de-tiempo-ordinario-reflexion-de-jose-cervantes-gabarron\/#breadcrumb","itemListElement":[{"@type":"ListItem","position":1,"name":"Portada","item":"http:\/\/vincentians.com\/es\/"},{"@type":"ListItem","position":2,"name":"29\u00ba Domingo de Tiempo Ordinario (reflexi\u00f3n de Jos\u00e9 Cervantes Gabarr\u00f3n)"}]},{"@type":"WebSite","@id":"http:\/\/vincentians.com\/es\/#website","url":"http:\/\/vincentians.com\/es\/","name":"Somos Vicencianos","description":"Know more to serve more","publisher":{"@id":"http:\/\/vincentians.com\/es\/#organization"},"potentialAction":[{"@type":"SearchAction","target":{"@type":"EntryPoint","urlTemplate":"http:\/\/vincentians.com\/es\/?s={search_term_string}"},"query-input":{"@type":"PropertyValueSpecification","valueRequired":true,"valueName":"search_term_string"}}],"inLanguage":"es"},{"@type":"Organization","@id":"http:\/\/vincentians.com\/es\/#organization","name":"The Vincentian Network","url":"http:\/\/vincentians.com\/es\/","logo":{"@type":"ImageObject","inLanguage":"es","@id":"http:\/\/vincentians.com\/es\/#\/schema\/logo\/image\/","url":"https:\/\/i1.wp.com\/vincentians.com\/es\/wp-content\/uploads\/sites\/11\/2016\/06\/Vincentian-Network-logo-big.png?fit=778%2C778","contentUrl":"https:\/\/i1.wp.com\/vincentians.com\/es\/wp-content\/uploads\/sites\/11\/2016\/06\/Vincentian-Network-logo-big.png?fit=778%2C778","width":778,"height":778,"caption":"The Vincentian Network"},"image":{"@id":"http:\/\/vincentians.com\/es\/#\/schema\/logo\/image\/"},"sameAs":["https:\/\/www.facebook.com\/WeAreVincentians\/","https:\/\/x.com\/WeVincentians"]},{"@type":"Person","@id":"http:\/\/vincentians.com\/es\/#\/schema\/person\/9623ef4d9aa3b2dfb8c061f1499288f2","name":"Francisco Javier Fern\u00e1ndez Chento","image":{"@type":"ImageObject","inLanguage":"es","@id":"http:\/\/vincentians.com\/es\/#\/schema\/person\/image\/","url":"https:\/\/secure.gravatar.com\/avatar\/497d5cde87b4c3d097d0315953521681ba2cd523ee66e5077c3711f7021e65de?s=96&d=mm&r=g","contentUrl":"https:\/\/secure.gravatar.com\/avatar\/497d5cde87b4c3d097d0315953521681ba2cd523ee66e5077c3711f7021e65de?s=96&d=mm&r=g","caption":"Francisco Javier Fern\u00e1ndez Chento"},"description":"Director General y cofundador de La Red de Formaci\u00f3n Vicenciana. Javier es laico vicenciano, afiliado a la Congregaci\u00f3n de la Misi\u00f3n y miembro del Equipo de Misiones Populares de la provincia can\u00f3nica de Zaragoza (Espa\u00f1a) de la Congregaci\u00f3n de la Misi\u00f3n. Graduado en la Universidad Oberta de Catalunya con cuatro grados (Asistente de direcci\u00f3n, Gesti\u00f3n Administrativa, Recursos Humanos y Contabilidad Avanzada). Bil\u00edng\u00fce Espa\u00f1ol\/Ingl\u00e9s. gestiona y mantiene varias p\u00e1ginas web cristianas y vicencianas, incluida including La Red de Formaci\u00f3n Vicenciana, de la que es cofundador. Actualmente es responsable del \u00e1rea de Espa\u00f1ol de .famvin, la Red de Noticias de la Familia Vicenciana. Tambi\u00e9n es m\u00fasico cat\u00f3lico y ha editado varios discos. Es Director General y cofundador de Trovador, una reconocida compa\u00f1\u00eda discogr\u00e1fica critiana de Espa\u00f1a. Trabaja en las Tecnolog\u00edas de la Informaci\u00f3n, ofreciendo servicios de alojamiento, dise\u00f1o y mantenimiento Web, as\u00ed como asesoramiento, formaci\u00f3n y soluciones inform\u00e1ticas, gesti\u00f3n documental y digitalizaci\u00f3n de textos, edici\u00f3n y maquetaci\u00f3n de libros, revistas, flyers, etc.","sameAs":["http:\/\/chento.org","https:\/\/www.facebook.com\/JavierChento","https:\/\/x.com\/https:\/\/twitter.com\/javierchento"],"url":"http:\/\/vincentians.com\/es\/author\/chento\/"}]}},"jetpack_publicize_connections":[],"jetpack_featured_media_url":"https:\/\/i0.wp.com\/vincentians.com\/es\/wp-content\/uploads\/sites\/11\/2016\/07\/reflexiones-palabra-de-dios.jpg?fit=1200%2C630","jetpack_sharing_enabled":true,"jetpack_shortlink":"https:\/\/wp.me\/p7ETMF-x6","jetpack-related-posts":[{"id":132420,"url":"http:\/\/vincentians.com\/es\/natividad-del-senor-reflexion-de-jose-cervantes-gabarron\/","url_meta":{"origin":2052,"position":0},"title":"Natividad del Se\u00f1or (reflexi\u00f3n de Jos\u00e9 Cervantes Gabarr\u00f3n)","author":"Francisco Javier Fern\u00e1ndez Chento","date":"23\/12\/2011","format":false,"excerpt":"La Navidad, regalo de Dios Acerca del nacimiento de Jes\u00fas que hoy celebramos, hay acuerdo entre los especialistas en admitir como hist\u00f3ricamente cierto que Jes\u00fas naci\u00f3 durante el reinado de Herodes el Grande (37-4 a.C.), en la era del emperador Augusto (37 a.C.-14 d.C.), pero no se puede precisar el\u2026","rel":"","context":"En \u00abHomil\u00edas y reflexiones, A\u00f1o B\u00bb","block_context":{"text":"Homil\u00edas y reflexiones, A\u00f1o B","link":"http:\/\/vincentians.com\/es\/category\/homilias-y-reflexiones-a-la-palabra-de-dios\/homilias-y-reflexiones-ano-b\/"},"img":{"alt_text":"","src":"https:\/\/i0.wp.com\/vincentians.com\/es\/wp-content\/uploads\/sites\/11\/2016\/07\/reflexiones-palabra-de-dios.jpg?fit=1200%2C630&resize=350%2C200","width":350,"height":200,"srcset":"https:\/\/i0.wp.com\/vincentians.com\/es\/wp-content\/uploads\/sites\/11\/2016\/07\/reflexiones-palabra-de-dios.jpg?fit=1200%2C630&resize=350%2C200 1x, https:\/\/i0.wp.com\/vincentians.com\/es\/wp-content\/uploads\/sites\/11\/2016\/07\/reflexiones-palabra-de-dios.jpg?fit=1200%2C630&resize=525%2C300 1.5x, https:\/\/i0.wp.com\/vincentians.com\/es\/wp-content\/uploads\/sites\/11\/2016\/07\/reflexiones-palabra-de-dios.jpg?fit=1200%2C630&resize=700%2C400 2x, https:\/\/i0.wp.com\/vincentians.com\/es\/wp-content\/uploads\/sites\/11\/2016\/07\/reflexiones-palabra-de-dios.jpg?fit=1200%2C630&resize=1050%2C600 3x"},"classes":[]},{"id":132366,"url":"http:\/\/vincentians.com\/es\/domingo-4o-de-adviento-reflexion-de-jose-cervantes-gabarron\/","url_meta":{"origin":2052,"position":1},"title":"Domingo 4\u00ba de Adviento (reflexi\u00f3n de Jos\u00e9 Cervantes Gabarr\u00f3n)","author":"Francisco Javier Fern\u00e1ndez Chento","date":"16\/12\/2011","format":false,"excerpt":"Colmada de gracia El cuarto domingo de adviento anuncia la celebraci\u00f3n ya muy pr\u00f3xima del nacimiento de Jes\u00fas el Mes\u00edas, el misterio de Dios proclamado como Evangelio por el ap\u00f3stol Pablo. Los evangelios nos presentan dos figuras humanas preeminentes en los preludios de la Navidad, Mar\u00eda y Jos\u00e9, de las\u2026","rel":"","context":"En \u00abHomil\u00edas y reflexiones, A\u00f1o B\u00bb","block_context":{"text":"Homil\u00edas y reflexiones, A\u00f1o B","link":"http:\/\/vincentians.com\/es\/category\/homilias-y-reflexiones-a-la-palabra-de-dios\/homilias-y-reflexiones-ano-b\/"},"img":{"alt_text":"","src":"https:\/\/i0.wp.com\/vincentians.com\/es\/wp-content\/uploads\/sites\/11\/2016\/07\/reflexiones-palabra-de-dios.jpg?fit=1200%2C630&resize=350%2C200","width":350,"height":200,"srcset":"https:\/\/i0.wp.com\/vincentians.com\/es\/wp-content\/uploads\/sites\/11\/2016\/07\/reflexiones-palabra-de-dios.jpg?fit=1200%2C630&resize=350%2C200 1x, https:\/\/i0.wp.com\/vincentians.com\/es\/wp-content\/uploads\/sites\/11\/2016\/07\/reflexiones-palabra-de-dios.jpg?fit=1200%2C630&resize=525%2C300 1.5x, https:\/\/i0.wp.com\/vincentians.com\/es\/wp-content\/uploads\/sites\/11\/2016\/07\/reflexiones-palabra-de-dios.jpg?fit=1200%2C630&resize=700%2C400 2x, https:\/\/i0.wp.com\/vincentians.com\/es\/wp-content\/uploads\/sites\/11\/2016\/07\/reflexiones-palabra-de-dios.jpg?fit=1200%2C630&resize=1050%2C600 3x"},"classes":[]},{"id":142933,"url":"http:\/\/vincentians.com\/es\/2o-domingo-de-pascua-reflexion-de-jose-cervantes-gabarron-3\/","url_meta":{"origin":2052,"position":2},"title":"2\u00ba Domingo de Pascua (reflexi\u00f3n de Jos\u00e9 Cervantes Gabarr\u00f3n)","author":"Francisco Javier Fern\u00e1ndez Chento","date":"11\/04\/2015","format":false,"excerpt":"La gran alegr\u00eda de Cristo Resucitado En estas fiestas de Pascua la Iglesia celebra la gran alegr\u00eda de la resurrecci\u00f3n de Jesucristo. El evangelio de Juan en la liturgia dominical anuncia la presencia de\u00a0Cristo Resucitado\u00a0en la vida humana y el mensaje se centra en la\u00a0doble aparici\u00f3n del resucitado a los\u2026","rel":"","context":"En \u00abHomil\u00edas y reflexiones, A\u00f1o B\u00bb","block_context":{"text":"Homil\u00edas y reflexiones, A\u00f1o B","link":"http:\/\/vincentians.com\/es\/category\/homilias-y-reflexiones-a-la-palabra-de-dios\/homilias-y-reflexiones-ano-b\/"},"img":{"alt_text":"","src":"https:\/\/i0.wp.com\/vincentians.com\/es\/wp-content\/uploads\/sites\/11\/2016\/07\/reflexiones-palabra-de-dios.jpg?fit=1200%2C630&resize=350%2C200","width":350,"height":200,"srcset":"https:\/\/i0.wp.com\/vincentians.com\/es\/wp-content\/uploads\/sites\/11\/2016\/07\/reflexiones-palabra-de-dios.jpg?fit=1200%2C630&resize=350%2C200 1x, https:\/\/i0.wp.com\/vincentians.com\/es\/wp-content\/uploads\/sites\/11\/2016\/07\/reflexiones-palabra-de-dios.jpg?fit=1200%2C630&resize=525%2C300 1.5x, https:\/\/i0.wp.com\/vincentians.com\/es\/wp-content\/uploads\/sites\/11\/2016\/07\/reflexiones-palabra-de-dios.jpg?fit=1200%2C630&resize=700%2C400 2x, https:\/\/i0.wp.com\/vincentians.com\/es\/wp-content\/uploads\/sites\/11\/2016\/07\/reflexiones-palabra-de-dios.jpg?fit=1200%2C630&resize=1050%2C600 3x"},"classes":[]},{"id":132433,"url":"http:\/\/vincentians.com\/es\/4o-domingo-de-cuaresma-reflexion-de-jose-cervantes-gabarron-2\/","url_meta":{"origin":2052,"position":3},"title":"4\u00ba Domingo de Cuaresma (reflexi\u00f3n de Jos\u00e9 Cervantes Gabarr\u00f3n)","author":"Francisco Javier Fern\u00e1ndez Chento","date":"17\/03\/2012","format":false,"excerpt":"El amor da la vida \"Dios, rico en misericordia, por el gran amor con que nos am\u00f3, estando nosotros muertos por los pecados, nos ha hecho vivir con Cristo\" (Ef 2,4). \"Tanto am\u00f3 Dios al mundo que le dio a su \u00fanico Hijo para que todo el que crea en\u2026","rel":"","context":"En \u00abHomil\u00edas y reflexiones, A\u00f1o B\u00bb","block_context":{"text":"Homil\u00edas y reflexiones, A\u00f1o B","link":"http:\/\/vincentians.com\/es\/category\/homilias-y-reflexiones-a-la-palabra-de-dios\/homilias-y-reflexiones-ano-b\/"},"img":{"alt_text":"","src":"https:\/\/i0.wp.com\/vincentians.com\/es\/wp-content\/uploads\/sites\/11\/2016\/07\/reflexiones-palabra-de-dios.jpg?fit=1200%2C630&resize=350%2C200","width":350,"height":200,"srcset":"https:\/\/i0.wp.com\/vincentians.com\/es\/wp-content\/uploads\/sites\/11\/2016\/07\/reflexiones-palabra-de-dios.jpg?fit=1200%2C630&resize=350%2C200 1x, https:\/\/i0.wp.com\/vincentians.com\/es\/wp-content\/uploads\/sites\/11\/2016\/07\/reflexiones-palabra-de-dios.jpg?fit=1200%2C630&resize=525%2C300 1.5x, https:\/\/i0.wp.com\/vincentians.com\/es\/wp-content\/uploads\/sites\/11\/2016\/07\/reflexiones-palabra-de-dios.jpg?fit=1200%2C630&resize=700%2C400 2x, https:\/\/i0.wp.com\/vincentians.com\/es\/wp-content\/uploads\/sites\/11\/2016\/07\/reflexiones-palabra-de-dios.jpg?fit=1200%2C630&resize=1050%2C600 3x"},"classes":[]},{"id":135794,"url":"http:\/\/vincentians.com\/es\/18o-domingo-de-tiempo-ordinario-reflexion-de-jose-cervantes-gabarron\/","url_meta":{"origin":2052,"position":4},"title":"18\u00ba Domingo de Tiempo Ordinario (reflexi\u00f3n de Jos\u00e9 Cervantes Gabarr\u00f3n)","author":"Francisco Javier Fern\u00e1ndez Chento","date":"03\/08\/2012","format":false,"excerpt":"Jesucristo, pan de vida Jos\u00e9 Cervantes Gabarr\u00f3n, sacerdote misionero y profesor de Sagrada Escritura.El relato del reparto del pan entre la multitud seg\u00fan el cuarto evangelio (Jn 6,1-15) escuchado el pasado domingo en nuestra Iglesia es el fundamento del mensaje que se va a ir profundizando en los pr\u00f3ximos domingos.\u2026","rel":"","context":"En \u00abHomil\u00edas y reflexiones, A\u00f1o B\u00bb","block_context":{"text":"Homil\u00edas y reflexiones, A\u00f1o B","link":"http:\/\/vincentians.com\/es\/category\/homilias-y-reflexiones-a-la-palabra-de-dios\/homilias-y-reflexiones-ano-b\/"},"img":{"alt_text":"","src":"https:\/\/i0.wp.com\/vincentians.com\/es\/wp-content\/uploads\/sites\/11\/2016\/07\/reflexiones-palabra-de-dios.jpg?fit=1200%2C630&resize=350%2C200","width":350,"height":200,"srcset":"https:\/\/i0.wp.com\/vincentians.com\/es\/wp-content\/uploads\/sites\/11\/2016\/07\/reflexiones-palabra-de-dios.jpg?fit=1200%2C630&resize=350%2C200 1x, https:\/\/i0.wp.com\/vincentians.com\/es\/wp-content\/uploads\/sites\/11\/2016\/07\/reflexiones-palabra-de-dios.jpg?fit=1200%2C630&resize=525%2C300 1.5x, https:\/\/i0.wp.com\/vincentians.com\/es\/wp-content\/uploads\/sites\/11\/2016\/07\/reflexiones-palabra-de-dios.jpg?fit=1200%2C630&resize=700%2C400 2x, https:\/\/i0.wp.com\/vincentians.com\/es\/wp-content\/uploads\/sites\/11\/2016\/07\/reflexiones-palabra-de-dios.jpg?fit=1200%2C630&resize=1050%2C600 3x"},"classes":[]},{"id":387341,"url":"http:\/\/vincentians.com\/es\/pentecostes-reflexion-de-jose-cervantes-gabarron-2\/","url_meta":{"origin":2052,"position":5},"title":"Pentecost\u00e9s (reflexi\u00f3n de Jos\u00e9 Cervantes Gabarr\u00f3n)","author":"Francisco Javier Fern\u00e1ndez Chento","date":"23\/05\/2015","format":false,"excerpt":"Oscar Romero, beatificado, testigo del Esp\u00edritu Santo Este s\u00e1bado, d\u00eda 23 de Mayo, se ha celebrado en la ciudad de San Salvador la beatificaci\u00f3n de Monse\u00f1or Oscar Romero. A los treinta y cinco a\u00f1os de su asesinato en El Salvador, la Iglesia universal proclama oficialmente lo que ha sido una\u2026","rel":"","context":"En \u00abHomil\u00edas y reflexiones, A\u00f1o B\u00bb","block_context":{"text":"Homil\u00edas y reflexiones, A\u00f1o B","link":"http:\/\/vincentians.com\/es\/category\/homilias-y-reflexiones-a-la-palabra-de-dios\/homilias-y-reflexiones-ano-b\/"},"img":{"alt_text":"","src":"https:\/\/i0.wp.com\/vincentians.com\/es\/wp-content\/uploads\/sites\/11\/2016\/07\/reflexiones-palabra-de-dios.jpg?fit=1200%2C630&resize=350%2C200","width":350,"height":200,"srcset":"https:\/\/i0.wp.com\/vincentians.com\/es\/wp-content\/uploads\/sites\/11\/2016\/07\/reflexiones-palabra-de-dios.jpg?fit=1200%2C630&resize=350%2C200 1x, https:\/\/i0.wp.com\/vincentians.com\/es\/wp-content\/uploads\/sites\/11\/2016\/07\/reflexiones-palabra-de-dios.jpg?fit=1200%2C630&resize=525%2C300 1.5x, https:\/\/i0.wp.com\/vincentians.com\/es\/wp-content\/uploads\/sites\/11\/2016\/07\/reflexiones-palabra-de-dios.jpg?fit=1200%2C630&resize=700%2C400 2x, https:\/\/i0.wp.com\/vincentians.com\/es\/wp-content\/uploads\/sites\/11\/2016\/07\/reflexiones-palabra-de-dios.jpg?fit=1200%2C630&resize=1050%2C600 3x"},"classes":[]}],"_links":{"self":[{"href":"http:\/\/vincentians.com\/es\/wp-json\/wp\/v2\/posts\/2052","targetHints":{"allow":["GET"]}}],"collection":[{"href":"http:\/\/vincentians.com\/es\/wp-json\/wp\/v2\/posts"}],"about":[{"href":"http:\/\/vincentians.com\/es\/wp-json\/wp\/v2\/types\/post"}],"author":[{"embeddable":true,"href":"http:\/\/vincentians.com\/es\/wp-json\/wp\/v2\/users\/4"}],"replies":[{"embeddable":true,"href":"http:\/\/vincentians.com\/es\/wp-json\/wp\/v2\/comments?post=2052"}],"version-history":[{"count":0,"href":"http:\/\/vincentians.com\/es\/wp-json\/wp\/v2\/posts\/2052\/revisions"}],"wp:featuredmedia":[{"embeddable":true,"href":"http:\/\/vincentians.com\/es\/wp-json\/wp\/v2\/media\/388408"}],"wp:attachment":[{"href":"http:\/\/vincentians.com\/es\/wp-json\/wp\/v2\/media?parent=2052"}],"wp:term":[{"taxonomy":"category","embeddable":true,"href":"http:\/\/vincentians.com\/es\/wp-json\/wp\/v2\/categories?post=2052"},{"taxonomy":"post_tag","embeddable":true,"href":"http:\/\/vincentians.com\/es\/wp-json\/wp\/v2\/tags?post=2052"}],"curies":[{"name":"wp","href":"https:\/\/api.w.org\/{rel}","templated":true}]}}