{"id":202007,"date":"2015-07-06T18:00:32","date_gmt":"2015-07-06T16:00:32","guid":{"rendered":"http:\/\/somos.vicencianos.org\/?p=202007"},"modified":"2016-07-24T10:28:02","modified_gmt":"2016-07-24T08:28:02","slug":"lectio-para-15o-domingo-de-t-o-preparada-por-chuno-chavez-alva-c-m","status":"publish","type":"post","link":"http:\/\/vincentians.com\/es\/lectio-para-15o-domingo-de-t-o-preparada-por-chuno-chavez-alva-c-m\/","title":{"rendered":"Lectio para 15\u00ba Domingo de T.O. (preparada por Chuno Ch\u00e1vez Alva, C.M.)"},"content":{"rendered":"<h2 style=\"text-align: center\"><b>Comenz\u00f3 a enviarlos de dos en dos<\/b><\/h2>\n<p><strong>LA PALABRA HOY: <\/strong>Am\u00f3s 7,12-15; Salmo 84; Efesios 1,3-14; Marcos 6,7-13<\/p>\n<p><strong>Ambientaci\u00f3n: <\/strong>Al centro: un bast\u00f3n, un par de sandalias, la Biblia, un cirio, huellas de cartulina con el siguiente texto: <strong><em>\u201cNosotros no podemos callar lo que hemos visto y o\u00eddo\u201d <\/em><\/strong><strong>Hch 4, 20. <\/strong>Se entregar\u00e1 a cada participante.<\/p>\n<p><strong>Cantos sugeridos: <\/strong>El mensajero de la paz; Nos env\u00edas por el mundo.<\/p>\n<h2>Ambientaci\u00f3n<\/h2>\n<p><em>Llamada, elecci\u00f3n y env\u00edo: tres aspectos de una misma vocaci\u00f3n que se vive en el desapego radical y en el servicio. Los ap\u00f3stoles constatan que la fidelidad a esta llamada de Dios compromete toda la vida. Elegidos en Cristo, hemos sido llamados y enviados a anunciar el evangelio.<\/em><\/p>\n<h2>Oraci\u00f3n inicial<\/h2>\n<p>Se\u00f1or Jes\u00fas,<br \/>\nT\u00fa que has enviado a tus disc\u00edpulos<br \/>\npara que fueran a anunciar tu Palabra,<br \/>\npara darte a conocer, para invitar a la conversi\u00f3n,<br \/>\ny les has pedido total confianza en ti,<br \/>\nabandono pleno en ti,<br \/>\nte pedimos que ahora que nosotros<br \/>\nque estamos profundizando tu Palabra,<br \/>\ny que queremos vivir y actualizar<br \/>\nde manera m\u00e1s viva tus ense\u00f1anzas,<br \/>\nque nos ayudes a ser m\u00e1s conscientes<br \/>\nde lo que implica seguirte a ti,<br \/>\ny as\u00ed salir al encuentro de los otros,<br \/>\nllevando tu mensaje de salvaci\u00f3n,<br \/>\nsabiendo que T\u00fa act\u00faas en y por nosotros.<br \/>\nDanos Se\u00f1or, la gracia de que T\u00fa,<br \/>\nact\u00faes en nuestra vida<br \/>\ny que nosotros te demos a conocer,<br \/>\nhoy y siempre<br \/>\nconfiando y esperando todo de ti.<br \/>\nQue as\u00ed sea.<\/p>\n<h2>I. Lectio: \u00bfQu\u00e9 dice el texto? \u2013 Ma<strong>rcos 6,6-13<\/strong><\/h2>\n<p><strong>Motivaci\u00f3n: <\/strong><em>El reino de Dios ya ha llegado, por eso \u00c9l elige a sus amigos, les encarga la tarea, y les indica c\u00f3mo tendr\u00e1 que ser su vida: sin apegarse a nada ni a nadie, sin acomodarse a seguridades, sin miedo a ser rechazados por los satisfechos. Y ellos predicaron la conversi\u00f3n y hac\u00edan cre\u00edble con su vida el Mensaje de Jes\u00fas. Escuchemos. <\/em><\/p>\n<p><strong>Forma de leerlo:<\/strong><\/p>\n<ol>\n<li>Proclamar el texto en voz alta (todos de pie).<\/li>\n<li>Cada uno puede leer en voz alta el vers\u00edculo que m\u00e1s le llam\u00f3 la atenci\u00f3n (sentados).<\/li>\n<\/ol>\n<p><strong>Preguntas para la lectura:<\/strong><\/p>\n<ul>\n<li>\u00bfA qui\u00e9nes re\u00fane Jes\u00fas mientras recorre las aldeas? \u00bfPara qu\u00e9?<\/li>\n<li>\u00bfQu\u00e9 \u00f3rdenes concretas les da a los Doce?<\/li>\n<li>\u00bfC\u00f3mo deber\u00e1n actuar ante las dificultades?<\/li>\n<li>Una vez que son enviados, \u00bfqu\u00e9 acciones realizan los ap\u00f3stoles?<\/li>\n<\/ul>\n<p><strong>Otros textos b\u00edblicos para confrontar: <\/strong><strong>Mt 10,9-14; Lc 9,1-6; Mc 3,13-19.<\/strong><\/p>\n<h2>II. Meditatio: \u00bfQu\u00e9 me dice? \u00bfQu\u00e9 nos dice el Texto?<\/h2>\n<p><strong><em>Motivaci\u00f3n: <\/em><\/strong><em>Aunque nos reconocemos elegidos, llamados y enviados, con frecuencia nos sorprendemos a nosotros mismos con actitudes y comportamientos que no son los de un evangelizador cristiano. Como un d\u00eda hizo con sus disc\u00edpulos, tambi\u00e9n hoy el Se\u00f1or nos da instrucciones concretas para proclamar su mensaje.<\/em><\/p>\n<ul>\n<li><em>\u00bfQu\u00e9 significa para m\u00ed hoy ser un \u201cenviado\u201d de Jes\u00fas? \u00bfA qu\u00e9 lugares de manera particular me env\u00eda? <\/em><\/li>\n<li><em>Jes\u00fas env\u00eda a sus disc\u00edpulos sin otra seguridad que la Palabra que anuncian. <\/em>\u00bfConf\u00edo en el Se\u00f1or totalmente? \u00bfEn qu\u00e9 cosas, personas,&#8230; tengo puestas mis seguridades?<\/li>\n<li>\u00bfC\u00f3mo reacciono cuando alguien no quiere escuchar la Palabra de Dios?<\/li>\n<li>\u00bfConcibo mi vida como una oportunidad de anunciar y dar a conocer al Se\u00f1or, as\u00ed en mi vida personal, en mi profesi\u00f3n, en mi familia, en mi comunidad, ah\u00ed donde est\u00e9?, \u00bfde qu\u00e9 manera?<\/li>\n<\/ul>\n<p><em>Luego de un tiempo de meditaci\u00f3n personal, compartimos con sencillez nuestra reflexi\u00f3n, lo que el texto ME dice a mi propia realidad y situaci\u00f3n personal.<\/em><\/p>\n<h2>III. Oratio: \u00bfQu\u00e9 le digo al Se\u00f1or motivado por su Palabra?<\/h2>\n<p><strong><em>Motivaci\u00f3n: <\/em><\/strong><em>El Maestro, una vez m\u00e1s, nos llama y nos env\u00eda ofreci\u00e9ndonos instrucciones concretas para el momento hist\u00f3rico en que vivimos. Le damos gracias por la elecci\u00f3n y la llamada, le pedimos que seamos sensibles a la voz de su Esp\u00edritu y le rogamos por todos los mensajeros del evangelio.<\/em><\/p>\n<ul>\n<li>Luego de un tiempo de oraci\u00f3n personal, podemos compartir en voz alta nuestra oraci\u00f3n, siempre dirigi\u00e9ndonos a Dios mediante la alabanza, la acci\u00f3n de gracias o la s\u00faplica confiada.<\/li>\n<li>Se puede, tambi\u00e9n, recitar el salmo responsorial que corresponde a este domingo (Salmo 84)<em>.<\/em><\/li>\n<\/ul>\n<h2>IV. Contemplatio: \u00bfQu\u00e9 me lleva a hacer este texto?<\/h2>\n<p><strong><em>Motivaci\u00f3n:<\/em><\/strong><em> San Vicente nos recuerda la excelencia de nuestra vocaci\u00f3n de misioneros y misioneras. Demos gracias a Dios por ello:<\/em><\/p>\n<p>\u00abPor tanto, un gran motivo que tenemos es la grandeza de la cosa: dar a conocer a Dios a los pobres, anunciarles a Jesucristo, decirles que est\u00e1 cerca el reino de los cielos y que ese reino es para los pobres. \u00a1Qu\u00e9 grande es esto! Y el que hayamos sido llamados para ser compa\u00f1eros y para participar en.los planes del Hijo de Dios, es algo que supera nuestro entendimiento. \u00a1Qu\u00e9! \u00a1Hacernos&#8230;, no me atrevo a decirlo&#8230; s\u00ed: evangelizar a los pobres es un oficio tan alto que es, por excelencia, el oficio del Hijo de Dios! Y a nosotros se nos dedica a ello como instrumentos por los que el Hijo de Dios sigue haciendo desde el cielo lo que hizo en la tierra. \u00a1Qu\u00e9 gran motivo para alabar a Dios, hermanos m\u00edos, y agradecerle incesantemente esta gracia!\u00bb (XI, 387)<\/p>\n<p>Todos tienen el derecho de recibir el Evangelio. Los cristianos tienen el deber de anunciarlo sin excluir a nadie, no como quien impone una nueva obligaci\u00f3n, sino como quien comparte una alegr\u00eda, se\u00f1ala un horizonte bello, ofrece un banquete deseable. La Iglesia no crece por proselitismo sino \u00abpor atracci\u00f3n\u00bb. (EG14)<\/p>\n<p><strong>Compromiso: Orar por la labor misionera de la Iglesia. Comprometernos en alguna acci\u00f3n misionera de nuestra parroquia.<\/strong><\/p>\n<h2>Oraci\u00f3n final<\/h2>\n<p>Te bendecimos, Dios de los ap\u00f3stoles y los profetas,<br \/>\npor Jesucristo, tu primer enviado en misi\u00f3n de paz y amor para anunciar a los pobres el gozo de la liberaci\u00f3n,<br \/>\npara dar la salud a los enfermos y cosechar la mies abundante.<br \/>\nCristo deleg\u00f3 su misi\u00f3n a los suyos, a nosotros;<br \/>\ndesde entonces evangelizar es la vocaci\u00f3n de tu pueblo.<br \/>\nJes\u00fas nos quiere disponibles, con la libertad de la pobreza, para compartir con los dem\u00e1s lo que t\u00fa nos das gratis.<br \/>\nVac\u00eda, Se\u00f1or, nuestro coraz\u00f3n de la soberbia para hacer sitio a la revelaci\u00f3n de tu nombre, y desocupa nuestras manos de la codicia para recibir en ellas tu medida colmada. Am\u00e9n.<\/p>\n","protected":false},"excerpt":{"rendered":"<p>Comenz\u00f3 a enviarlos de dos en dos LA PALABRA HOY: Am\u00f3s 7,12-15; Salmo 84; Efesios 1,3-14; Marcos 6,7-13 Ambientaci\u00f3n: Al centro: un bast\u00f3n, un par de sandalias, la Biblia, un cirio, huellas de cartulina con &#8230; <a href=\"http:\/\/vincentians.com\/es\/lectio-para-15o-domingo-de-t-o-preparada-por-chuno-chavez-alva-c-m\/\" class=\"more-link\">Read More<\/a><\/p>\n","protected":false},"author":4,"featured_media":388408,"comment_status":"open","ping_status":"open","sticky":false,"template":"","format":"standard","meta":{"jetpack_post_was_ever_published":false,"_jetpack_newsletter_access":"","_jetpack_dont_email_post_to_subs":false,"_jetpack_newsletter_tier_id":0,"_jetpack_memberships_contains_paywalled_content":false,"_jetpack_memberships_contains_paid_content":false,"footnotes":"","jetpack_publicize_message":"","jetpack_publicize_feature_enabled":true,"jetpack_social_post_already_shared":true,"jetpack_social_options":{"image_generator_settings":{"template":"highway","default_image_id":0,"font":"","enabled":false},"version":2}},"categories":[93],"tags":[172],"class_list":["post-202007","post","type-post","status-publish","format-standard","has-post-thumbnail","hentry","category-homilias-y-reflexiones-ano-b","tag-pobreza"],"yoast_head":"<!-- This site is optimized with the Yoast SEO plugin v26.3 - https:\/\/yoast.com\/wordpress\/plugins\/seo\/ -->\n<title>Lectio para 15\u00ba Domingo de T.O. (preparada por Chuno Ch\u00e1vez Alva, C.M.) - Somos Vicencianos<\/title>\n<meta name=\"robots\" content=\"index, follow, max-snippet:-1, max-image-preview:large, max-video-preview:-1\" \/>\n<link rel=\"canonical\" href=\"https:\/\/vincentians.com\/es\/lectio-para-15o-domingo-de-t-o-preparada-por-chuno-chavez-alva-c-m\/\" \/>\n<meta property=\"og:locale\" content=\"es_ES\" \/>\n<meta property=\"og:type\" content=\"article\" \/>\n<meta property=\"og:title\" content=\"Lectio para 15\u00ba Domingo de T.O. (preparada por Chuno Ch\u00e1vez Alva, C.M.) - Somos Vicencianos\" \/>\n<meta property=\"og:description\" content=\"Comenz\u00f3 a enviarlos de dos en dos LA PALABRA HOY: Am\u00f3s 7,12-15; Salmo 84; Efesios 1,3-14; Marcos 6,7-13 Ambientaci\u00f3n: Al centro: un bast\u00f3n, un par de sandalias, la Biblia, un cirio, huellas de cartulina con ... Read More\" \/>\n<meta property=\"og:url\" content=\"https:\/\/vincentians.com\/es\/lectio-para-15o-domingo-de-t-o-preparada-por-chuno-chavez-alva-c-m\/\" \/>\n<meta property=\"og:site_name\" content=\"Somos Vicencianos\" \/>\n<meta property=\"article:publisher\" content=\"https:\/\/www.facebook.com\/WeAreVincentians\/\" \/>\n<meta property=\"article:author\" content=\"https:\/\/www.facebook.com\/JavierChento\" \/>\n<meta property=\"article:published_time\" content=\"2015-07-06T16:00:32+00:00\" \/>\n<meta property=\"article:modified_time\" content=\"2016-07-24T08:28:02+00:00\" \/>\n<meta property=\"og:image\" content=\"https:\/\/i0.wp.com\/vincentians.com\/es\/wp-content\/uploads\/sites\/11\/2016\/07\/reflexiones-palabra-de-dios.jpg?fit=1200%2C630&ssl=1\" \/>\n\t<meta property=\"og:image:width\" content=\"1200\" \/>\n\t<meta property=\"og:image:height\" content=\"630\" \/>\n\t<meta property=\"og:image:type\" content=\"image\/jpeg\" \/>\n<meta name=\"author\" content=\"Francisco Javier Fern\u00e1ndez Chento\" \/>\n<meta name=\"twitter:card\" content=\"summary_large_image\" \/>\n<meta name=\"twitter:creator\" content=\"@https:\/\/twitter.com\/javierchento\" \/>\n<meta name=\"twitter:site\" content=\"@WeVincentians\" \/>\n<meta name=\"twitter:label1\" content=\"Escrito por\" \/>\n\t<meta name=\"twitter:data1\" content=\"Francisco Javier Fern\u00e1ndez Chento\" \/>\n\t<meta name=\"twitter:label2\" content=\"Tiempo de lectura\" \/>\n\t<meta name=\"twitter:data2\" content=\"6 minutos\" \/>\n<script type=\"application\/ld+json\" class=\"yoast-schema-graph\">{\"@context\":\"https:\/\/schema.org\",\"@graph\":[{\"@type\":\"Article\",\"@id\":\"https:\/\/vincentians.com\/es\/lectio-para-15o-domingo-de-t-o-preparada-por-chuno-chavez-alva-c-m\/#article\",\"isPartOf\":{\"@id\":\"https:\/\/vincentians.com\/es\/lectio-para-15o-domingo-de-t-o-preparada-por-chuno-chavez-alva-c-m\/\"},\"author\":{\"name\":\"Francisco Javier Fern\u00e1ndez Chento\",\"@id\":\"https:\/\/vincentians.com\/es\/#\/schema\/person\/9623ef4d9aa3b2dfb8c061f1499288f2\"},\"headline\":\"Lectio para 15\u00ba Domingo de T.O. (preparada por Chuno Ch\u00e1vez Alva, C.M.)\",\"datePublished\":\"2015-07-06T16:00:32+00:00\",\"dateModified\":\"2016-07-24T08:28:02+00:00\",\"mainEntityOfPage\":{\"@id\":\"https:\/\/vincentians.com\/es\/lectio-para-15o-domingo-de-t-o-preparada-por-chuno-chavez-alva-c-m\/\"},\"wordCount\":1118,\"commentCount\":0,\"publisher\":{\"@id\":\"https:\/\/vincentians.com\/es\/#organization\"},\"image\":{\"@id\":\"https:\/\/vincentians.com\/es\/lectio-para-15o-domingo-de-t-o-preparada-por-chuno-chavez-alva-c-m\/#primaryimage\"},\"thumbnailUrl\":\"https:\/\/i0.wp.com\/vincentians.com\/es\/wp-content\/uploads\/sites\/11\/2016\/07\/reflexiones-palabra-de-dios.jpg?fit=1200%2C630\",\"keywords\":[\"Pobreza\"],\"articleSection\":[\"Homil\u00edas y reflexiones, A\u00f1o B\"],\"inLanguage\":\"es\",\"potentialAction\":[{\"@type\":\"CommentAction\",\"name\":\"Comment\",\"target\":[\"https:\/\/vincentians.com\/es\/lectio-para-15o-domingo-de-t-o-preparada-por-chuno-chavez-alva-c-m\/#respond\"]}]},{\"@type\":\"WebPage\",\"@id\":\"https:\/\/vincentians.com\/es\/lectio-para-15o-domingo-de-t-o-preparada-por-chuno-chavez-alva-c-m\/\",\"url\":\"https:\/\/vincentians.com\/es\/lectio-para-15o-domingo-de-t-o-preparada-por-chuno-chavez-alva-c-m\/\",\"name\":\"Lectio para 15\u00ba Domingo de T.O. (preparada por Chuno Ch\u00e1vez Alva, C.M.) - Somos Vicencianos\",\"isPartOf\":{\"@id\":\"https:\/\/vincentians.com\/es\/#website\"},\"primaryImageOfPage\":{\"@id\":\"https:\/\/vincentians.com\/es\/lectio-para-15o-domingo-de-t-o-preparada-por-chuno-chavez-alva-c-m\/#primaryimage\"},\"image\":{\"@id\":\"https:\/\/vincentians.com\/es\/lectio-para-15o-domingo-de-t-o-preparada-por-chuno-chavez-alva-c-m\/#primaryimage\"},\"thumbnailUrl\":\"https:\/\/i0.wp.com\/vincentians.com\/es\/wp-content\/uploads\/sites\/11\/2016\/07\/reflexiones-palabra-de-dios.jpg?fit=1200%2C630\",\"datePublished\":\"2015-07-06T16:00:32+00:00\",\"dateModified\":\"2016-07-24T08:28:02+00:00\",\"breadcrumb\":{\"@id\":\"https:\/\/vincentians.com\/es\/lectio-para-15o-domingo-de-t-o-preparada-por-chuno-chavez-alva-c-m\/#breadcrumb\"},\"inLanguage\":\"es\",\"potentialAction\":[{\"@type\":\"ReadAction\",\"target\":[\"https:\/\/vincentians.com\/es\/lectio-para-15o-domingo-de-t-o-preparada-por-chuno-chavez-alva-c-m\/\"]}]},{\"@type\":\"ImageObject\",\"inLanguage\":\"es\",\"@id\":\"https:\/\/vincentians.com\/es\/lectio-para-15o-domingo-de-t-o-preparada-por-chuno-chavez-alva-c-m\/#primaryimage\",\"url\":\"https:\/\/i0.wp.com\/vincentians.com\/es\/wp-content\/uploads\/sites\/11\/2016\/07\/reflexiones-palabra-de-dios.jpg?fit=1200%2C630\",\"contentUrl\":\"https:\/\/i0.wp.com\/vincentians.com\/es\/wp-content\/uploads\/sites\/11\/2016\/07\/reflexiones-palabra-de-dios.jpg?fit=1200%2C630\",\"width\":1200,\"height\":630},{\"@type\":\"BreadcrumbList\",\"@id\":\"https:\/\/vincentians.com\/es\/lectio-para-15o-domingo-de-t-o-preparada-por-chuno-chavez-alva-c-m\/#breadcrumb\",\"itemListElement\":[{\"@type\":\"ListItem\",\"position\":1,\"name\":\"Portada\",\"item\":\"https:\/\/vincentians.com\/es\/\"},{\"@type\":\"ListItem\",\"position\":2,\"name\":\"Lectio para 15\u00ba Domingo de T.O. (preparada por Chuno Ch\u00e1vez Alva, C.M.)\"}]},{\"@type\":\"WebSite\",\"@id\":\"https:\/\/vincentians.com\/es\/#website\",\"url\":\"https:\/\/vincentians.com\/es\/\",\"name\":\"Somos Vicencianos\",\"description\":\"Know more to serve more\",\"publisher\":{\"@id\":\"https:\/\/vincentians.com\/es\/#organization\"},\"potentialAction\":[{\"@type\":\"SearchAction\",\"target\":{\"@type\":\"EntryPoint\",\"urlTemplate\":\"https:\/\/vincentians.com\/es\/?s={search_term_string}\"},\"query-input\":{\"@type\":\"PropertyValueSpecification\",\"valueRequired\":true,\"valueName\":\"search_term_string\"}}],\"inLanguage\":\"es\"},{\"@type\":\"Organization\",\"@id\":\"https:\/\/vincentians.com\/es\/#organization\",\"name\":\"The Vincentian Network\",\"url\":\"https:\/\/vincentians.com\/es\/\",\"logo\":{\"@type\":\"ImageObject\",\"inLanguage\":\"es\",\"@id\":\"https:\/\/vincentians.com\/es\/#\/schema\/logo\/image\/\",\"url\":\"https:\/\/i1.wp.com\/vincentians.com\/es\/wp-content\/uploads\/sites\/11\/2016\/06\/Vincentian-Network-logo-big.png?fit=778%2C778\",\"contentUrl\":\"https:\/\/i1.wp.com\/vincentians.com\/es\/wp-content\/uploads\/sites\/11\/2016\/06\/Vincentian-Network-logo-big.png?fit=778%2C778\",\"width\":778,\"height\":778,\"caption\":\"The Vincentian Network\"},\"image\":{\"@id\":\"https:\/\/vincentians.com\/es\/#\/schema\/logo\/image\/\"},\"sameAs\":[\"https:\/\/www.facebook.com\/WeAreVincentians\/\",\"https:\/\/x.com\/WeVincentians\"]},{\"@type\":\"Person\",\"@id\":\"https:\/\/vincentians.com\/es\/#\/schema\/person\/9623ef4d9aa3b2dfb8c061f1499288f2\",\"name\":\"Francisco Javier Fern\u00e1ndez Chento\",\"image\":{\"@type\":\"ImageObject\",\"inLanguage\":\"es\",\"@id\":\"https:\/\/vincentians.com\/es\/#\/schema\/person\/image\/\",\"url\":\"https:\/\/secure.gravatar.com\/avatar\/497d5cde87b4c3d097d0315953521681ba2cd523ee66e5077c3711f7021e65de?s=96&d=mm&r=g\",\"contentUrl\":\"https:\/\/secure.gravatar.com\/avatar\/497d5cde87b4c3d097d0315953521681ba2cd523ee66e5077c3711f7021e65de?s=96&d=mm&r=g\",\"caption\":\"Francisco Javier Fern\u00e1ndez Chento\"},\"description\":\"Director General y cofundador de La Red de Formaci\u00f3n Vicenciana. Javier es laico vicenciano, afiliado a la Congregaci\u00f3n de la Misi\u00f3n y miembro del Equipo de Misiones Populares de la provincia can\u00f3nica de Zaragoza (Espa\u00f1a) de la Congregaci\u00f3n de la Misi\u00f3n. Graduado en la Universidad Oberta de Catalunya con cuatro grados (Asistente de direcci\u00f3n, Gesti\u00f3n Administrativa, Recursos Humanos y Contabilidad Avanzada). Bil\u00edng\u00fce Espa\u00f1ol\/Ingl\u00e9s. gestiona y mantiene varias p\u00e1ginas web cristianas y vicencianas, incluida including La Red de Formaci\u00f3n Vicenciana, de la que es cofundador. Actualmente es responsable del \u00e1rea de Espa\u00f1ol de .famvin, la Red de Noticias de la Familia Vicenciana. Tambi\u00e9n es m\u00fasico cat\u00f3lico y ha editado varios discos. Es Director General y cofundador de Trovador, una reconocida compa\u00f1\u00eda discogr\u00e1fica critiana de Espa\u00f1a. Trabaja en las Tecnolog\u00edas de la Informaci\u00f3n, ofreciendo servicios de alojamiento, dise\u00f1o y mantenimiento Web, as\u00ed como asesoramiento, formaci\u00f3n y soluciones inform\u00e1ticas, gesti\u00f3n documental y digitalizaci\u00f3n de textos, edici\u00f3n y maquetaci\u00f3n de libros, revistas, flyers, etc.\",\"sameAs\":[\"http:\/\/chento.org\",\"https:\/\/www.facebook.com\/JavierChento\",\"https:\/\/x.com\/https:\/\/twitter.com\/javierchento\"],\"url\":\"http:\/\/vincentians.com\/es\/author\/chento\/\"}]}<\/script>\n<!-- \/ Yoast SEO plugin. -->","yoast_head_json":{"title":"Lectio para 15\u00ba Domingo de T.O. (preparada por Chuno Ch\u00e1vez Alva, C.M.) - Somos Vicencianos","robots":{"index":"index","follow":"follow","max-snippet":"max-snippet:-1","max-image-preview":"max-image-preview:large","max-video-preview":"max-video-preview:-1"},"canonical":"https:\/\/vincentians.com\/es\/lectio-para-15o-domingo-de-t-o-preparada-por-chuno-chavez-alva-c-m\/","og_locale":"es_ES","og_type":"article","og_title":"Lectio para 15\u00ba Domingo de T.O. (preparada por Chuno Ch\u00e1vez Alva, C.M.) - Somos Vicencianos","og_description":"Comenz\u00f3 a enviarlos de dos en dos LA PALABRA HOY: Am\u00f3s 7,12-15; Salmo 84; Efesios 1,3-14; Marcos 6,7-13 Ambientaci\u00f3n: Al centro: un bast\u00f3n, un par de sandalias, la Biblia, un cirio, huellas de cartulina con ... Read More","og_url":"https:\/\/vincentians.com\/es\/lectio-para-15o-domingo-de-t-o-preparada-por-chuno-chavez-alva-c-m\/","og_site_name":"Somos Vicencianos","article_publisher":"https:\/\/www.facebook.com\/WeAreVincentians\/","article_author":"https:\/\/www.facebook.com\/JavierChento","article_published_time":"2015-07-06T16:00:32+00:00","article_modified_time":"2016-07-24T08:28:02+00:00","og_image":[{"width":1200,"height":630,"url":"https:\/\/i0.wp.com\/vincentians.com\/es\/wp-content\/uploads\/sites\/11\/2016\/07\/reflexiones-palabra-de-dios.jpg?fit=1200%2C630&ssl=1","type":"image\/jpeg"}],"author":"Francisco Javier Fern\u00e1ndez Chento","twitter_card":"summary_large_image","twitter_creator":"@https:\/\/twitter.com\/javierchento","twitter_site":"@WeVincentians","twitter_misc":{"Escrito por":"Francisco Javier Fern\u00e1ndez Chento","Tiempo de lectura":"6 minutos"},"schema":{"@context":"https:\/\/schema.org","@graph":[{"@type":"Article","@id":"https:\/\/vincentians.com\/es\/lectio-para-15o-domingo-de-t-o-preparada-por-chuno-chavez-alva-c-m\/#article","isPartOf":{"@id":"https:\/\/vincentians.com\/es\/lectio-para-15o-domingo-de-t-o-preparada-por-chuno-chavez-alva-c-m\/"},"author":{"name":"Francisco Javier Fern\u00e1ndez Chento","@id":"https:\/\/vincentians.com\/es\/#\/schema\/person\/9623ef4d9aa3b2dfb8c061f1499288f2"},"headline":"Lectio para 15\u00ba Domingo de T.O. (preparada por Chuno Ch\u00e1vez Alva, C.M.)","datePublished":"2015-07-06T16:00:32+00:00","dateModified":"2016-07-24T08:28:02+00:00","mainEntityOfPage":{"@id":"https:\/\/vincentians.com\/es\/lectio-para-15o-domingo-de-t-o-preparada-por-chuno-chavez-alva-c-m\/"},"wordCount":1118,"commentCount":0,"publisher":{"@id":"https:\/\/vincentians.com\/es\/#organization"},"image":{"@id":"https:\/\/vincentians.com\/es\/lectio-para-15o-domingo-de-t-o-preparada-por-chuno-chavez-alva-c-m\/#primaryimage"},"thumbnailUrl":"https:\/\/i0.wp.com\/vincentians.com\/es\/wp-content\/uploads\/sites\/11\/2016\/07\/reflexiones-palabra-de-dios.jpg?fit=1200%2C630","keywords":["Pobreza"],"articleSection":["Homil\u00edas y reflexiones, A\u00f1o B"],"inLanguage":"es","potentialAction":[{"@type":"CommentAction","name":"Comment","target":["https:\/\/vincentians.com\/es\/lectio-para-15o-domingo-de-t-o-preparada-por-chuno-chavez-alva-c-m\/#respond"]}]},{"@type":"WebPage","@id":"https:\/\/vincentians.com\/es\/lectio-para-15o-domingo-de-t-o-preparada-por-chuno-chavez-alva-c-m\/","url":"https:\/\/vincentians.com\/es\/lectio-para-15o-domingo-de-t-o-preparada-por-chuno-chavez-alva-c-m\/","name":"Lectio para 15\u00ba Domingo de T.O. (preparada por Chuno Ch\u00e1vez Alva, C.M.) - Somos Vicencianos","isPartOf":{"@id":"https:\/\/vincentians.com\/es\/#website"},"primaryImageOfPage":{"@id":"https:\/\/vincentians.com\/es\/lectio-para-15o-domingo-de-t-o-preparada-por-chuno-chavez-alva-c-m\/#primaryimage"},"image":{"@id":"https:\/\/vincentians.com\/es\/lectio-para-15o-domingo-de-t-o-preparada-por-chuno-chavez-alva-c-m\/#primaryimage"},"thumbnailUrl":"https:\/\/i0.wp.com\/vincentians.com\/es\/wp-content\/uploads\/sites\/11\/2016\/07\/reflexiones-palabra-de-dios.jpg?fit=1200%2C630","datePublished":"2015-07-06T16:00:32+00:00","dateModified":"2016-07-24T08:28:02+00:00","breadcrumb":{"@id":"https:\/\/vincentians.com\/es\/lectio-para-15o-domingo-de-t-o-preparada-por-chuno-chavez-alva-c-m\/#breadcrumb"},"inLanguage":"es","potentialAction":[{"@type":"ReadAction","target":["https:\/\/vincentians.com\/es\/lectio-para-15o-domingo-de-t-o-preparada-por-chuno-chavez-alva-c-m\/"]}]},{"@type":"ImageObject","inLanguage":"es","@id":"https:\/\/vincentians.com\/es\/lectio-para-15o-domingo-de-t-o-preparada-por-chuno-chavez-alva-c-m\/#primaryimage","url":"https:\/\/i0.wp.com\/vincentians.com\/es\/wp-content\/uploads\/sites\/11\/2016\/07\/reflexiones-palabra-de-dios.jpg?fit=1200%2C630","contentUrl":"https:\/\/i0.wp.com\/vincentians.com\/es\/wp-content\/uploads\/sites\/11\/2016\/07\/reflexiones-palabra-de-dios.jpg?fit=1200%2C630","width":1200,"height":630},{"@type":"BreadcrumbList","@id":"https:\/\/vincentians.com\/es\/lectio-para-15o-domingo-de-t-o-preparada-por-chuno-chavez-alva-c-m\/#breadcrumb","itemListElement":[{"@type":"ListItem","position":1,"name":"Portada","item":"https:\/\/vincentians.com\/es\/"},{"@type":"ListItem","position":2,"name":"Lectio para 15\u00ba Domingo de T.O. (preparada por Chuno Ch\u00e1vez Alva, C.M.)"}]},{"@type":"WebSite","@id":"https:\/\/vincentians.com\/es\/#website","url":"https:\/\/vincentians.com\/es\/","name":"Somos Vicencianos","description":"Know more to serve more","publisher":{"@id":"https:\/\/vincentians.com\/es\/#organization"},"potentialAction":[{"@type":"SearchAction","target":{"@type":"EntryPoint","urlTemplate":"https:\/\/vincentians.com\/es\/?s={search_term_string}"},"query-input":{"@type":"PropertyValueSpecification","valueRequired":true,"valueName":"search_term_string"}}],"inLanguage":"es"},{"@type":"Organization","@id":"https:\/\/vincentians.com\/es\/#organization","name":"The Vincentian Network","url":"https:\/\/vincentians.com\/es\/","logo":{"@type":"ImageObject","inLanguage":"es","@id":"https:\/\/vincentians.com\/es\/#\/schema\/logo\/image\/","url":"https:\/\/i1.wp.com\/vincentians.com\/es\/wp-content\/uploads\/sites\/11\/2016\/06\/Vincentian-Network-logo-big.png?fit=778%2C778","contentUrl":"https:\/\/i1.wp.com\/vincentians.com\/es\/wp-content\/uploads\/sites\/11\/2016\/06\/Vincentian-Network-logo-big.png?fit=778%2C778","width":778,"height":778,"caption":"The Vincentian Network"},"image":{"@id":"https:\/\/vincentians.com\/es\/#\/schema\/logo\/image\/"},"sameAs":["https:\/\/www.facebook.com\/WeAreVincentians\/","https:\/\/x.com\/WeVincentians"]},{"@type":"Person","@id":"https:\/\/vincentians.com\/es\/#\/schema\/person\/9623ef4d9aa3b2dfb8c061f1499288f2","name":"Francisco Javier Fern\u00e1ndez Chento","image":{"@type":"ImageObject","inLanguage":"es","@id":"https:\/\/vincentians.com\/es\/#\/schema\/person\/image\/","url":"https:\/\/secure.gravatar.com\/avatar\/497d5cde87b4c3d097d0315953521681ba2cd523ee66e5077c3711f7021e65de?s=96&d=mm&r=g","contentUrl":"https:\/\/secure.gravatar.com\/avatar\/497d5cde87b4c3d097d0315953521681ba2cd523ee66e5077c3711f7021e65de?s=96&d=mm&r=g","caption":"Francisco Javier Fern\u00e1ndez Chento"},"description":"Director General y cofundador de La Red de Formaci\u00f3n Vicenciana. Javier es laico vicenciano, afiliado a la Congregaci\u00f3n de la Misi\u00f3n y miembro del Equipo de Misiones Populares de la provincia can\u00f3nica de Zaragoza (Espa\u00f1a) de la Congregaci\u00f3n de la Misi\u00f3n. Graduado en la Universidad Oberta de Catalunya con cuatro grados (Asistente de direcci\u00f3n, Gesti\u00f3n Administrativa, Recursos Humanos y Contabilidad Avanzada). Bil\u00edng\u00fce Espa\u00f1ol\/Ingl\u00e9s. gestiona y mantiene varias p\u00e1ginas web cristianas y vicencianas, incluida including La Red de Formaci\u00f3n Vicenciana, de la que es cofundador. Actualmente es responsable del \u00e1rea de Espa\u00f1ol de .famvin, la Red de Noticias de la Familia Vicenciana. Tambi\u00e9n es m\u00fasico cat\u00f3lico y ha editado varios discos. Es Director General y cofundador de Trovador, una reconocida compa\u00f1\u00eda discogr\u00e1fica critiana de Espa\u00f1a. Trabaja en las Tecnolog\u00edas de la Informaci\u00f3n, ofreciendo servicios de alojamiento, dise\u00f1o y mantenimiento Web, as\u00ed como asesoramiento, formaci\u00f3n y soluciones inform\u00e1ticas, gesti\u00f3n documental y digitalizaci\u00f3n de textos, edici\u00f3n y maquetaci\u00f3n de libros, revistas, flyers, etc.","sameAs":["http:\/\/chento.org","https:\/\/www.facebook.com\/JavierChento","https:\/\/x.com\/https:\/\/twitter.com\/javierchento"],"url":"http:\/\/vincentians.com\/es\/author\/chento\/"}]}},"jetpack_publicize_connections":[],"jetpack_featured_media_url":"https:\/\/i0.wp.com\/vincentians.com\/es\/wp-content\/uploads\/sites\/11\/2016\/07\/reflexiones-palabra-de-dios.jpg?fit=1200%2C630","jetpack_sharing_enabled":true,"jetpack_shortlink":"https:\/\/wp.me\/p7ETMF-Qyb","jetpack-related-posts":[{"id":6119,"url":"http:\/\/vincentians.com\/es\/lectio-para-6o-domingo-de-pascua-preparada-por-chuno-chavez-alva-c-m\/","url_meta":{"origin":202007,"position":0},"title":"Lectio para 6\u00ba domingo de Pascua (preparada por Chuno Ch\u00e1vez Alva, C.M.)","author":"Francisco Javier Fern\u00e1ndez Chento","date":"20\/05\/2014","format":false,"excerpt":"No os dejar\u00e9 hu\u00e9rfanos LA PALABRA HOY: Hechos Ap\u00f3stoles 8,5-8.14-17; Salmo 65; 1 Pedro 3,15-18; Juan 14, 15-21 Ambientaci\u00f3n: Imagen de una paloma, una vela grande y la frase: El Se\u00f1or nos dar\u00e1 su Esp\u00edritu Santo Cantos sugeridos: El Se\u00f1or nos dar\u00e1 su Esp\u00edritu Santo (Kairoi) Ambientaci\u00f3n La liturgia de\u2026","rel":"","context":"En \u00abHomil\u00edas y reflexiones, A\u00f1o A\u00bb","block_context":{"text":"Homil\u00edas y reflexiones, A\u00f1o A","link":"http:\/\/vincentians.com\/es\/category\/homilias-y-reflexiones-a-la-palabra-de-dios\/homilias-y-reflexiones-ano-a\/"},"img":{"alt_text":"","src":"https:\/\/i0.wp.com\/vincentians.com\/es\/wp-content\/uploads\/sites\/11\/2016\/07\/reflexiones-palabra-de-dios.jpg?fit=1200%2C630&resize=350%2C200","width":350,"height":200,"srcset":"https:\/\/i0.wp.com\/vincentians.com\/es\/wp-content\/uploads\/sites\/11\/2016\/07\/reflexiones-palabra-de-dios.jpg?fit=1200%2C630&resize=350%2C200 1x, https:\/\/i0.wp.com\/vincentians.com\/es\/wp-content\/uploads\/sites\/11\/2016\/07\/reflexiones-palabra-de-dios.jpg?fit=1200%2C630&resize=525%2C300 1.5x, https:\/\/i0.wp.com\/vincentians.com\/es\/wp-content\/uploads\/sites\/11\/2016\/07\/reflexiones-palabra-de-dios.jpg?fit=1200%2C630&resize=700%2C400 2x, https:\/\/i0.wp.com\/vincentians.com\/es\/wp-content\/uploads\/sites\/11\/2016\/07\/reflexiones-palabra-de-dios.jpg?fit=1200%2C630&resize=1050%2C600 3x"},"classes":[]},{"id":133256,"url":"http:\/\/vincentians.com\/es\/conceptos-clave-en-misiones-populares-06-envio\/","url_meta":{"origin":202007,"position":1},"title":"Conceptos clave en misiones populares 06: Env\u00edo","author":"Francisco Javier Fern\u00e1ndez Chento","date":"06\/01\/2015","format":false,"excerpt":"Se ha popularizado entre nosotros la palabra env\u00edo. Pero lo importante no es el t\u00e9rmino m\u00e1s o menos popular, sino el significado. La palabra env\u00edo aparece en el Evangelio. Es Lucas quien recuerda: En aquel momento eligi\u00f3 otros 72 disc\u00edpulos y los envi\u00f3 de dos en dos... (Lc 10). Cada\u2026","rel":"","context":"En \u00abMisiones populares\u00bb","block_context":{"text":"Misiones populares","link":"http:\/\/vincentians.com\/es\/category\/servicios-y-ministerios\/misiones-populares-misiones\/"},"img":{"alt_text":"P1020538","src":"https:\/\/i0.wp.com\/vicencianos.org\/wp-content\/2015\/01\/P1020538-300x300.jpg?resize=350%2C200","width":350,"height":200},"classes":[]},{"id":140023,"url":"http:\/\/vincentians.com\/es\/iras-a-donde-yo-te-envie-jer-1-7-2\/","url_meta":{"origin":202007,"position":2},"title":"\u00abIr\u00e1s a donde yo te env\u00ede\u00bb (Jer 1, 7)","author":"Francisco Javier Fern\u00e1ndez Chento","date":"17\/02\/2015","format":false,"excerpt":"El Evangelio de Lucas (4:16-30) refiere el d\u00eda en que Jes\u00fas viene a la Sinagoga de Nazaret y toma el rollo de Isa\u00edas y comienza a leer (Isa 61:1): \u201cEl esp\u00edritu del Se\u00f1or est\u00e1 sobre m\u00ed, porque el Se\u00f1or me ha ungido. Me ha enviado para dar la buena nueva\u2026","rel":"","context":"En \u00abEspiritualidad vicenciana\u00bb","block_context":{"text":"Espiritualidad vicenciana","link":"http:\/\/vincentians.com\/es\/category\/espiritualidad\/espiritualidad-vicenciana\/"},"img":{"alt_text":"Jeremias_1","src":"https:\/\/i0.wp.com\/vicencianos.org\/wp-content\/2015\/02\/Jeremias_1-300x225.jpg?resize=350%2C200","width":350,"height":200},"classes":[]},{"id":3121,"url":"http:\/\/vincentians.com\/es\/lectio-divina-para-2o-domingo-de-pascua-preparada-por-chuno-chavez-alva-c-m\/","url_meta":{"origin":202007,"position":3},"title":"Lectio Divina para 2\u00ba Domingo de Pascua (preparada por Chuno Ch\u00e1vez Alva, C.M.)","author":"Francisco Javier Fern\u00e1ndez Chento","date":"01\/04\/2013","format":false,"excerpt":"LA PALABRA HOY: Hechos Ap\u00f3stoles 5,12-16; Salmo 117; Apocalipsis 1,9-11.13.17-19 Ambientaci\u00f3n: Un cirio, rodeado de flores, imagen del Resucitado, frase: \u201cHemos visto al Se\u00f1or\u201d Cantos sugeridos: Alegre la ma\u00f1ana; Resucit\u00f3; Haces nuevas todas las cosas Ambientaci\u00f3n La fe en Jes\u00fas resucitado nos convierte en personas nuevas. El evangelio nos recuerda\u2026","rel":"","context":"En \u00abHomil\u00edas y reflexiones, A\u00f1o C\u00bb","block_context":{"text":"Homil\u00edas y reflexiones, A\u00f1o C","link":"http:\/\/vincentians.com\/es\/category\/homilias-y-reflexiones-a-la-palabra-de-dios\/homilias-y-reflexiones-ano-c\/"},"img":{"alt_text":"","src":"https:\/\/i0.wp.com\/vincentians.com\/es\/wp-content\/uploads\/sites\/11\/2016\/07\/reflexiones-palabra-de-dios.jpg?fit=1200%2C630&resize=350%2C200","width":350,"height":200,"srcset":"https:\/\/i0.wp.com\/vincentians.com\/es\/wp-content\/uploads\/sites\/11\/2016\/07\/reflexiones-palabra-de-dios.jpg?fit=1200%2C630&resize=350%2C200 1x, https:\/\/i0.wp.com\/vincentians.com\/es\/wp-content\/uploads\/sites\/11\/2016\/07\/reflexiones-palabra-de-dios.jpg?fit=1200%2C630&resize=525%2C300 1.5x, https:\/\/i0.wp.com\/vincentians.com\/es\/wp-content\/uploads\/sites\/11\/2016\/07\/reflexiones-palabra-de-dios.jpg?fit=1200%2C630&resize=700%2C400 2x, https:\/\/i0.wp.com\/vincentians.com\/es\/wp-content\/uploads\/sites\/11\/2016\/07\/reflexiones-palabra-de-dios.jpg?fit=1200%2C630&resize=1050%2C600 3x"},"classes":[]},{"id":210636,"url":"http:\/\/vincentians.com\/es\/lectio-para-16o-domingo-de-t-o-preparada-por-chuno-chavez-alva-c-m\/","url_meta":{"origin":202007,"position":4},"title":"Lectio para 16\u00ba Domingo de T.O. (preparada por Chuno Ch\u00e1vez Alva, C.M.)","author":"Francisco Javier Fern\u00e1ndez Chento","date":"15\/07\/2015","format":false,"excerpt":"Y se puso a ense\u00f1arles con calma... LA PALABRA HOY: Jerem\u00edas 23,1-6; Salmo 22; Efesios 2,13-18; Marcos 6,30-34 Ambientaci\u00f3n: Imagen del Buen Pastor; Biblia, cirio; Frase: \u201cSinti\u00f3 compasi\u00f3n de ellos\u201d Cantos sugeridos: El Se\u00f1or es mi pastor Ambientaci\u00f3n Caminos de justicia son los que se\u00f1ala Jes\u00fas, para conducirnos a verdes\u2026","rel":"","context":"En \u00abHomil\u00edas y reflexiones, A\u00f1o B\u00bb","block_context":{"text":"Homil\u00edas y reflexiones, A\u00f1o B","link":"http:\/\/vincentians.com\/es\/category\/homilias-y-reflexiones-a-la-palabra-de-dios\/homilias-y-reflexiones-ano-b\/"},"img":{"alt_text":"","src":"https:\/\/i0.wp.com\/vincentians.com\/es\/wp-content\/uploads\/sites\/11\/2016\/07\/reflexiones-palabra-de-dios.jpg?fit=1200%2C630&resize=350%2C200","width":350,"height":200,"srcset":"https:\/\/i0.wp.com\/vincentians.com\/es\/wp-content\/uploads\/sites\/11\/2016\/07\/reflexiones-palabra-de-dios.jpg?fit=1200%2C630&resize=350%2C200 1x, https:\/\/i0.wp.com\/vincentians.com\/es\/wp-content\/uploads\/sites\/11\/2016\/07\/reflexiones-palabra-de-dios.jpg?fit=1200%2C630&resize=525%2C300 1.5x, https:\/\/i0.wp.com\/vincentians.com\/es\/wp-content\/uploads\/sites\/11\/2016\/07\/reflexiones-palabra-de-dios.jpg?fit=1200%2C630&resize=700%2C400 2x, https:\/\/i0.wp.com\/vincentians.com\/es\/wp-content\/uploads\/sites\/11\/2016\/07\/reflexiones-palabra-de-dios.jpg?fit=1200%2C630&resize=1050%2C600 3x"},"classes":[]},{"id":217156,"url":"http:\/\/vincentians.com\/es\/lectio-para-17o-domingo-de-t-o-preparada-por-chuno-chavez-alva-c-m\/","url_meta":{"origin":202007,"position":5},"title":"Lectio para 17\u00ba Domingo de T.O. (preparada por Chuno Ch\u00e1vez Alva, C.M.)","author":"Francisco Javier Fern\u00e1ndez Chento","date":"21\/07\/2015","format":false,"excerpt":"Comieron hasta quedar saciados LA PALABRA HOY: 2 Reyes 4,42-44; Salmo 144; Efesios 4,1-6; Juan 6,1-15 Ambientaci\u00f3n: Al centro: un pan grande, sobre \u00e9l se coloca un Ni\u00f1o Dios y la frase: Palabra de Vida, Pan de Vida Cantos sugeridos: Un ni\u00f1o se te acerc\u00f3; No podemos caminar Ambientaci\u00f3n El\u2026","rel":"","context":"En \u00abHomil\u00edas y reflexiones, A\u00f1o B\u00bb","block_context":{"text":"Homil\u00edas y reflexiones, A\u00f1o B","link":"http:\/\/vincentians.com\/es\/category\/homilias-y-reflexiones-a-la-palabra-de-dios\/homilias-y-reflexiones-ano-b\/"},"img":{"alt_text":"","src":"https:\/\/i0.wp.com\/vincentians.com\/es\/wp-content\/uploads\/sites\/11\/2016\/07\/reflexiones-palabra-de-dios.jpg?fit=1200%2C630&resize=350%2C200","width":350,"height":200,"srcset":"https:\/\/i0.wp.com\/vincentians.com\/es\/wp-content\/uploads\/sites\/11\/2016\/07\/reflexiones-palabra-de-dios.jpg?fit=1200%2C630&resize=350%2C200 1x, https:\/\/i0.wp.com\/vincentians.com\/es\/wp-content\/uploads\/sites\/11\/2016\/07\/reflexiones-palabra-de-dios.jpg?fit=1200%2C630&resize=525%2C300 1.5x, https:\/\/i0.wp.com\/vincentians.com\/es\/wp-content\/uploads\/sites\/11\/2016\/07\/reflexiones-palabra-de-dios.jpg?fit=1200%2C630&resize=700%2C400 2x, https:\/\/i0.wp.com\/vincentians.com\/es\/wp-content\/uploads\/sites\/11\/2016\/07\/reflexiones-palabra-de-dios.jpg?fit=1200%2C630&resize=1050%2C600 3x"},"classes":[]}],"_links":{"self":[{"href":"http:\/\/vincentians.com\/es\/wp-json\/wp\/v2\/posts\/202007","targetHints":{"allow":["GET"]}}],"collection":[{"href":"http:\/\/vincentians.com\/es\/wp-json\/wp\/v2\/posts"}],"about":[{"href":"http:\/\/vincentians.com\/es\/wp-json\/wp\/v2\/types\/post"}],"author":[{"embeddable":true,"href":"http:\/\/vincentians.com\/es\/wp-json\/wp\/v2\/users\/4"}],"replies":[{"embeddable":true,"href":"http:\/\/vincentians.com\/es\/wp-json\/wp\/v2\/comments?post=202007"}],"version-history":[{"count":0,"href":"http:\/\/vincentians.com\/es\/wp-json\/wp\/v2\/posts\/202007\/revisions"}],"wp:featuredmedia":[{"embeddable":true,"href":"http:\/\/vincentians.com\/es\/wp-json\/wp\/v2\/media\/388408"}],"wp:attachment":[{"href":"http:\/\/vincentians.com\/es\/wp-json\/wp\/v2\/media?parent=202007"}],"wp:term":[{"taxonomy":"category","embeddable":true,"href":"http:\/\/vincentians.com\/es\/wp-json\/wp\/v2\/categories?post=202007"},{"taxonomy":"post_tag","embeddable":true,"href":"http:\/\/vincentians.com\/es\/wp-json\/wp\/v2\/tags?post=202007"}],"curies":[{"name":"wp","href":"https:\/\/api.w.org\/{rel}","templated":true}]}}