{"id":2004,"date":"2012-09-30T00:20:50","date_gmt":"2012-09-29T22:20:50","guid":{"rendered":"http:\/\/somos.vicencianos.org\/comentarios\/2012\/09\/16\/24o-domingo-de-tiempo-ordinario-reflexion-de-mario-yepez-c-m-2\/"},"modified":"2016-07-24T10:29:40","modified_gmt":"2016-07-24T08:29:40","slug":"26o-domingo-de-tiempo-ordinario-reflexion-de-mario-yepez-c-m","status":"publish","type":"post","link":"http:\/\/vincentians.com\/es\/26o-domingo-de-tiempo-ordinario-reflexion-de-mario-yepez-c-m\/","title":{"rendered":"26\u00ba Domingo de Tiempo Ordinario (reflexi\u00f3n de Mario Y\u00e9pez, C.M.)"},"content":{"rendered":"<h2>No impid\u00e1is la obra de Dios<\/h2>\n<p><img data-recalc-dims=\"1\" loading=\"lazy\" decoding=\"async\" class=\"alignright size-full wp-image-95\" title=\"padre-mario\" src=\"https:\/\/i0.wp.com\/vicencianos.org\/comentarios\/files\/2010\/12\/padre-mario.jpg?resize=224%2C239\" alt=\"\" width=\"224\" height=\"239\" \/><\/p>\n<p>Nos encontramos con este pasaje del libro de los N\u00fameros, que ha configurado en sus cap\u00edtulos diversas tradiciones de la traves\u00eda por el desierto que tambi\u00e9n encontramos en el \u00c9xodo. Aqu\u00ed se recoge la tradici\u00f3n de las quejas de Israel a Dios y un castigo por tal atrevimiento (Num 11,1-3) que nos recuerda a la narraci\u00f3n del becerro de oro del \u00c9xodo. A esto se suma las necesidades de comer tambi\u00e9n conocidas en el libro del \u00c9xodo (Num 11,4-9) y que en esta narraci\u00f3n de los N\u00fameros es circunstancia propicia para sustentar la decisi\u00f3n de crear una especie de representaci\u00f3n que pueda ayudar a Mois\u00e9s, quien tambi\u00e9n levanta su clamor a Dios, en la conducci\u00f3n del pueblo cuya conducta cada vez era m\u00e1s conflictiva (Num 11,10-15). La acci\u00f3n de profetizar quiz\u00e1 m\u00e1s a modo de \u00abprofetas ext\u00e1ticos\u00bb, de los que conocer\u00edan en aquellos tiempos, era un signo de la particularidad de estos hombres designados, pero que aqu\u00ed el libro de los N\u00fameros intenta justificarlo desde el deseo de Dios de infundir el esp\u00edritu que hab\u00eda otorgado a Mois\u00e9s para capacitarlo en su tarea y que \u00e9ste pueda extender a los setenta ancianos, ayudantes de Mois\u00e9s (Num 11,16-17; 25). Sin duda, esto refleja el asombro tanto del joven que corre a comunicar a Mois\u00e9s el caso de estos dos que se hallaban profetizando en el campamento y la tajante intervenci\u00f3n de Josu\u00e9 (Num 11,27-28). Quiz\u00e1 la respuesta de Mois\u00e9s tenga la mayor validez de profec\u00eda en el sentido teol\u00f3gico y que quiera intentar reflejar el texto (Num 11,29). La vocaci\u00f3n de ser el pueblo elegido no pasa solo por el hecho de que Dios despliegue su poder para manifestarse en favor suyo sino que exige al pueblo una actitud de receptividad a su manifestaci\u00f3n comprendiendo as\u00ed que no est\u00e1n solos en el camino del desierto aunque las cosas parezcan complicarse. El signo de la profec\u00eda de \u00e9xtasis de aquellos elegidos solo duro un poco, lo que se exige realmente en el pueblo elegido es la apertura a dejarse invadir por el esp\u00edritu de Dios y a leer los acontecimientos a la luz de la fe y la confianza en Dios y esto no debe durar poco, sino siempre. Este es el aut\u00e9ntico esp\u00edritu de profec\u00eda. Josu\u00e9 lo comprendi\u00f3 cuando m\u00e1s adelante puso clara su opci\u00f3n y la de su casa de servir siempre a Dios.<\/p>\n<p>La carta de Santiago va concluyendo con diversas exhortaciones y advertencias sobresaliendo est\u00e1 hacia los ricos en el contexto de la espera por la venida del Se\u00f1or (St 5,7s). No es raro escuchar estas advertencias a los ricos que nos recuerdan tambi\u00e9n las dichas en los evangelios. El peligro de las riquezas siempre est\u00e1n all\u00ed, latentes, y m\u00e1s para un cristiano, llamado a vivir la caridad y el desprendimiento de los bienes materiales porque nuestra esperanza est\u00e1 puesta en la recompensa del cielo cuando llegue el Se\u00f1or en gloria. Esta es la verdad cre\u00edble, pero luego entra a tallar la realidad del d\u00eda a d\u00eda. La mayor miseria del hombre rico es pensar que todo lo que tiene le servir\u00e1 para toda la vida; el problema es que nuestra vida es pasajera mientras que parece la riqueza perdurar\u00e1 aunque ya no para el goce personal truncado por la muerte, sino que tendr\u00e1 que pasar para otro y que quiz\u00e1 siga pensando lo mismo, gener\u00e1ndose un c\u00edrculo vicioso que destruye a todo el que lo rodea (St 5,1-3). Es el drama del que vive a expensas de su poder adquisitivo. Peor a\u00fan, cuando esta riqueza se ha obtenido de la manera m\u00e1s vil que es explotando a los que trabajan para uno (St 5,4). La exhortaci\u00f3n usa im\u00e1genes muy duras para estos personajes y que reflejan la seriedad de la situaci\u00f3n en el marco de la justicia (St 5,5-6). Para Santiago el juicio est\u00e1 por venir y para \u00e9stos con mucho m\u00e1s peso, pues si se aferran coherentemente a sus convicciones de \u00abriqueza terrenal\u00bb, pues coherentemente tendr\u00e1n que aceptar que las cosas cambiar\u00e1n rotundamente para ellos cuando se imponga el criterio de la fraternidad y de una salvaci\u00f3n donde la riqueza no tiene lugar ni espacio.<\/p>\n<p>Nuevamente estamos en el \u00abcontexto\u00bb del segundo anuncio de la pasi\u00f3n, muerte y resurrecci\u00f3n que Jes\u00fas da a conocer a sus disc\u00edpulos. Luego de la penosa discusi\u00f3n entre ellos acerca de qui\u00e9n era el mayor, Juan interviene avis\u00e1ndole al Maestro sobre uno que echaba demonios en su nombre y c\u00f3mo se lo hab\u00eda impedido (de seguro con sus compa\u00f1eros) porque no les segu\u00eda (Mc 9,38). Es curioso y puede sonar tonto,<\/p>\n<p>pero suena de verdad a una especie de deseo de configurar un equipo muy particular, donde no exista m\u00e1s que ellos y nadie m\u00e1s, herederos de un privilegio propio. M\u00e1s a\u00fan, el punto de referencia no es que aquel siga a Jes\u00fas sino que no les sigue a ellos. La respuesta de Jes\u00fas es contundente, aleccionadora y sorprendente. Hoy nuestros o\u00eddos tambi\u00e9n se pueden escandalizar. Todo aquel que pueda ayudar o colaborar a que Jes\u00fas sea reconocido como el Se\u00f1or, capaz de destruir las fuerzas del mal que esclavizan al hombre, no puede ser enemigo ni de Jes\u00fas ni de sus seguidores (Mc 9,39-40). Pero Jes\u00fas retoma la consideraci\u00f3n fundamental no qued\u00e1ndose solo en la parte de aquellos que pueden hacer signos de poder, sino incluso especificando a quienes pueden ser capaces de ofrecer signos, insignificantes a la vista, pero grandes en el sentido de colaboraci\u00f3n para el anuncio de la Buena Noticia (Mc 9,41). De esta forma, no hay peor actitud contraria para la Buena Noticia que el esc\u00e1ndalo. La fuerza del anuncio del evangelio de seguro al comienzo de la vida de las comunidades cristianas ten\u00eda una fuerza carism\u00e1tica arrolladora, pero eso no significaba que solo se daba credibilidad ante ello, sino que tambi\u00e9n se estaba haciendo necesario el reconocimiento de aquellas humildes y sencillas actitudes que hablaban m\u00e1s fuerte de la presencia del Reino y de la exigencia de seguir a Cristo. La conclusi\u00f3n de esta parte habla de todo aquellos que es posible evitar para no suscitar esc\u00e1ndalo en la comunidad perjudicando el crecimiento en la fe. No hagamos de nuestra vida algo perjudicial para los dem\u00e1s. No seamos materia inflamable que tenga que ser arrojado al desperdicio (Mc 9,43.45.47), cuando podemos hacer de nuestras vidas algo \u00fatil para los dem\u00e1s.<\/p>\n<p>\u00a1Cu\u00e1nto quisi\u00e9ramos de verdad que el esp\u00edritu de profec\u00eda nos ayude! Necesitamos ver la realidad con los ojos de Dios. Pero para ello hay que cambiar la mirada, puesto que muchas veces las riquezas pueden desviarla, llev\u00e1ndonos a cometer excesos y da\u00f1os tanto para uno mismo como para los dem\u00e1s. Descubramos pues la verdadera riqueza de la colaboraci\u00f3n y la participaci\u00f3n en el crecimiento de la fe de los hermanos. No seamos obst\u00e1culos para ellos. No cerremos el patrimonio del amor y el poder de Dios en unos pocos. Si algo nos ayuda a ser mejores cristianos, agradezcamos de coraz\u00f3n a Dios, fijemos nuestra confianza en \u00e9l que nos propicia en tantos hermanos su revelaci\u00f3n y huyamos del esc\u00e1ndalo que hace mucho da\u00f1o a la comunidad. Un\u00e1monos con el salmo que recuerda con exactitud cu\u00e1l es la verdadera riqueza para el creyente: \u00abla ley del Se\u00f1or es perfecta y es descanso del alma\u00bb.<\/p>\n","protected":false},"excerpt":{"rendered":"<p>No impid\u00e1is la obra de Dios Nos encontramos con este pasaje del libro de los N\u00fameros, que ha configurado en sus cap\u00edtulos diversas tradiciones de la traves\u00eda por el desierto que tambi\u00e9n encontramos en el &#8230; <a href=\"http:\/\/vincentians.com\/es\/26o-domingo-de-tiempo-ordinario-reflexion-de-mario-yepez-c-m\/\" class=\"more-link\">Read More<\/a><\/p>\n","protected":false},"author":4,"featured_media":388408,"comment_status":"open","ping_status":"open","sticky":false,"template":"","format":"standard","meta":{"jetpack_post_was_ever_published":false,"_jetpack_newsletter_access":"","_jetpack_dont_email_post_to_subs":false,"_jetpack_newsletter_tier_id":0,"_jetpack_memberships_contains_paywalled_content":false,"_jetpack_memberships_contains_paid_content":false,"footnotes":"","jetpack_publicize_message":"","jetpack_publicize_feature_enabled":true,"jetpack_social_post_already_shared":true,"jetpack_social_options":{"image_generator_settings":{"template":"highway","default_image_id":0,"font":"","enabled":false},"version":2}},"categories":[93],"tags":[],"class_list":["post-2004","post","type-post","status-publish","format-standard","has-post-thumbnail","hentry","category-homilias-y-reflexiones-ano-b"],"yoast_head":"<!-- This site is optimized with the Yoast SEO plugin v26.3 - https:\/\/yoast.com\/wordpress\/plugins\/seo\/ -->\n<title>26\u00ba Domingo de Tiempo Ordinario (reflexi\u00f3n de Mario Y\u00e9pez, C.M.) - Somos Vicencianos<\/title>\n<meta name=\"robots\" content=\"index, follow, max-snippet:-1, max-image-preview:large, max-video-preview:-1\" \/>\n<link rel=\"canonical\" href=\"http:\/\/vincentians.com\/es\/26o-domingo-de-tiempo-ordinario-reflexion-de-mario-yepez-c-m\/\" \/>\n<meta property=\"og:locale\" content=\"es_ES\" \/>\n<meta property=\"og:type\" content=\"article\" \/>\n<meta property=\"og:title\" content=\"26\u00ba Domingo de Tiempo Ordinario (reflexi\u00f3n de Mario Y\u00e9pez, C.M.) - Somos Vicencianos\" \/>\n<meta property=\"og:description\" content=\"No impid\u00e1is la obra de Dios Nos encontramos con este pasaje del libro de los N\u00fameros, que ha configurado en sus cap\u00edtulos diversas tradiciones de la traves\u00eda por el desierto que tambi\u00e9n encontramos en el ... Read More\" \/>\n<meta property=\"og:url\" content=\"http:\/\/vincentians.com\/es\/26o-domingo-de-tiempo-ordinario-reflexion-de-mario-yepez-c-m\/\" \/>\n<meta property=\"og:site_name\" content=\"Somos Vicencianos\" \/>\n<meta property=\"article:publisher\" content=\"https:\/\/www.facebook.com\/WeAreVincentians\/\" \/>\n<meta property=\"article:author\" content=\"https:\/\/www.facebook.com\/JavierChento\" \/>\n<meta property=\"article:published_time\" content=\"2012-09-29T22:20:50+00:00\" \/>\n<meta property=\"article:modified_time\" content=\"2016-07-24T08:29:40+00:00\" \/>\n<meta property=\"og:image\" content=\"https:\/\/i0.wp.com\/vincentians.com\/es\/wp-content\/uploads\/sites\/11\/2016\/07\/reflexiones-palabra-de-dios.jpg?fit=1200%2C630\" \/>\n\t<meta property=\"og:image:width\" content=\"1200\" \/>\n\t<meta property=\"og:image:height\" content=\"630\" \/>\n\t<meta property=\"og:image:type\" content=\"image\/jpeg\" \/>\n<meta name=\"author\" content=\"Francisco Javier Fern\u00e1ndez Chento\" \/>\n<meta name=\"twitter:card\" content=\"summary_large_image\" \/>\n<meta name=\"twitter:creator\" content=\"@https:\/\/twitter.com\/javierchento\" \/>\n<meta name=\"twitter:site\" content=\"@WeVincentians\" \/>\n<meta name=\"twitter:label1\" content=\"Escrito por\" \/>\n\t<meta name=\"twitter:data1\" content=\"Francisco Javier Fern\u00e1ndez Chento\" \/>\n\t<meta name=\"twitter:label2\" content=\"Tiempo de lectura\" \/>\n\t<meta name=\"twitter:data2\" content=\"7 minutos\" \/>\n<script type=\"application\/ld+json\" class=\"yoast-schema-graph\">{\"@context\":\"https:\/\/schema.org\",\"@graph\":[{\"@type\":\"Article\",\"@id\":\"http:\/\/vincentians.com\/es\/26o-domingo-de-tiempo-ordinario-reflexion-de-mario-yepez-c-m\/#article\",\"isPartOf\":{\"@id\":\"http:\/\/vincentians.com\/es\/26o-domingo-de-tiempo-ordinario-reflexion-de-mario-yepez-c-m\/\"},\"author\":{\"name\":\"Francisco Javier Fern\u00e1ndez Chento\",\"@id\":\"https:\/\/vincentians.com\/es\/#\/schema\/person\/9623ef4d9aa3b2dfb8c061f1499288f2\"},\"headline\":\"26\u00ba Domingo de Tiempo Ordinario (reflexi\u00f3n de Mario Y\u00e9pez, C.M.)\",\"datePublished\":\"2012-09-29T22:20:50+00:00\",\"dateModified\":\"2016-07-24T08:29:40+00:00\",\"mainEntityOfPage\":{\"@id\":\"http:\/\/vincentians.com\/es\/26o-domingo-de-tiempo-ordinario-reflexion-de-mario-yepez-c-m\/\"},\"wordCount\":1331,\"commentCount\":0,\"publisher\":{\"@id\":\"https:\/\/vincentians.com\/es\/#organization\"},\"image\":{\"@id\":\"http:\/\/vincentians.com\/es\/26o-domingo-de-tiempo-ordinario-reflexion-de-mario-yepez-c-m\/#primaryimage\"},\"thumbnailUrl\":\"https:\/\/i0.wp.com\/vincentians.com\/es\/wp-content\/uploads\/sites\/11\/2016\/07\/reflexiones-palabra-de-dios.jpg?fit=1200%2C630\",\"articleSection\":[\"Homil\u00edas y reflexiones, A\u00f1o B\"],\"inLanguage\":\"es\",\"potentialAction\":[{\"@type\":\"CommentAction\",\"name\":\"Comment\",\"target\":[\"http:\/\/vincentians.com\/es\/26o-domingo-de-tiempo-ordinario-reflexion-de-mario-yepez-c-m\/#respond\"]}]},{\"@type\":\"WebPage\",\"@id\":\"http:\/\/vincentians.com\/es\/26o-domingo-de-tiempo-ordinario-reflexion-de-mario-yepez-c-m\/\",\"url\":\"http:\/\/vincentians.com\/es\/26o-domingo-de-tiempo-ordinario-reflexion-de-mario-yepez-c-m\/\",\"name\":\"26\u00ba Domingo de Tiempo Ordinario (reflexi\u00f3n de Mario Y\u00e9pez, C.M.) - Somos Vicencianos\",\"isPartOf\":{\"@id\":\"https:\/\/vincentians.com\/es\/#website\"},\"primaryImageOfPage\":{\"@id\":\"http:\/\/vincentians.com\/es\/26o-domingo-de-tiempo-ordinario-reflexion-de-mario-yepez-c-m\/#primaryimage\"},\"image\":{\"@id\":\"http:\/\/vincentians.com\/es\/26o-domingo-de-tiempo-ordinario-reflexion-de-mario-yepez-c-m\/#primaryimage\"},\"thumbnailUrl\":\"https:\/\/i0.wp.com\/vincentians.com\/es\/wp-content\/uploads\/sites\/11\/2016\/07\/reflexiones-palabra-de-dios.jpg?fit=1200%2C630\",\"datePublished\":\"2012-09-29T22:20:50+00:00\",\"dateModified\":\"2016-07-24T08:29:40+00:00\",\"breadcrumb\":{\"@id\":\"http:\/\/vincentians.com\/es\/26o-domingo-de-tiempo-ordinario-reflexion-de-mario-yepez-c-m\/#breadcrumb\"},\"inLanguage\":\"es\",\"potentialAction\":[{\"@type\":\"ReadAction\",\"target\":[\"http:\/\/vincentians.com\/es\/26o-domingo-de-tiempo-ordinario-reflexion-de-mario-yepez-c-m\/\"]}]},{\"@type\":\"ImageObject\",\"inLanguage\":\"es\",\"@id\":\"http:\/\/vincentians.com\/es\/26o-domingo-de-tiempo-ordinario-reflexion-de-mario-yepez-c-m\/#primaryimage\",\"url\":\"https:\/\/i0.wp.com\/vincentians.com\/es\/wp-content\/uploads\/sites\/11\/2016\/07\/reflexiones-palabra-de-dios.jpg?fit=1200%2C630\",\"contentUrl\":\"https:\/\/i0.wp.com\/vincentians.com\/es\/wp-content\/uploads\/sites\/11\/2016\/07\/reflexiones-palabra-de-dios.jpg?fit=1200%2C630\",\"width\":1200,\"height\":630},{\"@type\":\"BreadcrumbList\",\"@id\":\"http:\/\/vincentians.com\/es\/26o-domingo-de-tiempo-ordinario-reflexion-de-mario-yepez-c-m\/#breadcrumb\",\"itemListElement\":[{\"@type\":\"ListItem\",\"position\":1,\"name\":\"Portada\",\"item\":\"https:\/\/vincentians.com\/es\/\"},{\"@type\":\"ListItem\",\"position\":2,\"name\":\"26\u00ba Domingo de Tiempo Ordinario (reflexi\u00f3n de Mario Y\u00e9pez, C.M.)\"}]},{\"@type\":\"WebSite\",\"@id\":\"https:\/\/vincentians.com\/es\/#website\",\"url\":\"https:\/\/vincentians.com\/es\/\",\"name\":\"Somos Vicencianos\",\"description\":\"Know more to serve more\",\"publisher\":{\"@id\":\"https:\/\/vincentians.com\/es\/#organization\"},\"potentialAction\":[{\"@type\":\"SearchAction\",\"target\":{\"@type\":\"EntryPoint\",\"urlTemplate\":\"https:\/\/vincentians.com\/es\/?s={search_term_string}\"},\"query-input\":{\"@type\":\"PropertyValueSpecification\",\"valueRequired\":true,\"valueName\":\"search_term_string\"}}],\"inLanguage\":\"es\"},{\"@type\":\"Organization\",\"@id\":\"https:\/\/vincentians.com\/es\/#organization\",\"name\":\"The Vincentian Network\",\"url\":\"https:\/\/vincentians.com\/es\/\",\"logo\":{\"@type\":\"ImageObject\",\"inLanguage\":\"es\",\"@id\":\"https:\/\/vincentians.com\/es\/#\/schema\/logo\/image\/\",\"url\":\"https:\/\/i1.wp.com\/vincentians.com\/es\/wp-content\/uploads\/sites\/11\/2016\/06\/Vincentian-Network-logo-big.png?fit=778%2C778\",\"contentUrl\":\"https:\/\/i1.wp.com\/vincentians.com\/es\/wp-content\/uploads\/sites\/11\/2016\/06\/Vincentian-Network-logo-big.png?fit=778%2C778\",\"width\":778,\"height\":778,\"caption\":\"The Vincentian Network\"},\"image\":{\"@id\":\"https:\/\/vincentians.com\/es\/#\/schema\/logo\/image\/\"},\"sameAs\":[\"https:\/\/www.facebook.com\/WeAreVincentians\/\",\"https:\/\/x.com\/WeVincentians\"]},{\"@type\":\"Person\",\"@id\":\"https:\/\/vincentians.com\/es\/#\/schema\/person\/9623ef4d9aa3b2dfb8c061f1499288f2\",\"name\":\"Francisco Javier Fern\u00e1ndez Chento\",\"image\":{\"@type\":\"ImageObject\",\"inLanguage\":\"es\",\"@id\":\"https:\/\/vincentians.com\/es\/#\/schema\/person\/image\/\",\"url\":\"https:\/\/secure.gravatar.com\/avatar\/497d5cde87b4c3d097d0315953521681ba2cd523ee66e5077c3711f7021e65de?s=96&d=mm&r=g\",\"contentUrl\":\"https:\/\/secure.gravatar.com\/avatar\/497d5cde87b4c3d097d0315953521681ba2cd523ee66e5077c3711f7021e65de?s=96&d=mm&r=g\",\"caption\":\"Francisco Javier Fern\u00e1ndez Chento\"},\"description\":\"Director General y cofundador de La Red de Formaci\u00f3n Vicenciana. Javier es laico vicenciano, afiliado a la Congregaci\u00f3n de la Misi\u00f3n y miembro del Equipo de Misiones Populares de la provincia can\u00f3nica de Zaragoza (Espa\u00f1a) de la Congregaci\u00f3n de la Misi\u00f3n. Graduado en la Universidad Oberta de Catalunya con cuatro grados (Asistente de direcci\u00f3n, Gesti\u00f3n Administrativa, Recursos Humanos y Contabilidad Avanzada). Bil\u00edng\u00fce Espa\u00f1ol\/Ingl\u00e9s. gestiona y mantiene varias p\u00e1ginas web cristianas y vicencianas, incluida including La Red de Formaci\u00f3n Vicenciana, de la que es cofundador. Actualmente es responsable del \u00e1rea de Espa\u00f1ol de .famvin, la Red de Noticias de la Familia Vicenciana. Tambi\u00e9n es m\u00fasico cat\u00f3lico y ha editado varios discos. Es Director General y cofundador de Trovador, una reconocida compa\u00f1\u00eda discogr\u00e1fica critiana de Espa\u00f1a. Trabaja en las Tecnolog\u00edas de la Informaci\u00f3n, ofreciendo servicios de alojamiento, dise\u00f1o y mantenimiento Web, as\u00ed como asesoramiento, formaci\u00f3n y soluciones inform\u00e1ticas, gesti\u00f3n documental y digitalizaci\u00f3n de textos, edici\u00f3n y maquetaci\u00f3n de libros, revistas, flyers, etc.\",\"sameAs\":[\"http:\/\/chento.org\",\"https:\/\/www.facebook.com\/JavierChento\",\"https:\/\/x.com\/https:\/\/twitter.com\/javierchento\"],\"url\":\"http:\/\/vincentians.com\/es\/author\/chento\/\"}]}<\/script>\n<!-- \/ Yoast SEO plugin. -->","yoast_head_json":{"title":"26\u00ba Domingo de Tiempo Ordinario (reflexi\u00f3n de Mario Y\u00e9pez, C.M.) - Somos Vicencianos","robots":{"index":"index","follow":"follow","max-snippet":"max-snippet:-1","max-image-preview":"max-image-preview:large","max-video-preview":"max-video-preview:-1"},"canonical":"http:\/\/vincentians.com\/es\/26o-domingo-de-tiempo-ordinario-reflexion-de-mario-yepez-c-m\/","og_locale":"es_ES","og_type":"article","og_title":"26\u00ba Domingo de Tiempo Ordinario (reflexi\u00f3n de Mario Y\u00e9pez, C.M.) - Somos Vicencianos","og_description":"No impid\u00e1is la obra de Dios Nos encontramos con este pasaje del libro de los N\u00fameros, que ha configurado en sus cap\u00edtulos diversas tradiciones de la traves\u00eda por el desierto que tambi\u00e9n encontramos en el ... Read More","og_url":"http:\/\/vincentians.com\/es\/26o-domingo-de-tiempo-ordinario-reflexion-de-mario-yepez-c-m\/","og_site_name":"Somos Vicencianos","article_publisher":"https:\/\/www.facebook.com\/WeAreVincentians\/","article_author":"https:\/\/www.facebook.com\/JavierChento","article_published_time":"2012-09-29T22:20:50+00:00","article_modified_time":"2016-07-24T08:29:40+00:00","og_image":[{"width":1200,"height":630,"url":"https:\/\/i0.wp.com\/vincentians.com\/es\/wp-content\/uploads\/sites\/11\/2016\/07\/reflexiones-palabra-de-dios.jpg?fit=1200%2C630","type":"image\/jpeg"}],"author":"Francisco Javier Fern\u00e1ndez Chento","twitter_card":"summary_large_image","twitter_creator":"@https:\/\/twitter.com\/javierchento","twitter_site":"@WeVincentians","twitter_misc":{"Escrito por":"Francisco Javier Fern\u00e1ndez Chento","Tiempo de lectura":"7 minutos"},"schema":{"@context":"https:\/\/schema.org","@graph":[{"@type":"Article","@id":"http:\/\/vincentians.com\/es\/26o-domingo-de-tiempo-ordinario-reflexion-de-mario-yepez-c-m\/#article","isPartOf":{"@id":"http:\/\/vincentians.com\/es\/26o-domingo-de-tiempo-ordinario-reflexion-de-mario-yepez-c-m\/"},"author":{"name":"Francisco Javier Fern\u00e1ndez Chento","@id":"https:\/\/vincentians.com\/es\/#\/schema\/person\/9623ef4d9aa3b2dfb8c061f1499288f2"},"headline":"26\u00ba Domingo de Tiempo Ordinario (reflexi\u00f3n de Mario Y\u00e9pez, C.M.)","datePublished":"2012-09-29T22:20:50+00:00","dateModified":"2016-07-24T08:29:40+00:00","mainEntityOfPage":{"@id":"http:\/\/vincentians.com\/es\/26o-domingo-de-tiempo-ordinario-reflexion-de-mario-yepez-c-m\/"},"wordCount":1331,"commentCount":0,"publisher":{"@id":"https:\/\/vincentians.com\/es\/#organization"},"image":{"@id":"http:\/\/vincentians.com\/es\/26o-domingo-de-tiempo-ordinario-reflexion-de-mario-yepez-c-m\/#primaryimage"},"thumbnailUrl":"https:\/\/i0.wp.com\/vincentians.com\/es\/wp-content\/uploads\/sites\/11\/2016\/07\/reflexiones-palabra-de-dios.jpg?fit=1200%2C630","articleSection":["Homil\u00edas y reflexiones, A\u00f1o B"],"inLanguage":"es","potentialAction":[{"@type":"CommentAction","name":"Comment","target":["http:\/\/vincentians.com\/es\/26o-domingo-de-tiempo-ordinario-reflexion-de-mario-yepez-c-m\/#respond"]}]},{"@type":"WebPage","@id":"http:\/\/vincentians.com\/es\/26o-domingo-de-tiempo-ordinario-reflexion-de-mario-yepez-c-m\/","url":"http:\/\/vincentians.com\/es\/26o-domingo-de-tiempo-ordinario-reflexion-de-mario-yepez-c-m\/","name":"26\u00ba Domingo de Tiempo Ordinario (reflexi\u00f3n de Mario Y\u00e9pez, C.M.) - Somos Vicencianos","isPartOf":{"@id":"https:\/\/vincentians.com\/es\/#website"},"primaryImageOfPage":{"@id":"http:\/\/vincentians.com\/es\/26o-domingo-de-tiempo-ordinario-reflexion-de-mario-yepez-c-m\/#primaryimage"},"image":{"@id":"http:\/\/vincentians.com\/es\/26o-domingo-de-tiempo-ordinario-reflexion-de-mario-yepez-c-m\/#primaryimage"},"thumbnailUrl":"https:\/\/i0.wp.com\/vincentians.com\/es\/wp-content\/uploads\/sites\/11\/2016\/07\/reflexiones-palabra-de-dios.jpg?fit=1200%2C630","datePublished":"2012-09-29T22:20:50+00:00","dateModified":"2016-07-24T08:29:40+00:00","breadcrumb":{"@id":"http:\/\/vincentians.com\/es\/26o-domingo-de-tiempo-ordinario-reflexion-de-mario-yepez-c-m\/#breadcrumb"},"inLanguage":"es","potentialAction":[{"@type":"ReadAction","target":["http:\/\/vincentians.com\/es\/26o-domingo-de-tiempo-ordinario-reflexion-de-mario-yepez-c-m\/"]}]},{"@type":"ImageObject","inLanguage":"es","@id":"http:\/\/vincentians.com\/es\/26o-domingo-de-tiempo-ordinario-reflexion-de-mario-yepez-c-m\/#primaryimage","url":"https:\/\/i0.wp.com\/vincentians.com\/es\/wp-content\/uploads\/sites\/11\/2016\/07\/reflexiones-palabra-de-dios.jpg?fit=1200%2C630","contentUrl":"https:\/\/i0.wp.com\/vincentians.com\/es\/wp-content\/uploads\/sites\/11\/2016\/07\/reflexiones-palabra-de-dios.jpg?fit=1200%2C630","width":1200,"height":630},{"@type":"BreadcrumbList","@id":"http:\/\/vincentians.com\/es\/26o-domingo-de-tiempo-ordinario-reflexion-de-mario-yepez-c-m\/#breadcrumb","itemListElement":[{"@type":"ListItem","position":1,"name":"Portada","item":"https:\/\/vincentians.com\/es\/"},{"@type":"ListItem","position":2,"name":"26\u00ba Domingo de Tiempo Ordinario (reflexi\u00f3n de Mario Y\u00e9pez, C.M.)"}]},{"@type":"WebSite","@id":"https:\/\/vincentians.com\/es\/#website","url":"https:\/\/vincentians.com\/es\/","name":"Somos Vicencianos","description":"Know more to serve more","publisher":{"@id":"https:\/\/vincentians.com\/es\/#organization"},"potentialAction":[{"@type":"SearchAction","target":{"@type":"EntryPoint","urlTemplate":"https:\/\/vincentians.com\/es\/?s={search_term_string}"},"query-input":{"@type":"PropertyValueSpecification","valueRequired":true,"valueName":"search_term_string"}}],"inLanguage":"es"},{"@type":"Organization","@id":"https:\/\/vincentians.com\/es\/#organization","name":"The Vincentian Network","url":"https:\/\/vincentians.com\/es\/","logo":{"@type":"ImageObject","inLanguage":"es","@id":"https:\/\/vincentians.com\/es\/#\/schema\/logo\/image\/","url":"https:\/\/i1.wp.com\/vincentians.com\/es\/wp-content\/uploads\/sites\/11\/2016\/06\/Vincentian-Network-logo-big.png?fit=778%2C778","contentUrl":"https:\/\/i1.wp.com\/vincentians.com\/es\/wp-content\/uploads\/sites\/11\/2016\/06\/Vincentian-Network-logo-big.png?fit=778%2C778","width":778,"height":778,"caption":"The Vincentian Network"},"image":{"@id":"https:\/\/vincentians.com\/es\/#\/schema\/logo\/image\/"},"sameAs":["https:\/\/www.facebook.com\/WeAreVincentians\/","https:\/\/x.com\/WeVincentians"]},{"@type":"Person","@id":"https:\/\/vincentians.com\/es\/#\/schema\/person\/9623ef4d9aa3b2dfb8c061f1499288f2","name":"Francisco Javier Fern\u00e1ndez Chento","image":{"@type":"ImageObject","inLanguage":"es","@id":"https:\/\/vincentians.com\/es\/#\/schema\/person\/image\/","url":"https:\/\/secure.gravatar.com\/avatar\/497d5cde87b4c3d097d0315953521681ba2cd523ee66e5077c3711f7021e65de?s=96&d=mm&r=g","contentUrl":"https:\/\/secure.gravatar.com\/avatar\/497d5cde87b4c3d097d0315953521681ba2cd523ee66e5077c3711f7021e65de?s=96&d=mm&r=g","caption":"Francisco Javier Fern\u00e1ndez Chento"},"description":"Director General y cofundador de La Red de Formaci\u00f3n Vicenciana. Javier es laico vicenciano, afiliado a la Congregaci\u00f3n de la Misi\u00f3n y miembro del Equipo de Misiones Populares de la provincia can\u00f3nica de Zaragoza (Espa\u00f1a) de la Congregaci\u00f3n de la Misi\u00f3n. Graduado en la Universidad Oberta de Catalunya con cuatro grados (Asistente de direcci\u00f3n, Gesti\u00f3n Administrativa, Recursos Humanos y Contabilidad Avanzada). Bil\u00edng\u00fce Espa\u00f1ol\/Ingl\u00e9s. gestiona y mantiene varias p\u00e1ginas web cristianas y vicencianas, incluida including La Red de Formaci\u00f3n Vicenciana, de la que es cofundador. Actualmente es responsable del \u00e1rea de Espa\u00f1ol de .famvin, la Red de Noticias de la Familia Vicenciana. Tambi\u00e9n es m\u00fasico cat\u00f3lico y ha editado varios discos. Es Director General y cofundador de Trovador, una reconocida compa\u00f1\u00eda discogr\u00e1fica critiana de Espa\u00f1a. Trabaja en las Tecnolog\u00edas de la Informaci\u00f3n, ofreciendo servicios de alojamiento, dise\u00f1o y mantenimiento Web, as\u00ed como asesoramiento, formaci\u00f3n y soluciones inform\u00e1ticas, gesti\u00f3n documental y digitalizaci\u00f3n de textos, edici\u00f3n y maquetaci\u00f3n de libros, revistas, flyers, etc.","sameAs":["http:\/\/chento.org","https:\/\/www.facebook.com\/JavierChento","https:\/\/x.com\/https:\/\/twitter.com\/javierchento"],"url":"http:\/\/vincentians.com\/es\/author\/chento\/"}]}},"jetpack_publicize_connections":[],"jetpack_featured_media_url":"https:\/\/i0.wp.com\/vincentians.com\/es\/wp-content\/uploads\/sites\/11\/2016\/07\/reflexiones-palabra-de-dios.jpg?fit=1200%2C630","jetpack_sharing_enabled":true,"jetpack_shortlink":"https:\/\/wp.me\/p7ETMF-wk","jetpack-related-posts":[{"id":135013,"url":"http:\/\/vincentians.com\/es\/el-genesis\/","url_meta":{"origin":2004,"position":0},"title":"El G\u00e9nesis","author":"Francisco Javier Fern\u00e1ndez Chento","date":"17\/01\/2015","format":false,"excerpt":"Introducci\u00f3n \"Como sabemos, las Sagradas Escrituras son el testimonio escrito de la Palabra de Dios, el memorial can\u00f3nico que certifica el acontecimiento de la Revelaci\u00f3n. La Palabra de Dios, por lo tanto, precede y excede la Biblia. Es por esta raz\u00f3n que nuestra fe no tiene en el centro s\u00f3lo\u2026","rel":"","context":"En \u00abFormaci\u00f3n Cristiana\u00bb","block_context":{"text":"Formaci\u00f3n Cristiana","link":"http:\/\/vincentians.com\/es\/category\/formacion-cristiana\/"},"img":{"alt_text":"creacion1","src":"https:\/\/i0.wp.com\/vicencianos.org\/wp-content\/2015\/01\/creacion1.jpg?resize=350%2C200","width":350,"height":200},"classes":[]},{"id":1810,"url":"http:\/\/vincentians.com\/es\/18o-domingo-de-tiempo-ordinario-reflexion-de-jose-roman-flecha\/","url_meta":{"origin":2004,"position":1},"title":"18\u00ba Domingo de Tiempo Ordinario (reflexi\u00f3n de Jos\u00e9 Rom\u00e1n Flecha)","author":"Francisco Javier Fern\u00e1ndez Chento","date":"31\/07\/2012","format":false,"excerpt":"EL PAN Y EL HAMBRE Domingo 18 del tiempo ordinario 5 de agosto de 2012 \u00a0 \u201cNos hab\u00e9is sacado a este desierto para matar de hambre a toda la comunidad\u201d. As\u00ed suena la queja del pueblo de Israel, como se contiene en el texto b\u00edblico que hoy se proclama (\u00c9x\u2026","rel":"","context":"En \u00abHomil\u00edas y reflexiones, A\u00f1o B\u00bb","block_context":{"text":"Homil\u00edas y reflexiones, A\u00f1o B","link":"http:\/\/vincentians.com\/es\/category\/homilias-y-reflexiones-a-la-palabra-de-dios\/homilias-y-reflexiones-ano-b\/"},"img":{"alt_text":"","src":"","width":0,"height":0},"classes":[]},{"id":218674,"url":"http:\/\/vincentians.com\/es\/17o-domingo-de-t-o-reflexion-de-la-s-s-v-p-en-espana\/","url_meta":{"origin":2004,"position":2},"title":"17\u00ba Domingo de T.O. (reflexi\u00f3n de la S.S.V.P. en Espa\u00f1a)","author":"Francisco Javier Fern\u00e1ndez Chento","date":"22\/07\/2015","format":false,"excerpt":"\u201cLa mejor condici\u00f3n es aquella que nos hace m\u00e1s similares a Nuestro Se\u00f1or, tentado, orante, cansado y sufriente. \u00bfTuvo quiz\u00e1s Nuestro Se\u00f1or una vida f\u00e1cil? No ha experimentado en cambio todas las dificultades y las tribulaciones de nuestra condici\u00f3n humana?\u201d (SVdeP) El relato de la multiplicaci\u00f3n de los panes est\u00e1\u2026","rel":"","context":"En \u00abHomil\u00edas y reflexiones, A\u00f1o B\u00bb","block_context":{"text":"Homil\u00edas y reflexiones, A\u00f1o B","link":"http:\/\/vincentians.com\/es\/category\/homilias-y-reflexiones-a-la-palabra-de-dios\/homilias-y-reflexiones-ano-b\/"},"img":{"alt_text":"","src":"https:\/\/i0.wp.com\/vincentians.com\/es\/wp-content\/uploads\/sites\/11\/2016\/07\/reflexiones-palabra-de-dios.jpg?fit=1200%2C630&resize=350%2C200","width":350,"height":200,"srcset":"https:\/\/i0.wp.com\/vincentians.com\/es\/wp-content\/uploads\/sites\/11\/2016\/07\/reflexiones-palabra-de-dios.jpg?fit=1200%2C630&resize=350%2C200 1x, https:\/\/i0.wp.com\/vincentians.com\/es\/wp-content\/uploads\/sites\/11\/2016\/07\/reflexiones-palabra-de-dios.jpg?fit=1200%2C630&resize=525%2C300 1.5x, https:\/\/i0.wp.com\/vincentians.com\/es\/wp-content\/uploads\/sites\/11\/2016\/07\/reflexiones-palabra-de-dios.jpg?fit=1200%2C630&resize=700%2C400 2x, https:\/\/i0.wp.com\/vincentians.com\/es\/wp-content\/uploads\/sites\/11\/2016\/07\/reflexiones-palabra-de-dios.jpg?fit=1200%2C630&resize=1050%2C600 3x"},"classes":[]},{"id":2892,"url":"http:\/\/vincentians.com\/es\/2o-domingo-de-cuaresma-reflexion-de-mario-yepez-c-m\/","url_meta":{"origin":2004,"position":3},"title":"2\u00ba domingo de Cuaresma (reflexi\u00f3n de Mario Y\u00e9pez, C.M.)","author":"Francisco Javier Fern\u00e1ndez Chento","date":"23\/02\/2013","format":false,"excerpt":"Tiempo de orar Abraham es reconocido por el redactor de esta narraci\u00f3n como un hombre que crey\u00f3 en la promesas de Dios (Gen 15,6), pero el proceso de tal aceptaci\u00f3n tuvo muchos momentos de crisis que no siempre los llegamos a valorar como experiencias determinantes en su propio camino de\u2026","rel":"","context":"En \u00abHomil\u00edas y reflexiones, A\u00f1o C\u00bb","block_context":{"text":"Homil\u00edas y reflexiones, A\u00f1o C","link":"http:\/\/vincentians.com\/es\/category\/homilias-y-reflexiones-a-la-palabra-de-dios\/homilias-y-reflexiones-ano-c\/"},"img":{"alt_text":"","src":"https:\/\/i0.wp.com\/vincentians.com\/es\/wp-content\/uploads\/sites\/11\/2016\/07\/reflexiones-palabra-de-dios.jpg?fit=1200%2C630&resize=350%2C200","width":350,"height":200,"srcset":"https:\/\/i0.wp.com\/vincentians.com\/es\/wp-content\/uploads\/sites\/11\/2016\/07\/reflexiones-palabra-de-dios.jpg?fit=1200%2C630&resize=350%2C200 1x, https:\/\/i0.wp.com\/vincentians.com\/es\/wp-content\/uploads\/sites\/11\/2016\/07\/reflexiones-palabra-de-dios.jpg?fit=1200%2C630&resize=525%2C300 1.5x, https:\/\/i0.wp.com\/vincentians.com\/es\/wp-content\/uploads\/sites\/11\/2016\/07\/reflexiones-palabra-de-dios.jpg?fit=1200%2C630&resize=700%2C400 2x, https:\/\/i0.wp.com\/vincentians.com\/es\/wp-content\/uploads\/sites\/11\/2016\/07\/reflexiones-palabra-de-dios.jpg?fit=1200%2C630&resize=1050%2C600 3x"},"classes":[]},{"id":4718,"url":"http:\/\/vincentians.com\/es\/la-sagrada-familia-reflexion-de-jose-cervantes-gabarron-2\/","url_meta":{"origin":2004,"position":4},"title":"La Sagrada Familia (reflexi\u00f3n de Jos\u00e9 Cervantes Gabarr\u00f3n)","author":"Francisco Javier Fern\u00e1ndez Chento","date":"28\/12\/2013","format":false,"excerpt":"Jes\u00fas, Jos\u00e9 y Mar\u00eda Los relatos narrados en los dos primeros cap\u00edtulos de los evangelios de Mateo y Lucas tienen un inter\u00e9s m\u00e1s teol\u00f3gico que hist\u00f3rico y no tratan de mostrar tanto lo que a Jes\u00fas le pas\u00f3 desde el principio cuanto de revelar qui\u00e9n es \u00c9l desde el principio.\u2026","rel":"","context":"En \u00abHomil\u00edas y reflexiones, A\u00f1o A\u00bb","block_context":{"text":"Homil\u00edas y reflexiones, A\u00f1o A","link":"http:\/\/vincentians.com\/es\/category\/homilias-y-reflexiones-a-la-palabra-de-dios\/homilias-y-reflexiones-ano-a\/"},"img":{"alt_text":"","src":"https:\/\/i0.wp.com\/vincentians.com\/es\/wp-content\/uploads\/sites\/11\/2016\/07\/reflexiones-palabra-de-dios.jpg?fit=1200%2C630&resize=350%2C200","width":350,"height":200,"srcset":"https:\/\/i0.wp.com\/vincentians.com\/es\/wp-content\/uploads\/sites\/11\/2016\/07\/reflexiones-palabra-de-dios.jpg?fit=1200%2C630&resize=350%2C200 1x, https:\/\/i0.wp.com\/vincentians.com\/es\/wp-content\/uploads\/sites\/11\/2016\/07\/reflexiones-palabra-de-dios.jpg?fit=1200%2C630&resize=525%2C300 1.5x, https:\/\/i0.wp.com\/vincentians.com\/es\/wp-content\/uploads\/sites\/11\/2016\/07\/reflexiones-palabra-de-dios.jpg?fit=1200%2C630&resize=700%2C400 2x, https:\/\/i0.wp.com\/vincentians.com\/es\/wp-content\/uploads\/sites\/11\/2016\/07\/reflexiones-palabra-de-dios.jpg?fit=1200%2C630&resize=1050%2C600 3x"},"classes":[]},{"id":2888,"url":"http:\/\/vincentians.com\/es\/2o-domingo-de-cuaresma-reflexion-de-jose-cervantes-gabarron\/","url_meta":{"origin":2004,"position":5},"title":"2\u00ba domingo de Cuaresma (reflexi\u00f3n de Jos\u00e9 Cervantes Gabarr\u00f3n)","author":"Francisco Javier Fern\u00e1ndez Chento","date":"23\/02\/2013","format":false,"excerpt":"El esplendor del rostro de Cristo Jos\u00e9 Cervantes Gabarr\u00f3n, sacerdote misionero y profesor de Sagrada Escritura.En el domingo de la transfiguraci\u00f3n del Se\u00f1or las lecturas b\u00edblicas presentan al Dios que se revela en la historia humana, que llama a la fe en \u00e9l y en el cumplimiento de sus promesas.\u2026","rel":"","context":"En \u00abHomil\u00edas y reflexiones, A\u00f1o C\u00bb","block_context":{"text":"Homil\u00edas y reflexiones, A\u00f1o C","link":"http:\/\/vincentians.com\/es\/category\/homilias-y-reflexiones-a-la-palabra-de-dios\/homilias-y-reflexiones-ano-c\/"},"img":{"alt_text":"","src":"https:\/\/i0.wp.com\/vincentians.com\/es\/wp-content\/uploads\/sites\/11\/2016\/07\/reflexiones-palabra-de-dios.jpg?fit=1200%2C630&resize=350%2C200","width":350,"height":200,"srcset":"https:\/\/i0.wp.com\/vincentians.com\/es\/wp-content\/uploads\/sites\/11\/2016\/07\/reflexiones-palabra-de-dios.jpg?fit=1200%2C630&resize=350%2C200 1x, https:\/\/i0.wp.com\/vincentians.com\/es\/wp-content\/uploads\/sites\/11\/2016\/07\/reflexiones-palabra-de-dios.jpg?fit=1200%2C630&resize=525%2C300 1.5x, https:\/\/i0.wp.com\/vincentians.com\/es\/wp-content\/uploads\/sites\/11\/2016\/07\/reflexiones-palabra-de-dios.jpg?fit=1200%2C630&resize=700%2C400 2x, https:\/\/i0.wp.com\/vincentians.com\/es\/wp-content\/uploads\/sites\/11\/2016\/07\/reflexiones-palabra-de-dios.jpg?fit=1200%2C630&resize=1050%2C600 3x"},"classes":[]}],"_links":{"self":[{"href":"http:\/\/vincentians.com\/es\/wp-json\/wp\/v2\/posts\/2004","targetHints":{"allow":["GET"]}}],"collection":[{"href":"http:\/\/vincentians.com\/es\/wp-json\/wp\/v2\/posts"}],"about":[{"href":"http:\/\/vincentians.com\/es\/wp-json\/wp\/v2\/types\/post"}],"author":[{"embeddable":true,"href":"http:\/\/vincentians.com\/es\/wp-json\/wp\/v2\/users\/4"}],"replies":[{"embeddable":true,"href":"http:\/\/vincentians.com\/es\/wp-json\/wp\/v2\/comments?post=2004"}],"version-history":[{"count":0,"href":"http:\/\/vincentians.com\/es\/wp-json\/wp\/v2\/posts\/2004\/revisions"}],"wp:featuredmedia":[{"embeddable":true,"href":"http:\/\/vincentians.com\/es\/wp-json\/wp\/v2\/media\/388408"}],"wp:attachment":[{"href":"http:\/\/vincentians.com\/es\/wp-json\/wp\/v2\/media?parent=2004"}],"wp:term":[{"taxonomy":"category","embeddable":true,"href":"http:\/\/vincentians.com\/es\/wp-json\/wp\/v2\/categories?post=2004"},{"taxonomy":"post_tag","embeddable":true,"href":"http:\/\/vincentians.com\/es\/wp-json\/wp\/v2\/tags?post=2004"}],"curies":[{"name":"wp","href":"https:\/\/api.w.org\/{rel}","templated":true}]}}