{"id":198285,"date":"2015-07-03T11:03:11","date_gmt":"2015-07-03T09:03:11","guid":{"rendered":"http:\/\/somos.vicencianos.org\/?p=198285"},"modified":"2016-07-24T10:28:03","modified_gmt":"2016-07-24T08:28:03","slug":"14o-domingo-de-t-o-reflexion-de-javier-balda-c-m","status":"publish","type":"post","link":"http:\/\/vincentians.com\/es\/14o-domingo-de-t-o-reflexion-de-javier-balda-c-m\/","title":{"rendered":"14\u00ba Domingo de T.O. (reflexi\u00f3n de Javier Balda, C.M.)"},"content":{"rendered":"<h2>No creyeron en Jes\u00fas<\/h2>\n<p><a href=\"https:\/\/i0.wp.com\/vicencianos.org\/wp-content\/2014\/12\/balda.jpg\"><img data-recalc-dims=\"1\" loading=\"lazy\" decoding=\"async\" class=\"alignright wp-image-132547 size-medium\" src=\"https:\/\/i0.wp.com\/vicencianos.org\/wp-content\/2014\/12\/balda-238x300.jpg?resize=238%2C300\" alt=\"balda\" width=\"238\" height=\"300\" \/><\/a>Aunque las profec\u00edas hablaban de \u00c9l, la teolog\u00eda del Dios pobre y humilde, del Dios hombre pobre entre los pobres, no cab\u00eda en el pensamiento jud\u00edo. Cre\u00edan y esperaban un Mes\u00edas majestuoso que irrumpiera en la historia de su pueblo lleno de gloria, poder y majestad, como un nuevo David. Por eso los nazarenos, que han compartido su vida durante tantos a\u00f1os, no son capaces de reconocer la presencia y acci\u00f3n de Dios en Jes\u00fas, el Hijo del carpintero.<\/p>\n<p>\u00bfNo nos pasa a nosotros muchas veces, algo parecido? \u00bfEn qu\u00e9 Dios creemos? \u00bfQu\u00e9 Dios buscamos? \u00bfA qu\u00e9 Dios acudimos? \u00bfA qu\u00e9 Cristo adoramos, aceptamos y seguimos? \u00a1Qu\u00e9 lejos estamos de comprender y aceptar el Misterio de la Encarnaci\u00f3n! \u00a1Qu\u00e9 lejos estamos de comprender y aceptar el Misterio de la vida oculta de Jes\u00fas, un Dios hecho obrero, necesitado del trabajo y del sudor de su frente para poder comer, vestirse y llevar una digna entre sus amigos pobres! \u00a1Qu\u00e9 dif\u00edcil es aceptar que en esta vida estuvo encerrado nueve meses en el vientre de una mujer, que ese ni\u00f1o que naci\u00f3 en un pesebre porque no ten\u00eda una cama para dormir, que en ese ni\u00f1o y en ese joven que han visto llorar y re\u00edr, que ha pasado fr\u00edo y hambre, que en ese obrero con callos en las manos, estaba el mismo Dios, que \u00c9l era el Mes\u00edas esperado, que con su palabra y su vida eran Palabras y Vida de Dios! \u00bfC\u00f3mo creer que Jes\u00fas era el Mes\u00edas, el Hijo de Dios que ven\u00eda al mundo para salvarnos? \u00bfC\u00f3mo creer en ese Jes\u00fas que predicaba: \u201cYo soy el camino, la verdad y la vida, el que cree en m\u00ed y me siga poseer\u00e1 la vida eterna\u201d?<\/p>\n<p>C\u00f3mo nos cuesta a nosotros comprender y aceptar a ese Dios, a nosotros que colocamos como valores supremos para nuestras vidas la riqueza, el poder, el gozar, la posici\u00f3n social, a nosotros que buscamos al Dios todopoderoso cuando lo necesitamos para que haga nuestra voluntad y nos olvidamos y lo rechazamos cuando \u00c9l nos necesita a nosotros.<\/p>\n<p>Qu\u00e9 dif\u00edcil nos resulta aceptar a un Dios que se rebaja tanto. Tal vez tengamos que cambiar profundamente nuestra visi\u00f3n de Dios, nuestros criterios de fe y nuestra misma vida cristiana para que podamos decir de verdad: Jes\u00fas, t\u00fa eres nuestro \u00fanico Salvador\u201d.<\/p>\n","protected":false},"excerpt":{"rendered":"<p>No creyeron en Jes\u00fas Aunque las profec\u00edas hablaban de \u00c9l, la teolog\u00eda del Dios pobre y humilde, del Dios hombre pobre entre los pobres, no cab\u00eda en el pensamiento jud\u00edo. Cre\u00edan y esperaban un Mes\u00edas &#8230; <a href=\"http:\/\/vincentians.com\/es\/14o-domingo-de-t-o-reflexion-de-javier-balda-c-m\/\" class=\"more-link\">Read More<\/a><\/p>\n","protected":false},"author":4,"featured_media":388408,"comment_status":"open","ping_status":"open","sticky":false,"template":"","format":"standard","meta":{"jetpack_post_was_ever_published":false,"_jetpack_newsletter_access":"","_jetpack_dont_email_post_to_subs":false,"_jetpack_newsletter_tier_id":0,"_jetpack_memberships_contains_paywalled_content":false,"_jetpack_memberships_contains_paid_content":false,"footnotes":"","jetpack_publicize_message":"","jetpack_publicize_feature_enabled":true,"jetpack_social_post_already_shared":true,"jetpack_social_options":{"image_generator_settings":{"template":"highway","default_image_id":0,"font":"","enabled":false},"version":2}},"categories":[93],"tags":[],"class_list":["post-198285","post","type-post","status-publish","format-standard","has-post-thumbnail","hentry","category-homilias-y-reflexiones-ano-b"],"yoast_head":"<!-- This site is optimized with the Yoast SEO plugin v26.3 - https:\/\/yoast.com\/wordpress\/plugins\/seo\/ -->\n<title>14\u00ba Domingo de T.O. (reflexi\u00f3n de Javier Balda, C.M.) - Somos Vicencianos<\/title>\n<meta name=\"robots\" content=\"index, follow, max-snippet:-1, max-image-preview:large, max-video-preview:-1\" \/>\n<link rel=\"canonical\" href=\"http:\/\/vincentians.com\/es\/14o-domingo-de-t-o-reflexion-de-javier-balda-c-m\/\" \/>\n<meta property=\"og:locale\" content=\"es_ES\" \/>\n<meta property=\"og:type\" content=\"article\" \/>\n<meta property=\"og:title\" content=\"14\u00ba Domingo de T.O. (reflexi\u00f3n de Javier Balda, C.M.) - Somos Vicencianos\" \/>\n<meta property=\"og:description\" content=\"No creyeron en Jes\u00fas Aunque las profec\u00edas hablaban de \u00c9l, la teolog\u00eda del Dios pobre y humilde, del Dios hombre pobre entre los pobres, no cab\u00eda en el pensamiento jud\u00edo. Cre\u00edan y esperaban un Mes\u00edas ... Read More\" \/>\n<meta property=\"og:url\" content=\"http:\/\/vincentians.com\/es\/14o-domingo-de-t-o-reflexion-de-javier-balda-c-m\/\" \/>\n<meta property=\"og:site_name\" content=\"Somos Vicencianos\" \/>\n<meta property=\"article:publisher\" content=\"https:\/\/www.facebook.com\/WeAreVincentians\/\" \/>\n<meta property=\"article:author\" content=\"https:\/\/www.facebook.com\/JavierChento\" \/>\n<meta property=\"article:published_time\" content=\"2015-07-03T09:03:11+00:00\" \/>\n<meta property=\"article:modified_time\" content=\"2016-07-24T08:28:03+00:00\" \/>\n<meta property=\"og:image\" content=\"https:\/\/i0.wp.com\/vincentians.com\/es\/wp-content\/uploads\/sites\/11\/2016\/07\/reflexiones-palabra-de-dios.jpg?fit=1200%2C630\" \/>\n\t<meta property=\"og:image:width\" content=\"1200\" \/>\n\t<meta property=\"og:image:height\" content=\"630\" \/>\n\t<meta property=\"og:image:type\" content=\"image\/jpeg\" \/>\n<meta name=\"author\" content=\"Francisco Javier Fern\u00e1ndez Chento\" \/>\n<meta name=\"twitter:card\" content=\"summary_large_image\" \/>\n<meta name=\"twitter:creator\" content=\"@https:\/\/twitter.com\/javierchento\" \/>\n<meta name=\"twitter:site\" content=\"@WeVincentians\" \/>\n<meta name=\"twitter:label1\" content=\"Escrito por\" \/>\n\t<meta name=\"twitter:data1\" content=\"Francisco Javier Fern\u00e1ndez Chento\" \/>\n\t<meta name=\"twitter:label2\" content=\"Tiempo de lectura\" \/>\n\t<meta name=\"twitter:data2\" content=\"2 minutos\" \/>\n<script type=\"application\/ld+json\" class=\"yoast-schema-graph\">{\"@context\":\"https:\/\/schema.org\",\"@graph\":[{\"@type\":\"Article\",\"@id\":\"http:\/\/vincentians.com\/es\/14o-domingo-de-t-o-reflexion-de-javier-balda-c-m\/#article\",\"isPartOf\":{\"@id\":\"http:\/\/vincentians.com\/es\/14o-domingo-de-t-o-reflexion-de-javier-balda-c-m\/\"},\"author\":{\"name\":\"Francisco Javier Fern\u00e1ndez Chento\",\"@id\":\"http:\/\/vincentians.com\/es\/#\/schema\/person\/9623ef4d9aa3b2dfb8c061f1499288f2\"},\"headline\":\"14\u00ba Domingo de T.O. (reflexi\u00f3n de Javier Balda, C.M.)\",\"datePublished\":\"2015-07-03T09:03:11+00:00\",\"dateModified\":\"2016-07-24T08:28:03+00:00\",\"mainEntityOfPage\":{\"@id\":\"http:\/\/vincentians.com\/es\/14o-domingo-de-t-o-reflexion-de-javier-balda-c-m\/\"},\"wordCount\":433,\"commentCount\":0,\"publisher\":{\"@id\":\"http:\/\/vincentians.com\/es\/#organization\"},\"image\":{\"@id\":\"http:\/\/vincentians.com\/es\/14o-domingo-de-t-o-reflexion-de-javier-balda-c-m\/#primaryimage\"},\"thumbnailUrl\":\"https:\/\/i0.wp.com\/vincentians.com\/es\/wp-content\/uploads\/sites\/11\/2016\/07\/reflexiones-palabra-de-dios.jpg?fit=1200%2C630\",\"articleSection\":[\"Homil\u00edas y reflexiones, A\u00f1o B\"],\"inLanguage\":\"es\",\"potentialAction\":[{\"@type\":\"CommentAction\",\"name\":\"Comment\",\"target\":[\"http:\/\/vincentians.com\/es\/14o-domingo-de-t-o-reflexion-de-javier-balda-c-m\/#respond\"]}]},{\"@type\":\"WebPage\",\"@id\":\"http:\/\/vincentians.com\/es\/14o-domingo-de-t-o-reflexion-de-javier-balda-c-m\/\",\"url\":\"http:\/\/vincentians.com\/es\/14o-domingo-de-t-o-reflexion-de-javier-balda-c-m\/\",\"name\":\"14\u00ba Domingo de T.O. (reflexi\u00f3n de Javier Balda, C.M.) - Somos Vicencianos\",\"isPartOf\":{\"@id\":\"http:\/\/vincentians.com\/es\/#website\"},\"primaryImageOfPage\":{\"@id\":\"http:\/\/vincentians.com\/es\/14o-domingo-de-t-o-reflexion-de-javier-balda-c-m\/#primaryimage\"},\"image\":{\"@id\":\"http:\/\/vincentians.com\/es\/14o-domingo-de-t-o-reflexion-de-javier-balda-c-m\/#primaryimage\"},\"thumbnailUrl\":\"https:\/\/i0.wp.com\/vincentians.com\/es\/wp-content\/uploads\/sites\/11\/2016\/07\/reflexiones-palabra-de-dios.jpg?fit=1200%2C630\",\"datePublished\":\"2015-07-03T09:03:11+00:00\",\"dateModified\":\"2016-07-24T08:28:03+00:00\",\"breadcrumb\":{\"@id\":\"http:\/\/vincentians.com\/es\/14o-domingo-de-t-o-reflexion-de-javier-balda-c-m\/#breadcrumb\"},\"inLanguage\":\"es\",\"potentialAction\":[{\"@type\":\"ReadAction\",\"target\":[\"http:\/\/vincentians.com\/es\/14o-domingo-de-t-o-reflexion-de-javier-balda-c-m\/\"]}]},{\"@type\":\"ImageObject\",\"inLanguage\":\"es\",\"@id\":\"http:\/\/vincentians.com\/es\/14o-domingo-de-t-o-reflexion-de-javier-balda-c-m\/#primaryimage\",\"url\":\"https:\/\/i0.wp.com\/vincentians.com\/es\/wp-content\/uploads\/sites\/11\/2016\/07\/reflexiones-palabra-de-dios.jpg?fit=1200%2C630\",\"contentUrl\":\"https:\/\/i0.wp.com\/vincentians.com\/es\/wp-content\/uploads\/sites\/11\/2016\/07\/reflexiones-palabra-de-dios.jpg?fit=1200%2C630\",\"width\":1200,\"height\":630},{\"@type\":\"BreadcrumbList\",\"@id\":\"http:\/\/vincentians.com\/es\/14o-domingo-de-t-o-reflexion-de-javier-balda-c-m\/#breadcrumb\",\"itemListElement\":[{\"@type\":\"ListItem\",\"position\":1,\"name\":\"Portada\",\"item\":\"http:\/\/vincentians.com\/es\/\"},{\"@type\":\"ListItem\",\"position\":2,\"name\":\"14\u00ba Domingo de T.O. (reflexi\u00f3n de Javier Balda, C.M.)\"}]},{\"@type\":\"WebSite\",\"@id\":\"http:\/\/vincentians.com\/es\/#website\",\"url\":\"http:\/\/vincentians.com\/es\/\",\"name\":\"Somos Vicencianos\",\"description\":\"Know more to serve more\",\"publisher\":{\"@id\":\"http:\/\/vincentians.com\/es\/#organization\"},\"potentialAction\":[{\"@type\":\"SearchAction\",\"target\":{\"@type\":\"EntryPoint\",\"urlTemplate\":\"http:\/\/vincentians.com\/es\/?s={search_term_string}\"},\"query-input\":{\"@type\":\"PropertyValueSpecification\",\"valueRequired\":true,\"valueName\":\"search_term_string\"}}],\"inLanguage\":\"es\"},{\"@type\":\"Organization\",\"@id\":\"http:\/\/vincentians.com\/es\/#organization\",\"name\":\"The Vincentian Network\",\"url\":\"http:\/\/vincentians.com\/es\/\",\"logo\":{\"@type\":\"ImageObject\",\"inLanguage\":\"es\",\"@id\":\"http:\/\/vincentians.com\/es\/#\/schema\/logo\/image\/\",\"url\":\"https:\/\/i1.wp.com\/vincentians.com\/es\/wp-content\/uploads\/sites\/11\/2016\/06\/Vincentian-Network-logo-big.png?fit=778%2C778\",\"contentUrl\":\"https:\/\/i1.wp.com\/vincentians.com\/es\/wp-content\/uploads\/sites\/11\/2016\/06\/Vincentian-Network-logo-big.png?fit=778%2C778\",\"width\":778,\"height\":778,\"caption\":\"The Vincentian Network\"},\"image\":{\"@id\":\"http:\/\/vincentians.com\/es\/#\/schema\/logo\/image\/\"},\"sameAs\":[\"https:\/\/www.facebook.com\/WeAreVincentians\/\",\"https:\/\/x.com\/WeVincentians\"]},{\"@type\":\"Person\",\"@id\":\"http:\/\/vincentians.com\/es\/#\/schema\/person\/9623ef4d9aa3b2dfb8c061f1499288f2\",\"name\":\"Francisco Javier Fern\u00e1ndez Chento\",\"image\":{\"@type\":\"ImageObject\",\"inLanguage\":\"es\",\"@id\":\"http:\/\/vincentians.com\/es\/#\/schema\/person\/image\/\",\"url\":\"https:\/\/secure.gravatar.com\/avatar\/497d5cde87b4c3d097d0315953521681ba2cd523ee66e5077c3711f7021e65de?s=96&d=mm&r=g\",\"contentUrl\":\"https:\/\/secure.gravatar.com\/avatar\/497d5cde87b4c3d097d0315953521681ba2cd523ee66e5077c3711f7021e65de?s=96&d=mm&r=g\",\"caption\":\"Francisco Javier Fern\u00e1ndez Chento\"},\"description\":\"Director General y cofundador de La Red de Formaci\u00f3n Vicenciana. Javier es laico vicenciano, afiliado a la Congregaci\u00f3n de la Misi\u00f3n y miembro del Equipo de Misiones Populares de la provincia can\u00f3nica de Zaragoza (Espa\u00f1a) de la Congregaci\u00f3n de la Misi\u00f3n. Graduado en la Universidad Oberta de Catalunya con cuatro grados (Asistente de direcci\u00f3n, Gesti\u00f3n Administrativa, Recursos Humanos y Contabilidad Avanzada). Bil\u00edng\u00fce Espa\u00f1ol\/Ingl\u00e9s. gestiona y mantiene varias p\u00e1ginas web cristianas y vicencianas, incluida including La Red de Formaci\u00f3n Vicenciana, de la que es cofundador. Actualmente es responsable del \u00e1rea de Espa\u00f1ol de .famvin, la Red de Noticias de la Familia Vicenciana. Tambi\u00e9n es m\u00fasico cat\u00f3lico y ha editado varios discos. Es Director General y cofundador de Trovador, una reconocida compa\u00f1\u00eda discogr\u00e1fica critiana de Espa\u00f1a. Trabaja en las Tecnolog\u00edas de la Informaci\u00f3n, ofreciendo servicios de alojamiento, dise\u00f1o y mantenimiento Web, as\u00ed como asesoramiento, formaci\u00f3n y soluciones inform\u00e1ticas, gesti\u00f3n documental y digitalizaci\u00f3n de textos, edici\u00f3n y maquetaci\u00f3n de libros, revistas, flyers, etc.\",\"sameAs\":[\"http:\/\/chento.org\",\"https:\/\/www.facebook.com\/JavierChento\",\"https:\/\/x.com\/https:\/\/twitter.com\/javierchento\"],\"url\":\"http:\/\/vincentians.com\/es\/author\/chento\/\"}]}<\/script>\n<!-- \/ Yoast SEO plugin. -->","yoast_head_json":{"title":"14\u00ba Domingo de T.O. (reflexi\u00f3n de Javier Balda, C.M.) - Somos Vicencianos","robots":{"index":"index","follow":"follow","max-snippet":"max-snippet:-1","max-image-preview":"max-image-preview:large","max-video-preview":"max-video-preview:-1"},"canonical":"http:\/\/vincentians.com\/es\/14o-domingo-de-t-o-reflexion-de-javier-balda-c-m\/","og_locale":"es_ES","og_type":"article","og_title":"14\u00ba Domingo de T.O. (reflexi\u00f3n de Javier Balda, C.M.) - Somos Vicencianos","og_description":"No creyeron en Jes\u00fas Aunque las profec\u00edas hablaban de \u00c9l, la teolog\u00eda del Dios pobre y humilde, del Dios hombre pobre entre los pobres, no cab\u00eda en el pensamiento jud\u00edo. Cre\u00edan y esperaban un Mes\u00edas ... Read More","og_url":"http:\/\/vincentians.com\/es\/14o-domingo-de-t-o-reflexion-de-javier-balda-c-m\/","og_site_name":"Somos Vicencianos","article_publisher":"https:\/\/www.facebook.com\/WeAreVincentians\/","article_author":"https:\/\/www.facebook.com\/JavierChento","article_published_time":"2015-07-03T09:03:11+00:00","article_modified_time":"2016-07-24T08:28:03+00:00","og_image":[{"width":1200,"height":630,"url":"https:\/\/i0.wp.com\/vincentians.com\/es\/wp-content\/uploads\/sites\/11\/2016\/07\/reflexiones-palabra-de-dios.jpg?fit=1200%2C630","type":"image\/jpeg"}],"author":"Francisco Javier Fern\u00e1ndez Chento","twitter_card":"summary_large_image","twitter_creator":"@https:\/\/twitter.com\/javierchento","twitter_site":"@WeVincentians","twitter_misc":{"Escrito por":"Francisco Javier Fern\u00e1ndez Chento","Tiempo de lectura":"2 minutos"},"schema":{"@context":"https:\/\/schema.org","@graph":[{"@type":"Article","@id":"http:\/\/vincentians.com\/es\/14o-domingo-de-t-o-reflexion-de-javier-balda-c-m\/#article","isPartOf":{"@id":"http:\/\/vincentians.com\/es\/14o-domingo-de-t-o-reflexion-de-javier-balda-c-m\/"},"author":{"name":"Francisco Javier Fern\u00e1ndez Chento","@id":"http:\/\/vincentians.com\/es\/#\/schema\/person\/9623ef4d9aa3b2dfb8c061f1499288f2"},"headline":"14\u00ba Domingo de T.O. (reflexi\u00f3n de Javier Balda, C.M.)","datePublished":"2015-07-03T09:03:11+00:00","dateModified":"2016-07-24T08:28:03+00:00","mainEntityOfPage":{"@id":"http:\/\/vincentians.com\/es\/14o-domingo-de-t-o-reflexion-de-javier-balda-c-m\/"},"wordCount":433,"commentCount":0,"publisher":{"@id":"http:\/\/vincentians.com\/es\/#organization"},"image":{"@id":"http:\/\/vincentians.com\/es\/14o-domingo-de-t-o-reflexion-de-javier-balda-c-m\/#primaryimage"},"thumbnailUrl":"https:\/\/i0.wp.com\/vincentians.com\/es\/wp-content\/uploads\/sites\/11\/2016\/07\/reflexiones-palabra-de-dios.jpg?fit=1200%2C630","articleSection":["Homil\u00edas y reflexiones, A\u00f1o B"],"inLanguage":"es","potentialAction":[{"@type":"CommentAction","name":"Comment","target":["http:\/\/vincentians.com\/es\/14o-domingo-de-t-o-reflexion-de-javier-balda-c-m\/#respond"]}]},{"@type":"WebPage","@id":"http:\/\/vincentians.com\/es\/14o-domingo-de-t-o-reflexion-de-javier-balda-c-m\/","url":"http:\/\/vincentians.com\/es\/14o-domingo-de-t-o-reflexion-de-javier-balda-c-m\/","name":"14\u00ba Domingo de T.O. (reflexi\u00f3n de Javier Balda, C.M.) - Somos Vicencianos","isPartOf":{"@id":"http:\/\/vincentians.com\/es\/#website"},"primaryImageOfPage":{"@id":"http:\/\/vincentians.com\/es\/14o-domingo-de-t-o-reflexion-de-javier-balda-c-m\/#primaryimage"},"image":{"@id":"http:\/\/vincentians.com\/es\/14o-domingo-de-t-o-reflexion-de-javier-balda-c-m\/#primaryimage"},"thumbnailUrl":"https:\/\/i0.wp.com\/vincentians.com\/es\/wp-content\/uploads\/sites\/11\/2016\/07\/reflexiones-palabra-de-dios.jpg?fit=1200%2C630","datePublished":"2015-07-03T09:03:11+00:00","dateModified":"2016-07-24T08:28:03+00:00","breadcrumb":{"@id":"http:\/\/vincentians.com\/es\/14o-domingo-de-t-o-reflexion-de-javier-balda-c-m\/#breadcrumb"},"inLanguage":"es","potentialAction":[{"@type":"ReadAction","target":["http:\/\/vincentians.com\/es\/14o-domingo-de-t-o-reflexion-de-javier-balda-c-m\/"]}]},{"@type":"ImageObject","inLanguage":"es","@id":"http:\/\/vincentians.com\/es\/14o-domingo-de-t-o-reflexion-de-javier-balda-c-m\/#primaryimage","url":"https:\/\/i0.wp.com\/vincentians.com\/es\/wp-content\/uploads\/sites\/11\/2016\/07\/reflexiones-palabra-de-dios.jpg?fit=1200%2C630","contentUrl":"https:\/\/i0.wp.com\/vincentians.com\/es\/wp-content\/uploads\/sites\/11\/2016\/07\/reflexiones-palabra-de-dios.jpg?fit=1200%2C630","width":1200,"height":630},{"@type":"BreadcrumbList","@id":"http:\/\/vincentians.com\/es\/14o-domingo-de-t-o-reflexion-de-javier-balda-c-m\/#breadcrumb","itemListElement":[{"@type":"ListItem","position":1,"name":"Portada","item":"http:\/\/vincentians.com\/es\/"},{"@type":"ListItem","position":2,"name":"14\u00ba Domingo de T.O. (reflexi\u00f3n de Javier Balda, C.M.)"}]},{"@type":"WebSite","@id":"http:\/\/vincentians.com\/es\/#website","url":"http:\/\/vincentians.com\/es\/","name":"Somos Vicencianos","description":"Know more to serve more","publisher":{"@id":"http:\/\/vincentians.com\/es\/#organization"},"potentialAction":[{"@type":"SearchAction","target":{"@type":"EntryPoint","urlTemplate":"http:\/\/vincentians.com\/es\/?s={search_term_string}"},"query-input":{"@type":"PropertyValueSpecification","valueRequired":true,"valueName":"search_term_string"}}],"inLanguage":"es"},{"@type":"Organization","@id":"http:\/\/vincentians.com\/es\/#organization","name":"The Vincentian Network","url":"http:\/\/vincentians.com\/es\/","logo":{"@type":"ImageObject","inLanguage":"es","@id":"http:\/\/vincentians.com\/es\/#\/schema\/logo\/image\/","url":"https:\/\/i1.wp.com\/vincentians.com\/es\/wp-content\/uploads\/sites\/11\/2016\/06\/Vincentian-Network-logo-big.png?fit=778%2C778","contentUrl":"https:\/\/i1.wp.com\/vincentians.com\/es\/wp-content\/uploads\/sites\/11\/2016\/06\/Vincentian-Network-logo-big.png?fit=778%2C778","width":778,"height":778,"caption":"The Vincentian Network"},"image":{"@id":"http:\/\/vincentians.com\/es\/#\/schema\/logo\/image\/"},"sameAs":["https:\/\/www.facebook.com\/WeAreVincentians\/","https:\/\/x.com\/WeVincentians"]},{"@type":"Person","@id":"http:\/\/vincentians.com\/es\/#\/schema\/person\/9623ef4d9aa3b2dfb8c061f1499288f2","name":"Francisco Javier Fern\u00e1ndez Chento","image":{"@type":"ImageObject","inLanguage":"es","@id":"http:\/\/vincentians.com\/es\/#\/schema\/person\/image\/","url":"https:\/\/secure.gravatar.com\/avatar\/497d5cde87b4c3d097d0315953521681ba2cd523ee66e5077c3711f7021e65de?s=96&d=mm&r=g","contentUrl":"https:\/\/secure.gravatar.com\/avatar\/497d5cde87b4c3d097d0315953521681ba2cd523ee66e5077c3711f7021e65de?s=96&d=mm&r=g","caption":"Francisco Javier Fern\u00e1ndez Chento"},"description":"Director General y cofundador de La Red de Formaci\u00f3n Vicenciana. Javier es laico vicenciano, afiliado a la Congregaci\u00f3n de la Misi\u00f3n y miembro del Equipo de Misiones Populares de la provincia can\u00f3nica de Zaragoza (Espa\u00f1a) de la Congregaci\u00f3n de la Misi\u00f3n. Graduado en la Universidad Oberta de Catalunya con cuatro grados (Asistente de direcci\u00f3n, Gesti\u00f3n Administrativa, Recursos Humanos y Contabilidad Avanzada). Bil\u00edng\u00fce Espa\u00f1ol\/Ingl\u00e9s. gestiona y mantiene varias p\u00e1ginas web cristianas y vicencianas, incluida including La Red de Formaci\u00f3n Vicenciana, de la que es cofundador. Actualmente es responsable del \u00e1rea de Espa\u00f1ol de .famvin, la Red de Noticias de la Familia Vicenciana. Tambi\u00e9n es m\u00fasico cat\u00f3lico y ha editado varios discos. Es Director General y cofundador de Trovador, una reconocida compa\u00f1\u00eda discogr\u00e1fica critiana de Espa\u00f1a. Trabaja en las Tecnolog\u00edas de la Informaci\u00f3n, ofreciendo servicios de alojamiento, dise\u00f1o y mantenimiento Web, as\u00ed como asesoramiento, formaci\u00f3n y soluciones inform\u00e1ticas, gesti\u00f3n documental y digitalizaci\u00f3n de textos, edici\u00f3n y maquetaci\u00f3n de libros, revistas, flyers, etc.","sameAs":["http:\/\/chento.org","https:\/\/www.facebook.com\/JavierChento","https:\/\/x.com\/https:\/\/twitter.com\/javierchento"],"url":"http:\/\/vincentians.com\/es\/author\/chento\/"}]}},"jetpack_publicize_connections":[],"jetpack_featured_media_url":"https:\/\/i0.wp.com\/vincentians.com\/es\/wp-content\/uploads\/sites\/11\/2016\/07\/reflexiones-palabra-de-dios.jpg?fit=1200%2C630","jetpack_sharing_enabled":true,"jetpack_shortlink":"https:\/\/wp.me\/p7ETMF-PA9","jetpack-related-posts":[{"id":140945,"url":"http:\/\/vincentians.com\/es\/2o-domingo-de-cuaresma-reflexion-de-javier-balda-c-m\/","url_meta":{"origin":198285,"position":0},"title":"2\u00ba Domingo de Cuaresma (reflexi\u00f3n de Javier Balda, C.M.)","author":"Francisco Javier Fern\u00e1ndez Chento","date":"26\/02\/2015","format":false,"excerpt":"La Transfiguraci\u00f3n El evangelio nos dice que Jes\u00fas separ\u00f3 a sus tres amigos predilectos, se encamin\u00f3 con ellos a la monta\u00f1a y ante sus ojos se transfigur\u00f3. Milagro de fe. El hombre al que hab\u00edan acompa\u00f1ado, Jes\u00fas es el Dios que contemplan extasiados sus ojos. El Dios que contemplan es\u2026","rel":"","context":"En \u00abHomil\u00edas y reflexiones, A\u00f1o B\u00bb","block_context":{"text":"Homil\u00edas y reflexiones, A\u00f1o B","link":"http:\/\/vincentians.com\/es\/category\/homilias-y-reflexiones-a-la-palabra-de-dios\/homilias-y-reflexiones-ano-b\/"},"img":{"alt_text":"","src":"https:\/\/i0.wp.com\/vincentians.com\/es\/wp-content\/uploads\/sites\/11\/2016\/07\/reflexiones-palabra-de-dios.jpg?fit=1200%2C630&resize=350%2C200","width":350,"height":200,"srcset":"https:\/\/i0.wp.com\/vincentians.com\/es\/wp-content\/uploads\/sites\/11\/2016\/07\/reflexiones-palabra-de-dios.jpg?fit=1200%2C630&resize=350%2C200 1x, https:\/\/i0.wp.com\/vincentians.com\/es\/wp-content\/uploads\/sites\/11\/2016\/07\/reflexiones-palabra-de-dios.jpg?fit=1200%2C630&resize=525%2C300 1.5x, https:\/\/i0.wp.com\/vincentians.com\/es\/wp-content\/uploads\/sites\/11\/2016\/07\/reflexiones-palabra-de-dios.jpg?fit=1200%2C630&resize=700%2C400 2x, https:\/\/i0.wp.com\/vincentians.com\/es\/wp-content\/uploads\/sites\/11\/2016\/07\/reflexiones-palabra-de-dios.jpg?fit=1200%2C630&resize=1050%2C600 3x"},"classes":[]},{"id":144779,"url":"http:\/\/vincentians.com\/es\/en-la-escuela-de-maria-inmaculada-sierva-y-madre\/","url_meta":{"origin":198285,"position":1},"title":"En la escuela de Mar\u00eda Inmaculada, Sierva y Madre","author":"Francisco Javier Fern\u00e1ndez Chento","date":"10\/05\/2015","format":false,"excerpt":"Introducci\u00f3n Una de las 7 \u00faltimas palabras de Jes\u00fas en la Cruz que forman parte de su testamento espiritual, es: \u201cAh\u00ed tienes a tu madre\u201d, una palabra extraordinaria que Jes\u00fas dice al disc\u00edpulo amado, es decir a la Iglesia. Jes\u00fas conf\u00eda la Iglesia a su madre y su madre a\u2026","rel":"","context":"En \u00abVirgen Mar\u00eda\u00bb","block_context":{"text":"Virgen Mar\u00eda","link":"http:\/\/vincentians.com\/es\/category\/espiritualidad\/virgen-maria\/"},"img":{"alt_text":"our-mother-mary-inmaculate","src":"https:\/\/i0.wp.com\/vicencianos.org\/wp-content\/2015\/05\/our-mother-mary-inmaculate-300x216.jpg?resize=350%2C200","width":350,"height":200},"classes":[]},{"id":387706,"url":"http:\/\/vincentians.com\/es\/el-amor-de-jesus-para-con-su-padre-y-con-los-hombres\/","url_meta":{"origin":198285,"position":2},"title":"El amor de Jes\u00fas para con su Padre y con los hombres","author":"Mitxel Olabu\u00e9naga","date":"28\/08\/2016","format":false,"excerpt":"Tornamos de nuevo a Jes\u00fas de Nazaret, centro, raz\u00f3n y vida de los cristianos. Las explicaciones sobre el esp\u00edritu de Jes\u00fas proceden de la visi\u00f3n particular que tiene Vicente de Pa\u00fal de Cristo, el Mes\u00edas, del enviado para evangelizar a los pobres, del Hijo que guarda relaciones profundamente filiales con\u2026","rel":"","context":"En \u00abEspiritualidad\u00bb","block_context":{"text":"Espiritualidad","link":"http:\/\/vincentians.com\/es\/category\/espiritualidad\/"},"img":{"alt_text":"","src":"https:\/\/i0.wp.com\/vincentians.com\/es\/wp-content\/uploads\/sites\/11\/2016\/08\/jesus-ora.jpg?fit=1200%2C630&resize=350%2C200","width":350,"height":200,"srcset":"https:\/\/i0.wp.com\/vincentians.com\/es\/wp-content\/uploads\/sites\/11\/2016\/08\/jesus-ora.jpg?fit=1200%2C630&resize=350%2C200 1x, https:\/\/i0.wp.com\/vincentians.com\/es\/wp-content\/uploads\/sites\/11\/2016\/08\/jesus-ora.jpg?fit=1200%2C630&resize=525%2C300 1.5x, https:\/\/i0.wp.com\/vincentians.com\/es\/wp-content\/uploads\/sites\/11\/2016\/08\/jesus-ora.jpg?fit=1200%2C630&resize=700%2C400 2x, https:\/\/i0.wp.com\/vincentians.com\/es\/wp-content\/uploads\/sites\/11\/2016\/08\/jesus-ora.jpg?fit=1200%2C630&resize=1050%2C600 3x"},"classes":[]},{"id":386941,"url":"http:\/\/vincentians.com\/es\/4o-domingo-de-t-o-reflexion-de-javier-balda\/","url_meta":{"origin":198285,"position":3},"title":"4\u00ba Domingo de T.O. (reflexi\u00f3n de Javier Balda)","author":"Francisco Javier Fern\u00e1ndez Chento","date":"28\/01\/2016","format":false,"excerpt":"Jes\u00fas, \u00bfBuena Noticia para nosotros? Si el sectarismo impide la fraternidad, el dogmatismo es el mayor obst\u00e1culo para la verdad y el orgullo y la vanidad, los mayores impedimentos para el crecimiento del amor en nuestro coraz\u00f3n. La presencia de Jes\u00fas nos abre a una nueva verdad y nos conduce\u2026","rel":"","context":"En \u00abHomil\u00edas y reflexiones, A\u00f1o C\u00bb","block_context":{"text":"Homil\u00edas y reflexiones, A\u00f1o C","link":"http:\/\/vincentians.com\/es\/category\/homilias-y-reflexiones-a-la-palabra-de-dios\/homilias-y-reflexiones-ano-c\/"},"img":{"alt_text":"","src":"https:\/\/i0.wp.com\/vincentians.com\/es\/wp-content\/uploads\/sites\/11\/2016\/07\/reflexiones-palabra-de-dios.jpg?fit=1200%2C630&resize=350%2C200","width":350,"height":200,"srcset":"https:\/\/i0.wp.com\/vincentians.com\/es\/wp-content\/uploads\/sites\/11\/2016\/07\/reflexiones-palabra-de-dios.jpg?fit=1200%2C630&resize=350%2C200 1x, https:\/\/i0.wp.com\/vincentians.com\/es\/wp-content\/uploads\/sites\/11\/2016\/07\/reflexiones-palabra-de-dios.jpg?fit=1200%2C630&resize=525%2C300 1.5x, https:\/\/i0.wp.com\/vincentians.com\/es\/wp-content\/uploads\/sites\/11\/2016\/07\/reflexiones-palabra-de-dios.jpg?fit=1200%2C630&resize=700%2C400 2x, https:\/\/i0.wp.com\/vincentians.com\/es\/wp-content\/uploads\/sites\/11\/2016\/07\/reflexiones-palabra-de-dios.jpg?fit=1200%2C630&resize=1050%2C600 3x"},"classes":[]},{"id":190809,"url":"http:\/\/vincentians.com\/es\/13o-domingo-de-t-o-reflexion-de-javier-balda-c-m\/","url_meta":{"origin":198285,"position":4},"title":"13\u00ba Domingo de T.O. (reflexi\u00f3n de Javier Balda, C.M.)","author":"Francisco Javier Fern\u00e1ndez Chento","date":"26\/06\/2015","format":false,"excerpt":"El milagro, signo de fe Ante el problema del dolor, de la enfermedad y de la misma muerte, miles de preguntas han revoloteado y cuestionado el pensamiento humano y seguir\u00e1n revoloteando por muchas mentes intentando encontrar una raz\u00f3n convincente para sus inteligencias. Y, al no hallarla, seguiremos sin entender, seguiremos\u2026","rel":"","context":"En \u00abHomil\u00edas y reflexiones, A\u00f1o B\u00bb","block_context":{"text":"Homil\u00edas y reflexiones, A\u00f1o B","link":"http:\/\/vincentians.com\/es\/category\/homilias-y-reflexiones-a-la-palabra-de-dios\/homilias-y-reflexiones-ano-b\/"},"img":{"alt_text":"","src":"https:\/\/i0.wp.com\/vincentians.com\/es\/wp-content\/uploads\/sites\/11\/2016\/07\/reflexiones-palabra-de-dios.jpg?fit=1200%2C630&resize=350%2C200","width":350,"height":200,"srcset":"https:\/\/i0.wp.com\/vincentians.com\/es\/wp-content\/uploads\/sites\/11\/2016\/07\/reflexiones-palabra-de-dios.jpg?fit=1200%2C630&resize=350%2C200 1x, https:\/\/i0.wp.com\/vincentians.com\/es\/wp-content\/uploads\/sites\/11\/2016\/07\/reflexiones-palabra-de-dios.jpg?fit=1200%2C630&resize=525%2C300 1.5x, https:\/\/i0.wp.com\/vincentians.com\/es\/wp-content\/uploads\/sites\/11\/2016\/07\/reflexiones-palabra-de-dios.jpg?fit=1200%2C630&resize=700%2C400 2x, https:\/\/i0.wp.com\/vincentians.com\/es\/wp-content\/uploads\/sites\/11\/2016\/07\/reflexiones-palabra-de-dios.jpg?fit=1200%2C630&resize=1050%2C600 3x"},"classes":[]},{"id":144780,"url":"http:\/\/vincentians.com\/es\/en-1830-la-virgen-maria-y-catalina-laboure\/","url_meta":{"origin":198285,"position":5},"title":"En 1830: la Virgen Mar\u00eda y Catalina Labour\u00e9","author":"Francisco Javier Fern\u00e1ndez Chento","date":"28\/11\/2020","format":false,"excerpt":"Introducci\u00f3n Hemos visto lo misteriosamente que necesitamos de la presencia de Mar\u00eda, no como una compensaci\u00f3n en nuestra aridez espiritual, sino porque Jes\u00fas nos la ha dado como Madre para hacernos nacer a la vida divina. En esta segunda intervenci\u00f3n, en primer lugar, seguiremos los pasos de santa Catalina para\u2026","rel":"","context":"En \u00abVirgen Mar\u00eda\u00bb","block_context":{"text":"Virgen Mar\u00eda","link":"http:\/\/vincentians.com\/es\/category\/espiritualidad\/virgen-maria\/"},"img":{"alt_text":"","src":"https:\/\/i0.wp.com\/vincentians.com\/es\/wp-content\/uploads\/sites\/11\/2015\/05\/catalina4.jpg?fit=867%2C508&resize=350%2C200","width":350,"height":200,"srcset":"https:\/\/i0.wp.com\/vincentians.com\/es\/wp-content\/uploads\/sites\/11\/2015\/05\/catalina4.jpg?fit=867%2C508&resize=350%2C200 1x, https:\/\/i0.wp.com\/vincentians.com\/es\/wp-content\/uploads\/sites\/11\/2015\/05\/catalina4.jpg?fit=867%2C508&resize=525%2C300 1.5x, https:\/\/i0.wp.com\/vincentians.com\/es\/wp-content\/uploads\/sites\/11\/2015\/05\/catalina4.jpg?fit=867%2C508&resize=700%2C400 2x"},"classes":[]}],"_links":{"self":[{"href":"http:\/\/vincentians.com\/es\/wp-json\/wp\/v2\/posts\/198285","targetHints":{"allow":["GET"]}}],"collection":[{"href":"http:\/\/vincentians.com\/es\/wp-json\/wp\/v2\/posts"}],"about":[{"href":"http:\/\/vincentians.com\/es\/wp-json\/wp\/v2\/types\/post"}],"author":[{"embeddable":true,"href":"http:\/\/vincentians.com\/es\/wp-json\/wp\/v2\/users\/4"}],"replies":[{"embeddable":true,"href":"http:\/\/vincentians.com\/es\/wp-json\/wp\/v2\/comments?post=198285"}],"version-history":[{"count":0,"href":"http:\/\/vincentians.com\/es\/wp-json\/wp\/v2\/posts\/198285\/revisions"}],"wp:featuredmedia":[{"embeddable":true,"href":"http:\/\/vincentians.com\/es\/wp-json\/wp\/v2\/media\/388408"}],"wp:attachment":[{"href":"http:\/\/vincentians.com\/es\/wp-json\/wp\/v2\/media?parent=198285"}],"wp:term":[{"taxonomy":"category","embeddable":true,"href":"http:\/\/vincentians.com\/es\/wp-json\/wp\/v2\/categories?post=198285"},{"taxonomy":"post_tag","embeddable":true,"href":"http:\/\/vincentians.com\/es\/wp-json\/wp\/v2\/tags?post=198285"}],"curies":[{"name":"wp","href":"https:\/\/api.w.org\/{rel}","templated":true}]}}