{"id":196509,"date":"2015-07-01T18:00:32","date_gmt":"2015-07-01T16:00:32","guid":{"rendered":"http:\/\/somos.vicencianos.org\/?p=196509"},"modified":"2016-07-24T10:28:04","modified_gmt":"2016-07-24T08:28:04","slug":"lectio-para-14o-domingo-de-t-o-preparada-por-chuno-chavez-alva-c-m","status":"publish","type":"post","link":"http:\/\/vincentians.com\/es\/lectio-para-14o-domingo-de-t-o-preparada-por-chuno-chavez-alva-c-m\/","title":{"rendered":"Lectio para 14\u00ba Domingo de T.O. (preparada por Chuno Ch\u00e1vez Alva, C.M.)"},"content":{"rendered":"<h2 style=\"text-align: center\"><b>\u00bfNo es el hijo del carpintero?<\/b><\/h2>\n<p><strong>LA PALABRA HOY: <\/strong>Ezequiel 2,2-5; Salmo 122; 2 Corintios12, 7b-10; Marcos 6,1-6<\/p>\n<p><strong>Ambientaci\u00f3n: <\/strong>Im\u00e1genes de situaciones de pobreza extrema, de excluidos, de rostros donde nos resulta dif\u00edcil reconocer el rostro de Jes\u00fas. Frase: <em>Los ten\u00eda desconcertados.<\/em><\/p>\n<p><strong>Cantos sugeridos: <\/strong>El profeta; Con nosotros est\u00e1 y no le conocemos<\/p>\n<h2>Ambientaci\u00f3n<\/h2>\n<p><em>El texto de hoy nos recordar\u00e1 que siempre ha habido profetas que, en medio de la vida, nos han hecho caer en la cuenta de la presencia de Dios. Nosotros, disc\u00edpulos de este tiempo, estamos designados a escuchar la llamada de Dios en nuestra vida y\u00a0 a cumplir la misi\u00f3n de hacer presente a Dios en el ambiente en el que vivimos.<\/em><\/p>\n<h2>Oraci\u00f3n inicial<\/h2>\n<p>Perd\u00f3n por las veces<br \/>\nque dudamos y desconfiamos\u2026<br \/>\nque no nos abrimos a tu acci\u00f3n en nosotros\u2026<br \/>\nque no te buscamos de coraz\u00f3n\u2026<br \/>\nque somos indiferentes a ti\u2026<br \/>\nque no hacemos nuestro camino de fe\u2026<br \/>\nque no gastamos tiempo para las cosas del coraz\u00f3n\u2026<br \/>\nque buscamos pretextos para no creer\u2026<br \/>\nque miramos la vida solo con nuestros ojos y no con los ojos de Dios\u2026<br \/>\nque Dios no ocupa el centro de nuestra vida\u2026<br \/>\nque no seguimos las ense\u00f1anzas del Se\u00f1or\u2026<br \/>\nque no tomamos a Jes\u00fas como camino, verdad y vida\u2026<br \/>\nSe\u00f1or, no permitas que la dureza de nuestro coraz\u00f3n<br \/>\nimpida que te encontremos.<br \/>\nVen Se\u00f1or, en nuestra ayuda<br \/>\ny danos la gracia de creer siempre en ti.<br \/>\nQue as\u00ed sea.<\/p>\n<h2>I. Lectio: \u00bfQu\u00e9 dice el texto? \u2013 Ma<strong>rcos 6,1-6<\/strong><\/h2>\n<p><strong>Motivaci\u00f3n:<\/strong><em> Dios se manifest\u00f3 en Jes\u00fas de tal manera que aparentemente fue uno de tantos, un vecino m\u00e1s\u00a0 de Nazaret. La novedad que trae Jes\u00fas es rechazada por sus paisanos y familiares que mantienen ante \u00e9l una actitud muy parecida a la de los fariseos y maestros de la ley. La fe es la llave que nos permite mantenernos abiertos a la salvaci\u00f3n que Dios ofrece. Escuchemos. <\/em><\/p>\n<p><strong>Forma de leerlo:<\/strong><\/p>\n<ol>\n<li>Proclamar el texto en voz alta (todos de pie).<\/li>\n<li>Cada uno puede leer en voz alta el vers\u00edculo que m\u00e1s le llam\u00f3 la atenci\u00f3n (sentados).<\/li>\n<\/ol>\n<p><strong>Preguntas para la lectura:<\/strong><\/p>\n<ul>\n<li>\u00bfEn qu\u00e9 lugar se desarrolla la escena? \u00bfC\u00f3mo escuchaba la gente a Jes\u00fas?<\/li>\n<li>\u00bfQu\u00e9 preguntas hacen sobre \u00e9l? \u00bfQu\u00e9 esconden esas preguntas?<\/li>\n<li>\u00bfC\u00f3mo reacciona Jes\u00fas ante la incomprensi\u00f3n de sus paisanos?<\/li>\n<li>\u00bfPor qu\u00e9 no pudo realizar ning\u00fan milagro en Nazareth?<\/li>\n<\/ul>\n<p><strong>Otros textos b\u00edblicos para confrontar: <\/strong><strong>Mt 13,53-58; Lc 4,16-30.<\/strong><\/p>\n<h2>II. Meditatio: \u00bfQu\u00e9 me dice? \u00bfQu\u00e9 nos dice el Texto?<\/h2>\n<p><strong><em>Motivaci\u00f3n: <\/em><\/strong><em>Las ense\u00f1anzas de Jes\u00fas, incluso sus curaciones, provocan rechazo e incredulidad entre la gente de su pueblo. La novedad que trae Jes\u00fas, la novedad del reinado de Dios y su din\u00e1mica, tambi\u00e9n nos puede parecer en ocasiones extra\u00f1a y dif\u00edcil de poner en pr\u00e1ctica.<\/em><\/p>\n<ul>\n<li>La gente de Nazaret no descubre a Dios en lo conocido, lo habitual, en el <em>\u201chijo del carpintero\u201d.<\/em> \u00bfQu\u00e9 excusas ponemos hoy nosotros para no creer en \u00e9l?<\/li>\n<li>A Jes\u00fas le sorprendi\u00f3 su falta de fe. \u00bfDe qu\u00e9 se sorprender\u00eda hoy Jes\u00fas de nosotros, de nuestra Iglesia, de nuestro mundo?<\/li>\n<li>\u00bfHe experimentado el rechazo por ser fiel a los valores del Reino? \u00bfC\u00f3mo he reaccionado? \u00bfQu\u00e9 puedo hacer cuando encuentre rechazo por el anuncio del evangelio?<\/li>\n<li>\u00bfQu\u00e9 hago para que mi fe tenga sentido y consistencia y as\u00ed vivir m\u00e1s plenamente mi fe en el Se\u00f1or?<\/li>\n<\/ul>\n<p><em>Luego de un tiempo de meditaci\u00f3n personal, compartimos con sencillez nuestra reflexi\u00f3n, lo que el texto ME dice a mi propia realidad y situaci\u00f3n personal.<\/em><\/p>\n<h2>III. Oratio: \u00bfQu\u00e9 le digo al Se\u00f1or motivado por su Palabra?<\/h2>\n<p><strong><em>Motivaci\u00f3n: <\/em><\/strong><em>Dios muchas veces nos desconcierta porque se presenta bajo el ropaje de lo cotidiano, rompiendo nuestras estructuras y moldes. Por ello es importante vivir atentos para acogerlo y responderle desde la fe.<\/em><\/p>\n<ul>\n<li>Luego de un tiempo de oraci\u00f3n personal, podemos compartir en voz alta nuestra oraci\u00f3n, siempre dirigi\u00e9ndonos a Dios mediante la alabanza, la acci\u00f3n de gracias o la s\u00faplica confiada.<\/li>\n<li>Se puede, tambi\u00e9n, recitar el salmo responsorial que corresponde a este domingo (Salmo 122)<em>.<\/em><\/li>\n<\/ul>\n<h2>IV. Contemplatio: \u00bfQu\u00e9 me lleva a hacer este texto?<\/h2>\n<p><strong><em>Motivaci\u00f3n:<\/em><\/strong><em> San Vicente recomienda a los misioneros responder con mansedumbre a quienes nos desprecian o injurian, as\u00ed nunca perderemos la paz: <\/em><\/p>\n<p>\u201cLa mansedumbre no solamente nos hace excusar las afrentas e injurias que recibimos, sino que incluso pide que tratemos mansamente a quienes nos maltratan, con palabras amigables y, si llegasen incluso a darnos un bofet\u00f3n, que lo suframos por Dios; es esta virtud la que produce este efecto. S\u00ed, un siervo de Dios que la posea, cuando se sienta ultrajado por alguien, ofrecer\u00e1 a su divina bondad este rudo trato y se quedar\u00e1 en paz.\u201d<\/p>\n<p><strong>Y nos regala esta oraci\u00f3n: <\/strong><\/p>\n<p><em>Oh Salvador, pon en nosotros las disposiciones necesarias para sufrir, de la manera que t\u00fa deseas, las persecuciones que tengas a bien enviarnos. Af\u00edrmanos en ese estado bienaventurado que has prometido a las personas afligidas y perseguidas. Haz que nos mantengamos firmes en la persecuci\u00f3n, sin huir ni doblegarnos ante los ataques del mundo. Te lo pido por el m\u00e9rito de tus sufrimientos.<\/em><\/p>\n<p><strong>Compromiso: Ser <em>presencia de Dios <\/em>para los dem\u00e1s, especialmente para quienes rechazan o ridiculizan la fe.<\/strong><\/p>\n<h2>Oraci\u00f3n final<\/h2>\n<p>En Jes\u00fas reconocemos, Padre,<br \/>\ntu visita maravillosa a nuestra tierra:<br \/>\ny m\u00e1s all\u00e1 del esc\u00e1ndalo y del rechazo,<br \/>\nvemos en tu siervo nazareno<br \/>\ntu presencia cercana y comprometida<br \/>\ncon la causa de todos los hombres.<br \/>\nHaz que no desfallezcamos en tu anuncio:<br \/>\nhaz que busquemos s\u00f3lo tu gloria,<br \/>\nhaz que te amemos por sobre todo<br \/>\ny que sintamos infinita confianza en Ti,<br \/>\nque nos llamas y nos env\u00edas como profetas y amigos<br \/>\nprecedidos del que fue rechazado,<br \/>\npero que ahora vive y reina eternamente:<br \/>\nCristo, fortaleza de tus siervos.<br \/>\nAm\u00e9n.<\/p>\n","protected":false},"excerpt":{"rendered":"<p>\u00bfNo es el hijo del carpintero? LA PALABRA HOY: Ezequiel 2,2-5; Salmo 122; 2 Corintios12, 7b-10; Marcos 6,1-6 Ambientaci\u00f3n: Im\u00e1genes de situaciones de pobreza extrema, de excluidos, de rostros donde nos resulta dif\u00edcil reconocer el &#8230; <a href=\"http:\/\/vincentians.com\/es\/lectio-para-14o-domingo-de-t-o-preparada-por-chuno-chavez-alva-c-m\/\" class=\"more-link\">Read More<\/a><\/p>\n","protected":false},"author":4,"featured_media":388408,"comment_status":"open","ping_status":"open","sticky":false,"template":"","format":"standard","meta":{"jetpack_post_was_ever_published":false,"_jetpack_newsletter_access":"","_jetpack_dont_email_post_to_subs":false,"_jetpack_newsletter_tier_id":0,"_jetpack_memberships_contains_paywalled_content":false,"_jetpack_memberships_contains_paid_content":false,"footnotes":"","jetpack_publicize_message":"","jetpack_publicize_feature_enabled":true,"jetpack_social_post_already_shared":true,"jetpack_social_options":{"image_generator_settings":{"template":"highway","default_image_id":0,"font":"","enabled":false},"version":2}},"categories":[93],"tags":[172],"class_list":["post-196509","post","type-post","status-publish","format-standard","has-post-thumbnail","hentry","category-homilias-y-reflexiones-ano-b","tag-pobreza"],"yoast_head":"<!-- This site is optimized with the Yoast SEO plugin v26.3 - https:\/\/yoast.com\/wordpress\/plugins\/seo\/ -->\n<title>Lectio para 14\u00ba Domingo de T.O. (preparada por Chuno Ch\u00e1vez Alva, C.M.) - Somos Vicencianos<\/title>\n<meta name=\"robots\" content=\"index, follow, max-snippet:-1, max-image-preview:large, max-video-preview:-1\" \/>\n<link rel=\"canonical\" href=\"http:\/\/vincentians.com\/es\/lectio-para-14o-domingo-de-t-o-preparada-por-chuno-chavez-alva-c-m\/\" \/>\n<meta property=\"og:locale\" content=\"es_ES\" \/>\n<meta property=\"og:type\" content=\"article\" \/>\n<meta property=\"og:title\" content=\"Lectio para 14\u00ba Domingo de T.O. (preparada por Chuno Ch\u00e1vez Alva, C.M.) - Somos Vicencianos\" \/>\n<meta property=\"og:description\" content=\"\u00bfNo es el hijo del carpintero? LA PALABRA HOY: Ezequiel 2,2-5; Salmo 122; 2 Corintios12, 7b-10; Marcos 6,1-6 Ambientaci\u00f3n: Im\u00e1genes de situaciones de pobreza extrema, de excluidos, de rostros donde nos resulta dif\u00edcil reconocer el ... Read More\" \/>\n<meta property=\"og:url\" content=\"http:\/\/vincentians.com\/es\/lectio-para-14o-domingo-de-t-o-preparada-por-chuno-chavez-alva-c-m\/\" \/>\n<meta property=\"og:site_name\" content=\"Somos Vicencianos\" \/>\n<meta property=\"article:publisher\" content=\"https:\/\/www.facebook.com\/WeAreVincentians\/\" \/>\n<meta property=\"article:author\" content=\"https:\/\/www.facebook.com\/JavierChento\" \/>\n<meta property=\"article:published_time\" content=\"2015-07-01T16:00:32+00:00\" \/>\n<meta property=\"article:modified_time\" content=\"2016-07-24T08:28:04+00:00\" \/>\n<meta property=\"og:image\" content=\"https:\/\/i0.wp.com\/vincentians.com\/es\/wp-content\/uploads\/sites\/11\/2016\/07\/reflexiones-palabra-de-dios.jpg?fit=1200%2C630\" \/>\n\t<meta property=\"og:image:width\" content=\"1200\" \/>\n\t<meta property=\"og:image:height\" content=\"630\" \/>\n\t<meta property=\"og:image:type\" content=\"image\/jpeg\" \/>\n<meta name=\"author\" content=\"Francisco Javier Fern\u00e1ndez Chento\" \/>\n<meta name=\"twitter:card\" content=\"summary_large_image\" \/>\n<meta name=\"twitter:creator\" content=\"@https:\/\/twitter.com\/javierchento\" \/>\n<meta name=\"twitter:site\" content=\"@WeVincentians\" \/>\n<meta name=\"twitter:label1\" content=\"Escrito por\" \/>\n\t<meta name=\"twitter:data1\" content=\"Francisco Javier Fern\u00e1ndez Chento\" \/>\n\t<meta name=\"twitter:label2\" content=\"Tiempo de lectura\" \/>\n\t<meta name=\"twitter:data2\" content=\"5 minutos\" \/>\n<script type=\"application\/ld+json\" class=\"yoast-schema-graph\">{\"@context\":\"https:\/\/schema.org\",\"@graph\":[{\"@type\":\"Article\",\"@id\":\"http:\/\/vincentians.com\/es\/lectio-para-14o-domingo-de-t-o-preparada-por-chuno-chavez-alva-c-m\/#article\",\"isPartOf\":{\"@id\":\"http:\/\/vincentians.com\/es\/lectio-para-14o-domingo-de-t-o-preparada-por-chuno-chavez-alva-c-m\/\"},\"author\":{\"name\":\"Francisco Javier Fern\u00e1ndez Chento\",\"@id\":\"http:\/\/vincentians.com\/es\/#\/schema\/person\/9623ef4d9aa3b2dfb8c061f1499288f2\"},\"headline\":\"Lectio para 14\u00ba Domingo de T.O. (preparada por Chuno Ch\u00e1vez Alva, C.M.)\",\"datePublished\":\"2015-07-01T16:00:32+00:00\",\"dateModified\":\"2016-07-24T08:28:04+00:00\",\"mainEntityOfPage\":{\"@id\":\"http:\/\/vincentians.com\/es\/lectio-para-14o-domingo-de-t-o-preparada-por-chuno-chavez-alva-c-m\/\"},\"wordCount\":1024,\"commentCount\":0,\"publisher\":{\"@id\":\"http:\/\/vincentians.com\/es\/#organization\"},\"image\":{\"@id\":\"http:\/\/vincentians.com\/es\/lectio-para-14o-domingo-de-t-o-preparada-por-chuno-chavez-alva-c-m\/#primaryimage\"},\"thumbnailUrl\":\"https:\/\/i0.wp.com\/vincentians.com\/es\/wp-content\/uploads\/sites\/11\/2016\/07\/reflexiones-palabra-de-dios.jpg?fit=1200%2C630\",\"keywords\":[\"Pobreza\"],\"articleSection\":[\"Homil\u00edas y reflexiones, A\u00f1o B\"],\"inLanguage\":\"es\",\"potentialAction\":[{\"@type\":\"CommentAction\",\"name\":\"Comment\",\"target\":[\"http:\/\/vincentians.com\/es\/lectio-para-14o-domingo-de-t-o-preparada-por-chuno-chavez-alva-c-m\/#respond\"]}]},{\"@type\":\"WebPage\",\"@id\":\"http:\/\/vincentians.com\/es\/lectio-para-14o-domingo-de-t-o-preparada-por-chuno-chavez-alva-c-m\/\",\"url\":\"http:\/\/vincentians.com\/es\/lectio-para-14o-domingo-de-t-o-preparada-por-chuno-chavez-alva-c-m\/\",\"name\":\"Lectio para 14\u00ba Domingo de T.O. (preparada por Chuno Ch\u00e1vez Alva, C.M.) - Somos Vicencianos\",\"isPartOf\":{\"@id\":\"http:\/\/vincentians.com\/es\/#website\"},\"primaryImageOfPage\":{\"@id\":\"http:\/\/vincentians.com\/es\/lectio-para-14o-domingo-de-t-o-preparada-por-chuno-chavez-alva-c-m\/#primaryimage\"},\"image\":{\"@id\":\"http:\/\/vincentians.com\/es\/lectio-para-14o-domingo-de-t-o-preparada-por-chuno-chavez-alva-c-m\/#primaryimage\"},\"thumbnailUrl\":\"https:\/\/i0.wp.com\/vincentians.com\/es\/wp-content\/uploads\/sites\/11\/2016\/07\/reflexiones-palabra-de-dios.jpg?fit=1200%2C630\",\"datePublished\":\"2015-07-01T16:00:32+00:00\",\"dateModified\":\"2016-07-24T08:28:04+00:00\",\"breadcrumb\":{\"@id\":\"http:\/\/vincentians.com\/es\/lectio-para-14o-domingo-de-t-o-preparada-por-chuno-chavez-alva-c-m\/#breadcrumb\"},\"inLanguage\":\"es\",\"potentialAction\":[{\"@type\":\"ReadAction\",\"target\":[\"http:\/\/vincentians.com\/es\/lectio-para-14o-domingo-de-t-o-preparada-por-chuno-chavez-alva-c-m\/\"]}]},{\"@type\":\"ImageObject\",\"inLanguage\":\"es\",\"@id\":\"http:\/\/vincentians.com\/es\/lectio-para-14o-domingo-de-t-o-preparada-por-chuno-chavez-alva-c-m\/#primaryimage\",\"url\":\"https:\/\/i0.wp.com\/vincentians.com\/es\/wp-content\/uploads\/sites\/11\/2016\/07\/reflexiones-palabra-de-dios.jpg?fit=1200%2C630\",\"contentUrl\":\"https:\/\/i0.wp.com\/vincentians.com\/es\/wp-content\/uploads\/sites\/11\/2016\/07\/reflexiones-palabra-de-dios.jpg?fit=1200%2C630\",\"width\":1200,\"height\":630},{\"@type\":\"BreadcrumbList\",\"@id\":\"http:\/\/vincentians.com\/es\/lectio-para-14o-domingo-de-t-o-preparada-por-chuno-chavez-alva-c-m\/#breadcrumb\",\"itemListElement\":[{\"@type\":\"ListItem\",\"position\":1,\"name\":\"Portada\",\"item\":\"http:\/\/vincentians.com\/es\/\"},{\"@type\":\"ListItem\",\"position\":2,\"name\":\"Lectio para 14\u00ba Domingo de T.O. (preparada por Chuno Ch\u00e1vez Alva, C.M.)\"}]},{\"@type\":\"WebSite\",\"@id\":\"http:\/\/vincentians.com\/es\/#website\",\"url\":\"http:\/\/vincentians.com\/es\/\",\"name\":\"Somos Vicencianos\",\"description\":\"Know more to serve more\",\"publisher\":{\"@id\":\"http:\/\/vincentians.com\/es\/#organization\"},\"potentialAction\":[{\"@type\":\"SearchAction\",\"target\":{\"@type\":\"EntryPoint\",\"urlTemplate\":\"http:\/\/vincentians.com\/es\/?s={search_term_string}\"},\"query-input\":{\"@type\":\"PropertyValueSpecification\",\"valueRequired\":true,\"valueName\":\"search_term_string\"}}],\"inLanguage\":\"es\"},{\"@type\":\"Organization\",\"@id\":\"http:\/\/vincentians.com\/es\/#organization\",\"name\":\"The Vincentian Network\",\"url\":\"http:\/\/vincentians.com\/es\/\",\"logo\":{\"@type\":\"ImageObject\",\"inLanguage\":\"es\",\"@id\":\"http:\/\/vincentians.com\/es\/#\/schema\/logo\/image\/\",\"url\":\"https:\/\/i1.wp.com\/vincentians.com\/es\/wp-content\/uploads\/sites\/11\/2016\/06\/Vincentian-Network-logo-big.png?fit=778%2C778\",\"contentUrl\":\"https:\/\/i1.wp.com\/vincentians.com\/es\/wp-content\/uploads\/sites\/11\/2016\/06\/Vincentian-Network-logo-big.png?fit=778%2C778\",\"width\":778,\"height\":778,\"caption\":\"The Vincentian Network\"},\"image\":{\"@id\":\"http:\/\/vincentians.com\/es\/#\/schema\/logo\/image\/\"},\"sameAs\":[\"https:\/\/www.facebook.com\/WeAreVincentians\/\",\"https:\/\/x.com\/WeVincentians\"]},{\"@type\":\"Person\",\"@id\":\"http:\/\/vincentians.com\/es\/#\/schema\/person\/9623ef4d9aa3b2dfb8c061f1499288f2\",\"name\":\"Francisco Javier Fern\u00e1ndez Chento\",\"image\":{\"@type\":\"ImageObject\",\"inLanguage\":\"es\",\"@id\":\"http:\/\/vincentians.com\/es\/#\/schema\/person\/image\/\",\"url\":\"https:\/\/secure.gravatar.com\/avatar\/497d5cde87b4c3d097d0315953521681ba2cd523ee66e5077c3711f7021e65de?s=96&d=mm&r=g\",\"contentUrl\":\"https:\/\/secure.gravatar.com\/avatar\/497d5cde87b4c3d097d0315953521681ba2cd523ee66e5077c3711f7021e65de?s=96&d=mm&r=g\",\"caption\":\"Francisco Javier Fern\u00e1ndez Chento\"},\"description\":\"Director General y cofundador de La Red de Formaci\u00f3n Vicenciana. Javier es laico vicenciano, afiliado a la Congregaci\u00f3n de la Misi\u00f3n y miembro del Equipo de Misiones Populares de la provincia can\u00f3nica de Zaragoza (Espa\u00f1a) de la Congregaci\u00f3n de la Misi\u00f3n. Graduado en la Universidad Oberta de Catalunya con cuatro grados (Asistente de direcci\u00f3n, Gesti\u00f3n Administrativa, Recursos Humanos y Contabilidad Avanzada). Bil\u00edng\u00fce Espa\u00f1ol\/Ingl\u00e9s. gestiona y mantiene varias p\u00e1ginas web cristianas y vicencianas, incluida including La Red de Formaci\u00f3n Vicenciana, de la que es cofundador. Actualmente es responsable del \u00e1rea de Espa\u00f1ol de .famvin, la Red de Noticias de la Familia Vicenciana. Tambi\u00e9n es m\u00fasico cat\u00f3lico y ha editado varios discos. Es Director General y cofundador de Trovador, una reconocida compa\u00f1\u00eda discogr\u00e1fica critiana de Espa\u00f1a. Trabaja en las Tecnolog\u00edas de la Informaci\u00f3n, ofreciendo servicios de alojamiento, dise\u00f1o y mantenimiento Web, as\u00ed como asesoramiento, formaci\u00f3n y soluciones inform\u00e1ticas, gesti\u00f3n documental y digitalizaci\u00f3n de textos, edici\u00f3n y maquetaci\u00f3n de libros, revistas, flyers, etc.\",\"sameAs\":[\"http:\/\/chento.org\",\"https:\/\/www.facebook.com\/JavierChento\",\"https:\/\/x.com\/https:\/\/twitter.com\/javierchento\"],\"url\":\"http:\/\/vincentians.com\/es\/author\/chento\/\"}]}<\/script>\n<!-- \/ Yoast SEO plugin. -->","yoast_head_json":{"title":"Lectio para 14\u00ba Domingo de T.O. (preparada por Chuno Ch\u00e1vez Alva, C.M.) - Somos Vicencianos","robots":{"index":"index","follow":"follow","max-snippet":"max-snippet:-1","max-image-preview":"max-image-preview:large","max-video-preview":"max-video-preview:-1"},"canonical":"http:\/\/vincentians.com\/es\/lectio-para-14o-domingo-de-t-o-preparada-por-chuno-chavez-alva-c-m\/","og_locale":"es_ES","og_type":"article","og_title":"Lectio para 14\u00ba Domingo de T.O. (preparada por Chuno Ch\u00e1vez Alva, C.M.) - Somos Vicencianos","og_description":"\u00bfNo es el hijo del carpintero? LA PALABRA HOY: Ezequiel 2,2-5; Salmo 122; 2 Corintios12, 7b-10; Marcos 6,1-6 Ambientaci\u00f3n: Im\u00e1genes de situaciones de pobreza extrema, de excluidos, de rostros donde nos resulta dif\u00edcil reconocer el ... Read More","og_url":"http:\/\/vincentians.com\/es\/lectio-para-14o-domingo-de-t-o-preparada-por-chuno-chavez-alva-c-m\/","og_site_name":"Somos Vicencianos","article_publisher":"https:\/\/www.facebook.com\/WeAreVincentians\/","article_author":"https:\/\/www.facebook.com\/JavierChento","article_published_time":"2015-07-01T16:00:32+00:00","article_modified_time":"2016-07-24T08:28:04+00:00","og_image":[{"width":1200,"height":630,"url":"https:\/\/i0.wp.com\/vincentians.com\/es\/wp-content\/uploads\/sites\/11\/2016\/07\/reflexiones-palabra-de-dios.jpg?fit=1200%2C630","type":"image\/jpeg"}],"author":"Francisco Javier Fern\u00e1ndez Chento","twitter_card":"summary_large_image","twitter_creator":"@https:\/\/twitter.com\/javierchento","twitter_site":"@WeVincentians","twitter_misc":{"Escrito por":"Francisco Javier Fern\u00e1ndez Chento","Tiempo de lectura":"5 minutos"},"schema":{"@context":"https:\/\/schema.org","@graph":[{"@type":"Article","@id":"http:\/\/vincentians.com\/es\/lectio-para-14o-domingo-de-t-o-preparada-por-chuno-chavez-alva-c-m\/#article","isPartOf":{"@id":"http:\/\/vincentians.com\/es\/lectio-para-14o-domingo-de-t-o-preparada-por-chuno-chavez-alva-c-m\/"},"author":{"name":"Francisco Javier Fern\u00e1ndez Chento","@id":"http:\/\/vincentians.com\/es\/#\/schema\/person\/9623ef4d9aa3b2dfb8c061f1499288f2"},"headline":"Lectio para 14\u00ba Domingo de T.O. (preparada por Chuno Ch\u00e1vez Alva, C.M.)","datePublished":"2015-07-01T16:00:32+00:00","dateModified":"2016-07-24T08:28:04+00:00","mainEntityOfPage":{"@id":"http:\/\/vincentians.com\/es\/lectio-para-14o-domingo-de-t-o-preparada-por-chuno-chavez-alva-c-m\/"},"wordCount":1024,"commentCount":0,"publisher":{"@id":"http:\/\/vincentians.com\/es\/#organization"},"image":{"@id":"http:\/\/vincentians.com\/es\/lectio-para-14o-domingo-de-t-o-preparada-por-chuno-chavez-alva-c-m\/#primaryimage"},"thumbnailUrl":"https:\/\/i0.wp.com\/vincentians.com\/es\/wp-content\/uploads\/sites\/11\/2016\/07\/reflexiones-palabra-de-dios.jpg?fit=1200%2C630","keywords":["Pobreza"],"articleSection":["Homil\u00edas y reflexiones, A\u00f1o B"],"inLanguage":"es","potentialAction":[{"@type":"CommentAction","name":"Comment","target":["http:\/\/vincentians.com\/es\/lectio-para-14o-domingo-de-t-o-preparada-por-chuno-chavez-alva-c-m\/#respond"]}]},{"@type":"WebPage","@id":"http:\/\/vincentians.com\/es\/lectio-para-14o-domingo-de-t-o-preparada-por-chuno-chavez-alva-c-m\/","url":"http:\/\/vincentians.com\/es\/lectio-para-14o-domingo-de-t-o-preparada-por-chuno-chavez-alva-c-m\/","name":"Lectio para 14\u00ba Domingo de T.O. (preparada por Chuno Ch\u00e1vez Alva, C.M.) - Somos Vicencianos","isPartOf":{"@id":"http:\/\/vincentians.com\/es\/#website"},"primaryImageOfPage":{"@id":"http:\/\/vincentians.com\/es\/lectio-para-14o-domingo-de-t-o-preparada-por-chuno-chavez-alva-c-m\/#primaryimage"},"image":{"@id":"http:\/\/vincentians.com\/es\/lectio-para-14o-domingo-de-t-o-preparada-por-chuno-chavez-alva-c-m\/#primaryimage"},"thumbnailUrl":"https:\/\/i0.wp.com\/vincentians.com\/es\/wp-content\/uploads\/sites\/11\/2016\/07\/reflexiones-palabra-de-dios.jpg?fit=1200%2C630","datePublished":"2015-07-01T16:00:32+00:00","dateModified":"2016-07-24T08:28:04+00:00","breadcrumb":{"@id":"http:\/\/vincentians.com\/es\/lectio-para-14o-domingo-de-t-o-preparada-por-chuno-chavez-alva-c-m\/#breadcrumb"},"inLanguage":"es","potentialAction":[{"@type":"ReadAction","target":["http:\/\/vincentians.com\/es\/lectio-para-14o-domingo-de-t-o-preparada-por-chuno-chavez-alva-c-m\/"]}]},{"@type":"ImageObject","inLanguage":"es","@id":"http:\/\/vincentians.com\/es\/lectio-para-14o-domingo-de-t-o-preparada-por-chuno-chavez-alva-c-m\/#primaryimage","url":"https:\/\/i0.wp.com\/vincentians.com\/es\/wp-content\/uploads\/sites\/11\/2016\/07\/reflexiones-palabra-de-dios.jpg?fit=1200%2C630","contentUrl":"https:\/\/i0.wp.com\/vincentians.com\/es\/wp-content\/uploads\/sites\/11\/2016\/07\/reflexiones-palabra-de-dios.jpg?fit=1200%2C630","width":1200,"height":630},{"@type":"BreadcrumbList","@id":"http:\/\/vincentians.com\/es\/lectio-para-14o-domingo-de-t-o-preparada-por-chuno-chavez-alva-c-m\/#breadcrumb","itemListElement":[{"@type":"ListItem","position":1,"name":"Portada","item":"http:\/\/vincentians.com\/es\/"},{"@type":"ListItem","position":2,"name":"Lectio para 14\u00ba Domingo de T.O. (preparada por Chuno Ch\u00e1vez Alva, C.M.)"}]},{"@type":"WebSite","@id":"http:\/\/vincentians.com\/es\/#website","url":"http:\/\/vincentians.com\/es\/","name":"Somos Vicencianos","description":"Know more to serve more","publisher":{"@id":"http:\/\/vincentians.com\/es\/#organization"},"potentialAction":[{"@type":"SearchAction","target":{"@type":"EntryPoint","urlTemplate":"http:\/\/vincentians.com\/es\/?s={search_term_string}"},"query-input":{"@type":"PropertyValueSpecification","valueRequired":true,"valueName":"search_term_string"}}],"inLanguage":"es"},{"@type":"Organization","@id":"http:\/\/vincentians.com\/es\/#organization","name":"The Vincentian Network","url":"http:\/\/vincentians.com\/es\/","logo":{"@type":"ImageObject","inLanguage":"es","@id":"http:\/\/vincentians.com\/es\/#\/schema\/logo\/image\/","url":"https:\/\/i1.wp.com\/vincentians.com\/es\/wp-content\/uploads\/sites\/11\/2016\/06\/Vincentian-Network-logo-big.png?fit=778%2C778","contentUrl":"https:\/\/i1.wp.com\/vincentians.com\/es\/wp-content\/uploads\/sites\/11\/2016\/06\/Vincentian-Network-logo-big.png?fit=778%2C778","width":778,"height":778,"caption":"The Vincentian Network"},"image":{"@id":"http:\/\/vincentians.com\/es\/#\/schema\/logo\/image\/"},"sameAs":["https:\/\/www.facebook.com\/WeAreVincentians\/","https:\/\/x.com\/WeVincentians"]},{"@type":"Person","@id":"http:\/\/vincentians.com\/es\/#\/schema\/person\/9623ef4d9aa3b2dfb8c061f1499288f2","name":"Francisco Javier Fern\u00e1ndez Chento","image":{"@type":"ImageObject","inLanguage":"es","@id":"http:\/\/vincentians.com\/es\/#\/schema\/person\/image\/","url":"https:\/\/secure.gravatar.com\/avatar\/497d5cde87b4c3d097d0315953521681ba2cd523ee66e5077c3711f7021e65de?s=96&d=mm&r=g","contentUrl":"https:\/\/secure.gravatar.com\/avatar\/497d5cde87b4c3d097d0315953521681ba2cd523ee66e5077c3711f7021e65de?s=96&d=mm&r=g","caption":"Francisco Javier Fern\u00e1ndez Chento"},"description":"Director General y cofundador de La Red de Formaci\u00f3n Vicenciana. Javier es laico vicenciano, afiliado a la Congregaci\u00f3n de la Misi\u00f3n y miembro del Equipo de Misiones Populares de la provincia can\u00f3nica de Zaragoza (Espa\u00f1a) de la Congregaci\u00f3n de la Misi\u00f3n. Graduado en la Universidad Oberta de Catalunya con cuatro grados (Asistente de direcci\u00f3n, Gesti\u00f3n Administrativa, Recursos Humanos y Contabilidad Avanzada). Bil\u00edng\u00fce Espa\u00f1ol\/Ingl\u00e9s. gestiona y mantiene varias p\u00e1ginas web cristianas y vicencianas, incluida including La Red de Formaci\u00f3n Vicenciana, de la que es cofundador. Actualmente es responsable del \u00e1rea de Espa\u00f1ol de .famvin, la Red de Noticias de la Familia Vicenciana. Tambi\u00e9n es m\u00fasico cat\u00f3lico y ha editado varios discos. Es Director General y cofundador de Trovador, una reconocida compa\u00f1\u00eda discogr\u00e1fica critiana de Espa\u00f1a. Trabaja en las Tecnolog\u00edas de la Informaci\u00f3n, ofreciendo servicios de alojamiento, dise\u00f1o y mantenimiento Web, as\u00ed como asesoramiento, formaci\u00f3n y soluciones inform\u00e1ticas, gesti\u00f3n documental y digitalizaci\u00f3n de textos, edici\u00f3n y maquetaci\u00f3n de libros, revistas, flyers, etc.","sameAs":["http:\/\/chento.org","https:\/\/www.facebook.com\/JavierChento","https:\/\/x.com\/https:\/\/twitter.com\/javierchento"],"url":"http:\/\/vincentians.com\/es\/author\/chento\/"}]}},"jetpack_publicize_connections":[],"jetpack_featured_media_url":"https:\/\/i0.wp.com\/vincentians.com\/es\/wp-content\/uploads\/sites\/11\/2016\/07\/reflexiones-palabra-de-dios.jpg?fit=1200%2C630","jetpack_sharing_enabled":true,"jetpack_shortlink":"https:\/\/wp.me\/p7ETMF-P7v","jetpack-related-posts":[{"id":202007,"url":"http:\/\/vincentians.com\/es\/lectio-para-15o-domingo-de-t-o-preparada-por-chuno-chavez-alva-c-m\/","url_meta":{"origin":196509,"position":0},"title":"Lectio para 15\u00ba Domingo de T.O. (preparada por Chuno Ch\u00e1vez Alva, C.M.)","author":"Francisco Javier Fern\u00e1ndez Chento","date":"06\/07\/2015","format":false,"excerpt":"Comenz\u00f3 a enviarlos de dos en dos LA PALABRA HOY: Am\u00f3s 7,12-15; Salmo 84; Efesios 1,3-14; Marcos 6,7-13 Ambientaci\u00f3n: Al centro: un bast\u00f3n, un par de sandalias, la Biblia, un cirio, huellas de cartulina con el siguiente texto: \u201cNosotros no podemos callar lo que hemos visto y o\u00eddo\u201d Hch 4,\u2026","rel":"","context":"En \u00abHomil\u00edas y reflexiones, A\u00f1o B\u00bb","block_context":{"text":"Homil\u00edas y reflexiones, A\u00f1o B","link":"http:\/\/vincentians.com\/es\/category\/homilias-y-reflexiones-a-la-palabra-de-dios\/homilias-y-reflexiones-ano-b\/"},"img":{"alt_text":"","src":"https:\/\/i0.wp.com\/vincentians.com\/es\/wp-content\/uploads\/sites\/11\/2016\/07\/reflexiones-palabra-de-dios.jpg?fit=1200%2C630&resize=350%2C200","width":350,"height":200,"srcset":"https:\/\/i0.wp.com\/vincentians.com\/es\/wp-content\/uploads\/sites\/11\/2016\/07\/reflexiones-palabra-de-dios.jpg?fit=1200%2C630&resize=350%2C200 1x, https:\/\/i0.wp.com\/vincentians.com\/es\/wp-content\/uploads\/sites\/11\/2016\/07\/reflexiones-palabra-de-dios.jpg?fit=1200%2C630&resize=525%2C300 1.5x, https:\/\/i0.wp.com\/vincentians.com\/es\/wp-content\/uploads\/sites\/11\/2016\/07\/reflexiones-palabra-de-dios.jpg?fit=1200%2C630&resize=700%2C400 2x, https:\/\/i0.wp.com\/vincentians.com\/es\/wp-content\/uploads\/sites\/11\/2016\/07\/reflexiones-palabra-de-dios.jpg?fit=1200%2C630&resize=1050%2C600 3x"},"classes":[]},{"id":7319,"url":"http:\/\/vincentians.com\/es\/lectio-para-domingo-2o-de-adviento-preparada-por-chuno-chavez-alva-c-m-2\/","url_meta":{"origin":196509,"position":1},"title":"Lectio para Domingo 2\u00ba de Adviento (preparada por Chuno Ch\u00e1vez Alva, C.M.)","author":"Francisco Javier Fern\u00e1ndez Chento","date":"05\/12\/2014","format":false,"excerpt":"Preparen el camino al Se\u00f1or LA PALABRA HOY: Isa\u00edas 40,1-5.9-11; Salmo 84; 2 Pedro 3,8-14; Marcos 1,1-8 Ambientaci\u00f3n: Corona de adviento, 2\u00aa vela encendida; una biblia abierta y un micr\u00f3fono o meg\u00e1fono. Cantos sugeridos: Ven, ven Se\u00f1or no tardes; Preparad el camino Ambientaci\u00f3n El adviento en s\u00ed mismo es un\u2026","rel":"","context":"En \u00abHomil\u00edas y reflexiones, A\u00f1o B\u00bb","block_context":{"text":"Homil\u00edas y reflexiones, A\u00f1o B","link":"http:\/\/vincentians.com\/es\/category\/homilias-y-reflexiones-a-la-palabra-de-dios\/homilias-y-reflexiones-ano-b\/"},"img":{"alt_text":"","src":"https:\/\/i0.wp.com\/vincentians.com\/es\/wp-content\/uploads\/sites\/11\/2016\/07\/reflexiones-palabra-de-dios.jpg?fit=1200%2C630&resize=350%2C200","width":350,"height":200,"srcset":"https:\/\/i0.wp.com\/vincentians.com\/es\/wp-content\/uploads\/sites\/11\/2016\/07\/reflexiones-palabra-de-dios.jpg?fit=1200%2C630&resize=350%2C200 1x, https:\/\/i0.wp.com\/vincentians.com\/es\/wp-content\/uploads\/sites\/11\/2016\/07\/reflexiones-palabra-de-dios.jpg?fit=1200%2C630&resize=525%2C300 1.5x, https:\/\/i0.wp.com\/vincentians.com\/es\/wp-content\/uploads\/sites\/11\/2016\/07\/reflexiones-palabra-de-dios.jpg?fit=1200%2C630&resize=700%2C400 2x, https:\/\/i0.wp.com\/vincentians.com\/es\/wp-content\/uploads\/sites\/11\/2016\/07\/reflexiones-palabra-de-dios.jpg?fit=1200%2C630&resize=1050%2C600 3x"},"classes":[]},{"id":4518,"url":"http:\/\/vincentians.com\/es\/lectio-para-domingo-3o-de-adviento-preparada-por-chuno-chavez-alva-c-m\/","url_meta":{"origin":196509,"position":2},"title":"Lectio para Domingo 3\u00ba de Adviento (preparada por Chuno Ch\u00e1vez Alva, C.M.)","author":"Francisco Javier Fern\u00e1ndez Chento","date":"10\/12\/2013","format":false,"excerpt":"LA PALABRA HOY: Isa\u00edas 35, 1-6.10; Salmo 145; Santiago 5, 7-10; Mateo 11, 2-11 Ambientaci\u00f3n para todo el adviento: Camino de papel con cuatro velas a lo largo de \u00e9l. Al iniciar la celebraci\u00f3n se pone un cartel con la frase: \u201c\u00a1Te esperamos!\u201d y se enciende la tercera vela. Cantos\u2026","rel":"","context":"En \u00abHomil\u00edas y reflexiones, A\u00f1o A\u00bb","block_context":{"text":"Homil\u00edas y reflexiones, A\u00f1o A","link":"http:\/\/vincentians.com\/es\/category\/homilias-y-reflexiones-a-la-palabra-de-dios\/homilias-y-reflexiones-ano-a\/"},"img":{"alt_text":"","src":"https:\/\/i0.wp.com\/vincentians.com\/es\/wp-content\/uploads\/sites\/11\/2016\/07\/reflexiones-palabra-de-dios.jpg?fit=1200%2C630&resize=350%2C200","width":350,"height":200,"srcset":"https:\/\/i0.wp.com\/vincentians.com\/es\/wp-content\/uploads\/sites\/11\/2016\/07\/reflexiones-palabra-de-dios.jpg?fit=1200%2C630&resize=350%2C200 1x, https:\/\/i0.wp.com\/vincentians.com\/es\/wp-content\/uploads\/sites\/11\/2016\/07\/reflexiones-palabra-de-dios.jpg?fit=1200%2C630&resize=525%2C300 1.5x, https:\/\/i0.wp.com\/vincentians.com\/es\/wp-content\/uploads\/sites\/11\/2016\/07\/reflexiones-palabra-de-dios.jpg?fit=1200%2C630&resize=700%2C400 2x, https:\/\/i0.wp.com\/vincentians.com\/es\/wp-content\/uploads\/sites\/11\/2016\/07\/reflexiones-palabra-de-dios.jpg?fit=1200%2C630&resize=1050%2C600 3x"},"classes":[]},{"id":400445,"url":"http:\/\/vincentians.com\/es\/juicio-los-pobres-i\/","url_meta":{"origin":196509,"position":3},"title":"El juicio de los pobres (I)","author":"Mitxel Olabu\u00e9naga","date":"20\/02\/2017","format":false,"excerpt":"Cuestiones planteadas A la mirada de los cristianos, esclarecida por la luz prof\u00e9tica y evang\u00e9lica, por la persona de Cristo, la exigencia de pobreza se refleja primordial para acceder al centro de la fe y los pobres se revelan los testigos privilegiados del porvenir del hombre en la historia, tal\u2026","rel":"","context":"En \u00abEspiritualidad vicenciana\u00bb","block_context":{"text":"Espiritualidad vicenciana","link":"http:\/\/vincentians.com\/es\/category\/espiritualidad\/espiritualidad-vicenciana\/"},"img":{"alt_text":"","src":"https:\/\/i0.wp.com\/vincentians.com\/es\/wp-content\/uploads\/sites\/11\/2016\/09\/anyos-vida-vicente.jpg?fit=1200%2C630&resize=350%2C200","width":350,"height":200,"srcset":"https:\/\/i0.wp.com\/vincentians.com\/es\/wp-content\/uploads\/sites\/11\/2016\/09\/anyos-vida-vicente.jpg?fit=1200%2C630&resize=350%2C200 1x, https:\/\/i0.wp.com\/vincentians.com\/es\/wp-content\/uploads\/sites\/11\/2016\/09\/anyos-vida-vicente.jpg?fit=1200%2C630&resize=525%2C300 1.5x, https:\/\/i0.wp.com\/vincentians.com\/es\/wp-content\/uploads\/sites\/11\/2016\/09\/anyos-vida-vicente.jpg?fit=1200%2C630&resize=700%2C400 2x, https:\/\/i0.wp.com\/vincentians.com\/es\/wp-content\/uploads\/sites\/11\/2016\/09\/anyos-vida-vicente.jpg?fit=1200%2C630&resize=1050%2C600 3x"},"classes":[]},{"id":4453,"url":"http:\/\/vincentians.com\/es\/lectio-para-domingo-2o-de-adviento-preparada-por-chuno-chavez-alva-c-m\/","url_meta":{"origin":196509,"position":4},"title":"Lectio para Domingo 2\u00ba de Adviento (preparada por Chuno Ch\u00e1vez Alva, C.M.)","author":"Francisco Javier Fern\u00e1ndez Chento","date":"02\/12\/2013","format":false,"excerpt":"LA PALABRA HOY: Isa\u00edas 11, 1-10; Salmo 71; Romanos 15, 4-9; Mateo 3, 1-12 Ambientaci\u00f3n para todo el adviento: Camino de papel con cuatro velas a lo largo de \u00e9l. Al iniciar la celebraci\u00f3n se pone un cartel con la frase: \u201c\u00a1Convi\u00e9rtanse!\u201d y se enciende la segunda vela. Cantos sugeridos:\u2026","rel":"","context":"En \u00abHomil\u00edas y reflexiones, A\u00f1o A\u00bb","block_context":{"text":"Homil\u00edas y reflexiones, A\u00f1o A","link":"http:\/\/vincentians.com\/es\/category\/homilias-y-reflexiones-a-la-palabra-de-dios\/homilias-y-reflexiones-ano-a\/"},"img":{"alt_text":"","src":"https:\/\/i0.wp.com\/vincentians.com\/es\/wp-content\/uploads\/sites\/11\/2016\/07\/reflexiones-palabra-de-dios.jpg?fit=1200%2C630&resize=350%2C200","width":350,"height":200,"srcset":"https:\/\/i0.wp.com\/vincentians.com\/es\/wp-content\/uploads\/sites\/11\/2016\/07\/reflexiones-palabra-de-dios.jpg?fit=1200%2C630&resize=350%2C200 1x, https:\/\/i0.wp.com\/vincentians.com\/es\/wp-content\/uploads\/sites\/11\/2016\/07\/reflexiones-palabra-de-dios.jpg?fit=1200%2C630&resize=525%2C300 1.5x, https:\/\/i0.wp.com\/vincentians.com\/es\/wp-content\/uploads\/sites\/11\/2016\/07\/reflexiones-palabra-de-dios.jpg?fit=1200%2C630&resize=700%2C400 2x, https:\/\/i0.wp.com\/vincentians.com\/es\/wp-content\/uploads\/sites\/11\/2016\/07\/reflexiones-palabra-de-dios.jpg?fit=1200%2C630&resize=1050%2C600 3x"},"classes":[]},{"id":65440,"url":"http:\/\/vincentians.com\/es\/la-fe-vocacion-y-mision\/","url_meta":{"origin":196509,"position":5},"title":"La Fe, vocaci\u00f3n y misi\u00f3n","author":"Francisco Javier Fern\u00e1ndez Chento","date":"14\/06\/2017","format":false,"excerpt":"Objetivos catequ\u00e9ticos Mostrar que la Fe es algo vivo, fuerza pura en acto permanente, que act\u00faa desde la interioridad de la persona y s\u00f3lo alcanza su plenitud en la disponibilidad incondicional al servicio del hermano. Profundizar en el sentido de nuestra Vocaci\u00f3n y de nuestra misi\u00f3n. Ambientaci\u00f3n y metodolog\u00eda Quiz\u00e1\u2026","rel":"","context":"En \u00abFormaci\u00f3n Cristiana\u00bb","block_context":{"text":"Formaci\u00f3n Cristiana","link":"http:\/\/vincentians.com\/es\/category\/formacion-cristiana\/"},"img":{"alt_text":"","src":"https:\/\/i0.wp.com\/vincentians.com\/es\/wp-content\/uploads\/sites\/11\/2016\/08\/jesus-ora.jpg?fit=1200%2C630&resize=350%2C200","width":350,"height":200,"srcset":"https:\/\/i0.wp.com\/vincentians.com\/es\/wp-content\/uploads\/sites\/11\/2016\/08\/jesus-ora.jpg?fit=1200%2C630&resize=350%2C200 1x, https:\/\/i0.wp.com\/vincentians.com\/es\/wp-content\/uploads\/sites\/11\/2016\/08\/jesus-ora.jpg?fit=1200%2C630&resize=525%2C300 1.5x, https:\/\/i0.wp.com\/vincentians.com\/es\/wp-content\/uploads\/sites\/11\/2016\/08\/jesus-ora.jpg?fit=1200%2C630&resize=700%2C400 2x, https:\/\/i0.wp.com\/vincentians.com\/es\/wp-content\/uploads\/sites\/11\/2016\/08\/jesus-ora.jpg?fit=1200%2C630&resize=1050%2C600 3x"},"classes":[]}],"_links":{"self":[{"href":"http:\/\/vincentians.com\/es\/wp-json\/wp\/v2\/posts\/196509","targetHints":{"allow":["GET"]}}],"collection":[{"href":"http:\/\/vincentians.com\/es\/wp-json\/wp\/v2\/posts"}],"about":[{"href":"http:\/\/vincentians.com\/es\/wp-json\/wp\/v2\/types\/post"}],"author":[{"embeddable":true,"href":"http:\/\/vincentians.com\/es\/wp-json\/wp\/v2\/users\/4"}],"replies":[{"embeddable":true,"href":"http:\/\/vincentians.com\/es\/wp-json\/wp\/v2\/comments?post=196509"}],"version-history":[{"count":0,"href":"http:\/\/vincentians.com\/es\/wp-json\/wp\/v2\/posts\/196509\/revisions"}],"wp:featuredmedia":[{"embeddable":true,"href":"http:\/\/vincentians.com\/es\/wp-json\/wp\/v2\/media\/388408"}],"wp:attachment":[{"href":"http:\/\/vincentians.com\/es\/wp-json\/wp\/v2\/media?parent=196509"}],"wp:term":[{"taxonomy":"category","embeddable":true,"href":"http:\/\/vincentians.com\/es\/wp-json\/wp\/v2\/categories?post=196509"},{"taxonomy":"post_tag","embeddable":true,"href":"http:\/\/vincentians.com\/es\/wp-json\/wp\/v2\/tags?post=196509"}],"curies":[{"name":"wp","href":"https:\/\/api.w.org\/{rel}","templated":true}]}}