{"id":1961,"date":"2012-09-16T00:20:50","date_gmt":"2012-09-15T22:20:50","guid":{"rendered":"http:\/\/somos.vicencianos.org\/comentarios\/2012\/08\/25\/21o-domingo-de-tiempo-ordinario-reflexion-de-mario-yepez-c-m-2\/"},"modified":"2016-07-24T10:29:41","modified_gmt":"2016-07-24T08:29:41","slug":"24o-domingo-de-tiempo-ordinario-reflexion-de-mario-yepez-c-m","status":"publish","type":"post","link":"http:\/\/vincentians.com\/es\/24o-domingo-de-tiempo-ordinario-reflexion-de-mario-yepez-c-m\/","title":{"rendered":"24\u00ba Domingo de Tiempo Ordinario (reflexi\u00f3n de Mario Y\u00e9pez, C.M.)"},"content":{"rendered":"<h2>Preguntas que exigen una respuesta de Fe<\/h2>\n<p><img data-recalc-dims=\"1\" loading=\"lazy\" decoding=\"async\" class=\"alignright size-full wp-image-95\" title=\"padre-mario\" src=\"https:\/\/i0.wp.com\/vicencianos.org\/comentarios\/files\/2010\/12\/padre-mario.jpg?resize=224%2C239\" alt=\"\" width=\"224\" height=\"239\" \/>El fragmento que escucharemos del libro de Isa\u00edas, es muy conocido por la reflexi\u00f3n b\u00edblica y teol\u00f3gica. Es uno de los c\u00e1nticos del Siervo de Yavh\u00e9 insertado a continuaci\u00f3n de una profec\u00eda de castigo a Israel por sus rebeld\u00edas (Is 50,1-5) quiz\u00e1 pretendiendo demostrar cu\u00e1l deber\u00eda ser la actitud de los verdaderos creyentes en el Se\u00f1or.<\/p>\n<p>Este personaje misterioso, diversamente interpretado, asume en este c\u00e1ntico una actitud completamente parad\u00f3jica. Aquel llamado a ser el testimonio vivo de la palabra del Se\u00f1or encarna en su propia vida una realidad de sufrimiento que conmueve hasta las entra\u00f1as. Hay tres momentos que se repiten como estribillo hablando de la acci\u00f3n del Se\u00f1or: \u00abme abri\u00f3 el o\u00eddo\u00bb (Is 50,5) y en dos oportunidades: \u00abme ha ayudado\u00bb (Is 50,7.9). Hay una clara implicancia de la acci\u00f3n de Dios en favor de su siervo. Pero lo que realmente llama la atenci\u00f3n es que en esa consciente seguridad de la presencia cercana de su Se\u00f1or (Is 50,8), el siervo manifiesta su fidelidad en medio del escarnio y de las humillaciones, de aquellos que buscaban hacerle sentir verg\u00fcenza pero que al final parece no lo consiguen (Is 50,6-7). La fortaleza asumida en los momentos de dificultad cambia radicalmente en el desaf\u00edo del Siervo ante sus contrincantes. Es tiempo de un juicio y en \u00e9l ya hay quien sale a hacerle justicia frente a sus rivales, pero hay una clara advertencia para ellos; ya que no podr\u00e1n rebatir en absoluto (Is 50,8). Hay un abierto desaf\u00edo del Siervo hacia sus rivales, desde la confianza de saber que con el Se\u00f1or de su parte no hay refutaci\u00f3n alguna y no habr\u00e1 condenaci\u00f3n para \u00e9l (Is 50,9). Su sufrimiento por tanto no ha sido en vano.<\/p>\n<p>Continuamos con la reflexi\u00f3n sapiencial de la carta de Santiago. Uno de los estribillos m\u00e1s populares de la Sagrada Escritura es sin duda este que leemos hoy: \u00abmu\u00e9strame tu fe sin las obras y yo a ti te mostrar\u00e9 desde mis obras la fe\u00bb. Pues bien, el autor de esta carta est\u00e1 convencido de que un cristiano no puede basar su fe solamente en un acto de creer, quiz\u00e1 cercado en el marco de la convicci\u00f3n de boca o de ciertas actitudes externas de piedad. Es dif\u00edcil sopesar bien esto ya que insiste mucho en su carta en una dimensi\u00f3n de praxis cristiana muy insistente y comprometedora para quien se siente animado a vivir su fe en Cristo. Esta exhortaci\u00f3n introduce algo muy importante en la comprensi\u00f3n de la fe: es un movimiento de ida y vuelta. Cuando se refiere a que la fe no puede salvar (St 2,4), est\u00e1 refiri\u00e9ndose sin duda a la respuesta que tiene que dar todo creyente de que realmente cree. Y esa respuesta est\u00e1 en las obras. Si nos fijamos, hay una motivaci\u00f3n frente a esta explicaci\u00f3n: \u00ab\u00bfCu\u00e1l el beneficio?\u00bb o \u00ab\u00bfDe qu\u00e9 sirve?\u00bb (St 2,14.16). Hay una preocupaci\u00f3n en el autor de la carta y la actitud de que muchos cristianos puedan vaciar el verdadero sentido de la fe si separan la fe de las obras. El ejemplo que pone clarifica mejor su posici\u00f3n: la necesidad llamando a la puerta y la respuesta es un deseo de palabra que traduce claramente la indiferencia, cerrando as\u00ed la puerta \u00abbuenamente\u00bb a quien nos pide una ayuda.<\/p>\n<p>El evangelio de Marcos nos sigue presentando este itinerario del seguimiento de Jes\u00fas entre la admiraci\u00f3n de la gente, la cercan\u00eda aunque todav\u00eda perturbada de parte de sus disc\u00edpulos y la abierta oposici\u00f3n de los fariseos, escribas y herodianos. Para el evangelista este es el momento en que se hace necesario que sus disc\u00edpulos disciernan lo que est\u00e1n viendo y oyendo y por medio de ello reconozcan ante qui\u00e9n est\u00e1n. La opini\u00f3n de la gente es la primera medida y se oyen voces diversas (Mc 8,27). Jes\u00fas quiere ahora la opini\u00f3n de sus propios seguidores (Mc 8,28). Aqu\u00ed entra a tallar la figura de Pedro quien no solo har\u00e1 una confesi\u00f3n de fe sino que tambi\u00e9n entrar\u00e1 en conflicto con su propia afirmaci\u00f3n (Mc 8,29). Una vez m\u00e1s, Marcos insiste en el silencio de su persona (Mc 8,30), pero se adentra en la confianza con sus seguidores hablando con total libertad y sin esconder nada (parresia) y les revela la<\/p>\n<p>fase final de su camino: su padecer, la cruz y su resurrecci\u00f3n (Mc 8,31). Es evidente que la cruz se convierte en el gran problema de discernimiento para sus seguidores, y ser\u00e1, nuevamente, Pedro quien encarne el conflicto que se ha suscitado por las palabras de Jes\u00fas. Es el momento de las reprensiones (Mc 8,32-33): primero la de Pedro a Jes\u00fas (epitiman) y luego la de Jes\u00fas a Pedro (epetimesen). Entra a tallar la verdadera esencia del \u00abir detr\u00e1s de \u00e9l\u00bb (opiso mou). La perspectiva de los hombres puede convertirse en un obst\u00e1culo para comprender los designios de Dios, el que quiera anteponer su vida a Cristo y al evangelio, no podr\u00e1 caminar detr\u00e1s de Jes\u00fas. Jes\u00fas ha convoca a todos, ya no solo a sus seguidores (Mc 8,34), y es que si queremos ir detr\u00e1s de \u00e9l, hay una cruz que nos espera para ser llevada. Quiz\u00e1 el problema de fondo es que este camino de cruz ha terminado por opacar totalmente el misterio de su resurrecci\u00f3n y entonces resulta cada vez m\u00e1s dif\u00edcil comprender ayer y hoy este camino para salvar la vida. Aunque, la insistencia de Marcos quiz\u00e1 justamente est\u00e9 en que a\u00fan cargando la cruz, a\u00fan no entendiendo esto, debemos guardar la confianza de que al final hay una \u00faltima palabra, la de Dios.<\/p>\n<p>Este silencio de Dios, escondido en la dimensi\u00f3n del sufrimiento y del dolor ser\u00e1 siempre el gran cuestionante del ser humano. Aunque la confianza de saber esperar ese momento en que Dios hable la \u00faltima palabra que ser\u00e1 de salvaci\u00f3n y de reivindicaci\u00f3n, es duro pasar por la cruz. La figura simb\u00f3lica del Siervo de Yahv\u00e9 no solo ha quedado guardada en el coraz\u00f3n del pueblo de Israel para saber soportar las afrentas esperando al que le har\u00e1 justicia, sino que ha trascendido a la dimensi\u00f3n de la fe de quien necesita apoyarse en una promesa de salvaci\u00f3n en medio de las adversidades de la vida. Cuando pienso en la reprensi\u00f3n de Pedro, siento que en ella est\u00e1 latente la incomprensi\u00f3n de un coraz\u00f3n que va buscando la clave de la vida y que necesita una orientaci\u00f3n adecuada. Y cuando veo la reprensi\u00f3n de Jes\u00fas siento que necesitamos darnos cuenta de que necesitamos los ojos de la fe para entrar en el discernimiento desde la perspectiva de Dios que no solamente est\u00e1 en confiar en \u00e9l cuando estamos bien sino que podamos descubrir el misterio del sentido profundo de creer hasta en los momentos m\u00e1s dif\u00edciles de nuestra vida. Ahora comprendo cu\u00e1nto de cierto tiene la exhortaci\u00f3n de la carta de Santiago. Las obras no solo muestran la fe, la hacen m\u00e1s s\u00f3lida y como dice el mismo autor la hace viva, no muerta. Caminemos en la presencia del Se\u00f1or, intent\u00e9moslo hacerlo cada d\u00eda y a\u00fan en medio de las severas contrariedades de la vida un\u00e1monos a la confianza del salmista: \u00abEl Se\u00f1or guarda a los sencillos, estando yo sin fuerzas me salv\u00f3\u00bb<\/p>\n","protected":false},"excerpt":{"rendered":"<p>Preguntas que exigen una respuesta de Fe El fragmento que escucharemos del libro de Isa\u00edas, es muy conocido por la reflexi\u00f3n b\u00edblica y teol\u00f3gica. Es uno de los c\u00e1nticos del Siervo de Yavh\u00e9 insertado a &#8230; <a href=\"http:\/\/vincentians.com\/es\/24o-domingo-de-tiempo-ordinario-reflexion-de-mario-yepez-c-m\/\" class=\"more-link\">Read More<\/a><\/p>\n","protected":false},"author":4,"featured_media":388408,"comment_status":"open","ping_status":"open","sticky":false,"template":"","format":"standard","meta":{"jetpack_post_was_ever_published":false,"_jetpack_newsletter_access":"","_jetpack_dont_email_post_to_subs":false,"_jetpack_newsletter_tier_id":0,"_jetpack_memberships_contains_paywalled_content":false,"_jetpack_memberships_contains_paid_content":false,"footnotes":"","jetpack_publicize_message":"","jetpack_publicize_feature_enabled":true,"jetpack_social_post_already_shared":true,"jetpack_social_options":{"image_generator_settings":{"template":"highway","default_image_id":0,"font":"","enabled":false},"version":2}},"categories":[93],"tags":[],"class_list":["post-1961","post","type-post","status-publish","format-standard","has-post-thumbnail","hentry","category-homilias-y-reflexiones-ano-b"],"yoast_head":"<!-- This site is optimized with the Yoast SEO plugin v26.3 - https:\/\/yoast.com\/wordpress\/plugins\/seo\/ -->\n<title>24\u00ba Domingo de Tiempo Ordinario (reflexi\u00f3n de Mario Y\u00e9pez, C.M.) - Somos Vicencianos<\/title>\n<meta name=\"robots\" content=\"index, follow, max-snippet:-1, max-image-preview:large, max-video-preview:-1\" \/>\n<link rel=\"canonical\" href=\"http:\/\/vincentians.com\/es\/24o-domingo-de-tiempo-ordinario-reflexion-de-mario-yepez-c-m\/\" \/>\n<meta property=\"og:locale\" content=\"es_ES\" \/>\n<meta property=\"og:type\" content=\"article\" \/>\n<meta property=\"og:title\" content=\"24\u00ba Domingo de Tiempo Ordinario (reflexi\u00f3n de Mario Y\u00e9pez, C.M.) - Somos Vicencianos\" \/>\n<meta property=\"og:description\" content=\"Preguntas que exigen una respuesta de Fe El fragmento que escucharemos del libro de Isa\u00edas, es muy conocido por la reflexi\u00f3n b\u00edblica y teol\u00f3gica. Es uno de los c\u00e1nticos del Siervo de Yavh\u00e9 insertado a ... Read More\" \/>\n<meta property=\"og:url\" content=\"http:\/\/vincentians.com\/es\/24o-domingo-de-tiempo-ordinario-reflexion-de-mario-yepez-c-m\/\" \/>\n<meta property=\"og:site_name\" content=\"Somos Vicencianos\" \/>\n<meta property=\"article:publisher\" content=\"https:\/\/www.facebook.com\/WeAreVincentians\/\" \/>\n<meta property=\"article:author\" content=\"https:\/\/www.facebook.com\/JavierChento\" \/>\n<meta property=\"article:published_time\" content=\"2012-09-15T22:20:50+00:00\" \/>\n<meta property=\"article:modified_time\" content=\"2016-07-24T08:29:41+00:00\" \/>\n<meta property=\"og:image\" content=\"https:\/\/i0.wp.com\/vincentians.com\/es\/wp-content\/uploads\/sites\/11\/2016\/07\/reflexiones-palabra-de-dios.jpg?fit=1200%2C630\" \/>\n\t<meta property=\"og:image:width\" content=\"1200\" \/>\n\t<meta property=\"og:image:height\" content=\"630\" \/>\n\t<meta property=\"og:image:type\" content=\"image\/jpeg\" \/>\n<meta name=\"author\" content=\"Francisco Javier Fern\u00e1ndez Chento\" \/>\n<meta name=\"twitter:card\" content=\"summary_large_image\" \/>\n<meta name=\"twitter:creator\" content=\"@https:\/\/twitter.com\/javierchento\" \/>\n<meta name=\"twitter:site\" content=\"@WeVincentians\" \/>\n<meta name=\"twitter:label1\" content=\"Escrito por\" \/>\n\t<meta name=\"twitter:data1\" content=\"Francisco Javier Fern\u00e1ndez Chento\" \/>\n\t<meta name=\"twitter:label2\" content=\"Tiempo de lectura\" \/>\n\t<meta name=\"twitter:data2\" content=\"6 minutos\" \/>\n<script type=\"application\/ld+json\" class=\"yoast-schema-graph\">{\"@context\":\"https:\/\/schema.org\",\"@graph\":[{\"@type\":\"Article\",\"@id\":\"http:\/\/vincentians.com\/es\/24o-domingo-de-tiempo-ordinario-reflexion-de-mario-yepez-c-m\/#article\",\"isPartOf\":{\"@id\":\"http:\/\/vincentians.com\/es\/24o-domingo-de-tiempo-ordinario-reflexion-de-mario-yepez-c-m\/\"},\"author\":{\"name\":\"Francisco Javier Fern\u00e1ndez Chento\",\"@id\":\"https:\/\/vincentians.com\/es\/#\/schema\/person\/9623ef4d9aa3b2dfb8c061f1499288f2\"},\"headline\":\"24\u00ba Domingo de Tiempo Ordinario (reflexi\u00f3n de Mario Y\u00e9pez, C.M.)\",\"datePublished\":\"2012-09-15T22:20:50+00:00\",\"dateModified\":\"2016-07-24T08:29:41+00:00\",\"mainEntityOfPage\":{\"@id\":\"http:\/\/vincentians.com\/es\/24o-domingo-de-tiempo-ordinario-reflexion-de-mario-yepez-c-m\/\"},\"wordCount\":1302,\"commentCount\":0,\"publisher\":{\"@id\":\"https:\/\/vincentians.com\/es\/#organization\"},\"image\":{\"@id\":\"http:\/\/vincentians.com\/es\/24o-domingo-de-tiempo-ordinario-reflexion-de-mario-yepez-c-m\/#primaryimage\"},\"thumbnailUrl\":\"https:\/\/i0.wp.com\/vincentians.com\/es\/wp-content\/uploads\/sites\/11\/2016\/07\/reflexiones-palabra-de-dios.jpg?fit=1200%2C630\",\"articleSection\":[\"Homil\u00edas y reflexiones, A\u00f1o B\"],\"inLanguage\":\"es\",\"potentialAction\":[{\"@type\":\"CommentAction\",\"name\":\"Comment\",\"target\":[\"http:\/\/vincentians.com\/es\/24o-domingo-de-tiempo-ordinario-reflexion-de-mario-yepez-c-m\/#respond\"]}]},{\"@type\":\"WebPage\",\"@id\":\"http:\/\/vincentians.com\/es\/24o-domingo-de-tiempo-ordinario-reflexion-de-mario-yepez-c-m\/\",\"url\":\"http:\/\/vincentians.com\/es\/24o-domingo-de-tiempo-ordinario-reflexion-de-mario-yepez-c-m\/\",\"name\":\"24\u00ba Domingo de Tiempo Ordinario (reflexi\u00f3n de Mario Y\u00e9pez, C.M.) - Somos Vicencianos\",\"isPartOf\":{\"@id\":\"https:\/\/vincentians.com\/es\/#website\"},\"primaryImageOfPage\":{\"@id\":\"http:\/\/vincentians.com\/es\/24o-domingo-de-tiempo-ordinario-reflexion-de-mario-yepez-c-m\/#primaryimage\"},\"image\":{\"@id\":\"http:\/\/vincentians.com\/es\/24o-domingo-de-tiempo-ordinario-reflexion-de-mario-yepez-c-m\/#primaryimage\"},\"thumbnailUrl\":\"https:\/\/i0.wp.com\/vincentians.com\/es\/wp-content\/uploads\/sites\/11\/2016\/07\/reflexiones-palabra-de-dios.jpg?fit=1200%2C630\",\"datePublished\":\"2012-09-15T22:20:50+00:00\",\"dateModified\":\"2016-07-24T08:29:41+00:00\",\"breadcrumb\":{\"@id\":\"http:\/\/vincentians.com\/es\/24o-domingo-de-tiempo-ordinario-reflexion-de-mario-yepez-c-m\/#breadcrumb\"},\"inLanguage\":\"es\",\"potentialAction\":[{\"@type\":\"ReadAction\",\"target\":[\"http:\/\/vincentians.com\/es\/24o-domingo-de-tiempo-ordinario-reflexion-de-mario-yepez-c-m\/\"]}]},{\"@type\":\"ImageObject\",\"inLanguage\":\"es\",\"@id\":\"http:\/\/vincentians.com\/es\/24o-domingo-de-tiempo-ordinario-reflexion-de-mario-yepez-c-m\/#primaryimage\",\"url\":\"https:\/\/i0.wp.com\/vincentians.com\/es\/wp-content\/uploads\/sites\/11\/2016\/07\/reflexiones-palabra-de-dios.jpg?fit=1200%2C630\",\"contentUrl\":\"https:\/\/i0.wp.com\/vincentians.com\/es\/wp-content\/uploads\/sites\/11\/2016\/07\/reflexiones-palabra-de-dios.jpg?fit=1200%2C630\",\"width\":1200,\"height\":630},{\"@type\":\"BreadcrumbList\",\"@id\":\"http:\/\/vincentians.com\/es\/24o-domingo-de-tiempo-ordinario-reflexion-de-mario-yepez-c-m\/#breadcrumb\",\"itemListElement\":[{\"@type\":\"ListItem\",\"position\":1,\"name\":\"Portada\",\"item\":\"https:\/\/vincentians.com\/es\/\"},{\"@type\":\"ListItem\",\"position\":2,\"name\":\"24\u00ba Domingo de Tiempo Ordinario (reflexi\u00f3n de Mario Y\u00e9pez, C.M.)\"}]},{\"@type\":\"WebSite\",\"@id\":\"https:\/\/vincentians.com\/es\/#website\",\"url\":\"https:\/\/vincentians.com\/es\/\",\"name\":\"Somos Vicencianos\",\"description\":\"Know more to serve more\",\"publisher\":{\"@id\":\"https:\/\/vincentians.com\/es\/#organization\"},\"potentialAction\":[{\"@type\":\"SearchAction\",\"target\":{\"@type\":\"EntryPoint\",\"urlTemplate\":\"https:\/\/vincentians.com\/es\/?s={search_term_string}\"},\"query-input\":{\"@type\":\"PropertyValueSpecification\",\"valueRequired\":true,\"valueName\":\"search_term_string\"}}],\"inLanguage\":\"es\"},{\"@type\":\"Organization\",\"@id\":\"https:\/\/vincentians.com\/es\/#organization\",\"name\":\"The Vincentian Network\",\"url\":\"https:\/\/vincentians.com\/es\/\",\"logo\":{\"@type\":\"ImageObject\",\"inLanguage\":\"es\",\"@id\":\"https:\/\/vincentians.com\/es\/#\/schema\/logo\/image\/\",\"url\":\"https:\/\/i1.wp.com\/vincentians.com\/es\/wp-content\/uploads\/sites\/11\/2016\/06\/Vincentian-Network-logo-big.png?fit=778%2C778\",\"contentUrl\":\"https:\/\/i1.wp.com\/vincentians.com\/es\/wp-content\/uploads\/sites\/11\/2016\/06\/Vincentian-Network-logo-big.png?fit=778%2C778\",\"width\":778,\"height\":778,\"caption\":\"The Vincentian Network\"},\"image\":{\"@id\":\"https:\/\/vincentians.com\/es\/#\/schema\/logo\/image\/\"},\"sameAs\":[\"https:\/\/www.facebook.com\/WeAreVincentians\/\",\"https:\/\/x.com\/WeVincentians\"]},{\"@type\":\"Person\",\"@id\":\"https:\/\/vincentians.com\/es\/#\/schema\/person\/9623ef4d9aa3b2dfb8c061f1499288f2\",\"name\":\"Francisco Javier Fern\u00e1ndez Chento\",\"image\":{\"@type\":\"ImageObject\",\"inLanguage\":\"es\",\"@id\":\"https:\/\/vincentians.com\/es\/#\/schema\/person\/image\/\",\"url\":\"https:\/\/secure.gravatar.com\/avatar\/497d5cde87b4c3d097d0315953521681ba2cd523ee66e5077c3711f7021e65de?s=96&d=mm&r=g\",\"contentUrl\":\"https:\/\/secure.gravatar.com\/avatar\/497d5cde87b4c3d097d0315953521681ba2cd523ee66e5077c3711f7021e65de?s=96&d=mm&r=g\",\"caption\":\"Francisco Javier Fern\u00e1ndez Chento\"},\"description\":\"Director General y cofundador de La Red de Formaci\u00f3n Vicenciana. Javier es laico vicenciano, afiliado a la Congregaci\u00f3n de la Misi\u00f3n y miembro del Equipo de Misiones Populares de la provincia can\u00f3nica de Zaragoza (Espa\u00f1a) de la Congregaci\u00f3n de la Misi\u00f3n. Graduado en la Universidad Oberta de Catalunya con cuatro grados (Asistente de direcci\u00f3n, Gesti\u00f3n Administrativa, Recursos Humanos y Contabilidad Avanzada). Bil\u00edng\u00fce Espa\u00f1ol\/Ingl\u00e9s. gestiona y mantiene varias p\u00e1ginas web cristianas y vicencianas, incluida including La Red de Formaci\u00f3n Vicenciana, de la que es cofundador. Actualmente es responsable del \u00e1rea de Espa\u00f1ol de .famvin, la Red de Noticias de la Familia Vicenciana. Tambi\u00e9n es m\u00fasico cat\u00f3lico y ha editado varios discos. Es Director General y cofundador de Trovador, una reconocida compa\u00f1\u00eda discogr\u00e1fica critiana de Espa\u00f1a. Trabaja en las Tecnolog\u00edas de la Informaci\u00f3n, ofreciendo servicios de alojamiento, dise\u00f1o y mantenimiento Web, as\u00ed como asesoramiento, formaci\u00f3n y soluciones inform\u00e1ticas, gesti\u00f3n documental y digitalizaci\u00f3n de textos, edici\u00f3n y maquetaci\u00f3n de libros, revistas, flyers, etc.\",\"sameAs\":[\"http:\/\/chento.org\",\"https:\/\/www.facebook.com\/JavierChento\",\"https:\/\/x.com\/https:\/\/twitter.com\/javierchento\"],\"url\":\"http:\/\/vincentians.com\/es\/author\/chento\/\"}]}<\/script>\n<!-- \/ Yoast SEO plugin. -->","yoast_head_json":{"title":"24\u00ba Domingo de Tiempo Ordinario (reflexi\u00f3n de Mario Y\u00e9pez, C.M.) - Somos Vicencianos","robots":{"index":"index","follow":"follow","max-snippet":"max-snippet:-1","max-image-preview":"max-image-preview:large","max-video-preview":"max-video-preview:-1"},"canonical":"http:\/\/vincentians.com\/es\/24o-domingo-de-tiempo-ordinario-reflexion-de-mario-yepez-c-m\/","og_locale":"es_ES","og_type":"article","og_title":"24\u00ba Domingo de Tiempo Ordinario (reflexi\u00f3n de Mario Y\u00e9pez, C.M.) - Somos Vicencianos","og_description":"Preguntas que exigen una respuesta de Fe El fragmento que escucharemos del libro de Isa\u00edas, es muy conocido por la reflexi\u00f3n b\u00edblica y teol\u00f3gica. Es uno de los c\u00e1nticos del Siervo de Yavh\u00e9 insertado a ... Read More","og_url":"http:\/\/vincentians.com\/es\/24o-domingo-de-tiempo-ordinario-reflexion-de-mario-yepez-c-m\/","og_site_name":"Somos Vicencianos","article_publisher":"https:\/\/www.facebook.com\/WeAreVincentians\/","article_author":"https:\/\/www.facebook.com\/JavierChento","article_published_time":"2012-09-15T22:20:50+00:00","article_modified_time":"2016-07-24T08:29:41+00:00","og_image":[{"width":1200,"height":630,"url":"https:\/\/i0.wp.com\/vincentians.com\/es\/wp-content\/uploads\/sites\/11\/2016\/07\/reflexiones-palabra-de-dios.jpg?fit=1200%2C630","type":"image\/jpeg"}],"author":"Francisco Javier Fern\u00e1ndez Chento","twitter_card":"summary_large_image","twitter_creator":"@https:\/\/twitter.com\/javierchento","twitter_site":"@WeVincentians","twitter_misc":{"Escrito por":"Francisco Javier Fern\u00e1ndez Chento","Tiempo de lectura":"6 minutos"},"schema":{"@context":"https:\/\/schema.org","@graph":[{"@type":"Article","@id":"http:\/\/vincentians.com\/es\/24o-domingo-de-tiempo-ordinario-reflexion-de-mario-yepez-c-m\/#article","isPartOf":{"@id":"http:\/\/vincentians.com\/es\/24o-domingo-de-tiempo-ordinario-reflexion-de-mario-yepez-c-m\/"},"author":{"name":"Francisco Javier Fern\u00e1ndez Chento","@id":"https:\/\/vincentians.com\/es\/#\/schema\/person\/9623ef4d9aa3b2dfb8c061f1499288f2"},"headline":"24\u00ba Domingo de Tiempo Ordinario (reflexi\u00f3n de Mario Y\u00e9pez, C.M.)","datePublished":"2012-09-15T22:20:50+00:00","dateModified":"2016-07-24T08:29:41+00:00","mainEntityOfPage":{"@id":"http:\/\/vincentians.com\/es\/24o-domingo-de-tiempo-ordinario-reflexion-de-mario-yepez-c-m\/"},"wordCount":1302,"commentCount":0,"publisher":{"@id":"https:\/\/vincentians.com\/es\/#organization"},"image":{"@id":"http:\/\/vincentians.com\/es\/24o-domingo-de-tiempo-ordinario-reflexion-de-mario-yepez-c-m\/#primaryimage"},"thumbnailUrl":"https:\/\/i0.wp.com\/vincentians.com\/es\/wp-content\/uploads\/sites\/11\/2016\/07\/reflexiones-palabra-de-dios.jpg?fit=1200%2C630","articleSection":["Homil\u00edas y reflexiones, A\u00f1o B"],"inLanguage":"es","potentialAction":[{"@type":"CommentAction","name":"Comment","target":["http:\/\/vincentians.com\/es\/24o-domingo-de-tiempo-ordinario-reflexion-de-mario-yepez-c-m\/#respond"]}]},{"@type":"WebPage","@id":"http:\/\/vincentians.com\/es\/24o-domingo-de-tiempo-ordinario-reflexion-de-mario-yepez-c-m\/","url":"http:\/\/vincentians.com\/es\/24o-domingo-de-tiempo-ordinario-reflexion-de-mario-yepez-c-m\/","name":"24\u00ba Domingo de Tiempo Ordinario (reflexi\u00f3n de Mario Y\u00e9pez, C.M.) - Somos Vicencianos","isPartOf":{"@id":"https:\/\/vincentians.com\/es\/#website"},"primaryImageOfPage":{"@id":"http:\/\/vincentians.com\/es\/24o-domingo-de-tiempo-ordinario-reflexion-de-mario-yepez-c-m\/#primaryimage"},"image":{"@id":"http:\/\/vincentians.com\/es\/24o-domingo-de-tiempo-ordinario-reflexion-de-mario-yepez-c-m\/#primaryimage"},"thumbnailUrl":"https:\/\/i0.wp.com\/vincentians.com\/es\/wp-content\/uploads\/sites\/11\/2016\/07\/reflexiones-palabra-de-dios.jpg?fit=1200%2C630","datePublished":"2012-09-15T22:20:50+00:00","dateModified":"2016-07-24T08:29:41+00:00","breadcrumb":{"@id":"http:\/\/vincentians.com\/es\/24o-domingo-de-tiempo-ordinario-reflexion-de-mario-yepez-c-m\/#breadcrumb"},"inLanguage":"es","potentialAction":[{"@type":"ReadAction","target":["http:\/\/vincentians.com\/es\/24o-domingo-de-tiempo-ordinario-reflexion-de-mario-yepez-c-m\/"]}]},{"@type":"ImageObject","inLanguage":"es","@id":"http:\/\/vincentians.com\/es\/24o-domingo-de-tiempo-ordinario-reflexion-de-mario-yepez-c-m\/#primaryimage","url":"https:\/\/i0.wp.com\/vincentians.com\/es\/wp-content\/uploads\/sites\/11\/2016\/07\/reflexiones-palabra-de-dios.jpg?fit=1200%2C630","contentUrl":"https:\/\/i0.wp.com\/vincentians.com\/es\/wp-content\/uploads\/sites\/11\/2016\/07\/reflexiones-palabra-de-dios.jpg?fit=1200%2C630","width":1200,"height":630},{"@type":"BreadcrumbList","@id":"http:\/\/vincentians.com\/es\/24o-domingo-de-tiempo-ordinario-reflexion-de-mario-yepez-c-m\/#breadcrumb","itemListElement":[{"@type":"ListItem","position":1,"name":"Portada","item":"https:\/\/vincentians.com\/es\/"},{"@type":"ListItem","position":2,"name":"24\u00ba Domingo de Tiempo Ordinario (reflexi\u00f3n de Mario Y\u00e9pez, C.M.)"}]},{"@type":"WebSite","@id":"https:\/\/vincentians.com\/es\/#website","url":"https:\/\/vincentians.com\/es\/","name":"Somos Vicencianos","description":"Know more to serve more","publisher":{"@id":"https:\/\/vincentians.com\/es\/#organization"},"potentialAction":[{"@type":"SearchAction","target":{"@type":"EntryPoint","urlTemplate":"https:\/\/vincentians.com\/es\/?s={search_term_string}"},"query-input":{"@type":"PropertyValueSpecification","valueRequired":true,"valueName":"search_term_string"}}],"inLanguage":"es"},{"@type":"Organization","@id":"https:\/\/vincentians.com\/es\/#organization","name":"The Vincentian Network","url":"https:\/\/vincentians.com\/es\/","logo":{"@type":"ImageObject","inLanguage":"es","@id":"https:\/\/vincentians.com\/es\/#\/schema\/logo\/image\/","url":"https:\/\/i1.wp.com\/vincentians.com\/es\/wp-content\/uploads\/sites\/11\/2016\/06\/Vincentian-Network-logo-big.png?fit=778%2C778","contentUrl":"https:\/\/i1.wp.com\/vincentians.com\/es\/wp-content\/uploads\/sites\/11\/2016\/06\/Vincentian-Network-logo-big.png?fit=778%2C778","width":778,"height":778,"caption":"The Vincentian Network"},"image":{"@id":"https:\/\/vincentians.com\/es\/#\/schema\/logo\/image\/"},"sameAs":["https:\/\/www.facebook.com\/WeAreVincentians\/","https:\/\/x.com\/WeVincentians"]},{"@type":"Person","@id":"https:\/\/vincentians.com\/es\/#\/schema\/person\/9623ef4d9aa3b2dfb8c061f1499288f2","name":"Francisco Javier Fern\u00e1ndez Chento","image":{"@type":"ImageObject","inLanguage":"es","@id":"https:\/\/vincentians.com\/es\/#\/schema\/person\/image\/","url":"https:\/\/secure.gravatar.com\/avatar\/497d5cde87b4c3d097d0315953521681ba2cd523ee66e5077c3711f7021e65de?s=96&d=mm&r=g","contentUrl":"https:\/\/secure.gravatar.com\/avatar\/497d5cde87b4c3d097d0315953521681ba2cd523ee66e5077c3711f7021e65de?s=96&d=mm&r=g","caption":"Francisco Javier Fern\u00e1ndez Chento"},"description":"Director General y cofundador de La Red de Formaci\u00f3n Vicenciana. Javier es laico vicenciano, afiliado a la Congregaci\u00f3n de la Misi\u00f3n y miembro del Equipo de Misiones Populares de la provincia can\u00f3nica de Zaragoza (Espa\u00f1a) de la Congregaci\u00f3n de la Misi\u00f3n. Graduado en la Universidad Oberta de Catalunya con cuatro grados (Asistente de direcci\u00f3n, Gesti\u00f3n Administrativa, Recursos Humanos y Contabilidad Avanzada). Bil\u00edng\u00fce Espa\u00f1ol\/Ingl\u00e9s. gestiona y mantiene varias p\u00e1ginas web cristianas y vicencianas, incluida including La Red de Formaci\u00f3n Vicenciana, de la que es cofundador. Actualmente es responsable del \u00e1rea de Espa\u00f1ol de .famvin, la Red de Noticias de la Familia Vicenciana. Tambi\u00e9n es m\u00fasico cat\u00f3lico y ha editado varios discos. Es Director General y cofundador de Trovador, una reconocida compa\u00f1\u00eda discogr\u00e1fica critiana de Espa\u00f1a. Trabaja en las Tecnolog\u00edas de la Informaci\u00f3n, ofreciendo servicios de alojamiento, dise\u00f1o y mantenimiento Web, as\u00ed como asesoramiento, formaci\u00f3n y soluciones inform\u00e1ticas, gesti\u00f3n documental y digitalizaci\u00f3n de textos, edici\u00f3n y maquetaci\u00f3n de libros, revistas, flyers, etc.","sameAs":["http:\/\/chento.org","https:\/\/www.facebook.com\/JavierChento","https:\/\/x.com\/https:\/\/twitter.com\/javierchento"],"url":"http:\/\/vincentians.com\/es\/author\/chento\/"}]}},"jetpack_publicize_connections":[],"jetpack_featured_media_url":"https:\/\/i0.wp.com\/vincentians.com\/es\/wp-content\/uploads\/sites\/11\/2016\/07\/reflexiones-palabra-de-dios.jpg?fit=1200%2C630","jetpack_sharing_enabled":true,"jetpack_shortlink":"https:\/\/wp.me\/p7ETMF-vD","jetpack-related-posts":[{"id":4518,"url":"http:\/\/vincentians.com\/es\/lectio-para-domingo-3o-de-adviento-preparada-por-chuno-chavez-alva-c-m\/","url_meta":{"origin":1961,"position":0},"title":"Lectio para Domingo 3\u00ba de Adviento (preparada por Chuno Ch\u00e1vez Alva, C.M.)","author":"Francisco Javier Fern\u00e1ndez Chento","date":"10\/12\/2013","format":false,"excerpt":"LA PALABRA HOY: Isa\u00edas 35, 1-6.10; Salmo 145; Santiago 5, 7-10; Mateo 11, 2-11 Ambientaci\u00f3n para todo el adviento: Camino de papel con cuatro velas a lo largo de \u00e9l. Al iniciar la celebraci\u00f3n se pone un cartel con la frase: \u201c\u00a1Te esperamos!\u201d y se enciende la tercera vela. Cantos\u2026","rel":"","context":"En \u00abHomil\u00edas y reflexiones, A\u00f1o A\u00bb","block_context":{"text":"Homil\u00edas y reflexiones, A\u00f1o A","link":"http:\/\/vincentians.com\/es\/category\/homilias-y-reflexiones-a-la-palabra-de-dios\/homilias-y-reflexiones-ano-a\/"},"img":{"alt_text":"","src":"https:\/\/i0.wp.com\/vincentians.com\/es\/wp-content\/uploads\/sites\/11\/2016\/07\/reflexiones-palabra-de-dios.jpg?fit=1200%2C630&resize=350%2C200","width":350,"height":200,"srcset":"https:\/\/i0.wp.com\/vincentians.com\/es\/wp-content\/uploads\/sites\/11\/2016\/07\/reflexiones-palabra-de-dios.jpg?fit=1200%2C630&resize=350%2C200 1x, https:\/\/i0.wp.com\/vincentians.com\/es\/wp-content\/uploads\/sites\/11\/2016\/07\/reflexiones-palabra-de-dios.jpg?fit=1200%2C630&resize=525%2C300 1.5x, https:\/\/i0.wp.com\/vincentians.com\/es\/wp-content\/uploads\/sites\/11\/2016\/07\/reflexiones-palabra-de-dios.jpg?fit=1200%2C630&resize=700%2C400 2x, https:\/\/i0.wp.com\/vincentians.com\/es\/wp-content\/uploads\/sites\/11\/2016\/07\/reflexiones-palabra-de-dios.jpg?fit=1200%2C630&resize=1050%2C600 3x"},"classes":[]},{"id":1191,"url":"http:\/\/vincentians.com\/es\/bautismo-del-senor-reflexion-de-jose-cervantes-gabarron-2\/","url_meta":{"origin":1961,"position":1},"title":"Bautismo del Se\u00f1or (reflexi\u00f3n de Jos\u00e9 Cervantes Gabarr\u00f3n)","author":"Francisco Javier Fern\u00e1ndez Chento","date":"07\/01\/2012","format":false,"excerpt":"Siervo de Dios y Servidor del hombre Reci\u00e9n comenzado el a\u00f1o nos viene bien una fiesta, la del bautismo de Jes\u00fas, el Siervo de Dios y servidor de los hombres, que nos resit\u00fae con los pies en la tierra y con la mirada y el o\u00eddo en el cielo, para\u2026","rel":"","context":"En \u00abHomil\u00edas y reflexiones, A\u00f1o B\u00bb","block_context":{"text":"Homil\u00edas y reflexiones, A\u00f1o B","link":"http:\/\/vincentians.com\/es\/category\/homilias-y-reflexiones-a-la-palabra-de-dios\/homilias-y-reflexiones-ano-b\/"},"img":{"alt_text":"","src":"https:\/\/i0.wp.com\/vincentians.com\/es\/wp-content\/uploads\/sites\/11\/2016\/07\/reflexiones-palabra-de-dios.jpg?fit=1200%2C630&resize=350%2C200","width":350,"height":200,"srcset":"https:\/\/i0.wp.com\/vincentians.com\/es\/wp-content\/uploads\/sites\/11\/2016\/07\/reflexiones-palabra-de-dios.jpg?fit=1200%2C630&resize=350%2C200 1x, https:\/\/i0.wp.com\/vincentians.com\/es\/wp-content\/uploads\/sites\/11\/2016\/07\/reflexiones-palabra-de-dios.jpg?fit=1200%2C630&resize=525%2C300 1.5x, https:\/\/i0.wp.com\/vincentians.com\/es\/wp-content\/uploads\/sites\/11\/2016\/07\/reflexiones-palabra-de-dios.jpg?fit=1200%2C630&resize=700%2C400 2x, https:\/\/i0.wp.com\/vincentians.com\/es\/wp-content\/uploads\/sites\/11\/2016\/07\/reflexiones-palabra-de-dios.jpg?fit=1200%2C630&resize=1050%2C600 3x"},"classes":[]},{"id":7260,"url":"http:\/\/vincentians.com\/es\/domingo-1o-de-adviento-reflexion-de-julio-cesar-villalobos-c-m-2\/","url_meta":{"origin":1961,"position":2},"title":"Domingo 1\u00ba de Adviento (reflexi\u00f3n de Julio C\u00e9sar Villalobos, C.M.)","author":"Francisco Javier Fern\u00e1ndez Chento","date":"29\/11\/2014","format":false,"excerpt":"El cristiano vigilante Hoy, querido hermano y hermana, empezamos un nuevo a\u00f1o lit\u00fargico con un tiempo especialmente hermoso, como es el tiempo de Adviento. \u00bfAlguna vez le has \"retado\" a Dios?, \u00bfc\u00f3mo te sentiste?, \u00bfqu\u00e9 le dijiste?, \u00bfpor qu\u00e9 lo hiciste? Isa\u00edas, en la primera lectura (IS.63,16b-17.19b; 64,2b-7), empieza reconociendo\u2026","rel":"","context":"En \u00abHomil\u00edas y reflexiones, A\u00f1o B\u00bb","block_context":{"text":"Homil\u00edas y reflexiones, A\u00f1o B","link":"http:\/\/vincentians.com\/es\/category\/homilias-y-reflexiones-a-la-palabra-de-dios\/homilias-y-reflexiones-ano-b\/"},"img":{"alt_text":"","src":"https:\/\/i0.wp.com\/vincentians.com\/es\/wp-content\/uploads\/sites\/11\/2016\/07\/reflexiones-palabra-de-dios.jpg?fit=1200%2C630&resize=350%2C200","width":350,"height":200,"srcset":"https:\/\/i0.wp.com\/vincentians.com\/es\/wp-content\/uploads\/sites\/11\/2016\/07\/reflexiones-palabra-de-dios.jpg?fit=1200%2C630&resize=350%2C200 1x, https:\/\/i0.wp.com\/vincentians.com\/es\/wp-content\/uploads\/sites\/11\/2016\/07\/reflexiones-palabra-de-dios.jpg?fit=1200%2C630&resize=525%2C300 1.5x, https:\/\/i0.wp.com\/vincentians.com\/es\/wp-content\/uploads\/sites\/11\/2016\/07\/reflexiones-palabra-de-dios.jpg?fit=1200%2C630&resize=700%2C400 2x, https:\/\/i0.wp.com\/vincentians.com\/es\/wp-content\/uploads\/sites\/11\/2016\/07\/reflexiones-palabra-de-dios.jpg?fit=1200%2C630&resize=1050%2C600 3x"},"classes":[]},{"id":4866,"url":"http:\/\/vincentians.com\/es\/bautismo-del-senor-reflexion-de-jose-cervantes-gabarron\/","url_meta":{"origin":1961,"position":3},"title":"Bautismo del Se\u00f1or (reflexi\u00f3n de Jos\u00e9 Cervantes Gabarr\u00f3n)","author":"Francisco Javier Fern\u00e1ndez Chento","date":"11\/01\/2014","format":false,"excerpt":"El bautismo, una inmersi\u00f3n en la justicia de Dios Jos\u00e9 Cervantes Gabarr\u00f3n, sacerdote misionero y profesor de Sagrada Escritura.Hoy, d\u00eda del Bautismo de Jes\u00fas, celebramos que Jes\u00fas, el Hijo amado de Dios, se ha puesto en la fila de los pecadores, sin haber cometido pecado alguno, para poder destruir el\u2026","rel":"","context":"En \u00abHomil\u00edas y reflexiones, A\u00f1o A\u00bb","block_context":{"text":"Homil\u00edas y reflexiones, A\u00f1o A","link":"http:\/\/vincentians.com\/es\/category\/homilias-y-reflexiones-a-la-palabra-de-dios\/homilias-y-reflexiones-ano-a\/"},"img":{"alt_text":"","src":"https:\/\/i0.wp.com\/vincentians.com\/es\/wp-content\/uploads\/sites\/11\/2016\/07\/reflexiones-palabra-de-dios.jpg?fit=1200%2C630&resize=350%2C200","width":350,"height":200,"srcset":"https:\/\/i0.wp.com\/vincentians.com\/es\/wp-content\/uploads\/sites\/11\/2016\/07\/reflexiones-palabra-de-dios.jpg?fit=1200%2C630&resize=350%2C200 1x, https:\/\/i0.wp.com\/vincentians.com\/es\/wp-content\/uploads\/sites\/11\/2016\/07\/reflexiones-palabra-de-dios.jpg?fit=1200%2C630&resize=525%2C300 1.5x, https:\/\/i0.wp.com\/vincentians.com\/es\/wp-content\/uploads\/sites\/11\/2016\/07\/reflexiones-palabra-de-dios.jpg?fit=1200%2C630&resize=700%2C400 2x, https:\/\/i0.wp.com\/vincentians.com\/es\/wp-content\/uploads\/sites\/11\/2016\/07\/reflexiones-palabra-de-dios.jpg?fit=1200%2C630&resize=1050%2C600 3x"},"classes":[]},{"id":1140,"url":"http:\/\/vincentians.com\/es\/natividad-del-senor-reflexion-de-mario-yepez-c-m\/","url_meta":{"origin":1961,"position":4},"title":"Natividad del Se\u00f1or (reflexi\u00f3n de Mario Y\u00e9pez, C.M.)","author":"Francisco Javier Fern\u00e1ndez Chento","date":"25\/12\/2011","format":false,"excerpt":"Realmente hablar de la gloria de Dios es tan dif\u00edcil como querer almacenar en un dique toda el agua del mundo. Pero f\u00edjense, como a trav\u00e9s del Misterio de la Encarnaci\u00f3n, esto se hace accesible a \"los que creen\"; s\u00ed, a los que han puesto su vida a disposici\u00f3n de\u2026","rel":"","context":"En \u00abHomil\u00edas y reflexiones, A\u00f1o B\u00bb","block_context":{"text":"Homil\u00edas y reflexiones, A\u00f1o B","link":"http:\/\/vincentians.com\/es\/category\/homilias-y-reflexiones-a-la-palabra-de-dios\/homilias-y-reflexiones-ano-b\/"},"img":{"alt_text":"","src":"https:\/\/i0.wp.com\/vincentians.com\/es\/wp-content\/uploads\/sites\/11\/2016\/07\/reflexiones-palabra-de-dios.jpg?fit=1200%2C630&resize=350%2C200","width":350,"height":200,"srcset":"https:\/\/i0.wp.com\/vincentians.com\/es\/wp-content\/uploads\/sites\/11\/2016\/07\/reflexiones-palabra-de-dios.jpg?fit=1200%2C630&resize=350%2C200 1x, https:\/\/i0.wp.com\/vincentians.com\/es\/wp-content\/uploads\/sites\/11\/2016\/07\/reflexiones-palabra-de-dios.jpg?fit=1200%2C630&resize=525%2C300 1.5x, https:\/\/i0.wp.com\/vincentians.com\/es\/wp-content\/uploads\/sites\/11\/2016\/07\/reflexiones-palabra-de-dios.jpg?fit=1200%2C630&resize=700%2C400 2x, https:\/\/i0.wp.com\/vincentians.com\/es\/wp-content\/uploads\/sites\/11\/2016\/07\/reflexiones-palabra-de-dios.jpg?fit=1200%2C630&resize=1050%2C600 3x"},"classes":[]},{"id":2613,"url":"http:\/\/vincentians.com\/es\/el-bautismo-del-senor-reflexion-de-jose-cervantes-gabarron\/","url_meta":{"origin":1961,"position":5},"title":"El Bautismo del Se\u00f1or (reflexi\u00f3n de Jos\u00e9 Cervantes Gabarr\u00f3n)","author":"Francisco Javier Fern\u00e1ndez Chento","date":"11\/01\/2013","format":false,"excerpt":"El Esp\u00edritu Santo en el bautismo de Jes\u00fas Jos\u00e9 Cervantes Gabarr\u00f3n, sacerdote misionero y profesor de Sagrada Escritura.La fiesta cristiana de la Navidad concluye con el Bautismo de Jes\u00fas. El sentido de este acontecimiento en la vida de Jes\u00fas, relatado en los evangelios como una verdadera epifan\u00eda, es mostrar que\u2026","rel":"","context":"En \u00abHomil\u00edas y reflexiones, A\u00f1o C\u00bb","block_context":{"text":"Homil\u00edas y reflexiones, A\u00f1o C","link":"http:\/\/vincentians.com\/es\/category\/homilias-y-reflexiones-a-la-palabra-de-dios\/homilias-y-reflexiones-ano-c\/"},"img":{"alt_text":"","src":"https:\/\/i0.wp.com\/vincentians.com\/es\/wp-content\/uploads\/sites\/11\/2016\/07\/reflexiones-palabra-de-dios.jpg?fit=1200%2C630&resize=350%2C200","width":350,"height":200,"srcset":"https:\/\/i0.wp.com\/vincentians.com\/es\/wp-content\/uploads\/sites\/11\/2016\/07\/reflexiones-palabra-de-dios.jpg?fit=1200%2C630&resize=350%2C200 1x, https:\/\/i0.wp.com\/vincentians.com\/es\/wp-content\/uploads\/sites\/11\/2016\/07\/reflexiones-palabra-de-dios.jpg?fit=1200%2C630&resize=525%2C300 1.5x, https:\/\/i0.wp.com\/vincentians.com\/es\/wp-content\/uploads\/sites\/11\/2016\/07\/reflexiones-palabra-de-dios.jpg?fit=1200%2C630&resize=700%2C400 2x, https:\/\/i0.wp.com\/vincentians.com\/es\/wp-content\/uploads\/sites\/11\/2016\/07\/reflexiones-palabra-de-dios.jpg?fit=1200%2C630&resize=1050%2C600 3x"},"classes":[]}],"_links":{"self":[{"href":"http:\/\/vincentians.com\/es\/wp-json\/wp\/v2\/posts\/1961","targetHints":{"allow":["GET"]}}],"collection":[{"href":"http:\/\/vincentians.com\/es\/wp-json\/wp\/v2\/posts"}],"about":[{"href":"http:\/\/vincentians.com\/es\/wp-json\/wp\/v2\/types\/post"}],"author":[{"embeddable":true,"href":"http:\/\/vincentians.com\/es\/wp-json\/wp\/v2\/users\/4"}],"replies":[{"embeddable":true,"href":"http:\/\/vincentians.com\/es\/wp-json\/wp\/v2\/comments?post=1961"}],"version-history":[{"count":0,"href":"http:\/\/vincentians.com\/es\/wp-json\/wp\/v2\/posts\/1961\/revisions"}],"wp:featuredmedia":[{"embeddable":true,"href":"http:\/\/vincentians.com\/es\/wp-json\/wp\/v2\/media\/388408"}],"wp:attachment":[{"href":"http:\/\/vincentians.com\/es\/wp-json\/wp\/v2\/media?parent=1961"}],"wp:term":[{"taxonomy":"category","embeddable":true,"href":"http:\/\/vincentians.com\/es\/wp-json\/wp\/v2\/categories?post=1961"},{"taxonomy":"post_tag","embeddable":true,"href":"http:\/\/vincentians.com\/es\/wp-json\/wp\/v2\/tags?post=1961"}],"curies":[{"name":"wp","href":"https:\/\/api.w.org\/{rel}","templated":true}]}}