{"id":1952,"date":"2012-09-14T07:00:44","date_gmt":"2012-09-14T05:00:44","guid":{"rendered":"http:\/\/somos.vicencianos.org\/comentarios\/2012\/09\/07\/23o-domingo-de-tiempo-ordinario-reflexion-de-antonio-elduayen-c-m-2\/"},"modified":"2016-07-24T10:29:42","modified_gmt":"2016-07-24T08:29:42","slug":"24o-domingo-de-tiempo-ordinario-reflexion-de-antonio-elduayen-c-m","status":"publish","type":"post","link":"http:\/\/vincentians.com\/es\/24o-domingo-de-tiempo-ordinario-reflexion-de-antonio-elduayen-c-m\/","title":{"rendered":"24\u00ba Domingo de Tiempo Ordinario (reflexi\u00f3n de Antonio Elduayen, C.M.)"},"content":{"rendered":"<p><img data-recalc-dims=\"1\" loading=\"lazy\" decoding=\"async\" class=\"alignright size-full wp-image-74\" title=\"antonio_elduayen\" src=\"https:\/\/i0.wp.com\/vicencianos.org\/comentarios\/files\/2010\/12\/antonio_elduayen.jpg?resize=204%2C225\" alt=\"\" width=\"204\" height=\"225\" \/>Queridos amigos<\/p>\n<p>\u00bfQui\u00e9n dicen ustedes que soy yo? Es la gran pregunta que nos sigue haciendo Jes\u00fas. En el contexto del evangelio (Mc 8, 27-35), no le interesa saber en qu\u00e9 concepto le tenemos, si muy alto o bajo, si Rab\u00ed, profeta o rey. \u00c9l busca una respuesta que nos involucre y comprometa con \u00c9l. Algo as\u00ed como cuando Pedro le respondi\u00f3 \u201cT\u00fa eres el Mes\u00edas, el Hijo de Dios vivo\u201d (Mt 16, 16) o cuando, a\u00fan mejor, le dijo \u201cSe\u00f1or, \u00bfa qui\u00e9n vamos a ir? T\u00fa tienes palabras de vida eterna. Nosotros creemos y sabemos que T\u00fa eres el Santo de Dios (Jn 6, 68-69). Y cuando, a\u00fan mucho mejor, en aquella tarde postpascual, le dijo: \u201cSe\u00f1or, T\u00fa lo sabes todo, T\u00fa sabes que te amo\u201d\u00b7(Jn 21, 17).<\/p>\n<p>Alguien a quien amo y por quien estoy dispuesto a dar la vida, es la respuesta que Jes\u00fas espera de nosotros. Como expresi\u00f3n sincera que brota de un coraz\u00f3n de disc\u00edpulo enamorado, pero, tambi\u00e9n y sobre todo, como expresi\u00f3n de una decisi\u00f3n de seguirle cueste lo que cueste y hasta las \u00faltimas consecuencias. Es sintom\u00e1tico y pat\u00e9tico que en los tres sin\u00f3pticos la gran pregunta de Jes\u00fas vaya seguida de la revelaci\u00f3n del llamado secreto mesi\u00e1nico: cuando comenz\u00f3 a decir que el Hijo del Hombre deb\u00eda sufrir mucho y ser rechazado\u2026, que ser\u00eda condenado a muerte, y que resucitar\u00eda al tercer d\u00eda\u201d (Mt, 16,13; Mc 8,31; Lc 9,18).<\/p>\n<p>En el seguimiento de Jes\u00fas podemos sentir y decir y hasta hacer cosas muy bellas, mientras no choquen con nuestros intereses, ll\u00e1mense salud, dinero, tiempo, perd\u00f3n, expectativas\u2026 Pero en cuanto chocan, cuando nos exigen tiempo o dinero, sacrifico y renuncia (a comodidades., por ejemplo), cuando vemos que las cosas no van a salir como nosotros las esper\u00e1bamos, entonces el seguimiento de Jes\u00fas se nos hace muy cuesta arriba y flojeamos o abandonamos. Es lo que les pas\u00f3 al principio a los ap\u00f3stoles. Le segu\u00edan por el camino e iban tras sus huellas muy contentos, pero cuando les habl\u00f3 de su muerte, del aparente unhappy end de su vida, se resistieron y protestaron (Mt 16, 22; Mc 8,32).<\/p>\n<p>En el seguimiento de Jes\u00fas nos puede pasar como a los ap\u00f3stoles hermanos, Santiago y Juan. F\u00edsica y externamente iban con Jes\u00fas, pero su mente y su coraz\u00f3n (intereses) estaban a a\u00f1os luz de distancia. Simplemente no sintonizaban con \u00c9l. El trigo tiene que morir para que d\u00e9 fruto, nos dijo Jes\u00fas en una situaci\u00f3n similar (Jn 12,24). No hay otro camino. Es la condici\u00f3n necesaria para que el trigo (nosotros) d\u00e9 fruto (demos frutos). Y a\u00f1adi\u00f3: Quien quiera realizarse y obtener \u00e9xito en la vida, tendr\u00e1 que trabajar duro y parejo, sacrificarse harto. Al contrario, quien s\u00f3lo o sobre todo busque pasarlo bien, desentendi\u00e9ndose de todo y de todos, ese est\u00e1 labrando su ruina y pronto ser\u00e1 un gui\u00f1apo humano (Jn 12, 24-25). Aunque \u201cel mundo\u201d diga lo contrario. La conclusi\u00f3n de Jes\u00fas es l\u00f3gica y vale para quien aspire a ser alguien, como hombre y como cristiano: que tome su cruz (lo que cuesta estar siempre en forma) y que me siga (Mc 8, 34s)<\/p>\n","protected":false},"excerpt":{"rendered":"<p>Queridos amigos \u00bfQui\u00e9n dicen ustedes que soy yo? Es la gran pregunta que nos sigue haciendo Jes\u00fas. En el contexto del evangelio (Mc 8, 27-35), no le interesa saber en qu\u00e9 concepto le tenemos, si &#8230; <a href=\"http:\/\/vincentians.com\/es\/24o-domingo-de-tiempo-ordinario-reflexion-de-antonio-elduayen-c-m\/\" class=\"more-link\">Read More<\/a><\/p>\n","protected":false},"author":4,"featured_media":388408,"comment_status":"open","ping_status":"open","sticky":false,"template":"","format":"standard","meta":{"jetpack_post_was_ever_published":false,"_jetpack_newsletter_access":"","_jetpack_dont_email_post_to_subs":false,"_jetpack_newsletter_tier_id":0,"_jetpack_memberships_contains_paywalled_content":false,"_jetpack_memberships_contains_paid_content":false,"footnotes":"","jetpack_publicize_message":"","jetpack_publicize_feature_enabled":true,"jetpack_social_post_already_shared":true,"jetpack_social_options":{"image_generator_settings":{"template":"highway","default_image_id":0,"font":"","enabled":false},"version":2}},"categories":[93],"tags":[],"class_list":["post-1952","post","type-post","status-publish","format-standard","has-post-thumbnail","hentry","category-homilias-y-reflexiones-ano-b"],"yoast_head":"<!-- This site is optimized with the Yoast SEO plugin v26.3 - https:\/\/yoast.com\/wordpress\/plugins\/seo\/ -->\n<title>24\u00ba Domingo de Tiempo Ordinario (reflexi\u00f3n de Antonio Elduayen, C.M.) - Somos Vicencianos<\/title>\n<meta name=\"robots\" content=\"index, follow, max-snippet:-1, max-image-preview:large, max-video-preview:-1\" \/>\n<link rel=\"canonical\" href=\"http:\/\/vincentians.com\/es\/24o-domingo-de-tiempo-ordinario-reflexion-de-antonio-elduayen-c-m\/\" \/>\n<meta property=\"og:locale\" content=\"es_ES\" \/>\n<meta property=\"og:type\" content=\"article\" \/>\n<meta property=\"og:title\" content=\"24\u00ba Domingo de Tiempo Ordinario (reflexi\u00f3n de Antonio Elduayen, C.M.) - Somos Vicencianos\" \/>\n<meta property=\"og:description\" content=\"Queridos amigos \u00bfQui\u00e9n dicen ustedes que soy yo? Es la gran pregunta que nos sigue haciendo Jes\u00fas. En el contexto del evangelio (Mc 8, 27-35), no le interesa saber en qu\u00e9 concepto le tenemos, si ... Read More\" \/>\n<meta property=\"og:url\" content=\"http:\/\/vincentians.com\/es\/24o-domingo-de-tiempo-ordinario-reflexion-de-antonio-elduayen-c-m\/\" \/>\n<meta property=\"og:site_name\" content=\"Somos Vicencianos\" \/>\n<meta property=\"article:publisher\" content=\"https:\/\/www.facebook.com\/WeAreVincentians\/\" \/>\n<meta property=\"article:author\" content=\"https:\/\/www.facebook.com\/JavierChento\" \/>\n<meta property=\"article:published_time\" content=\"2012-09-14T05:00:44+00:00\" \/>\n<meta property=\"article:modified_time\" content=\"2016-07-24T08:29:42+00:00\" \/>\n<meta property=\"og:image\" content=\"https:\/\/i0.wp.com\/vincentians.com\/es\/wp-content\/uploads\/sites\/11\/2016\/07\/reflexiones-palabra-de-dios.jpg?fit=1200%2C630\" \/>\n\t<meta property=\"og:image:width\" content=\"1200\" \/>\n\t<meta property=\"og:image:height\" content=\"630\" \/>\n\t<meta property=\"og:image:type\" content=\"image\/jpeg\" \/>\n<meta name=\"author\" content=\"Francisco Javier Fern\u00e1ndez Chento\" \/>\n<meta name=\"twitter:card\" content=\"summary_large_image\" \/>\n<meta name=\"twitter:creator\" content=\"@https:\/\/twitter.com\/javierchento\" \/>\n<meta name=\"twitter:site\" content=\"@WeVincentians\" \/>\n<meta name=\"twitter:label1\" content=\"Escrito por\" \/>\n\t<meta name=\"twitter:data1\" content=\"Francisco Javier Fern\u00e1ndez Chento\" \/>\n\t<meta name=\"twitter:label2\" content=\"Tiempo de lectura\" \/>\n\t<meta name=\"twitter:data2\" content=\"3 minutos\" \/>\n<script type=\"application\/ld+json\" class=\"yoast-schema-graph\">{\"@context\":\"https:\/\/schema.org\",\"@graph\":[{\"@type\":\"Article\",\"@id\":\"http:\/\/vincentians.com\/es\/24o-domingo-de-tiempo-ordinario-reflexion-de-antonio-elduayen-c-m\/#article\",\"isPartOf\":{\"@id\":\"http:\/\/vincentians.com\/es\/24o-domingo-de-tiempo-ordinario-reflexion-de-antonio-elduayen-c-m\/\"},\"author\":{\"name\":\"Francisco Javier Fern\u00e1ndez Chento\",\"@id\":\"http:\/\/vincentians.com\/es\/#\/schema\/person\/9623ef4d9aa3b2dfb8c061f1499288f2\"},\"headline\":\"24\u00ba Domingo de Tiempo Ordinario (reflexi\u00f3n de Antonio Elduayen, C.M.)\",\"datePublished\":\"2012-09-14T05:00:44+00:00\",\"dateModified\":\"2016-07-24T08:29:42+00:00\",\"mainEntityOfPage\":{\"@id\":\"http:\/\/vincentians.com\/es\/24o-domingo-de-tiempo-ordinario-reflexion-de-antonio-elduayen-c-m\/\"},\"wordCount\":566,\"commentCount\":0,\"publisher\":{\"@id\":\"http:\/\/vincentians.com\/es\/#organization\"},\"image\":{\"@id\":\"http:\/\/vincentians.com\/es\/24o-domingo-de-tiempo-ordinario-reflexion-de-antonio-elduayen-c-m\/#primaryimage\"},\"thumbnailUrl\":\"https:\/\/i0.wp.com\/vincentians.com\/es\/wp-content\/uploads\/sites\/11\/2016\/07\/reflexiones-palabra-de-dios.jpg?fit=1200%2C630\",\"articleSection\":[\"Homil\u00edas y reflexiones, A\u00f1o B\"],\"inLanguage\":\"es\",\"potentialAction\":[{\"@type\":\"CommentAction\",\"name\":\"Comment\",\"target\":[\"http:\/\/vincentians.com\/es\/24o-domingo-de-tiempo-ordinario-reflexion-de-antonio-elduayen-c-m\/#respond\"]}]},{\"@type\":\"WebPage\",\"@id\":\"http:\/\/vincentians.com\/es\/24o-domingo-de-tiempo-ordinario-reflexion-de-antonio-elduayen-c-m\/\",\"url\":\"http:\/\/vincentians.com\/es\/24o-domingo-de-tiempo-ordinario-reflexion-de-antonio-elduayen-c-m\/\",\"name\":\"24\u00ba Domingo de Tiempo Ordinario (reflexi\u00f3n de Antonio Elduayen, C.M.) - Somos Vicencianos\",\"isPartOf\":{\"@id\":\"http:\/\/vincentians.com\/es\/#website\"},\"primaryImageOfPage\":{\"@id\":\"http:\/\/vincentians.com\/es\/24o-domingo-de-tiempo-ordinario-reflexion-de-antonio-elduayen-c-m\/#primaryimage\"},\"image\":{\"@id\":\"http:\/\/vincentians.com\/es\/24o-domingo-de-tiempo-ordinario-reflexion-de-antonio-elduayen-c-m\/#primaryimage\"},\"thumbnailUrl\":\"https:\/\/i0.wp.com\/vincentians.com\/es\/wp-content\/uploads\/sites\/11\/2016\/07\/reflexiones-palabra-de-dios.jpg?fit=1200%2C630\",\"datePublished\":\"2012-09-14T05:00:44+00:00\",\"dateModified\":\"2016-07-24T08:29:42+00:00\",\"breadcrumb\":{\"@id\":\"http:\/\/vincentians.com\/es\/24o-domingo-de-tiempo-ordinario-reflexion-de-antonio-elduayen-c-m\/#breadcrumb\"},\"inLanguage\":\"es\",\"potentialAction\":[{\"@type\":\"ReadAction\",\"target\":[\"http:\/\/vincentians.com\/es\/24o-domingo-de-tiempo-ordinario-reflexion-de-antonio-elduayen-c-m\/\"]}]},{\"@type\":\"ImageObject\",\"inLanguage\":\"es\",\"@id\":\"http:\/\/vincentians.com\/es\/24o-domingo-de-tiempo-ordinario-reflexion-de-antonio-elduayen-c-m\/#primaryimage\",\"url\":\"https:\/\/i0.wp.com\/vincentians.com\/es\/wp-content\/uploads\/sites\/11\/2016\/07\/reflexiones-palabra-de-dios.jpg?fit=1200%2C630\",\"contentUrl\":\"https:\/\/i0.wp.com\/vincentians.com\/es\/wp-content\/uploads\/sites\/11\/2016\/07\/reflexiones-palabra-de-dios.jpg?fit=1200%2C630\",\"width\":1200,\"height\":630},{\"@type\":\"BreadcrumbList\",\"@id\":\"http:\/\/vincentians.com\/es\/24o-domingo-de-tiempo-ordinario-reflexion-de-antonio-elduayen-c-m\/#breadcrumb\",\"itemListElement\":[{\"@type\":\"ListItem\",\"position\":1,\"name\":\"Portada\",\"item\":\"http:\/\/vincentians.com\/es\/\"},{\"@type\":\"ListItem\",\"position\":2,\"name\":\"24\u00ba Domingo de Tiempo Ordinario (reflexi\u00f3n de Antonio Elduayen, C.M.)\"}]},{\"@type\":\"WebSite\",\"@id\":\"http:\/\/vincentians.com\/es\/#website\",\"url\":\"http:\/\/vincentians.com\/es\/\",\"name\":\"Somos Vicencianos\",\"description\":\"Know more to serve more\",\"publisher\":{\"@id\":\"http:\/\/vincentians.com\/es\/#organization\"},\"potentialAction\":[{\"@type\":\"SearchAction\",\"target\":{\"@type\":\"EntryPoint\",\"urlTemplate\":\"http:\/\/vincentians.com\/es\/?s={search_term_string}\"},\"query-input\":{\"@type\":\"PropertyValueSpecification\",\"valueRequired\":true,\"valueName\":\"search_term_string\"}}],\"inLanguage\":\"es\"},{\"@type\":\"Organization\",\"@id\":\"http:\/\/vincentians.com\/es\/#organization\",\"name\":\"The Vincentian Network\",\"url\":\"http:\/\/vincentians.com\/es\/\",\"logo\":{\"@type\":\"ImageObject\",\"inLanguage\":\"es\",\"@id\":\"http:\/\/vincentians.com\/es\/#\/schema\/logo\/image\/\",\"url\":\"https:\/\/i1.wp.com\/vincentians.com\/es\/wp-content\/uploads\/sites\/11\/2016\/06\/Vincentian-Network-logo-big.png?fit=778%2C778\",\"contentUrl\":\"https:\/\/i1.wp.com\/vincentians.com\/es\/wp-content\/uploads\/sites\/11\/2016\/06\/Vincentian-Network-logo-big.png?fit=778%2C778\",\"width\":778,\"height\":778,\"caption\":\"The Vincentian Network\"},\"image\":{\"@id\":\"http:\/\/vincentians.com\/es\/#\/schema\/logo\/image\/\"},\"sameAs\":[\"https:\/\/www.facebook.com\/WeAreVincentians\/\",\"https:\/\/x.com\/WeVincentians\"]},{\"@type\":\"Person\",\"@id\":\"http:\/\/vincentians.com\/es\/#\/schema\/person\/9623ef4d9aa3b2dfb8c061f1499288f2\",\"name\":\"Francisco Javier Fern\u00e1ndez Chento\",\"image\":{\"@type\":\"ImageObject\",\"inLanguage\":\"es\",\"@id\":\"http:\/\/vincentians.com\/es\/#\/schema\/person\/image\/\",\"url\":\"https:\/\/secure.gravatar.com\/avatar\/497d5cde87b4c3d097d0315953521681ba2cd523ee66e5077c3711f7021e65de?s=96&d=mm&r=g\",\"contentUrl\":\"https:\/\/secure.gravatar.com\/avatar\/497d5cde87b4c3d097d0315953521681ba2cd523ee66e5077c3711f7021e65de?s=96&d=mm&r=g\",\"caption\":\"Francisco Javier Fern\u00e1ndez Chento\"},\"description\":\"Director General y cofundador de La Red de Formaci\u00f3n Vicenciana. Javier es laico vicenciano, afiliado a la Congregaci\u00f3n de la Misi\u00f3n y miembro del Equipo de Misiones Populares de la provincia can\u00f3nica de Zaragoza (Espa\u00f1a) de la Congregaci\u00f3n de la Misi\u00f3n. Graduado en la Universidad Oberta de Catalunya con cuatro grados (Asistente de direcci\u00f3n, Gesti\u00f3n Administrativa, Recursos Humanos y Contabilidad Avanzada). Bil\u00edng\u00fce Espa\u00f1ol\/Ingl\u00e9s. gestiona y mantiene varias p\u00e1ginas web cristianas y vicencianas, incluida including La Red de Formaci\u00f3n Vicenciana, de la que es cofundador. Actualmente es responsable del \u00e1rea de Espa\u00f1ol de .famvin, la Red de Noticias de la Familia Vicenciana. Tambi\u00e9n es m\u00fasico cat\u00f3lico y ha editado varios discos. Es Director General y cofundador de Trovador, una reconocida compa\u00f1\u00eda discogr\u00e1fica critiana de Espa\u00f1a. Trabaja en las Tecnolog\u00edas de la Informaci\u00f3n, ofreciendo servicios de alojamiento, dise\u00f1o y mantenimiento Web, as\u00ed como asesoramiento, formaci\u00f3n y soluciones inform\u00e1ticas, gesti\u00f3n documental y digitalizaci\u00f3n de textos, edici\u00f3n y maquetaci\u00f3n de libros, revistas, flyers, etc.\",\"sameAs\":[\"http:\/\/chento.org\",\"https:\/\/www.facebook.com\/JavierChento\",\"https:\/\/x.com\/https:\/\/twitter.com\/javierchento\"],\"url\":\"http:\/\/vincentians.com\/es\/author\/chento\/\"}]}<\/script>\n<!-- \/ Yoast SEO plugin. -->","yoast_head_json":{"title":"24\u00ba Domingo de Tiempo Ordinario (reflexi\u00f3n de Antonio Elduayen, C.M.) - Somos Vicencianos","robots":{"index":"index","follow":"follow","max-snippet":"max-snippet:-1","max-image-preview":"max-image-preview:large","max-video-preview":"max-video-preview:-1"},"canonical":"http:\/\/vincentians.com\/es\/24o-domingo-de-tiempo-ordinario-reflexion-de-antonio-elduayen-c-m\/","og_locale":"es_ES","og_type":"article","og_title":"24\u00ba Domingo de Tiempo Ordinario (reflexi\u00f3n de Antonio Elduayen, C.M.) - Somos Vicencianos","og_description":"Queridos amigos \u00bfQui\u00e9n dicen ustedes que soy yo? Es la gran pregunta que nos sigue haciendo Jes\u00fas. En el contexto del evangelio (Mc 8, 27-35), no le interesa saber en qu\u00e9 concepto le tenemos, si ... Read More","og_url":"http:\/\/vincentians.com\/es\/24o-domingo-de-tiempo-ordinario-reflexion-de-antonio-elduayen-c-m\/","og_site_name":"Somos Vicencianos","article_publisher":"https:\/\/www.facebook.com\/WeAreVincentians\/","article_author":"https:\/\/www.facebook.com\/JavierChento","article_published_time":"2012-09-14T05:00:44+00:00","article_modified_time":"2016-07-24T08:29:42+00:00","og_image":[{"width":1200,"height":630,"url":"https:\/\/i0.wp.com\/vincentians.com\/es\/wp-content\/uploads\/sites\/11\/2016\/07\/reflexiones-palabra-de-dios.jpg?fit=1200%2C630","type":"image\/jpeg"}],"author":"Francisco Javier Fern\u00e1ndez Chento","twitter_card":"summary_large_image","twitter_creator":"@https:\/\/twitter.com\/javierchento","twitter_site":"@WeVincentians","twitter_misc":{"Escrito por":"Francisco Javier Fern\u00e1ndez Chento","Tiempo de lectura":"3 minutos"},"schema":{"@context":"https:\/\/schema.org","@graph":[{"@type":"Article","@id":"http:\/\/vincentians.com\/es\/24o-domingo-de-tiempo-ordinario-reflexion-de-antonio-elduayen-c-m\/#article","isPartOf":{"@id":"http:\/\/vincentians.com\/es\/24o-domingo-de-tiempo-ordinario-reflexion-de-antonio-elduayen-c-m\/"},"author":{"name":"Francisco Javier Fern\u00e1ndez Chento","@id":"http:\/\/vincentians.com\/es\/#\/schema\/person\/9623ef4d9aa3b2dfb8c061f1499288f2"},"headline":"24\u00ba Domingo de Tiempo Ordinario (reflexi\u00f3n de Antonio Elduayen, C.M.)","datePublished":"2012-09-14T05:00:44+00:00","dateModified":"2016-07-24T08:29:42+00:00","mainEntityOfPage":{"@id":"http:\/\/vincentians.com\/es\/24o-domingo-de-tiempo-ordinario-reflexion-de-antonio-elduayen-c-m\/"},"wordCount":566,"commentCount":0,"publisher":{"@id":"http:\/\/vincentians.com\/es\/#organization"},"image":{"@id":"http:\/\/vincentians.com\/es\/24o-domingo-de-tiempo-ordinario-reflexion-de-antonio-elduayen-c-m\/#primaryimage"},"thumbnailUrl":"https:\/\/i0.wp.com\/vincentians.com\/es\/wp-content\/uploads\/sites\/11\/2016\/07\/reflexiones-palabra-de-dios.jpg?fit=1200%2C630","articleSection":["Homil\u00edas y reflexiones, A\u00f1o B"],"inLanguage":"es","potentialAction":[{"@type":"CommentAction","name":"Comment","target":["http:\/\/vincentians.com\/es\/24o-domingo-de-tiempo-ordinario-reflexion-de-antonio-elduayen-c-m\/#respond"]}]},{"@type":"WebPage","@id":"http:\/\/vincentians.com\/es\/24o-domingo-de-tiempo-ordinario-reflexion-de-antonio-elduayen-c-m\/","url":"http:\/\/vincentians.com\/es\/24o-domingo-de-tiempo-ordinario-reflexion-de-antonio-elduayen-c-m\/","name":"24\u00ba Domingo de Tiempo Ordinario (reflexi\u00f3n de Antonio Elduayen, C.M.) - Somos Vicencianos","isPartOf":{"@id":"http:\/\/vincentians.com\/es\/#website"},"primaryImageOfPage":{"@id":"http:\/\/vincentians.com\/es\/24o-domingo-de-tiempo-ordinario-reflexion-de-antonio-elduayen-c-m\/#primaryimage"},"image":{"@id":"http:\/\/vincentians.com\/es\/24o-domingo-de-tiempo-ordinario-reflexion-de-antonio-elduayen-c-m\/#primaryimage"},"thumbnailUrl":"https:\/\/i0.wp.com\/vincentians.com\/es\/wp-content\/uploads\/sites\/11\/2016\/07\/reflexiones-palabra-de-dios.jpg?fit=1200%2C630","datePublished":"2012-09-14T05:00:44+00:00","dateModified":"2016-07-24T08:29:42+00:00","breadcrumb":{"@id":"http:\/\/vincentians.com\/es\/24o-domingo-de-tiempo-ordinario-reflexion-de-antonio-elduayen-c-m\/#breadcrumb"},"inLanguage":"es","potentialAction":[{"@type":"ReadAction","target":["http:\/\/vincentians.com\/es\/24o-domingo-de-tiempo-ordinario-reflexion-de-antonio-elduayen-c-m\/"]}]},{"@type":"ImageObject","inLanguage":"es","@id":"http:\/\/vincentians.com\/es\/24o-domingo-de-tiempo-ordinario-reflexion-de-antonio-elduayen-c-m\/#primaryimage","url":"https:\/\/i0.wp.com\/vincentians.com\/es\/wp-content\/uploads\/sites\/11\/2016\/07\/reflexiones-palabra-de-dios.jpg?fit=1200%2C630","contentUrl":"https:\/\/i0.wp.com\/vincentians.com\/es\/wp-content\/uploads\/sites\/11\/2016\/07\/reflexiones-palabra-de-dios.jpg?fit=1200%2C630","width":1200,"height":630},{"@type":"BreadcrumbList","@id":"http:\/\/vincentians.com\/es\/24o-domingo-de-tiempo-ordinario-reflexion-de-antonio-elduayen-c-m\/#breadcrumb","itemListElement":[{"@type":"ListItem","position":1,"name":"Portada","item":"http:\/\/vincentians.com\/es\/"},{"@type":"ListItem","position":2,"name":"24\u00ba Domingo de Tiempo Ordinario (reflexi\u00f3n de Antonio Elduayen, C.M.)"}]},{"@type":"WebSite","@id":"http:\/\/vincentians.com\/es\/#website","url":"http:\/\/vincentians.com\/es\/","name":"Somos Vicencianos","description":"Know more to serve more","publisher":{"@id":"http:\/\/vincentians.com\/es\/#organization"},"potentialAction":[{"@type":"SearchAction","target":{"@type":"EntryPoint","urlTemplate":"http:\/\/vincentians.com\/es\/?s={search_term_string}"},"query-input":{"@type":"PropertyValueSpecification","valueRequired":true,"valueName":"search_term_string"}}],"inLanguage":"es"},{"@type":"Organization","@id":"http:\/\/vincentians.com\/es\/#organization","name":"The Vincentian Network","url":"http:\/\/vincentians.com\/es\/","logo":{"@type":"ImageObject","inLanguage":"es","@id":"http:\/\/vincentians.com\/es\/#\/schema\/logo\/image\/","url":"https:\/\/i1.wp.com\/vincentians.com\/es\/wp-content\/uploads\/sites\/11\/2016\/06\/Vincentian-Network-logo-big.png?fit=778%2C778","contentUrl":"https:\/\/i1.wp.com\/vincentians.com\/es\/wp-content\/uploads\/sites\/11\/2016\/06\/Vincentian-Network-logo-big.png?fit=778%2C778","width":778,"height":778,"caption":"The Vincentian Network"},"image":{"@id":"http:\/\/vincentians.com\/es\/#\/schema\/logo\/image\/"},"sameAs":["https:\/\/www.facebook.com\/WeAreVincentians\/","https:\/\/x.com\/WeVincentians"]},{"@type":"Person","@id":"http:\/\/vincentians.com\/es\/#\/schema\/person\/9623ef4d9aa3b2dfb8c061f1499288f2","name":"Francisco Javier Fern\u00e1ndez Chento","image":{"@type":"ImageObject","inLanguage":"es","@id":"http:\/\/vincentians.com\/es\/#\/schema\/person\/image\/","url":"https:\/\/secure.gravatar.com\/avatar\/497d5cde87b4c3d097d0315953521681ba2cd523ee66e5077c3711f7021e65de?s=96&d=mm&r=g","contentUrl":"https:\/\/secure.gravatar.com\/avatar\/497d5cde87b4c3d097d0315953521681ba2cd523ee66e5077c3711f7021e65de?s=96&d=mm&r=g","caption":"Francisco Javier Fern\u00e1ndez Chento"},"description":"Director General y cofundador de La Red de Formaci\u00f3n Vicenciana. Javier es laico vicenciano, afiliado a la Congregaci\u00f3n de la Misi\u00f3n y miembro del Equipo de Misiones Populares de la provincia can\u00f3nica de Zaragoza (Espa\u00f1a) de la Congregaci\u00f3n de la Misi\u00f3n. Graduado en la Universidad Oberta de Catalunya con cuatro grados (Asistente de direcci\u00f3n, Gesti\u00f3n Administrativa, Recursos Humanos y Contabilidad Avanzada). Bil\u00edng\u00fce Espa\u00f1ol\/Ingl\u00e9s. gestiona y mantiene varias p\u00e1ginas web cristianas y vicencianas, incluida including La Red de Formaci\u00f3n Vicenciana, de la que es cofundador. Actualmente es responsable del \u00e1rea de Espa\u00f1ol de .famvin, la Red de Noticias de la Familia Vicenciana. Tambi\u00e9n es m\u00fasico cat\u00f3lico y ha editado varios discos. Es Director General y cofundador de Trovador, una reconocida compa\u00f1\u00eda discogr\u00e1fica critiana de Espa\u00f1a. Trabaja en las Tecnolog\u00edas de la Informaci\u00f3n, ofreciendo servicios de alojamiento, dise\u00f1o y mantenimiento Web, as\u00ed como asesoramiento, formaci\u00f3n y soluciones inform\u00e1ticas, gesti\u00f3n documental y digitalizaci\u00f3n de textos, edici\u00f3n y maquetaci\u00f3n de libros, revistas, flyers, etc.","sameAs":["http:\/\/chento.org","https:\/\/www.facebook.com\/JavierChento","https:\/\/x.com\/https:\/\/twitter.com\/javierchento"],"url":"http:\/\/vincentians.com\/es\/author\/chento\/"}]}},"jetpack_publicize_connections":[],"jetpack_featured_media_url":"https:\/\/i0.wp.com\/vincentians.com\/es\/wp-content\/uploads\/sites\/11\/2016\/07\/reflexiones-palabra-de-dios.jpg?fit=1200%2C630","jetpack_sharing_enabled":true,"jetpack_shortlink":"https:\/\/wp.me\/p7ETMF-vu","jetpack-related-posts":[{"id":136987,"url":"http:\/\/vincentians.com\/es\/ascension-del-senor-reflexion-de-antonio-elduayen-c-m\/","url_meta":{"origin":1952,"position":0},"title":"Ascensi\u00f3n del Se\u00f1or (reflexi\u00f3n de Antonio Elduayen, C.M.)","author":"Francisco Javier Fern\u00e1ndez Chento","date":"30\/05\/2014","format":false,"excerpt":"Queridos amigos y amigas, La Ascensi\u00f3n del Se\u00f1or es la otra cara de la Resurrecci\u00f3n. Ciertamente es grande, lo m\u00e1ximo, haber vencido a la muerte (y al pecado causante de la misma). \u201cHa comenzado el reino de la vida y se ha disuelto el imperio de la muerte, nos dir\u00e1\u2026","rel":"","context":"En \u00abHomil\u00edas y reflexiones, A\u00f1o A\u00bb","block_context":{"text":"Homil\u00edas y reflexiones, A\u00f1o A","link":"http:\/\/vincentians.com\/es\/category\/homilias-y-reflexiones-a-la-palabra-de-dios\/homilias-y-reflexiones-ano-a\/"},"img":{"alt_text":"","src":"https:\/\/i0.wp.com\/vincentians.com\/es\/wp-content\/uploads\/sites\/11\/2016\/07\/reflexiones-palabra-de-dios.jpg?fit=1200%2C630&resize=350%2C200","width":350,"height":200,"srcset":"https:\/\/i0.wp.com\/vincentians.com\/es\/wp-content\/uploads\/sites\/11\/2016\/07\/reflexiones-palabra-de-dios.jpg?fit=1200%2C630&resize=350%2C200 1x, https:\/\/i0.wp.com\/vincentians.com\/es\/wp-content\/uploads\/sites\/11\/2016\/07\/reflexiones-palabra-de-dios.jpg?fit=1200%2C630&resize=525%2C300 1.5x, https:\/\/i0.wp.com\/vincentians.com\/es\/wp-content\/uploads\/sites\/11\/2016\/07\/reflexiones-palabra-de-dios.jpg?fit=1200%2C630&resize=700%2C400 2x, https:\/\/i0.wp.com\/vincentians.com\/es\/wp-content\/uploads\/sites\/11\/2016\/07\/reflexiones-palabra-de-dios.jpg?fit=1200%2C630&resize=1050%2C600 3x"},"classes":[]},{"id":136982,"url":"http:\/\/vincentians.com\/es\/ciclo-a-la-ascension-del-senor-reflexion-de-antonio-elduayen-c-m\/","url_meta":{"origin":1952,"position":1},"title":"Ciclo A, La Ascensi\u00f3n del Se\u00f1or (reflexi\u00f3n de Antonio Elduayen, C.M.)","author":"Francisco Javier Fern\u00e1ndez Chento","date":"03\/06\/2011","format":false,"excerpt":"Queridos amigos La Ascensi\u00f3n del Se\u00f1or es la otra cara de la Resurrecci\u00f3n. Ciertamente es grande, lo m\u00e1ximo, haber vencido a la muerte (y al pecado causante de la misma). Y es grande e in\u00e9dito haber estrenado un nuevo cuerpo, espiritual, lo llama S. Pablo (1 Cor 15,44) y una\u2026","rel":"","context":"En \u00abHomil\u00edas y reflexiones, A\u00f1o A\u00bb","block_context":{"text":"Homil\u00edas y reflexiones, A\u00f1o A","link":"http:\/\/vincentians.com\/es\/category\/homilias-y-reflexiones-a-la-palabra-de-dios\/homilias-y-reflexiones-ano-a\/"},"img":{"alt_text":"","src":"https:\/\/i0.wp.com\/vincentians.com\/es\/wp-content\/uploads\/sites\/11\/2016\/07\/reflexiones-palabra-de-dios.jpg?fit=1200%2C630&resize=350%2C200","width":350,"height":200,"srcset":"https:\/\/i0.wp.com\/vincentians.com\/es\/wp-content\/uploads\/sites\/11\/2016\/07\/reflexiones-palabra-de-dios.jpg?fit=1200%2C630&resize=350%2C200 1x, https:\/\/i0.wp.com\/vincentians.com\/es\/wp-content\/uploads\/sites\/11\/2016\/07\/reflexiones-palabra-de-dios.jpg?fit=1200%2C630&resize=525%2C300 1.5x, https:\/\/i0.wp.com\/vincentians.com\/es\/wp-content\/uploads\/sites\/11\/2016\/07\/reflexiones-palabra-de-dios.jpg?fit=1200%2C630&resize=700%2C400 2x, https:\/\/i0.wp.com\/vincentians.com\/es\/wp-content\/uploads\/sites\/11\/2016\/07\/reflexiones-palabra-de-dios.jpg?fit=1200%2C630&resize=1050%2C600 3x"},"classes":[]},{"id":135487,"url":"http:\/\/vincentians.com\/es\/4o-domingo-de-cuaresma-reflexion-de-honorio-lopez-c-m\/","url_meta":{"origin":1952,"position":2},"title":"4\u00ba domingo de Cuaresma (reflexi\u00f3n de Honorio L\u00f3pez, C.M.)","author":"Francisco Javier Fern\u00e1ndez Chento","date":"15\/03\/2015","format":false,"excerpt":"2 Cro 36, 14-16. 19-23; Sal 136, 1-6; Ef 2, 4-10; Jn 3, 14-21. \u201cTanto am\u00f3 Dios al mundo que le entreg\u00f3 a su Hijo \u00fanico\u201d Seguimos caminando, cuaresma arriba y al lado de Jes\u00fas de Nazaret, hacia su Pasi\u00f3n y su Pascua. No vamos solos, los dem\u00e1s y la\u2026","rel":"","context":"En \u00abHomil\u00edas y reflexiones, A\u00f1o B\u00bb","block_context":{"text":"Homil\u00edas y reflexiones, A\u00f1o B","link":"http:\/\/vincentians.com\/es\/category\/homilias-y-reflexiones-a-la-palabra-de-dios\/homilias-y-reflexiones-ano-b\/"},"img":{"alt_text":"","src":"https:\/\/i0.wp.com\/vincentians.com\/es\/wp-content\/uploads\/sites\/11\/2016\/07\/reflexiones-palabra-de-dios.jpg?fit=1200%2C630&resize=350%2C200","width":350,"height":200,"srcset":"https:\/\/i0.wp.com\/vincentians.com\/es\/wp-content\/uploads\/sites\/11\/2016\/07\/reflexiones-palabra-de-dios.jpg?fit=1200%2C630&resize=350%2C200 1x, https:\/\/i0.wp.com\/vincentians.com\/es\/wp-content\/uploads\/sites\/11\/2016\/07\/reflexiones-palabra-de-dios.jpg?fit=1200%2C630&resize=525%2C300 1.5x, https:\/\/i0.wp.com\/vincentians.com\/es\/wp-content\/uploads\/sites\/11\/2016\/07\/reflexiones-palabra-de-dios.jpg?fit=1200%2C630&resize=700%2C400 2x, https:\/\/i0.wp.com\/vincentians.com\/es\/wp-content\/uploads\/sites\/11\/2016\/07\/reflexiones-palabra-de-dios.jpg?fit=1200%2C630&resize=1050%2C600 3x"},"classes":[]},{"id":1873,"url":"http:\/\/vincentians.com\/es\/21o-domingo-de-tiempo-ordinario-reflexion-de-antonio-elduayen-c-m\/","url_meta":{"origin":1952,"position":3},"title":"21\u00ba Domingo de Tiempo Ordinario (reflexi\u00f3n de Antonio Elduayen, C.M.)","author":"Francisco Javier Fern\u00e1ndez Chento","date":"23\/08\/2012","format":false,"excerpt":"Queridos amigos Les dar\u00e9 mi carne en comida, dijo Jes\u00fas a la gente y a sus disc\u00edpulos (Jn 6, 51.55). Pero \u00bfquiso Jes\u00fas decir en verdad lo que dijo o hay que entenderlo de otro modo? La respuesta nos la da el evangelio de hoy (Jn 6, 60-69) y es\u2026","rel":"","context":"En \u00abHomil\u00edas y reflexiones, A\u00f1o B\u00bb","block_context":{"text":"Homil\u00edas y reflexiones, A\u00f1o B","link":"http:\/\/vincentians.com\/es\/category\/homilias-y-reflexiones-a-la-palabra-de-dios\/homilias-y-reflexiones-ano-b\/"},"img":{"alt_text":"","src":"https:\/\/i0.wp.com\/vincentians.com\/es\/wp-content\/uploads\/sites\/11\/2016\/07\/reflexiones-palabra-de-dios.jpg?fit=1200%2C630&resize=350%2C200","width":350,"height":200,"srcset":"https:\/\/i0.wp.com\/vincentians.com\/es\/wp-content\/uploads\/sites\/11\/2016\/07\/reflexiones-palabra-de-dios.jpg?fit=1200%2C630&resize=350%2C200 1x, https:\/\/i0.wp.com\/vincentians.com\/es\/wp-content\/uploads\/sites\/11\/2016\/07\/reflexiones-palabra-de-dios.jpg?fit=1200%2C630&resize=525%2C300 1.5x, https:\/\/i0.wp.com\/vincentians.com\/es\/wp-content\/uploads\/sites\/11\/2016\/07\/reflexiones-palabra-de-dios.jpg?fit=1200%2C630&resize=700%2C400 2x, https:\/\/i0.wp.com\/vincentians.com\/es\/wp-content\/uploads\/sites\/11\/2016\/07\/reflexiones-palabra-de-dios.jpg?fit=1200%2C630&resize=1050%2C600 3x"},"classes":[]},{"id":142127,"url":"http:\/\/vincentians.com\/es\/5o-domingo-de-cuaresma-reflexion-de-antonio-elduayen-c-m-3\/","url_meta":{"origin":1952,"position":4},"title":"5\u00ba Domingo de Cuaresma (reflexi\u00f3n de Antonio Elduayen, C.M.)","author":"Francisco Javier Fern\u00e1ndez Chento","date":"20\/03\/2015","format":false,"excerpt":"Queridos amigos, El de hoy es uno de los evangelios dominicales m\u00e1s pat\u00e9ticos e importantes sobre Jes\u00fas. Y lo escribe Juan (Jn 12, 20-33), como p\u00f3rtico de entrada a la Pasi\u00f3n, Muerte y Resurrecci\u00f3n (Exaltaci\u00f3n) del Se\u00f1or y a continuaci\u00f3n de lo que nosotros conocemos como el Domingo de Ramos\u2026","rel":"","context":"En \u00abHomil\u00edas y reflexiones, A\u00f1o B\u00bb","block_context":{"text":"Homil\u00edas y reflexiones, A\u00f1o B","link":"http:\/\/vincentians.com\/es\/category\/homilias-y-reflexiones-a-la-palabra-de-dios\/homilias-y-reflexiones-ano-b\/"},"img":{"alt_text":"","src":"https:\/\/i0.wp.com\/vincentians.com\/es\/wp-content\/uploads\/sites\/11\/2016\/07\/reflexiones-palabra-de-dios.jpg?fit=1200%2C630&resize=350%2C200","width":350,"height":200,"srcset":"https:\/\/i0.wp.com\/vincentians.com\/es\/wp-content\/uploads\/sites\/11\/2016\/07\/reflexiones-palabra-de-dios.jpg?fit=1200%2C630&resize=350%2C200 1x, https:\/\/i0.wp.com\/vincentians.com\/es\/wp-content\/uploads\/sites\/11\/2016\/07\/reflexiones-palabra-de-dios.jpg?fit=1200%2C630&resize=525%2C300 1.5x, https:\/\/i0.wp.com\/vincentians.com\/es\/wp-content\/uploads\/sites\/11\/2016\/07\/reflexiones-palabra-de-dios.jpg?fit=1200%2C630&resize=700%2C400 2x, https:\/\/i0.wp.com\/vincentians.com\/es\/wp-content\/uploads\/sites\/11\/2016\/07\/reflexiones-palabra-de-dios.jpg?fit=1200%2C630&resize=1050%2C600 3x"},"classes":[]},{"id":135793,"url":"http:\/\/vincentians.com\/es\/18o-domingo-de-tiempo-ordinario-reflexion-de-antonio-elduayen-c-m\/","url_meta":{"origin":1952,"position":5},"title":"18\u00ba Domingo de Tiempo Ordinario (reflexi\u00f3n de Antonio Elduayen, C.M.)","author":"Francisco Javier Fern\u00e1ndez Chento","date":"30\/07\/2015","format":false,"excerpt":"Queridos amigos Creer en Jesucristo es lo que Dios quiere que hagamos con toda nuestra alma. Es la obra que Dios pide de nosotros -opus Dei (la obra de Dios por excelencia) (Jn 5,29)-, entre las muchas obras que pudi\u00e9ramos hacer para agradarle y para servir al pr\u00f3jimo. Jes\u00fas la\u2026","rel":"","context":"En \u00abHomil\u00edas y reflexiones, A\u00f1o B\u00bb","block_context":{"text":"Homil\u00edas y reflexiones, A\u00f1o B","link":"http:\/\/vincentians.com\/es\/category\/homilias-y-reflexiones-a-la-palabra-de-dios\/homilias-y-reflexiones-ano-b\/"},"img":{"alt_text":"","src":"https:\/\/i0.wp.com\/vincentians.com\/es\/wp-content\/uploads\/sites\/11\/2016\/07\/reflexiones-palabra-de-dios.jpg?fit=1200%2C630&resize=350%2C200","width":350,"height":200,"srcset":"https:\/\/i0.wp.com\/vincentians.com\/es\/wp-content\/uploads\/sites\/11\/2016\/07\/reflexiones-palabra-de-dios.jpg?fit=1200%2C630&resize=350%2C200 1x, https:\/\/i0.wp.com\/vincentians.com\/es\/wp-content\/uploads\/sites\/11\/2016\/07\/reflexiones-palabra-de-dios.jpg?fit=1200%2C630&resize=525%2C300 1.5x, https:\/\/i0.wp.com\/vincentians.com\/es\/wp-content\/uploads\/sites\/11\/2016\/07\/reflexiones-palabra-de-dios.jpg?fit=1200%2C630&resize=700%2C400 2x, https:\/\/i0.wp.com\/vincentians.com\/es\/wp-content\/uploads\/sites\/11\/2016\/07\/reflexiones-palabra-de-dios.jpg?fit=1200%2C630&resize=1050%2C600 3x"},"classes":[]}],"_links":{"self":[{"href":"http:\/\/vincentians.com\/es\/wp-json\/wp\/v2\/posts\/1952","targetHints":{"allow":["GET"]}}],"collection":[{"href":"http:\/\/vincentians.com\/es\/wp-json\/wp\/v2\/posts"}],"about":[{"href":"http:\/\/vincentians.com\/es\/wp-json\/wp\/v2\/types\/post"}],"author":[{"embeddable":true,"href":"http:\/\/vincentians.com\/es\/wp-json\/wp\/v2\/users\/4"}],"replies":[{"embeddable":true,"href":"http:\/\/vincentians.com\/es\/wp-json\/wp\/v2\/comments?post=1952"}],"version-history":[{"count":0,"href":"http:\/\/vincentians.com\/es\/wp-json\/wp\/v2\/posts\/1952\/revisions"}],"wp:featuredmedia":[{"embeddable":true,"href":"http:\/\/vincentians.com\/es\/wp-json\/wp\/v2\/media\/388408"}],"wp:attachment":[{"href":"http:\/\/vincentians.com\/es\/wp-json\/wp\/v2\/media?parent=1952"}],"wp:term":[{"taxonomy":"category","embeddable":true,"href":"http:\/\/vincentians.com\/es\/wp-json\/wp\/v2\/categories?post=1952"},{"taxonomy":"post_tag","embeddable":true,"href":"http:\/\/vincentians.com\/es\/wp-json\/wp\/v2\/tags?post=1952"}],"curies":[{"name":"wp","href":"https:\/\/api.w.org\/{rel}","templated":true}]}}