{"id":1920,"date":"2012-09-03T04:30:20","date_gmt":"2012-09-03T02:30:20","guid":{"rendered":"http:\/\/somos.vicencianos.org\/comentarios\/2012\/08\/27\/22o-domingo-de-tiempo-ordinario-reflexion-de-jose-roman-flecha-2\/"},"modified":"2016-07-24T10:29:43","modified_gmt":"2016-07-24T08:29:43","slug":"23o-domingo-de-tiempo-ordinario-reflexion-de-jose-roman-flecha","status":"publish","type":"post","link":"http:\/\/vincentians.com\/es\/23o-domingo-de-tiempo-ordinario-reflexion-de-jose-roman-flecha\/","title":{"rendered":"23\u00ba Domingo de Tiempo Ordinario (reflexi\u00f3n de Jos\u00e9 Rom\u00e1n Flecha)"},"content":{"rendered":"<p align=\"center\"><strong>LOS O\u00cdDOS Y LA LENGUA<\/strong><br \/>\nDomingo 23 del tiempo ordinario, B<br \/>\n9 de septiembre de 2012<\/p>\n<p>\u201cSe despegar\u00e1n los ojos del ciego, los o\u00eddos del sordo se abrir\u00e1n, saltar\u00e1 como un ciervo el cojo, la lengua del mudo cantar\u00e1\u201d. Estos versos cantan y anuncian la promesa de un futuro apenas imaginable. Lo imposible se har\u00e1 posible. Y las utop\u00edas m\u00e1s incre\u00edbles se har\u00e1n realidad.<\/p>\n<p>Esas promesas y otras semejantes hoy se atribuyen a la ciencia y a la t\u00e9cnica. De hecho, el progreso se entiende precisamente como la superaci\u00f3n de las deficiencias humanas. El buen funcionamiento de los sentidos es se\u00f1al de salud y de juventud. Recuperar la vista, la audici\u00f3n o la palabra y caminar con agilidad son los milagros que hoy se esperan de la medicina.<\/p>\n<p>Con esas promesas, el profeta Isa\u00edas anunciaba a su pueblo la liberaci\u00f3n de la esclavitud que hab\u00eda padecido en Babilonia. Junto a la recuperaci\u00f3n de los sentidos, anunciaba \u00e9l que brotar\u00edan aguas en el desierto y que el p\u00e1ramo se convertir\u00eda en un estanque. Pero tampoco esos prodigios se atribu\u00edan a la t\u00e9cnica, sino a la acci\u00f3n del Se\u00f1or (Is 35, 4-7).<\/p>\n<p><strong>LOS SENTIDOS Y EL SENTIDO<\/strong><\/p>\n<p>El evangelio que hoy se proclama parece recoger aquellas aspiraciones de siempre. Hasta Jes\u00fas traen un sordo que tiene grandes dificultades parar hablar correctamente. En Jes\u00fas encontrar\u00e1 la curaci\u00f3n. El que es la Palabra de Dios capacita al hombre para o\u00edr las palabras humanas y para recobrar la capacidad de expresarse.<\/p>\n<p>No sabemos si conoc\u00eda a Jes\u00fas. De hecho son otros los que lo conducen hasta el Se\u00f1or. Los que piden que le imponga las manos. El discapacitado depende de los dem\u00e1s. Pero Jes\u00fas lo aparta por un momento de la gente. El relato incluye una dial\u00e9ctica interesante. Son los dem\u00e1s los que nos acercan al Se\u00f1or, pero nuestra salvaci\u00f3n depende s\u00f3lo de \u00c9l.<\/p>\n<p>El sordo balbuciente tiene muy limitada la capacidad de comunicaci\u00f3n con los dem\u00e1s. Y esa discapacidad, limita sus posibilidades de disfrutar de la vida. Como han escrito los hermanos de la Comunidad de Bose, Jes\u00fas tiene que despertar sus \u201csentidos\u201d para que \u00e9l pueda redescubrir el \u201csentido\u201d del vivir.<\/p>\n<p>El evangelio no deja de se\u00f1alar el modo de la curaci\u00f3n. Jes\u00fas mete sus dedos en los o\u00eddos del sordo y con la saliva le toca la lengua. Son los gestos los que hacen inteligible la acci\u00f3n del Se\u00f1or. Pero los gestos no lo dicen todo, si no van acompa\u00f1ados por la orden de Jes\u00fas: \u201cEffet\u00e1\u201d, esto es \u201c\u00e1brete\u201d.<\/p>\n<p><strong>O\u00cdR Y HABLAR<\/strong><\/p>\n<p>El relato evang\u00e9lico concluye con un vibrante comentario: \u201cTodo lo ha hecho bien: hace o\u00edr a los sordos y hablar a los mudos\u201d. Ese es precisamente el eco que la acci\u00f3n de Jes\u00fas suscita en las gentes, asombradas al ver al sordo o\u00edr y hablar sin dificultad.<\/p>\n<p>\u2022 Jes\u00fas hace o\u00edr a los sordos. En tierra de paganos Jes\u00fas cura a este sordo. El puede o\u00edr al Se\u00f1or, mientras sus propios disc\u00edpulos parecen sordos a sus mensaje. Tambi\u00e9n hoy \u00c9l puede hacernos o\u00edr su Palabra. De ella depende la vida y la fe. Pero es preciso que nos acerquemos y nos dejemos tocar por \u00c9l.<\/p>\n<p>\u2022 Jes\u00fas hace hablar a los mudos\u201d. Tanto el que fue sordo como las gentes que lo contemplan se desatan en alabanzas del Se\u00f1or. Tambi\u00e9n hoy, quien ha escuchado con fe la palabra de Se\u00f1or ha de anunciar su mensaje con diligencia y esperanza. El evangelizado ha de convertirse en evangelizador.<\/p>\n<p>&#8211; <em>Se\u00f1or Jes\u00fas, t\u00fa conoces nuestra dificultades y resistencias para escuchar tu palabra y convertirla en l\u00e1mpara que alumbre nuestros pasos. Ay\u00fadanos a prestarle atenci\u00f3n y a pregonarla a los cuatro vientos. Porque s\u00f3lo t\u00fa tienes palabras de vida eterna. Am\u00e9n.<\/em><\/p>\n","protected":false},"excerpt":{"rendered":"<p>LOS O\u00cdDOS Y LA LENGUA Domingo 23 del tiempo ordinario, B 9 de septiembre de 2012 \u201cSe despegar\u00e1n los ojos del ciego, los o\u00eddos del sordo se abrir\u00e1n, saltar\u00e1 como un ciervo el cojo, la &#8230; <a href=\"http:\/\/vincentians.com\/es\/23o-domingo-de-tiempo-ordinario-reflexion-de-jose-roman-flecha\/\" class=\"more-link\">Read More<\/a><\/p>\n","protected":false},"author":4,"featured_media":5,"comment_status":"open","ping_status":"open","sticky":false,"template":"","format":"standard","meta":{"jetpack_post_was_ever_published":false,"_jetpack_newsletter_access":"","_jetpack_dont_email_post_to_subs":false,"_jetpack_newsletter_tier_id":0,"_jetpack_memberships_contains_paywalled_content":false,"_jetpack_memberships_contains_paid_content":false,"footnotes":"","jetpack_publicize_message":"","jetpack_publicize_feature_enabled":true,"jetpack_social_post_already_shared":true,"jetpack_social_options":{"image_generator_settings":{"template":"highway","default_image_id":0,"font":"","enabled":false},"version":2}},"categories":[93],"tags":[],"class_list":["post-1920","post","type-post","status-publish","format-standard","has-post-thumbnail","hentry","category-homilias-y-reflexiones-ano-b"],"yoast_head":"<!-- This site is optimized with the Yoast SEO plugin v26.3 - https:\/\/yoast.com\/wordpress\/plugins\/seo\/ -->\n<title>23\u00ba Domingo de Tiempo Ordinario (reflexi\u00f3n de Jos\u00e9 Rom\u00e1n Flecha) - Somos Vicencianos<\/title>\n<meta name=\"robots\" content=\"index, follow, max-snippet:-1, max-image-preview:large, max-video-preview:-1\" \/>\n<link rel=\"canonical\" href=\"http:\/\/vincentians.com\/es\/23o-domingo-de-tiempo-ordinario-reflexion-de-jose-roman-flecha\/\" \/>\n<meta property=\"og:locale\" content=\"es_ES\" \/>\n<meta property=\"og:type\" content=\"article\" \/>\n<meta property=\"og:title\" content=\"23\u00ba Domingo de Tiempo Ordinario (reflexi\u00f3n de Jos\u00e9 Rom\u00e1n Flecha) - Somos Vicencianos\" \/>\n<meta property=\"og:description\" content=\"LOS O\u00cdDOS Y LA LENGUA Domingo 23 del tiempo ordinario, B 9 de septiembre de 2012 \u201cSe despegar\u00e1n los ojos del ciego, los o\u00eddos del sordo se abrir\u00e1n, saltar\u00e1 como un ciervo el cojo, la ... Read More\" \/>\n<meta property=\"og:url\" content=\"http:\/\/vincentians.com\/es\/23o-domingo-de-tiempo-ordinario-reflexion-de-jose-roman-flecha\/\" \/>\n<meta property=\"og:site_name\" content=\"Somos Vicencianos\" \/>\n<meta property=\"article:publisher\" content=\"https:\/\/www.facebook.com\/WeAreVincentians\/\" \/>\n<meta property=\"article:author\" content=\"https:\/\/www.facebook.com\/JavierChento\" \/>\n<meta property=\"article:published_time\" content=\"2012-09-03T02:30:20+00:00\" \/>\n<meta property=\"article:modified_time\" content=\"2016-07-24T08:29:43+00:00\" \/>\n<meta property=\"og:image\" content=\"https:\/\/i0.wp.com\/vincentians.com\/es\/wp-content\/uploads\/sites\/11\/2016\/06\/president-signature.png?fit=236%2C64\" \/>\n\t<meta property=\"og:image:width\" content=\"236\" \/>\n\t<meta property=\"og:image:height\" content=\"64\" \/>\n\t<meta property=\"og:image:type\" content=\"image\/png\" \/>\n<meta name=\"author\" content=\"Francisco Javier Fern\u00e1ndez Chento\" \/>\n<meta name=\"twitter:card\" content=\"summary_large_image\" \/>\n<meta name=\"twitter:creator\" content=\"@https:\/\/twitter.com\/javierchento\" \/>\n<meta name=\"twitter:site\" content=\"@WeVincentians\" \/>\n<meta name=\"twitter:label1\" content=\"Escrito por\" \/>\n\t<meta name=\"twitter:data1\" content=\"Francisco Javier Fern\u00e1ndez Chento\" \/>\n\t<meta name=\"twitter:label2\" content=\"Tiempo de lectura\" \/>\n\t<meta name=\"twitter:data2\" content=\"3 minutos\" \/>\n<script type=\"application\/ld+json\" class=\"yoast-schema-graph\">{\"@context\":\"https:\/\/schema.org\",\"@graph\":[{\"@type\":\"Article\",\"@id\":\"http:\/\/vincentians.com\/es\/23o-domingo-de-tiempo-ordinario-reflexion-de-jose-roman-flecha\/#article\",\"isPartOf\":{\"@id\":\"http:\/\/vincentians.com\/es\/23o-domingo-de-tiempo-ordinario-reflexion-de-jose-roman-flecha\/\"},\"author\":{\"name\":\"Francisco Javier Fern\u00e1ndez Chento\",\"@id\":\"https:\/\/vincentians.com\/es\/#\/schema\/person\/9623ef4d9aa3b2dfb8c061f1499288f2\"},\"headline\":\"23\u00ba Domingo de Tiempo Ordinario (reflexi\u00f3n de Jos\u00e9 Rom\u00e1n Flecha)\",\"datePublished\":\"2012-09-03T02:30:20+00:00\",\"dateModified\":\"2016-07-24T08:29:43+00:00\",\"mainEntityOfPage\":{\"@id\":\"http:\/\/vincentians.com\/es\/23o-domingo-de-tiempo-ordinario-reflexion-de-jose-roman-flecha\/\"},\"wordCount\":695,\"commentCount\":0,\"publisher\":{\"@id\":\"https:\/\/vincentians.com\/es\/#organization\"},\"image\":{\"@id\":\"http:\/\/vincentians.com\/es\/23o-domingo-de-tiempo-ordinario-reflexion-de-jose-roman-flecha\/#primaryimage\"},\"thumbnailUrl\":\"https:\/\/i0.wp.com\/vincentians.com\/es\/wp-content\/uploads\/sites\/11\/2016\/06\/president-signature.png?fit=236%2C64\",\"articleSection\":[\"Homil\u00edas y reflexiones, A\u00f1o B\"],\"inLanguage\":\"es\",\"potentialAction\":[{\"@type\":\"CommentAction\",\"name\":\"Comment\",\"target\":[\"http:\/\/vincentians.com\/es\/23o-domingo-de-tiempo-ordinario-reflexion-de-jose-roman-flecha\/#respond\"]}]},{\"@type\":\"WebPage\",\"@id\":\"http:\/\/vincentians.com\/es\/23o-domingo-de-tiempo-ordinario-reflexion-de-jose-roman-flecha\/\",\"url\":\"http:\/\/vincentians.com\/es\/23o-domingo-de-tiempo-ordinario-reflexion-de-jose-roman-flecha\/\",\"name\":\"23\u00ba Domingo de Tiempo Ordinario (reflexi\u00f3n de Jos\u00e9 Rom\u00e1n Flecha) - Somos Vicencianos\",\"isPartOf\":{\"@id\":\"https:\/\/vincentians.com\/es\/#website\"},\"primaryImageOfPage\":{\"@id\":\"http:\/\/vincentians.com\/es\/23o-domingo-de-tiempo-ordinario-reflexion-de-jose-roman-flecha\/#primaryimage\"},\"image\":{\"@id\":\"http:\/\/vincentians.com\/es\/23o-domingo-de-tiempo-ordinario-reflexion-de-jose-roman-flecha\/#primaryimage\"},\"thumbnailUrl\":\"https:\/\/i0.wp.com\/vincentians.com\/es\/wp-content\/uploads\/sites\/11\/2016\/06\/president-signature.png?fit=236%2C64\",\"datePublished\":\"2012-09-03T02:30:20+00:00\",\"dateModified\":\"2016-07-24T08:29:43+00:00\",\"breadcrumb\":{\"@id\":\"http:\/\/vincentians.com\/es\/23o-domingo-de-tiempo-ordinario-reflexion-de-jose-roman-flecha\/#breadcrumb\"},\"inLanguage\":\"es\",\"potentialAction\":[{\"@type\":\"ReadAction\",\"target\":[\"http:\/\/vincentians.com\/es\/23o-domingo-de-tiempo-ordinario-reflexion-de-jose-roman-flecha\/\"]}]},{\"@type\":\"ImageObject\",\"inLanguage\":\"es\",\"@id\":\"http:\/\/vincentians.com\/es\/23o-domingo-de-tiempo-ordinario-reflexion-de-jose-roman-flecha\/#primaryimage\",\"url\":\"https:\/\/i0.wp.com\/vincentians.com\/es\/wp-content\/uploads\/sites\/11\/2016\/06\/president-signature.png?fit=236%2C64\",\"contentUrl\":\"https:\/\/i0.wp.com\/vincentians.com\/es\/wp-content\/uploads\/sites\/11\/2016\/06\/president-signature.png?fit=236%2C64\",\"width\":236,\"height\":64},{\"@type\":\"BreadcrumbList\",\"@id\":\"http:\/\/vincentians.com\/es\/23o-domingo-de-tiempo-ordinario-reflexion-de-jose-roman-flecha\/#breadcrumb\",\"itemListElement\":[{\"@type\":\"ListItem\",\"position\":1,\"name\":\"Portada\",\"item\":\"https:\/\/vincentians.com\/es\/\"},{\"@type\":\"ListItem\",\"position\":2,\"name\":\"23\u00ba Domingo de Tiempo Ordinario (reflexi\u00f3n de Jos\u00e9 Rom\u00e1n Flecha)\"}]},{\"@type\":\"WebSite\",\"@id\":\"https:\/\/vincentians.com\/es\/#website\",\"url\":\"https:\/\/vincentians.com\/es\/\",\"name\":\"Somos Vicencianos\",\"description\":\"Know more to serve more\",\"publisher\":{\"@id\":\"https:\/\/vincentians.com\/es\/#organization\"},\"potentialAction\":[{\"@type\":\"SearchAction\",\"target\":{\"@type\":\"EntryPoint\",\"urlTemplate\":\"https:\/\/vincentians.com\/es\/?s={search_term_string}\"},\"query-input\":{\"@type\":\"PropertyValueSpecification\",\"valueRequired\":true,\"valueName\":\"search_term_string\"}}],\"inLanguage\":\"es\"},{\"@type\":\"Organization\",\"@id\":\"https:\/\/vincentians.com\/es\/#organization\",\"name\":\"The Vincentian Network\",\"url\":\"https:\/\/vincentians.com\/es\/\",\"logo\":{\"@type\":\"ImageObject\",\"inLanguage\":\"es\",\"@id\":\"https:\/\/vincentians.com\/es\/#\/schema\/logo\/image\/\",\"url\":\"https:\/\/i1.wp.com\/vincentians.com\/es\/wp-content\/uploads\/sites\/11\/2016\/06\/Vincentian-Network-logo-big.png?fit=778%2C778\",\"contentUrl\":\"https:\/\/i1.wp.com\/vincentians.com\/es\/wp-content\/uploads\/sites\/11\/2016\/06\/Vincentian-Network-logo-big.png?fit=778%2C778\",\"width\":778,\"height\":778,\"caption\":\"The Vincentian Network\"},\"image\":{\"@id\":\"https:\/\/vincentians.com\/es\/#\/schema\/logo\/image\/\"},\"sameAs\":[\"https:\/\/www.facebook.com\/WeAreVincentians\/\",\"https:\/\/x.com\/WeVincentians\"]},{\"@type\":\"Person\",\"@id\":\"https:\/\/vincentians.com\/es\/#\/schema\/person\/9623ef4d9aa3b2dfb8c061f1499288f2\",\"name\":\"Francisco Javier Fern\u00e1ndez Chento\",\"image\":{\"@type\":\"ImageObject\",\"inLanguage\":\"es\",\"@id\":\"https:\/\/vincentians.com\/es\/#\/schema\/person\/image\/\",\"url\":\"https:\/\/secure.gravatar.com\/avatar\/497d5cde87b4c3d097d0315953521681ba2cd523ee66e5077c3711f7021e65de?s=96&d=mm&r=g\",\"contentUrl\":\"https:\/\/secure.gravatar.com\/avatar\/497d5cde87b4c3d097d0315953521681ba2cd523ee66e5077c3711f7021e65de?s=96&d=mm&r=g\",\"caption\":\"Francisco Javier Fern\u00e1ndez Chento\"},\"description\":\"Director General y cofundador de La Red de Formaci\u00f3n Vicenciana. Javier es laico vicenciano, afiliado a la Congregaci\u00f3n de la Misi\u00f3n y miembro del Equipo de Misiones Populares de la provincia can\u00f3nica de Zaragoza (Espa\u00f1a) de la Congregaci\u00f3n de la Misi\u00f3n. Graduado en la Universidad Oberta de Catalunya con cuatro grados (Asistente de direcci\u00f3n, Gesti\u00f3n Administrativa, Recursos Humanos y Contabilidad Avanzada). Bil\u00edng\u00fce Espa\u00f1ol\/Ingl\u00e9s. gestiona y mantiene varias p\u00e1ginas web cristianas y vicencianas, incluida including La Red de Formaci\u00f3n Vicenciana, de la que es cofundador. Actualmente es responsable del \u00e1rea de Espa\u00f1ol de .famvin, la Red de Noticias de la Familia Vicenciana. Tambi\u00e9n es m\u00fasico cat\u00f3lico y ha editado varios discos. Es Director General y cofundador de Trovador, una reconocida compa\u00f1\u00eda discogr\u00e1fica critiana de Espa\u00f1a. Trabaja en las Tecnolog\u00edas de la Informaci\u00f3n, ofreciendo servicios de alojamiento, dise\u00f1o y mantenimiento Web, as\u00ed como asesoramiento, formaci\u00f3n y soluciones inform\u00e1ticas, gesti\u00f3n documental y digitalizaci\u00f3n de textos, edici\u00f3n y maquetaci\u00f3n de libros, revistas, flyers, etc.\",\"sameAs\":[\"http:\/\/chento.org\",\"https:\/\/www.facebook.com\/JavierChento\",\"https:\/\/x.com\/https:\/\/twitter.com\/javierchento\"],\"url\":\"http:\/\/vincentians.com\/es\/author\/chento\/\"}]}<\/script>\n<!-- \/ Yoast SEO plugin. -->","yoast_head_json":{"title":"23\u00ba Domingo de Tiempo Ordinario (reflexi\u00f3n de Jos\u00e9 Rom\u00e1n Flecha) - Somos Vicencianos","robots":{"index":"index","follow":"follow","max-snippet":"max-snippet:-1","max-image-preview":"max-image-preview:large","max-video-preview":"max-video-preview:-1"},"canonical":"http:\/\/vincentians.com\/es\/23o-domingo-de-tiempo-ordinario-reflexion-de-jose-roman-flecha\/","og_locale":"es_ES","og_type":"article","og_title":"23\u00ba Domingo de Tiempo Ordinario (reflexi\u00f3n de Jos\u00e9 Rom\u00e1n Flecha) - Somos Vicencianos","og_description":"LOS O\u00cdDOS Y LA LENGUA Domingo 23 del tiempo ordinario, B 9 de septiembre de 2012 \u201cSe despegar\u00e1n los ojos del ciego, los o\u00eddos del sordo se abrir\u00e1n, saltar\u00e1 como un ciervo el cojo, la ... Read More","og_url":"http:\/\/vincentians.com\/es\/23o-domingo-de-tiempo-ordinario-reflexion-de-jose-roman-flecha\/","og_site_name":"Somos Vicencianos","article_publisher":"https:\/\/www.facebook.com\/WeAreVincentians\/","article_author":"https:\/\/www.facebook.com\/JavierChento","article_published_time":"2012-09-03T02:30:20+00:00","article_modified_time":"2016-07-24T08:29:43+00:00","og_image":[{"width":236,"height":64,"url":"https:\/\/i0.wp.com\/vincentians.com\/es\/wp-content\/uploads\/sites\/11\/2016\/06\/president-signature.png?fit=236%2C64","type":"image\/png"}],"author":"Francisco Javier Fern\u00e1ndez Chento","twitter_card":"summary_large_image","twitter_creator":"@https:\/\/twitter.com\/javierchento","twitter_site":"@WeVincentians","twitter_misc":{"Escrito por":"Francisco Javier Fern\u00e1ndez Chento","Tiempo de lectura":"3 minutos"},"schema":{"@context":"https:\/\/schema.org","@graph":[{"@type":"Article","@id":"http:\/\/vincentians.com\/es\/23o-domingo-de-tiempo-ordinario-reflexion-de-jose-roman-flecha\/#article","isPartOf":{"@id":"http:\/\/vincentians.com\/es\/23o-domingo-de-tiempo-ordinario-reflexion-de-jose-roman-flecha\/"},"author":{"name":"Francisco Javier Fern\u00e1ndez Chento","@id":"https:\/\/vincentians.com\/es\/#\/schema\/person\/9623ef4d9aa3b2dfb8c061f1499288f2"},"headline":"23\u00ba Domingo de Tiempo Ordinario (reflexi\u00f3n de Jos\u00e9 Rom\u00e1n Flecha)","datePublished":"2012-09-03T02:30:20+00:00","dateModified":"2016-07-24T08:29:43+00:00","mainEntityOfPage":{"@id":"http:\/\/vincentians.com\/es\/23o-domingo-de-tiempo-ordinario-reflexion-de-jose-roman-flecha\/"},"wordCount":695,"commentCount":0,"publisher":{"@id":"https:\/\/vincentians.com\/es\/#organization"},"image":{"@id":"http:\/\/vincentians.com\/es\/23o-domingo-de-tiempo-ordinario-reflexion-de-jose-roman-flecha\/#primaryimage"},"thumbnailUrl":"https:\/\/i0.wp.com\/vincentians.com\/es\/wp-content\/uploads\/sites\/11\/2016\/06\/president-signature.png?fit=236%2C64","articleSection":["Homil\u00edas y reflexiones, A\u00f1o B"],"inLanguage":"es","potentialAction":[{"@type":"CommentAction","name":"Comment","target":["http:\/\/vincentians.com\/es\/23o-domingo-de-tiempo-ordinario-reflexion-de-jose-roman-flecha\/#respond"]}]},{"@type":"WebPage","@id":"http:\/\/vincentians.com\/es\/23o-domingo-de-tiempo-ordinario-reflexion-de-jose-roman-flecha\/","url":"http:\/\/vincentians.com\/es\/23o-domingo-de-tiempo-ordinario-reflexion-de-jose-roman-flecha\/","name":"23\u00ba Domingo de Tiempo Ordinario (reflexi\u00f3n de Jos\u00e9 Rom\u00e1n Flecha) - Somos Vicencianos","isPartOf":{"@id":"https:\/\/vincentians.com\/es\/#website"},"primaryImageOfPage":{"@id":"http:\/\/vincentians.com\/es\/23o-domingo-de-tiempo-ordinario-reflexion-de-jose-roman-flecha\/#primaryimage"},"image":{"@id":"http:\/\/vincentians.com\/es\/23o-domingo-de-tiempo-ordinario-reflexion-de-jose-roman-flecha\/#primaryimage"},"thumbnailUrl":"https:\/\/i0.wp.com\/vincentians.com\/es\/wp-content\/uploads\/sites\/11\/2016\/06\/president-signature.png?fit=236%2C64","datePublished":"2012-09-03T02:30:20+00:00","dateModified":"2016-07-24T08:29:43+00:00","breadcrumb":{"@id":"http:\/\/vincentians.com\/es\/23o-domingo-de-tiempo-ordinario-reflexion-de-jose-roman-flecha\/#breadcrumb"},"inLanguage":"es","potentialAction":[{"@type":"ReadAction","target":["http:\/\/vincentians.com\/es\/23o-domingo-de-tiempo-ordinario-reflexion-de-jose-roman-flecha\/"]}]},{"@type":"ImageObject","inLanguage":"es","@id":"http:\/\/vincentians.com\/es\/23o-domingo-de-tiempo-ordinario-reflexion-de-jose-roman-flecha\/#primaryimage","url":"https:\/\/i0.wp.com\/vincentians.com\/es\/wp-content\/uploads\/sites\/11\/2016\/06\/president-signature.png?fit=236%2C64","contentUrl":"https:\/\/i0.wp.com\/vincentians.com\/es\/wp-content\/uploads\/sites\/11\/2016\/06\/president-signature.png?fit=236%2C64","width":236,"height":64},{"@type":"BreadcrumbList","@id":"http:\/\/vincentians.com\/es\/23o-domingo-de-tiempo-ordinario-reflexion-de-jose-roman-flecha\/#breadcrumb","itemListElement":[{"@type":"ListItem","position":1,"name":"Portada","item":"https:\/\/vincentians.com\/es\/"},{"@type":"ListItem","position":2,"name":"23\u00ba Domingo de Tiempo Ordinario (reflexi\u00f3n de Jos\u00e9 Rom\u00e1n Flecha)"}]},{"@type":"WebSite","@id":"https:\/\/vincentians.com\/es\/#website","url":"https:\/\/vincentians.com\/es\/","name":"Somos Vicencianos","description":"Know more to serve more","publisher":{"@id":"https:\/\/vincentians.com\/es\/#organization"},"potentialAction":[{"@type":"SearchAction","target":{"@type":"EntryPoint","urlTemplate":"https:\/\/vincentians.com\/es\/?s={search_term_string}"},"query-input":{"@type":"PropertyValueSpecification","valueRequired":true,"valueName":"search_term_string"}}],"inLanguage":"es"},{"@type":"Organization","@id":"https:\/\/vincentians.com\/es\/#organization","name":"The Vincentian Network","url":"https:\/\/vincentians.com\/es\/","logo":{"@type":"ImageObject","inLanguage":"es","@id":"https:\/\/vincentians.com\/es\/#\/schema\/logo\/image\/","url":"https:\/\/i1.wp.com\/vincentians.com\/es\/wp-content\/uploads\/sites\/11\/2016\/06\/Vincentian-Network-logo-big.png?fit=778%2C778","contentUrl":"https:\/\/i1.wp.com\/vincentians.com\/es\/wp-content\/uploads\/sites\/11\/2016\/06\/Vincentian-Network-logo-big.png?fit=778%2C778","width":778,"height":778,"caption":"The Vincentian Network"},"image":{"@id":"https:\/\/vincentians.com\/es\/#\/schema\/logo\/image\/"},"sameAs":["https:\/\/www.facebook.com\/WeAreVincentians\/","https:\/\/x.com\/WeVincentians"]},{"@type":"Person","@id":"https:\/\/vincentians.com\/es\/#\/schema\/person\/9623ef4d9aa3b2dfb8c061f1499288f2","name":"Francisco Javier Fern\u00e1ndez Chento","image":{"@type":"ImageObject","inLanguage":"es","@id":"https:\/\/vincentians.com\/es\/#\/schema\/person\/image\/","url":"https:\/\/secure.gravatar.com\/avatar\/497d5cde87b4c3d097d0315953521681ba2cd523ee66e5077c3711f7021e65de?s=96&d=mm&r=g","contentUrl":"https:\/\/secure.gravatar.com\/avatar\/497d5cde87b4c3d097d0315953521681ba2cd523ee66e5077c3711f7021e65de?s=96&d=mm&r=g","caption":"Francisco Javier Fern\u00e1ndez Chento"},"description":"Director General y cofundador de La Red de Formaci\u00f3n Vicenciana. Javier es laico vicenciano, afiliado a la Congregaci\u00f3n de la Misi\u00f3n y miembro del Equipo de Misiones Populares de la provincia can\u00f3nica de Zaragoza (Espa\u00f1a) de la Congregaci\u00f3n de la Misi\u00f3n. Graduado en la Universidad Oberta de Catalunya con cuatro grados (Asistente de direcci\u00f3n, Gesti\u00f3n Administrativa, Recursos Humanos y Contabilidad Avanzada). Bil\u00edng\u00fce Espa\u00f1ol\/Ingl\u00e9s. gestiona y mantiene varias p\u00e1ginas web cristianas y vicencianas, incluida including La Red de Formaci\u00f3n Vicenciana, de la que es cofundador. Actualmente es responsable del \u00e1rea de Espa\u00f1ol de .famvin, la Red de Noticias de la Familia Vicenciana. Tambi\u00e9n es m\u00fasico cat\u00f3lico y ha editado varios discos. Es Director General y cofundador de Trovador, una reconocida compa\u00f1\u00eda discogr\u00e1fica critiana de Espa\u00f1a. Trabaja en las Tecnolog\u00edas de la Informaci\u00f3n, ofreciendo servicios de alojamiento, dise\u00f1o y mantenimiento Web, as\u00ed como asesoramiento, formaci\u00f3n y soluciones inform\u00e1ticas, gesti\u00f3n documental y digitalizaci\u00f3n de textos, edici\u00f3n y maquetaci\u00f3n de libros, revistas, flyers, etc.","sameAs":["http:\/\/chento.org","https:\/\/www.facebook.com\/JavierChento","https:\/\/x.com\/https:\/\/twitter.com\/javierchento"],"url":"http:\/\/vincentians.com\/es\/author\/chento\/"}]}},"jetpack_publicize_connections":[],"jetpack_featured_media_url":"https:\/\/i0.wp.com\/vincentians.com\/es\/wp-content\/uploads\/sites\/11\/2016\/06\/president-signature.png?fit=236%2C64","jetpack_sharing_enabled":true,"jetpack_shortlink":"https:\/\/wp.me\/p7ETMF-uY","jetpack-related-posts":[{"id":1925,"url":"http:\/\/vincentians.com\/es\/23o-domingo-de-tiempo-ordinario-reflexion-de-jose-antonio-pagola\/","url_meta":{"origin":1920,"position":0},"title":"23\u00ba Domingo de Tiempo Ordinario (reflexi\u00f3n de Jos\u00e9 Antonio Pagola)","author":"Francisco Javier Fern\u00e1ndez Chento","date":"03\/09\/2012","format":false,"excerpt":"Curar la sordera La curaci\u00f3n de un sordomudo en la regi\u00f3n pagana de Sid\u00f3n est\u00e1 narrada por Marcos con una intenci\u00f3n claramente pedag\u00f3gica. Es un enfermo muy especial. Ni oye ni habla. Vive encerrado en s\u00ed mismo, sin comunicarse con nadie. No se entera de que Jes\u00fas est\u00e1 pasando cerca\u2026","rel":"","context":"En \u00abHomil\u00edas y reflexiones, A\u00f1o B\u00bb","block_context":{"text":"Homil\u00edas y reflexiones, A\u00f1o B","link":"http:\/\/vincentians.com\/es\/category\/homilias-y-reflexiones-a-la-palabra-de-dios\/homilias-y-reflexiones-ano-b\/"},"img":{"alt_text":"","src":"https:\/\/i0.wp.com\/vincentians.com\/es\/wp-content\/uploads\/sites\/11\/2016\/07\/reflexiones-pagola.jpg?fit=1200%2C630&resize=350%2C200","width":350,"height":200,"srcset":"https:\/\/i0.wp.com\/vincentians.com\/es\/wp-content\/uploads\/sites\/11\/2016\/07\/reflexiones-pagola.jpg?fit=1200%2C630&resize=350%2C200 1x, https:\/\/i0.wp.com\/vincentians.com\/es\/wp-content\/uploads\/sites\/11\/2016\/07\/reflexiones-pagola.jpg?fit=1200%2C630&resize=525%2C300 1.5x, https:\/\/i0.wp.com\/vincentians.com\/es\/wp-content\/uploads\/sites\/11\/2016\/07\/reflexiones-pagola.jpg?fit=1200%2C630&resize=700%2C400 2x, https:\/\/i0.wp.com\/vincentians.com\/es\/wp-content\/uploads\/sites\/11\/2016\/07\/reflexiones-pagola.jpg?fit=1200%2C630&resize=1050%2C600 3x"},"classes":[]},{"id":135827,"url":"http:\/\/vincentians.com\/es\/ciclo-a-domingo-4%c2%ba-de-advientoreflexion-de-julio-cesar-villalobos-c-m\/","url_meta":{"origin":1920,"position":1},"title":"Ciclo A, Domingo 4\u00ba de Adviento (reflexi\u00f3n de Julio C\u00e9sar Villalobos, C.M.)","author":"Francisco Javier Fern\u00e1ndez Chento","date":"18\/12\/2010","format":false,"excerpt":"Muchas veces habr\u00eda o\u00eddo hablar a los profetas: \u201cla Virgen est\u00e1 en cinta y dar\u00e1 a luz un hijo, y le pondr\u00e1n por nombre Enmanuel, que significa Dios con nosotros\u201d (Is.7,10-14). Siempre se habr\u00eda preguntado: \u00bfqui\u00e9n llevar\u00eda semejante regalo?, \u00bfa qui\u00e9n le tocar\u00eda semejante bendici\u00f3n?, \u00bfqui\u00e9n ser\u00eda la elegida de\u2026","rel":"","context":"En \u00abHomil\u00edas y reflexiones, A\u00f1o A\u00bb","block_context":{"text":"Homil\u00edas y reflexiones, A\u00f1o A","link":"http:\/\/vincentians.com\/es\/category\/homilias-y-reflexiones-a-la-palabra-de-dios\/homilias-y-reflexiones-ano-a\/"},"img":{"alt_text":"","src":"","width":0,"height":0},"classes":[]},{"id":1318,"url":"http:\/\/vincentians.com\/es\/ciclo-b-7o-domingo-de-tiempo-ordinario-reflexion-de-julio-cesar-villalobos-c-m\/","url_meta":{"origin":1920,"position":2},"title":"Ciclo B, 7\u00ba Domingo de T.O. (reflexi\u00f3n de Julio C\u00e9sar Villalobos, C.M.)","author":"Francisco Javier Fern\u00e1ndez Chento","date":"18\/02\/2012","format":false,"excerpt":"Sabe, Dios, que necesitamos de \u00c9l \u00bfSabes Jes\u00fas? Desde la Cruz, todav\u00eda nos sigues mirando con cari\u00f1o a pesar de que te demos la espalda. \u00bfSabes Jes\u00fas? Est\u00e1s viniendo constantemente a nosotros como un Dios Todopoderoso y sin embargo dudamos de ti, de tu actuar en medio de la Iglesia\u2026","rel":"","context":"En \u00abHomil\u00edas y reflexiones, A\u00f1o B\u00bb","block_context":{"text":"Homil\u00edas y reflexiones, A\u00f1o B","link":"http:\/\/vincentians.com\/es\/category\/homilias-y-reflexiones-a-la-palabra-de-dios\/homilias-y-reflexiones-ano-b\/"},"img":{"alt_text":"","src":"https:\/\/i0.wp.com\/vincentians.com\/es\/wp-content\/uploads\/sites\/11\/2016\/07\/reflexiones-palabra-de-dios.jpg?fit=1200%2C630&resize=350%2C200","width":350,"height":200,"srcset":"https:\/\/i0.wp.com\/vincentians.com\/es\/wp-content\/uploads\/sites\/11\/2016\/07\/reflexiones-palabra-de-dios.jpg?fit=1200%2C630&resize=350%2C200 1x, https:\/\/i0.wp.com\/vincentians.com\/es\/wp-content\/uploads\/sites\/11\/2016\/07\/reflexiones-palabra-de-dios.jpg?fit=1200%2C630&resize=525%2C300 1.5x, https:\/\/i0.wp.com\/vincentians.com\/es\/wp-content\/uploads\/sites\/11\/2016\/07\/reflexiones-palabra-de-dios.jpg?fit=1200%2C630&resize=700%2C400 2x, https:\/\/i0.wp.com\/vincentians.com\/es\/wp-content\/uploads\/sites\/11\/2016\/07\/reflexiones-palabra-de-dios.jpg?fit=1200%2C630&resize=1050%2C600 3x"},"classes":[]},{"id":132985,"url":"http:\/\/vincentians.com\/es\/domingo-4o-de-adviento-reflexion-de-javier-balda-c-m\/","url_meta":{"origin":1920,"position":3},"title":"Domingo 4\u00ba de Adviento (reflexi\u00f3n de Javier Balda, C.M.)","author":"Francisco Javier Fern\u00e1ndez Chento","date":"20\/12\/2014","format":false,"excerpt":"La Anunciaci\u00f3n La promesa de redenci\u00f3n se va a hacer realidad. El anuncio de los profetas se hace presente en Mar\u00eda y en Jes\u00fas. El grito del pueblo de Israel ha encontrado eco en el coraz\u00f3n de Dios. El tiempo se ha cumplido y Dios Padre va a enviar a\u2026","rel":"","context":"En \u00abHomil\u00edas y reflexiones, A\u00f1o B\u00bb","block_context":{"text":"Homil\u00edas y reflexiones, A\u00f1o B","link":"http:\/\/vincentians.com\/es\/category\/homilias-y-reflexiones-a-la-palabra-de-dios\/homilias-y-reflexiones-ano-b\/"},"img":{"alt_text":"","src":"https:\/\/i0.wp.com\/vincentians.com\/es\/wp-content\/uploads\/sites\/11\/2016\/07\/reflexiones-palabra-de-dios.jpg?fit=1200%2C630&resize=350%2C200","width":350,"height":200,"srcset":"https:\/\/i0.wp.com\/vincentians.com\/es\/wp-content\/uploads\/sites\/11\/2016\/07\/reflexiones-palabra-de-dios.jpg?fit=1200%2C630&resize=350%2C200 1x, https:\/\/i0.wp.com\/vincentians.com\/es\/wp-content\/uploads\/sites\/11\/2016\/07\/reflexiones-palabra-de-dios.jpg?fit=1200%2C630&resize=525%2C300 1.5x, https:\/\/i0.wp.com\/vincentians.com\/es\/wp-content\/uploads\/sites\/11\/2016\/07\/reflexiones-palabra-de-dios.jpg?fit=1200%2C630&resize=700%2C400 2x, https:\/\/i0.wp.com\/vincentians.com\/es\/wp-content\/uploads\/sites\/11\/2016\/07\/reflexiones-palabra-de-dios.jpg?fit=1200%2C630&resize=1050%2C600 3x"},"classes":[]},{"id":169008,"url":"http:\/\/vincentians.com\/es\/11o-domingo-de-t-o-reflexion-de-jose-roman-flecha\/","url_meta":{"origin":1920,"position":4},"title":"11\u00ba Domingo de T.O. (reflexi\u00f3n de Jos\u00e9 Rom\u00e1n Flecha)","author":"Francisco Javier Fern\u00e1ndez Chento","date":"09\/06\/2015","format":false,"excerpt":"\u00c1RBOLES Y AVES Domingo 11\u00ba del Tiempo Ordinario. B. 14 de junio de 2015 \u201cArrancar\u00e9 una rama del alto cedro y la plantar\u00e9\u2026Y todos los \u00e1rboles silvestres sabr\u00e1n que yo soy el Se\u00f1or, que humilla los \u00e1rboles altos y ensalza los \u00e1rboles humildes, seca los \u00e1rboles lozanos y hace florecer\u2026","rel":"","context":"En \u00abHomil\u00edas y reflexiones, A\u00f1o B\u00bb","block_context":{"text":"Homil\u00edas y reflexiones, A\u00f1o B","link":"http:\/\/vincentians.com\/es\/category\/homilias-y-reflexiones-a-la-palabra-de-dios\/homilias-y-reflexiones-ano-b\/"},"img":{"alt_text":"","src":"https:\/\/i0.wp.com\/vincentians.com\/es\/wp-content\/uploads\/sites\/11\/2016\/07\/reflexiones-palabra-de-dios.jpg?fit=1200%2C630&resize=350%2C200","width":350,"height":200,"srcset":"https:\/\/i0.wp.com\/vincentians.com\/es\/wp-content\/uploads\/sites\/11\/2016\/07\/reflexiones-palabra-de-dios.jpg?fit=1200%2C630&resize=350%2C200 1x, https:\/\/i0.wp.com\/vincentians.com\/es\/wp-content\/uploads\/sites\/11\/2016\/07\/reflexiones-palabra-de-dios.jpg?fit=1200%2C630&resize=525%2C300 1.5x, https:\/\/i0.wp.com\/vincentians.com\/es\/wp-content\/uploads\/sites\/11\/2016\/07\/reflexiones-palabra-de-dios.jpg?fit=1200%2C630&resize=700%2C400 2x, https:\/\/i0.wp.com\/vincentians.com\/es\/wp-content\/uploads\/sites\/11\/2016\/07\/reflexiones-palabra-de-dios.jpg?fit=1200%2C630&resize=1050%2C600 3x"},"classes":[]},{"id":386824,"url":"http:\/\/vincentians.com\/es\/3o-domingo-de-t-o-reflexion-de-javier-balda\/","url_meta":{"origin":1920,"position":5},"title":"3\u00ba Domingo de T.O. (reflexi\u00f3n de Javier Balda)","author":"Francisco Javier Fern\u00e1ndez Chento","date":"23\/01\/2016","format":false,"excerpt":"Si en Isa\u00edas fue un himno de esperanza, en Jes\u00fas es un canto de un presente de gozo y alegr\u00eda. Si en Isa\u00edas era una promesa mantenida por el pueblo y que le obligaba a gritar: \u201cVen, pronto, Se\u00f1or\u201d, en Jes\u00fas la promesa ya es una realidad con su misma\u2026","rel":"","context":"En \u00abHomil\u00edas y reflexiones, A\u00f1o C\u00bb","block_context":{"text":"Homil\u00edas y reflexiones, A\u00f1o C","link":"http:\/\/vincentians.com\/es\/category\/homilias-y-reflexiones-a-la-palabra-de-dios\/homilias-y-reflexiones-ano-c\/"},"img":{"alt_text":"","src":"https:\/\/i0.wp.com\/vincentians.com\/es\/wp-content\/uploads\/sites\/11\/2016\/07\/reflexiones-palabra-de-dios.jpg?fit=1200%2C630&resize=350%2C200","width":350,"height":200,"srcset":"https:\/\/i0.wp.com\/vincentians.com\/es\/wp-content\/uploads\/sites\/11\/2016\/07\/reflexiones-palabra-de-dios.jpg?fit=1200%2C630&resize=350%2C200 1x, https:\/\/i0.wp.com\/vincentians.com\/es\/wp-content\/uploads\/sites\/11\/2016\/07\/reflexiones-palabra-de-dios.jpg?fit=1200%2C630&resize=525%2C300 1.5x, https:\/\/i0.wp.com\/vincentians.com\/es\/wp-content\/uploads\/sites\/11\/2016\/07\/reflexiones-palabra-de-dios.jpg?fit=1200%2C630&resize=700%2C400 2x, https:\/\/i0.wp.com\/vincentians.com\/es\/wp-content\/uploads\/sites\/11\/2016\/07\/reflexiones-palabra-de-dios.jpg?fit=1200%2C630&resize=1050%2C600 3x"},"classes":[]}],"_links":{"self":[{"href":"http:\/\/vincentians.com\/es\/wp-json\/wp\/v2\/posts\/1920","targetHints":{"allow":["GET"]}}],"collection":[{"href":"http:\/\/vincentians.com\/es\/wp-json\/wp\/v2\/posts"}],"about":[{"href":"http:\/\/vincentians.com\/es\/wp-json\/wp\/v2\/types\/post"}],"author":[{"embeddable":true,"href":"http:\/\/vincentians.com\/es\/wp-json\/wp\/v2\/users\/4"}],"replies":[{"embeddable":true,"href":"http:\/\/vincentians.com\/es\/wp-json\/wp\/v2\/comments?post=1920"}],"version-history":[{"count":0,"href":"http:\/\/vincentians.com\/es\/wp-json\/wp\/v2\/posts\/1920\/revisions"}],"wp:featuredmedia":[{"embeddable":true,"href":"http:\/\/vincentians.com\/es\/wp-json\/wp\/v2\/media\/5"}],"wp:attachment":[{"href":"http:\/\/vincentians.com\/es\/wp-json\/wp\/v2\/media?parent=1920"}],"wp:term":[{"taxonomy":"category","embeddable":true,"href":"http:\/\/vincentians.com\/es\/wp-json\/wp\/v2\/categories?post=1920"},{"taxonomy":"post_tag","embeddable":true,"href":"http:\/\/vincentians.com\/es\/wp-json\/wp\/v2\/tags?post=1920"}],"curies":[{"name":"wp","href":"https:\/\/api.w.org\/{rel}","templated":true}]}}