{"id":1891,"date":"2012-08-30T06:02:03","date_gmt":"2012-08-30T04:02:03","guid":{"rendered":"http:\/\/somos.vicencianos.org\/comentarios\/2012\/06\/22\/natividad-de-san-juan-bautista-reflexion-de-julio-cesar-villalobos-c-m-2\/"},"modified":"2016-07-24T10:29:43","modified_gmt":"2016-07-24T08:29:43","slug":"22o-domingo-de-tiempo-ordinario-reflexion-de-julio-cesar-villalobos-c-m","status":"publish","type":"post","link":"http:\/\/vincentians.com\/es\/22o-domingo-de-tiempo-ordinario-reflexion-de-julio-cesar-villalobos-c-m\/","title":{"rendered":"22\u00ba Domingo de Tiempo Ordinario (reflexi\u00f3n de Julio C\u00e9sar Villalobos, C.M.)"},"content":{"rendered":"<h2 align=\"center\">Las leyes de Dios, \u00bfme estorban o me hacen santo?<\/h2>\n<p>Una vez, estando en una charla con un buen grupo de fieles toc\u00e1bamos el tema, a manera de reflexi\u00f3n, de la fe y de sus exigencias: c\u00f3mo vivir de manera coherente con nuestra fe (cf.Stgo.2,14ss). Afirm\u00e1bamos tambi\u00e9n, aquello que creemos por fe, que todo encuentro con Jes\u00fas produce: conversi\u00f3n, sanaci\u00f3n, unidad, fidelidad, ganas de seguir adelante, y de proclamar su amor a otros, etc, aunque haya algunos que no quieran aceptarlo. No falt\u00f3 por ah\u00ed en este encuentro cuando algunas personas dijeron: \u201cPero la Iglesia exige mucho dijo una se\u00f1ora, muchas normas hay en las parroquias que conozco dijo un se\u00f1or, as\u00ed deber\u00edan ser todas las parroquias exigentes para ser buenos cristianos dijo otra se\u00f1ora, etc, y el encuentro se volvi\u00f3 interesante. Dios nos ilumin\u00f3 para hablarles de aquel joven rico que tuvo su encuentro con Jes\u00fas (cf.Mc.10,17-24). El joven, como cualquier persona le pregunta a Jes\u00fas por los requisitos para \u201cser bueno\u201d, \u201cpara ser buen cristiano\u201d\u2026Jes\u00fas le recuerda los mandamientos; pero el joven \u201cse excus\u00f3 de que ya los cumpli\u00f3\u201d, \u201cde que ya fue al catecismo\u201d, \u201cde que ya pas\u00f3 por una parroquia\u201d\u2026Jes\u00fas es grande, dice el texto: \u201cLO MIR\u00d3 CON CARI\u00d1O\u201d, esto para invitarle a ser santo, a ser feliz, a dejar de lado todo\u2026\u201d\u00e9l puso mala cara y se alej\u00f3 muy triste, porque pose\u00eda muchos bienes\u201d.<\/p>\n<p>Tiene raz\u00f3n Mois\u00e9s, cuando en nombre de Dios habla con seriedad sobre cu\u00e1l es la intenci\u00f3n de Dios: \u201c\u2026escucha las leyes y decretos que yo les mando cumplir. As\u00ed vivir\u00e1n\u2026No a\u00f1adan ni quiten nada a lo que yo les mande\u2026\u201d (Dt.4,1-2.6-8). \u00bfRealmente me estorban, me incomodan las leyes o mandatos de Dios?, \u00bfcu\u00e1nta gente hoy en d\u00eda vive sin un referente moral o sin par\u00e1metros \u00e9ticos? Por eso es que el mundo est\u00e1 como est\u00e1, porque no le hace caso a Dios. \u00bfNo ser\u00e1 que as\u00ed queramos vivir dentro de la Iglesia?, \u00bfcu\u00e1nta influencia hay de muchas tendencias filos\u00f3ficas o seudo religiosas como la nueva era que quiere debilitar a la Iglesia?&#8230;<\/p>\n<p>Hay, en el salmo 14 del d\u00eda de hoy como una especie de \u201creceta\u201d o \u201crequisitos\u201d para ser un aut\u00e9ntico hijo(a) de Dios, antecedido por la pregunta: \u201c\u00bfSe\u00f1or, \u00bfqui\u00e9n puede hospedarse en tu casa?\u201d. Y el salmista termina diciendo: \u201cEl que as\u00ed obra, NUNCA FALLAR\u00c1\u201d.<\/p>\n<p>\u00bfSabemos cu\u00e1les son, entre otras cosas, las razones de por qu\u00e9 deber\u00edamos aceptar las leyes de Dios?, Santiago en su carta nos la dice: \u201cTodo beneficio y todo don perfecto VIENE DE ARRIBA\u2026para que seamos como las primicias de la creaci\u00f3n. Aceptemos d\u00f3cilmente la palabra que ha sido sembrada en ustedes y es capaz de salvarlos\u201d (Stgo.1,17-18,21b-22.27).<\/p>\n<p>Qu\u00e9 ser\u00eda este mundo sin Dios, qu\u00e9 ser\u00edan nuestras parroquias, nuestra Iglesia sin Dios, qu\u00e9 ser\u00edan nuestras relaciones fraternas sin Dios y sin sus leyes o mandatos, qu\u00e9 ser\u00edan nuestras decisiones sin Dios y sin ser iluminadas por su Esp\u00edritu\u2026<\/p>\n<p>Los fariseos y los escriban, se caracterizaban por el estricto cumplimiento de las leyes mosaicas, y por hacer que otros las cumplan exactamente, cumplir por cumplir. Esto es lo que a Jes\u00fas \u201cle incomodaba\u201d cuando le preguntaron al ver que sus disc\u00edpulos no se lavaban las manos, porque com\u00edan con manos impuras dijeron: \u201c\u00bfPor qu\u00e9 comen tus disc\u00edpulos con manos impuras y no siguen la tradici\u00f3n de los mayores?\u201d (Mc.7,1-8.14-15.21-23). Hace recordar, Jes\u00fas, lo que para muchos hoy en d\u00eda, puede estorbar, incomodar o tener esa actitud de rechazo: \u201ceste pueblo me honra con los labios, pero su coraz\u00f3n est\u00e1 lejos de m\u00ed\u201d, \u201cnada que entre de fuera puede hacer al hombre impuro; lo que sale de dentro es lo que hace impuro al hombre\u201d.<\/p>\n<p>Jes\u00fas le motiv\u00f3 al joven rico para que acepte las exigencias de Dios dici\u00e9ndole: \u201c\u2026as\u00ed tendr\u00e1s un tesoro en el cielo. Luego ven y s\u00edgueme\u201d (Mc.10, 21).<\/p>\n<p>Ya es hora de vivir de cara a Dios, a su amor y a sus exigencias, aunque estas al principio me puedan ser inc\u00f3modas. No me puedo dar el lujo de vivir tanto tiempo de espaldas a Dios y a lo que \u00e9l quiere de m\u00ed, de ti y de todos: cat\u00f3licos y no cat\u00f3licos, creyentes y no creyentes, ricos o pobres\u2026<\/p>\n<p>Mateo 24, 13 dir\u00e1: \u201cEl que persevere hasta el final, ESE SE SALVAR\u00c1\u201d.<\/p>\n<p>Las leyes de Dios, \u00bfme estorban o me hacen santo? Escoge t\u00fa, \u00bfqu\u00e9 dices?<\/p>\n","protected":false},"excerpt":{"rendered":"<p>Las leyes de Dios, \u00bfme estorban o me hacen santo? Una vez, estando en una charla con un buen grupo de fieles toc\u00e1bamos el tema, a manera de reflexi\u00f3n, de la fe y de sus &#8230; <a href=\"http:\/\/vincentians.com\/es\/22o-domingo-de-tiempo-ordinario-reflexion-de-julio-cesar-villalobos-c-m\/\" class=\"more-link\">Read More<\/a><\/p>\n","protected":false},"author":4,"featured_media":5,"comment_status":"open","ping_status":"open","sticky":false,"template":"","format":"standard","meta":{"jetpack_post_was_ever_published":false,"_jetpack_newsletter_access":"","_jetpack_dont_email_post_to_subs":false,"_jetpack_newsletter_tier_id":0,"_jetpack_memberships_contains_paywalled_content":false,"_jetpack_memberships_contains_paid_content":false,"footnotes":"","jetpack_publicize_message":"","jetpack_publicize_feature_enabled":true,"jetpack_social_post_already_shared":true,"jetpack_social_options":{"image_generator_settings":{"template":"highway","default_image_id":0,"font":"","enabled":false},"version":2}},"categories":[93],"tags":[],"class_list":["post-1891","post","type-post","status-publish","format-standard","has-post-thumbnail","hentry","category-homilias-y-reflexiones-ano-b"],"yoast_head":"<!-- This site is optimized with the Yoast SEO plugin v26.3 - https:\/\/yoast.com\/wordpress\/plugins\/seo\/ -->\n<title>22\u00ba Domingo de Tiempo Ordinario (reflexi\u00f3n de Julio C\u00e9sar Villalobos, C.M.) - Somos Vicencianos<\/title>\n<meta name=\"robots\" content=\"index, follow, max-snippet:-1, max-image-preview:large, max-video-preview:-1\" \/>\n<link rel=\"canonical\" href=\"https:\/\/vincentians.com\/es\/22o-domingo-de-tiempo-ordinario-reflexion-de-julio-cesar-villalobos-c-m\/\" \/>\n<meta property=\"og:locale\" content=\"es_ES\" \/>\n<meta property=\"og:type\" content=\"article\" \/>\n<meta property=\"og:title\" content=\"22\u00ba Domingo de Tiempo Ordinario (reflexi\u00f3n de Julio C\u00e9sar Villalobos, C.M.) - Somos Vicencianos\" \/>\n<meta property=\"og:description\" content=\"Las leyes de Dios, \u00bfme estorban o me hacen santo? Una vez, estando en una charla con un buen grupo de fieles toc\u00e1bamos el tema, a manera de reflexi\u00f3n, de la fe y de sus ... Read More\" \/>\n<meta property=\"og:url\" content=\"https:\/\/vincentians.com\/es\/22o-domingo-de-tiempo-ordinario-reflexion-de-julio-cesar-villalobos-c-m\/\" \/>\n<meta property=\"og:site_name\" content=\"Somos Vicencianos\" \/>\n<meta property=\"article:publisher\" content=\"https:\/\/www.facebook.com\/WeAreVincentians\/\" \/>\n<meta property=\"article:author\" content=\"https:\/\/www.facebook.com\/JavierChento\" \/>\n<meta property=\"article:published_time\" content=\"2012-08-30T04:02:03+00:00\" \/>\n<meta property=\"article:modified_time\" content=\"2016-07-24T08:29:43+00:00\" \/>\n<meta property=\"og:image\" content=\"https:\/\/i0.wp.com\/vincentians.com\/es\/wp-content\/uploads\/sites\/11\/2016\/06\/president-signature.png?fit=236%2C64&ssl=1\" \/>\n\t<meta property=\"og:image:width\" content=\"236\" \/>\n\t<meta property=\"og:image:height\" content=\"64\" \/>\n\t<meta property=\"og:image:type\" content=\"image\/png\" \/>\n<meta name=\"author\" content=\"Francisco Javier Fern\u00e1ndez Chento\" \/>\n<meta name=\"twitter:card\" content=\"summary_large_image\" \/>\n<meta name=\"twitter:creator\" content=\"@https:\/\/twitter.com\/javierchento\" \/>\n<meta name=\"twitter:site\" content=\"@WeVincentians\" \/>\n<meta name=\"twitter:label1\" content=\"Escrito por\" \/>\n\t<meta name=\"twitter:data1\" content=\"Francisco Javier Fern\u00e1ndez Chento\" \/>\n\t<meta name=\"twitter:label2\" content=\"Tiempo de lectura\" \/>\n\t<meta name=\"twitter:data2\" content=\"4 minutos\" \/>\n<script type=\"application\/ld+json\" class=\"yoast-schema-graph\">{\"@context\":\"https:\/\/schema.org\",\"@graph\":[{\"@type\":\"Article\",\"@id\":\"https:\/\/vincentians.com\/es\/22o-domingo-de-tiempo-ordinario-reflexion-de-julio-cesar-villalobos-c-m\/#article\",\"isPartOf\":{\"@id\":\"https:\/\/vincentians.com\/es\/22o-domingo-de-tiempo-ordinario-reflexion-de-julio-cesar-villalobos-c-m\/\"},\"author\":{\"name\":\"Francisco Javier Fern\u00e1ndez Chento\",\"@id\":\"https:\/\/vincentians.com\/es\/#\/schema\/person\/9623ef4d9aa3b2dfb8c061f1499288f2\"},\"headline\":\"22\u00ba Domingo de Tiempo Ordinario (reflexi\u00f3n de Julio C\u00e9sar Villalobos, C.M.)\",\"datePublished\":\"2012-08-30T04:02:03+00:00\",\"dateModified\":\"2016-07-24T08:29:43+00:00\",\"mainEntityOfPage\":{\"@id\":\"https:\/\/vincentians.com\/es\/22o-domingo-de-tiempo-ordinario-reflexion-de-julio-cesar-villalobos-c-m\/\"},\"wordCount\":807,\"commentCount\":0,\"publisher\":{\"@id\":\"https:\/\/vincentians.com\/es\/#organization\"},\"image\":{\"@id\":\"https:\/\/vincentians.com\/es\/22o-domingo-de-tiempo-ordinario-reflexion-de-julio-cesar-villalobos-c-m\/#primaryimage\"},\"thumbnailUrl\":\"https:\/\/i0.wp.com\/vincentians.com\/es\/wp-content\/uploads\/sites\/11\/2016\/06\/president-signature.png?fit=236%2C64\",\"articleSection\":[\"Homil\u00edas y reflexiones, A\u00f1o B\"],\"inLanguage\":\"es\",\"potentialAction\":[{\"@type\":\"CommentAction\",\"name\":\"Comment\",\"target\":[\"https:\/\/vincentians.com\/es\/22o-domingo-de-tiempo-ordinario-reflexion-de-julio-cesar-villalobos-c-m\/#respond\"]}]},{\"@type\":\"WebPage\",\"@id\":\"https:\/\/vincentians.com\/es\/22o-domingo-de-tiempo-ordinario-reflexion-de-julio-cesar-villalobos-c-m\/\",\"url\":\"https:\/\/vincentians.com\/es\/22o-domingo-de-tiempo-ordinario-reflexion-de-julio-cesar-villalobos-c-m\/\",\"name\":\"22\u00ba Domingo de Tiempo Ordinario (reflexi\u00f3n de Julio C\u00e9sar Villalobos, C.M.) - Somos Vicencianos\",\"isPartOf\":{\"@id\":\"https:\/\/vincentians.com\/es\/#website\"},\"primaryImageOfPage\":{\"@id\":\"https:\/\/vincentians.com\/es\/22o-domingo-de-tiempo-ordinario-reflexion-de-julio-cesar-villalobos-c-m\/#primaryimage\"},\"image\":{\"@id\":\"https:\/\/vincentians.com\/es\/22o-domingo-de-tiempo-ordinario-reflexion-de-julio-cesar-villalobos-c-m\/#primaryimage\"},\"thumbnailUrl\":\"https:\/\/i0.wp.com\/vincentians.com\/es\/wp-content\/uploads\/sites\/11\/2016\/06\/president-signature.png?fit=236%2C64\",\"datePublished\":\"2012-08-30T04:02:03+00:00\",\"dateModified\":\"2016-07-24T08:29:43+00:00\",\"breadcrumb\":{\"@id\":\"https:\/\/vincentians.com\/es\/22o-domingo-de-tiempo-ordinario-reflexion-de-julio-cesar-villalobos-c-m\/#breadcrumb\"},\"inLanguage\":\"es\",\"potentialAction\":[{\"@type\":\"ReadAction\",\"target\":[\"https:\/\/vincentians.com\/es\/22o-domingo-de-tiempo-ordinario-reflexion-de-julio-cesar-villalobos-c-m\/\"]}]},{\"@type\":\"ImageObject\",\"inLanguage\":\"es\",\"@id\":\"https:\/\/vincentians.com\/es\/22o-domingo-de-tiempo-ordinario-reflexion-de-julio-cesar-villalobos-c-m\/#primaryimage\",\"url\":\"https:\/\/i0.wp.com\/vincentians.com\/es\/wp-content\/uploads\/sites\/11\/2016\/06\/president-signature.png?fit=236%2C64\",\"contentUrl\":\"https:\/\/i0.wp.com\/vincentians.com\/es\/wp-content\/uploads\/sites\/11\/2016\/06\/president-signature.png?fit=236%2C64\",\"width\":236,\"height\":64},{\"@type\":\"BreadcrumbList\",\"@id\":\"https:\/\/vincentians.com\/es\/22o-domingo-de-tiempo-ordinario-reflexion-de-julio-cesar-villalobos-c-m\/#breadcrumb\",\"itemListElement\":[{\"@type\":\"ListItem\",\"position\":1,\"name\":\"Portada\",\"item\":\"https:\/\/vincentians.com\/es\/\"},{\"@type\":\"ListItem\",\"position\":2,\"name\":\"22\u00ba Domingo de Tiempo Ordinario (reflexi\u00f3n de Julio C\u00e9sar Villalobos, C.M.)\"}]},{\"@type\":\"WebSite\",\"@id\":\"https:\/\/vincentians.com\/es\/#website\",\"url\":\"https:\/\/vincentians.com\/es\/\",\"name\":\"Somos Vicencianos\",\"description\":\"Know more to serve more\",\"publisher\":{\"@id\":\"https:\/\/vincentians.com\/es\/#organization\"},\"potentialAction\":[{\"@type\":\"SearchAction\",\"target\":{\"@type\":\"EntryPoint\",\"urlTemplate\":\"https:\/\/vincentians.com\/es\/?s={search_term_string}\"},\"query-input\":{\"@type\":\"PropertyValueSpecification\",\"valueRequired\":true,\"valueName\":\"search_term_string\"}}],\"inLanguage\":\"es\"},{\"@type\":\"Organization\",\"@id\":\"https:\/\/vincentians.com\/es\/#organization\",\"name\":\"The Vincentian Network\",\"url\":\"https:\/\/vincentians.com\/es\/\",\"logo\":{\"@type\":\"ImageObject\",\"inLanguage\":\"es\",\"@id\":\"https:\/\/vincentians.com\/es\/#\/schema\/logo\/image\/\",\"url\":\"https:\/\/i1.wp.com\/vincentians.com\/es\/wp-content\/uploads\/sites\/11\/2016\/06\/Vincentian-Network-logo-big.png?fit=778%2C778\",\"contentUrl\":\"https:\/\/i1.wp.com\/vincentians.com\/es\/wp-content\/uploads\/sites\/11\/2016\/06\/Vincentian-Network-logo-big.png?fit=778%2C778\",\"width\":778,\"height\":778,\"caption\":\"The Vincentian Network\"},\"image\":{\"@id\":\"https:\/\/vincentians.com\/es\/#\/schema\/logo\/image\/\"},\"sameAs\":[\"https:\/\/www.facebook.com\/WeAreVincentians\/\",\"https:\/\/x.com\/WeVincentians\"]},{\"@type\":\"Person\",\"@id\":\"https:\/\/vincentians.com\/es\/#\/schema\/person\/9623ef4d9aa3b2dfb8c061f1499288f2\",\"name\":\"Francisco Javier Fern\u00e1ndez Chento\",\"image\":{\"@type\":\"ImageObject\",\"inLanguage\":\"es\",\"@id\":\"https:\/\/vincentians.com\/es\/#\/schema\/person\/image\/\",\"url\":\"https:\/\/secure.gravatar.com\/avatar\/497d5cde87b4c3d097d0315953521681ba2cd523ee66e5077c3711f7021e65de?s=96&d=mm&r=g\",\"contentUrl\":\"https:\/\/secure.gravatar.com\/avatar\/497d5cde87b4c3d097d0315953521681ba2cd523ee66e5077c3711f7021e65de?s=96&d=mm&r=g\",\"caption\":\"Francisco Javier Fern\u00e1ndez Chento\"},\"description\":\"Director General y cofundador de La Red de Formaci\u00f3n Vicenciana. Javier es laico vicenciano, afiliado a la Congregaci\u00f3n de la Misi\u00f3n y miembro del Equipo de Misiones Populares de la provincia can\u00f3nica de Zaragoza (Espa\u00f1a) de la Congregaci\u00f3n de la Misi\u00f3n. Graduado en la Universidad Oberta de Catalunya con cuatro grados (Asistente de direcci\u00f3n, Gesti\u00f3n Administrativa, Recursos Humanos y Contabilidad Avanzada). Bil\u00edng\u00fce Espa\u00f1ol\/Ingl\u00e9s. gestiona y mantiene varias p\u00e1ginas web cristianas y vicencianas, incluida including La Red de Formaci\u00f3n Vicenciana, de la que es cofundador. Actualmente es responsable del \u00e1rea de Espa\u00f1ol de .famvin, la Red de Noticias de la Familia Vicenciana. Tambi\u00e9n es m\u00fasico cat\u00f3lico y ha editado varios discos. Es Director General y cofundador de Trovador, una reconocida compa\u00f1\u00eda discogr\u00e1fica critiana de Espa\u00f1a. Trabaja en las Tecnolog\u00edas de la Informaci\u00f3n, ofreciendo servicios de alojamiento, dise\u00f1o y mantenimiento Web, as\u00ed como asesoramiento, formaci\u00f3n y soluciones inform\u00e1ticas, gesti\u00f3n documental y digitalizaci\u00f3n de textos, edici\u00f3n y maquetaci\u00f3n de libros, revistas, flyers, etc.\",\"sameAs\":[\"http:\/\/chento.org\",\"https:\/\/www.facebook.com\/JavierChento\",\"https:\/\/x.com\/https:\/\/twitter.com\/javierchento\"],\"url\":\"http:\/\/vincentians.com\/es\/author\/chento\/\"}]}<\/script>\n<!-- \/ Yoast SEO plugin. -->","yoast_head_json":{"title":"22\u00ba Domingo de Tiempo Ordinario (reflexi\u00f3n de Julio C\u00e9sar Villalobos, C.M.) - Somos Vicencianos","robots":{"index":"index","follow":"follow","max-snippet":"max-snippet:-1","max-image-preview":"max-image-preview:large","max-video-preview":"max-video-preview:-1"},"canonical":"https:\/\/vincentians.com\/es\/22o-domingo-de-tiempo-ordinario-reflexion-de-julio-cesar-villalobos-c-m\/","og_locale":"es_ES","og_type":"article","og_title":"22\u00ba Domingo de Tiempo Ordinario (reflexi\u00f3n de Julio C\u00e9sar Villalobos, C.M.) - Somos Vicencianos","og_description":"Las leyes de Dios, \u00bfme estorban o me hacen santo? Una vez, estando en una charla con un buen grupo de fieles toc\u00e1bamos el tema, a manera de reflexi\u00f3n, de la fe y de sus ... Read More","og_url":"https:\/\/vincentians.com\/es\/22o-domingo-de-tiempo-ordinario-reflexion-de-julio-cesar-villalobos-c-m\/","og_site_name":"Somos Vicencianos","article_publisher":"https:\/\/www.facebook.com\/WeAreVincentians\/","article_author":"https:\/\/www.facebook.com\/JavierChento","article_published_time":"2012-08-30T04:02:03+00:00","article_modified_time":"2016-07-24T08:29:43+00:00","og_image":[{"width":236,"height":64,"url":"https:\/\/i0.wp.com\/vincentians.com\/es\/wp-content\/uploads\/sites\/11\/2016\/06\/president-signature.png?fit=236%2C64&ssl=1","type":"image\/png"}],"author":"Francisco Javier Fern\u00e1ndez Chento","twitter_card":"summary_large_image","twitter_creator":"@https:\/\/twitter.com\/javierchento","twitter_site":"@WeVincentians","twitter_misc":{"Escrito por":"Francisco Javier Fern\u00e1ndez Chento","Tiempo de lectura":"4 minutos"},"schema":{"@context":"https:\/\/schema.org","@graph":[{"@type":"Article","@id":"https:\/\/vincentians.com\/es\/22o-domingo-de-tiempo-ordinario-reflexion-de-julio-cesar-villalobos-c-m\/#article","isPartOf":{"@id":"https:\/\/vincentians.com\/es\/22o-domingo-de-tiempo-ordinario-reflexion-de-julio-cesar-villalobos-c-m\/"},"author":{"name":"Francisco Javier Fern\u00e1ndez Chento","@id":"https:\/\/vincentians.com\/es\/#\/schema\/person\/9623ef4d9aa3b2dfb8c061f1499288f2"},"headline":"22\u00ba Domingo de Tiempo Ordinario (reflexi\u00f3n de Julio C\u00e9sar Villalobos, C.M.)","datePublished":"2012-08-30T04:02:03+00:00","dateModified":"2016-07-24T08:29:43+00:00","mainEntityOfPage":{"@id":"https:\/\/vincentians.com\/es\/22o-domingo-de-tiempo-ordinario-reflexion-de-julio-cesar-villalobos-c-m\/"},"wordCount":807,"commentCount":0,"publisher":{"@id":"https:\/\/vincentians.com\/es\/#organization"},"image":{"@id":"https:\/\/vincentians.com\/es\/22o-domingo-de-tiempo-ordinario-reflexion-de-julio-cesar-villalobos-c-m\/#primaryimage"},"thumbnailUrl":"https:\/\/i0.wp.com\/vincentians.com\/es\/wp-content\/uploads\/sites\/11\/2016\/06\/president-signature.png?fit=236%2C64","articleSection":["Homil\u00edas y reflexiones, A\u00f1o B"],"inLanguage":"es","potentialAction":[{"@type":"CommentAction","name":"Comment","target":["https:\/\/vincentians.com\/es\/22o-domingo-de-tiempo-ordinario-reflexion-de-julio-cesar-villalobos-c-m\/#respond"]}]},{"@type":"WebPage","@id":"https:\/\/vincentians.com\/es\/22o-domingo-de-tiempo-ordinario-reflexion-de-julio-cesar-villalobos-c-m\/","url":"https:\/\/vincentians.com\/es\/22o-domingo-de-tiempo-ordinario-reflexion-de-julio-cesar-villalobos-c-m\/","name":"22\u00ba Domingo de Tiempo Ordinario (reflexi\u00f3n de Julio C\u00e9sar Villalobos, C.M.) - Somos Vicencianos","isPartOf":{"@id":"https:\/\/vincentians.com\/es\/#website"},"primaryImageOfPage":{"@id":"https:\/\/vincentians.com\/es\/22o-domingo-de-tiempo-ordinario-reflexion-de-julio-cesar-villalobos-c-m\/#primaryimage"},"image":{"@id":"https:\/\/vincentians.com\/es\/22o-domingo-de-tiempo-ordinario-reflexion-de-julio-cesar-villalobos-c-m\/#primaryimage"},"thumbnailUrl":"https:\/\/i0.wp.com\/vincentians.com\/es\/wp-content\/uploads\/sites\/11\/2016\/06\/president-signature.png?fit=236%2C64","datePublished":"2012-08-30T04:02:03+00:00","dateModified":"2016-07-24T08:29:43+00:00","breadcrumb":{"@id":"https:\/\/vincentians.com\/es\/22o-domingo-de-tiempo-ordinario-reflexion-de-julio-cesar-villalobos-c-m\/#breadcrumb"},"inLanguage":"es","potentialAction":[{"@type":"ReadAction","target":["https:\/\/vincentians.com\/es\/22o-domingo-de-tiempo-ordinario-reflexion-de-julio-cesar-villalobos-c-m\/"]}]},{"@type":"ImageObject","inLanguage":"es","@id":"https:\/\/vincentians.com\/es\/22o-domingo-de-tiempo-ordinario-reflexion-de-julio-cesar-villalobos-c-m\/#primaryimage","url":"https:\/\/i0.wp.com\/vincentians.com\/es\/wp-content\/uploads\/sites\/11\/2016\/06\/president-signature.png?fit=236%2C64","contentUrl":"https:\/\/i0.wp.com\/vincentians.com\/es\/wp-content\/uploads\/sites\/11\/2016\/06\/president-signature.png?fit=236%2C64","width":236,"height":64},{"@type":"BreadcrumbList","@id":"https:\/\/vincentians.com\/es\/22o-domingo-de-tiempo-ordinario-reflexion-de-julio-cesar-villalobos-c-m\/#breadcrumb","itemListElement":[{"@type":"ListItem","position":1,"name":"Portada","item":"https:\/\/vincentians.com\/es\/"},{"@type":"ListItem","position":2,"name":"22\u00ba Domingo de Tiempo Ordinario (reflexi\u00f3n de Julio C\u00e9sar Villalobos, C.M.)"}]},{"@type":"WebSite","@id":"https:\/\/vincentians.com\/es\/#website","url":"https:\/\/vincentians.com\/es\/","name":"Somos Vicencianos","description":"Know more to serve more","publisher":{"@id":"https:\/\/vincentians.com\/es\/#organization"},"potentialAction":[{"@type":"SearchAction","target":{"@type":"EntryPoint","urlTemplate":"https:\/\/vincentians.com\/es\/?s={search_term_string}"},"query-input":{"@type":"PropertyValueSpecification","valueRequired":true,"valueName":"search_term_string"}}],"inLanguage":"es"},{"@type":"Organization","@id":"https:\/\/vincentians.com\/es\/#organization","name":"The Vincentian Network","url":"https:\/\/vincentians.com\/es\/","logo":{"@type":"ImageObject","inLanguage":"es","@id":"https:\/\/vincentians.com\/es\/#\/schema\/logo\/image\/","url":"https:\/\/i1.wp.com\/vincentians.com\/es\/wp-content\/uploads\/sites\/11\/2016\/06\/Vincentian-Network-logo-big.png?fit=778%2C778","contentUrl":"https:\/\/i1.wp.com\/vincentians.com\/es\/wp-content\/uploads\/sites\/11\/2016\/06\/Vincentian-Network-logo-big.png?fit=778%2C778","width":778,"height":778,"caption":"The Vincentian Network"},"image":{"@id":"https:\/\/vincentians.com\/es\/#\/schema\/logo\/image\/"},"sameAs":["https:\/\/www.facebook.com\/WeAreVincentians\/","https:\/\/x.com\/WeVincentians"]},{"@type":"Person","@id":"https:\/\/vincentians.com\/es\/#\/schema\/person\/9623ef4d9aa3b2dfb8c061f1499288f2","name":"Francisco Javier Fern\u00e1ndez Chento","image":{"@type":"ImageObject","inLanguage":"es","@id":"https:\/\/vincentians.com\/es\/#\/schema\/person\/image\/","url":"https:\/\/secure.gravatar.com\/avatar\/497d5cde87b4c3d097d0315953521681ba2cd523ee66e5077c3711f7021e65de?s=96&d=mm&r=g","contentUrl":"https:\/\/secure.gravatar.com\/avatar\/497d5cde87b4c3d097d0315953521681ba2cd523ee66e5077c3711f7021e65de?s=96&d=mm&r=g","caption":"Francisco Javier Fern\u00e1ndez Chento"},"description":"Director General y cofundador de La Red de Formaci\u00f3n Vicenciana. Javier es laico vicenciano, afiliado a la Congregaci\u00f3n de la Misi\u00f3n y miembro del Equipo de Misiones Populares de la provincia can\u00f3nica de Zaragoza (Espa\u00f1a) de la Congregaci\u00f3n de la Misi\u00f3n. Graduado en la Universidad Oberta de Catalunya con cuatro grados (Asistente de direcci\u00f3n, Gesti\u00f3n Administrativa, Recursos Humanos y Contabilidad Avanzada). Bil\u00edng\u00fce Espa\u00f1ol\/Ingl\u00e9s. gestiona y mantiene varias p\u00e1ginas web cristianas y vicencianas, incluida including La Red de Formaci\u00f3n Vicenciana, de la que es cofundador. Actualmente es responsable del \u00e1rea de Espa\u00f1ol de .famvin, la Red de Noticias de la Familia Vicenciana. Tambi\u00e9n es m\u00fasico cat\u00f3lico y ha editado varios discos. Es Director General y cofundador de Trovador, una reconocida compa\u00f1\u00eda discogr\u00e1fica critiana de Espa\u00f1a. Trabaja en las Tecnolog\u00edas de la Informaci\u00f3n, ofreciendo servicios de alojamiento, dise\u00f1o y mantenimiento Web, as\u00ed como asesoramiento, formaci\u00f3n y soluciones inform\u00e1ticas, gesti\u00f3n documental y digitalizaci\u00f3n de textos, edici\u00f3n y maquetaci\u00f3n de libros, revistas, flyers, etc.","sameAs":["http:\/\/chento.org","https:\/\/www.facebook.com\/JavierChento","https:\/\/x.com\/https:\/\/twitter.com\/javierchento"],"url":"http:\/\/vincentians.com\/es\/author\/chento\/"}]}},"jetpack_publicize_connections":[],"jetpack_featured_media_url":"https:\/\/i0.wp.com\/vincentians.com\/es\/wp-content\/uploads\/sites\/11\/2016\/06\/president-signature.png?fit=236%2C64","jetpack_sharing_enabled":true,"jetpack_shortlink":"https:\/\/wp.me\/p7ETMF-uv","jetpack-related-posts":[{"id":4842,"url":"http:\/\/vincentians.com\/es\/bautismo-del-senor-reflexion-de-pedro-guillen-goni-c-m\/","url_meta":{"origin":1891,"position":0},"title":"Bautismo del Se\u00f1or (reflexi\u00f3n de Pedro Guill\u00e9n Go\u00f1i, C.M.)","author":"Francisco Javier Fern\u00e1ndez Chento","date":"09\/01\/2014","format":false,"excerpt":"Con la celebraci\u00f3n del Bautismo del Se\u00f1or culmina el tiempo de reflexi\u00f3n en torno al nacimiento del Hijo de Dios. Aquel Ni\u00f1o que se encarn\u00f3 en Mar\u00eda por obra del Esp\u00edritu Santo; que vivi\u00f3 durante a\u00f1os en la escuela oculta de sacrificio, abnegaci\u00f3n, oraci\u00f3n y trabajo en Nazaret y que\u2026","rel":"","context":"En \u00abHomil\u00edas y reflexiones, A\u00f1o A\u00bb","block_context":{"text":"Homil\u00edas y reflexiones, A\u00f1o A","link":"http:\/\/vincentians.com\/es\/category\/homilias-y-reflexiones-a-la-palabra-de-dios\/homilias-y-reflexiones-ano-a\/"},"img":{"alt_text":"","src":"https:\/\/i0.wp.com\/vincentians.com\/es\/wp-content\/uploads\/sites\/11\/2016\/07\/reflexiones-palabra-de-dios.jpg?fit=1200%2C630&resize=350%2C200","width":350,"height":200,"srcset":"https:\/\/i0.wp.com\/vincentians.com\/es\/wp-content\/uploads\/sites\/11\/2016\/07\/reflexiones-palabra-de-dios.jpg?fit=1200%2C630&resize=350%2C200 1x, https:\/\/i0.wp.com\/vincentians.com\/es\/wp-content\/uploads\/sites\/11\/2016\/07\/reflexiones-palabra-de-dios.jpg?fit=1200%2C630&resize=525%2C300 1.5x, https:\/\/i0.wp.com\/vincentians.com\/es\/wp-content\/uploads\/sites\/11\/2016\/07\/reflexiones-palabra-de-dios.jpg?fit=1200%2C630&resize=700%2C400 2x, https:\/\/i0.wp.com\/vincentians.com\/es\/wp-content\/uploads\/sites\/11\/2016\/07\/reflexiones-palabra-de-dios.jpg?fit=1200%2C630&resize=1050%2C600 3x"},"classes":[]},{"id":2602,"url":"http:\/\/vincentians.com\/es\/el-bautismo-del-senor-reflexion-de-pedro-guillen-goni-c-m\/","url_meta":{"origin":1891,"position":1},"title":"El Bautismo del Se\u00f1or (reflexi\u00f3n de Pedro Guill\u00e9n Go\u00f1i, C.M.)","author":"Francisco Javier Fern\u00e1ndez Chento","date":"11\/01\/2013","format":false,"excerpt":"Con la celebraci\u00f3n del Bautismo del Se\u00f1or culmina el tiempo de reflexi\u00f3n en torno al nacimiento del Hijo de Dios. Aquel Ni\u00f1o que se encarn\u00f3 en Mar\u00eda por obra del Esp\u00edritu Santo; que vivi\u00f3 durante a\u00f1os en la escuela oculta de sacrificio, abnegaci\u00f3n, oraci\u00f3n y trabajo en Nazaret y que\u2026","rel":"","context":"En \u00abHomil\u00edas y reflexiones, A\u00f1o C\u00bb","block_context":{"text":"Homil\u00edas y reflexiones, A\u00f1o C","link":"http:\/\/vincentians.com\/es\/category\/homilias-y-reflexiones-a-la-palabra-de-dios\/homilias-y-reflexiones-ano-c\/"},"img":{"alt_text":"","src":"https:\/\/i0.wp.com\/vincentians.com\/es\/wp-content\/uploads\/sites\/11\/2016\/07\/reflexiones-palabra-de-dios.jpg?fit=1200%2C630&resize=350%2C200","width":350,"height":200,"srcset":"https:\/\/i0.wp.com\/vincentians.com\/es\/wp-content\/uploads\/sites\/11\/2016\/07\/reflexiones-palabra-de-dios.jpg?fit=1200%2C630&resize=350%2C200 1x, https:\/\/i0.wp.com\/vincentians.com\/es\/wp-content\/uploads\/sites\/11\/2016\/07\/reflexiones-palabra-de-dios.jpg?fit=1200%2C630&resize=525%2C300 1.5x, https:\/\/i0.wp.com\/vincentians.com\/es\/wp-content\/uploads\/sites\/11\/2016\/07\/reflexiones-palabra-de-dios.jpg?fit=1200%2C630&resize=700%2C400 2x, https:\/\/i0.wp.com\/vincentians.com\/es\/wp-content\/uploads\/sites\/11\/2016\/07\/reflexiones-palabra-de-dios.jpg?fit=1200%2C630&resize=1050%2C600 3x"},"classes":[]},{"id":135668,"url":"http:\/\/vincentians.com\/es\/3o-domingo-de-tiempo-ordinario-reflexion-de-pedro-guillen-goni-c-m\/","url_meta":{"origin":1891,"position":2},"title":"3\u00ba Domingo de T.O. (reflexi\u00f3n de Pedro Guill\u00e9n Go\u00f1i, C.M.)","author":"Francisco Javier Fern\u00e1ndez Chento","date":"21\/01\/2012","format":false,"excerpt":"El tercer evangelista, Marcos, en el d\u00eda de hoy escenifica a Jes\u00fas en el inicio de la instauraci\u00f3n del Reino de Dios al comenzar su predicaci\u00f3n. Dos son las actitudes que manifiesta para que su palabra germine y d\u00e9 el fruto apetecido ya desde el inicio de la Misi\u00f3n: \u201carrepi\u00e9ntanse\u2026","rel":"","context":"En \u00abHomil\u00edas y reflexiones, A\u00f1o B\u00bb","block_context":{"text":"Homil\u00edas y reflexiones, A\u00f1o B","link":"http:\/\/vincentians.com\/es\/category\/homilias-y-reflexiones-a-la-palabra-de-dios\/homilias-y-reflexiones-ano-b\/"},"img":{"alt_text":"","src":"https:\/\/i0.wp.com\/vincentians.com\/es\/wp-content\/uploads\/sites\/11\/2016\/07\/reflexiones-palabra-de-dios.jpg?fit=1200%2C630&resize=350%2C200","width":350,"height":200,"srcset":"https:\/\/i0.wp.com\/vincentians.com\/es\/wp-content\/uploads\/sites\/11\/2016\/07\/reflexiones-palabra-de-dios.jpg?fit=1200%2C630&resize=350%2C200 1x, https:\/\/i0.wp.com\/vincentians.com\/es\/wp-content\/uploads\/sites\/11\/2016\/07\/reflexiones-palabra-de-dios.jpg?fit=1200%2C630&resize=525%2C300 1.5x, https:\/\/i0.wp.com\/vincentians.com\/es\/wp-content\/uploads\/sites\/11\/2016\/07\/reflexiones-palabra-de-dios.jpg?fit=1200%2C630&resize=700%2C400 2x, https:\/\/i0.wp.com\/vincentians.com\/es\/wp-content\/uploads\/sites\/11\/2016\/07\/reflexiones-palabra-de-dios.jpg?fit=1200%2C630&resize=1050%2C600 3x"},"classes":[]},{"id":135321,"url":"http:\/\/vincentians.com\/es\/bautismo-del-senor-reflexion-de-pedro-guillen-goni-c-m-2\/","url_meta":{"origin":1891,"position":3},"title":"Bautismo del Se\u00f1or (reflexi\u00f3n de Pedro Guill\u00e9n Go\u00f1i, C.M.)","author":"Francisco Javier Fern\u00e1ndez Chento","date":"07\/01\/2015","format":false,"excerpt":"Con la celebraci\u00f3n del Bautismo del Se\u00f1or culmina el tiempo de reflexi\u00f3n en torno al nacimiento del Hijo de Dios. Aquel Ni\u00f1o que se encarn\u00f3 en Mar\u00eda por obra del Esp\u00edritu Santo; que vivi\u00f3 durante a\u00f1os en la escuela oculta de sacrificio, abnegaci\u00f3n, oraci\u00f3n y trabajo en Nazaret y que\u2026","rel":"","context":"En \u00abHomil\u00edas y reflexiones, A\u00f1o B\u00bb","block_context":{"text":"Homil\u00edas y reflexiones, A\u00f1o B","link":"http:\/\/vincentians.com\/es\/category\/homilias-y-reflexiones-a-la-palabra-de-dios\/homilias-y-reflexiones-ano-b\/"},"img":{"alt_text":"","src":"https:\/\/i0.wp.com\/vincentians.com\/es\/wp-content\/uploads\/sites\/11\/2016\/07\/reflexiones-palabra-de-dios.jpg?fit=1200%2C630&resize=350%2C200","width":350,"height":200,"srcset":"https:\/\/i0.wp.com\/vincentians.com\/es\/wp-content\/uploads\/sites\/11\/2016\/07\/reflexiones-palabra-de-dios.jpg?fit=1200%2C630&resize=350%2C200 1x, https:\/\/i0.wp.com\/vincentians.com\/es\/wp-content\/uploads\/sites\/11\/2016\/07\/reflexiones-palabra-de-dios.jpg?fit=1200%2C630&resize=525%2C300 1.5x, https:\/\/i0.wp.com\/vincentians.com\/es\/wp-content\/uploads\/sites\/11\/2016\/07\/reflexiones-palabra-de-dios.jpg?fit=1200%2C630&resize=700%2C400 2x, https:\/\/i0.wp.com\/vincentians.com\/es\/wp-content\/uploads\/sites\/11\/2016\/07\/reflexiones-palabra-de-dios.jpg?fit=1200%2C630&resize=1050%2C600 3x"},"classes":[]},{"id":1927,"url":"http:\/\/vincentians.com\/es\/23o-domingo-de-tiempo-ordinario-reflexion-de-julio-cesar-villalobos-c-m\/","url_meta":{"origin":1891,"position":4},"title":"23\u00ba Domingo de Tiempo Ordinario (reflexi\u00f3n de Julio C\u00e9sar Villalobos, C.M.)","author":"Francisco Javier Fern\u00e1ndez Chento","date":"07\/09\/2012","format":false,"excerpt":"Los sordos y ciegos tambi\u00e9n son sanados por Dios Una historia que merece ser contada, a pesar de la incredulidad de muchos. Un grupo de misioneros fueron a un pueblito de la sierra peruana para hablar a los campesinos de Dios. Despu\u00e9s de muchos meses de preparaci\u00f3n en la fe,\u2026","rel":"","context":"En \u00abHomil\u00edas y reflexiones, A\u00f1o B\u00bb","block_context":{"text":"Homil\u00edas y reflexiones, A\u00f1o B","link":"http:\/\/vincentians.com\/es\/category\/homilias-y-reflexiones-a-la-palabra-de-dios\/homilias-y-reflexiones-ano-b\/"},"img":{"alt_text":"","src":"","width":0,"height":0},"classes":[]},{"id":133963,"url":"http:\/\/vincentians.com\/es\/la-sagrada-familia-reflexion-de-julio-cesar-villalobos-c-m-2\/","url_meta":{"origin":1891,"position":5},"title":"La Sagrada Familia (reflexi\u00f3n de Julio C\u00e9sar Villalobos, C.M.)","author":"Francisco Javier Fern\u00e1ndez Chento","date":"26\/12\/2014","format":false,"excerpt":"\u00a1Qu\u00e9 bueno es tener una familia! Eran d\u00edas previos o cercanos a la navidad. Dos hermanos de una familia muy cat\u00f3lica, y muy comprometida con su parroquia, tuvieron un altercado tan fuerte que se dieron de golpes. Empezaron a encolerizarse. Ya estaban tirados, por los golpes, en el suelo. El\u2026","rel":"","context":"En \u00abHomil\u00edas y reflexiones, A\u00f1o B\u00bb","block_context":{"text":"Homil\u00edas y reflexiones, A\u00f1o B","link":"http:\/\/vincentians.com\/es\/category\/homilias-y-reflexiones-a-la-palabra-de-dios\/homilias-y-reflexiones-ano-b\/"},"img":{"alt_text":"","src":"https:\/\/i0.wp.com\/vincentians.com\/es\/wp-content\/uploads\/sites\/11\/2016\/07\/reflexiones-palabra-de-dios.jpg?fit=1200%2C630&resize=350%2C200","width":350,"height":200,"srcset":"https:\/\/i0.wp.com\/vincentians.com\/es\/wp-content\/uploads\/sites\/11\/2016\/07\/reflexiones-palabra-de-dios.jpg?fit=1200%2C630&resize=350%2C200 1x, https:\/\/i0.wp.com\/vincentians.com\/es\/wp-content\/uploads\/sites\/11\/2016\/07\/reflexiones-palabra-de-dios.jpg?fit=1200%2C630&resize=525%2C300 1.5x, https:\/\/i0.wp.com\/vincentians.com\/es\/wp-content\/uploads\/sites\/11\/2016\/07\/reflexiones-palabra-de-dios.jpg?fit=1200%2C630&resize=700%2C400 2x, https:\/\/i0.wp.com\/vincentians.com\/es\/wp-content\/uploads\/sites\/11\/2016\/07\/reflexiones-palabra-de-dios.jpg?fit=1200%2C630&resize=1050%2C600 3x"},"classes":[]}],"_links":{"self":[{"href":"http:\/\/vincentians.com\/es\/wp-json\/wp\/v2\/posts\/1891","targetHints":{"allow":["GET"]}}],"collection":[{"href":"http:\/\/vincentians.com\/es\/wp-json\/wp\/v2\/posts"}],"about":[{"href":"http:\/\/vincentians.com\/es\/wp-json\/wp\/v2\/types\/post"}],"author":[{"embeddable":true,"href":"http:\/\/vincentians.com\/es\/wp-json\/wp\/v2\/users\/4"}],"replies":[{"embeddable":true,"href":"http:\/\/vincentians.com\/es\/wp-json\/wp\/v2\/comments?post=1891"}],"version-history":[{"count":0,"href":"http:\/\/vincentians.com\/es\/wp-json\/wp\/v2\/posts\/1891\/revisions"}],"wp:featuredmedia":[{"embeddable":true,"href":"http:\/\/vincentians.com\/es\/wp-json\/wp\/v2\/media\/5"}],"wp:attachment":[{"href":"http:\/\/vincentians.com\/es\/wp-json\/wp\/v2\/media?parent=1891"}],"wp:term":[{"taxonomy":"category","embeddable":true,"href":"http:\/\/vincentians.com\/es\/wp-json\/wp\/v2\/categories?post=1891"},{"taxonomy":"post_tag","embeddable":true,"href":"http:\/\/vincentians.com\/es\/wp-json\/wp\/v2\/tags?post=1891"}],"curies":[{"name":"wp","href":"https:\/\/api.w.org\/{rel}","templated":true}]}}