{"id":188473,"date":"2015-06-25T01:02:16","date_gmt":"2015-06-24T23:02:16","guid":{"rendered":"http:\/\/somos.vicencianos.org\/?p=188473"},"modified":"2016-07-24T10:28:05","modified_gmt":"2016-07-24T08:28:05","slug":"13o-domingo-de-t-o-reflexion-de-la-s-s-v-p-en-espana","status":"publish","type":"post","link":"http:\/\/vincentians.com\/es\/13o-domingo-de-t-o-reflexion-de-la-s-s-v-p-en-espana\/","title":{"rendered":"13\u00ba Domingo de T.O. (reflexi\u00f3n de la S.S.V.P. en Espa\u00f1a)"},"content":{"rendered":"<p><em><a href=\"https:\/\/i0.wp.com\/vicencianos.org\/wp-content\/2013\/12\/ssvp.jpg\"><img data-recalc-dims=\"1\" loading=\"lazy\" decoding=\"async\" class=\"alignright size-medium wp-image-133533\" src=\"https:\/\/i0.wp.com\/vicencianos.org\/wp-content\/2013\/12\/ssvp-300x281.jpg?resize=300%2C281\" alt=\"ssvp\" width=\"300\" height=\"281\" \/><\/a>\u201cPues en definitiva la sabidur\u00eda humana se enga\u00f1a y se extrav\u00eda con frecuencia del camino recto; pero las palabras de la sabidur\u00eda divina son infalibles y sus caminos son rectos y seguros\u201d (SVdeP III,87)<\/em><\/p>\n<p>La victoria de Cristo sobre la muerte, ilustrada en la resurrecci\u00f3n de la hija de Jairo, se ilumina con las palabras del Libro de la Sabidur\u00eda: \u201cDios no hizo la muerte, sino que por envidia del diablo entr\u00f3 la muerte en el mundo. De suerte si hemos sido redimidos del pecado por la muerte de Cristo, somos ya unos resucitados en la esperanza en Cristo. San Pablo pide a los cristianos de Corinto, que ayuden a sus hermanos de Jerusal\u00e9n, record\u00e1ndoles que ayudar al pobre, es imitar a Cristo.<\/p>\n<p>La igualdad forma parte fundamental en el anuncio cristiano de Pablo. Sin igualdad ser\u00e1 imposible que haya justicia y paz. Jes\u00fas, mismo, siendo rico, se hizo pobre como nosotros, por pura solidaridad y para demostrarnos que si queremos construir un mundo lleno de paz y de justicia, tenemos que empezar por ser iguales en dignidad y derechos. Definitivamente la fe en Jes\u00fas est\u00e1 \u00edntimamente ligada a la vida. Creer en Jes\u00fas es participar de la vida plena. Dios se manifiesta en Jes\u00fas como un Dios de vivos y no de muertos. As\u00ed lo expresa el Libro de la Sabidur\u00eda que nos presenta la liturgia de este domingo.<\/p>\n<p>La vida cristiana es un compromiso por la vida y con la vida. Comprometerse con la vida significa compartir con los necesitados, buscar la justicia para todos, promover espacios de solidaridad y fraternidad, apoyar y participar en proyectos que contribuyan a crear un ambiente de paz, y cuidar la vida como don de Dios. Esto es lo que Pablo quiere decir a los Corintios.<\/p>\n<p>En el relato de la resurrecci\u00f3n de la hija de Jairo, su padre, siendo jefe de la Sinagoga, manifiesta una fe absoluta en Jes\u00fas. Le suplica \u201ccon insistencia\u201d que vaya a poner las manos sobre ella para que se cure. Jes\u00fas, accede. Pero yendo a ver a la ni\u00f1a se le acerca una mujer que tiene doce a\u00f1os sufriendo de hemorragia. Su situaci\u00f3n es desesperada. Est\u00e1 impura por su flujo de sangre, y debe ser tratada como tal. No tiene acceso al lugar sagrado. Todo lo que toque queda impuro. Pero sobrepasa las barreras impuestas y decide tocar las vestiduras de Jes\u00fas. En seguida, se siente que ha sido curada. Jes\u00fas, confirma la curaci\u00f3n y manda a casa a la mujer, que se constituye en modelo de fe y confianza en \u00c9l.<\/p>\n<p>Mientras tanto, llega la noticia de la muerte de la ni\u00f1a. Pero Jes\u00fas va a la casa e interrumpe las ceremonias funerarias. Proclama que la ni\u00f1a no est\u00e1 muerta, sino dormida. Tom\u00e1ndola de la mano le manda que se levante. Ella se incorpora en seguida, come y camina como un signo de incorporaci\u00f3n a la vida.<\/p>\n<p>El milagro de sacar a una mujer del aislamiento f\u00edsico, religioso y social, y el de devolver la vida a una ni\u00f1a, dejan en claro que el Esp\u00edritu de Dios, que elimina fronteras que separan el cielo de la tierra, lo puro de lo impuro, al jud\u00edo del gentil, al reino del mal del Reino de Dios, es el reino de la resurrecci\u00f3n y la vida en abundancia. En medio de la maldad, la exclusi\u00f3n y la injusticia, el Reino de Dios avanza hacia su segura culminaci\u00f3n. \u00bfNo ser\u00eda bueno, preguntarnos, no s\u00f3lo este domingo, sino que toda la vida, si demasiadas veces no pensamos que \u201cya se muri\u00f3\u201d lo que a\u00fan pudiera tener vida o puede resucitar, si actuamos con fe y se lo pedimos a Dios? No temamos, basta que tengamos fe.<\/p>\n<p><em>\u00abLo que se hace por caridad, se hace por Dios; es una gran dicha para nosotros el que hayamos sido dignos de emplear todo lo que tenemos por la caridad, esto es, por Dios que nos la ha dado; agradezc\u00e1moselo y bendigamos a su infinita bondad\u201d (SVdeP III,109)<\/em><\/p>\n","protected":false},"excerpt":{"rendered":"<p>\u201cPues en definitiva la sabidur\u00eda humana se enga\u00f1a y se extrav\u00eda con frecuencia del camino recto; pero las palabras de la sabidur\u00eda divina son infalibles y sus caminos son rectos y seguros\u201d (SVdeP III,87) La &#8230; <a href=\"http:\/\/vincentians.com\/es\/13o-domingo-de-t-o-reflexion-de-la-s-s-v-p-en-espana\/\" class=\"more-link\">Read More<\/a><\/p>\n","protected":false},"author":4,"featured_media":388408,"comment_status":"open","ping_status":"open","sticky":false,"template":"","format":"standard","meta":{"jetpack_post_was_ever_published":false,"_jetpack_newsletter_access":"","_jetpack_dont_email_post_to_subs":false,"_jetpack_newsletter_tier_id":0,"_jetpack_memberships_contains_paywalled_content":false,"_jetpack_memberships_contains_paid_content":false,"footnotes":"","jetpack_publicize_message":"","jetpack_publicize_feature_enabled":true,"jetpack_social_post_already_shared":true,"jetpack_social_options":{"image_generator_settings":{"template":"highway","default_image_id":0,"font":"","enabled":false},"version":2}},"categories":[93],"tags":[],"class_list":["post-188473","post","type-post","status-publish","format-standard","has-post-thumbnail","hentry","category-homilias-y-reflexiones-ano-b"],"yoast_head":"<!-- This site is optimized with the Yoast SEO plugin v26.3 - https:\/\/yoast.com\/wordpress\/plugins\/seo\/ -->\n<title>13\u00ba Domingo de T.O. (reflexi\u00f3n de la S.S.V.P. en Espa\u00f1a) - Somos Vicencianos<\/title>\n<meta name=\"robots\" content=\"index, follow, max-snippet:-1, max-image-preview:large, max-video-preview:-1\" \/>\n<link rel=\"canonical\" href=\"http:\/\/vincentians.com\/es\/13o-domingo-de-t-o-reflexion-de-la-s-s-v-p-en-espana\/\" \/>\n<meta property=\"og:locale\" content=\"es_ES\" \/>\n<meta property=\"og:type\" content=\"article\" \/>\n<meta property=\"og:title\" content=\"13\u00ba Domingo de T.O. (reflexi\u00f3n de la S.S.V.P. en Espa\u00f1a) - Somos Vicencianos\" \/>\n<meta property=\"og:description\" content=\"\u201cPues en definitiva la sabidur\u00eda humana se enga\u00f1a y se extrav\u00eda con frecuencia del camino recto; pero las palabras de la sabidur\u00eda divina son infalibles y sus caminos son rectos y seguros\u201d (SVdeP III,87) La ... Read More\" \/>\n<meta property=\"og:url\" content=\"http:\/\/vincentians.com\/es\/13o-domingo-de-t-o-reflexion-de-la-s-s-v-p-en-espana\/\" \/>\n<meta property=\"og:site_name\" content=\"Somos Vicencianos\" \/>\n<meta property=\"article:publisher\" content=\"https:\/\/www.facebook.com\/WeAreVincentians\/\" \/>\n<meta property=\"article:author\" content=\"https:\/\/www.facebook.com\/JavierChento\" \/>\n<meta property=\"article:published_time\" content=\"2015-06-24T23:02:16+00:00\" \/>\n<meta property=\"article:modified_time\" content=\"2016-07-24T08:28:05+00:00\" \/>\n<meta property=\"og:image\" content=\"https:\/\/i0.wp.com\/vincentians.com\/es\/wp-content\/uploads\/sites\/11\/2016\/07\/reflexiones-palabra-de-dios.jpg?fit=1200%2C630\" \/>\n\t<meta property=\"og:image:width\" content=\"1200\" \/>\n\t<meta property=\"og:image:height\" content=\"630\" \/>\n\t<meta property=\"og:image:type\" content=\"image\/jpeg\" \/>\n<meta name=\"author\" content=\"Francisco Javier Fern\u00e1ndez Chento\" \/>\n<meta name=\"twitter:card\" content=\"summary_large_image\" \/>\n<meta name=\"twitter:creator\" content=\"@https:\/\/twitter.com\/javierchento\" \/>\n<meta name=\"twitter:site\" content=\"@WeVincentians\" \/>\n<meta name=\"twitter:label1\" content=\"Escrito por\" \/>\n\t<meta name=\"twitter:data1\" content=\"Francisco Javier Fern\u00e1ndez Chento\" \/>\n\t<meta name=\"twitter:label2\" content=\"Tiempo de lectura\" \/>\n\t<meta name=\"twitter:data2\" content=\"4 minutos\" \/>\n<script type=\"application\/ld+json\" class=\"yoast-schema-graph\">{\"@context\":\"https:\/\/schema.org\",\"@graph\":[{\"@type\":\"Article\",\"@id\":\"http:\/\/vincentians.com\/es\/13o-domingo-de-t-o-reflexion-de-la-s-s-v-p-en-espana\/#article\",\"isPartOf\":{\"@id\":\"http:\/\/vincentians.com\/es\/13o-domingo-de-t-o-reflexion-de-la-s-s-v-p-en-espana\/\"},\"author\":{\"name\":\"Francisco Javier Fern\u00e1ndez Chento\",\"@id\":\"http:\/\/vincentians.com\/es\/#\/schema\/person\/9623ef4d9aa3b2dfb8c061f1499288f2\"},\"headline\":\"13\u00ba Domingo de T.O. (reflexi\u00f3n de la S.S.V.P. en Espa\u00f1a)\",\"datePublished\":\"2015-06-24T23:02:16+00:00\",\"dateModified\":\"2016-07-24T08:28:05+00:00\",\"mainEntityOfPage\":{\"@id\":\"http:\/\/vincentians.com\/es\/13o-domingo-de-t-o-reflexion-de-la-s-s-v-p-en-espana\/\"},\"wordCount\":717,\"commentCount\":0,\"publisher\":{\"@id\":\"http:\/\/vincentians.com\/es\/#organization\"},\"image\":{\"@id\":\"http:\/\/vincentians.com\/es\/13o-domingo-de-t-o-reflexion-de-la-s-s-v-p-en-espana\/#primaryimage\"},\"thumbnailUrl\":\"https:\/\/i0.wp.com\/vincentians.com\/es\/wp-content\/uploads\/sites\/11\/2016\/07\/reflexiones-palabra-de-dios.jpg?fit=1200%2C630\",\"articleSection\":[\"Homil\u00edas y reflexiones, A\u00f1o B\"],\"inLanguage\":\"es\",\"potentialAction\":[{\"@type\":\"CommentAction\",\"name\":\"Comment\",\"target\":[\"http:\/\/vincentians.com\/es\/13o-domingo-de-t-o-reflexion-de-la-s-s-v-p-en-espana\/#respond\"]}]},{\"@type\":\"WebPage\",\"@id\":\"http:\/\/vincentians.com\/es\/13o-domingo-de-t-o-reflexion-de-la-s-s-v-p-en-espana\/\",\"url\":\"http:\/\/vincentians.com\/es\/13o-domingo-de-t-o-reflexion-de-la-s-s-v-p-en-espana\/\",\"name\":\"13\u00ba Domingo de T.O. (reflexi\u00f3n de la S.S.V.P. en Espa\u00f1a) - Somos Vicencianos\",\"isPartOf\":{\"@id\":\"http:\/\/vincentians.com\/es\/#website\"},\"primaryImageOfPage\":{\"@id\":\"http:\/\/vincentians.com\/es\/13o-domingo-de-t-o-reflexion-de-la-s-s-v-p-en-espana\/#primaryimage\"},\"image\":{\"@id\":\"http:\/\/vincentians.com\/es\/13o-domingo-de-t-o-reflexion-de-la-s-s-v-p-en-espana\/#primaryimage\"},\"thumbnailUrl\":\"https:\/\/i0.wp.com\/vincentians.com\/es\/wp-content\/uploads\/sites\/11\/2016\/07\/reflexiones-palabra-de-dios.jpg?fit=1200%2C630\",\"datePublished\":\"2015-06-24T23:02:16+00:00\",\"dateModified\":\"2016-07-24T08:28:05+00:00\",\"breadcrumb\":{\"@id\":\"http:\/\/vincentians.com\/es\/13o-domingo-de-t-o-reflexion-de-la-s-s-v-p-en-espana\/#breadcrumb\"},\"inLanguage\":\"es\",\"potentialAction\":[{\"@type\":\"ReadAction\",\"target\":[\"http:\/\/vincentians.com\/es\/13o-domingo-de-t-o-reflexion-de-la-s-s-v-p-en-espana\/\"]}]},{\"@type\":\"ImageObject\",\"inLanguage\":\"es\",\"@id\":\"http:\/\/vincentians.com\/es\/13o-domingo-de-t-o-reflexion-de-la-s-s-v-p-en-espana\/#primaryimage\",\"url\":\"https:\/\/i0.wp.com\/vincentians.com\/es\/wp-content\/uploads\/sites\/11\/2016\/07\/reflexiones-palabra-de-dios.jpg?fit=1200%2C630\",\"contentUrl\":\"https:\/\/i0.wp.com\/vincentians.com\/es\/wp-content\/uploads\/sites\/11\/2016\/07\/reflexiones-palabra-de-dios.jpg?fit=1200%2C630\",\"width\":1200,\"height\":630},{\"@type\":\"BreadcrumbList\",\"@id\":\"http:\/\/vincentians.com\/es\/13o-domingo-de-t-o-reflexion-de-la-s-s-v-p-en-espana\/#breadcrumb\",\"itemListElement\":[{\"@type\":\"ListItem\",\"position\":1,\"name\":\"Portada\",\"item\":\"http:\/\/vincentians.com\/es\/\"},{\"@type\":\"ListItem\",\"position\":2,\"name\":\"13\u00ba Domingo de T.O. (reflexi\u00f3n de la S.S.V.P. en Espa\u00f1a)\"}]},{\"@type\":\"WebSite\",\"@id\":\"http:\/\/vincentians.com\/es\/#website\",\"url\":\"http:\/\/vincentians.com\/es\/\",\"name\":\"Somos Vicencianos\",\"description\":\"Know more to serve more\",\"publisher\":{\"@id\":\"http:\/\/vincentians.com\/es\/#organization\"},\"potentialAction\":[{\"@type\":\"SearchAction\",\"target\":{\"@type\":\"EntryPoint\",\"urlTemplate\":\"http:\/\/vincentians.com\/es\/?s={search_term_string}\"},\"query-input\":{\"@type\":\"PropertyValueSpecification\",\"valueRequired\":true,\"valueName\":\"search_term_string\"}}],\"inLanguage\":\"es\"},{\"@type\":\"Organization\",\"@id\":\"http:\/\/vincentians.com\/es\/#organization\",\"name\":\"The Vincentian Network\",\"url\":\"http:\/\/vincentians.com\/es\/\",\"logo\":{\"@type\":\"ImageObject\",\"inLanguage\":\"es\",\"@id\":\"http:\/\/vincentians.com\/es\/#\/schema\/logo\/image\/\",\"url\":\"https:\/\/i1.wp.com\/vincentians.com\/es\/wp-content\/uploads\/sites\/11\/2016\/06\/Vincentian-Network-logo-big.png?fit=778%2C778\",\"contentUrl\":\"https:\/\/i1.wp.com\/vincentians.com\/es\/wp-content\/uploads\/sites\/11\/2016\/06\/Vincentian-Network-logo-big.png?fit=778%2C778\",\"width\":778,\"height\":778,\"caption\":\"The Vincentian Network\"},\"image\":{\"@id\":\"http:\/\/vincentians.com\/es\/#\/schema\/logo\/image\/\"},\"sameAs\":[\"https:\/\/www.facebook.com\/WeAreVincentians\/\",\"https:\/\/x.com\/WeVincentians\"]},{\"@type\":\"Person\",\"@id\":\"http:\/\/vincentians.com\/es\/#\/schema\/person\/9623ef4d9aa3b2dfb8c061f1499288f2\",\"name\":\"Francisco Javier Fern\u00e1ndez Chento\",\"image\":{\"@type\":\"ImageObject\",\"inLanguage\":\"es\",\"@id\":\"http:\/\/vincentians.com\/es\/#\/schema\/person\/image\/\",\"url\":\"https:\/\/secure.gravatar.com\/avatar\/497d5cde87b4c3d097d0315953521681ba2cd523ee66e5077c3711f7021e65de?s=96&d=mm&r=g\",\"contentUrl\":\"https:\/\/secure.gravatar.com\/avatar\/497d5cde87b4c3d097d0315953521681ba2cd523ee66e5077c3711f7021e65de?s=96&d=mm&r=g\",\"caption\":\"Francisco Javier Fern\u00e1ndez Chento\"},\"description\":\"Director General y cofundador de La Red de Formaci\u00f3n Vicenciana. Javier es laico vicenciano, afiliado a la Congregaci\u00f3n de la Misi\u00f3n y miembro del Equipo de Misiones Populares de la provincia can\u00f3nica de Zaragoza (Espa\u00f1a) de la Congregaci\u00f3n de la Misi\u00f3n. Graduado en la Universidad Oberta de Catalunya con cuatro grados (Asistente de direcci\u00f3n, Gesti\u00f3n Administrativa, Recursos Humanos y Contabilidad Avanzada). Bil\u00edng\u00fce Espa\u00f1ol\/Ingl\u00e9s. gestiona y mantiene varias p\u00e1ginas web cristianas y vicencianas, incluida including La Red de Formaci\u00f3n Vicenciana, de la que es cofundador. Actualmente es responsable del \u00e1rea de Espa\u00f1ol de .famvin, la Red de Noticias de la Familia Vicenciana. Tambi\u00e9n es m\u00fasico cat\u00f3lico y ha editado varios discos. Es Director General y cofundador de Trovador, una reconocida compa\u00f1\u00eda discogr\u00e1fica critiana de Espa\u00f1a. Trabaja en las Tecnolog\u00edas de la Informaci\u00f3n, ofreciendo servicios de alojamiento, dise\u00f1o y mantenimiento Web, as\u00ed como asesoramiento, formaci\u00f3n y soluciones inform\u00e1ticas, gesti\u00f3n documental y digitalizaci\u00f3n de textos, edici\u00f3n y maquetaci\u00f3n de libros, revistas, flyers, etc.\",\"sameAs\":[\"http:\/\/chento.org\",\"https:\/\/www.facebook.com\/JavierChento\",\"https:\/\/x.com\/https:\/\/twitter.com\/javierchento\"],\"url\":\"http:\/\/vincentians.com\/es\/author\/chento\/\"}]}<\/script>\n<!-- \/ Yoast SEO plugin. -->","yoast_head_json":{"title":"13\u00ba Domingo de T.O. (reflexi\u00f3n de la S.S.V.P. en Espa\u00f1a) - Somos Vicencianos","robots":{"index":"index","follow":"follow","max-snippet":"max-snippet:-1","max-image-preview":"max-image-preview:large","max-video-preview":"max-video-preview:-1"},"canonical":"http:\/\/vincentians.com\/es\/13o-domingo-de-t-o-reflexion-de-la-s-s-v-p-en-espana\/","og_locale":"es_ES","og_type":"article","og_title":"13\u00ba Domingo de T.O. (reflexi\u00f3n de la S.S.V.P. en Espa\u00f1a) - Somos Vicencianos","og_description":"\u201cPues en definitiva la sabidur\u00eda humana se enga\u00f1a y se extrav\u00eda con frecuencia del camino recto; pero las palabras de la sabidur\u00eda divina son infalibles y sus caminos son rectos y seguros\u201d (SVdeP III,87) La ... Read More","og_url":"http:\/\/vincentians.com\/es\/13o-domingo-de-t-o-reflexion-de-la-s-s-v-p-en-espana\/","og_site_name":"Somos Vicencianos","article_publisher":"https:\/\/www.facebook.com\/WeAreVincentians\/","article_author":"https:\/\/www.facebook.com\/JavierChento","article_published_time":"2015-06-24T23:02:16+00:00","article_modified_time":"2016-07-24T08:28:05+00:00","og_image":[{"width":1200,"height":630,"url":"https:\/\/i0.wp.com\/vincentians.com\/es\/wp-content\/uploads\/sites\/11\/2016\/07\/reflexiones-palabra-de-dios.jpg?fit=1200%2C630","type":"image\/jpeg"}],"author":"Francisco Javier Fern\u00e1ndez Chento","twitter_card":"summary_large_image","twitter_creator":"@https:\/\/twitter.com\/javierchento","twitter_site":"@WeVincentians","twitter_misc":{"Escrito por":"Francisco Javier Fern\u00e1ndez Chento","Tiempo de lectura":"4 minutos"},"schema":{"@context":"https:\/\/schema.org","@graph":[{"@type":"Article","@id":"http:\/\/vincentians.com\/es\/13o-domingo-de-t-o-reflexion-de-la-s-s-v-p-en-espana\/#article","isPartOf":{"@id":"http:\/\/vincentians.com\/es\/13o-domingo-de-t-o-reflexion-de-la-s-s-v-p-en-espana\/"},"author":{"name":"Francisco Javier Fern\u00e1ndez Chento","@id":"http:\/\/vincentians.com\/es\/#\/schema\/person\/9623ef4d9aa3b2dfb8c061f1499288f2"},"headline":"13\u00ba Domingo de T.O. (reflexi\u00f3n de la S.S.V.P. en Espa\u00f1a)","datePublished":"2015-06-24T23:02:16+00:00","dateModified":"2016-07-24T08:28:05+00:00","mainEntityOfPage":{"@id":"http:\/\/vincentians.com\/es\/13o-domingo-de-t-o-reflexion-de-la-s-s-v-p-en-espana\/"},"wordCount":717,"commentCount":0,"publisher":{"@id":"http:\/\/vincentians.com\/es\/#organization"},"image":{"@id":"http:\/\/vincentians.com\/es\/13o-domingo-de-t-o-reflexion-de-la-s-s-v-p-en-espana\/#primaryimage"},"thumbnailUrl":"https:\/\/i0.wp.com\/vincentians.com\/es\/wp-content\/uploads\/sites\/11\/2016\/07\/reflexiones-palabra-de-dios.jpg?fit=1200%2C630","articleSection":["Homil\u00edas y reflexiones, A\u00f1o B"],"inLanguage":"es","potentialAction":[{"@type":"CommentAction","name":"Comment","target":["http:\/\/vincentians.com\/es\/13o-domingo-de-t-o-reflexion-de-la-s-s-v-p-en-espana\/#respond"]}]},{"@type":"WebPage","@id":"http:\/\/vincentians.com\/es\/13o-domingo-de-t-o-reflexion-de-la-s-s-v-p-en-espana\/","url":"http:\/\/vincentians.com\/es\/13o-domingo-de-t-o-reflexion-de-la-s-s-v-p-en-espana\/","name":"13\u00ba Domingo de T.O. (reflexi\u00f3n de la S.S.V.P. en Espa\u00f1a) - Somos Vicencianos","isPartOf":{"@id":"http:\/\/vincentians.com\/es\/#website"},"primaryImageOfPage":{"@id":"http:\/\/vincentians.com\/es\/13o-domingo-de-t-o-reflexion-de-la-s-s-v-p-en-espana\/#primaryimage"},"image":{"@id":"http:\/\/vincentians.com\/es\/13o-domingo-de-t-o-reflexion-de-la-s-s-v-p-en-espana\/#primaryimage"},"thumbnailUrl":"https:\/\/i0.wp.com\/vincentians.com\/es\/wp-content\/uploads\/sites\/11\/2016\/07\/reflexiones-palabra-de-dios.jpg?fit=1200%2C630","datePublished":"2015-06-24T23:02:16+00:00","dateModified":"2016-07-24T08:28:05+00:00","breadcrumb":{"@id":"http:\/\/vincentians.com\/es\/13o-domingo-de-t-o-reflexion-de-la-s-s-v-p-en-espana\/#breadcrumb"},"inLanguage":"es","potentialAction":[{"@type":"ReadAction","target":["http:\/\/vincentians.com\/es\/13o-domingo-de-t-o-reflexion-de-la-s-s-v-p-en-espana\/"]}]},{"@type":"ImageObject","inLanguage":"es","@id":"http:\/\/vincentians.com\/es\/13o-domingo-de-t-o-reflexion-de-la-s-s-v-p-en-espana\/#primaryimage","url":"https:\/\/i0.wp.com\/vincentians.com\/es\/wp-content\/uploads\/sites\/11\/2016\/07\/reflexiones-palabra-de-dios.jpg?fit=1200%2C630","contentUrl":"https:\/\/i0.wp.com\/vincentians.com\/es\/wp-content\/uploads\/sites\/11\/2016\/07\/reflexiones-palabra-de-dios.jpg?fit=1200%2C630","width":1200,"height":630},{"@type":"BreadcrumbList","@id":"http:\/\/vincentians.com\/es\/13o-domingo-de-t-o-reflexion-de-la-s-s-v-p-en-espana\/#breadcrumb","itemListElement":[{"@type":"ListItem","position":1,"name":"Portada","item":"http:\/\/vincentians.com\/es\/"},{"@type":"ListItem","position":2,"name":"13\u00ba Domingo de T.O. (reflexi\u00f3n de la S.S.V.P. en Espa\u00f1a)"}]},{"@type":"WebSite","@id":"http:\/\/vincentians.com\/es\/#website","url":"http:\/\/vincentians.com\/es\/","name":"Somos Vicencianos","description":"Know more to serve more","publisher":{"@id":"http:\/\/vincentians.com\/es\/#organization"},"potentialAction":[{"@type":"SearchAction","target":{"@type":"EntryPoint","urlTemplate":"http:\/\/vincentians.com\/es\/?s={search_term_string}"},"query-input":{"@type":"PropertyValueSpecification","valueRequired":true,"valueName":"search_term_string"}}],"inLanguage":"es"},{"@type":"Organization","@id":"http:\/\/vincentians.com\/es\/#organization","name":"The Vincentian Network","url":"http:\/\/vincentians.com\/es\/","logo":{"@type":"ImageObject","inLanguage":"es","@id":"http:\/\/vincentians.com\/es\/#\/schema\/logo\/image\/","url":"https:\/\/i1.wp.com\/vincentians.com\/es\/wp-content\/uploads\/sites\/11\/2016\/06\/Vincentian-Network-logo-big.png?fit=778%2C778","contentUrl":"https:\/\/i1.wp.com\/vincentians.com\/es\/wp-content\/uploads\/sites\/11\/2016\/06\/Vincentian-Network-logo-big.png?fit=778%2C778","width":778,"height":778,"caption":"The Vincentian Network"},"image":{"@id":"http:\/\/vincentians.com\/es\/#\/schema\/logo\/image\/"},"sameAs":["https:\/\/www.facebook.com\/WeAreVincentians\/","https:\/\/x.com\/WeVincentians"]},{"@type":"Person","@id":"http:\/\/vincentians.com\/es\/#\/schema\/person\/9623ef4d9aa3b2dfb8c061f1499288f2","name":"Francisco Javier Fern\u00e1ndez Chento","image":{"@type":"ImageObject","inLanguage":"es","@id":"http:\/\/vincentians.com\/es\/#\/schema\/person\/image\/","url":"https:\/\/secure.gravatar.com\/avatar\/497d5cde87b4c3d097d0315953521681ba2cd523ee66e5077c3711f7021e65de?s=96&d=mm&r=g","contentUrl":"https:\/\/secure.gravatar.com\/avatar\/497d5cde87b4c3d097d0315953521681ba2cd523ee66e5077c3711f7021e65de?s=96&d=mm&r=g","caption":"Francisco Javier Fern\u00e1ndez Chento"},"description":"Director General y cofundador de La Red de Formaci\u00f3n Vicenciana. Javier es laico vicenciano, afiliado a la Congregaci\u00f3n de la Misi\u00f3n y miembro del Equipo de Misiones Populares de la provincia can\u00f3nica de Zaragoza (Espa\u00f1a) de la Congregaci\u00f3n de la Misi\u00f3n. Graduado en la Universidad Oberta de Catalunya con cuatro grados (Asistente de direcci\u00f3n, Gesti\u00f3n Administrativa, Recursos Humanos y Contabilidad Avanzada). Bil\u00edng\u00fce Espa\u00f1ol\/Ingl\u00e9s. gestiona y mantiene varias p\u00e1ginas web cristianas y vicencianas, incluida including La Red de Formaci\u00f3n Vicenciana, de la que es cofundador. Actualmente es responsable del \u00e1rea de Espa\u00f1ol de .famvin, la Red de Noticias de la Familia Vicenciana. Tambi\u00e9n es m\u00fasico cat\u00f3lico y ha editado varios discos. Es Director General y cofundador de Trovador, una reconocida compa\u00f1\u00eda discogr\u00e1fica critiana de Espa\u00f1a. Trabaja en las Tecnolog\u00edas de la Informaci\u00f3n, ofreciendo servicios de alojamiento, dise\u00f1o y mantenimiento Web, as\u00ed como asesoramiento, formaci\u00f3n y soluciones inform\u00e1ticas, gesti\u00f3n documental y digitalizaci\u00f3n de textos, edici\u00f3n y maquetaci\u00f3n de libros, revistas, flyers, etc.","sameAs":["http:\/\/chento.org","https:\/\/www.facebook.com\/JavierChento","https:\/\/x.com\/https:\/\/twitter.com\/javierchento"],"url":"http:\/\/vincentians.com\/es\/author\/chento\/"}]}},"jetpack_publicize_connections":[],"jetpack_featured_media_url":"https:\/\/i0.wp.com\/vincentians.com\/es\/wp-content\/uploads\/sites\/11\/2016\/07\/reflexiones-palabra-de-dios.jpg?fit=1200%2C630","jetpack_sharing_enabled":true,"jetpack_shortlink":"https:\/\/wp.me\/p7ETMF-N1T","jetpack-related-posts":[{"id":135851,"url":"http:\/\/vincentians.com\/es\/domingo-de-resurreccion-reflexion-de-jose-cervantes-gabarron\/","url_meta":{"origin":188473,"position":0},"title":"Domingo de Resurrecci\u00f3n (reflexi\u00f3n de Jos\u00e9 Cervantes Gabarr\u00f3n)","author":"Francisco Javier Fern\u00e1ndez Chento","date":"30\/03\/2013","format":false,"excerpt":"Exulten por el Resucitado Jos\u00e9 Cervantes Gabarr\u00f3n, sacerdote misionero y profesor de Sagrada Escritura.En el preg\u00f3n pascual resuena como una aut\u00e9ntica explosi\u00f3n de alegr\u00eda y j\u00fabilo su primera palabra: \u201cExulten\u201d. Con ella el pregonero de las fiestas de Pascua marca la actitud fundamental que debe llenar el coraz\u00f3n de los\u2026","rel":"","context":"En \u00abHomil\u00edas y reflexiones, A\u00f1o C\u00bb","block_context":{"text":"Homil\u00edas y reflexiones, A\u00f1o C","link":"http:\/\/vincentians.com\/es\/category\/homilias-y-reflexiones-a-la-palabra-de-dios\/homilias-y-reflexiones-ano-c\/"},"img":{"alt_text":"","src":"https:\/\/i0.wp.com\/vincentians.com\/es\/wp-content\/uploads\/sites\/11\/2016\/07\/reflexiones-palabra-de-dios.jpg?fit=1200%2C630&resize=350%2C200","width":350,"height":200,"srcset":"https:\/\/i0.wp.com\/vincentians.com\/es\/wp-content\/uploads\/sites\/11\/2016\/07\/reflexiones-palabra-de-dios.jpg?fit=1200%2C630&resize=350%2C200 1x, https:\/\/i0.wp.com\/vincentians.com\/es\/wp-content\/uploads\/sites\/11\/2016\/07\/reflexiones-palabra-de-dios.jpg?fit=1200%2C630&resize=525%2C300 1.5x, https:\/\/i0.wp.com\/vincentians.com\/es\/wp-content\/uploads\/sites\/11\/2016\/07\/reflexiones-palabra-de-dios.jpg?fit=1200%2C630&resize=700%2C400 2x, https:\/\/i0.wp.com\/vincentians.com\/es\/wp-content\/uploads\/sites\/11\/2016\/07\/reflexiones-palabra-de-dios.jpg?fit=1200%2C630&resize=1050%2C600 3x"},"classes":[]},{"id":142214,"url":"http:\/\/vincentians.com\/es\/obedientes-como-jesucristo\/","url_meta":{"origin":188473,"position":1},"title":"Obedientes como Jesucristo","author":"Francisco Javier Fern\u00e1ndez Chento","date":"08\/04\/2015","format":false,"excerpt":"\u00abEl, a pesar de su condici\u00f3n divina, no se aferr\u00f3 a su ca\u00adtegor\u00eda de Dios; al contrario, se despoj\u00f3 de su rango y tom\u00f3 la condici\u00f3n de escla\u00advo, haci\u00e9ndose uno de tan\u00adtos. As\u00ed, present\u00e1ndose como simple hombre, se abaj\u00f3, obedeciendo hasta la muerte y muerte de cruz\u00bb. (FI 2,6-8). \u00abConscientes\u2026","rel":"","context":"En \u00abEspiritualidad vicenciana\u00bb","block_context":{"text":"Espiritualidad vicenciana","link":"http:\/\/vincentians.com\/es\/category\/espiritualidad\/espiritualidad-vicenciana\/"},"img":{"alt_text":"asd","src":"https:\/\/i0.wp.com\/vicencianos.org\/wp-content\/2015\/03\/asd22.jpg?resize=350%2C200","width":350,"height":200},"classes":[]},{"id":130889,"url":"http:\/\/vincentians.com\/es\/el-camino-de-san-vicente-confianza-en-la-providencia\/","url_meta":{"origin":188473,"position":2},"title":"El camino de San Vicente: Confianza en la providencia","author":"Francisco Javier Fern\u00e1ndez Chento","date":"20\/02\/2015","format":false,"excerpt":"Escucha, hermano m\u00edo, estas impresionantes palabras de san Vicente: Si alguna vez la providencia de Dios permite que la congregaci\u00f3n, o alguna de sus casa, o alguno de sus miembros, sea injustamente objeto de calumnia o de persecuci\u00f3n, nos cuidaremos muy mucho de vengarnos o de maldecir, o incluso de\u2026","rel":"","context":"En \u00abFormaci\u00f3n Vicenciana\u00bb","block_context":{"text":"Formaci\u00f3n Vicenciana","link":"http:\/\/vincentians.com\/es\/category\/formacion-vicenciana\/"},"img":{"alt_text":"Flowers of red poppy between rite wheat","src":"https:\/\/i0.wp.com\/vicencianos.org\/wp-content\/2014\/08\/providencia-300x201.jpg?resize=350%2C200","width":350,"height":200},"classes":[]},{"id":136145,"url":"http:\/\/vincentians.com\/es\/2o-domingo-de-t-o-reflexion-de-jose-cervantes-gabarron\/","url_meta":{"origin":188473,"position":3},"title":"2\u00ba Domingo de T.O. (reflexi\u00f3n de Jos\u00e9 Cervantes Gabarr\u00f3n)","author":"Francisco Javier Fern\u00e1ndez Chento","date":"17\/01\/2015","format":false,"excerpt":"El encuentro con el Mes\u00edas En la primera lectura de este domingo (1Sm 3,3b-10.19) tenemos un relato formidable de vocaci\u00f3n, la de Samuel, a la vida prof\u00e9tica. En este tipo de relatos de vocaci\u00f3n-testimonio se encuentra tambi\u00e9n el texto evang\u00e9lico (Jn 1,35-42) que revela\u00a0el descubrimiento que hacen los disc\u00edpulos de\u2026","rel":"","context":"En \u00abHomil\u00edas y reflexiones, A\u00f1o B\u00bb","block_context":{"text":"Homil\u00edas y reflexiones, A\u00f1o B","link":"http:\/\/vincentians.com\/es\/category\/homilias-y-reflexiones-a-la-palabra-de-dios\/homilias-y-reflexiones-ano-b\/"},"img":{"alt_text":"","src":"https:\/\/i0.wp.com\/vincentians.com\/es\/wp-content\/uploads\/sites\/11\/2016\/07\/reflexiones-palabra-de-dios.jpg?fit=1200%2C630&resize=350%2C200","width":350,"height":200,"srcset":"https:\/\/i0.wp.com\/vincentians.com\/es\/wp-content\/uploads\/sites\/11\/2016\/07\/reflexiones-palabra-de-dios.jpg?fit=1200%2C630&resize=350%2C200 1x, https:\/\/i0.wp.com\/vincentians.com\/es\/wp-content\/uploads\/sites\/11\/2016\/07\/reflexiones-palabra-de-dios.jpg?fit=1200%2C630&resize=525%2C300 1.5x, https:\/\/i0.wp.com\/vincentians.com\/es\/wp-content\/uploads\/sites\/11\/2016\/07\/reflexiones-palabra-de-dios.jpg?fit=1200%2C630&resize=700%2C400 2x, https:\/\/i0.wp.com\/vincentians.com\/es\/wp-content\/uploads\/sites\/11\/2016\/07\/reflexiones-palabra-de-dios.jpg?fit=1200%2C630&resize=1050%2C600 3x"},"classes":[]},{"id":134890,"url":"http:\/\/vincentians.com\/es\/2o-domingo-de-navidad-reflexion-de-jose-cervantes-gabarron\/","url_meta":{"origin":188473,"position":4},"title":"2\u00ba Domingo de Navidad (reflexi\u00f3n de Jos\u00e9 Cervantes Gabarr\u00f3n)","author":"Francisco Javier Fern\u00e1ndez Chento","date":"03\/01\/2015","format":false,"excerpt":"Felicidades: Seguimos en Navidad Seguimos en Navidad y por eso el mundo cristiano marca el comienzo del\u00a0a\u00f1o nuevo con el nacimiento de Jes\u00fas.\u00a0No es s\u00f3lo que Jes\u00fas naciera en estas fechas del a\u00f1o, sino que, porque \u00c9l naci\u00f3, vino con \u00e9l el tiempo de la gracia y del Esp\u00edritu, el\u2026","rel":"","context":"En \u00abHomil\u00edas y reflexiones, A\u00f1o B\u00bb","block_context":{"text":"Homil\u00edas y reflexiones, A\u00f1o B","link":"http:\/\/vincentians.com\/es\/category\/homilias-y-reflexiones-a-la-palabra-de-dios\/homilias-y-reflexiones-ano-b\/"},"img":{"alt_text":"","src":"https:\/\/i0.wp.com\/vincentians.com\/es\/wp-content\/uploads\/sites\/11\/2016\/07\/reflexiones-palabra-de-dios.jpg?fit=1200%2C630&resize=350%2C200","width":350,"height":200,"srcset":"https:\/\/i0.wp.com\/vincentians.com\/es\/wp-content\/uploads\/sites\/11\/2016\/07\/reflexiones-palabra-de-dios.jpg?fit=1200%2C630&resize=350%2C200 1x, https:\/\/i0.wp.com\/vincentians.com\/es\/wp-content\/uploads\/sites\/11\/2016\/07\/reflexiones-palabra-de-dios.jpg?fit=1200%2C630&resize=525%2C300 1.5x, https:\/\/i0.wp.com\/vincentians.com\/es\/wp-content\/uploads\/sites\/11\/2016\/07\/reflexiones-palabra-de-dios.jpg?fit=1200%2C630&resize=700%2C400 2x, https:\/\/i0.wp.com\/vincentians.com\/es\/wp-content\/uploads\/sites\/11\/2016\/07\/reflexiones-palabra-de-dios.jpg?fit=1200%2C630&resize=1050%2C600 3x"},"classes":[]},{"id":190815,"url":"http:\/\/vincentians.com\/es\/13o-domingo-de-t-o-reflexion-de-mario-yepez-c-m\/","url_meta":{"origin":188473,"position":5},"title":"13\u00ba Domingo de T.O. (reflexi\u00f3n de Mario Y\u00e9pez, C.M.)","author":"Francisco Javier Fern\u00e1ndez Chento","date":"27\/06\/2015","format":false,"excerpt":"Fe que puede todo, fe que sana El libro de la Sabidur\u00eda, escrito por un jud\u00edo sabio en la segunda mitad del siglo I a.C., busca aferrarse a la sabidur\u00eda de los antepasados para fortalecer la fe de sus compatriotas en el Dios de los Padres, pues \u00e9stos se est\u00e1n\u2026","rel":"","context":"En \u00abHomil\u00edas y reflexiones, A\u00f1o B\u00bb","block_context":{"text":"Homil\u00edas y reflexiones, A\u00f1o B","link":"http:\/\/vincentians.com\/es\/category\/homilias-y-reflexiones-a-la-palabra-de-dios\/homilias-y-reflexiones-ano-b\/"},"img":{"alt_text":"","src":"https:\/\/i0.wp.com\/vincentians.com\/es\/wp-content\/uploads\/sites\/11\/2016\/07\/reflexiones-palabra-de-dios.jpg?fit=1200%2C630&resize=350%2C200","width":350,"height":200,"srcset":"https:\/\/i0.wp.com\/vincentians.com\/es\/wp-content\/uploads\/sites\/11\/2016\/07\/reflexiones-palabra-de-dios.jpg?fit=1200%2C630&resize=350%2C200 1x, https:\/\/i0.wp.com\/vincentians.com\/es\/wp-content\/uploads\/sites\/11\/2016\/07\/reflexiones-palabra-de-dios.jpg?fit=1200%2C630&resize=525%2C300 1.5x, https:\/\/i0.wp.com\/vincentians.com\/es\/wp-content\/uploads\/sites\/11\/2016\/07\/reflexiones-palabra-de-dios.jpg?fit=1200%2C630&resize=700%2C400 2x, https:\/\/i0.wp.com\/vincentians.com\/es\/wp-content\/uploads\/sites\/11\/2016\/07\/reflexiones-palabra-de-dios.jpg?fit=1200%2C630&resize=1050%2C600 3x"},"classes":[]}],"_links":{"self":[{"href":"http:\/\/vincentians.com\/es\/wp-json\/wp\/v2\/posts\/188473","targetHints":{"allow":["GET"]}}],"collection":[{"href":"http:\/\/vincentians.com\/es\/wp-json\/wp\/v2\/posts"}],"about":[{"href":"http:\/\/vincentians.com\/es\/wp-json\/wp\/v2\/types\/post"}],"author":[{"embeddable":true,"href":"http:\/\/vincentians.com\/es\/wp-json\/wp\/v2\/users\/4"}],"replies":[{"embeddable":true,"href":"http:\/\/vincentians.com\/es\/wp-json\/wp\/v2\/comments?post=188473"}],"version-history":[{"count":0,"href":"http:\/\/vincentians.com\/es\/wp-json\/wp\/v2\/posts\/188473\/revisions"}],"wp:featuredmedia":[{"embeddable":true,"href":"http:\/\/vincentians.com\/es\/wp-json\/wp\/v2\/media\/388408"}],"wp:attachment":[{"href":"http:\/\/vincentians.com\/es\/wp-json\/wp\/v2\/media?parent=188473"}],"wp:term":[{"taxonomy":"category","embeddable":true,"href":"http:\/\/vincentians.com\/es\/wp-json\/wp\/v2\/categories?post=188473"},{"taxonomy":"post_tag","embeddable":true,"href":"http:\/\/vincentians.com\/es\/wp-json\/wp\/v2\/tags?post=188473"}],"curies":[{"name":"wp","href":"https:\/\/api.w.org\/{rel}","templated":true}]}}